{"id":9114,"date":"2013-12-17T15:02:02","date_gmt":"2013-12-17T15:02:02","guid":{"rendered":"https:\/\/www.suavinex.com\/livingsuavinex\/?p=9114"},"modified":"2020-04-01T01:10:43","modified_gmt":"2020-03-31T23:10:43","slug":"alergias_navidad","status":"publish","type":"post","link":"https:\/\/www.suavinex.com\/livingsuavinex\/alergias_navidad\/","title":{"rendered":"Ni\u00f1os y alergias tambi\u00e9n en Navidad"},"content":{"rendered":"<p>Por <a title=\"Ser madre: toda una aventura\" href=\"http:\/\/sermadreunaaventura.com\/\" target=\"_blank\" rel=\"noopener noreferrer\">Ser Madre, \u00a1toda una aventura!<\/a><\/p>\n<p><b>Se acerca la Navidad<\/b>, una \u00e9poca de encuentros familiares, tradici\u00f3n, regalos\u2026 y comida, <a href=\"https:\/\/www.suavinex.com\/livingsuavinex\/trozos-pure-bebe\/\" target=\"_blank\" rel=\"noopener noreferrer\">mucha comida<\/a>. Los padres que tenemos ni\u00f1os con <b>alergias alimentarias<\/b> solemos disfrutar m\u00e1s bien poco de esos momentos de reuni\u00f3n en torno a una mesa plagada de manjares. Es un hecho: en <b>navidades es cuando m\u00e1s casos de alergias alimentarias infantiles se producen<\/b> y m\u00e1s visitas a urgencias hacemos por este tema.<\/p>\n<p>Al\u00e9rgenos como el <b>huevo<\/b> o la <b>leche<\/b> est\u00e1n sutilmente enmascarados en un mont\u00f3n de alimentos propios de estas fechas como salsas, embutidos, cremas o dulces, por no hablar de otros potencialmente peligrosos como <b>mariscos<\/b> o <b>frutos secos<\/b> que suelen ser consumidos por primera vez en estas fechas por muchos ni\u00f1os de entre 2 y 3 a\u00f1os de edad.<\/p>\n<p>Tanto si comemos en casa como si elegimos la opci\u00f3n del catering a domicilio o de restaurantes, los al\u00e9rgicos no est\u00e1n exentos de riesgos. <b>En Navidad se comen muchas cosas que durante el resto del a\u00f1o no se suelen tomar<\/b>; inventamos recetas; ideamos salsas asombrosas para acompa\u00f1ar un rico estofado\u2026 La cocina se convierte de pronto en un campo de batalla con miles de utensilios de por medio, fogones y horno trabajando a pleno rendimiento y una encimera plagada de alimentos de todo tipo\u2026 \u00a1mezcl\u00e1ndose unos con otros!.<\/p>\n<p>Contaminaci\u00f3n cruzada,\u00a0 manipulaci\u00f3n incorrecta de alimentos, ingredientes que utilizamos pocas veces a lo largo del a\u00f1o pero que recuperamos en estas fechas , trazas ocultas, vapores de cocci\u00f3n\u2026todo ello supone un <b>c\u00f3ctel explosivo<\/b> para muchos al\u00e9rgicos alimentarios.<\/p>\n<p>Si tienes un peque con una alergia alimentaria conocida (lo m\u00e1s frecuente es que antes de los dos a\u00f1os las alergias protagonistas sean a la leche de vaca y al huevo), debes <b>extremar las precauciones en Navidad<\/b>. Se dice que <b>las alergias nunca vienen solas<\/b> por lo que es recomendable seguir los siguientes consejos para poder disfrutar de estas fiestas sin sobresaltos:<\/p>\n<ul>\n<li><b>Los ni\u00f1os que tomen frutos secos por primera vez<\/b> (sobre todo si ya tienen una alergia alimentaria de base) deben hacerlo con moderaci\u00f3n, observando siempre cada reacci\u00f3n y no mezcl\u00e1ndolos entre ellos. De este modo, en caso de respuesta al\u00e9rgica, sabremos identificar r\u00e1pidamente el fruto seco que la ha provocado. Turrones, mazapanes, polvorones y otros dulces est\u00e1n elaborados, mayoritariamente, con frutos secos, huevos y leche, los <b>tres principales al\u00e9rgenos en la infancia.<\/b> Son los grandes protagonistas de todas las mesas y no hay ni\u00f1o que se resista a sus encantos por lo que debemos estar especialmente vigilantes.<\/li>\n<li>Es dif\u00edcil encontrar en las tiendas<b> <\/b>boller\u00eda, roscones y dulces t\u00edpicos libres de al\u00e9rgenos. Si ponemos un poquito de nuestra parte podemos lanzarnos con <b>reposter\u00eda casera apta para todos.<\/b> \u00a1Creedme que es realmente gratificante ver como nuestros comensales, sin distinci\u00f3n, disfrutan del mismo postre!<\/li>\n<li>Tambi\u00e9n conviene prestar mucha atenci\u00f3n a todos los alimentos que van a servirse en la mesa. Es importante que conozcamos su <b>composici\u00f3n<\/b>, <b>forma de elaboraci\u00f3n<\/b> y la posible existencia de <b>trazas alimentarias<\/b>. Si somos nosotros quienes preparamos el men\u00fa este punto le tendremos resuelto pero si vamos de invitados debemos asegurarnos de que el cocinero es plenamente consciente de estas recomendaciones.<\/li>\n<li>Cuando hay alguien con <b>alergia alimentaria<\/b> al marisco debemos evitar que est\u00e9 en contacto con estos <b>vapores de cocci\u00f3n<\/b>. La sopa o crema de marisco, por ejemplo, es un plato muy habitual en estas fechas y aunque el al\u00e9rgico no lo tome, el mero hecho de estar en una casa donde se ha cocinado marisco previamente puede desencadenarle una reacci\u00f3n al\u00e9rgica, a veces muy grave.<\/li>\n<li>Cuando nos sentemos en la mesa debemos vigilar <b>donde y entre quienes se sienta nuestro hijo al\u00e9rgico.<\/b> Es frecuente que si hay otros ni\u00f1os de su edad (primos o amiguitos) el momento de la comida o la cena se convierta en una diversi\u00f3n para ellos. Muchos peques acaban jugando con la comida, intercambiando platos o cubiertos y esto es un peligro potencial para el al\u00e9rgico. \u00a1Ojo tambi\u00e9n con las abuelitas amorosas que, con la mejor de sus intenciones, dan a probar al ni\u00f1o algo de su plato o le pasan un trozo de turr\u00f3n por debajo de la mesa sin que sus padres se enteren!.<\/li>\n<li>Y por muy de <i>perogrullo<\/i> que suene no est\u00e1 de m\u00e1s recordar que la <b>higiene de manos<\/b> del que prepara la comida es fundamental. Si el cocinero est\u00e1 pelando gambas para hacer un c\u00f3ctel y a continuaci\u00f3n comienza a pelar patatas para el asado, es muy probable que al al\u00e9rgico al marisco le de reacci\u00f3n el cordero.<\/li>\n<\/ul>\n<p>Si vamos de <b>invitados<\/b> a una casa debemos asegurarnos de que los anfitriones han entendido bien el tipo de alergia alimentara que tiene nuestro hijo y toman las precauciones necesarias, pero si somos nosotros los anfitriones y tenemos la suerte de tener ni\u00f1os sin alergias alimentaras, es importante que sepamos si alguno de nuestros invitados las sufre para actuar en consecuencia.<\/p>\n<p><b>La alergia alimentaria es algo que afecta a todos<\/b>, pero la parte de la poblaci\u00f3n m\u00e1s vulnerable, como siempre ocurre, son los ni\u00f1os. Seg\u00fan la Sociedad Espa\u00f1ola de Inmunolog\u00eda Cl\u00ednica y Alergia Pedi\u00e1trica, entre el 3 y 8% de los ni\u00f1os espa\u00f1oles son al\u00e9rgicos a alg\u00fan tipo de alimento y la cifra va en aumento.<\/p>\n<p>Si todos ponemos de nuestra parte siendo conscientes de este problema podemos conseguir que las navidades sean la \u00e9poca del a\u00f1o preferida para todos los ni\u00f1os, incluidos los al\u00e9rgicos, y que puedan disfrutar de dulces y comidas sin ser un peligro potencial para su salud.<\/p>\n","protected":false},"excerpt":{"rendered":"Por Ser Madre, \u00a1toda una aventura! Se acerca la Navidad, una \u00e9poca de encuentros familiares, tradici\u00f3n, regalos\u2026 y comida, mucha comida. Los padres que tenemos ni\u00f1os con alergias alimentarias solemos disfrutar m\u00e1s bien poco de esos momentos de reuni\u00f3n en torno a una mesa plagada de manjares. Es un hecho:&#8230; <a class=\"view-article\" href=\"https:\/\/www.suavinex.com\/livingsuavinex\/alergias_navidad\/\">Ver art\u00edculo<\/a>","protected":false},"author":288,"featured_media":19240,"comment_status":"open","ping_status":"open","sticky":false,"template":"","format":"standard","meta":{"inline_featured_image":false,"footnotes":""},"categories":[2272],"tags":[944],"class_list":["post-9114","post","type-post","status-publish","format-standard","has-post-thumbnail","hentry","category-tips-crianza","tag-salud"],"yoast_head":"<!-- This site is optimized with the Yoast SEO plugin v26.8 - https:\/\/yoast.com\/product\/yoast-seo-wordpress\/ -->\n<title>Ni\u00f1os y alergias tambi\u00e9n en Navidad | Living Suavinex<\/title>\n<meta name=\"description\" content=\"Hay que estar pendiente todo el a\u00f1o. Es importante tener en cuenta el binomio ni\u00f1os y alergias tambi\u00e9n en Navidad. Te damos las claves para hacerlo.\" \/>\n<meta name=\"robots\" content=\"index, follow, max-snippet:-1, max-image-preview:large, max-video-preview:-1\" \/>\n<link rel=\"canonical\" href=\"https:\/\/www.suavinex.com\/livingsuavinex\/alergias_navidad\/\" \/>\n<meta property=\"og:locale\" content=\"es_ES\" \/>\n<meta property=\"og:type\" content=\"article\" \/>\n<meta property=\"og:title\" content=\"Ni\u00f1os y alergias tambi\u00e9n en Navidad | Living Suavinex\" \/>\n<meta property=\"og:description\" content=\"Hay que estar pendiente todo el a\u00f1o. Es importante tener en cuenta el binomio ni\u00f1os y alergias tambi\u00e9n en Navidad. Te damos las claves para hacerlo.\" \/>\n<meta property=\"og:url\" content=\"https:\/\/www.suavinex.com\/livingsuavinex\/alergias_navidad\/\" \/>\n<meta property=\"og:site_name\" content=\"Living Suavinex\" \/>\n<meta property=\"article:publisher\" content=\"https:\/\/www.facebook.com\/SuavinexSpain\" \/>\n<meta property=\"article:published_time\" content=\"2013-12-17T15:02:02+00:00\" \/>\n<meta property=\"article:modified_time\" content=\"2020-03-31T23:10:43+00:00\" \/>\n<meta property=\"og:image\" content=\"https:\/\/www.suavinex.com\/livingsuavinex\/wp-content\/uploads\/2013\/12\/alergias_alimenticias_navidad.jpg\" \/>\n\t<meta property=\"og:image:width\" content=\"875\" \/>\n\t<meta property=\"og:image:height\" content=\"521\" \/>\n\t<meta property=\"og:image:type\" content=\"image\/jpeg\" \/>\n<meta name=\"author\" content=\"Living Suavinex\" \/>\n<meta name=\"twitter:card\" content=\"summary_large_image\" \/>\n<meta name=\"twitter:creator\" content=\"@SuavinexSpain\" \/>\n<meta name=\"twitter:site\" content=\"@SuavinexSpain\" \/>\n<meta name=\"twitter:label1\" content=\"Escrito por\" \/>\n\t<meta name=\"twitter:data1\" content=\"Living Suavinex\" \/>\n\t<meta name=\"twitter:label2\" content=\"Tiempo de lectura\" \/>\n\t<meta name=\"twitter:data2\" content=\"5 minutos\" \/>\n<script type=\"application\/ld+json\" class=\"yoast-schema-graph\">{\"@context\":\"https:\/\/schema.org\",\"@graph\":[{\"@type\":\"Article\",\"@id\":\"https:\/\/www.suavinex.com\/livingsuavinex\/alergias_navidad\/#article\",\"isPartOf\":{\"@id\":\"https:\/\/www.suavinex.com\/livingsuavinex\/alergias_navidad\/\"},\"author\":{\"name\":\"Living Suavinex\",\"@id\":\"https:\/\/www.suavinex.com\/livingsuavinex\/#\/schema\/person\/64fd7b62c88b0024a3ceeffb47f07eb6\"},\"headline\":\"Ni\u00f1os y alergias tambi\u00e9n en Navidad\",\"datePublished\":\"2013-12-17T15:02:02+00:00\",\"dateModified\":\"2020-03-31T23:10:43+00:00\",\"mainEntityOfPage\":{\"@id\":\"https:\/\/www.suavinex.com\/livingsuavinex\/alergias_navidad\/\"},\"wordCount\":986,\"commentCount\":0,\"publisher\":{\"@id\":\"https:\/\/www.suavinex.com\/livingsuavinex\/#organization\"},\"image\":{\"@id\":\"https:\/\/www.suavinex.com\/livingsuavinex\/alergias_navidad\/#primaryimage\"},\"thumbnailUrl\":\"https:\/\/www.suavinex.com\/livingsuavinex\/wp-content\/uploads\/2013\/12\/alergias_alimenticias_navidad.jpg\",\"keywords\":[\"Salud\"],\"articleSection\":[\"Tips de crianza\"],\"inLanguage\":\"es\"},{\"@type\":\"WebPage\",\"@id\":\"https:\/\/www.suavinex.com\/livingsuavinex\/alergias_navidad\/\",\"url\":\"https:\/\/www.suavinex.com\/livingsuavinex\/alergias_navidad\/\",\"name\":\"Ni\u00f1os y alergias tambi\u00e9n en Navidad | Living Suavinex\",\"isPartOf\":{\"@id\":\"https:\/\/www.suavinex.com\/livingsuavinex\/#website\"},\"primaryImageOfPage\":{\"@id\":\"https:\/\/www.suavinex.com\/livingsuavinex\/alergias_navidad\/#primaryimage\"},\"image\":{\"@id\":\"https:\/\/www.suavinex.com\/livingsuavinex\/alergias_navidad\/#primaryimage\"},\"thumbnailUrl\":\"https:\/\/www.suavinex.com\/livingsuavinex\/wp-content\/uploads\/2013\/12\/alergias_alimenticias_navidad.jpg\",\"datePublished\":\"2013-12-17T15:02:02+00:00\",\"dateModified\":\"2020-03-31T23:10:43+00:00\",\"description\":\"Hay que estar pendiente todo el a\u00f1o. Es importante tener en cuenta el binomio ni\u00f1os y alergias tambi\u00e9n en Navidad. Te damos las claves para hacerlo.\",\"breadcrumb\":{\"@id\":\"https:\/\/www.suavinex.com\/livingsuavinex\/alergias_navidad\/#breadcrumb\"},\"inLanguage\":\"es\",\"potentialAction\":[{\"@type\":\"ReadAction\",\"target\":[\"https:\/\/www.suavinex.com\/livingsuavinex\/alergias_navidad\/\"]}]},{\"@type\":\"ImageObject\",\"inLanguage\":\"es\",\"@id\":\"https:\/\/www.suavinex.com\/livingsuavinex\/alergias_navidad\/#primaryimage\",\"url\":\"https:\/\/www.suavinex.com\/livingsuavinex\/wp-content\/uploads\/2013\/12\/alergias_alimenticias_navidad.jpg\",\"contentUrl\":\"https:\/\/www.suavinex.com\/livingsuavinex\/wp-content\/uploads\/2013\/12\/alergias_alimenticias_navidad.jpg\",\"width\":875,\"height\":521},{\"@type\":\"BreadcrumbList\",\"@id\":\"https:\/\/www.suavinex.com\/livingsuavinex\/alergias_navidad\/#breadcrumb\",\"itemListElement\":[{\"@type\":\"ListItem\",\"position\":1,\"name\":\"Portada\",\"item\":\"https:\/\/www.suavinex.com\/livingsuavinex\/\"},{\"@type\":\"ListItem\",\"position\":2,\"name\":\"Ni\u00f1os y alergias tambi\u00e9n en Navidad\"}]},{\"@type\":\"WebSite\",\"@id\":\"https:\/\/www.suavinex.com\/livingsuavinex\/#website\",\"url\":\"https:\/\/www.suavinex.com\/livingsuavinex\/\",\"name\":\"Living Suavinex\",\"description\":\"| Familias reales\",\"publisher\":{\"@id\":\"https:\/\/www.suavinex.com\/livingsuavinex\/#organization\"},\"potentialAction\":[{\"@type\":\"SearchAction\",\"target\":{\"@type\":\"EntryPoint\",\"urlTemplate\":\"https:\/\/www.suavinex.com\/livingsuavinex\/?s={search_term_string}\"},\"query-input\":{\"@type\":\"PropertyValueSpecification\",\"valueRequired\":true,\"valueName\":\"search_term_string\"}}],\"inLanguage\":\"es\"},{\"@type\":\"Organization\",\"@id\":\"https:\/\/www.suavinex.com\/livingsuavinex\/#organization\",\"name\":\"Suavinex\",\"url\":\"https:\/\/www.suavinex.com\/livingsuavinex\/\",\"logo\":{\"@type\":\"ImageObject\",\"inLanguage\":\"es\",\"@id\":\"https:\/\/www.suavinex.com\/livingsuavinex\/#\/schema\/logo\/image\/\",\"url\":\"https:\/\/www.suavinex.com\/livingsuavinex\/wp-content\/uploads\/2018\/07\/living_sx_logo_mvl.png\",\"contentUrl\":\"https:\/\/www.suavinex.com\/livingsuavinex\/wp-content\/uploads\/2018\/07\/living_sx_logo_mvl.png\",\"width\":350,\"height\":70,\"caption\":\"Suavinex\"},\"image\":{\"@id\":\"https:\/\/www.suavinex.com\/livingsuavinex\/#\/schema\/logo\/image\/\"},\"sameAs\":[\"https:\/\/www.facebook.com\/SuavinexSpain\",\"https:\/\/x.com\/SuavinexSpain\",\"https:\/\/www.instagram.com\/suavinex_spain\/\",\"https:\/\/www.pinterest.es\/SuavinexSpain\/\",\"https:\/\/www.youtube.com\/channel\/UCgeJREx2R_ZvV2aQMrfWgcA\"]},{\"@type\":\"Person\",\"@id\":\"https:\/\/www.suavinex.com\/livingsuavinex\/#\/schema\/person\/64fd7b62c88b0024a3ceeffb47f07eb6\",\"name\":\"Living Suavinex\",\"image\":{\"@type\":\"ImageObject\",\"inLanguage\":\"es\",\"@id\":\"https:\/\/www.suavinex.com\/livingsuavinex\/#\/schema\/person\/image\/\",\"url\":\"https:\/\/www.suavinex.com\/livingsuavinex\/wp-content\/uploads\/2017\/05\/Living-Suavinex_avatar-96x96.png\",\"contentUrl\":\"https:\/\/www.suavinex.com\/livingsuavinex\/wp-content\/uploads\/2017\/05\/Living-Suavinex_avatar-96x96.png\",\"caption\":\"Living Suavinex\"}}]}<\/script>\n<!-- \/ Yoast SEO plugin. -->","yoast_head_json":{"title":"Ni\u00f1os y alergias tambi\u00e9n en Navidad | Living Suavinex","description":"Hay que estar pendiente todo el a\u00f1o. Es importante tener en cuenta el binomio ni\u00f1os y alergias tambi\u00e9n en Navidad. Te damos las claves para hacerlo.","robots":{"index":"index","follow":"follow","max-snippet":"max-snippet:-1","max-image-preview":"max-image-preview:large","max-video-preview":"max-video-preview:-1"},"canonical":"https:\/\/www.suavinex.com\/livingsuavinex\/alergias_navidad\/","og_locale":"es_ES","og_type":"article","og_title":"Ni\u00f1os y alergias tambi\u00e9n en Navidad | Living Suavinex","og_description":"Hay que estar pendiente todo el a\u00f1o. Es importante tener en cuenta el binomio ni\u00f1os y alergias tambi\u00e9n en Navidad. Te damos las claves para hacerlo.","og_url":"https:\/\/www.suavinex.com\/livingsuavinex\/alergias_navidad\/","og_site_name":"Living Suavinex","article_publisher":"https:\/\/www.facebook.com\/SuavinexSpain","article_published_time":"2013-12-17T15:02:02+00:00","article_modified_time":"2020-03-31T23:10:43+00:00","og_image":[{"width":875,"height":521,"url":"https:\/\/www.suavinex.com\/livingsuavinex\/wp-content\/uploads\/2013\/12\/alergias_alimenticias_navidad.jpg","type":"image\/jpeg"}],"author":"Living Suavinex","twitter_card":"summary_large_image","twitter_creator":"@SuavinexSpain","twitter_site":"@SuavinexSpain","twitter_misc":{"Escrito por":"Living Suavinex","Tiempo de lectura":"5 minutos"},"schema":{"@context":"https:\/\/schema.org","@graph":[{"@type":"Article","@id":"https:\/\/www.suavinex.com\/livingsuavinex\/alergias_navidad\/#article","isPartOf":{"@id":"https:\/\/www.suavinex.com\/livingsuavinex\/alergias_navidad\/"},"author":{"name":"Living Suavinex","@id":"https:\/\/www.suavinex.com\/livingsuavinex\/#\/schema\/person\/64fd7b62c88b0024a3ceeffb47f07eb6"},"headline":"Ni\u00f1os y alergias tambi\u00e9n en Navidad","datePublished":"2013-12-17T15:02:02+00:00","dateModified":"2020-03-31T23:10:43+00:00","mainEntityOfPage":{"@id":"https:\/\/www.suavinex.com\/livingsuavinex\/alergias_navidad\/"},"wordCount":986,"commentCount":0,"publisher":{"@id":"https:\/\/www.suavinex.com\/livingsuavinex\/#organization"},"image":{"@id":"https:\/\/www.suavinex.com\/livingsuavinex\/alergias_navidad\/#primaryimage"},"thumbnailUrl":"https:\/\/www.suavinex.com\/livingsuavinex\/wp-content\/uploads\/2013\/12\/alergias_alimenticias_navidad.jpg","keywords":["Salud"],"articleSection":["Tips de crianza"],"inLanguage":"es"},{"@type":"WebPage","@id":"https:\/\/www.suavinex.com\/livingsuavinex\/alergias_navidad\/","url":"https:\/\/www.suavinex.com\/livingsuavinex\/alergias_navidad\/","name":"Ni\u00f1os y alergias tambi\u00e9n en Navidad | Living Suavinex","isPartOf":{"@id":"https:\/\/www.suavinex.com\/livingsuavinex\/#website"},"primaryImageOfPage":{"@id":"https:\/\/www.suavinex.com\/livingsuavinex\/alergias_navidad\/#primaryimage"},"image":{"@id":"https:\/\/www.suavinex.com\/livingsuavinex\/alergias_navidad\/#primaryimage"},"thumbnailUrl":"https:\/\/www.suavinex.com\/livingsuavinex\/wp-content\/uploads\/2013\/12\/alergias_alimenticias_navidad.jpg","datePublished":"2013-12-17T15:02:02+00:00","dateModified":"2020-03-31T23:10:43+00:00","description":"Hay que estar pendiente todo el a\u00f1o. Es importante tener en cuenta el binomio ni\u00f1os y alergias tambi\u00e9n en Navidad. Te damos las claves para hacerlo.","breadcrumb":{"@id":"https:\/\/www.suavinex.com\/livingsuavinex\/alergias_navidad\/#breadcrumb"},"inLanguage":"es","potentialAction":[{"@type":"ReadAction","target":["https:\/\/www.suavinex.com\/livingsuavinex\/alergias_navidad\/"]}]},{"@type":"ImageObject","inLanguage":"es","@id":"https:\/\/www.suavinex.com\/livingsuavinex\/alergias_navidad\/#primaryimage","url":"https:\/\/www.suavinex.com\/livingsuavinex\/wp-content\/uploads\/2013\/12\/alergias_alimenticias_navidad.jpg","contentUrl":"https:\/\/www.suavinex.com\/livingsuavinex\/wp-content\/uploads\/2013\/12\/alergias_alimenticias_navidad.jpg","width":875,"height":521},{"@type":"BreadcrumbList","@id":"https:\/\/www.suavinex.com\/livingsuavinex\/alergias_navidad\/#breadcrumb","itemListElement":[{"@type":"ListItem","position":1,"name":"Portada","item":"https:\/\/www.suavinex.com\/livingsuavinex\/"},{"@type":"ListItem","position":2,"name":"Ni\u00f1os y alergias tambi\u00e9n en Navidad"}]},{"@type":"WebSite","@id":"https:\/\/www.suavinex.com\/livingsuavinex\/#website","url":"https:\/\/www.suavinex.com\/livingsuavinex\/","name":"Living Suavinex","description":"| Familias reales","publisher":{"@id":"https:\/\/www.suavinex.com\/livingsuavinex\/#organization"},"potentialAction":[{"@type":"SearchAction","target":{"@type":"EntryPoint","urlTemplate":"https:\/\/www.suavinex.com\/livingsuavinex\/?s={search_term_string}"},"query-input":{"@type":"PropertyValueSpecification","valueRequired":true,"valueName":"search_term_string"}}],"inLanguage":"es"},{"@type":"Organization","@id":"https:\/\/www.suavinex.com\/livingsuavinex\/#organization","name":"Suavinex","url":"https:\/\/www.suavinex.com\/livingsuavinex\/","logo":{"@type":"ImageObject","inLanguage":"es","@id":"https:\/\/www.suavinex.com\/livingsuavinex\/#\/schema\/logo\/image\/","url":"https:\/\/www.suavinex.com\/livingsuavinex\/wp-content\/uploads\/2018\/07\/living_sx_logo_mvl.png","contentUrl":"https:\/\/www.suavinex.com\/livingsuavinex\/wp-content\/uploads\/2018\/07\/living_sx_logo_mvl.png","width":350,"height":70,"caption":"Suavinex"},"image":{"@id":"https:\/\/www.suavinex.com\/livingsuavinex\/#\/schema\/logo\/image\/"},"sameAs":["https:\/\/www.facebook.com\/SuavinexSpain","https:\/\/x.com\/SuavinexSpain","https:\/\/www.instagram.com\/suavinex_spain\/","https:\/\/www.pinterest.es\/SuavinexSpain\/","https:\/\/www.youtube.com\/channel\/UCgeJREx2R_ZvV2aQMrfWgcA"]},{"@type":"Person","@id":"https:\/\/www.suavinex.com\/livingsuavinex\/#\/schema\/person\/64fd7b62c88b0024a3ceeffb47f07eb6","name":"Living Suavinex","image":{"@type":"ImageObject","inLanguage":"es","@id":"https:\/\/www.suavinex.com\/livingsuavinex\/#\/schema\/person\/image\/","url":"https:\/\/www.suavinex.com\/livingsuavinex\/wp-content\/uploads\/2017\/05\/Living-Suavinex_avatar-96x96.png","contentUrl":"https:\/\/www.suavinex.com\/livingsuavinex\/wp-content\/uploads\/2017\/05\/Living-Suavinex_avatar-96x96.png","caption":"Living Suavinex"}}]}},"_links":{"self":[{"href":"https:\/\/www.suavinex.com\/livingsuavinex\/wp-json\/wp\/v2\/posts\/9114","targetHints":{"allow":["GET"]}}],"collection":[{"href":"https:\/\/www.suavinex.com\/livingsuavinex\/wp-json\/wp\/v2\/posts"}],"about":[{"href":"https:\/\/www.suavinex.com\/livingsuavinex\/wp-json\/wp\/v2\/types\/post"}],"author":[{"embeddable":true,"href":"https:\/\/www.suavinex.com\/livingsuavinex\/wp-json\/wp\/v2\/users\/288"}],"replies":[{"embeddable":true,"href":"https:\/\/www.suavinex.com\/livingsuavinex\/wp-json\/wp\/v2\/comments?post=9114"}],"version-history":[{"count":10,"href":"https:\/\/www.suavinex.com\/livingsuavinex\/wp-json\/wp\/v2\/posts\/9114\/revisions"}],"predecessor-version":[{"id":23221,"href":"https:\/\/www.suavinex.com\/livingsuavinex\/wp-json\/wp\/v2\/posts\/9114\/revisions\/23221"}],"wp:featuredmedia":[{"embeddable":true,"href":"https:\/\/www.suavinex.com\/livingsuavinex\/wp-json\/wp\/v2\/media\/19240"}],"wp:attachment":[{"href":"https:\/\/www.suavinex.com\/livingsuavinex\/wp-json\/wp\/v2\/media?parent=9114"}],"wp:term":[{"taxonomy":"category","embeddable":true,"href":"https:\/\/www.suavinex.com\/livingsuavinex\/wp-json\/wp\/v2\/categories?post=9114"},{"taxonomy":"post_tag","embeddable":true,"href":"https:\/\/www.suavinex.com\/livingsuavinex\/wp-json\/wp\/v2\/tags?post=9114"}],"curies":[{"name":"wp","href":"https:\/\/api.w.org\/{rel}","templated":true}]}}