{"id":7987,"date":"2013-08-19T07:52:11","date_gmt":"2013-08-19T05:52:11","guid":{"rendered":"https:\/\/www.suavinex.com\/livingsuavinex\/?p=7987"},"modified":"2023-07-25T11:14:28","modified_gmt":"2023-07-25T09:14:28","slug":"preparacion-maternidad","status":"publish","type":"post","link":"https:\/\/www.suavinex.com\/livingsuavinex\/preparacion-maternidad\/","title":{"rendered":"Prepararse emocionalmente para la maternidad"},"content":{"rendered":"<p>Por <a title=\"mam\u00e1 (contra) corriente\" href=\"https:\/\/mamacontracorriente.com\/\" target=\"_blank\" rel=\"noopener noreferrer\">Mam\u00e1 (contra) Corriente<\/a><\/p>\n<p>No quisiera comenzar con una frase tan obvia pero es un hecho. Ser<b> madre nos cambia la vida<\/b> de arriba a abajo. No es algo transitorio, es un estado permanente que nos acompa\u00f1ar\u00e1 de por vida; que nos proporcionar\u00e1 sin duda una gran <b>felicidad<\/b> pero tambi\u00e9n muchas incertidumbres, miedos, dolor&#8230; \u00bfC\u00f3mo podemos prepararnos para tantas emociones; sobre todo en una sociedad donde hemos sido educados para no compartirlas?<\/p>\n<p>Despu\u00e9s de casi cuatro a\u00f1os de maternidad (m\u00e1s de cinco si contamos la dif\u00edcil b\u00fasqueda del primer hijo) y dos ni\u00f1os, lo que me ha ense\u00f1ado la vida es que <b>el secreto est\u00e1 en <i>fluir<\/i><\/b>. Por diversos motivos es muy frecuente (y hasta normal) querer controlarlo todo. Pero el d\u00eda a d\u00eda como <b>madre<\/b> no es una ciencia exacta como decidir si comprarte un cochecito que se pliega en formato paraguas o en formato libro.<\/p>\n<p>El problema est\u00e1 en que para fluir no podemos estar agarrotados por el miedo. Ese miedo tan intenso que s\u00f3lo se conoce cuando te conviertes en madre. Una indecisi\u00f3n que nos paraliza, nos bloquea, no nos deja ser nosotros mismos. Si tenemos miedo podemos acabar haciendo cosas que no deseamos hacer. Por desconocimiento, por no atrevernos a dar el paso. Por no hacer algo que los dem\u00e1s no esperen de nosotros.<\/p>\n<p>Para no sentir miedo hay que tener <b>seguridad en uno mismo<\/b>.\u00a0Confiar en nuestra infinita capacidad para maternar, <b><i>empoderarse<\/i><\/b>. No hay un camino marcado para conseguir este fin, cada cual encontrar\u00e1 el suyo. Mi experiencia es que existen dos factores fundamentales y muy relacionados. El primero, informarse bien; y el segundo, abrir la mente.<\/p>\n<p>Informarse bien significa leer mucho y variado. Hablar, comentar, atrevernos a compartir en voz alta nuestras inquietudes, miedos, penas y alegr\u00edas; estar dispuestos a observar a nuestro alrededor y reflexionar sobre c\u00f3mo nos sentimos. La mayor\u00eda de los pap\u00e1s primerizos, entre los que me incluyo, nos hacemos un master en temas de <b>puericultura<\/b> para poder hacer la mejor selecci\u00f3n de art\u00edculos para nuestro beb\u00e9. Pero desgraciadamente muy a menudo nos olvidamos de lo m\u00e1s b\u00e1sico. \u00bfQu\u00e9 sabemos sobre c\u00f3mo ser\u00e1 nuestro beb\u00e9 y nuestra vida con \u00e9l? \u00bfQu\u00e9 sabemos sobre c\u00f3mo se alimenta un beb\u00e9, sobre c\u00f3mo se nutre emocionalmente?<\/p>\n<p>No podemos confiar cuestiones tan importantes a lo que nos diga el <b>pediatra<\/b>, la <b>matrona<\/b>, nuestra familia o el primero que pase por ah\u00ed y husmee en nuestros asuntos. Como padres creo que debemos informarnos sobre <b>lactancia<\/b>, <b>sue\u00f1o infantil<\/b>, <b>alimentaci\u00f3n<\/b>, <b>crianza<\/b>, en definitiva, sobre todo aquello que resultar\u00e1 tan b\u00e1sico en los a\u00f1os posteriores y formarnos una opini\u00f3n.<\/p>\n<p>Con una opini\u00f3n formada ya no estaremos a la deriva de nuestras emociones m\u00e1s all\u00e1 de lo inevitable por la falta de experiencia y el vaiv\u00e9n hormonal. Con una opini\u00f3n formada podremos dar razones a quienes nos pregunten y no sentirnos agredidos si los dem\u00e1s no est\u00e1n de acuerdo. Tener una opini\u00f3n bien fundada nos har\u00e1 sentir m\u00e1s seguros y confiados en lo que hacemos.<\/p>\n<p>Pero tener una opini\u00f3n sobre estas cuestiones no significa cerrarnos en banda y no admitir nada m\u00e1s. <b>Ser padres es un constante crecimiento<\/b>, una situaci\u00f3n que evoluciona y crece a la par que nuestros <b>hijos<\/b>. Nuestra experiencia y la de otros padres (incluso la de los que cr\u00edan de otra forma), la de profesionales que nos puedan inspirar, es b\u00e1sica para crecer a la par que nuestros hijos. No hay que tener miedo a equivocarse y mucho menos a rectificar. <b>\u00a1El camino se aprende andando!<\/b><\/p>\n","protected":false},"excerpt":{"rendered":"Por Mam\u00e1 (contra) Corriente No quisiera comenzar con una frase tan obvia pero es un hecho. Ser madre nos cambia la vida de arriba a abajo. No es algo transitorio, es un estado permanente que nos acompa\u00f1ar\u00e1 de por vida; que nos proporcionar\u00e1 sin duda una gran felicidad pero tambi\u00e9n&#8230; <a class=\"view-article\" href=\"https:\/\/www.suavinex.com\/livingsuavinex\/preparacion-maternidad\/\">Ver art\u00edculo<\/a>","protected":false},"author":288,"featured_media":22219,"comment_status":"open","ping_status":"open","sticky":false,"template":"","format":"standard","meta":{"inline_featured_image":false,"footnotes":""},"categories":[7],"tags":[9,46],"class_list":["post-7987","post","type-post","status-publish","format-standard","has-post-thumbnail","hentry","category-embarazo","tag-maternidad","tag-mujer"],"yoast_head":"<!-- This site is optimized with the Yoast SEO plugin v26.8 - https:\/\/yoast.com\/product\/yoast-seo-wordpress\/ -->\n<title>Prepararse emocionalmente para la maternidad | Living Suavinex<\/title>\n<meta name=\"description\" content=\"Despu\u00e9s de casi cuatro a\u00f1os de maternidad y dos ni\u00f1os, lo que me ha ense\u00f1ado la vida es que el secreto est\u00e1 en fluir y no querer controlarlo todo\" \/>\n<meta name=\"robots\" content=\"index, follow, max-snippet:-1, max-image-preview:large, max-video-preview:-1\" \/>\n<link rel=\"canonical\" href=\"https:\/\/www.suavinex.com\/livingsuavinex\/preparacion-maternidad\/\" \/>\n<meta property=\"og:locale\" content=\"es_ES\" \/>\n<meta property=\"og:type\" content=\"article\" \/>\n<meta property=\"og:title\" content=\"Prepararse emocionalmente para la maternidad | Living Suavinex\" \/>\n<meta property=\"og:description\" content=\"Despu\u00e9s de casi cuatro a\u00f1os de maternidad y dos ni\u00f1os, lo que me ha ense\u00f1ado la vida es que el secreto est\u00e1 en fluir y no querer controlarlo todo\" \/>\n<meta property=\"og:url\" content=\"https:\/\/www.suavinex.com\/livingsuavinex\/preparacion-maternidad\/\" \/>\n<meta property=\"og:site_name\" content=\"Living Suavinex\" \/>\n<meta property=\"article:publisher\" content=\"https:\/\/www.facebook.com\/SuavinexSpain\" \/>\n<meta property=\"article:published_time\" content=\"2013-08-19T05:52:11+00:00\" \/>\n<meta property=\"article:modified_time\" content=\"2023-07-25T09:14:28+00:00\" \/>\n<meta property=\"og:image\" content=\"https:\/\/www.suavinex.com\/livingsuavinex\/wp-content\/uploads\/2013\/08\/prepararse-emocionalmente-opt.jpg\" \/>\n\t<meta property=\"og:image:width\" content=\"875\" \/>\n\t<meta property=\"og:image:height\" content=\"381\" \/>\n\t<meta property=\"og:image:type\" content=\"image\/jpeg\" \/>\n<meta name=\"author\" content=\"Living Suavinex\" \/>\n<meta name=\"twitter:card\" content=\"summary_large_image\" \/>\n<meta name=\"twitter:creator\" content=\"@SuavinexSpain\" \/>\n<meta name=\"twitter:site\" content=\"@SuavinexSpain\" \/>\n<meta name=\"twitter:label1\" content=\"Escrito por\" \/>\n\t<meta name=\"twitter:data1\" content=\"Living Suavinex\" \/>\n\t<meta name=\"twitter:label2\" content=\"Tiempo de lectura\" \/>\n\t<meta name=\"twitter:data2\" content=\"3 minutos\" \/>\n<script type=\"application\/ld+json\" class=\"yoast-schema-graph\">{\"@context\":\"https:\/\/schema.org\",\"@graph\":[{\"@type\":\"Article\",\"@id\":\"https:\/\/www.suavinex.com\/livingsuavinex\/preparacion-maternidad\/#article\",\"isPartOf\":{\"@id\":\"https:\/\/www.suavinex.com\/livingsuavinex\/preparacion-maternidad\/\"},\"author\":{\"name\":\"Living Suavinex\",\"@id\":\"https:\/\/www.suavinex.com\/livingsuavinex\/#\/schema\/person\/64fd7b62c88b0024a3ceeffb47f07eb6\"},\"headline\":\"Prepararse emocionalmente para la maternidad\",\"datePublished\":\"2013-08-19T05:52:11+00:00\",\"dateModified\":\"2023-07-25T09:14:28+00:00\",\"mainEntityOfPage\":{\"@id\":\"https:\/\/www.suavinex.com\/livingsuavinex\/preparacion-maternidad\/\"},\"wordCount\":629,\"commentCount\":4,\"publisher\":{\"@id\":\"https:\/\/www.suavinex.com\/livingsuavinex\/#organization\"},\"image\":{\"@id\":\"https:\/\/www.suavinex.com\/livingsuavinex\/preparacion-maternidad\/#primaryimage\"},\"thumbnailUrl\":\"https:\/\/www.suavinex.com\/livingsuavinex\/wp-content\/uploads\/2013\/08\/prepararse-emocionalmente-opt.jpg\",\"keywords\":[\"Maternidad\",\"Mujer\"],\"articleSection\":[\"Embarazo\"],\"inLanguage\":\"es\"},{\"@type\":\"WebPage\",\"@id\":\"https:\/\/www.suavinex.com\/livingsuavinex\/preparacion-maternidad\/\",\"url\":\"https:\/\/www.suavinex.com\/livingsuavinex\/preparacion-maternidad\/\",\"name\":\"Prepararse emocionalmente para la maternidad | Living Suavinex\",\"isPartOf\":{\"@id\":\"https:\/\/www.suavinex.com\/livingsuavinex\/#website\"},\"primaryImageOfPage\":{\"@id\":\"https:\/\/www.suavinex.com\/livingsuavinex\/preparacion-maternidad\/#primaryimage\"},\"image\":{\"@id\":\"https:\/\/www.suavinex.com\/livingsuavinex\/preparacion-maternidad\/#primaryimage\"},\"thumbnailUrl\":\"https:\/\/www.suavinex.com\/livingsuavinex\/wp-content\/uploads\/2013\/08\/prepararse-emocionalmente-opt.jpg\",\"datePublished\":\"2013-08-19T05:52:11+00:00\",\"dateModified\":\"2023-07-25T09:14:28+00:00\",\"description\":\"Despu\u00e9s de casi cuatro a\u00f1os de maternidad y dos ni\u00f1os, lo que me ha ense\u00f1ado la vida es que el secreto est\u00e1 en fluir y no querer controlarlo todo\",\"breadcrumb\":{\"@id\":\"https:\/\/www.suavinex.com\/livingsuavinex\/preparacion-maternidad\/#breadcrumb\"},\"inLanguage\":\"es\",\"potentialAction\":[{\"@type\":\"ReadAction\",\"target\":[\"https:\/\/www.suavinex.com\/livingsuavinex\/preparacion-maternidad\/\"]}]},{\"@type\":\"ImageObject\",\"inLanguage\":\"es\",\"@id\":\"https:\/\/www.suavinex.com\/livingsuavinex\/preparacion-maternidad\/#primaryimage\",\"url\":\"https:\/\/www.suavinex.com\/livingsuavinex\/wp-content\/uploads\/2013\/08\/prepararse-emocionalmente-opt.jpg\",\"contentUrl\":\"https:\/\/www.suavinex.com\/livingsuavinex\/wp-content\/uploads\/2013\/08\/prepararse-emocionalmente-opt.jpg\",\"width\":875,\"height\":381},{\"@type\":\"BreadcrumbList\",\"@id\":\"https:\/\/www.suavinex.com\/livingsuavinex\/preparacion-maternidad\/#breadcrumb\",\"itemListElement\":[{\"@type\":\"ListItem\",\"position\":1,\"name\":\"Portada\",\"item\":\"https:\/\/www.suavinex.com\/livingsuavinex\/\"},{\"@type\":\"ListItem\",\"position\":2,\"name\":\"Prepararse emocionalmente para la maternidad\"}]},{\"@type\":\"WebSite\",\"@id\":\"https:\/\/www.suavinex.com\/livingsuavinex\/#website\",\"url\":\"https:\/\/www.suavinex.com\/livingsuavinex\/\",\"name\":\"Living Suavinex\",\"description\":\"| Familias reales\",\"publisher\":{\"@id\":\"https:\/\/www.suavinex.com\/livingsuavinex\/#organization\"},\"potentialAction\":[{\"@type\":\"SearchAction\",\"target\":{\"@type\":\"EntryPoint\",\"urlTemplate\":\"https:\/\/www.suavinex.com\/livingsuavinex\/?s={search_term_string}\"},\"query-input\":{\"@type\":\"PropertyValueSpecification\",\"valueRequired\":true,\"valueName\":\"search_term_string\"}}],\"inLanguage\":\"es\"},{\"@type\":\"Organization\",\"@id\":\"https:\/\/www.suavinex.com\/livingsuavinex\/#organization\",\"name\":\"Suavinex\",\"url\":\"https:\/\/www.suavinex.com\/livingsuavinex\/\",\"logo\":{\"@type\":\"ImageObject\",\"inLanguage\":\"es\",\"@id\":\"https:\/\/www.suavinex.com\/livingsuavinex\/#\/schema\/logo\/image\/\",\"url\":\"https:\/\/www.suavinex.com\/livingsuavinex\/wp-content\/uploads\/2018\/07\/living_sx_logo_mvl.png\",\"contentUrl\":\"https:\/\/www.suavinex.com\/livingsuavinex\/wp-content\/uploads\/2018\/07\/living_sx_logo_mvl.png\",\"width\":350,\"height\":70,\"caption\":\"Suavinex\"},\"image\":{\"@id\":\"https:\/\/www.suavinex.com\/livingsuavinex\/#\/schema\/logo\/image\/\"},\"sameAs\":[\"https:\/\/www.facebook.com\/SuavinexSpain\",\"https:\/\/x.com\/SuavinexSpain\",\"https:\/\/www.instagram.com\/suavinex_spain\/\",\"https:\/\/www.pinterest.es\/SuavinexSpain\/\",\"https:\/\/www.youtube.com\/channel\/UCgeJREx2R_ZvV2aQMrfWgcA\"]},{\"@type\":\"Person\",\"@id\":\"https:\/\/www.suavinex.com\/livingsuavinex\/#\/schema\/person\/64fd7b62c88b0024a3ceeffb47f07eb6\",\"name\":\"Living Suavinex\",\"image\":{\"@type\":\"ImageObject\",\"inLanguage\":\"es\",\"@id\":\"https:\/\/www.suavinex.com\/livingsuavinex\/#\/schema\/person\/image\/\",\"url\":\"https:\/\/www.suavinex.com\/livingsuavinex\/wp-content\/uploads\/2017\/05\/Living-Suavinex_avatar-96x96.png\",\"contentUrl\":\"https:\/\/www.suavinex.com\/livingsuavinex\/wp-content\/uploads\/2017\/05\/Living-Suavinex_avatar-96x96.png\",\"caption\":\"Living Suavinex\"}}]}<\/script>\n<!-- \/ Yoast SEO plugin. -->","yoast_head_json":{"title":"Prepararse emocionalmente para la maternidad | Living Suavinex","description":"Despu\u00e9s de casi cuatro a\u00f1os de maternidad y dos ni\u00f1os, lo que me ha ense\u00f1ado la vida es que el secreto est\u00e1 en fluir y no querer controlarlo todo","robots":{"index":"index","follow":"follow","max-snippet":"max-snippet:-1","max-image-preview":"max-image-preview:large","max-video-preview":"max-video-preview:-1"},"canonical":"https:\/\/www.suavinex.com\/livingsuavinex\/preparacion-maternidad\/","og_locale":"es_ES","og_type":"article","og_title":"Prepararse emocionalmente para la maternidad | Living Suavinex","og_description":"Despu\u00e9s de casi cuatro a\u00f1os de maternidad y dos ni\u00f1os, lo que me ha ense\u00f1ado la vida es que el secreto est\u00e1 en fluir y no querer controlarlo todo","og_url":"https:\/\/www.suavinex.com\/livingsuavinex\/preparacion-maternidad\/","og_site_name":"Living Suavinex","article_publisher":"https:\/\/www.facebook.com\/SuavinexSpain","article_published_time":"2013-08-19T05:52:11+00:00","article_modified_time":"2023-07-25T09:14:28+00:00","og_image":[{"width":875,"height":381,"url":"https:\/\/www.suavinex.com\/livingsuavinex\/wp-content\/uploads\/2013\/08\/prepararse-emocionalmente-opt.jpg","type":"image\/jpeg"}],"author":"Living Suavinex","twitter_card":"summary_large_image","twitter_creator":"@SuavinexSpain","twitter_site":"@SuavinexSpain","twitter_misc":{"Escrito por":"Living Suavinex","Tiempo de lectura":"3 minutos"},"schema":{"@context":"https:\/\/schema.org","@graph":[{"@type":"Article","@id":"https:\/\/www.suavinex.com\/livingsuavinex\/preparacion-maternidad\/#article","isPartOf":{"@id":"https:\/\/www.suavinex.com\/livingsuavinex\/preparacion-maternidad\/"},"author":{"name":"Living Suavinex","@id":"https:\/\/www.suavinex.com\/livingsuavinex\/#\/schema\/person\/64fd7b62c88b0024a3ceeffb47f07eb6"},"headline":"Prepararse emocionalmente para la maternidad","datePublished":"2013-08-19T05:52:11+00:00","dateModified":"2023-07-25T09:14:28+00:00","mainEntityOfPage":{"@id":"https:\/\/www.suavinex.com\/livingsuavinex\/preparacion-maternidad\/"},"wordCount":629,"commentCount":4,"publisher":{"@id":"https:\/\/www.suavinex.com\/livingsuavinex\/#organization"},"image":{"@id":"https:\/\/www.suavinex.com\/livingsuavinex\/preparacion-maternidad\/#primaryimage"},"thumbnailUrl":"https:\/\/www.suavinex.com\/livingsuavinex\/wp-content\/uploads\/2013\/08\/prepararse-emocionalmente-opt.jpg","keywords":["Maternidad","Mujer"],"articleSection":["Embarazo"],"inLanguage":"es"},{"@type":"WebPage","@id":"https:\/\/www.suavinex.com\/livingsuavinex\/preparacion-maternidad\/","url":"https:\/\/www.suavinex.com\/livingsuavinex\/preparacion-maternidad\/","name":"Prepararse emocionalmente para la maternidad | Living Suavinex","isPartOf":{"@id":"https:\/\/www.suavinex.com\/livingsuavinex\/#website"},"primaryImageOfPage":{"@id":"https:\/\/www.suavinex.com\/livingsuavinex\/preparacion-maternidad\/#primaryimage"},"image":{"@id":"https:\/\/www.suavinex.com\/livingsuavinex\/preparacion-maternidad\/#primaryimage"},"thumbnailUrl":"https:\/\/www.suavinex.com\/livingsuavinex\/wp-content\/uploads\/2013\/08\/prepararse-emocionalmente-opt.jpg","datePublished":"2013-08-19T05:52:11+00:00","dateModified":"2023-07-25T09:14:28+00:00","description":"Despu\u00e9s de casi cuatro a\u00f1os de maternidad y dos ni\u00f1os, lo que me ha ense\u00f1ado la vida es que el secreto est\u00e1 en fluir y no querer controlarlo todo","breadcrumb":{"@id":"https:\/\/www.suavinex.com\/livingsuavinex\/preparacion-maternidad\/#breadcrumb"},"inLanguage":"es","potentialAction":[{"@type":"ReadAction","target":["https:\/\/www.suavinex.com\/livingsuavinex\/preparacion-maternidad\/"]}]},{"@type":"ImageObject","inLanguage":"es","@id":"https:\/\/www.suavinex.com\/livingsuavinex\/preparacion-maternidad\/#primaryimage","url":"https:\/\/www.suavinex.com\/livingsuavinex\/wp-content\/uploads\/2013\/08\/prepararse-emocionalmente-opt.jpg","contentUrl":"https:\/\/www.suavinex.com\/livingsuavinex\/wp-content\/uploads\/2013\/08\/prepararse-emocionalmente-opt.jpg","width":875,"height":381},{"@type":"BreadcrumbList","@id":"https:\/\/www.suavinex.com\/livingsuavinex\/preparacion-maternidad\/#breadcrumb","itemListElement":[{"@type":"ListItem","position":1,"name":"Portada","item":"https:\/\/www.suavinex.com\/livingsuavinex\/"},{"@type":"ListItem","position":2,"name":"Prepararse emocionalmente para la maternidad"}]},{"@type":"WebSite","@id":"https:\/\/www.suavinex.com\/livingsuavinex\/#website","url":"https:\/\/www.suavinex.com\/livingsuavinex\/","name":"Living Suavinex","description":"| Familias reales","publisher":{"@id":"https:\/\/www.suavinex.com\/livingsuavinex\/#organization"},"potentialAction":[{"@type":"SearchAction","target":{"@type":"EntryPoint","urlTemplate":"https:\/\/www.suavinex.com\/livingsuavinex\/?s={search_term_string}"},"query-input":{"@type":"PropertyValueSpecification","valueRequired":true,"valueName":"search_term_string"}}],"inLanguage":"es"},{"@type":"Organization","@id":"https:\/\/www.suavinex.com\/livingsuavinex\/#organization","name":"Suavinex","url":"https:\/\/www.suavinex.com\/livingsuavinex\/","logo":{"@type":"ImageObject","inLanguage":"es","@id":"https:\/\/www.suavinex.com\/livingsuavinex\/#\/schema\/logo\/image\/","url":"https:\/\/www.suavinex.com\/livingsuavinex\/wp-content\/uploads\/2018\/07\/living_sx_logo_mvl.png","contentUrl":"https:\/\/www.suavinex.com\/livingsuavinex\/wp-content\/uploads\/2018\/07\/living_sx_logo_mvl.png","width":350,"height":70,"caption":"Suavinex"},"image":{"@id":"https:\/\/www.suavinex.com\/livingsuavinex\/#\/schema\/logo\/image\/"},"sameAs":["https:\/\/www.facebook.com\/SuavinexSpain","https:\/\/x.com\/SuavinexSpain","https:\/\/www.instagram.com\/suavinex_spain\/","https:\/\/www.pinterest.es\/SuavinexSpain\/","https:\/\/www.youtube.com\/channel\/UCgeJREx2R_ZvV2aQMrfWgcA"]},{"@type":"Person","@id":"https:\/\/www.suavinex.com\/livingsuavinex\/#\/schema\/person\/64fd7b62c88b0024a3ceeffb47f07eb6","name":"Living Suavinex","image":{"@type":"ImageObject","inLanguage":"es","@id":"https:\/\/www.suavinex.com\/livingsuavinex\/#\/schema\/person\/image\/","url":"https:\/\/www.suavinex.com\/livingsuavinex\/wp-content\/uploads\/2017\/05\/Living-Suavinex_avatar-96x96.png","contentUrl":"https:\/\/www.suavinex.com\/livingsuavinex\/wp-content\/uploads\/2017\/05\/Living-Suavinex_avatar-96x96.png","caption":"Living Suavinex"}}]}},"_links":{"self":[{"href":"https:\/\/www.suavinex.com\/livingsuavinex\/wp-json\/wp\/v2\/posts\/7987","targetHints":{"allow":["GET"]}}],"collection":[{"href":"https:\/\/www.suavinex.com\/livingsuavinex\/wp-json\/wp\/v2\/posts"}],"about":[{"href":"https:\/\/www.suavinex.com\/livingsuavinex\/wp-json\/wp\/v2\/types\/post"}],"author":[{"embeddable":true,"href":"https:\/\/www.suavinex.com\/livingsuavinex\/wp-json\/wp\/v2\/users\/288"}],"replies":[{"embeddable":true,"href":"https:\/\/www.suavinex.com\/livingsuavinex\/wp-json\/wp\/v2\/comments?post=7987"}],"version-history":[{"count":5,"href":"https:\/\/www.suavinex.com\/livingsuavinex\/wp-json\/wp\/v2\/posts\/7987\/revisions"}],"predecessor-version":[{"id":44366,"href":"https:\/\/www.suavinex.com\/livingsuavinex\/wp-json\/wp\/v2\/posts\/7987\/revisions\/44366"}],"wp:featuredmedia":[{"embeddable":true,"href":"https:\/\/www.suavinex.com\/livingsuavinex\/wp-json\/wp\/v2\/media\/22219"}],"wp:attachment":[{"href":"https:\/\/www.suavinex.com\/livingsuavinex\/wp-json\/wp\/v2\/media?parent=7987"}],"wp:term":[{"taxonomy":"category","embeddable":true,"href":"https:\/\/www.suavinex.com\/livingsuavinex\/wp-json\/wp\/v2\/categories?post=7987"},{"taxonomy":"post_tag","embeddable":true,"href":"https:\/\/www.suavinex.com\/livingsuavinex\/wp-json\/wp\/v2\/tags?post=7987"}],"curies":[{"name":"wp","href":"https:\/\/api.w.org\/{rel}","templated":true}]}}