{"id":7418,"date":"2013-08-05T07:33:23","date_gmt":"2013-08-05T05:33:23","guid":{"rendered":"https:\/\/www.suavinex.com\/livingsuavinex\/?p=7418"},"modified":"2022-01-25T13:40:52","modified_gmt":"2022-01-25T12:40:52","slug":"proteccion-piel-verano","status":"publish","type":"post","link":"https:\/\/www.suavinex.com\/livingsuavinex\/proteccion-piel-verano\/","title":{"rendered":"Protecci\u00f3n y cuidados de la piel en verano"},"content":{"rendered":"<p>A estas alturas del verano seguro que muchos de vosotros est\u00e1is disfrutando de unas merecidas <b>vacaciones<\/b> donde el <b>sol<\/b> es el protagonista indiscutible. Y aunque a todos nos encante, ya sea en la playa, en la piscina, en el campo o en la monta\u00f1a, no debemos olvidar que debemos protegernos de la <b>radiaci\u00f3n solar<\/b>;\u00a0especialmente cuando de <b>ni\u00f1os<\/b> se trata. Por ese motivo queremos recordaros algunos consejos b\u00e1sicos que os hemos ido dando desde <b>El Club de las Madres Felices<\/b> para proteger tanto vuestra piel como la de los m\u00e1s peque\u00f1os.<\/p>\n<p>En primer lugar recordad que si vuestro beb\u00e9 es menor de 6 meses no es conveniente aplicar protecci\u00f3n solar. Debido a su delicada piel hay riesgo de irritaciones o incluso intoxicaci\u00f3n. En estos casos debemos extremar la precauci\u00f3n. No exponerles al sol, cubrir su piel y evitar las horas centrales del d\u00eda.<\/p>\n<p>Para los m\u00e1s mayorcitos debemos elegir un factor de protecci\u00f3n solar (FPS) igual o superior a 30. La protecci\u00f3n solar debe ser siempre de amplio espectro, pues bloquear\u00e1 tanto los rayos UVA como los UVB. Se recomienda renovarla cada dos horas como m\u00ednimo. Y si los ni\u00f1os se ba\u00f1an, incluso cada menos tiempo.<\/p>\n<p>Pero no olvid\u00e9is que no s\u00f3lo es necesario utilizar <b><a title=\"Protecci\u00f3n solar \" href=\"https:\/\/www.suavinex.com\/livingsuavinex\/crema-solar\/\" target=\"_blank\" rel=\"noopener noreferrer\">protecci\u00f3n solar<\/a><\/b> cuando estamos de vacaciones. Para bajar al parque, si damos un paseo por el campo, o realizamos cualquier actividad al aire libre, es aconsejable proteger la piel. Y tambi\u00e9n utilizar sombrero o gorra y gafas de sol. \u00c9stas han de ser con filtro para rayos UV. De este modo proteger\u00e1n los ojos y la delicada piel que los rodea.<\/p>\n<p>\u00bfEst\u00e1 nublado? \u00a1No os confi\u00e9is! La\u00a0<a title=\"Radiaci\u00f3n Ultravioleta \" href=\"http:\/\/es.wikipedia.org\/wiki\/Radiaci%C3%B3n_ultravioleta\" target=\"_blank\" rel=\"noopener noreferrer\">radiaci\u00f3n UV\u00a0<\/a>se aten\u00faa pero la radiaci\u00f3n difusa es suficientemente intensa como para poder da\u00f1ar nuestra piel.<\/p>\n<p>Y como ya sab\u00e9is, siempre debemos evitar que los ni\u00f1os jueguen, se ba\u00f1en, paseen en las horas centrales del d\u00eda, de 12 a 16, donde la intensidad de las radiaciones solares es m\u00e1s potente y con ello el riesgo de quemaduras es mayor.<\/p>\n<p>Si a\u00fan tomando estas precauciones, se produce una <b><a title=\"Quemaduras solares \" href=\"https:\/\/www.suavinex.com\/livingsuavinex\/quemaduras_solares\/\" target=\"_blank\" rel=\"noopener noreferrer\">quemadura solar<\/a><\/b> debemos ba\u00f1ar al ni\u00f1o en agua fresca, hidratar la zona afectada en profundidad mediante cremas espec\u00edficas, darle abundantes l\u00edquidos para beber y, si el dolor es importante se pueden utilizar analg\u00e9sicos. Adem\u00e1s, debemos acudir al pediatra en caso de aparici\u00f3n de ampollas, fiebre alta, mal estado general o en caso de que la quemadura est\u00e9 muy extendida.<\/p>\n<p>Para m\u00e1s informaci\u00f3n te recomendamos leer:<\/p>\n<p><a title=\"La crema solar m\u00e1s adecuada para mi beb\u00e9 \" href=\"https:\/\/www.suavinex.com\/livingsuavinex\/crema-solar\/\" target=\"_blank\" rel=\"noopener noreferrer\">La crema solar m\u00e1s adecuada para mi beb\u00e9<\/a><\/p>\n<p><a title=\"Prevenci\u00f3n y tratamiento de quemaduras solares \" href=\"https:\/\/www.suavinex.com\/livingsuavinex\/quemaduras_solares\/\" target=\"_blank\" rel=\"noopener noreferrer\">Prevenci\u00f3n y tratamiento de las quemaduras solares<\/a><\/p>\n<p>Videopost: c\u00f3mo proteger a nuestros hijos del sol en verano<\/p>\n<p>C\u00f3mo proteger la piel del beb\u00e9<\/p>\n","protected":false},"excerpt":{"rendered":"A estas alturas del verano seguro que muchos de vosotros est\u00e1is disfrutando de unas merecidas vacaciones donde el sol es el protagonista indiscutible. Y aunque a todos nos encante, ya sea en la playa, en la piscina, en el campo o en la monta\u00f1a, no debemos olvidar que debemos protegernos&#8230; <a class=\"view-article\" href=\"https:\/\/www.suavinex.com\/livingsuavinex\/proteccion-piel-verano\/\">Ver art\u00edculo<\/a>","protected":false},"author":288,"featured_media":23132,"comment_status":"open","ping_status":"open","sticky":false,"template":"","format":"standard","meta":{"inline_featured_image":false,"footnotes":""},"categories":[2272],"tags":[12,944],"class_list":["post-7418","post","type-post","status-publish","format-standard","has-post-thumbnail","hentry","category-tips-crianza","tag-hijos","tag-salud"],"yoast_head":"<!-- This site is optimized with the Yoast SEO plugin v26.8 - https:\/\/yoast.com\/product\/yoast-seo-wordpress\/ -->\n<title>Protecci\u00f3n y cuidados de la piel en verano | Living Suavinex<\/title>\n<meta name=\"description\" content=\"Hoy queremos recordaros algunos consejos b\u00e1sicos que os hemos ido dando desde para proteger tanto vuestra piel como la de los m\u00e1s peque\u00f1os.\" \/>\n<meta name=\"robots\" content=\"index, follow, max-snippet:-1, max-image-preview:large, max-video-preview:-1\" \/>\n<link rel=\"canonical\" href=\"https:\/\/www.suavinex.com\/livingsuavinex\/proteccion-piel-verano\/\" \/>\n<meta property=\"og:locale\" content=\"es_ES\" \/>\n<meta property=\"og:type\" content=\"article\" \/>\n<meta property=\"og:title\" content=\"Protecci\u00f3n y cuidados de la piel en verano | Living Suavinex\" \/>\n<meta property=\"og:description\" content=\"Hoy queremos recordaros algunos consejos b\u00e1sicos que os hemos ido dando desde para proteger tanto vuestra piel como la de los m\u00e1s peque\u00f1os.\" \/>\n<meta property=\"og:url\" content=\"https:\/\/www.suavinex.com\/livingsuavinex\/proteccion-piel-verano\/\" \/>\n<meta property=\"og:site_name\" content=\"Living Suavinex\" \/>\n<meta property=\"article:publisher\" content=\"https:\/\/www.facebook.com\/SuavinexSpain\" \/>\n<meta property=\"article:published_time\" content=\"2013-08-05T05:33:23+00:00\" \/>\n<meta property=\"article:modified_time\" content=\"2022-01-25T12:40:52+00:00\" \/>\n<meta property=\"og:image\" content=\"https:\/\/www.suavinex.com\/livingsuavinex\/wp-content\/uploads\/2013\/08\/cuidado-piel-verano-opt.jpg\" \/>\n\t<meta property=\"og:image:width\" content=\"876\" \/>\n\t<meta property=\"og:image:height\" content=\"450\" \/>\n\t<meta property=\"og:image:type\" content=\"image\/jpeg\" \/>\n<meta name=\"author\" content=\"Living Suavinex\" \/>\n<meta name=\"twitter:card\" content=\"summary_large_image\" \/>\n<meta name=\"twitter:creator\" content=\"@SuavinexSpain\" \/>\n<meta name=\"twitter:site\" content=\"@SuavinexSpain\" \/>\n<meta name=\"twitter:label1\" content=\"Escrito por\" \/>\n\t<meta name=\"twitter:data1\" content=\"Living Suavinex\" \/>\n\t<meta name=\"twitter:label2\" content=\"Tiempo de lectura\" \/>\n\t<meta name=\"twitter:data2\" content=\"2 minutos\" \/>\n<script type=\"application\/ld+json\" class=\"yoast-schema-graph\">{\"@context\":\"https:\/\/schema.org\",\"@graph\":[{\"@type\":\"Article\",\"@id\":\"https:\/\/www.suavinex.com\/livingsuavinex\/proteccion-piel-verano\/#article\",\"isPartOf\":{\"@id\":\"https:\/\/www.suavinex.com\/livingsuavinex\/proteccion-piel-verano\/\"},\"author\":{\"name\":\"Living Suavinex\",\"@id\":\"https:\/\/www.suavinex.com\/livingsuavinex\/#\/schema\/person\/64fd7b62c88b0024a3ceeffb47f07eb6\"},\"headline\":\"Protecci\u00f3n y cuidados de la piel en verano\",\"datePublished\":\"2013-08-05T05:33:23+00:00\",\"dateModified\":\"2022-01-25T12:40:52+00:00\",\"mainEntityOfPage\":{\"@id\":\"https:\/\/www.suavinex.com\/livingsuavinex\/proteccion-piel-verano\/\"},\"wordCount\":487,\"commentCount\":1,\"publisher\":{\"@id\":\"https:\/\/www.suavinex.com\/livingsuavinex\/#organization\"},\"image\":{\"@id\":\"https:\/\/www.suavinex.com\/livingsuavinex\/proteccion-piel-verano\/#primaryimage\"},\"thumbnailUrl\":\"https:\/\/www.suavinex.com\/livingsuavinex\/wp-content\/uploads\/2013\/08\/cuidado-piel-verano-opt.jpg\",\"keywords\":[\"Hijos\",\"Salud\"],\"articleSection\":[\"Tips de crianza\"],\"inLanguage\":\"es\"},{\"@type\":\"WebPage\",\"@id\":\"https:\/\/www.suavinex.com\/livingsuavinex\/proteccion-piel-verano\/\",\"url\":\"https:\/\/www.suavinex.com\/livingsuavinex\/proteccion-piel-verano\/\",\"name\":\"Protecci\u00f3n y cuidados de la piel en verano | Living Suavinex\",\"isPartOf\":{\"@id\":\"https:\/\/www.suavinex.com\/livingsuavinex\/#website\"},\"primaryImageOfPage\":{\"@id\":\"https:\/\/www.suavinex.com\/livingsuavinex\/proteccion-piel-verano\/#primaryimage\"},\"image\":{\"@id\":\"https:\/\/www.suavinex.com\/livingsuavinex\/proteccion-piel-verano\/#primaryimage\"},\"thumbnailUrl\":\"https:\/\/www.suavinex.com\/livingsuavinex\/wp-content\/uploads\/2013\/08\/cuidado-piel-verano-opt.jpg\",\"datePublished\":\"2013-08-05T05:33:23+00:00\",\"dateModified\":\"2022-01-25T12:40:52+00:00\",\"description\":\"Hoy queremos recordaros algunos consejos b\u00e1sicos que os hemos ido dando desde para proteger tanto vuestra piel como la de los m\u00e1s peque\u00f1os.\",\"breadcrumb\":{\"@id\":\"https:\/\/www.suavinex.com\/livingsuavinex\/proteccion-piel-verano\/#breadcrumb\"},\"inLanguage\":\"es\",\"potentialAction\":[{\"@type\":\"ReadAction\",\"target\":[\"https:\/\/www.suavinex.com\/livingsuavinex\/proteccion-piel-verano\/\"]}]},{\"@type\":\"ImageObject\",\"inLanguage\":\"es\",\"@id\":\"https:\/\/www.suavinex.com\/livingsuavinex\/proteccion-piel-verano\/#primaryimage\",\"url\":\"https:\/\/www.suavinex.com\/livingsuavinex\/wp-content\/uploads\/2013\/08\/cuidado-piel-verano-opt.jpg\",\"contentUrl\":\"https:\/\/www.suavinex.com\/livingsuavinex\/wp-content\/uploads\/2013\/08\/cuidado-piel-verano-opt.jpg\",\"width\":876,\"height\":450},{\"@type\":\"BreadcrumbList\",\"@id\":\"https:\/\/www.suavinex.com\/livingsuavinex\/proteccion-piel-verano\/#breadcrumb\",\"itemListElement\":[{\"@type\":\"ListItem\",\"position\":1,\"name\":\"Portada\",\"item\":\"https:\/\/www.suavinex.com\/livingsuavinex\/\"},{\"@type\":\"ListItem\",\"position\":2,\"name\":\"Protecci\u00f3n y cuidados de la piel en verano\"}]},{\"@type\":\"WebSite\",\"@id\":\"https:\/\/www.suavinex.com\/livingsuavinex\/#website\",\"url\":\"https:\/\/www.suavinex.com\/livingsuavinex\/\",\"name\":\"Living Suavinex\",\"description\":\"| Familias reales\",\"publisher\":{\"@id\":\"https:\/\/www.suavinex.com\/livingsuavinex\/#organization\"},\"potentialAction\":[{\"@type\":\"SearchAction\",\"target\":{\"@type\":\"EntryPoint\",\"urlTemplate\":\"https:\/\/www.suavinex.com\/livingsuavinex\/?s={search_term_string}\"},\"query-input\":{\"@type\":\"PropertyValueSpecification\",\"valueRequired\":true,\"valueName\":\"search_term_string\"}}],\"inLanguage\":\"es\"},{\"@type\":\"Organization\",\"@id\":\"https:\/\/www.suavinex.com\/livingsuavinex\/#organization\",\"name\":\"Suavinex\",\"url\":\"https:\/\/www.suavinex.com\/livingsuavinex\/\",\"logo\":{\"@type\":\"ImageObject\",\"inLanguage\":\"es\",\"@id\":\"https:\/\/www.suavinex.com\/livingsuavinex\/#\/schema\/logo\/image\/\",\"url\":\"https:\/\/www.suavinex.com\/livingsuavinex\/wp-content\/uploads\/2018\/07\/living_sx_logo_mvl.png\",\"contentUrl\":\"https:\/\/www.suavinex.com\/livingsuavinex\/wp-content\/uploads\/2018\/07\/living_sx_logo_mvl.png\",\"width\":350,\"height\":70,\"caption\":\"Suavinex\"},\"image\":{\"@id\":\"https:\/\/www.suavinex.com\/livingsuavinex\/#\/schema\/logo\/image\/\"},\"sameAs\":[\"https:\/\/www.facebook.com\/SuavinexSpain\",\"https:\/\/x.com\/SuavinexSpain\",\"https:\/\/www.instagram.com\/suavinex_spain\/\",\"https:\/\/www.pinterest.es\/SuavinexSpain\/\",\"https:\/\/www.youtube.com\/channel\/UCgeJREx2R_ZvV2aQMrfWgcA\"]},{\"@type\":\"Person\",\"@id\":\"https:\/\/www.suavinex.com\/livingsuavinex\/#\/schema\/person\/64fd7b62c88b0024a3ceeffb47f07eb6\",\"name\":\"Living Suavinex\",\"image\":{\"@type\":\"ImageObject\",\"inLanguage\":\"es\",\"@id\":\"https:\/\/www.suavinex.com\/livingsuavinex\/#\/schema\/person\/image\/\",\"url\":\"https:\/\/www.suavinex.com\/livingsuavinex\/wp-content\/uploads\/2017\/05\/Living-Suavinex_avatar-96x96.png\",\"contentUrl\":\"https:\/\/www.suavinex.com\/livingsuavinex\/wp-content\/uploads\/2017\/05\/Living-Suavinex_avatar-96x96.png\",\"caption\":\"Living Suavinex\"}}]}<\/script>\n<!-- \/ Yoast SEO plugin. -->","yoast_head_json":{"title":"Protecci\u00f3n y cuidados de la piel en verano | Living Suavinex","description":"Hoy queremos recordaros algunos consejos b\u00e1sicos que os hemos ido dando desde para proteger tanto vuestra piel como la de los m\u00e1s peque\u00f1os.","robots":{"index":"index","follow":"follow","max-snippet":"max-snippet:-1","max-image-preview":"max-image-preview:large","max-video-preview":"max-video-preview:-1"},"canonical":"https:\/\/www.suavinex.com\/livingsuavinex\/proteccion-piel-verano\/","og_locale":"es_ES","og_type":"article","og_title":"Protecci\u00f3n y cuidados de la piel en verano | Living Suavinex","og_description":"Hoy queremos recordaros algunos consejos b\u00e1sicos que os hemos ido dando desde para proteger tanto vuestra piel como la de los m\u00e1s peque\u00f1os.","og_url":"https:\/\/www.suavinex.com\/livingsuavinex\/proteccion-piel-verano\/","og_site_name":"Living Suavinex","article_publisher":"https:\/\/www.facebook.com\/SuavinexSpain","article_published_time":"2013-08-05T05:33:23+00:00","article_modified_time":"2022-01-25T12:40:52+00:00","og_image":[{"width":876,"height":450,"url":"https:\/\/www.suavinex.com\/livingsuavinex\/wp-content\/uploads\/2013\/08\/cuidado-piel-verano-opt.jpg","type":"image\/jpeg"}],"author":"Living Suavinex","twitter_card":"summary_large_image","twitter_creator":"@SuavinexSpain","twitter_site":"@SuavinexSpain","twitter_misc":{"Escrito por":"Living Suavinex","Tiempo de lectura":"2 minutos"},"schema":{"@context":"https:\/\/schema.org","@graph":[{"@type":"Article","@id":"https:\/\/www.suavinex.com\/livingsuavinex\/proteccion-piel-verano\/#article","isPartOf":{"@id":"https:\/\/www.suavinex.com\/livingsuavinex\/proteccion-piel-verano\/"},"author":{"name":"Living Suavinex","@id":"https:\/\/www.suavinex.com\/livingsuavinex\/#\/schema\/person\/64fd7b62c88b0024a3ceeffb47f07eb6"},"headline":"Protecci\u00f3n y cuidados de la piel en verano","datePublished":"2013-08-05T05:33:23+00:00","dateModified":"2022-01-25T12:40:52+00:00","mainEntityOfPage":{"@id":"https:\/\/www.suavinex.com\/livingsuavinex\/proteccion-piel-verano\/"},"wordCount":487,"commentCount":1,"publisher":{"@id":"https:\/\/www.suavinex.com\/livingsuavinex\/#organization"},"image":{"@id":"https:\/\/www.suavinex.com\/livingsuavinex\/proteccion-piel-verano\/#primaryimage"},"thumbnailUrl":"https:\/\/www.suavinex.com\/livingsuavinex\/wp-content\/uploads\/2013\/08\/cuidado-piel-verano-opt.jpg","keywords":["Hijos","Salud"],"articleSection":["Tips de crianza"],"inLanguage":"es"},{"@type":"WebPage","@id":"https:\/\/www.suavinex.com\/livingsuavinex\/proteccion-piel-verano\/","url":"https:\/\/www.suavinex.com\/livingsuavinex\/proteccion-piel-verano\/","name":"Protecci\u00f3n y cuidados de la piel en verano | Living Suavinex","isPartOf":{"@id":"https:\/\/www.suavinex.com\/livingsuavinex\/#website"},"primaryImageOfPage":{"@id":"https:\/\/www.suavinex.com\/livingsuavinex\/proteccion-piel-verano\/#primaryimage"},"image":{"@id":"https:\/\/www.suavinex.com\/livingsuavinex\/proteccion-piel-verano\/#primaryimage"},"thumbnailUrl":"https:\/\/www.suavinex.com\/livingsuavinex\/wp-content\/uploads\/2013\/08\/cuidado-piel-verano-opt.jpg","datePublished":"2013-08-05T05:33:23+00:00","dateModified":"2022-01-25T12:40:52+00:00","description":"Hoy queremos recordaros algunos consejos b\u00e1sicos que os hemos ido dando desde para proteger tanto vuestra piel como la de los m\u00e1s peque\u00f1os.","breadcrumb":{"@id":"https:\/\/www.suavinex.com\/livingsuavinex\/proteccion-piel-verano\/#breadcrumb"},"inLanguage":"es","potentialAction":[{"@type":"ReadAction","target":["https:\/\/www.suavinex.com\/livingsuavinex\/proteccion-piel-verano\/"]}]},{"@type":"ImageObject","inLanguage":"es","@id":"https:\/\/www.suavinex.com\/livingsuavinex\/proteccion-piel-verano\/#primaryimage","url":"https:\/\/www.suavinex.com\/livingsuavinex\/wp-content\/uploads\/2013\/08\/cuidado-piel-verano-opt.jpg","contentUrl":"https:\/\/www.suavinex.com\/livingsuavinex\/wp-content\/uploads\/2013\/08\/cuidado-piel-verano-opt.jpg","width":876,"height":450},{"@type":"BreadcrumbList","@id":"https:\/\/www.suavinex.com\/livingsuavinex\/proteccion-piel-verano\/#breadcrumb","itemListElement":[{"@type":"ListItem","position":1,"name":"Portada","item":"https:\/\/www.suavinex.com\/livingsuavinex\/"},{"@type":"ListItem","position":2,"name":"Protecci\u00f3n y cuidados de la piel en verano"}]},{"@type":"WebSite","@id":"https:\/\/www.suavinex.com\/livingsuavinex\/#website","url":"https:\/\/www.suavinex.com\/livingsuavinex\/","name":"Living Suavinex","description":"| Familias reales","publisher":{"@id":"https:\/\/www.suavinex.com\/livingsuavinex\/#organization"},"potentialAction":[{"@type":"SearchAction","target":{"@type":"EntryPoint","urlTemplate":"https:\/\/www.suavinex.com\/livingsuavinex\/?s={search_term_string}"},"query-input":{"@type":"PropertyValueSpecification","valueRequired":true,"valueName":"search_term_string"}}],"inLanguage":"es"},{"@type":"Organization","@id":"https:\/\/www.suavinex.com\/livingsuavinex\/#organization","name":"Suavinex","url":"https:\/\/www.suavinex.com\/livingsuavinex\/","logo":{"@type":"ImageObject","inLanguage":"es","@id":"https:\/\/www.suavinex.com\/livingsuavinex\/#\/schema\/logo\/image\/","url":"https:\/\/www.suavinex.com\/livingsuavinex\/wp-content\/uploads\/2018\/07\/living_sx_logo_mvl.png","contentUrl":"https:\/\/www.suavinex.com\/livingsuavinex\/wp-content\/uploads\/2018\/07\/living_sx_logo_mvl.png","width":350,"height":70,"caption":"Suavinex"},"image":{"@id":"https:\/\/www.suavinex.com\/livingsuavinex\/#\/schema\/logo\/image\/"},"sameAs":["https:\/\/www.facebook.com\/SuavinexSpain","https:\/\/x.com\/SuavinexSpain","https:\/\/www.instagram.com\/suavinex_spain\/","https:\/\/www.pinterest.es\/SuavinexSpain\/","https:\/\/www.youtube.com\/channel\/UCgeJREx2R_ZvV2aQMrfWgcA"]},{"@type":"Person","@id":"https:\/\/www.suavinex.com\/livingsuavinex\/#\/schema\/person\/64fd7b62c88b0024a3ceeffb47f07eb6","name":"Living Suavinex","image":{"@type":"ImageObject","inLanguage":"es","@id":"https:\/\/www.suavinex.com\/livingsuavinex\/#\/schema\/person\/image\/","url":"https:\/\/www.suavinex.com\/livingsuavinex\/wp-content\/uploads\/2017\/05\/Living-Suavinex_avatar-96x96.png","contentUrl":"https:\/\/www.suavinex.com\/livingsuavinex\/wp-content\/uploads\/2017\/05\/Living-Suavinex_avatar-96x96.png","caption":"Living Suavinex"}}]}},"_links":{"self":[{"href":"https:\/\/www.suavinex.com\/livingsuavinex\/wp-json\/wp\/v2\/posts\/7418","targetHints":{"allow":["GET"]}}],"collection":[{"href":"https:\/\/www.suavinex.com\/livingsuavinex\/wp-json\/wp\/v2\/posts"}],"about":[{"href":"https:\/\/www.suavinex.com\/livingsuavinex\/wp-json\/wp\/v2\/types\/post"}],"author":[{"embeddable":true,"href":"https:\/\/www.suavinex.com\/livingsuavinex\/wp-json\/wp\/v2\/users\/288"}],"replies":[{"embeddable":true,"href":"https:\/\/www.suavinex.com\/livingsuavinex\/wp-json\/wp\/v2\/comments?post=7418"}],"version-history":[{"count":10,"href":"https:\/\/www.suavinex.com\/livingsuavinex\/wp-json\/wp\/v2\/posts\/7418\/revisions"}],"predecessor-version":[{"id":42509,"href":"https:\/\/www.suavinex.com\/livingsuavinex\/wp-json\/wp\/v2\/posts\/7418\/revisions\/42509"}],"wp:featuredmedia":[{"embeddable":true,"href":"https:\/\/www.suavinex.com\/livingsuavinex\/wp-json\/wp\/v2\/media\/23132"}],"wp:attachment":[{"href":"https:\/\/www.suavinex.com\/livingsuavinex\/wp-json\/wp\/v2\/media?parent=7418"}],"wp:term":[{"taxonomy":"category","embeddable":true,"href":"https:\/\/www.suavinex.com\/livingsuavinex\/wp-json\/wp\/v2\/categories?post=7418"},{"taxonomy":"post_tag","embeddable":true,"href":"https:\/\/www.suavinex.com\/livingsuavinex\/wp-json\/wp\/v2\/tags?post=7418"}],"curies":[{"name":"wp","href":"https:\/\/api.w.org\/{rel}","templated":true}]}}