{"id":6800,"date":"2026-03-17T08:09:00","date_gmt":"2026-03-17T07:09:00","guid":{"rendered":"https:\/\/www.suavinex.com\/livingsuavinex\/?p=6800"},"modified":"2026-03-25T13:31:02","modified_gmt":"2026-03-25T12:31:02","slug":"comenzar_caminar","status":"publish","type":"post","link":"https:\/\/www.suavinex.com\/livingsuavinex\/comenzar_caminar\/","title":{"rendered":"Los primeros pasos del beb\u00e9 y c\u00f3mo asegurar una marcha correcta"},"content":{"rendered":"\n<p>Ver a tu hijo ponerse de pie y lanzarse a la aventura de caminar es uno de esos momentos que se quedan grabados en la retina de cualquier madre o padre. Es un instante m\u00e1gico en el que la perspectiva del ni\u00f1o cambia por completo: deja de ver el mundo desde el suelo para <strong>empezar a conquistarlo a la altura de sus ojos<\/strong>.<\/p>\n\n\n\n<p>Sin embargo, este hito de los m\u00e1s peque\u00f1os suele venir acompa\u00f1ado de mil dudas. \u00bfLo estar\u00e1 haciendo bien? \u00bfDebo comprarle zapatos ya? \u00bfEs normal que meta los pies hacia adentro? En <a href=\"https:\/\/www.suavinex.com\/\" target=\"_blank\" rel=\"noreferrer noopener\">Suavinex <\/a>queremos que puedas <strong>disfrutar de este proceso con total tranquilidad<\/strong>, entendiendo que los primeros pasos del beb\u00e9 son el resultado de una compleja evoluci\u00f3n motriz que no entiende de prisas, sino de confianza y seguridad.<\/p>\n\n\n\n<h2 class=\"wp-block-heading\">\u00bfCu\u00e1les son los primeros pasos de un beb\u00e9?<\/h2>\n\n\n\n<p>Cuando hablamos de <strong>los primeros pasos del bebe<\/strong>, no nos referimos \u00fanicamente al momento en que suelta las manos de la mesa y avanza solo. La marcha es un proceso que comienza mucho antes, con el fortalecimiento de la musculatura del tronco y las extremidades durante <a href=\"https:\/\/www.suavinex.com\/livingsuavinex\/gateo-bebe-ventajas\/\" target=\"_blank\" rel=\"noreferrer noopener\">el gateo del beb\u00e9<\/a> y el desplazamiento lateral.<\/p>\n\n\n\n<p>Los primeros pasos son, t\u00e9cnicamente, <strong>el inicio de la marcha independiente<\/strong>. Se caracterizan por una base de sustentaci\u00f3n amplia (el beb\u00e9 separa mucho las piernas para no caerse), los brazos en \u00abasa\u00bb (levantados hacia los lados para equilibrarse) y una pisada que suele ser plana, sin el movimiento de tal\u00f3n-punta que hacemos los adultos. En esta etapa, el ni\u00f1o a\u00fan est\u00e1 aprendiendo a gestionar su centro de gravedad, por lo que<strong> los pasos son cortos, algo inestables <\/strong>y, a menudo, terminan en un simp\u00e1tico \u00abaterrizaje\u00bb de pa\u00f1al. Es una fase de puro ensayo y error donde el cerebro est\u00e1 mapeando cada m\u00fasculo y cada articulaci\u00f3n.<\/p>\n\n\n\n<h2 class=\"wp-block-heading\">\u00bfCu\u00e1ndo suelen dar los primeros pasos los beb\u00e9s?<\/h2>\n\n\n\n<p>Por lo general, los <strong>primeros pasos bebes<\/strong> <strong>suelen aparecer entre los 9 y los 18 meses<\/strong>. La media se sit\u00faa alrededor de los 12 meses, pero es perfectamente normal que un beb\u00e9 no camine de forma independiente hasta los 15 o 16 meses. No caminar al cumplir el a\u00f1o <strong>no es motivo de preocupaci\u00f3n<\/strong> si el ni\u00f1o muestra inter\u00e9s por moverse, gatea o se mantiene de pie con apoyo. Factores como la gen\u00e9tica, la personalidad (los hay m\u00e1s lanzados y otros m\u00e1s prudentes) o incluso el peso pueden influir en el momento exacto en que deciden lanzarse a dar sus primeros pasos.<\/p>\n\n\n\n<p>Sobre todo, debes tener claro es que<strong> cada ni\u00f1o es un mundo y tiene su propio ritmo biol\u00f3gico<\/strong>. No hay una fecha exacta en el calendario, sino un rango de normalidad muy amplio.<\/p>\n\n\n\n<h2 class=\"wp-block-heading\">\u00bfCu\u00e1les son las se\u00f1ales de que un beb\u00e9 va a caminar?<\/h2>\n\n\n\n<p>Antes del gran estreno, tu peque\u00f1o te ir\u00e1 enviando se\u00f1ales que indican que \u201cel motor est\u00e1 arrancando\u201d. Identificar estos indicios te ayudar\u00e1 a<strong> preparar el entorno para su seguridad<\/strong>:<\/p>\n\n\n\n<ul class=\"wp-block-list\">\n<li><strong>La marcha lateral:<\/strong> Es la se\u00f1al m\u00e1s clara de que el beb\u00e9 est\u00e1 a punto de empezar a caminar. El beb\u00e9 se desplaza por la habitaci\u00f3n apoy\u00e1ndose en los muebles (sof\u00e1s, mesas bajas). Aqu\u00ed ya est\u00e1 practicando el trasvase de peso de una pierna a otra.<\/li>\n\n\n\n<li><strong>Ponerse de pie solo:<\/strong> Si ves que usa cualquier objeto para impulsarse y quedarse de pie, sus piernas ya tienen la fuerza necesaria.<\/li>\n\n\n\n<li><strong>Soltarse por segundos:<\/strong> Notar\u00e1s que, mientras est\u00e1 distra\u00eddo jugando de pie, suelta las manos y se mantiene en equilibrio sin darse cuenta durante unos instantes.<\/li>\n\n\n\n<li><strong>Aumento del gateo veloz:<\/strong> Un gateo vigoroso y coordinado es el mejor predictor de una marcha sana, ya que fortalece la musculatura cruzada y la coordinaci\u00f3n entre hemisferios cerebrales.<\/li>\n\n\n\n<li><strong>Escalar:<\/strong> Si empieza a intentar subir pelda\u00f1os o a trepar al sof\u00e1, est\u00e1 buscando nuevos retos de equilibrio.<\/li>\n<\/ul>\n\n\n\n<h2 class=\"wp-block-heading\">\u00bfC\u00f3mo estimular a un beb\u00e9 para que camine?<\/h2>\n\n\n\n<p>La estimulaci\u00f3n no debe entenderse como ense\u00f1ar a caminar (el beb\u00e9 ya sabe c\u00f3mo hacerlo de forma instintiva), sino como <strong>acompa\u00f1ar y proporcionar el entorno ideal<\/strong>.<\/p>\n\n\n\n<ol class=\"wp-block-list\">\n<li><strong>Fomenta el movimiento libre:<\/strong> Evita que el beb\u00e9 pase muchas horas en la trona o en la hamaca. El suelo es el mejor gimnasio y cuanto m\u00e1s tiempo pase explorando en libertad, m\u00e1s confianza ganar\u00e1 en su propio cuerpo.<\/li>\n\n\n\n<li><strong>Pies descalzos:<\/strong> Siempre que sea posible y el suelo sea seguro, deja que tu beb\u00e9 vaya con los <a href=\"https:\/\/www.suavinex.com\/livingsuavinex\/bebes-descalzos\/\" target=\"_blank\" rel=\"noreferrer noopener\">pies descalzos<\/a>. Los receptores sensoriales de la planta del pie env\u00edan informaci\u00f3n crucial al cerebro sobre el tipo de superficie y el equilibrio. Adem\u00e1s, ayuda a formar el arco plantar correctamente.<\/li>\n\n\n\n<li><strong>Crea circuitos seguros:<\/strong> Coloca muebles estables a distancias cortas para que se anime a pasar de uno a otro y fomentes su <a href=\"https:\/\/www.suavinex.com\/livingsuavinex\/que-es-el-desarrollo-psicomotor-en-bebes\/\" target=\"_blank\" rel=\"noreferrer noopener\">desarrollo psicomotor<\/a>.<\/li>\n\n\n\n<li><strong>Usa juguetes de arrastre:<\/strong> Los carritos o juguetes pesados que el beb\u00e9 pueda empujar (que no sean andadores) le dan un punto de apoyo extra mientras \u00e9l mantiene el control del movimiento.<\/li>\n<\/ol>\n\n\n\n<h2 class=\"wp-block-heading\">Consejos para ayudar al beb\u00e9 a aprender a caminar<\/h2>\n\n\n\n<p>Para <strong>asegurar una marcha correcta y evitar vicios posturales<\/strong>, es fundamental seguir algunas recomendaciones basadas en el respeto al desarrollo motor y la seguridad:<\/p>\n\n\n\n<h3 class=\"wp-block-heading\">Respeto y apoyo sin presi\u00f3n<\/h3>\n\n\n\n<p>Muchos profesionales mantienen que no es necesario entrenar a los ni\u00f1os para que caminen antes o mejor. <strong>Lo har\u00e1n cuando est\u00e9n listos<\/strong>. Mientras tanto, seguir\u00e1n gateando y tanteando el entorno. Si te pide ayuda o quiere caminar de tu mano porque se siente m\u00e1s seguro, \u00a1ay\u00fadale!, pero <strong>siempre siguiendo su iniciativa<\/strong>.<\/p>\n\n\n\n<h3 class=\"wp-block-heading\">El calzado adecuado<\/h3>\n\n\n\n<p>Cuando los beb\u00e9s empiezan a caminar, llega la hora de usar sus primeros zapatos y es recomendable que sean de <strong>suela muy flexible<\/strong> que permita que el pie se mueva con total comodidad. En casa, lo ideal es que sigan descalzos para ganar estabilidad. Cuando elij\u00e1is sus <a href=\"https:\/\/www.suavinex.com\/livingsuavinex\/elegir-primeros-zapatos\/\" target=\"_blank\" rel=\"noreferrer noopener\">primeros zapatos<\/a> para la calle, buscad materiales transpirables y que no interfieran en el movimiento natural del tobillo.<\/p>\n\n\n\n<h3 class=\"wp-block-heading\">Adi\u00f3s a los andadores<\/h3>\n\n\n\n<p>Los pediatras recomiendan <strong>no usar andadores<\/strong> (tacat\u00e1s). Estos dispositivos son peligrosos y contraproducentes, ya que fuerzan una postura de puntillas, impiden que el ni\u00f1o vea sus pies y pueden causar accidentes al alcanzar velocidades para las que el beb\u00e9 no est\u00e1 preparado.<\/p>\n\n\n\n<h3 class=\"wp-block-heading\">Seguridad en el nuevo nivel<\/h3>\n\n\n\n<p>Cuando el beb\u00e9 se pone en pie, los peligros dentro de casa cambian. Es el momento de ponerse a su altura (literalmente) y comprobar qu\u00e9 hay a su alcance:<\/p>\n\n\n\n<ul class=\"wp-block-list\">\n<li>Alejar objetos cortantes o pesados de los bordes de las mesas.<\/li>\n\n\n\n<li>Asegurar cajones y puertas para evitar pillamientos.<\/li>\n\n\n\n<li>Proteger esquinas y asegurar estanter\u00edas a la pared.<\/li>\n<\/ul>\n\n\n\n<h3 class=\"wp-block-heading\">El fen\u00f3meno de las puntillas<\/h3>\n\n\n\n<p>Puede que not\u00e9is que <strong>al principio se pone de<\/strong> <strong>puntillas<\/strong>, algo que les sucede a muchos ni\u00f1os en sus primeros pasos. \u00a1No os alarm\u00e9is! Poco a poco, cuando aprendan a hacer el juego de punta-tal\u00f3n, ir\u00e1n apoyando correctamente todo el pie. Si esta tendencia persiste de forma r\u00edgida pasados los meses, consultad con vuestro pediatra.<\/p>\n\n\n\n<p>En Suavinex sabemos que, que tu beb\u00e9 empieze a caminar es \u201cun peque\u00f1o paso para el peque, un gran paso para la humanidad\u201d. Si te encargas de proporcionarle un entorno seguro, calzado adecuado y, sobre todo,<strong> la libertad de probar y fallar<\/strong>, les estar\u00e1s regalando las bases de una marcha saludable para el resto de su vida. Disfruta de este viaje, c\u00e1mara en mano, pero tambi\u00e9n con los brazos abiertos para recibirlo cuando, tras un peque\u00f1o traspi\u00e9, busque tus abrazos.<\/p>\n\n\n\n<p>&nbsp;<\/p>\n\n\n\n<p><strong>Fuentes:<\/strong><\/p>\n\n\n\n<p><a href=\"https:\/\/www.acofarma.com\/blog\/primeros-pasos-del-bebe\/\" target=\"_blank\" rel=\"noreferrer noopener nofollow\">Primeros pasos del beb\u00e9: etapas y caracter\u00edsticas &#8211; Acofarma<\/a><\/p>\n\n\n\n<p><a href=\"https:\/\/www.criarconsentidocomun.com\/guia-de-los-primeros-pasos-ninos\" target=\"_blank\" rel=\"noreferrer noopener nofollow\">Guia De Los Primeros Pasos Ninos &#8211; Criar con Sentido Com\u00fan<\/a><\/p>\n\n\n\n<p><\/p>\n","protected":false},"excerpt":{"rendered":"Ver a tu hijo ponerse de pie y lanzarse a la aventura de caminar es uno de esos momentos que se quedan grabados en la retina de cualquier madre o padre. Es un instante m\u00e1gico en el que la perspectiva del ni\u00f1o cambia por completo: deja de ver el mundo&#8230; <a class=\"view-article\" href=\"https:\/\/www.suavinex.com\/livingsuavinex\/comenzar_caminar\/\">Ver art\u00edculo<\/a>","protected":false},"author":288,"featured_media":47013,"comment_status":"open","ping_status":"open","sticky":false,"template":"","format":"standard","meta":{"inline_featured_image":false,"footnotes":""},"categories":[2272],"tags":[234,2217],"class_list":["post-6800","post","type-post","status-publish","format-standard","has-post-thumbnail","hentry","category-tips-crianza","tag-bebe","tag-estimulacion-del-bebe"],"yoast_head":"<!-- This site is optimized with the Yoast SEO plugin v26.8 - https:\/\/yoast.com\/product\/yoast-seo-wordpress\/ -->\n<title>Consejos para favorecer la correcta marcha cuando comienza a caminar<\/title>\n<meta name=\"description\" content=\"Ha llegado uno de los momentos m\u00e1s importantes para tu beb\u00e9, \u00a1quiere comenzar a caminar! Ya tiene su primer a\u00f1o y su ansia por explorar es insaciable.\" \/>\n<meta name=\"robots\" content=\"index, follow, max-snippet:-1, max-image-preview:large, max-video-preview:-1\" \/>\n<link rel=\"canonical\" href=\"https:\/\/www.suavinex.com\/livingsuavinex\/comenzar_caminar\/\" \/>\n<meta property=\"og:locale\" content=\"es_ES\" \/>\n<meta property=\"og:type\" content=\"article\" \/>\n<meta property=\"og:title\" content=\"Consejos para favorecer la correcta marcha cuando comienza a caminar\" \/>\n<meta property=\"og:description\" content=\"Ha llegado uno de los momentos m\u00e1s importantes para tu beb\u00e9, \u00a1quiere comenzar a caminar! Ya tiene su primer a\u00f1o y su ansia por explorar es insaciable.\" \/>\n<meta property=\"og:url\" content=\"https:\/\/www.suavinex.com\/livingsuavinex\/comenzar_caminar\/\" \/>\n<meta property=\"og:site_name\" content=\"Living Suavinex\" \/>\n<meta property=\"article:publisher\" content=\"https:\/\/www.facebook.com\/SuavinexSpain\" \/>\n<meta property=\"article:published_time\" content=\"2026-03-17T07:09:00+00:00\" \/>\n<meta property=\"article:modified_time\" content=\"2026-03-25T12:31:02+00:00\" \/>\n<meta property=\"og:image\" content=\"https:\/\/www.suavinex.com\/livingsuavinex\/wp-content\/uploads\/2013\/05\/comenzar-a-caminar-opt.jpg\" \/>\n\t<meta property=\"og:image:width\" content=\"876\" \/>\n\t<meta property=\"og:image:height\" content=\"522\" \/>\n\t<meta property=\"og:image:type\" content=\"image\/jpeg\" \/>\n<meta name=\"author\" content=\"Living Suavinex\" \/>\n<meta name=\"twitter:card\" content=\"summary_large_image\" \/>\n<meta name=\"twitter:creator\" content=\"@SuavinexSpain\" \/>\n<meta name=\"twitter:site\" content=\"@SuavinexSpain\" \/>\n<meta name=\"twitter:label1\" content=\"Escrito por\" \/>\n\t<meta name=\"twitter:data1\" content=\"Living Suavinex\" \/>\n\t<meta name=\"twitter:label2\" content=\"Tiempo de lectura\" \/>\n\t<meta name=\"twitter:data2\" content=\"6 minutos\" \/>\n<script type=\"application\/ld+json\" class=\"yoast-schema-graph\">{\"@context\":\"https:\/\/schema.org\",\"@graph\":[{\"@type\":\"Article\",\"@id\":\"https:\/\/www.suavinex.com\/livingsuavinex\/comenzar_caminar\/#article\",\"isPartOf\":{\"@id\":\"https:\/\/www.suavinex.com\/livingsuavinex\/comenzar_caminar\/\"},\"author\":{\"name\":\"Living Suavinex\",\"@id\":\"https:\/\/www.suavinex.com\/livingsuavinex\/#\/schema\/person\/64fd7b62c88b0024a3ceeffb47f07eb6\"},\"headline\":\"Los primeros pasos del beb\u00e9 y c\u00f3mo asegurar una marcha correcta\",\"datePublished\":\"2026-03-17T07:09:00+00:00\",\"dateModified\":\"2026-03-25T12:31:02+00:00\",\"mainEntityOfPage\":{\"@id\":\"https:\/\/www.suavinex.com\/livingsuavinex\/comenzar_caminar\/\"},\"wordCount\":1309,\"commentCount\":2,\"publisher\":{\"@id\":\"https:\/\/www.suavinex.com\/livingsuavinex\/#organization\"},\"image\":{\"@id\":\"https:\/\/www.suavinex.com\/livingsuavinex\/comenzar_caminar\/#primaryimage\"},\"thumbnailUrl\":\"https:\/\/www.suavinex.com\/livingsuavinex\/wp-content\/uploads\/2013\/05\/primeros_pasos_suavinex.webp\",\"keywords\":[\"Beb\u00e9\",\"Estimulaci\u00f3n del beb\u00e9\"],\"articleSection\":[\"Tips de crianza\"],\"inLanguage\":\"es\"},{\"@type\":\"WebPage\",\"@id\":\"https:\/\/www.suavinex.com\/livingsuavinex\/comenzar_caminar\/\",\"url\":\"https:\/\/www.suavinex.com\/livingsuavinex\/comenzar_caminar\/\",\"name\":\"Consejos para favorecer la correcta marcha cuando comienza a caminar\",\"isPartOf\":{\"@id\":\"https:\/\/www.suavinex.com\/livingsuavinex\/#website\"},\"primaryImageOfPage\":{\"@id\":\"https:\/\/www.suavinex.com\/livingsuavinex\/comenzar_caminar\/#primaryimage\"},\"image\":{\"@id\":\"https:\/\/www.suavinex.com\/livingsuavinex\/comenzar_caminar\/#primaryimage\"},\"thumbnailUrl\":\"https:\/\/www.suavinex.com\/livingsuavinex\/wp-content\/uploads\/2013\/05\/primeros_pasos_suavinex.webp\",\"datePublished\":\"2026-03-17T07:09:00+00:00\",\"dateModified\":\"2026-03-25T12:31:02+00:00\",\"description\":\"Ha llegado uno de los momentos m\u00e1s importantes para tu beb\u00e9, \u00a1quiere comenzar a caminar! Ya tiene su primer a\u00f1o y su ansia por explorar es insaciable.\",\"breadcrumb\":{\"@id\":\"https:\/\/www.suavinex.com\/livingsuavinex\/comenzar_caminar\/#breadcrumb\"},\"inLanguage\":\"es\",\"potentialAction\":[{\"@type\":\"ReadAction\",\"target\":[\"https:\/\/www.suavinex.com\/livingsuavinex\/comenzar_caminar\/\"]}]},{\"@type\":\"ImageObject\",\"inLanguage\":\"es\",\"@id\":\"https:\/\/www.suavinex.com\/livingsuavinex\/comenzar_caminar\/#primaryimage\",\"url\":\"https:\/\/www.suavinex.com\/livingsuavinex\/wp-content\/uploads\/2013\/05\/primeros_pasos_suavinex.webp\",\"contentUrl\":\"https:\/\/www.suavinex.com\/livingsuavinex\/wp-content\/uploads\/2013\/05\/primeros_pasos_suavinex.webp\",\"width\":1280,\"height\":800,\"caption\":\"Los primeros pasos del bebe. Imagen de freepik https:\/\/www.freepik.es\/foto-gratis\/bebe-lindo-dando-sus-primeros-pasos_23670122.htm\"},{\"@type\":\"BreadcrumbList\",\"@id\":\"https:\/\/www.suavinex.com\/livingsuavinex\/comenzar_caminar\/#breadcrumb\",\"itemListElement\":[{\"@type\":\"ListItem\",\"position\":1,\"name\":\"Portada\",\"item\":\"https:\/\/www.suavinex.com\/livingsuavinex\/\"},{\"@type\":\"ListItem\",\"position\":2,\"name\":\"Consejos para favorecer la correcta marcha cuando comienza a caminar\"}]},{\"@type\":\"WebSite\",\"@id\":\"https:\/\/www.suavinex.com\/livingsuavinex\/#website\",\"url\":\"https:\/\/www.suavinex.com\/livingsuavinex\/\",\"name\":\"Living Suavinex\",\"description\":\"| Familias reales\",\"publisher\":{\"@id\":\"https:\/\/www.suavinex.com\/livingsuavinex\/#organization\"},\"potentialAction\":[{\"@type\":\"SearchAction\",\"target\":{\"@type\":\"EntryPoint\",\"urlTemplate\":\"https:\/\/www.suavinex.com\/livingsuavinex\/?s={search_term_string}\"},\"query-input\":{\"@type\":\"PropertyValueSpecification\",\"valueRequired\":true,\"valueName\":\"search_term_string\"}}],\"inLanguage\":\"es\"},{\"@type\":\"Organization\",\"@id\":\"https:\/\/www.suavinex.com\/livingsuavinex\/#organization\",\"name\":\"Suavinex\",\"url\":\"https:\/\/www.suavinex.com\/livingsuavinex\/\",\"logo\":{\"@type\":\"ImageObject\",\"inLanguage\":\"es\",\"@id\":\"https:\/\/www.suavinex.com\/livingsuavinex\/#\/schema\/logo\/image\/\",\"url\":\"https:\/\/www.suavinex.com\/livingsuavinex\/wp-content\/uploads\/2018\/07\/living_sx_logo_mvl.png\",\"contentUrl\":\"https:\/\/www.suavinex.com\/livingsuavinex\/wp-content\/uploads\/2018\/07\/living_sx_logo_mvl.png\",\"width\":350,\"height\":70,\"caption\":\"Suavinex\"},\"image\":{\"@id\":\"https:\/\/www.suavinex.com\/livingsuavinex\/#\/schema\/logo\/image\/\"},\"sameAs\":[\"https:\/\/www.facebook.com\/SuavinexSpain\",\"https:\/\/x.com\/SuavinexSpain\",\"https:\/\/www.instagram.com\/suavinex_spain\/\",\"https:\/\/www.pinterest.es\/SuavinexSpain\/\",\"https:\/\/www.youtube.com\/channel\/UCgeJREx2R_ZvV2aQMrfWgcA\"]},{\"@type\":\"Person\",\"@id\":\"https:\/\/www.suavinex.com\/livingsuavinex\/#\/schema\/person\/64fd7b62c88b0024a3ceeffb47f07eb6\",\"name\":\"Living Suavinex\",\"image\":{\"@type\":\"ImageObject\",\"inLanguage\":\"es\",\"@id\":\"https:\/\/www.suavinex.com\/livingsuavinex\/#\/schema\/person\/image\/\",\"url\":\"https:\/\/www.suavinex.com\/livingsuavinex\/wp-content\/uploads\/2017\/05\/Living-Suavinex_avatar-96x96.png\",\"contentUrl\":\"https:\/\/www.suavinex.com\/livingsuavinex\/wp-content\/uploads\/2017\/05\/Living-Suavinex_avatar-96x96.png\",\"caption\":\"Living Suavinex\"}}]}<\/script>\n<!-- \/ Yoast SEO plugin. -->","yoast_head_json":{"title":"Consejos para favorecer la correcta marcha cuando comienza a caminar","description":"Ha llegado uno de los momentos m\u00e1s importantes para tu beb\u00e9, \u00a1quiere comenzar a caminar! Ya tiene su primer a\u00f1o y su ansia por explorar es insaciable.","robots":{"index":"index","follow":"follow","max-snippet":"max-snippet:-1","max-image-preview":"max-image-preview:large","max-video-preview":"max-video-preview:-1"},"canonical":"https:\/\/www.suavinex.com\/livingsuavinex\/comenzar_caminar\/","og_locale":"es_ES","og_type":"article","og_title":"Consejos para favorecer la correcta marcha cuando comienza a caminar","og_description":"Ha llegado uno de los momentos m\u00e1s importantes para tu beb\u00e9, \u00a1quiere comenzar a caminar! Ya tiene su primer a\u00f1o y su ansia por explorar es insaciable.","og_url":"https:\/\/www.suavinex.com\/livingsuavinex\/comenzar_caminar\/","og_site_name":"Living Suavinex","article_publisher":"https:\/\/www.facebook.com\/SuavinexSpain","article_published_time":"2026-03-17T07:09:00+00:00","article_modified_time":"2026-03-25T12:31:02+00:00","og_image":[{"width":876,"height":522,"url":"https:\/\/www.suavinex.com\/livingsuavinex\/wp-content\/uploads\/2013\/05\/comenzar-a-caminar-opt.jpg","type":"image\/jpeg"}],"author":"Living Suavinex","twitter_card":"summary_large_image","twitter_creator":"@SuavinexSpain","twitter_site":"@SuavinexSpain","twitter_misc":{"Escrito por":"Living Suavinex","Tiempo de lectura":"6 minutos"},"schema":{"@context":"https:\/\/schema.org","@graph":[{"@type":"Article","@id":"https:\/\/www.suavinex.com\/livingsuavinex\/comenzar_caminar\/#article","isPartOf":{"@id":"https:\/\/www.suavinex.com\/livingsuavinex\/comenzar_caminar\/"},"author":{"name":"Living Suavinex","@id":"https:\/\/www.suavinex.com\/livingsuavinex\/#\/schema\/person\/64fd7b62c88b0024a3ceeffb47f07eb6"},"headline":"Los primeros pasos del beb\u00e9 y c\u00f3mo asegurar una marcha correcta","datePublished":"2026-03-17T07:09:00+00:00","dateModified":"2026-03-25T12:31:02+00:00","mainEntityOfPage":{"@id":"https:\/\/www.suavinex.com\/livingsuavinex\/comenzar_caminar\/"},"wordCount":1309,"commentCount":2,"publisher":{"@id":"https:\/\/www.suavinex.com\/livingsuavinex\/#organization"},"image":{"@id":"https:\/\/www.suavinex.com\/livingsuavinex\/comenzar_caminar\/#primaryimage"},"thumbnailUrl":"https:\/\/www.suavinex.com\/livingsuavinex\/wp-content\/uploads\/2013\/05\/primeros_pasos_suavinex.webp","keywords":["Beb\u00e9","Estimulaci\u00f3n del beb\u00e9"],"articleSection":["Tips de crianza"],"inLanguage":"es"},{"@type":"WebPage","@id":"https:\/\/www.suavinex.com\/livingsuavinex\/comenzar_caminar\/","url":"https:\/\/www.suavinex.com\/livingsuavinex\/comenzar_caminar\/","name":"Consejos para favorecer la correcta marcha cuando comienza a caminar","isPartOf":{"@id":"https:\/\/www.suavinex.com\/livingsuavinex\/#website"},"primaryImageOfPage":{"@id":"https:\/\/www.suavinex.com\/livingsuavinex\/comenzar_caminar\/#primaryimage"},"image":{"@id":"https:\/\/www.suavinex.com\/livingsuavinex\/comenzar_caminar\/#primaryimage"},"thumbnailUrl":"https:\/\/www.suavinex.com\/livingsuavinex\/wp-content\/uploads\/2013\/05\/primeros_pasos_suavinex.webp","datePublished":"2026-03-17T07:09:00+00:00","dateModified":"2026-03-25T12:31:02+00:00","description":"Ha llegado uno de los momentos m\u00e1s importantes para tu beb\u00e9, \u00a1quiere comenzar a caminar! Ya tiene su primer a\u00f1o y su ansia por explorar es insaciable.","breadcrumb":{"@id":"https:\/\/www.suavinex.com\/livingsuavinex\/comenzar_caminar\/#breadcrumb"},"inLanguage":"es","potentialAction":[{"@type":"ReadAction","target":["https:\/\/www.suavinex.com\/livingsuavinex\/comenzar_caminar\/"]}]},{"@type":"ImageObject","inLanguage":"es","@id":"https:\/\/www.suavinex.com\/livingsuavinex\/comenzar_caminar\/#primaryimage","url":"https:\/\/www.suavinex.com\/livingsuavinex\/wp-content\/uploads\/2013\/05\/primeros_pasos_suavinex.webp","contentUrl":"https:\/\/www.suavinex.com\/livingsuavinex\/wp-content\/uploads\/2013\/05\/primeros_pasos_suavinex.webp","width":1280,"height":800,"caption":"Los primeros pasos del bebe. Imagen de freepik https:\/\/www.freepik.es\/foto-gratis\/bebe-lindo-dando-sus-primeros-pasos_23670122.htm"},{"@type":"BreadcrumbList","@id":"https:\/\/www.suavinex.com\/livingsuavinex\/comenzar_caminar\/#breadcrumb","itemListElement":[{"@type":"ListItem","position":1,"name":"Portada","item":"https:\/\/www.suavinex.com\/livingsuavinex\/"},{"@type":"ListItem","position":2,"name":"Consejos para favorecer la correcta marcha cuando comienza a caminar"}]},{"@type":"WebSite","@id":"https:\/\/www.suavinex.com\/livingsuavinex\/#website","url":"https:\/\/www.suavinex.com\/livingsuavinex\/","name":"Living Suavinex","description":"| Familias reales","publisher":{"@id":"https:\/\/www.suavinex.com\/livingsuavinex\/#organization"},"potentialAction":[{"@type":"SearchAction","target":{"@type":"EntryPoint","urlTemplate":"https:\/\/www.suavinex.com\/livingsuavinex\/?s={search_term_string}"},"query-input":{"@type":"PropertyValueSpecification","valueRequired":true,"valueName":"search_term_string"}}],"inLanguage":"es"},{"@type":"Organization","@id":"https:\/\/www.suavinex.com\/livingsuavinex\/#organization","name":"Suavinex","url":"https:\/\/www.suavinex.com\/livingsuavinex\/","logo":{"@type":"ImageObject","inLanguage":"es","@id":"https:\/\/www.suavinex.com\/livingsuavinex\/#\/schema\/logo\/image\/","url":"https:\/\/www.suavinex.com\/livingsuavinex\/wp-content\/uploads\/2018\/07\/living_sx_logo_mvl.png","contentUrl":"https:\/\/www.suavinex.com\/livingsuavinex\/wp-content\/uploads\/2018\/07\/living_sx_logo_mvl.png","width":350,"height":70,"caption":"Suavinex"},"image":{"@id":"https:\/\/www.suavinex.com\/livingsuavinex\/#\/schema\/logo\/image\/"},"sameAs":["https:\/\/www.facebook.com\/SuavinexSpain","https:\/\/x.com\/SuavinexSpain","https:\/\/www.instagram.com\/suavinex_spain\/","https:\/\/www.pinterest.es\/SuavinexSpain\/","https:\/\/www.youtube.com\/channel\/UCgeJREx2R_ZvV2aQMrfWgcA"]},{"@type":"Person","@id":"https:\/\/www.suavinex.com\/livingsuavinex\/#\/schema\/person\/64fd7b62c88b0024a3ceeffb47f07eb6","name":"Living Suavinex","image":{"@type":"ImageObject","inLanguage":"es","@id":"https:\/\/www.suavinex.com\/livingsuavinex\/#\/schema\/person\/image\/","url":"https:\/\/www.suavinex.com\/livingsuavinex\/wp-content\/uploads\/2017\/05\/Living-Suavinex_avatar-96x96.png","contentUrl":"https:\/\/www.suavinex.com\/livingsuavinex\/wp-content\/uploads\/2017\/05\/Living-Suavinex_avatar-96x96.png","caption":"Living Suavinex"}}]}},"_links":{"self":[{"href":"https:\/\/www.suavinex.com\/livingsuavinex\/wp-json\/wp\/v2\/posts\/6800","targetHints":{"allow":["GET"]}}],"collection":[{"href":"https:\/\/www.suavinex.com\/livingsuavinex\/wp-json\/wp\/v2\/posts"}],"about":[{"href":"https:\/\/www.suavinex.com\/livingsuavinex\/wp-json\/wp\/v2\/types\/post"}],"author":[{"embeddable":true,"href":"https:\/\/www.suavinex.com\/livingsuavinex\/wp-json\/wp\/v2\/users\/288"}],"replies":[{"embeddable":true,"href":"https:\/\/www.suavinex.com\/livingsuavinex\/wp-json\/wp\/v2\/comments?post=6800"}],"version-history":[{"count":11,"href":"https:\/\/www.suavinex.com\/livingsuavinex\/wp-json\/wp\/v2\/posts\/6800\/revisions"}],"predecessor-version":[{"id":47015,"href":"https:\/\/www.suavinex.com\/livingsuavinex\/wp-json\/wp\/v2\/posts\/6800\/revisions\/47015"}],"wp:featuredmedia":[{"embeddable":true,"href":"https:\/\/www.suavinex.com\/livingsuavinex\/wp-json\/wp\/v2\/media\/47013"}],"wp:attachment":[{"href":"https:\/\/www.suavinex.com\/livingsuavinex\/wp-json\/wp\/v2\/media?parent=6800"}],"wp:term":[{"taxonomy":"category","embeddable":true,"href":"https:\/\/www.suavinex.com\/livingsuavinex\/wp-json\/wp\/v2\/categories?post=6800"},{"taxonomy":"post_tag","embeddable":true,"href":"https:\/\/www.suavinex.com\/livingsuavinex\/wp-json\/wp\/v2\/tags?post=6800"}],"curies":[{"name":"wp","href":"https:\/\/api.w.org\/{rel}","templated":true}]}}