{"id":6348,"date":"2013-04-23T08:07:51","date_gmt":"2013-04-23T06:07:51","guid":{"rendered":"https:\/\/www.suavinex.com\/livingsuavinex\/?p=6348"},"modified":"2019-07-23T11:30:58","modified_gmt":"2019-07-23T09:30:58","slug":"pediatria-maternidad","status":"publish","type":"post","link":"https:\/\/www.suavinex.com\/livingsuavinex\/pediatria-maternidad\/","title":{"rendered":"Pediatr\u00eda y maternidad en red: conclusiones y novedades"},"content":{"rendered":"<p><span style=\"line-height: 1.5em;\">Por <\/span><a style=\"line-height: 1.5em;\" href=\"http:\/\/www.dra-amalia-arce.com\/\" target=\"_blank\" rel=\"noopener noreferrer\">Diario de una mam\u00e1 pediatra<\/a><\/p>\n<p>El pasado mes de octubre tuvo lugar la <strong><a href=\"http:\/\/proyectopediatic.blogspot.com.es\/\" target=\"_blank\" rel=\"noopener noreferrer\">primera jornada PediaTIC<\/a><\/strong>, en la cual un tr\u00edo de pediatras: <a href=\"https:\/\/twitter.com\/capbert\" target=\"_blank\" rel=\"noopener noreferrer\">Ramon Capdevila<\/a>, <a href=\"http:\/\/elmedicodemihijo.wordpress.com\/\" target=\"_blank\" rel=\"noopener noreferrer\">Jes\u00fas Mart\u00ednez<\/a> y <a href=\"http:\/\/www.dra-amalia-arce.com\/\" target=\"_blank\" rel=\"noopener noreferrer\">yo<\/a> misma, nos liamos la manta a la cabeza y organizamos un evento independiente de las instituciones cl\u00e1sicas. En <strong><a href=\"http:\/\/pediatic.com\/\" target=\"_blank\" rel=\"noopener noreferrer\">PediaTIC<\/a><\/strong> intentamos aglutinar a los tres principales colectivos implicados en la <strong>salud<\/strong>, la <strong>crianza<\/strong> y el <strong>bienestar<\/strong> de los ni\u00f1os: escuela, pediatras y padres y madres, con las posibilidades que nos ofrecen las <strong>nuevas tecnolog\u00edas<\/strong> (TIC).<\/p>\n<p>En las semanas previas hubo momentos de incertidumbre. Por un lado todo lo que form\u00f3 parte de la organizaci\u00f3n estuvo en nuestras inexpertas manos; con lo cual asumimos una enorme responsabilidad. Otro de los compromisos que adquirimos fue hacer algo diferente a los <strong>congresos m\u00e9dicos<\/strong> al uso. Principalmente por la utilizaci\u00f3n de un formato diferente; as\u00ed como por la necesidad imperiosa que ten\u00edamos de dar voz a muchas personas y colectivos que intervienen en la <strong>salud infantil<\/strong>. Todo esto a bajo coste y sin que hubiera demasiados humos comerciales.<\/p>\n<p>Finalmente acab\u00f3 siendo un encuentro de muchos blogueros, que articulamos entorno a tres mesas. Una <strong>mesa redonda propiamente de salud<\/strong>, una <strong>mesa de educaci\u00f3n\/escuela<\/strong> y una <strong>mesa de madres blogueras<\/strong>. La asistencia del p\u00fablico fue espectacular. Conseguimos motivar a muchos compa\u00f1eros pediatras y enfermeras para venir a pasarse el d\u00eda con nosotros.<\/p>\n<p>Desde el principio tuve claro que quer\u00eda moderar la <strong>mesa de maternidad<\/strong>.\u00a0Le pusimos por t\u00edtulo <strong>La tribu: padres, pediatras y sociedad juntos en la crianza<\/strong>. En ella tuve oportunidad de conocer (lo que se ha venido a llamar \u201c<em>desvirtualizar<\/em>\u201d) a personas a las que le\u00eda en la distancia y de las que he aprendido muchas cosas y a las que me un\u00eda un gran cari\u00f1o. No hace falta decir que disfrut\u00e9 much\u00edsimo.<\/p>\n<p>Despu\u00e9s de <strong><a href=\"http:\/\/pediatic.com\/\" target=\"_blank\" rel=\"noopener noreferrer\">PediaTIC<\/a><\/strong> ya no me cabe ninguna duda de que <strong>padres y pediatras estamos en el mismo barco<\/strong>. Que a pesar de las distancias que pongan algunos, el camino tenemos que hacerlo juntos. Mucho m\u00e1s que la necesidad de tecnolog\u00edas \u2013que nos facilitan mucho algunas labores- es necesaria una <strong>actitud de encuentro y de colaboraci\u00f3n. <\/strong>Y en eso creo que toda la blogosfera pedi\u00e1trica, as\u00ed como una parte importante de las madres blogueras estamos actuando a modo de bisagra.<\/p>\n<p>\u00bfY en qu\u00e9 queda todo esto? Pues para m\u00ed por un lado en el establecimiento de redes personales y profesionales m\u00e1s all\u00e1 de internet. Tambi\u00e9n en el convencimiento \u2013quiz\u00e1 peco de ingenua- de que hay algunas cosas que se est\u00e1n moviendo. Y por supuesto en saber que este proyecto tiene continuidad. Tras la jornada qued\u00f3 como <em>secuela<\/em> una p\u00e1gina web <a href=\"http:\/\/www.pediatic.com\/\" target=\"_blank\" rel=\"noopener noreferrer\">www.pediatic.com<\/a> en la que diferentes profesionales que asistieron al evento y otros que se han subido al carro, van haciendo aportaciones peri\u00f3dicas. Adem\u00e1s, y esto es (casi) un <strong>secreto<\/strong>, os adelanto que <strong>habr\u00e1 un segundo PediaTIC<\/strong> en el que ya estamos trabajando para hacer de nuevo algo fresco, novedoso y transversal en este apasionante mundo de la infancia.<\/p>\n<p>Para m\u00e1s informaci\u00f3n:<\/p>\n<p>P\u00e1gina de PediaTIC: <a href=\"http:\/\/pediatic.com\/\">http:\/\/pediatic.com\/<\/a><\/p>\n<p>Todo sobre la primera jornada: <a href=\"http:\/\/proyectopediatic.blogspot.com.es\/\">http:\/\/proyectopediatic.blogspot.com.es\/<\/a><\/p>\n<p>Si quieres ver los v\u00eddeos: http:\/\/agoranews.es\/eventos\/pediatic-0<\/p>\n","protected":false},"excerpt":{"rendered":"Por Diario de una mam\u00e1 pediatra El pasado mes de octubre tuvo lugar la primera jornada PediaTIC, en la cual un tr\u00edo de pediatras: Ramon Capdevila, Jes\u00fas Mart\u00ednez y yo misma, nos liamos la manta a la cabeza y organizamos un evento independiente de las instituciones cl\u00e1sicas. En PediaTIC intentamos&#8230; <a class=\"view-article\" href=\"https:\/\/www.suavinex.com\/livingsuavinex\/pediatria-maternidad\/\">Ver art\u00edculo<\/a>","protected":false},"author":288,"featured_media":22229,"comment_status":"open","ping_status":"open","sticky":false,"template":"","format":"standard","meta":{"inline_featured_image":false,"footnotes":""},"categories":[2272],"tags":[9,944],"class_list":["post-6348","post","type-post","status-publish","format-standard","has-post-thumbnail","hentry","category-tips-crianza","tag-maternidad","tag-salud"],"yoast_head":"<!-- This site is optimized with the Yoast SEO plugin v26.8 - https:\/\/yoast.com\/product\/yoast-seo-wordpress\/ -->\n<title>Pediatr\u00eda y maternidad en red: conclusiones y novedades | Living Suavinex<\/title>\n<meta name=\"description\" content=\"Despu\u00e9s de PediaTIC ya no me cabe ninguna duda de que padres y pediatras estamos en el mismo barco. El camino tenemos que hacerlo juntos.\" \/>\n<meta name=\"robots\" content=\"index, follow, max-snippet:-1, max-image-preview:large, max-video-preview:-1\" \/>\n<link rel=\"canonical\" href=\"https:\/\/www.suavinex.com\/livingsuavinex\/pediatria-maternidad\/\" \/>\n<meta property=\"og:locale\" content=\"es_ES\" \/>\n<meta property=\"og:type\" content=\"article\" \/>\n<meta property=\"og:title\" content=\"Pediatr\u00eda y maternidad en red: conclusiones y novedades | Living Suavinex\" \/>\n<meta property=\"og:description\" content=\"Despu\u00e9s de PediaTIC ya no me cabe ninguna duda de que padres y pediatras estamos en el mismo barco. El camino tenemos que hacerlo juntos.\" \/>\n<meta property=\"og:url\" content=\"https:\/\/www.suavinex.com\/livingsuavinex\/pediatria-maternidad\/\" \/>\n<meta property=\"og:site_name\" content=\"Living Suavinex\" \/>\n<meta property=\"article:publisher\" content=\"https:\/\/www.facebook.com\/SuavinexSpain\" \/>\n<meta property=\"article:published_time\" content=\"2013-04-23T06:07:51+00:00\" \/>\n<meta property=\"article:modified_time\" content=\"2019-07-23T09:30:58+00:00\" \/>\n<meta property=\"og:image\" content=\"https:\/\/www.suavinex.com\/livingsuavinex\/wp-content\/uploads\/2012\/10\/maternidad-antes-30-opt.jpg\" \/>\n\t<meta property=\"og:image:width\" content=\"875\" \/>\n\t<meta property=\"og:image:height\" content=\"526\" \/>\n\t<meta property=\"og:image:type\" content=\"image\/jpeg\" \/>\n<meta name=\"author\" content=\"Living Suavinex\" \/>\n<meta name=\"twitter:card\" content=\"summary_large_image\" \/>\n<meta name=\"twitter:creator\" content=\"@SuavinexSpain\" \/>\n<meta name=\"twitter:site\" content=\"@SuavinexSpain\" \/>\n<meta name=\"twitter:label1\" content=\"Escrito por\" \/>\n\t<meta name=\"twitter:data1\" content=\"Living Suavinex\" \/>\n\t<meta name=\"twitter:label2\" content=\"Tiempo de lectura\" \/>\n\t<meta name=\"twitter:data2\" content=\"3 minutos\" \/>\n<script type=\"application\/ld+json\" class=\"yoast-schema-graph\">{\"@context\":\"https:\/\/schema.org\",\"@graph\":[{\"@type\":\"Article\",\"@id\":\"https:\/\/www.suavinex.com\/livingsuavinex\/pediatria-maternidad\/#article\",\"isPartOf\":{\"@id\":\"https:\/\/www.suavinex.com\/livingsuavinex\/pediatria-maternidad\/\"},\"author\":{\"name\":\"Living Suavinex\",\"@id\":\"https:\/\/www.suavinex.com\/livingsuavinex\/#\/schema\/person\/64fd7b62c88b0024a3ceeffb47f07eb6\"},\"headline\":\"Pediatr\u00eda y maternidad en red: conclusiones y novedades\",\"datePublished\":\"2013-04-23T06:07:51+00:00\",\"dateModified\":\"2019-07-23T09:30:58+00:00\",\"mainEntityOfPage\":{\"@id\":\"https:\/\/www.suavinex.com\/livingsuavinex\/pediatria-maternidad\/\"},\"wordCount\":572,\"commentCount\":0,\"publisher\":{\"@id\":\"https:\/\/www.suavinex.com\/livingsuavinex\/#organization\"},\"image\":{\"@id\":\"https:\/\/www.suavinex.com\/livingsuavinex\/pediatria-maternidad\/#primaryimage\"},\"thumbnailUrl\":\"https:\/\/www.suavinex.com\/livingsuavinex\/wp-content\/uploads\/2012\/10\/maternidad-antes-30-opt.jpg\",\"keywords\":[\"Maternidad\",\"Salud\"],\"articleSection\":[\"Tips de crianza\"],\"inLanguage\":\"es\"},{\"@type\":\"WebPage\",\"@id\":\"https:\/\/www.suavinex.com\/livingsuavinex\/pediatria-maternidad\/\",\"url\":\"https:\/\/www.suavinex.com\/livingsuavinex\/pediatria-maternidad\/\",\"name\":\"Pediatr\u00eda y maternidad en red: conclusiones y novedades | Living Suavinex\",\"isPartOf\":{\"@id\":\"https:\/\/www.suavinex.com\/livingsuavinex\/#website\"},\"primaryImageOfPage\":{\"@id\":\"https:\/\/www.suavinex.com\/livingsuavinex\/pediatria-maternidad\/#primaryimage\"},\"image\":{\"@id\":\"https:\/\/www.suavinex.com\/livingsuavinex\/pediatria-maternidad\/#primaryimage\"},\"thumbnailUrl\":\"https:\/\/www.suavinex.com\/livingsuavinex\/wp-content\/uploads\/2012\/10\/maternidad-antes-30-opt.jpg\",\"datePublished\":\"2013-04-23T06:07:51+00:00\",\"dateModified\":\"2019-07-23T09:30:58+00:00\",\"description\":\"Despu\u00e9s de PediaTIC ya no me cabe ninguna duda de que padres y pediatras estamos en el mismo barco. El camino tenemos que hacerlo juntos.\",\"breadcrumb\":{\"@id\":\"https:\/\/www.suavinex.com\/livingsuavinex\/pediatria-maternidad\/#breadcrumb\"},\"inLanguage\":\"es\",\"potentialAction\":[{\"@type\":\"ReadAction\",\"target\":[\"https:\/\/www.suavinex.com\/livingsuavinex\/pediatria-maternidad\/\"]}]},{\"@type\":\"ImageObject\",\"inLanguage\":\"es\",\"@id\":\"https:\/\/www.suavinex.com\/livingsuavinex\/pediatria-maternidad\/#primaryimage\",\"url\":\"https:\/\/www.suavinex.com\/livingsuavinex\/wp-content\/uploads\/2012\/10\/maternidad-antes-30-opt.jpg\",\"contentUrl\":\"https:\/\/www.suavinex.com\/livingsuavinex\/wp-content\/uploads\/2012\/10\/maternidad-antes-30-opt.jpg\",\"width\":875,\"height\":526},{\"@type\":\"BreadcrumbList\",\"@id\":\"https:\/\/www.suavinex.com\/livingsuavinex\/pediatria-maternidad\/#breadcrumb\",\"itemListElement\":[{\"@type\":\"ListItem\",\"position\":1,\"name\":\"Portada\",\"item\":\"https:\/\/www.suavinex.com\/livingsuavinex\/\"},{\"@type\":\"ListItem\",\"position\":2,\"name\":\"Pediatr\u00eda y maternidad en red: conclusiones y novedades\"}]},{\"@type\":\"WebSite\",\"@id\":\"https:\/\/www.suavinex.com\/livingsuavinex\/#website\",\"url\":\"https:\/\/www.suavinex.com\/livingsuavinex\/\",\"name\":\"Living Suavinex\",\"description\":\"| Familias reales\",\"publisher\":{\"@id\":\"https:\/\/www.suavinex.com\/livingsuavinex\/#organization\"},\"potentialAction\":[{\"@type\":\"SearchAction\",\"target\":{\"@type\":\"EntryPoint\",\"urlTemplate\":\"https:\/\/www.suavinex.com\/livingsuavinex\/?s={search_term_string}\"},\"query-input\":{\"@type\":\"PropertyValueSpecification\",\"valueRequired\":true,\"valueName\":\"search_term_string\"}}],\"inLanguage\":\"es\"},{\"@type\":\"Organization\",\"@id\":\"https:\/\/www.suavinex.com\/livingsuavinex\/#organization\",\"name\":\"Suavinex\",\"url\":\"https:\/\/www.suavinex.com\/livingsuavinex\/\",\"logo\":{\"@type\":\"ImageObject\",\"inLanguage\":\"es\",\"@id\":\"https:\/\/www.suavinex.com\/livingsuavinex\/#\/schema\/logo\/image\/\",\"url\":\"https:\/\/www.suavinex.com\/livingsuavinex\/wp-content\/uploads\/2018\/07\/living_sx_logo_mvl.png\",\"contentUrl\":\"https:\/\/www.suavinex.com\/livingsuavinex\/wp-content\/uploads\/2018\/07\/living_sx_logo_mvl.png\",\"width\":350,\"height\":70,\"caption\":\"Suavinex\"},\"image\":{\"@id\":\"https:\/\/www.suavinex.com\/livingsuavinex\/#\/schema\/logo\/image\/\"},\"sameAs\":[\"https:\/\/www.facebook.com\/SuavinexSpain\",\"https:\/\/x.com\/SuavinexSpain\",\"https:\/\/www.instagram.com\/suavinex_spain\/\",\"https:\/\/www.pinterest.es\/SuavinexSpain\/\",\"https:\/\/www.youtube.com\/channel\/UCgeJREx2R_ZvV2aQMrfWgcA\"]},{\"@type\":\"Person\",\"@id\":\"https:\/\/www.suavinex.com\/livingsuavinex\/#\/schema\/person\/64fd7b62c88b0024a3ceeffb47f07eb6\",\"name\":\"Living Suavinex\",\"image\":{\"@type\":\"ImageObject\",\"inLanguage\":\"es\",\"@id\":\"https:\/\/www.suavinex.com\/livingsuavinex\/#\/schema\/person\/image\/\",\"url\":\"https:\/\/www.suavinex.com\/livingsuavinex\/wp-content\/uploads\/2017\/05\/Living-Suavinex_avatar-96x96.png\",\"contentUrl\":\"https:\/\/www.suavinex.com\/livingsuavinex\/wp-content\/uploads\/2017\/05\/Living-Suavinex_avatar-96x96.png\",\"caption\":\"Living Suavinex\"}}]}<\/script>\n<!-- \/ Yoast SEO plugin. -->","yoast_head_json":{"title":"Pediatr\u00eda y maternidad en red: conclusiones y novedades | Living Suavinex","description":"Despu\u00e9s de PediaTIC ya no me cabe ninguna duda de que padres y pediatras estamos en el mismo barco. El camino tenemos que hacerlo juntos.","robots":{"index":"index","follow":"follow","max-snippet":"max-snippet:-1","max-image-preview":"max-image-preview:large","max-video-preview":"max-video-preview:-1"},"canonical":"https:\/\/www.suavinex.com\/livingsuavinex\/pediatria-maternidad\/","og_locale":"es_ES","og_type":"article","og_title":"Pediatr\u00eda y maternidad en red: conclusiones y novedades | Living Suavinex","og_description":"Despu\u00e9s de PediaTIC ya no me cabe ninguna duda de que padres y pediatras estamos en el mismo barco. El camino tenemos que hacerlo juntos.","og_url":"https:\/\/www.suavinex.com\/livingsuavinex\/pediatria-maternidad\/","og_site_name":"Living Suavinex","article_publisher":"https:\/\/www.facebook.com\/SuavinexSpain","article_published_time":"2013-04-23T06:07:51+00:00","article_modified_time":"2019-07-23T09:30:58+00:00","og_image":[{"width":875,"height":526,"url":"https:\/\/www.suavinex.com\/livingsuavinex\/wp-content\/uploads\/2012\/10\/maternidad-antes-30-opt.jpg","type":"image\/jpeg"}],"author":"Living Suavinex","twitter_card":"summary_large_image","twitter_creator":"@SuavinexSpain","twitter_site":"@SuavinexSpain","twitter_misc":{"Escrito por":"Living Suavinex","Tiempo de lectura":"3 minutos"},"schema":{"@context":"https:\/\/schema.org","@graph":[{"@type":"Article","@id":"https:\/\/www.suavinex.com\/livingsuavinex\/pediatria-maternidad\/#article","isPartOf":{"@id":"https:\/\/www.suavinex.com\/livingsuavinex\/pediatria-maternidad\/"},"author":{"name":"Living Suavinex","@id":"https:\/\/www.suavinex.com\/livingsuavinex\/#\/schema\/person\/64fd7b62c88b0024a3ceeffb47f07eb6"},"headline":"Pediatr\u00eda y maternidad en red: conclusiones y novedades","datePublished":"2013-04-23T06:07:51+00:00","dateModified":"2019-07-23T09:30:58+00:00","mainEntityOfPage":{"@id":"https:\/\/www.suavinex.com\/livingsuavinex\/pediatria-maternidad\/"},"wordCount":572,"commentCount":0,"publisher":{"@id":"https:\/\/www.suavinex.com\/livingsuavinex\/#organization"},"image":{"@id":"https:\/\/www.suavinex.com\/livingsuavinex\/pediatria-maternidad\/#primaryimage"},"thumbnailUrl":"https:\/\/www.suavinex.com\/livingsuavinex\/wp-content\/uploads\/2012\/10\/maternidad-antes-30-opt.jpg","keywords":["Maternidad","Salud"],"articleSection":["Tips de crianza"],"inLanguage":"es"},{"@type":"WebPage","@id":"https:\/\/www.suavinex.com\/livingsuavinex\/pediatria-maternidad\/","url":"https:\/\/www.suavinex.com\/livingsuavinex\/pediatria-maternidad\/","name":"Pediatr\u00eda y maternidad en red: conclusiones y novedades | Living Suavinex","isPartOf":{"@id":"https:\/\/www.suavinex.com\/livingsuavinex\/#website"},"primaryImageOfPage":{"@id":"https:\/\/www.suavinex.com\/livingsuavinex\/pediatria-maternidad\/#primaryimage"},"image":{"@id":"https:\/\/www.suavinex.com\/livingsuavinex\/pediatria-maternidad\/#primaryimage"},"thumbnailUrl":"https:\/\/www.suavinex.com\/livingsuavinex\/wp-content\/uploads\/2012\/10\/maternidad-antes-30-opt.jpg","datePublished":"2013-04-23T06:07:51+00:00","dateModified":"2019-07-23T09:30:58+00:00","description":"Despu\u00e9s de PediaTIC ya no me cabe ninguna duda de que padres y pediatras estamos en el mismo barco. El camino tenemos que hacerlo juntos.","breadcrumb":{"@id":"https:\/\/www.suavinex.com\/livingsuavinex\/pediatria-maternidad\/#breadcrumb"},"inLanguage":"es","potentialAction":[{"@type":"ReadAction","target":["https:\/\/www.suavinex.com\/livingsuavinex\/pediatria-maternidad\/"]}]},{"@type":"ImageObject","inLanguage":"es","@id":"https:\/\/www.suavinex.com\/livingsuavinex\/pediatria-maternidad\/#primaryimage","url":"https:\/\/www.suavinex.com\/livingsuavinex\/wp-content\/uploads\/2012\/10\/maternidad-antes-30-opt.jpg","contentUrl":"https:\/\/www.suavinex.com\/livingsuavinex\/wp-content\/uploads\/2012\/10\/maternidad-antes-30-opt.jpg","width":875,"height":526},{"@type":"BreadcrumbList","@id":"https:\/\/www.suavinex.com\/livingsuavinex\/pediatria-maternidad\/#breadcrumb","itemListElement":[{"@type":"ListItem","position":1,"name":"Portada","item":"https:\/\/www.suavinex.com\/livingsuavinex\/"},{"@type":"ListItem","position":2,"name":"Pediatr\u00eda y maternidad en red: conclusiones y novedades"}]},{"@type":"WebSite","@id":"https:\/\/www.suavinex.com\/livingsuavinex\/#website","url":"https:\/\/www.suavinex.com\/livingsuavinex\/","name":"Living Suavinex","description":"| Familias reales","publisher":{"@id":"https:\/\/www.suavinex.com\/livingsuavinex\/#organization"},"potentialAction":[{"@type":"SearchAction","target":{"@type":"EntryPoint","urlTemplate":"https:\/\/www.suavinex.com\/livingsuavinex\/?s={search_term_string}"},"query-input":{"@type":"PropertyValueSpecification","valueRequired":true,"valueName":"search_term_string"}}],"inLanguage":"es"},{"@type":"Organization","@id":"https:\/\/www.suavinex.com\/livingsuavinex\/#organization","name":"Suavinex","url":"https:\/\/www.suavinex.com\/livingsuavinex\/","logo":{"@type":"ImageObject","inLanguage":"es","@id":"https:\/\/www.suavinex.com\/livingsuavinex\/#\/schema\/logo\/image\/","url":"https:\/\/www.suavinex.com\/livingsuavinex\/wp-content\/uploads\/2018\/07\/living_sx_logo_mvl.png","contentUrl":"https:\/\/www.suavinex.com\/livingsuavinex\/wp-content\/uploads\/2018\/07\/living_sx_logo_mvl.png","width":350,"height":70,"caption":"Suavinex"},"image":{"@id":"https:\/\/www.suavinex.com\/livingsuavinex\/#\/schema\/logo\/image\/"},"sameAs":["https:\/\/www.facebook.com\/SuavinexSpain","https:\/\/x.com\/SuavinexSpain","https:\/\/www.instagram.com\/suavinex_spain\/","https:\/\/www.pinterest.es\/SuavinexSpain\/","https:\/\/www.youtube.com\/channel\/UCgeJREx2R_ZvV2aQMrfWgcA"]},{"@type":"Person","@id":"https:\/\/www.suavinex.com\/livingsuavinex\/#\/schema\/person\/64fd7b62c88b0024a3ceeffb47f07eb6","name":"Living Suavinex","image":{"@type":"ImageObject","inLanguage":"es","@id":"https:\/\/www.suavinex.com\/livingsuavinex\/#\/schema\/person\/image\/","url":"https:\/\/www.suavinex.com\/livingsuavinex\/wp-content\/uploads\/2017\/05\/Living-Suavinex_avatar-96x96.png","contentUrl":"https:\/\/www.suavinex.com\/livingsuavinex\/wp-content\/uploads\/2017\/05\/Living-Suavinex_avatar-96x96.png","caption":"Living Suavinex"}}]}},"_links":{"self":[{"href":"https:\/\/www.suavinex.com\/livingsuavinex\/wp-json\/wp\/v2\/posts\/6348","targetHints":{"allow":["GET"]}}],"collection":[{"href":"https:\/\/www.suavinex.com\/livingsuavinex\/wp-json\/wp\/v2\/posts"}],"about":[{"href":"https:\/\/www.suavinex.com\/livingsuavinex\/wp-json\/wp\/v2\/types\/post"}],"author":[{"embeddable":true,"href":"https:\/\/www.suavinex.com\/livingsuavinex\/wp-json\/wp\/v2\/users\/288"}],"replies":[{"embeddable":true,"href":"https:\/\/www.suavinex.com\/livingsuavinex\/wp-json\/wp\/v2\/comments?post=6348"}],"version-history":[{"count":7,"href":"https:\/\/www.suavinex.com\/livingsuavinex\/wp-json\/wp\/v2\/posts\/6348\/revisions"}],"predecessor-version":[{"id":23088,"href":"https:\/\/www.suavinex.com\/livingsuavinex\/wp-json\/wp\/v2\/posts\/6348\/revisions\/23088"}],"wp:featuredmedia":[{"embeddable":true,"href":"https:\/\/www.suavinex.com\/livingsuavinex\/wp-json\/wp\/v2\/media\/22229"}],"wp:attachment":[{"href":"https:\/\/www.suavinex.com\/livingsuavinex\/wp-json\/wp\/v2\/media?parent=6348"}],"wp:term":[{"taxonomy":"category","embeddable":true,"href":"https:\/\/www.suavinex.com\/livingsuavinex\/wp-json\/wp\/v2\/categories?post=6348"},{"taxonomy":"post_tag","embeddable":true,"href":"https:\/\/www.suavinex.com\/livingsuavinex\/wp-json\/wp\/v2\/tags?post=6348"}],"curies":[{"name":"wp","href":"https:\/\/api.w.org\/{rel}","templated":true}]}}