{"id":6171,"date":"2025-05-30T11:00:16","date_gmt":"2025-05-30T09:00:16","guid":{"rendered":"https:\/\/www.suavinex.com\/livingsuavinex\/?p=6171"},"modified":"2025-05-30T11:00:17","modified_gmt":"2025-05-30T09:00:17","slug":"cuidado-bucodental","status":"publish","type":"post","link":"https:\/\/www.suavinex.com\/livingsuavinex\/cuidado-bucodental\/","title":{"rendered":"Higiene bucodental en el embarazo. \u00bfEl embarazo da\u00f1a los dientes?"},"content":{"rendered":"\n<p><span data-contrast=\"auto\">Son muchos los cuidados que toda <\/span><b><span data-contrast=\"auto\">mujer<\/span><\/b><span data-contrast=\"auto\"> debe tener en cuentaantes incluso de que llegue el <\/span><b><span data-contrast=\"auto\">embarazo<\/span><\/b><span data-contrast=\"auto\">. La <\/span><b><span data-contrast=\"auto\">higiene bucodental en el embarazo<\/span><\/b><span data-contrast=\"auto\"> es un aspecto fundamental que podemos llegar a descuidar. Este periodo no solo trae multitud de cambios f\u00edsicos, sino tambi\u00e9n <\/span><b><span data-contrast=\"auto\">hormonales <\/span><\/b><span data-contrast=\"auto\">que pueden llegar a afectar a nuestros <\/span><b><span data-contrast=\"auto\">dientes<\/span><\/b><span data-contrast=\"auto\">.\u00a0<\/span><\/p>\n\n\n\n<p><span data-contrast=\"auto\">Dice el dicho, \u201c<\/span><i><span data-contrast=\"auto\">cada embarazo te costar\u00e1 un diente<\/span><\/i><span data-contrast=\"auto\">\u201d, por fortuna esto se aleja mucho de la realidad. Pero s\u00ed existen algunos motivos por los que <\/span><b><span data-contrast=\"auto\">los dientes son m\u00e1s sensibles durante el embarazo<\/span><\/b><span data-contrast=\"auto\"> a las <\/span><span data-contrast=\"none\">caries<\/span><span data-contrast=\"auto\"> y bacterias.<\/span><span data-ccp-props=\"{}\">&nbsp;<\/span><\/p>\n\n\n\n<h2 class=\"wp-block-heading\"><span data-contrast=\"none\">Factores que afectan negativamente a la higiene bucal en el embarazo<\/span><span data-ccp-props=\"{&quot;134245418&quot;:true,&quot;134245529&quot;:true,&quot;335559738&quot;:160,&quot;335559739&quot;:80}\">&nbsp;<\/span><\/h2>\n\n\n\n<p>Existe el <strong>mito de que<\/strong> <span data-contrast=\"auto\"><strong>el beb\u00e9 obtiene el calcio que necesita en su desarrollo de los dientes de la madre<\/strong>, sin embargo, esto no es real. El calcio lo obtiene de la dieta que siga la madre. En caso de que esta no sea rica en calcio, <strong>ser\u00e1n los huesos los que se vean afectados<\/strong><\/span>, pues son el mayor dep\u00f3sito de calcio, no los dientes<span data-contrast=\"auto\">. Es importante llevar una <\/span><b><span data-contrast=\"auto\">alimentaci\u00f3n equilibrada<\/span><\/b><span data-contrast=\"auto\"> que no solo favorecer\u00e1 tu dentadura, sino que ayudar\u00e1 al desarrollo del beb\u00e9.\u00a0<\/span><\/p>\n\n\n\n<p><span data-contrast=\"auto\">Una vez aclarado este mito, es importante saber que los <\/span><b><span data-contrast=\"auto\">cambios hormonales<\/span><\/b><span data-contrast=\"auto\"> favorecen la aparici\u00f3n de <\/span><a href=\"https:\/\/www.suavinex.com\/livingsuavinex\/embarazada-gingivitis\/\"><span data-contrast=\"none\">gingivitis en el embarazo<\/span><\/a><span data-contrast=\"auto\">. Se trata de una inflamaci\u00f3n y enrojecimiento de las enc\u00edas que ocasiona una mayor tendencia al sangrado.<\/span><\/p>\n\n\n\n<p><span data-contrast=\"auto\">Muchas futuras mam\u00e1s padecen <\/span><a href=\"https:\/\/www.suavinex.com\/livingsuavinex\/nauseas_embarazo\/\" target=\"_blank\" rel=\"noreferrer noopener\"><b><span data-contrast=\"none\">nauseas<\/span><\/b><\/a><span data-contrast=\"auto\"> y v\u00f3mitos en el <a href=\"https:\/\/www.suavinex.com\/livingsuavinex\/primer-trimestre-de-embarazo-sintomas-y-molestias-habituales\/\">primer trimestre de embarazo<\/a>. El \u00e1cido del est\u00f3mago presente en el v\u00f3mito puede llegar a erosionar el esmalte dental, haci\u00e9ndolo m\u00e1s sensible a las caries.\u00a0<\/span><\/p>\n\n\n\n<p><span data-contrast=\"auto\">A medida que avanza, es habitual cambiar los horarios de <\/span><a href=\"https:\/\/www.suavinex.com\/livingsuavinex\/recomendaciones-alimentacion-embarazo-juan-llorca\/\" target=\"_blank\" rel=\"noreferrer noopener\"><span data-contrast=\"none\">alimentaci\u00f3n en el embarazo<\/span><\/a><span data-contrast=\"auto\">, <\/span><b><span data-contrast=\"auto\">picar entre horas<\/span><\/b><span data-contrast=\"auto\"> e incluso dejarse llevar por alg\u00fan <\/span><b><a href=\"https:\/\/www.suavinex.com\/livingsuavinex\/antojos-embarazo\/\" target=\"_blank\" rel=\"noreferrer noopener\"><span data-contrast=\"auto\">antojo<\/span><\/a><\/b><span data-contrast=\"auto\"><a href=\"https:\/\/www.suavinex.com\/livingsuavinex\/antojos-embarazo\/\" target=\"_blank\" rel=\"noreferrer noopener\"> <\/a>con mucho az\u00facar. Ni que decir tiene que estos \u00faltimos son los grandes aliados de las temidas caries.&nbsp;&nbsp;<\/span><\/p>\n\n\n\n<p><span data-contrast=\"auto\">El embarazo es largo y pasa por muchas fases. En algunos momentos hay sue\u00f1o excesivo, en otros, cansancio extremo, nauseas, hinchaz\u00f3n de piernas\u2026 todo ello puede ocasionar un <\/span><b><span data-contrast=\"auto\">descuido en la higiene bucodental en el embarazo<\/span><\/b><span data-contrast=\"auto\">.&nbsp;<\/span><\/p>\n\n\n\n<p>Por lo tanto, la higiene dental en el embarazo es crucial. Te ayudar\u00e1 a evitar la gingivitis, las caries y toda clase de problemas dentales.<\/p>\n\n\n\n<h2 class=\"wp-block-heading\"><span data-contrast=\"none\">Dolor de cabeza y dientes en el embarazo<\/span><span data-ccp-props=\"{&quot;134233117&quot;:false,&quot;134233118&quot;:false,&quot;134245418&quot;:true,&quot;134245529&quot;:true,&quot;335559738&quot;:299,&quot;335559739&quot;:299}\">&nbsp;<\/span><\/h2>\n\n\n\n<p>Es muy habitual sentir <a href=\"https:\/\/www.suavinex.com\/livingsuavinex\/embarazo-y-dolor-de-cabeza-que-tomar-para-aliviarlo\/\" target=\"_blank\" rel=\"noreferrer noopener\">dolor de cabeza en el embarazo<\/a>, tanto en el primer como en el <a href=\"https:\/\/www.suavinex.com\/livingsuavinex\/tercer-trimestre-de-embarazo-sintomas-habituales\/\" target=\"_blank\" rel=\"noreferrer noopener\">tercer trimestre de embarazo<\/a>. <span data-contrast=\"auto\"> Lo que no siempre se tiene en cuenta es que, en algunos casos, este dolor puede estar relacionado con problemas dentales.\u00a0<\/span><\/p>\n\n\n\n<ul class=\"wp-block-list\">\n<li><b><span data-contrast=\"auto\">Bruxismo<\/span><\/b><span data-contrast=\"auto\">: El estr\u00e9s y la <\/span><a href=\"https:\/\/www.suavinex.com\/livingsuavinex\/ansiedad-en-el-embarazo-sintomas-y-tratamiento\/\" target=\"_blank\" rel=\"noreferrer noopener\"><span data-contrast=\"none\">ansiedad en el embarazo<\/span><\/a><span data-contrast=\"auto\"> que algunas mujeres experimentan pueden favorecer el bruxismo, es decir, el h\u00e1bito de apretar los dientes, especialmente durante la noche. Este esfuerzo excesivo puede causar dolor en mand\u00edbula y a la cabeza.\u00a0\u00a0<\/span><\/li>\n\n\n\n<li><b><span data-contrast=\"auto\">Infecciones dentales<\/span><\/b><span data-contrast=\"auto\">: Una caries profunda o una infecci\u00f3n en las enc\u00edas no tratada puede provocar inflamaci\u00f3n y dolor que sube a la cabeza. Estos dolores suelen ser persistentes y localizados en un lado del rostro.<\/span><span data-ccp-props=\"{&quot;134233117&quot;:false,&quot;134233118&quot;:false,&quot;335559738&quot;:240,&quot;335559739&quot;:240}\">\u00a0<\/span><\/li>\n\n\n\n<li><b><span data-contrast=\"auto\">Problemas de oclusi\u00f3n<\/span><\/b><span data-contrast=\"auto\">: Los cambios fisiol\u00f3gicos del embarazo pueden alterar levemente la postura o la forma de morder, generando tensiones musculares en el cuello y la cabeza.<\/span><span data-ccp-props=\"{&quot;134233117&quot;:false,&quot;134233118&quot;:false,&quot;335559738&quot;:240,&quot;335559739&quot;:240}\">\u00a0<\/span><\/li>\n<\/ul>\n\n\n\n<p><span data-contrast=\"auto\">Si una embarazada experimenta dolor de cabeza acompa\u00f1ado de molestias en la boca o la mand\u00edbula, es <strong>recomendable consultar al dentista<\/strong> para descartar problemas bucodentales. El momento de mayor prudencia es el <\/span><b><span data-contrast=\"auto\">primer trimestre<\/span><\/b><span data-contrast=\"auto\">, pues el feto es m\u00e1s sensible a cualquier intervenci\u00f3n que se pueda realizar a la madre. Pero a partir del <a href=\"https:\/\/www.suavinex.com\/livingsuavinex\/segundo-trimestre-de-embarazo-sintomas-y-riesgos-habituales\/\" target=\"_blank\" rel=\"noreferrer noopener\">segundo trimestre de embarazo<\/a> se podr\u00e1 tratar a la madre para mejorar su salud bucodental, siempre teniendo en cuenta su estado y tomando las precauciones debidas.\u00a0<\/span><\/p>\n\n\n\n<h2 class=\"wp-block-heading\"><span data-contrast=\"none\">Cuidados de higiene bucodental en el embarazo<\/span><span data-ccp-props=\"{&quot;134245418&quot;:true,&quot;134245529&quot;:true,&quot;335559738&quot;:160,&quot;335559739&quot;:80}\">&nbsp;<\/span><\/h2>\n\n\n\n<p><span data-contrast=\"auto\">Para paliar o hacer m\u00e1s llevaderos los <strong>problemas que pueden aparecer en los dientes en el embarazo<\/strong> es muy importante llevar a cabo una buena rutina de cuidado bucodental. Por eso, si est\u00e1s embarazada, deber\u00edas seguir al menos estas pautas b\u00e1sicas de saludables:\u00a0<\/span><\/p>\n\n\n\n<ul class=\"wp-block-list\">\n<li><b><span data-contrast=\"auto\">Cepillado meticuloso<\/span><\/b><span data-contrast=\"auto\">: Es fundamental cepillarse los dientes al menos dos veces al d\u00eda con un cepillo de cerdas suaves y una pasta fluorada. En casos de v\u00f3mitos frecuentes, se recomienda enjuagarse primero la boca con agua para neutralizar los \u00e1cidos antes de cepillar.<\/span><span data-ccp-props=\"{&quot;134233117&quot;:false,&quot;134233118&quot;:false,&quot;335559738&quot;:240,&quot;335559739&quot;:240}\">\u00a0<\/span><\/li>\n\n\n\n<li><b><span data-contrast=\"auto\">Hilo dental y colutorios<\/span><\/b><span data-contrast=\"auto\">: El hilo dental ayuda a eliminar la placa entre los dientes, mientras que los colutorios espec\u00edficos para embarazadas, sin alcohol, pueden reforzar la protecci\u00f3n frente a infecciones. \u00a1\u00dasalos!<\/span><span data-ccp-props=\"{&quot;134233117&quot;:false,&quot;134233118&quot;:false,&quot;335559738&quot;:240,&quot;335559739&quot;:240}\">\u00a0<\/span><\/li>\n\n\n\n<li><b><span data-contrast=\"auto\">Alimentaci\u00f3n equilibrada<\/span><\/b><span data-contrast=\"auto\">: Mant\u00e9n una dieta rica en frutas, verduras, calcio y vitamina C, te ayudar\u00e1 a fortalecer dientes y enc\u00edas. Evita o por lo menos moderar el picar entre horas alimentos ricos en az\u00facar, aunque sabemos que puede resultar complicado.<\/span><span data-ccp-props=\"{&quot;134233117&quot;:false,&quot;134233118&quot;:false,&quot;335559738&quot;:240,&quot;335559739&quot;:240}\">\u00a0<\/span><\/li>\n\n\n\n<li><b><span data-contrast=\"auto\">Hidrataci\u00f3n adecuada<\/span><\/b><span data-contrast=\"auto\">: Bebe la suficiente agua, ayuda a mantener tu boca limpia, estimula la producci\u00f3n de saliva y reduce el riesgo de caries.<\/span><span data-ccp-props=\"{&quot;134233117&quot;:false,&quot;134233118&quot;:false,&quot;335559738&quot;:240,&quot;335559739&quot;:240}\">\u00a0<\/span><\/li>\n\n\n\n<li><b><span data-contrast=\"auto\">Visitas al dentista<\/span><\/b><span data-contrast=\"auto\">: Realiza al menos una revisi\u00f3n de tus dientes durante el embarazo, idealmente en el segundo trimestre, para prevenir o tratar cualquier problema a tiempo. Si es necesario realizar tratamientos, el dentista valorar\u00e1 el momento m\u00e1s seguro para hacerlo.<\/span><span data-ccp-props=\"{&quot;134233117&quot;:false,&quot;134233118&quot;:false,&quot;335559738&quot;:240,&quot;335559739&quot;:240}\">\u00a0<\/span><\/li>\n<\/ul>\n\n\n\n<p><span data-contrast=\"auto\">Adem\u00e1s de estos cuidados, es importante <strong>no posponer la atenci\u00f3n a molestias bucales<\/strong> pensando que son inevitables en el embarazo. Tomar cartas en el asunto de manera preventiva es la mejor forma de pasar por esta fase sin comprometer la salud dental.\u00a0<\/span><\/p>\n\n\n\n<p>No te pierdas la <a href=\"https:\/\/www.suavinex.com\/oral-care\" target=\"_blank\" rel=\"noreferrer noopener\">gama Oral Care<\/a> de higiene bucodental de Sauvinex. Tenemos productos para cuidar la salud bucal y dental desde bebes hasta adultos. \u00a1\u00c9chale un vistazo!<\/p>\n\n\n\n<p><span data-contrast=\"auto\">\u00bfY t\u00fa?, <\/span><b><span data-contrast=\"auto\">\u00bfhas notado que el embarazo da\u00f1a los dientes o las enc\u00edas?,<\/span><\/b><span data-contrast=\"auto\"> \u00bfacudiste al dentista y le pusiste soluci\u00f3n?<\/span><span data-ccp-props=\"{}\">&nbsp;<\/span><\/p>\n\n\n\n<p><span data-ccp-props=\"{}\">&nbsp;<\/span><\/p>\n\n\n\n<p><span data-contrast=\"auto\">Fuentes:&nbsp;<\/span><span data-ccp-props=\"{}\">&nbsp;<\/span><\/p>\n\n\n\n<p><a href=\"https:\/\/www.quironsalud.com\/es\/comunicacion\/actualidad\/salud-bucal-embarazo-prevencion-control-higiene\" target=\"_blank\" rel=\"noreferrer noopener nofollow\"><span data-contrast=\"none\">La salud bucal durante el embarazo: prevenci\u00f3n, control e higiene | Quir\u00f3nsalud<\/span><\/a><span data-ccp-props=\"{}\">\u00a0<\/span><\/p>\n\n\n\n<p><a href=\"https:\/\/www.quironsalud.com\/hospital-madrid\/es\/cartera-servicios\/ginecologia-obstetricia\/unidad-obstetricia\/informacion-gestantes\/embarazada-olvides-visita-dentista\" target=\"_blank\" rel=\"noreferrer noopener nofollow\"><span data-contrast=\"none\">Est\u00e1s embarazada: no te olvides de la visita al dentista | Hospital Universitario Quir\u00f3nsalud Madrid<\/span><\/a><span data-ccp-props=\"{}\">\u00a0<\/span><\/p>\n\n\n\n<p><a href=\"https:\/\/www.clinicapronova.com\/pronins\/blog\/controla-tu-salud-dental-antes-y-durante-el-embarazo\/\" target=\"_blank\" rel=\"noreferrer noopener nofollow\"><span data-contrast=\"none\">Cuidar la salud bucal en el embarazo &#8211; Cl\u00ednica Pronova<\/span><\/a><span data-ccp-props=\"{}\">\u00a0<\/span><\/p>\n\n\n\n<p><\/p>\n","protected":false},"excerpt":{"rendered":"Son muchos los cuidados que toda mujer debe tener en cuentaantes incluso de que llegue el embarazo. La higiene bucodental en el embarazo es un aspecto fundamental que podemos llegar a descuidar. Este periodo no solo trae multitud de cambios f\u00edsicos, sino tambi\u00e9n hormonales que pueden llegar a afectar a&#8230; <a class=\"view-article\" href=\"https:\/\/www.suavinex.com\/livingsuavinex\/cuidado-bucodental\/\">Ver art\u00edculo<\/a>","protected":false},"author":288,"featured_media":23083,"comment_status":"open","ping_status":"open","sticky":false,"template":"","format":"standard","meta":{"inline_featured_image":false,"footnotes":""},"categories":[7],"tags":[9],"class_list":["post-6171","post","type-post","status-publish","format-standard","has-post-thumbnail","hentry","category-embarazo","tag-maternidad"],"yoast_head":"<!-- This site is optimized with the Yoast SEO plugin v26.8 - https:\/\/yoast.com\/product\/yoast-seo-wordpress\/ -->\n<title>Higiene bucodental en el embarazo | Living Suavinex<\/title>\n<meta name=\"description\" content=\"La salud bucodental es un aspecto fundamental que podemos llegar a descuidar. El embarazo pueden llegar a afectar a nuestros dientes.\" \/>\n<meta name=\"robots\" content=\"index, follow, max-snippet:-1, max-image-preview:large, max-video-preview:-1\" \/>\n<link rel=\"canonical\" href=\"https:\/\/www.suavinex.com\/livingsuavinex\/cuidado-bucodental\/\" \/>\n<meta property=\"og:locale\" content=\"es_ES\" \/>\n<meta property=\"og:type\" content=\"article\" \/>\n<meta property=\"og:title\" content=\"Higiene bucodental en el embarazo | Living Suavinex\" \/>\n<meta property=\"og:description\" content=\"La salud bucodental es un aspecto fundamental que podemos llegar a descuidar. El embarazo pueden llegar a afectar a nuestros dientes.\" \/>\n<meta property=\"og:url\" content=\"https:\/\/www.suavinex.com\/livingsuavinex\/cuidado-bucodental\/\" \/>\n<meta property=\"og:site_name\" content=\"Living Suavinex\" \/>\n<meta property=\"article:publisher\" content=\"https:\/\/www.facebook.com\/SuavinexSpain\" \/>\n<meta property=\"article:published_time\" content=\"2025-05-30T09:00:16+00:00\" \/>\n<meta property=\"article:modified_time\" content=\"2025-05-30T09:00:17+00:00\" \/>\n<meta property=\"og:image\" content=\"https:\/\/www.suavinex.com\/livingsuavinex\/wp-content\/uploads\/2013\/04\/cuidado-bucodental-opt.jpg\" \/>\n\t<meta property=\"og:image:width\" content=\"876\" \/>\n\t<meta property=\"og:image:height\" content=\"522\" \/>\n\t<meta property=\"og:image:type\" content=\"image\/jpeg\" \/>\n<meta name=\"author\" content=\"Living Suavinex\" \/>\n<meta name=\"twitter:card\" content=\"summary_large_image\" \/>\n<meta name=\"twitter:creator\" content=\"@SuavinexSpain\" \/>\n<meta name=\"twitter:site\" content=\"@SuavinexSpain\" \/>\n<meta name=\"twitter:label1\" content=\"Escrito por\" \/>\n\t<meta name=\"twitter:data1\" content=\"Living Suavinex\" \/>\n\t<meta name=\"twitter:label2\" content=\"Tiempo de lectura\" \/>\n\t<meta name=\"twitter:data2\" content=\"5 minutos\" \/>\n<script type=\"application\/ld+json\" class=\"yoast-schema-graph\">{\"@context\":\"https:\/\/schema.org\",\"@graph\":[{\"@type\":\"Article\",\"@id\":\"https:\/\/www.suavinex.com\/livingsuavinex\/cuidado-bucodental\/#article\",\"isPartOf\":{\"@id\":\"https:\/\/www.suavinex.com\/livingsuavinex\/cuidado-bucodental\/\"},\"author\":{\"name\":\"Living Suavinex\",\"@id\":\"https:\/\/www.suavinex.com\/livingsuavinex\/#\/schema\/person\/64fd7b62c88b0024a3ceeffb47f07eb6\"},\"headline\":\"Higiene bucodental en el embarazo. \u00bfEl embarazo da\u00f1a los dientes?\",\"datePublished\":\"2025-05-30T09:00:16+00:00\",\"dateModified\":\"2025-05-30T09:00:17+00:00\",\"mainEntityOfPage\":{\"@id\":\"https:\/\/www.suavinex.com\/livingsuavinex\/cuidado-bucodental\/\"},\"wordCount\":1029,\"commentCount\":0,\"publisher\":{\"@id\":\"https:\/\/www.suavinex.com\/livingsuavinex\/#organization\"},\"image\":{\"@id\":\"https:\/\/www.suavinex.com\/livingsuavinex\/cuidado-bucodental\/#primaryimage\"},\"thumbnailUrl\":\"https:\/\/www.suavinex.com\/livingsuavinex\/wp-content\/uploads\/2013\/04\/cuidado-bucodental-opt.jpg\",\"keywords\":[\"Maternidad\"],\"articleSection\":[\"Embarazo\"],\"inLanguage\":\"es\"},{\"@type\":\"WebPage\",\"@id\":\"https:\/\/www.suavinex.com\/livingsuavinex\/cuidado-bucodental\/\",\"url\":\"https:\/\/www.suavinex.com\/livingsuavinex\/cuidado-bucodental\/\",\"name\":\"Higiene bucodental en el embarazo | Living Suavinex\",\"isPartOf\":{\"@id\":\"https:\/\/www.suavinex.com\/livingsuavinex\/#website\"},\"primaryImageOfPage\":{\"@id\":\"https:\/\/www.suavinex.com\/livingsuavinex\/cuidado-bucodental\/#primaryimage\"},\"image\":{\"@id\":\"https:\/\/www.suavinex.com\/livingsuavinex\/cuidado-bucodental\/#primaryimage\"},\"thumbnailUrl\":\"https:\/\/www.suavinex.com\/livingsuavinex\/wp-content\/uploads\/2013\/04\/cuidado-bucodental-opt.jpg\",\"datePublished\":\"2025-05-30T09:00:16+00:00\",\"dateModified\":\"2025-05-30T09:00:17+00:00\",\"description\":\"La salud bucodental es un aspecto fundamental que podemos llegar a descuidar. El embarazo pueden llegar a afectar a nuestros dientes.\",\"breadcrumb\":{\"@id\":\"https:\/\/www.suavinex.com\/livingsuavinex\/cuidado-bucodental\/#breadcrumb\"},\"inLanguage\":\"es\",\"potentialAction\":[{\"@type\":\"ReadAction\",\"target\":[\"https:\/\/www.suavinex.com\/livingsuavinex\/cuidado-bucodental\/\"]}]},{\"@type\":\"ImageObject\",\"inLanguage\":\"es\",\"@id\":\"https:\/\/www.suavinex.com\/livingsuavinex\/cuidado-bucodental\/#primaryimage\",\"url\":\"https:\/\/www.suavinex.com\/livingsuavinex\/wp-content\/uploads\/2013\/04\/cuidado-bucodental-opt.jpg\",\"contentUrl\":\"https:\/\/www.suavinex.com\/livingsuavinex\/wp-content\/uploads\/2013\/04\/cuidado-bucodental-opt.jpg\",\"width\":876,\"height\":522},{\"@type\":\"BreadcrumbList\",\"@id\":\"https:\/\/www.suavinex.com\/livingsuavinex\/cuidado-bucodental\/#breadcrumb\",\"itemListElement\":[{\"@type\":\"ListItem\",\"position\":1,\"name\":\"Portada\",\"item\":\"https:\/\/www.suavinex.com\/livingsuavinex\/\"},{\"@type\":\"ListItem\",\"position\":2,\"name\":\"Higiene bucodental en el embarazo. \u00bfEl embarazo da\u00f1a los dientes?\"}]},{\"@type\":\"WebSite\",\"@id\":\"https:\/\/www.suavinex.com\/livingsuavinex\/#website\",\"url\":\"https:\/\/www.suavinex.com\/livingsuavinex\/\",\"name\":\"Living Suavinex\",\"description\":\"| Familias reales\",\"publisher\":{\"@id\":\"https:\/\/www.suavinex.com\/livingsuavinex\/#organization\"},\"potentialAction\":[{\"@type\":\"SearchAction\",\"target\":{\"@type\":\"EntryPoint\",\"urlTemplate\":\"https:\/\/www.suavinex.com\/livingsuavinex\/?s={search_term_string}\"},\"query-input\":{\"@type\":\"PropertyValueSpecification\",\"valueRequired\":true,\"valueName\":\"search_term_string\"}}],\"inLanguage\":\"es\"},{\"@type\":\"Organization\",\"@id\":\"https:\/\/www.suavinex.com\/livingsuavinex\/#organization\",\"name\":\"Suavinex\",\"url\":\"https:\/\/www.suavinex.com\/livingsuavinex\/\",\"logo\":{\"@type\":\"ImageObject\",\"inLanguage\":\"es\",\"@id\":\"https:\/\/www.suavinex.com\/livingsuavinex\/#\/schema\/logo\/image\/\",\"url\":\"https:\/\/www.suavinex.com\/livingsuavinex\/wp-content\/uploads\/2018\/07\/living_sx_logo_mvl.png\",\"contentUrl\":\"https:\/\/www.suavinex.com\/livingsuavinex\/wp-content\/uploads\/2018\/07\/living_sx_logo_mvl.png\",\"width\":350,\"height\":70,\"caption\":\"Suavinex\"},\"image\":{\"@id\":\"https:\/\/www.suavinex.com\/livingsuavinex\/#\/schema\/logo\/image\/\"},\"sameAs\":[\"https:\/\/www.facebook.com\/SuavinexSpain\",\"https:\/\/x.com\/SuavinexSpain\",\"https:\/\/www.instagram.com\/suavinex_spain\/\",\"https:\/\/www.pinterest.es\/SuavinexSpain\/\",\"https:\/\/www.youtube.com\/channel\/UCgeJREx2R_ZvV2aQMrfWgcA\"]},{\"@type\":\"Person\",\"@id\":\"https:\/\/www.suavinex.com\/livingsuavinex\/#\/schema\/person\/64fd7b62c88b0024a3ceeffb47f07eb6\",\"name\":\"Living Suavinex\",\"image\":{\"@type\":\"ImageObject\",\"inLanguage\":\"es\",\"@id\":\"https:\/\/www.suavinex.com\/livingsuavinex\/#\/schema\/person\/image\/\",\"url\":\"https:\/\/www.suavinex.com\/livingsuavinex\/wp-content\/uploads\/2017\/05\/Living-Suavinex_avatar-96x96.png\",\"contentUrl\":\"https:\/\/www.suavinex.com\/livingsuavinex\/wp-content\/uploads\/2017\/05\/Living-Suavinex_avatar-96x96.png\",\"caption\":\"Living Suavinex\"}}]}<\/script>\n<!-- \/ Yoast SEO plugin. -->","yoast_head_json":{"title":"Higiene bucodental en el embarazo | Living Suavinex","description":"La salud bucodental es un aspecto fundamental que podemos llegar a descuidar. El embarazo pueden llegar a afectar a nuestros dientes.","robots":{"index":"index","follow":"follow","max-snippet":"max-snippet:-1","max-image-preview":"max-image-preview:large","max-video-preview":"max-video-preview:-1"},"canonical":"https:\/\/www.suavinex.com\/livingsuavinex\/cuidado-bucodental\/","og_locale":"es_ES","og_type":"article","og_title":"Higiene bucodental en el embarazo | Living Suavinex","og_description":"La salud bucodental es un aspecto fundamental que podemos llegar a descuidar. El embarazo pueden llegar a afectar a nuestros dientes.","og_url":"https:\/\/www.suavinex.com\/livingsuavinex\/cuidado-bucodental\/","og_site_name":"Living Suavinex","article_publisher":"https:\/\/www.facebook.com\/SuavinexSpain","article_published_time":"2025-05-30T09:00:16+00:00","article_modified_time":"2025-05-30T09:00:17+00:00","og_image":[{"width":876,"height":522,"url":"https:\/\/www.suavinex.com\/livingsuavinex\/wp-content\/uploads\/2013\/04\/cuidado-bucodental-opt.jpg","type":"image\/jpeg"}],"author":"Living Suavinex","twitter_card":"summary_large_image","twitter_creator":"@SuavinexSpain","twitter_site":"@SuavinexSpain","twitter_misc":{"Escrito por":"Living Suavinex","Tiempo de lectura":"5 minutos"},"schema":{"@context":"https:\/\/schema.org","@graph":[{"@type":"Article","@id":"https:\/\/www.suavinex.com\/livingsuavinex\/cuidado-bucodental\/#article","isPartOf":{"@id":"https:\/\/www.suavinex.com\/livingsuavinex\/cuidado-bucodental\/"},"author":{"name":"Living Suavinex","@id":"https:\/\/www.suavinex.com\/livingsuavinex\/#\/schema\/person\/64fd7b62c88b0024a3ceeffb47f07eb6"},"headline":"Higiene bucodental en el embarazo. \u00bfEl embarazo da\u00f1a los dientes?","datePublished":"2025-05-30T09:00:16+00:00","dateModified":"2025-05-30T09:00:17+00:00","mainEntityOfPage":{"@id":"https:\/\/www.suavinex.com\/livingsuavinex\/cuidado-bucodental\/"},"wordCount":1029,"commentCount":0,"publisher":{"@id":"https:\/\/www.suavinex.com\/livingsuavinex\/#organization"},"image":{"@id":"https:\/\/www.suavinex.com\/livingsuavinex\/cuidado-bucodental\/#primaryimage"},"thumbnailUrl":"https:\/\/www.suavinex.com\/livingsuavinex\/wp-content\/uploads\/2013\/04\/cuidado-bucodental-opt.jpg","keywords":["Maternidad"],"articleSection":["Embarazo"],"inLanguage":"es"},{"@type":"WebPage","@id":"https:\/\/www.suavinex.com\/livingsuavinex\/cuidado-bucodental\/","url":"https:\/\/www.suavinex.com\/livingsuavinex\/cuidado-bucodental\/","name":"Higiene bucodental en el embarazo | Living Suavinex","isPartOf":{"@id":"https:\/\/www.suavinex.com\/livingsuavinex\/#website"},"primaryImageOfPage":{"@id":"https:\/\/www.suavinex.com\/livingsuavinex\/cuidado-bucodental\/#primaryimage"},"image":{"@id":"https:\/\/www.suavinex.com\/livingsuavinex\/cuidado-bucodental\/#primaryimage"},"thumbnailUrl":"https:\/\/www.suavinex.com\/livingsuavinex\/wp-content\/uploads\/2013\/04\/cuidado-bucodental-opt.jpg","datePublished":"2025-05-30T09:00:16+00:00","dateModified":"2025-05-30T09:00:17+00:00","description":"La salud bucodental es un aspecto fundamental que podemos llegar a descuidar. El embarazo pueden llegar a afectar a nuestros dientes.","breadcrumb":{"@id":"https:\/\/www.suavinex.com\/livingsuavinex\/cuidado-bucodental\/#breadcrumb"},"inLanguage":"es","potentialAction":[{"@type":"ReadAction","target":["https:\/\/www.suavinex.com\/livingsuavinex\/cuidado-bucodental\/"]}]},{"@type":"ImageObject","inLanguage":"es","@id":"https:\/\/www.suavinex.com\/livingsuavinex\/cuidado-bucodental\/#primaryimage","url":"https:\/\/www.suavinex.com\/livingsuavinex\/wp-content\/uploads\/2013\/04\/cuidado-bucodental-opt.jpg","contentUrl":"https:\/\/www.suavinex.com\/livingsuavinex\/wp-content\/uploads\/2013\/04\/cuidado-bucodental-opt.jpg","width":876,"height":522},{"@type":"BreadcrumbList","@id":"https:\/\/www.suavinex.com\/livingsuavinex\/cuidado-bucodental\/#breadcrumb","itemListElement":[{"@type":"ListItem","position":1,"name":"Portada","item":"https:\/\/www.suavinex.com\/livingsuavinex\/"},{"@type":"ListItem","position":2,"name":"Higiene bucodental en el embarazo. \u00bfEl embarazo da\u00f1a los dientes?"}]},{"@type":"WebSite","@id":"https:\/\/www.suavinex.com\/livingsuavinex\/#website","url":"https:\/\/www.suavinex.com\/livingsuavinex\/","name":"Living Suavinex","description":"| Familias reales","publisher":{"@id":"https:\/\/www.suavinex.com\/livingsuavinex\/#organization"},"potentialAction":[{"@type":"SearchAction","target":{"@type":"EntryPoint","urlTemplate":"https:\/\/www.suavinex.com\/livingsuavinex\/?s={search_term_string}"},"query-input":{"@type":"PropertyValueSpecification","valueRequired":true,"valueName":"search_term_string"}}],"inLanguage":"es"},{"@type":"Organization","@id":"https:\/\/www.suavinex.com\/livingsuavinex\/#organization","name":"Suavinex","url":"https:\/\/www.suavinex.com\/livingsuavinex\/","logo":{"@type":"ImageObject","inLanguage":"es","@id":"https:\/\/www.suavinex.com\/livingsuavinex\/#\/schema\/logo\/image\/","url":"https:\/\/www.suavinex.com\/livingsuavinex\/wp-content\/uploads\/2018\/07\/living_sx_logo_mvl.png","contentUrl":"https:\/\/www.suavinex.com\/livingsuavinex\/wp-content\/uploads\/2018\/07\/living_sx_logo_mvl.png","width":350,"height":70,"caption":"Suavinex"},"image":{"@id":"https:\/\/www.suavinex.com\/livingsuavinex\/#\/schema\/logo\/image\/"},"sameAs":["https:\/\/www.facebook.com\/SuavinexSpain","https:\/\/x.com\/SuavinexSpain","https:\/\/www.instagram.com\/suavinex_spain\/","https:\/\/www.pinterest.es\/SuavinexSpain\/","https:\/\/www.youtube.com\/channel\/UCgeJREx2R_ZvV2aQMrfWgcA"]},{"@type":"Person","@id":"https:\/\/www.suavinex.com\/livingsuavinex\/#\/schema\/person\/64fd7b62c88b0024a3ceeffb47f07eb6","name":"Living Suavinex","image":{"@type":"ImageObject","inLanguage":"es","@id":"https:\/\/www.suavinex.com\/livingsuavinex\/#\/schema\/person\/image\/","url":"https:\/\/www.suavinex.com\/livingsuavinex\/wp-content\/uploads\/2017\/05\/Living-Suavinex_avatar-96x96.png","contentUrl":"https:\/\/www.suavinex.com\/livingsuavinex\/wp-content\/uploads\/2017\/05\/Living-Suavinex_avatar-96x96.png","caption":"Living Suavinex"}}]}},"_links":{"self":[{"href":"https:\/\/www.suavinex.com\/livingsuavinex\/wp-json\/wp\/v2\/posts\/6171","targetHints":{"allow":["GET"]}}],"collection":[{"href":"https:\/\/www.suavinex.com\/livingsuavinex\/wp-json\/wp\/v2\/posts"}],"about":[{"href":"https:\/\/www.suavinex.com\/livingsuavinex\/wp-json\/wp\/v2\/types\/post"}],"author":[{"embeddable":true,"href":"https:\/\/www.suavinex.com\/livingsuavinex\/wp-json\/wp\/v2\/users\/288"}],"replies":[{"embeddable":true,"href":"https:\/\/www.suavinex.com\/livingsuavinex\/wp-json\/wp\/v2\/comments?post=6171"}],"version-history":[{"count":11,"href":"https:\/\/www.suavinex.com\/livingsuavinex\/wp-json\/wp\/v2\/posts\/6171\/revisions"}],"predecessor-version":[{"id":46507,"href":"https:\/\/www.suavinex.com\/livingsuavinex\/wp-json\/wp\/v2\/posts\/6171\/revisions\/46507"}],"wp:featuredmedia":[{"embeddable":true,"href":"https:\/\/www.suavinex.com\/livingsuavinex\/wp-json\/wp\/v2\/media\/23083"}],"wp:attachment":[{"href":"https:\/\/www.suavinex.com\/livingsuavinex\/wp-json\/wp\/v2\/media?parent=6171"}],"wp:term":[{"taxonomy":"category","embeddable":true,"href":"https:\/\/www.suavinex.com\/livingsuavinex\/wp-json\/wp\/v2\/categories?post=6171"},{"taxonomy":"post_tag","embeddable":true,"href":"https:\/\/www.suavinex.com\/livingsuavinex\/wp-json\/wp\/v2\/tags?post=6171"}],"curies":[{"name":"wp","href":"https:\/\/api.w.org\/{rel}","templated":true}]}}