{"id":5236,"date":"2013-01-30T09:33:44","date_gmt":"2013-01-30T08:33:44","guid":{"rendered":"https:\/\/www.suavinex.com\/livingsuavinex\/?p=5236"},"modified":"2022-01-25T13:35:45","modified_gmt":"2022-01-25T12:35:45","slug":"primer-madre","status":"publish","type":"post","link":"https:\/\/www.suavinex.com\/livingsuavinex\/primer-madre\/","title":{"rendered":"El primer a\u00f1o como madre"},"content":{"rendered":"<p style=\"text-align: justify;\">El punto de partida es ese \u201cpositivo\u00bb radiante en un test, esa sonrisa que inunda tu cara, ese brillo especial de tus ojos, esas l\u00e1grimas que corren raudas por tus mejillas, directas a tu coraz\u00f3n&#8230; En esa d\u00e9cima de segundo algo acaba de cambiar dentro de ti. Tu mano, de modo instintivo, va directa a tu vientre como si desde ese preciso instante ya fuera capaz de sentir y percibir <strong>la vida que est\u00e1 creciendo en tu interior<\/strong>. Y, desde ese momento te sabes diferente, ya nada ser\u00e1 igual. Tu abultado vientre ya no deja lugar a dudas, <strong>\u00a1vas a ser madre! <\/strong>Miedos, <a href=\"https:\/\/www.suavinex.com\/livingsuavinex\/los-no-consejos-para-futuras-mamas\/\" target=\"_blank\" rel=\"noopener noreferrer\">dudas<\/a> y preguntas afloran en la recta final, cuando ya est\u00e1s a punto de tocar a tu beb\u00e9 con tus dedos. Y llega <strong>el gran momento<\/strong>. Y, en ese m\u00e1gico segundo en que puedes percibir como tu beb\u00e9 se abre camino en este mundo, t\u00fa, mujer, renaces dentro de ti, convirti\u00e9ndote en MADRE.<\/p>\n<h2 style=\"text-align: justify;\">La carrera comienza<\/h2>\n<p style=\"text-align: justify;\"><strong>La carrera de la vida<\/strong>, de la maternidad y la crianza. Y la enfrentamos con el resplandor de una estrella, con la fuerza de un gigante y con la determinaci\u00f3n que s\u00f3lo una madre puede tener: la determinaci\u00f3n del amor.<\/p>\n<p style=\"text-align: justify;\">Un a\u00f1o pasa muy r\u00e1pido: doce meses llenos de vida, de cambios, de aventuras, de milagros. El primer a\u00f1o de una madre es un renacer a la experiencia de vivir. Porque nada es comparable a esas primeras semanas donde tu beb\u00e9 se aferra a ti buscando ese calor y ese olor que anta\u00f1o en tu vientre h\u00famedo encontraba. O su <strong>primera sonrisa<\/strong>, mir\u00e1ndote a los ojos mientras tu emoci\u00f3n te inunda hasta el punto de hacerte tocar el cielo con la punta de los dedos. Sus <strong>primeros dientes <\/strong>y tus inevitables preocupaciones. \u00bfY <strong>su primera palabra<\/strong>? \u00bfPap\u00e1, mam\u00e1 o alguna otra que os dej\u00f3 boquiabiertos?<\/p>\n<h2 style=\"text-align: justify;\">El cambio interior<\/h2>\n<p style=\"text-align: justify;\">A partir de ese momento la incesante carrera, parece coger velocidad pues ese beb\u00e9 tranquilo, que s\u00f3lo quer\u00eda de tus brazos y tu apego, ahora necesita libertad y \u00a0sus ojos, \u00e1vidos de experiencias, buscan, recorren y a\u00f1oran m\u00e1s. El gateo o el culeo en algunos casos ;), tocar, aprender, probar, mirar\u2026. Y nosotras, madres, volvemos a descubrir <strong>el milagro de la vida<\/strong> a trav\u00e9s de sus ojos. \u00a1Tenemos el privilegio de poder estar a su lado y disfrutar de la poderosa maternidad! Y un d\u00eda nos damos cuenta que no somos las mismas. No es por la <a href=\"https:\/\/www.suavinex.com\/livingsuavinex\/sueno-infantil\/\" target=\"_blank\" rel=\"noopener noreferrer\">falta de sue\u00f1o<\/a> o por la falta de orden en nuestra vida, sino porque hemos <strong>cambiado por dentro<\/strong>. Ese renacer que se produjo el d\u00eda de su llegada nos ha convertido en mujeres distintas. No te diste cuenta aquel d\u00eda especial, sino despu\u00e9s un d\u00eda cualquiera mientras mirabas a tu peque\u00f1o. En ese momento tuviste la certeza de que aquella mujer de antes ya no eras t\u00fa. Aquel antes ya no es interesante. <strong>Tu vida comenz\u00f3 de nuevo cuando tu beb\u00e9 lleg\u00f3<\/strong>. Y este <strong>primer a\u00f1o de su vida<\/strong> ha sido capaz de llenar un infinito. El <strong>amor de madre<\/strong> que todo lo puede, que todo lo cambia.<\/p>\n<p style=\"text-align: justify;\">M\u00edrate al espejo, \u00bferes t\u00fa? Quiz\u00e1 haya habido alg\u00fan cambio. Mira tus ojos, desprenden felicidad, reluces amor, hay destellos de pasi\u00f3n, de sabidur\u00eda, de divina madurez. Todo ello es maternidad,\u2026, un a\u00f1o despu\u00e9s.<\/p>\n<p style=\"text-align: justify;\">Tu peque\u00f1a creaci\u00f3n, tu hijo, ha obrado ese milagro. Quiz\u00e1s ahora, cuando el torbellino de los primeros meses deja espacio a un poco de calma, es momento de preguntarnos, <strong>\u00bferes feliz?, \u00bfqu\u00e9 te ha tra\u00eddo tu maternidad?<\/strong><\/p>\n","protected":false},"excerpt":{"rendered":"El punto de partida es ese \u201cpositivo\u00bb radiante en un test, esa sonrisa que inunda tu cara, ese brillo especial de tus ojos, esas l\u00e1grimas que corren raudas por tus mejillas, directas a tu coraz\u00f3n&#8230; En esa d\u00e9cima de segundo algo acaba de cambiar dentro de ti. Tu mano, de&#8230; <a class=\"view-article\" href=\"https:\/\/www.suavinex.com\/livingsuavinex\/primer-madre\/\">Ver art\u00edculo<\/a>","protected":false},"author":288,"featured_media":13212,"comment_status":"open","ping_status":"open","sticky":false,"template":"","format":"standard","meta":{"inline_featured_image":false,"footnotes":""},"categories":[7],"tags":[12,9],"class_list":["post-5236","post","type-post","status-publish","format-standard","has-post-thumbnail","hentry","category-embarazo","tag-hijos","tag-maternidad"],"yoast_head":"<!-- This site is optimized with the Yoast SEO plugin v26.8 - https:\/\/yoast.com\/product\/yoast-seo-wordpress\/ -->\n<title>El primer a\u00f1o como madre<\/title>\n<meta name=\"description\" content=\"Tu abultado vientre ya no deja lugar a dudas, \u00a1vas a ser madre! Miedos afloran en la recta final, cuando ya est\u00e1s a punto de tocar a tu beb\u00e9 con tus dedos.\" \/>\n<meta name=\"robots\" content=\"index, follow, max-snippet:-1, max-image-preview:large, max-video-preview:-1\" \/>\n<link rel=\"canonical\" href=\"https:\/\/www.suavinex.com\/livingsuavinex\/primer-madre\/\" \/>\n<meta property=\"og:locale\" content=\"es_ES\" \/>\n<meta property=\"og:type\" content=\"article\" \/>\n<meta property=\"og:title\" content=\"El primer a\u00f1o como madre\" \/>\n<meta property=\"og:description\" content=\"Tu abultado vientre ya no deja lugar a dudas, \u00a1vas a ser madre! Miedos afloran en la recta final, cuando ya est\u00e1s a punto de tocar a tu beb\u00e9 con tus dedos.\" \/>\n<meta property=\"og:url\" content=\"https:\/\/www.suavinex.com\/livingsuavinex\/primer-madre\/\" \/>\n<meta property=\"og:site_name\" content=\"Living Suavinex\" \/>\n<meta property=\"article:publisher\" content=\"https:\/\/www.facebook.com\/SuavinexSpain\" \/>\n<meta property=\"article:published_time\" content=\"2013-01-30T08:33:44+00:00\" \/>\n<meta property=\"article:modified_time\" content=\"2022-01-25T12:35:45+00:00\" \/>\n<meta property=\"og:image\" content=\"https:\/\/www.suavinex.com\/livingsuavinex\/wp-content\/uploads\/2013\/01\/primera_maternidad_madresfelices_suavinex.jpg\" \/>\n\t<meta property=\"og:image:width\" content=\"772\" \/>\n\t<meta property=\"og:image:height\" content=\"340\" \/>\n\t<meta property=\"og:image:type\" content=\"image\/jpeg\" \/>\n<meta name=\"author\" content=\"Living Suavinex\" \/>\n<meta name=\"twitter:card\" content=\"summary_large_image\" \/>\n<meta name=\"twitter:creator\" content=\"@SuavinexSpain\" \/>\n<meta name=\"twitter:site\" content=\"@SuavinexSpain\" \/>\n<meta name=\"twitter:label1\" content=\"Escrito por\" \/>\n\t<meta name=\"twitter:data1\" content=\"Living Suavinex\" \/>\n\t<meta name=\"twitter:label2\" content=\"Tiempo de lectura\" \/>\n\t<meta name=\"twitter:data2\" content=\"3 minutos\" \/>\n<script type=\"application\/ld+json\" class=\"yoast-schema-graph\">{\"@context\":\"https:\/\/schema.org\",\"@graph\":[{\"@type\":\"Article\",\"@id\":\"https:\/\/www.suavinex.com\/livingsuavinex\/primer-madre\/#article\",\"isPartOf\":{\"@id\":\"https:\/\/www.suavinex.com\/livingsuavinex\/primer-madre\/\"},\"author\":{\"name\":\"Living Suavinex\",\"@id\":\"https:\/\/www.suavinex.com\/livingsuavinex\/#\/schema\/person\/64fd7b62c88b0024a3ceeffb47f07eb6\"},\"headline\":\"El primer a\u00f1o como madre\",\"datePublished\":\"2013-01-30T08:33:44+00:00\",\"dateModified\":\"2022-01-25T12:35:45+00:00\",\"mainEntityOfPage\":{\"@id\":\"https:\/\/www.suavinex.com\/livingsuavinex\/primer-madre\/\"},\"wordCount\":626,\"commentCount\":17,\"publisher\":{\"@id\":\"https:\/\/www.suavinex.com\/livingsuavinex\/#organization\"},\"image\":{\"@id\":\"https:\/\/www.suavinex.com\/livingsuavinex\/primer-madre\/#primaryimage\"},\"thumbnailUrl\":\"https:\/\/www.suavinex.com\/livingsuavinex\/wp-content\/uploads\/2013\/01\/primera_maternidad_madresfelices_suavinex.jpg\",\"keywords\":[\"Hijos\",\"Maternidad\"],\"articleSection\":[\"Embarazo\"],\"inLanguage\":\"es\"},{\"@type\":\"WebPage\",\"@id\":\"https:\/\/www.suavinex.com\/livingsuavinex\/primer-madre\/\",\"url\":\"https:\/\/www.suavinex.com\/livingsuavinex\/primer-madre\/\",\"name\":\"El primer a\u00f1o como madre\",\"isPartOf\":{\"@id\":\"https:\/\/www.suavinex.com\/livingsuavinex\/#website\"},\"primaryImageOfPage\":{\"@id\":\"https:\/\/www.suavinex.com\/livingsuavinex\/primer-madre\/#primaryimage\"},\"image\":{\"@id\":\"https:\/\/www.suavinex.com\/livingsuavinex\/primer-madre\/#primaryimage\"},\"thumbnailUrl\":\"https:\/\/www.suavinex.com\/livingsuavinex\/wp-content\/uploads\/2013\/01\/primera_maternidad_madresfelices_suavinex.jpg\",\"datePublished\":\"2013-01-30T08:33:44+00:00\",\"dateModified\":\"2022-01-25T12:35:45+00:00\",\"description\":\"Tu abultado vientre ya no deja lugar a dudas, \u00a1vas a ser madre! Miedos afloran en la recta final, cuando ya est\u00e1s a punto de tocar a tu beb\u00e9 con tus dedos.\",\"breadcrumb\":{\"@id\":\"https:\/\/www.suavinex.com\/livingsuavinex\/primer-madre\/#breadcrumb\"},\"inLanguage\":\"es\",\"potentialAction\":[{\"@type\":\"ReadAction\",\"target\":[\"https:\/\/www.suavinex.com\/livingsuavinex\/primer-madre\/\"]}]},{\"@type\":\"ImageObject\",\"inLanguage\":\"es\",\"@id\":\"https:\/\/www.suavinex.com\/livingsuavinex\/primer-madre\/#primaryimage\",\"url\":\"https:\/\/www.suavinex.com\/livingsuavinex\/wp-content\/uploads\/2013\/01\/primera_maternidad_madresfelices_suavinex.jpg\",\"contentUrl\":\"https:\/\/www.suavinex.com\/livingsuavinex\/wp-content\/uploads\/2013\/01\/primera_maternidad_madresfelices_suavinex.jpg\",\"width\":772,\"height\":340},{\"@type\":\"BreadcrumbList\",\"@id\":\"https:\/\/www.suavinex.com\/livingsuavinex\/primer-madre\/#breadcrumb\",\"itemListElement\":[{\"@type\":\"ListItem\",\"position\":1,\"name\":\"Portada\",\"item\":\"https:\/\/www.suavinex.com\/livingsuavinex\/\"},{\"@type\":\"ListItem\",\"position\":2,\"name\":\"El primer a\u00f1o como madre\"}]},{\"@type\":\"WebSite\",\"@id\":\"https:\/\/www.suavinex.com\/livingsuavinex\/#website\",\"url\":\"https:\/\/www.suavinex.com\/livingsuavinex\/\",\"name\":\"Living Suavinex\",\"description\":\"| Familias reales\",\"publisher\":{\"@id\":\"https:\/\/www.suavinex.com\/livingsuavinex\/#organization\"},\"potentialAction\":[{\"@type\":\"SearchAction\",\"target\":{\"@type\":\"EntryPoint\",\"urlTemplate\":\"https:\/\/www.suavinex.com\/livingsuavinex\/?s={search_term_string}\"},\"query-input\":{\"@type\":\"PropertyValueSpecification\",\"valueRequired\":true,\"valueName\":\"search_term_string\"}}],\"inLanguage\":\"es\"},{\"@type\":\"Organization\",\"@id\":\"https:\/\/www.suavinex.com\/livingsuavinex\/#organization\",\"name\":\"Suavinex\",\"url\":\"https:\/\/www.suavinex.com\/livingsuavinex\/\",\"logo\":{\"@type\":\"ImageObject\",\"inLanguage\":\"es\",\"@id\":\"https:\/\/www.suavinex.com\/livingsuavinex\/#\/schema\/logo\/image\/\",\"url\":\"https:\/\/www.suavinex.com\/livingsuavinex\/wp-content\/uploads\/2018\/07\/living_sx_logo_mvl.png\",\"contentUrl\":\"https:\/\/www.suavinex.com\/livingsuavinex\/wp-content\/uploads\/2018\/07\/living_sx_logo_mvl.png\",\"width\":350,\"height\":70,\"caption\":\"Suavinex\"},\"image\":{\"@id\":\"https:\/\/www.suavinex.com\/livingsuavinex\/#\/schema\/logo\/image\/\"},\"sameAs\":[\"https:\/\/www.facebook.com\/SuavinexSpain\",\"https:\/\/x.com\/SuavinexSpain\",\"https:\/\/www.instagram.com\/suavinex_spain\/\",\"https:\/\/www.pinterest.es\/SuavinexSpain\/\",\"https:\/\/www.youtube.com\/channel\/UCgeJREx2R_ZvV2aQMrfWgcA\"]},{\"@type\":\"Person\",\"@id\":\"https:\/\/www.suavinex.com\/livingsuavinex\/#\/schema\/person\/64fd7b62c88b0024a3ceeffb47f07eb6\",\"name\":\"Living Suavinex\",\"image\":{\"@type\":\"ImageObject\",\"inLanguage\":\"es\",\"@id\":\"https:\/\/www.suavinex.com\/livingsuavinex\/#\/schema\/person\/image\/\",\"url\":\"https:\/\/www.suavinex.com\/livingsuavinex\/wp-content\/uploads\/2017\/05\/Living-Suavinex_avatar-96x96.png\",\"contentUrl\":\"https:\/\/www.suavinex.com\/livingsuavinex\/wp-content\/uploads\/2017\/05\/Living-Suavinex_avatar-96x96.png\",\"caption\":\"Living Suavinex\"}}]}<\/script>\n<!-- \/ Yoast SEO plugin. -->","yoast_head_json":{"title":"El primer a\u00f1o como madre","description":"Tu abultado vientre ya no deja lugar a dudas, \u00a1vas a ser madre! Miedos afloran en la recta final, cuando ya est\u00e1s a punto de tocar a tu beb\u00e9 con tus dedos.","robots":{"index":"index","follow":"follow","max-snippet":"max-snippet:-1","max-image-preview":"max-image-preview:large","max-video-preview":"max-video-preview:-1"},"canonical":"https:\/\/www.suavinex.com\/livingsuavinex\/primer-madre\/","og_locale":"es_ES","og_type":"article","og_title":"El primer a\u00f1o como madre","og_description":"Tu abultado vientre ya no deja lugar a dudas, \u00a1vas a ser madre! Miedos afloran en la recta final, cuando ya est\u00e1s a punto de tocar a tu beb\u00e9 con tus dedos.","og_url":"https:\/\/www.suavinex.com\/livingsuavinex\/primer-madre\/","og_site_name":"Living Suavinex","article_publisher":"https:\/\/www.facebook.com\/SuavinexSpain","article_published_time":"2013-01-30T08:33:44+00:00","article_modified_time":"2022-01-25T12:35:45+00:00","og_image":[{"width":772,"height":340,"url":"https:\/\/www.suavinex.com\/livingsuavinex\/wp-content\/uploads\/2013\/01\/primera_maternidad_madresfelices_suavinex.jpg","type":"image\/jpeg"}],"author":"Living Suavinex","twitter_card":"summary_large_image","twitter_creator":"@SuavinexSpain","twitter_site":"@SuavinexSpain","twitter_misc":{"Escrito por":"Living Suavinex","Tiempo de lectura":"3 minutos"},"schema":{"@context":"https:\/\/schema.org","@graph":[{"@type":"Article","@id":"https:\/\/www.suavinex.com\/livingsuavinex\/primer-madre\/#article","isPartOf":{"@id":"https:\/\/www.suavinex.com\/livingsuavinex\/primer-madre\/"},"author":{"name":"Living Suavinex","@id":"https:\/\/www.suavinex.com\/livingsuavinex\/#\/schema\/person\/64fd7b62c88b0024a3ceeffb47f07eb6"},"headline":"El primer a\u00f1o como madre","datePublished":"2013-01-30T08:33:44+00:00","dateModified":"2022-01-25T12:35:45+00:00","mainEntityOfPage":{"@id":"https:\/\/www.suavinex.com\/livingsuavinex\/primer-madre\/"},"wordCount":626,"commentCount":17,"publisher":{"@id":"https:\/\/www.suavinex.com\/livingsuavinex\/#organization"},"image":{"@id":"https:\/\/www.suavinex.com\/livingsuavinex\/primer-madre\/#primaryimage"},"thumbnailUrl":"https:\/\/www.suavinex.com\/livingsuavinex\/wp-content\/uploads\/2013\/01\/primera_maternidad_madresfelices_suavinex.jpg","keywords":["Hijos","Maternidad"],"articleSection":["Embarazo"],"inLanguage":"es"},{"@type":"WebPage","@id":"https:\/\/www.suavinex.com\/livingsuavinex\/primer-madre\/","url":"https:\/\/www.suavinex.com\/livingsuavinex\/primer-madre\/","name":"El primer a\u00f1o como madre","isPartOf":{"@id":"https:\/\/www.suavinex.com\/livingsuavinex\/#website"},"primaryImageOfPage":{"@id":"https:\/\/www.suavinex.com\/livingsuavinex\/primer-madre\/#primaryimage"},"image":{"@id":"https:\/\/www.suavinex.com\/livingsuavinex\/primer-madre\/#primaryimage"},"thumbnailUrl":"https:\/\/www.suavinex.com\/livingsuavinex\/wp-content\/uploads\/2013\/01\/primera_maternidad_madresfelices_suavinex.jpg","datePublished":"2013-01-30T08:33:44+00:00","dateModified":"2022-01-25T12:35:45+00:00","description":"Tu abultado vientre ya no deja lugar a dudas, \u00a1vas a ser madre! Miedos afloran en la recta final, cuando ya est\u00e1s a punto de tocar a tu beb\u00e9 con tus dedos.","breadcrumb":{"@id":"https:\/\/www.suavinex.com\/livingsuavinex\/primer-madre\/#breadcrumb"},"inLanguage":"es","potentialAction":[{"@type":"ReadAction","target":["https:\/\/www.suavinex.com\/livingsuavinex\/primer-madre\/"]}]},{"@type":"ImageObject","inLanguage":"es","@id":"https:\/\/www.suavinex.com\/livingsuavinex\/primer-madre\/#primaryimage","url":"https:\/\/www.suavinex.com\/livingsuavinex\/wp-content\/uploads\/2013\/01\/primera_maternidad_madresfelices_suavinex.jpg","contentUrl":"https:\/\/www.suavinex.com\/livingsuavinex\/wp-content\/uploads\/2013\/01\/primera_maternidad_madresfelices_suavinex.jpg","width":772,"height":340},{"@type":"BreadcrumbList","@id":"https:\/\/www.suavinex.com\/livingsuavinex\/primer-madre\/#breadcrumb","itemListElement":[{"@type":"ListItem","position":1,"name":"Portada","item":"https:\/\/www.suavinex.com\/livingsuavinex\/"},{"@type":"ListItem","position":2,"name":"El primer a\u00f1o como madre"}]},{"@type":"WebSite","@id":"https:\/\/www.suavinex.com\/livingsuavinex\/#website","url":"https:\/\/www.suavinex.com\/livingsuavinex\/","name":"Living Suavinex","description":"| Familias reales","publisher":{"@id":"https:\/\/www.suavinex.com\/livingsuavinex\/#organization"},"potentialAction":[{"@type":"SearchAction","target":{"@type":"EntryPoint","urlTemplate":"https:\/\/www.suavinex.com\/livingsuavinex\/?s={search_term_string}"},"query-input":{"@type":"PropertyValueSpecification","valueRequired":true,"valueName":"search_term_string"}}],"inLanguage":"es"},{"@type":"Organization","@id":"https:\/\/www.suavinex.com\/livingsuavinex\/#organization","name":"Suavinex","url":"https:\/\/www.suavinex.com\/livingsuavinex\/","logo":{"@type":"ImageObject","inLanguage":"es","@id":"https:\/\/www.suavinex.com\/livingsuavinex\/#\/schema\/logo\/image\/","url":"https:\/\/www.suavinex.com\/livingsuavinex\/wp-content\/uploads\/2018\/07\/living_sx_logo_mvl.png","contentUrl":"https:\/\/www.suavinex.com\/livingsuavinex\/wp-content\/uploads\/2018\/07\/living_sx_logo_mvl.png","width":350,"height":70,"caption":"Suavinex"},"image":{"@id":"https:\/\/www.suavinex.com\/livingsuavinex\/#\/schema\/logo\/image\/"},"sameAs":["https:\/\/www.facebook.com\/SuavinexSpain","https:\/\/x.com\/SuavinexSpain","https:\/\/www.instagram.com\/suavinex_spain\/","https:\/\/www.pinterest.es\/SuavinexSpain\/","https:\/\/www.youtube.com\/channel\/UCgeJREx2R_ZvV2aQMrfWgcA"]},{"@type":"Person","@id":"https:\/\/www.suavinex.com\/livingsuavinex\/#\/schema\/person\/64fd7b62c88b0024a3ceeffb47f07eb6","name":"Living Suavinex","image":{"@type":"ImageObject","inLanguage":"es","@id":"https:\/\/www.suavinex.com\/livingsuavinex\/#\/schema\/person\/image\/","url":"https:\/\/www.suavinex.com\/livingsuavinex\/wp-content\/uploads\/2017\/05\/Living-Suavinex_avatar-96x96.png","contentUrl":"https:\/\/www.suavinex.com\/livingsuavinex\/wp-content\/uploads\/2017\/05\/Living-Suavinex_avatar-96x96.png","caption":"Living Suavinex"}}]}},"_links":{"self":[{"href":"https:\/\/www.suavinex.com\/livingsuavinex\/wp-json\/wp\/v2\/posts\/5236","targetHints":{"allow":["GET"]}}],"collection":[{"href":"https:\/\/www.suavinex.com\/livingsuavinex\/wp-json\/wp\/v2\/posts"}],"about":[{"href":"https:\/\/www.suavinex.com\/livingsuavinex\/wp-json\/wp\/v2\/types\/post"}],"author":[{"embeddable":true,"href":"https:\/\/www.suavinex.com\/livingsuavinex\/wp-json\/wp\/v2\/users\/288"}],"replies":[{"embeddable":true,"href":"https:\/\/www.suavinex.com\/livingsuavinex\/wp-json\/wp\/v2\/comments?post=5236"}],"version-history":[{"count":9,"href":"https:\/\/www.suavinex.com\/livingsuavinex\/wp-json\/wp\/v2\/posts\/5236\/revisions"}],"predecessor-version":[{"id":42505,"href":"https:\/\/www.suavinex.com\/livingsuavinex\/wp-json\/wp\/v2\/posts\/5236\/revisions\/42505"}],"wp:featuredmedia":[{"embeddable":true,"href":"https:\/\/www.suavinex.com\/livingsuavinex\/wp-json\/wp\/v2\/media\/13212"}],"wp:attachment":[{"href":"https:\/\/www.suavinex.com\/livingsuavinex\/wp-json\/wp\/v2\/media?parent=5236"}],"wp:term":[{"taxonomy":"category","embeddable":true,"href":"https:\/\/www.suavinex.com\/livingsuavinex\/wp-json\/wp\/v2\/categories?post=5236"},{"taxonomy":"post_tag","embeddable":true,"href":"https:\/\/www.suavinex.com\/livingsuavinex\/wp-json\/wp\/v2\/tags?post=5236"}],"curies":[{"name":"wp","href":"https:\/\/api.w.org\/{rel}","templated":true}]}}