{"id":5187,"date":"2013-01-24T09:29:10","date_gmt":"2013-01-24T08:29:10","guid":{"rendered":"https:\/\/www.suavinex.com\/livingsuavinex\/?p=5187"},"modified":"2019-07-23T11:30:59","modified_gmt":"2019-07-23T09:30:59","slug":"bronquiolitis_neumonias","status":"publish","type":"post","link":"https:\/\/www.suavinex.com\/livingsuavinex\/bronquiolitis_neumonias\/","title":{"rendered":"El top 3 del invierno: bronquiolitis, bronquitis y neumon\u00edas"},"content":{"rendered":"<p style=\"text-align: justify;\">Cuando llega esta \u00e9poca del a\u00f1o, tarde o temprano se habla en todos los informativos de la epidemia de gripe y de lo colapsados que est\u00e1n los <strong>hospitales<\/strong>. Si bien la <strong>gripe<\/strong> es muy medi\u00e1tica y afecta a un porcentaje elevado de la poblaci\u00f3n cada a\u00f1o, la realidad es que, en los ni\u00f1os, nos dan mucho m\u00e1s trabajo a los pediatras y noches en vela a las familias otros problemas respiratorios como son las <strong>bronquiolitis<\/strong>, las <strong>bronquitis<\/strong> o las <strong>neumon\u00edas<\/strong>.<\/p>\n<h2 style=\"text-align: justify;\">Bronquiolitis<\/h2>\n<p style=\"text-align: justify;\">La <strong>bronquiolitis<\/strong> es una infecci\u00f3n del bronquiolo que es uno de los conductos m\u00e1s peque\u00f1os de las ramificaciones del \u00e1rbol respiratorio. Es una infecci\u00f3n propia de los m\u00e1s peque\u00f1os de la casa (lactantes) y el virus causante con mayor frecuencia es el <strong>virus respiratorio sincitial<\/strong> (VRS). Es muy prevalente en los meses fr\u00edos del a\u00f1o y, mientras que en los m\u00e1s mayores puede causar un simple catarro, en los beb\u00e9s desciende a las v\u00edas respiratorias bajas dando diferentes grados de dificultad para respirar, as\u00ed como fiebre y cansancio al comer.<\/p>\n<p style=\"text-align: justify;\">Cada invierno son muchos los beb\u00e9s que pasan una bronquiolitis, algunos de ellos necesitar\u00e1n hospitalizarse para recibir ox\u00edgeno y otras medicaciones. La mayor\u00eda podr\u00e1n pasar la enfermedad en casa.<\/p>\n<p style=\"text-align: justify;\">La bronquiolitis tiene la capacidad de dejar cierto recuerdo en la v\u00eda respiratoria, de forma que los ni\u00f1os que la padecen tienen m\u00e1s probabilidad posterior de tener episodios de bronquitis.<\/p>\n<h2 style=\"text-align: justify;\">Bronquitis<\/h2>\n<p style=\"text-align: justify;\">El t\u00e9rmino <strong>bronquitis<\/strong> agrupa un conjunto de procesos que tienen en com\u00fan afectar al bronquio. A veces es una <strong>infecci\u00f3n<\/strong>, otras veces solamente es un <strong>proceso inflamatorio<\/strong>. Pero, en cualquier caso, lo caracter\u00edstico es que de cierta dificultad para respirar, con fiebre en ocasiones, y sea necesario el uso de inhaladores.<\/p>\n<p style=\"text-align: justify;\">Algunos ni\u00f1os, por inmadurez de su \u00e1rbol respiratorio, tendr\u00e1n lo que se conoce en muchos lugares como <strong>bronquitis de repetici\u00f3n<\/strong>. Las infecciones respiratorias comunes, frecuentemente causadas por virus, causan en ni\u00f1os predispuestos un <strong>espasmo del bronquio<\/strong>. Aunque hay familias que pasan inviernos muy duros con el uso casi constante de inhaladores, la buena noticia es que es un proceso que tiende a mejorar con la edad, y muchos ni\u00f1os se habr\u00e1n librado de las bronquitis cuando cumplan 4 \u00f3 5 a\u00f1os.<\/p>\n<h2 style=\"text-align: justify;\">Neumon\u00edas<\/h2>\n<p style=\"text-align: justify;\">Por \u00faltimo, tenemos las neumon\u00edas. La <strong>neumon\u00eda<\/strong> o <strong>pulmon\u00eda<\/strong> es una <strong>infecci\u00f3n del pulm\u00f3n<\/strong>. Seg\u00fan la edad del ni\u00f1o son m\u00e1s frecuentes uno u otros g\u00e9rmenes, pero los virus encabezan las listas. La gravedad de la neumon\u00eda vendr\u00e1 marcada por su extensi\u00f3n, por el germen causante, por el grado de compromiso de la funci\u00f3n respiratoria y por la inmunidad del ni\u00f1o. Como en los casos anteriores, la mayor\u00eda podr\u00e1n tratarse en el domicilio sin demasiadas complicaciones.<\/p>\n<p style=\"text-align: justify;\">En cualquiera de los tres problemas de salud puede haber <strong>dificultad para respirar<\/strong>. Si tu hijo respira m\u00e1s r\u00e1pido de lo normal, notas que las costillas se le marcan al respirar o tiene mal color, es conveniente consultar al <strong>pediatra<\/strong>, quien determinar\u00e1 ante cu\u00e1l de los tres procesos estamos y decidir\u00e1 el <strong>tratamiento<\/strong> m\u00e1s adecuado, as\u00ed como los <strong>controles<\/strong> posteriores.<\/p>\n<h2 style=\"text-align: justify;\">Medidas de prevenci\u00f3n<\/h2>\n<p style=\"text-align: justify;\">Para <strong>prevenir<\/strong> las infecciones respiratorias la medida que se ha visto m\u00e1s eficaz es la <strong>higiene de manos<\/strong>. Especialmente importante en el caso de los m\u00e1s peque\u00f1os y sus familias y en lugares donde conviven muchos ni\u00f1os como colegios y escuelas infantiles. Los ni\u00f1os m\u00e1s propensos a problemas respiratorios pueden necesitar alguna <strong>medicaci\u00f3n preventiva<\/strong> y, en casos muy severos, valorar retrasar la edad de entrada en la escuela infantil.<\/p>\n<p style=\"text-align: justify;\">Amalia Arce<\/p>\n<p style=\"text-align: justify;\">Pediatra y autora del blog <a href=\"http:\/\/www.dra-amalia-arce.com\/\" target=\"_blank\" rel=\"noopener noreferrer\"><strong>Diario de una mam\u00e1 pediatra<\/strong><\/a><\/p>\n","protected":false},"excerpt":{"rendered":"Cuando llega esta \u00e9poca del a\u00f1o, tarde o temprano se habla en todos los informativos de la epidemia de gripe y de lo colapsados que est\u00e1n los hospitales. Si bien la gripe es muy medi\u00e1tica y afecta a un porcentaje elevado de la poblaci\u00f3n cada a\u00f1o, la realidad es que,&#8230; <a class=\"view-article\" href=\"https:\/\/www.suavinex.com\/livingsuavinex\/bronquiolitis_neumonias\/\">Ver art\u00edculo<\/a>","protected":false},"author":288,"featured_media":23043,"comment_status":"open","ping_status":"open","sticky":false,"template":"","format":"standard","meta":{"inline_featured_image":false,"footnotes":""},"categories":[2272],"tags":[234,944],"class_list":["post-5187","post","type-post","status-publish","format-standard","has-post-thumbnail","hentry","category-tips-crianza","tag-bebe","tag-salud"],"yoast_head":"<!-- This site is optimized with the Yoast SEO plugin v26.8 - https:\/\/yoast.com\/product\/yoast-seo-wordpress\/ -->\n<title>El top 3 del invierno: bronquiolitis, bronquitis y neumon\u00edas<\/title>\n<meta name=\"description\" content=\"Con la llegada del fr\u00edo tambi\u00e9n llegan las noches en vela y los problemas respiratorios como son las bronquiolitis, las bronquitis o las neumon\u00edas.\" \/>\n<meta name=\"robots\" content=\"index, follow, max-snippet:-1, max-image-preview:large, max-video-preview:-1\" \/>\n<link rel=\"canonical\" href=\"https:\/\/www.suavinex.com\/livingsuavinex\/bronquiolitis_neumonias\/\" \/>\n<meta property=\"og:locale\" content=\"es_ES\" \/>\n<meta property=\"og:type\" content=\"article\" \/>\n<meta property=\"og:title\" content=\"El top 3 del invierno: bronquiolitis, bronquitis y neumon\u00edas\" \/>\n<meta property=\"og:description\" content=\"Con la llegada del fr\u00edo tambi\u00e9n llegan las noches en vela y los problemas respiratorios como son las bronquiolitis, las bronquitis o las neumon\u00edas.\" \/>\n<meta property=\"og:url\" content=\"https:\/\/www.suavinex.com\/livingsuavinex\/bronquiolitis_neumonias\/\" \/>\n<meta property=\"og:site_name\" content=\"Living Suavinex\" \/>\n<meta property=\"article:publisher\" content=\"https:\/\/www.facebook.com\/SuavinexSpain\" \/>\n<meta property=\"article:published_time\" content=\"2013-01-24T08:29:10+00:00\" \/>\n<meta property=\"article:modified_time\" content=\"2019-07-23T09:30:59+00:00\" \/>\n<meta property=\"og:image\" content=\"https:\/\/www.suavinex.com\/livingsuavinex\/wp-content\/uploads\/2013\/01\/invierno-opt.jpg\" \/>\n\t<meta property=\"og:image:width\" content=\"876\" \/>\n\t<meta property=\"og:image:height\" content=\"522\" \/>\n\t<meta property=\"og:image:type\" content=\"image\/jpeg\" \/>\n<meta name=\"author\" content=\"Living Suavinex\" \/>\n<meta name=\"twitter:card\" content=\"summary_large_image\" \/>\n<meta name=\"twitter:creator\" content=\"@SuavinexSpain\" \/>\n<meta name=\"twitter:site\" content=\"@SuavinexSpain\" \/>\n<meta name=\"twitter:label1\" content=\"Escrito por\" \/>\n\t<meta name=\"twitter:data1\" content=\"Living Suavinex\" \/>\n\t<meta name=\"twitter:label2\" content=\"Tiempo de lectura\" \/>\n\t<meta name=\"twitter:data2\" content=\"3 minutos\" \/>\n<script type=\"application\/ld+json\" class=\"yoast-schema-graph\">{\"@context\":\"https:\/\/schema.org\",\"@graph\":[{\"@type\":\"Article\",\"@id\":\"https:\/\/www.suavinex.com\/livingsuavinex\/bronquiolitis_neumonias\/#article\",\"isPartOf\":{\"@id\":\"https:\/\/www.suavinex.com\/livingsuavinex\/bronquiolitis_neumonias\/\"},\"author\":{\"name\":\"Living Suavinex\",\"@id\":\"https:\/\/www.suavinex.com\/livingsuavinex\/#\/schema\/person\/64fd7b62c88b0024a3ceeffb47f07eb6\"},\"headline\":\"El top 3 del invierno: bronquiolitis, bronquitis y neumon\u00edas\",\"datePublished\":\"2013-01-24T08:29:10+00:00\",\"dateModified\":\"2019-07-23T09:30:59+00:00\",\"mainEntityOfPage\":{\"@id\":\"https:\/\/www.suavinex.com\/livingsuavinex\/bronquiolitis_neumonias\/\"},\"wordCount\":656,\"commentCount\":11,\"publisher\":{\"@id\":\"https:\/\/www.suavinex.com\/livingsuavinex\/#organization\"},\"image\":{\"@id\":\"https:\/\/www.suavinex.com\/livingsuavinex\/bronquiolitis_neumonias\/#primaryimage\"},\"thumbnailUrl\":\"https:\/\/www.suavinex.com\/livingsuavinex\/wp-content\/uploads\/2013\/01\/invierno-opt.jpg\",\"keywords\":[\"Beb\u00e9\",\"Salud\"],\"articleSection\":[\"Tips de crianza\"],\"inLanguage\":\"es\"},{\"@type\":\"WebPage\",\"@id\":\"https:\/\/www.suavinex.com\/livingsuavinex\/bronquiolitis_neumonias\/\",\"url\":\"https:\/\/www.suavinex.com\/livingsuavinex\/bronquiolitis_neumonias\/\",\"name\":\"El top 3 del invierno: bronquiolitis, bronquitis y neumon\u00edas\",\"isPartOf\":{\"@id\":\"https:\/\/www.suavinex.com\/livingsuavinex\/#website\"},\"primaryImageOfPage\":{\"@id\":\"https:\/\/www.suavinex.com\/livingsuavinex\/bronquiolitis_neumonias\/#primaryimage\"},\"image\":{\"@id\":\"https:\/\/www.suavinex.com\/livingsuavinex\/bronquiolitis_neumonias\/#primaryimage\"},\"thumbnailUrl\":\"https:\/\/www.suavinex.com\/livingsuavinex\/wp-content\/uploads\/2013\/01\/invierno-opt.jpg\",\"datePublished\":\"2013-01-24T08:29:10+00:00\",\"dateModified\":\"2019-07-23T09:30:59+00:00\",\"description\":\"Con la llegada del fr\u00edo tambi\u00e9n llegan las noches en vela y los problemas respiratorios como son las bronquiolitis, las bronquitis o las neumon\u00edas.\",\"breadcrumb\":{\"@id\":\"https:\/\/www.suavinex.com\/livingsuavinex\/bronquiolitis_neumonias\/#breadcrumb\"},\"inLanguage\":\"es\",\"potentialAction\":[{\"@type\":\"ReadAction\",\"target\":[\"https:\/\/www.suavinex.com\/livingsuavinex\/bronquiolitis_neumonias\/\"]}]},{\"@type\":\"ImageObject\",\"inLanguage\":\"es\",\"@id\":\"https:\/\/www.suavinex.com\/livingsuavinex\/bronquiolitis_neumonias\/#primaryimage\",\"url\":\"https:\/\/www.suavinex.com\/livingsuavinex\/wp-content\/uploads\/2013\/01\/invierno-opt.jpg\",\"contentUrl\":\"https:\/\/www.suavinex.com\/livingsuavinex\/wp-content\/uploads\/2013\/01\/invierno-opt.jpg\",\"width\":876,\"height\":522},{\"@type\":\"BreadcrumbList\",\"@id\":\"https:\/\/www.suavinex.com\/livingsuavinex\/bronquiolitis_neumonias\/#breadcrumb\",\"itemListElement\":[{\"@type\":\"ListItem\",\"position\":1,\"name\":\"Portada\",\"item\":\"https:\/\/www.suavinex.com\/livingsuavinex\/\"},{\"@type\":\"ListItem\",\"position\":2,\"name\":\"El top 3 del invierno: bronquiolitis, bronquitis y neumon\u00edas\"}]},{\"@type\":\"WebSite\",\"@id\":\"https:\/\/www.suavinex.com\/livingsuavinex\/#website\",\"url\":\"https:\/\/www.suavinex.com\/livingsuavinex\/\",\"name\":\"Living Suavinex\",\"description\":\"| Familias reales\",\"publisher\":{\"@id\":\"https:\/\/www.suavinex.com\/livingsuavinex\/#organization\"},\"potentialAction\":[{\"@type\":\"SearchAction\",\"target\":{\"@type\":\"EntryPoint\",\"urlTemplate\":\"https:\/\/www.suavinex.com\/livingsuavinex\/?s={search_term_string}\"},\"query-input\":{\"@type\":\"PropertyValueSpecification\",\"valueRequired\":true,\"valueName\":\"search_term_string\"}}],\"inLanguage\":\"es\"},{\"@type\":\"Organization\",\"@id\":\"https:\/\/www.suavinex.com\/livingsuavinex\/#organization\",\"name\":\"Suavinex\",\"url\":\"https:\/\/www.suavinex.com\/livingsuavinex\/\",\"logo\":{\"@type\":\"ImageObject\",\"inLanguage\":\"es\",\"@id\":\"https:\/\/www.suavinex.com\/livingsuavinex\/#\/schema\/logo\/image\/\",\"url\":\"https:\/\/www.suavinex.com\/livingsuavinex\/wp-content\/uploads\/2018\/07\/living_sx_logo_mvl.png\",\"contentUrl\":\"https:\/\/www.suavinex.com\/livingsuavinex\/wp-content\/uploads\/2018\/07\/living_sx_logo_mvl.png\",\"width\":350,\"height\":70,\"caption\":\"Suavinex\"},\"image\":{\"@id\":\"https:\/\/www.suavinex.com\/livingsuavinex\/#\/schema\/logo\/image\/\"},\"sameAs\":[\"https:\/\/www.facebook.com\/SuavinexSpain\",\"https:\/\/x.com\/SuavinexSpain\",\"https:\/\/www.instagram.com\/suavinex_spain\/\",\"https:\/\/www.pinterest.es\/SuavinexSpain\/\",\"https:\/\/www.youtube.com\/channel\/UCgeJREx2R_ZvV2aQMrfWgcA\"]},{\"@type\":\"Person\",\"@id\":\"https:\/\/www.suavinex.com\/livingsuavinex\/#\/schema\/person\/64fd7b62c88b0024a3ceeffb47f07eb6\",\"name\":\"Living Suavinex\",\"image\":{\"@type\":\"ImageObject\",\"inLanguage\":\"es\",\"@id\":\"https:\/\/www.suavinex.com\/livingsuavinex\/#\/schema\/person\/image\/\",\"url\":\"https:\/\/www.suavinex.com\/livingsuavinex\/wp-content\/uploads\/2017\/05\/Living-Suavinex_avatar-96x96.png\",\"contentUrl\":\"https:\/\/www.suavinex.com\/livingsuavinex\/wp-content\/uploads\/2017\/05\/Living-Suavinex_avatar-96x96.png\",\"caption\":\"Living Suavinex\"}}]}<\/script>\n<!-- \/ Yoast SEO plugin. -->","yoast_head_json":{"title":"El top 3 del invierno: bronquiolitis, bronquitis y neumon\u00edas","description":"Con la llegada del fr\u00edo tambi\u00e9n llegan las noches en vela y los problemas respiratorios como son las bronquiolitis, las bronquitis o las neumon\u00edas.","robots":{"index":"index","follow":"follow","max-snippet":"max-snippet:-1","max-image-preview":"max-image-preview:large","max-video-preview":"max-video-preview:-1"},"canonical":"https:\/\/www.suavinex.com\/livingsuavinex\/bronquiolitis_neumonias\/","og_locale":"es_ES","og_type":"article","og_title":"El top 3 del invierno: bronquiolitis, bronquitis y neumon\u00edas","og_description":"Con la llegada del fr\u00edo tambi\u00e9n llegan las noches en vela y los problemas respiratorios como son las bronquiolitis, las bronquitis o las neumon\u00edas.","og_url":"https:\/\/www.suavinex.com\/livingsuavinex\/bronquiolitis_neumonias\/","og_site_name":"Living Suavinex","article_publisher":"https:\/\/www.facebook.com\/SuavinexSpain","article_published_time":"2013-01-24T08:29:10+00:00","article_modified_time":"2019-07-23T09:30:59+00:00","og_image":[{"width":876,"height":522,"url":"https:\/\/www.suavinex.com\/livingsuavinex\/wp-content\/uploads\/2013\/01\/invierno-opt.jpg","type":"image\/jpeg"}],"author":"Living Suavinex","twitter_card":"summary_large_image","twitter_creator":"@SuavinexSpain","twitter_site":"@SuavinexSpain","twitter_misc":{"Escrito por":"Living Suavinex","Tiempo de lectura":"3 minutos"},"schema":{"@context":"https:\/\/schema.org","@graph":[{"@type":"Article","@id":"https:\/\/www.suavinex.com\/livingsuavinex\/bronquiolitis_neumonias\/#article","isPartOf":{"@id":"https:\/\/www.suavinex.com\/livingsuavinex\/bronquiolitis_neumonias\/"},"author":{"name":"Living Suavinex","@id":"https:\/\/www.suavinex.com\/livingsuavinex\/#\/schema\/person\/64fd7b62c88b0024a3ceeffb47f07eb6"},"headline":"El top 3 del invierno: bronquiolitis, bronquitis y neumon\u00edas","datePublished":"2013-01-24T08:29:10+00:00","dateModified":"2019-07-23T09:30:59+00:00","mainEntityOfPage":{"@id":"https:\/\/www.suavinex.com\/livingsuavinex\/bronquiolitis_neumonias\/"},"wordCount":656,"commentCount":11,"publisher":{"@id":"https:\/\/www.suavinex.com\/livingsuavinex\/#organization"},"image":{"@id":"https:\/\/www.suavinex.com\/livingsuavinex\/bronquiolitis_neumonias\/#primaryimage"},"thumbnailUrl":"https:\/\/www.suavinex.com\/livingsuavinex\/wp-content\/uploads\/2013\/01\/invierno-opt.jpg","keywords":["Beb\u00e9","Salud"],"articleSection":["Tips de crianza"],"inLanguage":"es"},{"@type":"WebPage","@id":"https:\/\/www.suavinex.com\/livingsuavinex\/bronquiolitis_neumonias\/","url":"https:\/\/www.suavinex.com\/livingsuavinex\/bronquiolitis_neumonias\/","name":"El top 3 del invierno: bronquiolitis, bronquitis y neumon\u00edas","isPartOf":{"@id":"https:\/\/www.suavinex.com\/livingsuavinex\/#website"},"primaryImageOfPage":{"@id":"https:\/\/www.suavinex.com\/livingsuavinex\/bronquiolitis_neumonias\/#primaryimage"},"image":{"@id":"https:\/\/www.suavinex.com\/livingsuavinex\/bronquiolitis_neumonias\/#primaryimage"},"thumbnailUrl":"https:\/\/www.suavinex.com\/livingsuavinex\/wp-content\/uploads\/2013\/01\/invierno-opt.jpg","datePublished":"2013-01-24T08:29:10+00:00","dateModified":"2019-07-23T09:30:59+00:00","description":"Con la llegada del fr\u00edo tambi\u00e9n llegan las noches en vela y los problemas respiratorios como son las bronquiolitis, las bronquitis o las neumon\u00edas.","breadcrumb":{"@id":"https:\/\/www.suavinex.com\/livingsuavinex\/bronquiolitis_neumonias\/#breadcrumb"},"inLanguage":"es","potentialAction":[{"@type":"ReadAction","target":["https:\/\/www.suavinex.com\/livingsuavinex\/bronquiolitis_neumonias\/"]}]},{"@type":"ImageObject","inLanguage":"es","@id":"https:\/\/www.suavinex.com\/livingsuavinex\/bronquiolitis_neumonias\/#primaryimage","url":"https:\/\/www.suavinex.com\/livingsuavinex\/wp-content\/uploads\/2013\/01\/invierno-opt.jpg","contentUrl":"https:\/\/www.suavinex.com\/livingsuavinex\/wp-content\/uploads\/2013\/01\/invierno-opt.jpg","width":876,"height":522},{"@type":"BreadcrumbList","@id":"https:\/\/www.suavinex.com\/livingsuavinex\/bronquiolitis_neumonias\/#breadcrumb","itemListElement":[{"@type":"ListItem","position":1,"name":"Portada","item":"https:\/\/www.suavinex.com\/livingsuavinex\/"},{"@type":"ListItem","position":2,"name":"El top 3 del invierno: bronquiolitis, bronquitis y neumon\u00edas"}]},{"@type":"WebSite","@id":"https:\/\/www.suavinex.com\/livingsuavinex\/#website","url":"https:\/\/www.suavinex.com\/livingsuavinex\/","name":"Living Suavinex","description":"| Familias reales","publisher":{"@id":"https:\/\/www.suavinex.com\/livingsuavinex\/#organization"},"potentialAction":[{"@type":"SearchAction","target":{"@type":"EntryPoint","urlTemplate":"https:\/\/www.suavinex.com\/livingsuavinex\/?s={search_term_string}"},"query-input":{"@type":"PropertyValueSpecification","valueRequired":true,"valueName":"search_term_string"}}],"inLanguage":"es"},{"@type":"Organization","@id":"https:\/\/www.suavinex.com\/livingsuavinex\/#organization","name":"Suavinex","url":"https:\/\/www.suavinex.com\/livingsuavinex\/","logo":{"@type":"ImageObject","inLanguage":"es","@id":"https:\/\/www.suavinex.com\/livingsuavinex\/#\/schema\/logo\/image\/","url":"https:\/\/www.suavinex.com\/livingsuavinex\/wp-content\/uploads\/2018\/07\/living_sx_logo_mvl.png","contentUrl":"https:\/\/www.suavinex.com\/livingsuavinex\/wp-content\/uploads\/2018\/07\/living_sx_logo_mvl.png","width":350,"height":70,"caption":"Suavinex"},"image":{"@id":"https:\/\/www.suavinex.com\/livingsuavinex\/#\/schema\/logo\/image\/"},"sameAs":["https:\/\/www.facebook.com\/SuavinexSpain","https:\/\/x.com\/SuavinexSpain","https:\/\/www.instagram.com\/suavinex_spain\/","https:\/\/www.pinterest.es\/SuavinexSpain\/","https:\/\/www.youtube.com\/channel\/UCgeJREx2R_ZvV2aQMrfWgcA"]},{"@type":"Person","@id":"https:\/\/www.suavinex.com\/livingsuavinex\/#\/schema\/person\/64fd7b62c88b0024a3ceeffb47f07eb6","name":"Living Suavinex","image":{"@type":"ImageObject","inLanguage":"es","@id":"https:\/\/www.suavinex.com\/livingsuavinex\/#\/schema\/person\/image\/","url":"https:\/\/www.suavinex.com\/livingsuavinex\/wp-content\/uploads\/2017\/05\/Living-Suavinex_avatar-96x96.png","contentUrl":"https:\/\/www.suavinex.com\/livingsuavinex\/wp-content\/uploads\/2017\/05\/Living-Suavinex_avatar-96x96.png","caption":"Living Suavinex"}}]}},"_links":{"self":[{"href":"https:\/\/www.suavinex.com\/livingsuavinex\/wp-json\/wp\/v2\/posts\/5187","targetHints":{"allow":["GET"]}}],"collection":[{"href":"https:\/\/www.suavinex.com\/livingsuavinex\/wp-json\/wp\/v2\/posts"}],"about":[{"href":"https:\/\/www.suavinex.com\/livingsuavinex\/wp-json\/wp\/v2\/types\/post"}],"author":[{"embeddable":true,"href":"https:\/\/www.suavinex.com\/livingsuavinex\/wp-json\/wp\/v2\/users\/288"}],"replies":[{"embeddable":true,"href":"https:\/\/www.suavinex.com\/livingsuavinex\/wp-json\/wp\/v2\/comments?post=5187"}],"version-history":[{"count":6,"href":"https:\/\/www.suavinex.com\/livingsuavinex\/wp-json\/wp\/v2\/posts\/5187\/revisions"}],"predecessor-version":[{"id":23042,"href":"https:\/\/www.suavinex.com\/livingsuavinex\/wp-json\/wp\/v2\/posts\/5187\/revisions\/23042"}],"wp:featuredmedia":[{"embeddable":true,"href":"https:\/\/www.suavinex.com\/livingsuavinex\/wp-json\/wp\/v2\/media\/23043"}],"wp:attachment":[{"href":"https:\/\/www.suavinex.com\/livingsuavinex\/wp-json\/wp\/v2\/media?parent=5187"}],"wp:term":[{"taxonomy":"category","embeddable":true,"href":"https:\/\/www.suavinex.com\/livingsuavinex\/wp-json\/wp\/v2\/categories?post=5187"},{"taxonomy":"post_tag","embeddable":true,"href":"https:\/\/www.suavinex.com\/livingsuavinex\/wp-json\/wp\/v2\/tags?post=5187"}],"curies":[{"name":"wp","href":"https:\/\/api.w.org\/{rel}","templated":true}]}}