{"id":47006,"date":"2026-03-06T00:27:00","date_gmt":"2026-03-05T23:27:00","guid":{"rendered":"https:\/\/www.suavinex.com\/livingsuavinex\/?p=47006"},"modified":"2026-03-13T08:47:30","modified_gmt":"2026-03-13T07:47:30","slug":"apego-desorganizado","status":"publish","type":"post","link":"https:\/\/www.suavinex.com\/livingsuavinex\/apego-desorganizado\/","title":{"rendered":"Apego desorganizado \u00bfQu\u00e9 es y qu\u00e9 lo causa?"},"content":{"rendered":"\n<p>La <strong>construcci\u00f3n del v\u00ednculo afectivo<\/strong> es una de las tareas m\u00e1s importantes a las que te vas a enfrentar en la hora de convertirte en mam\u00e1 o pap\u00e1. Desde el primer contacto <a href=\"https:\/\/www.suavinex.com\/livingsuavinex\/piel-con-piel\/\">piel con piel<\/a>, el beb\u00e9 busca seguridad y un <strong>refugio emocional<\/strong> ante un mundo que le resulta totalmente desconocido. Sin embargo, no todos los v\u00ednculos se desarrollan de la misma manera. Mientras que el <a href=\"https:\/\/www.suavinex.com\/livingsuavinex\/apego-seguro-ninos-felices-como-conseguirlo\/\">apego seguro<\/a> permite al ni\u00f1o explorar el mundo con confianza, existen otros estilos que pueden generar confusi\u00f3n y malestar.<\/p>\n\n\n\n<p>Uno de los apegos complejos de comprender es <strong>el apego desorganizado en ni\u00f1os<\/strong>, una forma de vinculaci\u00f3n que surge cuando el cuidador, que deber\u00eda ser la fuente de protecci\u00f3n, se convierte en una figura que genera miedo o desconcierto. En Suavinex, queremos ayudarte a entender esta realidad para<strong> fomentar crianzas basadas en la calma, la coherencia y el amor<\/strong>.<\/p>\n\n\n\n<h2 class=\"wp-block-heading\">\u00bfQu\u00e9 es el apego desorganizado?<\/h2>\n\n\n\n<p>Para entender qu\u00e9 es apego desorganizado, tienes que entender que el sistema de apego es un <strong>mecanismo biol\u00f3gico de supervivencia<\/strong>. Cuando un beb\u00e9 siente miedo o estr\u00e9s, busca instintivamente la proximidad de su figura de referencia para calmarse.<\/p>\n\n\n\n<p>El apego desorganizado es un estilo de v\u00ednculo en el que <strong>el ni\u00f1o no logra establecer una estrategia coherente para gestionar su estr\u00e9s<\/strong>. A diferencia del <a href=\"https:\/\/www.suavinex.com\/livingsuavinex\/apego-evitativo\/\">apego evitativo<\/a> (donde el ni\u00f1o ignora al cuidador) o del ambivalente (donde se muestra ansioso), en el desorganizado el peque\u00f1o experimenta un conflicto irresoluble: la persona a la que debe acudir para sentirse seguro es la misma que le asusta o que se muestra profundamente err\u00e1tica. Esto <strong>genera una par\u00e1lisis emocional<\/strong>, ya que el ni\u00f1o se encuentra ante un dilema biol\u00f3gico: \u00ab<em>tengo que acercarme para protegerme, pero tengo que alejarme para estar a salvo<\/em>\u00ab.<\/p>\n\n\n\n<h2 class=\"wp-block-heading\">\u00bfQu\u00e9 causa el apego desorganizado?<\/h2>\n\n\n\n<p>A menudo, las familias se preguntan <strong>a qu\u00e9 se debe el apego desorganizado<\/strong>. No surge de un hecho aislado, sino de un patr\u00f3n repetido en la interacci\u00f3n diaria. Seg\u00fan fuentes especializadas en psicolog\u00eda del desarrollo, las causas principales suelen ser:<\/p>\n\n\n\n<ul class=\"wp-block-list\">\n<li><strong>Experiencias de maltrato o negligencia<\/strong>: Cuando el cuidador ejerce violencia f\u00edsica o verbal, el ni\u00f1o percibe una amenaza directa.<\/li>\n\n\n\n<li><strong>Cuidadores asustados o asustadores<\/strong>: A veces el padre o la madre no son maltratadores, pero sufren traumas no resueltos o trastornos mentales que les hacen actuar de forma impredecible, disociada o con un miedo intenso que el beb\u00e9 capta.<\/li>\n\n\n\n<li><strong>Inconsistencia extrema<\/strong>: Un cuidador que un d\u00eda es extremadamente afectuoso y al siguiente se muestra hostil o totalmente ausente sin motivo aparente, impide que el ni\u00f1o pueda predecir qu\u00e9 respuesta recibir\u00e1.<\/li>\n\n\n\n<li><strong>Duelo o trauma no resuelto en los padres<\/strong>: El dolor no gestionado de los progenitores puede interferir en su capacidad de sintonizar con las necesidades del beb\u00e9, ofreciendo respuestas desorientadas.<\/li>\n<\/ul>\n\n\n\n<h2 class=\"wp-block-heading\">\u00bfC\u00f3mo se comporta un ni\u00f1o con apego desorganizado?<\/h2>\n\n\n\n<p>Identificar este estilo de v\u00ednculo es clave para poder intervenir a tiempo. Los <strong>ejemplos de apego desorganizado en la infancia <\/strong>suelen ser muy llamativos porque muestran una falta de l\u00f3gica en el comportamiento social:<\/p>\n\n\n\n<ol class=\"wp-block-list\">\n<li><strong>Conductas contradictorias:<\/strong> El ni\u00f1o puede correr hacia su madre para que lo consuele pero, a mitad de camino, detenerse en seco o darse la vuelta.<\/li>\n\n\n\n<li><strong>Expresiones de miedo:<\/strong> Mostrar expresiones faciales de terror o confusi\u00f3n cuando el cuidador entra en la habitaci\u00f3n.<\/li>\n\n\n\n<li><strong>Movimientos desorientados:<\/strong> Balanceos, quedarse \u00abcongelado\u00bb o realizar movimientos sin una meta clara ante la presencia de la figura de apego.<\/li>\n\n\n\n<li><strong>Agresividad y descontrol:<\/strong> Dificultad extrema para regular las emociones, pasando del llanto a la risa o a la ira de forma abrupta.<\/li>\n\n\n\n<li><strong>Inversi\u00f3n de roles:<\/strong> En ni\u00f1os algo mayores, puede aparecer un deseo de \u00abcuidar\u00bb al padre o madre o, por el contrario, intentar controlarlos de forma punitiva.<\/li>\n<\/ol>\n\n\n\n<h2 class=\"wp-block-heading\">\u00bfC\u00f3mo se manifiesta el apego desorganizado en los beb\u00e9s?<\/h2>\n\n\n\n<p>En los primeros meses de vida, el diagn\u00f3stico es m\u00e1s sutil pero ya se pueden observar se\u00f1ales de alerta. El <strong>apego desorganizado en los beb\u00e9s<\/strong> se manifiesta principalmente durante los momentos de separaci\u00f3n y reencuentro.<\/p>\n\n\n\n<p>Mientras que un beb\u00e9 con apego seguro llora cuando su madre se va y se consuela r\u00e1pidamente al volver, un beb\u00e9 con v\u00ednculo desorganizado puede mostrarse ap\u00e1tico cuando ella se marcha y, al regresar, <strong>reaccionar con una mezcla de evitaci\u00f3n y b\u00fasqueda de contacto<\/strong>. Es com\u00fan observar que el beb\u00e9 evita la mirada, se queda r\u00edgido al ser tomado en brazos o llora de forma desconsolada incluso cuando sus necesidades f\u00edsicas est\u00e1n cubiertas, mostrando una incapacidad para encontrar confort en el adulto.<\/p>\n\n\n\n<h2 class=\"wp-block-heading\">\u00bfC\u00f3mo se trabaja el apego desorganizado en ni\u00f1os?<\/h2>\n\n\n\n<p>La buena noticia es que el cerebro infantil tiene una gran plasticidad y los estilos de apego pueden evolucionar hacia formas m\u00e1s seguras mediante la intervenci\u00f3n adecuada. <strong>El tratamiento del apego desorganizado suele enfocarse en dos pilares<\/strong>:<\/p>\n\n\n\n<ul class=\"wp-block-list\">\n<li><strong>Terapia de interacci\u00f3n padres-hijos:<\/strong> El objetivo es ense\u00f1ar a los cuidadores a ser \u00abbases seguras\u00bb. Se trabaja para que aprendan a leer las se\u00f1ales del ni\u00f1o y respondan de forma predecible y sensible.<\/li>\n\n\n\n<li><strong>Sanar la historia del cuidador:<\/strong> Para que un padre pueda ofrecer seguridad, a veces necesita sanar sus propios traumas pasados. La terapia individual para los progenitores es fundamental en muchos casos de desorganizaci\u00f3n.<\/li>\n\n\n\n<li><strong>Creaci\u00f3n de rutinas:<\/strong> La previsibilidad es el ant\u00eddoto contra la desorganizaci\u00f3n. Las <a href=\"https:\/\/www.suavinex.com\/livingsuavinex\/rutina-ninos\/\">rutinas diarias en los ni\u00f1os<\/a> ayudan al ni\u00f1o a sentir que el mundo es un lugar ordenado y seguro.<\/li>\n\n\n\n<li><strong>Validaci\u00f3n emocional:<\/strong> Ayudar al ni\u00f1o a poner nombre a lo que siente, permiti\u00e9ndole entender sus emociones en lugar de temerlas. La comunicaci\u00f3n temprana es una herramienta clave para ello y hablar al beb\u00e9 desde sus primeros meses fortalece el v\u00ednculo y favorece su regulaci\u00f3n emocional, como explicamos en nuestro art\u00edculo sobre <a href=\"https:\/\/www.suavinex.com\/livingsuavinex\/hablar-al-bebe\/\" target=\"_blank\" rel=\"noreferrer noopener\">la importancia de hablar al beb\u00e9<\/a> y c\u00f3mo hacerlo.<\/li>\n<\/ul>\n\n\n\n<p>Fomentar un v\u00ednculo saludable no significa ser padres perfectos, sino ser padres presentes y predecibles. Comprender qu\u00e9 es apego desorganizado nos permite ser m\u00e1s conscientes de la importancia de nuestra propia estabilidad emocional en el desarrollo de nuestros hijos. Si sientes que tu relaci\u00f3n con tu beb\u00e9 es confusa o que te cuesta conectar con sus necesidades de forma coherente, no dudes en<strong> buscar apoyo profesional<\/strong>. El primer paso para reparar un v\u00ednculo es reconocer que necesitamos herramientas para construirlo con mejores bases.<\/p>\n\n\n\n<p><strong>Fuentes:<\/strong><\/p>\n\n\n\n<p><a href=\"https:\/\/psicologiaymente.com\/desarrollo\/apego-desorganizado\" target=\"_blank\" rel=\"noreferrer noopener nofollow\">Apego desorganizado: qu\u00e9 es, c\u00f3mo se desarrolla, y c\u00f3mo se trata &#8211; Psicolog\u00eda y Mente<\/a><\/p>\n\n\n\n<p><a href=\"https:\/\/neuro-class.com\/apego-desorganizado-su-impacto-en-la-infancia\/\" target=\"_blank\" rel=\"noreferrer noopener nofollow\">Apego desorganizado: Su impacto en la infancia &#8211; NeuroClass<\/a><\/p>\n\n\n\n<p><a href=\"https:\/\/www.ags-psicologosmadrid.com\/ansiedad\/apego-desorganizado\/\" target=\"_blank\" rel=\"noreferrer noopener nofollow\">Apego desorganizado causas, caracter\u00edsticas y efectos en el desarrollo &#8211; AGS Psic\u00f3logos Madrid<\/a><\/p>\n\n\n\n<p><\/p>\n","protected":false},"excerpt":{"rendered":"La construcci\u00f3n del v\u00ednculo afectivo es una de las tareas m\u00e1s importantes a las que te vas a enfrentar en la hora de convertirte en mam\u00e1 o pap\u00e1. Desde el primer contacto piel con piel, el beb\u00e9 busca seguridad y un refugio emocional ante un mundo que le resulta totalmente&#8230; <a class=\"view-article\" href=\"https:\/\/www.suavinex.com\/livingsuavinex\/apego-desorganizado\/\">Ver art\u00edculo<\/a>","protected":false},"author":295,"featured_media":47008,"comment_status":"closed","ping_status":"closed","sticky":false,"template":"","format":"standard","meta":{"inline_featured_image":false,"footnotes":""},"categories":[2269],"tags":[],"class_list":["post-47006","post","type-post","status-publish","format-standard","has-post-thumbnail","hentry","category-parenting"],"yoast_head":"<!-- This site is optimized with the Yoast SEO plugin v26.8 - https:\/\/yoast.com\/product\/yoast-seo-wordpress\/ -->\n<title>Apego desorganizado \u00bfQu\u00e9 es y qu\u00e9 lo causa? | Living Suavinex<\/title>\n<meta name=\"robots\" content=\"index, follow, max-snippet:-1, max-image-preview:large, max-video-preview:-1\" \/>\n<link rel=\"canonical\" href=\"https:\/\/www.suavinex.com\/livingsuavinex\/apego-desorganizado\/\" \/>\n<meta property=\"og:locale\" content=\"es_ES\" \/>\n<meta property=\"og:type\" content=\"article\" \/>\n<meta property=\"og:title\" content=\"Apego desorganizado \u00bfQu\u00e9 es y qu\u00e9 lo causa? | Living Suavinex\" \/>\n<meta property=\"og:description\" content=\"La construcci\u00f3n del v\u00ednculo afectivo es una de las tareas m\u00e1s importantes a las que te vas a enfrentar en la hora de convertirte en mam\u00e1 o pap\u00e1. Desde el primer contacto piel con piel, el beb\u00e9 busca seguridad y un refugio emocional ante un mundo que le resulta totalmente... Ver art\u00edculo\" \/>\n<meta property=\"og:url\" content=\"https:\/\/www.suavinex.com\/livingsuavinex\/apego-desorganizado\/\" \/>\n<meta property=\"og:site_name\" content=\"Living Suavinex\" \/>\n<meta property=\"article:publisher\" content=\"https:\/\/www.facebook.com\/SuavinexSpain\" \/>\n<meta property=\"article:published_time\" content=\"2026-03-05T23:27:00+00:00\" \/>\n<meta property=\"article:modified_time\" content=\"2026-03-13T07:47:30+00:00\" \/>\n<meta property=\"og:image\" content=\"https:\/\/www.suavinex.com\/livingsuavinex\/wp-content\/uploads\/2026\/03\/apego_desorganizado_suavinex.webp\" \/>\n\t<meta property=\"og:image:width\" content=\"1280\" \/>\n\t<meta property=\"og:image:height\" content=\"800\" \/>\n\t<meta property=\"og:image:type\" content=\"image\/webp\" \/>\n<meta name=\"author\" content=\"Suavinex Central\" \/>\n<meta name=\"twitter:card\" content=\"summary_large_image\" \/>\n<meta name=\"twitter:creator\" content=\"@SuavinexSpain\" \/>\n<meta name=\"twitter:site\" content=\"@SuavinexSpain\" \/>\n<meta name=\"twitter:label1\" content=\"Escrito por\" \/>\n\t<meta name=\"twitter:data1\" content=\"Suavinex Central\" \/>\n\t<meta name=\"twitter:label2\" content=\"Tiempo de lectura\" \/>\n\t<meta name=\"twitter:data2\" content=\"6 minutos\" \/>\n<script type=\"application\/ld+json\" class=\"yoast-schema-graph\">{\"@context\":\"https:\/\/schema.org\",\"@graph\":[{\"@type\":\"Article\",\"@id\":\"https:\/\/www.suavinex.com\/livingsuavinex\/apego-desorganizado\/#article\",\"isPartOf\":{\"@id\":\"https:\/\/www.suavinex.com\/livingsuavinex\/apego-desorganizado\/\"},\"author\":{\"name\":\"Suavinex Central\",\"@id\":\"https:\/\/www.suavinex.com\/livingsuavinex\/#\/schema\/person\/836d83f4b1821b11b7b47cffd08f1ecb\"},\"headline\":\"Apego desorganizado \u00bfQu\u00e9 es y qu\u00e9 lo causa?\",\"datePublished\":\"2026-03-05T23:27:00+00:00\",\"dateModified\":\"2026-03-13T07:47:30+00:00\",\"mainEntityOfPage\":{\"@id\":\"https:\/\/www.suavinex.com\/livingsuavinex\/apego-desorganizado\/\"},\"wordCount\":1145,\"publisher\":{\"@id\":\"https:\/\/www.suavinex.com\/livingsuavinex\/#organization\"},\"image\":{\"@id\":\"https:\/\/www.suavinex.com\/livingsuavinex\/apego-desorganizado\/#primaryimage\"},\"thumbnailUrl\":\"https:\/\/www.suavinex.com\/livingsuavinex\/wp-content\/uploads\/2026\/03\/apego_desorganizado_suavinex.webp\",\"articleSection\":[\"Parenting\"],\"inLanguage\":\"es\"},{\"@type\":\"WebPage\",\"@id\":\"https:\/\/www.suavinex.com\/livingsuavinex\/apego-desorganizado\/\",\"url\":\"https:\/\/www.suavinex.com\/livingsuavinex\/apego-desorganizado\/\",\"name\":\"Apego desorganizado \u00bfQu\u00e9 es y qu\u00e9 lo causa? | Living Suavinex\",\"isPartOf\":{\"@id\":\"https:\/\/www.suavinex.com\/livingsuavinex\/#website\"},\"primaryImageOfPage\":{\"@id\":\"https:\/\/www.suavinex.com\/livingsuavinex\/apego-desorganizado\/#primaryimage\"},\"image\":{\"@id\":\"https:\/\/www.suavinex.com\/livingsuavinex\/apego-desorganizado\/#primaryimage\"},\"thumbnailUrl\":\"https:\/\/www.suavinex.com\/livingsuavinex\/wp-content\/uploads\/2026\/03\/apego_desorganizado_suavinex.webp\",\"datePublished\":\"2026-03-05T23:27:00+00:00\",\"dateModified\":\"2026-03-13T07:47:30+00:00\",\"breadcrumb\":{\"@id\":\"https:\/\/www.suavinex.com\/livingsuavinex\/apego-desorganizado\/#breadcrumb\"},\"inLanguage\":\"es\",\"potentialAction\":[{\"@type\":\"ReadAction\",\"target\":[\"https:\/\/www.suavinex.com\/livingsuavinex\/apego-desorganizado\/\"]}]},{\"@type\":\"ImageObject\",\"inLanguage\":\"es\",\"@id\":\"https:\/\/www.suavinex.com\/livingsuavinex\/apego-desorganizado\/#primaryimage\",\"url\":\"https:\/\/www.suavinex.com\/livingsuavinex\/wp-content\/uploads\/2026\/03\/apego_desorganizado_suavinex.webp\",\"contentUrl\":\"https:\/\/www.suavinex.com\/livingsuavinex\/wp-content\/uploads\/2026\/03\/apego_desorganizado_suavinex.webp\",\"width\":1280,\"height\":800,\"caption\":\"Apego desorganizado. Imagen de freepik\"},{\"@type\":\"BreadcrumbList\",\"@id\":\"https:\/\/www.suavinex.com\/livingsuavinex\/apego-desorganizado\/#breadcrumb\",\"itemListElement\":[{\"@type\":\"ListItem\",\"position\":1,\"name\":\"Portada\",\"item\":\"https:\/\/www.suavinex.com\/livingsuavinex\/\"},{\"@type\":\"ListItem\",\"position\":2,\"name\":\"Apego desorganizado \u00bfQu\u00e9 es y qu\u00e9 lo causa?\"}]},{\"@type\":\"WebSite\",\"@id\":\"https:\/\/www.suavinex.com\/livingsuavinex\/#website\",\"url\":\"https:\/\/www.suavinex.com\/livingsuavinex\/\",\"name\":\"Living Suavinex\",\"description\":\"| Familias reales\",\"publisher\":{\"@id\":\"https:\/\/www.suavinex.com\/livingsuavinex\/#organization\"},\"potentialAction\":[{\"@type\":\"SearchAction\",\"target\":{\"@type\":\"EntryPoint\",\"urlTemplate\":\"https:\/\/www.suavinex.com\/livingsuavinex\/?s={search_term_string}\"},\"query-input\":{\"@type\":\"PropertyValueSpecification\",\"valueRequired\":true,\"valueName\":\"search_term_string\"}}],\"inLanguage\":\"es\"},{\"@type\":\"Organization\",\"@id\":\"https:\/\/www.suavinex.com\/livingsuavinex\/#organization\",\"name\":\"Suavinex\",\"url\":\"https:\/\/www.suavinex.com\/livingsuavinex\/\",\"logo\":{\"@type\":\"ImageObject\",\"inLanguage\":\"es\",\"@id\":\"https:\/\/www.suavinex.com\/livingsuavinex\/#\/schema\/logo\/image\/\",\"url\":\"https:\/\/www.suavinex.com\/livingsuavinex\/wp-content\/uploads\/2018\/07\/living_sx_logo_mvl.png\",\"contentUrl\":\"https:\/\/www.suavinex.com\/livingsuavinex\/wp-content\/uploads\/2018\/07\/living_sx_logo_mvl.png\",\"width\":350,\"height\":70,\"caption\":\"Suavinex\"},\"image\":{\"@id\":\"https:\/\/www.suavinex.com\/livingsuavinex\/#\/schema\/logo\/image\/\"},\"sameAs\":[\"https:\/\/www.facebook.com\/SuavinexSpain\",\"https:\/\/x.com\/SuavinexSpain\",\"https:\/\/www.instagram.com\/suavinex_spain\/\",\"https:\/\/www.pinterest.es\/SuavinexSpain\/\",\"https:\/\/www.youtube.com\/channel\/UCgeJREx2R_ZvV2aQMrfWgcA\"]},{\"@type\":\"Person\",\"@id\":\"https:\/\/www.suavinex.com\/livingsuavinex\/#\/schema\/person\/836d83f4b1821b11b7b47cffd08f1ecb\",\"name\":\"Suavinex Central\",\"image\":{\"@type\":\"ImageObject\",\"inLanguage\":\"es\",\"@id\":\"https:\/\/www.suavinex.com\/livingsuavinex\/#\/schema\/person\/image\/\",\"url\":\"https:\/\/secure.gravatar.com\/avatar\/bd43680b784882668035add29f959967?s=96&d=mm&r=g\",\"contentUrl\":\"https:\/\/secure.gravatar.com\/avatar\/bd43680b784882668035add29f959967?s=96&d=mm&r=g\",\"caption\":\"Suavinex Central\"}}]}<\/script>\n<!-- \/ Yoast SEO plugin. -->","yoast_head_json":{"title":"Apego desorganizado \u00bfQu\u00e9 es y qu\u00e9 lo causa? | Living Suavinex","robots":{"index":"index","follow":"follow","max-snippet":"max-snippet:-1","max-image-preview":"max-image-preview:large","max-video-preview":"max-video-preview:-1"},"canonical":"https:\/\/www.suavinex.com\/livingsuavinex\/apego-desorganizado\/","og_locale":"es_ES","og_type":"article","og_title":"Apego desorganizado \u00bfQu\u00e9 es y qu\u00e9 lo causa? | Living Suavinex","og_description":"La construcci\u00f3n del v\u00ednculo afectivo es una de las tareas m\u00e1s importantes a las que te vas a enfrentar en la hora de convertirte en mam\u00e1 o pap\u00e1. Desde el primer contacto piel con piel, el beb\u00e9 busca seguridad y un refugio emocional ante un mundo que le resulta totalmente... Ver art\u00edculo","og_url":"https:\/\/www.suavinex.com\/livingsuavinex\/apego-desorganizado\/","og_site_name":"Living Suavinex","article_publisher":"https:\/\/www.facebook.com\/SuavinexSpain","article_published_time":"2026-03-05T23:27:00+00:00","article_modified_time":"2026-03-13T07:47:30+00:00","og_image":[{"width":1280,"height":800,"url":"https:\/\/www.suavinex.com\/livingsuavinex\/wp-content\/uploads\/2026\/03\/apego_desorganizado_suavinex.webp","type":"image\/webp"}],"author":"Suavinex Central","twitter_card":"summary_large_image","twitter_creator":"@SuavinexSpain","twitter_site":"@SuavinexSpain","twitter_misc":{"Escrito por":"Suavinex Central","Tiempo de lectura":"6 minutos"},"schema":{"@context":"https:\/\/schema.org","@graph":[{"@type":"Article","@id":"https:\/\/www.suavinex.com\/livingsuavinex\/apego-desorganizado\/#article","isPartOf":{"@id":"https:\/\/www.suavinex.com\/livingsuavinex\/apego-desorganizado\/"},"author":{"name":"Suavinex Central","@id":"https:\/\/www.suavinex.com\/livingsuavinex\/#\/schema\/person\/836d83f4b1821b11b7b47cffd08f1ecb"},"headline":"Apego desorganizado \u00bfQu\u00e9 es y qu\u00e9 lo causa?","datePublished":"2026-03-05T23:27:00+00:00","dateModified":"2026-03-13T07:47:30+00:00","mainEntityOfPage":{"@id":"https:\/\/www.suavinex.com\/livingsuavinex\/apego-desorganizado\/"},"wordCount":1145,"publisher":{"@id":"https:\/\/www.suavinex.com\/livingsuavinex\/#organization"},"image":{"@id":"https:\/\/www.suavinex.com\/livingsuavinex\/apego-desorganizado\/#primaryimage"},"thumbnailUrl":"https:\/\/www.suavinex.com\/livingsuavinex\/wp-content\/uploads\/2026\/03\/apego_desorganizado_suavinex.webp","articleSection":["Parenting"],"inLanguage":"es"},{"@type":"WebPage","@id":"https:\/\/www.suavinex.com\/livingsuavinex\/apego-desorganizado\/","url":"https:\/\/www.suavinex.com\/livingsuavinex\/apego-desorganizado\/","name":"Apego desorganizado \u00bfQu\u00e9 es y qu\u00e9 lo causa? | Living Suavinex","isPartOf":{"@id":"https:\/\/www.suavinex.com\/livingsuavinex\/#website"},"primaryImageOfPage":{"@id":"https:\/\/www.suavinex.com\/livingsuavinex\/apego-desorganizado\/#primaryimage"},"image":{"@id":"https:\/\/www.suavinex.com\/livingsuavinex\/apego-desorganizado\/#primaryimage"},"thumbnailUrl":"https:\/\/www.suavinex.com\/livingsuavinex\/wp-content\/uploads\/2026\/03\/apego_desorganizado_suavinex.webp","datePublished":"2026-03-05T23:27:00+00:00","dateModified":"2026-03-13T07:47:30+00:00","breadcrumb":{"@id":"https:\/\/www.suavinex.com\/livingsuavinex\/apego-desorganizado\/#breadcrumb"},"inLanguage":"es","potentialAction":[{"@type":"ReadAction","target":["https:\/\/www.suavinex.com\/livingsuavinex\/apego-desorganizado\/"]}]},{"@type":"ImageObject","inLanguage":"es","@id":"https:\/\/www.suavinex.com\/livingsuavinex\/apego-desorganizado\/#primaryimage","url":"https:\/\/www.suavinex.com\/livingsuavinex\/wp-content\/uploads\/2026\/03\/apego_desorganizado_suavinex.webp","contentUrl":"https:\/\/www.suavinex.com\/livingsuavinex\/wp-content\/uploads\/2026\/03\/apego_desorganizado_suavinex.webp","width":1280,"height":800,"caption":"Apego desorganizado. Imagen de freepik"},{"@type":"BreadcrumbList","@id":"https:\/\/www.suavinex.com\/livingsuavinex\/apego-desorganizado\/#breadcrumb","itemListElement":[{"@type":"ListItem","position":1,"name":"Portada","item":"https:\/\/www.suavinex.com\/livingsuavinex\/"},{"@type":"ListItem","position":2,"name":"Apego desorganizado \u00bfQu\u00e9 es y qu\u00e9 lo causa?"}]},{"@type":"WebSite","@id":"https:\/\/www.suavinex.com\/livingsuavinex\/#website","url":"https:\/\/www.suavinex.com\/livingsuavinex\/","name":"Living Suavinex","description":"| Familias reales","publisher":{"@id":"https:\/\/www.suavinex.com\/livingsuavinex\/#organization"},"potentialAction":[{"@type":"SearchAction","target":{"@type":"EntryPoint","urlTemplate":"https:\/\/www.suavinex.com\/livingsuavinex\/?s={search_term_string}"},"query-input":{"@type":"PropertyValueSpecification","valueRequired":true,"valueName":"search_term_string"}}],"inLanguage":"es"},{"@type":"Organization","@id":"https:\/\/www.suavinex.com\/livingsuavinex\/#organization","name":"Suavinex","url":"https:\/\/www.suavinex.com\/livingsuavinex\/","logo":{"@type":"ImageObject","inLanguage":"es","@id":"https:\/\/www.suavinex.com\/livingsuavinex\/#\/schema\/logo\/image\/","url":"https:\/\/www.suavinex.com\/livingsuavinex\/wp-content\/uploads\/2018\/07\/living_sx_logo_mvl.png","contentUrl":"https:\/\/www.suavinex.com\/livingsuavinex\/wp-content\/uploads\/2018\/07\/living_sx_logo_mvl.png","width":350,"height":70,"caption":"Suavinex"},"image":{"@id":"https:\/\/www.suavinex.com\/livingsuavinex\/#\/schema\/logo\/image\/"},"sameAs":["https:\/\/www.facebook.com\/SuavinexSpain","https:\/\/x.com\/SuavinexSpain","https:\/\/www.instagram.com\/suavinex_spain\/","https:\/\/www.pinterest.es\/SuavinexSpain\/","https:\/\/www.youtube.com\/channel\/UCgeJREx2R_ZvV2aQMrfWgcA"]},{"@type":"Person","@id":"https:\/\/www.suavinex.com\/livingsuavinex\/#\/schema\/person\/836d83f4b1821b11b7b47cffd08f1ecb","name":"Suavinex Central","image":{"@type":"ImageObject","inLanguage":"es","@id":"https:\/\/www.suavinex.com\/livingsuavinex\/#\/schema\/person\/image\/","url":"https:\/\/secure.gravatar.com\/avatar\/bd43680b784882668035add29f959967?s=96&d=mm&r=g","contentUrl":"https:\/\/secure.gravatar.com\/avatar\/bd43680b784882668035add29f959967?s=96&d=mm&r=g","caption":"Suavinex Central"}}]}},"_links":{"self":[{"href":"https:\/\/www.suavinex.com\/livingsuavinex\/wp-json\/wp\/v2\/posts\/47006","targetHints":{"allow":["GET"]}}],"collection":[{"href":"https:\/\/www.suavinex.com\/livingsuavinex\/wp-json\/wp\/v2\/posts"}],"about":[{"href":"https:\/\/www.suavinex.com\/livingsuavinex\/wp-json\/wp\/v2\/types\/post"}],"author":[{"embeddable":true,"href":"https:\/\/www.suavinex.com\/livingsuavinex\/wp-json\/wp\/v2\/users\/295"}],"replies":[{"embeddable":true,"href":"https:\/\/www.suavinex.com\/livingsuavinex\/wp-json\/wp\/v2\/comments?post=47006"}],"version-history":[{"count":1,"href":"https:\/\/www.suavinex.com\/livingsuavinex\/wp-json\/wp\/v2\/posts\/47006\/revisions"}],"predecessor-version":[{"id":47007,"href":"https:\/\/www.suavinex.com\/livingsuavinex\/wp-json\/wp\/v2\/posts\/47006\/revisions\/47007"}],"wp:featuredmedia":[{"embeddable":true,"href":"https:\/\/www.suavinex.com\/livingsuavinex\/wp-json\/wp\/v2\/media\/47008"}],"wp:attachment":[{"href":"https:\/\/www.suavinex.com\/livingsuavinex\/wp-json\/wp\/v2\/media?parent=47006"}],"wp:term":[{"taxonomy":"category","embeddable":true,"href":"https:\/\/www.suavinex.com\/livingsuavinex\/wp-json\/wp\/v2\/categories?post=47006"},{"taxonomy":"post_tag","embeddable":true,"href":"https:\/\/www.suavinex.com\/livingsuavinex\/wp-json\/wp\/v2\/tags?post=47006"}],"curies":[{"name":"wp","href":"https:\/\/api.w.org\/{rel}","templated":true}]}}