{"id":46220,"date":"2024-12-10T08:30:00","date_gmt":"2024-12-10T07:30:00","guid":{"rendered":"https:\/\/www.suavinex.com\/livingsuavinex\/?p=46220"},"modified":"2024-11-29T09:02:42","modified_gmt":"2024-11-29T08:02:42","slug":"sharenting-menores-y-redes-sociales","status":"publish","type":"post","link":"https:\/\/www.suavinex.com\/livingsuavinex\/sharenting-menores-y-redes-sociales\/","title":{"rendered":"Sharenting: menores y redes sociales"},"content":{"rendered":"\n<p>El uso de redes sociales ha transformado la manera en que compartimos momentos, historias y logros. Sin embargo, esta tendencia ha dado origen a una pr\u00e1ctica que, aunque com\u00fan, puede resultar problem\u00e1tica: el <strong>sharenting<\/strong>. Este t\u00e9rmino surge de la combinaci\u00f3n de \u201csharing\u201d (compartir) y \u201cparenting\u201d (crianza), y hace referencia a la tendencia de muchos padres a <strong>publicar contenido sobre sus hijos<\/strong> en redes sociales.&nbsp;<\/p>\n\n\n\n<p>Si bien puede parecer inofensivo, el sharenting plantea diversas preocupaciones acerca de las posibles <strong>consecuencias de la sobreexposici\u00f3n en redes sociales<\/strong> para los menores.&nbsp;&nbsp;<\/p>\n\n\n\n<h2 class=\"wp-block-heading\">\u00bfQu\u00e9 es el Sharenting?&nbsp;<\/h2>\n\n\n\n<p>\u00bfCu\u00e1l es el <strong>significado de sharenting<\/strong>?&nbsp; Hablamos de esta pr\u00e1ctica cuando los padres y madres comparten de forma habitual fotos, videos o cualquier otro tipo de contenido sobre sus hijos en plataformas digitales.&nbsp;<\/p>\n\n\n\n<p>Para muchos padres, compartir esto es una <strong>forma de celebrar logros y momentos especiales<\/strong> con amigos y familiares que, de otro modo, quiz\u00e1s no podr\u00edan presenciar. Sin embargo, el sharenting va m\u00e1s all\u00e1 de una simple publicaci\u00f3n ocasional: se trata de publicaciones constantes que detallan cada momento de la vida del peque\u00f1o o peque\u00f1a. Esto genera una serie de preocupaciones sobre el derecho a la privacidad de los menores y el papel de los padres en la protecci\u00f3n de su imagen y datos personales.&nbsp;<\/p>\n\n\n\n<h2 class=\"wp-block-heading\">Qu\u00e9 es la huella digital y por qu\u00e9 es importante&nbsp;<\/h2>\n\n\n\n<p>La huella digital es el <strong>rastro de informaci\u00f3n que dejamos en internet<\/strong> a trav\u00e9s de nuestras interacciones, comentarios, fotograf\u00edas y videos, entre otros elementos. En el caso de los ni\u00f1os, esta huella puede comenzar a formarse incluso antes de que ellos puedan entender qu\u00e9 es internet o c\u00f3mo funciona. Los padres, al compartir contenido de sus hijos en redes sociales, son quienes construyen esa huella digital inicial.&nbsp;<\/p>\n\n\n\n<p>El <strong>impacto que puede tener la huella digital es real y duradero<\/strong>. No en vano se recuerda de forma continua que lo que ponemos en internet, no se olvide nunca. Aunque borres una foto o un comentario de tus redes sociales, no hay ninguna garant\u00eda de que otra persona haya guardado una copia o incluso de que se pueda recuperar a posteriori.&nbsp;<\/p>\n\n\n\n<p>\u00bf<strong>Qu\u00e9 consecuencias tendr\u00e1 en el futuro<\/strong> que otras personas puedan acceder a momentos \u00edntimos de la infancia de tus hijos o hijas? Esta es una de las preguntas m\u00e1s importantes que deben hacerse los padres y cuidadores antes de empezar a compartir contenido en redes sociales.&nbsp;<\/p>\n\n\n\n<h2 class=\"wp-block-heading\">Algunos ejemplos de sharenting&nbsp;<\/h2>\n\n\n\n<p>El sharenting no siempre es f\u00e1cil de identificar, y muchos padres no son conscientes de que sus publicaciones podr\u00edan estar poniendo en riesgo la seguridad y la integridad de sus hijos. Estas son algunas acciones que pueden considerarse como sharenting:&nbsp;&nbsp;<\/p>\n\n\n\n<ul class=\"wp-block-list\">\n<li><strong>Fotos de momentos \u00edntimos<\/strong>: Desde el primer ba\u00f1o hasta el primer d\u00eda de clases, algunos padres comparten im\u00e1genes de sus hijos en situaciones que, aunque pueden parecer adorables, pertenecen al \u00e1mbito privado.\u00a0<\/li>\n<\/ul>\n\n\n\n<ul class=\"wp-block-list\">\n<li><strong>Actualizaciones constantes sobre su desarrollo<\/strong>: Algunos padres publican detalles sobre el desarrollo f\u00edsico, emocional y acad\u00e9mico de sus hijos, como su rendimiento escolar o logros deportivos.\u00a0<\/li>\n<\/ul>\n\n\n\n<ul class=\"wp-block-list\">\n<li><strong>Celebraci\u00f3n de eventos familiares<\/strong>: Las fiestas de cumplea\u00f1os, las vacaciones y otros eventos familiares son escenarios comunes en los que los padres suelen documentar cada momento y compartirlo en redes sociales.\u00a0<\/li>\n<\/ul>\n\n\n\n<ul class=\"wp-block-list\">\n<li><strong>Publicaciones con datos personales<\/strong>: Algunos padres comparten contenido que incluye la ubicaci\u00f3n, la escuela o el nombre completo de sus hijos, lo cual puede exponerlos a riesgos de privacidad.\u00a0<\/li>\n<\/ul>\n\n\n\n<p>Estos ejemplos de sharenting pueden parecer inofensivos a simple vista, pero es importante recordar que no son solo nuestros amigos y familiares cercanos los que acceden a estos contenidos. Por desgracia, en Internet (y en el mundo) hay <strong>muchas personas mal intencionadas<\/strong> y, adem\u00e1s del da\u00f1o futuro que puede ocasionar a los m\u00e1s peque\u00f1os tener su vida expuesta en internet sin su permiso, hay que considerar los <strong>usos ileg\u00edtimos<\/strong> que personas desconocidas est\u00e1n dando a las im\u00e1genes de tus hijos e hijas.&nbsp;<\/p>\n\n\n\n<h2 class=\"wp-block-heading\">Riesgos del sharenting y de exponer a los hijos en redes sociales&nbsp;<\/h2>\n\n\n\n<p>La <strong>sobreexposici\u00f3n en redes sociales de los menores<\/strong> puede tener consecuencias reales en su privacidad, seguridad e incluso en su bienestar emocional:&nbsp;<\/p>\n\n\n\n<ol start=\"1\" class=\"wp-block-list\">\n<li><strong>P\u00e9rdida de privacidad<\/strong>: Cuando los padres comparten im\u00e1genes y videos de sus hijos, est\u00e1n creando una huella digital permanente. Esto significa que terceros pueden acceder a esa informaci\u00f3n en el futuro sin el consentimiento del menor.\u00a0<\/li>\n<\/ol>\n\n\n\n<ol start=\"2\" class=\"wp-block-list\">\n<li><strong>Riesgo de ciberbullying<\/strong>: Los menores con una presencia digital prominente pueden ser blanco de burlas, comentarios malintencionados o incluso <a href=\"https:\/\/www.suavinex.com\/livingsuavinex\/ciberbullying-o-ciberacoso-que-es-tipos-y-como-prevenirlo\/\" target=\"_blank\" rel=\"noreferrer noopener\">cyberbullying<\/a> o acoso. Adem\u00e1s, otros ni\u00f1os o adolescentes pueden usar esta informaci\u00f3n en el futuro para humillar o molestar al menor. La <a href=\"https:\/\/www.suavinex.com\/livingsuavinex\/salud-mental-infantil-trastornos-y-sindromes-mas-comunes\/\/\" target=\"_blank\" rel=\"noreferrer noopener\">salud mental infantil<\/a> se puede ver muy afectada negativamente cuando se sufre este tipo de acoso.\u00a0<\/li>\n<\/ol>\n\n\n\n<ol start=\"3\" class=\"wp-block-list\">\n<li><strong>Posibles robos de identidad<\/strong>: Exponer datos personales de los hijos, como su nombre completo, fecha de nacimiento o lugar de residencia, puede facilitar el robo de identidad. Los delincuentes podr\u00edan usar esta informaci\u00f3n para suplantar al menor o incluso utilizarla con fines malintencionados.\u00a0<\/li>\n<\/ol>\n\n\n\n<ol start=\"4\" class=\"wp-block-list\">\n<li><strong>Impacto en su autoestima y bienestar<\/strong>: Al crecer, muchos ni\u00f1os pueden sentirse inc\u00f3modos con las im\u00e1genes y momentos de su infancia que han sido compartidos en redes sociales. Esto podr\u00eda afectar su autoestima y su percepci\u00f3n de s\u00ed mismos. Trabajar la <a href=\"https:\/\/www.suavinex.com\/livingsuavinex\/como-trabajar-la-autonomia-personal-y-salud-infantil\/\" target=\"_blank\" rel=\"noreferrer noopener\">autonom\u00eda personal infantil<\/a> es crucial y las sobreexposici\u00f3n a las redes puede ser un impedimento.\u00a0<\/li>\n<\/ol>\n\n\n\n<ol start=\"5\" class=\"wp-block-list\">\n<li><strong>Riesgo de abuso o explotaci\u00f3n<\/strong>: En los peores casos, las im\u00e1genes de menores en redes sociales pueden ser utilizadas por personas con malas intenciones. La exposici\u00f3n en internet aumenta el riesgo de que las fotos de los ni\u00f1os caigan en manos de quienes las pueden emplear de manera inapropiada e ilegal.\u00a0<\/li>\n<\/ol>\n\n\n\n<ol start=\"6\" class=\"wp-block-list\">\n<li><strong>Riesgo de secuestro<\/strong>: Compartir de forma p\u00fablica la rutina y h\u00e1bitos de tus hijos hace que sea muy sencillo para delincuentes encontrar el momento perfecto en el que tener acceso f\u00edsico a tu peque y llev\u00e1rselo. Si, adem\u00e1s, tus publicaciones dan a que tienes una buena situaci\u00f3n financiera, est\u00e1s poniendo a tu hijo o hija en un gran riesgo.\u00a0<\/li>\n<\/ol>\n\n\n\n<h2 class=\"wp-block-heading\">C\u00f3mo prevenir el sharenting&nbsp;<\/h2>\n\n\n\n<p>Existen diversas estrategias que los padres pueden implementar para evitar la sobreexposici\u00f3n de sus hijos en redes sociales y proteger su privacidad. Aqu\u00ed se presentan algunas recomendaciones para prevenir el sharenting:&nbsp;<\/p>\n\n\n\n<ul class=\"wp-block-list\">\n<li><strong>Reflexionar antes de publicar<\/strong>: Antes de subir cualquier foto o video de un menor, es importante considerar si esta publicaci\u00f3n puede afectar a su privacidad en el futuro o exponerlo a riesgos innecesarios. Por ejemplo, puede que hayas captado un momento tierno o divertido con tu <a href=\"https:\/\/www.suavinex.com\/dispositivos-smart-infantiles\/bb-vigilabebes-zen-premium\/p\/000000000000401929\" target=\"_blank\" rel=\"noreferrer noopener\">monitor de video para beb\u00e9s Zen Premium<\/a> de Beaba. Pero antes de lanzarte a compartirlo con todo internet, preg\u00fantate si ese contenido ser\u00eda algo que tu hijo querr\u00eda compartir de adulto.\u00a0<\/li>\n<\/ul>\n\n\n\n<ul class=\"wp-block-list\">\n<li><strong>Configurar la privacidad de las publicaciones<\/strong>: Ajustar la configuraci\u00f3n de privacidad para que solo personas de confianza puedan ver las publicaciones es un primer paso importante. Muchas redes sociales permiten limitar la audiencia de cada publicaci\u00f3n para que solo amigos cercanos o familiares puedan verla.\u00a0<\/li>\n<\/ul>\n\n\n\n<ul class=\"wp-block-list\">\n<li><strong>Evitar compartir datos personales<\/strong>: Evita publicar informaci\u00f3n sensible, como el nombre completo, la escuela, la direcci\u00f3n o la fecha de nacimiento de tus hijos. Estos datos son piezas clave que terceros podr\u00edan utilizar para robar la identidad del menor o ubicarlo.\u00a0<\/li>\n<\/ul>\n\n\n\n<ul class=\"wp-block-list\">\n<li><strong>Preguntar al ni\u00f1o, si es posible<\/strong>: Si el ni\u00f1o es lo suficientemente mayor para expresar su opini\u00f3n, preg\u00fantale si est\u00e1 de acuerdo con que se compartan sus fotos. Esto no solo le otorga cierto control sobre su imagen, sino que tambi\u00e9n le ense\u00f1a la importancia de la privacidad en internet. Un <a href=\"https:\/\/www.suavinex.com\/livingsuavinex\/estilos-de-crianza-parental-pautas-de-crianza\/\" target=\"_blank\" rel=\"noreferrer noopener\">estilo de crianza parental<\/a> basado en la <a href=\"https:\/\/www.suavinex.com\/livingsuavinex\/que-es-la-disciplina-positiva-tips-de-como-educar-en-positivo\/\" target=\"_blank\" rel=\"noreferrer noopener\">disciplina positiva<\/a>, siempre tratar\u00e1 de tener en cuenta la opini\u00f3n del peque\u00f1o y hacerle part\u00edcipe de estas decisiones.\u00a0<\/li>\n<\/ul>\n\n\n\n<ul class=\"wp-block-list\">\n<li><strong>Considerar alternativas privadas para compartir<\/strong>: Si deseas compartir momentos especiales con amigos y familiares, considera opciones privadas como \u00e1lbumes en la nube o aplicaciones de mensajer\u00eda que permiten compartir fotos de manera segura y sin exponer al menor p\u00fablicamente.\u00a0<\/li>\n<\/ul>\n\n\n\n<ul class=\"wp-block-list\">\n<li><strong>Informarse y educarse sobre los peligros del sharenting<\/strong>: Ser consciente de los peligros del sharenting y de los posibles riesgos de exponer a los hijos en redes sociales es fundamental para tomar decisiones informadas. Educarse sobre estos temas permite a los padres proteger mejor a sus hijos y prevenir problemas futuros.\u00a0<\/li>\n<\/ul>\n\n\n<div class=\"carrusel\"><ul class=\"recomendacion\"><li class=\"producto\"><div class=\"wrapProducto\"><a target=\"_blank\" class=\"imagen\" href=\"https:\/\/www.suavinex.com\/dispositivos-smart-infantiles\/bb-vigilabebes-zen-premium\/p\/000000000000401929\"><img decoding=\"async\" src=\"https:\/\/www.suavinex.com\/medias\/401929-VIGILA-ZEN-PREMIUM-prod-02.jpg?context=bWFzdGVyfGltYWdlc3wxMTM0OTN8aW1hZ2UvanBlZ3xpbWFnZXMvaGE2L2hkOC84ODk5ODUxMDkxOTk4LmpwZ3w1MmJiZDkyMTAzOGM4MzRiODk1MmI2ZjMyNTc0MTE1ZGMzMjA1NGQ1ZGI5NmIwZWEzYjZlM2Q1NzdjNWQ2YWUz\"><\/a><div class=\"productname\"><a target=\"_blank\" href=\"https:\/\/www.suavinex.com\/dispositivos-smart-infantiles\/bb-vigilabebes-zen-premium\/p\/000000000000401929\">Monitor de Video para Beb\u00e9s Zen Premium<\/a><div><div class=\"bloquePrecio\"><div class=\"precioProducto\">200.0 \u20ac<\/div><a target=\"_blank\" class=\"ctabuy\" href=\"https:\/\/www.suavinex.com\/dispositivos-smart-infantiles\/bb-vigilabebes-zen-premium\/p\/000000000000401929\">COMPRAR<\/a><\/div><\/div><\/li><\/ul><\/div>\n\n\n\n<p>Los padres y madres tienen una responsabilidad \u00fanica al decidir qu\u00e9, c\u00f3mo y con qui\u00e9n compartir los momentos de la vida de sus hijos, y es fundamental que lo hagan de manera consciente. Antes de hacer una publicaci\u00f3n en redes sociales, preg\u00fantate si les regalar\u00edas esas im\u00e1genes o les contar\u00edas esa misma informaci\u00f3n a desconocidos por la calle. Si la respuesta es no, probablemente no hay ninguna necesidad de ponerlo tampoco en redes sociales.&nbsp;<\/p>\n\n\n\n<p><strong>Fuentes:\u00a0\u00a0<\/strong><\/p>\n\n\n\n<p><a href=\"https:\/\/www.bbc.com\/mundo\/noticias-44210074\" target=\"_blank\" rel=\"noreferrer noopener nofollow\">Qu\u00e9 es el \u00absharenting\u00bb y por qu\u00e9 deber\u00edas pens\u00e1rtelo dos veces antes de compartir la vida de tus hijos en redes sociales &#8211; BBC News Mundo<\/a>\u00a0<\/p>\n\n\n\n<p><a href=\"https:\/\/elfeminismo.com\/articulos-sobre-feminismo\/sharenting-explicacion-y-riesgos\/\" target=\"_blank\" rel=\"noreferrer noopener nofollow\">SHARENTING: Qu\u00e9 es y qu\u00e9 riesgos tiene para nuestros hijos<\/a>\u00a0<\/p>\n\n\n\n<p><a href=\"https:\/\/www.unicef.org\/lac\/crianza\/seguridad-proteccion\/sharenting-7-preguntas-compartir-informacion-hijos-redes\" target=\"_blank\" rel=\"noreferrer noopener nofollow\" class=\"broken_link\">\u00bfQu\u00e9 es el sharenting? 7 preguntas sobre compartir informaci\u00f3n de tus hijos en l\u00ednea | UNICEF<\/a>\u00a0<\/p>\n","protected":false},"excerpt":{"rendered":"El uso de redes sociales ha transformado la manera en que compartimos momentos, historias y logros. Sin embargo, esta tendencia ha dado origen a una pr\u00e1ctica que, aunque com\u00fan, puede resultar problem\u00e1tica: el sharenting. Este t\u00e9rmino surge de la combinaci\u00f3n de \u201csharing\u201d (compartir) y \u201cparenting\u201d (crianza), y hace referencia a&#8230; <a class=\"view-article\" href=\"https:\/\/www.suavinex.com\/livingsuavinex\/sharenting-menores-y-redes-sociales\/\">Ver art\u00edculo<\/a>","protected":false},"author":297,"featured_media":46221,"comment_status":"closed","ping_status":"closed","sticky":false,"template":"","format":"standard","meta":{"inline_featured_image":false,"footnotes":""},"categories":[2277],"tags":[],"class_list":["post-46220","post","type-post","status-publish","format-standard","has-post-thumbnail","hentry","category-tendencias"],"yoast_head":"<!-- This site is optimized with the Yoast SEO plugin v26.8 - https:\/\/yoast.com\/product\/yoast-seo-wordpress\/ -->\n<title>Sharenting: menores y redes sociales | Living Suavinex<\/title>\n<meta name=\"description\" content=\"El sharenting plantea diversas preocupaciones acerca de las posibles consecuencias de la sobreexposici\u00f3n en redes sociales para los menores.\u00a0\" \/>\n<meta name=\"robots\" content=\"index, follow, max-snippet:-1, max-image-preview:large, max-video-preview:-1\" \/>\n<link rel=\"canonical\" href=\"https:\/\/www.suavinex.com\/livingsuavinex\/sharenting-menores-y-redes-sociales\/\" \/>\n<meta property=\"og:locale\" content=\"es_ES\" \/>\n<meta property=\"og:type\" content=\"article\" \/>\n<meta property=\"og:title\" content=\"Sharenting: menores y redes sociales | Living Suavinex\" \/>\n<meta property=\"og:description\" content=\"El sharenting plantea diversas preocupaciones acerca de las posibles consecuencias de la sobreexposici\u00f3n en redes sociales para los menores.\u00a0\" \/>\n<meta property=\"og:url\" content=\"https:\/\/www.suavinex.com\/livingsuavinex\/sharenting-menores-y-redes-sociales\/\" \/>\n<meta property=\"og:site_name\" content=\"Living Suavinex\" \/>\n<meta property=\"article:publisher\" content=\"https:\/\/www.facebook.com\/SuavinexSpain\" \/>\n<meta property=\"article:published_time\" content=\"2024-12-10T07:30:00+00:00\" \/>\n<meta property=\"og:image\" content=\"https:\/\/www.suavinex.com\/livingsuavinex\/wp-content\/uploads\/2024\/11\/sharenting-redes-sociales-hijos.webp\" \/>\n\t<meta property=\"og:image:width\" content=\"1200\" \/>\n\t<meta property=\"og:image:height\" content=\"800\" \/>\n\t<meta property=\"og:image:type\" content=\"image\/webp\" \/>\n<meta name=\"author\" content=\"Paula Gonzalo\" \/>\n<meta name=\"twitter:card\" content=\"summary_large_image\" \/>\n<meta name=\"twitter:creator\" content=\"@SuavinexSpain\" \/>\n<meta name=\"twitter:site\" content=\"@SuavinexSpain\" \/>\n<meta name=\"twitter:label1\" content=\"Escrito por\" \/>\n\t<meta name=\"twitter:data1\" content=\"Paula Gonzalo\" \/>\n\t<meta name=\"twitter:label2\" content=\"Tiempo de lectura\" \/>\n\t<meta name=\"twitter:data2\" content=\"7 minutos\" \/>\n<script type=\"application\/ld+json\" class=\"yoast-schema-graph\">{\"@context\":\"https:\/\/schema.org\",\"@graph\":[{\"@type\":\"Article\",\"@id\":\"https:\/\/www.suavinex.com\/livingsuavinex\/sharenting-menores-y-redes-sociales\/#article\",\"isPartOf\":{\"@id\":\"https:\/\/www.suavinex.com\/livingsuavinex\/sharenting-menores-y-redes-sociales\/\"},\"author\":{\"name\":\"Paula Gonzalo\",\"@id\":\"https:\/\/www.suavinex.com\/livingsuavinex\/#\/schema\/person\/adf54053ae070908b6a5293ef8d2c28a\"},\"headline\":\"Sharenting: menores y redes sociales\",\"datePublished\":\"2024-12-10T07:30:00+00:00\",\"mainEntityOfPage\":{\"@id\":\"https:\/\/www.suavinex.com\/livingsuavinex\/sharenting-menores-y-redes-sociales\/\"},\"wordCount\":1593,\"publisher\":{\"@id\":\"https:\/\/www.suavinex.com\/livingsuavinex\/#organization\"},\"image\":{\"@id\":\"https:\/\/www.suavinex.com\/livingsuavinex\/sharenting-menores-y-redes-sociales\/#primaryimage\"},\"thumbnailUrl\":\"https:\/\/www.suavinex.com\/livingsuavinex\/wp-content\/uploads\/2024\/11\/sharenting-redes-sociales-hijos.webp\",\"articleSection\":[\"Tendencias\"],\"inLanguage\":\"es\"},{\"@type\":\"WebPage\",\"@id\":\"https:\/\/www.suavinex.com\/livingsuavinex\/sharenting-menores-y-redes-sociales\/\",\"url\":\"https:\/\/www.suavinex.com\/livingsuavinex\/sharenting-menores-y-redes-sociales\/\",\"name\":\"Sharenting: menores y redes sociales | Living Suavinex\",\"isPartOf\":{\"@id\":\"https:\/\/www.suavinex.com\/livingsuavinex\/#website\"},\"primaryImageOfPage\":{\"@id\":\"https:\/\/www.suavinex.com\/livingsuavinex\/sharenting-menores-y-redes-sociales\/#primaryimage\"},\"image\":{\"@id\":\"https:\/\/www.suavinex.com\/livingsuavinex\/sharenting-menores-y-redes-sociales\/#primaryimage\"},\"thumbnailUrl\":\"https:\/\/www.suavinex.com\/livingsuavinex\/wp-content\/uploads\/2024\/11\/sharenting-redes-sociales-hijos.webp\",\"datePublished\":\"2024-12-10T07:30:00+00:00\",\"description\":\"El sharenting plantea diversas preocupaciones acerca de las posibles consecuencias de la sobreexposici\u00f3n en redes sociales para los menores.\u00a0\",\"breadcrumb\":{\"@id\":\"https:\/\/www.suavinex.com\/livingsuavinex\/sharenting-menores-y-redes-sociales\/#breadcrumb\"},\"inLanguage\":\"es\",\"potentialAction\":[{\"@type\":\"ReadAction\",\"target\":[\"https:\/\/www.suavinex.com\/livingsuavinex\/sharenting-menores-y-redes-sociales\/\"]}]},{\"@type\":\"ImageObject\",\"inLanguage\":\"es\",\"@id\":\"https:\/\/www.suavinex.com\/livingsuavinex\/sharenting-menores-y-redes-sociales\/#primaryimage\",\"url\":\"https:\/\/www.suavinex.com\/livingsuavinex\/wp-content\/uploads\/2024\/11\/sharenting-redes-sociales-hijos.webp\",\"contentUrl\":\"https:\/\/www.suavinex.com\/livingsuavinex\/wp-content\/uploads\/2024\/11\/sharenting-redes-sociales-hijos.webp\",\"width\":1200,\"height\":800,\"caption\":\"Sharenting, redes sociales e hijos\"},{\"@type\":\"BreadcrumbList\",\"@id\":\"https:\/\/www.suavinex.com\/livingsuavinex\/sharenting-menores-y-redes-sociales\/#breadcrumb\",\"itemListElement\":[{\"@type\":\"ListItem\",\"position\":1,\"name\":\"Portada\",\"item\":\"https:\/\/www.suavinex.com\/livingsuavinex\/\"},{\"@type\":\"ListItem\",\"position\":2,\"name\":\"Sharenting: menores y redes sociales\"}]},{\"@type\":\"WebSite\",\"@id\":\"https:\/\/www.suavinex.com\/livingsuavinex\/#website\",\"url\":\"https:\/\/www.suavinex.com\/livingsuavinex\/\",\"name\":\"Living Suavinex\",\"description\":\"| Familias reales\",\"publisher\":{\"@id\":\"https:\/\/www.suavinex.com\/livingsuavinex\/#organization\"},\"potentialAction\":[{\"@type\":\"SearchAction\",\"target\":{\"@type\":\"EntryPoint\",\"urlTemplate\":\"https:\/\/www.suavinex.com\/livingsuavinex\/?s={search_term_string}\"},\"query-input\":{\"@type\":\"PropertyValueSpecification\",\"valueRequired\":true,\"valueName\":\"search_term_string\"}}],\"inLanguage\":\"es\"},{\"@type\":\"Organization\",\"@id\":\"https:\/\/www.suavinex.com\/livingsuavinex\/#organization\",\"name\":\"Suavinex\",\"url\":\"https:\/\/www.suavinex.com\/livingsuavinex\/\",\"logo\":{\"@type\":\"ImageObject\",\"inLanguage\":\"es\",\"@id\":\"https:\/\/www.suavinex.com\/livingsuavinex\/#\/schema\/logo\/image\/\",\"url\":\"https:\/\/www.suavinex.com\/livingsuavinex\/wp-content\/uploads\/2018\/07\/living_sx_logo_mvl.png\",\"contentUrl\":\"https:\/\/www.suavinex.com\/livingsuavinex\/wp-content\/uploads\/2018\/07\/living_sx_logo_mvl.png\",\"width\":350,\"height\":70,\"caption\":\"Suavinex\"},\"image\":{\"@id\":\"https:\/\/www.suavinex.com\/livingsuavinex\/#\/schema\/logo\/image\/\"},\"sameAs\":[\"https:\/\/www.facebook.com\/SuavinexSpain\",\"https:\/\/x.com\/SuavinexSpain\",\"https:\/\/www.instagram.com\/suavinex_spain\/\",\"https:\/\/www.pinterest.es\/SuavinexSpain\/\",\"https:\/\/www.youtube.com\/channel\/UCgeJREx2R_ZvV2aQMrfWgcA\"]},{\"@type\":\"Person\",\"@id\":\"https:\/\/www.suavinex.com\/livingsuavinex\/#\/schema\/person\/adf54053ae070908b6a5293ef8d2c28a\",\"name\":\"Paula Gonzalo\",\"image\":{\"@type\":\"ImageObject\",\"inLanguage\":\"es\",\"@id\":\"https:\/\/www.suavinex.com\/livingsuavinex\/#\/schema\/person\/image\/\",\"url\":\"https:\/\/secure.gravatar.com\/avatar\/743d807d9020323f241090e3afb62686?s=96&d=mm&r=g\",\"contentUrl\":\"https:\/\/secure.gravatar.com\/avatar\/743d807d9020323f241090e3afb62686?s=96&d=mm&r=g\",\"caption\":\"Paula Gonzalo\"}}]}<\/script>\n<!-- \/ Yoast SEO plugin. -->","yoast_head_json":{"title":"Sharenting: menores y redes sociales | Living Suavinex","description":"El sharenting plantea diversas preocupaciones acerca de las posibles consecuencias de la sobreexposici\u00f3n en redes sociales para los menores.\u00a0","robots":{"index":"index","follow":"follow","max-snippet":"max-snippet:-1","max-image-preview":"max-image-preview:large","max-video-preview":"max-video-preview:-1"},"canonical":"https:\/\/www.suavinex.com\/livingsuavinex\/sharenting-menores-y-redes-sociales\/","og_locale":"es_ES","og_type":"article","og_title":"Sharenting: menores y redes sociales | Living Suavinex","og_description":"El sharenting plantea diversas preocupaciones acerca de las posibles consecuencias de la sobreexposici\u00f3n en redes sociales para los menores.\u00a0","og_url":"https:\/\/www.suavinex.com\/livingsuavinex\/sharenting-menores-y-redes-sociales\/","og_site_name":"Living Suavinex","article_publisher":"https:\/\/www.facebook.com\/SuavinexSpain","article_published_time":"2024-12-10T07:30:00+00:00","og_image":[{"width":1200,"height":800,"url":"https:\/\/www.suavinex.com\/livingsuavinex\/wp-content\/uploads\/2024\/11\/sharenting-redes-sociales-hijos.webp","type":"image\/webp"}],"author":"Paula Gonzalo","twitter_card":"summary_large_image","twitter_creator":"@SuavinexSpain","twitter_site":"@SuavinexSpain","twitter_misc":{"Escrito por":"Paula Gonzalo","Tiempo de lectura":"7 minutos"},"schema":{"@context":"https:\/\/schema.org","@graph":[{"@type":"Article","@id":"https:\/\/www.suavinex.com\/livingsuavinex\/sharenting-menores-y-redes-sociales\/#article","isPartOf":{"@id":"https:\/\/www.suavinex.com\/livingsuavinex\/sharenting-menores-y-redes-sociales\/"},"author":{"name":"Paula Gonzalo","@id":"https:\/\/www.suavinex.com\/livingsuavinex\/#\/schema\/person\/adf54053ae070908b6a5293ef8d2c28a"},"headline":"Sharenting: menores y redes sociales","datePublished":"2024-12-10T07:30:00+00:00","mainEntityOfPage":{"@id":"https:\/\/www.suavinex.com\/livingsuavinex\/sharenting-menores-y-redes-sociales\/"},"wordCount":1593,"publisher":{"@id":"https:\/\/www.suavinex.com\/livingsuavinex\/#organization"},"image":{"@id":"https:\/\/www.suavinex.com\/livingsuavinex\/sharenting-menores-y-redes-sociales\/#primaryimage"},"thumbnailUrl":"https:\/\/www.suavinex.com\/livingsuavinex\/wp-content\/uploads\/2024\/11\/sharenting-redes-sociales-hijos.webp","articleSection":["Tendencias"],"inLanguage":"es"},{"@type":"WebPage","@id":"https:\/\/www.suavinex.com\/livingsuavinex\/sharenting-menores-y-redes-sociales\/","url":"https:\/\/www.suavinex.com\/livingsuavinex\/sharenting-menores-y-redes-sociales\/","name":"Sharenting: menores y redes sociales | Living Suavinex","isPartOf":{"@id":"https:\/\/www.suavinex.com\/livingsuavinex\/#website"},"primaryImageOfPage":{"@id":"https:\/\/www.suavinex.com\/livingsuavinex\/sharenting-menores-y-redes-sociales\/#primaryimage"},"image":{"@id":"https:\/\/www.suavinex.com\/livingsuavinex\/sharenting-menores-y-redes-sociales\/#primaryimage"},"thumbnailUrl":"https:\/\/www.suavinex.com\/livingsuavinex\/wp-content\/uploads\/2024\/11\/sharenting-redes-sociales-hijos.webp","datePublished":"2024-12-10T07:30:00+00:00","description":"El sharenting plantea diversas preocupaciones acerca de las posibles consecuencias de la sobreexposici\u00f3n en redes sociales para los menores.\u00a0","breadcrumb":{"@id":"https:\/\/www.suavinex.com\/livingsuavinex\/sharenting-menores-y-redes-sociales\/#breadcrumb"},"inLanguage":"es","potentialAction":[{"@type":"ReadAction","target":["https:\/\/www.suavinex.com\/livingsuavinex\/sharenting-menores-y-redes-sociales\/"]}]},{"@type":"ImageObject","inLanguage":"es","@id":"https:\/\/www.suavinex.com\/livingsuavinex\/sharenting-menores-y-redes-sociales\/#primaryimage","url":"https:\/\/www.suavinex.com\/livingsuavinex\/wp-content\/uploads\/2024\/11\/sharenting-redes-sociales-hijos.webp","contentUrl":"https:\/\/www.suavinex.com\/livingsuavinex\/wp-content\/uploads\/2024\/11\/sharenting-redes-sociales-hijos.webp","width":1200,"height":800,"caption":"Sharenting, redes sociales e hijos"},{"@type":"BreadcrumbList","@id":"https:\/\/www.suavinex.com\/livingsuavinex\/sharenting-menores-y-redes-sociales\/#breadcrumb","itemListElement":[{"@type":"ListItem","position":1,"name":"Portada","item":"https:\/\/www.suavinex.com\/livingsuavinex\/"},{"@type":"ListItem","position":2,"name":"Sharenting: menores y redes sociales"}]},{"@type":"WebSite","@id":"https:\/\/www.suavinex.com\/livingsuavinex\/#website","url":"https:\/\/www.suavinex.com\/livingsuavinex\/","name":"Living Suavinex","description":"| Familias reales","publisher":{"@id":"https:\/\/www.suavinex.com\/livingsuavinex\/#organization"},"potentialAction":[{"@type":"SearchAction","target":{"@type":"EntryPoint","urlTemplate":"https:\/\/www.suavinex.com\/livingsuavinex\/?s={search_term_string}"},"query-input":{"@type":"PropertyValueSpecification","valueRequired":true,"valueName":"search_term_string"}}],"inLanguage":"es"},{"@type":"Organization","@id":"https:\/\/www.suavinex.com\/livingsuavinex\/#organization","name":"Suavinex","url":"https:\/\/www.suavinex.com\/livingsuavinex\/","logo":{"@type":"ImageObject","inLanguage":"es","@id":"https:\/\/www.suavinex.com\/livingsuavinex\/#\/schema\/logo\/image\/","url":"https:\/\/www.suavinex.com\/livingsuavinex\/wp-content\/uploads\/2018\/07\/living_sx_logo_mvl.png","contentUrl":"https:\/\/www.suavinex.com\/livingsuavinex\/wp-content\/uploads\/2018\/07\/living_sx_logo_mvl.png","width":350,"height":70,"caption":"Suavinex"},"image":{"@id":"https:\/\/www.suavinex.com\/livingsuavinex\/#\/schema\/logo\/image\/"},"sameAs":["https:\/\/www.facebook.com\/SuavinexSpain","https:\/\/x.com\/SuavinexSpain","https:\/\/www.instagram.com\/suavinex_spain\/","https:\/\/www.pinterest.es\/SuavinexSpain\/","https:\/\/www.youtube.com\/channel\/UCgeJREx2R_ZvV2aQMrfWgcA"]},{"@type":"Person","@id":"https:\/\/www.suavinex.com\/livingsuavinex\/#\/schema\/person\/adf54053ae070908b6a5293ef8d2c28a","name":"Paula Gonzalo","image":{"@type":"ImageObject","inLanguage":"es","@id":"https:\/\/www.suavinex.com\/livingsuavinex\/#\/schema\/person\/image\/","url":"https:\/\/secure.gravatar.com\/avatar\/743d807d9020323f241090e3afb62686?s=96&d=mm&r=g","contentUrl":"https:\/\/secure.gravatar.com\/avatar\/743d807d9020323f241090e3afb62686?s=96&d=mm&r=g","caption":"Paula Gonzalo"}}]}},"_links":{"self":[{"href":"https:\/\/www.suavinex.com\/livingsuavinex\/wp-json\/wp\/v2\/posts\/46220","targetHints":{"allow":["GET"]}}],"collection":[{"href":"https:\/\/www.suavinex.com\/livingsuavinex\/wp-json\/wp\/v2\/posts"}],"about":[{"href":"https:\/\/www.suavinex.com\/livingsuavinex\/wp-json\/wp\/v2\/types\/post"}],"author":[{"embeddable":true,"href":"https:\/\/www.suavinex.com\/livingsuavinex\/wp-json\/wp\/v2\/users\/297"}],"replies":[{"embeddable":true,"href":"https:\/\/www.suavinex.com\/livingsuavinex\/wp-json\/wp\/v2\/comments?post=46220"}],"version-history":[{"count":1,"href":"https:\/\/www.suavinex.com\/livingsuavinex\/wp-json\/wp\/v2\/posts\/46220\/revisions"}],"predecessor-version":[{"id":46222,"href":"https:\/\/www.suavinex.com\/livingsuavinex\/wp-json\/wp\/v2\/posts\/46220\/revisions\/46222"}],"wp:featuredmedia":[{"embeddable":true,"href":"https:\/\/www.suavinex.com\/livingsuavinex\/wp-json\/wp\/v2\/media\/46221"}],"wp:attachment":[{"href":"https:\/\/www.suavinex.com\/livingsuavinex\/wp-json\/wp\/v2\/media?parent=46220"}],"wp:term":[{"taxonomy":"category","embeddable":true,"href":"https:\/\/www.suavinex.com\/livingsuavinex\/wp-json\/wp\/v2\/categories?post=46220"},{"taxonomy":"post_tag","embeddable":true,"href":"https:\/\/www.suavinex.com\/livingsuavinex\/wp-json\/wp\/v2\/tags?post=46220"}],"curies":[{"name":"wp","href":"https:\/\/api.w.org\/{rel}","templated":true}]}}