{"id":45728,"date":"2024-05-31T09:46:16","date_gmt":"2024-05-31T07:46:16","guid":{"rendered":"https:\/\/www.suavinex.com\/livingsuavinex\/?p=45728"},"modified":"2024-06-05T10:34:09","modified_gmt":"2024-06-05T08:34:09","slug":"expongo-a-mi-hijo-en-redes-sociales-evita-que-meta-ia-utilice-tus-fotos","status":"publish","type":"post","link":"https:\/\/www.suavinex.com\/livingsuavinex\/expongo-a-mi-hijo-en-redes-sociales-evita-que-meta-ia-utilice-tus-fotos\/","title":{"rendered":"Expongo a mi hijo en redes sociales. Evita que Meta IA utilice tus fotos"},"content":{"rendered":"\n<p>En la era digital, compartir momentos de nuestras vidas en redes sociales se ha vuelto una pr\u00e1ctica com\u00fan. Muchos padres comparten <strong>fotos inolvidables y videos de sus hijos<\/strong>, orgullosos de sus logros y momentos especiales como la <a href=\"https:\/\/www.suavinex.com\/accesorios-guarderia\/c\/0004\" target=\"_blank\" rel=\"noreferrer noopener\">guarder\u00eda y los paseos<\/a> en familia, como se hac\u00eda antes con los \u00e1lbumes de fotos de los hijos o aquellos videos caseros. Y es que, \u00bfQui\u00e9n no va a querer hacer una foto a su peque con sus fabulosas <a href=\"https:\/\/www.suavinex.com\/accesorios-guarderia\/gafas-de-sol\/c\/0045\" target=\"_blank\" rel=\"noreferrer noopener\">gafas de sol para beb\u00e9<\/a> o comiendo con su primera <a href=\"https:\/\/www.suavinex.com\/alimentacion-del-bebe\/vajilla-infantil\/c\/0032\" target=\"_blank\" rel=\"noreferrer noopener\">vajilla para beb\u00e9<\/a> con toda la familia?&nbsp;<\/p>\n\n\n\n<p>Sin embargo, la pregunta <em>\u201c\u00bfhay riesgos si <\/em><strong><em>expongo a mi hijo en redes sociales<\/em><\/strong><em>?<\/em>\u201d es muy habitual y, por desgracia, la respuesta es que s\u00ed. Compartir las im\u00e1genes de tus peques en Internet, un lugar abierto al que casi cualquier persona tiene acceso, conlleva m\u00e1s de un riesgo.&nbsp;<\/p>\n\n\n\n<p>Al posible acceso de personas no deseables al contenido de nuestros hijos, recientemente se ha sumado la creciente presencia de <strong>inteligencia artificial (IA)<\/strong>.&nbsp;&nbsp;<\/p>\n\n\n\n<p>La seguridad e integridad de los m\u00e1s peque\u00f1os y vulnerables es nuestra prioridad, por lo que vamos a hablar de los riesgos que suponen las nuevas inteligencias artificiales y c\u00f3mo puedes <strong>proteger a tus hijos e hijas<\/strong> de que su imagen caiga en malas manos y, de esta forma entender <a href=\"https:\/\/www.suavinex.com\/livingsuavinex\/intimidad-menores-internet\/\" target=\"_blank\" rel=\"noreferrer noopener\">qu\u00e9 son las redes sociales para los ni\u00f1os<\/a> y c\u00f3mo afectan a su privacidad.&nbsp;<\/p>\n\n\n\n<h2 class=\"wp-block-heading\">\u00bfQu\u00e9 es Meta AI?&nbsp;<\/h2>\n\n\n\n<p>Recientemente, la empresa Meta anunci\u00f3 el lanzamiento de su propio <strong>chatbot de inteligencia artificial generativa<\/strong> con el que pretenden competir contra Google Bard, ChatGPT o Copilot.\u00a0\u00a0<\/p>\n\n\n\n<p>Sin embargo, Meta AI estar\u00e1 integrado con las aplicaciones de Meta (Instagram, Facebook, Messenger y Whatsapp) y, en las \u00faltimas noticias, la compa\u00f1\u00eda ha confirmado que, <strong>a partir del 26 de junio de 2024<\/strong>, el contenido generado por estas aplicaciones se utilizar\u00e1 para que la inteligencia artificial aprenda, mejore y sea capaz de dar respuestas m\u00e1s ajustadas y veraces.&nbsp;<\/p>\n\n\n\n<h2 class=\"wp-block-heading\">Por qu\u00e9 debe preocuparte la IA de Instagram&nbsp;<\/h2>\n\n\n\n<p>Todo esto significa que, <strong>cualquier contenido<\/strong> (conversaciones, textos, im\u00e1genes, audios y videos) <strong>que compartas en estas aplicaciones<\/strong>, es susceptible de ser utilizado para entrenar a Meta AI. Pero, lo verdaderamente preocupante, es que todo el contenido que Meta AI genere bas\u00e1ndose en el tuyo, Meta puede vend\u00e9rselo a los anunciantes.&nbsp;<\/p>\n\n\n\n<p>Las Inteligencias Artificiales son muy inteligentes, pero responden y generan contenido basado en sus bases de datos. Si la base de datos de Meta AI, es el contenido que generan los usuarios, significa que <strong>una imagen de tu peque podr\u00eda acabar en un anuncio<\/strong> o contenido corporativo y expuesto ante millones de personas sin que t\u00fa hayas dado tu consentimiento, porque se asume que la imagen generada por la IA es \u201coriginal\u201d, aunque los rasgos que se hayan generado coincidan en un 99% con los de tu chiquit\u00edn y sea totalmente reconocible por cualquiera.&nbsp;<\/p>\n\n\n\n<h2 class=\"wp-block-heading\">Expongo a mi hijo en redes sociales \u00bfC\u00f3mo bloqueo la Meta IA?\u00a0<\/h2>\n\n\n\n<p>Si la idea de que las fotos de tus hijos e hijas sean utilizadas sin tu consentimiento no te hace ninguna gracia, te gustar\u00e1 saber que tienes la posibilidad de <strong>bloquear a la IA de Instagram en tus fotos <\/strong>y solo tienes que seguir unos sencillos pasos:&nbsp;&nbsp;<\/p>\n\n\n\n<p>1. Entra en tu perfil de Instagram y busca las tres rallas del men\u00fa. (normalmente en la esquina superior derecha.\u00a0\u00a0<\/p>\n\n\n\n<p>2. Una vez en el men\u00fa, accede a \u201cconfiguraci\u00f3n y privacidad\u201d.\u00a0<\/p>\n\n\n\n<p>3. Dentro de este apartado, deber\u00e1s seleccionar \u201cinformaci\u00f3n\u201d.\u00a0<\/p>\n\n\n\n<p>4. En informaci\u00f3n, busca la secci\u00f3n \u201cpol\u00edtica de privacidad\u201d.\u00a0<\/p>\n\n\n\n<p>5. Encontrar\u00e1s varios textos m\u00e1s extensos. Busca el enlace marcado como \u201cderecho a oponerte\u201d.\u00a0<\/p>\n\n\n\n<p>6. <strong>Rellena el formulario<\/strong> especificando que no das tu consentimiento para que Meta emplee el contenido multimedia subido por ti en ninguna de las plataformas del grupo Meta para usos relacionados con la Inteligencia Artificial. Aseg\u00farate de a\u00f1adir que no das tu consentimiento ni ahora ni en el futuro y, por si acaso, ning\u00fan contenido que se haya subido anterior al recibimiento del formulario.\u00a0<\/p>\n\n\n\n<p>Estos son los pasos necesarios para denegar el acceso a META a tu contenido en relaci\u00f3n a la inteligencia artificial.&nbsp;&nbsp;<\/p>\n\n\n\n<h2 class=\"wp-block-heading\">C\u00f3mo proteger a nuestros hijos de las redes sociales&nbsp;<\/h2>\n\n\n\n<p>M\u00e1s all\u00e1 de <strong>bloquear la IA de Meta<\/strong>, hay otras recomendaciones que deber\u00edas tener en cuenta para proteger a tus peques en redes sociales tanto como sea posible:&nbsp;<\/p>\n\n\n\n<p>1. <strong>Ajustes de Privacidad<\/strong>: Configura tus cuentas en redes sociales para que sean privadas. Solo permite que amigos y familiares de confianza vean las fotos de tus hijos que compartes.\u00a0<\/p>\n\n\n\n<p>2. <strong>Desactivar Ubicaci\u00f3n<\/strong>: Aseg\u00farate de que la funci\u00f3n de ubicaci\u00f3n est\u00e9 desactivada cuando tomes y subas fotos. Esto evitar\u00e1 que se recojan datos sobre los lugares que frecuentas con tus hijos.\u00a0<\/p>\n\n\n\n<p>3. <strong>Limitaci\u00f3n de Etiquetas<\/strong>: Desactiva la capacidad de otros usuarios para etiquetar a tus hijos en fotos y publicaciones sin tu consentimiento. Esto reduce la probabilidad de que sus im\u00e1genes se difundan sin tu conocimiento.\u00a0<\/p>\n\n\n\n<ol class=\"wp-block-list\" start=\"3\"><\/ol>\n\n\n\n<p>4. <strong>Consentimiento Informado<\/strong>: Antes de subir fotos de tus hijos, considera si ellos entender\u00edan y aceptar\u00edan esa decisi\u00f3n. Si no lo ves \u00e9tico, <strong>no subas fotos de tus hijos a redes sociales<\/strong>. A medida que crezcan, invol\u00facralos en el proceso de decidir qu\u00e9 fotos compartir.\u00a0<\/p>\n\n\n\n<ol class=\"wp-block-list\" start=\"4\"><\/ol>\n\n\n\n<p>5. <strong>Educaci\u00f3n Digital<\/strong>: Ense\u00f1a a tus peques la importancia de la privacidad y c\u00f3mo proteger su informaci\u00f3n personal en l\u00ednea. Expl\u00edcales los riesgos asociados con compartir demasiado en redes sociales.\u00a0<\/p>\n\n\n\n<p>6. <strong>Di\u00e1logo Abierto<\/strong>: Mant\u00e9n una comunicaci\u00f3n abierta sobre sus experiencias en las redes sociales. An\u00edmalos a hablar contigo si encuentran algo que les incomoda o preocupa.\u00a0<\/p>\n\n\n\n<p>La protecci\u00f3n de la <strong>privacidad de nuestros hijos en la red<\/strong> es una responsabilidad crucial. Aunque las plataformas como Instagram ofrecen muchas ventajas, tambi\u00e9n conllevan riesgos significativos, especialmente con la incorporaci\u00f3n de tecnolog\u00edas avanzadas como Meta IA. Es importante conocer los riesgos, tomar las precauciones necesarias y ser un ejemplo que nuestros hijos e hijas puedan seguir en el futuro cuando est\u00e9n navegando las redes sociales por su cuenta.&nbsp;&nbsp;<\/p>\n\n\n\n<p>Esperamos que este art\u00edculo te haya resuelto tus dudas sobre c\u00f3mo cuidar a nuestros hijos de las redes sociales y de los avances de la tecnolog\u00eda generativa. Al final, hay que tener mucho cuidado con la tecnolog\u00eda y los m\u00e1s peque\u00f1os y c\u00f3mo \u00e9sta les puede afectar.&nbsp;<\/p>\n","protected":false},"excerpt":{"rendered":"En la era digital, compartir momentos de nuestras vidas en redes sociales se ha vuelto una pr\u00e1ctica com\u00fan. Muchos padres comparten fotos inolvidables y videos de sus hijos, orgullosos de sus logros y momentos especiales como la guarder\u00eda y los paseos en familia, como se hac\u00eda antes con los \u00e1lbumes&#8230; <a class=\"view-article\" href=\"https:\/\/www.suavinex.com\/livingsuavinex\/expongo-a-mi-hijo-en-redes-sociales-evita-que-meta-ia-utilice-tus-fotos\/\">Ver art\u00edculo<\/a>","protected":false},"author":297,"featured_media":45729,"comment_status":"closed","ping_status":"closed","sticky":false,"template":"","format":"standard","meta":{"inline_featured_image":false,"footnotes":""},"categories":[2272],"tags":[],"class_list":["post-45728","post","type-post","status-publish","format-standard","has-post-thumbnail","hentry","category-tips-crianza"],"yoast_head":"<!-- This site is optimized with the Yoast SEO plugin v26.8 - https:\/\/yoast.com\/product\/yoast-seo-wordpress\/ -->\n<title>Expongo a mi hijo en redes sociales. Que Meta IA no use tus fotos<\/title>\n<meta name=\"description\" content=\"Si no quieres que las fotos de tus hijos e hijas sean utilizadas, tienes la posibilidad de bloquear a la IA de Instagram en tus fotos.\" \/>\n<meta name=\"robots\" content=\"index, follow, max-snippet:-1, max-image-preview:large, max-video-preview:-1\" \/>\n<link rel=\"canonical\" href=\"https:\/\/www.suavinex.com\/livingsuavinex\/expongo-a-mi-hijo-en-redes-sociales-evita-que-meta-ia-utilice-tus-fotos\/\" \/>\n<meta property=\"og:locale\" content=\"es_ES\" \/>\n<meta property=\"og:type\" content=\"article\" \/>\n<meta property=\"og:title\" content=\"Expongo a mi hijo en redes sociales. Que Meta IA no use tus fotos\" \/>\n<meta property=\"og:description\" content=\"Si no quieres que las fotos de tus hijos e hijas sean utilizadas, tienes la posibilidad de bloquear a la IA de Instagram en tus fotos.\" \/>\n<meta property=\"og:url\" content=\"https:\/\/www.suavinex.com\/livingsuavinex\/expongo-a-mi-hijo-en-redes-sociales-evita-que-meta-ia-utilice-tus-fotos\/\" \/>\n<meta property=\"og:site_name\" content=\"Living Suavinex\" \/>\n<meta property=\"article:publisher\" content=\"https:\/\/www.facebook.com\/SuavinexSpain\" \/>\n<meta property=\"article:published_time\" content=\"2024-05-31T07:46:16+00:00\" \/>\n<meta property=\"article:modified_time\" content=\"2024-06-05T08:34:09+00:00\" \/>\n<meta property=\"og:image\" content=\"https:\/\/www.suavinex.com\/livingsuavinex\/wp-content\/uploads\/2024\/05\/expongo-a-mi-hijo-a-redes-sociales-meta-ia-instagram.webp\" \/>\n\t<meta property=\"og:image:width\" content=\"1200\" \/>\n\t<meta property=\"og:image:height\" content=\"800\" \/>\n\t<meta property=\"og:image:type\" content=\"image\/webp\" \/>\n<meta name=\"author\" content=\"Paula Gonzalo\" \/>\n<meta name=\"twitter:card\" content=\"summary_large_image\" \/>\n<meta name=\"twitter:creator\" content=\"@SuavinexSpain\" \/>\n<meta name=\"twitter:site\" content=\"@SuavinexSpain\" \/>\n<meta name=\"twitter:label1\" content=\"Escrito por\" \/>\n\t<meta name=\"twitter:data1\" content=\"Paula Gonzalo\" \/>\n\t<meta name=\"twitter:label2\" content=\"Tiempo de lectura\" \/>\n\t<meta name=\"twitter:data2\" content=\"5 minutos\" \/>\n<script type=\"application\/ld+json\" class=\"yoast-schema-graph\">{\"@context\":\"https:\/\/schema.org\",\"@graph\":[{\"@type\":\"Article\",\"@id\":\"https:\/\/www.suavinex.com\/livingsuavinex\/expongo-a-mi-hijo-en-redes-sociales-evita-que-meta-ia-utilice-tus-fotos\/#article\",\"isPartOf\":{\"@id\":\"https:\/\/www.suavinex.com\/livingsuavinex\/expongo-a-mi-hijo-en-redes-sociales-evita-que-meta-ia-utilice-tus-fotos\/\"},\"author\":{\"name\":\"Paula Gonzalo\",\"@id\":\"https:\/\/www.suavinex.com\/livingsuavinex\/#\/schema\/person\/adf54053ae070908b6a5293ef8d2c28a\"},\"headline\":\"Expongo a mi hijo en redes sociales. Evita que Meta IA utilice tus fotos\",\"datePublished\":\"2024-05-31T07:46:16+00:00\",\"dateModified\":\"2024-06-05T08:34:09+00:00\",\"mainEntityOfPage\":{\"@id\":\"https:\/\/www.suavinex.com\/livingsuavinex\/expongo-a-mi-hijo-en-redes-sociales-evita-que-meta-ia-utilice-tus-fotos\/\"},\"wordCount\":1109,\"publisher\":{\"@id\":\"https:\/\/www.suavinex.com\/livingsuavinex\/#organization\"},\"image\":{\"@id\":\"https:\/\/www.suavinex.com\/livingsuavinex\/expongo-a-mi-hijo-en-redes-sociales-evita-que-meta-ia-utilice-tus-fotos\/#primaryimage\"},\"thumbnailUrl\":\"https:\/\/www.suavinex.com\/livingsuavinex\/wp-content\/uploads\/2024\/05\/expongo-a-mi-hijo-a-redes-sociales-meta-ia-instagram.webp\",\"articleSection\":[\"Tips de crianza\"],\"inLanguage\":\"es\"},{\"@type\":\"WebPage\",\"@id\":\"https:\/\/www.suavinex.com\/livingsuavinex\/expongo-a-mi-hijo-en-redes-sociales-evita-que-meta-ia-utilice-tus-fotos\/\",\"url\":\"https:\/\/www.suavinex.com\/livingsuavinex\/expongo-a-mi-hijo-en-redes-sociales-evita-que-meta-ia-utilice-tus-fotos\/\",\"name\":\"Expongo a mi hijo en redes sociales. Que Meta IA no use tus fotos\",\"isPartOf\":{\"@id\":\"https:\/\/www.suavinex.com\/livingsuavinex\/#website\"},\"primaryImageOfPage\":{\"@id\":\"https:\/\/www.suavinex.com\/livingsuavinex\/expongo-a-mi-hijo-en-redes-sociales-evita-que-meta-ia-utilice-tus-fotos\/#primaryimage\"},\"image\":{\"@id\":\"https:\/\/www.suavinex.com\/livingsuavinex\/expongo-a-mi-hijo-en-redes-sociales-evita-que-meta-ia-utilice-tus-fotos\/#primaryimage\"},\"thumbnailUrl\":\"https:\/\/www.suavinex.com\/livingsuavinex\/wp-content\/uploads\/2024\/05\/expongo-a-mi-hijo-a-redes-sociales-meta-ia-instagram.webp\",\"datePublished\":\"2024-05-31T07:46:16+00:00\",\"dateModified\":\"2024-06-05T08:34:09+00:00\",\"description\":\"Si no quieres que las fotos de tus hijos e hijas sean utilizadas, tienes la posibilidad de bloquear a la IA de Instagram en tus fotos.\",\"breadcrumb\":{\"@id\":\"https:\/\/www.suavinex.com\/livingsuavinex\/expongo-a-mi-hijo-en-redes-sociales-evita-que-meta-ia-utilice-tus-fotos\/#breadcrumb\"},\"inLanguage\":\"es\",\"potentialAction\":[{\"@type\":\"ReadAction\",\"target\":[\"https:\/\/www.suavinex.com\/livingsuavinex\/expongo-a-mi-hijo-en-redes-sociales-evita-que-meta-ia-utilice-tus-fotos\/\"]}]},{\"@type\":\"ImageObject\",\"inLanguage\":\"es\",\"@id\":\"https:\/\/www.suavinex.com\/livingsuavinex\/expongo-a-mi-hijo-en-redes-sociales-evita-que-meta-ia-utilice-tus-fotos\/#primaryimage\",\"url\":\"https:\/\/www.suavinex.com\/livingsuavinex\/wp-content\/uploads\/2024\/05\/expongo-a-mi-hijo-a-redes-sociales-meta-ia-instagram.webp\",\"contentUrl\":\"https:\/\/www.suavinex.com\/livingsuavinex\/wp-content\/uploads\/2024\/05\/expongo-a-mi-hijo-a-redes-sociales-meta-ia-instagram.webp\",\"width\":1200,\"height\":800,\"caption\":\"Expongo a mi hijo en redes sociales, evitar meta ia instagram\"},{\"@type\":\"BreadcrumbList\",\"@id\":\"https:\/\/www.suavinex.com\/livingsuavinex\/expongo-a-mi-hijo-en-redes-sociales-evita-que-meta-ia-utilice-tus-fotos\/#breadcrumb\",\"itemListElement\":[{\"@type\":\"ListItem\",\"position\":1,\"name\":\"Portada\",\"item\":\"https:\/\/www.suavinex.com\/livingsuavinex\/\"},{\"@type\":\"ListItem\",\"position\":2,\"name\":\"Expongo a mi hijo en redes sociales. Evita que Meta IA utilice tus fotos\"}]},{\"@type\":\"WebSite\",\"@id\":\"https:\/\/www.suavinex.com\/livingsuavinex\/#website\",\"url\":\"https:\/\/www.suavinex.com\/livingsuavinex\/\",\"name\":\"Living Suavinex\",\"description\":\"| Familias reales\",\"publisher\":{\"@id\":\"https:\/\/www.suavinex.com\/livingsuavinex\/#organization\"},\"potentialAction\":[{\"@type\":\"SearchAction\",\"target\":{\"@type\":\"EntryPoint\",\"urlTemplate\":\"https:\/\/www.suavinex.com\/livingsuavinex\/?s={search_term_string}\"},\"query-input\":{\"@type\":\"PropertyValueSpecification\",\"valueRequired\":true,\"valueName\":\"search_term_string\"}}],\"inLanguage\":\"es\"},{\"@type\":\"Organization\",\"@id\":\"https:\/\/www.suavinex.com\/livingsuavinex\/#organization\",\"name\":\"Suavinex\",\"url\":\"https:\/\/www.suavinex.com\/livingsuavinex\/\",\"logo\":{\"@type\":\"ImageObject\",\"inLanguage\":\"es\",\"@id\":\"https:\/\/www.suavinex.com\/livingsuavinex\/#\/schema\/logo\/image\/\",\"url\":\"https:\/\/www.suavinex.com\/livingsuavinex\/wp-content\/uploads\/2018\/07\/living_sx_logo_mvl.png\",\"contentUrl\":\"https:\/\/www.suavinex.com\/livingsuavinex\/wp-content\/uploads\/2018\/07\/living_sx_logo_mvl.png\",\"width\":350,\"height\":70,\"caption\":\"Suavinex\"},\"image\":{\"@id\":\"https:\/\/www.suavinex.com\/livingsuavinex\/#\/schema\/logo\/image\/\"},\"sameAs\":[\"https:\/\/www.facebook.com\/SuavinexSpain\",\"https:\/\/x.com\/SuavinexSpain\",\"https:\/\/www.instagram.com\/suavinex_spain\/\",\"https:\/\/www.pinterest.es\/SuavinexSpain\/\",\"https:\/\/www.youtube.com\/channel\/UCgeJREx2R_ZvV2aQMrfWgcA\"]},{\"@type\":\"Person\",\"@id\":\"https:\/\/www.suavinex.com\/livingsuavinex\/#\/schema\/person\/adf54053ae070908b6a5293ef8d2c28a\",\"name\":\"Paula Gonzalo\",\"image\":{\"@type\":\"ImageObject\",\"inLanguage\":\"es\",\"@id\":\"https:\/\/www.suavinex.com\/livingsuavinex\/#\/schema\/person\/image\/\",\"url\":\"https:\/\/secure.gravatar.com\/avatar\/743d807d9020323f241090e3afb62686?s=96&d=mm&r=g\",\"contentUrl\":\"https:\/\/secure.gravatar.com\/avatar\/743d807d9020323f241090e3afb62686?s=96&d=mm&r=g\",\"caption\":\"Paula Gonzalo\"}}]}<\/script>\n<!-- \/ Yoast SEO plugin. -->","yoast_head_json":{"title":"Expongo a mi hijo en redes sociales. Que Meta IA no use tus fotos","description":"Si no quieres que las fotos de tus hijos e hijas sean utilizadas, tienes la posibilidad de bloquear a la IA de Instagram en tus fotos.","robots":{"index":"index","follow":"follow","max-snippet":"max-snippet:-1","max-image-preview":"max-image-preview:large","max-video-preview":"max-video-preview:-1"},"canonical":"https:\/\/www.suavinex.com\/livingsuavinex\/expongo-a-mi-hijo-en-redes-sociales-evita-que-meta-ia-utilice-tus-fotos\/","og_locale":"es_ES","og_type":"article","og_title":"Expongo a mi hijo en redes sociales. Que Meta IA no use tus fotos","og_description":"Si no quieres que las fotos de tus hijos e hijas sean utilizadas, tienes la posibilidad de bloquear a la IA de Instagram en tus fotos.","og_url":"https:\/\/www.suavinex.com\/livingsuavinex\/expongo-a-mi-hijo-en-redes-sociales-evita-que-meta-ia-utilice-tus-fotos\/","og_site_name":"Living Suavinex","article_publisher":"https:\/\/www.facebook.com\/SuavinexSpain","article_published_time":"2024-05-31T07:46:16+00:00","article_modified_time":"2024-06-05T08:34:09+00:00","og_image":[{"width":1200,"height":800,"url":"https:\/\/www.suavinex.com\/livingsuavinex\/wp-content\/uploads\/2024\/05\/expongo-a-mi-hijo-a-redes-sociales-meta-ia-instagram.webp","type":"image\/webp"}],"author":"Paula Gonzalo","twitter_card":"summary_large_image","twitter_creator":"@SuavinexSpain","twitter_site":"@SuavinexSpain","twitter_misc":{"Escrito por":"Paula Gonzalo","Tiempo de lectura":"5 minutos"},"schema":{"@context":"https:\/\/schema.org","@graph":[{"@type":"Article","@id":"https:\/\/www.suavinex.com\/livingsuavinex\/expongo-a-mi-hijo-en-redes-sociales-evita-que-meta-ia-utilice-tus-fotos\/#article","isPartOf":{"@id":"https:\/\/www.suavinex.com\/livingsuavinex\/expongo-a-mi-hijo-en-redes-sociales-evita-que-meta-ia-utilice-tus-fotos\/"},"author":{"name":"Paula Gonzalo","@id":"https:\/\/www.suavinex.com\/livingsuavinex\/#\/schema\/person\/adf54053ae070908b6a5293ef8d2c28a"},"headline":"Expongo a mi hijo en redes sociales. Evita que Meta IA utilice tus fotos","datePublished":"2024-05-31T07:46:16+00:00","dateModified":"2024-06-05T08:34:09+00:00","mainEntityOfPage":{"@id":"https:\/\/www.suavinex.com\/livingsuavinex\/expongo-a-mi-hijo-en-redes-sociales-evita-que-meta-ia-utilice-tus-fotos\/"},"wordCount":1109,"publisher":{"@id":"https:\/\/www.suavinex.com\/livingsuavinex\/#organization"},"image":{"@id":"https:\/\/www.suavinex.com\/livingsuavinex\/expongo-a-mi-hijo-en-redes-sociales-evita-que-meta-ia-utilice-tus-fotos\/#primaryimage"},"thumbnailUrl":"https:\/\/www.suavinex.com\/livingsuavinex\/wp-content\/uploads\/2024\/05\/expongo-a-mi-hijo-a-redes-sociales-meta-ia-instagram.webp","articleSection":["Tips de crianza"],"inLanguage":"es"},{"@type":"WebPage","@id":"https:\/\/www.suavinex.com\/livingsuavinex\/expongo-a-mi-hijo-en-redes-sociales-evita-que-meta-ia-utilice-tus-fotos\/","url":"https:\/\/www.suavinex.com\/livingsuavinex\/expongo-a-mi-hijo-en-redes-sociales-evita-que-meta-ia-utilice-tus-fotos\/","name":"Expongo a mi hijo en redes sociales. Que Meta IA no use tus fotos","isPartOf":{"@id":"https:\/\/www.suavinex.com\/livingsuavinex\/#website"},"primaryImageOfPage":{"@id":"https:\/\/www.suavinex.com\/livingsuavinex\/expongo-a-mi-hijo-en-redes-sociales-evita-que-meta-ia-utilice-tus-fotos\/#primaryimage"},"image":{"@id":"https:\/\/www.suavinex.com\/livingsuavinex\/expongo-a-mi-hijo-en-redes-sociales-evita-que-meta-ia-utilice-tus-fotos\/#primaryimage"},"thumbnailUrl":"https:\/\/www.suavinex.com\/livingsuavinex\/wp-content\/uploads\/2024\/05\/expongo-a-mi-hijo-a-redes-sociales-meta-ia-instagram.webp","datePublished":"2024-05-31T07:46:16+00:00","dateModified":"2024-06-05T08:34:09+00:00","description":"Si no quieres que las fotos de tus hijos e hijas sean utilizadas, tienes la posibilidad de bloquear a la IA de Instagram en tus fotos.","breadcrumb":{"@id":"https:\/\/www.suavinex.com\/livingsuavinex\/expongo-a-mi-hijo-en-redes-sociales-evita-que-meta-ia-utilice-tus-fotos\/#breadcrumb"},"inLanguage":"es","potentialAction":[{"@type":"ReadAction","target":["https:\/\/www.suavinex.com\/livingsuavinex\/expongo-a-mi-hijo-en-redes-sociales-evita-que-meta-ia-utilice-tus-fotos\/"]}]},{"@type":"ImageObject","inLanguage":"es","@id":"https:\/\/www.suavinex.com\/livingsuavinex\/expongo-a-mi-hijo-en-redes-sociales-evita-que-meta-ia-utilice-tus-fotos\/#primaryimage","url":"https:\/\/www.suavinex.com\/livingsuavinex\/wp-content\/uploads\/2024\/05\/expongo-a-mi-hijo-a-redes-sociales-meta-ia-instagram.webp","contentUrl":"https:\/\/www.suavinex.com\/livingsuavinex\/wp-content\/uploads\/2024\/05\/expongo-a-mi-hijo-a-redes-sociales-meta-ia-instagram.webp","width":1200,"height":800,"caption":"Expongo a mi hijo en redes sociales, evitar meta ia instagram"},{"@type":"BreadcrumbList","@id":"https:\/\/www.suavinex.com\/livingsuavinex\/expongo-a-mi-hijo-en-redes-sociales-evita-que-meta-ia-utilice-tus-fotos\/#breadcrumb","itemListElement":[{"@type":"ListItem","position":1,"name":"Portada","item":"https:\/\/www.suavinex.com\/livingsuavinex\/"},{"@type":"ListItem","position":2,"name":"Expongo a mi hijo en redes sociales. Evita que Meta IA utilice tus fotos"}]},{"@type":"WebSite","@id":"https:\/\/www.suavinex.com\/livingsuavinex\/#website","url":"https:\/\/www.suavinex.com\/livingsuavinex\/","name":"Living Suavinex","description":"| Familias reales","publisher":{"@id":"https:\/\/www.suavinex.com\/livingsuavinex\/#organization"},"potentialAction":[{"@type":"SearchAction","target":{"@type":"EntryPoint","urlTemplate":"https:\/\/www.suavinex.com\/livingsuavinex\/?s={search_term_string}"},"query-input":{"@type":"PropertyValueSpecification","valueRequired":true,"valueName":"search_term_string"}}],"inLanguage":"es"},{"@type":"Organization","@id":"https:\/\/www.suavinex.com\/livingsuavinex\/#organization","name":"Suavinex","url":"https:\/\/www.suavinex.com\/livingsuavinex\/","logo":{"@type":"ImageObject","inLanguage":"es","@id":"https:\/\/www.suavinex.com\/livingsuavinex\/#\/schema\/logo\/image\/","url":"https:\/\/www.suavinex.com\/livingsuavinex\/wp-content\/uploads\/2018\/07\/living_sx_logo_mvl.png","contentUrl":"https:\/\/www.suavinex.com\/livingsuavinex\/wp-content\/uploads\/2018\/07\/living_sx_logo_mvl.png","width":350,"height":70,"caption":"Suavinex"},"image":{"@id":"https:\/\/www.suavinex.com\/livingsuavinex\/#\/schema\/logo\/image\/"},"sameAs":["https:\/\/www.facebook.com\/SuavinexSpain","https:\/\/x.com\/SuavinexSpain","https:\/\/www.instagram.com\/suavinex_spain\/","https:\/\/www.pinterest.es\/SuavinexSpain\/","https:\/\/www.youtube.com\/channel\/UCgeJREx2R_ZvV2aQMrfWgcA"]},{"@type":"Person","@id":"https:\/\/www.suavinex.com\/livingsuavinex\/#\/schema\/person\/adf54053ae070908b6a5293ef8d2c28a","name":"Paula Gonzalo","image":{"@type":"ImageObject","inLanguage":"es","@id":"https:\/\/www.suavinex.com\/livingsuavinex\/#\/schema\/person\/image\/","url":"https:\/\/secure.gravatar.com\/avatar\/743d807d9020323f241090e3afb62686?s=96&d=mm&r=g","contentUrl":"https:\/\/secure.gravatar.com\/avatar\/743d807d9020323f241090e3afb62686?s=96&d=mm&r=g","caption":"Paula Gonzalo"}}]}},"_links":{"self":[{"href":"https:\/\/www.suavinex.com\/livingsuavinex\/wp-json\/wp\/v2\/posts\/45728","targetHints":{"allow":["GET"]}}],"collection":[{"href":"https:\/\/www.suavinex.com\/livingsuavinex\/wp-json\/wp\/v2\/posts"}],"about":[{"href":"https:\/\/www.suavinex.com\/livingsuavinex\/wp-json\/wp\/v2\/types\/post"}],"author":[{"embeddable":true,"href":"https:\/\/www.suavinex.com\/livingsuavinex\/wp-json\/wp\/v2\/users\/297"}],"replies":[{"embeddable":true,"href":"https:\/\/www.suavinex.com\/livingsuavinex\/wp-json\/wp\/v2\/comments?post=45728"}],"version-history":[{"count":2,"href":"https:\/\/www.suavinex.com\/livingsuavinex\/wp-json\/wp\/v2\/posts\/45728\/revisions"}],"predecessor-version":[{"id":45732,"href":"https:\/\/www.suavinex.com\/livingsuavinex\/wp-json\/wp\/v2\/posts\/45728\/revisions\/45732"}],"wp:featuredmedia":[{"embeddable":true,"href":"https:\/\/www.suavinex.com\/livingsuavinex\/wp-json\/wp\/v2\/media\/45729"}],"wp:attachment":[{"href":"https:\/\/www.suavinex.com\/livingsuavinex\/wp-json\/wp\/v2\/media?parent=45728"}],"wp:term":[{"taxonomy":"category","embeddable":true,"href":"https:\/\/www.suavinex.com\/livingsuavinex\/wp-json\/wp\/v2\/categories?post=45728"},{"taxonomy":"post_tag","embeddable":true,"href":"https:\/\/www.suavinex.com\/livingsuavinex\/wp-json\/wp\/v2\/tags?post=45728"}],"curies":[{"name":"wp","href":"https:\/\/api.w.org\/{rel}","templated":true}]}}