{"id":45612,"date":"2024-05-28T08:30:00","date_gmt":"2024-05-28T06:30:00","guid":{"rendered":"https:\/\/www.suavinex.com\/livingsuavinex\/?p=45612"},"modified":"2024-05-15T08:47:32","modified_gmt":"2024-05-15T06:47:32","slug":"salud-mental-infantil-trastornos-y-sindromes-mas-comunes","status":"publish","type":"post","link":"https:\/\/www.suavinex.com\/livingsuavinex\/salud-mental-infantil-trastornos-y-sindromes-mas-comunes\/","title":{"rendered":"Salud mental infantil: Trastornos y s\u00edndromes m\u00e1s comunes"},"content":{"rendered":"\n<p>Queremos lo mejor para nuestros hijos en todos los aspectos de sus vidas, y su salud mental no es una excepci\u00f3n. La <strong>salud mental infantil<\/strong> es un aspecto crucial del desarrollo integral de un ni\u00f1o. Sin embargo, los trastornos y s\u00edndromes en ni\u00f1os relacionados con la salud mental pueden presentar desaf\u00edos significativos tanto para los peques como para las familias.\u00a0<\/p>\n\n\n\n<p>Igual que deben preocuparte aspectos f\u00edsicos como los <a href=\"https:\/\/www.suavinex.com\/livingsuavinex\/accidentes-frecuentes-ninos\/\" target=\"_blank\" rel=\"noreferrer noopener\">accidentes en ni\u00f1os<\/a> y beb\u00e9s que m\u00e1s suceden, como madres y cuidadores, es fundamental entender cu\u00e1les son las enfermedades y trastornos infantiles m\u00e1s comunes que pueden afectar a la salud mental de nuestros peque\u00f1os, para saber la mejor forma de enfrentarlos.&nbsp;<\/p>\n\n\n\n<p>En este art\u00edculo, exploraremos las afecciones mentales que se dan m\u00e1s en ni\u00f1os, su importancia y c\u00f3mo identificar y cuidar la salud mental de los m\u00e1s peque\u00f1os.&nbsp;<\/p>\n\n\n\n<h2 class=\"wp-block-heading\">\u00bfPor qu\u00e9 es importante la salud mental infantil?&nbsp;<\/h2>\n\n\n\n<p>La <strong>salud mental infantil<\/strong> es fundamental para el bienestar general y el desarrollo adecuado de un ni\u00f1o. Los ni\u00f1os con una salud mental s\u00f3lida tienen una mayor capacidad para enfrentar los desaf\u00edos, relacionarse con los dem\u00e1s y aprender de manera efectiva. Adem\u00e1s, una buena salud mental en la infancia sentar\u00e1 las bases para una vida adulta saludable y satisfactoria. Cuando nuestros hijos tienen una buena salud mental, pueden enfrentar los desaf\u00edos de la vida con valent\u00eda y confianza, construyendo una base s\u00f3lida para un futuro brillante y lleno de posibilidades.&nbsp;<\/p>\n\n\n\n<h2 class=\"wp-block-heading\">Diferencia entre s\u00edndrome, trastorno y enfermedad mental&nbsp;<\/h2>\n\n\n\n<p>A no ser que tengamos alg\u00fan tipo de educaci\u00f3n relacionada con el \u00e1mbito de la salud, es normal sentirse confundida por esta variedad de t\u00e9rminos, pero entender la diferencia es clave para ayudar a los peque\u00f1os de la mejor manera posible.&nbsp;<\/p>\n\n\n\n<p>Un <strong>s\u00edndrome<\/strong> es un conjunto de signos y s\u00edntomas que suelen estar asociados con una condici\u00f3n espec\u00edfica, como el s\u00edndrome de Down. Por otro lado, un <strong>trastorno<\/strong> hace referencia a estados de salud que se salen de la norma pero que no tienen por qu\u00e9 estar relacionados con una enfermedad espec\u00edfica. implica un patr\u00f3n persistente de comportamiento, pensamiento o emoci\u00f3n que causa malestar o dificulta el funcionamiento diario. Finalmente, una <strong>enfermedad mental<\/strong> es una afecci\u00f3n cl\u00ednica que afecta la salud mental y puede incluir una variedad de trastornos.&nbsp;<\/p>\n\n\n\n<h2 class=\"wp-block-heading\">Los S\u00edndromes en ni\u00f1os m\u00e1s habituales&nbsp;<\/h2>\n\n\n\n<p>S\u00edndromes existen much\u00edsimos, algunos muy raros y otros m\u00e1s habituales. Algunos s\u00edndromes en ni\u00f1os m\u00e1s comunes que puede afectar a la salud mental infantil incluyen:&nbsp;&nbsp;<\/p>\n\n\n\n<ul class=\"wp-block-list\">\n<li><strong>El <\/strong><a href=\"https:\/\/www.suavinex.com\/livingsuavinex\/ninos-sindrome-down\/\" target=\"_blank\" rel=\"noreferrer noopener\"><strong>s\u00edndrome de Down<\/strong><\/a>: Suelen experimentar retrasos en el desarrollo y pueden tener dificultades de aprendizaje. Sin embargo, cada persona con s\u00edndrome de Down es \u00fanica y puede tener habilidades y fortalezas individuales. Con el apoyo adecuado, pueden llevar vidas plenas y participar en la sociedad de manera significativa. Diversas <a href=\"https:\/\/www.suavinex.com\/livingsuavinex\/que-pruebas-se-realizan-durante-el-embarazo\/\" target=\"_blank\" rel=\"noreferrer noopener\">pruebas durante el embarazo<\/a> te indicar\u00e1n si tu beb\u00e9 padece este s\u00edndrome o no.&nbsp;<\/li>\n\n\n\n<li><strong>El s\u00edndrome de Asperger<\/strong>: El s\u00edndrome de Asperger es un trastorno del espectro autista (TEA) que afecta principalmente la forma en que una persona interact\u00faa y se relaciona con los dem\u00e1s, as\u00ed como tambi\u00e9n su comportamiento e intereses. Los ni\u00f1os y ni\u00f1as con s\u00edndrome de Asperger suelen tener dificultades en \u00e1reas de comunicaci\u00f3n social y habilidades sociales. Pueden tener dificultades para entender las sutilezas del lenguaje no verbal, como expresiones faciales, gestos y tono de voz.&nbsp;<\/li>\n<\/ul>\n\n\n\n<p>Nacer con cualquiera de estas condiciones supone <strong>desaf\u00edos \u00fanicos para el desarrollo<\/strong> y el funcionamiento diario del ni\u00f1o lo cual puede afectar tambi\u00e9n a su salud mental durante sus a\u00f1os formativos, pero con el apoyo adecuado, muchos ni\u00f1os pueden prosperar. Eso s\u00ed, para las familias con peque\u00f1os que tienen estos s\u00edndromes, la <a href=\"https:\/\/www.suavinex.com\/livingsuavinex\/conciliacion-familiar\/\" target=\"_blank\" rel=\"noreferrer noopener\">conciliaci\u00f3n familiar<\/a> es un aspecto fundamental.&nbsp;<\/p>\n\n\n\n<h2 class=\"wp-block-heading\">Trastornos infantiles comunes&nbsp;<\/h2>\n\n\n\n<p>Adem\u00e1s de los s\u00edndromes en ni\u00f1os mencionados anteriormente, ni\u00f1os y ni\u00f1as pueden sufrir los siguientes trastornos que pueden afectar a la salud mental infantil:&nbsp;<\/p>\n\n\n\n<ul class=\"wp-block-list\">\n<li><strong>Trastorno por d\u00e9ficit de atenci\u00f3n e hiperactividad o <\/strong><a href=\"https:\/\/www.suavinex.com\/livingsuavinex\/tdah-infantil-o-deficit-de-atencion-que-es-y-sintomas\/\" target=\"_blank\" rel=\"noreferrer noopener\"><strong>TDAH infantil<\/strong><\/a>: es un trastorno neurobiol\u00f3gico que afecta la capacidad de una persona para prestar atenci\u00f3n, controlar sus impulsos y regular su nivel de actividad. Es uno de los trastornos m\u00e1s comunes que afectan a ni\u00f1os y adolescentes, aunque tambi\u00e9n puede persistir en la edad adulta.&nbsp;<\/li>\n\n\n\n<li><a href=\"https:\/\/www.suavinex.com\/livingsuavinex\/trastornos-espectro-autista-tea\/\" target=\"_blank\" rel=\"noreferrer noopener\"><strong>Trastornos del espectro autista (TEA)<\/strong><\/a>: son un grupo de trastornos del desarrollo neurol\u00f3gico que afectan la comunicaci\u00f3n, la interacci\u00f3n social y el comportamiento de una persona. Este espectro abarca una amplia gama de s\u00edntomas, habilidades y niveles de funcionamiento, lo que significa que cada persona con TEA es \u00fanica y puede experimentar los s\u00edntomas de manera diferente.&nbsp;<\/li>\n\n\n\n<li><strong>Trastornos del estado de \u00e1nimo<\/strong>: son condiciones psiqui\u00e1tricas que afectan la forma en que una persona siente, piensa y se comporta, y que pueden interferir con su capacidad para funcionar en la vida diaria. Estos trastornos implican cambios significativos y persistentes en el estado de \u00e1nimo que van m\u00e1s all\u00e1 de las fluctuaciones normales de la emoci\u00f3n y pueden causar angustia o afectar negativamente la calidad de vida de la persona. Algunos trastornos infantiles comunes son la <strong>ansiedad<\/strong> y la <strong>depresi\u00f3n,<\/strong> pero tambi\u00e9n pueden darse casos de <strong>bipolaridad<\/strong> o trastorno l\u00edmite de la personalidad.&nbsp;<\/li>\n\n\n\n<li><strong>Trastornos del aprendizaje<\/strong>: afectan la capacidad de una persona para adquirir, procesar, retener o expresar informaci\u00f3n, de manera que interfieren con el rendimiento acad\u00e9mico o las actividades cotidianas. Los trastornos infantiles m\u00e1s habituales son la dislexia, la disgrafia y la discalculia.&nbsp;<\/li>\n<\/ul>\n\n\n\n<h2 class=\"wp-block-heading\">Enfermedades mentales en ni\u00f1os&nbsp;<\/h2>\n\n\n\n<p>No es com\u00fan encontrar ni\u00f1os que sufran enfermedades mentales graves. La esquizofrenia es una de las enfermedades mentales m\u00e1s habituales, tanto en ni\u00f1os como en adultos. Se trata de una enfermedad con variedad de s\u00edntomas entre los que destacan las alucinaciones, los delirios y el pensamiento desorganizado. No obstante, aunque puede ser peligrosa si no se trata, los medicamentos y tratamientos actuales son muy eficaces para gestionar los s\u00edntomas y estos, en combinaci\u00f3n con terapia psicol\u00f3gica y apoyo social pueden dar buenos resultados y calidad de vida.&nbsp;&nbsp;<\/p>\n\n\n\n<p>Otras enfermedades, como la <a href=\"https:\/\/www.suavinex.com\/livingsuavinex\/epilepsia-infantil-tipos-sintomas-y-consecuencias\/\" target=\"_blank\" rel=\"noreferrer noopener\">epilepsia infantil<\/a>, no son enfermedades mentales, pero s\u00ed pueden afectar a la salud mental de tu hijo o hija, puesto que pueden afectar a su vida diaria, especialmente si se despiertan comparaciones con otros ni\u00f1os que no sufren estas enfermedades.&nbsp;<\/p>\n\n\n\n<h2 class=\"wp-block-heading\">Consejos para cuidar la salud mental infantil&nbsp;<\/h2>\n\n\n\n<p>Dentro de un <a href=\"https:\/\/www.suavinex.com\/livingsuavinex\/estilos-de-crianza-parental-pautas-de-crianza\/\" target=\"_blank\" rel=\"noreferrer noopener\">estilo de crianza parental<\/a> que siga, por ejemplo, la <a href=\"https:\/\/www.suavinex.com\/livingsuavinex\/que-es-la-disciplina-positiva-tips-de-como-educar-en-positivo\/\" target=\"_blank\" rel=\"noreferrer noopener\">disciplina positiva<\/a>, la salud mental infantil juega un papel protagonista. Todos los padres y madres deber\u00edan aspirar a cuidar la salud mental de sus peques, puesto que esto tiene un gran impacto en sus vidas y en su desarrollo, afectando tambi\u00e9n a sus capacidades futuras para enfrentar problemas y situaciones similares como adultos.&nbsp;<\/p>\n\n\n\n<ul class=\"wp-block-list\">\n<li><strong>Fomentar la comunicaci\u00f3n abierta<\/strong>: Anima a tu hijo a expresar sus emociones y preocupaciones de manera abierta y sin juicio. Tambi\u00e9n potenciar la <a href=\"https:\/\/www.suavinex.com\/livingsuavinex\/autonomia-ninos\/\" target=\"_blank\" rel=\"noreferrer noopener\">autonom\u00eda en ni\u00f1os<\/a> es vital para mejorar su autoestima.&nbsp;<\/li>\n\n\n\n<li><strong>Promover el autocuidado<\/strong>: Ense\u00f1a a tu peque\u00f1o o peque\u00f1a estrategias de afrontamiento saludables, como la respiraci\u00f3n profunda o dedicar un tiempo espec\u00edfico a rutinas de relajaci\u00f3n. Incluir un <a href=\"https:\/\/www.suavinex.com\/alimentacion-del-bebe\/pequeno-electrodomestico\/s-humidificador-smart-i3\/p\/000000000000401134\" target=\"_blank\" rel=\"noreferrer noopener\">Humidificador para beb\u00e9<\/a> en su dormitorio para ayudarle a relajarse por las noches o a\u00f1adir <a href=\"https:\/\/www.suavinex.com\/bano-y-cuidado-del-bebe\/colonias-y-perfumes-de-bebe\/c\/0053\" target=\"_blank\" rel=\"noreferrer noopener\">perfumes y colonias de beb\u00e9<\/a> a la rutina de ba\u00f1o (como el <a href=\"https:\/\/www.suavinex.com\/bano-y-cuidado-del-bebe\/colonias-y-perfumes-de-bebe\/s-agua-de-colonia-kids-100-ml\/p\/000000000000308191\" target=\"_blank\" rel=\"noreferrer noopener\">Agua de Colonia infantil Kids<\/a>) pueden ayudarle a asociar ciertos elementos con ser cuidado y sentirse a salvo.&nbsp;<\/li>\n<\/ul>\n\n\n<div class=\"carrusel\"><ul class=\"recomendacion\"><li class=\"producto\"><div class=\"wrapProducto\"><a target=\"_blank\" class=\"imagen\" href=\"https:\/\/www.suavinex.com\/alimentacion-del-bebe\/vajilla-infantil\/s-vajilla-infantil-nina-6m-i3\/p\/000000000000300844\"><img decoding=\"async\" src=\"https:\/\/www.suavinex.com\/medias\/Vajilla-Go-Natural-RS-01.jpg?context=bWFzdGVyfGltYWdlc3wxNzY1MTl8aW1hZ2UvanBlZ3xpbWFnZXMvaDkyL2gzZC84OTE3MTg0ODcyNDc4LmpwZ3w2ZDkxOWRmNTJjNWViYmI2MDQxNmNjNjAxNWZkMDU0YzJhZjdiZGVhMjBlOWRmZDQzNWU1OWQ4M2NiNTQwMmZh\"><\/a><div class=\"productname\"><a target=\"_blank\" href=\"https:\/\/www.suavinex.com\/alimentacion-del-bebe\/vajilla-infantil\/s-vajilla-infantil-nina-6m-i3\/p\/000000000000300844\">Vajilla para beb\u00e9s de aprendizaje rosa<\/a><div><div class=\"bloquePrecio\"><div class=\"precioProducto\">33.95 \u20ac<\/div><a target=\"_blank\" class=\"ctabuy\" href=\"https:\/\/www.suavinex.com\/alimentacion-del-bebe\/vajilla-infantil\/s-vajilla-infantil-nina-6m-i3\/p\/000000000000300844\">COMPRAR<\/a><\/div><\/div><\/li><\/ul><\/div>\n\n\n<div class=\"carrusel\"><ul class=\"recomendacion\"><li class=\"producto\"><div class=\"wrapProducto\"><a target=\"_blank\" class=\"imagen\" href=\"https:\/\/www.suavinex.com\/bano-y-cuidado-del-bebe\/colonias-y-perfumes-de-bebe\/s-agua-de-colonia-kids-100-ml\/p\/000000000000308191\"><img decoding=\"async\" src=\"https:\/\/www.suavinex.com\/medias\/308191-Colonia-Kids-prod-01.jpg?context=bWFzdGVyfGltYWdlc3wxNzc1NzV8aW1hZ2UvanBlZ3xpbWFnZXMvaDU2L2hmYS84OTAwMTY5NzYwNzk4LmpwZ3w4YzhlMTllYzIzMWEwYjFkZWI0YzZjODJiYzZjMzIzMWM2NGExNmY2ZmMxM2M5YWEwMzEzMmI3NTQ5YmI0YjI5\"><\/a><div class=\"productname\"><a target=\"_blank\" href=\"https:\/\/www.suavinex.com\/bano-y-cuidado-del-bebe\/colonias-y-perfumes-de-bebe\/s-agua-de-colonia-kids-100-ml\/p\/000000000000308191\">Agua de Colonia infantil Kids 100ml<\/a><div><div class=\"bloquePrecio\"><div class=\"precioProducto\">16.95 \u20ac<\/div><a target=\"_blank\" class=\"ctabuy\" href=\"https:\/\/www.suavinex.com\/bano-y-cuidado-del-bebe\/colonias-y-perfumes-de-bebe\/s-agua-de-colonia-kids-100-ml\/p\/000000000000308191\">COMPRAR<\/a><\/div><\/div><\/li><\/ul><\/div>\n\n\n\n<ul class=\"wp-block-list\">\n<li><strong>Fomentar la actividad f\u00edsica<\/strong>: El ejercicio regular puede ayudar a mejorar el estado de \u00e1nimo y reducir el estr\u00e9s en los ni\u00f1os.&nbsp;<\/li>\n\n\n\n<li><strong>Establecer rutinas consistentes<\/strong>: Las rutinas predecibles pueden proporcionar estructura y seguridad a los ni\u00f1os, lo que puede ayudar a reducir la ansiedad.&nbsp;<\/li>\n\n\n\n<li><strong>Buscar ayuda profesional<\/strong>: Si sospechas que tu hijo o hija est\u00e1 luchando con su salud mental, no dudes en buscar ayuda de un profesional de la salud mental calificado.&nbsp;<\/li>\n<\/ul>\n\n\n\n<p>Cuidar la salud mental de nuestros hijos es una de las tareas m\u00e1s importantes que tenemos como madres y cuidadores. Con amor, paciencia y apoyo, podemos ayudarles a florecer, superando cualquier desaf\u00edo que se interponga en su camino. Porque cuando cuidamos de su salud mental, estamos sembrando las semillas para un futuro brillante y lleno de esperanza.&nbsp;<\/p>\n\n\n\n<p><strong>Fuentes:&nbsp;<\/strong>&nbsp;<\/p>\n\n\n\n<p><a href=\"https:\/\/www.cdc.gov\/childrensmentalhealth\/spanish\/basics.html\" target=\"_blank\" rel=\"noreferrer noopener\" class=\"broken_link\">\u00bfQu\u00e9 es la salud mental de los ni\u00f1os? (cdc.gov)<\/a>&nbsp;<\/p>\n\n\n\n<p><a href=\"https:\/\/awenpsicologia.com\/las-diferencias-entre-sindrome-trastorno-y-enfermedad\/\" target=\"_blank\" rel=\"noreferrer noopener\">Las diferencias entre s\u00edndrome, trastorno y enfermedad (awenpsicologia.com)<\/a>&nbsp;<\/p>\n","protected":false},"excerpt":{"rendered":"Queremos lo mejor para nuestros hijos en todos los aspectos de sus vidas, y su salud mental no es una excepci\u00f3n. La salud mental infantil es un aspecto crucial del desarrollo integral de un ni\u00f1o. Sin embargo, los trastornos y s\u00edndromes en ni\u00f1os relacionados con la salud mental pueden presentar&#8230; <a class=\"view-article\" href=\"https:\/\/www.suavinex.com\/livingsuavinex\/salud-mental-infantil-trastornos-y-sindromes-mas-comunes\/\">Ver art\u00edculo<\/a>","protected":false},"author":297,"featured_media":45613,"comment_status":"closed","ping_status":"closed","sticky":false,"template":"","format":"standard","meta":{"inline_featured_image":false,"footnotes":""},"categories":[2269],"tags":[],"class_list":["post-45612","post","type-post","status-publish","format-standard","has-post-thumbnail","hentry","category-parenting"],"yoast_head":"<!-- This site is optimized with the Yoast SEO plugin v26.8 - https:\/\/yoast.com\/product\/yoast-seo-wordpress\/ -->\n<title>Salud mental infantil: Trastornos y s\u00edndromes m\u00e1s comunes | Living Suavinex<\/title>\n<meta name=\"description\" content=\"Exploraremos las afecciones mentales infantiles, su importancia y c\u00f3mo identificar y cuidar la salud mental de los m\u00e1s peque\u00f1os.\" \/>\n<meta name=\"robots\" content=\"index, follow, max-snippet:-1, max-image-preview:large, max-video-preview:-1\" \/>\n<link rel=\"canonical\" href=\"https:\/\/www.suavinex.com\/livingsuavinex\/salud-mental-infantil-trastornos-y-sindromes-mas-comunes\/\" \/>\n<meta property=\"og:locale\" content=\"es_ES\" \/>\n<meta property=\"og:type\" content=\"article\" \/>\n<meta property=\"og:title\" content=\"Salud mental infantil: Trastornos y s\u00edndromes m\u00e1s comunes | Living Suavinex\" \/>\n<meta property=\"og:description\" content=\"Exploraremos las afecciones mentales infantiles, su importancia y c\u00f3mo identificar y cuidar la salud mental de los m\u00e1s peque\u00f1os.\" \/>\n<meta property=\"og:url\" content=\"https:\/\/www.suavinex.com\/livingsuavinex\/salud-mental-infantil-trastornos-y-sindromes-mas-comunes\/\" \/>\n<meta property=\"og:site_name\" content=\"Living Suavinex\" \/>\n<meta property=\"article:publisher\" content=\"https:\/\/www.facebook.com\/SuavinexSpain\" \/>\n<meta property=\"article:published_time\" content=\"2024-05-28T06:30:00+00:00\" \/>\n<meta property=\"og:image\" content=\"https:\/\/www.suavinex.com\/livingsuavinex\/wp-content\/uploads\/2024\/04\/salud-mental-infantil.webp\" \/>\n\t<meta property=\"og:image:width\" content=\"1200\" \/>\n\t<meta property=\"og:image:height\" content=\"800\" \/>\n\t<meta property=\"og:image:type\" content=\"image\/webp\" \/>\n<meta name=\"author\" content=\"Paula Gonzalo\" \/>\n<meta name=\"twitter:card\" content=\"summary_large_image\" \/>\n<meta name=\"twitter:creator\" content=\"@SuavinexSpain\" \/>\n<meta name=\"twitter:site\" content=\"@SuavinexSpain\" \/>\n<meta name=\"twitter:label1\" content=\"Escrito por\" \/>\n\t<meta name=\"twitter:data1\" content=\"Paula Gonzalo\" \/>\n\t<meta name=\"twitter:label2\" content=\"Tiempo de lectura\" \/>\n\t<meta name=\"twitter:data2\" content=\"7 minutos\" \/>\n<script type=\"application\/ld+json\" class=\"yoast-schema-graph\">{\"@context\":\"https:\/\/schema.org\",\"@graph\":[{\"@type\":\"Article\",\"@id\":\"https:\/\/www.suavinex.com\/livingsuavinex\/salud-mental-infantil-trastornos-y-sindromes-mas-comunes\/#article\",\"isPartOf\":{\"@id\":\"https:\/\/www.suavinex.com\/livingsuavinex\/salud-mental-infantil-trastornos-y-sindromes-mas-comunes\/\"},\"author\":{\"name\":\"Paula Gonzalo\",\"@id\":\"https:\/\/www.suavinex.com\/livingsuavinex\/#\/schema\/person\/adf54053ae070908b6a5293ef8d2c28a\"},\"headline\":\"Salud mental infantil: Trastornos y s\u00edndromes m\u00e1s comunes\",\"datePublished\":\"2024-05-28T06:30:00+00:00\",\"mainEntityOfPage\":{\"@id\":\"https:\/\/www.suavinex.com\/livingsuavinex\/salud-mental-infantil-trastornos-y-sindromes-mas-comunes\/\"},\"wordCount\":1515,\"publisher\":{\"@id\":\"https:\/\/www.suavinex.com\/livingsuavinex\/#organization\"},\"image\":{\"@id\":\"https:\/\/www.suavinex.com\/livingsuavinex\/salud-mental-infantil-trastornos-y-sindromes-mas-comunes\/#primaryimage\"},\"thumbnailUrl\":\"https:\/\/www.suavinex.com\/livingsuavinex\/wp-content\/uploads\/2024\/04\/salud-mental-infantil.webp\",\"articleSection\":[\"Parenting\"],\"inLanguage\":\"es\"},{\"@type\":\"WebPage\",\"@id\":\"https:\/\/www.suavinex.com\/livingsuavinex\/salud-mental-infantil-trastornos-y-sindromes-mas-comunes\/\",\"url\":\"https:\/\/www.suavinex.com\/livingsuavinex\/salud-mental-infantil-trastornos-y-sindromes-mas-comunes\/\",\"name\":\"Salud mental infantil: Trastornos y s\u00edndromes m\u00e1s comunes | Living Suavinex\",\"isPartOf\":{\"@id\":\"https:\/\/www.suavinex.com\/livingsuavinex\/#website\"},\"primaryImageOfPage\":{\"@id\":\"https:\/\/www.suavinex.com\/livingsuavinex\/salud-mental-infantil-trastornos-y-sindromes-mas-comunes\/#primaryimage\"},\"image\":{\"@id\":\"https:\/\/www.suavinex.com\/livingsuavinex\/salud-mental-infantil-trastornos-y-sindromes-mas-comunes\/#primaryimage\"},\"thumbnailUrl\":\"https:\/\/www.suavinex.com\/livingsuavinex\/wp-content\/uploads\/2024\/04\/salud-mental-infantil.webp\",\"datePublished\":\"2024-05-28T06:30:00+00:00\",\"description\":\"Exploraremos las afecciones mentales infantiles, su importancia y c\u00f3mo identificar y cuidar la salud mental de los m\u00e1s peque\u00f1os.\",\"breadcrumb\":{\"@id\":\"https:\/\/www.suavinex.com\/livingsuavinex\/salud-mental-infantil-trastornos-y-sindromes-mas-comunes\/#breadcrumb\"},\"inLanguage\":\"es\",\"potentialAction\":[{\"@type\":\"ReadAction\",\"target\":[\"https:\/\/www.suavinex.com\/livingsuavinex\/salud-mental-infantil-trastornos-y-sindromes-mas-comunes\/\"]}]},{\"@type\":\"ImageObject\",\"inLanguage\":\"es\",\"@id\":\"https:\/\/www.suavinex.com\/livingsuavinex\/salud-mental-infantil-trastornos-y-sindromes-mas-comunes\/#primaryimage\",\"url\":\"https:\/\/www.suavinex.com\/livingsuavinex\/wp-content\/uploads\/2024\/04\/salud-mental-infantil.webp\",\"contentUrl\":\"https:\/\/www.suavinex.com\/livingsuavinex\/wp-content\/uploads\/2024\/04\/salud-mental-infantil.webp\",\"width\":1200,\"height\":800,\"caption\":\"Salud mental infantil\"},{\"@type\":\"BreadcrumbList\",\"@id\":\"https:\/\/www.suavinex.com\/livingsuavinex\/salud-mental-infantil-trastornos-y-sindromes-mas-comunes\/#breadcrumb\",\"itemListElement\":[{\"@type\":\"ListItem\",\"position\":1,\"name\":\"Portada\",\"item\":\"https:\/\/www.suavinex.com\/livingsuavinex\/\"},{\"@type\":\"ListItem\",\"position\":2,\"name\":\"Salud mental infantil: Trastornos y s\u00edndromes m\u00e1s comunes\"}]},{\"@type\":\"WebSite\",\"@id\":\"https:\/\/www.suavinex.com\/livingsuavinex\/#website\",\"url\":\"https:\/\/www.suavinex.com\/livingsuavinex\/\",\"name\":\"Living Suavinex\",\"description\":\"| Familias reales\",\"publisher\":{\"@id\":\"https:\/\/www.suavinex.com\/livingsuavinex\/#organization\"},\"potentialAction\":[{\"@type\":\"SearchAction\",\"target\":{\"@type\":\"EntryPoint\",\"urlTemplate\":\"https:\/\/www.suavinex.com\/livingsuavinex\/?s={search_term_string}\"},\"query-input\":{\"@type\":\"PropertyValueSpecification\",\"valueRequired\":true,\"valueName\":\"search_term_string\"}}],\"inLanguage\":\"es\"},{\"@type\":\"Organization\",\"@id\":\"https:\/\/www.suavinex.com\/livingsuavinex\/#organization\",\"name\":\"Suavinex\",\"url\":\"https:\/\/www.suavinex.com\/livingsuavinex\/\",\"logo\":{\"@type\":\"ImageObject\",\"inLanguage\":\"es\",\"@id\":\"https:\/\/www.suavinex.com\/livingsuavinex\/#\/schema\/logo\/image\/\",\"url\":\"https:\/\/www.suavinex.com\/livingsuavinex\/wp-content\/uploads\/2018\/07\/living_sx_logo_mvl.png\",\"contentUrl\":\"https:\/\/www.suavinex.com\/livingsuavinex\/wp-content\/uploads\/2018\/07\/living_sx_logo_mvl.png\",\"width\":350,\"height\":70,\"caption\":\"Suavinex\"},\"image\":{\"@id\":\"https:\/\/www.suavinex.com\/livingsuavinex\/#\/schema\/logo\/image\/\"},\"sameAs\":[\"https:\/\/www.facebook.com\/SuavinexSpain\",\"https:\/\/x.com\/SuavinexSpain\",\"https:\/\/www.instagram.com\/suavinex_spain\/\",\"https:\/\/www.pinterest.es\/SuavinexSpain\/\",\"https:\/\/www.youtube.com\/channel\/UCgeJREx2R_ZvV2aQMrfWgcA\"]},{\"@type\":\"Person\",\"@id\":\"https:\/\/www.suavinex.com\/livingsuavinex\/#\/schema\/person\/adf54053ae070908b6a5293ef8d2c28a\",\"name\":\"Paula Gonzalo\",\"image\":{\"@type\":\"ImageObject\",\"inLanguage\":\"es\",\"@id\":\"https:\/\/www.suavinex.com\/livingsuavinex\/#\/schema\/person\/image\/\",\"url\":\"https:\/\/secure.gravatar.com\/avatar\/743d807d9020323f241090e3afb62686?s=96&d=mm&r=g\",\"contentUrl\":\"https:\/\/secure.gravatar.com\/avatar\/743d807d9020323f241090e3afb62686?s=96&d=mm&r=g\",\"caption\":\"Paula Gonzalo\"}}]}<\/script>\n<!-- \/ Yoast SEO plugin. -->","yoast_head_json":{"title":"Salud mental infantil: Trastornos y s\u00edndromes m\u00e1s comunes | Living Suavinex","description":"Exploraremos las afecciones mentales infantiles, su importancia y c\u00f3mo identificar y cuidar la salud mental de los m\u00e1s peque\u00f1os.","robots":{"index":"index","follow":"follow","max-snippet":"max-snippet:-1","max-image-preview":"max-image-preview:large","max-video-preview":"max-video-preview:-1"},"canonical":"https:\/\/www.suavinex.com\/livingsuavinex\/salud-mental-infantil-trastornos-y-sindromes-mas-comunes\/","og_locale":"es_ES","og_type":"article","og_title":"Salud mental infantil: Trastornos y s\u00edndromes m\u00e1s comunes | Living Suavinex","og_description":"Exploraremos las afecciones mentales infantiles, su importancia y c\u00f3mo identificar y cuidar la salud mental de los m\u00e1s peque\u00f1os.","og_url":"https:\/\/www.suavinex.com\/livingsuavinex\/salud-mental-infantil-trastornos-y-sindromes-mas-comunes\/","og_site_name":"Living Suavinex","article_publisher":"https:\/\/www.facebook.com\/SuavinexSpain","article_published_time":"2024-05-28T06:30:00+00:00","og_image":[{"width":1200,"height":800,"url":"https:\/\/www.suavinex.com\/livingsuavinex\/wp-content\/uploads\/2024\/04\/salud-mental-infantil.webp","type":"image\/webp"}],"author":"Paula Gonzalo","twitter_card":"summary_large_image","twitter_creator":"@SuavinexSpain","twitter_site":"@SuavinexSpain","twitter_misc":{"Escrito por":"Paula Gonzalo","Tiempo de lectura":"7 minutos"},"schema":{"@context":"https:\/\/schema.org","@graph":[{"@type":"Article","@id":"https:\/\/www.suavinex.com\/livingsuavinex\/salud-mental-infantil-trastornos-y-sindromes-mas-comunes\/#article","isPartOf":{"@id":"https:\/\/www.suavinex.com\/livingsuavinex\/salud-mental-infantil-trastornos-y-sindromes-mas-comunes\/"},"author":{"name":"Paula Gonzalo","@id":"https:\/\/www.suavinex.com\/livingsuavinex\/#\/schema\/person\/adf54053ae070908b6a5293ef8d2c28a"},"headline":"Salud mental infantil: Trastornos y s\u00edndromes m\u00e1s comunes","datePublished":"2024-05-28T06:30:00+00:00","mainEntityOfPage":{"@id":"https:\/\/www.suavinex.com\/livingsuavinex\/salud-mental-infantil-trastornos-y-sindromes-mas-comunes\/"},"wordCount":1515,"publisher":{"@id":"https:\/\/www.suavinex.com\/livingsuavinex\/#organization"},"image":{"@id":"https:\/\/www.suavinex.com\/livingsuavinex\/salud-mental-infantil-trastornos-y-sindromes-mas-comunes\/#primaryimage"},"thumbnailUrl":"https:\/\/www.suavinex.com\/livingsuavinex\/wp-content\/uploads\/2024\/04\/salud-mental-infantil.webp","articleSection":["Parenting"],"inLanguage":"es"},{"@type":"WebPage","@id":"https:\/\/www.suavinex.com\/livingsuavinex\/salud-mental-infantil-trastornos-y-sindromes-mas-comunes\/","url":"https:\/\/www.suavinex.com\/livingsuavinex\/salud-mental-infantil-trastornos-y-sindromes-mas-comunes\/","name":"Salud mental infantil: Trastornos y s\u00edndromes m\u00e1s comunes | Living Suavinex","isPartOf":{"@id":"https:\/\/www.suavinex.com\/livingsuavinex\/#website"},"primaryImageOfPage":{"@id":"https:\/\/www.suavinex.com\/livingsuavinex\/salud-mental-infantil-trastornos-y-sindromes-mas-comunes\/#primaryimage"},"image":{"@id":"https:\/\/www.suavinex.com\/livingsuavinex\/salud-mental-infantil-trastornos-y-sindromes-mas-comunes\/#primaryimage"},"thumbnailUrl":"https:\/\/www.suavinex.com\/livingsuavinex\/wp-content\/uploads\/2024\/04\/salud-mental-infantil.webp","datePublished":"2024-05-28T06:30:00+00:00","description":"Exploraremos las afecciones mentales infantiles, su importancia y c\u00f3mo identificar y cuidar la salud mental de los m\u00e1s peque\u00f1os.","breadcrumb":{"@id":"https:\/\/www.suavinex.com\/livingsuavinex\/salud-mental-infantil-trastornos-y-sindromes-mas-comunes\/#breadcrumb"},"inLanguage":"es","potentialAction":[{"@type":"ReadAction","target":["https:\/\/www.suavinex.com\/livingsuavinex\/salud-mental-infantil-trastornos-y-sindromes-mas-comunes\/"]}]},{"@type":"ImageObject","inLanguage":"es","@id":"https:\/\/www.suavinex.com\/livingsuavinex\/salud-mental-infantil-trastornos-y-sindromes-mas-comunes\/#primaryimage","url":"https:\/\/www.suavinex.com\/livingsuavinex\/wp-content\/uploads\/2024\/04\/salud-mental-infantil.webp","contentUrl":"https:\/\/www.suavinex.com\/livingsuavinex\/wp-content\/uploads\/2024\/04\/salud-mental-infantil.webp","width":1200,"height":800,"caption":"Salud mental infantil"},{"@type":"BreadcrumbList","@id":"https:\/\/www.suavinex.com\/livingsuavinex\/salud-mental-infantil-trastornos-y-sindromes-mas-comunes\/#breadcrumb","itemListElement":[{"@type":"ListItem","position":1,"name":"Portada","item":"https:\/\/www.suavinex.com\/livingsuavinex\/"},{"@type":"ListItem","position":2,"name":"Salud mental infantil: Trastornos y s\u00edndromes m\u00e1s comunes"}]},{"@type":"WebSite","@id":"https:\/\/www.suavinex.com\/livingsuavinex\/#website","url":"https:\/\/www.suavinex.com\/livingsuavinex\/","name":"Living Suavinex","description":"| Familias reales","publisher":{"@id":"https:\/\/www.suavinex.com\/livingsuavinex\/#organization"},"potentialAction":[{"@type":"SearchAction","target":{"@type":"EntryPoint","urlTemplate":"https:\/\/www.suavinex.com\/livingsuavinex\/?s={search_term_string}"},"query-input":{"@type":"PropertyValueSpecification","valueRequired":true,"valueName":"search_term_string"}}],"inLanguage":"es"},{"@type":"Organization","@id":"https:\/\/www.suavinex.com\/livingsuavinex\/#organization","name":"Suavinex","url":"https:\/\/www.suavinex.com\/livingsuavinex\/","logo":{"@type":"ImageObject","inLanguage":"es","@id":"https:\/\/www.suavinex.com\/livingsuavinex\/#\/schema\/logo\/image\/","url":"https:\/\/www.suavinex.com\/livingsuavinex\/wp-content\/uploads\/2018\/07\/living_sx_logo_mvl.png","contentUrl":"https:\/\/www.suavinex.com\/livingsuavinex\/wp-content\/uploads\/2018\/07\/living_sx_logo_mvl.png","width":350,"height":70,"caption":"Suavinex"},"image":{"@id":"https:\/\/www.suavinex.com\/livingsuavinex\/#\/schema\/logo\/image\/"},"sameAs":["https:\/\/www.facebook.com\/SuavinexSpain","https:\/\/x.com\/SuavinexSpain","https:\/\/www.instagram.com\/suavinex_spain\/","https:\/\/www.pinterest.es\/SuavinexSpain\/","https:\/\/www.youtube.com\/channel\/UCgeJREx2R_ZvV2aQMrfWgcA"]},{"@type":"Person","@id":"https:\/\/www.suavinex.com\/livingsuavinex\/#\/schema\/person\/adf54053ae070908b6a5293ef8d2c28a","name":"Paula Gonzalo","image":{"@type":"ImageObject","inLanguage":"es","@id":"https:\/\/www.suavinex.com\/livingsuavinex\/#\/schema\/person\/image\/","url":"https:\/\/secure.gravatar.com\/avatar\/743d807d9020323f241090e3afb62686?s=96&d=mm&r=g","contentUrl":"https:\/\/secure.gravatar.com\/avatar\/743d807d9020323f241090e3afb62686?s=96&d=mm&r=g","caption":"Paula Gonzalo"}}]}},"_links":{"self":[{"href":"https:\/\/www.suavinex.com\/livingsuavinex\/wp-json\/wp\/v2\/posts\/45612","targetHints":{"allow":["GET"]}}],"collection":[{"href":"https:\/\/www.suavinex.com\/livingsuavinex\/wp-json\/wp\/v2\/posts"}],"about":[{"href":"https:\/\/www.suavinex.com\/livingsuavinex\/wp-json\/wp\/v2\/types\/post"}],"author":[{"embeddable":true,"href":"https:\/\/www.suavinex.com\/livingsuavinex\/wp-json\/wp\/v2\/users\/297"}],"replies":[{"embeddable":true,"href":"https:\/\/www.suavinex.com\/livingsuavinex\/wp-json\/wp\/v2\/comments?post=45612"}],"version-history":[{"count":2,"href":"https:\/\/www.suavinex.com\/livingsuavinex\/wp-json\/wp\/v2\/posts\/45612\/revisions"}],"predecessor-version":[{"id":45624,"href":"https:\/\/www.suavinex.com\/livingsuavinex\/wp-json\/wp\/v2\/posts\/45612\/revisions\/45624"}],"wp:featuredmedia":[{"embeddable":true,"href":"https:\/\/www.suavinex.com\/livingsuavinex\/wp-json\/wp\/v2\/media\/45613"}],"wp:attachment":[{"href":"https:\/\/www.suavinex.com\/livingsuavinex\/wp-json\/wp\/v2\/media?parent=45612"}],"wp:term":[{"taxonomy":"category","embeddable":true,"href":"https:\/\/www.suavinex.com\/livingsuavinex\/wp-json\/wp\/v2\/categories?post=45612"},{"taxonomy":"post_tag","embeddable":true,"href":"https:\/\/www.suavinex.com\/livingsuavinex\/wp-json\/wp\/v2\/tags?post=45612"}],"curies":[{"name":"wp","href":"https:\/\/api.w.org\/{rel}","templated":true}]}}