{"id":45517,"date":"2024-03-26T08:30:00","date_gmt":"2024-03-26T07:30:00","guid":{"rendered":"https:\/\/www.suavinex.com\/livingsuavinex\/?p=45517"},"modified":"2024-05-15T08:57:39","modified_gmt":"2024-05-15T06:57:39","slug":"nuevas-gafas-de-sol-infantiles-suavinex-descubrelas","status":"publish","type":"post","link":"https:\/\/www.suavinex.com\/livingsuavinex\/nuevas-gafas-de-sol-infantiles-suavinex-descubrelas\/","title":{"rendered":"Nuevas gafas de sol infantiles Suavinex \u00a1Desc\u00fabrelas!"},"content":{"rendered":"\n<p>No importa la estaci\u00f3n del a\u00f1o, proteger a tu peque\u00f1\u00edn del da\u00f1o solar es s\u00faper importante. Incluso cuando no hace calor, los rayos UV pueden afectar tanto a la piel del ni\u00f1o como a sus ojitos.&nbsp;Ya te explicamos <a href=\"https:\/\/www.suavinex.com\/livingsuavinex\/cuando-poner-gafas-de-sol-a-un-bebe\/\" target=\"_blank\" rel=\"noreferrer noopener\">c\u00faando poner gafas de sol al beb\u00e9<\/a> y te ense\u00f1amos <a href=\"https:\/\/www.suavinex.com\/livingsuavinex\/las-mejores-gafas-de-sol-para-bebes\/\" target=\"_blank\" rel=\"noreferrer noopener\">las mejores gafas de sol para beb\u00e9<\/a> de Suavinex. Ahora, que es m\u00e1s mayorcito, es hora de usar <a href=\"https:\/\/www.suavinex.com\/accesorios-guarderia\/gafas-de-sol\/c\/0045\" target=\"_blank\" rel=\"noreferrer noopener\">gafas para ni\u00f1os de sol<\/a>.&nbsp;<\/p>\n\n\n\n<p>En Suavinex sabemos lo importante que es que los m\u00e1s peque\u00f1os tengan la protecci\u00f3n adecuada sin tener que renunciar al estilo y, sobre todo, la comodidad, por eso, en nuestra secci\u00f3n de <a href=\"https:\/\/www.suavinex.com\/accesorios-guarderia\/c\/0004\" target=\"_blank\" rel=\"noreferrer noopener\">guarder\u00eda y paseo<\/a>, lanzamos la nueva colecci\u00f3n de <strong>gafas de sol infantiles<\/strong> Suavinex.&nbsp;<\/p>\n\n\n\n<h2 class=\"wp-block-heading\">\u00bfLos beb\u00e9s y los ni\u00f1os necesitan gafas de sol?&nbsp;&nbsp;<\/h2>\n\n\n\n<p>Pensar que los beb\u00e9s o los ni\u00f1os peque\u00f1os no necesitan ponerse gafas de sol es una creencia bastante extendida. Sin embargo, es err\u00f3nea. De la misma forma que debes proteger la piel de tu beb\u00e9 o de tu peque con la <a href=\"https:\/\/www.suavinex.com\/livingsuavinex\/crema-solar\/\" target=\"_blank\" rel=\"noreferrer noopener\">crema del sol m\u00e1s adecuada<\/a> para prevenir los <a href=\"https:\/\/www.suavinex.com\/livingsuavinex\/problemas-de-piel-bebes\/\" target=\"_blank\" rel=\"noreferrer noopener\">problemas de piel en beb\u00e9s<\/a>\u202fm\u00e1s habituales, tambi\u00e9n es necesario proteger sus ojos con unas buenas <strong>gafas de sol infantiles<\/strong>.&nbsp;<\/p>\n\n\n\n<p>Igual que sucede con otras partes de su cuerpo, los ojitos de tu peque a\u00fan no est\u00e1n completamente desarrollados, por lo que el exceso de luz y los rayos ultravioleta les pueden causar graves lesiones en la c\u00f3rnea y el cristalino y producir <a href=\"https:\/\/www.suavinex.com\/livingsuavinex\/vision_ninos\/\" target=\"_blank\" rel=\"noreferrer noopener\">problemas de visi\u00f3n en ni\u00f1os<\/a>.&nbsp;<\/p>\n\n\n\n<p>Eso s\u00ed, hay que usar un poco el sentido com\u00fan. Si tu beb\u00e9 es reci\u00e9n nacido y pasa la mayor parte del tiempo durmiendo, no tendr\u00e1s que ponerle <strong>gafas de sol infantiles<\/strong>. Solo es necesario utilizar este complemento cuando ya es m\u00e1s mayor y est\u00e1 expuesto directamente a la luz solar. Si est\u00e1 durmiendo, puedes protegerle de la luz simplemente con una capota, unas cortinas o un cobertor de alg\u00fan tipo. Pero mientras tenga los ojos cerrados, los rayos ultravioleta no pueden pasar y hacer da\u00f1o a sus ojitos.&nbsp;<\/p>\n\n\n\n<h2 class=\"wp-block-heading\">\u00bfC\u00f3mo deben ser las gafas de sol infantiles?&nbsp;&nbsp;<\/h2>\n\n\n\n<p>Exactamente igual que pasa con las personas adultas, los ni\u00f1os no pueden llevar cualquier gafa de sol. Siempre hay que tener presente que no se trata s\u00f3lo de un <a href=\"https:\/\/www.suavinex.com\/accesorios-guarderia\/c\/0004\" target=\"_blank\" rel=\"noreferrer noopener\">accesorio de moda infantil<\/a>, sino que las gafas de sol suponen una herramienta que debe proteger los ojos frente a lo peor de la luz solar. Los rayos ultravioletas pueden causar toda clase de afecciones y, adem\u00e1s, est\u00e1n presentes durante todo el a\u00f1o. Por lo tanto, la protecci\u00f3n solar es necesaria en cualquier estaci\u00f3n del a\u00f1o, siempre que estemos expuestos a luz solar.&nbsp;<\/p>\n\n\n\n<p>No todas las gafas de sol infantiles son iguales. Tu ni\u00f1o peque\u00f1o va a necesitar un complemento que garantice esa protecci\u00f3n solar. Las gafas que puedes encontrar en tiendas de moda o incluso en bazares, no suelen ser recomendables porque, aunque son de cristales oscuros, estos no est\u00e1n tratados para filtrar los rayos UV y, por lo tanto, no solo no protegen si no que pueden ser incluso m\u00e1s da\u00f1inos. Ten en cuenta que, ante la escasez de luz, las pupilas se dilatan, por lo que a\u00fan est\u00e1n penetrando m\u00e1s rayos UV que si no llevases gafas en absoluto.&nbsp;<\/p>\n\n\n\n<p>Otra caracter\u00edstica importante que todas las gafas de sol infantiles deben tener, es la ergonom\u00eda. Las ni\u00f1as y ni\u00f1os peque\u00f1os se caracterizan por tener facciones muy redondeadas, ojos muy grandes y narices chiquitinas. El puente de la nariz no est\u00e1 totalmente desarrollado y a\u00fan es maleable. Por lo tanto, las gafas de sol tendr\u00e1n que poder adaptarse a la forma de la cara del chiquit\u00edn y no apoyarse mucho sobre el puente para no causar trastornos en el desarrollo.&nbsp;<\/p>\n\n\n\n<h2 class=\"wp-block-heading\">Descubre las nuevas gafas de sol infantiles Suavinex&nbsp;<\/h2>\n\n\n\n<p>Dicho todo esto, en Suavinex somos muy conscientes de la dificultad que existe a la hora de encontrar gafas de sol para los m\u00e1s peque\u00f1os que cumplan con todos los requisitos y exigencias y que adem\u00e1s ofrezcan un estilo m\u00e1s cuidado, a la altura de las mam\u00e1s y pap\u00e1s m\u00e1s \u201ccool\u201d.&nbsp;<\/p>\n\n\n\n<p>Por esta raz\u00f3n, hemos dise\u00f1ado la nueva colecci\u00f3n de gafas de sol infantiles Suavinex, para que tu hijo o hija puedan tener exactamente la protecci\u00f3n solar que necesitan y se merecen.&nbsp;&nbsp;<\/p>\n\n\n\n<p>Estas nuevas gafas de sol ofrecen lentes polarizadas con un amplio espectro de protecci\u00f3n 100% UVB y UVA, imprescindible para garantizar la salud visual de beb\u00e9s y ni\u00f1os. Adem\u00e1s, minimizan la sensaci\u00f3n de deslumbramiento y mejoran el contraste cuando la luz es intensa (id\u00f3neo, por ejemplo, para viajes a la nieve en familia).\u00a0Por ejemplo, puedes optar por las <a href=\"https:\/\/www.suavinex.com\/accesorios-guarderia\/gafas-de-sol\/s-gafas-sol-red-12-24m-beige-i3\/p\/000000000000308536\">Nuevas Gafas de sol de beb\u00e9 Suavinex redondas beige<\/a> con un tono para llevar a juego con la ropita de tu beb\u00e9.<\/p>\n\n\n<div class=\"carrusel\"><ul class=\"recomendacion\"><li class=\"producto\"><div class=\"wrapProducto\"><a target=\"_blank\" class=\"imagen\" href=\"https:\/\/www.suavinex.com\/accesorios-guarderia\/gafas-de-sol\/s-gafas-sol-red-12-24m-beige-i3\/p\/000000000000308536\"><img decoding=\"async\" src=\"https:\/\/www.suavinex.com\/medias\/Gafas-2024-1224M-Redonda-Beige-prod-01.jpg?context=bWFzdGVyfGltYWdlc3w3ODI0M3xpbWFnZS9qcGVnfGltYWdlcy9oYjcvaDdmLzg5MTM0ODc1OTM1MDIuanBnfGY3MDA4M2E5ZWE3MjhkMzExYWZmYjkwNTE4ZGFkN2FlOTU4MDAzODllZDJmODkwNDk0ODU1MmFjZDI4ZWEyZWI\"><\/a><div class=\"productname\"><a target=\"_blank\" href=\"https:\/\/www.suavinex.com\/accesorios-guarderia\/gafas-de-sol\/s-gafas-sol-red-12-24m-beige-i3\/p\/000000000000308536\">Gafas de sol beb\u00e9 12 24 Meses redondas polarizadas Beige<\/a><div><div class=\"bloquePrecio\"><div class=\"precioProducto\">21.95 \u20ac<\/div><a target=\"_blank\" class=\"ctabuy\" href=\"https:\/\/www.suavinex.com\/accesorios-guarderia\/gafas-de-sol\/s-gafas-sol-red-12-24m-beige-i3\/p\/000000000000308536\">COMPRAR<\/a><\/div><\/div><\/li><\/ul><\/div>\n\n\n\n<p>Adem\u00e1s, est\u00e1n dise\u00f1adas para adaptarse a la carita de tu ni\u00f1o y de tu ni\u00f1a perfectamente, con unas patillas muy flexibles que no les causan ninguna molestia, un dise\u00f1o ergon\u00f3mico que se adapta a la perfecci\u00f3n a la fisionom\u00eda de su cara y un peso extra ligero que no presiona el puente de su nariz.&nbsp;&nbsp;<\/p>\n\n\n\n<p>Las gafas de sol infantiles Suavinex, adem\u00e1s, est\u00e1n disponibles en 5 tallas distintas, cada una de ellas con un dise\u00f1o espec\u00edfico para las particularidades del rostro del peque. Est\u00e1n disponibles para ni\u00f1os de 0 y 12 meses, de entre 12 y 24 meses, ni\u00f1os de 24 a 36 meses y ni\u00f1os de 3 a 8 a\u00f1os.\u00a0De estos \u00faltimos modelos para ni\u00f1os m\u00e1s mayores las <a href=\"https:\/\/www.suavinex.com\/accesorios-guarderia\/gafas-de-sol\/s-gafas-sol-3y-8y-beige-i3\/p\/000000000000308548\">Nuevas Gafas de sol de ni\u00f1o Suavinex verdes<\/a> son super chulas y llevar\u00e1n un total look a juego con la mam\u00e1.<\/p>\n\n\n<div class=\"carrusel\"><ul class=\"recomendacion\"><li class=\"producto\"><div class=\"wrapProducto\"><a target=\"_blank\" class=\"imagen\" href=\"https:\/\/www.suavinex.com\/alimentacion-del-bebe\/vajilla-infantil\/s-vajilla-infantil-nina-6m-i3\/p\/000000000000300844\"><img decoding=\"async\" src=\"https:\/\/www.suavinex.com\/medias\/Vajilla-Go-Natural-RS-01.jpg?context=bWFzdGVyfGltYWdlc3wxNzY1MTl8aW1hZ2UvanBlZ3xpbWFnZXMvaDkyL2gzZC84OTE3MTg0ODcyNDc4LmpwZ3w2ZDkxOWRmNTJjNWViYmI2MDQxNmNjNjAxNWZkMDU0YzJhZjdiZGVhMjBlOWRmZDQzNWU1OWQ4M2NiNTQwMmZh\"><\/a><div class=\"productname\"><a target=\"_blank\" href=\"https:\/\/www.suavinex.com\/alimentacion-del-bebe\/vajilla-infantil\/s-vajilla-infantil-nina-6m-i3\/p\/000000000000300844\">Vajilla para beb\u00e9s de aprendizaje rosa<\/a><div><div class=\"bloquePrecio\"><div class=\"precioProducto\">33.95 \u20ac<\/div><a target=\"_blank\" class=\"ctabuy\" href=\"https:\/\/www.suavinex.com\/alimentacion-del-bebe\/vajilla-infantil\/s-vajilla-infantil-nina-6m-i3\/p\/000000000000300844\">COMPRAR<\/a><\/div><\/div><\/li><\/ul><\/div>\n\n\n\n<p>Pero, eso solo son cuatro\u2026 \u00bfy la quinta talla? \u00a1Sorpresa! Es para ti. Con las gafas de sol de Suavinex, los adultos podr\u00e9is ir perfectamente conjuntados con vuestros peque\u00f1os. \u00bfA que es genial?&nbsp;&nbsp;<\/p>\n\n\n\n<p>No pierdas la oportunidad de darle a tu peque las mejores gafas de sol infantiles y prot\u00e9gele del sol sin perder estilo ni comodidad.&nbsp;&nbsp;<\/p>\n","protected":false},"excerpt":{"rendered":"No importa la estaci\u00f3n del a\u00f1o, proteger a tu peque\u00f1\u00edn del da\u00f1o solar es s\u00faper importante. Incluso cuando no hace calor, los rayos UV pueden afectar tanto a la piel del ni\u00f1o como a sus ojitos.&nbsp;Ya te explicamos c\u00faando poner gafas de sol al beb\u00e9 y te ense\u00f1amos las mejores&#8230; <a class=\"view-article\" href=\"https:\/\/www.suavinex.com\/livingsuavinex\/nuevas-gafas-de-sol-infantiles-suavinex-descubrelas\/\">Ver art\u00edculo<\/a>","protected":false},"author":297,"featured_media":45518,"comment_status":"closed","ping_status":"closed","sticky":false,"template":"","format":"standard","meta":{"inline_featured_image":false,"footnotes":""},"categories":[2277],"tags":[],"class_list":["post-45517","post","type-post","status-publish","format-standard","has-post-thumbnail","hentry","category-tendencias"],"yoast_head":"<!-- This site is optimized with the Yoast SEO plugin v26.8 - https:\/\/yoast.com\/product\/yoast-seo-wordpress\/ -->\n<title>Nuevas gafas de sol infantiles Suavinex \u00a1Desc\u00fabrelas! | Living Suavinex<\/title>\n<meta name=\"description\" content=\"Proteger a tu peque\u00f1o del da\u00f1o solar es s\u00faper importante. Los rayos UV pueden afectar tanto a la piel del ni\u00f1o como a sus ojitos.\" \/>\n<meta name=\"robots\" content=\"index, follow, max-snippet:-1, max-image-preview:large, max-video-preview:-1\" \/>\n<link rel=\"canonical\" href=\"https:\/\/www.suavinex.com\/livingsuavinex\/nuevas-gafas-de-sol-infantiles-suavinex-descubrelas\/\" \/>\n<meta property=\"og:locale\" content=\"es_ES\" \/>\n<meta property=\"og:type\" content=\"article\" \/>\n<meta property=\"og:title\" content=\"Nuevas gafas de sol infantiles Suavinex \u00a1Desc\u00fabrelas! | Living Suavinex\" \/>\n<meta property=\"og:description\" content=\"Proteger a tu peque\u00f1o del da\u00f1o solar es s\u00faper importante. Los rayos UV pueden afectar tanto a la piel del ni\u00f1o como a sus ojitos.\" \/>\n<meta property=\"og:url\" content=\"https:\/\/www.suavinex.com\/livingsuavinex\/nuevas-gafas-de-sol-infantiles-suavinex-descubrelas\/\" \/>\n<meta property=\"og:site_name\" content=\"Living Suavinex\" \/>\n<meta property=\"article:publisher\" content=\"https:\/\/www.facebook.com\/SuavinexSpain\" \/>\n<meta property=\"article:published_time\" content=\"2024-03-26T07:30:00+00:00\" \/>\n<meta property=\"article:modified_time\" content=\"2024-05-15T06:57:39+00:00\" \/>\n<meta property=\"og:image\" content=\"https:\/\/www.suavinex.com\/livingsuavinex\/wp-content\/uploads\/2024\/02\/gafas-de-sol-infantiles-suavinex.webp\" \/>\n\t<meta property=\"og:image:width\" content=\"1200\" \/>\n\t<meta property=\"og:image:height\" content=\"800\" \/>\n\t<meta property=\"og:image:type\" content=\"image\/webp\" \/>\n<meta name=\"author\" content=\"Paula Gonzalo\" \/>\n<meta name=\"twitter:card\" content=\"summary_large_image\" \/>\n<meta name=\"twitter:creator\" content=\"@SuavinexSpain\" \/>\n<meta name=\"twitter:site\" content=\"@SuavinexSpain\" \/>\n<meta name=\"twitter:label1\" content=\"Escrito por\" \/>\n\t<meta name=\"twitter:data1\" content=\"Paula Gonzalo\" \/>\n\t<meta name=\"twitter:label2\" content=\"Tiempo de lectura\" \/>\n\t<meta name=\"twitter:data2\" content=\"5 minutos\" \/>\n<script type=\"application\/ld+json\" class=\"yoast-schema-graph\">{\"@context\":\"https:\/\/schema.org\",\"@graph\":[{\"@type\":\"Article\",\"@id\":\"https:\/\/www.suavinex.com\/livingsuavinex\/nuevas-gafas-de-sol-infantiles-suavinex-descubrelas\/#article\",\"isPartOf\":{\"@id\":\"https:\/\/www.suavinex.com\/livingsuavinex\/nuevas-gafas-de-sol-infantiles-suavinex-descubrelas\/\"},\"author\":{\"name\":\"Paula Gonzalo\",\"@id\":\"https:\/\/www.suavinex.com\/livingsuavinex\/#\/schema\/person\/adf54053ae070908b6a5293ef8d2c28a\"},\"headline\":\"Nuevas gafas de sol infantiles Suavinex \u00a1Desc\u00fabrelas!\",\"datePublished\":\"2024-03-26T07:30:00+00:00\",\"dateModified\":\"2024-05-15T06:57:39+00:00\",\"mainEntityOfPage\":{\"@id\":\"https:\/\/www.suavinex.com\/livingsuavinex\/nuevas-gafas-de-sol-infantiles-suavinex-descubrelas\/\"},\"wordCount\":1111,\"publisher\":{\"@id\":\"https:\/\/www.suavinex.com\/livingsuavinex\/#organization\"},\"image\":{\"@id\":\"https:\/\/www.suavinex.com\/livingsuavinex\/nuevas-gafas-de-sol-infantiles-suavinex-descubrelas\/#primaryimage\"},\"thumbnailUrl\":\"https:\/\/www.suavinex.com\/livingsuavinex\/wp-content\/uploads\/2024\/02\/gafas-de-sol-infantiles-suavinex.webp\",\"articleSection\":[\"Tendencias\"],\"inLanguage\":\"es\"},{\"@type\":\"WebPage\",\"@id\":\"https:\/\/www.suavinex.com\/livingsuavinex\/nuevas-gafas-de-sol-infantiles-suavinex-descubrelas\/\",\"url\":\"https:\/\/www.suavinex.com\/livingsuavinex\/nuevas-gafas-de-sol-infantiles-suavinex-descubrelas\/\",\"name\":\"Nuevas gafas de sol infantiles Suavinex \u00a1Desc\u00fabrelas! | Living Suavinex\",\"isPartOf\":{\"@id\":\"https:\/\/www.suavinex.com\/livingsuavinex\/#website\"},\"primaryImageOfPage\":{\"@id\":\"https:\/\/www.suavinex.com\/livingsuavinex\/nuevas-gafas-de-sol-infantiles-suavinex-descubrelas\/#primaryimage\"},\"image\":{\"@id\":\"https:\/\/www.suavinex.com\/livingsuavinex\/nuevas-gafas-de-sol-infantiles-suavinex-descubrelas\/#primaryimage\"},\"thumbnailUrl\":\"https:\/\/www.suavinex.com\/livingsuavinex\/wp-content\/uploads\/2024\/02\/gafas-de-sol-infantiles-suavinex.webp\",\"datePublished\":\"2024-03-26T07:30:00+00:00\",\"dateModified\":\"2024-05-15T06:57:39+00:00\",\"description\":\"Proteger a tu peque\u00f1o del da\u00f1o solar es s\u00faper importante. Los rayos UV pueden afectar tanto a la piel del ni\u00f1o como a sus ojitos.\",\"breadcrumb\":{\"@id\":\"https:\/\/www.suavinex.com\/livingsuavinex\/nuevas-gafas-de-sol-infantiles-suavinex-descubrelas\/#breadcrumb\"},\"inLanguage\":\"es\",\"potentialAction\":[{\"@type\":\"ReadAction\",\"target\":[\"https:\/\/www.suavinex.com\/livingsuavinex\/nuevas-gafas-de-sol-infantiles-suavinex-descubrelas\/\"]}]},{\"@type\":\"ImageObject\",\"inLanguage\":\"es\",\"@id\":\"https:\/\/www.suavinex.com\/livingsuavinex\/nuevas-gafas-de-sol-infantiles-suavinex-descubrelas\/#primaryimage\",\"url\":\"https:\/\/www.suavinex.com\/livingsuavinex\/wp-content\/uploads\/2024\/02\/gafas-de-sol-infantiles-suavinex.webp\",\"contentUrl\":\"https:\/\/www.suavinex.com\/livingsuavinex\/wp-content\/uploads\/2024\/02\/gafas-de-sol-infantiles-suavinex.webp\",\"width\":1200,\"height\":800,\"caption\":\"Gafas de sol infantiles Suavinex\"},{\"@type\":\"BreadcrumbList\",\"@id\":\"https:\/\/www.suavinex.com\/livingsuavinex\/nuevas-gafas-de-sol-infantiles-suavinex-descubrelas\/#breadcrumb\",\"itemListElement\":[{\"@type\":\"ListItem\",\"position\":1,\"name\":\"Portada\",\"item\":\"https:\/\/www.suavinex.com\/livingsuavinex\/\"},{\"@type\":\"ListItem\",\"position\":2,\"name\":\"Nuevas gafas de sol infantiles Suavinex \u00a1Desc\u00fabrelas!\"}]},{\"@type\":\"WebSite\",\"@id\":\"https:\/\/www.suavinex.com\/livingsuavinex\/#website\",\"url\":\"https:\/\/www.suavinex.com\/livingsuavinex\/\",\"name\":\"Living Suavinex\",\"description\":\"| Familias reales\",\"publisher\":{\"@id\":\"https:\/\/www.suavinex.com\/livingsuavinex\/#organization\"},\"potentialAction\":[{\"@type\":\"SearchAction\",\"target\":{\"@type\":\"EntryPoint\",\"urlTemplate\":\"https:\/\/www.suavinex.com\/livingsuavinex\/?s={search_term_string}\"},\"query-input\":{\"@type\":\"PropertyValueSpecification\",\"valueRequired\":true,\"valueName\":\"search_term_string\"}}],\"inLanguage\":\"es\"},{\"@type\":\"Organization\",\"@id\":\"https:\/\/www.suavinex.com\/livingsuavinex\/#organization\",\"name\":\"Suavinex\",\"url\":\"https:\/\/www.suavinex.com\/livingsuavinex\/\",\"logo\":{\"@type\":\"ImageObject\",\"inLanguage\":\"es\",\"@id\":\"https:\/\/www.suavinex.com\/livingsuavinex\/#\/schema\/logo\/image\/\",\"url\":\"https:\/\/www.suavinex.com\/livingsuavinex\/wp-content\/uploads\/2018\/07\/living_sx_logo_mvl.png\",\"contentUrl\":\"https:\/\/www.suavinex.com\/livingsuavinex\/wp-content\/uploads\/2018\/07\/living_sx_logo_mvl.png\",\"width\":350,\"height\":70,\"caption\":\"Suavinex\"},\"image\":{\"@id\":\"https:\/\/www.suavinex.com\/livingsuavinex\/#\/schema\/logo\/image\/\"},\"sameAs\":[\"https:\/\/www.facebook.com\/SuavinexSpain\",\"https:\/\/x.com\/SuavinexSpain\",\"https:\/\/www.instagram.com\/suavinex_spain\/\",\"https:\/\/www.pinterest.es\/SuavinexSpain\/\",\"https:\/\/www.youtube.com\/channel\/UCgeJREx2R_ZvV2aQMrfWgcA\"]},{\"@type\":\"Person\",\"@id\":\"https:\/\/www.suavinex.com\/livingsuavinex\/#\/schema\/person\/adf54053ae070908b6a5293ef8d2c28a\",\"name\":\"Paula Gonzalo\",\"image\":{\"@type\":\"ImageObject\",\"inLanguage\":\"es\",\"@id\":\"https:\/\/www.suavinex.com\/livingsuavinex\/#\/schema\/person\/image\/\",\"url\":\"https:\/\/secure.gravatar.com\/avatar\/743d807d9020323f241090e3afb62686?s=96&d=mm&r=g\",\"contentUrl\":\"https:\/\/secure.gravatar.com\/avatar\/743d807d9020323f241090e3afb62686?s=96&d=mm&r=g\",\"caption\":\"Paula Gonzalo\"}}]}<\/script>\n<!-- \/ Yoast SEO plugin. -->","yoast_head_json":{"title":"Nuevas gafas de sol infantiles Suavinex \u00a1Desc\u00fabrelas! | Living Suavinex","description":"Proteger a tu peque\u00f1o del da\u00f1o solar es s\u00faper importante. Los rayos UV pueden afectar tanto a la piel del ni\u00f1o como a sus ojitos.","robots":{"index":"index","follow":"follow","max-snippet":"max-snippet:-1","max-image-preview":"max-image-preview:large","max-video-preview":"max-video-preview:-1"},"canonical":"https:\/\/www.suavinex.com\/livingsuavinex\/nuevas-gafas-de-sol-infantiles-suavinex-descubrelas\/","og_locale":"es_ES","og_type":"article","og_title":"Nuevas gafas de sol infantiles Suavinex \u00a1Desc\u00fabrelas! | Living Suavinex","og_description":"Proteger a tu peque\u00f1o del da\u00f1o solar es s\u00faper importante. Los rayos UV pueden afectar tanto a la piel del ni\u00f1o como a sus ojitos.","og_url":"https:\/\/www.suavinex.com\/livingsuavinex\/nuevas-gafas-de-sol-infantiles-suavinex-descubrelas\/","og_site_name":"Living Suavinex","article_publisher":"https:\/\/www.facebook.com\/SuavinexSpain","article_published_time":"2024-03-26T07:30:00+00:00","article_modified_time":"2024-05-15T06:57:39+00:00","og_image":[{"width":1200,"height":800,"url":"https:\/\/www.suavinex.com\/livingsuavinex\/wp-content\/uploads\/2024\/02\/gafas-de-sol-infantiles-suavinex.webp","type":"image\/webp"}],"author":"Paula Gonzalo","twitter_card":"summary_large_image","twitter_creator":"@SuavinexSpain","twitter_site":"@SuavinexSpain","twitter_misc":{"Escrito por":"Paula Gonzalo","Tiempo de lectura":"5 minutos"},"schema":{"@context":"https:\/\/schema.org","@graph":[{"@type":"Article","@id":"https:\/\/www.suavinex.com\/livingsuavinex\/nuevas-gafas-de-sol-infantiles-suavinex-descubrelas\/#article","isPartOf":{"@id":"https:\/\/www.suavinex.com\/livingsuavinex\/nuevas-gafas-de-sol-infantiles-suavinex-descubrelas\/"},"author":{"name":"Paula Gonzalo","@id":"https:\/\/www.suavinex.com\/livingsuavinex\/#\/schema\/person\/adf54053ae070908b6a5293ef8d2c28a"},"headline":"Nuevas gafas de sol infantiles Suavinex \u00a1Desc\u00fabrelas!","datePublished":"2024-03-26T07:30:00+00:00","dateModified":"2024-05-15T06:57:39+00:00","mainEntityOfPage":{"@id":"https:\/\/www.suavinex.com\/livingsuavinex\/nuevas-gafas-de-sol-infantiles-suavinex-descubrelas\/"},"wordCount":1111,"publisher":{"@id":"https:\/\/www.suavinex.com\/livingsuavinex\/#organization"},"image":{"@id":"https:\/\/www.suavinex.com\/livingsuavinex\/nuevas-gafas-de-sol-infantiles-suavinex-descubrelas\/#primaryimage"},"thumbnailUrl":"https:\/\/www.suavinex.com\/livingsuavinex\/wp-content\/uploads\/2024\/02\/gafas-de-sol-infantiles-suavinex.webp","articleSection":["Tendencias"],"inLanguage":"es"},{"@type":"WebPage","@id":"https:\/\/www.suavinex.com\/livingsuavinex\/nuevas-gafas-de-sol-infantiles-suavinex-descubrelas\/","url":"https:\/\/www.suavinex.com\/livingsuavinex\/nuevas-gafas-de-sol-infantiles-suavinex-descubrelas\/","name":"Nuevas gafas de sol infantiles Suavinex \u00a1Desc\u00fabrelas! | Living Suavinex","isPartOf":{"@id":"https:\/\/www.suavinex.com\/livingsuavinex\/#website"},"primaryImageOfPage":{"@id":"https:\/\/www.suavinex.com\/livingsuavinex\/nuevas-gafas-de-sol-infantiles-suavinex-descubrelas\/#primaryimage"},"image":{"@id":"https:\/\/www.suavinex.com\/livingsuavinex\/nuevas-gafas-de-sol-infantiles-suavinex-descubrelas\/#primaryimage"},"thumbnailUrl":"https:\/\/www.suavinex.com\/livingsuavinex\/wp-content\/uploads\/2024\/02\/gafas-de-sol-infantiles-suavinex.webp","datePublished":"2024-03-26T07:30:00+00:00","dateModified":"2024-05-15T06:57:39+00:00","description":"Proteger a tu peque\u00f1o del da\u00f1o solar es s\u00faper importante. Los rayos UV pueden afectar tanto a la piel del ni\u00f1o como a sus ojitos.","breadcrumb":{"@id":"https:\/\/www.suavinex.com\/livingsuavinex\/nuevas-gafas-de-sol-infantiles-suavinex-descubrelas\/#breadcrumb"},"inLanguage":"es","potentialAction":[{"@type":"ReadAction","target":["https:\/\/www.suavinex.com\/livingsuavinex\/nuevas-gafas-de-sol-infantiles-suavinex-descubrelas\/"]}]},{"@type":"ImageObject","inLanguage":"es","@id":"https:\/\/www.suavinex.com\/livingsuavinex\/nuevas-gafas-de-sol-infantiles-suavinex-descubrelas\/#primaryimage","url":"https:\/\/www.suavinex.com\/livingsuavinex\/wp-content\/uploads\/2024\/02\/gafas-de-sol-infantiles-suavinex.webp","contentUrl":"https:\/\/www.suavinex.com\/livingsuavinex\/wp-content\/uploads\/2024\/02\/gafas-de-sol-infantiles-suavinex.webp","width":1200,"height":800,"caption":"Gafas de sol infantiles Suavinex"},{"@type":"BreadcrumbList","@id":"https:\/\/www.suavinex.com\/livingsuavinex\/nuevas-gafas-de-sol-infantiles-suavinex-descubrelas\/#breadcrumb","itemListElement":[{"@type":"ListItem","position":1,"name":"Portada","item":"https:\/\/www.suavinex.com\/livingsuavinex\/"},{"@type":"ListItem","position":2,"name":"Nuevas gafas de sol infantiles Suavinex \u00a1Desc\u00fabrelas!"}]},{"@type":"WebSite","@id":"https:\/\/www.suavinex.com\/livingsuavinex\/#website","url":"https:\/\/www.suavinex.com\/livingsuavinex\/","name":"Living Suavinex","description":"| Familias reales","publisher":{"@id":"https:\/\/www.suavinex.com\/livingsuavinex\/#organization"},"potentialAction":[{"@type":"SearchAction","target":{"@type":"EntryPoint","urlTemplate":"https:\/\/www.suavinex.com\/livingsuavinex\/?s={search_term_string}"},"query-input":{"@type":"PropertyValueSpecification","valueRequired":true,"valueName":"search_term_string"}}],"inLanguage":"es"},{"@type":"Organization","@id":"https:\/\/www.suavinex.com\/livingsuavinex\/#organization","name":"Suavinex","url":"https:\/\/www.suavinex.com\/livingsuavinex\/","logo":{"@type":"ImageObject","inLanguage":"es","@id":"https:\/\/www.suavinex.com\/livingsuavinex\/#\/schema\/logo\/image\/","url":"https:\/\/www.suavinex.com\/livingsuavinex\/wp-content\/uploads\/2018\/07\/living_sx_logo_mvl.png","contentUrl":"https:\/\/www.suavinex.com\/livingsuavinex\/wp-content\/uploads\/2018\/07\/living_sx_logo_mvl.png","width":350,"height":70,"caption":"Suavinex"},"image":{"@id":"https:\/\/www.suavinex.com\/livingsuavinex\/#\/schema\/logo\/image\/"},"sameAs":["https:\/\/www.facebook.com\/SuavinexSpain","https:\/\/x.com\/SuavinexSpain","https:\/\/www.instagram.com\/suavinex_spain\/","https:\/\/www.pinterest.es\/SuavinexSpain\/","https:\/\/www.youtube.com\/channel\/UCgeJREx2R_ZvV2aQMrfWgcA"]},{"@type":"Person","@id":"https:\/\/www.suavinex.com\/livingsuavinex\/#\/schema\/person\/adf54053ae070908b6a5293ef8d2c28a","name":"Paula Gonzalo","image":{"@type":"ImageObject","inLanguage":"es","@id":"https:\/\/www.suavinex.com\/livingsuavinex\/#\/schema\/person\/image\/","url":"https:\/\/secure.gravatar.com\/avatar\/743d807d9020323f241090e3afb62686?s=96&d=mm&r=g","contentUrl":"https:\/\/secure.gravatar.com\/avatar\/743d807d9020323f241090e3afb62686?s=96&d=mm&r=g","caption":"Paula Gonzalo"}}]}},"_links":{"self":[{"href":"https:\/\/www.suavinex.com\/livingsuavinex\/wp-json\/wp\/v2\/posts\/45517","targetHints":{"allow":["GET"]}}],"collection":[{"href":"https:\/\/www.suavinex.com\/livingsuavinex\/wp-json\/wp\/v2\/posts"}],"about":[{"href":"https:\/\/www.suavinex.com\/livingsuavinex\/wp-json\/wp\/v2\/types\/post"}],"author":[{"embeddable":true,"href":"https:\/\/www.suavinex.com\/livingsuavinex\/wp-json\/wp\/v2\/users\/297"}],"replies":[{"embeddable":true,"href":"https:\/\/www.suavinex.com\/livingsuavinex\/wp-json\/wp\/v2\/comments?post=45517"}],"version-history":[{"count":3,"href":"https:\/\/www.suavinex.com\/livingsuavinex\/wp-json\/wp\/v2\/posts\/45517\/revisions"}],"predecessor-version":[{"id":45635,"href":"https:\/\/www.suavinex.com\/livingsuavinex\/wp-json\/wp\/v2\/posts\/45517\/revisions\/45635"}],"wp:featuredmedia":[{"embeddable":true,"href":"https:\/\/www.suavinex.com\/livingsuavinex\/wp-json\/wp\/v2\/media\/45518"}],"wp:attachment":[{"href":"https:\/\/www.suavinex.com\/livingsuavinex\/wp-json\/wp\/v2\/media?parent=45517"}],"wp:term":[{"taxonomy":"category","embeddable":true,"href":"https:\/\/www.suavinex.com\/livingsuavinex\/wp-json\/wp\/v2\/categories?post=45517"},{"taxonomy":"post_tag","embeddable":true,"href":"https:\/\/www.suavinex.com\/livingsuavinex\/wp-json\/wp\/v2\/tags?post=45517"}],"curies":[{"name":"wp","href":"https:\/\/api.w.org\/{rel}","templated":true}]}}