{"id":45452,"date":"2026-01-30T08:30:00","date_gmt":"2026-01-30T07:30:00","guid":{"rendered":"https:\/\/www.suavinex.com\/livingsuavinex\/?p=45452"},"modified":"2026-03-09T17:07:37","modified_gmt":"2026-03-09T16:07:37","slug":"cuando-se-nota-al-bebe-las-primeras-patadas-de-bebe","status":"publish","type":"post","link":"https:\/\/www.suavinex.com\/livingsuavinex\/cuando-se-nota-al-bebe-las-primeras-patadas-de-bebe\/","title":{"rendered":"\u00bfCu\u00e1ndo se siente al beb\u00e9 por primera vez?"},"content":{"rendered":"\n<p>Para muchas mujeres, la maternidad comienza con el resultado positivo de un <a href=\"https:\/\/www.suavinex.com\/livingsuavinex\/test-embarazo\/\">test de embarazo<\/a>, pero existe un hito f\u00edsico que marca un antes y un despu\u00e9s en la conexi\u00f3n emocional: <strong>cuando se siente al beb\u00e9 por primera vez<\/strong>. Ese primer movimiento, a menudo descrito como un sutil aleteo o peque\u00f1as burbujas, es el instante en el que la gestaci\u00f3n deja de ser un concepto abstracto para convertirse en <strong>la certeza de una nueva vida<\/strong>. Ese primer contacto f\u00edsico, tan delicado y a la vez tan poderoso, es <strong>una experiencia \u00fanica <\/strong>que despierta una mezcla de asombro, emoci\u00f3n y, muchas veces, incredulidad. A partir de ese momento, <strong>la conexi\u00f3n entre la madre y su beb\u00e9 se fortalece <\/strong>y se marca el inicio de una nueva etapa en la que el v\u00ednculo entre ambos se hace cada vez m\u00e1s real.<\/p>\n\n\n\n<p>\u00a0<\/p>\n\n\n\n<h2 class=\"wp-block-heading\">\u00bfQu\u00e9 son los movimientos fetales?&nbsp;<\/h2>\n\n\n\n<p>Los movimientos fetales son las acciones que realiza el beb\u00e9 dentro del \u00fatero materno. Estos movimientos pueden ser de diferentes tipos, seg\u00fan la etapa del desarrollo fetal y la actividad del beb\u00e9.&nbsp;<\/p>\n\n\n\n<h3 class=\"wp-block-heading\">Tipos de movimientos fetales&nbsp;<\/h3>\n\n\n\n<p>No todos los movimientos ser\u00e1n pataditas de beb\u00e9. Hay muchas formas en las que tu beb\u00e9 se mueve y algunas de ellas las notar\u00e1s antes y otras despu\u00e9s:&nbsp;<\/p>\n\n\n\n<ul class=\"wp-block-list\">\n<li><strong>Sacudidas<\/strong>: Son los primeros movimientos que hace el beb\u00e9, alrededor de la semana 7, durante el <a href=\"https:\/\/www.suavinex.com\/livingsuavinex\/primer-trimestre-de-embarazo-sintomas-y-molestias-habituales\/\" target=\"_blank\" rel=\"noreferrer noopener\">primer trimestre de embarazo<\/a>. Consisten en peque\u00f1os temblores que se producen por la contracci\u00f3n de los m\u00fasculos del beb\u00e9. Estas sacudidas son muy dif\u00edciles de percibir por la madre, ya que el beb\u00e9 es muy peque\u00f1o y el \u00fatero a\u00fan no ha crecido mucho.&nbsp;<\/li>\n\n\n\n<li><strong>Volteretas<\/strong>: Ya en el <a href=\"https:\/\/www.suavinex.com\/livingsuavinex\/segundo-trimestre-de-embarazo-sintomas-y-riesgos-habituales\/\" target=\"_blank\" rel=\"noreferrer noopener\">segundo trimestre de embarazo<\/a>, a partir de la semana 16, puedes empezar a notar estos movimientos que hace el beb\u00e9 cuando cambia de posici\u00f3n dentro del \u00fatero porque tiene m\u00e1s espacio para moverse. Estos movimientos se sienten como una presi\u00f3n o un desplazamiento en el vientre de la mam\u00e1 as\u00ed que no siempre ser\u00e1s capaz de reconocer las volteretas como tales.&nbsp;<\/li>\n\n\n\n<li><a href=\"https:\/\/www.suavinex.com\/livingsuavinex\/hipo-fetal\/\" target=\"_blank\" rel=\"noreferrer noopener\"><strong>Hipo fetal<\/strong><\/a>: Se trata de movimientos r\u00edtmicos que pueden volverse habituales cuando alcanzas el segundo trimestre de gestaci\u00f3n. Se considera una buena se\u00f1al porque significa que el beb\u00e9 est\u00e1 entrenando sus pulmones para cuando tenga que respirar en el exterior.&nbsp;<\/li>\n\n\n\n<li><strong>Patadas de beb\u00e9<\/strong>: Son los movimientos m\u00e1s conocidos, las primeras patadas del beb\u00e9 son las m\u00e1s esperadas, tanto por las mam\u00e1s como por el resto de los familiares y amigos y consisten en golpes que da el beb\u00e9 con sus pies o sus manos contra la pared uterina. Las pataditas en el embarazo se pueden empezar a sentir a partir de la semana 20 de gestaci\u00f3n, cuando el beb\u00e9 tiene m\u00e1s fuerza y coordinaci\u00f3n, pero es a partir del <a href=\"https:\/\/www.suavinex.com\/livingsuavinex\/tercer-trimestre-de-embarazo-sintomas-habituales\/\" target=\"_blank\" rel=\"noreferrer noopener\">tercer trimestre de embarazo<\/a>, cuando es m\u00e1s grande y empieza a quedarse sin espacio, cuando las patadas del beb\u00e9 empiezan a ser incluso notables desde el exterior.&nbsp;<\/li>\n<\/ul>\n\n\n\n<h2 class=\"wp-block-heading\">\u00bfCu\u00e1ndo se siente al beb\u00e9 por primera vez?&nbsp;<\/h2>\n\n\n\n<p>La pregunta m\u00e1s frecuente en las consultas prenatales es <strong>a partir de cu\u00e1ndo se siente al beb\u00e9<\/strong>. Aunque el feto comienza a realizar movimientos reflejos alrededor de la octava semana de gestaci\u00f3n, sus dimensiones son tan reducidas y el l\u00edquido amni\u00f3tico act\u00faa de forma tan aislante que la madre no puede percibirlos todav\u00eda. Por lo general, el momento en el que se empieza a notar la actividad fetal se sit\u00faa<strong> entre las semanas 18 y 22<\/strong>. No obstante, este rango var\u00eda seg\u00fan la sensibilidad materna, la posici\u00f3n de la <a href=\"https:\/\/www.suavinex.com\/livingsuavinex\/que-es-maduracion-placentaria\/\">placenta<\/a> y la cantidad de <a href=\"https:\/\/www.suavinex.com\/livingsuavinex\/que-es-el-liquido-amniotico-y-cual-es-su-funcion\/\">l\u00edquido amni\u00f3tico<\/a>. Es un proceso gradual que evoluciona <strong>desde roces casi imperceptibles hasta patadas r\u00edtmicas y claras<\/strong>.<\/p>\n\n\n\n<p>Una forma de sentir a tu beb\u00e9 cuanto antes es utilizar un <a href=\"https:\/\/www.suavinex.com\/dispositivos-smart-infantiles\/s-escucha-latidos-i1\/p\/000000000000401131\" target=\"_blank\" rel=\"noreferrer noopener\">escucha latidos de beb\u00e9<\/a> como el de Suavinex de nuestra gama de <a href=\"https:\/\/www.suavinex.com\/dispositivos-smart-infantiles\/c\/1001\" target=\"_blank\" rel=\"noreferrer noopener\">Dispositivos Smart de Beb\u00e9<\/a> con el que podr\u00e1s escuchar a tu beb\u00e9 en tiempo real, grabarlo y compartirlo con tus seres queridos a traves de la App de Suavinex.\u00a0<\/p>\n\n\n<div class=\"carrusel\"><ul class=\"recomendacion\"><li class=\"producto\"><div class=\"wrapProducto\"><a target=\"_blank\" class=\"imagen\" href=\"https:\/\/www.suavinex.com\/alimentacion-del-bebe\/vajilla-infantil\/s-vajilla-infantil-nina-6m-i3\/p\/000000000000300844\"><img decoding=\"async\" src=\"https:\/\/www.suavinex.com\/medias\/Vajilla-Go-Natural-RS-01.jpg?context=bWFzdGVyfGltYWdlc3wxNzY1MTl8aW1hZ2UvanBlZ3xpbWFnZXMvaDkyL2gzZC84OTE3MTg0ODcyNDc4LmpwZ3w2ZDkxOWRmNTJjNWViYmI2MDQxNmNjNjAxNWZkMDU0YzJhZjdiZGVhMjBlOWRmZDQzNWU1OWQ4M2NiNTQwMmZh\"><\/a><div class=\"productname\"><a target=\"_blank\" href=\"https:\/\/www.suavinex.com\/alimentacion-del-bebe\/vajilla-infantil\/s-vajilla-infantil-nina-6m-i3\/p\/000000000000300844\">Vajilla para beb\u00e9s de aprendizaje rosa<\/a><div><div class=\"bloquePrecio\"><div class=\"precioProducto\">33.95 \u20ac<\/div><a target=\"_blank\" class=\"ctabuy\" href=\"https:\/\/www.suavinex.com\/alimentacion-del-bebe\/vajilla-infantil\/s-vajilla-infantil-nina-6m-i3\/p\/000000000000300844\">COMPRAR<\/a><\/div><\/div><\/li><\/ul><\/div>\n\n\n\n<p><\/p>\n\n\n\n<h2 class=\"wp-block-heading\">\u00bfCu\u00e1ndo son las primeras patadas de beb\u00e9?&nbsp;<\/h2>\n\n\n\n<p>Para las <strong>madres primerizas<\/strong>, la identificaci\u00f3n de estos movimientos suele demorarse un poco m\u00e1s. Lo habitual es que el momento de cuando se siente al beb\u00e9 en el primer embarazo ocurra <strong>en torno a la semana 20 o 22<\/strong>.<\/p>\n\n\n\n<p>Al no haber experimentado nunca esta sensaci\u00f3n,<strong> es muy com\u00fan confundir las primeras vibraciones con procesos digestivos<\/strong>. Esa falta de \u00abentrenamiento\u00bb previo hace que se necesite una mayor intensidad del movimiento para que el cerebro lo identifique correctamente. Incluso hay mam\u00e1s que, en un <a href=\"https:\/\/www.suavinex.com\/livingsuavinex\/embarazo-multiple\/\" target=\"_blank\" rel=\"noreferrer noopener\">embarazo m\u00faltiple<\/a>, aseguran poder distinguir qu\u00e9 beb\u00e9 est\u00e1 activo en cada momento.<\/p>\n\n\n\n<h3 class=\"wp-block-heading\">\u00bfQu\u00e9 significan las patadas del beb\u00e9?<\/h3>\n\n\n\n<p>Las patadas y movimientos que se perciben durante la gestaci\u00f3n son <strong>el principal<\/strong> <strong>indicador de bienestar fetal<\/strong> y una se\u00f1al de que el sistema nervioso y muscular del beb\u00e9 se est\u00e1 desarrollando correctamente. A medida que el espacio en el \u00fatero se reduce y el beb\u00e9 gana fuerza, estas sensaciones evolucionan en significado:<\/p>\n\n\n\n<ul class=\"wp-block-list\">\n<li><strong>Exploraci\u00f3n del entorno:<\/strong> Al principio, el beb\u00e9 utiliza sus extremidades para explorar las paredes del \u00fatero y el <a href=\"https:\/\/www.suavinex.com\/livingsuavinex\/que-es-el-cordon-umbilical-y-para-que-sirve\/\">cord\u00f3n umbilical<\/a>, lo que le ayuda a desarrollar su sentido del tacto.<\/li>\n\n\n\n<li><strong>Respuesta a est\u00edmulos:<\/strong> Las patadas suelen ser una respuesta directa a est\u00edmulos externos. Por ejemplo, el beb\u00e9 puede reaccionar a sonidos fuertes, a la luz que atraviesa la pared abdominal o incluso al sabor del l\u00edquido amni\u00f3tico tras una comida de la madre (especialmente si es rica en glucosa).<\/li>\n\n\n\n<li><strong>B\u00fasqueda de comodidad:<\/strong> Al igual que los adultos nos movemos al dormir, el beb\u00e9 cambia de postura para estirarse o buscar una posici\u00f3n m\u00e1s c\u00f3moda, lo que se traduce en giros o presiones m\u00e1s intensas.<\/li>\n\n\n\n<li><strong>Establecimiento de ritmos:<\/strong> A medida que avanza el embarazo, las patadas ayudan a identificar los ciclos de sue\u00f1o y vigilia del beb\u00e9. Es muy com\u00fan que la actividad aumente cuando la madre est\u00e1 en reposo, ya que el movimiento del caminar suele arrullar al peque\u00f1o durante el d\u00eda.<\/li>\n<\/ul>\n\n\n\n<h2 class=\"wp-block-heading\">\u00bfQu\u00e9 pasa si mi beb\u00e9 no se mueve mucho?&nbsp;<\/h2>\n\n\n\n<p>Uno de los terrores de cualquier futura mam\u00e1 es dejar de sentir los movimientos de su beb\u00e9 y que esto sea una mala se\u00f1al. Lo primero que debes saber es que es normal que el beb\u00e9 tenga momentos de m\u00e1s o menos actividad dentro del \u00fatero, seg\u00fan su estado de sue\u00f1o o vigilia, su nivel de energ\u00eda o su estado de \u00e1nimo.&nbsp;<\/p>\n\n\n\n<p>Sin embargo, si notas que tu beb\u00e9 no se mueve tanto como antes, o que sus movimientos son m\u00e1s d\u00e9biles o menos frecuentes, puede ser una se\u00f1al de alarma. Por eso, es importante que lleves un control de los movimientos fetales, especialmente a partir de la semana 28 de gestaci\u00f3n, cuando el beb\u00e9 tiene un patr\u00f3n de actividad m\u00e1s establecido.&nbsp;<\/p>\n\n\n\n<p>Una forma sencilla de hacerlo es contar el n\u00famero de movimientos que sientes en una hora, al menos dos veces al d\u00eda. Si notas menos de 10 movimientos en una hora, o si tienes alguna duda o preocupaci\u00f3n, debes consultar con tu m\u00e9dico lo antes posible.&nbsp;<\/p>\n\n\n\n<h2 class=\"wp-block-heading\">\u00bfPuedo provocar que mi beb\u00e9 se mueva?&nbsp;<\/h2>\n\n\n\n<p>Hay algunas formas de estimular los movimientos fetales, aunque no siempre funcionan, ya que depende de la respuesta individual de cada beb\u00e9. Algunas de las formas m\u00e1s comunes de incitar al beb\u00e9 a moverse son:&nbsp;<\/p>\n\n\n\n<ul class=\"wp-block-list\">\n<li><strong>Cambiar de posici\u00f3n<\/strong>: A veces, el beb\u00e9 se mueve m\u00e1s cuando la madre cambia de postura, ya sea acostada, sentada o de pie. Esto se debe a que el cambio de posici\u00f3n puede modificar la presi\u00f3n o el espacio que tiene el beb\u00e9 dentro del \u00fatero, y hacer que reaccione.&nbsp;<\/li>\n\n\n\n<li><strong>Comer o beber algo<\/strong>: Los alimentos modifican los niveles de az\u00facar en sangre y este cambio puede hacer que tu beb\u00e9 decida activarse cuando estaba tranquilo. Tambi\u00e9n afecta a su actividad si est\u00e1s deshidratada. Recuerda beber agua a menudo para evitar la deshidrataci\u00f3n, incluso si notas que tienes que ir al ba\u00f1o mucho m\u00e1s.&nbsp;<\/li>\n\n\n\n<li><strong>Hablarle, cantarle o ponerle m\u00fasica<\/strong>: Como hemos dicho, los movimientos fetales son una forma de comunicaci\u00f3n, entre mam\u00e1 y beb\u00e9. Esto se debe a que el beb\u00e9 puede escuchar los sonidos que provienen del exterior del \u00fatero, y responder a ellos. Algunos beb\u00e9s pueden reconocer la voz de la madre o de otras personas cercanas, y mostrar inter\u00e9s o agrado.&nbsp;<\/li>\n<\/ul>\n\n\n\n<p>Recuerda que no es tan importante <strong>cu\u00e1ndo se nota al beb\u00e9<\/strong> por primera vez como disfrutarlo cuando suceda y aprovecharlo al m\u00e1ximo. Los movimientos fetales son una parte esencial del embarazo que te permite conocer a tu beb\u00e9, comunicarte con \u00e9l y asegurarte de que est\u00e1 bien. Presta atenci\u00f3n a c\u00f3mo se mueve tu beb\u00e9 y con qu\u00e9 frecuencia para aprender a entender los mensajes y poder detectar anomal\u00edas a tiempo.&nbsp;&nbsp;<\/p>\n\n\n\n<p>No olvides cuidarte al m\u00e1ximo, en Suavinex tenemos una secci\u00f3n de <a href=\"https:\/\/www.suavinex.com\/bano-y-cuidado-del-bebe\/cosmetica-mama\/c\/0050\" target=\"_blank\" rel=\"noreferrer noopener\">cosm\u00e9tica de mam\u00e1<\/a> pensada para ti, como nuestro <a href=\"https:\/\/www.suavinex.com\/bano-y-cuidado-del-bebe\/cosmetica-mama\/set-rutina-cuidado-esencial-estrias\/p\/set_embarazo_postparto\" target=\"_blank\" rel=\"noreferrer noopener\">Pack crema antiestr\u00edas embarazo y crema reafirmante<\/a> necesarios para una hidrataci\u00f3n diaria del cuerpo de la mam\u00e1. Pero, sobre todo, disfruta much\u00edsimo y comparte las patadas de beb\u00e9 con tu pareja, familiares y amigos. Dentro de nada estar\u00e1s pendiente de <a href=\"https:\/\/www.suavinex.com\/chupetes-y-accesorios\/chupetes\/c\/0010\" target=\"_blank\" rel=\"noreferrer noopener\">chupetes<\/a> y de <a href=\"https:\/\/www.suavinex.com\/biberones-y-accesorios\/biberones\/c\/0021\" target=\"_blank\" rel=\"noreferrer noopener\">biberones<\/a> y te colmar\u00e1n de <a href=\"https:\/\/www.suavinex.com\/buscador\/regalo-mama-y-bebe\" target=\"_blank\" rel=\"noreferrer noopener\">regalos para mam\u00e1s y beb\u00e9s<\/a> como nuestra fant\u00e1stica <a href=\"https:\/\/www.suavinex.com\/bano-y-cuidado-del-bebe\/cosmetica-mama\/canastilla-bebe-regalo-cuidados-para-bebe-y-mama\/p\/302654\" target=\"_blank\" rel=\"noreferrer noopener\">Canastilla beb\u00e9 regalo cuidados para beb\u00e9 y mam\u00e1<\/a> llena de productos de cosm\u00e9tica para los dos. \u00a1Disfruta esta gran experiencia que es el embarazo!&nbsp;<\/p>\n\n\n<div class=\"carrusel\"><ul class=\"recomendacion\"><li class=\"producto\"><div class=\"wrapProducto\"><a target=\"_blank\" class=\"imagen\" href=\"https:\/\/www.suavinex.com\/bano-y-cuidado-del-bebe\/cosmetica-mama\/set-rutina-cuidado-esencial-estrias\/p\/set_embarazo_postparto\"><img decoding=\"async\" src=\"https:\/\/www.suavinex.com\/medias\/Set-Cuidado-Estrias-2025-prod-01.jpg?context=bWFzdGVyfGltYWdlc3wzNTg0NDR8aW1hZ2UvanBlZ3xpbWFnZXMvaDAyL2hmNy84OTMwMDMyMTU2NzAyLmpwZ3w1MTZmOWY3YWZmYzBiYmY5NjA1ZDk0MTU0M2NiOWZkZGJlMjQ3ZWFlMzg5ZGU5MzhhMDlhMjM3ZTU1ODZjZGE0\"><\/a><div class=\"productname\"><a target=\"_blank\" href=\"https:\/\/www.suavinex.com\/bano-y-cuidado-del-bebe\/cosmetica-mama\/set-rutina-cuidado-esencial-estrias\/p\/set_embarazo_postparto\">Set tratamiento estr\u00edas embarazo Cuidado Esencial<\/a><div><div class=\"bloquePrecio\"><div class=\"precioProducto\">53.49 \u20ac<\/div><a target=\"_blank\" class=\"ctabuy\" href=\"https:\/\/www.suavinex.com\/bano-y-cuidado-del-bebe\/cosmetica-mama\/set-rutina-cuidado-esencial-estrias\/p\/set_embarazo_postparto\">COMPRAR<\/a><\/div><\/div><\/li><\/ul><\/div>\n\n\n\n<p><strong>Fuentes:&nbsp;<\/strong>&nbsp;<\/p>\n\n\n\n<p><a href=\"https:\/\/nace.igenomix.es\/blog\/cuando-empiezas-a-notar-el-bebe-resolvemos-tus-dudas\/\" target=\"_blank\" rel=\"noreferrer noopener\" class=\"broken_link\">Cu\u00e1ndo empiezas a notar el beb\u00e9: resolvemos tus dudas &#8211; NACE\u00ae (igenomix.es)<\/a>&nbsp;<\/p>\n\n\n\n<p><a href=\"https:\/\/www.dodot.es\/embarazo\/sintomas-del-embarazo\/articulo\/movimiento-fetal\" target=\"_blank\" rel=\"noreferrer noopener\">Movimientos fetales: \u00bfCu\u00e1ndo se empieza a notar el beb\u00e9? | Dodot<\/a>&nbsp;<\/p>\n\n\n\n<p><a href=\"https:\/\/www.natalben.com\/patadas-bebe-semana-embarazo-movimientos-fetales-normales\" target=\"_blank\" rel=\"noreferrer noopener\">\u00bfCu\u00e1ndo noto las patadas del beb\u00e9 dentro del \u00fatero? &#8211; Natalben<\/a>&nbsp;<\/p>\n","protected":false},"excerpt":{"rendered":"Para muchas mujeres, la maternidad comienza con el resultado positivo de un test de embarazo, pero existe un hito f\u00edsico que marca un antes y un despu\u00e9s en la conexi\u00f3n emocional: cuando se siente al beb\u00e9 por primera vez. Ese primer movimiento, a menudo descrito como un sutil aleteo o&#8230; <a class=\"view-article\" href=\"https:\/\/www.suavinex.com\/livingsuavinex\/cuando-se-nota-al-bebe-las-primeras-patadas-de-bebe\/\">Ver art\u00edculo<\/a>","protected":false},"author":295,"featured_media":47001,"comment_status":"closed","ping_status":"closed","sticky":false,"template":"","format":"standard","meta":{"inline_featured_image":false,"footnotes":""},"categories":[7],"tags":[],"class_list":["post-45452","post","type-post","status-publish","format-standard","has-post-thumbnail","hentry","category-embarazo"],"yoast_head":"<!-- This site is optimized with the Yoast SEO plugin v26.8 - https:\/\/yoast.com\/product\/yoast-seo-wordpress\/ -->\n<title>\u00bfCu\u00e1ndo se siente al beb\u00e9 por primera vez? | Living Suavinex<\/title>\n<meta name=\"description\" content=\"Hoy vamos a contarte cu\u00e1ndo se nota al beb\u00e9 por primera vez y cu\u00e1ndo sentir\u00e1s las primeras patadas de beb\u00e9 dentro de ti.\" \/>\n<meta name=\"robots\" content=\"index, follow, max-snippet:-1, max-image-preview:large, max-video-preview:-1\" \/>\n<link rel=\"canonical\" href=\"https:\/\/www.suavinex.com\/livingsuavinex\/cuando-se-nota-al-bebe-las-primeras-patadas-de-bebe\/\" \/>\n<meta property=\"og:locale\" content=\"es_ES\" \/>\n<meta property=\"og:type\" content=\"article\" \/>\n<meta property=\"og:title\" content=\"\u00bfCu\u00e1ndo se siente al beb\u00e9 por primera vez? | Living Suavinex\" \/>\n<meta property=\"og:description\" content=\"Hoy vamos a contarte cu\u00e1ndo se nota al beb\u00e9 por primera vez y cu\u00e1ndo sentir\u00e1s las primeras patadas de beb\u00e9 dentro de ti.\" \/>\n<meta property=\"og:url\" content=\"https:\/\/www.suavinex.com\/livingsuavinex\/cuando-se-nota-al-bebe-las-primeras-patadas-de-bebe\/\" \/>\n<meta property=\"og:site_name\" content=\"Living Suavinex\" \/>\n<meta property=\"article:publisher\" content=\"https:\/\/www.facebook.com\/SuavinexSpain\" \/>\n<meta property=\"article:published_time\" content=\"2026-01-30T07:30:00+00:00\" \/>\n<meta property=\"article:modified_time\" content=\"2026-03-09T16:07:37+00:00\" \/>\n<meta property=\"og:image\" content=\"https:\/\/www.suavinex.com\/livingsuavinex\/wp-content\/uploads\/2024\/01\/cuando-se-nota-al-bebe-primeras-patadas.jpg\" \/>\n\t<meta property=\"og:image:width\" content=\"1200\" \/>\n\t<meta property=\"og:image:height\" content=\"800\" \/>\n\t<meta property=\"og:image:type\" content=\"image\/jpeg\" \/>\n<meta name=\"author\" content=\"Suavinex Central\" \/>\n<meta name=\"twitter:card\" content=\"summary_large_image\" \/>\n<meta name=\"twitter:creator\" content=\"@SuavinexSpain\" \/>\n<meta name=\"twitter:site\" content=\"@SuavinexSpain\" \/>\n<meta name=\"twitter:label1\" content=\"Escrito por\" \/>\n\t<meta name=\"twitter:data1\" content=\"Suavinex Central\" \/>\n\t<meta name=\"twitter:label2\" content=\"Tiempo de lectura\" \/>\n\t<meta name=\"twitter:data2\" content=\"7 minutos\" \/>\n<script type=\"application\/ld+json\" class=\"yoast-schema-graph\">{\"@context\":\"https:\/\/schema.org\",\"@graph\":[{\"@type\":\"Article\",\"@id\":\"https:\/\/www.suavinex.com\/livingsuavinex\/cuando-se-nota-al-bebe-las-primeras-patadas-de-bebe\/#article\",\"isPartOf\":{\"@id\":\"https:\/\/www.suavinex.com\/livingsuavinex\/cuando-se-nota-al-bebe-las-primeras-patadas-de-bebe\/\"},\"author\":{\"name\":\"Suavinex Central\",\"@id\":\"https:\/\/www.suavinex.com\/livingsuavinex\/#\/schema\/person\/836d83f4b1821b11b7b47cffd08f1ecb\"},\"headline\":\"\u00bfCu\u00e1ndo se siente al beb\u00e9 por primera vez?\",\"datePublished\":\"2026-01-30T07:30:00+00:00\",\"dateModified\":\"2026-03-09T16:07:37+00:00\",\"mainEntityOfPage\":{\"@id\":\"https:\/\/www.suavinex.com\/livingsuavinex\/cuando-se-nota-al-bebe-las-primeras-patadas-de-bebe\/\"},\"wordCount\":1722,\"publisher\":{\"@id\":\"https:\/\/www.suavinex.com\/livingsuavinex\/#organization\"},\"image\":{\"@id\":\"https:\/\/www.suavinex.com\/livingsuavinex\/cuando-se-nota-al-bebe-las-primeras-patadas-de-bebe\/#primaryimage\"},\"thumbnailUrl\":\"https:\/\/www.suavinex.com\/livingsuavinex\/wp-content\/uploads\/2026\/01\/sentir_bebe_suavinex.webp\",\"articleSection\":[\"Embarazo\"],\"inLanguage\":\"es\"},{\"@type\":\"WebPage\",\"@id\":\"https:\/\/www.suavinex.com\/livingsuavinex\/cuando-se-nota-al-bebe-las-primeras-patadas-de-bebe\/\",\"url\":\"https:\/\/www.suavinex.com\/livingsuavinex\/cuando-se-nota-al-bebe-las-primeras-patadas-de-bebe\/\",\"name\":\"\u00bfCu\u00e1ndo se siente al beb\u00e9 por primera vez? | Living Suavinex\",\"isPartOf\":{\"@id\":\"https:\/\/www.suavinex.com\/livingsuavinex\/#website\"},\"primaryImageOfPage\":{\"@id\":\"https:\/\/www.suavinex.com\/livingsuavinex\/cuando-se-nota-al-bebe-las-primeras-patadas-de-bebe\/#primaryimage\"},\"image\":{\"@id\":\"https:\/\/www.suavinex.com\/livingsuavinex\/cuando-se-nota-al-bebe-las-primeras-patadas-de-bebe\/#primaryimage\"},\"thumbnailUrl\":\"https:\/\/www.suavinex.com\/livingsuavinex\/wp-content\/uploads\/2026\/01\/sentir_bebe_suavinex.webp\",\"datePublished\":\"2026-01-30T07:30:00+00:00\",\"dateModified\":\"2026-03-09T16:07:37+00:00\",\"description\":\"Hoy vamos a contarte cu\u00e1ndo se nota al beb\u00e9 por primera vez y cu\u00e1ndo sentir\u00e1s las primeras patadas de beb\u00e9 dentro de ti.\",\"breadcrumb\":{\"@id\":\"https:\/\/www.suavinex.com\/livingsuavinex\/cuando-se-nota-al-bebe-las-primeras-patadas-de-bebe\/#breadcrumb\"},\"inLanguage\":\"es\",\"potentialAction\":[{\"@type\":\"ReadAction\",\"target\":[\"https:\/\/www.suavinex.com\/livingsuavinex\/cuando-se-nota-al-bebe-las-primeras-patadas-de-bebe\/\"]}]},{\"@type\":\"ImageObject\",\"inLanguage\":\"es\",\"@id\":\"https:\/\/www.suavinex.com\/livingsuavinex\/cuando-se-nota-al-bebe-las-primeras-patadas-de-bebe\/#primaryimage\",\"url\":\"https:\/\/www.suavinex.com\/livingsuavinex\/wp-content\/uploads\/2026\/01\/sentir_bebe_suavinex.webp\",\"contentUrl\":\"https:\/\/www.suavinex.com\/livingsuavinex\/wp-content\/uploads\/2026\/01\/sentir_bebe_suavinex.webp\",\"width\":1280,\"height\":800,\"caption\":\"\u00bfCu\u00e1ndo se siente al beb\u00e9? Imagen de freepik\"},{\"@type\":\"BreadcrumbList\",\"@id\":\"https:\/\/www.suavinex.com\/livingsuavinex\/cuando-se-nota-al-bebe-las-primeras-patadas-de-bebe\/#breadcrumb\",\"itemListElement\":[{\"@type\":\"ListItem\",\"position\":1,\"name\":\"Portada\",\"item\":\"https:\/\/www.suavinex.com\/livingsuavinex\/\"},{\"@type\":\"ListItem\",\"position\":2,\"name\":\"\u00bfCu\u00e1ndo se nota al beb\u00e9? Las primeras patadas de beb\u00e9\u00a0\"}]},{\"@type\":\"WebSite\",\"@id\":\"https:\/\/www.suavinex.com\/livingsuavinex\/#website\",\"url\":\"https:\/\/www.suavinex.com\/livingsuavinex\/\",\"name\":\"Living Suavinex\",\"description\":\"| Familias reales\",\"publisher\":{\"@id\":\"https:\/\/www.suavinex.com\/livingsuavinex\/#organization\"},\"potentialAction\":[{\"@type\":\"SearchAction\",\"target\":{\"@type\":\"EntryPoint\",\"urlTemplate\":\"https:\/\/www.suavinex.com\/livingsuavinex\/?s={search_term_string}\"},\"query-input\":{\"@type\":\"PropertyValueSpecification\",\"valueRequired\":true,\"valueName\":\"search_term_string\"}}],\"inLanguage\":\"es\"},{\"@type\":\"Organization\",\"@id\":\"https:\/\/www.suavinex.com\/livingsuavinex\/#organization\",\"name\":\"Suavinex\",\"url\":\"https:\/\/www.suavinex.com\/livingsuavinex\/\",\"logo\":{\"@type\":\"ImageObject\",\"inLanguage\":\"es\",\"@id\":\"https:\/\/www.suavinex.com\/livingsuavinex\/#\/schema\/logo\/image\/\",\"url\":\"https:\/\/www.suavinex.com\/livingsuavinex\/wp-content\/uploads\/2018\/07\/living_sx_logo_mvl.png\",\"contentUrl\":\"https:\/\/www.suavinex.com\/livingsuavinex\/wp-content\/uploads\/2018\/07\/living_sx_logo_mvl.png\",\"width\":350,\"height\":70,\"caption\":\"Suavinex\"},\"image\":{\"@id\":\"https:\/\/www.suavinex.com\/livingsuavinex\/#\/schema\/logo\/image\/\"},\"sameAs\":[\"https:\/\/www.facebook.com\/SuavinexSpain\",\"https:\/\/x.com\/SuavinexSpain\",\"https:\/\/www.instagram.com\/suavinex_spain\/\",\"https:\/\/www.pinterest.es\/SuavinexSpain\/\",\"https:\/\/www.youtube.com\/channel\/UCgeJREx2R_ZvV2aQMrfWgcA\"]},{\"@type\":\"Person\",\"@id\":\"https:\/\/www.suavinex.com\/livingsuavinex\/#\/schema\/person\/836d83f4b1821b11b7b47cffd08f1ecb\",\"name\":\"Suavinex Central\",\"image\":{\"@type\":\"ImageObject\",\"inLanguage\":\"es\",\"@id\":\"https:\/\/www.suavinex.com\/livingsuavinex\/#\/schema\/person\/image\/\",\"url\":\"https:\/\/secure.gravatar.com\/avatar\/bd43680b784882668035add29f959967?s=96&d=mm&r=g\",\"contentUrl\":\"https:\/\/secure.gravatar.com\/avatar\/bd43680b784882668035add29f959967?s=96&d=mm&r=g\",\"caption\":\"Suavinex Central\"}}]}<\/script>\n<!-- \/ Yoast SEO plugin. -->","yoast_head_json":{"title":"\u00bfCu\u00e1ndo se siente al beb\u00e9 por primera vez? | Living Suavinex","description":"Hoy vamos a contarte cu\u00e1ndo se nota al beb\u00e9 por primera vez y cu\u00e1ndo sentir\u00e1s las primeras patadas de beb\u00e9 dentro de ti.","robots":{"index":"index","follow":"follow","max-snippet":"max-snippet:-1","max-image-preview":"max-image-preview:large","max-video-preview":"max-video-preview:-1"},"canonical":"https:\/\/www.suavinex.com\/livingsuavinex\/cuando-se-nota-al-bebe-las-primeras-patadas-de-bebe\/","og_locale":"es_ES","og_type":"article","og_title":"\u00bfCu\u00e1ndo se siente al beb\u00e9 por primera vez? | Living Suavinex","og_description":"Hoy vamos a contarte cu\u00e1ndo se nota al beb\u00e9 por primera vez y cu\u00e1ndo sentir\u00e1s las primeras patadas de beb\u00e9 dentro de ti.","og_url":"https:\/\/www.suavinex.com\/livingsuavinex\/cuando-se-nota-al-bebe-las-primeras-patadas-de-bebe\/","og_site_name":"Living Suavinex","article_publisher":"https:\/\/www.facebook.com\/SuavinexSpain","article_published_time":"2026-01-30T07:30:00+00:00","article_modified_time":"2026-03-09T16:07:37+00:00","og_image":[{"width":1200,"height":800,"url":"https:\/\/www.suavinex.com\/livingsuavinex\/wp-content\/uploads\/2024\/01\/cuando-se-nota-al-bebe-primeras-patadas.jpg","type":"image\/jpeg"}],"author":"Suavinex Central","twitter_card":"summary_large_image","twitter_creator":"@SuavinexSpain","twitter_site":"@SuavinexSpain","twitter_misc":{"Escrito por":"Suavinex Central","Tiempo de lectura":"7 minutos"},"schema":{"@context":"https:\/\/schema.org","@graph":[{"@type":"Article","@id":"https:\/\/www.suavinex.com\/livingsuavinex\/cuando-se-nota-al-bebe-las-primeras-patadas-de-bebe\/#article","isPartOf":{"@id":"https:\/\/www.suavinex.com\/livingsuavinex\/cuando-se-nota-al-bebe-las-primeras-patadas-de-bebe\/"},"author":{"name":"Suavinex Central","@id":"https:\/\/www.suavinex.com\/livingsuavinex\/#\/schema\/person\/836d83f4b1821b11b7b47cffd08f1ecb"},"headline":"\u00bfCu\u00e1ndo se siente al beb\u00e9 por primera vez?","datePublished":"2026-01-30T07:30:00+00:00","dateModified":"2026-03-09T16:07:37+00:00","mainEntityOfPage":{"@id":"https:\/\/www.suavinex.com\/livingsuavinex\/cuando-se-nota-al-bebe-las-primeras-patadas-de-bebe\/"},"wordCount":1722,"publisher":{"@id":"https:\/\/www.suavinex.com\/livingsuavinex\/#organization"},"image":{"@id":"https:\/\/www.suavinex.com\/livingsuavinex\/cuando-se-nota-al-bebe-las-primeras-patadas-de-bebe\/#primaryimage"},"thumbnailUrl":"https:\/\/www.suavinex.com\/livingsuavinex\/wp-content\/uploads\/2026\/01\/sentir_bebe_suavinex.webp","articleSection":["Embarazo"],"inLanguage":"es"},{"@type":"WebPage","@id":"https:\/\/www.suavinex.com\/livingsuavinex\/cuando-se-nota-al-bebe-las-primeras-patadas-de-bebe\/","url":"https:\/\/www.suavinex.com\/livingsuavinex\/cuando-se-nota-al-bebe-las-primeras-patadas-de-bebe\/","name":"\u00bfCu\u00e1ndo se siente al beb\u00e9 por primera vez? | Living Suavinex","isPartOf":{"@id":"https:\/\/www.suavinex.com\/livingsuavinex\/#website"},"primaryImageOfPage":{"@id":"https:\/\/www.suavinex.com\/livingsuavinex\/cuando-se-nota-al-bebe-las-primeras-patadas-de-bebe\/#primaryimage"},"image":{"@id":"https:\/\/www.suavinex.com\/livingsuavinex\/cuando-se-nota-al-bebe-las-primeras-patadas-de-bebe\/#primaryimage"},"thumbnailUrl":"https:\/\/www.suavinex.com\/livingsuavinex\/wp-content\/uploads\/2026\/01\/sentir_bebe_suavinex.webp","datePublished":"2026-01-30T07:30:00+00:00","dateModified":"2026-03-09T16:07:37+00:00","description":"Hoy vamos a contarte cu\u00e1ndo se nota al beb\u00e9 por primera vez y cu\u00e1ndo sentir\u00e1s las primeras patadas de beb\u00e9 dentro de ti.","breadcrumb":{"@id":"https:\/\/www.suavinex.com\/livingsuavinex\/cuando-se-nota-al-bebe-las-primeras-patadas-de-bebe\/#breadcrumb"},"inLanguage":"es","potentialAction":[{"@type":"ReadAction","target":["https:\/\/www.suavinex.com\/livingsuavinex\/cuando-se-nota-al-bebe-las-primeras-patadas-de-bebe\/"]}]},{"@type":"ImageObject","inLanguage":"es","@id":"https:\/\/www.suavinex.com\/livingsuavinex\/cuando-se-nota-al-bebe-las-primeras-patadas-de-bebe\/#primaryimage","url":"https:\/\/www.suavinex.com\/livingsuavinex\/wp-content\/uploads\/2026\/01\/sentir_bebe_suavinex.webp","contentUrl":"https:\/\/www.suavinex.com\/livingsuavinex\/wp-content\/uploads\/2026\/01\/sentir_bebe_suavinex.webp","width":1280,"height":800,"caption":"\u00bfCu\u00e1ndo se siente al beb\u00e9? Imagen de freepik"},{"@type":"BreadcrumbList","@id":"https:\/\/www.suavinex.com\/livingsuavinex\/cuando-se-nota-al-bebe-las-primeras-patadas-de-bebe\/#breadcrumb","itemListElement":[{"@type":"ListItem","position":1,"name":"Portada","item":"https:\/\/www.suavinex.com\/livingsuavinex\/"},{"@type":"ListItem","position":2,"name":"\u00bfCu\u00e1ndo se nota al beb\u00e9? Las primeras patadas de beb\u00e9\u00a0"}]},{"@type":"WebSite","@id":"https:\/\/www.suavinex.com\/livingsuavinex\/#website","url":"https:\/\/www.suavinex.com\/livingsuavinex\/","name":"Living Suavinex","description":"| Familias reales","publisher":{"@id":"https:\/\/www.suavinex.com\/livingsuavinex\/#organization"},"potentialAction":[{"@type":"SearchAction","target":{"@type":"EntryPoint","urlTemplate":"https:\/\/www.suavinex.com\/livingsuavinex\/?s={search_term_string}"},"query-input":{"@type":"PropertyValueSpecification","valueRequired":true,"valueName":"search_term_string"}}],"inLanguage":"es"},{"@type":"Organization","@id":"https:\/\/www.suavinex.com\/livingsuavinex\/#organization","name":"Suavinex","url":"https:\/\/www.suavinex.com\/livingsuavinex\/","logo":{"@type":"ImageObject","inLanguage":"es","@id":"https:\/\/www.suavinex.com\/livingsuavinex\/#\/schema\/logo\/image\/","url":"https:\/\/www.suavinex.com\/livingsuavinex\/wp-content\/uploads\/2018\/07\/living_sx_logo_mvl.png","contentUrl":"https:\/\/www.suavinex.com\/livingsuavinex\/wp-content\/uploads\/2018\/07\/living_sx_logo_mvl.png","width":350,"height":70,"caption":"Suavinex"},"image":{"@id":"https:\/\/www.suavinex.com\/livingsuavinex\/#\/schema\/logo\/image\/"},"sameAs":["https:\/\/www.facebook.com\/SuavinexSpain","https:\/\/x.com\/SuavinexSpain","https:\/\/www.instagram.com\/suavinex_spain\/","https:\/\/www.pinterest.es\/SuavinexSpain\/","https:\/\/www.youtube.com\/channel\/UCgeJREx2R_ZvV2aQMrfWgcA"]},{"@type":"Person","@id":"https:\/\/www.suavinex.com\/livingsuavinex\/#\/schema\/person\/836d83f4b1821b11b7b47cffd08f1ecb","name":"Suavinex Central","image":{"@type":"ImageObject","inLanguage":"es","@id":"https:\/\/www.suavinex.com\/livingsuavinex\/#\/schema\/person\/image\/","url":"https:\/\/secure.gravatar.com\/avatar\/bd43680b784882668035add29f959967?s=96&d=mm&r=g","contentUrl":"https:\/\/secure.gravatar.com\/avatar\/bd43680b784882668035add29f959967?s=96&d=mm&r=g","caption":"Suavinex Central"}}]}},"_links":{"self":[{"href":"https:\/\/www.suavinex.com\/livingsuavinex\/wp-json\/wp\/v2\/posts\/45452","targetHints":{"allow":["GET"]}}],"collection":[{"href":"https:\/\/www.suavinex.com\/livingsuavinex\/wp-json\/wp\/v2\/posts"}],"about":[{"href":"https:\/\/www.suavinex.com\/livingsuavinex\/wp-json\/wp\/v2\/types\/post"}],"author":[{"embeddable":true,"href":"https:\/\/www.suavinex.com\/livingsuavinex\/wp-json\/wp\/v2\/users\/295"}],"replies":[{"embeddable":true,"href":"https:\/\/www.suavinex.com\/livingsuavinex\/wp-json\/wp\/v2\/comments?post=45452"}],"version-history":[{"count":3,"href":"https:\/\/www.suavinex.com\/livingsuavinex\/wp-json\/wp\/v2\/posts\/45452\/revisions"}],"predecessor-version":[{"id":46965,"href":"https:\/\/www.suavinex.com\/livingsuavinex\/wp-json\/wp\/v2\/posts\/45452\/revisions\/46965"}],"wp:featuredmedia":[{"embeddable":true,"href":"https:\/\/www.suavinex.com\/livingsuavinex\/wp-json\/wp\/v2\/media\/47001"}],"wp:attachment":[{"href":"https:\/\/www.suavinex.com\/livingsuavinex\/wp-json\/wp\/v2\/media?parent=45452"}],"wp:term":[{"taxonomy":"category","embeddable":true,"href":"https:\/\/www.suavinex.com\/livingsuavinex\/wp-json\/wp\/v2\/categories?post=45452"},{"taxonomy":"post_tag","embeddable":true,"href":"https:\/\/www.suavinex.com\/livingsuavinex\/wp-json\/wp\/v2\/tags?post=45452"}],"curies":[{"name":"wp","href":"https:\/\/api.w.org\/{rel}","templated":true}]}}