{"id":45181,"date":"2023-12-28T08:30:00","date_gmt":"2023-12-28T07:30:00","guid":{"rendered":"https:\/\/www.suavinex.com\/livingsuavinex\/?p=45181"},"modified":"2023-11-10T14:20:27","modified_gmt":"2023-11-10T13:20:27","slug":"que-es-la-neofobia-alimentaria-infantil","status":"publish","type":"post","link":"https:\/\/www.suavinex.com\/livingsuavinex\/que-es-la-neofobia-alimentaria-infantil\/","title":{"rendered":"\u00bfQu\u00e9 es la neofobia alimentaria infantil?"},"content":{"rendered":"\n<p>Uno de los <a href=\"https:\/\/www.suavinex.com\/livingsuavinex\/beneficios-lactancia-materna\/\">beneficios de la lactancia materna<\/a> exclusiva, a pesar de sus inconvenientes y molestias que se puedan sufrir es que, en algunos aspectos, puede ser mucho m\u00e1s pr\u00e1ctica que lo que viene a continuaci\u00f3n.&nbsp;<\/p>\n\n\n\n<p>El inicio de la <a href=\"https:\/\/www.suavinex.com\/livingsuavinex\/decalogo-alimentacion-complementaria\/\">alimentaci\u00f3n complementaria<\/a> es un momento crucial, no solo para poder descubrir posibles <a href=\"https:\/\/www.suavinex.com\/livingsuavinex\/alergia-alimentaria\/\">alergias alimentarias<\/a> de tu peque sino porque sienta las bases de c\u00f3mo tus hijos e hijas se relacionar\u00e1n con la comida en el futuro. Un problema con el que te puedes encontrar cuando tu beb\u00e9 ya no es tan beb\u00e9, sino m\u00e1s bien un ni\u00f1o o ni\u00f1a m\u00e1s mayor, es la <strong>neofobia alimentaria<\/strong>.&nbsp;<\/p>\n\n\n\n<p>Este problema puede tener <strong>consecuencias negativas<\/strong> para la salud y el desarrollo de los peque\u00f1os, as\u00ed como para la convivencia familiar. Hoy, desde Suavinex, te explicamos qu\u00e9 es la <strong>neofobia alimentaria infantil<\/strong>, por qu\u00e9 se produce y qu\u00e9 puedes hacer si tu hijo o hija la padece.<\/p>\n\n\n\n<h2 class=\"wp-block-heading\">\u00bfQu\u00e9 es la neofobia alimentaria?<\/h2>\n\n\n\n<p>La neofobia alimentaria es un trastorno que afecta a muchos ni\u00f1os y ni\u00f1as, y que consiste en el <strong>rechazo a probar nuevos alimentos<\/strong> o a comer alimentos que no sean de su agrado.<\/p>\n\n\n\n<p>La neofobia alimentaria es un <strong>fen\u00f3meno normal y transitorio<\/strong> que se da en la infancia, y que se caracteriza por la resistencia a comer alimentos desconocidos o diferentes a los habituales. Se suele manifestar entre los 2 y los 6 a\u00f1os de edad, coincidiendo con la etapa en la que los ni\u00f1os y ni\u00f1as empiezan a tener m\u00e1s autonom\u00eda y a expresar sus preferencias y gustos.<\/p>\n\n\n\n<p>No hay que confundirlo con el <strong>picky eating<\/strong> o <strong>comedor selectivo<\/strong>, que es un patr\u00f3n de alimentaci\u00f3n m\u00e1s restrictivo y persistente, que implica el rechazo a una gran variedad de alimentos, incluso los que ya se han probado y aceptado anteriormente. El comedor selectivo puede tener un origen gen\u00e9tico, ambiental o psicol\u00f3gico, y puede requerir de una intervenci\u00f3n profesional.<\/p>\n\n\n\n<p>En cambio, la neofobia alimentaria es algo m\u00e1s habitual que, si bien <strong>puede suponer un reto<\/strong> para los pap\u00e1s y mam\u00e1s m\u00e1s inexpertos, puede navegarse y superarse, normalmente sin necesidad de que un profesional se vea involucrado.<\/p>\n\n\n\n<h2 class=\"wp-block-heading\">\u00bfPor qu\u00e9 se produce la neofobia alimentaria infantil?<\/h2>\n\n\n\n<p>No hay una \u00fanica causa que explique la aparici\u00f3n de la neofobia alimentaria en los peques, sino que se trata de un fen\u00f3meno multifactorial, que depende de la interacci\u00f3n de factores biol\u00f3gicos, psicol\u00f3gicos y sociales. Algunos de estos factores son:<\/p>\n\n\n\n<ul class=\"wp-block-list\">\n<li>El <strong>instinto de supervivencia<\/strong>: los seres humanos, al nacer, tienen una predisposici\u00f3n innata a rechazar los alimentos que no conocen, como una forma de protegerse de posibles intoxicaciones o alergias. Se trata de una reacci\u00f3n natural de la que nos liberamos conforme crecemos y vamos aprendiendo nueva informaci\u00f3n.<\/li>\n\n\n\n<li>El <strong>desarrollo cognitivo<\/strong>: Los m\u00e1s peque\u00f1os no tienen la misma capacidad que un adulto para procesar informaci\u00f3n sensorial. Por lo tanto, en lo que respecta a los alimentos, se gu\u00edan por aspectos muy b\u00e1sicos como el color, el olor o la forma del alimento. Si estos les causan rechazo, es posible que no quieran volver a probar el alimento. Puedes comenzar introduci\u00e9ndoselos en papillas o pures en <a href=\"https:\/\/www.suavinex.com\/biberones-y-accesorios\/biberones\/c\/0021\">biber\u00f3n<\/a> para que se adapte poco a poco al sabor y despu\u00e9s a la textura. Para ello en Suavinex te ofrecemos en nuestra secci\u00f3n de <a href=\"https:\/\/www.suavinex.com\/alimentacion-del-bebe\/c\/0003\">alimentaci\u00f3n de beb\u00e9<\/a> diferentes <a href=\"https:\/\/www.suavinex.com\/alimentacion-del-bebe\/vajilla-infantil\/c\/0032\">vajillas de beb\u00e9<\/a> para que vaya aprendiendo a comer como nuestra <a href=\"https:\/\/www.suavinex.com\/alimentacion-del-bebe\/vajilla-infantil\/s-vajilla-infantil-6m-wonderland-vd-i3\/p\/000000000000308807\">Vajilla para beb\u00e9s de aprendizaje azul<\/a> perfecta para esta etapa.<\/li>\n<\/ul>\n\n\n<div class=\"carrusel\"><ul class=\"recomendacion\"><li class=\"producto\"><div class=\"wrapProducto\"><a target=\"_blank\" class=\"imagen\" href=\"https:\/\/www.suavinex.com\/alimentacion-del-bebe\/vajilla-infantil\/juego-de-vajilla-infantil-5-piezas-wonderland-verde\/p\/000000000000309497\"><img decoding=\"async\" src=\"https:\/\/www.suavinex.com\/medias\/Vajilla-Wonderland-2026-VD-prod-01.jpg?context=bWFzdGVyfGltYWdlc3w4NTMyMTl8aW1hZ2UvanBlZ3xpbWFnZXMvaDFlL2gxMS84OTQzMTMxODIwMDYyLmpwZ3w0ZjNmYWE5YmM3NmE3YTM1NjliYzFjZWY2OGFiYzNjMWQzZjk4OTFjMzg4NWRiNmE4NzU3OGE2YTJkMmY0YTVl\"><\/a><div class=\"productname\"><a target=\"_blank\" href=\"https:\/\/www.suavinex.com\/alimentacion-del-bebe\/vajilla-infantil\/juego-de-vajilla-infantil-5-piezas-wonderland-verde\/p\/000000000000309497\">Juego de Vajilla Infantil 5 piezas Wonderland, Verde<\/a><div><div class=\"bloquePrecio\"><div class=\"precioProducto\">34.94 \u20ac<\/div><a target=\"_blank\" class=\"ctabuy\" href=\"https:\/\/www.suavinex.com\/alimentacion-del-bebe\/vajilla-infantil\/juego-de-vajilla-infantil-5-piezas-wonderland-verde\/p\/000000000000309497\">COMPRAR<\/a><\/div><\/div><\/li><\/ul><\/div>\n\n\n\n<ul class=\"wp-block-list\">\n<li>El <strong>temperamento<\/strong>: Este es un factor que influye mucho en este trastorno, puesto que los ni\u00f1os y ni\u00f1as con temperamentos m\u00e1s ansiosos, introvertidos o negativistas, suelen ser m\u00e1s propensos a desarrollar neofobia alimentaria, ya que tienen m\u00e1s dificultades para adaptarse a los cambios y afrontar las situaciones nuevas.<\/li>\n\n\n\n<li>El <strong>entorno familiar<\/strong>: los progenitores y cuidadores principales, tanto con su actitud y estrategias educativas y de introducci\u00f3n de los nuevos alimentos, tienen un papel decisivo en c\u00f3mo los m\u00e1s peque\u00f1os se relacionan con la comida y en la \u201cintensidad\u201d de la neofobia alimentaria. Un ambiente familiar tranquilo, positivo y flexible, favorece la aceptaci\u00f3n de los alimentos y, por lo tanto, a llevar una <a href=\"https:\/\/www.suavinex.com\/livingsuavinex\/necesidades-nutricionales\/\">nutrici\u00f3n infantil<\/a> completa y sana.<\/li>\n<\/ul>\n\n\n\n<h2 class=\"wp-block-heading\">\u00bfQu\u00e9 puedes hacer si tu hijo o hija tiene neofobia alimentaria?<\/h2>\n\n\n\n<p>La neofobia alimentaria es un problema que suele remitir con el tiempo, siempre y cuando se sigan unas pautas adecuadas para favorecer la exposici\u00f3n y la aceptaci\u00f3n de los nuevos alimentos. Desde Suavinex te damos algunas recomendaciones para enfrentar este peque\u00f1o bache:<\/p>\n\n\n\n<ul class=\"wp-block-list\">\n<li>Ofrecer una <strong>alimentaci\u00f3n variada y equilibrada<\/strong>, que incluya todos los grupos de alimentos y que se adapte a las necesidades y preferencias de tu hijo o hija. Ya te explicamos <a href=\"https:\/\/www.suavinex.com\/livingsuavinex\/con-que-carne-empezar\/\">c\u00f3mo introducir carne al beb\u00e9<\/a> y tambi\u00e9n hablamos sobre la <a href=\"https:\/\/www.suavinex.com\/livingsuavinex\/fruta-bebe\/\">fruta y el beb\u00e9<\/a>, pero seguramente lo que m\u00e1s te costar\u00e1 ser\u00e1n las legumbres, por eso aqu\u00ed te explicamos<a href=\"https:\/\/www.suavinex.com\/livingsuavinex\/legumbres\/\"> cu\u00e1ndo introducir las legumbres al beb\u00e9<\/a>.<\/li>\n\n\n\n<li>Introducir los <strong>nuevos alimentos de forma gradual y repetida<\/strong>, sin forzar ni presionar al ni\u00f1o o ni\u00f1a, y respetando sus ritmos. Se recomienda ofrecer el alimento en peque\u00f1as cantidades y combinado con otros alimentos que le puedan gustar m\u00e1s para que haga asociaciones positivas.&nbsp;<\/li>\n\n\n\n<li>No obstante, <strong>no hay que sobornarles<\/strong> ni premiarles con otras comidas (por ejemplo con los postres) porque si se acostumbran, el d\u00eda que no tengan premio tampoco se lo querr\u00e1n comer.&nbsp;<\/li>\n\n\n\n<li>Dar <strong>buen ejemplo<\/strong> al ni\u00f1o o ni\u00f1a, comiendo los mismos alimentos que \u00e9l o ella, y mostrando una actitud positiva y abierta hacia la comida.<\/li>\n\n\n\n<li>Crear un <strong>ambiente agradable y relajado<\/strong> a la hora de comer, evitando las distracciones, las discusiones o los castigos, y fomentando la participaci\u00f3n y el disfrute.<\/li>\n\n\n\n<li>Utilizar <strong>estrategias l\u00fadicas y creativas<\/strong> para presentar los alimentos, como hacer formas divertidas, mezclar colores, inventar nombres o historias, o implicar al ni\u00f1o o ni\u00f1a en la preparaci\u00f3n de la comida.<\/li>\n\n\n\n<li><strong>Evitar las distracciones<\/strong>. Es muy tentador ponerles la televisi\u00f3n o el m\u00f3vil para que est\u00e9n atentos a otra cosa y no se den cuenta de lo comen pero esto no soluciona el problema de que no quieran probar alimentos nuevos. Adem\u00e1s, es importante que aprendan a dedicarle a la comida el tiempo y la atenci\u00f3n que requiere para disfrutarla y favorecer la digesti\u00f3n.<\/li>\n<\/ul>\n\n\n\n<p>Si sigues estos consejos y te armas de paciencia y tolerancia, estamos seguras de que tu peque pronto <strong>superar\u00e1 su neofobia<\/strong> y se comer\u00e1 con gusto y alegr\u00eda cualquier alimento que le pongas en el plato.<\/p>\n\n\n\n<p>Si la cosa se volviese complicada y te encontrases con dificultades para manejar esta situaci\u00f3n, siempre tienes la opci\u00f3n de <strong>consultar a un pediatra<\/strong> o psic\u00f3logo infantil, que te podr\u00e1 orientar y ayudar. Recuerda que la alimentaci\u00f3n es un aspecto fundamental para el desarrollo f\u00edsico, mental y emocional de chiquit\u00edn y que t\u00fa puedes contribuir a que sea una experiencia positiva y placentera. Para pon\u00e9rtelo m\u00e1s f\u00e1cil nuestra <a href=\"https:\/\/www.suavinex.com\/alimentacion-del-bebe\/vajilla-infantil\/canastilla-regalo-alimentacion-rosa\/p\/canastilla_go_natural_rs\">Canastilla Regalo beb\u00e9 Alimentaci\u00f3n Rosa<\/a> tiene termos y un biber\u00f3n con asas para que la hora de la comida sea m\u00e1s amena y sencilla. Si todav\u00eda quieres m\u00e1s informaci\u00f3n te dejamos <a href=\"https:\/\/www.suavinex.com\/livingsuavinex\/consejos-ninos-coman-bien\/\">10 consejos para lograr que los ni\u00f1os coman bien<\/a>. \u00a1No te quedes con dudas!<\/p>\n\n\n<div class=\"carrusel\"><ul class=\"recomendacion\"><li class=\"producto\"><div class=\"wrapProducto\"><a target=\"_blank\" class=\"imagen\" href=\"https:\/\/www.suavinex.com\/alimentacion-del-bebe\/vajilla-infantil\/canastilla-regalo-alimentacion-rosa\/p\/canastilla_go_natural_rs\"><img decoding=\"async\" src=\"https:\/\/www.suavinex.com\/medias\/Canastilla-Feeding-Wonderland-2026-prod-RS-01.jpg?context=bWFzdGVyfGltYWdlc3wxNDg3MzI2fGltYWdlL2pwZWd8aW1hZ2VzL2g0Yi9oNmYvODk0MzM1OTY4ODczNC5qcGd8YjllMDY5ZDU2NjM2NjNhOWI4NTE2YmQ5YzU4ODY0NzcyY2EyMzlkOGMyYTg1NzkzZDc3N2U0ZDYzZTZhNWVkMA\"><\/a><div class=\"productname\"><a target=\"_blank\" href=\"https:\/\/www.suavinex.com\/alimentacion-del-bebe\/vajilla-infantil\/canastilla-regalo-alimentacion-rosa\/p\/canastilla_go_natural_rs\">Canastilla Regalo beb\u00e9 Alimentaci\u00f3n Rosa<\/a><div><div class=\"bloquePrecio\"><div class=\"precioProducto\">86.5 \u20ac<\/div><a target=\"_blank\" class=\"ctabuy\" href=\"https:\/\/www.suavinex.com\/alimentacion-del-bebe\/vajilla-infantil\/canastilla-regalo-alimentacion-rosa\/p\/canastilla_go_natural_rs\">COMPRAR<\/a><\/div><\/div><\/li><\/ul><\/div>\n\n\n\n<p><strong>Fuentes:<\/strong><\/p>\n\n\n\n<p><a href=\"https:\/\/canalsalud.imq.es\/blog\/neofobia-alimentaria\">Neofobia alimentaria: qu\u00e9 es y c\u00f3mo tratarla (imq.es)<\/a><\/p>\n\n\n\n<p><a href=\"https:\/\/bebealamesa.com\/2021\/01\/18\/la-neofobia-alimentaria-infantil\/\">La neofobia alimentaria infantil &#8211; Beb\u00e9 a la mesa (bebealamesa.com)<\/a><\/p>\n\n\n<div class=\"wp-block-image\">\n<figure class=\"aligncenter size-full\"><a href=\"https:\/\/www.suavinex.com\/livingsuavinex\/registro-crm\/\"><img loading=\"lazy\" decoding=\"async\" width=\"690\" height=\"212\" src=\"https:\/\/www.suavinex.com\/livingsuavinex\/wp-content\/uploads\/2021\/11\/Suavinex-Newsletter.jpg\" alt=\"Suavinex Newsletter\" class=\"wp-image-42187\" srcset=\"https:\/\/www.suavinex.com\/livingsuavinex\/wp-content\/uploads\/2021\/11\/Suavinex-Newsletter.jpg 690w, https:\/\/www.suavinex.com\/livingsuavinex\/wp-content\/uploads\/2021\/11\/Suavinex-Newsletter-300x92.jpg 300w, https:\/\/www.suavinex.com\/livingsuavinex\/wp-content\/uploads\/2021\/11\/Suavinex-Newsletter-200x61.jpg 200w, https:\/\/www.suavinex.com\/livingsuavinex\/wp-content\/uploads\/2021\/11\/Suavinex-Newsletter-400x123.jpg 400w, https:\/\/www.suavinex.com\/livingsuavinex\/wp-content\/uploads\/2021\/11\/Suavinex-Newsletter-600x184.jpg 600w\" sizes=\"auto, (max-width: 690px) 100vw, 690px\" \/><\/a><\/figure><\/div>","protected":false},"excerpt":{"rendered":"Uno de los beneficios de la lactancia materna exclusiva, a pesar de sus inconvenientes y molestias que se puedan sufrir es que, en algunos aspectos, puede ser mucho m\u00e1s pr\u00e1ctica que lo que viene a continuaci\u00f3n.&nbsp; El inicio de la alimentaci\u00f3n complementaria es un momento crucial, no solo para poder&#8230; <a class=\"view-article\" href=\"https:\/\/www.suavinex.com\/livingsuavinex\/que-es-la-neofobia-alimentaria-infantil\/\">Ver art\u00edculo<\/a>","protected":false},"author":295,"featured_media":45182,"comment_status":"closed","ping_status":"closed","sticky":false,"template":"","format":"standard","meta":{"inline_featured_image":false,"footnotes":""},"categories":[2273],"tags":[],"class_list":["post-45181","post","type-post","status-publish","format-standard","has-post-thumbnail","hentry","category-alimentacion"],"yoast_head":"<!-- This site is optimized with the Yoast SEO plugin v26.8 - https:\/\/yoast.com\/product\/yoast-seo-wordpress\/ -->\n<title>\u00bfQu\u00e9 es la neofobia alimentaria infantil? | Living Suavinex<\/title>\n<meta name=\"description\" content=\"Un problema con el que te puedes encontrar cuando tu beb\u00e9 es m\u00e1s bien ya un ni\u00f1o o ni\u00f1a m\u00e1s mayor, es la neofobia alimentaria.\" \/>\n<meta name=\"robots\" content=\"index, follow, max-snippet:-1, max-image-preview:large, max-video-preview:-1\" \/>\n<link rel=\"canonical\" href=\"https:\/\/www.suavinex.com\/livingsuavinex\/que-es-la-neofobia-alimentaria-infantil\/\" \/>\n<meta property=\"og:locale\" content=\"es_ES\" \/>\n<meta property=\"og:type\" content=\"article\" \/>\n<meta property=\"og:title\" content=\"\u00bfQu\u00e9 es la neofobia alimentaria infantil? | Living Suavinex\" \/>\n<meta property=\"og:description\" content=\"Un problema con el que te puedes encontrar cuando tu beb\u00e9 es m\u00e1s bien ya un ni\u00f1o o ni\u00f1a m\u00e1s mayor, es la neofobia alimentaria.\" \/>\n<meta property=\"og:url\" content=\"https:\/\/www.suavinex.com\/livingsuavinex\/que-es-la-neofobia-alimentaria-infantil\/\" \/>\n<meta property=\"og:site_name\" content=\"Living Suavinex\" \/>\n<meta property=\"article:publisher\" content=\"https:\/\/www.facebook.com\/SuavinexSpain\" \/>\n<meta property=\"article:published_time\" content=\"2023-12-28T07:30:00+00:00\" \/>\n<meta property=\"og:image\" content=\"https:\/\/www.suavinex.com\/livingsuavinex\/wp-content\/uploads\/2023\/11\/neofobia-alimentaria-infantil.jpg\" \/>\n\t<meta property=\"og:image:width\" content=\"1200\" \/>\n\t<meta property=\"og:image:height\" content=\"800\" \/>\n\t<meta property=\"og:image:type\" content=\"image\/jpeg\" \/>\n<meta name=\"author\" content=\"Suavinex Central\" \/>\n<meta name=\"twitter:card\" content=\"summary_large_image\" \/>\n<meta name=\"twitter:creator\" content=\"@SuavinexSpain\" \/>\n<meta name=\"twitter:site\" content=\"@SuavinexSpain\" \/>\n<meta name=\"twitter:label1\" content=\"Escrito por\" \/>\n\t<meta name=\"twitter:data1\" content=\"Suavinex Central\" \/>\n\t<meta name=\"twitter:label2\" content=\"Tiempo de lectura\" \/>\n\t<meta name=\"twitter:data2\" content=\"6 minutos\" \/>\n<script type=\"application\/ld+json\" class=\"yoast-schema-graph\">{\"@context\":\"https:\/\/schema.org\",\"@graph\":[{\"@type\":\"Article\",\"@id\":\"https:\/\/www.suavinex.com\/livingsuavinex\/que-es-la-neofobia-alimentaria-infantil\/#article\",\"isPartOf\":{\"@id\":\"https:\/\/www.suavinex.com\/livingsuavinex\/que-es-la-neofobia-alimentaria-infantil\/\"},\"author\":{\"name\":\"Suavinex Central\",\"@id\":\"https:\/\/www.suavinex.com\/livingsuavinex\/#\/schema\/person\/836d83f4b1821b11b7b47cffd08f1ecb\"},\"headline\":\"\u00bfQu\u00e9 es la neofobia alimentaria infantil?\",\"datePublished\":\"2023-12-28T07:30:00+00:00\",\"mainEntityOfPage\":{\"@id\":\"https:\/\/www.suavinex.com\/livingsuavinex\/que-es-la-neofobia-alimentaria-infantil\/\"},\"wordCount\":1312,\"publisher\":{\"@id\":\"https:\/\/www.suavinex.com\/livingsuavinex\/#organization\"},\"image\":{\"@id\":\"https:\/\/www.suavinex.com\/livingsuavinex\/que-es-la-neofobia-alimentaria-infantil\/#primaryimage\"},\"thumbnailUrl\":\"https:\/\/www.suavinex.com\/livingsuavinex\/wp-content\/uploads\/2023\/11\/neofobia-alimentaria-infantil.jpg\",\"articleSection\":[\"Alimentaci\u00f3n\"],\"inLanguage\":\"es\"},{\"@type\":\"WebPage\",\"@id\":\"https:\/\/www.suavinex.com\/livingsuavinex\/que-es-la-neofobia-alimentaria-infantil\/\",\"url\":\"https:\/\/www.suavinex.com\/livingsuavinex\/que-es-la-neofobia-alimentaria-infantil\/\",\"name\":\"\u00bfQu\u00e9 es la neofobia alimentaria infantil? | Living Suavinex\",\"isPartOf\":{\"@id\":\"https:\/\/www.suavinex.com\/livingsuavinex\/#website\"},\"primaryImageOfPage\":{\"@id\":\"https:\/\/www.suavinex.com\/livingsuavinex\/que-es-la-neofobia-alimentaria-infantil\/#primaryimage\"},\"image\":{\"@id\":\"https:\/\/www.suavinex.com\/livingsuavinex\/que-es-la-neofobia-alimentaria-infantil\/#primaryimage\"},\"thumbnailUrl\":\"https:\/\/www.suavinex.com\/livingsuavinex\/wp-content\/uploads\/2023\/11\/neofobia-alimentaria-infantil.jpg\",\"datePublished\":\"2023-12-28T07:30:00+00:00\",\"description\":\"Un problema con el que te puedes encontrar cuando tu beb\u00e9 es m\u00e1s bien ya un ni\u00f1o o ni\u00f1a m\u00e1s mayor, es la neofobia alimentaria.\",\"breadcrumb\":{\"@id\":\"https:\/\/www.suavinex.com\/livingsuavinex\/que-es-la-neofobia-alimentaria-infantil\/#breadcrumb\"},\"inLanguage\":\"es\",\"potentialAction\":[{\"@type\":\"ReadAction\",\"target\":[\"https:\/\/www.suavinex.com\/livingsuavinex\/que-es-la-neofobia-alimentaria-infantil\/\"]}]},{\"@type\":\"ImageObject\",\"inLanguage\":\"es\",\"@id\":\"https:\/\/www.suavinex.com\/livingsuavinex\/que-es-la-neofobia-alimentaria-infantil\/#primaryimage\",\"url\":\"https:\/\/www.suavinex.com\/livingsuavinex\/wp-content\/uploads\/2023\/11\/neofobia-alimentaria-infantil.jpg\",\"contentUrl\":\"https:\/\/www.suavinex.com\/livingsuavinex\/wp-content\/uploads\/2023\/11\/neofobia-alimentaria-infantil.jpg\",\"width\":1200,\"height\":800,\"caption\":\"neofobia-alimentaria-infantil\"},{\"@type\":\"BreadcrumbList\",\"@id\":\"https:\/\/www.suavinex.com\/livingsuavinex\/que-es-la-neofobia-alimentaria-infantil\/#breadcrumb\",\"itemListElement\":[{\"@type\":\"ListItem\",\"position\":1,\"name\":\"Portada\",\"item\":\"https:\/\/www.suavinex.com\/livingsuavinex\/\"},{\"@type\":\"ListItem\",\"position\":2,\"name\":\"\u00bfQu\u00e9 es la neofobia alimentaria infantil?\"}]},{\"@type\":\"WebSite\",\"@id\":\"https:\/\/www.suavinex.com\/livingsuavinex\/#website\",\"url\":\"https:\/\/www.suavinex.com\/livingsuavinex\/\",\"name\":\"Living Suavinex\",\"description\":\"| Familias reales\",\"publisher\":{\"@id\":\"https:\/\/www.suavinex.com\/livingsuavinex\/#organization\"},\"potentialAction\":[{\"@type\":\"SearchAction\",\"target\":{\"@type\":\"EntryPoint\",\"urlTemplate\":\"https:\/\/www.suavinex.com\/livingsuavinex\/?s={search_term_string}\"},\"query-input\":{\"@type\":\"PropertyValueSpecification\",\"valueRequired\":true,\"valueName\":\"search_term_string\"}}],\"inLanguage\":\"es\"},{\"@type\":\"Organization\",\"@id\":\"https:\/\/www.suavinex.com\/livingsuavinex\/#organization\",\"name\":\"Suavinex\",\"url\":\"https:\/\/www.suavinex.com\/livingsuavinex\/\",\"logo\":{\"@type\":\"ImageObject\",\"inLanguage\":\"es\",\"@id\":\"https:\/\/www.suavinex.com\/livingsuavinex\/#\/schema\/logo\/image\/\",\"url\":\"https:\/\/www.suavinex.com\/livingsuavinex\/wp-content\/uploads\/2018\/07\/living_sx_logo_mvl.png\",\"contentUrl\":\"https:\/\/www.suavinex.com\/livingsuavinex\/wp-content\/uploads\/2018\/07\/living_sx_logo_mvl.png\",\"width\":350,\"height\":70,\"caption\":\"Suavinex\"},\"image\":{\"@id\":\"https:\/\/www.suavinex.com\/livingsuavinex\/#\/schema\/logo\/image\/\"},\"sameAs\":[\"https:\/\/www.facebook.com\/SuavinexSpain\",\"https:\/\/x.com\/SuavinexSpain\",\"https:\/\/www.instagram.com\/suavinex_spain\/\",\"https:\/\/www.pinterest.es\/SuavinexSpain\/\",\"https:\/\/www.youtube.com\/channel\/UCgeJREx2R_ZvV2aQMrfWgcA\"]},{\"@type\":\"Person\",\"@id\":\"https:\/\/www.suavinex.com\/livingsuavinex\/#\/schema\/person\/836d83f4b1821b11b7b47cffd08f1ecb\",\"name\":\"Suavinex Central\",\"image\":{\"@type\":\"ImageObject\",\"inLanguage\":\"es\",\"@id\":\"https:\/\/www.suavinex.com\/livingsuavinex\/#\/schema\/person\/image\/\",\"url\":\"https:\/\/secure.gravatar.com\/avatar\/bd43680b784882668035add29f959967?s=96&d=mm&r=g\",\"contentUrl\":\"https:\/\/secure.gravatar.com\/avatar\/bd43680b784882668035add29f959967?s=96&d=mm&r=g\",\"caption\":\"Suavinex Central\"}}]}<\/script>\n<!-- \/ Yoast SEO plugin. -->","yoast_head_json":{"title":"\u00bfQu\u00e9 es la neofobia alimentaria infantil? | Living Suavinex","description":"Un problema con el que te puedes encontrar cuando tu beb\u00e9 es m\u00e1s bien ya un ni\u00f1o o ni\u00f1a m\u00e1s mayor, es la neofobia alimentaria.","robots":{"index":"index","follow":"follow","max-snippet":"max-snippet:-1","max-image-preview":"max-image-preview:large","max-video-preview":"max-video-preview:-1"},"canonical":"https:\/\/www.suavinex.com\/livingsuavinex\/que-es-la-neofobia-alimentaria-infantil\/","og_locale":"es_ES","og_type":"article","og_title":"\u00bfQu\u00e9 es la neofobia alimentaria infantil? | Living Suavinex","og_description":"Un problema con el que te puedes encontrar cuando tu beb\u00e9 es m\u00e1s bien ya un ni\u00f1o o ni\u00f1a m\u00e1s mayor, es la neofobia alimentaria.","og_url":"https:\/\/www.suavinex.com\/livingsuavinex\/que-es-la-neofobia-alimentaria-infantil\/","og_site_name":"Living Suavinex","article_publisher":"https:\/\/www.facebook.com\/SuavinexSpain","article_published_time":"2023-12-28T07:30:00+00:00","og_image":[{"width":1200,"height":800,"url":"https:\/\/www.suavinex.com\/livingsuavinex\/wp-content\/uploads\/2023\/11\/neofobia-alimentaria-infantil.jpg","type":"image\/jpeg"}],"author":"Suavinex Central","twitter_card":"summary_large_image","twitter_creator":"@SuavinexSpain","twitter_site":"@SuavinexSpain","twitter_misc":{"Escrito por":"Suavinex Central","Tiempo de lectura":"6 minutos"},"schema":{"@context":"https:\/\/schema.org","@graph":[{"@type":"Article","@id":"https:\/\/www.suavinex.com\/livingsuavinex\/que-es-la-neofobia-alimentaria-infantil\/#article","isPartOf":{"@id":"https:\/\/www.suavinex.com\/livingsuavinex\/que-es-la-neofobia-alimentaria-infantil\/"},"author":{"name":"Suavinex Central","@id":"https:\/\/www.suavinex.com\/livingsuavinex\/#\/schema\/person\/836d83f4b1821b11b7b47cffd08f1ecb"},"headline":"\u00bfQu\u00e9 es la neofobia alimentaria infantil?","datePublished":"2023-12-28T07:30:00+00:00","mainEntityOfPage":{"@id":"https:\/\/www.suavinex.com\/livingsuavinex\/que-es-la-neofobia-alimentaria-infantil\/"},"wordCount":1312,"publisher":{"@id":"https:\/\/www.suavinex.com\/livingsuavinex\/#organization"},"image":{"@id":"https:\/\/www.suavinex.com\/livingsuavinex\/que-es-la-neofobia-alimentaria-infantil\/#primaryimage"},"thumbnailUrl":"https:\/\/www.suavinex.com\/livingsuavinex\/wp-content\/uploads\/2023\/11\/neofobia-alimentaria-infantil.jpg","articleSection":["Alimentaci\u00f3n"],"inLanguage":"es"},{"@type":"WebPage","@id":"https:\/\/www.suavinex.com\/livingsuavinex\/que-es-la-neofobia-alimentaria-infantil\/","url":"https:\/\/www.suavinex.com\/livingsuavinex\/que-es-la-neofobia-alimentaria-infantil\/","name":"\u00bfQu\u00e9 es la neofobia alimentaria infantil? | Living Suavinex","isPartOf":{"@id":"https:\/\/www.suavinex.com\/livingsuavinex\/#website"},"primaryImageOfPage":{"@id":"https:\/\/www.suavinex.com\/livingsuavinex\/que-es-la-neofobia-alimentaria-infantil\/#primaryimage"},"image":{"@id":"https:\/\/www.suavinex.com\/livingsuavinex\/que-es-la-neofobia-alimentaria-infantil\/#primaryimage"},"thumbnailUrl":"https:\/\/www.suavinex.com\/livingsuavinex\/wp-content\/uploads\/2023\/11\/neofobia-alimentaria-infantil.jpg","datePublished":"2023-12-28T07:30:00+00:00","description":"Un problema con el que te puedes encontrar cuando tu beb\u00e9 es m\u00e1s bien ya un ni\u00f1o o ni\u00f1a m\u00e1s mayor, es la neofobia alimentaria.","breadcrumb":{"@id":"https:\/\/www.suavinex.com\/livingsuavinex\/que-es-la-neofobia-alimentaria-infantil\/#breadcrumb"},"inLanguage":"es","potentialAction":[{"@type":"ReadAction","target":["https:\/\/www.suavinex.com\/livingsuavinex\/que-es-la-neofobia-alimentaria-infantil\/"]}]},{"@type":"ImageObject","inLanguage":"es","@id":"https:\/\/www.suavinex.com\/livingsuavinex\/que-es-la-neofobia-alimentaria-infantil\/#primaryimage","url":"https:\/\/www.suavinex.com\/livingsuavinex\/wp-content\/uploads\/2023\/11\/neofobia-alimentaria-infantil.jpg","contentUrl":"https:\/\/www.suavinex.com\/livingsuavinex\/wp-content\/uploads\/2023\/11\/neofobia-alimentaria-infantil.jpg","width":1200,"height":800,"caption":"neofobia-alimentaria-infantil"},{"@type":"BreadcrumbList","@id":"https:\/\/www.suavinex.com\/livingsuavinex\/que-es-la-neofobia-alimentaria-infantil\/#breadcrumb","itemListElement":[{"@type":"ListItem","position":1,"name":"Portada","item":"https:\/\/www.suavinex.com\/livingsuavinex\/"},{"@type":"ListItem","position":2,"name":"\u00bfQu\u00e9 es la neofobia alimentaria infantil?"}]},{"@type":"WebSite","@id":"https:\/\/www.suavinex.com\/livingsuavinex\/#website","url":"https:\/\/www.suavinex.com\/livingsuavinex\/","name":"Living Suavinex","description":"| Familias reales","publisher":{"@id":"https:\/\/www.suavinex.com\/livingsuavinex\/#organization"},"potentialAction":[{"@type":"SearchAction","target":{"@type":"EntryPoint","urlTemplate":"https:\/\/www.suavinex.com\/livingsuavinex\/?s={search_term_string}"},"query-input":{"@type":"PropertyValueSpecification","valueRequired":true,"valueName":"search_term_string"}}],"inLanguage":"es"},{"@type":"Organization","@id":"https:\/\/www.suavinex.com\/livingsuavinex\/#organization","name":"Suavinex","url":"https:\/\/www.suavinex.com\/livingsuavinex\/","logo":{"@type":"ImageObject","inLanguage":"es","@id":"https:\/\/www.suavinex.com\/livingsuavinex\/#\/schema\/logo\/image\/","url":"https:\/\/www.suavinex.com\/livingsuavinex\/wp-content\/uploads\/2018\/07\/living_sx_logo_mvl.png","contentUrl":"https:\/\/www.suavinex.com\/livingsuavinex\/wp-content\/uploads\/2018\/07\/living_sx_logo_mvl.png","width":350,"height":70,"caption":"Suavinex"},"image":{"@id":"https:\/\/www.suavinex.com\/livingsuavinex\/#\/schema\/logo\/image\/"},"sameAs":["https:\/\/www.facebook.com\/SuavinexSpain","https:\/\/x.com\/SuavinexSpain","https:\/\/www.instagram.com\/suavinex_spain\/","https:\/\/www.pinterest.es\/SuavinexSpain\/","https:\/\/www.youtube.com\/channel\/UCgeJREx2R_ZvV2aQMrfWgcA"]},{"@type":"Person","@id":"https:\/\/www.suavinex.com\/livingsuavinex\/#\/schema\/person\/836d83f4b1821b11b7b47cffd08f1ecb","name":"Suavinex Central","image":{"@type":"ImageObject","inLanguage":"es","@id":"https:\/\/www.suavinex.com\/livingsuavinex\/#\/schema\/person\/image\/","url":"https:\/\/secure.gravatar.com\/avatar\/bd43680b784882668035add29f959967?s=96&d=mm&r=g","contentUrl":"https:\/\/secure.gravatar.com\/avatar\/bd43680b784882668035add29f959967?s=96&d=mm&r=g","caption":"Suavinex Central"}}]}},"_links":{"self":[{"href":"https:\/\/www.suavinex.com\/livingsuavinex\/wp-json\/wp\/v2\/posts\/45181","targetHints":{"allow":["GET"]}}],"collection":[{"href":"https:\/\/www.suavinex.com\/livingsuavinex\/wp-json\/wp\/v2\/posts"}],"about":[{"href":"https:\/\/www.suavinex.com\/livingsuavinex\/wp-json\/wp\/v2\/types\/post"}],"author":[{"embeddable":true,"href":"https:\/\/www.suavinex.com\/livingsuavinex\/wp-json\/wp\/v2\/users\/295"}],"replies":[{"embeddable":true,"href":"https:\/\/www.suavinex.com\/livingsuavinex\/wp-json\/wp\/v2\/comments?post=45181"}],"version-history":[{"count":2,"href":"https:\/\/www.suavinex.com\/livingsuavinex\/wp-json\/wp\/v2\/posts\/45181\/revisions"}],"predecessor-version":[{"id":45184,"href":"https:\/\/www.suavinex.com\/livingsuavinex\/wp-json\/wp\/v2\/posts\/45181\/revisions\/45184"}],"wp:featuredmedia":[{"embeddable":true,"href":"https:\/\/www.suavinex.com\/livingsuavinex\/wp-json\/wp\/v2\/media\/45182"}],"wp:attachment":[{"href":"https:\/\/www.suavinex.com\/livingsuavinex\/wp-json\/wp\/v2\/media?parent=45181"}],"wp:term":[{"taxonomy":"category","embeddable":true,"href":"https:\/\/www.suavinex.com\/livingsuavinex\/wp-json\/wp\/v2\/categories?post=45181"},{"taxonomy":"post_tag","embeddable":true,"href":"https:\/\/www.suavinex.com\/livingsuavinex\/wp-json\/wp\/v2\/tags?post=45181"}],"curies":[{"name":"wp","href":"https:\/\/api.w.org\/{rel}","templated":true}]}}