{"id":44909,"date":"2023-10-19T08:30:00","date_gmt":"2023-10-19T06:30:00","guid":{"rendered":"https:\/\/www.suavinex.com\/livingsuavinex\/?p=44909"},"modified":"2023-09-26T18:26:38","modified_gmt":"2023-09-26T16:26:38","slug":"que-es-el-sindrome-de-raynaud-en-la-lactancia-materna","status":"publish","type":"post","link":"https:\/\/www.suavinex.com\/livingsuavinex\/que-es-el-sindrome-de-raynaud-en-la-lactancia-materna\/","title":{"rendered":"\u00bfQu\u00e9 es el s\u00edndrome de Raynaud en la lactancia materna?"},"content":{"rendered":"\n<p><strong>Dar el pecho<\/strong> es un proceso hermoso y natural y los <a href=\"https:\/\/www.suavinex.com\/livingsuavinex\/beneficios-lactancia-materna\/\"><strong>beneficios de la lactancia materna<\/strong><\/a> son innumerables tanto para la madre como para el beb\u00e9. Sin embargo, algunas mujeres pueden enfrentar desaf\u00edos inesperados durante este per\u00edodo, y uno de ellos es el <strong>s\u00edndrome de Raynaud en lactancia<\/strong>.<\/p>\n\n\n\n<p>Este s\u00edndrome es relativamente poco conocido, pero puede ser doloroso y angustiante para las madres que lo experimentan. En este art\u00edculo, te contaremos todo lo que tienes que saber sobre el s\u00edndrome de Raynaud en la <a href=\"https:\/\/www.suavinex.com\/disfrutomilactancia\">lactancia materna<\/a>.\u00a0<\/p>\n\n\n\n<h2 class=\"wp-block-heading\">\u00bfQu\u00e9 es el s\u00edndrome de Raynaud?<\/h2>\n\n\n\n<p>Se trata de una condici\u00f3n m\u00e9dica que afecta a los vasos sangu\u00edneos de las extremidades, como los dedos de las manos y de los pies, las orejas y la nariz. Se caracteriza por episodios de palidez, <a href=\"https:\/\/www.suavinex.com\/livingsuavinex\/cianosis-por-que-mi-bebe-tiene-las-unas-azules\/\"><strong>cianosis<\/strong><\/a> (coloraci\u00f3n azulada) y rubor (enrojecimiento) de la piel, causados por una disminuci\u00f3n del flujo sangu\u00edneo debido a una contracci\u00f3n excesiva de las arterias. Posteriormente, a medida que el flujo sangu\u00edneo se restablece, la zona puede volverse roja, dolorosa y sensible.<\/p>\n\n\n\n<p>El <strong>s\u00edndrome de Raynaud en lactancia<\/strong> se manifiesta en los pezones. Las madres que lo experimentan pueden sufrir dolor intenso, sensaci\u00f3n de ardor o entumecimiento en los pezones durante o despu\u00e9s de dar el pecho a sus beb\u00e9s. Esto puede dificultar el mantenimiento de una lactancia materna exitosa y satisfactoria, as\u00ed como <strong>afectar al bienestar emocional<\/strong> de la madre y del beb\u00e9.<\/p>\n\n\n\n<h2 class=\"wp-block-heading\">\u00bfQu\u00e9 puede causar el s\u00edndrome de Raynaud en la lactancia materna?<\/h2>\n\n\n\n<p>No se conoce con exactitud la <strong>causa del s\u00edndrome de Raynaud<\/strong>, pero se cree que est\u00e1 relacionado con una alteraci\u00f3n del sistema nervioso simp\u00e1tico, que regula la respuesta del organismo al fr\u00edo y al estr\u00e9s. En el caso de la aparici\u00f3n de este s\u00edndrome durante la lactancia, la hip\u00f3tesis es que tiene que ver con la <strong>respuesta del sistema vascular<\/strong> a la estimulaci\u00f3n del pez\u00f3n cuando el beb\u00e9 amamanta.<\/p>\n\n\n\n<p>Algunos de los factores que pueden contribuir a la aparici\u00f3n de este s\u00edndrome son:<\/p>\n\n\n\n<ol class=\"wp-block-list\">\n<li><strong>Succi\u00f3n ineficaz del beb\u00e9<\/strong>: La compresi\u00f3n repetida de los conductos de leche que se produce a veces cuando el beb\u00e9 se prende al pecho y succiona, puede causar una restricci\u00f3n del flujo sangu\u00edneo en los pezones y desencadenar los s\u00edntomas del s\u00edndrome de Raynaud en el pez\u00f3n.<\/li>\n\n\n\n<li><strong>Exposici\u00f3n al fr\u00edo:<\/strong> La exposici\u00f3n al fr\u00edo, ya sea ambiental o a trav\u00e9s de la aplicaci\u00f3n de paquetes de hielo en los pezones, puede desencadenar o empeorar los s\u00edntomas.<\/li>\n\n\n\n<li><strong>Estr\u00e9s y ansiedad:<\/strong> El estr\u00e9s y la ansiedad pueden afectar la circulaci\u00f3n sangu\u00ednea.<\/li>\n\n\n\n<li><strong>Problemas anat\u00f3micos:<\/strong> En algunos casos, las madres pueden tener diferencias anat\u00f3micas en los conductos de leche o en los pezones que predisponen al desarrollo de este s\u00edndrome.<\/li>\n\n\n\n<li><strong>Uso de tabaco o cafe\u00edna:<\/strong> El tabaco y la cafe\u00edna pueden afectar la circulaci\u00f3n sangu\u00ednea y aumentar el riesgo de s\u00edndrome de Raynaud.<\/li>\n\n\n\n<li><strong>Traumatismos del pez\u00f3n<\/strong>: La presencia de grietas en el pez\u00f3n, heridas o infecciones como la candidiasis o la <a href=\"https:\/\/www.suavinex.com\/livingsuavinex\/lactancia-materna-mastitis\/\">mastitis en la lactancia<\/a>.<\/li>\n\n\n\n<li><a href=\"https:\/\/www.suavinex.com\/livingsuavinex\/como-usar-el-sacaleches\/\"><strong>Usar sacaleches<\/strong><\/a> o pezoneras de forma incorrecta o sujetadores demasiado ajustados. Nuestro <a href=\"https:\/\/www.suavinex.com\/lactancia-materna\/sacaleches-y-extractores-de-leche\/set-de-lactancia-con-extractor-manual-zero-zero\/p\/set_lactancia_extractor_zero\">Set de lactancia con extractor manual Zero Zero<\/a> de Suavinex te ayudar\u00e1 a <a href=\"https:\/\/www.suavinex.com\/livingsuavinex\/como-recolectar-y-almacenar-leche-materna\/\">recolectar y almacenar la leche materna<\/a> con el mayor cuidado posible.<\/li>\n<\/ol>\n\n\n<div class=\"wp-block-image\">\n<figure class=\"aligncenter size-full\"><a href=\"https:\/\/www.suavinex.com\/lactancia-materna\/sacaleches-y-extractores-de-leche\/set-de-lactancia-con-extractor-manual-zero-zero\/p\/set_lactancia_extractor_zero\"><img loading=\"lazy\" decoding=\"async\" width=\"700\" height=\"300\" src=\"https:\/\/www.suavinex.com\/livingsuavinex\/wp-content\/uploads\/2023\/04\/Set-de-Lactancia-con-Extractor-Manual-Zero-Zero.jpg\" alt=\"Set de Lactancia con Extractor Manual Zero Zero\" class=\"wp-image-43809\" srcset=\"https:\/\/www.suavinex.com\/livingsuavinex\/wp-content\/uploads\/2023\/04\/Set-de-Lactancia-con-Extractor-Manual-Zero-Zero.jpg 700w, https:\/\/www.suavinex.com\/livingsuavinex\/wp-content\/uploads\/2023\/04\/Set-de-Lactancia-con-Extractor-Manual-Zero-Zero-300x129.jpg 300w, https:\/\/www.suavinex.com\/livingsuavinex\/wp-content\/uploads\/2023\/04\/Set-de-Lactancia-con-Extractor-Manual-Zero-Zero-200x86.jpg 200w, https:\/\/www.suavinex.com\/livingsuavinex\/wp-content\/uploads\/2023\/04\/Set-de-Lactancia-con-Extractor-Manual-Zero-Zero-400x171.jpg 400w, https:\/\/www.suavinex.com\/livingsuavinex\/wp-content\/uploads\/2023\/04\/Set-de-Lactancia-con-Extractor-Manual-Zero-Zero-600x257.jpg 600w\" sizes=\"auto, (max-width: 700px) 100vw, 700px\" \/><\/a><\/figure><\/div>\n\n\n<h2 class=\"wp-block-heading\">\u00bfCu\u00e1nto tiempo dura el s\u00edndrome de Raynaud?<\/h2>\n\n\n\n<p>En general, los episodios suelen durar entre unos minutos y unas horas, y pueden repetirse varias veces al d\u00eda o con menor frecuencia, pero cada caso es diferente.&nbsp;<\/p>\n\n\n\n<p><strong>En el caso de las madres lactantes<\/strong>, el s\u00edndrome de Raynaud y lactancia suele manifestarse durante o despu\u00e9s de cada toma del beb\u00e9, y puede durar desde unos segundos hasta media hora. El dolor suele ser m\u00e1s intenso al inicio y al final de la lactancia.<\/p>\n\n\n\n<p>En algunos casos, los s\u00edntomas pueden ser temporales y desaparecer despu\u00e9s de un corto per\u00edodo de tiempo, mientras que en otros casos, pueden persistir durante toda la etapa de lactancia.<\/p>\n\n\n\n<h1 class=\"wp-block-heading\">\u00bfQu\u00e9 se recomienda para tratar el s\u00edndrome de Raynaud en <s>la<\/s> lactancia materna?<\/h1>\n\n\n\n<p>Podemos darte algunas recomendaciones si est\u00e1s experimentando s\u00edntomas de s\u00edndrome de Raynaud en la lactancia, el tratamiento adecuado siempre te lo dar\u00e1 un profesional de la salud, siempre debes tenerlo en cuenta. Dar el pecho no deber\u00eda ser doloroso, por lo que es importante que acudas inmediatamente a tu m\u00e9dico para plantearle tu situaci\u00f3n.&nbsp;<\/p>\n\n\n\n<ol class=\"wp-block-list\">\n<li><strong>Asegura un buen agarre:<\/strong> Aseg\u00farate de que tu beb\u00e9 est\u00e9 bien prendido al pecho para minimizar la compresi\u00f3n de los conductos de leche.<\/li>\n\n\n\n<li><strong>Mant\u00e9n los pezones calientes:<\/strong> Usar protectores de pezones, prendas de vestir adecuadas y mantener los pezones calientes puede ayudar a prevenir la constricci\u00f3n de los vasos sangu\u00edneos.<\/li>\n\n\n\n<li><strong>Evita la exposici\u00f3n al fr\u00edo:<\/strong> Siempre que sea posible, evita la exposici\u00f3n al fr\u00edo durante la lactancia. Esto incluye mantener los pezones secos y c\u00e1lidos despu\u00e9s de amamantar.<\/li>\n\n\n\n<li><strong>Manejo del estr\u00e9s:<\/strong> Practicar t\u00e9cnicas de manejo del estr\u00e9s, como la meditaci\u00f3n o la respiraci\u00f3n profunda, puede ayudar a reducir la frecuencia y la gravedad de los episodios de s\u00edndrome de Raynaud.<\/li>\n\n\n\n<li><strong>Considera la suspensi\u00f3n temporal de la lactancia:<\/strong> En casos graves y persistentes, es posible que se deba considerar la suspensi\u00f3n temporal de la lactancia materna y el uso de <a href=\"https:\/\/www.suavinex.com\/livingsuavinex\/leches-de-formula\/\">leche de f\u00f3rmula<\/a> mientras se abordan los s\u00edntomas. Esta decisi\u00f3n debe tomarse en consulta con un profesional de la salud. La<a href=\"https:\/\/www.suavinex.com\/livingsuavinex\/lactancia-mixta\/\"> lactancia mixta<\/a> puede ayudarte a evitar episodios de s\u00edndrome Raynaud en pez\u00f3n.<\/li>\n\n\n\n<li><a href=\"https:\/\/www.suavinex.com\/livingsuavinex\/consejos-cuidar-pecho\/\"><strong>Cuidado del pecho<\/strong><\/a>. Se debe lavar los pezones con agua tibia y sin jab\u00f3n, y secarlos bien despu\u00e9s de cada toma. Se puede aplicar unas gotas de leche materna o una crema hidratante espec\u00edfica para los pezones como la <a href=\"https:\/\/www.suavinex.com\/bano-y-cuidado-del-bebe\/cosmetica-mama\/balsamo-pezon-30ml\/p\/000000000000308865\">crema para pez\u00f3n en lactancia 20ml<\/a> de Suavinex.&nbsp;<\/li>\n<\/ol>\n\n\n<div class=\"wp-block-image\">\n<figure class=\"aligncenter size-full\"><a href=\"https:\/\/www.suavinex.com\/bano-y-cuidado-del-bebe\/cosmetica-mama\/balsamo-pezon-30ml\/p\/000000000000308865\"><img loading=\"lazy\" decoding=\"async\" width=\"700\" height=\"300\" src=\"https:\/\/www.suavinex.com\/livingsuavinex\/wp-content\/uploads\/2021\/09\/crema-para-pezon-en-lactancia-20-ml.jpg\" alt=\"crema para pezon en lactancia 20 ml\" class=\"wp-image-42032\" srcset=\"https:\/\/www.suavinex.com\/livingsuavinex\/wp-content\/uploads\/2021\/09\/crema-para-pezon-en-lactancia-20-ml.jpg 700w, https:\/\/www.suavinex.com\/livingsuavinex\/wp-content\/uploads\/2021\/09\/crema-para-pezon-en-lactancia-20-ml-300x129.jpg 300w, https:\/\/www.suavinex.com\/livingsuavinex\/wp-content\/uploads\/2021\/09\/crema-para-pezon-en-lactancia-20-ml-200x86.jpg 200w, https:\/\/www.suavinex.com\/livingsuavinex\/wp-content\/uploads\/2021\/09\/crema-para-pezon-en-lactancia-20-ml-400x171.jpg 400w, https:\/\/www.suavinex.com\/livingsuavinex\/wp-content\/uploads\/2021\/09\/crema-para-pezon-en-lactancia-20-ml-600x257.jpg 600w\" sizes=\"auto, (max-width: 700px) 100vw, 700px\" \/><\/a><\/figure><\/div>\n\n\n<p>El tratamiento del <strong>s\u00edndrome de Raynaud en la lactancia<\/strong> materna tiene como objetivo prevenir y aliviar los episodios, as\u00ed como favorecer una lactancia materna \u00f3ptima.&nbsp;<\/p>\n\n\n\n<p>El <strong>s\u00edndrome de Raynaud en la lactancia<\/strong> es una condici\u00f3n que puede afectar a la calidad de vida de las madres y los beb\u00e9s, pero que tiene soluci\u00f3n con un diagn\u00f3stico adecuado y un tratamiento personalizado. Solo en casos muy extremos ser\u00e1 necesario optar por la <a href=\"https:\/\/www.suavinex.com\/livingsuavinex\/ventajas-de-la-lactancia-artificial\/\">lactancia artificial<\/a> de forma permanente.<\/p>\n\n\n\n<p><strong>Fuentes:&nbsp;<\/strong><\/p>\n\n\n\n<p><a href=\"http:\/\/albalactanciamaterna.org\/lactancia\/tema-2-como-superar-dificultades\/sindrome-de-raynaud\/\">S\u00edndrome de Raynaud \u2013 Alba Lactancia Materna<\/a><\/p>\n\n\n\n<p><a href=\"https:\/\/www.criarconsentidocomun.com\/el-sindrome-de-raynaud-cuando-la-lactancia-materna-duele\/\">El s\u00edndrome de Raynaud: Cuando la lactancia materna duele \u2013 Crianza con Sentido Com\u00fan<\/a><\/p>\n\n\n<div class=\"wp-block-image\">\n<figure class=\"aligncenter size-full\"><a href=\"https:\/\/www.suavinex.com\/livingsuavinex\/registro-crm\/\"><img loading=\"lazy\" decoding=\"async\" width=\"690\" height=\"212\" src=\"https:\/\/www.suavinex.com\/livingsuavinex\/wp-content\/uploads\/2021\/11\/Suavinex-Newsletter.jpg\" alt=\"Suavinex Newsletter\" class=\"wp-image-42187\" srcset=\"https:\/\/www.suavinex.com\/livingsuavinex\/wp-content\/uploads\/2021\/11\/Suavinex-Newsletter.jpg 690w, https:\/\/www.suavinex.com\/livingsuavinex\/wp-content\/uploads\/2021\/11\/Suavinex-Newsletter-300x92.jpg 300w, https:\/\/www.suavinex.com\/livingsuavinex\/wp-content\/uploads\/2021\/11\/Suavinex-Newsletter-200x61.jpg 200w, https:\/\/www.suavinex.com\/livingsuavinex\/wp-content\/uploads\/2021\/11\/Suavinex-Newsletter-400x123.jpg 400w, https:\/\/www.suavinex.com\/livingsuavinex\/wp-content\/uploads\/2021\/11\/Suavinex-Newsletter-600x184.jpg 600w\" sizes=\"auto, (max-width: 690px) 100vw, 690px\" \/><\/a><\/figure><\/div>","protected":false},"excerpt":{"rendered":"Dar el pecho es un proceso hermoso y natural y los beneficios de la lactancia materna son innumerables tanto para la madre como para el beb\u00e9. Sin embargo, algunas mujeres pueden enfrentar desaf\u00edos inesperados durante este per\u00edodo, y uno de ellos es el s\u00edndrome de Raynaud en lactancia. Este s\u00edndrome&#8230; <a class=\"view-article\" href=\"https:\/\/www.suavinex.com\/livingsuavinex\/que-es-el-sindrome-de-raynaud-en-la-lactancia-materna\/\">Ver art\u00edculo<\/a>","protected":false},"author":295,"featured_media":44910,"comment_status":"closed","ping_status":"closed","sticky":false,"template":"","format":"standard","meta":{"inline_featured_image":false,"footnotes":""},"categories":[2272],"tags":[],"class_list":["post-44909","post","type-post","status-publish","format-standard","has-post-thumbnail","hentry","category-tips-crianza"],"yoast_head":"<!-- This site is optimized with the Yoast SEO plugin v26.8 - https:\/\/yoast.com\/product\/yoast-seo-wordpress\/ -->\n<title>\u00bfQu\u00e9 es el s\u00edndrome de Raynaud en la lactancia materna? | Living Suavinex<\/title>\n<meta name=\"description\" content=\"Este s\u00edndrome es relativamente poco conocido, pero puede ser doloroso y angustiante para las madres que lo experimentan.\" \/>\n<meta name=\"robots\" content=\"index, follow, max-snippet:-1, max-image-preview:large, max-video-preview:-1\" \/>\n<link rel=\"canonical\" href=\"https:\/\/www.suavinex.com\/livingsuavinex\/que-es-el-sindrome-de-raynaud-en-la-lactancia-materna\/\" \/>\n<meta property=\"og:locale\" content=\"es_ES\" \/>\n<meta property=\"og:type\" content=\"article\" \/>\n<meta property=\"og:title\" content=\"\u00bfQu\u00e9 es el s\u00edndrome de Raynaud en la lactancia materna? | Living Suavinex\" \/>\n<meta property=\"og:description\" content=\"Este s\u00edndrome es relativamente poco conocido, pero puede ser doloroso y angustiante para las madres que lo experimentan.\" \/>\n<meta property=\"og:url\" content=\"https:\/\/www.suavinex.com\/livingsuavinex\/que-es-el-sindrome-de-raynaud-en-la-lactancia-materna\/\" \/>\n<meta property=\"og:site_name\" content=\"Living Suavinex\" \/>\n<meta property=\"article:publisher\" content=\"https:\/\/www.facebook.com\/SuavinexSpain\" \/>\n<meta property=\"article:published_time\" content=\"2023-10-19T06:30:00+00:00\" \/>\n<meta property=\"og:image\" content=\"https:\/\/www.suavinex.com\/livingsuavinex\/wp-content\/uploads\/2023\/09\/sindrome-raynaud-lactancia.jpg\" \/>\n\t<meta property=\"og:image:width\" content=\"1200\" \/>\n\t<meta property=\"og:image:height\" content=\"800\" \/>\n\t<meta property=\"og:image:type\" content=\"image\/jpeg\" \/>\n<meta name=\"author\" content=\"Suavinex Central\" \/>\n<meta name=\"twitter:card\" content=\"summary_large_image\" \/>\n<meta name=\"twitter:creator\" content=\"@SuavinexSpain\" \/>\n<meta name=\"twitter:site\" content=\"@SuavinexSpain\" \/>\n<meta name=\"twitter:label1\" content=\"Escrito por\" \/>\n\t<meta name=\"twitter:data1\" content=\"Suavinex Central\" \/>\n\t<meta name=\"twitter:label2\" content=\"Tiempo de lectura\" \/>\n\t<meta name=\"twitter:data2\" content=\"6 minutos\" \/>\n<script type=\"application\/ld+json\" class=\"yoast-schema-graph\">{\"@context\":\"https:\/\/schema.org\",\"@graph\":[{\"@type\":\"Article\",\"@id\":\"https:\/\/www.suavinex.com\/livingsuavinex\/que-es-el-sindrome-de-raynaud-en-la-lactancia-materna\/#article\",\"isPartOf\":{\"@id\":\"https:\/\/www.suavinex.com\/livingsuavinex\/que-es-el-sindrome-de-raynaud-en-la-lactancia-materna\/\"},\"author\":{\"name\":\"Suavinex Central\",\"@id\":\"https:\/\/www.suavinex.com\/livingsuavinex\/#\/schema\/person\/836d83f4b1821b11b7b47cffd08f1ecb\"},\"headline\":\"\u00bfQu\u00e9 es el s\u00edndrome de Raynaud en la lactancia materna?\",\"datePublished\":\"2023-10-19T06:30:00+00:00\",\"mainEntityOfPage\":{\"@id\":\"https:\/\/www.suavinex.com\/livingsuavinex\/que-es-el-sindrome-de-raynaud-en-la-lactancia-materna\/\"},\"wordCount\":1144,\"publisher\":{\"@id\":\"https:\/\/www.suavinex.com\/livingsuavinex\/#organization\"},\"image\":{\"@id\":\"https:\/\/www.suavinex.com\/livingsuavinex\/que-es-el-sindrome-de-raynaud-en-la-lactancia-materna\/#primaryimage\"},\"thumbnailUrl\":\"https:\/\/www.suavinex.com\/livingsuavinex\/wp-content\/uploads\/2023\/09\/sindrome-raynaud-lactancia.jpg\",\"articleSection\":[\"Tips de crianza\"],\"inLanguage\":\"es\"},{\"@type\":\"WebPage\",\"@id\":\"https:\/\/www.suavinex.com\/livingsuavinex\/que-es-el-sindrome-de-raynaud-en-la-lactancia-materna\/\",\"url\":\"https:\/\/www.suavinex.com\/livingsuavinex\/que-es-el-sindrome-de-raynaud-en-la-lactancia-materna\/\",\"name\":\"\u00bfQu\u00e9 es el s\u00edndrome de Raynaud en la lactancia materna? | Living Suavinex\",\"isPartOf\":{\"@id\":\"https:\/\/www.suavinex.com\/livingsuavinex\/#website\"},\"primaryImageOfPage\":{\"@id\":\"https:\/\/www.suavinex.com\/livingsuavinex\/que-es-el-sindrome-de-raynaud-en-la-lactancia-materna\/#primaryimage\"},\"image\":{\"@id\":\"https:\/\/www.suavinex.com\/livingsuavinex\/que-es-el-sindrome-de-raynaud-en-la-lactancia-materna\/#primaryimage\"},\"thumbnailUrl\":\"https:\/\/www.suavinex.com\/livingsuavinex\/wp-content\/uploads\/2023\/09\/sindrome-raynaud-lactancia.jpg\",\"datePublished\":\"2023-10-19T06:30:00+00:00\",\"description\":\"Este s\u00edndrome es relativamente poco conocido, pero puede ser doloroso y angustiante para las madres que lo experimentan.\",\"breadcrumb\":{\"@id\":\"https:\/\/www.suavinex.com\/livingsuavinex\/que-es-el-sindrome-de-raynaud-en-la-lactancia-materna\/#breadcrumb\"},\"inLanguage\":\"es\",\"potentialAction\":[{\"@type\":\"ReadAction\",\"target\":[\"https:\/\/www.suavinex.com\/livingsuavinex\/que-es-el-sindrome-de-raynaud-en-la-lactancia-materna\/\"]}]},{\"@type\":\"ImageObject\",\"inLanguage\":\"es\",\"@id\":\"https:\/\/www.suavinex.com\/livingsuavinex\/que-es-el-sindrome-de-raynaud-en-la-lactancia-materna\/#primaryimage\",\"url\":\"https:\/\/www.suavinex.com\/livingsuavinex\/wp-content\/uploads\/2023\/09\/sindrome-raynaud-lactancia.jpg\",\"contentUrl\":\"https:\/\/www.suavinex.com\/livingsuavinex\/wp-content\/uploads\/2023\/09\/sindrome-raynaud-lactancia.jpg\",\"width\":1200,\"height\":800,\"caption\":\"sindrome-raynaud-lactancia\"},{\"@type\":\"BreadcrumbList\",\"@id\":\"https:\/\/www.suavinex.com\/livingsuavinex\/que-es-el-sindrome-de-raynaud-en-la-lactancia-materna\/#breadcrumb\",\"itemListElement\":[{\"@type\":\"ListItem\",\"position\":1,\"name\":\"Portada\",\"item\":\"https:\/\/www.suavinex.com\/livingsuavinex\/\"},{\"@type\":\"ListItem\",\"position\":2,\"name\":\"\u00bfQu\u00e9 es el s\u00edndrome de Raynaud en la lactancia materna?\"}]},{\"@type\":\"WebSite\",\"@id\":\"https:\/\/www.suavinex.com\/livingsuavinex\/#website\",\"url\":\"https:\/\/www.suavinex.com\/livingsuavinex\/\",\"name\":\"Living Suavinex\",\"description\":\"| Familias reales\",\"publisher\":{\"@id\":\"https:\/\/www.suavinex.com\/livingsuavinex\/#organization\"},\"potentialAction\":[{\"@type\":\"SearchAction\",\"target\":{\"@type\":\"EntryPoint\",\"urlTemplate\":\"https:\/\/www.suavinex.com\/livingsuavinex\/?s={search_term_string}\"},\"query-input\":{\"@type\":\"PropertyValueSpecification\",\"valueRequired\":true,\"valueName\":\"search_term_string\"}}],\"inLanguage\":\"es\"},{\"@type\":\"Organization\",\"@id\":\"https:\/\/www.suavinex.com\/livingsuavinex\/#organization\",\"name\":\"Suavinex\",\"url\":\"https:\/\/www.suavinex.com\/livingsuavinex\/\",\"logo\":{\"@type\":\"ImageObject\",\"inLanguage\":\"es\",\"@id\":\"https:\/\/www.suavinex.com\/livingsuavinex\/#\/schema\/logo\/image\/\",\"url\":\"https:\/\/www.suavinex.com\/livingsuavinex\/wp-content\/uploads\/2018\/07\/living_sx_logo_mvl.png\",\"contentUrl\":\"https:\/\/www.suavinex.com\/livingsuavinex\/wp-content\/uploads\/2018\/07\/living_sx_logo_mvl.png\",\"width\":350,\"height\":70,\"caption\":\"Suavinex\"},\"image\":{\"@id\":\"https:\/\/www.suavinex.com\/livingsuavinex\/#\/schema\/logo\/image\/\"},\"sameAs\":[\"https:\/\/www.facebook.com\/SuavinexSpain\",\"https:\/\/x.com\/SuavinexSpain\",\"https:\/\/www.instagram.com\/suavinex_spain\/\",\"https:\/\/www.pinterest.es\/SuavinexSpain\/\",\"https:\/\/www.youtube.com\/channel\/UCgeJREx2R_ZvV2aQMrfWgcA\"]},{\"@type\":\"Person\",\"@id\":\"https:\/\/www.suavinex.com\/livingsuavinex\/#\/schema\/person\/836d83f4b1821b11b7b47cffd08f1ecb\",\"name\":\"Suavinex Central\",\"image\":{\"@type\":\"ImageObject\",\"inLanguage\":\"es\",\"@id\":\"https:\/\/www.suavinex.com\/livingsuavinex\/#\/schema\/person\/image\/\",\"url\":\"https:\/\/secure.gravatar.com\/avatar\/bd43680b784882668035add29f959967?s=96&d=mm&r=g\",\"contentUrl\":\"https:\/\/secure.gravatar.com\/avatar\/bd43680b784882668035add29f959967?s=96&d=mm&r=g\",\"caption\":\"Suavinex Central\"}}]}<\/script>\n<!-- \/ Yoast SEO plugin. -->","yoast_head_json":{"title":"\u00bfQu\u00e9 es el s\u00edndrome de Raynaud en la lactancia materna? | Living Suavinex","description":"Este s\u00edndrome es relativamente poco conocido, pero puede ser doloroso y angustiante para las madres que lo experimentan.","robots":{"index":"index","follow":"follow","max-snippet":"max-snippet:-1","max-image-preview":"max-image-preview:large","max-video-preview":"max-video-preview:-1"},"canonical":"https:\/\/www.suavinex.com\/livingsuavinex\/que-es-el-sindrome-de-raynaud-en-la-lactancia-materna\/","og_locale":"es_ES","og_type":"article","og_title":"\u00bfQu\u00e9 es el s\u00edndrome de Raynaud en la lactancia materna? | Living Suavinex","og_description":"Este s\u00edndrome es relativamente poco conocido, pero puede ser doloroso y angustiante para las madres que lo experimentan.","og_url":"https:\/\/www.suavinex.com\/livingsuavinex\/que-es-el-sindrome-de-raynaud-en-la-lactancia-materna\/","og_site_name":"Living Suavinex","article_publisher":"https:\/\/www.facebook.com\/SuavinexSpain","article_published_time":"2023-10-19T06:30:00+00:00","og_image":[{"width":1200,"height":800,"url":"https:\/\/www.suavinex.com\/livingsuavinex\/wp-content\/uploads\/2023\/09\/sindrome-raynaud-lactancia.jpg","type":"image\/jpeg"}],"author":"Suavinex Central","twitter_card":"summary_large_image","twitter_creator":"@SuavinexSpain","twitter_site":"@SuavinexSpain","twitter_misc":{"Escrito por":"Suavinex Central","Tiempo de lectura":"6 minutos"},"schema":{"@context":"https:\/\/schema.org","@graph":[{"@type":"Article","@id":"https:\/\/www.suavinex.com\/livingsuavinex\/que-es-el-sindrome-de-raynaud-en-la-lactancia-materna\/#article","isPartOf":{"@id":"https:\/\/www.suavinex.com\/livingsuavinex\/que-es-el-sindrome-de-raynaud-en-la-lactancia-materna\/"},"author":{"name":"Suavinex Central","@id":"https:\/\/www.suavinex.com\/livingsuavinex\/#\/schema\/person\/836d83f4b1821b11b7b47cffd08f1ecb"},"headline":"\u00bfQu\u00e9 es el s\u00edndrome de Raynaud en la lactancia materna?","datePublished":"2023-10-19T06:30:00+00:00","mainEntityOfPage":{"@id":"https:\/\/www.suavinex.com\/livingsuavinex\/que-es-el-sindrome-de-raynaud-en-la-lactancia-materna\/"},"wordCount":1144,"publisher":{"@id":"https:\/\/www.suavinex.com\/livingsuavinex\/#organization"},"image":{"@id":"https:\/\/www.suavinex.com\/livingsuavinex\/que-es-el-sindrome-de-raynaud-en-la-lactancia-materna\/#primaryimage"},"thumbnailUrl":"https:\/\/www.suavinex.com\/livingsuavinex\/wp-content\/uploads\/2023\/09\/sindrome-raynaud-lactancia.jpg","articleSection":["Tips de crianza"],"inLanguage":"es"},{"@type":"WebPage","@id":"https:\/\/www.suavinex.com\/livingsuavinex\/que-es-el-sindrome-de-raynaud-en-la-lactancia-materna\/","url":"https:\/\/www.suavinex.com\/livingsuavinex\/que-es-el-sindrome-de-raynaud-en-la-lactancia-materna\/","name":"\u00bfQu\u00e9 es el s\u00edndrome de Raynaud en la lactancia materna? | Living Suavinex","isPartOf":{"@id":"https:\/\/www.suavinex.com\/livingsuavinex\/#website"},"primaryImageOfPage":{"@id":"https:\/\/www.suavinex.com\/livingsuavinex\/que-es-el-sindrome-de-raynaud-en-la-lactancia-materna\/#primaryimage"},"image":{"@id":"https:\/\/www.suavinex.com\/livingsuavinex\/que-es-el-sindrome-de-raynaud-en-la-lactancia-materna\/#primaryimage"},"thumbnailUrl":"https:\/\/www.suavinex.com\/livingsuavinex\/wp-content\/uploads\/2023\/09\/sindrome-raynaud-lactancia.jpg","datePublished":"2023-10-19T06:30:00+00:00","description":"Este s\u00edndrome es relativamente poco conocido, pero puede ser doloroso y angustiante para las madres que lo experimentan.","breadcrumb":{"@id":"https:\/\/www.suavinex.com\/livingsuavinex\/que-es-el-sindrome-de-raynaud-en-la-lactancia-materna\/#breadcrumb"},"inLanguage":"es","potentialAction":[{"@type":"ReadAction","target":["https:\/\/www.suavinex.com\/livingsuavinex\/que-es-el-sindrome-de-raynaud-en-la-lactancia-materna\/"]}]},{"@type":"ImageObject","inLanguage":"es","@id":"https:\/\/www.suavinex.com\/livingsuavinex\/que-es-el-sindrome-de-raynaud-en-la-lactancia-materna\/#primaryimage","url":"https:\/\/www.suavinex.com\/livingsuavinex\/wp-content\/uploads\/2023\/09\/sindrome-raynaud-lactancia.jpg","contentUrl":"https:\/\/www.suavinex.com\/livingsuavinex\/wp-content\/uploads\/2023\/09\/sindrome-raynaud-lactancia.jpg","width":1200,"height":800,"caption":"sindrome-raynaud-lactancia"},{"@type":"BreadcrumbList","@id":"https:\/\/www.suavinex.com\/livingsuavinex\/que-es-el-sindrome-de-raynaud-en-la-lactancia-materna\/#breadcrumb","itemListElement":[{"@type":"ListItem","position":1,"name":"Portada","item":"https:\/\/www.suavinex.com\/livingsuavinex\/"},{"@type":"ListItem","position":2,"name":"\u00bfQu\u00e9 es el s\u00edndrome de Raynaud en la lactancia materna?"}]},{"@type":"WebSite","@id":"https:\/\/www.suavinex.com\/livingsuavinex\/#website","url":"https:\/\/www.suavinex.com\/livingsuavinex\/","name":"Living Suavinex","description":"| Familias reales","publisher":{"@id":"https:\/\/www.suavinex.com\/livingsuavinex\/#organization"},"potentialAction":[{"@type":"SearchAction","target":{"@type":"EntryPoint","urlTemplate":"https:\/\/www.suavinex.com\/livingsuavinex\/?s={search_term_string}"},"query-input":{"@type":"PropertyValueSpecification","valueRequired":true,"valueName":"search_term_string"}}],"inLanguage":"es"},{"@type":"Organization","@id":"https:\/\/www.suavinex.com\/livingsuavinex\/#organization","name":"Suavinex","url":"https:\/\/www.suavinex.com\/livingsuavinex\/","logo":{"@type":"ImageObject","inLanguage":"es","@id":"https:\/\/www.suavinex.com\/livingsuavinex\/#\/schema\/logo\/image\/","url":"https:\/\/www.suavinex.com\/livingsuavinex\/wp-content\/uploads\/2018\/07\/living_sx_logo_mvl.png","contentUrl":"https:\/\/www.suavinex.com\/livingsuavinex\/wp-content\/uploads\/2018\/07\/living_sx_logo_mvl.png","width":350,"height":70,"caption":"Suavinex"},"image":{"@id":"https:\/\/www.suavinex.com\/livingsuavinex\/#\/schema\/logo\/image\/"},"sameAs":["https:\/\/www.facebook.com\/SuavinexSpain","https:\/\/x.com\/SuavinexSpain","https:\/\/www.instagram.com\/suavinex_spain\/","https:\/\/www.pinterest.es\/SuavinexSpain\/","https:\/\/www.youtube.com\/channel\/UCgeJREx2R_ZvV2aQMrfWgcA"]},{"@type":"Person","@id":"https:\/\/www.suavinex.com\/livingsuavinex\/#\/schema\/person\/836d83f4b1821b11b7b47cffd08f1ecb","name":"Suavinex Central","image":{"@type":"ImageObject","inLanguage":"es","@id":"https:\/\/www.suavinex.com\/livingsuavinex\/#\/schema\/person\/image\/","url":"https:\/\/secure.gravatar.com\/avatar\/bd43680b784882668035add29f959967?s=96&d=mm&r=g","contentUrl":"https:\/\/secure.gravatar.com\/avatar\/bd43680b784882668035add29f959967?s=96&d=mm&r=g","caption":"Suavinex Central"}}]}},"_links":{"self":[{"href":"https:\/\/www.suavinex.com\/livingsuavinex\/wp-json\/wp\/v2\/posts\/44909","targetHints":{"allow":["GET"]}}],"collection":[{"href":"https:\/\/www.suavinex.com\/livingsuavinex\/wp-json\/wp\/v2\/posts"}],"about":[{"href":"https:\/\/www.suavinex.com\/livingsuavinex\/wp-json\/wp\/v2\/types\/post"}],"author":[{"embeddable":true,"href":"https:\/\/www.suavinex.com\/livingsuavinex\/wp-json\/wp\/v2\/users\/295"}],"replies":[{"embeddable":true,"href":"https:\/\/www.suavinex.com\/livingsuavinex\/wp-json\/wp\/v2\/comments?post=44909"}],"version-history":[{"count":2,"href":"https:\/\/www.suavinex.com\/livingsuavinex\/wp-json\/wp\/v2\/posts\/44909\/revisions"}],"predecessor-version":[{"id":44931,"href":"https:\/\/www.suavinex.com\/livingsuavinex\/wp-json\/wp\/v2\/posts\/44909\/revisions\/44931"}],"wp:featuredmedia":[{"embeddable":true,"href":"https:\/\/www.suavinex.com\/livingsuavinex\/wp-json\/wp\/v2\/media\/44910"}],"wp:attachment":[{"href":"https:\/\/www.suavinex.com\/livingsuavinex\/wp-json\/wp\/v2\/media?parent=44909"}],"wp:term":[{"taxonomy":"category","embeddable":true,"href":"https:\/\/www.suavinex.com\/livingsuavinex\/wp-json\/wp\/v2\/categories?post=44909"},{"taxonomy":"post_tag","embeddable":true,"href":"https:\/\/www.suavinex.com\/livingsuavinex\/wp-json\/wp\/v2\/tags?post=44909"}],"curies":[{"name":"wp","href":"https:\/\/api.w.org\/{rel}","templated":true}]}}