{"id":44650,"date":"2023-09-28T08:30:00","date_gmt":"2023-09-28T06:30:00","guid":{"rendered":"https:\/\/www.suavinex.com\/livingsuavinex\/?p=44650"},"modified":"2023-09-28T12:02:43","modified_gmt":"2023-09-28T10:02:43","slug":"sibilancias-bebe-por-que-mi-bebe-hace-ruido-al-respirar","status":"publish","type":"post","link":"https:\/\/www.suavinex.com\/livingsuavinex\/sibilancias-bebe-por-que-mi-bebe-hace-ruido-al-respirar\/","title":{"rendered":"Sibilancias beb\u00e9: \u00bfpor qu\u00e9 mi beb\u00e9 hace ruido al respirar?"},"content":{"rendered":"\n<p>Una vez pasado el embarazo y el parto, llega el <strong>verdadero reto<\/strong>: llevar a tu beb\u00e9 a casa y garantizar que crezca sano y feliz. Esto es algo que hace much\u00edsima ilusi\u00f3n pero, al mismo tiempo, es fuente de muchas dudas y miedos. Y estos miedos se manifiestan en su m\u00e1xima expresi\u00f3n cuando notamos algo en nuestro beb\u00e9 que no nos cuadra. Por ejemplo, las <strong>sibilancias en beb\u00e9s reci\u00e9n nacidos <\/strong><a href=\"https:\/\/www.suavinex.com\/livingsuavinex\/que-es-un-neonato\/\"><strong>neonatos<\/strong><\/a> al respirar.&nbsp;<\/p>\n\n\n\n<h2 class=\"wp-block-heading has-text-align-center\">\u00bfC\u00f3mo es el sonido de la sibilancia en beb\u00e9s al respirar?<\/h2>\n\n\n\n<p>Las sibilancias se pueden escuchar cuando el beb\u00e9 respira, sobre todo al exhalar. Son sonidos <strong>parecidos a un <\/strong><strong>pitido o silbido al respirar el beb\u00e9<\/strong> que pueden variar en intensidad seg\u00fan el grado de obstrucci\u00f3n de las v\u00edas respiratorias. Se producen cuando el aire pasa por v\u00edas respiratorias estrechadas o bloqueadas del beb\u00e9 con silbido al respirar.<\/p>\n\n\n\n<p>A veces, las sibilancias se pueden percibir s\u00f3lo con acercar el o\u00eddo al pecho o la espalda del beb\u00e9, pero otras veces se pueden escuchar a distancia.<\/p>\n\n\n\n<p>Las sibilancias en un beb\u00e9 pueden ser inofensivas, simplemente debidas a que sus v\u00edas respiratorias son m\u00e1s peque\u00f1as y sensibles o pueden tener otras causas como infecciones v\u00edricas, alergias o asma.<\/p>\n\n\n\n<p>Se trata de algo muy com\u00fan, se estima que&nbsp; sufren al menos un episodio de sibilancias beb\u00e9s entre un 20 y un 25% antes de los 6 a\u00f1os de edad.&nbsp;<\/p>\n\n\n\n<p>Hoy en Suavinex queremos hablar de <strong>sibilancias en los beb\u00e9s<\/strong>, para que sepas c\u00f3mo distinguirlas y en qu\u00e9 instancias es necesario acudir al pediatra.<\/p>\n\n\n\n<h2 class=\"wp-block-heading has-text-align-center\">Causas de las sibilancias en los beb\u00e9s<\/h2>\n\n\n\n<p>Como ya hemos comentado, las sibilancias pueden tener diversas causas, algunas m\u00e1s preocupantes que otras:<\/p>\n\n\n\n<ul class=\"wp-block-list\">\n<li><strong>Infecciones v\u00edricas<\/strong>: Los virus que causan el resfriado com\u00fan, <a href=\"https:\/\/www.suavinex.com\/livingsuavinex\/virus-gripe\/\">la gripe<\/a>, la <a href=\"https:\/\/www.suavinex.com\/livingsuavinex\/bronquiolitis-consejos\/\">bronquiolitis<\/a> o la laringitis pueden inflamar y estrechar las v\u00edas respiratorias, provocando sibilancias en tu beb\u00e9. Estas infecciones suelen aparecer acompa\u00f1adas de otros s\u00edntomas como fiebre, tos, secreci\u00f3n nasal, dificultad para respirar o falta de apetito. Las infecciones v\u00edricas son m\u00e1s comunes en los meses de invierno y suelen mejorar en una o dos semanas.<\/li>\n\n\n\n<li><strong>Alergias<\/strong>: Algunos beb\u00e9s pueden tener alergia a ciertas sustancias como el polen, el polvo, los \u00e1caros, el pelo de los animales o algunos alimentos. Estas sustancias pueden desencadenar una reacci\u00f3n al\u00e9rgica que provoca inflamaci\u00f3n y espasmo de las v\u00edas respiratorias, provocando sibilancias. Las alergias tambi\u00e9n pueden causar otros s\u00edntomas como picor, enrojecimiento, hinchaz\u00f3n o erupciones en la <a href=\"https:\/\/www.suavinex.com\/livingsuavinex\/piel-del-bebe\/\">piel del beb\u00e9<\/a>.<\/li>\n\n\n\n<li><strong>Asma<\/strong>: El asma es una enfermedad cr\u00f3nica que afecta a las v\u00edas respiratorias, haci\u00e9ndolas m\u00e1s sensibles e inflamables ante ciertos est\u00edmulos como el fr\u00edo, el humo, el ejercicio o las emociones intensas. El asma provoca episodios recurrentes de sibilancias, tos y dificultad para respirar que pueden variar en intensidad y frecuencia. El asma es m\u00e1s probable en los beb\u00e9s que tienen antecedentes familiares de asma o alergias, que han tenido sibilancias graves o frecuentes o que tienen eczema u otras enfermedades <a href=\"https:\/\/www.suavinex.com\/livingsuavinex\/causas-de-alergia-en-la-piel-de-los-bebes\/\">al\u00e9rgicas de la piel<\/a>.<\/li>\n<\/ul>\n\n\n\n<h2 class=\"wp-block-heading has-text-align-center\">Otros s\u00edntomas que suelen acompa\u00f1ar a las sibilancias<\/h2>\n\n\n\n<p>Adem\u00e1s de las sibilancias, los beb\u00e9s pueden presentar otros signos de dificultad para respirar como:<\/p>\n\n\n\n<ul class=\"wp-block-list\">\n<li>Respiraci\u00f3n r\u00e1pida o superficial<\/li>\n\n\n\n<li>Aleteo nasal (movimiento de las alas de la nariz al respirar)<\/li>\n\n\n\n<li>Tiraje intercostal (hundimiento de los espacios entre las costillas al respirar)<\/li>\n\n\n\n<li><a href=\"https:\/\/www.suavinex.com\/livingsuavinex\/cianosis-por-que-mi-bebe-tiene-las-unas-azules\/\">Cianosis<\/a> (coloraci\u00f3n azulada de los labios o las u\u00f1as por falta de ox\u00edgeno)<\/li>\n\n\n\n<li>Agitaci\u00f3n o somnolencia<\/li>\n\n\n\n<li>Rechazo del alimento o del pecho<\/li>\n<\/ul>\n\n\n\n<h2 class=\"wp-block-heading has-text-align-center\">C\u00f3mo tratar las sibilancias en los beb\u00e9s<\/h2>\n\n\n\n<p>Un bebe con sibilancias puede esconder una enfermedad o problema subyacente, por lo tanto, lo primero que hay que hacer es conocer la causa. De forma gen\u00e9rica, se puede tratar de mejorar la respiraci\u00f3n del beb\u00e9 siguiendo algunas pautas:<\/p>\n\n\n\n<ul class=\"wp-block-list\">\n<li>Limpiar la nariz del beb\u00e9 con suero fisiol\u00f3gico y aspirar las secreciones si es necesario. Para ello, en Suavinex tienes a tu disposici\u00f3n nuestro <a href=\"https:\/\/www.suavinex.com\/bano-y-cuidado-del-bebe\/bano-bebe\/limpiador-nasal-de-bebes-reutilizable\/p\/000000000000402786\">Aspirador nasal anat\u00f3mico<\/a> dise\u00f1ado para aliviar al beb\u00e9 de las molestias y dificultades para respirar que puede provocarle la obstrucci\u00f3n de las fosas nasales.<\/li>\n<\/ul>\n\n\n\n<ul class=\"wp-block-list\">\n<li>Mantener al beb\u00e9 hidratado con leche materna o agua si ya ha iniciado la <a href=\"https:\/\/www.suavinex.com\/livingsuavinex\/decalogo-alimentacion-complementaria\/\">alimentaci\u00f3n complementaria<\/a>.<\/li>\n\n\n\n<li>Evitar cualquier exposici\u00f3n al humo de tabaco u otras sustancias irritantes.<\/li>\n<\/ul>\n\n\n\n<ul class=\"wp-block-list\">\n<li>Mantener al beb\u00e9 en una posici\u00f3n ligeramente erguida para favorecer la respiraci\u00f3n.<\/li>\n\n\n\n<li>Humidificar el ambiente con un vaporizador o un <a href=\"https:\/\/www.suavinex.com\/alimentacion-del-bebe\/pequeno-electrodomestico\/s-humidificador-smart-i3\/p\/000000000000401134\">Humidificador SMART para beb\u00e9s<\/a><\/li>\n<\/ul>\n\n\n<div class=\"wp-block-image\">\n<figure class=\"aligncenter size-full\"><a href=\"https:\/\/www.suavinex.com\/alimentacion-del-bebe\/pequeno-electrodomestico\/s-humidificador-smart-i3\/p\/000000000000401134\"><img loading=\"lazy\" decoding=\"async\" width=\"700\" height=\"300\" src=\"https:\/\/www.suavinex.com\/livingsuavinex\/wp-content\/uploads\/2012\/02\/Humidificador-SMART-para-beb\u00e9s.png\" alt=\"Humidificador SMART para beb\u00e9s\" class=\"wp-image-43192\" srcset=\"https:\/\/www.suavinex.com\/livingsuavinex\/wp-content\/uploads\/2012\/02\/Humidificador-SMART-para-beb\u00e9s.png 700w, https:\/\/www.suavinex.com\/livingsuavinex\/wp-content\/uploads\/2012\/02\/Humidificador-SMART-para-beb\u00e9s-300x129.png 300w, https:\/\/www.suavinex.com\/livingsuavinex\/wp-content\/uploads\/2012\/02\/Humidificador-SMART-para-beb\u00e9s-200x86.png 200w, https:\/\/www.suavinex.com\/livingsuavinex\/wp-content\/uploads\/2012\/02\/Humidificador-SMART-para-beb\u00e9s-400x171.png 400w, https:\/\/www.suavinex.com\/livingsuavinex\/wp-content\/uploads\/2012\/02\/Humidificador-SMART-para-beb\u00e9s-600x257.png 600w\" sizes=\"auto, (max-width: 700px) 100vw, 700px\" \/><\/a><\/figure><\/div>\n\n\n<p>Dependiendo de si la causa es una infecci\u00f3n, una alergia o asma, un pediatra puede recetar algunos de los siguientes medicamentos para tratar la enfermedad y reducir las sibilancias, tales como <strong>broncodilatadores<\/strong> (para relajar los m\u00fasculos de las v\u00edas respiratorias), <strong>corticoides<\/strong> (para reducir la inflamaci\u00f3n y la secreci\u00f3n de moco en las v\u00edas respiratorias),<strong> <\/strong><a href=\"https:\/\/www.suavinex.com\/livingsuavinex\/antibioticos-uso\/\"><strong>antibi\u00f3ticos<\/strong><\/a><strong> <\/strong>(Para combatir las infecciones bacterianas que pueden complicar las sibilancias) o <strong>antihistam\u00ednicos<\/strong> (en caso de que la causa sea una reacci\u00f3n al\u00e9rgica).<\/p>\n\n\n\n<h2 class=\"wp-block-heading has-text-align-center\">Cu\u00e1ndo acudir al m\u00e9dico<\/h2>\n\n\n\n<p>Si tu beb\u00e9 sufre un peque\u00f1o episodio de sibilancias pero se pasa r\u00e1pido o mejora f\u00e1cilmente con las medidas que te hemos mencionado anteriormente, no es necesario que te preocupes. Sin embargo, las sibilancias en los beb\u00e9s pueden ser un signo de una enfermedad grave que requiere atenci\u00f3n m\u00e9dica urgente por lo que no dudes en acudir al m\u00e9dico inmediatamente si percibes que:<\/p>\n\n\n\n<ul class=\"wp-block-list\">\n<li>Las sibilancias no mejoran con el tratamiento o incluso empeoran.<\/li>\n<\/ul>\n\n\n\n<ul class=\"wp-block-list\">\n<li>Tu peque tiene tanta dificultad para respirar que le impide hablar, comer o dormir.<\/li>\n\n\n\n<li>El beb\u00e9 presenta fiebre alta (m\u00e1s de 38\u00baC) o persistente (m\u00e1s de 3 d\u00edas). Puedes adquirir nuestro <a href=\"https:\/\/www.suavinex.com\/bano-y-cuidado-del-bebe\/cosmetica-bebe\/set-manicura-de-bebe-con-termometro-y-esponja-azul-y-verde\/p\/set_manicura_verde\">Set de Manicura beb\u00e9 con Term\u00f3metro y Esponja<\/a> para poder controlar la temperatura del peque\u00f1o.<\/li>\n<\/ul>\n\n\n\n<figure class=\"wp-block-image size-full\"><a href=\"https:\/\/www.suavinex.com\/bano-y-cuidado-del-bebe\/cosmetica-bebe\/set-manicura-de-bebe-con-termometro-y-esponja-azul-y-verde\/p\/set_manicura_verde\"><img loading=\"lazy\" decoding=\"async\" width=\"700\" height=\"300\" src=\"https:\/\/www.suavinex.com\/livingsuavinex\/wp-content\/uploads\/2023\/05\/Set-de-Manicura-con-Termometro-y-Esponja.jpg\" alt=\"Set de Manicura con Term\u00f3metro y Esponja\" class=\"wp-image-43823\" srcset=\"https:\/\/www.suavinex.com\/livingsuavinex\/wp-content\/uploads\/2023\/05\/Set-de-Manicura-con-Termometro-y-Esponja.jpg 700w, https:\/\/www.suavinex.com\/livingsuavinex\/wp-content\/uploads\/2023\/05\/Set-de-Manicura-con-Termometro-y-Esponja-300x129.jpg 300w, https:\/\/www.suavinex.com\/livingsuavinex\/wp-content\/uploads\/2023\/05\/Set-de-Manicura-con-Termometro-y-Esponja-200x86.jpg 200w, https:\/\/www.suavinex.com\/livingsuavinex\/wp-content\/uploads\/2023\/05\/Set-de-Manicura-con-Termometro-y-Esponja-400x171.jpg 400w, https:\/\/www.suavinex.com\/livingsuavinex\/wp-content\/uploads\/2023\/05\/Set-de-Manicura-con-Termometro-y-Esponja-600x257.jpg 600w\" sizes=\"auto, (max-width: 700px) 100vw, 700px\" \/><\/a><\/figure>\n\n\n\n<ul class=\"wp-block-list\">\n<li>Presenta <a href=\"https:\/\/www.suavinex.com\/livingsuavinex\/cianosis-por-que-mi-bebe-tiene-las-unas-azules\/\">cianosis <\/a>o palidez.<\/li>\n\n\n\n<li>Hay alteraciones en el <a href=\"https:\/\/www.suavinex.com\/livingsuavinex\/sueno-del-bebe\/\">sue\u00f1o del beb\u00e9<\/a> o que se muestra excesivamente irritable.<\/li>\n\n\n\n<li>Rechaza que le alimentes, ya sea con el pecho o con alimentos s\u00f3lidos.<\/li>\n\n\n\n<li>Muestra se\u00f1ales de deshidrataci\u00f3n como ojos hundidos, boca seca y pa\u00f1ales secos.<\/li>\n<\/ul>\n\n\n\n<p>Las sibilancias en los beb\u00e9s son un s\u00edntoma frecuente pero no siempre benigno, por eso es importante conocer sus causas, reconocer sus signos y saber c\u00f3mo tratarlas para evitar complicaciones y mejorar la calidad de vida de los peque\u00f1os. Si tienes alguna duda o consulta, no dudes en consultar con tu pediatra.<\/p>\n\n\n\n<p>\u00bfHa sufrido sibilancias t\u00fa beb\u00e9? Si tienes alg\u00fan consejo sobre c\u00f3mo tratarlas o c\u00f3mo identificarlas, no dudes en comentarlo en nuestras redes sociales.&nbsp;<\/p>\n\n\n\n<p><strong>Fuentes:<\/strong><\/p>\n\n\n\n<p><a href=\"https:\/\/www.msdmanuals.com\/es-mx\/hogar\/salud-infantil\/trastornos-respiratorios-en-los-lactantes-y-los-ni%C3%B1os\/sibilancias-en-beb%C3%A9s-y-ni%C3%B1os-peque%C3%B1os\">Sibilancias en beb\u00e9s y ni\u00f1os peque\u00f1os &#8211; Manual MSD<\/a><\/p>\n\n\n\n<p><a href=\"https:\/\/www.serpadres.es\/familia\/9217.html\">Qu\u00e9 son las sibilancias, causas y tratamiento &#8211; serpadres.es<\/a><\/p>\n\n\n\n<p><a href=\"https:\/\/desilusion.com\/sibilancias-en-bebes-causas-sintomas-y-tratamiento\/\">Sibilancias en beb\u00e9s: causas, s\u00edntomas y tratamiento &#8211; desilusion.com<\/a><\/p>\n\n\n\n<p><a href=\"https:\/\/www.tuasaude.com\/es\/sibilancia\/\">Sibilancias: qu\u00e9 son, causas y qu\u00e9 hacer &#8211; tuasaude.com<\/a><\/p>\n\n\n<div class=\"wp-block-image\">\n<figure class=\"aligncenter size-full\"><a href=\"https:\/\/www.suavinex.com\/livingsuavinex\/registro-crm\/\"><img loading=\"lazy\" decoding=\"async\" width=\"690\" height=\"212\" src=\"https:\/\/www.suavinex.com\/livingsuavinex\/wp-content\/uploads\/2021\/11\/Suavinex-Newsletter.jpg\" alt=\"Suavinex Newsletter\" class=\"wp-image-42187\" srcset=\"https:\/\/www.suavinex.com\/livingsuavinex\/wp-content\/uploads\/2021\/11\/Suavinex-Newsletter.jpg 690w, https:\/\/www.suavinex.com\/livingsuavinex\/wp-content\/uploads\/2021\/11\/Suavinex-Newsletter-300x92.jpg 300w, https:\/\/www.suavinex.com\/livingsuavinex\/wp-content\/uploads\/2021\/11\/Suavinex-Newsletter-200x61.jpg 200w, https:\/\/www.suavinex.com\/livingsuavinex\/wp-content\/uploads\/2021\/11\/Suavinex-Newsletter-400x123.jpg 400w, https:\/\/www.suavinex.com\/livingsuavinex\/wp-content\/uploads\/2021\/11\/Suavinex-Newsletter-600x184.jpg 600w\" sizes=\"auto, (max-width: 690px) 100vw, 690px\" \/><\/a><\/figure><\/div>","protected":false},"excerpt":{"rendered":"Una vez pasado el embarazo y el parto, llega el verdadero reto: llevar a tu beb\u00e9 a casa y garantizar que crezca sano y feliz. Esto es algo que hace much\u00edsima ilusi\u00f3n pero, al mismo tiempo, es fuente de muchas dudas y miedos. Y estos miedos se manifiestan en su&#8230; <a class=\"view-article\" href=\"https:\/\/www.suavinex.com\/livingsuavinex\/sibilancias-bebe-por-que-mi-bebe-hace-ruido-al-respirar\/\">Ver art\u00edculo<\/a>","protected":false},"author":295,"featured_media":44940,"comment_status":"closed","ping_status":"closed","sticky":false,"template":"","format":"standard","meta":{"inline_featured_image":false,"footnotes":""},"categories":[2269],"tags":[],"class_list":["post-44650","post","type-post","status-publish","format-standard","has-post-thumbnail","hentry","category-parenting"],"yoast_head":"<!-- This site is optimized with the Yoast SEO plugin v26.8 - https:\/\/yoast.com\/product\/yoast-seo-wordpress\/ -->\n<title>Sibilancias beb\u00e9: \u00bfpor qu\u00e9 mi beb\u00e9 hace ruido al respirar? | Living Suavinex<\/title>\n<meta name=\"description\" content=\"Las sibilancias se pueden escuchar cuando el beb\u00e9 respira, sobre todo al exhalar. Son sonidos parecidos a un silbido al respirar el beb\u00e9.\" \/>\n<meta name=\"robots\" content=\"index, follow, max-snippet:-1, max-image-preview:large, max-video-preview:-1\" \/>\n<link rel=\"canonical\" href=\"https:\/\/www.suavinex.com\/livingsuavinex\/sibilancias-bebe-por-que-mi-bebe-hace-ruido-al-respirar\/\" \/>\n<meta property=\"og:locale\" content=\"es_ES\" \/>\n<meta property=\"og:type\" content=\"article\" \/>\n<meta property=\"og:title\" content=\"Sibilancias beb\u00e9: \u00bfpor qu\u00e9 mi beb\u00e9 hace ruido al respirar? | Living Suavinex\" \/>\n<meta property=\"og:description\" content=\"Las sibilancias se pueden escuchar cuando el beb\u00e9 respira, sobre todo al exhalar. Son sonidos parecidos a un silbido al respirar el beb\u00e9.\" \/>\n<meta property=\"og:url\" content=\"https:\/\/www.suavinex.com\/livingsuavinex\/sibilancias-bebe-por-que-mi-bebe-hace-ruido-al-respirar\/\" \/>\n<meta property=\"og:site_name\" content=\"Living Suavinex\" \/>\n<meta property=\"article:publisher\" content=\"https:\/\/www.facebook.com\/SuavinexSpain\" \/>\n<meta property=\"article:published_time\" content=\"2023-09-28T06:30:00+00:00\" \/>\n<meta property=\"article:modified_time\" content=\"2023-09-28T10:02:43+00:00\" \/>\n<meta property=\"og:image\" content=\"https:\/\/www.suavinex.com\/livingsuavinex\/wp-content\/uploads\/2023\/09\/sibilancias-bebe-mama.jpg\" \/>\n\t<meta property=\"og:image:width\" content=\"1200\" \/>\n\t<meta property=\"og:image:height\" content=\"800\" \/>\n\t<meta property=\"og:image:type\" content=\"image\/jpeg\" \/>\n<meta name=\"author\" content=\"Suavinex Central\" \/>\n<meta name=\"twitter:card\" content=\"summary_large_image\" \/>\n<meta name=\"twitter:creator\" content=\"@SuavinexSpain\" \/>\n<meta name=\"twitter:site\" content=\"@SuavinexSpain\" \/>\n<meta name=\"twitter:label1\" content=\"Escrito por\" \/>\n\t<meta name=\"twitter:data1\" content=\"Suavinex Central\" \/>\n\t<meta name=\"twitter:label2\" content=\"Tiempo de lectura\" \/>\n\t<meta name=\"twitter:data2\" content=\"6 minutos\" \/>\n<script type=\"application\/ld+json\" class=\"yoast-schema-graph\">{\"@context\":\"https:\/\/schema.org\",\"@graph\":[{\"@type\":\"Article\",\"@id\":\"https:\/\/www.suavinex.com\/livingsuavinex\/sibilancias-bebe-por-que-mi-bebe-hace-ruido-al-respirar\/#article\",\"isPartOf\":{\"@id\":\"https:\/\/www.suavinex.com\/livingsuavinex\/sibilancias-bebe-por-que-mi-bebe-hace-ruido-al-respirar\/\"},\"author\":{\"name\":\"Suavinex Central\",\"@id\":\"https:\/\/www.suavinex.com\/livingsuavinex\/#\/schema\/person\/836d83f4b1821b11b7b47cffd08f1ecb\"},\"headline\":\"Sibilancias beb\u00e9: \u00bfpor qu\u00e9 mi beb\u00e9 hace ruido al respirar?\",\"datePublished\":\"2023-09-28T06:30:00+00:00\",\"dateModified\":\"2023-09-28T10:02:43+00:00\",\"mainEntityOfPage\":{\"@id\":\"https:\/\/www.suavinex.com\/livingsuavinex\/sibilancias-bebe-por-que-mi-bebe-hace-ruido-al-respirar\/\"},\"wordCount\":1185,\"publisher\":{\"@id\":\"https:\/\/www.suavinex.com\/livingsuavinex\/#organization\"},\"image\":{\"@id\":\"https:\/\/www.suavinex.com\/livingsuavinex\/sibilancias-bebe-por-que-mi-bebe-hace-ruido-al-respirar\/#primaryimage\"},\"thumbnailUrl\":\"https:\/\/www.suavinex.com\/livingsuavinex\/wp-content\/uploads\/2023\/09\/sibilancias-bebe-mama.jpg\",\"articleSection\":[\"Parenting\"],\"inLanguage\":\"es\"},{\"@type\":\"WebPage\",\"@id\":\"https:\/\/www.suavinex.com\/livingsuavinex\/sibilancias-bebe-por-que-mi-bebe-hace-ruido-al-respirar\/\",\"url\":\"https:\/\/www.suavinex.com\/livingsuavinex\/sibilancias-bebe-por-que-mi-bebe-hace-ruido-al-respirar\/\",\"name\":\"Sibilancias beb\u00e9: \u00bfpor qu\u00e9 mi beb\u00e9 hace ruido al respirar? | Living Suavinex\",\"isPartOf\":{\"@id\":\"https:\/\/www.suavinex.com\/livingsuavinex\/#website\"},\"primaryImageOfPage\":{\"@id\":\"https:\/\/www.suavinex.com\/livingsuavinex\/sibilancias-bebe-por-que-mi-bebe-hace-ruido-al-respirar\/#primaryimage\"},\"image\":{\"@id\":\"https:\/\/www.suavinex.com\/livingsuavinex\/sibilancias-bebe-por-que-mi-bebe-hace-ruido-al-respirar\/#primaryimage\"},\"thumbnailUrl\":\"https:\/\/www.suavinex.com\/livingsuavinex\/wp-content\/uploads\/2023\/09\/sibilancias-bebe-mama.jpg\",\"datePublished\":\"2023-09-28T06:30:00+00:00\",\"dateModified\":\"2023-09-28T10:02:43+00:00\",\"description\":\"Las sibilancias se pueden escuchar cuando el beb\u00e9 respira, sobre todo al exhalar. Son sonidos parecidos a un silbido al respirar el beb\u00e9.\",\"breadcrumb\":{\"@id\":\"https:\/\/www.suavinex.com\/livingsuavinex\/sibilancias-bebe-por-que-mi-bebe-hace-ruido-al-respirar\/#breadcrumb\"},\"inLanguage\":\"es\",\"potentialAction\":[{\"@type\":\"ReadAction\",\"target\":[\"https:\/\/www.suavinex.com\/livingsuavinex\/sibilancias-bebe-por-que-mi-bebe-hace-ruido-al-respirar\/\"]}]},{\"@type\":\"ImageObject\",\"inLanguage\":\"es\",\"@id\":\"https:\/\/www.suavinex.com\/livingsuavinex\/sibilancias-bebe-por-que-mi-bebe-hace-ruido-al-respirar\/#primaryimage\",\"url\":\"https:\/\/www.suavinex.com\/livingsuavinex\/wp-content\/uploads\/2023\/09\/sibilancias-bebe-mama.jpg\",\"contentUrl\":\"https:\/\/www.suavinex.com\/livingsuavinex\/wp-content\/uploads\/2023\/09\/sibilancias-bebe-mama.jpg\",\"width\":1200,\"height\":800,\"caption\":\"sibilancias-bebe-mama\"},{\"@type\":\"BreadcrumbList\",\"@id\":\"https:\/\/www.suavinex.com\/livingsuavinex\/sibilancias-bebe-por-que-mi-bebe-hace-ruido-al-respirar\/#breadcrumb\",\"itemListElement\":[{\"@type\":\"ListItem\",\"position\":1,\"name\":\"Portada\",\"item\":\"https:\/\/www.suavinex.com\/livingsuavinex\/\"},{\"@type\":\"ListItem\",\"position\":2,\"name\":\"Sibilancias beb\u00e9: \u00bfpor qu\u00e9 mi beb\u00e9 hace ruido al respirar?\"}]},{\"@type\":\"WebSite\",\"@id\":\"https:\/\/www.suavinex.com\/livingsuavinex\/#website\",\"url\":\"https:\/\/www.suavinex.com\/livingsuavinex\/\",\"name\":\"Living Suavinex\",\"description\":\"| Familias reales\",\"publisher\":{\"@id\":\"https:\/\/www.suavinex.com\/livingsuavinex\/#organization\"},\"potentialAction\":[{\"@type\":\"SearchAction\",\"target\":{\"@type\":\"EntryPoint\",\"urlTemplate\":\"https:\/\/www.suavinex.com\/livingsuavinex\/?s={search_term_string}\"},\"query-input\":{\"@type\":\"PropertyValueSpecification\",\"valueRequired\":true,\"valueName\":\"search_term_string\"}}],\"inLanguage\":\"es\"},{\"@type\":\"Organization\",\"@id\":\"https:\/\/www.suavinex.com\/livingsuavinex\/#organization\",\"name\":\"Suavinex\",\"url\":\"https:\/\/www.suavinex.com\/livingsuavinex\/\",\"logo\":{\"@type\":\"ImageObject\",\"inLanguage\":\"es\",\"@id\":\"https:\/\/www.suavinex.com\/livingsuavinex\/#\/schema\/logo\/image\/\",\"url\":\"https:\/\/www.suavinex.com\/livingsuavinex\/wp-content\/uploads\/2018\/07\/living_sx_logo_mvl.png\",\"contentUrl\":\"https:\/\/www.suavinex.com\/livingsuavinex\/wp-content\/uploads\/2018\/07\/living_sx_logo_mvl.png\",\"width\":350,\"height\":70,\"caption\":\"Suavinex\"},\"image\":{\"@id\":\"https:\/\/www.suavinex.com\/livingsuavinex\/#\/schema\/logo\/image\/\"},\"sameAs\":[\"https:\/\/www.facebook.com\/SuavinexSpain\",\"https:\/\/x.com\/SuavinexSpain\",\"https:\/\/www.instagram.com\/suavinex_spain\/\",\"https:\/\/www.pinterest.es\/SuavinexSpain\/\",\"https:\/\/www.youtube.com\/channel\/UCgeJREx2R_ZvV2aQMrfWgcA\"]},{\"@type\":\"Person\",\"@id\":\"https:\/\/www.suavinex.com\/livingsuavinex\/#\/schema\/person\/836d83f4b1821b11b7b47cffd08f1ecb\",\"name\":\"Suavinex Central\",\"image\":{\"@type\":\"ImageObject\",\"inLanguage\":\"es\",\"@id\":\"https:\/\/www.suavinex.com\/livingsuavinex\/#\/schema\/person\/image\/\",\"url\":\"https:\/\/secure.gravatar.com\/avatar\/bd43680b784882668035add29f959967?s=96&d=mm&r=g\",\"contentUrl\":\"https:\/\/secure.gravatar.com\/avatar\/bd43680b784882668035add29f959967?s=96&d=mm&r=g\",\"caption\":\"Suavinex Central\"}}]}<\/script>\n<!-- \/ Yoast SEO plugin. -->","yoast_head_json":{"title":"Sibilancias beb\u00e9: \u00bfpor qu\u00e9 mi beb\u00e9 hace ruido al respirar? | Living Suavinex","description":"Las sibilancias se pueden escuchar cuando el beb\u00e9 respira, sobre todo al exhalar. Son sonidos parecidos a un silbido al respirar el beb\u00e9.","robots":{"index":"index","follow":"follow","max-snippet":"max-snippet:-1","max-image-preview":"max-image-preview:large","max-video-preview":"max-video-preview:-1"},"canonical":"https:\/\/www.suavinex.com\/livingsuavinex\/sibilancias-bebe-por-que-mi-bebe-hace-ruido-al-respirar\/","og_locale":"es_ES","og_type":"article","og_title":"Sibilancias beb\u00e9: \u00bfpor qu\u00e9 mi beb\u00e9 hace ruido al respirar? | Living Suavinex","og_description":"Las sibilancias se pueden escuchar cuando el beb\u00e9 respira, sobre todo al exhalar. Son sonidos parecidos a un silbido al respirar el beb\u00e9.","og_url":"https:\/\/www.suavinex.com\/livingsuavinex\/sibilancias-bebe-por-que-mi-bebe-hace-ruido-al-respirar\/","og_site_name":"Living Suavinex","article_publisher":"https:\/\/www.facebook.com\/SuavinexSpain","article_published_time":"2023-09-28T06:30:00+00:00","article_modified_time":"2023-09-28T10:02:43+00:00","og_image":[{"width":1200,"height":800,"url":"https:\/\/www.suavinex.com\/livingsuavinex\/wp-content\/uploads\/2023\/09\/sibilancias-bebe-mama.jpg","type":"image\/jpeg"}],"author":"Suavinex Central","twitter_card":"summary_large_image","twitter_creator":"@SuavinexSpain","twitter_site":"@SuavinexSpain","twitter_misc":{"Escrito por":"Suavinex Central","Tiempo de lectura":"6 minutos"},"schema":{"@context":"https:\/\/schema.org","@graph":[{"@type":"Article","@id":"https:\/\/www.suavinex.com\/livingsuavinex\/sibilancias-bebe-por-que-mi-bebe-hace-ruido-al-respirar\/#article","isPartOf":{"@id":"https:\/\/www.suavinex.com\/livingsuavinex\/sibilancias-bebe-por-que-mi-bebe-hace-ruido-al-respirar\/"},"author":{"name":"Suavinex Central","@id":"https:\/\/www.suavinex.com\/livingsuavinex\/#\/schema\/person\/836d83f4b1821b11b7b47cffd08f1ecb"},"headline":"Sibilancias beb\u00e9: \u00bfpor qu\u00e9 mi beb\u00e9 hace ruido al respirar?","datePublished":"2023-09-28T06:30:00+00:00","dateModified":"2023-09-28T10:02:43+00:00","mainEntityOfPage":{"@id":"https:\/\/www.suavinex.com\/livingsuavinex\/sibilancias-bebe-por-que-mi-bebe-hace-ruido-al-respirar\/"},"wordCount":1185,"publisher":{"@id":"https:\/\/www.suavinex.com\/livingsuavinex\/#organization"},"image":{"@id":"https:\/\/www.suavinex.com\/livingsuavinex\/sibilancias-bebe-por-que-mi-bebe-hace-ruido-al-respirar\/#primaryimage"},"thumbnailUrl":"https:\/\/www.suavinex.com\/livingsuavinex\/wp-content\/uploads\/2023\/09\/sibilancias-bebe-mama.jpg","articleSection":["Parenting"],"inLanguage":"es"},{"@type":"WebPage","@id":"https:\/\/www.suavinex.com\/livingsuavinex\/sibilancias-bebe-por-que-mi-bebe-hace-ruido-al-respirar\/","url":"https:\/\/www.suavinex.com\/livingsuavinex\/sibilancias-bebe-por-que-mi-bebe-hace-ruido-al-respirar\/","name":"Sibilancias beb\u00e9: \u00bfpor qu\u00e9 mi beb\u00e9 hace ruido al respirar? | Living Suavinex","isPartOf":{"@id":"https:\/\/www.suavinex.com\/livingsuavinex\/#website"},"primaryImageOfPage":{"@id":"https:\/\/www.suavinex.com\/livingsuavinex\/sibilancias-bebe-por-que-mi-bebe-hace-ruido-al-respirar\/#primaryimage"},"image":{"@id":"https:\/\/www.suavinex.com\/livingsuavinex\/sibilancias-bebe-por-que-mi-bebe-hace-ruido-al-respirar\/#primaryimage"},"thumbnailUrl":"https:\/\/www.suavinex.com\/livingsuavinex\/wp-content\/uploads\/2023\/09\/sibilancias-bebe-mama.jpg","datePublished":"2023-09-28T06:30:00+00:00","dateModified":"2023-09-28T10:02:43+00:00","description":"Las sibilancias se pueden escuchar cuando el beb\u00e9 respira, sobre todo al exhalar. Son sonidos parecidos a un silbido al respirar el beb\u00e9.","breadcrumb":{"@id":"https:\/\/www.suavinex.com\/livingsuavinex\/sibilancias-bebe-por-que-mi-bebe-hace-ruido-al-respirar\/#breadcrumb"},"inLanguage":"es","potentialAction":[{"@type":"ReadAction","target":["https:\/\/www.suavinex.com\/livingsuavinex\/sibilancias-bebe-por-que-mi-bebe-hace-ruido-al-respirar\/"]}]},{"@type":"ImageObject","inLanguage":"es","@id":"https:\/\/www.suavinex.com\/livingsuavinex\/sibilancias-bebe-por-que-mi-bebe-hace-ruido-al-respirar\/#primaryimage","url":"https:\/\/www.suavinex.com\/livingsuavinex\/wp-content\/uploads\/2023\/09\/sibilancias-bebe-mama.jpg","contentUrl":"https:\/\/www.suavinex.com\/livingsuavinex\/wp-content\/uploads\/2023\/09\/sibilancias-bebe-mama.jpg","width":1200,"height":800,"caption":"sibilancias-bebe-mama"},{"@type":"BreadcrumbList","@id":"https:\/\/www.suavinex.com\/livingsuavinex\/sibilancias-bebe-por-que-mi-bebe-hace-ruido-al-respirar\/#breadcrumb","itemListElement":[{"@type":"ListItem","position":1,"name":"Portada","item":"https:\/\/www.suavinex.com\/livingsuavinex\/"},{"@type":"ListItem","position":2,"name":"Sibilancias beb\u00e9: \u00bfpor qu\u00e9 mi beb\u00e9 hace ruido al respirar?"}]},{"@type":"WebSite","@id":"https:\/\/www.suavinex.com\/livingsuavinex\/#website","url":"https:\/\/www.suavinex.com\/livingsuavinex\/","name":"Living Suavinex","description":"| Familias reales","publisher":{"@id":"https:\/\/www.suavinex.com\/livingsuavinex\/#organization"},"potentialAction":[{"@type":"SearchAction","target":{"@type":"EntryPoint","urlTemplate":"https:\/\/www.suavinex.com\/livingsuavinex\/?s={search_term_string}"},"query-input":{"@type":"PropertyValueSpecification","valueRequired":true,"valueName":"search_term_string"}}],"inLanguage":"es"},{"@type":"Organization","@id":"https:\/\/www.suavinex.com\/livingsuavinex\/#organization","name":"Suavinex","url":"https:\/\/www.suavinex.com\/livingsuavinex\/","logo":{"@type":"ImageObject","inLanguage":"es","@id":"https:\/\/www.suavinex.com\/livingsuavinex\/#\/schema\/logo\/image\/","url":"https:\/\/www.suavinex.com\/livingsuavinex\/wp-content\/uploads\/2018\/07\/living_sx_logo_mvl.png","contentUrl":"https:\/\/www.suavinex.com\/livingsuavinex\/wp-content\/uploads\/2018\/07\/living_sx_logo_mvl.png","width":350,"height":70,"caption":"Suavinex"},"image":{"@id":"https:\/\/www.suavinex.com\/livingsuavinex\/#\/schema\/logo\/image\/"},"sameAs":["https:\/\/www.facebook.com\/SuavinexSpain","https:\/\/x.com\/SuavinexSpain","https:\/\/www.instagram.com\/suavinex_spain\/","https:\/\/www.pinterest.es\/SuavinexSpain\/","https:\/\/www.youtube.com\/channel\/UCgeJREx2R_ZvV2aQMrfWgcA"]},{"@type":"Person","@id":"https:\/\/www.suavinex.com\/livingsuavinex\/#\/schema\/person\/836d83f4b1821b11b7b47cffd08f1ecb","name":"Suavinex Central","image":{"@type":"ImageObject","inLanguage":"es","@id":"https:\/\/www.suavinex.com\/livingsuavinex\/#\/schema\/person\/image\/","url":"https:\/\/secure.gravatar.com\/avatar\/bd43680b784882668035add29f959967?s=96&d=mm&r=g","contentUrl":"https:\/\/secure.gravatar.com\/avatar\/bd43680b784882668035add29f959967?s=96&d=mm&r=g","caption":"Suavinex Central"}}]}},"_links":{"self":[{"href":"https:\/\/www.suavinex.com\/livingsuavinex\/wp-json\/wp\/v2\/posts\/44650","targetHints":{"allow":["GET"]}}],"collection":[{"href":"https:\/\/www.suavinex.com\/livingsuavinex\/wp-json\/wp\/v2\/posts"}],"about":[{"href":"https:\/\/www.suavinex.com\/livingsuavinex\/wp-json\/wp\/v2\/types\/post"}],"author":[{"embeddable":true,"href":"https:\/\/www.suavinex.com\/livingsuavinex\/wp-json\/wp\/v2\/users\/295"}],"replies":[{"embeddable":true,"href":"https:\/\/www.suavinex.com\/livingsuavinex\/wp-json\/wp\/v2\/comments?post=44650"}],"version-history":[{"count":3,"href":"https:\/\/www.suavinex.com\/livingsuavinex\/wp-json\/wp\/v2\/posts\/44650\/revisions"}],"predecessor-version":[{"id":44941,"href":"https:\/\/www.suavinex.com\/livingsuavinex\/wp-json\/wp\/v2\/posts\/44650\/revisions\/44941"}],"wp:featuredmedia":[{"embeddable":true,"href":"https:\/\/www.suavinex.com\/livingsuavinex\/wp-json\/wp\/v2\/media\/44940"}],"wp:attachment":[{"href":"https:\/\/www.suavinex.com\/livingsuavinex\/wp-json\/wp\/v2\/media?parent=44650"}],"wp:term":[{"taxonomy":"category","embeddable":true,"href":"https:\/\/www.suavinex.com\/livingsuavinex\/wp-json\/wp\/v2\/categories?post=44650"},{"taxonomy":"post_tag","embeddable":true,"href":"https:\/\/www.suavinex.com\/livingsuavinex\/wp-json\/wp\/v2\/tags?post=44650"}],"curies":[{"name":"wp","href":"https:\/\/api.w.org\/{rel}","templated":true}]}}