{"id":44638,"date":"2023-09-07T08:30:00","date_gmt":"2023-09-07T06:30:00","guid":{"rendered":"https:\/\/www.suavinex.com\/livingsuavinex\/?p=44638"},"modified":"2023-09-04T10:20:04","modified_gmt":"2023-09-04T08:20:04","slug":"sindrome-de-distres-respiratorio-neonatal","status":"publish","type":"post","link":"https:\/\/www.suavinex.com\/livingsuavinex\/sindrome-de-distres-respiratorio-neonatal\/","title":{"rendered":"\u00bfQu\u00e9 es el s\u00edndrome de distr\u00e9s respiratorio neonatal?"},"content":{"rendered":"\n<p>Un parto rara vez es algo f\u00e1cil. Hay muchos factores involucrados y hasta los beb\u00e9s que no han mostrado ning\u00fan problema durante el embarazo pueden tener alguna complicaci\u00f3n de \u00faltima hora.&nbsp;<\/p>\n\n\n\n<p>El <strong>s\u00edndrome de distr\u00e9s respiratorio neonatal<\/strong> es uno de estos problemas inesperados que pueden surgir. Si quieres saber en qu\u00e9 consiste y c\u00f3mo se puede prevenir, sigue leyendo.<\/p>\n\n\n\n<h2 class=\"wp-block-heading has-text-align-center\">\u00bfQu\u00e9 significa distr\u00e9s respiratorio neonatal?<\/h2>\n\n\n\n<p>El s\u00edndrome de distr\u00e9s respiratorio neonatal (SDR), tambi\u00e9n conocido como Enfermedad de Membrana Hialina (EMH), es un problema que afecta a algunos <a href=\"https:\/\/www.suavinex.com\/livingsuavinex\/que-es-un-neonato\/\">neonatos<\/a>, especialmente a los <a href=\"https:\/\/www.suavinex.com\/livingsuavinex\/bebe-prematuro\/\">beb\u00e9s prematuros<\/a>.<\/p>\n\n\n\n<p>Consiste en que el beb\u00e9 tiene dificultades para respirar por s\u00ed solo, debido a que sus pulmones no est\u00e1n completamente desarrollados y le falta una sustancia llamada \u201c<em>surfactante<\/em>\u201d.<\/p>\n\n\n\n<p>Se trata de la causa de dificultad respiratoria en reci\u00e9n nacidos m\u00e1s com\u00fan. La estimaci\u00f3n es que hasta un 80% de beb\u00e9s que nacen con menos de 28 semanas sufren este problema al nacer.<\/p>\n\n\n\n<h2 class=\"wp-block-heading has-text-align-center\">\u00bfCu\u00e1les son los factores de riesgo del distr\u00e9s respiratorio neonatal?<\/h2>\n\n\n\n<p>Ahora que sabes en qu\u00e9 consiste el s\u00edndrome de distr\u00e9s respiratorio del reci\u00e9n nacido, seguro que quieres saber qu\u00e9 posibilidades hay de que tu futuro beb\u00e9 lo sufra. Estos son los principales factores de riesgo:<\/p>\n\n\n\n<ul class=\"wp-block-list\">\n<li><a href=\"https:\/\/www.suavinex.com\/livingsuavinex\/parto-prematuro-sintomas-y-causas\/\"><strong>Parto prematuro<\/strong><\/a>: Cuanto menor es la edad gestacional, mayor es el riesgo debido al menor desarrollo de los pulmones.<\/li>\n\n\n\n<li><a href=\"https:\/\/www.suavinex.com\/livingsuavinex\/preparacion-para-un-parto-multiple\/\"><strong>Parto m\u00faltiple<\/strong><\/a>: Los gemelos o trillizos suelen nacer antes y con menor peso que los beb\u00e9s \u00fanicos debido a que en un <a href=\"https:\/\/www.suavinex.com\/livingsuavinex\/embarazo-multiple\/\">embarazo m\u00faltiple<\/a> hay menos espacio para cada beb\u00e9.<\/li>\n\n\n\n<li><strong>Diabetes materna<\/strong>: Si hay un exceso de glucosa en la sangre de la madre, se puede retrasar la producci\u00f3n de surfactante en el feto. Por eso es importante tambi\u00e9n controlar que la mam\u00e1 no desarrolle <a href=\"https:\/\/www.suavinex.com\/livingsuavinex\/diabetes-gestacional\/\">diabetes gestacional<\/a>.<\/li>\n\n\n\n<li><strong>Sexo masculino<\/strong>: El s\u00edndrome de distr\u00e9s respiratorio se produce con m\u00e1s frecuencia en los ni\u00f1os que en las ni\u00f1as.<\/li>\n\n\n\n<li><strong>Etnia blanca<\/strong>: Las estad\u00edsticas sugieren que los beb\u00e9s cauc\u00e1sicos tienen m\u00e1s riesgo de sufrir SDR que los de otras razas o etnias.<\/li>\n\n\n\n<li><a href=\"https:\/\/www.suavinex.com\/livingsuavinex\/cesarea\/\"><strong>Ces\u00e1rea<\/strong><\/a>: El parto por ces\u00e1rea puede impedir la liberaci\u00f3n de hormonas que estimulan la producci\u00f3n de surfactante en el feto.<\/li>\n\n\n\n<li><strong>Infecciones<\/strong>: Algunas infecciones que puede contraer la mam\u00e1 y que pueden transmitirse al feto pueden afectar al correcto desarrollo de los pulmones y tambi\u00e9n a la producci\u00f3n de surfactante.<\/li>\n<\/ul>\n\n\n\n<h2 class=\"wp-block-heading has-text-align-center\">\u00bfC\u00f3mo se manifiesta el distr\u00e9s respiratorio?<\/h2>\n\n\n\n<p>Si tu beb\u00e9 sufre s\u00edndrome de dificultad respiratoria neonatal , es posible que manifieste algunos o varios de los siguientes s\u00edntomas hasta 24 horas despu\u00e9s del nacimiento, aunque suelen presentarlos poco despu\u00e9s del nacimiento o incluso en el mismo momento en el que empiezan a respirar.<\/p>\n\n\n\n<ul class=\"wp-block-list\">\n<li><strong>Taquipnea<\/strong>: Es una respiraci\u00f3n r\u00e1pida, superficial y con ruidos.<\/li>\n\n\n\n<li><strong>Tiraje<\/strong>: Consiste en que el pecho se hunde cuando respira.<\/li>\n\n\n\n<li><strong>Aleteo nasal<\/strong>: Las fosas nasales se dilatan y contraen notablemente.<\/li>\n\n\n\n<li><strong><strong><a href=\"https:\/\/www.suavinex.com\/livingsuavinex\/cianosis-por-que-mi-bebe-tiene-las-unas-azules\/\">Cianosis<\/a><\/strong><\/strong> <strong>o palidez<\/strong>: Presenta una coloraci\u00f3n azulada o p\u00e1lida de la piel, especialmente en labios y u\u00f1as, debido a la falta de ox\u00edgeno.<\/li>\n\n\n\n<li><strong>Dificultad para alimentarse<\/strong> o <a href=\"https:\/\/www.suavinex.com\/livingsuavinex\/reflejo-de-succion-en-el-recien-nacido-cuando-aparece\/\">reflejo de succi\u00f3n<\/a> d\u00e9bil.<\/li>\n\n\n\n<li><strong>Letargo<\/strong> o irritabilidad.<\/li>\n<\/ul>\n\n\n\n<p>Si tu beb\u00e9 presenta algunos de estos s\u00edntomas, el <a href=\"https:\/\/www.suavinex.com\/livingsuavinex\/que-es-neonatologo-diferencia-pediatra\/\">neonat\u00f3logo<\/a> har\u00e1 una serie de pruebas para confirmar el diagn\u00f3stico de SDR. Entre otras pruebas, medir\u00e1 la concentraci\u00f3n de ox\u00edgeno en sangre y podr\u00eda necesitar una radiograf\u00eda de t\u00f3rax. Tambi\u00e9n se pueden hacer otras pruebas para descartar otras causas de dificultad respiratoria, como infecciones, malformaciones o aspiraci\u00f3n de l\u00edquido amni\u00f3tico o <a href=\"https:\/\/www.suavinex.com\/livingsuavinex\/que-es-meconio\/\">meconio<\/a>. Si crees que tu beb\u00e9 tiene dificultades para respirar mientras duerme, puedes probar a mejorar la humedad del aire colocando el <a href=\"https:\/\/www.suavinex.com\/alimentacion-del-bebe\/pequeno-electrodomestico\/s-humidificador-smart-i3\/p\/000000000000401134\">Humidificador SMART<\/a> para beb\u00e9s en su habitaci\u00f3n.<\/p>\n\n\n<div class=\"wp-block-image\">\n<figure class=\"aligncenter size-full\"><a href=\"https:\/\/www.suavinex.com\/alimentacion-del-bebe\/pequeno-electrodomestico\/s-humidificador-smart-i3\/p\/000000000000401134\"><img loading=\"lazy\" decoding=\"async\" width=\"700\" height=\"300\" src=\"https:\/\/www.suavinex.com\/livingsuavinex\/wp-content\/uploads\/2012\/02\/Humidificador-SMART-para-beb\u00e9s.png\" alt=\"Humidificador SMART para beb\u00e9s\" class=\"wp-image-43192\" srcset=\"https:\/\/www.suavinex.com\/livingsuavinex\/wp-content\/uploads\/2012\/02\/Humidificador-SMART-para-beb\u00e9s.png 700w, https:\/\/www.suavinex.com\/livingsuavinex\/wp-content\/uploads\/2012\/02\/Humidificador-SMART-para-beb\u00e9s-300x129.png 300w, https:\/\/www.suavinex.com\/livingsuavinex\/wp-content\/uploads\/2012\/02\/Humidificador-SMART-para-beb\u00e9s-200x86.png 200w, https:\/\/www.suavinex.com\/livingsuavinex\/wp-content\/uploads\/2012\/02\/Humidificador-SMART-para-beb\u00e9s-400x171.png 400w, https:\/\/www.suavinex.com\/livingsuavinex\/wp-content\/uploads\/2012\/02\/Humidificador-SMART-para-beb\u00e9s-600x257.png 600w\" sizes=\"auto, (max-width: 700px) 100vw, 700px\" \/><\/a><\/figure><\/div>\n\n\n<h2 class=\"wp-block-heading has-text-align-center\">\u00bfQu\u00e9 pasa si un beb\u00e9 nace con problemas respiratorios?<\/h2>\n\n\n\n<p>Si tu beb\u00e9 ha nacido con distr\u00e9s respiratorio neonatal, los m\u00e9dicos proceder\u00e1n a aplicar el tratamiento que sea necesario en cada caso y dependiendo de la causa. El objetivo es, normalmente, mejorar la oxigenaci\u00f3n y la ventilaci\u00f3n de los pulmones, as\u00ed como prevenir o tratar las complicaciones que puedan surgir. Las medidas m\u00e1s habituales son:<\/p>\n\n\n\n<ul class=\"wp-block-list\">\n<li><strong>Administraci\u00f3n de ox\u00edgeno<\/strong>: se puede suministrar ox\u00edgeno mediante una c\u00e1nula nasal, una m\u00e1scara facial, una capucha o un casco. En algunos casos, se puede aplicar una presi\u00f3n positiva continua en las v\u00edas respiratorias (CPAP) para mantener los alv\u00e9olos abiertos y facilitar el paso del ox\u00edgeno a la sangre.<\/li>\n\n\n\n<li><strong>Administraci\u00f3n de surfactante<\/strong>: se puede inyectar surfactante sint\u00e9tico o extra\u00eddo de animales directamente en la tr\u00e1quea del reci\u00e9n nacido mediante un tubo endotraqueal. Esto ayuda a reducir el trabajo respiratorio y a mejorar la oxigenaci\u00f3n. El surfactante suele administrarse lo antes posible despu\u00e9s del diagn\u00f3stico, y se puede repetir seg\u00fan la evoluci\u00f3n cl\u00ednica y radiol\u00f3gica.<\/li>\n\n\n\n<li><strong>Ventilaci\u00f3n mec\u00e1nica<\/strong>: en los casos m\u00e1s graves, se puede recurrir a un respirador artificial que asista o sustituya la respiraci\u00f3n del reci\u00e9n nacido. El respirador se conecta al tubo endotraqueal y regula el volumen, la presi\u00f3n y la frecuencia de las respiraciones. La ventilaci\u00f3n mec\u00e1nica puede salvar la vida del neonato, pero tambi\u00e9n puede causar lesiones en los pulmones o el cerebro.<\/li>\n\n\n\n<li><strong>Tratamiento de las complicaciones<\/strong>: el SDR puede provocar otras alteraciones, como hemorragia cerebral, neumot\u00f3rax, displasia broncopulmonar, retinopat\u00eda del prematuro o sepsis. Estas complicaciones requieren un manejo espec\u00edfico seg\u00fan cada caso.<\/li>\n<\/ul>\n\n\n\n<p>Actualmente, la mayor\u00eda de los reci\u00e9n nacidos que sufren distr\u00e9s respiratorio <strong>sobreviven y se recuperan completamente<\/strong>, sin secuelas ni efectos secundarios. No obstante, se trata de un <strong>problema serio<\/strong> que requiere atenci\u00f3n especializada y un seguimiento continuo.<\/p>\n\n\n\n<h2 class=\"wp-block-heading has-text-align-center\">\u00bfSe puede prevenir el s\u00edndrome de distr\u00e9s respiratorio neonatal?<\/h2>\n\n\n\n<p>Se trata de una afecci\u00f3n que no siempre se puede predecir, pero s\u00ed se pueden prevenir y reducir los factores de riesgo. Lo principal es tratar de evitar un parto prematuro, pero en los casos en los que este es inevitable, se pueden recurrir a otras medidas:<\/p>\n\n\n\n<ul class=\"wp-block-list\">\n<li><strong>Administraci\u00f3n de corticoides a la madre<\/strong>: si se prev\u00e9 un parto prematuro, se pueden inyectar corticoides a la madre entre las 24 y las 48 horas antes del nacimiento. Esto acelera la maduraci\u00f3n pulmonar del feto y aumenta la producci\u00f3n de surfactante.<\/li>\n\n\n\n<li><strong>Administraci\u00f3n de antibi\u00f3ticos a la madre<\/strong>: si hay sospecha de infecci\u00f3n intrauterina o rotura prematura de membranas, se pueden administrar antibi\u00f3ticos a la madre para prevenir o tratar la infecci\u00f3n y reducir el riesgo de SDR neonatal. Para proporcionarte ese plus de seguridad te puede venir genial el <a href=\"https:\/\/www.suavinex.com\/bano-y-cuidado-del-bebe\/cosmetica-mama\/canastilla-regalo-para-mama-recuperacion-post-parto\/p\/base_canastilla_cuidados_postembarazo\">Gel \u00edntimo embarazo y postparto<\/a> de Suavinex incluido en la<a href=\"https:\/\/www.suavinex.com\/bano-y-cuidado-del-bebe\/cosmetica-mama\/canastilla-regalo-para-mama-recuperacion-post-parto\/p\/base_canastilla_cuidados_postembarazo\"> Canastilla regalo Cuidados para mam\u00e1, especial pre-embarazo<\/a>.<\/li>\n<\/ul>\n\n\n<div class=\"wp-block-image\">\n<figure class=\"aligncenter size-full\"><a href=\"https:\/\/www.suavinex.com\/bano-y-cuidado-del-bebe\/cosmetica-mama\/canastilla-regalo-para-mama-recuperacion-post-parto\/p\/base_canastilla_cuidados_postembarazo\"><img loading=\"lazy\" decoding=\"async\" width=\"700\" height=\"300\" src=\"https:\/\/www.suavinex.com\/livingsuavinex\/wp-content\/uploads\/2023\/03\/Canastilla-regalo-Cuidados-para-mama-especial-pre-embarazo.jpg\" alt=\"Canastilla regalo Cuidados para mam\u00e1, especial pre-embarazo\" class=\"wp-image-43724\" srcset=\"https:\/\/www.suavinex.com\/livingsuavinex\/wp-content\/uploads\/2023\/03\/Canastilla-regalo-Cuidados-para-mama-especial-pre-embarazo.jpg 700w, https:\/\/www.suavinex.com\/livingsuavinex\/wp-content\/uploads\/2023\/03\/Canastilla-regalo-Cuidados-para-mama-especial-pre-embarazo-300x129.jpg 300w, https:\/\/www.suavinex.com\/livingsuavinex\/wp-content\/uploads\/2023\/03\/Canastilla-regalo-Cuidados-para-mama-especial-pre-embarazo-200x86.jpg 200w, https:\/\/www.suavinex.com\/livingsuavinex\/wp-content\/uploads\/2023\/03\/Canastilla-regalo-Cuidados-para-mama-especial-pre-embarazo-400x171.jpg 400w, https:\/\/www.suavinex.com\/livingsuavinex\/wp-content\/uploads\/2023\/03\/Canastilla-regalo-Cuidados-para-mama-especial-pre-embarazo-600x257.jpg 600w\" sizes=\"auto, (max-width: 700px) 100vw, 700px\" \/><\/a><\/figure><\/div>\n\n\n<ul class=\"wp-block-list\">\n<li><strong>Control de la glucemia materna<\/strong>: si la madre tiene diabetes, se debe controlar el nivel de az\u00facar en la sangre durante el embarazo y el parto para evitar que afecte al desarrollo pulmonar del feto.<\/li>\n\n\n\n<li><strong>Elecci\u00f3n del <\/strong><a href=\"https:\/\/www.suavinex.com\/livingsuavinex\/cuantos-tipos-de-parto-existen\/\"><strong>tipo de parto<\/strong><\/a>: si es posible, se debe optar por un <a href=\"https:\/\/www.suavinex.com\/livingsuavinex\/parto-natural-ventajas-y-desventajas\/\">parto natural<\/a> o vaginal en lugar de una ces\u00e1rea, ya que el parto vaginal favorece la liberaci\u00f3n de hormonas que estimulan la producci\u00f3n de surfactante en el feto.<\/li>\n<\/ul>\n\n\n\n<p>Como ya hemos comentado, el <strong>s\u00edndrome de distr\u00e9s respiratorio neonatal<\/strong> es altamente tratable en la actualidad y el riesgo para los beb\u00e9s, incluso los prematuros se ha reducido enormemente. No obstante, conviene prevenir los factores de riesgo y tener muy presente la seriedad del problema.<\/p>\n\n\n\n<p><strong>Fuentes:<\/strong><\/p>\n\n\n\n<p><a href=\"https:\/\/www.msdmanuals.com\/es-mx\/hogar\/salud-infantil\/problemas-pulmonares-y-respiratorios-en-reci%C3%A9n-nacidos\/s%C3%ADndrome-de-dificultad-respiratoria-s%C3%ADndrome-de-distr%C3%A9s-respiratorio-en-reci%C3%A9n-nacidos\">S\u00edndrome de dificultad respiratoria en reci\u00e9n nacidos &#8211; Manual MSD<\/a><\/p>\n\n\n\n<p><a href=\"https:\/\/www.webconsultas.com\/bebes-y-ninos\/afecciones-tipicas-infantiles\/que-es-y-causas-del-sindrome-de-distres-respiratorio\">Distr\u00e9s respiratorio en el neonato, qu\u00e9 es, causas y s\u00edntomas &#8211; webconsultas.com<\/a><\/p>\n\n\n\n<p><a href=\"https:\/\/www.sccalp.org\/boletin\/46_supl1\/BolPediatr2006_46_supl1_160-165.pdf\" class=\"broken_link\">S\u00edndrome de distr\u00e9s respiratorio neonatal o enfermedad de membrana hialina &#8211; sccalp.org<\/a><\/p>\n\n\n<div class=\"wp-block-image\">\n<figure class=\"aligncenter size-full\"><a href=\"https:\/\/www.suavinex.com\/livingsuavinex\/registro-crm\/\"><img loading=\"lazy\" decoding=\"async\" width=\"690\" height=\"212\" src=\"https:\/\/www.suavinex.com\/livingsuavinex\/wp-content\/uploads\/2021\/11\/Suavinex-Newsletter.jpg\" alt=\"Suavinex Newsletter\" class=\"wp-image-42187\" srcset=\"https:\/\/www.suavinex.com\/livingsuavinex\/wp-content\/uploads\/2021\/11\/Suavinex-Newsletter.jpg 690w, https:\/\/www.suavinex.com\/livingsuavinex\/wp-content\/uploads\/2021\/11\/Suavinex-Newsletter-300x92.jpg 300w, https:\/\/www.suavinex.com\/livingsuavinex\/wp-content\/uploads\/2021\/11\/Suavinex-Newsletter-200x61.jpg 200w, https:\/\/www.suavinex.com\/livingsuavinex\/wp-content\/uploads\/2021\/11\/Suavinex-Newsletter-400x123.jpg 400w, https:\/\/www.suavinex.com\/livingsuavinex\/wp-content\/uploads\/2021\/11\/Suavinex-Newsletter-600x184.jpg 600w\" sizes=\"auto, (max-width: 690px) 100vw, 690px\" \/><\/a><\/figure><\/div>","protected":false},"excerpt":{"rendered":"Un parto rara vez es algo f\u00e1cil. Hay muchos factores involucrados y hasta los beb\u00e9s que no han mostrado ning\u00fan problema durante el embarazo pueden tener alguna complicaci\u00f3n de \u00faltima hora.&nbsp; El s\u00edndrome de distr\u00e9s respiratorio neonatal es uno de estos problemas inesperados que pueden surgir. Si quieres saber en&#8230; <a class=\"view-article\" href=\"https:\/\/www.suavinex.com\/livingsuavinex\/sindrome-de-distres-respiratorio-neonatal\/\">Ver art\u00edculo<\/a>","protected":false},"author":295,"featured_media":44639,"comment_status":"closed","ping_status":"closed","sticky":false,"template":"","format":"standard","meta":{"inline_featured_image":false,"footnotes":""},"categories":[1059],"tags":[],"class_list":["post-44638","post","type-post","status-publish","format-standard","has-post-thumbnail","hentry","category-postparto"],"yoast_head":"<!-- This site is optimized with the Yoast SEO plugin v26.8 - https:\/\/yoast.com\/product\/yoast-seo-wordpress\/ -->\n<title>\u00bfQu\u00e9 es el s\u00edndrome de distr\u00e9s respiratorio neonatal? | Living Suavinex<\/title>\n<meta name=\"description\" content=\"El s\u00edndrome de distr\u00e9s respiratorio neonatal es un problema inesperado que puede surgir. Si quieres saber en qu\u00e9 consiste, sigue leyendo.\" \/>\n<meta name=\"robots\" content=\"index, follow, max-snippet:-1, max-image-preview:large, max-video-preview:-1\" \/>\n<link rel=\"canonical\" href=\"https:\/\/www.suavinex.com\/livingsuavinex\/sindrome-de-distres-respiratorio-neonatal\/\" \/>\n<meta property=\"og:locale\" content=\"es_ES\" \/>\n<meta property=\"og:type\" content=\"article\" \/>\n<meta property=\"og:title\" content=\"\u00bfQu\u00e9 es el s\u00edndrome de distr\u00e9s respiratorio neonatal? | Living Suavinex\" \/>\n<meta property=\"og:description\" content=\"El s\u00edndrome de distr\u00e9s respiratorio neonatal es un problema inesperado que puede surgir. Si quieres saber en qu\u00e9 consiste, sigue leyendo.\" \/>\n<meta property=\"og:url\" content=\"https:\/\/www.suavinex.com\/livingsuavinex\/sindrome-de-distres-respiratorio-neonatal\/\" \/>\n<meta property=\"og:site_name\" content=\"Living Suavinex\" \/>\n<meta property=\"article:publisher\" content=\"https:\/\/www.facebook.com\/SuavinexSpain\" \/>\n<meta property=\"article:published_time\" content=\"2023-09-07T06:30:00+00:00\" \/>\n<meta property=\"og:image\" content=\"https:\/\/www.suavinex.com\/livingsuavinex\/wp-content\/uploads\/2023\/08\/distres-respiratorio-neonatal.jpg\" \/>\n\t<meta property=\"og:image:width\" content=\"1200\" \/>\n\t<meta property=\"og:image:height\" content=\"800\" \/>\n\t<meta property=\"og:image:type\" content=\"image\/jpeg\" \/>\n<meta name=\"author\" content=\"Suavinex Central\" \/>\n<meta name=\"twitter:card\" content=\"summary_large_image\" \/>\n<meta name=\"twitter:creator\" content=\"@SuavinexSpain\" \/>\n<meta name=\"twitter:site\" content=\"@SuavinexSpain\" \/>\n<meta name=\"twitter:label1\" content=\"Escrito por\" \/>\n\t<meta name=\"twitter:data1\" content=\"Suavinex Central\" \/>\n\t<meta name=\"twitter:label2\" content=\"Tiempo de lectura\" \/>\n\t<meta name=\"twitter:data2\" content=\"7 minutos\" \/>\n<script type=\"application\/ld+json\" class=\"yoast-schema-graph\">{\"@context\":\"https:\/\/schema.org\",\"@graph\":[{\"@type\":\"Article\",\"@id\":\"https:\/\/www.suavinex.com\/livingsuavinex\/sindrome-de-distres-respiratorio-neonatal\/#article\",\"isPartOf\":{\"@id\":\"https:\/\/www.suavinex.com\/livingsuavinex\/sindrome-de-distres-respiratorio-neonatal\/\"},\"author\":{\"name\":\"Suavinex Central\",\"@id\":\"https:\/\/www.suavinex.com\/livingsuavinex\/#\/schema\/person\/836d83f4b1821b11b7b47cffd08f1ecb\"},\"headline\":\"\u00bfQu\u00e9 es el s\u00edndrome de distr\u00e9s respiratorio neonatal?\",\"datePublished\":\"2023-09-07T06:30:00+00:00\",\"mainEntityOfPage\":{\"@id\":\"https:\/\/www.suavinex.com\/livingsuavinex\/sindrome-de-distres-respiratorio-neonatal\/\"},\"wordCount\":1341,\"publisher\":{\"@id\":\"https:\/\/www.suavinex.com\/livingsuavinex\/#organization\"},\"image\":{\"@id\":\"https:\/\/www.suavinex.com\/livingsuavinex\/sindrome-de-distres-respiratorio-neonatal\/#primaryimage\"},\"thumbnailUrl\":\"https:\/\/www.suavinex.com\/livingsuavinex\/wp-content\/uploads\/2023\/08\/distres-respiratorio-neonatal.jpg\",\"articleSection\":[\"Postparto\"],\"inLanguage\":\"es\"},{\"@type\":\"WebPage\",\"@id\":\"https:\/\/www.suavinex.com\/livingsuavinex\/sindrome-de-distres-respiratorio-neonatal\/\",\"url\":\"https:\/\/www.suavinex.com\/livingsuavinex\/sindrome-de-distres-respiratorio-neonatal\/\",\"name\":\"\u00bfQu\u00e9 es el s\u00edndrome de distr\u00e9s respiratorio neonatal? | Living Suavinex\",\"isPartOf\":{\"@id\":\"https:\/\/www.suavinex.com\/livingsuavinex\/#website\"},\"primaryImageOfPage\":{\"@id\":\"https:\/\/www.suavinex.com\/livingsuavinex\/sindrome-de-distres-respiratorio-neonatal\/#primaryimage\"},\"image\":{\"@id\":\"https:\/\/www.suavinex.com\/livingsuavinex\/sindrome-de-distres-respiratorio-neonatal\/#primaryimage\"},\"thumbnailUrl\":\"https:\/\/www.suavinex.com\/livingsuavinex\/wp-content\/uploads\/2023\/08\/distres-respiratorio-neonatal.jpg\",\"datePublished\":\"2023-09-07T06:30:00+00:00\",\"description\":\"El s\u00edndrome de distr\u00e9s respiratorio neonatal es un problema inesperado que puede surgir. Si quieres saber en qu\u00e9 consiste, sigue leyendo.\",\"breadcrumb\":{\"@id\":\"https:\/\/www.suavinex.com\/livingsuavinex\/sindrome-de-distres-respiratorio-neonatal\/#breadcrumb\"},\"inLanguage\":\"es\",\"potentialAction\":[{\"@type\":\"ReadAction\",\"target\":[\"https:\/\/www.suavinex.com\/livingsuavinex\/sindrome-de-distres-respiratorio-neonatal\/\"]}]},{\"@type\":\"ImageObject\",\"inLanguage\":\"es\",\"@id\":\"https:\/\/www.suavinex.com\/livingsuavinex\/sindrome-de-distres-respiratorio-neonatal\/#primaryimage\",\"url\":\"https:\/\/www.suavinex.com\/livingsuavinex\/wp-content\/uploads\/2023\/08\/distres-respiratorio-neonatal.jpg\",\"contentUrl\":\"https:\/\/www.suavinex.com\/livingsuavinex\/wp-content\/uploads\/2023\/08\/distres-respiratorio-neonatal.jpg\",\"width\":1200,\"height\":800,\"caption\":\"distres respiratorio neonatal\"},{\"@type\":\"BreadcrumbList\",\"@id\":\"https:\/\/www.suavinex.com\/livingsuavinex\/sindrome-de-distres-respiratorio-neonatal\/#breadcrumb\",\"itemListElement\":[{\"@type\":\"ListItem\",\"position\":1,\"name\":\"Portada\",\"item\":\"https:\/\/www.suavinex.com\/livingsuavinex\/\"},{\"@type\":\"ListItem\",\"position\":2,\"name\":\"\u00bfQu\u00e9 es el s\u00edndrome de distr\u00e9s respiratorio neonatal?\"}]},{\"@type\":\"WebSite\",\"@id\":\"https:\/\/www.suavinex.com\/livingsuavinex\/#website\",\"url\":\"https:\/\/www.suavinex.com\/livingsuavinex\/\",\"name\":\"Living Suavinex\",\"description\":\"| Familias reales\",\"publisher\":{\"@id\":\"https:\/\/www.suavinex.com\/livingsuavinex\/#organization\"},\"potentialAction\":[{\"@type\":\"SearchAction\",\"target\":{\"@type\":\"EntryPoint\",\"urlTemplate\":\"https:\/\/www.suavinex.com\/livingsuavinex\/?s={search_term_string}\"},\"query-input\":{\"@type\":\"PropertyValueSpecification\",\"valueRequired\":true,\"valueName\":\"search_term_string\"}}],\"inLanguage\":\"es\"},{\"@type\":\"Organization\",\"@id\":\"https:\/\/www.suavinex.com\/livingsuavinex\/#organization\",\"name\":\"Suavinex\",\"url\":\"https:\/\/www.suavinex.com\/livingsuavinex\/\",\"logo\":{\"@type\":\"ImageObject\",\"inLanguage\":\"es\",\"@id\":\"https:\/\/www.suavinex.com\/livingsuavinex\/#\/schema\/logo\/image\/\",\"url\":\"https:\/\/www.suavinex.com\/livingsuavinex\/wp-content\/uploads\/2018\/07\/living_sx_logo_mvl.png\",\"contentUrl\":\"https:\/\/www.suavinex.com\/livingsuavinex\/wp-content\/uploads\/2018\/07\/living_sx_logo_mvl.png\",\"width\":350,\"height\":70,\"caption\":\"Suavinex\"},\"image\":{\"@id\":\"https:\/\/www.suavinex.com\/livingsuavinex\/#\/schema\/logo\/image\/\"},\"sameAs\":[\"https:\/\/www.facebook.com\/SuavinexSpain\",\"https:\/\/x.com\/SuavinexSpain\",\"https:\/\/www.instagram.com\/suavinex_spain\/\",\"https:\/\/www.pinterest.es\/SuavinexSpain\/\",\"https:\/\/www.youtube.com\/channel\/UCgeJREx2R_ZvV2aQMrfWgcA\"]},{\"@type\":\"Person\",\"@id\":\"https:\/\/www.suavinex.com\/livingsuavinex\/#\/schema\/person\/836d83f4b1821b11b7b47cffd08f1ecb\",\"name\":\"Suavinex Central\",\"image\":{\"@type\":\"ImageObject\",\"inLanguage\":\"es\",\"@id\":\"https:\/\/www.suavinex.com\/livingsuavinex\/#\/schema\/person\/image\/\",\"url\":\"https:\/\/secure.gravatar.com\/avatar\/bd43680b784882668035add29f959967?s=96&d=mm&r=g\",\"contentUrl\":\"https:\/\/secure.gravatar.com\/avatar\/bd43680b784882668035add29f959967?s=96&d=mm&r=g\",\"caption\":\"Suavinex Central\"}}]}<\/script>\n<!-- \/ Yoast SEO plugin. -->","yoast_head_json":{"title":"\u00bfQu\u00e9 es el s\u00edndrome de distr\u00e9s respiratorio neonatal? | Living Suavinex","description":"El s\u00edndrome de distr\u00e9s respiratorio neonatal es un problema inesperado que puede surgir. Si quieres saber en qu\u00e9 consiste, sigue leyendo.","robots":{"index":"index","follow":"follow","max-snippet":"max-snippet:-1","max-image-preview":"max-image-preview:large","max-video-preview":"max-video-preview:-1"},"canonical":"https:\/\/www.suavinex.com\/livingsuavinex\/sindrome-de-distres-respiratorio-neonatal\/","og_locale":"es_ES","og_type":"article","og_title":"\u00bfQu\u00e9 es el s\u00edndrome de distr\u00e9s respiratorio neonatal? | Living Suavinex","og_description":"El s\u00edndrome de distr\u00e9s respiratorio neonatal es un problema inesperado que puede surgir. Si quieres saber en qu\u00e9 consiste, sigue leyendo.","og_url":"https:\/\/www.suavinex.com\/livingsuavinex\/sindrome-de-distres-respiratorio-neonatal\/","og_site_name":"Living Suavinex","article_publisher":"https:\/\/www.facebook.com\/SuavinexSpain","article_published_time":"2023-09-07T06:30:00+00:00","og_image":[{"width":1200,"height":800,"url":"https:\/\/www.suavinex.com\/livingsuavinex\/wp-content\/uploads\/2023\/08\/distres-respiratorio-neonatal.jpg","type":"image\/jpeg"}],"author":"Suavinex Central","twitter_card":"summary_large_image","twitter_creator":"@SuavinexSpain","twitter_site":"@SuavinexSpain","twitter_misc":{"Escrito por":"Suavinex Central","Tiempo de lectura":"7 minutos"},"schema":{"@context":"https:\/\/schema.org","@graph":[{"@type":"Article","@id":"https:\/\/www.suavinex.com\/livingsuavinex\/sindrome-de-distres-respiratorio-neonatal\/#article","isPartOf":{"@id":"https:\/\/www.suavinex.com\/livingsuavinex\/sindrome-de-distres-respiratorio-neonatal\/"},"author":{"name":"Suavinex Central","@id":"https:\/\/www.suavinex.com\/livingsuavinex\/#\/schema\/person\/836d83f4b1821b11b7b47cffd08f1ecb"},"headline":"\u00bfQu\u00e9 es el s\u00edndrome de distr\u00e9s respiratorio neonatal?","datePublished":"2023-09-07T06:30:00+00:00","mainEntityOfPage":{"@id":"https:\/\/www.suavinex.com\/livingsuavinex\/sindrome-de-distres-respiratorio-neonatal\/"},"wordCount":1341,"publisher":{"@id":"https:\/\/www.suavinex.com\/livingsuavinex\/#organization"},"image":{"@id":"https:\/\/www.suavinex.com\/livingsuavinex\/sindrome-de-distres-respiratorio-neonatal\/#primaryimage"},"thumbnailUrl":"https:\/\/www.suavinex.com\/livingsuavinex\/wp-content\/uploads\/2023\/08\/distres-respiratorio-neonatal.jpg","articleSection":["Postparto"],"inLanguage":"es"},{"@type":"WebPage","@id":"https:\/\/www.suavinex.com\/livingsuavinex\/sindrome-de-distres-respiratorio-neonatal\/","url":"https:\/\/www.suavinex.com\/livingsuavinex\/sindrome-de-distres-respiratorio-neonatal\/","name":"\u00bfQu\u00e9 es el s\u00edndrome de distr\u00e9s respiratorio neonatal? | Living Suavinex","isPartOf":{"@id":"https:\/\/www.suavinex.com\/livingsuavinex\/#website"},"primaryImageOfPage":{"@id":"https:\/\/www.suavinex.com\/livingsuavinex\/sindrome-de-distres-respiratorio-neonatal\/#primaryimage"},"image":{"@id":"https:\/\/www.suavinex.com\/livingsuavinex\/sindrome-de-distres-respiratorio-neonatal\/#primaryimage"},"thumbnailUrl":"https:\/\/www.suavinex.com\/livingsuavinex\/wp-content\/uploads\/2023\/08\/distres-respiratorio-neonatal.jpg","datePublished":"2023-09-07T06:30:00+00:00","description":"El s\u00edndrome de distr\u00e9s respiratorio neonatal es un problema inesperado que puede surgir. Si quieres saber en qu\u00e9 consiste, sigue leyendo.","breadcrumb":{"@id":"https:\/\/www.suavinex.com\/livingsuavinex\/sindrome-de-distres-respiratorio-neonatal\/#breadcrumb"},"inLanguage":"es","potentialAction":[{"@type":"ReadAction","target":["https:\/\/www.suavinex.com\/livingsuavinex\/sindrome-de-distres-respiratorio-neonatal\/"]}]},{"@type":"ImageObject","inLanguage":"es","@id":"https:\/\/www.suavinex.com\/livingsuavinex\/sindrome-de-distres-respiratorio-neonatal\/#primaryimage","url":"https:\/\/www.suavinex.com\/livingsuavinex\/wp-content\/uploads\/2023\/08\/distres-respiratorio-neonatal.jpg","contentUrl":"https:\/\/www.suavinex.com\/livingsuavinex\/wp-content\/uploads\/2023\/08\/distres-respiratorio-neonatal.jpg","width":1200,"height":800,"caption":"distres respiratorio neonatal"},{"@type":"BreadcrumbList","@id":"https:\/\/www.suavinex.com\/livingsuavinex\/sindrome-de-distres-respiratorio-neonatal\/#breadcrumb","itemListElement":[{"@type":"ListItem","position":1,"name":"Portada","item":"https:\/\/www.suavinex.com\/livingsuavinex\/"},{"@type":"ListItem","position":2,"name":"\u00bfQu\u00e9 es el s\u00edndrome de distr\u00e9s respiratorio neonatal?"}]},{"@type":"WebSite","@id":"https:\/\/www.suavinex.com\/livingsuavinex\/#website","url":"https:\/\/www.suavinex.com\/livingsuavinex\/","name":"Living Suavinex","description":"| Familias reales","publisher":{"@id":"https:\/\/www.suavinex.com\/livingsuavinex\/#organization"},"potentialAction":[{"@type":"SearchAction","target":{"@type":"EntryPoint","urlTemplate":"https:\/\/www.suavinex.com\/livingsuavinex\/?s={search_term_string}"},"query-input":{"@type":"PropertyValueSpecification","valueRequired":true,"valueName":"search_term_string"}}],"inLanguage":"es"},{"@type":"Organization","@id":"https:\/\/www.suavinex.com\/livingsuavinex\/#organization","name":"Suavinex","url":"https:\/\/www.suavinex.com\/livingsuavinex\/","logo":{"@type":"ImageObject","inLanguage":"es","@id":"https:\/\/www.suavinex.com\/livingsuavinex\/#\/schema\/logo\/image\/","url":"https:\/\/www.suavinex.com\/livingsuavinex\/wp-content\/uploads\/2018\/07\/living_sx_logo_mvl.png","contentUrl":"https:\/\/www.suavinex.com\/livingsuavinex\/wp-content\/uploads\/2018\/07\/living_sx_logo_mvl.png","width":350,"height":70,"caption":"Suavinex"},"image":{"@id":"https:\/\/www.suavinex.com\/livingsuavinex\/#\/schema\/logo\/image\/"},"sameAs":["https:\/\/www.facebook.com\/SuavinexSpain","https:\/\/x.com\/SuavinexSpain","https:\/\/www.instagram.com\/suavinex_spain\/","https:\/\/www.pinterest.es\/SuavinexSpain\/","https:\/\/www.youtube.com\/channel\/UCgeJREx2R_ZvV2aQMrfWgcA"]},{"@type":"Person","@id":"https:\/\/www.suavinex.com\/livingsuavinex\/#\/schema\/person\/836d83f4b1821b11b7b47cffd08f1ecb","name":"Suavinex Central","image":{"@type":"ImageObject","inLanguage":"es","@id":"https:\/\/www.suavinex.com\/livingsuavinex\/#\/schema\/person\/image\/","url":"https:\/\/secure.gravatar.com\/avatar\/bd43680b784882668035add29f959967?s=96&d=mm&r=g","contentUrl":"https:\/\/secure.gravatar.com\/avatar\/bd43680b784882668035add29f959967?s=96&d=mm&r=g","caption":"Suavinex Central"}}]}},"_links":{"self":[{"href":"https:\/\/www.suavinex.com\/livingsuavinex\/wp-json\/wp\/v2\/posts\/44638","targetHints":{"allow":["GET"]}}],"collection":[{"href":"https:\/\/www.suavinex.com\/livingsuavinex\/wp-json\/wp\/v2\/posts"}],"about":[{"href":"https:\/\/www.suavinex.com\/livingsuavinex\/wp-json\/wp\/v2\/types\/post"}],"author":[{"embeddable":true,"href":"https:\/\/www.suavinex.com\/livingsuavinex\/wp-json\/wp\/v2\/users\/295"}],"replies":[{"embeddable":true,"href":"https:\/\/www.suavinex.com\/livingsuavinex\/wp-json\/wp\/v2\/comments?post=44638"}],"version-history":[{"count":3,"href":"https:\/\/www.suavinex.com\/livingsuavinex\/wp-json\/wp\/v2\/posts\/44638\/revisions"}],"predecessor-version":[{"id":44706,"href":"https:\/\/www.suavinex.com\/livingsuavinex\/wp-json\/wp\/v2\/posts\/44638\/revisions\/44706"}],"wp:featuredmedia":[{"embeddable":true,"href":"https:\/\/www.suavinex.com\/livingsuavinex\/wp-json\/wp\/v2\/media\/44639"}],"wp:attachment":[{"href":"https:\/\/www.suavinex.com\/livingsuavinex\/wp-json\/wp\/v2\/media?parent=44638"}],"wp:term":[{"taxonomy":"category","embeddable":true,"href":"https:\/\/www.suavinex.com\/livingsuavinex\/wp-json\/wp\/v2\/categories?post=44638"},{"taxonomy":"post_tag","embeddable":true,"href":"https:\/\/www.suavinex.com\/livingsuavinex\/wp-json\/wp\/v2\/tags?post=44638"}],"curies":[{"name":"wp","href":"https:\/\/api.w.org\/{rel}","templated":true}]}}