{"id":44425,"date":"2023-07-27T08:49:31","date_gmt":"2023-07-27T06:49:31","guid":{"rendered":"https:\/\/www.suavinex.com\/livingsuavinex\/?p=44425"},"modified":"2023-07-27T08:52:28","modified_gmt":"2023-07-27T06:52:28","slug":"esenciales-para-bebe-verano-suavinex-beaba","status":"publish","type":"post","link":"https:\/\/www.suavinex.com\/livingsuavinex\/esenciales-para-bebe-verano-suavinex-beaba\/","title":{"rendered":"Esenciales para beb\u00e9 en verano de Suavinex y B\u00e9aba"},"content":{"rendered":"\n<p>Estamos disfrutando de un gran verano y, desde una maternidad consciente, sabemos que, para llenar esta temporada de grandes momentos y experiencias junto con tu beb\u00e9, es importante estar preparada para unas inolvidables vacaciones en familia llenas de diversi\u00f3n y aventuras. Por eso, desde <strong>Suavinex y B\u00e9aba<\/strong>, c\u00f3mo marcas expertas en el cuidado de tu beb\u00e9, nos hemos aliado para ofrecer en nuestras tiendas los <strong>art\u00edculos para beb\u00e9 esenciales este verano<\/strong>.<\/p>\n\n\n\n<h2 class=\"wp-block-heading has-text-align-center\">Cosas esenciales para mi beb\u00e9 en verano<\/h2>\n\n\n\n<p>No solo nos referimos a <a href=\"https:\/\/www.suavinex.com\/bano-y-cuidado-del-bebe\/cosmetica-bebe\/c\/0051\">cosm\u00e9tica para beb\u00e9<\/a> y complementos, hay muchos <a href=\"https:\/\/www.suavinex.com\/imprescindibles-verano\/c\/SUMMER\">imprescindibles de verano para beb\u00e9s<\/a> y reci\u00e9n nacidos que vas a necesitar. Si tienes dudas sobre qu\u00e9 art\u00edculos adorar\u00e1 tu beb\u00e9 y cu\u00e1les van a ser m\u00e1s pr\u00e1cticos, \u00a1no sufras! En Suavinex y B\u00e9aba hemos preparado una lista de cosas para tu beb\u00e9, para que disfrut\u00e9is al m\u00e1ximo del verano.&nbsp;<\/p>\n\n\n\n<h2 class=\"wp-block-heading has-text-align-center\">\u00bfQu\u00e9 ponerle a mi beb\u00e9 en verano?<\/h2>\n\n\n\n<p>Lo primero este verano es proteger a tu beb\u00e9 del sol con la <a href=\"https:\/\/www.suavinex.com\/bano-y-cuidado-del-bebe\/cosmetica-bebe\/pack-leche-hidratante-y-crema-facial-bebe\/p\/set_locion_facial\">primera crema facial SPF 30<\/a>. Adem\u00e1s de cuidar la <a href=\"https:\/\/www.suavinex.com\/livingsuavinex\/piel-del-bebe\/\">piel del beb\u00e9<\/a> del sol y mantenerlo bien fresquito, hay una serie de art\u00edculos para reci\u00e9n nacidos que no deben faltar en tu lista de cosas para el beb\u00e9 este verano. Una de ellas son las <a href=\"https:\/\/www.suavinex.com\/gafas-sol\">gafas de sol de beb\u00e9 y ni\u00f1o<\/a>, que son mucho m\u00e1s que un accesorio de moda ya que ayudan a proteger la <a href=\"https:\/\/www.suavinex.com\/livingsuavinex\/vista-recien-nacido\/\">vista del reci\u00e9n nacido<\/a>. Para los beb\u00e9s y ni\u00f1os peque\u00f1os son muy necesarias para protegerlos de los rayos solares, por ello en nuestra selecci\u00f3n de art\u00edculos para beb\u00e9s Suavinex y B\u00e9aba puedes encontrar modelos para diferentes edades, como las <a href=\"https:\/\/www.suavinex.com\/accesorios-guarderia\/gafas-de-sol\/nuevas-gafas-de-sol-infantiles-cuadradas-polarizadas-azul\/p\/gafas-sol-cuadrada-azul\">Gafas de sol beb\u00e9 0-12 Meses polarizadas, redonda Rosa<\/a> con patillas muy flexibles y super ligeras que incluyen una funda textil de regalo. Est\u00e1n dise\u00f1adas con una forma ergon\u00f3mica espec\u00edfica, perfecta para cuando los beb\u00e9s no tienen el puente de la nariz completamente formado.<\/p>\n\n\n<div class=\"wp-block-image\">\n<figure class=\"aligncenter\"><a href=\"https:\/\/www.suavinex.com\/accesorios-guarderia\/gafas-de-sol\/nuevas-gafas-de-sol-infantiles-cuadradas-polarizadas-azul\/p\/gafas-sol-cuadrada-azul\"><img decoding=\"async\" src=\"https:\/\/lh6.googleusercontent.com\/LA5-lTvkIgg3EIeIWwTIxPKhTWZXEZEKO9mGlFdh9nXZmic7_Tpkox760E5IKUObtnhKr_gHKkFDL5jJcLbsCqLn7frBXh3zcFC2OrTGZug6qtisYJpOGbfVK_vEfx71cdcoPqawJsBzO68u7nOLKA\" alt=\"Gafas de sol beb\u00e9 0-12 Meses polarizadas, redonda Rosa\"\/><\/a><\/figure><\/div>\n\n\n<p>Tambi\u00e9n encontrar\u00e1s otros modelos de gafas en B\u00e9aba como las<a href=\"https:\/\/www.beaba.com\/es-es\/gafas-de-sol\/-gafas-para-9-24-meses-joy-pollen-930328.html\"> gafas para 9-24 meses Joy Pollen<\/a> o las <a href=\"https:\/\/www.beaba.com\/es-es\/gafas-de-sol\/gafas-para-4-6-anos-sunrise-sage-green--930339.html\">gafas para 4-6 a\u00f1os Sunrise Sage Green<\/a>, que han sido dise\u00f1adas en colaboraci\u00f3n con \u00f3pticos, oftalm\u00f3logos y oste\u00f3patas para respetar el desarrollo de la vista de los m\u00e1s peques.<\/p>\n\n\n\n<p>Pero no todo van a ser cremas y complementos, tambi\u00e9n tenemos <a href=\"https:\/\/www.suavinex.com\/bano-y-cuidado-del-bebe\/colonias-y-perfumes-de-bebe\/c\/0053\">colonias para beb\u00e9s<\/a> con unos aromas \u00fanicos con los que contribuir al desarrollo de la memoria olfativa de los m\u00e1s peque\u00f1os. Ahora podr\u00e1s perfumar a tu peque\u00f1o cuando deis un paseo por la playa c\u00f3mo el <a href=\"https:\/\/www.suavinex.com\/bano-y-cuidado-del-bebe\/colonias-y-perfumes-de-bebe\/set-personalizado-baby-cologne-con-peluche-caja-rosa\/p\/setbabycologne_rosa_gato_pers\">Set Baby Cologne con peluche, caja rosa<\/a>. Echa un vistazo a nuestro mundo <a href=\"https:\/\/www.suavinex.com\/baby-cologne\">Baby Cologne<\/a> y descubre nuestra colecci\u00f3n de fragancias, cada una con su propia personalidad y para toda la familia.<\/p>\n\n\n<div class=\"wp-block-image\">\n<figure class=\"aligncenter\"><a href=\"https:\/\/www.suavinex.com\/bano-y-cuidado-del-bebe\/colonias-y-perfumes-de-bebe\/set-personalizado-baby-cologne-con-peluche-caja-rosa\/p\/setbabycologne_rosa_gato_pers\"><img decoding=\"async\" src=\"https:\/\/lh6.googleusercontent.com\/SJVeQARyJUmmlIX9VfCuC7WWpCC06SbtQO_6vcaABqGaCBG_Fe2BXlPYwUpqhhXGh4tmocAZPma57PMjP1iidoo-ZUP2QPshhiWiv-Tiung2To0GDuseyAE5_ywF7EJqmoCFi8jf14fZKJ5hNDu03w\" alt=\"\"\/><\/a><\/figure><\/div>\n\n\n<h2 class=\"wp-block-heading has-text-align-center\">La hora de la comida del beb\u00e9 en verano<\/h2>\n\n\n\n<p>Con la subida de las temperaturas a los ni\u00f1os tambi\u00e9n les cuesta m\u00e1s comer. El calor del verano suele disminuir la necesidad de calor\u00edas. Para que tu beb\u00e9 pueda pasar un verano seguro y tranquilo, necesitas unos art\u00edculos para beb\u00e9 en tu cocina que le estimulen y le faciliten la hora de comer recetas veraniegas que le preparar\u00e9is con mimo los pap\u00e1s. Desde Suavinex y B\u00e9aba te ofrecemos la <a href=\"https:\/\/www.suavinex.com\/alimentacion-del-bebe\/vajilla-infantil\/c\/0032\">vajilla infantil<\/a> de mejor calidad c\u00f3mo <a href=\"https:\/\/www.suavinex.com\/alimentacion-del-bebe\/vajilla-infantil\/s-vajilla-silicona-intense-colour-i3\/p\/000000000000401542\">Vajilla para Beb\u00e9 de Silicona, con Ventosas, Colour Essence Verde<\/a> de Suavinex, y la <a href=\"https:\/\/www.beaba.com\/es-es\/cubiertos-vajillas-y-baberos\/placa-compartimentada-de-silicona-sage-green-913549.html\">Placa Compartimentada de Silicona Sage Green<\/a> de B\u00e9aba para que tu peque tenga compartimentados los alimentos y le permita saborear por separado la comida.&nbsp;<\/p>\n\n\n\n<p>Y para las cremas y pur\u00e9s m\u00e1s fresquitos, en B\u00e9aba dispones del super <a href=\"https:\/\/www.beaba.com\/es-es\/cubiertos-vajillas-y-baberos\/bol-de-silicona-con-ventosa-sage-green-913547.html\" class=\"broken_link\">Bol de Silicona con Ventosa Sage Green<\/a>.<\/p>\n\n\n\n<figure class=\"wp-block-image aligncenter\"><a href=\"https:\/\/www.suavinex.com\/alimentacion-del-bebe\/vajilla-infantil\/s-vajilla-silicona-intense-colour-i3\/p\/000000000000401542\"><img decoding=\"async\" src=\"https:\/\/lh6.googleusercontent.com\/gkaS3tvvSMP_txRJNvJtoVp3QM_zji3Esu19lhwcLNyg4UBjoW_tM5-HY0WjbiUWB1SjusvR4hcv6Y-ru6pJb9RL3o_odWQ0FCzn9ngXT7bkBn1C8T-UVhyd7BZ56ffBTJSC-T6d9jC4GLLS8etVtw\" alt=\"Interfaz de usuario gr\u00e1fica, Aplicaci\u00f3n\n\nDescripci\u00f3n generada autom\u00e1ticamente\"\/><\/a><\/figure>\n\n\n\n<h2 class=\"wp-block-heading has-text-align-center\">Mantener bien hidratado al beb\u00e9<\/h2>\n\n\n\n<p>Hidratar a los beb\u00e9s en esta estaci\u00f3n es muy importante, las altas temperaturas pueden ser muy peligrosas para los ni\u00f1os peque\u00f1os. Por lo que, el consumo de frutas y batidos les aportar\u00e1n esa hidrataci\u00f3n a los ni\u00f1os que les ayudar\u00e1 a pasar el calor del verano. Para evitar la <a href=\"https:\/\/www.suavinex.com\/livingsuavinex\/deshidratacion-ninos-verano\/\">deshidrataci\u00f3n de los ni\u00f1os en verano<\/a>, el mel\u00f3n, la pera o la sand\u00eda son <a href=\"https:\/\/www.suavinex.com\/livingsuavinex\/fruta-bebe\/\">frutas para beb\u00e9<\/a> muy dulces y aportan much\u00edsima agua, adem\u00e1s les encantan. M\u00e1s all\u00e1 de todo esto, lo m\u00e1s importante es hidratar al peque\u00f1o, y para ello puedes utilizar un <a href=\"https:\/\/www.suavinex.com\/livingsuavinex\/biberon-para-dar-agua-a-tu-bebe\/\">biber\u00f3n para dar agua<\/a> a tu beb\u00e9 e hidratarlo en cualquier lugar. Adem\u00e1s, desde Suavinex y B\u00e9aba tenemos estas geniales tazas ergon\u00f3micas que facilitan la hidrataci\u00f3n a tu bebe como la <a href=\"https:\/\/www.beaba.com\/es-es\/biberones-y-accesorios\/taza-con-pajita-de-silicona-sage-green-913573.html\" class=\"broken_link\">Taza con Pajita de Silicona Sage Green<\/a> y <a href=\"https:\/\/www.beaba.com\/es-es\/biberones-y-accesorios\/taza-con-pajita-300-ml-sage-green-913533.html\">Taza con Pajita 300ml Sage Green<\/a>.\u00a0<\/p>\n\n\n\n<p>Incluso dispones de <a href=\"https:\/\/www.suavinex.com\/alimentacion-del-bebe\/botellas-termicas-infantiles\/c\/0036\">botellas t\u00e9rmicas infantiles<\/a> para l\u00edquidos fr\u00edos o calientes de acero inoxidable, pensadas tanto para los ni\u00f1os como para las mam\u00e1s y pap\u00e1s. \u00a1\u00c9chales un vistazo!<\/p>\n\n\n\n<figure class=\"wp-block-image aligncenter\"><a href=\"https:\/\/www.suavinex.com\/alimentacion-del-bebe\/botellas-termicas-infantiles\/s-botella-acero-inox-350ml-forest-rs-i3\/p\/000000000000401341\"><img decoding=\"async\" src=\"https:\/\/lh4.googleusercontent.com\/VimQPI7Wa8xRJvn2PyylEptb6gdSK-ccCeTNmhIFXTxfs76ozFpsw2NAqfrcWyE01RjmXp3V6fK1OSnS7LKpHoEGboHmk1g2ZR3mcprzvuCi0PqfMnhNp3e3Q1JPCQcEw0dOBVrZ7pRN3vZWVz0bOw\" alt=\"Interfaz de usuario gr\u00e1fica, Texto, Aplicaci\u00f3n\n\nDescripci\u00f3n generada autom\u00e1ticamente\"\/><\/a><\/figure>\n\n\n\n<h2 class=\"wp-block-heading has-text-align-center\">\u00bfC\u00f3mo mantener fresco a un beb\u00e9 en verano?<\/h2>\n\n\n\n<p>Aparte de proteger al beb\u00e9 del sol, comer fruta fresquita y, por supuesto, hidratarse mucho es importante tambi\u00e9n:<\/p>\n\n\n\n<p>&#8211; Buscar siempre lugares donde haya sombra c\u00f3mo debajo de un \u00e1rbol o en una terraza con toldo y, en la playa, siempre bajo la sombrilla. Ay\u00fadate de un ventilador port\u00e1til para mantener al bebe fresco.<\/p>\n\n\n\n<p>&#8211; Vestir al beb\u00e9 con ropa fresquita que sea transpirable por ejemplo con tejidos de lino o algod\u00f3n.<\/p>\n\n\n\n<p>&#8211; Tener tiempo adicional para descansar c\u00f3mo dormir una buena siesta despu\u00e9s de jugar puede beneficiar el <a href=\"https:\/\/www.suavinex.com\/livingsuavinex\/sueno-infantil\/\">sue\u00f1o infantil<\/a> del beb\u00e9.&nbsp;<\/p>\n\n\n\n<p>&#8211; Evita cuanto puedas las horas m\u00e1s calurosas del d\u00eda, es mejor salir al comienzo de la ma\u00f1ana o ya al atardecer para evitar al m\u00e1ximo el sol.<\/p>\n\n\n\n<p>&#8211; Aprovecha la <a href=\"https:\/\/www.suavinex.com\/livingsuavinex\/la-hora-del-bano\/\">hora del ba\u00f1o<\/a> del beb\u00e9 para regular su temperatura e hidratarlo. Nuestro <a href=\"https:\/\/www.suavinex.com\/bano-y-cuidado-del-bebe\/cosmetica-bebe\/s-pack-ecom-cosmetica-syndloci-750\/p\/000000000000307395\">Pack Gel &#8211; Champ\u00fa Syndet 750 ml y Loci\u00f3n Hidratante Corporal 750 ml<\/a> contiene lo imprescindible para el aseo de los peque\u00f1os.<\/p>\n\n\n\n<p>Con los art\u00edculos de verano de Suavinex y B\u00e9aba, dos marcas expertas en el cuidado del beb\u00e9, estar\u00e9is preparados para disfrutar de un verano incre\u00edble y con la m\u00e1xima protecci\u00f3n para los m\u00e1s peque\u00f1os de la casa. \u00a1Esperamos que disfrut\u00e9is de unas magn\u00edficas vacaciones con todos los esenciales para beb\u00e9 en verano!<\/p>\n\n\n<div class=\"wp-block-image\">\n<figure class=\"aligncenter size-full\"><a href=\"https:\/\/www.suavinex.com\/livingsuavinex\/registro-crm\/\"><img loading=\"lazy\" decoding=\"async\" width=\"690\" height=\"212\" src=\"https:\/\/www.suavinex.com\/livingsuavinex\/wp-content\/uploads\/2021\/11\/Suavinex-Newsletter.jpg\" alt=\"Suavinex Newsletter\" class=\"wp-image-42187\" srcset=\"https:\/\/www.suavinex.com\/livingsuavinex\/wp-content\/uploads\/2021\/11\/Suavinex-Newsletter.jpg 690w, https:\/\/www.suavinex.com\/livingsuavinex\/wp-content\/uploads\/2021\/11\/Suavinex-Newsletter-300x92.jpg 300w, https:\/\/www.suavinex.com\/livingsuavinex\/wp-content\/uploads\/2021\/11\/Suavinex-Newsletter-200x61.jpg 200w, https:\/\/www.suavinex.com\/livingsuavinex\/wp-content\/uploads\/2021\/11\/Suavinex-Newsletter-400x123.jpg 400w, https:\/\/www.suavinex.com\/livingsuavinex\/wp-content\/uploads\/2021\/11\/Suavinex-Newsletter-600x184.jpg 600w\" sizes=\"auto, (max-width: 690px) 100vw, 690px\" \/><\/a><\/figure><\/div>","protected":false},"excerpt":{"rendered":"Estamos disfrutando de un gran verano y, desde una maternidad consciente, sabemos que, para llenar esta temporada de grandes momentos y experiencias junto con tu beb\u00e9, es importante estar preparada para unas inolvidables vacaciones en familia llenas de diversi\u00f3n y aventuras. Por eso, desde Suavinex y B\u00e9aba, c\u00f3mo marcas expertas&#8230; <a class=\"view-article\" href=\"https:\/\/www.suavinex.com\/livingsuavinex\/esenciales-para-bebe-verano-suavinex-beaba\/\">Ver art\u00edculo<\/a>","protected":false},"author":295,"featured_media":44423,"comment_status":"closed","ping_status":"closed","sticky":false,"template":"","format":"standard","meta":{"inline_featured_image":false,"footnotes":""},"categories":[2279],"tags":[],"class_list":["post-44425","post","type-post","status-publish","format-standard","has-post-thumbnail","hentry","category-news"],"yoast_head":"<!-- This site is optimized with the Yoast SEO plugin v26.8 - https:\/\/yoast.com\/product\/yoast-seo-wordpress\/ -->\n<title>Esenciales para beb\u00e9 en verano de Suavinex y B\u00e9aba | Living Suavinex<\/title>\n<meta name=\"description\" content=\"Suavinex y B\u00e9aba, c\u00f3mo marcas expertas, nos hemos aliado para ofrecer los art\u00edculos para beb\u00e9 esenciales este verano.\" \/>\n<meta name=\"robots\" content=\"index, follow, max-snippet:-1, max-image-preview:large, max-video-preview:-1\" \/>\n<link rel=\"canonical\" href=\"https:\/\/www.suavinex.com\/livingsuavinex\/esenciales-para-bebe-verano-suavinex-beaba\/\" \/>\n<meta property=\"og:locale\" content=\"es_ES\" \/>\n<meta property=\"og:type\" content=\"article\" \/>\n<meta property=\"og:title\" content=\"Esenciales para beb\u00e9 en verano de Suavinex y B\u00e9aba | Living Suavinex\" \/>\n<meta property=\"og:description\" content=\"Suavinex y B\u00e9aba, c\u00f3mo marcas expertas, nos hemos aliado para ofrecer los art\u00edculos para beb\u00e9 esenciales este verano.\" \/>\n<meta property=\"og:url\" content=\"https:\/\/www.suavinex.com\/livingsuavinex\/esenciales-para-bebe-verano-suavinex-beaba\/\" \/>\n<meta property=\"og:site_name\" content=\"Living Suavinex\" \/>\n<meta property=\"article:publisher\" content=\"https:\/\/www.facebook.com\/SuavinexSpain\" \/>\n<meta property=\"article:published_time\" content=\"2023-07-27T06:49:31+00:00\" \/>\n<meta property=\"article:modified_time\" content=\"2023-07-27T06:52:28+00:00\" \/>\n<meta property=\"og:image\" content=\"https:\/\/www.suavinex.com\/livingsuavinex\/wp-content\/uploads\/2023\/08\/esenciales-verano-bebe.jpg\" \/>\n\t<meta property=\"og:image:width\" content=\"1200\" \/>\n\t<meta property=\"og:image:height\" content=\"800\" \/>\n\t<meta property=\"og:image:type\" content=\"image\/jpeg\" \/>\n<meta name=\"author\" content=\"Suavinex Central\" \/>\n<meta name=\"twitter:card\" content=\"summary_large_image\" \/>\n<meta name=\"twitter:creator\" content=\"@SuavinexSpain\" \/>\n<meta name=\"twitter:site\" content=\"@SuavinexSpain\" \/>\n<meta name=\"twitter:label1\" content=\"Escrito por\" \/>\n\t<meta name=\"twitter:data1\" content=\"Suavinex Central\" \/>\n\t<meta name=\"twitter:label2\" content=\"Tiempo de lectura\" \/>\n\t<meta name=\"twitter:data2\" content=\"6 minutos\" \/>\n<script type=\"application\/ld+json\" class=\"yoast-schema-graph\">{\"@context\":\"https:\/\/schema.org\",\"@graph\":[{\"@type\":\"Article\",\"@id\":\"https:\/\/www.suavinex.com\/livingsuavinex\/esenciales-para-bebe-verano-suavinex-beaba\/#article\",\"isPartOf\":{\"@id\":\"https:\/\/www.suavinex.com\/livingsuavinex\/esenciales-para-bebe-verano-suavinex-beaba\/\"},\"author\":{\"name\":\"Suavinex Central\",\"@id\":\"https:\/\/www.suavinex.com\/livingsuavinex\/#\/schema\/person\/836d83f4b1821b11b7b47cffd08f1ecb\"},\"headline\":\"Esenciales para beb\u00e9 en verano de Suavinex y B\u00e9aba\",\"datePublished\":\"2023-07-27T06:49:31+00:00\",\"dateModified\":\"2023-07-27T06:52:28+00:00\",\"mainEntityOfPage\":{\"@id\":\"https:\/\/www.suavinex.com\/livingsuavinex\/esenciales-para-bebe-verano-suavinex-beaba\/\"},\"wordCount\":1092,\"publisher\":{\"@id\":\"https:\/\/www.suavinex.com\/livingsuavinex\/#organization\"},\"image\":{\"@id\":\"https:\/\/www.suavinex.com\/livingsuavinex\/esenciales-para-bebe-verano-suavinex-beaba\/#primaryimage\"},\"thumbnailUrl\":\"https:\/\/www.suavinex.com\/livingsuavinex\/wp-content\/uploads\/2023\/08\/esenciales-verano-bebe.jpg\",\"articleSection\":[\"News!\"],\"inLanguage\":\"es\"},{\"@type\":\"WebPage\",\"@id\":\"https:\/\/www.suavinex.com\/livingsuavinex\/esenciales-para-bebe-verano-suavinex-beaba\/\",\"url\":\"https:\/\/www.suavinex.com\/livingsuavinex\/esenciales-para-bebe-verano-suavinex-beaba\/\",\"name\":\"Esenciales para beb\u00e9 en verano de Suavinex y B\u00e9aba | Living Suavinex\",\"isPartOf\":{\"@id\":\"https:\/\/www.suavinex.com\/livingsuavinex\/#website\"},\"primaryImageOfPage\":{\"@id\":\"https:\/\/www.suavinex.com\/livingsuavinex\/esenciales-para-bebe-verano-suavinex-beaba\/#primaryimage\"},\"image\":{\"@id\":\"https:\/\/www.suavinex.com\/livingsuavinex\/esenciales-para-bebe-verano-suavinex-beaba\/#primaryimage\"},\"thumbnailUrl\":\"https:\/\/www.suavinex.com\/livingsuavinex\/wp-content\/uploads\/2023\/08\/esenciales-verano-bebe.jpg\",\"datePublished\":\"2023-07-27T06:49:31+00:00\",\"dateModified\":\"2023-07-27T06:52:28+00:00\",\"description\":\"Suavinex y B\u00e9aba, c\u00f3mo marcas expertas, nos hemos aliado para ofrecer los art\u00edculos para beb\u00e9 esenciales este verano.\",\"breadcrumb\":{\"@id\":\"https:\/\/www.suavinex.com\/livingsuavinex\/esenciales-para-bebe-verano-suavinex-beaba\/#breadcrumb\"},\"inLanguage\":\"es\",\"potentialAction\":[{\"@type\":\"ReadAction\",\"target\":[\"https:\/\/www.suavinex.com\/livingsuavinex\/esenciales-para-bebe-verano-suavinex-beaba\/\"]}]},{\"@type\":\"ImageObject\",\"inLanguage\":\"es\",\"@id\":\"https:\/\/www.suavinex.com\/livingsuavinex\/esenciales-para-bebe-verano-suavinex-beaba\/#primaryimage\",\"url\":\"https:\/\/www.suavinex.com\/livingsuavinex\/wp-content\/uploads\/2023\/08\/esenciales-verano-bebe.jpg\",\"contentUrl\":\"https:\/\/www.suavinex.com\/livingsuavinex\/wp-content\/uploads\/2023\/08\/esenciales-verano-bebe.jpg\",\"width\":1200,\"height\":800,\"caption\":\"Esenciales de beb\u00e9 en verano\"},{\"@type\":\"BreadcrumbList\",\"@id\":\"https:\/\/www.suavinex.com\/livingsuavinex\/esenciales-para-bebe-verano-suavinex-beaba\/#breadcrumb\",\"itemListElement\":[{\"@type\":\"ListItem\",\"position\":1,\"name\":\"Portada\",\"item\":\"https:\/\/www.suavinex.com\/livingsuavinex\/\"},{\"@type\":\"ListItem\",\"position\":2,\"name\":\"Esenciales para beb\u00e9 en verano de Suavinex y B\u00e9aba\"}]},{\"@type\":\"WebSite\",\"@id\":\"https:\/\/www.suavinex.com\/livingsuavinex\/#website\",\"url\":\"https:\/\/www.suavinex.com\/livingsuavinex\/\",\"name\":\"Living Suavinex\",\"description\":\"| Familias reales\",\"publisher\":{\"@id\":\"https:\/\/www.suavinex.com\/livingsuavinex\/#organization\"},\"potentialAction\":[{\"@type\":\"SearchAction\",\"target\":{\"@type\":\"EntryPoint\",\"urlTemplate\":\"https:\/\/www.suavinex.com\/livingsuavinex\/?s={search_term_string}\"},\"query-input\":{\"@type\":\"PropertyValueSpecification\",\"valueRequired\":true,\"valueName\":\"search_term_string\"}}],\"inLanguage\":\"es\"},{\"@type\":\"Organization\",\"@id\":\"https:\/\/www.suavinex.com\/livingsuavinex\/#organization\",\"name\":\"Suavinex\",\"url\":\"https:\/\/www.suavinex.com\/livingsuavinex\/\",\"logo\":{\"@type\":\"ImageObject\",\"inLanguage\":\"es\",\"@id\":\"https:\/\/www.suavinex.com\/livingsuavinex\/#\/schema\/logo\/image\/\",\"url\":\"https:\/\/www.suavinex.com\/livingsuavinex\/wp-content\/uploads\/2018\/07\/living_sx_logo_mvl.png\",\"contentUrl\":\"https:\/\/www.suavinex.com\/livingsuavinex\/wp-content\/uploads\/2018\/07\/living_sx_logo_mvl.png\",\"width\":350,\"height\":70,\"caption\":\"Suavinex\"},\"image\":{\"@id\":\"https:\/\/www.suavinex.com\/livingsuavinex\/#\/schema\/logo\/image\/\"},\"sameAs\":[\"https:\/\/www.facebook.com\/SuavinexSpain\",\"https:\/\/x.com\/SuavinexSpain\",\"https:\/\/www.instagram.com\/suavinex_spain\/\",\"https:\/\/www.pinterest.es\/SuavinexSpain\/\",\"https:\/\/www.youtube.com\/channel\/UCgeJREx2R_ZvV2aQMrfWgcA\"]},{\"@type\":\"Person\",\"@id\":\"https:\/\/www.suavinex.com\/livingsuavinex\/#\/schema\/person\/836d83f4b1821b11b7b47cffd08f1ecb\",\"name\":\"Suavinex Central\",\"image\":{\"@type\":\"ImageObject\",\"inLanguage\":\"es\",\"@id\":\"https:\/\/www.suavinex.com\/livingsuavinex\/#\/schema\/person\/image\/\",\"url\":\"https:\/\/secure.gravatar.com\/avatar\/bd43680b784882668035add29f959967?s=96&d=mm&r=g\",\"contentUrl\":\"https:\/\/secure.gravatar.com\/avatar\/bd43680b784882668035add29f959967?s=96&d=mm&r=g\",\"caption\":\"Suavinex Central\"}}]}<\/script>\n<!-- \/ Yoast SEO plugin. -->","yoast_head_json":{"title":"Esenciales para beb\u00e9 en verano de Suavinex y B\u00e9aba | Living Suavinex","description":"Suavinex y B\u00e9aba, c\u00f3mo marcas expertas, nos hemos aliado para ofrecer los art\u00edculos para beb\u00e9 esenciales este verano.","robots":{"index":"index","follow":"follow","max-snippet":"max-snippet:-1","max-image-preview":"max-image-preview:large","max-video-preview":"max-video-preview:-1"},"canonical":"https:\/\/www.suavinex.com\/livingsuavinex\/esenciales-para-bebe-verano-suavinex-beaba\/","og_locale":"es_ES","og_type":"article","og_title":"Esenciales para beb\u00e9 en verano de Suavinex y B\u00e9aba | Living Suavinex","og_description":"Suavinex y B\u00e9aba, c\u00f3mo marcas expertas, nos hemos aliado para ofrecer los art\u00edculos para beb\u00e9 esenciales este verano.","og_url":"https:\/\/www.suavinex.com\/livingsuavinex\/esenciales-para-bebe-verano-suavinex-beaba\/","og_site_name":"Living Suavinex","article_publisher":"https:\/\/www.facebook.com\/SuavinexSpain","article_published_time":"2023-07-27T06:49:31+00:00","article_modified_time":"2023-07-27T06:52:28+00:00","og_image":[{"width":1200,"height":800,"url":"https:\/\/www.suavinex.com\/livingsuavinex\/wp-content\/uploads\/2023\/08\/esenciales-verano-bebe.jpg","type":"image\/jpeg"}],"author":"Suavinex Central","twitter_card":"summary_large_image","twitter_creator":"@SuavinexSpain","twitter_site":"@SuavinexSpain","twitter_misc":{"Escrito por":"Suavinex Central","Tiempo de lectura":"6 minutos"},"schema":{"@context":"https:\/\/schema.org","@graph":[{"@type":"Article","@id":"https:\/\/www.suavinex.com\/livingsuavinex\/esenciales-para-bebe-verano-suavinex-beaba\/#article","isPartOf":{"@id":"https:\/\/www.suavinex.com\/livingsuavinex\/esenciales-para-bebe-verano-suavinex-beaba\/"},"author":{"name":"Suavinex Central","@id":"https:\/\/www.suavinex.com\/livingsuavinex\/#\/schema\/person\/836d83f4b1821b11b7b47cffd08f1ecb"},"headline":"Esenciales para beb\u00e9 en verano de Suavinex y B\u00e9aba","datePublished":"2023-07-27T06:49:31+00:00","dateModified":"2023-07-27T06:52:28+00:00","mainEntityOfPage":{"@id":"https:\/\/www.suavinex.com\/livingsuavinex\/esenciales-para-bebe-verano-suavinex-beaba\/"},"wordCount":1092,"publisher":{"@id":"https:\/\/www.suavinex.com\/livingsuavinex\/#organization"},"image":{"@id":"https:\/\/www.suavinex.com\/livingsuavinex\/esenciales-para-bebe-verano-suavinex-beaba\/#primaryimage"},"thumbnailUrl":"https:\/\/www.suavinex.com\/livingsuavinex\/wp-content\/uploads\/2023\/08\/esenciales-verano-bebe.jpg","articleSection":["News!"],"inLanguage":"es"},{"@type":"WebPage","@id":"https:\/\/www.suavinex.com\/livingsuavinex\/esenciales-para-bebe-verano-suavinex-beaba\/","url":"https:\/\/www.suavinex.com\/livingsuavinex\/esenciales-para-bebe-verano-suavinex-beaba\/","name":"Esenciales para beb\u00e9 en verano de Suavinex y B\u00e9aba | Living Suavinex","isPartOf":{"@id":"https:\/\/www.suavinex.com\/livingsuavinex\/#website"},"primaryImageOfPage":{"@id":"https:\/\/www.suavinex.com\/livingsuavinex\/esenciales-para-bebe-verano-suavinex-beaba\/#primaryimage"},"image":{"@id":"https:\/\/www.suavinex.com\/livingsuavinex\/esenciales-para-bebe-verano-suavinex-beaba\/#primaryimage"},"thumbnailUrl":"https:\/\/www.suavinex.com\/livingsuavinex\/wp-content\/uploads\/2023\/08\/esenciales-verano-bebe.jpg","datePublished":"2023-07-27T06:49:31+00:00","dateModified":"2023-07-27T06:52:28+00:00","description":"Suavinex y B\u00e9aba, c\u00f3mo marcas expertas, nos hemos aliado para ofrecer los art\u00edculos para beb\u00e9 esenciales este verano.","breadcrumb":{"@id":"https:\/\/www.suavinex.com\/livingsuavinex\/esenciales-para-bebe-verano-suavinex-beaba\/#breadcrumb"},"inLanguage":"es","potentialAction":[{"@type":"ReadAction","target":["https:\/\/www.suavinex.com\/livingsuavinex\/esenciales-para-bebe-verano-suavinex-beaba\/"]}]},{"@type":"ImageObject","inLanguage":"es","@id":"https:\/\/www.suavinex.com\/livingsuavinex\/esenciales-para-bebe-verano-suavinex-beaba\/#primaryimage","url":"https:\/\/www.suavinex.com\/livingsuavinex\/wp-content\/uploads\/2023\/08\/esenciales-verano-bebe.jpg","contentUrl":"https:\/\/www.suavinex.com\/livingsuavinex\/wp-content\/uploads\/2023\/08\/esenciales-verano-bebe.jpg","width":1200,"height":800,"caption":"Esenciales de beb\u00e9 en verano"},{"@type":"BreadcrumbList","@id":"https:\/\/www.suavinex.com\/livingsuavinex\/esenciales-para-bebe-verano-suavinex-beaba\/#breadcrumb","itemListElement":[{"@type":"ListItem","position":1,"name":"Portada","item":"https:\/\/www.suavinex.com\/livingsuavinex\/"},{"@type":"ListItem","position":2,"name":"Esenciales para beb\u00e9 en verano de Suavinex y B\u00e9aba"}]},{"@type":"WebSite","@id":"https:\/\/www.suavinex.com\/livingsuavinex\/#website","url":"https:\/\/www.suavinex.com\/livingsuavinex\/","name":"Living Suavinex","description":"| Familias reales","publisher":{"@id":"https:\/\/www.suavinex.com\/livingsuavinex\/#organization"},"potentialAction":[{"@type":"SearchAction","target":{"@type":"EntryPoint","urlTemplate":"https:\/\/www.suavinex.com\/livingsuavinex\/?s={search_term_string}"},"query-input":{"@type":"PropertyValueSpecification","valueRequired":true,"valueName":"search_term_string"}}],"inLanguage":"es"},{"@type":"Organization","@id":"https:\/\/www.suavinex.com\/livingsuavinex\/#organization","name":"Suavinex","url":"https:\/\/www.suavinex.com\/livingsuavinex\/","logo":{"@type":"ImageObject","inLanguage":"es","@id":"https:\/\/www.suavinex.com\/livingsuavinex\/#\/schema\/logo\/image\/","url":"https:\/\/www.suavinex.com\/livingsuavinex\/wp-content\/uploads\/2018\/07\/living_sx_logo_mvl.png","contentUrl":"https:\/\/www.suavinex.com\/livingsuavinex\/wp-content\/uploads\/2018\/07\/living_sx_logo_mvl.png","width":350,"height":70,"caption":"Suavinex"},"image":{"@id":"https:\/\/www.suavinex.com\/livingsuavinex\/#\/schema\/logo\/image\/"},"sameAs":["https:\/\/www.facebook.com\/SuavinexSpain","https:\/\/x.com\/SuavinexSpain","https:\/\/www.instagram.com\/suavinex_spain\/","https:\/\/www.pinterest.es\/SuavinexSpain\/","https:\/\/www.youtube.com\/channel\/UCgeJREx2R_ZvV2aQMrfWgcA"]},{"@type":"Person","@id":"https:\/\/www.suavinex.com\/livingsuavinex\/#\/schema\/person\/836d83f4b1821b11b7b47cffd08f1ecb","name":"Suavinex Central","image":{"@type":"ImageObject","inLanguage":"es","@id":"https:\/\/www.suavinex.com\/livingsuavinex\/#\/schema\/person\/image\/","url":"https:\/\/secure.gravatar.com\/avatar\/bd43680b784882668035add29f959967?s=96&d=mm&r=g","contentUrl":"https:\/\/secure.gravatar.com\/avatar\/bd43680b784882668035add29f959967?s=96&d=mm&r=g","caption":"Suavinex Central"}}]}},"_links":{"self":[{"href":"https:\/\/www.suavinex.com\/livingsuavinex\/wp-json\/wp\/v2\/posts\/44425","targetHints":{"allow":["GET"]}}],"collection":[{"href":"https:\/\/www.suavinex.com\/livingsuavinex\/wp-json\/wp\/v2\/posts"}],"about":[{"href":"https:\/\/www.suavinex.com\/livingsuavinex\/wp-json\/wp\/v2\/types\/post"}],"author":[{"embeddable":true,"href":"https:\/\/www.suavinex.com\/livingsuavinex\/wp-json\/wp\/v2\/users\/295"}],"replies":[{"embeddable":true,"href":"https:\/\/www.suavinex.com\/livingsuavinex\/wp-json\/wp\/v2\/comments?post=44425"}],"version-history":[{"count":4,"href":"https:\/\/www.suavinex.com\/livingsuavinex\/wp-json\/wp\/v2\/posts\/44425\/revisions"}],"predecessor-version":[{"id":44429,"href":"https:\/\/www.suavinex.com\/livingsuavinex\/wp-json\/wp\/v2\/posts\/44425\/revisions\/44429"}],"wp:featuredmedia":[{"embeddable":true,"href":"https:\/\/www.suavinex.com\/livingsuavinex\/wp-json\/wp\/v2\/media\/44423"}],"wp:attachment":[{"href":"https:\/\/www.suavinex.com\/livingsuavinex\/wp-json\/wp\/v2\/media?parent=44425"}],"wp:term":[{"taxonomy":"category","embeddable":true,"href":"https:\/\/www.suavinex.com\/livingsuavinex\/wp-json\/wp\/v2\/categories?post=44425"},{"taxonomy":"post_tag","embeddable":true,"href":"https:\/\/www.suavinex.com\/livingsuavinex\/wp-json\/wp\/v2\/tags?post=44425"}],"curies":[{"name":"wp","href":"https:\/\/api.w.org\/{rel}","templated":true}]}}