{"id":44404,"date":"2023-09-11T08:30:00","date_gmt":"2023-09-11T06:30:00","guid":{"rendered":"https:\/\/www.suavinex.com\/livingsuavinex\/?p=44404"},"modified":"2024-02-05T11:36:43","modified_gmt":"2024-02-05T10:36:43","slug":"cual-es-la-mejor-crema-para-culito-irritado-bebe","status":"publish","type":"post","link":"https:\/\/www.suavinex.com\/livingsuavinex\/cual-es-la-mejor-crema-para-culito-irritado-bebe\/","title":{"rendered":"\u00bfCu\u00e1l es la mejor crema para el culito irritado del beb\u00e9?"},"content":{"rendered":"\n<p>La&nbsp;<a href=\"https:\/\/www.suavinex.com\/livingsuavinex\/dermatitis-panal-2\/\" class=\"broken_link\"><strong>dermatitis del pa\u00f1al<\/strong><\/a>&nbsp;es una afecci\u00f3n de la piel que afecta com\u00fanmente a los beb\u00e9s y que, aunque no es peligrosa, puede ser muy molesta e inc\u00f3moda para el beb\u00e9, y a veces, incluso dolorosa. Para tratarla y aliviar los s\u00edntomas, hay que utilizar la <strong>mejor <a href=\"https:\/\/www.suavinex.com\/pomada-panal\">crema protectora de pa\u00f1al<\/a> para el culete del beb\u00e9<\/strong>.&nbsp;&nbsp;<\/p>\n\n\n\n<p>Esta afecci\u00f3n no tiene una causa clara, pero suele estar relacionada con la mezcla de humedad, fricci\u00f3n, maceraci\u00f3n y alteraciones en el pH de la piel que producen la orina y las heces del beb\u00e9. Tambi\u00e9n pueden afectar productos qu\u00edmicos como los jabones agresivos y los productos con perfumes y alcohol.&nbsp;<\/p>\n\n\n\n<p>Si tu beb\u00e9 la padece, utilizar una crema espec\u00edfica para el culito irritado&nbsp;puede ser de gran ayuda para aliviar el picor y el escozor que siente el chiquit\u00edn y recuperar la normalidad en la piel de esa zona.<\/p>\n\n\n\n<p>Si quieres saber cu\u00e1l es la <strong>mejor crema para el culete del beb\u00e9<\/strong>, sigue leyendo porque vamos a presentarte el \u00faltimo lanzamiento de Suavinex y descubrir\u00e1s por qu\u00e9 sus caracter\u00edsticas son las m\u00e1s adecuadas para tratarla.<\/p>\n\n\n\n<h2 class=\"wp-block-heading has-text-align-center\">\u00bfC\u00f3mo elegir la mejor crema para el culete del beb\u00e9?<\/h2>\n\n\n\n<p>No todos los beb\u00e9s son iguales y no todas las pieles tienen las mismas caracter\u00edsticas y reaccionan igual a los diferentes productos. Lo que a un beb\u00e9 le funciona de maravilla, a otro puede no funcionarle igual de bien o incluso empeorar la situaci\u00f3n produciendo reacciones al\u00e9rgicas.<\/p>\n\n\n\n<p>Por esta raz\u00f3n, es muy importante conocer bien las caracter\u00edsticas tanto de la crema que queremos aplicar, como de nuestra piel.&nbsp;<\/p>\n\n\n\n<p>Estas son algunas de las variables con las que hay contar antes de escoger una crema para el culito irritado:<\/p>\n\n\n\n<p>&#8211; Considera que <strong>la <\/strong><a href=\"https:\/\/www.suavinex.com\/livingsuavinex\/piel-del-bebe\/\"><strong>piel del beb\u00e9<\/strong><\/a><strong> es m\u00e1s sensible<\/strong>, pero que, adem\u00e1s, algunos beb\u00e9s tienen <a href=\"https:\/\/www.suavinex.com\/livingsuavinex\/dermatitis-atopica\/\">dermatitis at\u00f3pica<\/a> o alergias a ciertos componentes, tanto qu\u00edmicos como naturales. En estos casos, siempre es importante revisar las etiquetas de los productos.&nbsp;<\/p>\n\n\n\n<p><strong>&#8211; <\/strong><a href=\"https:\/\/www.suavinex.com\/livingsuavinex\/cuando-y-como-cambiar-el-panal-al-bebe\/\"><strong>\u00bfCu\u00e1ndo y c\u00f3mo cambiar el pa\u00f1al al beb\u00e9?<\/strong><\/a><strong> <\/strong>La humedad y el roce son dos de los factores que pueden desencadenar la molestia y conviene que el pa\u00f1al est\u00e9 h\u00famedo el menor tiempo posible. Sin embargo, aplicar cremas cada vez que se cambia el pa\u00f1al puede ser contraproducente.<\/p>\n\n\n\n<p>&#8211; <strong>\u00bfQu\u00e9 intensidad tiene la crema?<\/strong> No todas las cremas y pomadas est\u00e1n formuladas igual. Si tu beb\u00e9 solo tiene una irritaci\u00f3n leve, emplear una crema demasiado agresiva para el culito irritado puede causar un desequilibrio y agravar el problema en vez de arreglarlo.<\/p>\n\n\n\n<h3 class=\"wp-block-heading has-text-align-center\">\u00bfCrema o pomada para la irritaci\u00f3n?<\/h3>\n\n\n\n<p>En Suavinex, el cuidado y <strong>bienestar de los beb\u00e9s es nuestra prioridad<\/strong> y conocemos de primera mano lo frecuente que se irrita el culito del beb\u00e9 y lo dif\u00edcil que es prevenirlo incluso siguiendo todas las recomendaciones.&nbsp;<\/p>\n\n\n\n<p>Por eso contamos con una <strong>gama de cremas y pomadas en nuestra secci\u00f3n de<\/strong><strong> <\/strong><a href=\"https:\/\/www.suavinex.com\/bano-y-cuidado-del-bebe\/cosmetica-bebe\/c\/0051\"><strong>cosm\u00e9tica para beb\u00e9s<\/strong><\/a> para el culito irritado del beb\u00e9 entre las que puedes elegir y adem\u00e1s hemos lanzado una nueva pomada protectora regeneradora que mantendr\u00e1 la piel de tu bebe libre de irritaciones.<\/p>\n\n\n\n<p>Es importante saber que <strong>no siempre hay que utilizar el mismo producto<\/strong>. Por ejemplo, por la noche, cuando el pa\u00f1al se cambia menos veces, se recomienda utilizar la pomada para que la piel est\u00e9 muy protegida. Con ello se minimizan los riesgos de irritaci\u00f3n. Por el d\u00eda, si cambias el pa\u00f1al de tu beb\u00e9 con mucha frecuencia, puedes decidirte por la crema de pa\u00f1al, que es menos densa y, en caso de que la piel de tu beb\u00e9 sea muy sensible, es mejor emplear siempre la pomada intensiva del pa\u00f1al.<\/p>\n\n\n\n<p>Si no sabes por cu\u00e1l decidirte, lo primero es conocer sus propiedades.<\/p>\n\n\n\n<p>&#8211;  <a href=\"https:\/\/www.suavinex.com\/accesorios-guarderia\/sets-de-guarderia\/pack-crema-panal\/p\/set_crema_panal\"><strong>Crema de pa\u00f1al 75ml<\/strong><\/a><strong> Suavinex<\/strong>: La&nbsp;crema del pa\u00f1al&nbsp;es una protecci\u00f3n eficaz frente a las agresiones externas y ayuda a que la piel se regenere e hidrate diariamente. Gracias a su triple acci\u00f3n, previene las irritaciones y alivia la piel del culito.<\/p>\n\n\n\n<p>&#8211;  <a href=\"https:\/\/www.suavinex.com\/accesorios-guarderia\/sets-de-guarderia\/pack-pomada-panal-protectora-reparadora\/p\/pack-crema-pomada-pa%C3%B1al\"><strong>Pomada intensiva del pa\u00f1al 75ml<\/strong><\/a> <strong>Suavinex<\/strong>:&nbsp; La <a href=\"https:\/\/www.suavinex.com\/accesorios-guarderia\/sets-de-guarderia\/pack-pomada-panal-protectora-reparadora\/p\/pack-crema-pomada-pa%C3%B1al?utm_source=livingpost&amp;utm_medium=best&amp;utm_campaign=190218_livingpost_POMADAINTENSIVA\">pomada intensiva<\/a>&nbsp;est\u00e1 indicada si tu beb\u00e9 tiene irritaciones fuertes en la zona del pa\u00f1al. Est\u00e1 formulada con un&nbsp;89 % de ingredientes naturales&nbsp;y es m\u00e1s preventiva y calmante. Adem\u00e1s, es una ayuda para combatir las&nbsp;<a href=\"https:\/\/www.suavinex.com\/livingsuavinex\/consejos-cuidar-bebe-invierno\/\">agresiones del invierno<\/a>.<\/p>\n\n\n\n<p>Ambas las puedes conseguir en nuestro <a href=\"https:\/\/www.suavinex.com\/accesorios-guarderia\/sets-de-guarderia\/baseguarderia1\/p\/base_guarderia1\">Pack especial paseo culito limpio<\/a> que incluye nuestra <a href=\"https:\/\/www.suavinex.com\/bano-y-cuidado-del-bebe\/colonias-y-perfumes-de-bebe\/c\/0053\">colonia de beb\u00e9<\/a> Baby Cologne.<\/p>\n\n\n<div class=\"wp-block-image\">\n<figure class=\"aligncenter size-full\"><a href=\"https:\/\/www.suavinex.com\/accesorios-guarderia\/sets-de-guarderia\/baseguarderia1\/p\/base_guarderia1\"><img loading=\"lazy\" decoding=\"async\" width=\"700\" height=\"300\" src=\"https:\/\/www.suavinex.com\/livingsuavinex\/wp-content\/uploads\/2021\/07\/pack-especial-paseo-culito-limpio.jpg\" alt=\"pack especial paseo culito limpio\" class=\"wp-image-41829\" srcset=\"https:\/\/www.suavinex.com\/livingsuavinex\/wp-content\/uploads\/2021\/07\/pack-especial-paseo-culito-limpio.jpg 700w, https:\/\/www.suavinex.com\/livingsuavinex\/wp-content\/uploads\/2021\/07\/pack-especial-paseo-culito-limpio-300x129.jpg 300w, https:\/\/www.suavinex.com\/livingsuavinex\/wp-content\/uploads\/2021\/07\/pack-especial-paseo-culito-limpio-200x86.jpg 200w, https:\/\/www.suavinex.com\/livingsuavinex\/wp-content\/uploads\/2021\/07\/pack-especial-paseo-culito-limpio-400x171.jpg 400w, https:\/\/www.suavinex.com\/livingsuavinex\/wp-content\/uploads\/2021\/07\/pack-especial-paseo-culito-limpio-600x257.jpg 600w\" sizes=\"auto, (max-width: 700px) 100vw, 700px\" \/><\/a><\/figure><\/div>\n\n\n<p>Tambi\u00e9n tienes disponible nuestro <a href=\"https:\/\/www.suavinex.com\/bano-y-cuidado-del-bebe\/cosmetica-bebe\/pack-toallitas-para-bebe-formato-ahorro\/p\/pack_toallitas_crema\">Pack Toallitas para beb\u00e9 y Crema del Pa\u00f1al<\/a> cl\u00ednicamente testada bajo control dermatol\u00f3gico, oftalmol\u00f3gico y pedi\u00e1trico.<\/p>\n\n\n<div class=\"wp-block-image\">\n<figure class=\"aligncenter size-full\"><a href=\"https:\/\/www.suavinex.com\/bano-y-cuidado-del-bebe\/cosmetica-bebe\/pack-toallitas-para-bebe-formato-ahorro\/p\/pack_toallitas_crema\"><img loading=\"lazy\" decoding=\"async\" width=\"700\" height=\"300\" src=\"https:\/\/www.suavinex.com\/livingsuavinex\/wp-content\/uploads\/2023\/07\/pack-toallitas-para-bebe-y-crema-del-panal.jpg\" alt=\"\" class=\"wp-image-44406\" srcset=\"https:\/\/www.suavinex.com\/livingsuavinex\/wp-content\/uploads\/2023\/07\/pack-toallitas-para-bebe-y-crema-del-panal.jpg 700w, https:\/\/www.suavinex.com\/livingsuavinex\/wp-content\/uploads\/2023\/07\/pack-toallitas-para-bebe-y-crema-del-panal-250x107.jpg 250w, https:\/\/www.suavinex.com\/livingsuavinex\/wp-content\/uploads\/2023\/07\/pack-toallitas-para-bebe-y-crema-del-panal-120x51.jpg 120w\" sizes=\"auto, (max-width: 700px) 100vw, 700px\" \/><\/a><\/figure><\/div>\n\n\n<h3 class=\"wp-block-heading has-text-align-center\">Nueva pomada protectora regeneradora<\/h3>\n\n\n\n<p>La nueva crema para el culito irritado del beb\u00e9 de Suavinex, contiene todo lo que necesita la piel del beb\u00e9 para estar hidratada y cuidada y prevenir la dermatitis.&nbsp;<\/p>\n\n\n\n<p>Est\u00e1 enriquecida con IEP (Inhibidor de Enzima Proteasa) y Pantenol (Pro-vitamina B5) que refuerzan la epidermis y neutralizan las enzimas que promueven la irritaci\u00f3n de la piel del culete del beb\u00e9.&nbsp;<\/p>\n\n\n\n<p>Adem\u00e1s, la pomada protectora reparadora de Suavinex tiene una acci\u00f3n reparadora, para cuando ya se ha producido la irritaci\u00f3n de la piel. Esta pomada alivia el escozor y el picor de la piel irritada, fomenta la regeneraci\u00f3n de la piel da\u00f1ada y protege la barrera de la piel, reforz\u00e1ndola para prevenir que aparezca de nuevo la dermatitis.<\/p>\n\n\n\n<p><br>Y t\u00fa \u00bf<strong>C\u00f3mo cuidas del culito irritado de tu beb\u00e9<\/strong>? \u00bfHas probado alguna de las cremas y pomadas de Suavinex?<\/p>\n\n\n<div class=\"wp-block-image\">\n<figure class=\"aligncenter size-full\"><a href=\"https:\/\/www.suavinex.com\/livingsuavinex\/registro-crm\/\"><img loading=\"lazy\" decoding=\"async\" width=\"690\" height=\"212\" src=\"https:\/\/www.suavinex.com\/livingsuavinex\/wp-content\/uploads\/2021\/11\/Suavinex-Newsletter.jpg\" alt=\"Suavinex Newsletter\" class=\"wp-image-42187\" srcset=\"https:\/\/www.suavinex.com\/livingsuavinex\/wp-content\/uploads\/2021\/11\/Suavinex-Newsletter.jpg 690w, https:\/\/www.suavinex.com\/livingsuavinex\/wp-content\/uploads\/2021\/11\/Suavinex-Newsletter-300x92.jpg 300w, https:\/\/www.suavinex.com\/livingsuavinex\/wp-content\/uploads\/2021\/11\/Suavinex-Newsletter-200x61.jpg 200w, https:\/\/www.suavinex.com\/livingsuavinex\/wp-content\/uploads\/2021\/11\/Suavinex-Newsletter-400x123.jpg 400w, https:\/\/www.suavinex.com\/livingsuavinex\/wp-content\/uploads\/2021\/11\/Suavinex-Newsletter-600x184.jpg 600w\" sizes=\"auto, (max-width: 690px) 100vw, 690px\" \/><\/a><\/figure><\/div>","protected":false},"excerpt":{"rendered":"La&nbsp;dermatitis del pa\u00f1al&nbsp;es una afecci\u00f3n de la piel que afecta com\u00fanmente a los beb\u00e9s y que, aunque no es peligrosa, puede ser muy molesta e inc\u00f3moda para el beb\u00e9, y a veces, incluso dolorosa. Para tratarla y aliviar los s\u00edntomas, hay que utilizar la mejor crema protectora de pa\u00f1al para&#8230; <a class=\"view-article\" href=\"https:\/\/www.suavinex.com\/livingsuavinex\/cual-es-la-mejor-crema-para-culito-irritado-bebe\/\">Ver art\u00edculo<\/a>","protected":false},"author":295,"featured_media":44405,"comment_status":"closed","ping_status":"closed","sticky":false,"template":"","format":"standard","meta":{"inline_featured_image":false,"footnotes":""},"categories":[2269],"tags":[],"class_list":["post-44404","post","type-post","status-publish","format-standard","has-post-thumbnail","hentry","category-parenting"],"yoast_head":"<!-- This site is optimized with the Yoast SEO plugin v26.8 - https:\/\/yoast.com\/product\/yoast-seo-wordpress\/ -->\n<title>\u00bfCu\u00e1l es la mejor crema para el culito irritado del beb\u00e9? | Living Suavinex<\/title>\n<meta name=\"description\" content=\"Utilizar una crema espec\u00edfica para el culito irritado\u00a0puede ser de gran ayuda para aliviar el picor y el escozor que siente el chiquit\u00edn.\" \/>\n<meta name=\"robots\" content=\"index, follow, max-snippet:-1, max-image-preview:large, max-video-preview:-1\" \/>\n<link rel=\"canonical\" href=\"https:\/\/www.suavinex.com\/livingsuavinex\/cual-es-la-mejor-crema-para-culito-irritado-bebe\/\" \/>\n<meta property=\"og:locale\" content=\"es_ES\" \/>\n<meta property=\"og:type\" content=\"article\" \/>\n<meta property=\"og:title\" content=\"\u00bfCu\u00e1l es la mejor crema para el culito irritado del beb\u00e9? | Living Suavinex\" \/>\n<meta property=\"og:description\" content=\"Utilizar una crema espec\u00edfica para el culito irritado\u00a0puede ser de gran ayuda para aliviar el picor y el escozor que siente el chiquit\u00edn.\" \/>\n<meta property=\"og:url\" content=\"https:\/\/www.suavinex.com\/livingsuavinex\/cual-es-la-mejor-crema-para-culito-irritado-bebe\/\" \/>\n<meta property=\"og:site_name\" content=\"Living Suavinex\" \/>\n<meta property=\"article:publisher\" content=\"https:\/\/www.facebook.com\/SuavinexSpain\" \/>\n<meta property=\"article:published_time\" content=\"2023-09-11T06:30:00+00:00\" \/>\n<meta property=\"article:modified_time\" content=\"2024-02-05T10:36:43+00:00\" \/>\n<meta property=\"og:image\" content=\"https:\/\/www.suavinex.com\/livingsuavinex\/wp-content\/uploads\/2023\/07\/culito-irritado.jpg\" \/>\n\t<meta property=\"og:image:width\" content=\"1200\" \/>\n\t<meta property=\"og:image:height\" content=\"800\" \/>\n\t<meta property=\"og:image:type\" content=\"image\/jpeg\" \/>\n<meta name=\"author\" content=\"Suavinex Central\" \/>\n<meta name=\"twitter:card\" content=\"summary_large_image\" \/>\n<meta name=\"twitter:creator\" content=\"@SuavinexSpain\" \/>\n<meta name=\"twitter:site\" content=\"@SuavinexSpain\" \/>\n<meta name=\"twitter:label1\" content=\"Escrito por\" \/>\n\t<meta name=\"twitter:data1\" content=\"Suavinex Central\" \/>\n\t<meta name=\"twitter:label2\" content=\"Tiempo de lectura\" \/>\n\t<meta name=\"twitter:data2\" content=\"5 minutos\" \/>\n<script type=\"application\/ld+json\" class=\"yoast-schema-graph\">{\"@context\":\"https:\/\/schema.org\",\"@graph\":[{\"@type\":\"Article\",\"@id\":\"https:\/\/www.suavinex.com\/livingsuavinex\/cual-es-la-mejor-crema-para-culito-irritado-bebe\/#article\",\"isPartOf\":{\"@id\":\"https:\/\/www.suavinex.com\/livingsuavinex\/cual-es-la-mejor-crema-para-culito-irritado-bebe\/\"},\"author\":{\"name\":\"Suavinex Central\",\"@id\":\"https:\/\/www.suavinex.com\/livingsuavinex\/#\/schema\/person\/836d83f4b1821b11b7b47cffd08f1ecb\"},\"headline\":\"\u00bfCu\u00e1l es la mejor crema para el culito irritado del beb\u00e9?\",\"datePublished\":\"2023-09-11T06:30:00+00:00\",\"dateModified\":\"2024-02-05T10:36:43+00:00\",\"mainEntityOfPage\":{\"@id\":\"https:\/\/www.suavinex.com\/livingsuavinex\/cual-es-la-mejor-crema-para-culito-irritado-bebe\/\"},\"wordCount\":978,\"publisher\":{\"@id\":\"https:\/\/www.suavinex.com\/livingsuavinex\/#organization\"},\"image\":{\"@id\":\"https:\/\/www.suavinex.com\/livingsuavinex\/cual-es-la-mejor-crema-para-culito-irritado-bebe\/#primaryimage\"},\"thumbnailUrl\":\"https:\/\/www.suavinex.com\/livingsuavinex\/wp-content\/uploads\/2023\/07\/culito-irritado.jpg\",\"articleSection\":[\"Parenting\"],\"inLanguage\":\"es\"},{\"@type\":\"WebPage\",\"@id\":\"https:\/\/www.suavinex.com\/livingsuavinex\/cual-es-la-mejor-crema-para-culito-irritado-bebe\/\",\"url\":\"https:\/\/www.suavinex.com\/livingsuavinex\/cual-es-la-mejor-crema-para-culito-irritado-bebe\/\",\"name\":\"\u00bfCu\u00e1l es la mejor crema para el culito irritado del beb\u00e9? | Living Suavinex\",\"isPartOf\":{\"@id\":\"https:\/\/www.suavinex.com\/livingsuavinex\/#website\"},\"primaryImageOfPage\":{\"@id\":\"https:\/\/www.suavinex.com\/livingsuavinex\/cual-es-la-mejor-crema-para-culito-irritado-bebe\/#primaryimage\"},\"image\":{\"@id\":\"https:\/\/www.suavinex.com\/livingsuavinex\/cual-es-la-mejor-crema-para-culito-irritado-bebe\/#primaryimage\"},\"thumbnailUrl\":\"https:\/\/www.suavinex.com\/livingsuavinex\/wp-content\/uploads\/2023\/07\/culito-irritado.jpg\",\"datePublished\":\"2023-09-11T06:30:00+00:00\",\"dateModified\":\"2024-02-05T10:36:43+00:00\",\"description\":\"Utilizar una crema espec\u00edfica para el culito irritado\u00a0puede ser de gran ayuda para aliviar el picor y el escozor que siente el chiquit\u00edn.\",\"breadcrumb\":{\"@id\":\"https:\/\/www.suavinex.com\/livingsuavinex\/cual-es-la-mejor-crema-para-culito-irritado-bebe\/#breadcrumb\"},\"inLanguage\":\"es\",\"potentialAction\":[{\"@type\":\"ReadAction\",\"target\":[\"https:\/\/www.suavinex.com\/livingsuavinex\/cual-es-la-mejor-crema-para-culito-irritado-bebe\/\"]}]},{\"@type\":\"ImageObject\",\"inLanguage\":\"es\",\"@id\":\"https:\/\/www.suavinex.com\/livingsuavinex\/cual-es-la-mejor-crema-para-culito-irritado-bebe\/#primaryimage\",\"url\":\"https:\/\/www.suavinex.com\/livingsuavinex\/wp-content\/uploads\/2023\/07\/culito-irritado.jpg\",\"contentUrl\":\"https:\/\/www.suavinex.com\/livingsuavinex\/wp-content\/uploads\/2023\/07\/culito-irritado.jpg\",\"width\":1200,\"height\":800,\"caption\":\"culito-irritado\"},{\"@type\":\"BreadcrumbList\",\"@id\":\"https:\/\/www.suavinex.com\/livingsuavinex\/cual-es-la-mejor-crema-para-culito-irritado-bebe\/#breadcrumb\",\"itemListElement\":[{\"@type\":\"ListItem\",\"position\":1,\"name\":\"Portada\",\"item\":\"https:\/\/www.suavinex.com\/livingsuavinex\/\"},{\"@type\":\"ListItem\",\"position\":2,\"name\":\"\u00bfCu\u00e1l es la mejor crema para el culito irritado del beb\u00e9?\"}]},{\"@type\":\"WebSite\",\"@id\":\"https:\/\/www.suavinex.com\/livingsuavinex\/#website\",\"url\":\"https:\/\/www.suavinex.com\/livingsuavinex\/\",\"name\":\"Living Suavinex\",\"description\":\"| Familias reales\",\"publisher\":{\"@id\":\"https:\/\/www.suavinex.com\/livingsuavinex\/#organization\"},\"potentialAction\":[{\"@type\":\"SearchAction\",\"target\":{\"@type\":\"EntryPoint\",\"urlTemplate\":\"https:\/\/www.suavinex.com\/livingsuavinex\/?s={search_term_string}\"},\"query-input\":{\"@type\":\"PropertyValueSpecification\",\"valueRequired\":true,\"valueName\":\"search_term_string\"}}],\"inLanguage\":\"es\"},{\"@type\":\"Organization\",\"@id\":\"https:\/\/www.suavinex.com\/livingsuavinex\/#organization\",\"name\":\"Suavinex\",\"url\":\"https:\/\/www.suavinex.com\/livingsuavinex\/\",\"logo\":{\"@type\":\"ImageObject\",\"inLanguage\":\"es\",\"@id\":\"https:\/\/www.suavinex.com\/livingsuavinex\/#\/schema\/logo\/image\/\",\"url\":\"https:\/\/www.suavinex.com\/livingsuavinex\/wp-content\/uploads\/2018\/07\/living_sx_logo_mvl.png\",\"contentUrl\":\"https:\/\/www.suavinex.com\/livingsuavinex\/wp-content\/uploads\/2018\/07\/living_sx_logo_mvl.png\",\"width\":350,\"height\":70,\"caption\":\"Suavinex\"},\"image\":{\"@id\":\"https:\/\/www.suavinex.com\/livingsuavinex\/#\/schema\/logo\/image\/\"},\"sameAs\":[\"https:\/\/www.facebook.com\/SuavinexSpain\",\"https:\/\/x.com\/SuavinexSpain\",\"https:\/\/www.instagram.com\/suavinex_spain\/\",\"https:\/\/www.pinterest.es\/SuavinexSpain\/\",\"https:\/\/www.youtube.com\/channel\/UCgeJREx2R_ZvV2aQMrfWgcA\"]},{\"@type\":\"Person\",\"@id\":\"https:\/\/www.suavinex.com\/livingsuavinex\/#\/schema\/person\/836d83f4b1821b11b7b47cffd08f1ecb\",\"name\":\"Suavinex Central\",\"image\":{\"@type\":\"ImageObject\",\"inLanguage\":\"es\",\"@id\":\"https:\/\/www.suavinex.com\/livingsuavinex\/#\/schema\/person\/image\/\",\"url\":\"https:\/\/secure.gravatar.com\/avatar\/bd43680b784882668035add29f959967?s=96&d=mm&r=g\",\"contentUrl\":\"https:\/\/secure.gravatar.com\/avatar\/bd43680b784882668035add29f959967?s=96&d=mm&r=g\",\"caption\":\"Suavinex Central\"}}]}<\/script>\n<!-- \/ Yoast SEO plugin. -->","yoast_head_json":{"title":"\u00bfCu\u00e1l es la mejor crema para el culito irritado del beb\u00e9? | Living Suavinex","description":"Utilizar una crema espec\u00edfica para el culito irritado\u00a0puede ser de gran ayuda para aliviar el picor y el escozor que siente el chiquit\u00edn.","robots":{"index":"index","follow":"follow","max-snippet":"max-snippet:-1","max-image-preview":"max-image-preview:large","max-video-preview":"max-video-preview:-1"},"canonical":"https:\/\/www.suavinex.com\/livingsuavinex\/cual-es-la-mejor-crema-para-culito-irritado-bebe\/","og_locale":"es_ES","og_type":"article","og_title":"\u00bfCu\u00e1l es la mejor crema para el culito irritado del beb\u00e9? | Living Suavinex","og_description":"Utilizar una crema espec\u00edfica para el culito irritado\u00a0puede ser de gran ayuda para aliviar el picor y el escozor que siente el chiquit\u00edn.","og_url":"https:\/\/www.suavinex.com\/livingsuavinex\/cual-es-la-mejor-crema-para-culito-irritado-bebe\/","og_site_name":"Living Suavinex","article_publisher":"https:\/\/www.facebook.com\/SuavinexSpain","article_published_time":"2023-09-11T06:30:00+00:00","article_modified_time":"2024-02-05T10:36:43+00:00","og_image":[{"width":1200,"height":800,"url":"https:\/\/www.suavinex.com\/livingsuavinex\/wp-content\/uploads\/2023\/07\/culito-irritado.jpg","type":"image\/jpeg"}],"author":"Suavinex Central","twitter_card":"summary_large_image","twitter_creator":"@SuavinexSpain","twitter_site":"@SuavinexSpain","twitter_misc":{"Escrito por":"Suavinex Central","Tiempo de lectura":"5 minutos"},"schema":{"@context":"https:\/\/schema.org","@graph":[{"@type":"Article","@id":"https:\/\/www.suavinex.com\/livingsuavinex\/cual-es-la-mejor-crema-para-culito-irritado-bebe\/#article","isPartOf":{"@id":"https:\/\/www.suavinex.com\/livingsuavinex\/cual-es-la-mejor-crema-para-culito-irritado-bebe\/"},"author":{"name":"Suavinex Central","@id":"https:\/\/www.suavinex.com\/livingsuavinex\/#\/schema\/person\/836d83f4b1821b11b7b47cffd08f1ecb"},"headline":"\u00bfCu\u00e1l es la mejor crema para el culito irritado del beb\u00e9?","datePublished":"2023-09-11T06:30:00+00:00","dateModified":"2024-02-05T10:36:43+00:00","mainEntityOfPage":{"@id":"https:\/\/www.suavinex.com\/livingsuavinex\/cual-es-la-mejor-crema-para-culito-irritado-bebe\/"},"wordCount":978,"publisher":{"@id":"https:\/\/www.suavinex.com\/livingsuavinex\/#organization"},"image":{"@id":"https:\/\/www.suavinex.com\/livingsuavinex\/cual-es-la-mejor-crema-para-culito-irritado-bebe\/#primaryimage"},"thumbnailUrl":"https:\/\/www.suavinex.com\/livingsuavinex\/wp-content\/uploads\/2023\/07\/culito-irritado.jpg","articleSection":["Parenting"],"inLanguage":"es"},{"@type":"WebPage","@id":"https:\/\/www.suavinex.com\/livingsuavinex\/cual-es-la-mejor-crema-para-culito-irritado-bebe\/","url":"https:\/\/www.suavinex.com\/livingsuavinex\/cual-es-la-mejor-crema-para-culito-irritado-bebe\/","name":"\u00bfCu\u00e1l es la mejor crema para el culito irritado del beb\u00e9? | Living Suavinex","isPartOf":{"@id":"https:\/\/www.suavinex.com\/livingsuavinex\/#website"},"primaryImageOfPage":{"@id":"https:\/\/www.suavinex.com\/livingsuavinex\/cual-es-la-mejor-crema-para-culito-irritado-bebe\/#primaryimage"},"image":{"@id":"https:\/\/www.suavinex.com\/livingsuavinex\/cual-es-la-mejor-crema-para-culito-irritado-bebe\/#primaryimage"},"thumbnailUrl":"https:\/\/www.suavinex.com\/livingsuavinex\/wp-content\/uploads\/2023\/07\/culito-irritado.jpg","datePublished":"2023-09-11T06:30:00+00:00","dateModified":"2024-02-05T10:36:43+00:00","description":"Utilizar una crema espec\u00edfica para el culito irritado\u00a0puede ser de gran ayuda para aliviar el picor y el escozor que siente el chiquit\u00edn.","breadcrumb":{"@id":"https:\/\/www.suavinex.com\/livingsuavinex\/cual-es-la-mejor-crema-para-culito-irritado-bebe\/#breadcrumb"},"inLanguage":"es","potentialAction":[{"@type":"ReadAction","target":["https:\/\/www.suavinex.com\/livingsuavinex\/cual-es-la-mejor-crema-para-culito-irritado-bebe\/"]}]},{"@type":"ImageObject","inLanguage":"es","@id":"https:\/\/www.suavinex.com\/livingsuavinex\/cual-es-la-mejor-crema-para-culito-irritado-bebe\/#primaryimage","url":"https:\/\/www.suavinex.com\/livingsuavinex\/wp-content\/uploads\/2023\/07\/culito-irritado.jpg","contentUrl":"https:\/\/www.suavinex.com\/livingsuavinex\/wp-content\/uploads\/2023\/07\/culito-irritado.jpg","width":1200,"height":800,"caption":"culito-irritado"},{"@type":"BreadcrumbList","@id":"https:\/\/www.suavinex.com\/livingsuavinex\/cual-es-la-mejor-crema-para-culito-irritado-bebe\/#breadcrumb","itemListElement":[{"@type":"ListItem","position":1,"name":"Portada","item":"https:\/\/www.suavinex.com\/livingsuavinex\/"},{"@type":"ListItem","position":2,"name":"\u00bfCu\u00e1l es la mejor crema para el culito irritado del beb\u00e9?"}]},{"@type":"WebSite","@id":"https:\/\/www.suavinex.com\/livingsuavinex\/#website","url":"https:\/\/www.suavinex.com\/livingsuavinex\/","name":"Living Suavinex","description":"| Familias reales","publisher":{"@id":"https:\/\/www.suavinex.com\/livingsuavinex\/#organization"},"potentialAction":[{"@type":"SearchAction","target":{"@type":"EntryPoint","urlTemplate":"https:\/\/www.suavinex.com\/livingsuavinex\/?s={search_term_string}"},"query-input":{"@type":"PropertyValueSpecification","valueRequired":true,"valueName":"search_term_string"}}],"inLanguage":"es"},{"@type":"Organization","@id":"https:\/\/www.suavinex.com\/livingsuavinex\/#organization","name":"Suavinex","url":"https:\/\/www.suavinex.com\/livingsuavinex\/","logo":{"@type":"ImageObject","inLanguage":"es","@id":"https:\/\/www.suavinex.com\/livingsuavinex\/#\/schema\/logo\/image\/","url":"https:\/\/www.suavinex.com\/livingsuavinex\/wp-content\/uploads\/2018\/07\/living_sx_logo_mvl.png","contentUrl":"https:\/\/www.suavinex.com\/livingsuavinex\/wp-content\/uploads\/2018\/07\/living_sx_logo_mvl.png","width":350,"height":70,"caption":"Suavinex"},"image":{"@id":"https:\/\/www.suavinex.com\/livingsuavinex\/#\/schema\/logo\/image\/"},"sameAs":["https:\/\/www.facebook.com\/SuavinexSpain","https:\/\/x.com\/SuavinexSpain","https:\/\/www.instagram.com\/suavinex_spain\/","https:\/\/www.pinterest.es\/SuavinexSpain\/","https:\/\/www.youtube.com\/channel\/UCgeJREx2R_ZvV2aQMrfWgcA"]},{"@type":"Person","@id":"https:\/\/www.suavinex.com\/livingsuavinex\/#\/schema\/person\/836d83f4b1821b11b7b47cffd08f1ecb","name":"Suavinex Central","image":{"@type":"ImageObject","inLanguage":"es","@id":"https:\/\/www.suavinex.com\/livingsuavinex\/#\/schema\/person\/image\/","url":"https:\/\/secure.gravatar.com\/avatar\/bd43680b784882668035add29f959967?s=96&d=mm&r=g","contentUrl":"https:\/\/secure.gravatar.com\/avatar\/bd43680b784882668035add29f959967?s=96&d=mm&r=g","caption":"Suavinex Central"}}]}},"_links":{"self":[{"href":"https:\/\/www.suavinex.com\/livingsuavinex\/wp-json\/wp\/v2\/posts\/44404","targetHints":{"allow":["GET"]}}],"collection":[{"href":"https:\/\/www.suavinex.com\/livingsuavinex\/wp-json\/wp\/v2\/posts"}],"about":[{"href":"https:\/\/www.suavinex.com\/livingsuavinex\/wp-json\/wp\/v2\/types\/post"}],"author":[{"embeddable":true,"href":"https:\/\/www.suavinex.com\/livingsuavinex\/wp-json\/wp\/v2\/users\/295"}],"replies":[{"embeddable":true,"href":"https:\/\/www.suavinex.com\/livingsuavinex\/wp-json\/wp\/v2\/comments?post=44404"}],"version-history":[{"count":6,"href":"https:\/\/www.suavinex.com\/livingsuavinex\/wp-json\/wp\/v2\/posts\/44404\/revisions"}],"predecessor-version":[{"id":45491,"href":"https:\/\/www.suavinex.com\/livingsuavinex\/wp-json\/wp\/v2\/posts\/44404\/revisions\/45491"}],"wp:featuredmedia":[{"embeddable":true,"href":"https:\/\/www.suavinex.com\/livingsuavinex\/wp-json\/wp\/v2\/media\/44405"}],"wp:attachment":[{"href":"https:\/\/www.suavinex.com\/livingsuavinex\/wp-json\/wp\/v2\/media?parent=44404"}],"wp:term":[{"taxonomy":"category","embeddable":true,"href":"https:\/\/www.suavinex.com\/livingsuavinex\/wp-json\/wp\/v2\/categories?post=44404"},{"taxonomy":"post_tag","embeddable":true,"href":"https:\/\/www.suavinex.com\/livingsuavinex\/wp-json\/wp\/v2\/tags?post=44404"}],"curies":[{"name":"wp","href":"https:\/\/api.w.org\/{rel}","templated":true}]}}