{"id":44001,"date":"2023-07-13T08:00:08","date_gmt":"2023-07-13T06:00:08","guid":{"rendered":"https:\/\/www.suavinex.com\/livingsuavinex\/?p=44001"},"modified":"2023-09-15T10:32:57","modified_gmt":"2023-09-15T08:32:57","slug":"pregorexia-en-el-embarazo","status":"publish","type":"post","link":"https:\/\/www.suavinex.com\/livingsuavinex\/pregorexia-en-el-embarazo\/","title":{"rendered":"Pregorexia en el embarazo, \u00bfc\u00f3mo le afecta al feto?"},"content":{"rendered":"<p>El embarazo produce una gran cantidad de cambios en el cuerpo y entre ellos se encuentra el aumento de peso que experimentan las madres con la preocupaci\u00f3n de <a href=\"https:\/\/www.suavinex.com\/livingsuavinex\/peso-embarazo\/\">controlar el peso en el embarazo<\/a>. Esto es algo que preocupa a bastantes mujeres, que temen ganar demasiado peso y tener dificultades para perderlo despu\u00e9s del parto.<\/p>\n<p>Moderar el aumento de peso durante el embarazo es posible, pero si nos preocupamos demasiado por este tema podemos llegar a desarrollar \u201c<strong>pregorexia<\/strong>\u201d.<\/p>\n<p>Te contamos <strong>qu\u00e9 es la pregorexia<\/strong> y por qu\u00e9 es un trastorno peligroso tanto para ti como para tu beb\u00e9.<\/p>\n<h2 style=\"text-align: center;\"><strong>\u00bfQu\u00e9 es la pregorexia en el embarazo?<\/strong><\/h2>\n<p>La pregorexia es un <strong>trastorno alimenticio o TCA<\/strong> (Trastorno de la Conducta Alimenticia) que afecta a algunas mujeres embarazadas, se estima que alrededor de un 7,6%.<\/p>\n<p>Se caracteriza por un <strong>miedo irracional a engordar durante el embarazo<\/strong> y a no ser capaces de perder el peso ganado despu\u00e9s del parto. Esto lleva a realizar una serie de conductas que son peligrosas tanto para la futura madre como para el desarrollo correcto del feto.<\/p>\n<p>Es una forma de anorexia que puede tener <strong>consecuencias graves para la salud<\/strong> de la madre y del beb\u00e9.<\/p>\n<p>Como sucede con otros TCA, le pregorexia se corresponde con un trastorno psicol\u00f3gico que acaba manifest\u00e1ndose con se\u00f1ales f\u00edsicas.<\/p>\n<h2 style=\"text-align: center;\"><strong>Causas comunes de la pregorexia<\/strong><\/h2>\n<p>Es habitual que las mujeres que sufren pregorexia tengan <strong>antecedentes de alg\u00fan TCA<\/strong> previo al embarazo, aunque no siempre es as\u00ed y mujeres que nunca hab\u00edan tenido problemas de trastornos alimenticios, pueden empezar a sufrirlos durante el embarazo.<\/p>\n<p>La <strong>principal causa de la pregorexia<\/strong>, es la <strong>presi\u00f3n social<\/strong> a la que se ven sometidas las mujeres para encajar dentro de los c\u00e1nones de belleza establecidos y mantenerse siempre dentro de esos c\u00e1nones, independientemente de las circunstancias.<\/p>\n<p>Cada vez hay m\u00e1s exposici\u00f3n a los <a href=\"https:\/\/www.suavinex.com\/livingsuavinex\/embarazo\/\">embarazos<\/a> y <a href=\"https:\/\/www.suavinex.com\/livingsuavinex\/postparto\/\">postpartos<\/a> de mujeres famosas y con medios que presumen de cuerpos casi iguales al que ten\u00edan antes del embarazo, a los pocos d\u00edas de dar a luz, nunca muestran signos de cansancio y hacen gala de un \u201cestilo de vida perfecto\u201d.<\/p>\n<p>Esta clase de mensajes, a\u00f1adido a la presi\u00f3n social generalizada, pueden hacer creer a las futuras mam\u00e1s que tienen la obligaci\u00f3n de cumplir esos est\u00e1ndares de belleza, lo cual lleva a expectativas distorsionadas, sentimientos de culpabilidad y problemas de autoestima que sirven de caldo de cultivo para los TCA como la <strong>pregorexia<\/strong>.<\/p>\n<h2 style=\"text-align: center;\"><strong>S\u00edntomas de pregorexia<\/strong><\/h2>\n<p>Aprender a identificar la pregorexia es importante para poder intervenir a tiempo y ofrecer a la futura mam\u00e1 la ayuda que necesita antes de que se produzcan da\u00f1os graves en su cuerpo y en el desarrollo del embarazo.<\/p>\n<p>Algunos <strong>s\u00edntomas de la pregorexia<\/strong> coinciden con los de la anorexia o la bulimia:<\/p>\n<ul>\n<li>Control obsesivo de las calor\u00edas<\/li>\n<li>Registro excesivo del peso<\/li>\n<li>Llevar una dieta muy restrictiva o saltarse comidas<\/li>\n<li>Practicar deporte de forma muy intensa<\/li>\n<li>Atracones de comida seguidos de purgas (v\u00f3mitos provocados)<\/li>\n<li>Poco o ning\u00fan inter\u00e9s en el <a href=\"https:\/\/www.suavinex.com\/livingsuavinex\/diferencia-entre-cigoto-embrion-feto-y-bebe\/\">embri\u00f3n y feto<\/a> y el seguimiento del embarazo<\/li>\n<\/ul>\n<h2 style=\"text-align: center;\"><strong>\u00bfQu\u00e9 pasa si tengo TCA y estoy embarazada?<\/strong><\/h2>\n<p>Si tienes un trastorno de la conducta alimentaria (TCA) y est\u00e1s embarazada, debes saber que esto puede tener <strong>consecuencias muy negativas<\/strong> tanto para tu salud como la de tu beb\u00e9.<\/p>\n<ul>\n<li><a href=\"https:\/\/www.suavinex.com\/livingsuavinex\/anemia-en-el-embarazo-causas-y-tratamientos\/\">Anemia en el embarazo<\/a><\/li>\n<li>Hipertensi\u00f3n<\/li>\n<li>Desnutrici\u00f3n<\/li>\n<li>Descalcificaci\u00f3n<\/li>\n<li>Arritmias<\/li>\n<li>Desprendimiento de placenta<\/li>\n<li><a href=\"https:\/\/www.suavinex.com\/livingsuavinex\/que-es-el-liquido-amniotico-y-cual-es-su-funcion\/\">L\u00edquido amni\u00f3tico<\/a> escaso<\/li>\n<li><a href=\"https:\/\/www.suavinex.com\/livingsuavinex\/que-es-un-aborto-espontaneo-causas-y-sintomas\/\">Aborto espont\u00e1neo<\/a><\/li>\n<li><a href=\"https:\/\/www.suavinex.com\/livingsuavinex\/preeclampsia-embarazo\/\">Preeclampsia<\/a><\/li>\n<li><a href=\"https:\/\/www.suavinex.com\/livingsuavinex\/diabetes-gestacional\/\">Diabetes gestacional<\/a><\/li>\n<li><a href=\"https:\/\/www.suavinex.com\/livingsuavinex\/problemas-con-el-pecho\/\">Problemas con la lactancia materna<\/a><\/li>\n<li>Dificultades para crear un v\u00ednculo emocional con el beb\u00e9<\/li>\n<li><a href=\"https:\/\/www.suavinex.com\/livingsuavinex\/parto-prematuro-sintomas-y-causas\/\">Parto prematuro<\/a><\/li>\n<li>Retraso del crecimiento fetal<\/li>\n<li>Bajo <a href=\"https:\/\/www.suavinex.com\/livingsuavinex\/peso-bebe\/\">peso del beb\u00e9<\/a> al nacer<\/li>\n<li>Malformaciones cong\u00e9nitas o problemas neurol\u00f3gicos<\/li>\n<\/ul>\n<p>Por eso, es muy importante que busques ayuda profesional si tienes un TCA y est\u00e1s embarazada o planeas estarlo. <strong>Los TCA requieren tratamiento especializado<\/strong> por parte de profesionales de la salud mental, nutricionistas y otros m\u00e9dicos. El objetivo suele ser redireccionar las conductas negativas y aliviar los pensamientos y sentimientos que inducen a creer que se necesita perder peso.<\/p>\n<h2 style=\"text-align: center;\"><strong>\u00bfQu\u00e9 debo hacer para no engordar durante el embarazo?<\/strong><\/h2>\n<p>Lo primero que debes tener en cuenta es que <strong>el aumento de peso en el embarazo es normal<\/strong> y necesario para el desarrollo de tu beb\u00e9. Lo ideal es que ganes entre 9 y 12 kg a lo largo de los nueve meses, dependiendo de tu peso inicial. No te obsesiones con la b\u00e1scula ni te compares con otras embarazadas. Lo m\u00e1s importante es que te cuides y que sigas las indicaciones de tu m\u00e9dico.<\/p>\n<p>Si quieres <strong>moderar tu aumento de peso<\/strong> durante tu embarazo y asegurarte de que te mantienes dentro de los l\u00edmites saludables tanto para ti como para tu beb\u00e9, puede seguir algunas indicaciones generales pero, ante todo consultar con tu m\u00e9dico para que te recomiende cuidados espec\u00edficos.<\/p>\n<ul>\n<li>Llevar una <a href=\"https:\/\/www.suavinex.com\/livingsuavinex\/recomendaciones-alimentacion-embarazo-juan-llorca\/\">alimentaci\u00f3n en el embarazo<\/a> saludable y completa, que te permita obtener todos los nutrientes necesarios en las cantidades recomendadas.<\/li>\n<li>Mantenerse bien hidrata, bebiendo agua y evitando las bebidas azucaradas, con gas y con cafe\u00edna. Por supuesto, no debes beber alcohol mientras est\u00e1s embarazada.<\/li>\n<li>Masticar despacio y disfrutar de la comida por completo, sin prisas y sin distracciones, te ayudar\u00e1 a mejorar tu digesti\u00f3n, sentirte m\u00e1s llena y a controlar las ganas de picar entre horas.<\/li>\n<li>Practicar ejercicio f\u00edsico moderado y adaptado a tu estado de gestaci\u00f3n, siempre con el consentimiento de tu m\u00e9dico. Los <a href=\"https:\/\/www.suavinex.com\/livingsuavinex\/ejercicio-embarazo-2\/\">beneficios del ejercicio f\u00edsico durante el embarazo<\/a> son muchos: te ayudar\u00e1 a controlar tu peso, a mejorar tu circulaci\u00f3n y a prepararte para el parto.<\/li>\n<\/ul>\n<p>En resumidas cuentas, el <strong>aumento de peso durante el embarazo<\/strong> es lo m\u00e1s com\u00fan del mundo. Ten en cuenta que todas esas mam\u00e1s famosas de las redes sociales, revistas y programas de televisi\u00f3n, cuentan con todos los medios y facilidades para tomarse el tiempo de <a href=\"https:\/\/www.suavinex.com\/livingsuavinex\/recuperacion-parto\/\">recuperaci\u00f3n postparto<\/a> que necesitan, hacer ejercicio con regularidad y comer todos los productos m\u00e1s sanos y de mejor calidad y esta no tiene por qu\u00e9 ser tu situaci\u00f3n. Adem\u00e1s, solo est\u00e1s viendo lo que ellas quieren ense\u00f1ar y, normalmente, se guardan sus peores momentos y sus peores \u00e1ngulos para su privacidad.<\/p>\n<p>Y, recuerda que <strong>menos peso no siempre es igual a m\u00e1s salud<\/strong> y que lo importante es que tanto t\u00fa como tu beb\u00e9 est\u00e9is sanos y que disfrut\u00e9is de cada minuto juntos. La pregorexia es peligrosa para ti y para tu beb\u00e9, as\u00ed que no caigas en las comparaciones y disfruta tu embarazo con salud.<\/p>\n<p>No obstante, si lo desea puedes conseguir nuestra <a href=\"https:\/\/www.suavinex.com\/dispositivos-smart-infantiles\/s-bascula-bebes\/p\/000000000000401285\">B\u00e1scula evolutiva Smart Digital para Beb\u00e9s y Adultos de gran precisi\u00f3n con Bluetooth<\/a> que tambi\u00e9n te permitir\u00e1 hacer un seguimiento preciso del crecimiento del beb\u00e9, tanto de su peso como de su altura. Desde el primer d\u00eda hasta la edad adulta, \u00a1puede utilizarla toda la familia!<\/p>\n<p><a href=\"https:\/\/www.suavinex.com\/dispositivos-smart-infantiles\/s-bascula-bebes\/p\/000000000000401285\"><img loading=\"lazy\" decoding=\"async\" class=\"aligncenter wp-image-42569 size-full\" src=\"https:\/\/www.suavinex.com\/livingsuavinex\/wp-content\/uploads\/2022\/02\/B\u00e1scula-evolutiva-Smart.-B\u00e1scula-Digital-para-Beb\u00e9s-y-Adultos-de-gran-precisi\u00f3n.-Con-Bluetoothth.png\" alt=\"B\u00e1scula evolutiva Smart. B\u00e1scula Digital para Beb\u00e9s y Adultos de gran precisi\u00f3n. Con Bluetooth\" width=\"700\" height=\"300\" srcset=\"https:\/\/www.suavinex.com\/livingsuavinex\/wp-content\/uploads\/2022\/02\/B\u00e1scula-evolutiva-Smart.-B\u00e1scula-Digital-para-Beb\u00e9s-y-Adultos-de-gran-precisi\u00f3n.-Con-Bluetoothth.png 700w, https:\/\/www.suavinex.com\/livingsuavinex\/wp-content\/uploads\/2022\/02\/B\u00e1scula-evolutiva-Smart.-B\u00e1scula-Digital-para-Beb\u00e9s-y-Adultos-de-gran-precisi\u00f3n.-Con-Bluetoothth-300x129.png 300w, https:\/\/www.suavinex.com\/livingsuavinex\/wp-content\/uploads\/2022\/02\/B\u00e1scula-evolutiva-Smart.-B\u00e1scula-Digital-para-Beb\u00e9s-y-Adultos-de-gran-precisi\u00f3n.-Con-Bluetoothth-200x86.png 200w, https:\/\/www.suavinex.com\/livingsuavinex\/wp-content\/uploads\/2022\/02\/B\u00e1scula-evolutiva-Smart.-B\u00e1scula-Digital-para-Beb\u00e9s-y-Adultos-de-gran-precisi\u00f3n.-Con-Bluetoothth-400x171.png 400w, https:\/\/www.suavinex.com\/livingsuavinex\/wp-content\/uploads\/2022\/02\/B\u00e1scula-evolutiva-Smart.-B\u00e1scula-Digital-para-Beb\u00e9s-y-Adultos-de-gran-precisi\u00f3n.-Con-Bluetoothth-600x257.png 600w\" sizes=\"auto, (max-width: 700px) 100vw, 700px\" \/><\/a><\/p>\n<p>En cualquier caso, nuestra <a href=\"https:\/\/www.suavinex.com\/bano-y-cuidado-del-bebe\/cosmetica-mama\/canastilla-regalo-para-mama-recuperacion-post-parto\/p\/base_canastilla_cuidados_postembarazo\">Canastilla regalo Cuidados para mam\u00e1, especial pre-embarazo<\/a> contiene una perfecta selecci\u00f3n de productos de la l\u00ednea materna de cosm\u00e9tica para conseguir el bienestar y la hidrataci\u00f3n diaria que el cuerpo de la futura mam\u00e1 necesita. \u00a1Echa un vistazo a toda nuestra secci\u00f3n de <a href=\"https:\/\/www.suavinex.com\/regalos-para-bebes\/canastillas-y-cestas-para-bebes\/c\/0070\">canastilla beb\u00e9<\/a>!<\/p>\n<p>Fuentes:<\/p>\n<p><a href=\"https:\/\/afemefa.com\/que-es-la-pregorexia-sintomas-y-consecuencias\/\">\u00bfQu\u00e9 es la pregorexia? S\u00edntomas y consecuencias- Seguros Afemefa<\/a><\/p>\n<p><a href=\"https:\/\/www.conceptum.es\/la-pregorexia-el-trastorno-alimenticio-en-mujeres-embarazadas\/\">Qu\u00e9 es la pregorexia. | Conceptum Fertilitat<\/a><\/p>\n<p><a href=\"https:\/\/cuidateplus.marca.com\/reproduccion\/embarazo\/2016\/09\/15\/que-pregorexia-como-le-afecta-madre-feto-114228.html\">\u00bfQu\u00e9 es la pregorexia y c\u00f3mo le afecta a la madre y al feto? | CuidatePlus (marca.com)<\/a><\/p>\n<p><a href=\"https:\/\/www.suavinex.com\/livingsuavinex\/registro-crm\/\"><img loading=\"lazy\" decoding=\"async\" class=\"aligncenter wp-image-42187 size-full\" src=\"https:\/\/www.suavinex.com\/livingsuavinex\/wp-content\/uploads\/2021\/11\/Suavinex-Newsletter.jpg\" alt=\"Suavinex Newsletter\" width=\"690\" height=\"212\" srcset=\"https:\/\/www.suavinex.com\/livingsuavinex\/wp-content\/uploads\/2021\/11\/Suavinex-Newsletter.jpg 690w, https:\/\/www.suavinex.com\/livingsuavinex\/wp-content\/uploads\/2021\/11\/Suavinex-Newsletter-300x92.jpg 300w, https:\/\/www.suavinex.com\/livingsuavinex\/wp-content\/uploads\/2021\/11\/Suavinex-Newsletter-200x61.jpg 200w, https:\/\/www.suavinex.com\/livingsuavinex\/wp-content\/uploads\/2021\/11\/Suavinex-Newsletter-400x123.jpg 400w, https:\/\/www.suavinex.com\/livingsuavinex\/wp-content\/uploads\/2021\/11\/Suavinex-Newsletter-600x184.jpg 600w\" sizes=\"auto, (max-width: 690px) 100vw, 690px\" \/><\/a><\/p>\n","protected":false},"excerpt":{"rendered":"El embarazo produce una gran cantidad de cambios en el cuerpo y entre ellos se encuentra el aumento de peso que experimentan las madres con la preocupaci\u00f3n de controlar el peso en el embarazo. Esto es algo que preocupa a bastantes mujeres, que temen ganar demasiado peso y tener dificultades&#8230; <a class=\"view-article\" href=\"https:\/\/www.suavinex.com\/livingsuavinex\/pregorexia-en-el-embarazo\/\">Ver art\u00edculo<\/a>","protected":false},"author":295,"featured_media":44002,"comment_status":"closed","ping_status":"closed","sticky":false,"template":"","format":"standard","meta":{"inline_featured_image":false,"footnotes":""},"categories":[7],"tags":[],"class_list":["post-44001","post","type-post","status-publish","format-standard","has-post-thumbnail","hentry","category-embarazo"],"yoast_head":"<!-- This site is optimized with the Yoast SEO plugin v26.8 - https:\/\/yoast.com\/product\/yoast-seo-wordpress\/ -->\n<title>Pregorexia en el embarazo, \u00bfc\u00f3mo le afecta al feto?<\/title>\n<meta name=\"description\" content=\"\u00bfQu\u00e9 es la pregorexia en el embarazo y c\u00f3mo le afecta al feto? En Suavinex te contamos todo lo que debes saber.\" \/>\n<meta name=\"robots\" content=\"index, follow, max-snippet:-1, max-image-preview:large, max-video-preview:-1\" \/>\n<link rel=\"canonical\" href=\"https:\/\/www.suavinex.com\/livingsuavinex\/pregorexia-en-el-embarazo\/\" \/>\n<meta property=\"og:locale\" content=\"es_ES\" \/>\n<meta property=\"og:type\" content=\"article\" \/>\n<meta property=\"og:title\" content=\"Pregorexia en el embarazo, \u00bfc\u00f3mo le afecta al feto?\" \/>\n<meta property=\"og:description\" content=\"\u00bfQu\u00e9 es la pregorexia en el embarazo y c\u00f3mo le afecta al feto? En Suavinex te contamos todo lo que debes saber.\" \/>\n<meta property=\"og:url\" content=\"https:\/\/www.suavinex.com\/livingsuavinex\/pregorexia-en-el-embarazo\/\" \/>\n<meta property=\"og:site_name\" content=\"Living Suavinex\" \/>\n<meta property=\"article:publisher\" content=\"https:\/\/www.facebook.com\/SuavinexSpain\" \/>\n<meta property=\"article:published_time\" content=\"2023-07-13T06:00:08+00:00\" \/>\n<meta property=\"article:modified_time\" content=\"2023-09-15T08:32:57+00:00\" \/>\n<meta property=\"og:image\" content=\"https:\/\/www.suavinex.com\/livingsuavinex\/wp-content\/uploads\/2023\/06\/pregorexia-embarazo.jpg\" \/>\n\t<meta property=\"og:image:width\" content=\"1200\" \/>\n\t<meta property=\"og:image:height\" content=\"800\" \/>\n\t<meta property=\"og:image:type\" content=\"image\/jpeg\" \/>\n<meta name=\"author\" content=\"Suavinex Central\" \/>\n<meta name=\"twitter:card\" content=\"summary_large_image\" \/>\n<meta name=\"twitter:creator\" content=\"@SuavinexSpain\" \/>\n<meta name=\"twitter:site\" content=\"@SuavinexSpain\" \/>\n<meta name=\"twitter:label1\" content=\"Escrito por\" \/>\n\t<meta name=\"twitter:data1\" content=\"Suavinex Central\" \/>\n\t<meta name=\"twitter:label2\" content=\"Tiempo de lectura\" \/>\n\t<meta name=\"twitter:data2\" content=\"6 minutos\" \/>\n<script type=\"application\/ld+json\" class=\"yoast-schema-graph\">{\"@context\":\"https:\/\/schema.org\",\"@graph\":[{\"@type\":\"Article\",\"@id\":\"https:\/\/www.suavinex.com\/livingsuavinex\/pregorexia-en-el-embarazo\/#article\",\"isPartOf\":{\"@id\":\"https:\/\/www.suavinex.com\/livingsuavinex\/pregorexia-en-el-embarazo\/\"},\"author\":{\"name\":\"Suavinex Central\",\"@id\":\"https:\/\/www.suavinex.com\/livingsuavinex\/#\/schema\/person\/836d83f4b1821b11b7b47cffd08f1ecb\"},\"headline\":\"Pregorexia en el embarazo, \u00bfc\u00f3mo le afecta al feto?\",\"datePublished\":\"2023-07-13T06:00:08+00:00\",\"dateModified\":\"2023-09-15T08:32:57+00:00\",\"mainEntityOfPage\":{\"@id\":\"https:\/\/www.suavinex.com\/livingsuavinex\/pregorexia-en-el-embarazo\/\"},\"wordCount\":1273,\"publisher\":{\"@id\":\"https:\/\/www.suavinex.com\/livingsuavinex\/#organization\"},\"image\":{\"@id\":\"https:\/\/www.suavinex.com\/livingsuavinex\/pregorexia-en-el-embarazo\/#primaryimage\"},\"thumbnailUrl\":\"https:\/\/www.suavinex.com\/livingsuavinex\/wp-content\/uploads\/2023\/06\/pregorexia-embarazo.jpg\",\"articleSection\":[\"Embarazo\"],\"inLanguage\":\"es\"},{\"@type\":\"WebPage\",\"@id\":\"https:\/\/www.suavinex.com\/livingsuavinex\/pregorexia-en-el-embarazo\/\",\"url\":\"https:\/\/www.suavinex.com\/livingsuavinex\/pregorexia-en-el-embarazo\/\",\"name\":\"Pregorexia en el embarazo, \u00bfc\u00f3mo le afecta al feto?\",\"isPartOf\":{\"@id\":\"https:\/\/www.suavinex.com\/livingsuavinex\/#website\"},\"primaryImageOfPage\":{\"@id\":\"https:\/\/www.suavinex.com\/livingsuavinex\/pregorexia-en-el-embarazo\/#primaryimage\"},\"image\":{\"@id\":\"https:\/\/www.suavinex.com\/livingsuavinex\/pregorexia-en-el-embarazo\/#primaryimage\"},\"thumbnailUrl\":\"https:\/\/www.suavinex.com\/livingsuavinex\/wp-content\/uploads\/2023\/06\/pregorexia-embarazo.jpg\",\"datePublished\":\"2023-07-13T06:00:08+00:00\",\"dateModified\":\"2023-09-15T08:32:57+00:00\",\"description\":\"\u00bfQu\u00e9 es la pregorexia en el embarazo y c\u00f3mo le afecta al feto? En Suavinex te contamos todo lo que debes saber.\",\"breadcrumb\":{\"@id\":\"https:\/\/www.suavinex.com\/livingsuavinex\/pregorexia-en-el-embarazo\/#breadcrumb\"},\"inLanguage\":\"es\",\"potentialAction\":[{\"@type\":\"ReadAction\",\"target\":[\"https:\/\/www.suavinex.com\/livingsuavinex\/pregorexia-en-el-embarazo\/\"]}]},{\"@type\":\"ImageObject\",\"inLanguage\":\"es\",\"@id\":\"https:\/\/www.suavinex.com\/livingsuavinex\/pregorexia-en-el-embarazo\/#primaryimage\",\"url\":\"https:\/\/www.suavinex.com\/livingsuavinex\/wp-content\/uploads\/2023\/06\/pregorexia-embarazo.jpg\",\"contentUrl\":\"https:\/\/www.suavinex.com\/livingsuavinex\/wp-content\/uploads\/2023\/06\/pregorexia-embarazo.jpg\",\"width\":1200,\"height\":800},{\"@type\":\"BreadcrumbList\",\"@id\":\"https:\/\/www.suavinex.com\/livingsuavinex\/pregorexia-en-el-embarazo\/#breadcrumb\",\"itemListElement\":[{\"@type\":\"ListItem\",\"position\":1,\"name\":\"Portada\",\"item\":\"https:\/\/www.suavinex.com\/livingsuavinex\/\"},{\"@type\":\"ListItem\",\"position\":2,\"name\":\"Pregorexia en el embarazo, \u00bfc\u00f3mo le afecta al feto?\"}]},{\"@type\":\"WebSite\",\"@id\":\"https:\/\/www.suavinex.com\/livingsuavinex\/#website\",\"url\":\"https:\/\/www.suavinex.com\/livingsuavinex\/\",\"name\":\"Living Suavinex\",\"description\":\"| Familias reales\",\"publisher\":{\"@id\":\"https:\/\/www.suavinex.com\/livingsuavinex\/#organization\"},\"potentialAction\":[{\"@type\":\"SearchAction\",\"target\":{\"@type\":\"EntryPoint\",\"urlTemplate\":\"https:\/\/www.suavinex.com\/livingsuavinex\/?s={search_term_string}\"},\"query-input\":{\"@type\":\"PropertyValueSpecification\",\"valueRequired\":true,\"valueName\":\"search_term_string\"}}],\"inLanguage\":\"es\"},{\"@type\":\"Organization\",\"@id\":\"https:\/\/www.suavinex.com\/livingsuavinex\/#organization\",\"name\":\"Suavinex\",\"url\":\"https:\/\/www.suavinex.com\/livingsuavinex\/\",\"logo\":{\"@type\":\"ImageObject\",\"inLanguage\":\"es\",\"@id\":\"https:\/\/www.suavinex.com\/livingsuavinex\/#\/schema\/logo\/image\/\",\"url\":\"https:\/\/www.suavinex.com\/livingsuavinex\/wp-content\/uploads\/2018\/07\/living_sx_logo_mvl.png\",\"contentUrl\":\"https:\/\/www.suavinex.com\/livingsuavinex\/wp-content\/uploads\/2018\/07\/living_sx_logo_mvl.png\",\"width\":350,\"height\":70,\"caption\":\"Suavinex\"},\"image\":{\"@id\":\"https:\/\/www.suavinex.com\/livingsuavinex\/#\/schema\/logo\/image\/\"},\"sameAs\":[\"https:\/\/www.facebook.com\/SuavinexSpain\",\"https:\/\/x.com\/SuavinexSpain\",\"https:\/\/www.instagram.com\/suavinex_spain\/\",\"https:\/\/www.pinterest.es\/SuavinexSpain\/\",\"https:\/\/www.youtube.com\/channel\/UCgeJREx2R_ZvV2aQMrfWgcA\"]},{\"@type\":\"Person\",\"@id\":\"https:\/\/www.suavinex.com\/livingsuavinex\/#\/schema\/person\/836d83f4b1821b11b7b47cffd08f1ecb\",\"name\":\"Suavinex Central\",\"image\":{\"@type\":\"ImageObject\",\"inLanguage\":\"es\",\"@id\":\"https:\/\/www.suavinex.com\/livingsuavinex\/#\/schema\/person\/image\/\",\"url\":\"https:\/\/secure.gravatar.com\/avatar\/bd43680b784882668035add29f959967?s=96&d=mm&r=g\",\"contentUrl\":\"https:\/\/secure.gravatar.com\/avatar\/bd43680b784882668035add29f959967?s=96&d=mm&r=g\",\"caption\":\"Suavinex Central\"}}]}<\/script>\n<!-- \/ Yoast SEO plugin. -->","yoast_head_json":{"title":"Pregorexia en el embarazo, \u00bfc\u00f3mo le afecta al feto?","description":"\u00bfQu\u00e9 es la pregorexia en el embarazo y c\u00f3mo le afecta al feto? En Suavinex te contamos todo lo que debes saber.","robots":{"index":"index","follow":"follow","max-snippet":"max-snippet:-1","max-image-preview":"max-image-preview:large","max-video-preview":"max-video-preview:-1"},"canonical":"https:\/\/www.suavinex.com\/livingsuavinex\/pregorexia-en-el-embarazo\/","og_locale":"es_ES","og_type":"article","og_title":"Pregorexia en el embarazo, \u00bfc\u00f3mo le afecta al feto?","og_description":"\u00bfQu\u00e9 es la pregorexia en el embarazo y c\u00f3mo le afecta al feto? En Suavinex te contamos todo lo que debes saber.","og_url":"https:\/\/www.suavinex.com\/livingsuavinex\/pregorexia-en-el-embarazo\/","og_site_name":"Living Suavinex","article_publisher":"https:\/\/www.facebook.com\/SuavinexSpain","article_published_time":"2023-07-13T06:00:08+00:00","article_modified_time":"2023-09-15T08:32:57+00:00","og_image":[{"width":1200,"height":800,"url":"https:\/\/www.suavinex.com\/livingsuavinex\/wp-content\/uploads\/2023\/06\/pregorexia-embarazo.jpg","type":"image\/jpeg"}],"author":"Suavinex Central","twitter_card":"summary_large_image","twitter_creator":"@SuavinexSpain","twitter_site":"@SuavinexSpain","twitter_misc":{"Escrito por":"Suavinex Central","Tiempo de lectura":"6 minutos"},"schema":{"@context":"https:\/\/schema.org","@graph":[{"@type":"Article","@id":"https:\/\/www.suavinex.com\/livingsuavinex\/pregorexia-en-el-embarazo\/#article","isPartOf":{"@id":"https:\/\/www.suavinex.com\/livingsuavinex\/pregorexia-en-el-embarazo\/"},"author":{"name":"Suavinex Central","@id":"https:\/\/www.suavinex.com\/livingsuavinex\/#\/schema\/person\/836d83f4b1821b11b7b47cffd08f1ecb"},"headline":"Pregorexia en el embarazo, \u00bfc\u00f3mo le afecta al feto?","datePublished":"2023-07-13T06:00:08+00:00","dateModified":"2023-09-15T08:32:57+00:00","mainEntityOfPage":{"@id":"https:\/\/www.suavinex.com\/livingsuavinex\/pregorexia-en-el-embarazo\/"},"wordCount":1273,"publisher":{"@id":"https:\/\/www.suavinex.com\/livingsuavinex\/#organization"},"image":{"@id":"https:\/\/www.suavinex.com\/livingsuavinex\/pregorexia-en-el-embarazo\/#primaryimage"},"thumbnailUrl":"https:\/\/www.suavinex.com\/livingsuavinex\/wp-content\/uploads\/2023\/06\/pregorexia-embarazo.jpg","articleSection":["Embarazo"],"inLanguage":"es"},{"@type":"WebPage","@id":"https:\/\/www.suavinex.com\/livingsuavinex\/pregorexia-en-el-embarazo\/","url":"https:\/\/www.suavinex.com\/livingsuavinex\/pregorexia-en-el-embarazo\/","name":"Pregorexia en el embarazo, \u00bfc\u00f3mo le afecta al feto?","isPartOf":{"@id":"https:\/\/www.suavinex.com\/livingsuavinex\/#website"},"primaryImageOfPage":{"@id":"https:\/\/www.suavinex.com\/livingsuavinex\/pregorexia-en-el-embarazo\/#primaryimage"},"image":{"@id":"https:\/\/www.suavinex.com\/livingsuavinex\/pregorexia-en-el-embarazo\/#primaryimage"},"thumbnailUrl":"https:\/\/www.suavinex.com\/livingsuavinex\/wp-content\/uploads\/2023\/06\/pregorexia-embarazo.jpg","datePublished":"2023-07-13T06:00:08+00:00","dateModified":"2023-09-15T08:32:57+00:00","description":"\u00bfQu\u00e9 es la pregorexia en el embarazo y c\u00f3mo le afecta al feto? En Suavinex te contamos todo lo que debes saber.","breadcrumb":{"@id":"https:\/\/www.suavinex.com\/livingsuavinex\/pregorexia-en-el-embarazo\/#breadcrumb"},"inLanguage":"es","potentialAction":[{"@type":"ReadAction","target":["https:\/\/www.suavinex.com\/livingsuavinex\/pregorexia-en-el-embarazo\/"]}]},{"@type":"ImageObject","inLanguage":"es","@id":"https:\/\/www.suavinex.com\/livingsuavinex\/pregorexia-en-el-embarazo\/#primaryimage","url":"https:\/\/www.suavinex.com\/livingsuavinex\/wp-content\/uploads\/2023\/06\/pregorexia-embarazo.jpg","contentUrl":"https:\/\/www.suavinex.com\/livingsuavinex\/wp-content\/uploads\/2023\/06\/pregorexia-embarazo.jpg","width":1200,"height":800},{"@type":"BreadcrumbList","@id":"https:\/\/www.suavinex.com\/livingsuavinex\/pregorexia-en-el-embarazo\/#breadcrumb","itemListElement":[{"@type":"ListItem","position":1,"name":"Portada","item":"https:\/\/www.suavinex.com\/livingsuavinex\/"},{"@type":"ListItem","position":2,"name":"Pregorexia en el embarazo, \u00bfc\u00f3mo le afecta al feto?"}]},{"@type":"WebSite","@id":"https:\/\/www.suavinex.com\/livingsuavinex\/#website","url":"https:\/\/www.suavinex.com\/livingsuavinex\/","name":"Living Suavinex","description":"| Familias reales","publisher":{"@id":"https:\/\/www.suavinex.com\/livingsuavinex\/#organization"},"potentialAction":[{"@type":"SearchAction","target":{"@type":"EntryPoint","urlTemplate":"https:\/\/www.suavinex.com\/livingsuavinex\/?s={search_term_string}"},"query-input":{"@type":"PropertyValueSpecification","valueRequired":true,"valueName":"search_term_string"}}],"inLanguage":"es"},{"@type":"Organization","@id":"https:\/\/www.suavinex.com\/livingsuavinex\/#organization","name":"Suavinex","url":"https:\/\/www.suavinex.com\/livingsuavinex\/","logo":{"@type":"ImageObject","inLanguage":"es","@id":"https:\/\/www.suavinex.com\/livingsuavinex\/#\/schema\/logo\/image\/","url":"https:\/\/www.suavinex.com\/livingsuavinex\/wp-content\/uploads\/2018\/07\/living_sx_logo_mvl.png","contentUrl":"https:\/\/www.suavinex.com\/livingsuavinex\/wp-content\/uploads\/2018\/07\/living_sx_logo_mvl.png","width":350,"height":70,"caption":"Suavinex"},"image":{"@id":"https:\/\/www.suavinex.com\/livingsuavinex\/#\/schema\/logo\/image\/"},"sameAs":["https:\/\/www.facebook.com\/SuavinexSpain","https:\/\/x.com\/SuavinexSpain","https:\/\/www.instagram.com\/suavinex_spain\/","https:\/\/www.pinterest.es\/SuavinexSpain\/","https:\/\/www.youtube.com\/channel\/UCgeJREx2R_ZvV2aQMrfWgcA"]},{"@type":"Person","@id":"https:\/\/www.suavinex.com\/livingsuavinex\/#\/schema\/person\/836d83f4b1821b11b7b47cffd08f1ecb","name":"Suavinex Central","image":{"@type":"ImageObject","inLanguage":"es","@id":"https:\/\/www.suavinex.com\/livingsuavinex\/#\/schema\/person\/image\/","url":"https:\/\/secure.gravatar.com\/avatar\/bd43680b784882668035add29f959967?s=96&d=mm&r=g","contentUrl":"https:\/\/secure.gravatar.com\/avatar\/bd43680b784882668035add29f959967?s=96&d=mm&r=g","caption":"Suavinex Central"}}]}},"_links":{"self":[{"href":"https:\/\/www.suavinex.com\/livingsuavinex\/wp-json\/wp\/v2\/posts\/44001","targetHints":{"allow":["GET"]}}],"collection":[{"href":"https:\/\/www.suavinex.com\/livingsuavinex\/wp-json\/wp\/v2\/posts"}],"about":[{"href":"https:\/\/www.suavinex.com\/livingsuavinex\/wp-json\/wp\/v2\/types\/post"}],"author":[{"embeddable":true,"href":"https:\/\/www.suavinex.com\/livingsuavinex\/wp-json\/wp\/v2\/users\/295"}],"replies":[{"embeddable":true,"href":"https:\/\/www.suavinex.com\/livingsuavinex\/wp-json\/wp\/v2\/comments?post=44001"}],"version-history":[{"count":3,"href":"https:\/\/www.suavinex.com\/livingsuavinex\/wp-json\/wp\/v2\/posts\/44001\/revisions"}],"predecessor-version":[{"id":44788,"href":"https:\/\/www.suavinex.com\/livingsuavinex\/wp-json\/wp\/v2\/posts\/44001\/revisions\/44788"}],"wp:featuredmedia":[{"embeddable":true,"href":"https:\/\/www.suavinex.com\/livingsuavinex\/wp-json\/wp\/v2\/media\/44002"}],"wp:attachment":[{"href":"https:\/\/www.suavinex.com\/livingsuavinex\/wp-json\/wp\/v2\/media?parent=44001"}],"wp:term":[{"taxonomy":"category","embeddable":true,"href":"https:\/\/www.suavinex.com\/livingsuavinex\/wp-json\/wp\/v2\/categories?post=44001"},{"taxonomy":"post_tag","embeddable":true,"href":"https:\/\/www.suavinex.com\/livingsuavinex\/wp-json\/wp\/v2\/tags?post=44001"}],"curies":[{"name":"wp","href":"https:\/\/api.w.org\/{rel}","templated":true}]}}