{"id":43702,"date":"2023-03-03T08:00:20","date_gmt":"2023-03-03T07:00:20","guid":{"rendered":"https:\/\/www.suavinex.com\/livingsuavinex\/?p=43702"},"modified":"2024-10-28T12:54:45","modified_gmt":"2024-10-28T11:54:45","slug":"cuando-pasar-de-la-cuna-a-la-cama-montessori","status":"publish","type":"post","link":"https:\/\/www.suavinex.com\/livingsuavinex\/cuando-pasar-de-la-cuna-a-la-cama-montessori\/","title":{"rendered":"\u00bfCu\u00e1ndo pasar de la cuna a la cama Montessori? Ideas para la transici\u00f3n"},"content":{"rendered":"\n<p>El <a href=\"https:\/\/www.suavinex.com\/livingsuavinex\/sueno-infantil\/\"><strong>sue\u00f1o infantil<\/strong><\/a> es algo crucial en el desarrollo de los m\u00e1s peque\u00f1os. Los beb\u00e9s pasan muchas horas durmiendo y, poco a poco van adquiriendo unos h\u00e1bitos de sue\u00f1o m\u00e1s regulares y similares a los de un adulto.<\/p>\n\n\n\n<p>Tambi\u00e9n se hace un cambio en el lugar en el que duerme el beb\u00e9. Ya hayas optado por una cuna individual o si hab\u00e9is probado el <a href=\"https:\/\/www.suavinex.com\/livingsuavinex\/colecho-todo-lo-que-necesitas-saber-sobre-esta-practica\/\"><strong>colecho<\/strong><\/a>, tarde o temprano vuestro beb\u00e9 tendr\u00e1 que hacer la transici\u00f3n a una cama.<\/p>\n\n\n\n<p>Pero, \u00bf<strong>cu\u00e1ndo pasar de la cuna a la cama<\/strong>? \u00bfQu\u00e9 opciones hay? \u00bfY si el beb\u00e9 se resiste a dormir en una cama?<\/p>\n\n\n\n<p>Que no cunda el p\u00e1nico. En Suavinex vamos a darte todas las claves que necesitas sobre c\u00f3mo hacer la transici\u00f3n de la cuna a la cama y algunos consejos para <a href=\"https:\/\/www.suavinex.com\/livingsuavinex\/como-dormir-a-un-bebe-rapido\/\"><strong>dormir a tu beb\u00e9 r\u00e1pido<\/strong><\/a> y que disfrute de un sue\u00f1o reparador.<\/p>\n\n\n\n<h2 class=\"wp-block-heading\"><strong>\u00bfCu\u00e1ndo hay que pasar de la cuna a la cama?<\/strong><\/h2>\n\n\n\n<p>Los expertos coinciden en que <strong>no hay una edad concreta<\/strong> a la que hacer la transici\u00f3n de la cuna a la cama. Cada beb\u00e9 es diferente y dependiendo de su desarrollo y sus circunstancias, habr\u00e1 que hacer el cambio antes o despu\u00e9s.<\/p>\n\n\n\n<p>No es recomendable hacer el cambio <strong>antes de los 18 meses<\/strong>, puesto que las cunas aportan un factor de protecci\u00f3n, evitando que tu beb\u00e9 se salga de la cuna en mitad de la noche, ya sea mientras duerme o porque se despierta. Si lo llevas a la cama demasiado pronto, podr\u00eda caerse al dar vueltas o empezar a moverse por la habitaci\u00f3n a oscuras con todos los riesgos que eso implica.<\/p>\n\n\n\n<p>Tampoco se recomienda <strong>sobrepasar los 3 a\u00f1os<\/strong> de edad durmiendo en la cuna. Esto es porque los beb\u00e9s crecen y el <a href=\"https:\/\/www.suavinex.com\/livingsuavinex\/peso-bebe\/\">peso del beb\u00e9<\/a> tambi\u00e9n, por lo que el espacio en el que pueden dormir se reduce, adem\u00e1s de que el colch\u00f3n empieza a perder su eficacia al tener que soportar un mayor peso. El sue\u00f1o de tu beb\u00e9 es muy importante as\u00ed que conviene que el descanso sea id\u00f3neo. Esto incluye que el colch\u00f3n est\u00e9 adaptado sus necesidades.<\/p>\n\n\n\n<p>Y no te preocupes si no sabes <a href=\"https:\/\/www.suavinex.com\/livingsuavinex\/como-usar-correctamente-una-bascula-para-pesar-a-tu-bebe\/\">c\u00f3mo pesar a un beb\u00e9 en casa<\/a>, con la <a href=\"https:\/\/www.suavinex.com\/dispositivos-smart-infantiles\/s-bascula-bebes\/p\/000000000000401285\">B\u00e1scula evolutiva Smart Digital para Beb\u00e9s y Adultos con Bluetooth<\/a> podr\u00e1s hacer un seguimiento preciso del crecimiento del beb\u00e9, tanto de su peso como de su altura. Desde el primer d\u00eda hasta la edad adulta, \u00a1puede utilizarla toda la familia!<\/p>\n\n\n<div class=\"carrusel\"><ul class=\"recomendacion\"><li class=\"producto\"><div class=\"wrapProducto\"><a target=\"_blank\" class=\"imagen\" href=\"https:\/\/www.suavinex.com\/dispositivos-smart-infantiles\/s-bascula-bebes\/p\/000000000000401285\"><img decoding=\"async\" src=\"https:\/\/www.suavinex.com\/medias\/bascula-bebes-smart-1.jpg?context=bWFzdGVyfGltYWdlc3w2MDU0MjZ8aW1hZ2UvanBlZ3xpbWFnZXMvaDhjL2gxOS84ODYyMzAyODk2MTU4LmpwZ3wxYTdiYjNiMzE0MjliZDVjMGEyMjk1NjA5ZmE4MTE3ZmY5YjkyMGI3OTYzZjA0YzQ3MTQxMzg4OTdlYzkxZGEz\"><\/a><div class=\"productname\"><a target=\"_blank\" href=\"https:\/\/www.suavinex.com\/dispositivos-smart-infantiles\/s-bascula-bebes\/p\/000000000000401285\">B\u00e1scula para Beb\u00e9s y Adultos digital de gran precisi\u00f3n<\/a><div><div class=\"bloquePrecio\"><div class=\"precioProducto\">74.9 \u20ac<\/div><a target=\"_blank\" class=\"ctabuy\" href=\"https:\/\/www.suavinex.com\/dispositivos-smart-infantiles\/s-bascula-bebes\/p\/000000000000401285\">COMPRAR<\/a><\/div><\/div><\/li><\/ul><\/div>\n\n\n\n<p>En resumen, <strong>cu\u00e1ndo pasar de la cuna a la cama<\/strong> depender\u00e1 de cada ni\u00f1o, pero las edades habituales comprenden entre los 18 meses y los 3 a\u00f1os. Hay algunas se\u00f1ales que pueden indicarte que tu beb\u00e9 est\u00e1 listo para dar el salto:<\/p>\n\n\n\n<ul class=\"wp-block-list\">\n<li><strong>Ha crecido y ya no cabe en la cuna<\/strong>: Si la cuna se le est\u00e1 quedando peque\u00f1a y empieza a afectar, no solo a su sue\u00f1o sino a su capacidad para salir de ella, entonces no hay duda alguna: hay que cambiarla por una cama. No puedes tener a tu beb\u00e9 practicando escalada para salir de la cuna mientras tu duermes apaciblemente.<\/li>\n\n\n\n<li><strong>Ya est\u00e1 aprendiendo a usar el orinal<\/strong>: Si tu beb\u00e9 ya est\u00e1 en proceso de aprendizaje para usar el orinal entre sus h\u00e1bitos de <a href=\"https:\/\/www.suavinex.com\/livingsuavinex\/habitos-de-higiene-infantil\/\">higiene infantil<\/a>, conviene que tenga la posibilidad de levantarse para hacer sus necesidades en cualquier momento de la noche. Esto fomenta su independencia y le ayudar\u00e1 a deshacerse de los pa\u00f1ales m\u00e1s r\u00e1pidamente. En farmacias podr\u00e1s encontrar diferentes tallas de pa\u00f1ales como los <a href=\"https:\/\/www.suavinex.com\/livingsuavinex\/cuales-son-las-tallas-de-panales\/\">pa\u00f1ales beb\u00e9 talla 4 (9 &#8211; 15 Kg) 24 unidades<\/a>.<\/li>\n\n\n\n<li><strong>El mismo pide dormir en una cama de mayor<\/strong>: Si ve que otros ni\u00f1os (hermanos mayores, primos o amigos) ya no duermen en cuna, es probable que tu peque empiece a exigir hacer el cambio. Obligarle a dormir en una cuna si no quiere, puede ser contra productivo, haciendo de la hora de dormir un momento de frustraci\u00f3n tanto para \u00e9l como para los progenitores.<\/li>\n<\/ul>\n\n\n\n<h2 class=\"wp-block-heading\"><strong>C\u00f3mo pasar de la cuna a la cama: Consejos<\/strong><\/h2>\n\n\n\n<p>A veces, <strong>los peque\u00f1os se resisten a cambiar la cuna por la cama<\/strong>. Esto es normal porque, al fin y al cabo, es una disrupci\u00f3n en la rutina a la que est\u00e1n acostumbrados. Puede que la cuna, con sus barrotes y su espacio cerrado, les haga sentir m\u00e1s seguros.<\/p>\n\n\n\n<p>En estos casos, hay algunos trucos que puedes emplear para ayudar a tu beb\u00e9 a hacerse a la idea de que hay que dejar la cuna en el pasado:<\/p>\n\n\n\n<ul class=\"wp-block-list\">\n<li><strong>Llevarle su <\/strong><a href=\"https:\/\/www.suavinex.com\/livingsuavinex\/dou-dou-o-muneco-de-apego-bebe\/\"><strong>Dou Dou o mu\u00f1eco de apego<\/strong><\/a>: Si tu beb\u00e9 tiene una mantita de apego o un peluche que le hace sentir seguro y con el que suele dormir, ll\u00e9valo a su nueva cama. Esto conseguir\u00e1 que sienta mayor familiaridad con el nuevo entorno. En Suavinex encontrar\u00e1s <a href=\"https:\/\/www.suavinex.com\/regalos-para-bebes\/peluches-para-bebe\/c\/0072\">peluches para beb\u00e9<\/a> de forma individual o en pack con nuestra <a href=\"https:\/\/www.suavinex.com\/bano-y-cuidado-del-bebe\/colonias-y-perfumes-de-bebe\/c\/0053\">colonia de beb\u00e9<\/a> para todo la familia: <a href=\"https:\/\/www.suavinex.com\/baby-cologne\">Baby Cologne<\/a>. Nuestro <a href=\"https:\/\/www.suavinex.com\/bano-y-cuidado-del-bebe\/colonias-y-perfumes-de-bebe\/set-personalizado-baby-cologne-con-peluche-caja-rosa\/p\/setbabycologne_rosa_gato_pers\">Set Baby Cologne con Sushi, the cat, personalizado y caja rosa<\/a> te encantar\u00e1.<\/li>\n<\/ul>\n\n\n<div class=\"carrusel\"><ul class=\"recomendacion\"><li class=\"producto\"><div class=\"wrapProducto\"><a target=\"_blank\" class=\"imagen\" href=\"https:\/\/www.suavinex.com\/bano-y-cuidado-del-bebe\/colonias-y-perfumes-de-bebe\/set-baby-cologne-con-peluche-caja-rosa\/p\/setbabycologne_rosa_gato\"><img decoding=\"async\" src=\"https:\/\/www.suavinex.com\/medias\/set-gato-rs-np-23.jpg?context=bWFzdGVyfGltYWdlc3wyMzUxMTd8aW1hZ2UvanBlZ3xpbWFnZXMvaGIzL2hjOS84ODc2ODQwNTE3NjYyLmpwZ3w3MTFmNzEyZGE4ODMyMDliYjFlYmU5NzZiMGM2N2U5MGZiOWE1Zjg2NTY5YTI2MTFlYTZkMGUzNzc2NjQ1MDA4\"><\/a><div class=\"productname\"><a target=\"_blank\" href=\"https:\/\/www.suavinex.com\/bano-y-cuidado-del-bebe\/colonias-y-perfumes-de-bebe\/set-baby-cologne-con-peluche-caja-rosa\/p\/setbabycologne_rosa_gato\">Set Baby Cologne con peluche, caja rosa<\/a><div><div class=\"bloquePrecio\"><div class=\"precioProducto\">25.0 \u20ac<\/div><a target=\"_blank\" class=\"ctabuy\" href=\"https:\/\/www.suavinex.com\/bano-y-cuidado-del-bebe\/colonias-y-perfumes-de-bebe\/set-baby-cologne-con-peluche-caja-rosa\/p\/setbabycologne_rosa_gato\">COMPRAR<\/a><\/div><\/div><\/li><\/ul><\/div>\n\n\n\n<ul class=\"wp-block-list\">\n<li><strong>Hacer una transici\u00f3n paulatina<\/strong>: En lugar de librarte de la cuna de la noche a la ma\u00f1ana, monta la cama al lado de la cuna e inv\u00edtale a usar la cama para momentos concretos como echarse la siesta, leer cuentos contigo o incluso jugar. Adem\u00e1s, tambi\u00e9n puedes optar por los <a href=\"https:\/\/www.suavinex.com\/chupetes-para-dormir\/s\/SEG0010006\">chupetes para dormir<\/a>, estos <a href=\"https:\/\/www.suavinex.com\/chupetes-y-accesorios\/chupetes\/c\/0010\">chupetes<\/a> ayudan a relajar a tu beb\u00e9 para para conciliar el sue\u00f1o y reducir el estr\u00e9s. Nuestro <a href=\"https:\/\/www.suavinex.com\/chupetes-y-accesorios\/chupetes\/pack-ch-fis-s-6-18-rs\/p\/000000000000308060\">Pack 4 Chupetes con Tetina Fisiol\u00f3gica SX Pro Rosa y Gris<\/a>&nbsp;es ideal para dormir.<\/li>\n<\/ul>\n\n\n<div class=\"carrusel\"><ul class=\"recomendacion\"><li class=\"producto\"><div class=\"wrapProducto\"><a target=\"_blank\" class=\"imagen\" href=\"https:\/\/www.suavinex.com\/alimentacion-del-bebe\/vajilla-infantil\/s-vajilla-infantil-nina-6m-i3\/p\/000000000000300844\"><img decoding=\"async\" src=\"https:\/\/www.suavinex.com\/medias\/Vajilla-Go-Natural-RS-01.jpg?context=bWFzdGVyfGltYWdlc3wxNzY1MTl8aW1hZ2UvanBlZ3xpbWFnZXMvaDkyL2gzZC84OTE3MTg0ODcyNDc4LmpwZ3w2ZDkxOWRmNTJjNWViYmI2MDQxNmNjNjAxNWZkMDU0YzJhZjdiZGVhMjBlOWRmZDQzNWU1OWQ4M2NiNTQwMmZh\"><\/a><div class=\"productname\"><a target=\"_blank\" href=\"https:\/\/www.suavinex.com\/alimentacion-del-bebe\/vajilla-infantil\/s-vajilla-infantil-nina-6m-i3\/p\/000000000000300844\">Vajilla para beb\u00e9s de aprendizaje rosa<\/a><div><div class=\"bloquePrecio\"><div class=\"precioProducto\">33.95 \u20ac<\/div><a target=\"_blank\" class=\"ctabuy\" href=\"https:\/\/www.suavinex.com\/alimentacion-del-bebe\/vajilla-infantil\/s-vajilla-infantil-nina-6m-i3\/p\/000000000000300844\">COMPRAR<\/a><\/div><\/div><\/li><\/ul><\/div>\n\n\n\n<ul class=\"wp-block-list\">\n<li><strong>Preg\u00fantale<\/strong>: Muchas menospreciamos la capacidad de los beb\u00e9s de entender las cosas. Puedes explicarle por qu\u00e9 crees que ha llegado el momento de hacer el cambio y preguntarle qu\u00e9 opina al respecto. Puede que su respuesta te sorprenda.<\/li>\n\n\n\n<li><strong>Hazle part\u00edcipe del proceso<\/strong>: Ll\u00e9vale contigo cuando vayas a hacer las compras de las s\u00e1banas y accesorios o incluso de la propia cama. Si puede dar su opini\u00f3n y expresar lo que le gusta y le hace sentir c\u00f3modo, se sentir\u00e1 mucho m\u00e1s inclinado a pasar de la cuna a la cama. Al fin y al cabo, lo habr\u00e1 hecho algo \u201csuyo\u201d.<\/li>\n\n\n\n<li><strong>Evita que pasar de la cuna a la cama no coincida con otro gran cambio: <\/strong>Si est\u00e1 a punto de llegar un nuevo hermano o va a haber un cambio de casa o <a href=\"https:\/\/www.suavinex.com\/livingsuavinex\/vuelta_al_cole\/\">la vuelta al cole<\/a>, no es recomendable hacer al mismo tiempo el paso de la cuna a la cama. Ser\u00e1n demasiados cambios importantes para tu beb\u00e9 y sentir\u00e1 que sus rutinas se desestabilizan, minando su seguridad y su confianza. Si hay un beb\u00e9 en camino, puede que se sienta desplazado, que le echan de \u201csu\u201d cuna para d\u00e1rsela a otro.<\/li>\n\n\n\n<li><strong>No variar la rutina de sue\u00f1o<\/strong>: En la misma l\u00ednea del punto anterior, alterar la rutina a la que tu beb\u00e9 est\u00e1 habituado antes de ir a dormir, al mismo tiempo que la cama, puede alterarle y evitar que disfrute del sue\u00f1o reparador que necesita.<\/li>\n\n\n\n<li>Emplea una cama Montessori: No es necesario pasar de una cuna a una cama de adultos de la noche a la ma\u00f1ana. De hecho, esto puede ser arriesgado (los beb\u00e9s se pueden caer de la cama en mitad de la noche y hacerse da\u00f1o). La cama Montessori es una cama de transici\u00f3n ideal.<\/li>\n<\/ul>\n\n\n\n<h2 class=\"wp-block-heading\"><strong>\u00bfQu\u00e9 es una cama Montessori?<\/strong><\/h2>\n\n\n\n<p>Si es la primera vez que has <strong>o\u00eddo hablar de las camas Montessori<\/strong> te explicamos que se trata de un dise\u00f1o de cama pensado especialmente para facilitar pasar de la cuna a la cama. Son camas de <strong>dise\u00f1o muy bajo<\/strong>, a veces con una peque\u00f1a barandilla y otras totalmente abiertas, que fomentan la autonom\u00eda del beb\u00e9, favorecen su desarrollo y facilitan que tu peque mantenga una buena postura al dormir.<\/p>\n\n\n\n<p>Hay <strong>muchos dise\u00f1os<\/strong>, as\u00ed que tu beb\u00e9 tambi\u00e9n puede participar en la elecci\u00f3n de su cama. Con forma de casita o de tienda, de banco o sof\u00e1 o incluso con una peque\u00f1a rampa para facilitar que suban a ella\u2026 Las camas Montessori son muy pr\u00e1cticas y a tu beb\u00e9 le encantar\u00e1n.<\/p>\n\n\n\n<p>Recuerda ponerla de tal forma que el peque pueda apreciar toda la habitaci\u00f3n y, espec\u00edficamente, la puerta (les da seguridad ver si est\u00e1 abierta, cerrada y qui\u00e9n puede entrar).<\/p>\n\n\n\n<p>Adem\u00e1s, nuestros <a href=\"https:\/\/www.suavinex.com\/livingsuavinex\/chupetes-brillan-oscuridad\/\">chupetes que brillan en la oscuridad<\/a> de la <a href=\"https:\/\/www.suavinex.com\/night-day\">colecci\u00f3n Night &amp; Day<\/a>, cuentan con unas anillas blancas durante todo el d\u00eda que van absorbiendo la luz que reciben, cuando llega la noche y apagas las luces, la anilla se ilumina sin alterar el sue\u00f1o del beb\u00e9. Te resultar\u00e1 muy \u00fatil si en alg\u00fan momento pierde el chupete y tienes que encontrarlo sin encender las luces. \u00a1Prueba nuestro <a href=\"https:\/\/www.suavinex.com\/chupetes-y-accesorios\/sujetachupetes\/pack-biberon-de-silicona-chupete-de-0-6-meses-y-broche-verde\/p\/set-colour-essence-verde\">Pack Chupetes Nocturnos Rosa<\/a>!<\/p>\n\n\n<div class=\"carrusel\"><ul class=\"recomendacion\"><li class=\"producto\"><div class=\"wrapProducto\"><a target=\"_blank\" class=\"imagen\" href=\"https:\/\/www.suavinex.com\/alimentacion-del-bebe\/vajilla-infantil\/s-vajilla-infantil-nina-6m-i3\/p\/000000000000300844\"><img decoding=\"async\" src=\"https:\/\/www.suavinex.com\/medias\/Vajilla-Go-Natural-RS-01.jpg?context=bWFzdGVyfGltYWdlc3wxNzY1MTl8aW1hZ2UvanBlZ3xpbWFnZXMvaDkyL2gzZC84OTE3MTg0ODcyNDc4LmpwZ3w2ZDkxOWRmNTJjNWViYmI2MDQxNmNjNjAxNWZkMDU0YzJhZjdiZGVhMjBlOWRmZDQzNWU1OWQ4M2NiNTQwMmZh\"><\/a><div class=\"productname\"><a target=\"_blank\" href=\"https:\/\/www.suavinex.com\/alimentacion-del-bebe\/vajilla-infantil\/s-vajilla-infantil-nina-6m-i3\/p\/000000000000300844\">Vajilla para beb\u00e9s de aprendizaje rosa<\/a><div><div class=\"bloquePrecio\"><div class=\"precioProducto\">33.95 \u20ac<\/div><a target=\"_blank\" class=\"ctabuy\" href=\"https:\/\/www.suavinex.com\/alimentacion-del-bebe\/vajilla-infantil\/s-vajilla-infantil-nina-6m-i3\/p\/000000000000300844\">COMPRAR<\/a><\/div><\/div><\/li><\/ul><\/div>\n\n\n\n<p>Esperamos haber respondido a tus preguntas sobre <strong>cu\u00e1ndo pasar de la cuna a la cama Montessori<\/strong> y que estos consejos te resulten \u00fatiles. Si tienes alg\u00fan otro truco que no hayamos mencionado, no olvides compartirlo con nosotras en los comentarios o en las redes sociales.<\/p>\n\n\n\n<p><strong>Fuentes:<\/strong><\/p>\n\n\n\n<p><a href=\"https:\/\/bebepolis.es\/blog\/que-es-una-cama-montessori-y-cuales-son-sus-beneficios\/\" target=\"_blank\" rel=\"noreferrer noopener nofollow\">\u00bfQu\u00e9 es una cama Montessori y cu\u00e1les son sus beneficios?<\/a> \u2013 bebepolis<\/p>\n\n\n\n<p><a href=\"https:\/\/babysparks.com\/es\/2019\/06\/12\/crib-to-bed-when-to-make-the-switch\/\" target=\"_blank\" rel=\"noreferrer noopener nofollow\">De la cuna a la cama: \u00bfCu\u00e1ndo hacer la transici\u00f3n?<\/a> \u2013 Baby Sparks<\/p>\n\n\n\n<p><a href=\"https:\/\/janabebe.com\/es\/blog\/cuando-pasar-a-los-bebes-de-la-cuna-a-la-cama.html\" target=\"_blank\" rel=\"noreferrer noopener nofollow\">\u00bfCu\u00e1ndo Pasar A Los Beb\u00e9s De La Cuna A La Cama?<\/a> \u2013 Jana Beb\u00e9<\/p>\n","protected":false},"excerpt":{"rendered":"El sue\u00f1o infantil es algo crucial en el desarrollo de los m\u00e1s peque\u00f1os. Los beb\u00e9s pasan muchas horas durmiendo y, poco a poco van adquiriendo unos h\u00e1bitos de sue\u00f1o m\u00e1s regulares y similares a los de un adulto. Tambi\u00e9n se hace un cambio en el lugar en el que duerme&#8230; <a class=\"view-article\" href=\"https:\/\/www.suavinex.com\/livingsuavinex\/cuando-pasar-de-la-cuna-a-la-cama-montessori\/\">Ver art\u00edculo<\/a>","protected":false},"author":295,"featured_media":43703,"comment_status":"closed","ping_status":"open","sticky":false,"template":"","format":"standard","meta":{"inline_featured_image":false,"footnotes":""},"categories":[2269],"tags":[],"class_list":["post-43702","post","type-post","status-publish","format-standard","has-post-thumbnail","hentry","category-parenting"],"yoast_head":"<!-- This site is optimized with the Yoast SEO plugin v26.8 - https:\/\/yoast.com\/product\/yoast-seo-wordpress\/ -->\n<title>\u00bfCu\u00e1ndo pasar de la cuna a la cama Montessori? Ideas para la transici\u00f3n<\/title>\n<meta name=\"description\" content=\"En Suavinex te damos consejos e ideas de transici\u00f3n sobre c\u00f3mo pasar de la cuna a la cama Montessori a tu beb\u00e9.\" \/>\n<meta name=\"robots\" content=\"index, follow, max-snippet:-1, max-image-preview:large, max-video-preview:-1\" \/>\n<link rel=\"canonical\" href=\"https:\/\/www.suavinex.com\/livingsuavinex\/cuando-pasar-de-la-cuna-a-la-cama-montessori\/\" \/>\n<meta property=\"og:locale\" content=\"es_ES\" \/>\n<meta property=\"og:type\" content=\"article\" \/>\n<meta property=\"og:title\" content=\"\u00bfCu\u00e1ndo pasar de la cuna a la cama Montessori? Ideas para la transici\u00f3n\" \/>\n<meta property=\"og:description\" content=\"En Suavinex te damos consejos e ideas de transici\u00f3n sobre c\u00f3mo pasar de la cuna a la cama Montessori a tu beb\u00e9.\" \/>\n<meta property=\"og:url\" content=\"https:\/\/www.suavinex.com\/livingsuavinex\/cuando-pasar-de-la-cuna-a-la-cama-montessori\/\" \/>\n<meta property=\"og:site_name\" content=\"Living Suavinex\" \/>\n<meta property=\"article:publisher\" content=\"https:\/\/www.facebook.com\/SuavinexSpain\" \/>\n<meta property=\"article:published_time\" content=\"2023-03-03T07:00:20+00:00\" \/>\n<meta property=\"article:modified_time\" content=\"2024-10-28T11:54:45+00:00\" \/>\n<meta property=\"og:image\" content=\"https:\/\/www.suavinex.com\/livingsuavinex\/wp-content\/uploads\/2023\/03\/Cuando-pasar-cuna-cama.jpg\" \/>\n\t<meta property=\"og:image:width\" content=\"1200\" \/>\n\t<meta property=\"og:image:height\" content=\"800\" \/>\n\t<meta property=\"og:image:type\" content=\"image\/jpeg\" \/>\n<meta name=\"author\" content=\"Suavinex Central\" \/>\n<meta name=\"twitter:card\" content=\"summary_large_image\" \/>\n<meta name=\"twitter:creator\" content=\"@SuavinexSpain\" \/>\n<meta name=\"twitter:site\" content=\"@SuavinexSpain\" \/>\n<meta name=\"twitter:label1\" content=\"Escrito por\" \/>\n\t<meta name=\"twitter:data1\" content=\"Suavinex Central\" \/>\n\t<meta name=\"twitter:label2\" content=\"Tiempo de lectura\" \/>\n\t<meta name=\"twitter:data2\" content=\"8 minutos\" \/>\n<script type=\"application\/ld+json\" class=\"yoast-schema-graph\">{\"@context\":\"https:\/\/schema.org\",\"@graph\":[{\"@type\":\"Article\",\"@id\":\"https:\/\/www.suavinex.com\/livingsuavinex\/cuando-pasar-de-la-cuna-a-la-cama-montessori\/#article\",\"isPartOf\":{\"@id\":\"https:\/\/www.suavinex.com\/livingsuavinex\/cuando-pasar-de-la-cuna-a-la-cama-montessori\/\"},\"author\":{\"name\":\"Suavinex Central\",\"@id\":\"https:\/\/www.suavinex.com\/livingsuavinex\/#\/schema\/person\/836d83f4b1821b11b7b47cffd08f1ecb\"},\"headline\":\"\u00bfCu\u00e1ndo pasar de la cuna a la cama Montessori? Ideas para la transici\u00f3n\",\"datePublished\":\"2023-03-03T07:00:20+00:00\",\"dateModified\":\"2024-10-28T11:54:45+00:00\",\"mainEntityOfPage\":{\"@id\":\"https:\/\/www.suavinex.com\/livingsuavinex\/cuando-pasar-de-la-cuna-a-la-cama-montessori\/\"},\"wordCount\":1638,\"publisher\":{\"@id\":\"https:\/\/www.suavinex.com\/livingsuavinex\/#organization\"},\"image\":{\"@id\":\"https:\/\/www.suavinex.com\/livingsuavinex\/cuando-pasar-de-la-cuna-a-la-cama-montessori\/#primaryimage\"},\"thumbnailUrl\":\"https:\/\/www.suavinex.com\/livingsuavinex\/wp-content\/uploads\/2023\/03\/Cuando-pasar-cuna-cama.jpg\",\"articleSection\":[\"Parenting\"],\"inLanguage\":\"es\"},{\"@type\":\"WebPage\",\"@id\":\"https:\/\/www.suavinex.com\/livingsuavinex\/cuando-pasar-de-la-cuna-a-la-cama-montessori\/\",\"url\":\"https:\/\/www.suavinex.com\/livingsuavinex\/cuando-pasar-de-la-cuna-a-la-cama-montessori\/\",\"name\":\"\u00bfCu\u00e1ndo pasar de la cuna a la cama Montessori? Ideas para la transici\u00f3n\",\"isPartOf\":{\"@id\":\"https:\/\/www.suavinex.com\/livingsuavinex\/#website\"},\"primaryImageOfPage\":{\"@id\":\"https:\/\/www.suavinex.com\/livingsuavinex\/cuando-pasar-de-la-cuna-a-la-cama-montessori\/#primaryimage\"},\"image\":{\"@id\":\"https:\/\/www.suavinex.com\/livingsuavinex\/cuando-pasar-de-la-cuna-a-la-cama-montessori\/#primaryimage\"},\"thumbnailUrl\":\"https:\/\/www.suavinex.com\/livingsuavinex\/wp-content\/uploads\/2023\/03\/Cuando-pasar-cuna-cama.jpg\",\"datePublished\":\"2023-03-03T07:00:20+00:00\",\"dateModified\":\"2024-10-28T11:54:45+00:00\",\"description\":\"En Suavinex te damos consejos e ideas de transici\u00f3n sobre c\u00f3mo pasar de la cuna a la cama Montessori a tu beb\u00e9.\",\"breadcrumb\":{\"@id\":\"https:\/\/www.suavinex.com\/livingsuavinex\/cuando-pasar-de-la-cuna-a-la-cama-montessori\/#breadcrumb\"},\"inLanguage\":\"es\",\"potentialAction\":[{\"@type\":\"ReadAction\",\"target\":[\"https:\/\/www.suavinex.com\/livingsuavinex\/cuando-pasar-de-la-cuna-a-la-cama-montessori\/\"]}]},{\"@type\":\"ImageObject\",\"inLanguage\":\"es\",\"@id\":\"https:\/\/www.suavinex.com\/livingsuavinex\/cuando-pasar-de-la-cuna-a-la-cama-montessori\/#primaryimage\",\"url\":\"https:\/\/www.suavinex.com\/livingsuavinex\/wp-content\/uploads\/2023\/03\/Cuando-pasar-cuna-cama.jpg\",\"contentUrl\":\"https:\/\/www.suavinex.com\/livingsuavinex\/wp-content\/uploads\/2023\/03\/Cuando-pasar-cuna-cama.jpg\",\"width\":1200,\"height\":800,\"caption\":\"Cu\u00e1ndo pasar de la cuna a la cama\"},{\"@type\":\"BreadcrumbList\",\"@id\":\"https:\/\/www.suavinex.com\/livingsuavinex\/cuando-pasar-de-la-cuna-a-la-cama-montessori\/#breadcrumb\",\"itemListElement\":[{\"@type\":\"ListItem\",\"position\":1,\"name\":\"Portada\",\"item\":\"https:\/\/www.suavinex.com\/livingsuavinex\/\"},{\"@type\":\"ListItem\",\"position\":2,\"name\":\"\u00bfCu\u00e1ndo pasar de la cuna a la cama Montessori? Ideas para la transici\u00f3n\"}]},{\"@type\":\"WebSite\",\"@id\":\"https:\/\/www.suavinex.com\/livingsuavinex\/#website\",\"url\":\"https:\/\/www.suavinex.com\/livingsuavinex\/\",\"name\":\"Living Suavinex\",\"description\":\"| Familias reales\",\"publisher\":{\"@id\":\"https:\/\/www.suavinex.com\/livingsuavinex\/#organization\"},\"potentialAction\":[{\"@type\":\"SearchAction\",\"target\":{\"@type\":\"EntryPoint\",\"urlTemplate\":\"https:\/\/www.suavinex.com\/livingsuavinex\/?s={search_term_string}\"},\"query-input\":{\"@type\":\"PropertyValueSpecification\",\"valueRequired\":true,\"valueName\":\"search_term_string\"}}],\"inLanguage\":\"es\"},{\"@type\":\"Organization\",\"@id\":\"https:\/\/www.suavinex.com\/livingsuavinex\/#organization\",\"name\":\"Suavinex\",\"url\":\"https:\/\/www.suavinex.com\/livingsuavinex\/\",\"logo\":{\"@type\":\"ImageObject\",\"inLanguage\":\"es\",\"@id\":\"https:\/\/www.suavinex.com\/livingsuavinex\/#\/schema\/logo\/image\/\",\"url\":\"https:\/\/www.suavinex.com\/livingsuavinex\/wp-content\/uploads\/2018\/07\/living_sx_logo_mvl.png\",\"contentUrl\":\"https:\/\/www.suavinex.com\/livingsuavinex\/wp-content\/uploads\/2018\/07\/living_sx_logo_mvl.png\",\"width\":350,\"height\":70,\"caption\":\"Suavinex\"},\"image\":{\"@id\":\"https:\/\/www.suavinex.com\/livingsuavinex\/#\/schema\/logo\/image\/\"},\"sameAs\":[\"https:\/\/www.facebook.com\/SuavinexSpain\",\"https:\/\/x.com\/SuavinexSpain\",\"https:\/\/www.instagram.com\/suavinex_spain\/\",\"https:\/\/www.pinterest.es\/SuavinexSpain\/\",\"https:\/\/www.youtube.com\/channel\/UCgeJREx2R_ZvV2aQMrfWgcA\"]},{\"@type\":\"Person\",\"@id\":\"https:\/\/www.suavinex.com\/livingsuavinex\/#\/schema\/person\/836d83f4b1821b11b7b47cffd08f1ecb\",\"name\":\"Suavinex Central\",\"image\":{\"@type\":\"ImageObject\",\"inLanguage\":\"es\",\"@id\":\"https:\/\/www.suavinex.com\/livingsuavinex\/#\/schema\/person\/image\/\",\"url\":\"https:\/\/secure.gravatar.com\/avatar\/bd43680b784882668035add29f959967?s=96&d=mm&r=g\",\"contentUrl\":\"https:\/\/secure.gravatar.com\/avatar\/bd43680b784882668035add29f959967?s=96&d=mm&r=g\",\"caption\":\"Suavinex Central\"}}]}<\/script>\n<!-- \/ Yoast SEO plugin. -->","yoast_head_json":{"title":"\u00bfCu\u00e1ndo pasar de la cuna a la cama Montessori? Ideas para la transici\u00f3n","description":"En Suavinex te damos consejos e ideas de transici\u00f3n sobre c\u00f3mo pasar de la cuna a la cama Montessori a tu beb\u00e9.","robots":{"index":"index","follow":"follow","max-snippet":"max-snippet:-1","max-image-preview":"max-image-preview:large","max-video-preview":"max-video-preview:-1"},"canonical":"https:\/\/www.suavinex.com\/livingsuavinex\/cuando-pasar-de-la-cuna-a-la-cama-montessori\/","og_locale":"es_ES","og_type":"article","og_title":"\u00bfCu\u00e1ndo pasar de la cuna a la cama Montessori? Ideas para la transici\u00f3n","og_description":"En Suavinex te damos consejos e ideas de transici\u00f3n sobre c\u00f3mo pasar de la cuna a la cama Montessori a tu beb\u00e9.","og_url":"https:\/\/www.suavinex.com\/livingsuavinex\/cuando-pasar-de-la-cuna-a-la-cama-montessori\/","og_site_name":"Living Suavinex","article_publisher":"https:\/\/www.facebook.com\/SuavinexSpain","article_published_time":"2023-03-03T07:00:20+00:00","article_modified_time":"2024-10-28T11:54:45+00:00","og_image":[{"width":1200,"height":800,"url":"https:\/\/www.suavinex.com\/livingsuavinex\/wp-content\/uploads\/2023\/03\/Cuando-pasar-cuna-cama.jpg","type":"image\/jpeg"}],"author":"Suavinex Central","twitter_card":"summary_large_image","twitter_creator":"@SuavinexSpain","twitter_site":"@SuavinexSpain","twitter_misc":{"Escrito por":"Suavinex Central","Tiempo de lectura":"8 minutos"},"schema":{"@context":"https:\/\/schema.org","@graph":[{"@type":"Article","@id":"https:\/\/www.suavinex.com\/livingsuavinex\/cuando-pasar-de-la-cuna-a-la-cama-montessori\/#article","isPartOf":{"@id":"https:\/\/www.suavinex.com\/livingsuavinex\/cuando-pasar-de-la-cuna-a-la-cama-montessori\/"},"author":{"name":"Suavinex Central","@id":"https:\/\/www.suavinex.com\/livingsuavinex\/#\/schema\/person\/836d83f4b1821b11b7b47cffd08f1ecb"},"headline":"\u00bfCu\u00e1ndo pasar de la cuna a la cama Montessori? Ideas para la transici\u00f3n","datePublished":"2023-03-03T07:00:20+00:00","dateModified":"2024-10-28T11:54:45+00:00","mainEntityOfPage":{"@id":"https:\/\/www.suavinex.com\/livingsuavinex\/cuando-pasar-de-la-cuna-a-la-cama-montessori\/"},"wordCount":1638,"publisher":{"@id":"https:\/\/www.suavinex.com\/livingsuavinex\/#organization"},"image":{"@id":"https:\/\/www.suavinex.com\/livingsuavinex\/cuando-pasar-de-la-cuna-a-la-cama-montessori\/#primaryimage"},"thumbnailUrl":"https:\/\/www.suavinex.com\/livingsuavinex\/wp-content\/uploads\/2023\/03\/Cuando-pasar-cuna-cama.jpg","articleSection":["Parenting"],"inLanguage":"es"},{"@type":"WebPage","@id":"https:\/\/www.suavinex.com\/livingsuavinex\/cuando-pasar-de-la-cuna-a-la-cama-montessori\/","url":"https:\/\/www.suavinex.com\/livingsuavinex\/cuando-pasar-de-la-cuna-a-la-cama-montessori\/","name":"\u00bfCu\u00e1ndo pasar de la cuna a la cama Montessori? Ideas para la transici\u00f3n","isPartOf":{"@id":"https:\/\/www.suavinex.com\/livingsuavinex\/#website"},"primaryImageOfPage":{"@id":"https:\/\/www.suavinex.com\/livingsuavinex\/cuando-pasar-de-la-cuna-a-la-cama-montessori\/#primaryimage"},"image":{"@id":"https:\/\/www.suavinex.com\/livingsuavinex\/cuando-pasar-de-la-cuna-a-la-cama-montessori\/#primaryimage"},"thumbnailUrl":"https:\/\/www.suavinex.com\/livingsuavinex\/wp-content\/uploads\/2023\/03\/Cuando-pasar-cuna-cama.jpg","datePublished":"2023-03-03T07:00:20+00:00","dateModified":"2024-10-28T11:54:45+00:00","description":"En Suavinex te damos consejos e ideas de transici\u00f3n sobre c\u00f3mo pasar de la cuna a la cama Montessori a tu beb\u00e9.","breadcrumb":{"@id":"https:\/\/www.suavinex.com\/livingsuavinex\/cuando-pasar-de-la-cuna-a-la-cama-montessori\/#breadcrumb"},"inLanguage":"es","potentialAction":[{"@type":"ReadAction","target":["https:\/\/www.suavinex.com\/livingsuavinex\/cuando-pasar-de-la-cuna-a-la-cama-montessori\/"]}]},{"@type":"ImageObject","inLanguage":"es","@id":"https:\/\/www.suavinex.com\/livingsuavinex\/cuando-pasar-de-la-cuna-a-la-cama-montessori\/#primaryimage","url":"https:\/\/www.suavinex.com\/livingsuavinex\/wp-content\/uploads\/2023\/03\/Cuando-pasar-cuna-cama.jpg","contentUrl":"https:\/\/www.suavinex.com\/livingsuavinex\/wp-content\/uploads\/2023\/03\/Cuando-pasar-cuna-cama.jpg","width":1200,"height":800,"caption":"Cu\u00e1ndo pasar de la cuna a la cama"},{"@type":"BreadcrumbList","@id":"https:\/\/www.suavinex.com\/livingsuavinex\/cuando-pasar-de-la-cuna-a-la-cama-montessori\/#breadcrumb","itemListElement":[{"@type":"ListItem","position":1,"name":"Portada","item":"https:\/\/www.suavinex.com\/livingsuavinex\/"},{"@type":"ListItem","position":2,"name":"\u00bfCu\u00e1ndo pasar de la cuna a la cama Montessori? Ideas para la transici\u00f3n"}]},{"@type":"WebSite","@id":"https:\/\/www.suavinex.com\/livingsuavinex\/#website","url":"https:\/\/www.suavinex.com\/livingsuavinex\/","name":"Living Suavinex","description":"| Familias reales","publisher":{"@id":"https:\/\/www.suavinex.com\/livingsuavinex\/#organization"},"potentialAction":[{"@type":"SearchAction","target":{"@type":"EntryPoint","urlTemplate":"https:\/\/www.suavinex.com\/livingsuavinex\/?s={search_term_string}"},"query-input":{"@type":"PropertyValueSpecification","valueRequired":true,"valueName":"search_term_string"}}],"inLanguage":"es"},{"@type":"Organization","@id":"https:\/\/www.suavinex.com\/livingsuavinex\/#organization","name":"Suavinex","url":"https:\/\/www.suavinex.com\/livingsuavinex\/","logo":{"@type":"ImageObject","inLanguage":"es","@id":"https:\/\/www.suavinex.com\/livingsuavinex\/#\/schema\/logo\/image\/","url":"https:\/\/www.suavinex.com\/livingsuavinex\/wp-content\/uploads\/2018\/07\/living_sx_logo_mvl.png","contentUrl":"https:\/\/www.suavinex.com\/livingsuavinex\/wp-content\/uploads\/2018\/07\/living_sx_logo_mvl.png","width":350,"height":70,"caption":"Suavinex"},"image":{"@id":"https:\/\/www.suavinex.com\/livingsuavinex\/#\/schema\/logo\/image\/"},"sameAs":["https:\/\/www.facebook.com\/SuavinexSpain","https:\/\/x.com\/SuavinexSpain","https:\/\/www.instagram.com\/suavinex_spain\/","https:\/\/www.pinterest.es\/SuavinexSpain\/","https:\/\/www.youtube.com\/channel\/UCgeJREx2R_ZvV2aQMrfWgcA"]},{"@type":"Person","@id":"https:\/\/www.suavinex.com\/livingsuavinex\/#\/schema\/person\/836d83f4b1821b11b7b47cffd08f1ecb","name":"Suavinex Central","image":{"@type":"ImageObject","inLanguage":"es","@id":"https:\/\/www.suavinex.com\/livingsuavinex\/#\/schema\/person\/image\/","url":"https:\/\/secure.gravatar.com\/avatar\/bd43680b784882668035add29f959967?s=96&d=mm&r=g","contentUrl":"https:\/\/secure.gravatar.com\/avatar\/bd43680b784882668035add29f959967?s=96&d=mm&r=g","caption":"Suavinex Central"}}]}},"_links":{"self":[{"href":"https:\/\/www.suavinex.com\/livingsuavinex\/wp-json\/wp\/v2\/posts\/43702","targetHints":{"allow":["GET"]}}],"collection":[{"href":"https:\/\/www.suavinex.com\/livingsuavinex\/wp-json\/wp\/v2\/posts"}],"about":[{"href":"https:\/\/www.suavinex.com\/livingsuavinex\/wp-json\/wp\/v2\/types\/post"}],"author":[{"embeddable":true,"href":"https:\/\/www.suavinex.com\/livingsuavinex\/wp-json\/wp\/v2\/users\/295"}],"replies":[{"embeddable":true,"href":"https:\/\/www.suavinex.com\/livingsuavinex\/wp-json\/wp\/v2\/comments?post=43702"}],"version-history":[{"count":5,"href":"https:\/\/www.suavinex.com\/livingsuavinex\/wp-json\/wp\/v2\/posts\/43702\/revisions"}],"predecessor-version":[{"id":46140,"href":"https:\/\/www.suavinex.com\/livingsuavinex\/wp-json\/wp\/v2\/posts\/43702\/revisions\/46140"}],"wp:featuredmedia":[{"embeddable":true,"href":"https:\/\/www.suavinex.com\/livingsuavinex\/wp-json\/wp\/v2\/media\/43703"}],"wp:attachment":[{"href":"https:\/\/www.suavinex.com\/livingsuavinex\/wp-json\/wp\/v2\/media?parent=43702"}],"wp:term":[{"taxonomy":"category","embeddable":true,"href":"https:\/\/www.suavinex.com\/livingsuavinex\/wp-json\/wp\/v2\/categories?post=43702"},{"taxonomy":"post_tag","embeddable":true,"href":"https:\/\/www.suavinex.com\/livingsuavinex\/wp-json\/wp\/v2\/tags?post=43702"}],"curies":[{"name":"wp","href":"https:\/\/api.w.org\/{rel}","templated":true}]}}