{"id":43699,"date":"2023-03-02T08:30:36","date_gmt":"2023-03-02T07:30:36","guid":{"rendered":"https:\/\/www.suavinex.com\/livingsuavinex\/?p=43699"},"modified":"2023-11-21T09:05:46","modified_gmt":"2023-11-21T08:05:46","slug":"tosferina-en-bebes-y-ninos","status":"publish","type":"post","link":"https:\/\/www.suavinex.com\/livingsuavinex\/tosferina-en-bebes-y-ninos\/","title":{"rendered":"Tosferina en beb\u00e9s y ni\u00f1os: s\u00edntomas y tratamiento de la pertussis"},"content":{"rendered":"\n<p>No es raro preocuparse cuando un beb\u00e9 empieza a mostrar s\u00edntomas de alguna enfermedad. Hasta el m\u00e1s peque\u00f1o <strong>ataque de <\/strong><a href=\"https:\/\/www.suavinex.com\/livingsuavinex\/tos-ninos\/\"><strong>tos de beb\u00e9<\/strong><\/a> puede parecer el fin del mundo para los padres primerizos. Pero si tu beb\u00e9 tose mucho, hasta el punto de tener problemas para respirar, podr\u00eda tener <strong>tosferina<\/strong>.<\/p>\n\n\n\n<p>Aunque la mayor\u00eda de las veces, las preocupaciones de mam\u00e1s y pap\u00e1s no tienen raz\u00f3n de ser y solo es un resfriado o <a href=\"https:\/\/www.suavinex.com\/livingsuavinex\/primer-catarro-bebe\/\">catarro en beb\u00e9s<\/a>, si hay ocasiones en las que <strong>actuar deprisa<\/strong> puede suponer la diferencia entre pasar solo un mal rato y que nuestro beb\u00e9 sufra una enfermedad grave.<\/p>\n\n\n\n<h2 class=\"wp-block-heading\"><strong>\u00bfQu\u00e9 es la tosferina y c\u00f3mo se contagia?<\/strong><\/h2>\n\n\n\n<p>Tambi\u00e9n conocida como <strong>pertussis<\/strong>, la tosferina es una enfermedad de origen bacteriano, producida por la bacteria <strong><em>Bordetella pertussis<\/em><\/strong>.<\/p>\n\n\n\n<p>La presencia y reproducci\u00f3n de la bacteria <strong>afecta al sistema respiratorio<\/strong>, causando una tos constante y problemas para respirar con normalidad. Los cilios (las extensiones m\u00e1s finas del aparato respiratorio) se inflaman debido a las toxinas que libera la bacteria.<\/p>\n\n\n\n<p>La tosferina <strong>se transmite de persona a persona<\/strong>, mediante el contacto cercano o por la propagaci\u00f3n en el aire de la bacteria cuando una persona infectada tose o estornuda.<\/p>\n\n\n\n<h2 class=\"wp-block-heading\"><strong>\u00bfCu\u00e1ndo se pone la vacuna de la pertussis en beb\u00e9s?<\/strong><\/h2>\n\n\n\n<p>La tosferina tiende a <strong>extenderse con gran rapidez<\/strong>, precisamente debido a la frecuencia y virulencia de los ataques de tos y a que, durante las dos primeras semanas, puede confundirse f\u00e1cilmente con un resfriado.<\/p>\n\n\n\n<p>Sin embargo, existe una <strong>vacuna contra la tosferina<\/strong> que ha permitido reducir dr\u00e1sticamente el n\u00famero de casos en el mundo. Adem\u00e1s, es una de las primeras vacunas que reciben los beb\u00e9s. Por eso es crucial seguir el <a href=\"https:\/\/www.suavinex.com\/livingsuavinex\/calendario-vacunaciones\/\">calendario de vacunaciones<\/a> establecido.<\/p>\n\n\n\n<p><strong>Son necesarias varias dosis<\/strong> de la vacuna, por lo que, normalmente, se pone una <strong>primera dosis a los beb\u00e9s de dos meses<\/strong> y se refuerzan las dosis hasta los seis meses (una m\u00e1s a los cuatro meses y la \u00faltima, a los seis).<\/p>\n\n\n\n<p>La vacuna no solo protege contra la pertussis sino tambi\u00e9n <strong>contra el t\u00e9tanos y la difteria<\/strong>.<\/p>\n\n\n\n<p>Antes de cumplir los dos meses, el beb\u00e9 no puede recibir la vacuna, por lo que es recomendable que sea la madre la que se ponga cuando est\u00e9 planeando <a href=\"https:\/\/www.suavinex.com\/livingsuavinex\/embarazada-planificacion\/\">quedarse embarazada<\/a> o incluso durante el <a href=\"https:\/\/www.suavinex.com\/livingsuavinex\/tercer-trimestre-de-embarazo-sintomas-habituales\/\"><strong>tercer trimestre de embarazo<\/strong><\/a>. De esta forma, el beb\u00e9 estar\u00e1 tambi\u00e9n protegido si resulta que se tiene un <a href=\"https:\/\/www.suavinex.com\/livingsuavinex\/parto-prematuro-sintomas-y-causas\/\"><strong>parto prematuro<\/strong><\/a>.<\/p>\n\n\n\n<h2 class=\"wp-block-heading\"><strong>\u00bfQu\u00e9 tan grave es la tosferina?<\/strong><\/h2>\n\n\n\n<p>Aunque la tos en s\u00ed puede parecer poca cosa, la <strong>tosferina en beb\u00e9s y ni\u00f1o<\/strong>s puede ser bastante grave. Los beb\u00e9s de menos de un a\u00f1o son un grupo de riesgo para desarrollar complicaciones e incluso que aparezcan enfermedades mortales, derivadas de la tosferina.<\/p>\n\n\n\n<p>Hay que tener en cuenta que <strong>toser es muy cansado<\/strong>, m\u00e1s a\u00fan para los beb\u00e9s y ni\u00f1os peque\u00f1os. Por este motivo, tienen m\u00e1s probabilidades de sufrir <strong>convulsiones<\/strong>, <strong>infecciones<\/strong> o desarrollar <strong>neumon\u00eda<\/strong>, debido a la tosferina o pertussis.<\/p>\n\n\n\n<h2 class=\"wp-block-heading\"><strong>S\u00edntomas de la tosferina: \u00bfc\u00f3mo saber si mi beb\u00e9 tiene tos ferina?<\/strong><\/h2>\n\n\n\n<p>El <strong>principal s\u00edntoma<\/strong> de la tosferina o pertussis es la tos. Comienza como un resfriado com\u00fan, pero al pasar las dos semanas, los s\u00edntomas, en lugar de empezar a remitir, empeoran<strong>. La tos se vuelve m\u00e1s intensa<\/strong> y constante y empieza la dificultad para respirar.<\/p>\n\n\n\n<p>Al tomar bocanadas de aire r\u00e1pidas y profundas entre ataque de tos y ataque de tos, los ni\u00f1os peque\u00f1os suelen producir una especie de silbido del cu\u00e1l esta enfermedad recibe su nombre com\u00fan.<\/p>\n\n\n\n<p><strong>Otras se\u00f1ales<\/strong> de que tu beb\u00e9 o ni\u00f1o peque\u00f1o puede tener tosferina en lugar de un resfriado com\u00fan son:<\/p>\n\n\n\n<ul class=\"wp-block-list\">\n<li>Labios azulados<\/li>\n\n\n\n<li>Lagrimeo<\/li>\n\n\n\n<li>Que el <a href=\"https:\/\/www.suavinex.com\/livingsuavinex\/babea-dientes\/\">beb\u00e9 babea mucho<\/a><\/li>\n\n\n\n<li>V\u00f3mitos y nauseas<\/li>\n<\/ul>\n\n\n\n<p>Los beb\u00e9s muy peque\u00f1os pueden tener tambi\u00e9n momentos en los que parece que <strong>dejan de respirar<\/strong>.<\/p>\n\n\n\n<h2 class=\"wp-block-heading\"><strong>Tratamiento para tosferina: \u00bfc\u00f3mo quitar la tosferina en ni\u00f1os?<\/strong><\/h2>\n\n\n\n<p>Al tratarse de una enfermedad producida por una bacteria, la tosferina o tos convulsa se trata, com\u00fanmente con <strong>antibi\u00f3ticos<\/strong>.<\/p>\n\n\n\n<p>Cuanto antes se receten y empiecen a administrar los antibi\u00f3ticos, m\u00e1s efectivos ser\u00e1n, por eso es importante detectar la enfermedad a tiempo, antes de que los ataques de tos empiecen a ser graves. Los beb\u00e9s menores de 6 meses suelen requerir tratamiento en el hospital, pero la evoluci\u00f3n tiende a ser favorable.<\/p>\n\n\n\n<p>No obstante, hay que tener en cuenta que los antibi\u00f3ticos evitan la propagaci\u00f3n de la bacteria, pero <strong>no alivian los s\u00edntomas<\/strong> de la enfermedad por lo que hay <strong>otros tratamientos y consejos<\/strong> que se deben seguir para que los beb\u00e9s y ni\u00f1os con tosferina no lo pasen tan mal:<\/p>\n\n\n\n<ul class=\"wp-block-list\">\n<li>Emplear un <a href=\"https:\/\/www.suavinex.com\/alimentacion-del-bebe\/pequeno-electrodomestico\/s-humidificador-smart-i3\/p\/000000000000401134\" data-wplink-edit=\"true\"><strong>humidificador en fr\u00edo<\/strong><\/a> como el <a href=\"https:\/\/www.suavinex.com\/alimentacion-del-bebe\/pequeno-electrodomestico\/s-humidificador-smart-i3\/p\/000000000000401134\">Humidificador SMART para beb\u00e9s<\/a> de Suavinex, para calmar la irritaci\u00f3n de los pulmones. Los <a href=\"https:\/\/www.suavinex.com\/livingsuavinex\/cual-es-el-mejor-humidificador-para-la-habitacion-del-bebe\/\">mejores humidificadores para beb\u00e9s<\/a> permiten usar tambi\u00e9n alg\u00fan aceite esencial de eucalipto o menta para facilitar la respiraci\u00f3n. \u00a1Echa un vistazo a nuestro cat\u00e1logo de <a href=\"https:\/\/www.suavinex.com\/alimentacion-del-bebe\/pequeno-electrodomestico\/c\/0035\">peque\u00f1o electrodom\u00e9stico de beb\u00e9s<\/a>!<\/li>\n<\/ul>\n\n\n<div class=\"wp-block-image\">\n<figure class=\"aligncenter\"><a href=\"https:\/\/www.suavinex.com\/alimentacion-del-bebe\/pequeno-electrodomestico\/s-humidificador-smart-i3\/p\/000000000000401134\"><img loading=\"lazy\" decoding=\"async\" width=\"700\" height=\"300\" src=\"https:\/\/www.suavinex.com\/livingsuavinex\/wp-content\/uploads\/2021\/12\/Humidificador-en-frio.png\" alt=\"Humidificador en fr\u00edo\" class=\"wp-image-43357\" srcset=\"https:\/\/www.suavinex.com\/livingsuavinex\/wp-content\/uploads\/2021\/12\/Humidificador-en-frio.png 700w, https:\/\/www.suavinex.com\/livingsuavinex\/wp-content\/uploads\/2021\/12\/Humidificador-en-frio-300x129.png 300w, https:\/\/www.suavinex.com\/livingsuavinex\/wp-content\/uploads\/2021\/12\/Humidificador-en-frio-200x86.png 200w, https:\/\/www.suavinex.com\/livingsuavinex\/wp-content\/uploads\/2021\/12\/Humidificador-en-frio-400x171.png 400w, https:\/\/www.suavinex.com\/livingsuavinex\/wp-content\/uploads\/2021\/12\/Humidificador-en-frio-600x257.png 600w\" sizes=\"auto, (max-width: 700px) 100vw, 700px\" \/><\/a><\/figure><\/div>\n\n<div class=\"wp-block-image\">\n<figure class=\"aligncenter\"><a href=\"https:\/\/www.suavinex.com\/alimentacion-del-bebe\/pequeno-electrodomestico\/s-humidificador-smart-i3\/p\/000000000000401134\"><img loading=\"lazy\" decoding=\"async\" width=\"700\" height=\"300\" src=\"https:\/\/www.suavinex.com\/livingsuavinex\/wp-content\/uploads\/2012\/02\/Humidificador-SMART-para-beb\u00e9s.png\" alt=\"Humidificador SMART para beb\u00e9s\" class=\"wp-image-43192\" srcset=\"https:\/\/www.suavinex.com\/livingsuavinex\/wp-content\/uploads\/2012\/02\/Humidificador-SMART-para-beb\u00e9s.png 700w, https:\/\/www.suavinex.com\/livingsuavinex\/wp-content\/uploads\/2012\/02\/Humidificador-SMART-para-beb\u00e9s-300x129.png 300w, https:\/\/www.suavinex.com\/livingsuavinex\/wp-content\/uploads\/2012\/02\/Humidificador-SMART-para-beb\u00e9s-200x86.png 200w, https:\/\/www.suavinex.com\/livingsuavinex\/wp-content\/uploads\/2012\/02\/Humidificador-SMART-para-beb\u00e9s-400x171.png 400w, https:\/\/www.suavinex.com\/livingsuavinex\/wp-content\/uploads\/2012\/02\/Humidificador-SMART-para-beb\u00e9s-600x257.png 600w\" sizes=\"auto, (max-width: 700px) 100vw, 700px\" \/><\/a><\/figure><\/div>\n\n\n<ul class=\"wp-block-list\">\n<li>Dejar que tu beb\u00e9 descanse en la cama en una <strong>posici\u00f3n que abra las v\u00edas respiratorias<\/strong>. Puedes preguntarle al pediatra.<\/li>\n\n\n\n<li><strong>No llevar a tu beb\u00e9 a la guarder\u00eda<\/strong> hasta que se haya cumplido el tratamiento de antibi\u00f3ticos.<\/li>\n\n\n\n<li><strong>L\u00e1vate las manos<\/strong> con agua y jab\u00f3n frecuentemente y, sobre todo, cada vez que vayas a acercarte al peque\u00f1o. Para ello nuestro <a href=\"https:\/\/www.suavinex.com\/accesorios-guarderia\/bolsos-de-maternidad\/s-bolso-mama-dreams-rosa\/p\/000000000000308481\">Bolso para Carro Beb\u00e9 Rosa con Cosm\u00e9tica<\/a> es perfecto.<\/li>\n<\/ul>\n\n\n<div class=\"wp-block-image\">\n<figure class=\"aligncenter size-full\"><a href=\"https:\/\/www.suavinex.com\/accesorios-guarderia\/bolsos-de-maternidad\/s-bolso-mama-dreams-rosa\/p\/000000000000308481\"><img loading=\"lazy\" decoding=\"async\" width=\"700\" height=\"300\" src=\"https:\/\/www.suavinex.com\/livingsuavinex\/wp-content\/uploads\/2021\/01\/bolso-para-carro-bebe-rosa-con-cosmetica.jpg\" alt=\"bolso-para-carro-bebe-rosa-con-cosmetica\" class=\"wp-image-45011\" srcset=\"https:\/\/www.suavinex.com\/livingsuavinex\/wp-content\/uploads\/2021\/01\/bolso-para-carro-bebe-rosa-con-cosmetica.jpg 700w, https:\/\/www.suavinex.com\/livingsuavinex\/wp-content\/uploads\/2021\/01\/bolso-para-carro-bebe-rosa-con-cosmetica-250x107.jpg 250w, https:\/\/www.suavinex.com\/livingsuavinex\/wp-content\/uploads\/2021\/01\/bolso-para-carro-bebe-rosa-con-cosmetica-120x51.jpg 120w\" sizes=\"auto, (max-width: 700px) 100vw, 700px\" \/><\/a><\/figure><\/div>\n\n\n<ul class=\"wp-block-list\">\n<li>Si tu beb\u00e9 ya ha comenzado con la alimentaci\u00f3n complementaria o incluso ha dejado ya la lactancia materna, aseg\u00farate de <strong>darle abundantes l\u00edquidos<\/strong> (zumo, agua, caldos c\u00e1lidos) para disolver las mucosidades y prevenir la deshidrataci\u00f3n.<\/li>\n\n\n\n<li>Los jarabes qu\u00edmicos para la tos no suelen estar recomendados para ni\u00f1os menores de 4 a\u00f1os y debes <strong>consultar con el pediatra<\/strong> cualquier jarabe natural que quieras darle.<\/li>\n<\/ul>\n\n\n\n<p>\u00bfTienes un <strong>beb\u00e9 que ha sufrido tosferina<\/strong>? \u00bfCu\u00e1les son tus trucos para aliviar la tos y sobrellevar la enfermedad? \u00a1<strong>Comparte tu experiencia<\/strong> con nosotras en los comentarios o redes sociales!<\/p>\n\n\n\n<p><strong>Fuentes:<\/strong><\/p>\n\n\n\n<p><a href=\"https:\/\/www.healthychildren.org\/Spanish\/health-issues\/conditions\/chest-lungs\/Paginas\/whooping-cough.aspx\">Tosferina en ni\u00f1os: qu\u00e9 necesitan saber los padres<\/a> \u2013 Healthy Children<\/p>\n\n\n\n<p><a href=\"https:\/\/www.cdc.gov\/pertussis\/about\/index-sp.html\" class=\"broken_link\">Tosferina<\/a> \u2013 CDC<\/p>\n\n\n<div class=\"wp-block-image\">\n<figure class=\"aligncenter\"><a href=\"https:\/\/www.suavinex.com\/livingsuavinex\/registro-crm\/\"><img loading=\"lazy\" decoding=\"async\" width=\"690\" height=\"212\" src=\"https:\/\/www.suavinex.com\/livingsuavinex\/wp-content\/uploads\/2021\/11\/Suavinex-Newsletter.jpg\" alt=\"Suavinex Newsletter\" class=\"wp-image-42187\" srcset=\"https:\/\/www.suavinex.com\/livingsuavinex\/wp-content\/uploads\/2021\/11\/Suavinex-Newsletter.jpg 690w, https:\/\/www.suavinex.com\/livingsuavinex\/wp-content\/uploads\/2021\/11\/Suavinex-Newsletter-300x92.jpg 300w, https:\/\/www.suavinex.com\/livingsuavinex\/wp-content\/uploads\/2021\/11\/Suavinex-Newsletter-200x61.jpg 200w, https:\/\/www.suavinex.com\/livingsuavinex\/wp-content\/uploads\/2021\/11\/Suavinex-Newsletter-400x123.jpg 400w, https:\/\/www.suavinex.com\/livingsuavinex\/wp-content\/uploads\/2021\/11\/Suavinex-Newsletter-600x184.jpg 600w\" sizes=\"auto, (max-width: 690px) 100vw, 690px\" \/><\/a><\/figure><\/div>","protected":false},"excerpt":{"rendered":"No es raro preocuparse cuando un beb\u00e9 empieza a mostrar s\u00edntomas de alguna enfermedad. Hasta el m\u00e1s peque\u00f1o ataque de tos de beb\u00e9 puede parecer el fin del mundo para los padres primerizos. Pero si tu beb\u00e9 tose mucho, hasta el punto de tener problemas para respirar, podr\u00eda tener tosferina&#8230;. <a class=\"view-article\" href=\"https:\/\/www.suavinex.com\/livingsuavinex\/tosferina-en-bebes-y-ninos\/\">Ver art\u00edculo<\/a>","protected":false},"author":295,"featured_media":43700,"comment_status":"closed","ping_status":"open","sticky":false,"template":"","format":"standard","meta":{"inline_featured_image":false,"footnotes":""},"categories":[2269],"tags":[],"class_list":["post-43699","post","type-post","status-publish","format-standard","has-post-thumbnail","hentry","category-parenting"],"yoast_head":"<!-- This site is optimized with the Yoast SEO plugin v26.8 - https:\/\/yoast.com\/product\/yoast-seo-wordpress\/ -->\n<title>Tosferina en beb\u00e9s y ni\u00f1os: s\u00edntomas y tratamiento de la pertussis<\/title>\n<meta name=\"description\" content=\"En Suavinex te contamos todo sobre la tosferina o pertussis en beb\u00e9s y ni\u00f1os: qu\u00e9 es, c\u00f3mo se contagia y cu\u00e1ndo vacunarse.\" \/>\n<meta name=\"robots\" content=\"index, follow, max-snippet:-1, max-image-preview:large, max-video-preview:-1\" \/>\n<link rel=\"canonical\" href=\"https:\/\/www.suavinex.com\/livingsuavinex\/tosferina-en-bebes-y-ninos\/\" \/>\n<meta property=\"og:locale\" content=\"es_ES\" \/>\n<meta property=\"og:type\" content=\"article\" \/>\n<meta property=\"og:title\" content=\"Tosferina en beb\u00e9s y ni\u00f1os: s\u00edntomas y tratamiento de la pertussis\" \/>\n<meta property=\"og:description\" content=\"En Suavinex te contamos todo sobre la tosferina o pertussis en beb\u00e9s y ni\u00f1os: qu\u00e9 es, c\u00f3mo se contagia y cu\u00e1ndo vacunarse.\" \/>\n<meta property=\"og:url\" content=\"https:\/\/www.suavinex.com\/livingsuavinex\/tosferina-en-bebes-y-ninos\/\" \/>\n<meta property=\"og:site_name\" content=\"Living Suavinex\" \/>\n<meta property=\"article:publisher\" content=\"https:\/\/www.facebook.com\/SuavinexSpain\" \/>\n<meta property=\"article:published_time\" content=\"2023-03-02T07:30:36+00:00\" \/>\n<meta property=\"article:modified_time\" content=\"2023-11-21T08:05:46+00:00\" \/>\n<meta property=\"og:image\" content=\"https:\/\/www.suavinex.com\/livingsuavinex\/wp-content\/uploads\/2023\/03\/tosferina-pertussis.jpg\" \/>\n\t<meta property=\"og:image:width\" content=\"1200\" \/>\n\t<meta property=\"og:image:height\" content=\"800\" \/>\n\t<meta property=\"og:image:type\" content=\"image\/jpeg\" \/>\n<meta name=\"author\" content=\"Suavinex Central\" \/>\n<meta name=\"twitter:card\" content=\"summary_large_image\" \/>\n<meta name=\"twitter:creator\" content=\"@SuavinexSpain\" \/>\n<meta name=\"twitter:site\" content=\"@SuavinexSpain\" \/>\n<meta name=\"twitter:label1\" content=\"Escrito por\" \/>\n\t<meta name=\"twitter:data1\" content=\"Suavinex Central\" \/>\n\t<meta name=\"twitter:label2\" content=\"Tiempo de lectura\" \/>\n\t<meta name=\"twitter:data2\" content=\"6 minutos\" \/>\n<script type=\"application\/ld+json\" class=\"yoast-schema-graph\">{\"@context\":\"https:\/\/schema.org\",\"@graph\":[{\"@type\":\"Article\",\"@id\":\"https:\/\/www.suavinex.com\/livingsuavinex\/tosferina-en-bebes-y-ninos\/#article\",\"isPartOf\":{\"@id\":\"https:\/\/www.suavinex.com\/livingsuavinex\/tosferina-en-bebes-y-ninos\/\"},\"author\":{\"name\":\"Suavinex Central\",\"@id\":\"https:\/\/www.suavinex.com\/livingsuavinex\/#\/schema\/person\/836d83f4b1821b11b7b47cffd08f1ecb\"},\"headline\":\"Tosferina en beb\u00e9s y ni\u00f1os: s\u00edntomas y tratamiento de la pertussis\",\"datePublished\":\"2023-03-02T07:30:36+00:00\",\"dateModified\":\"2023-11-21T08:05:46+00:00\",\"mainEntityOfPage\":{\"@id\":\"https:\/\/www.suavinex.com\/livingsuavinex\/tosferina-en-bebes-y-ninos\/\"},\"wordCount\":1083,\"publisher\":{\"@id\":\"https:\/\/www.suavinex.com\/livingsuavinex\/#organization\"},\"image\":{\"@id\":\"https:\/\/www.suavinex.com\/livingsuavinex\/tosferina-en-bebes-y-ninos\/#primaryimage\"},\"thumbnailUrl\":\"https:\/\/www.suavinex.com\/livingsuavinex\/wp-content\/uploads\/2023\/03\/tosferina-pertussis.jpg\",\"articleSection\":[\"Parenting\"],\"inLanguage\":\"es\"},{\"@type\":\"WebPage\",\"@id\":\"https:\/\/www.suavinex.com\/livingsuavinex\/tosferina-en-bebes-y-ninos\/\",\"url\":\"https:\/\/www.suavinex.com\/livingsuavinex\/tosferina-en-bebes-y-ninos\/\",\"name\":\"Tosferina en beb\u00e9s y ni\u00f1os: s\u00edntomas y tratamiento de la pertussis\",\"isPartOf\":{\"@id\":\"https:\/\/www.suavinex.com\/livingsuavinex\/#website\"},\"primaryImageOfPage\":{\"@id\":\"https:\/\/www.suavinex.com\/livingsuavinex\/tosferina-en-bebes-y-ninos\/#primaryimage\"},\"image\":{\"@id\":\"https:\/\/www.suavinex.com\/livingsuavinex\/tosferina-en-bebes-y-ninos\/#primaryimage\"},\"thumbnailUrl\":\"https:\/\/www.suavinex.com\/livingsuavinex\/wp-content\/uploads\/2023\/03\/tosferina-pertussis.jpg\",\"datePublished\":\"2023-03-02T07:30:36+00:00\",\"dateModified\":\"2023-11-21T08:05:46+00:00\",\"description\":\"En Suavinex te contamos todo sobre la tosferina o pertussis en beb\u00e9s y ni\u00f1os: qu\u00e9 es, c\u00f3mo se contagia y cu\u00e1ndo vacunarse.\",\"breadcrumb\":{\"@id\":\"https:\/\/www.suavinex.com\/livingsuavinex\/tosferina-en-bebes-y-ninos\/#breadcrumb\"},\"inLanguage\":\"es\",\"potentialAction\":[{\"@type\":\"ReadAction\",\"target\":[\"https:\/\/www.suavinex.com\/livingsuavinex\/tosferina-en-bebes-y-ninos\/\"]}]},{\"@type\":\"ImageObject\",\"inLanguage\":\"es\",\"@id\":\"https:\/\/www.suavinex.com\/livingsuavinex\/tosferina-en-bebes-y-ninos\/#primaryimage\",\"url\":\"https:\/\/www.suavinex.com\/livingsuavinex\/wp-content\/uploads\/2023\/03\/tosferina-pertussis.jpg\",\"contentUrl\":\"https:\/\/www.suavinex.com\/livingsuavinex\/wp-content\/uploads\/2023\/03\/tosferina-pertussis.jpg\",\"width\":1200,\"height\":800,\"caption\":\"Tosferina y pertussis en beb\u00e9s\"},{\"@type\":\"BreadcrumbList\",\"@id\":\"https:\/\/www.suavinex.com\/livingsuavinex\/tosferina-en-bebes-y-ninos\/#breadcrumb\",\"itemListElement\":[{\"@type\":\"ListItem\",\"position\":1,\"name\":\"Portada\",\"item\":\"https:\/\/www.suavinex.com\/livingsuavinex\/\"},{\"@type\":\"ListItem\",\"position\":2,\"name\":\"Tosferina en beb\u00e9s y ni\u00f1os: s\u00edntomas y tratamiento de la pertussis\"}]},{\"@type\":\"WebSite\",\"@id\":\"https:\/\/www.suavinex.com\/livingsuavinex\/#website\",\"url\":\"https:\/\/www.suavinex.com\/livingsuavinex\/\",\"name\":\"Living Suavinex\",\"description\":\"| Familias reales\",\"publisher\":{\"@id\":\"https:\/\/www.suavinex.com\/livingsuavinex\/#organization\"},\"potentialAction\":[{\"@type\":\"SearchAction\",\"target\":{\"@type\":\"EntryPoint\",\"urlTemplate\":\"https:\/\/www.suavinex.com\/livingsuavinex\/?s={search_term_string}\"},\"query-input\":{\"@type\":\"PropertyValueSpecification\",\"valueRequired\":true,\"valueName\":\"search_term_string\"}}],\"inLanguage\":\"es\"},{\"@type\":\"Organization\",\"@id\":\"https:\/\/www.suavinex.com\/livingsuavinex\/#organization\",\"name\":\"Suavinex\",\"url\":\"https:\/\/www.suavinex.com\/livingsuavinex\/\",\"logo\":{\"@type\":\"ImageObject\",\"inLanguage\":\"es\",\"@id\":\"https:\/\/www.suavinex.com\/livingsuavinex\/#\/schema\/logo\/image\/\",\"url\":\"https:\/\/www.suavinex.com\/livingsuavinex\/wp-content\/uploads\/2018\/07\/living_sx_logo_mvl.png\",\"contentUrl\":\"https:\/\/www.suavinex.com\/livingsuavinex\/wp-content\/uploads\/2018\/07\/living_sx_logo_mvl.png\",\"width\":350,\"height\":70,\"caption\":\"Suavinex\"},\"image\":{\"@id\":\"https:\/\/www.suavinex.com\/livingsuavinex\/#\/schema\/logo\/image\/\"},\"sameAs\":[\"https:\/\/www.facebook.com\/SuavinexSpain\",\"https:\/\/x.com\/SuavinexSpain\",\"https:\/\/www.instagram.com\/suavinex_spain\/\",\"https:\/\/www.pinterest.es\/SuavinexSpain\/\",\"https:\/\/www.youtube.com\/channel\/UCgeJREx2R_ZvV2aQMrfWgcA\"]},{\"@type\":\"Person\",\"@id\":\"https:\/\/www.suavinex.com\/livingsuavinex\/#\/schema\/person\/836d83f4b1821b11b7b47cffd08f1ecb\",\"name\":\"Suavinex Central\",\"image\":{\"@type\":\"ImageObject\",\"inLanguage\":\"es\",\"@id\":\"https:\/\/www.suavinex.com\/livingsuavinex\/#\/schema\/person\/image\/\",\"url\":\"https:\/\/secure.gravatar.com\/avatar\/bd43680b784882668035add29f959967?s=96&d=mm&r=g\",\"contentUrl\":\"https:\/\/secure.gravatar.com\/avatar\/bd43680b784882668035add29f959967?s=96&d=mm&r=g\",\"caption\":\"Suavinex Central\"}}]}<\/script>\n<!-- \/ Yoast SEO plugin. -->","yoast_head_json":{"title":"Tosferina en beb\u00e9s y ni\u00f1os: s\u00edntomas y tratamiento de la pertussis","description":"En Suavinex te contamos todo sobre la tosferina o pertussis en beb\u00e9s y ni\u00f1os: qu\u00e9 es, c\u00f3mo se contagia y cu\u00e1ndo vacunarse.","robots":{"index":"index","follow":"follow","max-snippet":"max-snippet:-1","max-image-preview":"max-image-preview:large","max-video-preview":"max-video-preview:-1"},"canonical":"https:\/\/www.suavinex.com\/livingsuavinex\/tosferina-en-bebes-y-ninos\/","og_locale":"es_ES","og_type":"article","og_title":"Tosferina en beb\u00e9s y ni\u00f1os: s\u00edntomas y tratamiento de la pertussis","og_description":"En Suavinex te contamos todo sobre la tosferina o pertussis en beb\u00e9s y ni\u00f1os: qu\u00e9 es, c\u00f3mo se contagia y cu\u00e1ndo vacunarse.","og_url":"https:\/\/www.suavinex.com\/livingsuavinex\/tosferina-en-bebes-y-ninos\/","og_site_name":"Living Suavinex","article_publisher":"https:\/\/www.facebook.com\/SuavinexSpain","article_published_time":"2023-03-02T07:30:36+00:00","article_modified_time":"2023-11-21T08:05:46+00:00","og_image":[{"width":1200,"height":800,"url":"https:\/\/www.suavinex.com\/livingsuavinex\/wp-content\/uploads\/2023\/03\/tosferina-pertussis.jpg","type":"image\/jpeg"}],"author":"Suavinex Central","twitter_card":"summary_large_image","twitter_creator":"@SuavinexSpain","twitter_site":"@SuavinexSpain","twitter_misc":{"Escrito por":"Suavinex Central","Tiempo de lectura":"6 minutos"},"schema":{"@context":"https:\/\/schema.org","@graph":[{"@type":"Article","@id":"https:\/\/www.suavinex.com\/livingsuavinex\/tosferina-en-bebes-y-ninos\/#article","isPartOf":{"@id":"https:\/\/www.suavinex.com\/livingsuavinex\/tosferina-en-bebes-y-ninos\/"},"author":{"name":"Suavinex Central","@id":"https:\/\/www.suavinex.com\/livingsuavinex\/#\/schema\/person\/836d83f4b1821b11b7b47cffd08f1ecb"},"headline":"Tosferina en beb\u00e9s y ni\u00f1os: s\u00edntomas y tratamiento de la pertussis","datePublished":"2023-03-02T07:30:36+00:00","dateModified":"2023-11-21T08:05:46+00:00","mainEntityOfPage":{"@id":"https:\/\/www.suavinex.com\/livingsuavinex\/tosferina-en-bebes-y-ninos\/"},"wordCount":1083,"publisher":{"@id":"https:\/\/www.suavinex.com\/livingsuavinex\/#organization"},"image":{"@id":"https:\/\/www.suavinex.com\/livingsuavinex\/tosferina-en-bebes-y-ninos\/#primaryimage"},"thumbnailUrl":"https:\/\/www.suavinex.com\/livingsuavinex\/wp-content\/uploads\/2023\/03\/tosferina-pertussis.jpg","articleSection":["Parenting"],"inLanguage":"es"},{"@type":"WebPage","@id":"https:\/\/www.suavinex.com\/livingsuavinex\/tosferina-en-bebes-y-ninos\/","url":"https:\/\/www.suavinex.com\/livingsuavinex\/tosferina-en-bebes-y-ninos\/","name":"Tosferina en beb\u00e9s y ni\u00f1os: s\u00edntomas y tratamiento de la pertussis","isPartOf":{"@id":"https:\/\/www.suavinex.com\/livingsuavinex\/#website"},"primaryImageOfPage":{"@id":"https:\/\/www.suavinex.com\/livingsuavinex\/tosferina-en-bebes-y-ninos\/#primaryimage"},"image":{"@id":"https:\/\/www.suavinex.com\/livingsuavinex\/tosferina-en-bebes-y-ninos\/#primaryimage"},"thumbnailUrl":"https:\/\/www.suavinex.com\/livingsuavinex\/wp-content\/uploads\/2023\/03\/tosferina-pertussis.jpg","datePublished":"2023-03-02T07:30:36+00:00","dateModified":"2023-11-21T08:05:46+00:00","description":"En Suavinex te contamos todo sobre la tosferina o pertussis en beb\u00e9s y ni\u00f1os: qu\u00e9 es, c\u00f3mo se contagia y cu\u00e1ndo vacunarse.","breadcrumb":{"@id":"https:\/\/www.suavinex.com\/livingsuavinex\/tosferina-en-bebes-y-ninos\/#breadcrumb"},"inLanguage":"es","potentialAction":[{"@type":"ReadAction","target":["https:\/\/www.suavinex.com\/livingsuavinex\/tosferina-en-bebes-y-ninos\/"]}]},{"@type":"ImageObject","inLanguage":"es","@id":"https:\/\/www.suavinex.com\/livingsuavinex\/tosferina-en-bebes-y-ninos\/#primaryimage","url":"https:\/\/www.suavinex.com\/livingsuavinex\/wp-content\/uploads\/2023\/03\/tosferina-pertussis.jpg","contentUrl":"https:\/\/www.suavinex.com\/livingsuavinex\/wp-content\/uploads\/2023\/03\/tosferina-pertussis.jpg","width":1200,"height":800,"caption":"Tosferina y pertussis en beb\u00e9s"},{"@type":"BreadcrumbList","@id":"https:\/\/www.suavinex.com\/livingsuavinex\/tosferina-en-bebes-y-ninos\/#breadcrumb","itemListElement":[{"@type":"ListItem","position":1,"name":"Portada","item":"https:\/\/www.suavinex.com\/livingsuavinex\/"},{"@type":"ListItem","position":2,"name":"Tosferina en beb\u00e9s y ni\u00f1os: s\u00edntomas y tratamiento de la pertussis"}]},{"@type":"WebSite","@id":"https:\/\/www.suavinex.com\/livingsuavinex\/#website","url":"https:\/\/www.suavinex.com\/livingsuavinex\/","name":"Living Suavinex","description":"| Familias reales","publisher":{"@id":"https:\/\/www.suavinex.com\/livingsuavinex\/#organization"},"potentialAction":[{"@type":"SearchAction","target":{"@type":"EntryPoint","urlTemplate":"https:\/\/www.suavinex.com\/livingsuavinex\/?s={search_term_string}"},"query-input":{"@type":"PropertyValueSpecification","valueRequired":true,"valueName":"search_term_string"}}],"inLanguage":"es"},{"@type":"Organization","@id":"https:\/\/www.suavinex.com\/livingsuavinex\/#organization","name":"Suavinex","url":"https:\/\/www.suavinex.com\/livingsuavinex\/","logo":{"@type":"ImageObject","inLanguage":"es","@id":"https:\/\/www.suavinex.com\/livingsuavinex\/#\/schema\/logo\/image\/","url":"https:\/\/www.suavinex.com\/livingsuavinex\/wp-content\/uploads\/2018\/07\/living_sx_logo_mvl.png","contentUrl":"https:\/\/www.suavinex.com\/livingsuavinex\/wp-content\/uploads\/2018\/07\/living_sx_logo_mvl.png","width":350,"height":70,"caption":"Suavinex"},"image":{"@id":"https:\/\/www.suavinex.com\/livingsuavinex\/#\/schema\/logo\/image\/"},"sameAs":["https:\/\/www.facebook.com\/SuavinexSpain","https:\/\/x.com\/SuavinexSpain","https:\/\/www.instagram.com\/suavinex_spain\/","https:\/\/www.pinterest.es\/SuavinexSpain\/","https:\/\/www.youtube.com\/channel\/UCgeJREx2R_ZvV2aQMrfWgcA"]},{"@type":"Person","@id":"https:\/\/www.suavinex.com\/livingsuavinex\/#\/schema\/person\/836d83f4b1821b11b7b47cffd08f1ecb","name":"Suavinex Central","image":{"@type":"ImageObject","inLanguage":"es","@id":"https:\/\/www.suavinex.com\/livingsuavinex\/#\/schema\/person\/image\/","url":"https:\/\/secure.gravatar.com\/avatar\/bd43680b784882668035add29f959967?s=96&d=mm&r=g","contentUrl":"https:\/\/secure.gravatar.com\/avatar\/bd43680b784882668035add29f959967?s=96&d=mm&r=g","caption":"Suavinex Central"}}]}},"_links":{"self":[{"href":"https:\/\/www.suavinex.com\/livingsuavinex\/wp-json\/wp\/v2\/posts\/43699","targetHints":{"allow":["GET"]}}],"collection":[{"href":"https:\/\/www.suavinex.com\/livingsuavinex\/wp-json\/wp\/v2\/posts"}],"about":[{"href":"https:\/\/www.suavinex.com\/livingsuavinex\/wp-json\/wp\/v2\/types\/post"}],"author":[{"embeddable":true,"href":"https:\/\/www.suavinex.com\/livingsuavinex\/wp-json\/wp\/v2\/users\/295"}],"replies":[{"embeddable":true,"href":"https:\/\/www.suavinex.com\/livingsuavinex\/wp-json\/wp\/v2\/comments?post=43699"}],"version-history":[{"count":3,"href":"https:\/\/www.suavinex.com\/livingsuavinex\/wp-json\/wp\/v2\/posts\/43699\/revisions"}],"predecessor-version":[{"id":45232,"href":"https:\/\/www.suavinex.com\/livingsuavinex\/wp-json\/wp\/v2\/posts\/43699\/revisions\/45232"}],"wp:featuredmedia":[{"embeddable":true,"href":"https:\/\/www.suavinex.com\/livingsuavinex\/wp-json\/wp\/v2\/media\/43700"}],"wp:attachment":[{"href":"https:\/\/www.suavinex.com\/livingsuavinex\/wp-json\/wp\/v2\/media?parent=43699"}],"wp:term":[{"taxonomy":"category","embeddable":true,"href":"https:\/\/www.suavinex.com\/livingsuavinex\/wp-json\/wp\/v2\/categories?post=43699"},{"taxonomy":"post_tag","embeddable":true,"href":"https:\/\/www.suavinex.com\/livingsuavinex\/wp-json\/wp\/v2\/tags?post=43699"}],"curies":[{"name":"wp","href":"https:\/\/api.w.org\/{rel}","templated":true}]}}