{"id":43550,"date":"2022-12-20T07:00:30","date_gmt":"2022-12-20T06:00:30","guid":{"rendered":"https:\/\/www.suavinex.com\/livingsuavinex\/?p=43550"},"modified":"2025-03-10T16:22:54","modified_gmt":"2025-03-10T15:22:54","slug":"quitar-mal-olor-a-los-biberones","status":"publish","type":"post","link":"https:\/\/www.suavinex.com\/livingsuavinex\/quitar-mal-olor-a-los-biberones\/","title":{"rendered":"\u00bfC\u00f3mo quitar el mal olor a los biberones de mi beb\u00e9?"},"content":{"rendered":"\n<p>Los <a href=\"https:\/\/www.suavinex.com\/biberones-y-accesorios\/biberones\/c\/0021\">biberones<\/a> de los beb\u00e9s son <strong>herramientas important\u00edsimas<\/strong> a la hora de alimentar al peque\u00f1\u00edn de la casa. A no ser que la mam\u00e1 est\u00e9 presente todo el tiempo durante los primeros seis meses de vida del reci\u00e9n nacido o <a href=\"https:\/\/www.suavinex.com\/livingsuavinex\/que-es-un-neonato\/\">neonato<\/a> para ofrecer una <a href=\"https:\/\/www.suavinex.com\/livingsuavinex\/beneficios-lactancia-materna\/\">lactancia materna<\/a> exclusiva y a demanda, es probable que teng\u00e1is que <strong>echar mano de un biber\u00f3n de vez en cuando<\/strong>.<\/p>\n\n\n\n<p>Opciones como la <a href=\"https:\/\/www.suavinex.com\/livingsuavinex\/lactancia-diferida\/\">lactancia diferida<\/a> y la <a href=\"https:\/\/www.suavinex.com\/livingsuavinex\/lactancia-mixta\/\">lactancia mixta<\/a> permiten que el pap\u00e1 y otros familiares puedan <strong>compartir tambi\u00e9n el momento de alimentar al beb\u00e9<\/strong>, al mismo tiempo que dan a la mam\u00e1 algunos momentos de descanso.<\/p>\n\n\n\n<p>Por supuesto, la inmensa mayor\u00eda de mam\u00e1s y pap\u00e1s son conscientes de lo importante que es <a href=\"https:\/\/www.suavinex.com\/livingsuavinex\/como-limpiar-los-biberones\/\">limpiar los biberones<\/a> del beb\u00e9 correctamente, utilizando un <a href=\"https:\/\/www.suavinex.com\/livingsuavinex\/detergente-biberones-tetinas\/\">detergente para biberones<\/a>, y garantizar que est\u00e9n limpios. Pero, a veces, por m\u00e1s que los limpiemos, hay algo que <strong>no logramos eliminar: El mal olor. <\/strong><\/p>\n\n\n\n<p>Hoy vamos a explicarte <strong>por qu\u00e9 huele mal<\/strong> y <strong>c\u00f3mo quitar el mal olor de los biberones<\/strong>.<\/p>\n\n\n\n<h2 class=\"wp-block-heading\"><strong>\u00bfPor qu\u00e9 huele mal el biber\u00f3n del beb\u00e9?<\/strong><\/h2>\n\n\n\n<p>Esta es una pregunta normal, sobre todo si los est\u00e1s limpiando correctamente con un cepillo limpiabiber\u00f3n duo de Suavinex y empleando un <a href=\"https:\/\/www.suavinex.com\/alimentacion-del-bebe\/esterilizadores\/c\/0031\">esterilizadores<\/a> de biberones y chupetes con la frecuencia recomendada.<\/p>\n\n\n\n<p>En Suavinex puedes encontrar tanto esterilizador el\u00e9ctrico como <a href=\"https:\/\/www.suavinex.com\/alimentacion-del-bebe\/esterilizadores\/s-esterilizador-microondas\/p\/000000000000300919\">esterilizador de microondas<\/a>.<\/p>\n\n\n<div class=\"carrusel\"><ul class=\"recomendacion\"><li class=\"producto\"><div class=\"wrapProducto\"><a target=\"_blank\" class=\"imagen\" href=\"https:\/\/www.suavinex.com\/alimentacion-del-bebe\/esterilizadores\/s-calientabiberones-y-esterilizador-2en1\/p\/000000000000402604\"><img decoding=\"async\" src=\"https:\/\/www.suavinex.com\/medias\/Calientabiberones-2024-prod-01-02.jpg?context=bWFzdGVyfGltYWdlc3wzMTQ3NDF8aW1hZ2UvanBlZ3xpbWFnZXMvaDE4L2hhOS84OTEzODY4ODgxOTUwLmpwZ3xlODdhYjIzZTA0ODkzMjEyODIzOGJjMzMxNjJhMmVlYTcxY2E0YmY0ZGQ3NWUxYjhhZTM1MTc2NWM0ZWEyNmNl\"><\/a><div class=\"productname\"><a target=\"_blank\" href=\"https:\/\/www.suavinex.com\/alimentacion-del-bebe\/esterilizadores\/s-calientabiberones-y-esterilizador-2en1\/p\/000000000000402604\">Calientabiberones y Esterilizador 5en1<\/a><div><div class=\"bloquePrecio\"><div class=\"precioProducto\">59.9 \u20ac<\/div><a target=\"_blank\" class=\"ctabuy\" href=\"https:\/\/www.suavinex.com\/alimentacion-del-bebe\/esterilizadores\/s-calientabiberones-y-esterilizador-2en1\/p\/000000000000402604\">COMPRAR<\/a><\/div><\/div><\/li><\/ul><\/div>\n\n\n\n<p><strong>Es habitual que el olor a leche se quede pegado al biber\u00f3n<\/strong> y no desaparezca por mucho que lo laves. Dependiendo de los tipos de <a href=\"https:\/\/www.suavinex.com\/livingsuavinex\/tetinas-para-el-biberon-de-tu-bebe\/\">tetinas para biber\u00f3n<\/a> que emplees, el olor se pegar\u00e1 m\u00e1s o menos.<\/p>\n\n\n\n<p>En el caso de las <strong>tetinas de l\u00e1tex<\/strong>, por ejemplo, los olores e incluso colores, tienden a pegarse m\u00e1s y son m\u00e1s complicados de eliminar. Esto se debe a que el l\u00e1tex es un material poroso. Las part\u00edculas de leche se van acumulando en los poros del material y, con el tiempo, producen ese mal olor.<\/p>\n\n\n\n<p>Si utilizas biberones con <strong>tetinas de silicona<\/strong>, notar\u00e1s que estas no pierden su forma ni color y que los olores no son tan persistentes. No obstante, a\u00fan as\u00ed es necesario sustituir estas tetinas de forma peri\u00f3dica.<\/p>\n\n\n\n<p>Cuando se trata del <strong>recipiente del biber\u00f3n<\/strong>, el material de fabricaci\u00f3n tambi\u00e9n juega su parte en la retenci\u00f3n de malos olores y su eliminaci\u00f3n. Los <strong>biberones de vidrio<\/strong> son mucho menos porosos, por lo que los olores no se pegan tanto como puede suceder con un <strong>biber\u00f3n de pl\u00e1stico<\/strong>, que es m\u00e1s poroso y se desgasta con mayor rapidez cuando se somete a calor frecuente.<\/p>\n\n\n\n<p><strong>Que el biber\u00f3n huela mal no significa que est\u00e9 sucio<\/strong>. Sin embargo, es posible que el mal olor cause rechazo en tu beb\u00e9 y que se niegue a tomar el biber\u00f3n si percibe un olor desagradable.<\/p>\n\n\n\n<p>\u00bfC\u00f3mo quitar el mal olor de los biberones? Te lo explicamos a continuaci\u00f3n.<\/p>\n\n\n\n<h2 class=\"wp-block-heading\"><strong>\u00bfC\u00f3mo quitar el mal olor a los biberones?<\/strong><\/h2>\n\n\n\n<p>Si quieres <strong>quitar el mal olor a los biberones<\/strong>, hay algunos trucos caseros que funcionan muy bien y que te vamos a explicar:<\/p>\n\n\n\n<h3 class=\"wp-block-heading\"><strong>Quitar el mal olor del biber\u00f3n con lim\u00f3n y bicarbonato<\/strong><\/h3>\n\n\n\n<p>Sigue estos pasos si quieres quitar el mal olor de los biberones de forma eficaz.<\/p>\n\n\n\n<ul class=\"wp-block-list\">\n<li>En primer lugar, tienes que <strong>limpiar muy bien los biberones<\/strong>. Emplea un detergente apropiado como el <a href=\"https:\/\/www.suavinex.com\/alimentacion-del-bebe\/accesorios-de-limpieza\/s-promo-detergente-tet-500ml-3u-es-v1\/p\/000000000000307805\">Detergente espec\u00edfico para biberones y tetinas<\/a> de Suavinex y un cepillo con el puedas alcanzar bien todos los recovecos del biber\u00f3n. Nuestro <a href=\"https:\/\/www.suavinex.com\/alimentacion-del-bebe\/accesorios-de-limpieza\/s-promo-detergente-tet-500ml-3u-es-v1\/p\/000000000000307805\">Pack de 3 botellas de detergente de 500 ml para biberones y tetinas<\/a> est\u00e1 dermatol\u00f3gicamente testado.<\/li>\n<\/ul>\n\n\n\n<ul class=\"wp-block-list\">\n<li>En segundo lugar, <strong>llena de agua una palangana<\/strong> u otro recipiente profundo en el que quepan todos los biberones a los que quieres quitar el mal olor.<\/li>\n\n\n\n<li>En esta palangana, <strong>mezcla el zumo fresco de un lim\u00f3n<\/strong> y una cucharada de bicarbonato de sodio.<\/li>\n\n\n\n<li><strong>Sumerge los biberones<\/strong> en esta mezcla y d\u00e9jalos a remojo durante toda la noche.<\/li>\n\n\n\n<li>Al d\u00eda siguiente, <strong>retira la mezcla<\/strong>, vuelve a limpiarlos con el detergente y d\u00e9jalos secar al aire en un <a href=\"https:\/\/www.suavinex.com\/alimentacion-del-bebe\/accesorios-de-limpieza\/s-escurrebiberones\/p\/000000000000400284\">escurrebiberones<\/a>.<\/li>\n<\/ul>\n\n\n<div class=\"carrusel\"><ul class=\"recomendacion\"><li class=\"producto\"><div class=\"wrapProducto\"><a target=\"_blank\" class=\"imagen\" href=\"https:\/\/www.suavinex.com\/alimentacion-del-bebe\/vajilla-infantil\/s-vajilla-infantil-nina-6m-i3\/p\/000000000000300844\"><img decoding=\"async\" src=\"https:\/\/www.suavinex.com\/medias\/Vajilla-Go-Natural-RS-01.jpg?context=bWFzdGVyfGltYWdlc3wxNzY1MTl8aW1hZ2UvanBlZ3xpbWFnZXMvaDkyL2gzZC84OTE3MTg0ODcyNDc4LmpwZ3w2ZDkxOWRmNTJjNWViYmI2MDQxNmNjNjAxNWZkMDU0YzJhZjdiZGVhMjBlOWRmZDQzNWU1OWQ4M2NiNTQwMmZh\"><\/a><div class=\"productname\"><a target=\"_blank\" href=\"https:\/\/www.suavinex.com\/alimentacion-del-bebe\/vajilla-infantil\/s-vajilla-infantil-nina-6m-i3\/p\/000000000000300844\">Vajilla para beb\u00e9s de aprendizaje rosa<\/a><div><div class=\"bloquePrecio\"><div class=\"precioProducto\">33.95 \u20ac<\/div><a target=\"_blank\" class=\"ctabuy\" href=\"https:\/\/www.suavinex.com\/alimentacion-del-bebe\/vajilla-infantil\/s-vajilla-infantil-nina-6m-i3\/p\/000000000000300844\">COMPRAR<\/a><\/div><\/div><\/li><\/ul><\/div>\n\n\n\n<h3 class=\"wp-block-heading\"><strong>Quitar el mal olor a los biberones con vinagre<\/strong><\/h3>\n\n\n\n<p>Este truco es muy similar al anterior. Tienes que <strong>mezclar tres partes de agua<\/strong> templada con una <strong>parte de vinagre blanco<\/strong> en un recipiente profundo y sumergir los biberones en la mezcla.<\/p>\n\n\n\n<p>En este caso, tambi\u00e9n es necesario <strong>dejarlos empaparse en la soluci\u00f3n de vinagre<\/strong> durante toda la noche y enjuagar los biberones al d\u00eda siguiente con tu detergente para biberones.<\/p>\n\n\n\n<p>Es posible que el olor del vinagre persista durante unos minutos, por eso no es recomendable emplear este truco con un biber\u00f3n que vayas a necesitar inmediatamente. Sin embargo, al cabo de un rato, <strong>el olor desparecer\u00e1 del todo<\/strong>.<\/p>\n\n\n\n<h3 class=\"wp-block-heading\"><strong>Congelar los biberones durante la noche<\/strong><\/h3>\n\n\n\n<p>Si metes los biberones al congelador, sin un recipiente ni bolsa que los cubra, despu\u00e9s de haberlos limpiado y esterilizado adecuadamente, <strong>las bacterias se congelar\u00e1n<\/strong> y no producir\u00e1n malos olores. Adem\u00e1s, las bajas temperaturas contraen el material de fabricaci\u00f3n, as\u00ed que tus biberones retendr\u00e1n menos mol\u00e9culas de leche.<\/p>\n\n\n\n<h3 class=\"wp-block-heading\"><strong>Quitar el mal olor del biber\u00f3n con carb\u00f3n activo<\/strong><\/h3>\n\n\n\n<p>Para este m\u00e9todo vas a necesitar <strong>emplear varios d\u00edas<\/strong>. El carb\u00f3n activo puedes conseguirlo en c\u00e1psulas en cualquier herborister\u00eda. Llena el biber\u00f3n de agua y \u00e9chale el contenido de un par de c\u00e1psulas. Cierra la tapa y <strong>ag\u00edtalo bien<\/strong> para que se mezcle.<\/p>\n\n\n\n<p>Tendr\u00e1s que dejar el biber\u00f3n <strong>reposar con esta mezcla<\/strong> durante tres o cuatro d\u00edas. El carb\u00f3n activo es reconocido por sus capacidades de absorber mol\u00e9culas y suciedad. Se emplea a menudo para fabricar pasta de dientes blanqueadora e incluso como complemento alimenticio para aliviar gases por lo que <strong>no debes preocuparte, no es t\u00f3xico<\/strong>.<\/p>\n\n\n\n<p>Eso s\u00ed, cuando retires la mezcla, <strong>limpia bien el biber\u00f3n<\/strong> con el detergente y acl\u00e1ralo con abundante agua, para que no queden restos.<\/p>\n\n\n\n<p>Estos procesos <strong>deber\u00edan eliminar cualquier mal olor<\/strong> que se haya pegado al biber\u00f3n. Cabe la posibilidad de que sigas percibiendo alg\u00fan aroma, pero no te obsesiones si no es muy fuerte. Si tu beb\u00e9 no se queja, no tiene por qu\u00e9 suponer un problema.<\/p>\n\n\n\n<p>Esperamos que estos trucos te resulten \u00fatiles. Si a pesar de todos los intentos, no logras <strong>quitar el mal olor de los biberones<\/strong>, es posible que haya llegado el momento de cambiar el biber\u00f3n.<\/p>\n\n\n\n<p><strong>Fuentes:<\/strong><\/p>\n\n\n\n<p><a href=\"https:\/\/www.melodijolola.com\/ninos\/adios-al-mal-olor-de-los-biberones\" target=\"_blank\" rel=\"noreferrer noopener nofollow\">\u00a1Adi\u00f3s al mal olor de los biberones!<\/a> \u2013 Me Lo Dijo Lola<\/p>\n\n\n\n<p><a href=\"https:\/\/es.wikihow.com\/limpiar-biberones-que-huelan-a-leche-descompuesta\" target=\"_blank\" rel=\"noreferrer noopener nofollow\">C\u00f3mo limpiar biberones que huelan a leche descompuesta \u2013 Wiki How<\/a><\/p>\n\n\n\n<p><\/p>\n","protected":false},"excerpt":{"rendered":"Los biberones de los beb\u00e9s son herramientas important\u00edsimas a la hora de alimentar al peque\u00f1\u00edn de la casa. A no ser que la mam\u00e1 est\u00e9 presente todo el tiempo durante los primeros seis meses de vida del reci\u00e9n nacido o neonato para ofrecer una lactancia materna exclusiva y a demanda,&#8230; <a class=\"view-article\" href=\"https:\/\/www.suavinex.com\/livingsuavinex\/quitar-mal-olor-a-los-biberones\/\">Ver art\u00edculo<\/a>","protected":false},"author":295,"featured_media":43551,"comment_status":"closed","ping_status":"open","sticky":false,"template":"","format":"standard","meta":{"inline_featured_image":false,"footnotes":""},"categories":[1059],"tags":[],"class_list":["post-43550","post","type-post","status-publish","format-standard","has-post-thumbnail","hentry","category-postparto"],"yoast_head":"<!-- This site is optimized with the Yoast SEO plugin v26.8 - https:\/\/yoast.com\/product\/yoast-seo-wordpress\/ -->\n<title>\u00bfC\u00f3mo quitar el mal olor a los biberones de mi beb\u00e9?<\/title>\n<meta name=\"description\" content=\"\u00bfPor qu\u00e9 huele mal el biber\u00f3n del beb\u00e9? En Suavinex te explicamos por qu\u00e9 y la forma correcta de c\u00f3mo quitar el mal olor a los biberones.\" \/>\n<meta name=\"robots\" content=\"index, follow, max-snippet:-1, max-image-preview:large, max-video-preview:-1\" \/>\n<link rel=\"canonical\" href=\"https:\/\/www.suavinex.com\/livingsuavinex\/quitar-mal-olor-a-los-biberones\/\" \/>\n<meta property=\"og:locale\" content=\"es_ES\" \/>\n<meta property=\"og:type\" content=\"article\" \/>\n<meta property=\"og:title\" content=\"\u00bfC\u00f3mo quitar el mal olor a los biberones de mi beb\u00e9?\" \/>\n<meta property=\"og:description\" content=\"\u00bfPor qu\u00e9 huele mal el biber\u00f3n del beb\u00e9? En Suavinex te explicamos por qu\u00e9 y la forma correcta de c\u00f3mo quitar el mal olor a los biberones.\" \/>\n<meta property=\"og:url\" content=\"https:\/\/www.suavinex.com\/livingsuavinex\/quitar-mal-olor-a-los-biberones\/\" \/>\n<meta property=\"og:site_name\" content=\"Living Suavinex\" \/>\n<meta property=\"article:publisher\" content=\"https:\/\/www.facebook.com\/SuavinexSpain\" \/>\n<meta property=\"article:published_time\" content=\"2022-12-20T06:00:30+00:00\" \/>\n<meta property=\"article:modified_time\" content=\"2025-03-10T15:22:54+00:00\" \/>\n<meta property=\"og:image\" content=\"https:\/\/www.suavinex.com\/livingsuavinex\/wp-content\/uploads\/2022\/12\/quitar-mal-olor-biberones.jpg\" \/>\n\t<meta property=\"og:image:width\" content=\"1200\" \/>\n\t<meta property=\"og:image:height\" content=\"800\" \/>\n\t<meta property=\"og:image:type\" content=\"image\/jpeg\" \/>\n<meta name=\"author\" content=\"Suavinex Central\" \/>\n<meta name=\"twitter:card\" content=\"summary_large_image\" \/>\n<meta name=\"twitter:creator\" content=\"@SuavinexSpain\" \/>\n<meta name=\"twitter:site\" content=\"@SuavinexSpain\" \/>\n<meta name=\"twitter:label1\" content=\"Escrito por\" \/>\n\t<meta name=\"twitter:data1\" content=\"Suavinex Central\" \/>\n\t<meta name=\"twitter:label2\" content=\"Tiempo de lectura\" \/>\n\t<meta name=\"twitter:data2\" content=\"5 minutos\" \/>\n<script type=\"application\/ld+json\" class=\"yoast-schema-graph\">{\"@context\":\"https:\/\/schema.org\",\"@graph\":[{\"@type\":\"Article\",\"@id\":\"https:\/\/www.suavinex.com\/livingsuavinex\/quitar-mal-olor-a-los-biberones\/#article\",\"isPartOf\":{\"@id\":\"https:\/\/www.suavinex.com\/livingsuavinex\/quitar-mal-olor-a-los-biberones\/\"},\"author\":{\"name\":\"Suavinex Central\",\"@id\":\"https:\/\/www.suavinex.com\/livingsuavinex\/#\/schema\/person\/836d83f4b1821b11b7b47cffd08f1ecb\"},\"headline\":\"\u00bfC\u00f3mo quitar el mal olor a los biberones de mi beb\u00e9?\",\"datePublished\":\"2022-12-20T06:00:30+00:00\",\"dateModified\":\"2025-03-10T15:22:54+00:00\",\"mainEntityOfPage\":{\"@id\":\"https:\/\/www.suavinex.com\/livingsuavinex\/quitar-mal-olor-a-los-biberones\/\"},\"wordCount\":1141,\"publisher\":{\"@id\":\"https:\/\/www.suavinex.com\/livingsuavinex\/#organization\"},\"image\":{\"@id\":\"https:\/\/www.suavinex.com\/livingsuavinex\/quitar-mal-olor-a-los-biberones\/#primaryimage\"},\"thumbnailUrl\":\"https:\/\/www.suavinex.com\/livingsuavinex\/wp-content\/uploads\/2022\/12\/quitar-mal-olor-biberones.jpg\",\"articleSection\":[\"Postparto\"],\"inLanguage\":\"es\"},{\"@type\":\"WebPage\",\"@id\":\"https:\/\/www.suavinex.com\/livingsuavinex\/quitar-mal-olor-a-los-biberones\/\",\"url\":\"https:\/\/www.suavinex.com\/livingsuavinex\/quitar-mal-olor-a-los-biberones\/\",\"name\":\"\u00bfC\u00f3mo quitar el mal olor a los biberones de mi beb\u00e9?\",\"isPartOf\":{\"@id\":\"https:\/\/www.suavinex.com\/livingsuavinex\/#website\"},\"primaryImageOfPage\":{\"@id\":\"https:\/\/www.suavinex.com\/livingsuavinex\/quitar-mal-olor-a-los-biberones\/#primaryimage\"},\"image\":{\"@id\":\"https:\/\/www.suavinex.com\/livingsuavinex\/quitar-mal-olor-a-los-biberones\/#primaryimage\"},\"thumbnailUrl\":\"https:\/\/www.suavinex.com\/livingsuavinex\/wp-content\/uploads\/2022\/12\/quitar-mal-olor-biberones.jpg\",\"datePublished\":\"2022-12-20T06:00:30+00:00\",\"dateModified\":\"2025-03-10T15:22:54+00:00\",\"description\":\"\u00bfPor qu\u00e9 huele mal el biber\u00f3n del beb\u00e9? En Suavinex te explicamos por qu\u00e9 y la forma correcta de c\u00f3mo quitar el mal olor a los biberones.\",\"breadcrumb\":{\"@id\":\"https:\/\/www.suavinex.com\/livingsuavinex\/quitar-mal-olor-a-los-biberones\/#breadcrumb\"},\"inLanguage\":\"es\",\"potentialAction\":[{\"@type\":\"ReadAction\",\"target\":[\"https:\/\/www.suavinex.com\/livingsuavinex\/quitar-mal-olor-a-los-biberones\/\"]}]},{\"@type\":\"ImageObject\",\"inLanguage\":\"es\",\"@id\":\"https:\/\/www.suavinex.com\/livingsuavinex\/quitar-mal-olor-a-los-biberones\/#primaryimage\",\"url\":\"https:\/\/www.suavinex.com\/livingsuavinex\/wp-content\/uploads\/2022\/12\/quitar-mal-olor-biberones.jpg\",\"contentUrl\":\"https:\/\/www.suavinex.com\/livingsuavinex\/wp-content\/uploads\/2022\/12\/quitar-mal-olor-biberones.jpg\",\"width\":1200,\"height\":800,\"caption\":\"C\u00f3mo quitar el mal olor a los biberones\"},{\"@type\":\"BreadcrumbList\",\"@id\":\"https:\/\/www.suavinex.com\/livingsuavinex\/quitar-mal-olor-a-los-biberones\/#breadcrumb\",\"itemListElement\":[{\"@type\":\"ListItem\",\"position\":1,\"name\":\"Portada\",\"item\":\"https:\/\/www.suavinex.com\/livingsuavinex\/\"},{\"@type\":\"ListItem\",\"position\":2,\"name\":\"\u00bfC\u00f3mo quitar el mal olor a los biberones de mi beb\u00e9?\"}]},{\"@type\":\"WebSite\",\"@id\":\"https:\/\/www.suavinex.com\/livingsuavinex\/#website\",\"url\":\"https:\/\/www.suavinex.com\/livingsuavinex\/\",\"name\":\"Living Suavinex\",\"description\":\"| Familias reales\",\"publisher\":{\"@id\":\"https:\/\/www.suavinex.com\/livingsuavinex\/#organization\"},\"potentialAction\":[{\"@type\":\"SearchAction\",\"target\":{\"@type\":\"EntryPoint\",\"urlTemplate\":\"https:\/\/www.suavinex.com\/livingsuavinex\/?s={search_term_string}\"},\"query-input\":{\"@type\":\"PropertyValueSpecification\",\"valueRequired\":true,\"valueName\":\"search_term_string\"}}],\"inLanguage\":\"es\"},{\"@type\":\"Organization\",\"@id\":\"https:\/\/www.suavinex.com\/livingsuavinex\/#organization\",\"name\":\"Suavinex\",\"url\":\"https:\/\/www.suavinex.com\/livingsuavinex\/\",\"logo\":{\"@type\":\"ImageObject\",\"inLanguage\":\"es\",\"@id\":\"https:\/\/www.suavinex.com\/livingsuavinex\/#\/schema\/logo\/image\/\",\"url\":\"https:\/\/www.suavinex.com\/livingsuavinex\/wp-content\/uploads\/2018\/07\/living_sx_logo_mvl.png\",\"contentUrl\":\"https:\/\/www.suavinex.com\/livingsuavinex\/wp-content\/uploads\/2018\/07\/living_sx_logo_mvl.png\",\"width\":350,\"height\":70,\"caption\":\"Suavinex\"},\"image\":{\"@id\":\"https:\/\/www.suavinex.com\/livingsuavinex\/#\/schema\/logo\/image\/\"},\"sameAs\":[\"https:\/\/www.facebook.com\/SuavinexSpain\",\"https:\/\/x.com\/SuavinexSpain\",\"https:\/\/www.instagram.com\/suavinex_spain\/\",\"https:\/\/www.pinterest.es\/SuavinexSpain\/\",\"https:\/\/www.youtube.com\/channel\/UCgeJREx2R_ZvV2aQMrfWgcA\"]},{\"@type\":\"Person\",\"@id\":\"https:\/\/www.suavinex.com\/livingsuavinex\/#\/schema\/person\/836d83f4b1821b11b7b47cffd08f1ecb\",\"name\":\"Suavinex Central\",\"image\":{\"@type\":\"ImageObject\",\"inLanguage\":\"es\",\"@id\":\"https:\/\/www.suavinex.com\/livingsuavinex\/#\/schema\/person\/image\/\",\"url\":\"https:\/\/secure.gravatar.com\/avatar\/bd43680b784882668035add29f959967?s=96&d=mm&r=g\",\"contentUrl\":\"https:\/\/secure.gravatar.com\/avatar\/bd43680b784882668035add29f959967?s=96&d=mm&r=g\",\"caption\":\"Suavinex Central\"}}]}<\/script>\n<!-- \/ Yoast SEO plugin. -->","yoast_head_json":{"title":"\u00bfC\u00f3mo quitar el mal olor a los biberones de mi beb\u00e9?","description":"\u00bfPor qu\u00e9 huele mal el biber\u00f3n del beb\u00e9? En Suavinex te explicamos por qu\u00e9 y la forma correcta de c\u00f3mo quitar el mal olor a los biberones.","robots":{"index":"index","follow":"follow","max-snippet":"max-snippet:-1","max-image-preview":"max-image-preview:large","max-video-preview":"max-video-preview:-1"},"canonical":"https:\/\/www.suavinex.com\/livingsuavinex\/quitar-mal-olor-a-los-biberones\/","og_locale":"es_ES","og_type":"article","og_title":"\u00bfC\u00f3mo quitar el mal olor a los biberones de mi beb\u00e9?","og_description":"\u00bfPor qu\u00e9 huele mal el biber\u00f3n del beb\u00e9? En Suavinex te explicamos por qu\u00e9 y la forma correcta de c\u00f3mo quitar el mal olor a los biberones.","og_url":"https:\/\/www.suavinex.com\/livingsuavinex\/quitar-mal-olor-a-los-biberones\/","og_site_name":"Living Suavinex","article_publisher":"https:\/\/www.facebook.com\/SuavinexSpain","article_published_time":"2022-12-20T06:00:30+00:00","article_modified_time":"2025-03-10T15:22:54+00:00","og_image":[{"width":1200,"height":800,"url":"https:\/\/www.suavinex.com\/livingsuavinex\/wp-content\/uploads\/2022\/12\/quitar-mal-olor-biberones.jpg","type":"image\/jpeg"}],"author":"Suavinex Central","twitter_card":"summary_large_image","twitter_creator":"@SuavinexSpain","twitter_site":"@SuavinexSpain","twitter_misc":{"Escrito por":"Suavinex Central","Tiempo de lectura":"5 minutos"},"schema":{"@context":"https:\/\/schema.org","@graph":[{"@type":"Article","@id":"https:\/\/www.suavinex.com\/livingsuavinex\/quitar-mal-olor-a-los-biberones\/#article","isPartOf":{"@id":"https:\/\/www.suavinex.com\/livingsuavinex\/quitar-mal-olor-a-los-biberones\/"},"author":{"name":"Suavinex Central","@id":"https:\/\/www.suavinex.com\/livingsuavinex\/#\/schema\/person\/836d83f4b1821b11b7b47cffd08f1ecb"},"headline":"\u00bfC\u00f3mo quitar el mal olor a los biberones de mi beb\u00e9?","datePublished":"2022-12-20T06:00:30+00:00","dateModified":"2025-03-10T15:22:54+00:00","mainEntityOfPage":{"@id":"https:\/\/www.suavinex.com\/livingsuavinex\/quitar-mal-olor-a-los-biberones\/"},"wordCount":1141,"publisher":{"@id":"https:\/\/www.suavinex.com\/livingsuavinex\/#organization"},"image":{"@id":"https:\/\/www.suavinex.com\/livingsuavinex\/quitar-mal-olor-a-los-biberones\/#primaryimage"},"thumbnailUrl":"https:\/\/www.suavinex.com\/livingsuavinex\/wp-content\/uploads\/2022\/12\/quitar-mal-olor-biberones.jpg","articleSection":["Postparto"],"inLanguage":"es"},{"@type":"WebPage","@id":"https:\/\/www.suavinex.com\/livingsuavinex\/quitar-mal-olor-a-los-biberones\/","url":"https:\/\/www.suavinex.com\/livingsuavinex\/quitar-mal-olor-a-los-biberones\/","name":"\u00bfC\u00f3mo quitar el mal olor a los biberones de mi beb\u00e9?","isPartOf":{"@id":"https:\/\/www.suavinex.com\/livingsuavinex\/#website"},"primaryImageOfPage":{"@id":"https:\/\/www.suavinex.com\/livingsuavinex\/quitar-mal-olor-a-los-biberones\/#primaryimage"},"image":{"@id":"https:\/\/www.suavinex.com\/livingsuavinex\/quitar-mal-olor-a-los-biberones\/#primaryimage"},"thumbnailUrl":"https:\/\/www.suavinex.com\/livingsuavinex\/wp-content\/uploads\/2022\/12\/quitar-mal-olor-biberones.jpg","datePublished":"2022-12-20T06:00:30+00:00","dateModified":"2025-03-10T15:22:54+00:00","description":"\u00bfPor qu\u00e9 huele mal el biber\u00f3n del beb\u00e9? En Suavinex te explicamos por qu\u00e9 y la forma correcta de c\u00f3mo quitar el mal olor a los biberones.","breadcrumb":{"@id":"https:\/\/www.suavinex.com\/livingsuavinex\/quitar-mal-olor-a-los-biberones\/#breadcrumb"},"inLanguage":"es","potentialAction":[{"@type":"ReadAction","target":["https:\/\/www.suavinex.com\/livingsuavinex\/quitar-mal-olor-a-los-biberones\/"]}]},{"@type":"ImageObject","inLanguage":"es","@id":"https:\/\/www.suavinex.com\/livingsuavinex\/quitar-mal-olor-a-los-biberones\/#primaryimage","url":"https:\/\/www.suavinex.com\/livingsuavinex\/wp-content\/uploads\/2022\/12\/quitar-mal-olor-biberones.jpg","contentUrl":"https:\/\/www.suavinex.com\/livingsuavinex\/wp-content\/uploads\/2022\/12\/quitar-mal-olor-biberones.jpg","width":1200,"height":800,"caption":"C\u00f3mo quitar el mal olor a los biberones"},{"@type":"BreadcrumbList","@id":"https:\/\/www.suavinex.com\/livingsuavinex\/quitar-mal-olor-a-los-biberones\/#breadcrumb","itemListElement":[{"@type":"ListItem","position":1,"name":"Portada","item":"https:\/\/www.suavinex.com\/livingsuavinex\/"},{"@type":"ListItem","position":2,"name":"\u00bfC\u00f3mo quitar el mal olor a los biberones de mi beb\u00e9?"}]},{"@type":"WebSite","@id":"https:\/\/www.suavinex.com\/livingsuavinex\/#website","url":"https:\/\/www.suavinex.com\/livingsuavinex\/","name":"Living Suavinex","description":"| Familias reales","publisher":{"@id":"https:\/\/www.suavinex.com\/livingsuavinex\/#organization"},"potentialAction":[{"@type":"SearchAction","target":{"@type":"EntryPoint","urlTemplate":"https:\/\/www.suavinex.com\/livingsuavinex\/?s={search_term_string}"},"query-input":{"@type":"PropertyValueSpecification","valueRequired":true,"valueName":"search_term_string"}}],"inLanguage":"es"},{"@type":"Organization","@id":"https:\/\/www.suavinex.com\/livingsuavinex\/#organization","name":"Suavinex","url":"https:\/\/www.suavinex.com\/livingsuavinex\/","logo":{"@type":"ImageObject","inLanguage":"es","@id":"https:\/\/www.suavinex.com\/livingsuavinex\/#\/schema\/logo\/image\/","url":"https:\/\/www.suavinex.com\/livingsuavinex\/wp-content\/uploads\/2018\/07\/living_sx_logo_mvl.png","contentUrl":"https:\/\/www.suavinex.com\/livingsuavinex\/wp-content\/uploads\/2018\/07\/living_sx_logo_mvl.png","width":350,"height":70,"caption":"Suavinex"},"image":{"@id":"https:\/\/www.suavinex.com\/livingsuavinex\/#\/schema\/logo\/image\/"},"sameAs":["https:\/\/www.facebook.com\/SuavinexSpain","https:\/\/x.com\/SuavinexSpain","https:\/\/www.instagram.com\/suavinex_spain\/","https:\/\/www.pinterest.es\/SuavinexSpain\/","https:\/\/www.youtube.com\/channel\/UCgeJREx2R_ZvV2aQMrfWgcA"]},{"@type":"Person","@id":"https:\/\/www.suavinex.com\/livingsuavinex\/#\/schema\/person\/836d83f4b1821b11b7b47cffd08f1ecb","name":"Suavinex Central","image":{"@type":"ImageObject","inLanguage":"es","@id":"https:\/\/www.suavinex.com\/livingsuavinex\/#\/schema\/person\/image\/","url":"https:\/\/secure.gravatar.com\/avatar\/bd43680b784882668035add29f959967?s=96&d=mm&r=g","contentUrl":"https:\/\/secure.gravatar.com\/avatar\/bd43680b784882668035add29f959967?s=96&d=mm&r=g","caption":"Suavinex Central"}}]}},"_links":{"self":[{"href":"https:\/\/www.suavinex.com\/livingsuavinex\/wp-json\/wp\/v2\/posts\/43550","targetHints":{"allow":["GET"]}}],"collection":[{"href":"https:\/\/www.suavinex.com\/livingsuavinex\/wp-json\/wp\/v2\/posts"}],"about":[{"href":"https:\/\/www.suavinex.com\/livingsuavinex\/wp-json\/wp\/v2\/types\/post"}],"author":[{"embeddable":true,"href":"https:\/\/www.suavinex.com\/livingsuavinex\/wp-json\/wp\/v2\/users\/295"}],"replies":[{"embeddable":true,"href":"https:\/\/www.suavinex.com\/livingsuavinex\/wp-json\/wp\/v2\/comments?post=43550"}],"version-history":[{"count":5,"href":"https:\/\/www.suavinex.com\/livingsuavinex\/wp-json\/wp\/v2\/posts\/43550\/revisions"}],"predecessor-version":[{"id":46406,"href":"https:\/\/www.suavinex.com\/livingsuavinex\/wp-json\/wp\/v2\/posts\/43550\/revisions\/46406"}],"wp:featuredmedia":[{"embeddable":true,"href":"https:\/\/www.suavinex.com\/livingsuavinex\/wp-json\/wp\/v2\/media\/43551"}],"wp:attachment":[{"href":"https:\/\/www.suavinex.com\/livingsuavinex\/wp-json\/wp\/v2\/media?parent=43550"}],"wp:term":[{"taxonomy":"category","embeddable":true,"href":"https:\/\/www.suavinex.com\/livingsuavinex\/wp-json\/wp\/v2\/categories?post=43550"},{"taxonomy":"post_tag","embeddable":true,"href":"https:\/\/www.suavinex.com\/livingsuavinex\/wp-json\/wp\/v2\/tags?post=43550"}],"curies":[{"name":"wp","href":"https:\/\/api.w.org\/{rel}","templated":true}]}}