{"id":42266,"date":"2022-01-18T07:26:57","date_gmt":"2022-01-18T06:26:57","guid":{"rendered":"https:\/\/www.suavinex.com\/livingsuavinex\/?p=42266"},"modified":"2022-01-17T17:27:24","modified_gmt":"2022-01-17T16:27:24","slug":"embarazada-y-fumadora-por-que-deberia-dejar-fumar","status":"publish","type":"post","link":"https:\/\/www.suavinex.com\/livingsuavinex\/embarazada-y-fumadora-por-que-deberia-dejar-fumar\/","title":{"rendered":"Embarazada y fumadora, \u00bfpor qu\u00e9 deber\u00eda dejar fumar?"},"content":{"rendered":"<p>Aunque ahora nos parece una obviedad, en realidad no hace tanto tiempo que se empez\u00f3 a decir que <strong>estar embarazada y ser fumadora era una mala combinaci\u00f3n<\/strong>. Los primeros estudios sobre el efecto perjudicial del tabaco sobre la salud general no empezaron a aparecer hasta los a\u00f1os 1950 y 1960.<\/p>\n<p>Incluso hoy en d\u00eda a\u00fan se escucha a muchas mujeres mayores decir que ellas fumaron durante sus embarazos y a sus hijos no les pas\u00f3 nada o a todas esas personas que te dicen que \u201c<em>mejor fumar un poco que estar estresada<\/em>\u201d.<\/p>\n<p>Sin embargo, estamos aqu\u00ed para decirte que no tienes que hacerles caso. Hoy te contamos todos los <strong>riesgos a los que te expones si est\u00e1s embarazada y fumas<\/strong>, tanto para ti como para tu beb\u00e9, porque la salud es lo m\u00e1s importante.<\/p>\n<h2 style=\"text-align: center;\"><strong><img loading=\"lazy\" decoding=\"async\" class=\"alignleft wp-image-42407 size-full\" src=\"https:\/\/www.suavinex.com\/livingsuavinex\/wp-content\/uploads\/2022\/01\/pexels-janko-ferlic-1692050.jpg\" alt=\"embarazada y fumadora\" width=\"300\" height=\"300\" srcset=\"https:\/\/www.suavinex.com\/livingsuavinex\/wp-content\/uploads\/2022\/01\/pexels-janko-ferlic-1692050.jpg 300w, https:\/\/www.suavinex.com\/livingsuavinex\/wp-content\/uploads\/2022\/01\/pexels-janko-ferlic-1692050-150x150.jpg 150w, https:\/\/www.suavinex.com\/livingsuavinex\/wp-content\/uploads\/2022\/01\/pexels-janko-ferlic-1692050-66x66.jpg 66w, https:\/\/www.suavinex.com\/livingsuavinex\/wp-content\/uploads\/2022\/01\/pexels-janko-ferlic-1692050-200x200.jpg 200w\" sizes=\"auto, (max-width: 300px) 100vw, 300px\" \/>Por qu\u00e9 es malo ser fumadora y estar embarazada<\/strong><\/h2>\n<p>La relaci\u00f3n entre una mujer embarazada y su beb\u00e9 es <strong>la m\u00e1s estrecha de todas las relaciones<\/strong>. Todo lo que sea bueno para la madre lo ser\u00e1 para el beb\u00e9 y todo lo que sea malo para ella, es malo para ambos.<\/p>\n<p>Ya es innegable que el tabaco contiene una gran cantidad de qu\u00edmicos perjudiciales para la salud. As\u00ed que, cuando la madre fuma, los efectos del tabaco y la nicotina no afectan \u00fanicamente a su sistema nervioso y neurol\u00f3gico. Igual que sucede con el alcohol cuando est\u00e1s embarazada puede causar el <a href=\"https:\/\/www.suavinex.com\/livingsuavinex\/que-es-el-sindrome-del-alcoholismo-fetal-sintomas-y-tratamiento\/\">s\u00edndrome de alcoholismo fetal<\/a>, el fumar tambi\u00e9n afectar\u00e1 al feto en desarrollo. La diferencia principal est\u00e1, precisamente, en que el cuerpo del beb\u00e9 a\u00fan est\u00e1 form\u00e1ndose y creciendo, de modo que los efectos ser\u00e1n mucho m\u00e1s graves en el beb\u00e9 y pueden ser imperceptibles hasta despu\u00e9s del nacimiento.<\/p>\n<h2 style=\"text-align: center;\"><strong>Las consecuencias de estar embarazada y ser fumadora<\/strong><\/h2>\n<p>Cuando eres fumadora, a corto plazo solo notas los efectos relajantes del tabaco. Sin embargo, a largo plazo, las sustancias qu\u00edmicas que contiene van afectando de forma negativa a tu organismo.<\/p>\n<p>Con tu beb\u00e9, si eres embarazada y fumadora, suceder\u00e1 lo mismo.<\/p>\n<p>La <strong>primera consecuencia<\/strong> que puedes sufrir si no dejas el tabaco mientras est\u00e1s embarazada, es <strong>sufrir un <\/strong><a href=\"https:\/\/www.suavinex.com\/livingsuavinex\/que-es-un-aborto-espontaneo-causas-y-sintomas\/\"><strong>aborto espont\u00e1neo<\/strong><\/a>. El tabaco aumenta el riesgo de interrupci\u00f3n indeseada del embarazo.<\/p>\n<p>Por un lado, <strong>los qu\u00edmicos contenidos en el tabaco perjudican la llegada de ox\u00edgeno y nutrientes <\/strong>al beb\u00e9. Esta falta de nutrientes y ox\u00edgeno desemboca en un desarrollo incorrecto. Adem\u00e1s, la nicotina da\u00f1ar\u00e1 los pulmones y el cerebro de tu beb\u00e9 de forma irrevocable.<\/p>\n<p>Por otro lado, despu\u00e9s del parto, estas son <strong>algunas de las consecuencias<\/strong> que podr\u00eda tener no dejar de fumar:<\/p>\n<ul>\n<li>Que tu beb\u00e9 tenga un peso demasiado bajo al nacer.<\/li>\n<li>Mayor riesgo de sufrir un <a href=\"https:\/\/www.suavinex.com\/livingsuavinex\/parto-prematuro-sintomas-y-causas\/\">parto prematuro<\/a>.<\/li>\n<li>Aumento del riesgo de que tu beb\u00e9 nazca muerto.<\/li>\n<li>Aumento del riesgo de un beb\u00e9 <a href=\"https:\/\/www.suavinex.com\/livingsuavinex\/que-es-un-neonato\/\">neonato<\/a> de sufrir muerte s\u00fabita.<\/li>\n<li>Crecimiento anormal o restringido de la cabeza del beb\u00e9.<\/li>\n<li>Anomal\u00edas en la placenta que afectan al desarrollo del beb\u00e9.<\/li>\n<li>Problemas pulmonares que causan deficiencias respiratorias y enfermedades como el asma en tu beb\u00e9.<\/li>\n<li>Riesgo de sufrir sangrados anormales tanto en los meses de embarazo como durante el parto.<\/li>\n<li>Mayor riesgo de que el beb\u00e9 nazca con deformaciones en el paladar y los labios que le impedir\u00e1n alimentarse correctamente si no es operado.<\/li>\n<\/ul>\n<h2 style=\"text-align: center;\"><strong>Mitos sobre embarazadas que fuman<img loading=\"lazy\" decoding=\"async\" class=\"size-full wp-image-42408 alignright\" src=\"https:\/\/www.suavinex.com\/livingsuavinex\/wp-content\/uploads\/2022\/01\/pexels-yan-krukov-7155359.jpg\" alt=\"embarazada y fumadora\" width=\"300\" height=\"300\" srcset=\"https:\/\/www.suavinex.com\/livingsuavinex\/wp-content\/uploads\/2022\/01\/pexels-yan-krukov-7155359.jpg 300w, https:\/\/www.suavinex.com\/livingsuavinex\/wp-content\/uploads\/2022\/01\/pexels-yan-krukov-7155359-150x150.jpg 150w, https:\/\/www.suavinex.com\/livingsuavinex\/wp-content\/uploads\/2022\/01\/pexels-yan-krukov-7155359-66x66.jpg 66w, https:\/\/www.suavinex.com\/livingsuavinex\/wp-content\/uploads\/2022\/01\/pexels-yan-krukov-7155359-200x200.jpg 200w\" sizes=\"auto, (max-width: 300px) 100vw, 300px\" \/><\/strong><\/h2>\n<p>Ahora vamos a desbancar algunas de las ideas perjudiciales y mitos sobre estar embaraza y ser fumadora para que comprendas por qu\u00e9 no hay excusas para dejar de fumar, tanto por tu bien como por el de tu beb\u00e9.<\/p>\n<ul>\n<li><strong>Si no lo dejas desde el d\u00eda 1, no merece la pena dejarlo<\/strong>: Cuanto m\u00e1s tiempo pases sin fumar, mejor. Si eres fumadora y no sab\u00edas que estabas embarazada, deja de fumar en cuanto te enteres. Incluso un solo d\u00eda sin fumar, es un d\u00eda en el que tu beb\u00e9 recibe m\u00e1s ox\u00edgeno y m\u00e1s nutrientes que necesita.<\/li>\n<li><strong>Es un cambio demasiado brusco para el beb\u00e9<\/strong>: Puede que sea un cambio radical, pero es un cambio para bien. Cualquier cantidad de tabaco y nicotina en tu cuerpo va a ser negativa para el desarrollo de tu hijo o hija, por lo que lo mejor que puedes hacer es dejarlo de golpe.<\/li>\n<li><strong>Por un cigarrillo de vez en cuando no pasa nada<\/strong>: Lo que debes tener muy claro es que no hay una \u201ccantidad segura\u201d de cigarrillos que puedes fumar. Un solo cigarrillo en todo el embarazo ya es peor que ninguno porque ya est\u00e1s introduciendo agentes nocivos en tu cuerpo y en el de tu beb\u00e9 que hacen que tu beb\u00e9 sea m\u00e1s propenso a enfermedades y trastornos.<\/li>\n<li><strong>Si dejo de fumar me entra ansiedad y eso es peor para el beb\u00e9 que el tabaco<\/strong>: este es un mito muy peligroso porque es verdad que el <a href=\"https:\/\/www.suavinex.com\/livingsuavinex\/estres-en-el-embarazo-como-puede-afectar-a-mi-bebe\/\">estr\u00e9s en el embarazo<\/a> tiene efectos negativos para tu beb\u00e9. Sin embargo, hay muchas otras alternativas que no son t\u00f3xicas para tu beb\u00e9 y que te ayudar\u00e1n a controlar la ansiedad y el estr\u00e9s mucho mejor que un cigarrillo.<\/li>\n<li><strong>No pasa nada porque el beb\u00e9 pese poco<\/strong>: Que tu beb\u00e9 nazca con poco peso significa que no est\u00e1 desarrollado todo lo necesario y pueden sufrir problemas de salud. Por eso los beb\u00e9s prematuros y con poco peso tienen que pasar tiempo hospitalizados y no pueden ser llevados a casa hasta que han subido un poco de peso.<\/li>\n<li><strong>No fumo pero uso parches o vapeo<\/strong>: Si los parches o el vape contienen nicotina, entonces el cambio no sirve para nada. La nicotina afecta al correcto desarrollo del cebero y los pulmones de tu beb\u00e9. Adem\u00e1s, los l\u00edquidos de vape, aunque no contengan nicotina, pueden llevar otras sustancias perjudiciales si son de sabores.<\/li>\n<\/ul>\n<p>&nbsp;<\/p>\n<p>Si est\u00e1s embarazada y eres fumadora pero eres consciente de los riesgos y quieres dejarlo, haz uso de todos los recursos que tengas a tu disposici\u00f3n. Habla con tu m\u00e9dico sobre las opciones que tienes. Haz una lista de todos los motivos que tienes para dejar de fumar y l\u00e9ela tantas veces como te haga falta. Intenta hacer ejercicio durante el embarazo de forma suave para mantenerte activa.<\/p>\n<p>Y despu\u00e9s del nacimiento, no vuelva a fumar. Durante la lactancia materna tampoco es conveniente ser fumadora y tu beb\u00e9 a\u00fan puede sufrir los efectos del humo.<\/p>\n<p>Si estas embarazada y eres fumadora, d\u00e9jalo. Tu cuerpo y tu beb\u00e9 te lo agradecer\u00e1n.<\/p>\n<p>&nbsp;<\/p>\n<p>Fuentes:<\/p>\n<p><a href=\"https:\/\/www.adiquit.cz\/es\/7-mitos-sobre-fumar-durante-el-embarazo\/\">7 mitos sobre fumar durante el embarazo<\/a> \u2013 adiquit<\/p>\n<p><a href=\"https:\/\/www.mayoclinic.org\/es-es\/healthy-lifestyle\/pregnancy-week-by-week\/in-depth\/smoking-and-pregnancy\/art-20047021\" class=\"broken_link\">El tabaquismo y el embarazo: comprende los riesgos<\/a> \u2013 Mayo Clinic<\/p>\n<p><a href=\"https:\/\/www.infosalus.com\/mujer\/noticia-mejor-fumar-embarazo-sufrir-ansiedad-20191028083035.html\">\u00bfEs mejor fumar durante el embarazo que sufrir ansiedad?<\/a> \u2013 Info Salus<\/p>\n<p><a href=\"https:\/\/www.drugabuse.gov\/es\/publicaciones\/serie-de-reportes\/adiccion-al-tabaco\/cuales-son-los-riesgos-de-fumar-durante-el-embarazo\">\u00bfCu\u00e1les son los riesgos de fumar durante el embarazo?<\/a> \u2013 NIH Drug Abuse<\/p>\n<p><a href=\"https:\/\/www.suavinex.com\/livingsuavinex\/registro-crm\/\"><img loading=\"lazy\" decoding=\"async\" class=\"aligncenter wp-image-42187 size-full\" src=\"https:\/\/www.suavinex.com\/livingsuavinex\/wp-content\/uploads\/2021\/11\/Suavinex-Newsletter.jpg\" alt=\"Suavinex Newsletter\" width=\"690\" height=\"212\" srcset=\"https:\/\/www.suavinex.com\/livingsuavinex\/wp-content\/uploads\/2021\/11\/Suavinex-Newsletter.jpg 690w, https:\/\/www.suavinex.com\/livingsuavinex\/wp-content\/uploads\/2021\/11\/Suavinex-Newsletter-300x92.jpg 300w, https:\/\/www.suavinex.com\/livingsuavinex\/wp-content\/uploads\/2021\/11\/Suavinex-Newsletter-200x61.jpg 200w, https:\/\/www.suavinex.com\/livingsuavinex\/wp-content\/uploads\/2021\/11\/Suavinex-Newsletter-400x123.jpg 400w, https:\/\/www.suavinex.com\/livingsuavinex\/wp-content\/uploads\/2021\/11\/Suavinex-Newsletter-600x184.jpg 600w\" sizes=\"auto, (max-width: 690px) 100vw, 690px\" \/><\/a><\/p>\n","protected":false},"excerpt":{"rendered":"Aunque ahora nos parece una obviedad, en realidad no hace tanto tiempo que se empez\u00f3 a decir que estar embarazada y ser fumadora era una mala combinaci\u00f3n. Los primeros estudios sobre el efecto perjudicial del tabaco sobre la salud general no empezaron a aparecer hasta los a\u00f1os 1950 y 1960&#8230;. <a class=\"view-article\" href=\"https:\/\/www.suavinex.com\/livingsuavinex\/embarazada-y-fumadora-por-que-deberia-dejar-fumar\/\">Ver art\u00edculo<\/a>","protected":false},"author":295,"featured_media":42409,"comment_status":"closed","ping_status":"open","sticky":false,"template":"","format":"standard","meta":{"inline_featured_image":false,"footnotes":""},"categories":[7],"tags":[],"class_list":["post-42266","post","type-post","status-publish","format-standard","has-post-thumbnail","hentry","category-embarazo"],"yoast_head":"<!-- This site is optimized with the Yoast SEO plugin v26.8 - https:\/\/yoast.com\/product\/yoast-seo-wordpress\/ -->\n<title>Embarazada y fumadora, \u00bfpor qu\u00e9 deber\u00eda dejar fumar?<\/title>\n<meta name=\"description\" content=\"\u00bfPor qu\u00e9 es malo fumar durante el embarazo? El tabaco contiene una gran cantidad de qu\u00edmicos perjudiciales para la salud tanto de la madre como del beb\u00e9\" \/>\n<meta name=\"robots\" content=\"index, follow, max-snippet:-1, max-image-preview:large, max-video-preview:-1\" \/>\n<link rel=\"canonical\" href=\"https:\/\/www.suavinex.com\/livingsuavinex\/embarazada-y-fumadora-por-que-deberia-dejar-fumar\/\" \/>\n<meta property=\"og:locale\" content=\"es_ES\" \/>\n<meta property=\"og:type\" content=\"article\" \/>\n<meta property=\"og:title\" content=\"Embarazada y fumadora, \u00bfpor qu\u00e9 deber\u00eda dejar fumar?\" \/>\n<meta property=\"og:description\" content=\"\u00bfPor qu\u00e9 es malo fumar durante el embarazo? El tabaco contiene una gran cantidad de qu\u00edmicos perjudiciales para la salud tanto de la madre como del beb\u00e9\" \/>\n<meta property=\"og:url\" content=\"https:\/\/www.suavinex.com\/livingsuavinex\/embarazada-y-fumadora-por-que-deberia-dejar-fumar\/\" \/>\n<meta property=\"og:site_name\" content=\"Living Suavinex\" \/>\n<meta property=\"article:publisher\" content=\"https:\/\/www.facebook.com\/SuavinexSpain\" \/>\n<meta property=\"article:published_time\" content=\"2022-01-18T06:26:57+00:00\" \/>\n<meta property=\"og:image\" content=\"https:\/\/www.suavinex.com\/livingsuavinex\/wp-content\/uploads\/2022\/01\/pexels-yan-krukov-7155104.jpg\" \/>\n\t<meta property=\"og:image:width\" content=\"1200\" \/>\n\t<meta property=\"og:image:height\" content=\"800\" \/>\n\t<meta property=\"og:image:type\" content=\"image\/jpeg\" \/>\n<meta name=\"author\" content=\"Suavinex Central\" \/>\n<meta name=\"twitter:card\" content=\"summary_large_image\" \/>\n<meta name=\"twitter:creator\" content=\"@SuavinexSpain\" \/>\n<meta name=\"twitter:site\" content=\"@SuavinexSpain\" \/>\n<meta name=\"twitter:label1\" content=\"Escrito por\" \/>\n\t<meta name=\"twitter:data1\" content=\"Suavinex Central\" \/>\n\t<meta name=\"twitter:label2\" content=\"Tiempo de lectura\" \/>\n\t<meta name=\"twitter:data2\" content=\"6 minutos\" \/>\n<script type=\"application\/ld+json\" class=\"yoast-schema-graph\">{\"@context\":\"https:\/\/schema.org\",\"@graph\":[{\"@type\":\"Article\",\"@id\":\"https:\/\/www.suavinex.com\/livingsuavinex\/embarazada-y-fumadora-por-que-deberia-dejar-fumar\/#article\",\"isPartOf\":{\"@id\":\"https:\/\/www.suavinex.com\/livingsuavinex\/embarazada-y-fumadora-por-que-deberia-dejar-fumar\/\"},\"author\":{\"name\":\"Suavinex Central\",\"@id\":\"https:\/\/www.suavinex.com\/livingsuavinex\/#\/schema\/person\/836d83f4b1821b11b7b47cffd08f1ecb\"},\"headline\":\"Embarazada y fumadora, \u00bfpor qu\u00e9 deber\u00eda dejar fumar?\",\"datePublished\":\"2022-01-18T06:26:57+00:00\",\"mainEntityOfPage\":{\"@id\":\"https:\/\/www.suavinex.com\/livingsuavinex\/embarazada-y-fumadora-por-que-deberia-dejar-fumar\/\"},\"wordCount\":1152,\"publisher\":{\"@id\":\"https:\/\/www.suavinex.com\/livingsuavinex\/#organization\"},\"image\":{\"@id\":\"https:\/\/www.suavinex.com\/livingsuavinex\/embarazada-y-fumadora-por-que-deberia-dejar-fumar\/#primaryimage\"},\"thumbnailUrl\":\"https:\/\/www.suavinex.com\/livingsuavinex\/wp-content\/uploads\/2022\/01\/pexels-yan-krukov-7155104.jpg\",\"articleSection\":[\"Embarazo\"],\"inLanguage\":\"es\"},{\"@type\":\"WebPage\",\"@id\":\"https:\/\/www.suavinex.com\/livingsuavinex\/embarazada-y-fumadora-por-que-deberia-dejar-fumar\/\",\"url\":\"https:\/\/www.suavinex.com\/livingsuavinex\/embarazada-y-fumadora-por-que-deberia-dejar-fumar\/\",\"name\":\"Embarazada y fumadora, \u00bfpor qu\u00e9 deber\u00eda dejar fumar?\",\"isPartOf\":{\"@id\":\"https:\/\/www.suavinex.com\/livingsuavinex\/#website\"},\"primaryImageOfPage\":{\"@id\":\"https:\/\/www.suavinex.com\/livingsuavinex\/embarazada-y-fumadora-por-que-deberia-dejar-fumar\/#primaryimage\"},\"image\":{\"@id\":\"https:\/\/www.suavinex.com\/livingsuavinex\/embarazada-y-fumadora-por-que-deberia-dejar-fumar\/#primaryimage\"},\"thumbnailUrl\":\"https:\/\/www.suavinex.com\/livingsuavinex\/wp-content\/uploads\/2022\/01\/pexels-yan-krukov-7155104.jpg\",\"datePublished\":\"2022-01-18T06:26:57+00:00\",\"description\":\"\u00bfPor qu\u00e9 es malo fumar durante el embarazo? El tabaco contiene una gran cantidad de qu\u00edmicos perjudiciales para la salud tanto de la madre como del beb\u00e9\",\"breadcrumb\":{\"@id\":\"https:\/\/www.suavinex.com\/livingsuavinex\/embarazada-y-fumadora-por-que-deberia-dejar-fumar\/#breadcrumb\"},\"inLanguage\":\"es\",\"potentialAction\":[{\"@type\":\"ReadAction\",\"target\":[\"https:\/\/www.suavinex.com\/livingsuavinex\/embarazada-y-fumadora-por-que-deberia-dejar-fumar\/\"]}]},{\"@type\":\"ImageObject\",\"inLanguage\":\"es\",\"@id\":\"https:\/\/www.suavinex.com\/livingsuavinex\/embarazada-y-fumadora-por-que-deberia-dejar-fumar\/#primaryimage\",\"url\":\"https:\/\/www.suavinex.com\/livingsuavinex\/wp-content\/uploads\/2022\/01\/pexels-yan-krukov-7155104.jpg\",\"contentUrl\":\"https:\/\/www.suavinex.com\/livingsuavinex\/wp-content\/uploads\/2022\/01\/pexels-yan-krukov-7155104.jpg\",\"width\":1200,\"height\":800,\"caption\":\"embarazada y fumadora\"},{\"@type\":\"BreadcrumbList\",\"@id\":\"https:\/\/www.suavinex.com\/livingsuavinex\/embarazada-y-fumadora-por-que-deberia-dejar-fumar\/#breadcrumb\",\"itemListElement\":[{\"@type\":\"ListItem\",\"position\":1,\"name\":\"Portada\",\"item\":\"https:\/\/www.suavinex.com\/livingsuavinex\/\"},{\"@type\":\"ListItem\",\"position\":2,\"name\":\"Embarazada y fumadora, \u00bfpor qu\u00e9 deber\u00eda dejar fumar?\"}]},{\"@type\":\"WebSite\",\"@id\":\"https:\/\/www.suavinex.com\/livingsuavinex\/#website\",\"url\":\"https:\/\/www.suavinex.com\/livingsuavinex\/\",\"name\":\"Living Suavinex\",\"description\":\"| Familias reales\",\"publisher\":{\"@id\":\"https:\/\/www.suavinex.com\/livingsuavinex\/#organization\"},\"potentialAction\":[{\"@type\":\"SearchAction\",\"target\":{\"@type\":\"EntryPoint\",\"urlTemplate\":\"https:\/\/www.suavinex.com\/livingsuavinex\/?s={search_term_string}\"},\"query-input\":{\"@type\":\"PropertyValueSpecification\",\"valueRequired\":true,\"valueName\":\"search_term_string\"}}],\"inLanguage\":\"es\"},{\"@type\":\"Organization\",\"@id\":\"https:\/\/www.suavinex.com\/livingsuavinex\/#organization\",\"name\":\"Suavinex\",\"url\":\"https:\/\/www.suavinex.com\/livingsuavinex\/\",\"logo\":{\"@type\":\"ImageObject\",\"inLanguage\":\"es\",\"@id\":\"https:\/\/www.suavinex.com\/livingsuavinex\/#\/schema\/logo\/image\/\",\"url\":\"https:\/\/www.suavinex.com\/livingsuavinex\/wp-content\/uploads\/2018\/07\/living_sx_logo_mvl.png\",\"contentUrl\":\"https:\/\/www.suavinex.com\/livingsuavinex\/wp-content\/uploads\/2018\/07\/living_sx_logo_mvl.png\",\"width\":350,\"height\":70,\"caption\":\"Suavinex\"},\"image\":{\"@id\":\"https:\/\/www.suavinex.com\/livingsuavinex\/#\/schema\/logo\/image\/\"},\"sameAs\":[\"https:\/\/www.facebook.com\/SuavinexSpain\",\"https:\/\/x.com\/SuavinexSpain\",\"https:\/\/www.instagram.com\/suavinex_spain\/\",\"https:\/\/www.pinterest.es\/SuavinexSpain\/\",\"https:\/\/www.youtube.com\/channel\/UCgeJREx2R_ZvV2aQMrfWgcA\"]},{\"@type\":\"Person\",\"@id\":\"https:\/\/www.suavinex.com\/livingsuavinex\/#\/schema\/person\/836d83f4b1821b11b7b47cffd08f1ecb\",\"name\":\"Suavinex Central\",\"image\":{\"@type\":\"ImageObject\",\"inLanguage\":\"es\",\"@id\":\"https:\/\/www.suavinex.com\/livingsuavinex\/#\/schema\/person\/image\/\",\"url\":\"https:\/\/secure.gravatar.com\/avatar\/bd43680b784882668035add29f959967?s=96&d=mm&r=g\",\"contentUrl\":\"https:\/\/secure.gravatar.com\/avatar\/bd43680b784882668035add29f959967?s=96&d=mm&r=g\",\"caption\":\"Suavinex Central\"}}]}<\/script>\n<!-- \/ Yoast SEO plugin. -->","yoast_head_json":{"title":"Embarazada y fumadora, \u00bfpor qu\u00e9 deber\u00eda dejar fumar?","description":"\u00bfPor qu\u00e9 es malo fumar durante el embarazo? El tabaco contiene una gran cantidad de qu\u00edmicos perjudiciales para la salud tanto de la madre como del beb\u00e9","robots":{"index":"index","follow":"follow","max-snippet":"max-snippet:-1","max-image-preview":"max-image-preview:large","max-video-preview":"max-video-preview:-1"},"canonical":"https:\/\/www.suavinex.com\/livingsuavinex\/embarazada-y-fumadora-por-que-deberia-dejar-fumar\/","og_locale":"es_ES","og_type":"article","og_title":"Embarazada y fumadora, \u00bfpor qu\u00e9 deber\u00eda dejar fumar?","og_description":"\u00bfPor qu\u00e9 es malo fumar durante el embarazo? El tabaco contiene una gran cantidad de qu\u00edmicos perjudiciales para la salud tanto de la madre como del beb\u00e9","og_url":"https:\/\/www.suavinex.com\/livingsuavinex\/embarazada-y-fumadora-por-que-deberia-dejar-fumar\/","og_site_name":"Living Suavinex","article_publisher":"https:\/\/www.facebook.com\/SuavinexSpain","article_published_time":"2022-01-18T06:26:57+00:00","og_image":[{"width":1200,"height":800,"url":"https:\/\/www.suavinex.com\/livingsuavinex\/wp-content\/uploads\/2022\/01\/pexels-yan-krukov-7155104.jpg","type":"image\/jpeg"}],"author":"Suavinex Central","twitter_card":"summary_large_image","twitter_creator":"@SuavinexSpain","twitter_site":"@SuavinexSpain","twitter_misc":{"Escrito por":"Suavinex Central","Tiempo de lectura":"6 minutos"},"schema":{"@context":"https:\/\/schema.org","@graph":[{"@type":"Article","@id":"https:\/\/www.suavinex.com\/livingsuavinex\/embarazada-y-fumadora-por-que-deberia-dejar-fumar\/#article","isPartOf":{"@id":"https:\/\/www.suavinex.com\/livingsuavinex\/embarazada-y-fumadora-por-que-deberia-dejar-fumar\/"},"author":{"name":"Suavinex Central","@id":"https:\/\/www.suavinex.com\/livingsuavinex\/#\/schema\/person\/836d83f4b1821b11b7b47cffd08f1ecb"},"headline":"Embarazada y fumadora, \u00bfpor qu\u00e9 deber\u00eda dejar fumar?","datePublished":"2022-01-18T06:26:57+00:00","mainEntityOfPage":{"@id":"https:\/\/www.suavinex.com\/livingsuavinex\/embarazada-y-fumadora-por-que-deberia-dejar-fumar\/"},"wordCount":1152,"publisher":{"@id":"https:\/\/www.suavinex.com\/livingsuavinex\/#organization"},"image":{"@id":"https:\/\/www.suavinex.com\/livingsuavinex\/embarazada-y-fumadora-por-que-deberia-dejar-fumar\/#primaryimage"},"thumbnailUrl":"https:\/\/www.suavinex.com\/livingsuavinex\/wp-content\/uploads\/2022\/01\/pexels-yan-krukov-7155104.jpg","articleSection":["Embarazo"],"inLanguage":"es"},{"@type":"WebPage","@id":"https:\/\/www.suavinex.com\/livingsuavinex\/embarazada-y-fumadora-por-que-deberia-dejar-fumar\/","url":"https:\/\/www.suavinex.com\/livingsuavinex\/embarazada-y-fumadora-por-que-deberia-dejar-fumar\/","name":"Embarazada y fumadora, \u00bfpor qu\u00e9 deber\u00eda dejar fumar?","isPartOf":{"@id":"https:\/\/www.suavinex.com\/livingsuavinex\/#website"},"primaryImageOfPage":{"@id":"https:\/\/www.suavinex.com\/livingsuavinex\/embarazada-y-fumadora-por-que-deberia-dejar-fumar\/#primaryimage"},"image":{"@id":"https:\/\/www.suavinex.com\/livingsuavinex\/embarazada-y-fumadora-por-que-deberia-dejar-fumar\/#primaryimage"},"thumbnailUrl":"https:\/\/www.suavinex.com\/livingsuavinex\/wp-content\/uploads\/2022\/01\/pexels-yan-krukov-7155104.jpg","datePublished":"2022-01-18T06:26:57+00:00","description":"\u00bfPor qu\u00e9 es malo fumar durante el embarazo? El tabaco contiene una gran cantidad de qu\u00edmicos perjudiciales para la salud tanto de la madre como del beb\u00e9","breadcrumb":{"@id":"https:\/\/www.suavinex.com\/livingsuavinex\/embarazada-y-fumadora-por-que-deberia-dejar-fumar\/#breadcrumb"},"inLanguage":"es","potentialAction":[{"@type":"ReadAction","target":["https:\/\/www.suavinex.com\/livingsuavinex\/embarazada-y-fumadora-por-que-deberia-dejar-fumar\/"]}]},{"@type":"ImageObject","inLanguage":"es","@id":"https:\/\/www.suavinex.com\/livingsuavinex\/embarazada-y-fumadora-por-que-deberia-dejar-fumar\/#primaryimage","url":"https:\/\/www.suavinex.com\/livingsuavinex\/wp-content\/uploads\/2022\/01\/pexels-yan-krukov-7155104.jpg","contentUrl":"https:\/\/www.suavinex.com\/livingsuavinex\/wp-content\/uploads\/2022\/01\/pexels-yan-krukov-7155104.jpg","width":1200,"height":800,"caption":"embarazada y fumadora"},{"@type":"BreadcrumbList","@id":"https:\/\/www.suavinex.com\/livingsuavinex\/embarazada-y-fumadora-por-que-deberia-dejar-fumar\/#breadcrumb","itemListElement":[{"@type":"ListItem","position":1,"name":"Portada","item":"https:\/\/www.suavinex.com\/livingsuavinex\/"},{"@type":"ListItem","position":2,"name":"Embarazada y fumadora, \u00bfpor qu\u00e9 deber\u00eda dejar fumar?"}]},{"@type":"WebSite","@id":"https:\/\/www.suavinex.com\/livingsuavinex\/#website","url":"https:\/\/www.suavinex.com\/livingsuavinex\/","name":"Living Suavinex","description":"| Familias reales","publisher":{"@id":"https:\/\/www.suavinex.com\/livingsuavinex\/#organization"},"potentialAction":[{"@type":"SearchAction","target":{"@type":"EntryPoint","urlTemplate":"https:\/\/www.suavinex.com\/livingsuavinex\/?s={search_term_string}"},"query-input":{"@type":"PropertyValueSpecification","valueRequired":true,"valueName":"search_term_string"}}],"inLanguage":"es"},{"@type":"Organization","@id":"https:\/\/www.suavinex.com\/livingsuavinex\/#organization","name":"Suavinex","url":"https:\/\/www.suavinex.com\/livingsuavinex\/","logo":{"@type":"ImageObject","inLanguage":"es","@id":"https:\/\/www.suavinex.com\/livingsuavinex\/#\/schema\/logo\/image\/","url":"https:\/\/www.suavinex.com\/livingsuavinex\/wp-content\/uploads\/2018\/07\/living_sx_logo_mvl.png","contentUrl":"https:\/\/www.suavinex.com\/livingsuavinex\/wp-content\/uploads\/2018\/07\/living_sx_logo_mvl.png","width":350,"height":70,"caption":"Suavinex"},"image":{"@id":"https:\/\/www.suavinex.com\/livingsuavinex\/#\/schema\/logo\/image\/"},"sameAs":["https:\/\/www.facebook.com\/SuavinexSpain","https:\/\/x.com\/SuavinexSpain","https:\/\/www.instagram.com\/suavinex_spain\/","https:\/\/www.pinterest.es\/SuavinexSpain\/","https:\/\/www.youtube.com\/channel\/UCgeJREx2R_ZvV2aQMrfWgcA"]},{"@type":"Person","@id":"https:\/\/www.suavinex.com\/livingsuavinex\/#\/schema\/person\/836d83f4b1821b11b7b47cffd08f1ecb","name":"Suavinex Central","image":{"@type":"ImageObject","inLanguage":"es","@id":"https:\/\/www.suavinex.com\/livingsuavinex\/#\/schema\/person\/image\/","url":"https:\/\/secure.gravatar.com\/avatar\/bd43680b784882668035add29f959967?s=96&d=mm&r=g","contentUrl":"https:\/\/secure.gravatar.com\/avatar\/bd43680b784882668035add29f959967?s=96&d=mm&r=g","caption":"Suavinex Central"}}]}},"_links":{"self":[{"href":"https:\/\/www.suavinex.com\/livingsuavinex\/wp-json\/wp\/v2\/posts\/42266","targetHints":{"allow":["GET"]}}],"collection":[{"href":"https:\/\/www.suavinex.com\/livingsuavinex\/wp-json\/wp\/v2\/posts"}],"about":[{"href":"https:\/\/www.suavinex.com\/livingsuavinex\/wp-json\/wp\/v2\/types\/post"}],"author":[{"embeddable":true,"href":"https:\/\/www.suavinex.com\/livingsuavinex\/wp-json\/wp\/v2\/users\/295"}],"replies":[{"embeddable":true,"href":"https:\/\/www.suavinex.com\/livingsuavinex\/wp-json\/wp\/v2\/comments?post=42266"}],"version-history":[{"count":2,"href":"https:\/\/www.suavinex.com\/livingsuavinex\/wp-json\/wp\/v2\/posts\/42266\/revisions"}],"predecessor-version":[{"id":42410,"href":"https:\/\/www.suavinex.com\/livingsuavinex\/wp-json\/wp\/v2\/posts\/42266\/revisions\/42410"}],"wp:featuredmedia":[{"embeddable":true,"href":"https:\/\/www.suavinex.com\/livingsuavinex\/wp-json\/wp\/v2\/media\/42409"}],"wp:attachment":[{"href":"https:\/\/www.suavinex.com\/livingsuavinex\/wp-json\/wp\/v2\/media?parent=42266"}],"wp:term":[{"taxonomy":"category","embeddable":true,"href":"https:\/\/www.suavinex.com\/livingsuavinex\/wp-json\/wp\/v2\/categories?post=42266"},{"taxonomy":"post_tag","embeddable":true,"href":"https:\/\/www.suavinex.com\/livingsuavinex\/wp-json\/wp\/v2\/tags?post=42266"}],"curies":[{"name":"wp","href":"https:\/\/api.w.org\/{rel}","templated":true}]}}