{"id":42106,"date":"2021-11-16T12:00:09","date_gmt":"2021-11-16T11:00:09","guid":{"rendered":"https:\/\/www.suavinex.com\/livingsuavinex\/?p=42106"},"modified":"2021-12-16T13:01:06","modified_gmt":"2021-12-16T12:01:06","slug":"que-cuidados-necesitan-los-bebes-prematuros","status":"publish","type":"post","link":"https:\/\/www.suavinex.com\/livingsuavinex\/que-cuidados-necesitan-los-bebes-prematuros\/","title":{"rendered":"\u00bfQu\u00e9 cuidados necesitan los beb\u00e9s prematuros?"},"content":{"rendered":"<p>El cuidado de un reci\u00e9n nacido conlleva muchas responsabilidades, cambios repentinos en tu rutina y atenci\u00f3n constante a las necesidades del beb\u00e9. Esto se triplica cuando hablamos de los <strong>cuidados de un <\/strong><a href=\"https:\/\/www.suavinex.com\/livingsuavinex\/bebe-prematuro\/\"><strong>beb\u00e9 prematuro<\/strong><\/a><strong>,<\/strong> pues necesitan mucha m\u00e1s vigilancia durante los primeros meses de vida.<\/p>\n<p>Un <a href=\"https:\/\/www.suavinex.com\/livingsuavinex\/parto-prematuro-sintomas-y-causas\/\">parto prematuro<\/a> se produce cuando el beb\u00e9 nace con m\u00e1s de tres semanas de antelaci\u00f3n a la fecha estimada del parto. Como consecuencia, estos beb\u00e9s prematuros no se han desarrollado de forma completa y necesitan recibir atenciones especiales, <strong>tanto en el hospital como en casa una vez recibido el alta.<\/strong><\/p>\n<p>Si te encuentras en esta situaci\u00f3n en la que tu peque\u00f1\u00edn ha nacido antes de lo esperado, seguro que est\u00e1s un poco perdida. No te preocupes, te vamos a dar algunos <strong>consejos para que puedas dedicarle la atenci\u00f3n necesaria a tu beb\u00e9.<\/strong><\/p>\n<h2 style=\"text-align: center;\"><strong>Caracter\u00edsticas de un beb\u00e9 prematuro<\/strong><\/h2>\n<p style=\"text-align: left;\"><img loading=\"lazy\" decoding=\"async\" class=\"alignleft wp-image-40013 size-medium\" title=\"Beb\u00e9 prematuro dentro de incubadora\" src=\"https:\/\/www.suavinex.com\/livingsuavinex\/wp-content\/uploads\/2019\/11\/incubadora-bebe-prematura-johanna-saldon-300x300.png\" alt=\"Beb\u00e9 prematuro dentro de incubadora\" width=\"300\" height=\"300\" srcset=\"https:\/\/www.suavinex.com\/livingsuavinex\/wp-content\/uploads\/2019\/11\/incubadora-bebe-prematura-johanna-saldon-300x300.png 300w, https:\/\/www.suavinex.com\/livingsuavinex\/wp-content\/uploads\/2019\/11\/incubadora-bebe-prematura-johanna-saldon-150x150.png 150w, https:\/\/www.suavinex.com\/livingsuavinex\/wp-content\/uploads\/2019\/11\/incubadora-bebe-prematura-johanna-saldon-66x66.png 66w, https:\/\/www.suavinex.com\/livingsuavinex\/wp-content\/uploads\/2019\/11\/incubadora-bebe-prematura-johanna-saldon-200x200.png 200w, https:\/\/www.suavinex.com\/livingsuavinex\/wp-content\/uploads\/2019\/11\/incubadora-bebe-prematura-johanna-saldon-400x400.png 400w, https:\/\/www.suavinex.com\/livingsuavinex\/wp-content\/uploads\/2019\/11\/incubadora-bebe-prematura-johanna-saldon.png 600w\" sizes=\"auto, (max-width: 300px) 100vw, 300px\" \/>Como hemos mencionado, cuando un beb\u00e9 nace antes de la fecha esperada, ni su cuerpo ni las principales funciones vitales del peque\u00f1o se han terminado de desarrollar. Esto puede ocasionar ciertas <strong>complicaciones<\/strong>, que, aunque no se muestran durante las primeras semanas de vida, a corto o largo plazo s\u00ed pueden manifestarse.<\/p>\n<p>Muchos de estos problemas en beb\u00e9s prematuros tienen que ver directamente con su <strong>bajo peso<\/strong>. De media, un beb\u00e9 pesa de 2,5 a 3 kilos en el momento de su nacimiento, pero aquellos beb\u00e9s que nacen varias semanas antes de finalizar la gestaci\u00f3n, se encuentran por debajo del peso estimado, por lo que hay que prestar atenci\u00f3n especial a su alimentaci\u00f3n posteriormente.<\/p>\n<p>En paralelo, otras complicaciones que pueden tener estos beb\u00e9s est\u00e1n relacionadas con <strong>problemas respiratorios, de visi\u00f3n o cardiacos<\/strong>, as\u00ed como posibles dificultades en el aprendizaje o problemas de comportamiento. Esto se debe a que los \u00f3rganos, como dec\u00edamos, no se han terminado de formar, y las constantes vitales de los peque\u00f1os tardan un tiempo en compensarse.<\/p>\n<p>Principalmente, es por este motivo por el que <strong>los beb\u00e9s requieren un ingreso superior<\/strong> a otros reci\u00e9n nacidos, ya que el equipo m\u00e9dico debe monitorizar al peque hasta que termina de desarrollarse.<\/p>\n<h2 style=\"text-align: center;\"><strong>Cuidados de beb\u00e9s prematuros en el hospital<\/strong><\/h2>\n<p>En el hospital, una vez ha nacido el beb\u00e9, en funci\u00f3n del grado de prematuridad pasan a ser atendidos en el servicio de <strong>Neonatolog\u00eda<\/strong> o en la <strong>Unidad de Cuidados Intensivos Neonatales (UCIN).<\/strong><\/p>\n<p>Tras nacer, el <a href=\"https:\/\/www.suavinex.com\/livingsuavinex\/que-es-un-neonato\/\">neonato<\/a> tendr\u00e1 que estar un tiempo en <strong>una incubadora o un calentador neonatal<\/strong>. Los beb\u00e9s prematuros no son capaces de mantener su temperatura corporal porque no tienen la grasa suficiente para ello, por lo que deber\u00e1 estar a una temperatura c\u00e1lida en estas cunitas con control de temperatura.<\/p>\n<p>Si tu beb\u00e9 ha nacido antes de lo esperado, lo m\u00e1s seguro es que su aparato digestivo tampoco est\u00e9 desarrollado al completo. Por ello, las tomas de leche no ser\u00e1n las habituales de otros beb\u00e9s reci\u00e9n nacidos. Por lo general, el equipo m\u00e9dico dotar\u00e1 al beb\u00e9 de una <strong>sonda<\/strong> para poder alimentarle con tu propia leche.<\/p>\n<p>Gracias a la cantidad de prote\u00ednas que contiene la <strong>leche materna<\/strong> -y sobre todo el <a href=\"https:\/\/www.suavinex.com\/livingsuavinex\/calostro\/\">calostro<\/a> de los primeros d\u00edas tras el embarazo hasta la <a href=\"https:\/\/www.suavinex.com\/livingsuavinex\/lactancia-subida-leche\/\">subida de la leche<\/a>&#8211; se convierte en la mejor fuente de nutrici\u00f3n para los beb\u00e9s prematuros. Sin embargo, al ser incapaces de mamar, tendr\u00e1s que <a href=\"https:\/\/www.suavinex.com\/livingsuavinex\/como-usar-el-sacaleches\/\">usar un sacaleches<\/a> para alimentar a tu beb\u00e9 a trav\u00e9s de la <a href=\"https:\/\/www.suavinex.com\/livingsuavinex\/lactancia-diferida\/\">lactancia diferida<\/a>. Puede darse el caso de que el beb\u00e9 necesita una v\u00eda intravenosa y los m\u00e9dicos deban alimentar al beb\u00e9 mediante la <strong>nutrici\u00f3n parental total<\/strong>, una mezcla de nutrientes, vitaminas y minerales.<\/p>\n<p>Para poder recibir el alta hospitalaria, y con un control exhaustivo de todos estos aspectos, se deben cumplir una serie de <strong>criterios para dejar la habitaci\u00f3n del hospital<\/strong>:<\/p>\n<ul>\n<li>Mantener la temperatura corporal en una cuna abierta durante un m\u00ednimo de 24\/48 horas.<\/li>\n<li>Hacer todas las tomas de leche, ya sea a trav\u00e9s de <a href=\"https:\/\/www.suavinex.com\/biberones-y-accesorios\/biberones\/c\/0021\">biberones<\/a> o d\u00e1ndole el pecho<\/li>\n<li>Ganar peso de forma regular<\/li>\n<\/ul>\n<p>&nbsp;<\/p>\n<h2 style=\"text-align: center;\"><strong>Cuidados para beb\u00e9s prematuros en casa<\/strong><\/h2>\n<p>Una vez superada la estancia hospitalaria, tras recibir el alta, los padres, que en muchas ocasiones son padres primerizos, se enfrentan al cuidado del beb\u00e9 prematuro en casa. Con el c\u00f3ctel emocional de miedo y alegr\u00eda, comienza una nueva <strong>etapa de vigilancia y atenci\u00f3n especiales. <\/strong>Estos son algunos de los aspectos que marcan los primeros meses de vida de un beb\u00e9 prematuro y a los que hay que prestar especial inter\u00e9s.<\/p>\n<h3 style=\"text-align: center;\"><strong>Presta especial atenci\u00f3n a la respiraci\u00f3n del beb\u00e9<\/strong><\/h3>\n<p>Los beb\u00e9s prematuros suelen presentar ciertas <strong>dificultades respiratorias<\/strong>, como la apnea o algunas <strong>afecciones pulmonares<\/strong>. Durante el control hospitalario, una de las constancias que van a monitorizar es la <strong>respiraci\u00f3n<\/strong> del peque\u00f1\u00edn, y puede que os vay\u00e1is a casa con un monitor de control de su ritmo cardiaco y respiraci\u00f3n.<\/p>\n<p>Si se da este caso, te dar\u00e1n un curso para poder entender el monitor en todo momento y te ense\u00f1ar\u00e1n a hacer una reanimaci\u00f3n cardiopulmonar en lactantes. Tambi\u00e9n pueden daros el alta con la necesidad de ox\u00edgeno y medicaci\u00f3n para el beb\u00e9 con la intenci\u00f3n de mejorar su capacidad pulmonar hasta que logra la madurez respiratoria.<\/p>\n<h3 style=\"text-align: center;\"><strong>Controla la alimentaci\u00f3n del beb\u00e9<\/strong><\/h3>\n<p>Durante el ingreso del beb\u00e9 prematuro, <strong>la alimentaci\u00f3n tiene un papel fundamental para permitir su aumento de peso y desarrollo de \u00f3rganos<\/strong> que no han terminado de formarse durante el embarazo. En casa hay que continuar con esta atenci\u00f3n alimentaria. El equipo m\u00e9dico os facilitar\u00e1 un plan de alimentaci\u00f3n espec\u00edfico en funci\u00f3n de las necesidades del beb\u00e9 y llevar\u00e1n un control peri\u00f3dico de su peso y desarrollo. Si el beb\u00e9 todav\u00eda no puede mamar, el <a href=\"https:\/\/www.suavinex.com\/lactancia-materna\/sacaleches-y-extractores-de-leche\/c\/0060\">sacaleches<\/a> se convertir\u00e1 en tu gran aliado.<\/p>\n<p>Es importante <strong>no sobrealimentar<\/strong> al peque, porque sus intestinos y sistema digestivo no est\u00e1n capacitados para una alimentaci\u00f3n como la que puedan llevar otros reci\u00e9n nacidos. Los m\u00e9dicos ir\u00e1n ajustando su alimentaci\u00f3n conforme pasen las semanas.<\/p>\n<h3 style=\"text-align: center;\"><strong>Ten cuidado especial con las infecciones<\/strong><\/h3>\n<p>Con el sistema inmunol\u00f3gico del beb\u00e9 en desarrollo, los beb\u00e9s prematuros corren m\u00e1s riesgo de contraer infecciones, sobre todo si son de origen v\u00edrico. Los m\u00e9dicos van a proporcionar al peque toda la medicaci\u00f3n necesaria para intentar <strong>estabilizar el sistema inmune del beb\u00e9<\/strong>, pero es importante que cuando vaya creciendo, se siga con exactitud el <a href=\"https:\/\/www.suavinex.com\/livingsuavinex\/calendario-vacunaciones\/\">calendario de vacunaciones<\/a> marcado.<\/p>\n<p>No solo eso, cualquier peque\u00f1o resfriado que pueda coger alg\u00fan miembro de la unidad familiar, tiene m\u00e1s probabilidades de ser contagiado al beb\u00e9. Por lo que <strong>toda la familia debe tener especial cuidado durante los primeros meses de vida del reci\u00e9n nacido<\/strong> para evitar que un catarro, una gripe o cualquier otra enfermedad v\u00edrica pueda recaer en \u00e9l. En este sentido, es importante <strong>limitar las salidas del beb\u00e9<\/strong> de casa durante los primeros meses de vida hasta el m\u00e9dico recomiende una rutina que lo permita sin riesgo.<\/p>\n<h3 style=\"text-align: center;\"><strong>Respeta las pautas de sue\u00f1o del beb\u00e9<\/strong><img loading=\"lazy\" decoding=\"async\" class=\"alignright wp-image-40033 size-medium\" title=\"chupetes evolution Suavinex\" src=\"https:\/\/www.suavinex.com\/livingsuavinex\/wp-content\/uploads\/2019\/11\/chupete-evolution-Suavinex-300x300.png\" alt=\"chupetes evolution Suavinex\" width=\"300\" height=\"300\" srcset=\"https:\/\/www.suavinex.com\/livingsuavinex\/wp-content\/uploads\/2019\/11\/chupete-evolution-Suavinex-300x300.png 300w, https:\/\/www.suavinex.com\/livingsuavinex\/wp-content\/uploads\/2019\/11\/chupete-evolution-Suavinex-150x150.png 150w, https:\/\/www.suavinex.com\/livingsuavinex\/wp-content\/uploads\/2019\/11\/chupete-evolution-Suavinex-66x66.png 66w, https:\/\/www.suavinex.com\/livingsuavinex\/wp-content\/uploads\/2019\/11\/chupete-evolution-Suavinex-200x200.png 200w, https:\/\/www.suavinex.com\/livingsuavinex\/wp-content\/uploads\/2019\/11\/chupete-evolution-Suavinex-400x400.png 400w, https:\/\/www.suavinex.com\/livingsuavinex\/wp-content\/uploads\/2019\/11\/chupete-evolution-Suavinex.png 600w\" sizes=\"auto, (max-width: 300px) 100vw, 300px\" \/><\/h3>\n<p>Como ya sabes, <strong>los beb\u00e9s duermen mucho y durante periodos de tiempo m\u00e1s o menos cortos<\/strong>. Con los beb\u00e9s prematuros tambi\u00e9n ocurre, y es que, por norma general, duermen m\u00e1s que otros reci\u00e9n nacidos, pero lo hacen en periodos m\u00e1s cortos. Que no te preocupe, d\u00e9jale descansar y dormir, porque su cuerpo necesita descansar ante cualquier esfuerzo que realice.<\/p>\n<p>En este sentido, puedes utilizar <a href=\"https:\/\/www.suavinex.com\/livingsuavinex\/mejores-chupetes-para-prematuros\/\">chupetes para prematuros<\/a> durante el sue\u00f1o -as\u00ed como el resto del d\u00eda- y asegurarte de que el beb\u00e9 est\u00e1 tumbado <strong>sobre su espalda<\/strong>. Si lo prefieres, puedes acostar al beb\u00e9 durante unos minutos sobre tu pecho dejando que el <strong>contacto piel con piel<\/strong> calme al peque\u00f1o.<\/p>\n<p>Como ves, el cuidado de un beb\u00e9 prematuro va a suponer una atenci\u00f3n constante y m\u00e1s observaci\u00f3n que con cualquier otro beb\u00e9. Puede que sea duro f\u00edsica y mentalmente para ti, por lo que <strong>no dudes en pedir ayuda, en apoyarte en tu pediatra y m\u00e9dico de confianza y todo ir\u00e1 bien.<\/strong> Ante cualquier duda, acude siempre al m\u00e9dico que ha seguido tu embarazo y las primeras semanas de vida de tu beb\u00e9 para recibir el asesoramiento m\u00e1s adecuado.<\/p>\n<p><strong>\u00bfQu\u00e9 consejos y h\u00e1bitos dar\u00edas para el cuidado de beb\u00e9s prematuros?<\/strong><\/p>\n<p>Fuentes:<\/p>\n<p><a href=\"https:\/\/kidshealth.org\/es\/parents\/preemie-home.html\">https:\/\/kidshealth.org\/es\/parents\/preemie-home.html<\/a> &#8211; KidsHealth<\/p>\n<p><a href=\"https:\/\/www.natalben.com\/cuidados-bebe-prematuro-hospital\">https:\/\/www.natalben.com\/cuidados-bebe-prematuro-hospital<\/a> &#8211; Natalben<\/p>\n<p><a href=\"https:\/\/www.clinicbarcelona.org\/asistencia\/enfermedades\/prematuridad\/cuidados-en-casa\">https:\/\/www.clinicbarcelona.org\/asistencia\/enfermedades\/prematuridad\/cuidados-en-casa<\/a> &#8211; Cl\u00ednica Barcelona<\/p>\n<p>&nbsp;<\/p>\n","protected":false},"excerpt":{"rendered":"El cuidado de un reci\u00e9n nacido conlleva muchas responsabilidades, cambios repentinos en tu rutina y atenci\u00f3n constante a las necesidades del beb\u00e9. Esto se triplica cuando hablamos de los cuidados de un beb\u00e9 prematuro, pues necesitan mucha m\u00e1s vigilancia durante los primeros meses de vida. Un parto prematuro se produce&#8230; <a class=\"view-article\" href=\"https:\/\/www.suavinex.com\/livingsuavinex\/que-cuidados-necesitan-los-bebes-prematuros\/\">Ver art\u00edculo<\/a>","protected":false},"author":295,"featured_media":42108,"comment_status":"closed","ping_status":"open","sticky":false,"template":"","format":"standard","meta":{"inline_featured_image":false,"footnotes":""},"categories":[2272],"tags":[],"class_list":["post-42106","post","type-post","status-publish","format-standard","has-post-thumbnail","hentry","category-tips-crianza"],"yoast_head":"<!-- This site is optimized with the Yoast SEO plugin v26.8 - https:\/\/yoast.com\/product\/yoast-seo-wordpress\/ -->\n<title>\u00bfQu\u00e9 cuidados necesitan los beb\u00e9s prematuros? | Living Suavinex<\/title>\n<meta name=\"description\" content=\"El cuidado de un beb\u00e9 prematuro puede suponer todo un reto. Aqu\u00ed tienes unos consejos para que puedas dedicarle toda la atenci\u00f3n necesaria a tu beb\u00e9.\" \/>\n<meta name=\"robots\" content=\"index, follow, max-snippet:-1, max-image-preview:large, max-video-preview:-1\" \/>\n<link rel=\"canonical\" href=\"https:\/\/www.suavinex.com\/livingsuavinex\/que-cuidados-necesitan-los-bebes-prematuros\/\" \/>\n<meta property=\"og:locale\" content=\"es_ES\" \/>\n<meta property=\"og:type\" content=\"article\" \/>\n<meta property=\"og:title\" content=\"\u00bfQu\u00e9 cuidados necesitan los beb\u00e9s prematuros? | Living Suavinex\" \/>\n<meta property=\"og:description\" content=\"El cuidado de un beb\u00e9 prematuro puede suponer todo un reto. Aqu\u00ed tienes unos consejos para que puedas dedicarle toda la atenci\u00f3n necesaria a tu beb\u00e9.\" \/>\n<meta property=\"og:url\" content=\"https:\/\/www.suavinex.com\/livingsuavinex\/que-cuidados-necesitan-los-bebes-prematuros\/\" \/>\n<meta property=\"og:site_name\" content=\"Living Suavinex\" \/>\n<meta property=\"article:publisher\" content=\"https:\/\/www.facebook.com\/SuavinexSpain\" \/>\n<meta property=\"article:published_time\" content=\"2021-11-16T11:00:09+00:00\" \/>\n<meta property=\"article:modified_time\" content=\"2021-12-16T12:01:06+00:00\" \/>\n<meta property=\"og:image\" content=\"https:\/\/www.suavinex.com\/livingsuavinex\/wp-content\/uploads\/2021\/11\/cuidados-bebes-prematuros.jpg\" \/>\n\t<meta property=\"og:image:width\" content=\"1200\" \/>\n\t<meta property=\"og:image:height\" content=\"800\" \/>\n\t<meta property=\"og:image:type\" content=\"image\/jpeg\" \/>\n<meta name=\"author\" content=\"Suavinex Central\" \/>\n<meta name=\"twitter:card\" content=\"summary_large_image\" \/>\n<meta name=\"twitter:creator\" content=\"@SuavinexSpain\" \/>\n<meta name=\"twitter:site\" content=\"@SuavinexSpain\" \/>\n<meta name=\"twitter:label1\" content=\"Escrito por\" \/>\n\t<meta name=\"twitter:data1\" content=\"Suavinex Central\" \/>\n\t<meta name=\"twitter:label2\" content=\"Tiempo de lectura\" \/>\n\t<meta name=\"twitter:data2\" content=\"7 minutos\" \/>\n<script type=\"application\/ld+json\" class=\"yoast-schema-graph\">{\"@context\":\"https:\/\/schema.org\",\"@graph\":[{\"@type\":\"Article\",\"@id\":\"https:\/\/www.suavinex.com\/livingsuavinex\/que-cuidados-necesitan-los-bebes-prematuros\/#article\",\"isPartOf\":{\"@id\":\"https:\/\/www.suavinex.com\/livingsuavinex\/que-cuidados-necesitan-los-bebes-prematuros\/\"},\"author\":{\"name\":\"Suavinex Central\",\"@id\":\"https:\/\/www.suavinex.com\/livingsuavinex\/#\/schema\/person\/836d83f4b1821b11b7b47cffd08f1ecb\"},\"headline\":\"\u00bfQu\u00e9 cuidados necesitan los beb\u00e9s prematuros?\",\"datePublished\":\"2021-11-16T11:00:09+00:00\",\"dateModified\":\"2021-12-16T12:01:06+00:00\",\"mainEntityOfPage\":{\"@id\":\"https:\/\/www.suavinex.com\/livingsuavinex\/que-cuidados-necesitan-los-bebes-prematuros\/\"},\"wordCount\":1475,\"publisher\":{\"@id\":\"https:\/\/www.suavinex.com\/livingsuavinex\/#organization\"},\"image\":{\"@id\":\"https:\/\/www.suavinex.com\/livingsuavinex\/que-cuidados-necesitan-los-bebes-prematuros\/#primaryimage\"},\"thumbnailUrl\":\"https:\/\/www.suavinex.com\/livingsuavinex\/wp-content\/uploads\/2021\/11\/cuidados-bebes-prematuros.jpg\",\"articleSection\":[\"Tips de crianza\"],\"inLanguage\":\"es\"},{\"@type\":\"WebPage\",\"@id\":\"https:\/\/www.suavinex.com\/livingsuavinex\/que-cuidados-necesitan-los-bebes-prematuros\/\",\"url\":\"https:\/\/www.suavinex.com\/livingsuavinex\/que-cuidados-necesitan-los-bebes-prematuros\/\",\"name\":\"\u00bfQu\u00e9 cuidados necesitan los beb\u00e9s prematuros? | Living Suavinex\",\"isPartOf\":{\"@id\":\"https:\/\/www.suavinex.com\/livingsuavinex\/#website\"},\"primaryImageOfPage\":{\"@id\":\"https:\/\/www.suavinex.com\/livingsuavinex\/que-cuidados-necesitan-los-bebes-prematuros\/#primaryimage\"},\"image\":{\"@id\":\"https:\/\/www.suavinex.com\/livingsuavinex\/que-cuidados-necesitan-los-bebes-prematuros\/#primaryimage\"},\"thumbnailUrl\":\"https:\/\/www.suavinex.com\/livingsuavinex\/wp-content\/uploads\/2021\/11\/cuidados-bebes-prematuros.jpg\",\"datePublished\":\"2021-11-16T11:00:09+00:00\",\"dateModified\":\"2021-12-16T12:01:06+00:00\",\"description\":\"El cuidado de un beb\u00e9 prematuro puede suponer todo un reto. Aqu\u00ed tienes unos consejos para que puedas dedicarle toda la atenci\u00f3n necesaria a tu beb\u00e9.\",\"breadcrumb\":{\"@id\":\"https:\/\/www.suavinex.com\/livingsuavinex\/que-cuidados-necesitan-los-bebes-prematuros\/#breadcrumb\"},\"inLanguage\":\"es\",\"potentialAction\":[{\"@type\":\"ReadAction\",\"target\":[\"https:\/\/www.suavinex.com\/livingsuavinex\/que-cuidados-necesitan-los-bebes-prematuros\/\"]}]},{\"@type\":\"ImageObject\",\"inLanguage\":\"es\",\"@id\":\"https:\/\/www.suavinex.com\/livingsuavinex\/que-cuidados-necesitan-los-bebes-prematuros\/#primaryimage\",\"url\":\"https:\/\/www.suavinex.com\/livingsuavinex\/wp-content\/uploads\/2021\/11\/cuidados-bebes-prematuros.jpg\",\"contentUrl\":\"https:\/\/www.suavinex.com\/livingsuavinex\/wp-content\/uploads\/2021\/11\/cuidados-bebes-prematuros.jpg\",\"width\":1200,\"height\":800,\"caption\":\"cuidados bebes prematuros\"},{\"@type\":\"BreadcrumbList\",\"@id\":\"https:\/\/www.suavinex.com\/livingsuavinex\/que-cuidados-necesitan-los-bebes-prematuros\/#breadcrumb\",\"itemListElement\":[{\"@type\":\"ListItem\",\"position\":1,\"name\":\"Portada\",\"item\":\"https:\/\/www.suavinex.com\/livingsuavinex\/\"},{\"@type\":\"ListItem\",\"position\":2,\"name\":\"\u00bfQu\u00e9 cuidados necesitan los beb\u00e9s prematuros?\"}]},{\"@type\":\"WebSite\",\"@id\":\"https:\/\/www.suavinex.com\/livingsuavinex\/#website\",\"url\":\"https:\/\/www.suavinex.com\/livingsuavinex\/\",\"name\":\"Living Suavinex\",\"description\":\"| Familias reales\",\"publisher\":{\"@id\":\"https:\/\/www.suavinex.com\/livingsuavinex\/#organization\"},\"potentialAction\":[{\"@type\":\"SearchAction\",\"target\":{\"@type\":\"EntryPoint\",\"urlTemplate\":\"https:\/\/www.suavinex.com\/livingsuavinex\/?s={search_term_string}\"},\"query-input\":{\"@type\":\"PropertyValueSpecification\",\"valueRequired\":true,\"valueName\":\"search_term_string\"}}],\"inLanguage\":\"es\"},{\"@type\":\"Organization\",\"@id\":\"https:\/\/www.suavinex.com\/livingsuavinex\/#organization\",\"name\":\"Suavinex\",\"url\":\"https:\/\/www.suavinex.com\/livingsuavinex\/\",\"logo\":{\"@type\":\"ImageObject\",\"inLanguage\":\"es\",\"@id\":\"https:\/\/www.suavinex.com\/livingsuavinex\/#\/schema\/logo\/image\/\",\"url\":\"https:\/\/www.suavinex.com\/livingsuavinex\/wp-content\/uploads\/2018\/07\/living_sx_logo_mvl.png\",\"contentUrl\":\"https:\/\/www.suavinex.com\/livingsuavinex\/wp-content\/uploads\/2018\/07\/living_sx_logo_mvl.png\",\"width\":350,\"height\":70,\"caption\":\"Suavinex\"},\"image\":{\"@id\":\"https:\/\/www.suavinex.com\/livingsuavinex\/#\/schema\/logo\/image\/\"},\"sameAs\":[\"https:\/\/www.facebook.com\/SuavinexSpain\",\"https:\/\/x.com\/SuavinexSpain\",\"https:\/\/www.instagram.com\/suavinex_spain\/\",\"https:\/\/www.pinterest.es\/SuavinexSpain\/\",\"https:\/\/www.youtube.com\/channel\/UCgeJREx2R_ZvV2aQMrfWgcA\"]},{\"@type\":\"Person\",\"@id\":\"https:\/\/www.suavinex.com\/livingsuavinex\/#\/schema\/person\/836d83f4b1821b11b7b47cffd08f1ecb\",\"name\":\"Suavinex Central\",\"image\":{\"@type\":\"ImageObject\",\"inLanguage\":\"es\",\"@id\":\"https:\/\/www.suavinex.com\/livingsuavinex\/#\/schema\/person\/image\/\",\"url\":\"https:\/\/secure.gravatar.com\/avatar\/bd43680b784882668035add29f959967?s=96&d=mm&r=g\",\"contentUrl\":\"https:\/\/secure.gravatar.com\/avatar\/bd43680b784882668035add29f959967?s=96&d=mm&r=g\",\"caption\":\"Suavinex Central\"}}]}<\/script>\n<!-- \/ Yoast SEO plugin. -->","yoast_head_json":{"title":"\u00bfQu\u00e9 cuidados necesitan los beb\u00e9s prematuros? | Living Suavinex","description":"El cuidado de un beb\u00e9 prematuro puede suponer todo un reto. Aqu\u00ed tienes unos consejos para que puedas dedicarle toda la atenci\u00f3n necesaria a tu beb\u00e9.","robots":{"index":"index","follow":"follow","max-snippet":"max-snippet:-1","max-image-preview":"max-image-preview:large","max-video-preview":"max-video-preview:-1"},"canonical":"https:\/\/www.suavinex.com\/livingsuavinex\/que-cuidados-necesitan-los-bebes-prematuros\/","og_locale":"es_ES","og_type":"article","og_title":"\u00bfQu\u00e9 cuidados necesitan los beb\u00e9s prematuros? | Living Suavinex","og_description":"El cuidado de un beb\u00e9 prematuro puede suponer todo un reto. Aqu\u00ed tienes unos consejos para que puedas dedicarle toda la atenci\u00f3n necesaria a tu beb\u00e9.","og_url":"https:\/\/www.suavinex.com\/livingsuavinex\/que-cuidados-necesitan-los-bebes-prematuros\/","og_site_name":"Living Suavinex","article_publisher":"https:\/\/www.facebook.com\/SuavinexSpain","article_published_time":"2021-11-16T11:00:09+00:00","article_modified_time":"2021-12-16T12:01:06+00:00","og_image":[{"width":1200,"height":800,"url":"https:\/\/www.suavinex.com\/livingsuavinex\/wp-content\/uploads\/2021\/11\/cuidados-bebes-prematuros.jpg","type":"image\/jpeg"}],"author":"Suavinex Central","twitter_card":"summary_large_image","twitter_creator":"@SuavinexSpain","twitter_site":"@SuavinexSpain","twitter_misc":{"Escrito por":"Suavinex Central","Tiempo de lectura":"7 minutos"},"schema":{"@context":"https:\/\/schema.org","@graph":[{"@type":"Article","@id":"https:\/\/www.suavinex.com\/livingsuavinex\/que-cuidados-necesitan-los-bebes-prematuros\/#article","isPartOf":{"@id":"https:\/\/www.suavinex.com\/livingsuavinex\/que-cuidados-necesitan-los-bebes-prematuros\/"},"author":{"name":"Suavinex Central","@id":"https:\/\/www.suavinex.com\/livingsuavinex\/#\/schema\/person\/836d83f4b1821b11b7b47cffd08f1ecb"},"headline":"\u00bfQu\u00e9 cuidados necesitan los beb\u00e9s prematuros?","datePublished":"2021-11-16T11:00:09+00:00","dateModified":"2021-12-16T12:01:06+00:00","mainEntityOfPage":{"@id":"https:\/\/www.suavinex.com\/livingsuavinex\/que-cuidados-necesitan-los-bebes-prematuros\/"},"wordCount":1475,"publisher":{"@id":"https:\/\/www.suavinex.com\/livingsuavinex\/#organization"},"image":{"@id":"https:\/\/www.suavinex.com\/livingsuavinex\/que-cuidados-necesitan-los-bebes-prematuros\/#primaryimage"},"thumbnailUrl":"https:\/\/www.suavinex.com\/livingsuavinex\/wp-content\/uploads\/2021\/11\/cuidados-bebes-prematuros.jpg","articleSection":["Tips de crianza"],"inLanguage":"es"},{"@type":"WebPage","@id":"https:\/\/www.suavinex.com\/livingsuavinex\/que-cuidados-necesitan-los-bebes-prematuros\/","url":"https:\/\/www.suavinex.com\/livingsuavinex\/que-cuidados-necesitan-los-bebes-prematuros\/","name":"\u00bfQu\u00e9 cuidados necesitan los beb\u00e9s prematuros? | Living Suavinex","isPartOf":{"@id":"https:\/\/www.suavinex.com\/livingsuavinex\/#website"},"primaryImageOfPage":{"@id":"https:\/\/www.suavinex.com\/livingsuavinex\/que-cuidados-necesitan-los-bebes-prematuros\/#primaryimage"},"image":{"@id":"https:\/\/www.suavinex.com\/livingsuavinex\/que-cuidados-necesitan-los-bebes-prematuros\/#primaryimage"},"thumbnailUrl":"https:\/\/www.suavinex.com\/livingsuavinex\/wp-content\/uploads\/2021\/11\/cuidados-bebes-prematuros.jpg","datePublished":"2021-11-16T11:00:09+00:00","dateModified":"2021-12-16T12:01:06+00:00","description":"El cuidado de un beb\u00e9 prematuro puede suponer todo un reto. Aqu\u00ed tienes unos consejos para que puedas dedicarle toda la atenci\u00f3n necesaria a tu beb\u00e9.","breadcrumb":{"@id":"https:\/\/www.suavinex.com\/livingsuavinex\/que-cuidados-necesitan-los-bebes-prematuros\/#breadcrumb"},"inLanguage":"es","potentialAction":[{"@type":"ReadAction","target":["https:\/\/www.suavinex.com\/livingsuavinex\/que-cuidados-necesitan-los-bebes-prematuros\/"]}]},{"@type":"ImageObject","inLanguage":"es","@id":"https:\/\/www.suavinex.com\/livingsuavinex\/que-cuidados-necesitan-los-bebes-prematuros\/#primaryimage","url":"https:\/\/www.suavinex.com\/livingsuavinex\/wp-content\/uploads\/2021\/11\/cuidados-bebes-prematuros.jpg","contentUrl":"https:\/\/www.suavinex.com\/livingsuavinex\/wp-content\/uploads\/2021\/11\/cuidados-bebes-prematuros.jpg","width":1200,"height":800,"caption":"cuidados bebes prematuros"},{"@type":"BreadcrumbList","@id":"https:\/\/www.suavinex.com\/livingsuavinex\/que-cuidados-necesitan-los-bebes-prematuros\/#breadcrumb","itemListElement":[{"@type":"ListItem","position":1,"name":"Portada","item":"https:\/\/www.suavinex.com\/livingsuavinex\/"},{"@type":"ListItem","position":2,"name":"\u00bfQu\u00e9 cuidados necesitan los beb\u00e9s prematuros?"}]},{"@type":"WebSite","@id":"https:\/\/www.suavinex.com\/livingsuavinex\/#website","url":"https:\/\/www.suavinex.com\/livingsuavinex\/","name":"Living Suavinex","description":"| Familias reales","publisher":{"@id":"https:\/\/www.suavinex.com\/livingsuavinex\/#organization"},"potentialAction":[{"@type":"SearchAction","target":{"@type":"EntryPoint","urlTemplate":"https:\/\/www.suavinex.com\/livingsuavinex\/?s={search_term_string}"},"query-input":{"@type":"PropertyValueSpecification","valueRequired":true,"valueName":"search_term_string"}}],"inLanguage":"es"},{"@type":"Organization","@id":"https:\/\/www.suavinex.com\/livingsuavinex\/#organization","name":"Suavinex","url":"https:\/\/www.suavinex.com\/livingsuavinex\/","logo":{"@type":"ImageObject","inLanguage":"es","@id":"https:\/\/www.suavinex.com\/livingsuavinex\/#\/schema\/logo\/image\/","url":"https:\/\/www.suavinex.com\/livingsuavinex\/wp-content\/uploads\/2018\/07\/living_sx_logo_mvl.png","contentUrl":"https:\/\/www.suavinex.com\/livingsuavinex\/wp-content\/uploads\/2018\/07\/living_sx_logo_mvl.png","width":350,"height":70,"caption":"Suavinex"},"image":{"@id":"https:\/\/www.suavinex.com\/livingsuavinex\/#\/schema\/logo\/image\/"},"sameAs":["https:\/\/www.facebook.com\/SuavinexSpain","https:\/\/x.com\/SuavinexSpain","https:\/\/www.instagram.com\/suavinex_spain\/","https:\/\/www.pinterest.es\/SuavinexSpain\/","https:\/\/www.youtube.com\/channel\/UCgeJREx2R_ZvV2aQMrfWgcA"]},{"@type":"Person","@id":"https:\/\/www.suavinex.com\/livingsuavinex\/#\/schema\/person\/836d83f4b1821b11b7b47cffd08f1ecb","name":"Suavinex Central","image":{"@type":"ImageObject","inLanguage":"es","@id":"https:\/\/www.suavinex.com\/livingsuavinex\/#\/schema\/person\/image\/","url":"https:\/\/secure.gravatar.com\/avatar\/bd43680b784882668035add29f959967?s=96&d=mm&r=g","contentUrl":"https:\/\/secure.gravatar.com\/avatar\/bd43680b784882668035add29f959967?s=96&d=mm&r=g","caption":"Suavinex Central"}}]}},"_links":{"self":[{"href":"https:\/\/www.suavinex.com\/livingsuavinex\/wp-json\/wp\/v2\/posts\/42106","targetHints":{"allow":["GET"]}}],"collection":[{"href":"https:\/\/www.suavinex.com\/livingsuavinex\/wp-json\/wp\/v2\/posts"}],"about":[{"href":"https:\/\/www.suavinex.com\/livingsuavinex\/wp-json\/wp\/v2\/types\/post"}],"author":[{"embeddable":true,"href":"https:\/\/www.suavinex.com\/livingsuavinex\/wp-json\/wp\/v2\/users\/295"}],"replies":[{"embeddable":true,"href":"https:\/\/www.suavinex.com\/livingsuavinex\/wp-json\/wp\/v2\/comments?post=42106"}],"version-history":[{"count":3,"href":"https:\/\/www.suavinex.com\/livingsuavinex\/wp-json\/wp\/v2\/posts\/42106\/revisions"}],"predecessor-version":[{"id":42126,"href":"https:\/\/www.suavinex.com\/livingsuavinex\/wp-json\/wp\/v2\/posts\/42106\/revisions\/42126"}],"wp:featuredmedia":[{"embeddable":true,"href":"https:\/\/www.suavinex.com\/livingsuavinex\/wp-json\/wp\/v2\/media\/42108"}],"wp:attachment":[{"href":"https:\/\/www.suavinex.com\/livingsuavinex\/wp-json\/wp\/v2\/media?parent=42106"}],"wp:term":[{"taxonomy":"category","embeddable":true,"href":"https:\/\/www.suavinex.com\/livingsuavinex\/wp-json\/wp\/v2\/categories?post=42106"},{"taxonomy":"post_tag","embeddable":true,"href":"https:\/\/www.suavinex.com\/livingsuavinex\/wp-json\/wp\/v2\/tags?post=42106"}],"curies":[{"name":"wp","href":"https:\/\/api.w.org\/{rel}","templated":true}]}}