{"id":42072,"date":"2021-10-21T17:00:27","date_gmt":"2021-10-21T15:00:27","guid":{"rendered":"https:\/\/www.suavinex.com\/livingsuavinex\/?p=42072"},"modified":"2024-06-18T13:29:56","modified_gmt":"2024-06-18T11:29:56","slug":"mancha-mongolica-en-el-bebe-que-es-esa-mancha-azul-en-los-recien-nacidos","status":"publish","type":"post","link":"https:\/\/www.suavinex.com\/livingsuavinex\/mancha-mongolica-en-el-bebe-que-es-esa-mancha-azul-en-los-recien-nacidos\/","title":{"rendered":"Mancha mong\u00f3lica en el beb\u00e9: qu\u00e9 es esa mancha azul en los reci\u00e9n nacidos"},"content":{"rendered":"\n<p>Tras el nacimiento del beb\u00e9, se pueden observar mejor algunas afecciones en la piel del beb\u00e9 como puede ser la conocida mancha mong\u00f3lica en el beb\u00e9. Puede que nunca hayas escuchado nada sobre este tipo de afecci\u00f3n d\u00e9rmica, por lo que te vamos a contar en qu\u00e9 consiste exactamente y c\u00f3mo diferenciarla de otras alteraciones de la piel de los m\u00e1s peque\u00f1os.<\/p>\n\n\n\n<p>Sobre todo, porque la piel de los beb\u00e9s es muy delicada y siempre es necesario ofrecer un total cuidado. Por ello, deber\u00e1s utilizar productos de <a href=\"https:\/\/www.suavinex.com\/bano-y-cuidado-del-bebe\/cosmetica-bebe\/c\/0051\">cosm\u00e9tica de beb\u00e9<\/a> elaborados con ingredientes naturales que protejan su delicada piel.<\/p>\n\n\n\n<h2 class=\"wp-block-heading\"><strong>\u00bfQu\u00e9 es la mancha mong\u00f3lica?<\/strong><\/h2>\n\n\n\n<p>La mancha mong\u00f3lica en un reci\u00e9n nacido se trata de una marca de nacimiento con mayor pigmentaci\u00f3n que el resto de piel. Esta alteraci\u00f3n de la piel tambi\u00e9n es conocida como mancha azul o mancha de Baltz y suele ser m\u00e1s frecuente en beb\u00e9s de raza asi\u00e1tica o negra.<\/p>\n\n\n\n<p>El nombre concreto de esta afecci\u00f3n es melanocitosis d\u00e9rmica cong\u00e9nita y es causada debido a la acumulaci\u00f3n de melanocitos en las capas intermedias de la piel. Esto hace que una zona de la piel cuente con mayor pigmentaci\u00f3n que el resto de la piel, dando lugar a un color entre azulado y gris\u00e1ceo. A primera vista suele ser llamativo, tanto que incluso que parece un morat\u00f3n o hematoma por traumatismo aunque no tiene nada que ver con un golpe.<\/p>\n\n\n\n<p>Como padres puede que este tipo de mancha os asuste, pues la mayor\u00eda de veces suelen medir entre 2 y 8 cm. Incluso puede llegar a medir unos 20 cm, ocupando una gran extensi\u00f3n en las espalda o zona lumbar del beb\u00e9.<\/p>\n\n\n\n<p>No hay que preocuparse por la aparici\u00f3n de una mancha mong\u00f3lica en el beb\u00e9, pues se trata de una condici\u00f3n benigna de la piel sin importancia y que suele desaparecer a los pocos a\u00f1os. Asimismo, en cuanto veas una mancha azul en el reci\u00e9n nacido es importante acudir al m\u00e9dico o pediatra para que la observe y puede ofreceros el diagn\u00f3stico y tratamiento m\u00e1s acertados.<\/p>\n\n\n\n<p>Su nombre no est\u00e1 relacionado con ninguna enfermedad, sino que el adjetivo \u201cmong\u00f3lica\u201d est\u00e1 relacionado con el pa\u00eds de Mongolia, puesto que la mayor\u00eda de beb\u00e9s reci\u00e9n nacidos presentan esta mancha azulada. Y es que esta mancha azul en la piel del beb\u00e9, suele aparecer entre el 80% y el 90% de veces en beb\u00e9s de piel oscura, es decir, los de raza asi\u00e1tica y negra. Mientras que las manchas mong\u00f3licas en un beb\u00e9 blanco o cauc\u00e1sico cuentan con una incidencia menor del 10%.<\/p>\n\n\n\n<h2 class=\"wp-block-heading\"><strong>\u00bfC\u00f3mo identificar la mancha mong\u00f3lica?<\/strong><\/h2>\n\n\n\n<p>Este tipo de mancha puede aparecer tras el nacimiento o durante las primeras semanas de vida del beb\u00e9 y su diagn\u00f3stico es totalmente cl\u00ednico. Esto quiere decir que no es necesaria la realizaci\u00f3n de pruebas ni que el beb\u00e9 tenga que acudir a especialistas o dermat\u00f3logos.<\/p>\n\n\n\n<p>Lo m\u00e1s caracter\u00edstico de las manchas mong\u00f3licas azules en beb\u00e9s son los siguientes aspectos:<\/p>\n\n\n\n<ul class=\"wp-block-list\">\n<li>Cuentan con un color azulado gris\u00e1ceo.<\/li>\n\n\n\n<li>No cuentan con relieve ya que se tratan de manchas totalmente planas.<\/li>\n\n\n\n<li>Los bordes de la mancha azul en la piel del beb\u00e9 no est\u00e1n definidos sino que m\u00e1s bien son bordes irregulares.<\/li>\n\n\n\n<li>Se tratan de manchas con un tama\u00f1o mayor de 2 cm, incluso pueden llegar a alcanzar los 20 cm.<\/li>\n<\/ul>\n\n\n\n<p>Sobre todo, como ya os hemos indicado, es importante acudir al especialista para descartar otro tipo de trastornos en la piel como puede ser otros problemas metab\u00f3licos como la Glandiosidosis o manchas en lugares de la piel nada t\u00edpicos y con toda clase de coloraciones como puede ser los Nevus, Nevus de Ota o Nevus de Ito.<\/p>\n\n\n\n<h2 class=\"wp-block-heading\"><strong>&nbsp;\u00bfCu\u00e1l es el tratamiento de la mancha mong\u00f3lica?<\/strong><\/h2>\n\n\n\n<p>Como otras afecciones, la mancha azul del beb\u00e9 no tiene un tratamiento concreto, sino que tiende a ir desapareciendo con la edad. Dependiendo del caso entre los 4 y 6 a\u00f1os pasar\u00e1 desapercibida, aunque hay que tener en cuenta que en los primeros meses de vida del beb\u00e9, la mancha ir\u00e1 adquiriendo un color m\u00e1s oscuro.<\/p>\n\n\n\n<p>En la mayor\u00eda de los casos, la mancha pasa desapercibida cuando el ni\u00f1o llega a los 10 a\u00f1os. As\u00ed que no se necesitan cremas ni protecciones especiales para reducir el pigmento de la mancha. Simplemente se trata de una mancha que sufren sobre todo los reci\u00e9n nacidos asi\u00e1ticos y de raza negra que no es preocupante y suele ir desapareciendo de forma gradual.<\/p>\n\n\n\n<p>Por lo que tan solo deber\u00e1s utilizar los productos de cosm\u00e9tica del beb\u00e9 necesarios para el cuidado de la piel del beb\u00e9 en sus primeras semanas de vida. Como puede ser la <a href=\"https:\/\/www.suavinex.com\/accesorios-guarderia\/sets-de-guarderia\/pack-pomada-panal-protectora-reparadora\/p\/pack-crema-pomada-pa%C3%B1al\">pomada intensiva del pa\u00f1al de 75ml<\/a> de Suavinex con la que se evita que el beb\u00e9 sufra irritaciones y mantenga su piel protegida y calmada. La puedes encontrar online en nuestro <a href=\"https:\/\/www.suavinex.com\/bano-y-cuidado-del-bebe\/cosmetica-bebe\/pack-crema-panal-pomada-protectora-reparadora\/p\/pack-crema-pomada-pa%C3%B1al\">Pack Crema Pa\u00f1al y Pomada Protectora Reparadora Beb\u00e9<\/a>.<\/p>\n\n\n<div class=\"carrusel\"><ul class=\"recomendacion\"><li class=\"producto\"><div class=\"wrapProducto\"><a target=\"_blank\" class=\"imagen\" href=\"https:\/\/www.suavinex.com\/alimentacion-del-bebe\/vajilla-infantil\/s-vajilla-infantil-nina-6m-i3\/p\/000000000000300844\"><img decoding=\"async\" src=\"https:\/\/www.suavinex.com\/medias\/Vajilla-Go-Natural-RS-01.jpg?context=bWFzdGVyfGltYWdlc3wxNzY1MTl8aW1hZ2UvanBlZ3xpbWFnZXMvaDkyL2gzZC84OTE3MTg0ODcyNDc4LmpwZ3w2ZDkxOWRmNTJjNWViYmI2MDQxNmNjNjAxNWZkMDU0YzJhZjdiZGVhMjBlOWRmZDQzNWU1OWQ4M2NiNTQwMmZh\"><\/a><div class=\"productname\"><a target=\"_blank\" href=\"https:\/\/www.suavinex.com\/alimentacion-del-bebe\/vajilla-infantil\/s-vajilla-infantil-nina-6m-i3\/p\/000000000000300844\">Vajilla para beb\u00e9s de aprendizaje rosa<\/a><div><div class=\"bloquePrecio\"><div class=\"precioProducto\">33.95 \u20ac<\/div><a target=\"_blank\" class=\"ctabuy\" href=\"https:\/\/www.suavinex.com\/alimentacion-del-bebe\/vajilla-infantil\/s-vajilla-infantil-nina-6m-i3\/p\/000000000000300844\">COMPRAR<\/a><\/div><\/div><\/li><\/ul><\/div>\n\n\n\n<p>Asimismo, para mantener la hidrataci\u00f3n de la piel del beb\u00e9 son necesarias otras lociones o cremas dise\u00f1adas con ingredientes naturales. Como es el caso de la <a href=\"https:\/\/www.suavinex.com\/bano-y-cuidado-del-bebe\/cosmetica-bebe\/pack-leche-hidratante-y-crema-facial-bebe\/p\/set_locion_facial\">loci\u00f3n hidratante para beb\u00e9s de 500ml<\/a>, loci\u00f3n dise\u00f1ada para los masajes de los beb\u00e9s e hidratar en profundidad su piel tan delicada. Por \u00faltimo, no podr\u00e9is olvidaros de la zona facial, as\u00ed que con <a href=\"https:\/\/www.suavinex.com\/bano-y-cuidado-del-bebe\/cosmetica-bebe\/pack-leche-hidratante-y-crema-facial-bebe\/p\/set_locion_facial\">mi primera crema facial 50 ml<\/a> proteger\u00e1s la delicada piel de la cara del beb\u00e9 frente a todo tipo de agresiones externas.<\/p>\n\n\n<div class=\"carrusel\"><ul class=\"recomendacion\"><li class=\"producto\"><div class=\"wrapProducto\"><a target=\"_blank\" class=\"imagen\" href=\"https:\/\/www.suavinex.com\/alimentacion-del-bebe\/vajilla-infantil\/s-vajilla-infantil-nina-6m-i3\/p\/000000000000300844\"><img decoding=\"async\" src=\"https:\/\/www.suavinex.com\/medias\/Vajilla-Go-Natural-RS-01.jpg?context=bWFzdGVyfGltYWdlc3wxNzY1MTl8aW1hZ2UvanBlZ3xpbWFnZXMvaDkyL2gzZC84OTE3MTg0ODcyNDc4LmpwZ3w2ZDkxOWRmNTJjNWViYmI2MDQxNmNjNjAxNWZkMDU0YzJhZjdiZGVhMjBlOWRmZDQzNWU1OWQ4M2NiNTQwMmZh\"><\/a><div class=\"productname\"><a target=\"_blank\" href=\"https:\/\/www.suavinex.com\/alimentacion-del-bebe\/vajilla-infantil\/s-vajilla-infantil-nina-6m-i3\/p\/000000000000300844\">Vajilla para beb\u00e9s de aprendizaje rosa<\/a><div><div class=\"bloquePrecio\"><div class=\"precioProducto\">33.95 \u20ac<\/div><a target=\"_blank\" class=\"ctabuy\" href=\"https:\/\/www.suavinex.com\/alimentacion-del-bebe\/vajilla-infantil\/s-vajilla-infantil-nina-6m-i3\/p\/000000000000300844\">COMPRAR<\/a><\/div><\/div><\/li><\/ul><\/div>\n\n\n<div class=\"carrusel\"><ul class=\"recomendacion\"><li class=\"producto\"><div class=\"wrapProducto\"><a target=\"_blank\" class=\"imagen\" href=\"https:\/\/www.suavinex.com\/bano-y-cuidado-del-bebe\/cosmetica-bebe\/pack-hidratante-facial-y-crema-facial-spf30\/p\/set_faciales\"><img decoding=\"async\" src=\"https:\/\/www.suavinex.com\/medias\/Pack-Faciales-2025-prod-01.jpg?context=bWFzdGVyfGltYWdlc3wyMjczODJ8aW1hZ2UvanBlZ3xpbWFnZXMvaDM2L2hlYS84OTMyODEyNjUyNTc0LmpwZ3w0ZWUzYWE2OTUwMWJmYzJjYjI0MjAzZWYyZTZiYWVkZWE1YTk3OThjYTNkM2NmMTE3YzU0ZDg5Y2VkOWQ0NTJi\"><\/a><div class=\"productname\"><a target=\"_blank\" href=\"https:\/\/www.suavinex.com\/bano-y-cuidado-del-bebe\/cosmetica-bebe\/pack-hidratante-facial-y-crema-facial-spf30\/p\/set_faciales\">Pack Crema hidratante facial y Crema solar beb\u00e9<\/a><div><div class=\"bloquePrecio\"><div class=\"precioProducto\">20.45 \u20ac<\/div><a target=\"_blank\" class=\"ctabuy\" href=\"https:\/\/www.suavinex.com\/bano-y-cuidado-del-bebe\/cosmetica-bebe\/pack-hidratante-facial-y-crema-facial-spf30\/p\/set_faciales\">COMPRAR<\/a><\/div><\/div><\/li><\/ul><\/div>\n\n\n\n<p>\u00bfConoc\u00edas de qu\u00e9 se trataba la mancha mong\u00f3lica en beb\u00e9s?<\/p>\n\n\n\n<p><strong>Fuentes:<\/strong><\/p>\n\n\n\n<p><a href=\"https:\/\/www.bebesymas.com\/recien-nacido\/mancha-mongolica-recien-nacido-que-esa-mancha-azulada-espalda-nalgas-bebe\" target=\"_blank\" rel=\"noreferrer noopener nofollow\">Mancha mong\u00f3lica en el reci\u00e9n nacido: \u00bfqu\u00e9 es esa mancha azulada en espalda y nalgas del beb\u00e9?<\/a> \u2013 Bebesymas<\/p>\n\n\n\n<p><a href=\"https:\/\/www.webconsultas.com\/bebes-y-ninos\/afecciones-tipicas-infantiles\/mancha-mongolica-en-el-recien-nacido\" target=\"_blank\" rel=\"noreferrer noopener nofollow\">Mancha mong\u00f3lica en el reci\u00e9n nacido<\/a> \u2013 Webconsultas.com<\/p>\n","protected":false},"excerpt":{"rendered":"Tras el nacimiento del beb\u00e9, se pueden observar mejor algunas afecciones en la piel del beb\u00e9 como puede ser la conocida mancha mong\u00f3lica en el beb\u00e9. Puede que nunca hayas escuchado nada sobre este tipo de afecci\u00f3n d\u00e9rmica, por lo que te vamos a contar en qu\u00e9 consiste exactamente y&#8230; <a class=\"view-article\" href=\"https:\/\/www.suavinex.com\/livingsuavinex\/mancha-mongolica-en-el-bebe-que-es-esa-mancha-azul-en-los-recien-nacidos\/\">Ver art\u00edculo<\/a>","protected":false},"author":295,"featured_media":42074,"comment_status":"closed","ping_status":"open","sticky":false,"template":"","format":"standard","meta":{"inline_featured_image":false,"footnotes":""},"categories":[2269],"tags":[],"class_list":["post-42072","post","type-post","status-publish","format-standard","has-post-thumbnail","hentry","category-parenting"],"yoast_head":"<!-- This site is optimized with the Yoast SEO plugin v26.8 - https:\/\/yoast.com\/product\/yoast-seo-wordpress\/ -->\n<title>Mancha mong\u00f3lica en el beb\u00e9: qu\u00e9 es esa mancha azul en los reci\u00e9n nacidos | Living Suavinex<\/title>\n<meta name=\"description\" content=\"Descubre de qu\u00e9 se trata la mancha mong\u00f3lica en el beb\u00e9 y conoce en qu\u00e9 se diferencia con otros s\u00edntomas comunes en los beb\u00e9s.\" \/>\n<meta name=\"robots\" content=\"index, follow, max-snippet:-1, max-image-preview:large, max-video-preview:-1\" \/>\n<link rel=\"canonical\" href=\"https:\/\/www.suavinex.com\/livingsuavinex\/mancha-mongolica-en-el-bebe-que-es-esa-mancha-azul-en-los-recien-nacidos\/\" \/>\n<meta property=\"og:locale\" content=\"es_ES\" \/>\n<meta property=\"og:type\" content=\"article\" \/>\n<meta property=\"og:title\" content=\"Mancha mong\u00f3lica en el beb\u00e9: qu\u00e9 es esa mancha azul en los reci\u00e9n nacidos | Living Suavinex\" \/>\n<meta property=\"og:description\" content=\"Descubre de qu\u00e9 se trata la mancha mong\u00f3lica en el beb\u00e9 y conoce en qu\u00e9 se diferencia con otros s\u00edntomas comunes en los beb\u00e9s.\" \/>\n<meta property=\"og:url\" content=\"https:\/\/www.suavinex.com\/livingsuavinex\/mancha-mongolica-en-el-bebe-que-es-esa-mancha-azul-en-los-recien-nacidos\/\" \/>\n<meta property=\"og:site_name\" content=\"Living Suavinex\" \/>\n<meta property=\"article:publisher\" content=\"https:\/\/www.facebook.com\/SuavinexSpain\" \/>\n<meta property=\"article:published_time\" content=\"2021-10-21T15:00:27+00:00\" \/>\n<meta property=\"article:modified_time\" content=\"2024-06-18T11:29:56+00:00\" \/>\n<meta property=\"og:image\" content=\"https:\/\/www.suavinex.com\/livingsuavinex\/wp-content\/uploads\/2021\/10\/mancha-mongolica-bebe.jpg\" \/>\n\t<meta property=\"og:image:width\" content=\"1200\" \/>\n\t<meta property=\"og:image:height\" content=\"800\" \/>\n\t<meta property=\"og:image:type\" content=\"image\/jpeg\" \/>\n<meta name=\"author\" content=\"Suavinex Central\" \/>\n<meta name=\"twitter:card\" content=\"summary_large_image\" \/>\n<meta name=\"twitter:creator\" content=\"@SuavinexSpain\" \/>\n<meta name=\"twitter:site\" content=\"@SuavinexSpain\" \/>\n<meta name=\"twitter:label1\" content=\"Escrito por\" \/>\n\t<meta name=\"twitter:data1\" content=\"Suavinex Central\" \/>\n\t<meta name=\"twitter:label2\" content=\"Tiempo de lectura\" \/>\n\t<meta name=\"twitter:data2\" content=\"5 minutos\" \/>\n<script type=\"application\/ld+json\" class=\"yoast-schema-graph\">{\"@context\":\"https:\/\/schema.org\",\"@graph\":[{\"@type\":\"Article\",\"@id\":\"https:\/\/www.suavinex.com\/livingsuavinex\/mancha-mongolica-en-el-bebe-que-es-esa-mancha-azul-en-los-recien-nacidos\/#article\",\"isPartOf\":{\"@id\":\"https:\/\/www.suavinex.com\/livingsuavinex\/mancha-mongolica-en-el-bebe-que-es-esa-mancha-azul-en-los-recien-nacidos\/\"},\"author\":{\"name\":\"Suavinex Central\",\"@id\":\"https:\/\/www.suavinex.com\/livingsuavinex\/#\/schema\/person\/836d83f4b1821b11b7b47cffd08f1ecb\"},\"headline\":\"Mancha mong\u00f3lica en el beb\u00e9: qu\u00e9 es esa mancha azul en los reci\u00e9n nacidos\",\"datePublished\":\"2021-10-21T15:00:27+00:00\",\"dateModified\":\"2024-06-18T11:29:56+00:00\",\"mainEntityOfPage\":{\"@id\":\"https:\/\/www.suavinex.com\/livingsuavinex\/mancha-mongolica-en-el-bebe-que-es-esa-mancha-azul-en-los-recien-nacidos\/\"},\"wordCount\":1033,\"publisher\":{\"@id\":\"https:\/\/www.suavinex.com\/livingsuavinex\/#organization\"},\"image\":{\"@id\":\"https:\/\/www.suavinex.com\/livingsuavinex\/mancha-mongolica-en-el-bebe-que-es-esa-mancha-azul-en-los-recien-nacidos\/#primaryimage\"},\"thumbnailUrl\":\"https:\/\/www.suavinex.com\/livingsuavinex\/wp-content\/uploads\/2021\/10\/mancha-mongolica-bebe.jpg\",\"articleSection\":[\"Parenting\"],\"inLanguage\":\"es\"},{\"@type\":\"WebPage\",\"@id\":\"https:\/\/www.suavinex.com\/livingsuavinex\/mancha-mongolica-en-el-bebe-que-es-esa-mancha-azul-en-los-recien-nacidos\/\",\"url\":\"https:\/\/www.suavinex.com\/livingsuavinex\/mancha-mongolica-en-el-bebe-que-es-esa-mancha-azul-en-los-recien-nacidos\/\",\"name\":\"Mancha mong\u00f3lica en el beb\u00e9: qu\u00e9 es esa mancha azul en los reci\u00e9n nacidos | Living Suavinex\",\"isPartOf\":{\"@id\":\"https:\/\/www.suavinex.com\/livingsuavinex\/#website\"},\"primaryImageOfPage\":{\"@id\":\"https:\/\/www.suavinex.com\/livingsuavinex\/mancha-mongolica-en-el-bebe-que-es-esa-mancha-azul-en-los-recien-nacidos\/#primaryimage\"},\"image\":{\"@id\":\"https:\/\/www.suavinex.com\/livingsuavinex\/mancha-mongolica-en-el-bebe-que-es-esa-mancha-azul-en-los-recien-nacidos\/#primaryimage\"},\"thumbnailUrl\":\"https:\/\/www.suavinex.com\/livingsuavinex\/wp-content\/uploads\/2021\/10\/mancha-mongolica-bebe.jpg\",\"datePublished\":\"2021-10-21T15:00:27+00:00\",\"dateModified\":\"2024-06-18T11:29:56+00:00\",\"description\":\"Descubre de qu\u00e9 se trata la mancha mong\u00f3lica en el beb\u00e9 y conoce en qu\u00e9 se diferencia con otros s\u00edntomas comunes en los beb\u00e9s.\",\"breadcrumb\":{\"@id\":\"https:\/\/www.suavinex.com\/livingsuavinex\/mancha-mongolica-en-el-bebe-que-es-esa-mancha-azul-en-los-recien-nacidos\/#breadcrumb\"},\"inLanguage\":\"es\",\"potentialAction\":[{\"@type\":\"ReadAction\",\"target\":[\"https:\/\/www.suavinex.com\/livingsuavinex\/mancha-mongolica-en-el-bebe-que-es-esa-mancha-azul-en-los-recien-nacidos\/\"]}]},{\"@type\":\"ImageObject\",\"inLanguage\":\"es\",\"@id\":\"https:\/\/www.suavinex.com\/livingsuavinex\/mancha-mongolica-en-el-bebe-que-es-esa-mancha-azul-en-los-recien-nacidos\/#primaryimage\",\"url\":\"https:\/\/www.suavinex.com\/livingsuavinex\/wp-content\/uploads\/2021\/10\/mancha-mongolica-bebe.jpg\",\"contentUrl\":\"https:\/\/www.suavinex.com\/livingsuavinex\/wp-content\/uploads\/2021\/10\/mancha-mongolica-bebe.jpg\",\"width\":1200,\"height\":800,\"caption\":\"mancha mongolica bebe\"},{\"@type\":\"BreadcrumbList\",\"@id\":\"https:\/\/www.suavinex.com\/livingsuavinex\/mancha-mongolica-en-el-bebe-que-es-esa-mancha-azul-en-los-recien-nacidos\/#breadcrumb\",\"itemListElement\":[{\"@type\":\"ListItem\",\"position\":1,\"name\":\"Portada\",\"item\":\"https:\/\/www.suavinex.com\/livingsuavinex\/\"},{\"@type\":\"ListItem\",\"position\":2,\"name\":\"Mancha mong\u00f3lica en el beb\u00e9: qu\u00e9 es esa mancha azul en los reci\u00e9n nacidos\"}]},{\"@type\":\"WebSite\",\"@id\":\"https:\/\/www.suavinex.com\/livingsuavinex\/#website\",\"url\":\"https:\/\/www.suavinex.com\/livingsuavinex\/\",\"name\":\"Living Suavinex\",\"description\":\"| Familias reales\",\"publisher\":{\"@id\":\"https:\/\/www.suavinex.com\/livingsuavinex\/#organization\"},\"potentialAction\":[{\"@type\":\"SearchAction\",\"target\":{\"@type\":\"EntryPoint\",\"urlTemplate\":\"https:\/\/www.suavinex.com\/livingsuavinex\/?s={search_term_string}\"},\"query-input\":{\"@type\":\"PropertyValueSpecification\",\"valueRequired\":true,\"valueName\":\"search_term_string\"}}],\"inLanguage\":\"es\"},{\"@type\":\"Organization\",\"@id\":\"https:\/\/www.suavinex.com\/livingsuavinex\/#organization\",\"name\":\"Suavinex\",\"url\":\"https:\/\/www.suavinex.com\/livingsuavinex\/\",\"logo\":{\"@type\":\"ImageObject\",\"inLanguage\":\"es\",\"@id\":\"https:\/\/www.suavinex.com\/livingsuavinex\/#\/schema\/logo\/image\/\",\"url\":\"https:\/\/www.suavinex.com\/livingsuavinex\/wp-content\/uploads\/2018\/07\/living_sx_logo_mvl.png\",\"contentUrl\":\"https:\/\/www.suavinex.com\/livingsuavinex\/wp-content\/uploads\/2018\/07\/living_sx_logo_mvl.png\",\"width\":350,\"height\":70,\"caption\":\"Suavinex\"},\"image\":{\"@id\":\"https:\/\/www.suavinex.com\/livingsuavinex\/#\/schema\/logo\/image\/\"},\"sameAs\":[\"https:\/\/www.facebook.com\/SuavinexSpain\",\"https:\/\/x.com\/SuavinexSpain\",\"https:\/\/www.instagram.com\/suavinex_spain\/\",\"https:\/\/www.pinterest.es\/SuavinexSpain\/\",\"https:\/\/www.youtube.com\/channel\/UCgeJREx2R_ZvV2aQMrfWgcA\"]},{\"@type\":\"Person\",\"@id\":\"https:\/\/www.suavinex.com\/livingsuavinex\/#\/schema\/person\/836d83f4b1821b11b7b47cffd08f1ecb\",\"name\":\"Suavinex Central\",\"image\":{\"@type\":\"ImageObject\",\"inLanguage\":\"es\",\"@id\":\"https:\/\/www.suavinex.com\/livingsuavinex\/#\/schema\/person\/image\/\",\"url\":\"https:\/\/secure.gravatar.com\/avatar\/bd43680b784882668035add29f959967?s=96&d=mm&r=g\",\"contentUrl\":\"https:\/\/secure.gravatar.com\/avatar\/bd43680b784882668035add29f959967?s=96&d=mm&r=g\",\"caption\":\"Suavinex Central\"}}]}<\/script>\n<!-- \/ Yoast SEO plugin. -->","yoast_head_json":{"title":"Mancha mong\u00f3lica en el beb\u00e9: qu\u00e9 es esa mancha azul en los reci\u00e9n nacidos | Living Suavinex","description":"Descubre de qu\u00e9 se trata la mancha mong\u00f3lica en el beb\u00e9 y conoce en qu\u00e9 se diferencia con otros s\u00edntomas comunes en los beb\u00e9s.","robots":{"index":"index","follow":"follow","max-snippet":"max-snippet:-1","max-image-preview":"max-image-preview:large","max-video-preview":"max-video-preview:-1"},"canonical":"https:\/\/www.suavinex.com\/livingsuavinex\/mancha-mongolica-en-el-bebe-que-es-esa-mancha-azul-en-los-recien-nacidos\/","og_locale":"es_ES","og_type":"article","og_title":"Mancha mong\u00f3lica en el beb\u00e9: qu\u00e9 es esa mancha azul en los reci\u00e9n nacidos | Living Suavinex","og_description":"Descubre de qu\u00e9 se trata la mancha mong\u00f3lica en el beb\u00e9 y conoce en qu\u00e9 se diferencia con otros s\u00edntomas comunes en los beb\u00e9s.","og_url":"https:\/\/www.suavinex.com\/livingsuavinex\/mancha-mongolica-en-el-bebe-que-es-esa-mancha-azul-en-los-recien-nacidos\/","og_site_name":"Living Suavinex","article_publisher":"https:\/\/www.facebook.com\/SuavinexSpain","article_published_time":"2021-10-21T15:00:27+00:00","article_modified_time":"2024-06-18T11:29:56+00:00","og_image":[{"width":1200,"height":800,"url":"https:\/\/www.suavinex.com\/livingsuavinex\/wp-content\/uploads\/2021\/10\/mancha-mongolica-bebe.jpg","type":"image\/jpeg"}],"author":"Suavinex Central","twitter_card":"summary_large_image","twitter_creator":"@SuavinexSpain","twitter_site":"@SuavinexSpain","twitter_misc":{"Escrito por":"Suavinex Central","Tiempo de lectura":"5 minutos"},"schema":{"@context":"https:\/\/schema.org","@graph":[{"@type":"Article","@id":"https:\/\/www.suavinex.com\/livingsuavinex\/mancha-mongolica-en-el-bebe-que-es-esa-mancha-azul-en-los-recien-nacidos\/#article","isPartOf":{"@id":"https:\/\/www.suavinex.com\/livingsuavinex\/mancha-mongolica-en-el-bebe-que-es-esa-mancha-azul-en-los-recien-nacidos\/"},"author":{"name":"Suavinex Central","@id":"https:\/\/www.suavinex.com\/livingsuavinex\/#\/schema\/person\/836d83f4b1821b11b7b47cffd08f1ecb"},"headline":"Mancha mong\u00f3lica en el beb\u00e9: qu\u00e9 es esa mancha azul en los reci\u00e9n nacidos","datePublished":"2021-10-21T15:00:27+00:00","dateModified":"2024-06-18T11:29:56+00:00","mainEntityOfPage":{"@id":"https:\/\/www.suavinex.com\/livingsuavinex\/mancha-mongolica-en-el-bebe-que-es-esa-mancha-azul-en-los-recien-nacidos\/"},"wordCount":1033,"publisher":{"@id":"https:\/\/www.suavinex.com\/livingsuavinex\/#organization"},"image":{"@id":"https:\/\/www.suavinex.com\/livingsuavinex\/mancha-mongolica-en-el-bebe-que-es-esa-mancha-azul-en-los-recien-nacidos\/#primaryimage"},"thumbnailUrl":"https:\/\/www.suavinex.com\/livingsuavinex\/wp-content\/uploads\/2021\/10\/mancha-mongolica-bebe.jpg","articleSection":["Parenting"],"inLanguage":"es"},{"@type":"WebPage","@id":"https:\/\/www.suavinex.com\/livingsuavinex\/mancha-mongolica-en-el-bebe-que-es-esa-mancha-azul-en-los-recien-nacidos\/","url":"https:\/\/www.suavinex.com\/livingsuavinex\/mancha-mongolica-en-el-bebe-que-es-esa-mancha-azul-en-los-recien-nacidos\/","name":"Mancha mong\u00f3lica en el beb\u00e9: qu\u00e9 es esa mancha azul en los reci\u00e9n nacidos | Living Suavinex","isPartOf":{"@id":"https:\/\/www.suavinex.com\/livingsuavinex\/#website"},"primaryImageOfPage":{"@id":"https:\/\/www.suavinex.com\/livingsuavinex\/mancha-mongolica-en-el-bebe-que-es-esa-mancha-azul-en-los-recien-nacidos\/#primaryimage"},"image":{"@id":"https:\/\/www.suavinex.com\/livingsuavinex\/mancha-mongolica-en-el-bebe-que-es-esa-mancha-azul-en-los-recien-nacidos\/#primaryimage"},"thumbnailUrl":"https:\/\/www.suavinex.com\/livingsuavinex\/wp-content\/uploads\/2021\/10\/mancha-mongolica-bebe.jpg","datePublished":"2021-10-21T15:00:27+00:00","dateModified":"2024-06-18T11:29:56+00:00","description":"Descubre de qu\u00e9 se trata la mancha mong\u00f3lica en el beb\u00e9 y conoce en qu\u00e9 se diferencia con otros s\u00edntomas comunes en los beb\u00e9s.","breadcrumb":{"@id":"https:\/\/www.suavinex.com\/livingsuavinex\/mancha-mongolica-en-el-bebe-que-es-esa-mancha-azul-en-los-recien-nacidos\/#breadcrumb"},"inLanguage":"es","potentialAction":[{"@type":"ReadAction","target":["https:\/\/www.suavinex.com\/livingsuavinex\/mancha-mongolica-en-el-bebe-que-es-esa-mancha-azul-en-los-recien-nacidos\/"]}]},{"@type":"ImageObject","inLanguage":"es","@id":"https:\/\/www.suavinex.com\/livingsuavinex\/mancha-mongolica-en-el-bebe-que-es-esa-mancha-azul-en-los-recien-nacidos\/#primaryimage","url":"https:\/\/www.suavinex.com\/livingsuavinex\/wp-content\/uploads\/2021\/10\/mancha-mongolica-bebe.jpg","contentUrl":"https:\/\/www.suavinex.com\/livingsuavinex\/wp-content\/uploads\/2021\/10\/mancha-mongolica-bebe.jpg","width":1200,"height":800,"caption":"mancha mongolica bebe"},{"@type":"BreadcrumbList","@id":"https:\/\/www.suavinex.com\/livingsuavinex\/mancha-mongolica-en-el-bebe-que-es-esa-mancha-azul-en-los-recien-nacidos\/#breadcrumb","itemListElement":[{"@type":"ListItem","position":1,"name":"Portada","item":"https:\/\/www.suavinex.com\/livingsuavinex\/"},{"@type":"ListItem","position":2,"name":"Mancha mong\u00f3lica en el beb\u00e9: qu\u00e9 es esa mancha azul en los reci\u00e9n nacidos"}]},{"@type":"WebSite","@id":"https:\/\/www.suavinex.com\/livingsuavinex\/#website","url":"https:\/\/www.suavinex.com\/livingsuavinex\/","name":"Living Suavinex","description":"| Familias reales","publisher":{"@id":"https:\/\/www.suavinex.com\/livingsuavinex\/#organization"},"potentialAction":[{"@type":"SearchAction","target":{"@type":"EntryPoint","urlTemplate":"https:\/\/www.suavinex.com\/livingsuavinex\/?s={search_term_string}"},"query-input":{"@type":"PropertyValueSpecification","valueRequired":true,"valueName":"search_term_string"}}],"inLanguage":"es"},{"@type":"Organization","@id":"https:\/\/www.suavinex.com\/livingsuavinex\/#organization","name":"Suavinex","url":"https:\/\/www.suavinex.com\/livingsuavinex\/","logo":{"@type":"ImageObject","inLanguage":"es","@id":"https:\/\/www.suavinex.com\/livingsuavinex\/#\/schema\/logo\/image\/","url":"https:\/\/www.suavinex.com\/livingsuavinex\/wp-content\/uploads\/2018\/07\/living_sx_logo_mvl.png","contentUrl":"https:\/\/www.suavinex.com\/livingsuavinex\/wp-content\/uploads\/2018\/07\/living_sx_logo_mvl.png","width":350,"height":70,"caption":"Suavinex"},"image":{"@id":"https:\/\/www.suavinex.com\/livingsuavinex\/#\/schema\/logo\/image\/"},"sameAs":["https:\/\/www.facebook.com\/SuavinexSpain","https:\/\/x.com\/SuavinexSpain","https:\/\/www.instagram.com\/suavinex_spain\/","https:\/\/www.pinterest.es\/SuavinexSpain\/","https:\/\/www.youtube.com\/channel\/UCgeJREx2R_ZvV2aQMrfWgcA"]},{"@type":"Person","@id":"https:\/\/www.suavinex.com\/livingsuavinex\/#\/schema\/person\/836d83f4b1821b11b7b47cffd08f1ecb","name":"Suavinex Central","image":{"@type":"ImageObject","inLanguage":"es","@id":"https:\/\/www.suavinex.com\/livingsuavinex\/#\/schema\/person\/image\/","url":"https:\/\/secure.gravatar.com\/avatar\/bd43680b784882668035add29f959967?s=96&d=mm&r=g","contentUrl":"https:\/\/secure.gravatar.com\/avatar\/bd43680b784882668035add29f959967?s=96&d=mm&r=g","caption":"Suavinex Central"}}]}},"_links":{"self":[{"href":"https:\/\/www.suavinex.com\/livingsuavinex\/wp-json\/wp\/v2\/posts\/42072","targetHints":{"allow":["GET"]}}],"collection":[{"href":"https:\/\/www.suavinex.com\/livingsuavinex\/wp-json\/wp\/v2\/posts"}],"about":[{"href":"https:\/\/www.suavinex.com\/livingsuavinex\/wp-json\/wp\/v2\/types\/post"}],"author":[{"embeddable":true,"href":"https:\/\/www.suavinex.com\/livingsuavinex\/wp-json\/wp\/v2\/users\/295"}],"replies":[{"embeddable":true,"href":"https:\/\/www.suavinex.com\/livingsuavinex\/wp-json\/wp\/v2\/comments?post=42072"}],"version-history":[{"count":2,"href":"https:\/\/www.suavinex.com\/livingsuavinex\/wp-json\/wp\/v2\/posts\/42072\/revisions"}],"predecessor-version":[{"id":45796,"href":"https:\/\/www.suavinex.com\/livingsuavinex\/wp-json\/wp\/v2\/posts\/42072\/revisions\/45796"}],"wp:featuredmedia":[{"embeddable":true,"href":"https:\/\/www.suavinex.com\/livingsuavinex\/wp-json\/wp\/v2\/media\/42074"}],"wp:attachment":[{"href":"https:\/\/www.suavinex.com\/livingsuavinex\/wp-json\/wp\/v2\/media?parent=42072"}],"wp:term":[{"taxonomy":"category","embeddable":true,"href":"https:\/\/www.suavinex.com\/livingsuavinex\/wp-json\/wp\/v2\/categories?post=42072"},{"taxonomy":"post_tag","embeddable":true,"href":"https:\/\/www.suavinex.com\/livingsuavinex\/wp-json\/wp\/v2\/tags?post=42072"}],"curies":[{"name":"wp","href":"https:\/\/api.w.org\/{rel}","templated":true}]}}