{"id":42045,"date":"2021-10-07T11:30:12","date_gmt":"2021-10-07T09:30:12","guid":{"rendered":"https:\/\/www.suavinex.com\/livingsuavinex\/?p=42045"},"modified":"2021-10-07T13:27:47","modified_gmt":"2021-10-07T11:27:47","slug":"estres-en-el-embarazo-como-puede-afectar-a-mi-bebe","status":"publish","type":"post","link":"https:\/\/www.suavinex.com\/livingsuavinex\/estres-en-el-embarazo-como-puede-afectar-a-mi-bebe\/","title":{"rendered":"Estr\u00e9s en el embarazo: \u00bfc\u00f3mo puede afectar a mi beb\u00e9?"},"content":{"rendered":"<p>A lo largo del embarazo son muchos los s\u00edntomas que puedes sufrir, <a href=\"https:\/\/www.suavinex.com\/livingsuavinex\/nauseas_embarazo\/\">desde n\u00e1useas en el embarazo<\/a>, <a href=\"https:\/\/www.suavinex.com\/livingsuavinex\/estrenimiento-suelo-pelvico\/\">estre\u00f1imiento<\/a>, <a href=\"https:\/\/www.suavinex.com\/livingsuavinex\/insomnio-embarazo\/\">insomnio<\/a>\u2026 Algunas de estas afecciones pueden provocar algunas consecuencias en tu d\u00eda a d\u00eda, pero hay otros aspectos como puede ser el estr\u00e9s en el embarazo que adem\u00e1s de ocasionar alguna consecuencia en el cuerpo de la madre puede hacerlo tambi\u00e9n en el desarrollo del beb\u00e9.<\/p>\n<p>Es verdad que cada cuerpo es un mundo y por eso mismo, cada embarazo puede ser de una u otra manera. El estr\u00e9s es un sentimiento muy com\u00fan en nuestro d\u00eda a d\u00eda, pero tambi\u00e9n a lo largo del embarazo pues la transformaci\u00f3n del cuerpo y los malestares f\u00edsicos pueden ocasionar estr\u00e9s.<\/p>\n<p>Te ofrecemos toda la informaci\u00f3n sobre los diferentes tipos de estr\u00e9s, sobre todo porque algunos pueden causar problemas de salud. Muy atenta a todo lo que te contamos.<\/p>\n<h2 style=\"text-align: center;\"><strong>\u00bfQu\u00e9 causa el estr\u00e9s en el embarazo?<\/strong><\/h2>\n<p><img loading=\"lazy\" decoding=\"async\" class=\"wp-image-41063 size-medium alignright\" src=\"https:\/\/www.suavinex.com\/livingsuavinex\/wp-content\/uploads\/2020\/06\/insomnio-en-el-embarazo_5-300x300.jpg\" alt=\"insomnio embarazo\" width=\"300\" height=\"300\" srcset=\"https:\/\/www.suavinex.com\/livingsuavinex\/wp-content\/uploads\/2020\/06\/insomnio-en-el-embarazo_5-300x300.jpg 300w, https:\/\/www.suavinex.com\/livingsuavinex\/wp-content\/uploads\/2020\/06\/insomnio-en-el-embarazo_5-150x150.jpg 150w, https:\/\/www.suavinex.com\/livingsuavinex\/wp-content\/uploads\/2020\/06\/insomnio-en-el-embarazo_5-66x66.jpg 66w, https:\/\/www.suavinex.com\/livingsuavinex\/wp-content\/uploads\/2020\/06\/insomnio-en-el-embarazo_5-200x200.jpg 200w, https:\/\/www.suavinex.com\/livingsuavinex\/wp-content\/uploads\/2020\/06\/insomnio-en-el-embarazo_5-400x400.jpg 400w, https:\/\/www.suavinex.com\/livingsuavinex\/wp-content\/uploads\/2020\/06\/insomnio-en-el-embarazo_5.jpg 600w\" sizes=\"auto, (max-width: 300px) 100vw, 300px\" \/>Dependiendo del cuerpo de cada embarazada, el estr\u00e9s puede ocasionarse por unas u otras causas. Antes de comentarte cu\u00e1les son las m\u00e1s comunes, indicarte que siempre ante cualquier problema durante el embarazo es necesario acudir al m\u00e9dico para recibir el tratamiento m\u00e1s adecuado.<\/p>\n<p>A\u00fan as\u00ed, los principales causantes de la ansiedad y estr\u00e9s en el embarazo son:<\/p>\n<ul>\n<li>Una vida muy ajetreada, adem\u00e1s, cualquier momento o suceso inesperado del d\u00eda a d\u00eda puede provocar estr\u00e9s en cualquier tipo de persona, incluidas las embarazadas.<\/li>\n<li>Algunos malestares que se producen durante el embarazo como las n\u00e1useas, el dolor de espalda, el estre\u00f1imiento, el insomnio que produce cansancio\u2026<\/li>\n<li>Las preocupaciones sobre c\u00f3mo ser\u00e1 el parto o c\u00f3mo cuidar\u00e9is o educar\u00e9is al beb\u00e9 tambi\u00e9n puede provocar cierto estr\u00e9s en tu d\u00eda a d\u00eda durante el embarazo.<\/li>\n<li>Los cambios en el estado de \u00e1nimo provocados por las <a href=\"https:\/\/www.suavinex.com\/livingsuavinex\/parto-hormonas\/\">hormonas<\/a> pueden potenciar el estr\u00e9s.<\/li>\n<li>Otra de las causas m\u00e1s comunes el trabajo, ya que deber\u00e1s seguir con las responsabilidades laborales e incluso ir dejando las tareas cerradas antes de la <a href=\"https:\/\/www.suavinex.com\/livingsuavinex\/baja-maternal\/\">baja maternal<\/a>.<\/li>\n<\/ul>\n<p>En principio, ya sufras estr\u00e9s en el <a href=\"https:\/\/www.suavinex.com\/livingsuavinex\/primer-trimestre-de-embarazo-sintomas-y-molestias-habituales\/\">primer trimestre de embarazo<\/a> o sufras estr\u00e9s en el <a href=\"https:\/\/www.suavinex.com\/livingsuavinex\/tercer-trimestre-de-embarazo-sintomas-habituales\/\">tercer trimestre de embarazo<\/a>, debes saber que si lo llegas a controlar no deber\u00e1 suponer ning\u00fan tipo de problema de salud.<\/p>\n<p>En cambio, hay varios tipos de estr\u00e9s graves que pueden ocasionar ciertos problemas como puede ser la tensi\u00f3n arterial alta, inducir a un <a href=\"https:\/\/www.suavinex.com\/livingsuavinex\/parto-prematuro-sintomas-y-causas\/\">parto prematuro<\/a>\u2026. Por lo que, si sufres de estr\u00e9s grave por alguno suceso negativo, por tener estr\u00e9s de larga duraci\u00f3n diagnosticado u otras enfermedades como la depresi\u00f3n o ansiedad, lo mejor es hablar con un profesional m\u00e9dico para que pueda ayudarte durante los meses de embarazo.<\/p>\n<h2 style=\"text-align: center;\"><strong>\u00bfC\u00f3mo afecta al feto el estr\u00e9s del embarazo?<\/strong><\/h2>\n<p>Son muchas las investigaciones que podemos encontrar que se centran en el estudio de los efectos del estr\u00e9s en el embarazo. La mayor\u00eda recalca como el estr\u00e9s que se va acumulando y llega a alcanzar un alto grado, s\u00ed que puede provocar ciertos efectos negativos en el futuro del beb\u00e9.<\/p>\n<p>Entre los problemas m\u00e1s comunes que pueden afectar al desarrollo del beb\u00e9 debido al estr\u00e9s podemos hablar de los siguientes casos:<\/p>\n<ul>\n<li><strong>Parto prematuro o complicaciones durante el parto<\/strong>: debido a las hormonas que se van liberando durante un episodio de estr\u00e9s, se pueden ocasionar ciertos riesgos durante el parto o sufrir un parto antes de lo previsto. En el caso del <a href=\"https:\/\/www.suavinex.com\/livingsuavinex\/bebe-prematuro\/\">beb\u00e9 prematuro<\/a>, se tratar\u00e1 de un <a href=\"https:\/\/www.suavinex.com\/livingsuavinex\/que-es-un-neonato\/\">neonato<\/a> con bajo peso al nacer y que incluso necesite pasar unos d\u00edas en la incubadora para que se siga desarrollando por completo.<\/li>\n<li><a href=\"https:\/\/www.suavinex.com\/livingsuavinex\/que-es-un-aborto-espontaneo-causas-y-sintomas\/\"><strong>Aborto espont\u00e1neo<\/strong><\/a>: en algunos estudios se pudo demostrar c\u00f3mo alg\u00fan hecho inesperado como la muerte de un familiar durante el primer trimestre, podr\u00eda estar asociado a sufrir un aborto espont\u00e1neo debido a los altos niveles de hidrocortisona, hormona que se provoca por el estr\u00e9s.<\/li>\n<li><strong>Problemas en el desarrollo intelectual del beb\u00e9<\/strong>: otros de los problemas que puede sufrir el beb\u00e9 es un mal desarrollo cognitivo o intelectual. Son muchos los estudios que recogen que el estr\u00e9s en el embarazo puede ocasionar efectos a largo plazo en el desarrollo intelectual del beb\u00e9, sobre todo en las \u00e1reas relacionadas con el lenguaje y las habilidades verbales.<\/li>\n<li><strong>Problemas en el desarrollo emocional o social del beb\u00e9<\/strong>: otra de las conclusiones de algunas investigaciones es que la ansiedad durante el embarazo puede provocar problemas emocionales, de atenci\u00f3n y de hiperactividad, lo que puede afectar a la vida social del peque\u00f1o.<\/li>\n<\/ul>\n<p>Asimismo, la madre tambi\u00e9n puede sufrir <a href=\"https:\/\/www.suavinex.com\/livingsuavinex\/diabetes-gestacional\/\">diabetes gestacional<\/a> por no comer lo suficiente o comer de m\u00e1s debido a la ansiedad y el estr\u00e9s. Incluso el estr\u00e9s puede hacer que la madre cuente con una presi\u00f3n arterial alta a lo largo del embarazo, lo que puede ocasionar <a href=\"https:\/\/www.suavinex.com\/livingsuavinex\/preeclampsia-embarazo\/\">preeclampsia<\/a>, as\u00ed como el parto prematuro o el aborto espont\u00e1neo como hemos nombrado.<\/p>\n<h2 style=\"text-align: center;\"><strong>\u00bfQu\u00e9 tomar para reducir el estr\u00e9s en el embarazo?<\/strong><\/h2>\n<p><img loading=\"lazy\" decoding=\"async\" class=\"alignright wp-image-41137 size-medium\" src=\"https:\/\/www.suavinex.com\/livingsuavinex\/wp-content\/uploads\/2020\/08\/monitores-embarazo_3-300x300.jpg\" alt=\"monitores embarazo\" width=\"300\" height=\"300\" srcset=\"https:\/\/www.suavinex.com\/livingsuavinex\/wp-content\/uploads\/2020\/08\/monitores-embarazo_3-300x300.jpg 300w, https:\/\/www.suavinex.com\/livingsuavinex\/wp-content\/uploads\/2020\/08\/monitores-embarazo_3-150x150.jpg 150w, https:\/\/www.suavinex.com\/livingsuavinex\/wp-content\/uploads\/2020\/08\/monitores-embarazo_3-66x66.jpg 66w, https:\/\/www.suavinex.com\/livingsuavinex\/wp-content\/uploads\/2020\/08\/monitores-embarazo_3-200x200.jpg 200w, https:\/\/www.suavinex.com\/livingsuavinex\/wp-content\/uploads\/2020\/08\/monitores-embarazo_3-400x400.jpg 400w, https:\/\/www.suavinex.com\/livingsuavinex\/wp-content\/uploads\/2020\/08\/monitores-embarazo_3.jpg 600w\" sizes=\"auto, (max-width: 300px) 100vw, 300px\" \/>Si llevas una vida muy ajetreada, seguro que est\u00e1s prensando c\u00f3mo quitar el estr\u00e9s en el embarazo para evitar las posibles consecuencias. Pues para disfrutar del embarazo en todos sus sentidos y no tener que preocuparte por el nivel de estr\u00e9s, puedes reducirlo mediante las siguientes t\u00e9cnicas:<\/p>\n<ul>\n<li><strong>Mantener un buen estado de salud<\/strong>: para ello es inevitable alimentarse adecuadamente con alimentos sanos, dormir las horas suficientes y hacer ejercicios f\u00edsicos para prevenir los malestares tan comunes del embarazo y conseguir reducir el estr\u00e9s del d\u00eda a d\u00eda. Adem\u00e1s, es importante no tomar caf\u00e9, alcohol o tabaco en la rutina diaria para evitar otros posibles efectos en el beb\u00e9.<\/li>\n<li><strong>Reducir actividades que no son necesarias<\/strong>: en este tipo de actividades podemos encontrar realizar la compra, hacer las tareas del hogar, los recados del d\u00eda a d\u00eda\u2026 Para ello siempre puedes apoyarte en tu pareja o en tus seres queridos.<\/li>\n<li><strong>Probar actividades de relajaci\u00f3n<\/strong>: algunas actividades como la meditaci\u00f3n o el <a href=\"https:\/\/www.suavinex.com\/livingsuavinex\/yoga-embarazo\/\">yoga en el embarazo<\/a> sirven para relajar el cuerpo y la mente.<\/li>\n<li><strong>Asistir a clases de <\/strong><a href=\"https:\/\/www.suavinex.com\/livingsuavinex\/preparacion-al-parto\/\"><strong>preparaci\u00f3n al parto<\/strong><\/a>: gracias a este tipo de formaci\u00f3n aprendes los distintos m\u00e9todos de respiraci\u00f3n y relajaci\u00f3n que garantizan un parto m\u00e1s tranquilo y en el que estar\u00e1s mucho m\u00e1s preparada.<\/li>\n<li><strong>Planificarse la jornada laboral antes de cogerse la baja por maternidad<\/strong>: para evitar o reducir el estr\u00e9s laboral, es importante que te apoyes en tus compa\u00f1eros de trabajo y organices las tareas para el d\u00eda en el que tengas que coger la baja maternal. De esta forma tendr\u00e1s todo m\u00e1s controlado, evitando momentos de estr\u00e9s.<\/li>\n<\/ul>\n<p>Ahora que ya conoces las consecuencias del estr\u00e9s en el embarazo, es importante que mantengas una vida tranquila dentro de tus posibilidades. Asimismo, ante cualquier problema siempre es aconsejable acudir al m\u00e9dico para que poder recibir la atenci\u00f3n sanitaria m\u00e1s recomendable para tu caso.<\/p>\n<p>\u00bfConoc\u00edas todo lo que puede ocasionar sufrir estr\u00e9s durante el embarazo?<\/p>\n<p>Fuentes<\/p>\n<p><a href=\"https:\/\/www.natalben.com\/embarazo-estres-como-afecta-embarazada-bebe\">C\u00f3mo afecta al beb\u00e9 el estr\u00e9s de la madre<\/a> \u2013 Natalben<\/p>\n<p><a href=\"https:\/\/nacersano.marchofdimes.org\/embarazo\/estres.aspx\">Cambios emocionales \u2013 Estr\u00e9s<\/a> &#8211; Nacersano<\/p>\n<p>&nbsp;<\/p>\n<p>&nbsp;<\/p>\n","protected":false},"excerpt":{"rendered":"A lo largo del embarazo son muchos los s\u00edntomas que puedes sufrir, desde n\u00e1useas en el embarazo, estre\u00f1imiento, insomnio\u2026 Algunas de estas afecciones pueden provocar algunas consecuencias en tu d\u00eda a d\u00eda, pero hay otros aspectos como puede ser el estr\u00e9s en el embarazo que adem\u00e1s de ocasionar alguna consecuencia&#8230; <a class=\"view-article\" href=\"https:\/\/www.suavinex.com\/livingsuavinex\/estres-en-el-embarazo-como-puede-afectar-a-mi-bebe\/\">Ver art\u00edculo<\/a>","protected":false},"author":295,"featured_media":42046,"comment_status":"closed","ping_status":"open","sticky":false,"template":"","format":"standard","meta":{"inline_featured_image":false,"footnotes":""},"categories":[7,2269],"tags":[],"class_list":["post-42045","post","type-post","status-publish","format-standard","has-post-thumbnail","hentry","category-embarazo","category-parenting"],"yoast_head":"<!-- This site is optimized with the Yoast SEO plugin v26.8 - https:\/\/yoast.com\/product\/yoast-seo-wordpress\/ -->\n<title>Estr\u00e9s en el embarazo: \u00bfc\u00f3mo puede afectar a mi beb\u00e9? | Living Suavinex<\/title>\n<meta name=\"description\" content=\"\u00bfSabes c\u00f3mo puede afectar el estr\u00e9s en el embarazo a tu beb\u00e9? Desc\u00fabrelo y conoce las mejores pautar para el embarazo, garantizando la salud de tu peque\u00f1o.\" \/>\n<meta name=\"robots\" content=\"index, follow, max-snippet:-1, max-image-preview:large, max-video-preview:-1\" \/>\n<link rel=\"canonical\" href=\"https:\/\/www.suavinex.com\/livingsuavinex\/estres-en-el-embarazo-como-puede-afectar-a-mi-bebe\/\" \/>\n<meta property=\"og:locale\" content=\"es_ES\" \/>\n<meta property=\"og:type\" content=\"article\" \/>\n<meta property=\"og:title\" content=\"Estr\u00e9s en el embarazo: \u00bfc\u00f3mo puede afectar a mi beb\u00e9? | Living Suavinex\" \/>\n<meta property=\"og:description\" content=\"\u00bfSabes c\u00f3mo puede afectar el estr\u00e9s en el embarazo a tu beb\u00e9? Desc\u00fabrelo y conoce las mejores pautar para el embarazo, garantizando la salud de tu peque\u00f1o.\" \/>\n<meta property=\"og:url\" content=\"https:\/\/www.suavinex.com\/livingsuavinex\/estres-en-el-embarazo-como-puede-afectar-a-mi-bebe\/\" \/>\n<meta property=\"og:site_name\" content=\"Living Suavinex\" \/>\n<meta property=\"article:publisher\" content=\"https:\/\/www.facebook.com\/SuavinexSpain\" \/>\n<meta property=\"article:published_time\" content=\"2021-10-07T09:30:12+00:00\" \/>\n<meta property=\"article:modified_time\" content=\"2021-10-07T11:27:47+00:00\" \/>\n<meta property=\"og:image\" content=\"https:\/\/www.suavinex.com\/livingsuavinex\/wp-content\/uploads\/2021\/10\/estres-embarazo.jpg\" \/>\n\t<meta property=\"og:image:width\" content=\"1200\" \/>\n\t<meta property=\"og:image:height\" content=\"800\" \/>\n\t<meta property=\"og:image:type\" content=\"image\/jpeg\" \/>\n<meta name=\"author\" content=\"Suavinex Central\" \/>\n<meta name=\"twitter:card\" content=\"summary_large_image\" \/>\n<meta name=\"twitter:creator\" content=\"@SuavinexSpain\" \/>\n<meta name=\"twitter:site\" content=\"@SuavinexSpain\" \/>\n<meta name=\"twitter:label1\" content=\"Escrito por\" \/>\n\t<meta name=\"twitter:data1\" content=\"Suavinex Central\" \/>\n\t<meta name=\"twitter:label2\" content=\"Tiempo de lectura\" \/>\n\t<meta name=\"twitter:data2\" content=\"6 minutos\" \/>\n<script type=\"application\/ld+json\" class=\"yoast-schema-graph\">{\"@context\":\"https:\/\/schema.org\",\"@graph\":[{\"@type\":\"Article\",\"@id\":\"https:\/\/www.suavinex.com\/livingsuavinex\/estres-en-el-embarazo-como-puede-afectar-a-mi-bebe\/#article\",\"isPartOf\":{\"@id\":\"https:\/\/www.suavinex.com\/livingsuavinex\/estres-en-el-embarazo-como-puede-afectar-a-mi-bebe\/\"},\"author\":{\"name\":\"Suavinex Central\",\"@id\":\"https:\/\/www.suavinex.com\/livingsuavinex\/#\/schema\/person\/836d83f4b1821b11b7b47cffd08f1ecb\"},\"headline\":\"Estr\u00e9s en el embarazo: \u00bfc\u00f3mo puede afectar a mi beb\u00e9?\",\"datePublished\":\"2021-10-07T09:30:12+00:00\",\"dateModified\":\"2021-10-07T11:27:47+00:00\",\"mainEntityOfPage\":{\"@id\":\"https:\/\/www.suavinex.com\/livingsuavinex\/estres-en-el-embarazo-como-puede-afectar-a-mi-bebe\/\"},\"wordCount\":1255,\"publisher\":{\"@id\":\"https:\/\/www.suavinex.com\/livingsuavinex\/#organization\"},\"image\":{\"@id\":\"https:\/\/www.suavinex.com\/livingsuavinex\/estres-en-el-embarazo-como-puede-afectar-a-mi-bebe\/#primaryimage\"},\"thumbnailUrl\":\"https:\/\/www.suavinex.com\/livingsuavinex\/wp-content\/uploads\/2021\/10\/estres-embarazo.jpg\",\"articleSection\":[\"Embarazo\",\"Parenting\"],\"inLanguage\":\"es\"},{\"@type\":\"WebPage\",\"@id\":\"https:\/\/www.suavinex.com\/livingsuavinex\/estres-en-el-embarazo-como-puede-afectar-a-mi-bebe\/\",\"url\":\"https:\/\/www.suavinex.com\/livingsuavinex\/estres-en-el-embarazo-como-puede-afectar-a-mi-bebe\/\",\"name\":\"Estr\u00e9s en el embarazo: \u00bfc\u00f3mo puede afectar a mi beb\u00e9? | Living Suavinex\",\"isPartOf\":{\"@id\":\"https:\/\/www.suavinex.com\/livingsuavinex\/#website\"},\"primaryImageOfPage\":{\"@id\":\"https:\/\/www.suavinex.com\/livingsuavinex\/estres-en-el-embarazo-como-puede-afectar-a-mi-bebe\/#primaryimage\"},\"image\":{\"@id\":\"https:\/\/www.suavinex.com\/livingsuavinex\/estres-en-el-embarazo-como-puede-afectar-a-mi-bebe\/#primaryimage\"},\"thumbnailUrl\":\"https:\/\/www.suavinex.com\/livingsuavinex\/wp-content\/uploads\/2021\/10\/estres-embarazo.jpg\",\"datePublished\":\"2021-10-07T09:30:12+00:00\",\"dateModified\":\"2021-10-07T11:27:47+00:00\",\"description\":\"\u00bfSabes c\u00f3mo puede afectar el estr\u00e9s en el embarazo a tu beb\u00e9? Desc\u00fabrelo y conoce las mejores pautar para el embarazo, garantizando la salud de tu peque\u00f1o.\",\"breadcrumb\":{\"@id\":\"https:\/\/www.suavinex.com\/livingsuavinex\/estres-en-el-embarazo-como-puede-afectar-a-mi-bebe\/#breadcrumb\"},\"inLanguage\":\"es\",\"potentialAction\":[{\"@type\":\"ReadAction\",\"target\":[\"https:\/\/www.suavinex.com\/livingsuavinex\/estres-en-el-embarazo-como-puede-afectar-a-mi-bebe\/\"]}]},{\"@type\":\"ImageObject\",\"inLanguage\":\"es\",\"@id\":\"https:\/\/www.suavinex.com\/livingsuavinex\/estres-en-el-embarazo-como-puede-afectar-a-mi-bebe\/#primaryimage\",\"url\":\"https:\/\/www.suavinex.com\/livingsuavinex\/wp-content\/uploads\/2021\/10\/estres-embarazo.jpg\",\"contentUrl\":\"https:\/\/www.suavinex.com\/livingsuavinex\/wp-content\/uploads\/2021\/10\/estres-embarazo.jpg\",\"width\":1200,\"height\":800,\"caption\":\"estres embarazo\"},{\"@type\":\"BreadcrumbList\",\"@id\":\"https:\/\/www.suavinex.com\/livingsuavinex\/estres-en-el-embarazo-como-puede-afectar-a-mi-bebe\/#breadcrumb\",\"itemListElement\":[{\"@type\":\"ListItem\",\"position\":1,\"name\":\"Portada\",\"item\":\"https:\/\/www.suavinex.com\/livingsuavinex\/\"},{\"@type\":\"ListItem\",\"position\":2,\"name\":\"Estr\u00e9s en el embarazo: \u00bfc\u00f3mo puede afectar a mi beb\u00e9?\"}]},{\"@type\":\"WebSite\",\"@id\":\"https:\/\/www.suavinex.com\/livingsuavinex\/#website\",\"url\":\"https:\/\/www.suavinex.com\/livingsuavinex\/\",\"name\":\"Living Suavinex\",\"description\":\"| Familias reales\",\"publisher\":{\"@id\":\"https:\/\/www.suavinex.com\/livingsuavinex\/#organization\"},\"potentialAction\":[{\"@type\":\"SearchAction\",\"target\":{\"@type\":\"EntryPoint\",\"urlTemplate\":\"https:\/\/www.suavinex.com\/livingsuavinex\/?s={search_term_string}\"},\"query-input\":{\"@type\":\"PropertyValueSpecification\",\"valueRequired\":true,\"valueName\":\"search_term_string\"}}],\"inLanguage\":\"es\"},{\"@type\":\"Organization\",\"@id\":\"https:\/\/www.suavinex.com\/livingsuavinex\/#organization\",\"name\":\"Suavinex\",\"url\":\"https:\/\/www.suavinex.com\/livingsuavinex\/\",\"logo\":{\"@type\":\"ImageObject\",\"inLanguage\":\"es\",\"@id\":\"https:\/\/www.suavinex.com\/livingsuavinex\/#\/schema\/logo\/image\/\",\"url\":\"https:\/\/www.suavinex.com\/livingsuavinex\/wp-content\/uploads\/2018\/07\/living_sx_logo_mvl.png\",\"contentUrl\":\"https:\/\/www.suavinex.com\/livingsuavinex\/wp-content\/uploads\/2018\/07\/living_sx_logo_mvl.png\",\"width\":350,\"height\":70,\"caption\":\"Suavinex\"},\"image\":{\"@id\":\"https:\/\/www.suavinex.com\/livingsuavinex\/#\/schema\/logo\/image\/\"},\"sameAs\":[\"https:\/\/www.facebook.com\/SuavinexSpain\",\"https:\/\/x.com\/SuavinexSpain\",\"https:\/\/www.instagram.com\/suavinex_spain\/\",\"https:\/\/www.pinterest.es\/SuavinexSpain\/\",\"https:\/\/www.youtube.com\/channel\/UCgeJREx2R_ZvV2aQMrfWgcA\"]},{\"@type\":\"Person\",\"@id\":\"https:\/\/www.suavinex.com\/livingsuavinex\/#\/schema\/person\/836d83f4b1821b11b7b47cffd08f1ecb\",\"name\":\"Suavinex Central\",\"image\":{\"@type\":\"ImageObject\",\"inLanguage\":\"es\",\"@id\":\"https:\/\/www.suavinex.com\/livingsuavinex\/#\/schema\/person\/image\/\",\"url\":\"https:\/\/secure.gravatar.com\/avatar\/bd43680b784882668035add29f959967?s=96&d=mm&r=g\",\"contentUrl\":\"https:\/\/secure.gravatar.com\/avatar\/bd43680b784882668035add29f959967?s=96&d=mm&r=g\",\"caption\":\"Suavinex Central\"}}]}<\/script>\n<!-- \/ Yoast SEO plugin. -->","yoast_head_json":{"title":"Estr\u00e9s en el embarazo: \u00bfc\u00f3mo puede afectar a mi beb\u00e9? | Living Suavinex","description":"\u00bfSabes c\u00f3mo puede afectar el estr\u00e9s en el embarazo a tu beb\u00e9? Desc\u00fabrelo y conoce las mejores pautar para el embarazo, garantizando la salud de tu peque\u00f1o.","robots":{"index":"index","follow":"follow","max-snippet":"max-snippet:-1","max-image-preview":"max-image-preview:large","max-video-preview":"max-video-preview:-1"},"canonical":"https:\/\/www.suavinex.com\/livingsuavinex\/estres-en-el-embarazo-como-puede-afectar-a-mi-bebe\/","og_locale":"es_ES","og_type":"article","og_title":"Estr\u00e9s en el embarazo: \u00bfc\u00f3mo puede afectar a mi beb\u00e9? | Living Suavinex","og_description":"\u00bfSabes c\u00f3mo puede afectar el estr\u00e9s en el embarazo a tu beb\u00e9? Desc\u00fabrelo y conoce las mejores pautar para el embarazo, garantizando la salud de tu peque\u00f1o.","og_url":"https:\/\/www.suavinex.com\/livingsuavinex\/estres-en-el-embarazo-como-puede-afectar-a-mi-bebe\/","og_site_name":"Living Suavinex","article_publisher":"https:\/\/www.facebook.com\/SuavinexSpain","article_published_time":"2021-10-07T09:30:12+00:00","article_modified_time":"2021-10-07T11:27:47+00:00","og_image":[{"width":1200,"height":800,"url":"https:\/\/www.suavinex.com\/livingsuavinex\/wp-content\/uploads\/2021\/10\/estres-embarazo.jpg","type":"image\/jpeg"}],"author":"Suavinex Central","twitter_card":"summary_large_image","twitter_creator":"@SuavinexSpain","twitter_site":"@SuavinexSpain","twitter_misc":{"Escrito por":"Suavinex Central","Tiempo de lectura":"6 minutos"},"schema":{"@context":"https:\/\/schema.org","@graph":[{"@type":"Article","@id":"https:\/\/www.suavinex.com\/livingsuavinex\/estres-en-el-embarazo-como-puede-afectar-a-mi-bebe\/#article","isPartOf":{"@id":"https:\/\/www.suavinex.com\/livingsuavinex\/estres-en-el-embarazo-como-puede-afectar-a-mi-bebe\/"},"author":{"name":"Suavinex Central","@id":"https:\/\/www.suavinex.com\/livingsuavinex\/#\/schema\/person\/836d83f4b1821b11b7b47cffd08f1ecb"},"headline":"Estr\u00e9s en el embarazo: \u00bfc\u00f3mo puede afectar a mi beb\u00e9?","datePublished":"2021-10-07T09:30:12+00:00","dateModified":"2021-10-07T11:27:47+00:00","mainEntityOfPage":{"@id":"https:\/\/www.suavinex.com\/livingsuavinex\/estres-en-el-embarazo-como-puede-afectar-a-mi-bebe\/"},"wordCount":1255,"publisher":{"@id":"https:\/\/www.suavinex.com\/livingsuavinex\/#organization"},"image":{"@id":"https:\/\/www.suavinex.com\/livingsuavinex\/estres-en-el-embarazo-como-puede-afectar-a-mi-bebe\/#primaryimage"},"thumbnailUrl":"https:\/\/www.suavinex.com\/livingsuavinex\/wp-content\/uploads\/2021\/10\/estres-embarazo.jpg","articleSection":["Embarazo","Parenting"],"inLanguage":"es"},{"@type":"WebPage","@id":"https:\/\/www.suavinex.com\/livingsuavinex\/estres-en-el-embarazo-como-puede-afectar-a-mi-bebe\/","url":"https:\/\/www.suavinex.com\/livingsuavinex\/estres-en-el-embarazo-como-puede-afectar-a-mi-bebe\/","name":"Estr\u00e9s en el embarazo: \u00bfc\u00f3mo puede afectar a mi beb\u00e9? | Living Suavinex","isPartOf":{"@id":"https:\/\/www.suavinex.com\/livingsuavinex\/#website"},"primaryImageOfPage":{"@id":"https:\/\/www.suavinex.com\/livingsuavinex\/estres-en-el-embarazo-como-puede-afectar-a-mi-bebe\/#primaryimage"},"image":{"@id":"https:\/\/www.suavinex.com\/livingsuavinex\/estres-en-el-embarazo-como-puede-afectar-a-mi-bebe\/#primaryimage"},"thumbnailUrl":"https:\/\/www.suavinex.com\/livingsuavinex\/wp-content\/uploads\/2021\/10\/estres-embarazo.jpg","datePublished":"2021-10-07T09:30:12+00:00","dateModified":"2021-10-07T11:27:47+00:00","description":"\u00bfSabes c\u00f3mo puede afectar el estr\u00e9s en el embarazo a tu beb\u00e9? Desc\u00fabrelo y conoce las mejores pautar para el embarazo, garantizando la salud de tu peque\u00f1o.","breadcrumb":{"@id":"https:\/\/www.suavinex.com\/livingsuavinex\/estres-en-el-embarazo-como-puede-afectar-a-mi-bebe\/#breadcrumb"},"inLanguage":"es","potentialAction":[{"@type":"ReadAction","target":["https:\/\/www.suavinex.com\/livingsuavinex\/estres-en-el-embarazo-como-puede-afectar-a-mi-bebe\/"]}]},{"@type":"ImageObject","inLanguage":"es","@id":"https:\/\/www.suavinex.com\/livingsuavinex\/estres-en-el-embarazo-como-puede-afectar-a-mi-bebe\/#primaryimage","url":"https:\/\/www.suavinex.com\/livingsuavinex\/wp-content\/uploads\/2021\/10\/estres-embarazo.jpg","contentUrl":"https:\/\/www.suavinex.com\/livingsuavinex\/wp-content\/uploads\/2021\/10\/estres-embarazo.jpg","width":1200,"height":800,"caption":"estres embarazo"},{"@type":"BreadcrumbList","@id":"https:\/\/www.suavinex.com\/livingsuavinex\/estres-en-el-embarazo-como-puede-afectar-a-mi-bebe\/#breadcrumb","itemListElement":[{"@type":"ListItem","position":1,"name":"Portada","item":"https:\/\/www.suavinex.com\/livingsuavinex\/"},{"@type":"ListItem","position":2,"name":"Estr\u00e9s en el embarazo: \u00bfc\u00f3mo puede afectar a mi beb\u00e9?"}]},{"@type":"WebSite","@id":"https:\/\/www.suavinex.com\/livingsuavinex\/#website","url":"https:\/\/www.suavinex.com\/livingsuavinex\/","name":"Living Suavinex","description":"| Familias reales","publisher":{"@id":"https:\/\/www.suavinex.com\/livingsuavinex\/#organization"},"potentialAction":[{"@type":"SearchAction","target":{"@type":"EntryPoint","urlTemplate":"https:\/\/www.suavinex.com\/livingsuavinex\/?s={search_term_string}"},"query-input":{"@type":"PropertyValueSpecification","valueRequired":true,"valueName":"search_term_string"}}],"inLanguage":"es"},{"@type":"Organization","@id":"https:\/\/www.suavinex.com\/livingsuavinex\/#organization","name":"Suavinex","url":"https:\/\/www.suavinex.com\/livingsuavinex\/","logo":{"@type":"ImageObject","inLanguage":"es","@id":"https:\/\/www.suavinex.com\/livingsuavinex\/#\/schema\/logo\/image\/","url":"https:\/\/www.suavinex.com\/livingsuavinex\/wp-content\/uploads\/2018\/07\/living_sx_logo_mvl.png","contentUrl":"https:\/\/www.suavinex.com\/livingsuavinex\/wp-content\/uploads\/2018\/07\/living_sx_logo_mvl.png","width":350,"height":70,"caption":"Suavinex"},"image":{"@id":"https:\/\/www.suavinex.com\/livingsuavinex\/#\/schema\/logo\/image\/"},"sameAs":["https:\/\/www.facebook.com\/SuavinexSpain","https:\/\/x.com\/SuavinexSpain","https:\/\/www.instagram.com\/suavinex_spain\/","https:\/\/www.pinterest.es\/SuavinexSpain\/","https:\/\/www.youtube.com\/channel\/UCgeJREx2R_ZvV2aQMrfWgcA"]},{"@type":"Person","@id":"https:\/\/www.suavinex.com\/livingsuavinex\/#\/schema\/person\/836d83f4b1821b11b7b47cffd08f1ecb","name":"Suavinex Central","image":{"@type":"ImageObject","inLanguage":"es","@id":"https:\/\/www.suavinex.com\/livingsuavinex\/#\/schema\/person\/image\/","url":"https:\/\/secure.gravatar.com\/avatar\/bd43680b784882668035add29f959967?s=96&d=mm&r=g","contentUrl":"https:\/\/secure.gravatar.com\/avatar\/bd43680b784882668035add29f959967?s=96&d=mm&r=g","caption":"Suavinex Central"}}]}},"_links":{"self":[{"href":"https:\/\/www.suavinex.com\/livingsuavinex\/wp-json\/wp\/v2\/posts\/42045","targetHints":{"allow":["GET"]}}],"collection":[{"href":"https:\/\/www.suavinex.com\/livingsuavinex\/wp-json\/wp\/v2\/posts"}],"about":[{"href":"https:\/\/www.suavinex.com\/livingsuavinex\/wp-json\/wp\/v2\/types\/post"}],"author":[{"embeddable":true,"href":"https:\/\/www.suavinex.com\/livingsuavinex\/wp-json\/wp\/v2\/users\/295"}],"replies":[{"embeddable":true,"href":"https:\/\/www.suavinex.com\/livingsuavinex\/wp-json\/wp\/v2\/comments?post=42045"}],"version-history":[{"count":3,"href":"https:\/\/www.suavinex.com\/livingsuavinex\/wp-json\/wp\/v2\/posts\/42045\/revisions"}],"predecessor-version":[{"id":42049,"href":"https:\/\/www.suavinex.com\/livingsuavinex\/wp-json\/wp\/v2\/posts\/42045\/revisions\/42049"}],"wp:featuredmedia":[{"embeddable":true,"href":"https:\/\/www.suavinex.com\/livingsuavinex\/wp-json\/wp\/v2\/media\/42046"}],"wp:attachment":[{"href":"https:\/\/www.suavinex.com\/livingsuavinex\/wp-json\/wp\/v2\/media?parent=42045"}],"wp:term":[{"taxonomy":"category","embeddable":true,"href":"https:\/\/www.suavinex.com\/livingsuavinex\/wp-json\/wp\/v2\/categories?post=42045"},{"taxonomy":"post_tag","embeddable":true,"href":"https:\/\/www.suavinex.com\/livingsuavinex\/wp-json\/wp\/v2\/tags?post=42045"}],"curies":[{"name":"wp","href":"https:\/\/api.w.org\/{rel}","templated":true}]}}