{"id":41300,"date":"2020-12-02T13:49:10","date_gmt":"2020-12-02T12:49:10","guid":{"rendered":"https:\/\/www.suavinex.com\/livingsuavinex\/?p=41300"},"modified":"2020-12-02T13:49:45","modified_gmt":"2020-12-02T12:49:45","slug":"piel-atopica","status":"publish","type":"post","link":"https:\/\/www.suavinex.com\/livingsuavinex\/piel-atopica\/","title":{"rendered":"Piel at\u00f3pica del beb\u00e9: todo lo que debes saber"},"content":{"rendered":"<p>Entre los problemas de piel m\u00e1s habituales de los beb\u00e9s se encuentra la<a href=\"https:\/\/www.suavinex.com\/livingsuavinex\/problemas-de-piel-bebes\/\" target=\"_blank\" rel=\"noopener noreferrer\"><strong> dermatitis\u00a0 at\u00f3pica<\/strong><\/a>. No por habitual es m\u00e1s conocida y m\u00e1s sencillo tratar una piel at\u00f3pica. Por eso, como sabemos que puede generarte dudas, vamos a darte algunos<em> tips<\/em> para que cuides de la mejor forma posible la piel de tu beb\u00e9.<\/p>\n<h2>\u00bfQu\u00e9 es la piel at\u00f3pica?<\/h2>\n<p><strong>La piel at\u00f3pica es la que ha perdido su funci\u00f3n de barrera<\/strong> y permite el paso de algunas sustancias que pueden resultar irritantes. Adem\u00e1s, el sistema inmunol\u00f3gico tambi\u00e9n se ve alterado y, al juntar ambos aspectos, se produce la dermatitis. <img loading=\"lazy\" decoding=\"async\" class=\"alignleft size-medium wp-image-41305\" src=\"https:\/\/www.suavinex.com\/livingsuavinex\/wp-content\/uploads\/2020\/12\/pielatopica2-300x300.jpg\" alt=\"piel at\u00f3pica del beb\u00e9\" width=\"300\" height=\"300\" srcset=\"https:\/\/www.suavinex.com\/livingsuavinex\/wp-content\/uploads\/2020\/12\/pielatopica2-300x300.jpg 300w, https:\/\/www.suavinex.com\/livingsuavinex\/wp-content\/uploads\/2020\/12\/pielatopica2-150x150.jpg 150w, https:\/\/www.suavinex.com\/livingsuavinex\/wp-content\/uploads\/2020\/12\/pielatopica2-66x66.jpg 66w, https:\/\/www.suavinex.com\/livingsuavinex\/wp-content\/uploads\/2020\/12\/pielatopica2-200x200.jpg 200w, https:\/\/www.suavinex.com\/livingsuavinex\/wp-content\/uploads\/2020\/12\/pielatopica2-400x400.jpg 400w, https:\/\/www.suavinex.com\/livingsuavinex\/wp-content\/uploads\/2020\/12\/pielatopica2.jpg 600w\" sizes=\"auto, (max-width: 300px) 100vw, 300px\" \/><\/p>\n<p>Seguro que has o\u00eddo hablar de ella muchas veces, y puede que hasta la hayas visto, pero \u00bfcu\u00e1l es la caracter\u00edstica fundamental de la piel at\u00f3pica? \u00bfSabr\u00edas responder a esta pregunta? Esa caracter\u00edstica es la sequedad, que provoca el resto de los s\u00edntomas que tiene asociados: el picor, la descamaci\u00f3n y la irritaci\u00f3n que en muchas ocasiones son evidentes a simple vista.<\/p>\n<h3>\u00bfCu\u00e1les son las causas de la piel at\u00f3pica?<\/h3>\n<p>Entre todas las posibles causas de la piel at\u00f3pica hay una que es la principal y que es dif\u00edcil de controlar: la<strong> predisposici\u00f3n gen\u00e9tica<\/strong>. Si en la familia hay antecedentes de atop\u00eda, tu beb\u00e9 tendr\u00e1 papeletas para tenerla ya que se trata de una <strong>enfermedad cr\u00f3nica y hereditaria<\/strong>.<\/p>\n<p>La piel de tu beb\u00e9 es mucho m\u00e1s fina que la tuya, por lo que se irrita con m\u00e1s facilidad, y tiene un ph m\u00e1s b\u00e1sico, por lo que est\u00e1 menos protegida. Adem\u00e1s, como a\u00fan est\u00e1 en proceso de maduraci\u00f3n, puede dejar que penetre o se escape m\u00e1s agua, por eso puede tender a la deshidrataci\u00f3n.<\/p>\n<p>Otra cuesti\u00f3n que hay que tener en cuenta es que<strong> tu beb\u00e9 a\u00fan no regula bien su temperatura corporal<\/strong>, lo que puede llevarle a desarrollar otra afecci\u00f3n de la piel bastante com\u00fan: la <a href=\"https:\/\/www.suavinex.com\/livingsuavinex\/piel-bebe-sudamina\/\" target=\"_blank\" rel=\"noopener noreferrer\"><strong>sudamina<\/strong><\/a>.<\/p>\n<p>Los<strong> factores ambientales, al\u00e9rgicos y alimenticios<\/strong> tambi\u00e9n pueden tener que ver en el desencadenamiento de la piel at\u00f3pica.<\/p>\n<h3>\u00bfQui\u00e9nes padecen piel at\u00f3pica?<\/h3>\n<p>La piel at\u00f3pica evoluciona seg\u00fan el beb\u00e9 va creciendo, pero en algunos casos persiste en la edad adulta, aunque las lesiones no se presentan en los mismos lugares del cuerpo. En los beb\u00e9s y ni\u00f1os suelen aparecer en las piernas y gl\u00fateos, en las zonas de flexi\u00f3n (rodillas, codos) y en la zona del cuero cabelludo. En los adultos, pueden aparecer en la cara y en el cuerpo.<img loading=\"lazy\" decoding=\"async\" class=\"alignright size-medium wp-image-41306\" src=\"https:\/\/www.suavinex.com\/livingsuavinex\/wp-content\/uploads\/2020\/12\/pielatopica1-300x300.jpg\" alt=\"piel at\u00f3pica del beb\u00e9\" width=\"300\" height=\"300\" srcset=\"https:\/\/www.suavinex.com\/livingsuavinex\/wp-content\/uploads\/2020\/12\/pielatopica1-300x300.jpg 300w, https:\/\/www.suavinex.com\/livingsuavinex\/wp-content\/uploads\/2020\/12\/pielatopica1-150x150.jpg 150w, https:\/\/www.suavinex.com\/livingsuavinex\/wp-content\/uploads\/2020\/12\/pielatopica1-66x66.jpg 66w, https:\/\/www.suavinex.com\/livingsuavinex\/wp-content\/uploads\/2020\/12\/pielatopica1-200x200.jpg 200w, https:\/\/www.suavinex.com\/livingsuavinex\/wp-content\/uploads\/2020\/12\/pielatopica1-400x400.jpg 400w, https:\/\/www.suavinex.com\/livingsuavinex\/wp-content\/uploads\/2020\/12\/pielatopica1.jpg 600w\" sizes=\"auto, (max-width: 300px) 100vw, 300px\" \/><\/p>\n<h2>\u00bfC\u00f3mo cuidar la piel at\u00f3pica?<\/h2>\n<p>Para <strong>cuidar la piel at\u00f3pica de tu beb\u00e9<\/strong>, sigue estas indicaciones:<\/p>\n<ul>\n<li>Son mejores las duchas o los ba\u00f1os cortos.<\/li>\n<li>El agua ha de estar templada, ya que el agua caliente es irritante para la piel.<\/li>\n<li>Seca su piel a toquecitos, sin frotar, ya que eso empeorar\u00eda el cuadro.<\/li>\n<li>Hidrata su piel despu\u00e9s del ba\u00f1o.<\/li>\n<li>Vigila que las u\u00f1as de tu beb\u00e9 est\u00e9n siempre cortas, as\u00ed si se rasca no empeorar\u00e1 las lesiones. Ten a mano unas <a href=\"https:\/\/www.suavinex.com\/bano-y-cuidado-del-bebe\/cosmetica-bebe\/set-manicura-de-bebe-con-termometro-y-esponja-azul-y-verde\/p\/set_manicura_verde\" target=\"_blank\" rel=\"noopener noreferrer\">tijeritas<\/a> espec\u00edficas.<\/li>\n<li>Se recomienda el uso de ropa de algod\u00f3n y fibras naturales.<\/li>\n<li>Trata de mantener al beb\u00e9 a una temperatura estable, para evitar que sude.<\/li>\n<li>Lava la ropa nueva antes de estrenarla, para evitar posibles restos. Hazlo con detergentes espec\u00edficos, que cuiden la piel.<\/li>\n<\/ul>\n<p>\u00bfConoc\u00edas las caracter\u00edsticas de la piel at\u00f3pica? \u00bfY sus cuidados?<\/p>\n<hr \/>\n<p>Fuentes:<\/p>\n<p><a href=\"https:\/\/cuidateplus.marca.com\/belleza-y-piel\/diccionario\/piel-atopica.html\" target=\"_blank\" rel=\"noopener noreferrer\">Piel at\u00f3pica<\/a>. CuidatePlus<\/p>\n<p><a href=\"https:\/\/www.leti.com\/vivetupiel\/dermatitis-atopica-bebes\/\" target=\"_blank\" rel=\"noopener noreferrer\">Dermatitis at\u00f3pica en beb\u00e9s<\/a>. Leti<\/p>\n","protected":false},"excerpt":{"rendered":"Entre los problemas de piel m\u00e1s habituales de los beb\u00e9s se encuentra la dermatitis\u00a0 at\u00f3pica. No por habitual es m\u00e1s conocida y m\u00e1s sencillo tratar una piel at\u00f3pica. Por eso, como sabemos que puede generarte dudas, vamos a darte algunos tips para que cuides de la mejor forma posible la&#8230; <a class=\"view-article\" href=\"https:\/\/www.suavinex.com\/livingsuavinex\/piel-atopica\/\">Ver art\u00edculo<\/a>","protected":false},"author":295,"featured_media":41307,"comment_status":"open","ping_status":"open","sticky":false,"template":"","format":"standard","meta":{"inline_featured_image":false,"footnotes":""},"categories":[2272],"tags":[234,76,944],"class_list":["post-41300","post","type-post","status-publish","format-standard","has-post-thumbnail","hentry","category-tips-crianza","tag-bebe","tag-cuidados","tag-salud"],"yoast_head":"<!-- This site is optimized with the Yoast SEO plugin v26.8 - https:\/\/yoast.com\/product\/yoast-seo-wordpress\/ -->\n<title>Piel at\u00f3pica del beb\u00e9: todo lo que debes saber | Living Suavinex<\/title>\n<meta name=\"robots\" content=\"index, follow, max-snippet:-1, max-image-preview:large, max-video-preview:-1\" \/>\n<link rel=\"canonical\" href=\"https:\/\/www.suavinex.com\/livingsuavinex\/piel-atopica\/\" \/>\n<meta property=\"og:locale\" content=\"es_ES\" \/>\n<meta property=\"og:type\" content=\"article\" \/>\n<meta property=\"og:title\" content=\"Piel at\u00f3pica del beb\u00e9: todo lo que debes saber | Living Suavinex\" \/>\n<meta property=\"og:description\" content=\"Entre los problemas de piel m\u00e1s habituales de los beb\u00e9s se encuentra la dermatitis\u00a0 at\u00f3pica. No por habitual es m\u00e1s conocida y m\u00e1s sencillo tratar una piel at\u00f3pica. Por eso, como sabemos que puede generarte dudas, vamos a darte algunos tips para que cuides de la mejor forma posible la... Ver art\u00edculo\" \/>\n<meta property=\"og:url\" content=\"https:\/\/www.suavinex.com\/livingsuavinex\/piel-atopica\/\" \/>\n<meta property=\"og:site_name\" content=\"Living Suavinex\" \/>\n<meta property=\"article:publisher\" content=\"https:\/\/www.facebook.com\/SuavinexSpain\" \/>\n<meta property=\"article:published_time\" content=\"2020-12-02T12:49:10+00:00\" \/>\n<meta property=\"article:modified_time\" content=\"2020-12-02T12:49:45+00:00\" \/>\n<meta property=\"og:image\" content=\"https:\/\/www.suavinex.com\/livingsuavinex\/wp-content\/uploads\/2020\/12\/pielatopica.jpg\" \/>\n\t<meta property=\"og:image:width\" content=\"875\" \/>\n\t<meta property=\"og:image:height\" content=\"526\" \/>\n\t<meta property=\"og:image:type\" content=\"image\/jpeg\" \/>\n<meta name=\"author\" content=\"Suavinex Central\" \/>\n<meta name=\"twitter:card\" content=\"summary_large_image\" \/>\n<meta name=\"twitter:creator\" content=\"@SuavinexSpain\" \/>\n<meta name=\"twitter:site\" content=\"@SuavinexSpain\" \/>\n<meta name=\"twitter:label1\" content=\"Escrito por\" \/>\n\t<meta name=\"twitter:data1\" content=\"Suavinex Central\" \/>\n\t<meta name=\"twitter:label2\" content=\"Tiempo de lectura\" \/>\n\t<meta name=\"twitter:data2\" content=\"3 minutos\" \/>\n<script type=\"application\/ld+json\" class=\"yoast-schema-graph\">{\"@context\":\"https:\/\/schema.org\",\"@graph\":[{\"@type\":\"Article\",\"@id\":\"https:\/\/www.suavinex.com\/livingsuavinex\/piel-atopica\/#article\",\"isPartOf\":{\"@id\":\"https:\/\/www.suavinex.com\/livingsuavinex\/piel-atopica\/\"},\"author\":{\"name\":\"Suavinex Central\",\"@id\":\"https:\/\/www.suavinex.com\/livingsuavinex\/#\/schema\/person\/836d83f4b1821b11b7b47cffd08f1ecb\"},\"headline\":\"Piel at\u00f3pica del beb\u00e9: todo lo que debes saber\",\"datePublished\":\"2020-12-02T12:49:10+00:00\",\"dateModified\":\"2020-12-02T12:49:45+00:00\",\"mainEntityOfPage\":{\"@id\":\"https:\/\/www.suavinex.com\/livingsuavinex\/piel-atopica\/\"},\"wordCount\":623,\"commentCount\":0,\"publisher\":{\"@id\":\"https:\/\/www.suavinex.com\/livingsuavinex\/#organization\"},\"image\":{\"@id\":\"https:\/\/www.suavinex.com\/livingsuavinex\/piel-atopica\/#primaryimage\"},\"thumbnailUrl\":\"https:\/\/www.suavinex.com\/livingsuavinex\/wp-content\/uploads\/2020\/12\/pielatopica.jpg\",\"keywords\":[\"Beb\u00e9\",\"Cuidados\",\"Salud\"],\"articleSection\":[\"Tips de crianza\"],\"inLanguage\":\"es\"},{\"@type\":\"WebPage\",\"@id\":\"https:\/\/www.suavinex.com\/livingsuavinex\/piel-atopica\/\",\"url\":\"https:\/\/www.suavinex.com\/livingsuavinex\/piel-atopica\/\",\"name\":\"Piel at\u00f3pica del beb\u00e9: todo lo que debes saber | Living Suavinex\",\"isPartOf\":{\"@id\":\"https:\/\/www.suavinex.com\/livingsuavinex\/#website\"},\"primaryImageOfPage\":{\"@id\":\"https:\/\/www.suavinex.com\/livingsuavinex\/piel-atopica\/#primaryimage\"},\"image\":{\"@id\":\"https:\/\/www.suavinex.com\/livingsuavinex\/piel-atopica\/#primaryimage\"},\"thumbnailUrl\":\"https:\/\/www.suavinex.com\/livingsuavinex\/wp-content\/uploads\/2020\/12\/pielatopica.jpg\",\"datePublished\":\"2020-12-02T12:49:10+00:00\",\"dateModified\":\"2020-12-02T12:49:45+00:00\",\"breadcrumb\":{\"@id\":\"https:\/\/www.suavinex.com\/livingsuavinex\/piel-atopica\/#breadcrumb\"},\"inLanguage\":\"es\",\"potentialAction\":[{\"@type\":\"ReadAction\",\"target\":[\"https:\/\/www.suavinex.com\/livingsuavinex\/piel-atopica\/\"]}]},{\"@type\":\"ImageObject\",\"inLanguage\":\"es\",\"@id\":\"https:\/\/www.suavinex.com\/livingsuavinex\/piel-atopica\/#primaryimage\",\"url\":\"https:\/\/www.suavinex.com\/livingsuavinex\/wp-content\/uploads\/2020\/12\/pielatopica.jpg\",\"contentUrl\":\"https:\/\/www.suavinex.com\/livingsuavinex\/wp-content\/uploads\/2020\/12\/pielatopica.jpg\",\"width\":875,\"height\":526,\"caption\":\"piel at\u00f3pica del beb\u00e9\"},{\"@type\":\"BreadcrumbList\",\"@id\":\"https:\/\/www.suavinex.com\/livingsuavinex\/piel-atopica\/#breadcrumb\",\"itemListElement\":[{\"@type\":\"ListItem\",\"position\":1,\"name\":\"Portada\",\"item\":\"https:\/\/www.suavinex.com\/livingsuavinex\/\"},{\"@type\":\"ListItem\",\"position\":2,\"name\":\"Piel at\u00f3pica del beb\u00e9: todo lo que debes saber\"}]},{\"@type\":\"WebSite\",\"@id\":\"https:\/\/www.suavinex.com\/livingsuavinex\/#website\",\"url\":\"https:\/\/www.suavinex.com\/livingsuavinex\/\",\"name\":\"Living Suavinex\",\"description\":\"| Familias reales\",\"publisher\":{\"@id\":\"https:\/\/www.suavinex.com\/livingsuavinex\/#organization\"},\"potentialAction\":[{\"@type\":\"SearchAction\",\"target\":{\"@type\":\"EntryPoint\",\"urlTemplate\":\"https:\/\/www.suavinex.com\/livingsuavinex\/?s={search_term_string}\"},\"query-input\":{\"@type\":\"PropertyValueSpecification\",\"valueRequired\":true,\"valueName\":\"search_term_string\"}}],\"inLanguage\":\"es\"},{\"@type\":\"Organization\",\"@id\":\"https:\/\/www.suavinex.com\/livingsuavinex\/#organization\",\"name\":\"Suavinex\",\"url\":\"https:\/\/www.suavinex.com\/livingsuavinex\/\",\"logo\":{\"@type\":\"ImageObject\",\"inLanguage\":\"es\",\"@id\":\"https:\/\/www.suavinex.com\/livingsuavinex\/#\/schema\/logo\/image\/\",\"url\":\"https:\/\/www.suavinex.com\/livingsuavinex\/wp-content\/uploads\/2018\/07\/living_sx_logo_mvl.png\",\"contentUrl\":\"https:\/\/www.suavinex.com\/livingsuavinex\/wp-content\/uploads\/2018\/07\/living_sx_logo_mvl.png\",\"width\":350,\"height\":70,\"caption\":\"Suavinex\"},\"image\":{\"@id\":\"https:\/\/www.suavinex.com\/livingsuavinex\/#\/schema\/logo\/image\/\"},\"sameAs\":[\"https:\/\/www.facebook.com\/SuavinexSpain\",\"https:\/\/x.com\/SuavinexSpain\",\"https:\/\/www.instagram.com\/suavinex_spain\/\",\"https:\/\/www.pinterest.es\/SuavinexSpain\/\",\"https:\/\/www.youtube.com\/channel\/UCgeJREx2R_ZvV2aQMrfWgcA\"]},{\"@type\":\"Person\",\"@id\":\"https:\/\/www.suavinex.com\/livingsuavinex\/#\/schema\/person\/836d83f4b1821b11b7b47cffd08f1ecb\",\"name\":\"Suavinex Central\",\"image\":{\"@type\":\"ImageObject\",\"inLanguage\":\"es\",\"@id\":\"https:\/\/www.suavinex.com\/livingsuavinex\/#\/schema\/person\/image\/\",\"url\":\"https:\/\/secure.gravatar.com\/avatar\/bd43680b784882668035add29f959967?s=96&d=mm&r=g\",\"contentUrl\":\"https:\/\/secure.gravatar.com\/avatar\/bd43680b784882668035add29f959967?s=96&d=mm&r=g\",\"caption\":\"Suavinex Central\"}}]}<\/script>\n<!-- \/ Yoast SEO plugin. -->","yoast_head_json":{"title":"Piel at\u00f3pica del beb\u00e9: todo lo que debes saber | Living Suavinex","robots":{"index":"index","follow":"follow","max-snippet":"max-snippet:-1","max-image-preview":"max-image-preview:large","max-video-preview":"max-video-preview:-1"},"canonical":"https:\/\/www.suavinex.com\/livingsuavinex\/piel-atopica\/","og_locale":"es_ES","og_type":"article","og_title":"Piel at\u00f3pica del beb\u00e9: todo lo que debes saber | Living Suavinex","og_description":"Entre los problemas de piel m\u00e1s habituales de los beb\u00e9s se encuentra la dermatitis\u00a0 at\u00f3pica. No por habitual es m\u00e1s conocida y m\u00e1s sencillo tratar una piel at\u00f3pica. Por eso, como sabemos que puede generarte dudas, vamos a darte algunos tips para que cuides de la mejor forma posible la... Ver art\u00edculo","og_url":"https:\/\/www.suavinex.com\/livingsuavinex\/piel-atopica\/","og_site_name":"Living Suavinex","article_publisher":"https:\/\/www.facebook.com\/SuavinexSpain","article_published_time":"2020-12-02T12:49:10+00:00","article_modified_time":"2020-12-02T12:49:45+00:00","og_image":[{"width":875,"height":526,"url":"https:\/\/www.suavinex.com\/livingsuavinex\/wp-content\/uploads\/2020\/12\/pielatopica.jpg","type":"image\/jpeg"}],"author":"Suavinex Central","twitter_card":"summary_large_image","twitter_creator":"@SuavinexSpain","twitter_site":"@SuavinexSpain","twitter_misc":{"Escrito por":"Suavinex Central","Tiempo de lectura":"3 minutos"},"schema":{"@context":"https:\/\/schema.org","@graph":[{"@type":"Article","@id":"https:\/\/www.suavinex.com\/livingsuavinex\/piel-atopica\/#article","isPartOf":{"@id":"https:\/\/www.suavinex.com\/livingsuavinex\/piel-atopica\/"},"author":{"name":"Suavinex Central","@id":"https:\/\/www.suavinex.com\/livingsuavinex\/#\/schema\/person\/836d83f4b1821b11b7b47cffd08f1ecb"},"headline":"Piel at\u00f3pica del beb\u00e9: todo lo que debes saber","datePublished":"2020-12-02T12:49:10+00:00","dateModified":"2020-12-02T12:49:45+00:00","mainEntityOfPage":{"@id":"https:\/\/www.suavinex.com\/livingsuavinex\/piel-atopica\/"},"wordCount":623,"commentCount":0,"publisher":{"@id":"https:\/\/www.suavinex.com\/livingsuavinex\/#organization"},"image":{"@id":"https:\/\/www.suavinex.com\/livingsuavinex\/piel-atopica\/#primaryimage"},"thumbnailUrl":"https:\/\/www.suavinex.com\/livingsuavinex\/wp-content\/uploads\/2020\/12\/pielatopica.jpg","keywords":["Beb\u00e9","Cuidados","Salud"],"articleSection":["Tips de crianza"],"inLanguage":"es"},{"@type":"WebPage","@id":"https:\/\/www.suavinex.com\/livingsuavinex\/piel-atopica\/","url":"https:\/\/www.suavinex.com\/livingsuavinex\/piel-atopica\/","name":"Piel at\u00f3pica del beb\u00e9: todo lo que debes saber | Living Suavinex","isPartOf":{"@id":"https:\/\/www.suavinex.com\/livingsuavinex\/#website"},"primaryImageOfPage":{"@id":"https:\/\/www.suavinex.com\/livingsuavinex\/piel-atopica\/#primaryimage"},"image":{"@id":"https:\/\/www.suavinex.com\/livingsuavinex\/piel-atopica\/#primaryimage"},"thumbnailUrl":"https:\/\/www.suavinex.com\/livingsuavinex\/wp-content\/uploads\/2020\/12\/pielatopica.jpg","datePublished":"2020-12-02T12:49:10+00:00","dateModified":"2020-12-02T12:49:45+00:00","breadcrumb":{"@id":"https:\/\/www.suavinex.com\/livingsuavinex\/piel-atopica\/#breadcrumb"},"inLanguage":"es","potentialAction":[{"@type":"ReadAction","target":["https:\/\/www.suavinex.com\/livingsuavinex\/piel-atopica\/"]}]},{"@type":"ImageObject","inLanguage":"es","@id":"https:\/\/www.suavinex.com\/livingsuavinex\/piel-atopica\/#primaryimage","url":"https:\/\/www.suavinex.com\/livingsuavinex\/wp-content\/uploads\/2020\/12\/pielatopica.jpg","contentUrl":"https:\/\/www.suavinex.com\/livingsuavinex\/wp-content\/uploads\/2020\/12\/pielatopica.jpg","width":875,"height":526,"caption":"piel at\u00f3pica del beb\u00e9"},{"@type":"BreadcrumbList","@id":"https:\/\/www.suavinex.com\/livingsuavinex\/piel-atopica\/#breadcrumb","itemListElement":[{"@type":"ListItem","position":1,"name":"Portada","item":"https:\/\/www.suavinex.com\/livingsuavinex\/"},{"@type":"ListItem","position":2,"name":"Piel at\u00f3pica del beb\u00e9: todo lo que debes saber"}]},{"@type":"WebSite","@id":"https:\/\/www.suavinex.com\/livingsuavinex\/#website","url":"https:\/\/www.suavinex.com\/livingsuavinex\/","name":"Living Suavinex","description":"| Familias reales","publisher":{"@id":"https:\/\/www.suavinex.com\/livingsuavinex\/#organization"},"potentialAction":[{"@type":"SearchAction","target":{"@type":"EntryPoint","urlTemplate":"https:\/\/www.suavinex.com\/livingsuavinex\/?s={search_term_string}"},"query-input":{"@type":"PropertyValueSpecification","valueRequired":true,"valueName":"search_term_string"}}],"inLanguage":"es"},{"@type":"Organization","@id":"https:\/\/www.suavinex.com\/livingsuavinex\/#organization","name":"Suavinex","url":"https:\/\/www.suavinex.com\/livingsuavinex\/","logo":{"@type":"ImageObject","inLanguage":"es","@id":"https:\/\/www.suavinex.com\/livingsuavinex\/#\/schema\/logo\/image\/","url":"https:\/\/www.suavinex.com\/livingsuavinex\/wp-content\/uploads\/2018\/07\/living_sx_logo_mvl.png","contentUrl":"https:\/\/www.suavinex.com\/livingsuavinex\/wp-content\/uploads\/2018\/07\/living_sx_logo_mvl.png","width":350,"height":70,"caption":"Suavinex"},"image":{"@id":"https:\/\/www.suavinex.com\/livingsuavinex\/#\/schema\/logo\/image\/"},"sameAs":["https:\/\/www.facebook.com\/SuavinexSpain","https:\/\/x.com\/SuavinexSpain","https:\/\/www.instagram.com\/suavinex_spain\/","https:\/\/www.pinterest.es\/SuavinexSpain\/","https:\/\/www.youtube.com\/channel\/UCgeJREx2R_ZvV2aQMrfWgcA"]},{"@type":"Person","@id":"https:\/\/www.suavinex.com\/livingsuavinex\/#\/schema\/person\/836d83f4b1821b11b7b47cffd08f1ecb","name":"Suavinex Central","image":{"@type":"ImageObject","inLanguage":"es","@id":"https:\/\/www.suavinex.com\/livingsuavinex\/#\/schema\/person\/image\/","url":"https:\/\/secure.gravatar.com\/avatar\/bd43680b784882668035add29f959967?s=96&d=mm&r=g","contentUrl":"https:\/\/secure.gravatar.com\/avatar\/bd43680b784882668035add29f959967?s=96&d=mm&r=g","caption":"Suavinex Central"}}]}},"_links":{"self":[{"href":"https:\/\/www.suavinex.com\/livingsuavinex\/wp-json\/wp\/v2\/posts\/41300","targetHints":{"allow":["GET"]}}],"collection":[{"href":"https:\/\/www.suavinex.com\/livingsuavinex\/wp-json\/wp\/v2\/posts"}],"about":[{"href":"https:\/\/www.suavinex.com\/livingsuavinex\/wp-json\/wp\/v2\/types\/post"}],"author":[{"embeddable":true,"href":"https:\/\/www.suavinex.com\/livingsuavinex\/wp-json\/wp\/v2\/users\/295"}],"replies":[{"embeddable":true,"href":"https:\/\/www.suavinex.com\/livingsuavinex\/wp-json\/wp\/v2\/comments?post=41300"}],"version-history":[{"count":3,"href":"https:\/\/www.suavinex.com\/livingsuavinex\/wp-json\/wp\/v2\/posts\/41300\/revisions"}],"predecessor-version":[{"id":41309,"href":"https:\/\/www.suavinex.com\/livingsuavinex\/wp-json\/wp\/v2\/posts\/41300\/revisions\/41309"}],"wp:featuredmedia":[{"embeddable":true,"href":"https:\/\/www.suavinex.com\/livingsuavinex\/wp-json\/wp\/v2\/media\/41307"}],"wp:attachment":[{"href":"https:\/\/www.suavinex.com\/livingsuavinex\/wp-json\/wp\/v2\/media?parent=41300"}],"wp:term":[{"taxonomy":"category","embeddable":true,"href":"https:\/\/www.suavinex.com\/livingsuavinex\/wp-json\/wp\/v2\/categories?post=41300"},{"taxonomy":"post_tag","embeddable":true,"href":"https:\/\/www.suavinex.com\/livingsuavinex\/wp-json\/wp\/v2\/tags?post=41300"}],"curies":[{"name":"wp","href":"https:\/\/api.w.org\/{rel}","templated":true}]}}