{"id":41155,"date":"2024-07-05T10:30:22","date_gmt":"2024-07-05T08:30:22","guid":{"rendered":"https:\/\/www.suavinex.com\/livingsuavinex\/?p=41155"},"modified":"2025-12-15T12:14:42","modified_gmt":"2025-12-15T11:14:42","slug":"alumbramiento","status":"publish","type":"post","link":"https:\/\/www.suavinex.com\/livingsuavinex\/alumbramiento\/","title":{"rendered":"Alumbramiento, la \u00faltima etapa del parto\u00a0"},"content":{"rendered":"\n<p>Ya sabes que el parto se divide en diferentes etapas, cada una de ellas protagonizada por un evento relacionado con la llegada de tu beb\u00e9. En la <a href=\"https:\/\/www.suavinex.com\/livingsuavinex\/dilatacion-en-el-parto-como-se-mide-y-como-saber-si-ha-empezado\/\" target=\"_blank\" rel=\"noreferrer noopener\"><strong>dilataci\u00f3n<\/strong><\/a>, el cuerpo se prepara para que pueda atravesar el\u202f<a href=\"https:\/\/www.suavinex.com\/livingsuavinex\/que-es-canal-parto\/\" target=\"_blank\" rel=\"noreferrer noopener\"><strong>canal de parto<\/strong><\/a>; en el\u202f<a href=\"https:\/\/www.suavinex.com\/livingsuavinex\/expulsivo-etapas-parto\/\" target=\"_blank\" rel=\"noreferrer noopener\"><strong>expulsivo<\/strong><\/a>, le conocer\u00e1s, ya que es la fase que culmina con el nacimiento. Por \u00faltimo, llega el <strong>alumbramiento<\/strong>, cuyo nombre se suele utilizar de forma err\u00f3nea para todo el parto y que esa etapa que a Hollywood siempre se le olvida representar.&nbsp;&nbsp;<\/p>\n\n\n\n<p>Por si pensabas que lo que ocurre en las pel\u00edculas es todo lo que hay, venimos a contarte lo que sucede durante el <strong>parto y alumbramiento<\/strong>.&nbsp;<\/p>\n\n\n\n<h2 class=\"wp-block-heading\">\u00bfQu\u00e9 es el alumbramiento de la placenta?&nbsp;<\/h2>\n\n\n\n<p>El <strong>alumbramiento en el parto<\/strong> es el periodo que transcurre desde que nace tu beb\u00e9 hasta que expulsas la placenta, las membranas y los restos del cord\u00f3n. Se trata, por tanto, del\u202f<strong>alumbramiento de la placenta<\/strong>, aunque se suela acortar el nombre.&nbsp;<\/p>\n\n\n\n<p>La principal diferencia que hay entre parto y alumbramiento (adem\u00e1s de que en el parto se expulsa al beb\u00e9 y en el alumbramiento, la placenta) es que las <a href=\"https:\/\/www.suavinex.com\/livingsuavinex\/contracciones-embarazo\/\" target=\"_blank\" rel=\"noreferrer noopener\"><strong>contracciones<\/strong><\/a> no cesan pero s\u00ed <strong>bajan de intensidad<\/strong>. Son m\u00e1s seguidas y resultan mucho menos dolorosas que las anteriores. El equipo que te acompa\u00f1e, la matrona o el ginec\u00f3logo, te pedir\u00e1 que empujes una vez m\u00e1s para alumbrar la placenta.&nbsp;<\/p>\n\n\n\n<h2 class=\"wp-block-heading\">\u00bfCu\u00e1nto dura el alumbramiento?&nbsp;<\/h2>\n\n\n\n<p>No se puede establecer con exactitud\u202f<strong>cu\u00e1l es la duraci\u00f3n del alumbramiento<\/strong>. Como ocurre con casi todo lo relacionado con los partos, es diferente en cada uno de ellos, incluso aunque se trate de la misma mujer. Se puede decir que\u202f<strong>el periodo de alumbramiento dura entre 10 minutos y una hora<\/strong>, pero, como coment\u00e1bamos, es solo una estimaci\u00f3n.&nbsp;<\/p>\n\n\n\n<h2 class=\"wp-block-heading\">Tratamientos en la fase de alumbramiento&nbsp;<\/h2>\n\n\n\n<p>En cuanto al tratamiento o manejo del alumbramiento del parto, hay tres formas de afrontarlo. Ser\u00e1 el profesional o profesionales de la salud (ginec\u00f3logo o matrona) que te atiendan quienes decidan c\u00f3mo hacerlo.&nbsp;<\/p>\n\n\n\n<ul class=\"wp-block-list\">\n<li>El primer tipo es el\u202f<strong>manejo expectante del alumbramiento<\/strong>, en el que no se interviene y se espera a que se desarrolle de manera natural. Era el m\u00e1s habitual hasta hace unos a\u00f1os.&nbsp;<\/li>\n<\/ul>\n\n\n\n<ul class=\"wp-block-list\">\n<li>En el<strong>\u202ftratamiento activo<\/strong>\u202fo <strong>alumbramiento dirigido<\/strong>, se administra un uterot\u00f3nico (un medicamento) que ayuda a que el \u00fatero comience a contraerse, se pinza el\u202f<a href=\"https:\/\/www.suavinex.com\/livingsuavinex\/cuidados-cordon-umbilical\/\" target=\"_blank\" rel=\"noreferrer noopener\">cord\u00f3n umbilical<\/a>\u202fde forma temprana y se aplica la tracci\u00f3n controlada del cord\u00f3n. El manejo activo sirve para<strong>\u202ftratar de reducir la p\u00e9rdida de sangre<\/strong>\u202fen el momento del parto, algo que ocurre, sobre todo, en pa\u00edses con ingresos bajos. En ellos, las mujeres tienen m\u00e1s probabilidades de tener una dieta inadecuada y presentar anemia, por lo que resulta fundamental controlar un sangrado. Aunque en los pa\u00edses con mayor renta las hemorragias se dan en menor proporci\u00f3n, el manejo activo se ha convertido en algo rutinario en muchos de ellos.&nbsp;<\/li>\n<\/ul>\n\n\n\n<ul class=\"wp-block-list\">\n<li>El<strong>\u202fmanejo mixto del alumbramiento<\/strong>\u202fes aquel en el que se aplica alguna de las t\u00e9cnicas descritas antes, pero no todas.&nbsp;<\/li>\n<\/ul>\n\n\n\n<h2 class=\"wp-block-heading\">\u00bfQu\u00e9 ocurre tras el alumbramiento?&nbsp;<\/h2>\n\n\n\n<p>Cuando hayas alumbrado la placenta, el personal sanitario\u202f<strong>comprobar\u00e1 que no quedan restos dentro<\/strong>. Si los hubiera, tendr\u00edan que ser retirados porque podr\u00edan originar una infecci\u00f3n. A continuaci\u00f3n, la matrona revisar\u00e1 la zona. Si has sufrido alg\u00fan desgarro, o te han practicado una<a href=\"https:\/\/www.suavinex.com\/livingsuavinex\/consejos_episiotomias\/\" target=\"_blank\" rel=\"noreferrer noopener\"><strong>\u202fepisiotom\u00eda<\/strong><\/a>, proceder\u00e1 a suturar y desinfectar la zona genital. Tambi\u00e9n comprobar\u00e1 que no hay un sangrado excesivo, que el \u00fatero se ha contra\u00eddo de forma correcta y valorar\u00e1 la zona del perin\u00e9.&nbsp;<\/p>\n\n\n\n<p>Si el parto se ha desarrollado de forma normal, el alumbramiento de la placenta y todas estas comprobaciones tendr\u00e1n lugar mientras est\u00e9s realizando el\u202f<a href=\"https:\/\/www.suavinex.com\/livingsuavinex\/piel-con-piel\/\" target=\"_blank\" rel=\"noreferrer noopener\"><strong>piel con piel<\/strong><\/a>\u202fcon tu beb\u00e9.&nbsp;<\/p>\n\n\n\n<p>Como puedes ver, ahora que conoces todas las fases, el parto es un momento complicado para cualquier mujer, sin importar como ha sido de f\u00e1cil o dif\u00edcil el embarazo. Si quieres mimar a la reci\u00e9n mama c\u00f3mo se merece y demostrarle que ella tambi\u00e9n importa, reg\u00e1lale la <a href=\"https:\/\/www.suavinex.com\/bano-y-cuidado-del-bebe\/cosmetica-mama\/canastilla-regalo-para-mama-recuperacion-post-parto\/p\/base_canastilla_cuidados_postembarazo\" target=\"_blank\" rel=\"noreferrer noopener\">Canastilla regalo para mam\u00e1<\/a> de Suavinex, una cesta complet\u00edsima con varios productos imprescindibles para su recuperaci\u00f3n post-parto.\u00a0<\/p>\n\n\n<div class=\"carrusel\"><ul class=\"recomendacion\"><li class=\"producto\"><div class=\"wrapProducto\"><a target=\"_blank\" class=\"imagen\" href=\"https:\/\/www.suavinex.com\/bano-y-cuidado-del-bebe\/cosmetica-mama\/canastilla-regalo-para-mama-recuperacion-post-parto\/p\/base_canastilla_cuidados_postembarazo\"><img decoding=\"async\" src=\"https:\/\/www.suavinex.com\/medias\/Canastilla-Mam-Postparto-2025-prod-01.jpg?context=bWFzdGVyfGltYWdlc3wyOTkyODJ8aW1hZ2UvanBlZ3xpbWFnZXMvaDBjL2gyNy84OTI5OTgyODczNjMwLmpwZ3w0YjM2MzU1YTg5MmU3ODBhYWVhZTYxOWIzMzg5Y2E2MjUxYjIyNzBkZWZlMGMyMjFlOWRkNWI0NDY5MzU4M2Uz\"><\/a><div class=\"productname\"><a target=\"_blank\" href=\"https:\/\/www.suavinex.com\/bano-y-cuidado-del-bebe\/cosmetica-mama\/canastilla-regalo-para-mama-recuperacion-post-parto\/p\/base_canastilla_cuidados_postembarazo\">Canastilla Regalo para Mam\u00e1, Recuperaci\u00f3n Post Parto<\/a><div><div class=\"bloquePrecio\"><div class=\"precioProducto\">76.5 \u20ac<\/div><a target=\"_blank\" class=\"ctabuy\" href=\"https:\/\/www.suavinex.com\/bano-y-cuidado-del-bebe\/cosmetica-mama\/canastilla-regalo-para-mama-recuperacion-post-parto\/p\/base_canastilla_cuidados_postembarazo\">COMPRAR<\/a><\/div><\/div><\/li><\/ul><\/div>\n\n\n\n<p>\u00bfConoc\u00edas las caracter\u00edsticas del alumbramiento del parto? \u00bfYa lo has vivido? Cu\u00e9ntanos tu experiencia.&nbsp;<\/p>\n\n\n\n<p><strong>Fuentes:<\/strong>&nbsp;<\/p>\n\n\n\n<p><a href=\"https:\/\/www.cochrane.org\/es\/CD007412\/PREG_parto-de-la-placenta-en-el-periodo-de-alumbramiento-del-trabajo-de-parto\" target=\"_blank\" rel=\"noreferrer noopener nofollow\">Parto de la placenta en el periodo de alumbramiento del trabajo de parto<\/a>. Cochrane&nbsp;<\/p>\n\n\n\n<p><a href=\"https:\/\/www.webconsultas.com\/embarazo\/el-parto\/fases-del-parto\/alumbramiento-1849\" target=\"_blank\" rel=\"noreferrer noopener nofollow\">Fases del parto: el alumbramiento<\/a>\u202f\u2013 Embarazo. Webconsultas&nbsp;<\/p>\n\n\n\n<p><a href=\"https:\/\/es.m.wikipedia.org\/wiki\/Parto\" target=\"_blank\" rel=\"noreferrer noopener nofollow\">Parto. Alumbramiento<\/a>. Wikipedia&nbsp;<\/p>\n\n\n\n<p><a href=\"https:\/\/www.serpadres.es\/parto\/3800.html\" target=\"_blank\" rel=\"noreferrer noopener nofollow\">Cu\u00e1nto dura el parto<\/a>. Ser Padres&nbsp;<\/p>\n\n\n\n<p><a href=\"https:\/\/www.mayoclinic.org\/es\/healthy-lifestyle\/labor-and-delivery\/in-depth\/stages-of-labor\/art-20046545\" target=\"_blank\" rel=\"noreferrer noopener nofollow\" class=\"broken_link\">Las etapas del trabajo de parto y el parto: \u00a1lleg\u00f3 el momento de tener al beb\u00e9!<\/a>\u202fMayo Clinic&nbsp;<\/p>\n","protected":false},"excerpt":{"rendered":"Ya sabes que el parto se divide en diferentes etapas, cada una de ellas protagonizada por un evento relacionado con la llegada de tu beb\u00e9. En la dilataci\u00f3n, el cuerpo se prepara para que pueda atravesar el\u202fcanal de parto; en el\u202fexpulsivo, le conocer\u00e1s, ya que es la fase que culmina&#8230; <a class=\"view-article\" href=\"https:\/\/www.suavinex.com\/livingsuavinex\/alumbramiento\/\">Ver art\u00edculo<\/a>","protected":false},"author":297,"featured_media":45837,"comment_status":"open","ping_status":"open","sticky":false,"template":"","format":"standard","meta":{"inline_featured_image":false,"footnotes":""},"categories":[7],"tags":[234,2251,944],"class_list":["post-41155","post","type-post","status-publish","format-standard","has-post-thumbnail","hentry","category-embarazo","tag-bebe","tag-embarazo","tag-salud"],"yoast_head":"<!-- This site is optimized with the Yoast SEO plugin v26.8 - https:\/\/yoast.com\/product\/yoast-seo-wordpress\/ -->\n<title>Alumbramiento, la \u00faltima etapa del parto\u00a0 | Living Suavinex<\/title>\n<meta name=\"description\" content=\"Por si pensabas que lo que ocurre en las pel\u00edculas es todo lo que hay, venimos a contarte lo que sucede durante el parto y alumbramiento.\" \/>\n<meta name=\"robots\" content=\"index, follow, max-snippet:-1, max-image-preview:large, max-video-preview:-1\" \/>\n<link rel=\"canonical\" href=\"https:\/\/www.suavinex.com\/livingsuavinex\/alumbramiento\/\" \/>\n<meta property=\"og:locale\" content=\"es_ES\" \/>\n<meta property=\"og:type\" content=\"article\" \/>\n<meta property=\"og:title\" content=\"Alumbramiento, la \u00faltima etapa del parto\u00a0 | Living Suavinex\" \/>\n<meta property=\"og:description\" content=\"Por si pensabas que lo que ocurre en las pel\u00edculas es todo lo que hay, venimos a contarte lo que sucede durante el parto y alumbramiento.\" \/>\n<meta property=\"og:url\" content=\"https:\/\/www.suavinex.com\/livingsuavinex\/alumbramiento\/\" \/>\n<meta property=\"og:site_name\" content=\"Living Suavinex\" \/>\n<meta property=\"article:publisher\" content=\"https:\/\/www.facebook.com\/SuavinexSpain\" \/>\n<meta property=\"article:published_time\" content=\"2024-07-05T08:30:22+00:00\" \/>\n<meta property=\"article:modified_time\" content=\"2025-12-15T11:14:42+00:00\" \/>\n<meta property=\"og:image\" content=\"https:\/\/www.suavinex.com\/livingsuavinex\/wp-content\/uploads\/2020\/09\/alumbramiento-fase-final-parto.webp\" \/>\n\t<meta property=\"og:image:width\" content=\"1200\" \/>\n\t<meta property=\"og:image:height\" content=\"800\" \/>\n\t<meta property=\"og:image:type\" content=\"image\/webp\" \/>\n<meta name=\"author\" content=\"Paula Gonzalo\" \/>\n<meta name=\"twitter:card\" content=\"summary_large_image\" \/>\n<meta name=\"twitter:creator\" content=\"@SuavinexSpain\" \/>\n<meta name=\"twitter:site\" content=\"@SuavinexSpain\" \/>\n<meta name=\"twitter:label1\" content=\"Escrito por\" \/>\n\t<meta name=\"twitter:data1\" content=\"Paula Gonzalo\" \/>\n\t<meta name=\"twitter:label2\" content=\"Tiempo de lectura\" \/>\n\t<meta name=\"twitter:data2\" content=\"4 minutos\" \/>\n<script type=\"application\/ld+json\" class=\"yoast-schema-graph\">{\"@context\":\"https:\/\/schema.org\",\"@graph\":[{\"@type\":\"Article\",\"@id\":\"https:\/\/www.suavinex.com\/livingsuavinex\/alumbramiento\/#article\",\"isPartOf\":{\"@id\":\"https:\/\/www.suavinex.com\/livingsuavinex\/alumbramiento\/\"},\"author\":{\"name\":\"Paula Gonzalo\",\"@id\":\"https:\/\/www.suavinex.com\/livingsuavinex\/#\/schema\/person\/adf54053ae070908b6a5293ef8d2c28a\"},\"headline\":\"Alumbramiento, la \u00faltima etapa del parto\u00a0\",\"datePublished\":\"2024-07-05T08:30:22+00:00\",\"dateModified\":\"2025-12-15T11:14:42+00:00\",\"mainEntityOfPage\":{\"@id\":\"https:\/\/www.suavinex.com\/livingsuavinex\/alumbramiento\/\"},\"wordCount\":821,\"commentCount\":0,\"publisher\":{\"@id\":\"https:\/\/www.suavinex.com\/livingsuavinex\/#organization\"},\"image\":{\"@id\":\"https:\/\/www.suavinex.com\/livingsuavinex\/alumbramiento\/#primaryimage\"},\"thumbnailUrl\":\"https:\/\/www.suavinex.com\/livingsuavinex\/wp-content\/uploads\/2020\/09\/alumbramiento-fase-final-parto.webp\",\"keywords\":[\"Beb\u00e9\",\"Embarazo\",\"Salud\"],\"articleSection\":[\"Embarazo\"],\"inLanguage\":\"es\"},{\"@type\":\"WebPage\",\"@id\":\"https:\/\/www.suavinex.com\/livingsuavinex\/alumbramiento\/\",\"url\":\"https:\/\/www.suavinex.com\/livingsuavinex\/alumbramiento\/\",\"name\":\"Alumbramiento, la \u00faltima etapa del parto\u00a0 | Living Suavinex\",\"isPartOf\":{\"@id\":\"https:\/\/www.suavinex.com\/livingsuavinex\/#website\"},\"primaryImageOfPage\":{\"@id\":\"https:\/\/www.suavinex.com\/livingsuavinex\/alumbramiento\/#primaryimage\"},\"image\":{\"@id\":\"https:\/\/www.suavinex.com\/livingsuavinex\/alumbramiento\/#primaryimage\"},\"thumbnailUrl\":\"https:\/\/www.suavinex.com\/livingsuavinex\/wp-content\/uploads\/2020\/09\/alumbramiento-fase-final-parto.webp\",\"datePublished\":\"2024-07-05T08:30:22+00:00\",\"dateModified\":\"2025-12-15T11:14:42+00:00\",\"description\":\"Por si pensabas que lo que ocurre en las pel\u00edculas es todo lo que hay, venimos a contarte lo que sucede durante el parto y alumbramiento.\",\"breadcrumb\":{\"@id\":\"https:\/\/www.suavinex.com\/livingsuavinex\/alumbramiento\/#breadcrumb\"},\"inLanguage\":\"es\",\"potentialAction\":[{\"@type\":\"ReadAction\",\"target\":[\"https:\/\/www.suavinex.com\/livingsuavinex\/alumbramiento\/\"]}]},{\"@type\":\"ImageObject\",\"inLanguage\":\"es\",\"@id\":\"https:\/\/www.suavinex.com\/livingsuavinex\/alumbramiento\/#primaryimage\",\"url\":\"https:\/\/www.suavinex.com\/livingsuavinex\/wp-content\/uploads\/2020\/09\/alumbramiento-fase-final-parto.webp\",\"contentUrl\":\"https:\/\/www.suavinex.com\/livingsuavinex\/wp-content\/uploads\/2020\/09\/alumbramiento-fase-final-parto.webp\",\"width\":1200,\"height\":800,\"caption\":\"Alumbramiento fase final parto\"},{\"@type\":\"BreadcrumbList\",\"@id\":\"https:\/\/www.suavinex.com\/livingsuavinex\/alumbramiento\/#breadcrumb\",\"itemListElement\":[{\"@type\":\"ListItem\",\"position\":1,\"name\":\"Portada\",\"item\":\"https:\/\/www.suavinex.com\/livingsuavinex\/\"},{\"@type\":\"ListItem\",\"position\":2,\"name\":\"Alumbramiento, la \u00faltima etapa del parto\u00a0\"}]},{\"@type\":\"WebSite\",\"@id\":\"https:\/\/www.suavinex.com\/livingsuavinex\/#website\",\"url\":\"https:\/\/www.suavinex.com\/livingsuavinex\/\",\"name\":\"Living Suavinex\",\"description\":\"| Familias reales\",\"publisher\":{\"@id\":\"https:\/\/www.suavinex.com\/livingsuavinex\/#organization\"},\"potentialAction\":[{\"@type\":\"SearchAction\",\"target\":{\"@type\":\"EntryPoint\",\"urlTemplate\":\"https:\/\/www.suavinex.com\/livingsuavinex\/?s={search_term_string}\"},\"query-input\":{\"@type\":\"PropertyValueSpecification\",\"valueRequired\":true,\"valueName\":\"search_term_string\"}}],\"inLanguage\":\"es\"},{\"@type\":\"Organization\",\"@id\":\"https:\/\/www.suavinex.com\/livingsuavinex\/#organization\",\"name\":\"Suavinex\",\"url\":\"https:\/\/www.suavinex.com\/livingsuavinex\/\",\"logo\":{\"@type\":\"ImageObject\",\"inLanguage\":\"es\",\"@id\":\"https:\/\/www.suavinex.com\/livingsuavinex\/#\/schema\/logo\/image\/\",\"url\":\"https:\/\/www.suavinex.com\/livingsuavinex\/wp-content\/uploads\/2018\/07\/living_sx_logo_mvl.png\",\"contentUrl\":\"https:\/\/www.suavinex.com\/livingsuavinex\/wp-content\/uploads\/2018\/07\/living_sx_logo_mvl.png\",\"width\":350,\"height\":70,\"caption\":\"Suavinex\"},\"image\":{\"@id\":\"https:\/\/www.suavinex.com\/livingsuavinex\/#\/schema\/logo\/image\/\"},\"sameAs\":[\"https:\/\/www.facebook.com\/SuavinexSpain\",\"https:\/\/x.com\/SuavinexSpain\",\"https:\/\/www.instagram.com\/suavinex_spain\/\",\"https:\/\/www.pinterest.es\/SuavinexSpain\/\",\"https:\/\/www.youtube.com\/channel\/UCgeJREx2R_ZvV2aQMrfWgcA\"]},{\"@type\":\"Person\",\"@id\":\"https:\/\/www.suavinex.com\/livingsuavinex\/#\/schema\/person\/adf54053ae070908b6a5293ef8d2c28a\",\"name\":\"Paula Gonzalo\",\"image\":{\"@type\":\"ImageObject\",\"inLanguage\":\"es\",\"@id\":\"https:\/\/www.suavinex.com\/livingsuavinex\/#\/schema\/person\/image\/\",\"url\":\"https:\/\/secure.gravatar.com\/avatar\/743d807d9020323f241090e3afb62686?s=96&d=mm&r=g\",\"contentUrl\":\"https:\/\/secure.gravatar.com\/avatar\/743d807d9020323f241090e3afb62686?s=96&d=mm&r=g\",\"caption\":\"Paula Gonzalo\"}}]}<\/script>\n<!-- \/ Yoast SEO plugin. -->","yoast_head_json":{"title":"Alumbramiento, la \u00faltima etapa del parto\u00a0 | Living Suavinex","description":"Por si pensabas que lo que ocurre en las pel\u00edculas es todo lo que hay, venimos a contarte lo que sucede durante el parto y alumbramiento.","robots":{"index":"index","follow":"follow","max-snippet":"max-snippet:-1","max-image-preview":"max-image-preview:large","max-video-preview":"max-video-preview:-1"},"canonical":"https:\/\/www.suavinex.com\/livingsuavinex\/alumbramiento\/","og_locale":"es_ES","og_type":"article","og_title":"Alumbramiento, la \u00faltima etapa del parto\u00a0 | Living Suavinex","og_description":"Por si pensabas que lo que ocurre en las pel\u00edculas es todo lo que hay, venimos a contarte lo que sucede durante el parto y alumbramiento.","og_url":"https:\/\/www.suavinex.com\/livingsuavinex\/alumbramiento\/","og_site_name":"Living Suavinex","article_publisher":"https:\/\/www.facebook.com\/SuavinexSpain","article_published_time":"2024-07-05T08:30:22+00:00","article_modified_time":"2025-12-15T11:14:42+00:00","og_image":[{"width":1200,"height":800,"url":"https:\/\/www.suavinex.com\/livingsuavinex\/wp-content\/uploads\/2020\/09\/alumbramiento-fase-final-parto.webp","type":"image\/webp"}],"author":"Paula Gonzalo","twitter_card":"summary_large_image","twitter_creator":"@SuavinexSpain","twitter_site":"@SuavinexSpain","twitter_misc":{"Escrito por":"Paula Gonzalo","Tiempo de lectura":"4 minutos"},"schema":{"@context":"https:\/\/schema.org","@graph":[{"@type":"Article","@id":"https:\/\/www.suavinex.com\/livingsuavinex\/alumbramiento\/#article","isPartOf":{"@id":"https:\/\/www.suavinex.com\/livingsuavinex\/alumbramiento\/"},"author":{"name":"Paula Gonzalo","@id":"https:\/\/www.suavinex.com\/livingsuavinex\/#\/schema\/person\/adf54053ae070908b6a5293ef8d2c28a"},"headline":"Alumbramiento, la \u00faltima etapa del parto\u00a0","datePublished":"2024-07-05T08:30:22+00:00","dateModified":"2025-12-15T11:14:42+00:00","mainEntityOfPage":{"@id":"https:\/\/www.suavinex.com\/livingsuavinex\/alumbramiento\/"},"wordCount":821,"commentCount":0,"publisher":{"@id":"https:\/\/www.suavinex.com\/livingsuavinex\/#organization"},"image":{"@id":"https:\/\/www.suavinex.com\/livingsuavinex\/alumbramiento\/#primaryimage"},"thumbnailUrl":"https:\/\/www.suavinex.com\/livingsuavinex\/wp-content\/uploads\/2020\/09\/alumbramiento-fase-final-parto.webp","keywords":["Beb\u00e9","Embarazo","Salud"],"articleSection":["Embarazo"],"inLanguage":"es"},{"@type":"WebPage","@id":"https:\/\/www.suavinex.com\/livingsuavinex\/alumbramiento\/","url":"https:\/\/www.suavinex.com\/livingsuavinex\/alumbramiento\/","name":"Alumbramiento, la \u00faltima etapa del parto\u00a0 | Living Suavinex","isPartOf":{"@id":"https:\/\/www.suavinex.com\/livingsuavinex\/#website"},"primaryImageOfPage":{"@id":"https:\/\/www.suavinex.com\/livingsuavinex\/alumbramiento\/#primaryimage"},"image":{"@id":"https:\/\/www.suavinex.com\/livingsuavinex\/alumbramiento\/#primaryimage"},"thumbnailUrl":"https:\/\/www.suavinex.com\/livingsuavinex\/wp-content\/uploads\/2020\/09\/alumbramiento-fase-final-parto.webp","datePublished":"2024-07-05T08:30:22+00:00","dateModified":"2025-12-15T11:14:42+00:00","description":"Por si pensabas que lo que ocurre en las pel\u00edculas es todo lo que hay, venimos a contarte lo que sucede durante el parto y alumbramiento.","breadcrumb":{"@id":"https:\/\/www.suavinex.com\/livingsuavinex\/alumbramiento\/#breadcrumb"},"inLanguage":"es","potentialAction":[{"@type":"ReadAction","target":["https:\/\/www.suavinex.com\/livingsuavinex\/alumbramiento\/"]}]},{"@type":"ImageObject","inLanguage":"es","@id":"https:\/\/www.suavinex.com\/livingsuavinex\/alumbramiento\/#primaryimage","url":"https:\/\/www.suavinex.com\/livingsuavinex\/wp-content\/uploads\/2020\/09\/alumbramiento-fase-final-parto.webp","contentUrl":"https:\/\/www.suavinex.com\/livingsuavinex\/wp-content\/uploads\/2020\/09\/alumbramiento-fase-final-parto.webp","width":1200,"height":800,"caption":"Alumbramiento fase final parto"},{"@type":"BreadcrumbList","@id":"https:\/\/www.suavinex.com\/livingsuavinex\/alumbramiento\/#breadcrumb","itemListElement":[{"@type":"ListItem","position":1,"name":"Portada","item":"https:\/\/www.suavinex.com\/livingsuavinex\/"},{"@type":"ListItem","position":2,"name":"Alumbramiento, la \u00faltima etapa del parto\u00a0"}]},{"@type":"WebSite","@id":"https:\/\/www.suavinex.com\/livingsuavinex\/#website","url":"https:\/\/www.suavinex.com\/livingsuavinex\/","name":"Living Suavinex","description":"| Familias reales","publisher":{"@id":"https:\/\/www.suavinex.com\/livingsuavinex\/#organization"},"potentialAction":[{"@type":"SearchAction","target":{"@type":"EntryPoint","urlTemplate":"https:\/\/www.suavinex.com\/livingsuavinex\/?s={search_term_string}"},"query-input":{"@type":"PropertyValueSpecification","valueRequired":true,"valueName":"search_term_string"}}],"inLanguage":"es"},{"@type":"Organization","@id":"https:\/\/www.suavinex.com\/livingsuavinex\/#organization","name":"Suavinex","url":"https:\/\/www.suavinex.com\/livingsuavinex\/","logo":{"@type":"ImageObject","inLanguage":"es","@id":"https:\/\/www.suavinex.com\/livingsuavinex\/#\/schema\/logo\/image\/","url":"https:\/\/www.suavinex.com\/livingsuavinex\/wp-content\/uploads\/2018\/07\/living_sx_logo_mvl.png","contentUrl":"https:\/\/www.suavinex.com\/livingsuavinex\/wp-content\/uploads\/2018\/07\/living_sx_logo_mvl.png","width":350,"height":70,"caption":"Suavinex"},"image":{"@id":"https:\/\/www.suavinex.com\/livingsuavinex\/#\/schema\/logo\/image\/"},"sameAs":["https:\/\/www.facebook.com\/SuavinexSpain","https:\/\/x.com\/SuavinexSpain","https:\/\/www.instagram.com\/suavinex_spain\/","https:\/\/www.pinterest.es\/SuavinexSpain\/","https:\/\/www.youtube.com\/channel\/UCgeJREx2R_ZvV2aQMrfWgcA"]},{"@type":"Person","@id":"https:\/\/www.suavinex.com\/livingsuavinex\/#\/schema\/person\/adf54053ae070908b6a5293ef8d2c28a","name":"Paula Gonzalo","image":{"@type":"ImageObject","inLanguage":"es","@id":"https:\/\/www.suavinex.com\/livingsuavinex\/#\/schema\/person\/image\/","url":"https:\/\/secure.gravatar.com\/avatar\/743d807d9020323f241090e3afb62686?s=96&d=mm&r=g","contentUrl":"https:\/\/secure.gravatar.com\/avatar\/743d807d9020323f241090e3afb62686?s=96&d=mm&r=g","caption":"Paula Gonzalo"}}]}},"_links":{"self":[{"href":"https:\/\/www.suavinex.com\/livingsuavinex\/wp-json\/wp\/v2\/posts\/41155","targetHints":{"allow":["GET"]}}],"collection":[{"href":"https:\/\/www.suavinex.com\/livingsuavinex\/wp-json\/wp\/v2\/posts"}],"about":[{"href":"https:\/\/www.suavinex.com\/livingsuavinex\/wp-json\/wp\/v2\/types\/post"}],"author":[{"embeddable":true,"href":"https:\/\/www.suavinex.com\/livingsuavinex\/wp-json\/wp\/v2\/users\/297"}],"replies":[{"embeddable":true,"href":"https:\/\/www.suavinex.com\/livingsuavinex\/wp-json\/wp\/v2\/comments?post=41155"}],"version-history":[{"count":6,"href":"https:\/\/www.suavinex.com\/livingsuavinex\/wp-json\/wp\/v2\/posts\/41155\/revisions"}],"predecessor-version":[{"id":46768,"href":"https:\/\/www.suavinex.com\/livingsuavinex\/wp-json\/wp\/v2\/posts\/41155\/revisions\/46768"}],"wp:featuredmedia":[{"embeddable":true,"href":"https:\/\/www.suavinex.com\/livingsuavinex\/wp-json\/wp\/v2\/media\/45837"}],"wp:attachment":[{"href":"https:\/\/www.suavinex.com\/livingsuavinex\/wp-json\/wp\/v2\/media?parent=41155"}],"wp:term":[{"taxonomy":"category","embeddable":true,"href":"https:\/\/www.suavinex.com\/livingsuavinex\/wp-json\/wp\/v2\/categories?post=41155"},{"taxonomy":"post_tag","embeddable":true,"href":"https:\/\/www.suavinex.com\/livingsuavinex\/wp-json\/wp\/v2\/tags?post=41155"}],"curies":[{"name":"wp","href":"https:\/\/api.w.org\/{rel}","templated":true}]}}