{"id":41142,"date":"2020-08-11T06:03:12","date_gmt":"2020-08-11T04:03:12","guid":{"rendered":"https:\/\/www.suavinex.com\/livingsuavinex\/?p=41142"},"modified":"2023-07-25T11:05:12","modified_gmt":"2023-07-25T09:05:12","slug":"parto-provocado","status":"publish","type":"post","link":"https:\/\/www.suavinex.com\/livingsuavinex\/parto-provocado\/","title":{"rendered":"Parto provocado: \u00bfpor qu\u00e9 se produce?"},"content":{"rendered":"<p>Aunque muchas mujeres sue\u00f1an con un parto natural, que se desencadene cuando el beb\u00e9 est\u00e9 preparado, en alguna ocasi\u00f3n puede resultar necesario desencadenarlo antes. Un parto provocado &#8211; o <strong><a href=\"https:\/\/www.suavinex.com\/livingsuavinex\/parto-programado\/\" target=\"_blank\" rel=\"noopener noreferrer\">parto programado<\/a><\/strong> &#8211; es un final muchas veces inesperado, pero necesario. Te contamos cu\u00e1les pueden ser los motivos.<\/p>\n<h2>\u00bfQu\u00e9 es un parto provocado?<\/h2>\n<p>Aunque saberlo pueda resultar sorprendente, ser\u00e1 tu beb\u00e9 quien decida el momento en el que llega al mundo. \u00bfLo sab\u00edas? Cuando ha alcanzado el grado de madurez para vivir fuera del vientre materno, <strong>los pulmones del beb\u00e9 env\u00edan una se\u00f1al que hace que comience el parto<\/strong>. En ocasiones, puede ser necesario acelerar este proceso de forma externa, hablar\u00edamos entonces de un parto provocado.<img loading=\"lazy\" decoding=\"async\" class=\"alignleft size-medium wp-image-41144\" src=\"https:\/\/www.suavinex.com\/livingsuavinex\/wp-content\/uploads\/2020\/08\/parto-provocado_2-300x300.jpg\" alt=\"qu\u00e9 es un parto provocado\" width=\"300\" height=\"300\" srcset=\"https:\/\/www.suavinex.com\/livingsuavinex\/wp-content\/uploads\/2020\/08\/parto-provocado_2-300x300.jpg 300w, https:\/\/www.suavinex.com\/livingsuavinex\/wp-content\/uploads\/2020\/08\/parto-provocado_2-150x150.jpg 150w, https:\/\/www.suavinex.com\/livingsuavinex\/wp-content\/uploads\/2020\/08\/parto-provocado_2-66x66.jpg 66w, https:\/\/www.suavinex.com\/livingsuavinex\/wp-content\/uploads\/2020\/08\/parto-provocado_2-200x200.jpg 200w, https:\/\/www.suavinex.com\/livingsuavinex\/wp-content\/uploads\/2020\/08\/parto-provocado_2-400x400.jpg 400w, https:\/\/www.suavinex.com\/livingsuavinex\/wp-content\/uploads\/2020\/08\/parto-provocado_2.jpg 600w\" sizes=\"auto, (max-width: 300px) 100vw, 300px\" \/><\/p>\n<h3>\u00bfPor qu\u00e9 puede provocarse un parto?<\/h3>\n<p>Los motivos para llegar a un<strong> parto provocado<\/strong>, o <strong>parto inducido<\/strong>, pueden ser meramente m\u00e9dicos, aunque tambi\u00e9n pueden influir algunas circunstancias personales. As\u00ed, es posible que tu ginec\u00f3loga te programe una inducci\u00f3n si:<\/p>\n<ul>\n<li>Si tienes <a href=\"https:\/\/www.suavinex.com\/livingsuavinex\/preeclampsia-embarazo\/\" target=\"_blank\" rel=\"noopener noreferrer\"><strong>preeclampsia<\/strong><\/a> o alguna enfermedad renal que puede alterar el funcionamiento de la placenta.<\/li>\n<li>En caso de que padezcas <a href=\"https:\/\/www.suavinex.com\/livingsuavinex\/diabetes-gestacional\/\" target=\"_blank\" rel=\"noopener noreferrer\">diabetes gestacional<\/a>. Los beb\u00e9s de las mujeres que la sufren suelen ser m\u00e1s grandes, lo que puede complicar el parto.<\/li>\n<li>Otro motivo para un parto provocado es que <strong>est\u00e9s viviendo una situaci\u00f3n de estr\u00e9s fuerte<\/strong>, ya sea f\u00edsico o psicol\u00f3gico.<\/li>\n<li>Tambi\u00e9n puede ser necesario provocar el parto por un d\u00e9ficit en el abastecimiento del beb\u00e9.<\/li>\n<li>En caso de riesgo para ti o para tu beb\u00e9.<\/li>\n<li>Tambi\u00e9n puedes llevar a un parto provocado si has salido de cuentas y el parto no se desencadena. Sobre todo, si has\u00a0 pasado la semana 42 <strong>para prevenir que la placenta deje de funcionar<\/strong>.<\/li>\n<li>Por consenso si tienes alguna circunstancia personal espec\u00edfica que requiera que el parto sea en una fecha determinada.<\/li>\n<\/ul>\n<h2>\u00bfCu\u00e1les son los procedimientos para el parto provocado?<\/h2>\n<p>Entre los procedimientos para desencadenar un parto provocado, hay algunos que podr\u00edamos decir que son m\u00e1s mec\u00e1nicos y otros que requieren de alg\u00fan tipo de medicaci\u00f3n. <img loading=\"lazy\" decoding=\"async\" class=\"alignright size-medium wp-image-41143\" src=\"https:\/\/www.suavinex.com\/livingsuavinex\/wp-content\/uploads\/2020\/08\/parto-provocado_3-300x300.jpg\" alt=\"qu\u00e9 es un parto provocado\" width=\"300\" height=\"300\" srcset=\"https:\/\/www.suavinex.com\/livingsuavinex\/wp-content\/uploads\/2020\/08\/parto-provocado_3-300x300.jpg 300w, https:\/\/www.suavinex.com\/livingsuavinex\/wp-content\/uploads\/2020\/08\/parto-provocado_3-150x150.jpg 150w, https:\/\/www.suavinex.com\/livingsuavinex\/wp-content\/uploads\/2020\/08\/parto-provocado_3-66x66.jpg 66w, https:\/\/www.suavinex.com\/livingsuavinex\/wp-content\/uploads\/2020\/08\/parto-provocado_3-200x200.jpg 200w, https:\/\/www.suavinex.com\/livingsuavinex\/wp-content\/uploads\/2020\/08\/parto-provocado_3-400x400.jpg 400w, https:\/\/www.suavinex.com\/livingsuavinex\/wp-content\/uploads\/2020\/08\/parto-provocado_3.jpg 600w\" sizes=\"auto, (max-width: 300px) 100vw, 300px\" \/><\/p>\n<p>Entre los primeros, est\u00e1n la <strong>rotura del saco amni\u00f3tico<\/strong> (que est\u00e1 en desuso en la actualidad) o la<strong> separaci\u00f3n de membranas<\/strong>, tambi\u00e9n conocido como <a href=\"https:\/\/www.suavinex.com\/livingsuavinex\/maniobra-de-hamilton\/\" target=\"_blank\" rel=\"noopener noreferrer\">Maniobra de Hamilton<\/a>. La eficacia de esta \u00faltima no est\u00e1 demostrada y para practic\u00e1rtela tienes que dar tu consentimiento.<\/p>\n<p>Seguro que conoces los procedimientos medicamentosos. Son, fundamentalmente, dos:<\/p>\n<ul>\n<li>Administraci\u00f3n de<strong> prostaglandinas<\/strong> por v\u00eda vaginal. Se realiza con una jeringa sin aguja y se repite cada 6 &#8211; 8 horas si no te pones de parto. Mientras no haya signo de sufrimiento fetal, algo que se comprueba a trav\u00e9s de la <a href=\"https:\/\/www.suavinex.com\/livingsuavinex\/monitores-embarazo\/\" target=\"_blank\" rel=\"noopener noreferrer\"><strong>monitorizaci\u00f3n del beb\u00e9<\/strong> <\/a>se puede volver a repetir. El proceso puede resultarte pesado, pero no conlleva riesgos.<br \/>\nEl segundo m\u00e9todo para provocar el parto es la <a href=\"https:\/\/www.suavinex.com\/livingsuavinex\/monitores-embarazo\/\" target=\"_blank\" rel=\"noopener noreferrer\">oxitocina sint\u00e9tica<\/a>, que suele administrarse cuando las prostaglandinas no han tenido \u00e9xito. Se administra mediante gotero y suele generar contracciones m\u00e1s dolorosas que las provocadas por la oxitocina natural.<\/li>\n<\/ul>\n<h2>\u00bfDura m\u00e1s un parto natural o un parto provocado?<\/h2>\n<p>Se suele decir que cada parto es diferente y as\u00ed suele ser incluso en la misma mujer. Lo saben bien aquellas mujeres que tienen m\u00e1s de un hijo, que muchas veces cuentan que con el segundo casi no llegaron al hospital.<\/p>\n<p>Hay muchos factores que van a influir en la duraci\u00f3n del parto, por eso no se puede asegurar cu\u00e1ntas horas va a llevar. De ah\u00ed aquello de \u201cque tengas una horita corta\u201d. Lo que s\u00ed parece es que el parto provocado dura m\u00e1s que el parto natural. \u00bfSabes por qu\u00e9? Tiene que ver con la maduraci\u00f3n del cuello del \u00fatero, que tarda m\u00e1s en dilatarse. <img loading=\"lazy\" decoding=\"async\" class=\"alignleft size-medium wp-image-41146\" src=\"https:\/\/www.suavinex.com\/livingsuavinex\/wp-content\/uploads\/2020\/08\/Parto-provocado_4-300x300.jpg\" alt=\"qu\u00e9 es un parto provocado\" width=\"300\" height=\"300\" srcset=\"https:\/\/www.suavinex.com\/livingsuavinex\/wp-content\/uploads\/2020\/08\/Parto-provocado_4-300x300.jpg 300w, https:\/\/www.suavinex.com\/livingsuavinex\/wp-content\/uploads\/2020\/08\/Parto-provocado_4-150x150.jpg 150w, https:\/\/www.suavinex.com\/livingsuavinex\/wp-content\/uploads\/2020\/08\/Parto-provocado_4-66x66.jpg 66w, https:\/\/www.suavinex.com\/livingsuavinex\/wp-content\/uploads\/2020\/08\/Parto-provocado_4-200x200.jpg 200w, https:\/\/www.suavinex.com\/livingsuavinex\/wp-content\/uploads\/2020\/08\/Parto-provocado_4-400x400.jpg 400w, https:\/\/www.suavinex.com\/livingsuavinex\/wp-content\/uploads\/2020\/08\/Parto-provocado_4.jpg 600w\" sizes=\"auto, (max-width: 300px) 100vw, 300px\" \/><\/p>\n<p>\u00bfHas vivido un parto provocado? \u00bfTe apetece compartir tu experiencia?<\/p>\n<p>Fuentes:<\/p>\n<p><a href=\"https:\/\/www.serpadres.es\/bebe\/6745.html\" target=\"_blank\" rel=\"noopener noreferrer\">Madre o beb\u00e9: qui\u00e9n manda la se\u00f1al para que empiece el parto<\/a>. Ser Padres.<\/p>\n<p><a href=\"https:\/\/mibebeyyo.elmundo.es\/parto\/tipos-de-parto\/parto-inducido-189\" target=\"_blank\" rel=\"noopener noreferrer\">El parto inducido: \u00bfcu\u00e1ndo es necesario?<\/a>\u00a0Mi beb\u00e9 y yo.<\/p>\n<p><a href=\"https:\/\/www.bebitus.com\/magazine\/embarazo\/nacimiento\/induccion-del-parto-pros-y-contras.html\" target=\"_blank\" rel=\"noopener noreferrer\" class=\"broken_link\">Parto inducido \u00bbTodo lo necesitas saber<\/a>. Bebitus<\/p>\n","protected":false},"excerpt":{"rendered":"Aunque muchas mujeres sue\u00f1an con un parto natural, que se desencadene cuando el beb\u00e9 est\u00e9 preparado, en alguna ocasi\u00f3n puede resultar necesario desencadenarlo antes. Un parto provocado &#8211; o parto programado &#8211; es un final muchas veces inesperado, pero necesario. Te contamos cu\u00e1les pueden ser los motivos. \u00bfQu\u00e9 es un&#8230; <a class=\"view-article\" href=\"https:\/\/www.suavinex.com\/livingsuavinex\/parto-provocado\/\">Ver art\u00edculo<\/a>","protected":false},"author":295,"featured_media":41145,"comment_status":"open","ping_status":"open","sticky":false,"template":"","format":"standard","meta":{"inline_featured_image":false,"footnotes":""},"categories":[7],"tags":[2251,9],"class_list":["post-41142","post","type-post","status-publish","format-standard","has-post-thumbnail","hentry","category-embarazo","tag-embarazo","tag-maternidad"],"yoast_head":"<!-- This site is optimized with the Yoast SEO plugin v26.8 - https:\/\/yoast.com\/product\/yoast-seo-wordpress\/ -->\n<title>Parto provocado: \u00bfpor qu\u00e9 se produce? | Living Suavinex<\/title>\n<meta name=\"description\" content=\"\u00bfSabes qu\u00e9 es un parto provocado? \u00bfDura m\u00e1s o menos que un parto natural? Tenemos toda la informaci\u00f3n que has de conocer antes de dar a luz.\" \/>\n<meta name=\"robots\" content=\"index, follow, max-snippet:-1, max-image-preview:large, max-video-preview:-1\" \/>\n<link rel=\"canonical\" href=\"https:\/\/www.suavinex.com\/livingsuavinex\/parto-provocado\/\" \/>\n<meta property=\"og:locale\" content=\"es_ES\" \/>\n<meta property=\"og:type\" content=\"article\" \/>\n<meta property=\"og:title\" content=\"Parto provocado: \u00bfpor qu\u00e9 se produce? | Living Suavinex\" \/>\n<meta property=\"og:description\" content=\"\u00bfSabes qu\u00e9 es un parto provocado? \u00bfDura m\u00e1s o menos que un parto natural? Tenemos toda la informaci\u00f3n que has de conocer antes de dar a luz.\" \/>\n<meta property=\"og:url\" content=\"https:\/\/www.suavinex.com\/livingsuavinex\/parto-provocado\/\" \/>\n<meta property=\"og:site_name\" content=\"Living Suavinex\" \/>\n<meta property=\"article:publisher\" content=\"https:\/\/www.facebook.com\/SuavinexSpain\" \/>\n<meta property=\"article:published_time\" content=\"2020-08-11T04:03:12+00:00\" \/>\n<meta property=\"article:modified_time\" content=\"2023-07-25T09:05:12+00:00\" \/>\n<meta property=\"og:image\" content=\"https:\/\/www.suavinex.com\/livingsuavinex\/wp-content\/uploads\/2020\/08\/Parto-provocado.jpg\" \/>\n\t<meta property=\"og:image:width\" content=\"875\" \/>\n\t<meta property=\"og:image:height\" content=\"526\" \/>\n\t<meta property=\"og:image:type\" content=\"image\/jpeg\" \/>\n<meta name=\"author\" content=\"Suavinex Central\" \/>\n<meta name=\"twitter:card\" content=\"summary_large_image\" \/>\n<meta name=\"twitter:creator\" content=\"@SuavinexSpain\" \/>\n<meta name=\"twitter:site\" content=\"@SuavinexSpain\" \/>\n<meta name=\"twitter:label1\" content=\"Escrito por\" \/>\n\t<meta name=\"twitter:data1\" content=\"Suavinex Central\" \/>\n\t<meta name=\"twitter:label2\" content=\"Tiempo de lectura\" \/>\n\t<meta name=\"twitter:data2\" content=\"4 minutos\" \/>\n<script type=\"application\/ld+json\" class=\"yoast-schema-graph\">{\"@context\":\"https:\/\/schema.org\",\"@graph\":[{\"@type\":\"Article\",\"@id\":\"https:\/\/www.suavinex.com\/livingsuavinex\/parto-provocado\/#article\",\"isPartOf\":{\"@id\":\"https:\/\/www.suavinex.com\/livingsuavinex\/parto-provocado\/\"},\"author\":{\"name\":\"Suavinex Central\",\"@id\":\"https:\/\/www.suavinex.com\/livingsuavinex\/#\/schema\/person\/836d83f4b1821b11b7b47cffd08f1ecb\"},\"headline\":\"Parto provocado: \u00bfpor qu\u00e9 se produce?\",\"datePublished\":\"2020-08-11T04:03:12+00:00\",\"dateModified\":\"2023-07-25T09:05:12+00:00\",\"mainEntityOfPage\":{\"@id\":\"https:\/\/www.suavinex.com\/livingsuavinex\/parto-provocado\/\"},\"wordCount\":684,\"commentCount\":0,\"publisher\":{\"@id\":\"https:\/\/www.suavinex.com\/livingsuavinex\/#organization\"},\"image\":{\"@id\":\"https:\/\/www.suavinex.com\/livingsuavinex\/parto-provocado\/#primaryimage\"},\"thumbnailUrl\":\"https:\/\/www.suavinex.com\/livingsuavinex\/wp-content\/uploads\/2020\/08\/Parto-provocado.jpg\",\"keywords\":[\"Embarazo\",\"Maternidad\"],\"articleSection\":[\"Embarazo\"],\"inLanguage\":\"es\"},{\"@type\":\"WebPage\",\"@id\":\"https:\/\/www.suavinex.com\/livingsuavinex\/parto-provocado\/\",\"url\":\"https:\/\/www.suavinex.com\/livingsuavinex\/parto-provocado\/\",\"name\":\"Parto provocado: \u00bfpor qu\u00e9 se produce? | Living Suavinex\",\"isPartOf\":{\"@id\":\"https:\/\/www.suavinex.com\/livingsuavinex\/#website\"},\"primaryImageOfPage\":{\"@id\":\"https:\/\/www.suavinex.com\/livingsuavinex\/parto-provocado\/#primaryimage\"},\"image\":{\"@id\":\"https:\/\/www.suavinex.com\/livingsuavinex\/parto-provocado\/#primaryimage\"},\"thumbnailUrl\":\"https:\/\/www.suavinex.com\/livingsuavinex\/wp-content\/uploads\/2020\/08\/Parto-provocado.jpg\",\"datePublished\":\"2020-08-11T04:03:12+00:00\",\"dateModified\":\"2023-07-25T09:05:12+00:00\",\"description\":\"\u00bfSabes qu\u00e9 es un parto provocado? \u00bfDura m\u00e1s o menos que un parto natural? Tenemos toda la informaci\u00f3n que has de conocer antes de dar a luz.\",\"breadcrumb\":{\"@id\":\"https:\/\/www.suavinex.com\/livingsuavinex\/parto-provocado\/#breadcrumb\"},\"inLanguage\":\"es\",\"potentialAction\":[{\"@type\":\"ReadAction\",\"target\":[\"https:\/\/www.suavinex.com\/livingsuavinex\/parto-provocado\/\"]}]},{\"@type\":\"ImageObject\",\"inLanguage\":\"es\",\"@id\":\"https:\/\/www.suavinex.com\/livingsuavinex\/parto-provocado\/#primaryimage\",\"url\":\"https:\/\/www.suavinex.com\/livingsuavinex\/wp-content\/uploads\/2020\/08\/Parto-provocado.jpg\",\"contentUrl\":\"https:\/\/www.suavinex.com\/livingsuavinex\/wp-content\/uploads\/2020\/08\/Parto-provocado.jpg\",\"width\":875,\"height\":526,\"caption\":\"qu\u00e9 es un parto provocado\"},{\"@type\":\"BreadcrumbList\",\"@id\":\"https:\/\/www.suavinex.com\/livingsuavinex\/parto-provocado\/#breadcrumb\",\"itemListElement\":[{\"@type\":\"ListItem\",\"position\":1,\"name\":\"Portada\",\"item\":\"https:\/\/www.suavinex.com\/livingsuavinex\/\"},{\"@type\":\"ListItem\",\"position\":2,\"name\":\"Parto provocado: \u00bfpor qu\u00e9 se produce?\"}]},{\"@type\":\"WebSite\",\"@id\":\"https:\/\/www.suavinex.com\/livingsuavinex\/#website\",\"url\":\"https:\/\/www.suavinex.com\/livingsuavinex\/\",\"name\":\"Living Suavinex\",\"description\":\"| Familias reales\",\"publisher\":{\"@id\":\"https:\/\/www.suavinex.com\/livingsuavinex\/#organization\"},\"potentialAction\":[{\"@type\":\"SearchAction\",\"target\":{\"@type\":\"EntryPoint\",\"urlTemplate\":\"https:\/\/www.suavinex.com\/livingsuavinex\/?s={search_term_string}\"},\"query-input\":{\"@type\":\"PropertyValueSpecification\",\"valueRequired\":true,\"valueName\":\"search_term_string\"}}],\"inLanguage\":\"es\"},{\"@type\":\"Organization\",\"@id\":\"https:\/\/www.suavinex.com\/livingsuavinex\/#organization\",\"name\":\"Suavinex\",\"url\":\"https:\/\/www.suavinex.com\/livingsuavinex\/\",\"logo\":{\"@type\":\"ImageObject\",\"inLanguage\":\"es\",\"@id\":\"https:\/\/www.suavinex.com\/livingsuavinex\/#\/schema\/logo\/image\/\",\"url\":\"https:\/\/www.suavinex.com\/livingsuavinex\/wp-content\/uploads\/2018\/07\/living_sx_logo_mvl.png\",\"contentUrl\":\"https:\/\/www.suavinex.com\/livingsuavinex\/wp-content\/uploads\/2018\/07\/living_sx_logo_mvl.png\",\"width\":350,\"height\":70,\"caption\":\"Suavinex\"},\"image\":{\"@id\":\"https:\/\/www.suavinex.com\/livingsuavinex\/#\/schema\/logo\/image\/\"},\"sameAs\":[\"https:\/\/www.facebook.com\/SuavinexSpain\",\"https:\/\/x.com\/SuavinexSpain\",\"https:\/\/www.instagram.com\/suavinex_spain\/\",\"https:\/\/www.pinterest.es\/SuavinexSpain\/\",\"https:\/\/www.youtube.com\/channel\/UCgeJREx2R_ZvV2aQMrfWgcA\"]},{\"@type\":\"Person\",\"@id\":\"https:\/\/www.suavinex.com\/livingsuavinex\/#\/schema\/person\/836d83f4b1821b11b7b47cffd08f1ecb\",\"name\":\"Suavinex Central\",\"image\":{\"@type\":\"ImageObject\",\"inLanguage\":\"es\",\"@id\":\"https:\/\/www.suavinex.com\/livingsuavinex\/#\/schema\/person\/image\/\",\"url\":\"https:\/\/secure.gravatar.com\/avatar\/bd43680b784882668035add29f959967?s=96&d=mm&r=g\",\"contentUrl\":\"https:\/\/secure.gravatar.com\/avatar\/bd43680b784882668035add29f959967?s=96&d=mm&r=g\",\"caption\":\"Suavinex Central\"}}]}<\/script>\n<!-- \/ Yoast SEO plugin. -->","yoast_head_json":{"title":"Parto provocado: \u00bfpor qu\u00e9 se produce? | Living Suavinex","description":"\u00bfSabes qu\u00e9 es un parto provocado? \u00bfDura m\u00e1s o menos que un parto natural? Tenemos toda la informaci\u00f3n que has de conocer antes de dar a luz.","robots":{"index":"index","follow":"follow","max-snippet":"max-snippet:-1","max-image-preview":"max-image-preview:large","max-video-preview":"max-video-preview:-1"},"canonical":"https:\/\/www.suavinex.com\/livingsuavinex\/parto-provocado\/","og_locale":"es_ES","og_type":"article","og_title":"Parto provocado: \u00bfpor qu\u00e9 se produce? | Living Suavinex","og_description":"\u00bfSabes qu\u00e9 es un parto provocado? \u00bfDura m\u00e1s o menos que un parto natural? Tenemos toda la informaci\u00f3n que has de conocer antes de dar a luz.","og_url":"https:\/\/www.suavinex.com\/livingsuavinex\/parto-provocado\/","og_site_name":"Living Suavinex","article_publisher":"https:\/\/www.facebook.com\/SuavinexSpain","article_published_time":"2020-08-11T04:03:12+00:00","article_modified_time":"2023-07-25T09:05:12+00:00","og_image":[{"width":875,"height":526,"url":"https:\/\/www.suavinex.com\/livingsuavinex\/wp-content\/uploads\/2020\/08\/Parto-provocado.jpg","type":"image\/jpeg"}],"author":"Suavinex Central","twitter_card":"summary_large_image","twitter_creator":"@SuavinexSpain","twitter_site":"@SuavinexSpain","twitter_misc":{"Escrito por":"Suavinex Central","Tiempo de lectura":"4 minutos"},"schema":{"@context":"https:\/\/schema.org","@graph":[{"@type":"Article","@id":"https:\/\/www.suavinex.com\/livingsuavinex\/parto-provocado\/#article","isPartOf":{"@id":"https:\/\/www.suavinex.com\/livingsuavinex\/parto-provocado\/"},"author":{"name":"Suavinex Central","@id":"https:\/\/www.suavinex.com\/livingsuavinex\/#\/schema\/person\/836d83f4b1821b11b7b47cffd08f1ecb"},"headline":"Parto provocado: \u00bfpor qu\u00e9 se produce?","datePublished":"2020-08-11T04:03:12+00:00","dateModified":"2023-07-25T09:05:12+00:00","mainEntityOfPage":{"@id":"https:\/\/www.suavinex.com\/livingsuavinex\/parto-provocado\/"},"wordCount":684,"commentCount":0,"publisher":{"@id":"https:\/\/www.suavinex.com\/livingsuavinex\/#organization"},"image":{"@id":"https:\/\/www.suavinex.com\/livingsuavinex\/parto-provocado\/#primaryimage"},"thumbnailUrl":"https:\/\/www.suavinex.com\/livingsuavinex\/wp-content\/uploads\/2020\/08\/Parto-provocado.jpg","keywords":["Embarazo","Maternidad"],"articleSection":["Embarazo"],"inLanguage":"es"},{"@type":"WebPage","@id":"https:\/\/www.suavinex.com\/livingsuavinex\/parto-provocado\/","url":"https:\/\/www.suavinex.com\/livingsuavinex\/parto-provocado\/","name":"Parto provocado: \u00bfpor qu\u00e9 se produce? | Living Suavinex","isPartOf":{"@id":"https:\/\/www.suavinex.com\/livingsuavinex\/#website"},"primaryImageOfPage":{"@id":"https:\/\/www.suavinex.com\/livingsuavinex\/parto-provocado\/#primaryimage"},"image":{"@id":"https:\/\/www.suavinex.com\/livingsuavinex\/parto-provocado\/#primaryimage"},"thumbnailUrl":"https:\/\/www.suavinex.com\/livingsuavinex\/wp-content\/uploads\/2020\/08\/Parto-provocado.jpg","datePublished":"2020-08-11T04:03:12+00:00","dateModified":"2023-07-25T09:05:12+00:00","description":"\u00bfSabes qu\u00e9 es un parto provocado? \u00bfDura m\u00e1s o menos que un parto natural? Tenemos toda la informaci\u00f3n que has de conocer antes de dar a luz.","breadcrumb":{"@id":"https:\/\/www.suavinex.com\/livingsuavinex\/parto-provocado\/#breadcrumb"},"inLanguage":"es","potentialAction":[{"@type":"ReadAction","target":["https:\/\/www.suavinex.com\/livingsuavinex\/parto-provocado\/"]}]},{"@type":"ImageObject","inLanguage":"es","@id":"https:\/\/www.suavinex.com\/livingsuavinex\/parto-provocado\/#primaryimage","url":"https:\/\/www.suavinex.com\/livingsuavinex\/wp-content\/uploads\/2020\/08\/Parto-provocado.jpg","contentUrl":"https:\/\/www.suavinex.com\/livingsuavinex\/wp-content\/uploads\/2020\/08\/Parto-provocado.jpg","width":875,"height":526,"caption":"qu\u00e9 es un parto provocado"},{"@type":"BreadcrumbList","@id":"https:\/\/www.suavinex.com\/livingsuavinex\/parto-provocado\/#breadcrumb","itemListElement":[{"@type":"ListItem","position":1,"name":"Portada","item":"https:\/\/www.suavinex.com\/livingsuavinex\/"},{"@type":"ListItem","position":2,"name":"Parto provocado: \u00bfpor qu\u00e9 se produce?"}]},{"@type":"WebSite","@id":"https:\/\/www.suavinex.com\/livingsuavinex\/#website","url":"https:\/\/www.suavinex.com\/livingsuavinex\/","name":"Living Suavinex","description":"| Familias reales","publisher":{"@id":"https:\/\/www.suavinex.com\/livingsuavinex\/#organization"},"potentialAction":[{"@type":"SearchAction","target":{"@type":"EntryPoint","urlTemplate":"https:\/\/www.suavinex.com\/livingsuavinex\/?s={search_term_string}"},"query-input":{"@type":"PropertyValueSpecification","valueRequired":true,"valueName":"search_term_string"}}],"inLanguage":"es"},{"@type":"Organization","@id":"https:\/\/www.suavinex.com\/livingsuavinex\/#organization","name":"Suavinex","url":"https:\/\/www.suavinex.com\/livingsuavinex\/","logo":{"@type":"ImageObject","inLanguage":"es","@id":"https:\/\/www.suavinex.com\/livingsuavinex\/#\/schema\/logo\/image\/","url":"https:\/\/www.suavinex.com\/livingsuavinex\/wp-content\/uploads\/2018\/07\/living_sx_logo_mvl.png","contentUrl":"https:\/\/www.suavinex.com\/livingsuavinex\/wp-content\/uploads\/2018\/07\/living_sx_logo_mvl.png","width":350,"height":70,"caption":"Suavinex"},"image":{"@id":"https:\/\/www.suavinex.com\/livingsuavinex\/#\/schema\/logo\/image\/"},"sameAs":["https:\/\/www.facebook.com\/SuavinexSpain","https:\/\/x.com\/SuavinexSpain","https:\/\/www.instagram.com\/suavinex_spain\/","https:\/\/www.pinterest.es\/SuavinexSpain\/","https:\/\/www.youtube.com\/channel\/UCgeJREx2R_ZvV2aQMrfWgcA"]},{"@type":"Person","@id":"https:\/\/www.suavinex.com\/livingsuavinex\/#\/schema\/person\/836d83f4b1821b11b7b47cffd08f1ecb","name":"Suavinex Central","image":{"@type":"ImageObject","inLanguage":"es","@id":"https:\/\/www.suavinex.com\/livingsuavinex\/#\/schema\/person\/image\/","url":"https:\/\/secure.gravatar.com\/avatar\/bd43680b784882668035add29f959967?s=96&d=mm&r=g","contentUrl":"https:\/\/secure.gravatar.com\/avatar\/bd43680b784882668035add29f959967?s=96&d=mm&r=g","caption":"Suavinex Central"}}]}},"_links":{"self":[{"href":"https:\/\/www.suavinex.com\/livingsuavinex\/wp-json\/wp\/v2\/posts\/41142","targetHints":{"allow":["GET"]}}],"collection":[{"href":"https:\/\/www.suavinex.com\/livingsuavinex\/wp-json\/wp\/v2\/posts"}],"about":[{"href":"https:\/\/www.suavinex.com\/livingsuavinex\/wp-json\/wp\/v2\/types\/post"}],"author":[{"embeddable":true,"href":"https:\/\/www.suavinex.com\/livingsuavinex\/wp-json\/wp\/v2\/users\/295"}],"replies":[{"embeddable":true,"href":"https:\/\/www.suavinex.com\/livingsuavinex\/wp-json\/wp\/v2\/comments?post=41142"}],"version-history":[{"count":2,"href":"https:\/\/www.suavinex.com\/livingsuavinex\/wp-json\/wp\/v2\/posts\/41142\/revisions"}],"predecessor-version":[{"id":44353,"href":"https:\/\/www.suavinex.com\/livingsuavinex\/wp-json\/wp\/v2\/posts\/41142\/revisions\/44353"}],"wp:featuredmedia":[{"embeddable":true,"href":"https:\/\/www.suavinex.com\/livingsuavinex\/wp-json\/wp\/v2\/media\/41145"}],"wp:attachment":[{"href":"https:\/\/www.suavinex.com\/livingsuavinex\/wp-json\/wp\/v2\/media?parent=41142"}],"wp:term":[{"taxonomy":"category","embeddable":true,"href":"https:\/\/www.suavinex.com\/livingsuavinex\/wp-json\/wp\/v2\/categories?post=41142"},{"taxonomy":"post_tag","embeddable":true,"href":"https:\/\/www.suavinex.com\/livingsuavinex\/wp-json\/wp\/v2\/tags?post=41142"}],"curies":[{"name":"wp","href":"https:\/\/api.w.org\/{rel}","templated":true}]}}