{"id":39959,"date":"2022-10-28T07:00:52","date_gmt":"2022-10-28T05:00:52","guid":{"rendered":"https:\/\/www.suavinex.com\/livingsuavinex\/?p=39959"},"modified":"2025-12-26T13:44:56","modified_gmt":"2025-12-26T12:44:56","slug":"miedo-a-halloween","status":"publish","type":"post","link":"https:\/\/www.suavinex.com\/livingsuavinex\/miedo-a-halloween\/","title":{"rendered":"\u00bfQu\u00e9 hago si mi hijo tiene miedo a Halloween?"},"content":{"rendered":"\n<p><strong>La fiesta de&nbsp;<em>Halloween<\/em>&nbsp;es una de las m\u00e1s divertidas del a\u00f1o<\/strong> para peque\u00f1os y mayores. En el origen de la fiesta est\u00e1 la tradici\u00f3n celta de Samhain que <strong>marcaba el fin de la cosecha<\/strong> y la temporada de invierno. Esa noche, los muertos volv\u00edan al mundo de los vivos para poseerlos. Para evitarlo, se dejaban velas encendidas en las ventanas y comenzaron los disfraces de seres horripilantes. As\u00ed <strong>los esp\u00edritus se confund\u00edan<\/strong>. En la actualidad ha evolucionado a&nbsp;una fiesta internacional con muchos seguidores y lo mejor es que puedes <a href=\"https:\/\/www.suavinex.com\/livingsuavinex\/celebrar-halloween-familia\/\"><strong>celebrar Halloween en familia<\/strong><\/a>. Porque \u00bfqu\u00e9 mejor que re\u00edrse de lo horripilante para que no te asuste? Esta puede ser una buena forma de superar los miedos, aunque quiz\u00e1 no suficiente.<\/p>\n\n\n\n<p>\u00bfSabes c\u00f3mo gestionar el<strong>&nbsp;miedo a&nbsp;<em>Halloween<\/em><\/strong>? Te dejamos las claves para que puedas hacerlo.<\/p>\n\n\n\n<h2 class=\"wp-block-heading\"><strong>El miedo en la infancia<\/strong><\/h2>\n\n\n\n<p>\u00bfSab\u00edas que el&nbsp;<strong>miedo en la infancia<\/strong>&nbsp;es evolutivo? Dependiendo de su edad, tu hijo o hija tendr\u00e1 miedo a unas cosas u otras, porque es algo que va en consonancia con su grado de madurez. Saber esto te ayudar\u00e1 a gestionar cada situaci\u00f3n. \u00bfTe llamaba la atenci\u00f3n que lo que ayer no le asustaba lo haga hoy? Pues esta es la explicaci\u00f3n. En esta <strong>evoluci\u00f3n del miedo<\/strong> que coment\u00e1bamos, las <strong>etapas<\/strong> aproximadas son las siguientes:<\/p>\n\n\n\n<ul class=\"wp-block-list\">\n<li>Desde que nace hasta, m\u00e1s o menos, los <strong>6 u 8 meses<\/strong>, tu beb\u00e9 <strong>no conocer\u00e1 lo que es el miedo<\/strong>. Si\u00a0la noche de los muertos vivientes te pilla en esta edad, puedes usar los <a href=\"https:\/\/www.suavinex.com\/lookbook\/chupetes-y-broches-halloween\/c\/HALLOWEEN\">chupetes y broches de Halloween<\/a> de Suavinex para completar su disfraz, \u00a1no le dar\u00e1 miedo nada! Tenemos diferentes modelos como el <strong>broche Halloween caramelos lila<\/strong> con diferentes dibujitos de Halloween con caramelos y calaveritas.<\/li>\n<\/ul>\n\n\n\n<ul class=\"wp-block-list\">\n<li>A partir de los <strong>8 o 9 meses<\/strong> se asustar\u00e1 de los <strong>golpes o ruidos fuertes<\/strong>. Y tambi\u00e9n de las <strong>personas desconocidas<\/strong> cuando la llamada \u00ab<a href=\"https:\/\/www.suavinex.com\/livingsuavinex\/angustia-separacion\/\"><strong>angustia por separaci\u00f3n<\/strong><\/a>\u00bb llegue. Y es que el beb\u00e9 se da cuenta por primera vez de que no es un todo con mam\u00e1 y son personas diferentes. Seguro que has visto esta estampa tan com\u00fan de un beb\u00e9 aferrado a su madre o padre sin parar de llorar, es t\u00edpica de esta \u00e9poca.<\/li>\n\n\n\n<li>El <strong>miedo a la oscuridad<\/strong>, a hacerse <strong>da\u00f1o f\u00edsico<\/strong> o a los <strong>animales<\/strong> aparecen a los <strong>2 a\u00f1os<\/strong>.<\/li>\n\n\n\n<li>La imaginaci\u00f3n se desborda <strong>entre los 3 y los 4 a\u00f1os y aparece el miedo a los monstruos<\/strong> y la oscuridad.<\/li>\n\n\n\n<li><strong>Sobre los 5<\/strong> a\u00f1os, a todos estos miedos habr\u00e1 que sumar el <strong>miedo a personajes imaginarios y malvados<\/strong>.<\/li>\n\n\n\n<li>Entre los <strong>7 y los 8 a\u00f1os<\/strong> aparece tambi\u00e9n el <strong>miedo al rid\u00edculo<\/strong> en el grupo de iguales, algo que se ver\u00e1 acrecentando entre los 9 y los 12 a\u00f1os.<\/li>\n\n\n\n<li>En esa \u00e9poca, adem\u00e1s, les afecta mucho todo lo que ocurre en el colegio.<\/li>\n<\/ul>\n\n\n\n<h2 class=\"wp-block-heading\"><strong>El miedo a disfrazarse<\/strong><\/h2>\n\n\n\n<p>El&nbsp;<strong>miedo a disfrazarse<\/strong>&nbsp;es algo que puede aparecer <strong>a cualquier edad<\/strong> y que se debe tratar conforme a la misma. Hay que tener en cuenta que, <strong>hasta los 6 a\u00f1os<\/strong>, los ni\u00f1os no diferencian bien entre <strong>fantas\u00eda y realidad<\/strong>.<\/p>\n\n\n\n<p>Puede ocurrir que tenga <strong>miedo del disfraz de otra persona o de disfrazarse \u00e9l mismo<\/strong>. En este \u00faltimo caso podr\u00eda ocurrir que el <a href=\"https:\/\/www.suavinex.com\/livingsuavinex\/como-saber-si-es-nino-o-nina-en-el-embarazo\/\">ni\u00f1o o ni\u00f1a<\/a> a\u00fan no tenga bien asentada su personalidad y por eso no se sienta c\u00f3modo meti\u00e9ndose en la piel de otra. Para que lo supere, ens\u00e9\u00f1ale el disfraz descontextualizado, d\u00e1ndole un enfoque de juego y diversi\u00f3n. As\u00ed, poco a poco, ir\u00e1 acept\u00e1ndolo mejor. Y, sobre todo, si no le apetece disfrazarse, <strong>no le obligues a hacerlo, tiene que ser algo l\u00fadico y divertido. <\/strong>Aunque siempre puedes optar por nuestros <a href=\"https:\/\/www.suavinex.com\/livingsuavinex\/chupetes-para-halloween-de-suavinex\/\">chupetes para disfraces<\/a> para que tu peque\u00f1o tenga el conjunto perfecto con <a href=\"https:\/\/www.suavinex.com\/chupetes-y-accesorios\/chupetes\/c\/0010\">chupetes<\/a> que cuentan con un dise\u00f1o original.<\/p>\n\n\n\n<h2 class=\"wp-block-heading\"><strong>El miedo a&nbsp;<em>Halloween<\/em>, c\u00f3mo gestionarlo<\/strong><\/h2>\n\n\n\n<p>Como coment\u00e1bamos al principio, el&nbsp;<a href=\"https:\/\/www.suavinex.com\/livingsuavinex\/origen-de-halloween\/\"><strong>origen de&nbsp;<em>Halloween<\/em><\/strong><em>&nbsp;<\/em><\/a>est\u00e1 en una fiesta pagana de celebraci\u00f3n del fin de la cosecha. En esta fiesta hab\u00eda mucho de esot\u00e9rico, por la presencia de la muerte. Y es que algunas caracterizaciones est\u00e1n tan bien hechas que es posible que hasta t\u00fa tengas miedo. Piensa que el ni\u00f1o o ni\u00f1a se encuentra ante zombis y vampiros que, seg\u00fan cuenta la tradici\u00f3n, se alimentan de personas. Y su aspecto no es que sea muy agradable.<\/p>\n\n\n\n<p>El<strong>&nbsp;miedo a&nbsp;<em>Halloween<\/em><\/strong>&nbsp;no es algo exclusivo de la infancia,&nbsp;los adultos tambi\u00e9n pueden sufrirlo, generando incluso una <strong>verdadera fobia<\/strong>. Tratarlo en la infancia puede ayudar a que no se desencadene en la edad adulta, as\u00ed que, si llegada la fiesta te das cuenta de que tu hijo o hija est\u00e1 aterrado, <strong>pon en pr\u00e1ctica estas estrategias<\/strong>:<\/p>\n\n\n\n<ul class=\"wp-block-list\">\n<li>S\u00e9 emp\u00e1tica o emp\u00e1tico y <strong>no le quites importancia<\/strong>, para \u00e9l o ella su miedo es muy real.<\/li>\n\n\n\n<li><strong>Dialoga<\/strong> con \u00e9l o ella de forma comprensiva, con atenci\u00f3n y haci\u00e9ndole ver que te importa lo que est\u00e1 sucediendo.<\/li>\n\n\n\n<li>Id a un <strong>lugar retirado y tranquilo<\/strong> donde pueda soltar la emoci\u00f3n con calma.<\/li>\n\n\n\n<li>Mu\u00e9strale otros puntos de vista acerca de la fiesta, que le ayuden a relativizar el&nbsp;<strong>miedo a&nbsp;<em>Halloween<\/em><\/strong>. Emplear el humor y promover la risa es una buena opci\u00f3n.<\/li>\n<\/ul>\n\n\n\n<p>Como se trata de una fiesta, si el ni\u00f1o no lo est\u00e1 pasando bien por el&nbsp;<strong>miedo a&nbsp;<em>Halloween<\/em>,&nbsp;<\/strong>lo mejor es que no participe. <strong>Esperar a que est\u00e9 listo o lista<\/strong> y sea quien proponga acudir a la fiesta es la mejor opci\u00f3n. Ya habr\u00e1 tiempo para hacerlo.<\/p>\n\n\n\n<p><strong>\u00bfCelebr\u00e1is&nbsp;<em>Halloween<\/em>&nbsp;en casa?<\/strong> \u00bfC\u00f3mo gestion\u00e1is los miedos?<\/p>\n\n\n\n<p><strong>Fuentes:<\/strong><\/p>\n\n\n\n<p><a href=\"https:\/\/compartirenfamilia.com\/emociones\/y-si-mi-hijo-tiene-miedo-de-la-fiesta-de-halloween.html\">\u00bfY si mi hijo tiene miedo de la fiesta de Halloween?<\/a> \u2013 Compartir en familia<\/p>\n\n\n\n<p><a href=\"https:\/\/centrointegravalencia.com\/evitar-miedo-ninos-halloween\/\">6 consejos para evitar que tu hijo tenga miedo en Halloween<\/a> \u2013 Centro Integra Valencia<\/p>\n\n\n\n<p><a href=\"https:\/\/www.bebesymas.com\/consejos\/halloween-una-buena-oportunidad-para-ayudar-a-tu-hijo-a-superar-sus-miedos\">Halloween, una buena oportunidad para ayudar a tu hijo a superar sus miedos<\/a> \u2013 Beb\u00e9s y M\u00e1s<\/p>\n\n\n<div class=\"wp-block-image\">\n<figure class=\"aligncenter\"><a href=\"https:\/\/www.suavinex.com\/livingsuavinex\/registro-crm\/\"><img loading=\"lazy\" decoding=\"async\" width=\"690\" height=\"212\" src=\"https:\/\/www.suavinex.com\/livingsuavinex\/wp-content\/uploads\/2021\/11\/Suavinex-Newsletter.jpg\" alt=\"Suavinex Newsletter\" class=\"wp-image-42187\" srcset=\"https:\/\/www.suavinex.com\/livingsuavinex\/wp-content\/uploads\/2021\/11\/Suavinex-Newsletter.jpg 690w, https:\/\/www.suavinex.com\/livingsuavinex\/wp-content\/uploads\/2021\/11\/Suavinex-Newsletter-300x92.jpg 300w, https:\/\/www.suavinex.com\/livingsuavinex\/wp-content\/uploads\/2021\/11\/Suavinex-Newsletter-200x61.jpg 200w, https:\/\/www.suavinex.com\/livingsuavinex\/wp-content\/uploads\/2021\/11\/Suavinex-Newsletter-400x123.jpg 400w, https:\/\/www.suavinex.com\/livingsuavinex\/wp-content\/uploads\/2021\/11\/Suavinex-Newsletter-600x184.jpg 600w\" sizes=\"auto, (max-width: 690px) 100vw, 690px\" \/><\/a><\/figure><\/div>","protected":false},"excerpt":{"rendered":"La fiesta de&nbsp;Halloween&nbsp;es una de las m\u00e1s divertidas del a\u00f1o para peque\u00f1os y mayores. En el origen de la fiesta est\u00e1 la tradici\u00f3n celta de Samhain que marcaba el fin de la cosecha y la temporada de invierno. Esa noche, los muertos volv\u00edan al mundo de los vivos para poseerlos&#8230;. <a class=\"view-article\" href=\"https:\/\/www.suavinex.com\/livingsuavinex\/miedo-a-halloween\/\">Ver art\u00edculo<\/a>","protected":false},"author":295,"featured_media":43333,"comment_status":"open","ping_status":"open","sticky":false,"template":"","format":"standard","meta":{"inline_featured_image":false,"footnotes":""},"categories":[2272],"tags":[9,191],"class_list":["post-39959","post","type-post","status-publish","format-standard","has-post-thumbnail","hentry","category-tips-crianza","tag-maternidad","tag-paternidad"],"yoast_head":"<!-- This site is optimized with the Yoast SEO plugin v26.8 - https:\/\/yoast.com\/product\/yoast-seo-wordpress\/ -->\n<title>\u00bfQu\u00e9 hago si mi hijo tiene miedo a Halloween?<\/title>\n<meta name=\"description\" content=\"Descubre c\u00f3mo ayudarle si la fiesta m\u00e1s terror\u00edfica del a\u00f1o, en vez de ser divertida, a tu hijo le da miedo Halloween.\" \/>\n<meta name=\"robots\" content=\"index, follow, max-snippet:-1, max-image-preview:large, max-video-preview:-1\" \/>\n<link rel=\"canonical\" href=\"https:\/\/www.suavinex.com\/livingsuavinex\/miedo-a-halloween\/\" \/>\n<meta property=\"og:locale\" content=\"es_ES\" \/>\n<meta property=\"og:type\" content=\"article\" \/>\n<meta property=\"og:title\" content=\"\u00bfQu\u00e9 hago si mi hijo tiene miedo a Halloween?\" \/>\n<meta property=\"og:description\" content=\"Descubre c\u00f3mo ayudarle si la fiesta m\u00e1s terror\u00edfica del a\u00f1o, en vez de ser divertida, a tu hijo le da miedo Halloween.\" \/>\n<meta property=\"og:url\" content=\"https:\/\/www.suavinex.com\/livingsuavinex\/miedo-a-halloween\/\" \/>\n<meta property=\"og:site_name\" content=\"Living Suavinex\" \/>\n<meta property=\"article:publisher\" content=\"https:\/\/www.facebook.com\/SuavinexSpain\" \/>\n<meta property=\"article:published_time\" content=\"2022-10-28T05:00:52+00:00\" \/>\n<meta property=\"article:modified_time\" content=\"2025-12-26T12:44:56+00:00\" \/>\n<meta property=\"og:image\" content=\"https:\/\/www.suavinex.com\/livingsuavinex\/wp-content\/uploads\/2019\/10\/miedo-halloween.png\" \/>\n\t<meta property=\"og:image:width\" content=\"1200\" \/>\n\t<meta property=\"og:image:height\" content=\"800\" \/>\n\t<meta property=\"og:image:type\" content=\"image\/png\" \/>\n<meta name=\"author\" content=\"Suavinex Central\" \/>\n<meta name=\"twitter:card\" content=\"summary_large_image\" \/>\n<meta name=\"twitter:creator\" content=\"@SuavinexSpain\" \/>\n<meta name=\"twitter:site\" content=\"@SuavinexSpain\" \/>\n<meta name=\"twitter:label1\" content=\"Escrito por\" \/>\n\t<meta name=\"twitter:data1\" content=\"Suavinex Central\" \/>\n\t<meta name=\"twitter:label2\" content=\"Tiempo de lectura\" \/>\n\t<meta name=\"twitter:data2\" content=\"6 minutos\" \/>\n<script type=\"application\/ld+json\" class=\"yoast-schema-graph\">{\"@context\":\"https:\/\/schema.org\",\"@graph\":[{\"@type\":\"Article\",\"@id\":\"https:\/\/www.suavinex.com\/livingsuavinex\/miedo-a-halloween\/#article\",\"isPartOf\":{\"@id\":\"https:\/\/www.suavinex.com\/livingsuavinex\/miedo-a-halloween\/\"},\"author\":{\"name\":\"Suavinex Central\",\"@id\":\"https:\/\/www.suavinex.com\/livingsuavinex\/#\/schema\/person\/836d83f4b1821b11b7b47cffd08f1ecb\"},\"headline\":\"\u00bfQu\u00e9 hago si mi hijo tiene miedo a Halloween?\",\"datePublished\":\"2022-10-28T05:00:52+00:00\",\"dateModified\":\"2025-12-26T12:44:56+00:00\",\"mainEntityOfPage\":{\"@id\":\"https:\/\/www.suavinex.com\/livingsuavinex\/miedo-a-halloween\/\"},\"wordCount\":1043,\"commentCount\":0,\"publisher\":{\"@id\":\"https:\/\/www.suavinex.com\/livingsuavinex\/#organization\"},\"image\":{\"@id\":\"https:\/\/www.suavinex.com\/livingsuavinex\/miedo-a-halloween\/#primaryimage\"},\"thumbnailUrl\":\"https:\/\/www.suavinex.com\/livingsuavinex\/wp-content\/uploads\/2019\/10\/miedo-halloween.png\",\"keywords\":[\"Maternidad\",\"Paternidad\"],\"articleSection\":[\"Tips de crianza\"],\"inLanguage\":\"es\"},{\"@type\":\"WebPage\",\"@id\":\"https:\/\/www.suavinex.com\/livingsuavinex\/miedo-a-halloween\/\",\"url\":\"https:\/\/www.suavinex.com\/livingsuavinex\/miedo-a-halloween\/\",\"name\":\"\u00bfQu\u00e9 hago si mi hijo tiene miedo a Halloween?\",\"isPartOf\":{\"@id\":\"https:\/\/www.suavinex.com\/livingsuavinex\/#website\"},\"primaryImageOfPage\":{\"@id\":\"https:\/\/www.suavinex.com\/livingsuavinex\/miedo-a-halloween\/#primaryimage\"},\"image\":{\"@id\":\"https:\/\/www.suavinex.com\/livingsuavinex\/miedo-a-halloween\/#primaryimage\"},\"thumbnailUrl\":\"https:\/\/www.suavinex.com\/livingsuavinex\/wp-content\/uploads\/2019\/10\/miedo-halloween.png\",\"datePublished\":\"2022-10-28T05:00:52+00:00\",\"dateModified\":\"2025-12-26T12:44:56+00:00\",\"description\":\"Descubre c\u00f3mo ayudarle si la fiesta m\u00e1s terror\u00edfica del a\u00f1o, en vez de ser divertida, a tu hijo le da miedo Halloween.\",\"breadcrumb\":{\"@id\":\"https:\/\/www.suavinex.com\/livingsuavinex\/miedo-a-halloween\/#breadcrumb\"},\"inLanguage\":\"es\",\"potentialAction\":[{\"@type\":\"ReadAction\",\"target\":[\"https:\/\/www.suavinex.com\/livingsuavinex\/miedo-a-halloween\/\"]}]},{\"@type\":\"ImageObject\",\"inLanguage\":\"es\",\"@id\":\"https:\/\/www.suavinex.com\/livingsuavinex\/miedo-a-halloween\/#primaryimage\",\"url\":\"https:\/\/www.suavinex.com\/livingsuavinex\/wp-content\/uploads\/2019\/10\/miedo-halloween.png\",\"contentUrl\":\"https:\/\/www.suavinex.com\/livingsuavinex\/wp-content\/uploads\/2019\/10\/miedo-halloween.png\",\"width\":1200,\"height\":800,\"caption\":\"Miedo a Haloween ni\u00f1os\"},{\"@type\":\"BreadcrumbList\",\"@id\":\"https:\/\/www.suavinex.com\/livingsuavinex\/miedo-a-halloween\/#breadcrumb\",\"itemListElement\":[{\"@type\":\"ListItem\",\"position\":1,\"name\":\"Portada\",\"item\":\"https:\/\/www.suavinex.com\/livingsuavinex\/\"},{\"@type\":\"ListItem\",\"position\":2,\"name\":\"\u00bfQu\u00e9 hago si mi hijo tiene miedo a Halloween?\"}]},{\"@type\":\"WebSite\",\"@id\":\"https:\/\/www.suavinex.com\/livingsuavinex\/#website\",\"url\":\"https:\/\/www.suavinex.com\/livingsuavinex\/\",\"name\":\"Living Suavinex\",\"description\":\"| Familias reales\",\"publisher\":{\"@id\":\"https:\/\/www.suavinex.com\/livingsuavinex\/#organization\"},\"potentialAction\":[{\"@type\":\"SearchAction\",\"target\":{\"@type\":\"EntryPoint\",\"urlTemplate\":\"https:\/\/www.suavinex.com\/livingsuavinex\/?s={search_term_string}\"},\"query-input\":{\"@type\":\"PropertyValueSpecification\",\"valueRequired\":true,\"valueName\":\"search_term_string\"}}],\"inLanguage\":\"es\"},{\"@type\":\"Organization\",\"@id\":\"https:\/\/www.suavinex.com\/livingsuavinex\/#organization\",\"name\":\"Suavinex\",\"url\":\"https:\/\/www.suavinex.com\/livingsuavinex\/\",\"logo\":{\"@type\":\"ImageObject\",\"inLanguage\":\"es\",\"@id\":\"https:\/\/www.suavinex.com\/livingsuavinex\/#\/schema\/logo\/image\/\",\"url\":\"https:\/\/www.suavinex.com\/livingsuavinex\/wp-content\/uploads\/2018\/07\/living_sx_logo_mvl.png\",\"contentUrl\":\"https:\/\/www.suavinex.com\/livingsuavinex\/wp-content\/uploads\/2018\/07\/living_sx_logo_mvl.png\",\"width\":350,\"height\":70,\"caption\":\"Suavinex\"},\"image\":{\"@id\":\"https:\/\/www.suavinex.com\/livingsuavinex\/#\/schema\/logo\/image\/\"},\"sameAs\":[\"https:\/\/www.facebook.com\/SuavinexSpain\",\"https:\/\/x.com\/SuavinexSpain\",\"https:\/\/www.instagram.com\/suavinex_spain\/\",\"https:\/\/www.pinterest.es\/SuavinexSpain\/\",\"https:\/\/www.youtube.com\/channel\/UCgeJREx2R_ZvV2aQMrfWgcA\"]},{\"@type\":\"Person\",\"@id\":\"https:\/\/www.suavinex.com\/livingsuavinex\/#\/schema\/person\/836d83f4b1821b11b7b47cffd08f1ecb\",\"name\":\"Suavinex Central\",\"image\":{\"@type\":\"ImageObject\",\"inLanguage\":\"es\",\"@id\":\"https:\/\/www.suavinex.com\/livingsuavinex\/#\/schema\/person\/image\/\",\"url\":\"https:\/\/secure.gravatar.com\/avatar\/bd43680b784882668035add29f959967?s=96&d=mm&r=g\",\"contentUrl\":\"https:\/\/secure.gravatar.com\/avatar\/bd43680b784882668035add29f959967?s=96&d=mm&r=g\",\"caption\":\"Suavinex Central\"}}]}<\/script>\n<!-- \/ Yoast SEO plugin. -->","yoast_head_json":{"title":"\u00bfQu\u00e9 hago si mi hijo tiene miedo a Halloween?","description":"Descubre c\u00f3mo ayudarle si la fiesta m\u00e1s terror\u00edfica del a\u00f1o, en vez de ser divertida, a tu hijo le da miedo Halloween.","robots":{"index":"index","follow":"follow","max-snippet":"max-snippet:-1","max-image-preview":"max-image-preview:large","max-video-preview":"max-video-preview:-1"},"canonical":"https:\/\/www.suavinex.com\/livingsuavinex\/miedo-a-halloween\/","og_locale":"es_ES","og_type":"article","og_title":"\u00bfQu\u00e9 hago si mi hijo tiene miedo a Halloween?","og_description":"Descubre c\u00f3mo ayudarle si la fiesta m\u00e1s terror\u00edfica del a\u00f1o, en vez de ser divertida, a tu hijo le da miedo Halloween.","og_url":"https:\/\/www.suavinex.com\/livingsuavinex\/miedo-a-halloween\/","og_site_name":"Living Suavinex","article_publisher":"https:\/\/www.facebook.com\/SuavinexSpain","article_published_time":"2022-10-28T05:00:52+00:00","article_modified_time":"2025-12-26T12:44:56+00:00","og_image":[{"width":1200,"height":800,"url":"https:\/\/www.suavinex.com\/livingsuavinex\/wp-content\/uploads\/2019\/10\/miedo-halloween.png","type":"image\/png"}],"author":"Suavinex Central","twitter_card":"summary_large_image","twitter_creator":"@SuavinexSpain","twitter_site":"@SuavinexSpain","twitter_misc":{"Escrito por":"Suavinex Central","Tiempo de lectura":"6 minutos"},"schema":{"@context":"https:\/\/schema.org","@graph":[{"@type":"Article","@id":"https:\/\/www.suavinex.com\/livingsuavinex\/miedo-a-halloween\/#article","isPartOf":{"@id":"https:\/\/www.suavinex.com\/livingsuavinex\/miedo-a-halloween\/"},"author":{"name":"Suavinex Central","@id":"https:\/\/www.suavinex.com\/livingsuavinex\/#\/schema\/person\/836d83f4b1821b11b7b47cffd08f1ecb"},"headline":"\u00bfQu\u00e9 hago si mi hijo tiene miedo a Halloween?","datePublished":"2022-10-28T05:00:52+00:00","dateModified":"2025-12-26T12:44:56+00:00","mainEntityOfPage":{"@id":"https:\/\/www.suavinex.com\/livingsuavinex\/miedo-a-halloween\/"},"wordCount":1043,"commentCount":0,"publisher":{"@id":"https:\/\/www.suavinex.com\/livingsuavinex\/#organization"},"image":{"@id":"https:\/\/www.suavinex.com\/livingsuavinex\/miedo-a-halloween\/#primaryimage"},"thumbnailUrl":"https:\/\/www.suavinex.com\/livingsuavinex\/wp-content\/uploads\/2019\/10\/miedo-halloween.png","keywords":["Maternidad","Paternidad"],"articleSection":["Tips de crianza"],"inLanguage":"es"},{"@type":"WebPage","@id":"https:\/\/www.suavinex.com\/livingsuavinex\/miedo-a-halloween\/","url":"https:\/\/www.suavinex.com\/livingsuavinex\/miedo-a-halloween\/","name":"\u00bfQu\u00e9 hago si mi hijo tiene miedo a Halloween?","isPartOf":{"@id":"https:\/\/www.suavinex.com\/livingsuavinex\/#website"},"primaryImageOfPage":{"@id":"https:\/\/www.suavinex.com\/livingsuavinex\/miedo-a-halloween\/#primaryimage"},"image":{"@id":"https:\/\/www.suavinex.com\/livingsuavinex\/miedo-a-halloween\/#primaryimage"},"thumbnailUrl":"https:\/\/www.suavinex.com\/livingsuavinex\/wp-content\/uploads\/2019\/10\/miedo-halloween.png","datePublished":"2022-10-28T05:00:52+00:00","dateModified":"2025-12-26T12:44:56+00:00","description":"Descubre c\u00f3mo ayudarle si la fiesta m\u00e1s terror\u00edfica del a\u00f1o, en vez de ser divertida, a tu hijo le da miedo Halloween.","breadcrumb":{"@id":"https:\/\/www.suavinex.com\/livingsuavinex\/miedo-a-halloween\/#breadcrumb"},"inLanguage":"es","potentialAction":[{"@type":"ReadAction","target":["https:\/\/www.suavinex.com\/livingsuavinex\/miedo-a-halloween\/"]}]},{"@type":"ImageObject","inLanguage":"es","@id":"https:\/\/www.suavinex.com\/livingsuavinex\/miedo-a-halloween\/#primaryimage","url":"https:\/\/www.suavinex.com\/livingsuavinex\/wp-content\/uploads\/2019\/10\/miedo-halloween.png","contentUrl":"https:\/\/www.suavinex.com\/livingsuavinex\/wp-content\/uploads\/2019\/10\/miedo-halloween.png","width":1200,"height":800,"caption":"Miedo a Haloween ni\u00f1os"},{"@type":"BreadcrumbList","@id":"https:\/\/www.suavinex.com\/livingsuavinex\/miedo-a-halloween\/#breadcrumb","itemListElement":[{"@type":"ListItem","position":1,"name":"Portada","item":"https:\/\/www.suavinex.com\/livingsuavinex\/"},{"@type":"ListItem","position":2,"name":"\u00bfQu\u00e9 hago si mi hijo tiene miedo a Halloween?"}]},{"@type":"WebSite","@id":"https:\/\/www.suavinex.com\/livingsuavinex\/#website","url":"https:\/\/www.suavinex.com\/livingsuavinex\/","name":"Living Suavinex","description":"| Familias reales","publisher":{"@id":"https:\/\/www.suavinex.com\/livingsuavinex\/#organization"},"potentialAction":[{"@type":"SearchAction","target":{"@type":"EntryPoint","urlTemplate":"https:\/\/www.suavinex.com\/livingsuavinex\/?s={search_term_string}"},"query-input":{"@type":"PropertyValueSpecification","valueRequired":true,"valueName":"search_term_string"}}],"inLanguage":"es"},{"@type":"Organization","@id":"https:\/\/www.suavinex.com\/livingsuavinex\/#organization","name":"Suavinex","url":"https:\/\/www.suavinex.com\/livingsuavinex\/","logo":{"@type":"ImageObject","inLanguage":"es","@id":"https:\/\/www.suavinex.com\/livingsuavinex\/#\/schema\/logo\/image\/","url":"https:\/\/www.suavinex.com\/livingsuavinex\/wp-content\/uploads\/2018\/07\/living_sx_logo_mvl.png","contentUrl":"https:\/\/www.suavinex.com\/livingsuavinex\/wp-content\/uploads\/2018\/07\/living_sx_logo_mvl.png","width":350,"height":70,"caption":"Suavinex"},"image":{"@id":"https:\/\/www.suavinex.com\/livingsuavinex\/#\/schema\/logo\/image\/"},"sameAs":["https:\/\/www.facebook.com\/SuavinexSpain","https:\/\/x.com\/SuavinexSpain","https:\/\/www.instagram.com\/suavinex_spain\/","https:\/\/www.pinterest.es\/SuavinexSpain\/","https:\/\/www.youtube.com\/channel\/UCgeJREx2R_ZvV2aQMrfWgcA"]},{"@type":"Person","@id":"https:\/\/www.suavinex.com\/livingsuavinex\/#\/schema\/person\/836d83f4b1821b11b7b47cffd08f1ecb","name":"Suavinex Central","image":{"@type":"ImageObject","inLanguage":"es","@id":"https:\/\/www.suavinex.com\/livingsuavinex\/#\/schema\/person\/image\/","url":"https:\/\/secure.gravatar.com\/avatar\/bd43680b784882668035add29f959967?s=96&d=mm&r=g","contentUrl":"https:\/\/secure.gravatar.com\/avatar\/bd43680b784882668035add29f959967?s=96&d=mm&r=g","caption":"Suavinex Central"}}]}},"_links":{"self":[{"href":"https:\/\/www.suavinex.com\/livingsuavinex\/wp-json\/wp\/v2\/posts\/39959","targetHints":{"allow":["GET"]}}],"collection":[{"href":"https:\/\/www.suavinex.com\/livingsuavinex\/wp-json\/wp\/v2\/posts"}],"about":[{"href":"https:\/\/www.suavinex.com\/livingsuavinex\/wp-json\/wp\/v2\/types\/post"}],"author":[{"embeddable":true,"href":"https:\/\/www.suavinex.com\/livingsuavinex\/wp-json\/wp\/v2\/users\/295"}],"replies":[{"embeddable":true,"href":"https:\/\/www.suavinex.com\/livingsuavinex\/wp-json\/wp\/v2\/comments?post=39959"}],"version-history":[{"count":9,"href":"https:\/\/www.suavinex.com\/livingsuavinex\/wp-json\/wp\/v2\/posts\/39959\/revisions"}],"predecessor-version":[{"id":46912,"href":"https:\/\/www.suavinex.com\/livingsuavinex\/wp-json\/wp\/v2\/posts\/39959\/revisions\/46912"}],"wp:featuredmedia":[{"embeddable":true,"href":"https:\/\/www.suavinex.com\/livingsuavinex\/wp-json\/wp\/v2\/media\/43333"}],"wp:attachment":[{"href":"https:\/\/www.suavinex.com\/livingsuavinex\/wp-json\/wp\/v2\/media?parent=39959"}],"wp:term":[{"taxonomy":"category","embeddable":true,"href":"https:\/\/www.suavinex.com\/livingsuavinex\/wp-json\/wp\/v2\/categories?post=39959"},{"taxonomy":"post_tag","embeddable":true,"href":"https:\/\/www.suavinex.com\/livingsuavinex\/wp-json\/wp\/v2\/tags?post=39959"}],"curies":[{"name":"wp","href":"https:\/\/api.w.org\/{rel}","templated":true}]}}