{"id":39710,"date":"2019-09-09T06:24:00","date_gmt":"2019-09-09T04:24:00","guid":{"rendered":"https:\/\/www.suavinex.com\/livingsuavinex\/?p=39710"},"modified":"2023-08-04T11:13:50","modified_gmt":"2023-08-04T09:13:50","slug":"nueva-coleccion-pret-a-porter","status":"publish","type":"post","link":"https:\/\/www.suavinex.com\/livingsuavinex\/nueva-coleccion-pret-a-porter\/","title":{"rendered":"Celebra la vida con la nueva colecci\u00f3n Pr\u00eat-\u00e0-porter"},"content":{"rendered":"<p>Septiembre, es el mes de la renovaci\u00f3n. El oto\u00f1o empieza a asomar al final del calendario. La ca\u00edda de las hojas ser\u00e1 el comienzo de un proceso de cambio profundo que culminar\u00e1 en la llegada de la primavera. Septiembre es el momento ideal para presentar novedades. Como ocurre con las estaciones, Suavinex tambi\u00e9n se renueva para permanecer a la <strong>vanguardia <\/strong>del <strong>dise\u00f1o<\/strong> y la <strong>innovaci\u00f3n<\/strong>. \u00bfQuieres conocer todo lo nuevo que tenemos para ti? Presentamos los tres nuevos dise\u00f1os de la colecci\u00f3n <strong>Pr\u00e8t-\u00e0-porter,<\/strong> que actualizan los presentados en 2017. Y vienen acompa\u00f1ados de una novedad muy reclamada por los fans de la marca. \u00a1Te lo contamos todo!<\/p>\n<h2>Los nuevos dise\u00f1os de la colecci\u00f3n Pr\u00eat-\u00e0-porter<\/h2>\n<p>La nueva <strong>colecci\u00f3n Pr\u00eat-\u00e0-porter de Suavinex<\/strong> combina toques art\u00edsticos, minimalistas y naturales en una invitaci\u00f3n a descubrir la perfecci\u00f3n de lo imperfecto. Se inspira en una filosof\u00eda de vida optimista y agradecida, que tiene su reflejo en los nuevos dise\u00f1os. Beben de distintas fuentes con el objetivo de que siempre tengas una opci\u00f3n que se adapte a tus gustos y necesidades, tanto en patrones y gama de color, como en materiales y tallas. Los dise\u00f1os de Pr\u00eat-\u00e0-porter son:<img loading=\"lazy\" decoding=\"async\" class=\"alignleft size-medium wp-image-39738\" src=\"https:\/\/www.suavinex.com\/livingsuavinex\/wp-content\/uploads\/2019\/09\/picnic_anatomica-265x300.png\" alt=\"Colecci\u00f3n Pr\u00eat-\u00e0-porter dise\u00f1o Picnic Party\" width=\"265\" height=\"300\" srcset=\"https:\/\/www.suavinex.com\/livingsuavinex\/wp-content\/uploads\/2019\/09\/picnic_anatomica-265x300.png 265w, https:\/\/www.suavinex.com\/livingsuavinex\/wp-content\/uploads\/2019\/09\/picnic_anatomica-200x227.png 200w, https:\/\/www.suavinex.com\/livingsuavinex\/wp-content\/uploads\/2019\/09\/picnic_anatomica-400x453.png 400w, https:\/\/www.suavinex.com\/livingsuavinex\/wp-content\/uploads\/2019\/09\/picnic_anatomica-600x680.png 600w, https:\/\/www.suavinex.com\/livingsuavinex\/wp-content\/uploads\/2019\/09\/picnic_anatomica.png 610w\" sizes=\"auto, (max-width: 265px) 100vw, 265px\" \/><\/p>\n<ul>\n<li style=\"list-style-type: none;\">\n<ul>\n<li><strong>Picnic <em>Party<\/em>, <\/strong>inspirado en los ratos de campo y playa que se comparten en familia, construyendo recuerdos juntos. Est\u00e1 protagonizado por estampados frutales, cuadros y colores en\u00e9rgicos y refrescantes, con aplicaciones en rosa y azul.<\/li>\n<\/ul>\n<\/li>\n<\/ul>\n<ul>\n<li style=\"list-style-type: none;\">\n<ul>\n<li><strong>Botanical<\/strong> es una celebraci\u00f3n de la naturaleza, de los patios y jardines repletos de plantas y flores. Se trata de un dise\u00f1o minimalista que apuesta por los tonos verdes y grises propios de la naturaleza.<\/li>\n<\/ul>\n<\/li>\n<\/ul>\n<ul>\n<li style=\"list-style-type: none;\">\n<ul>\n<li><em><strong>Thank You<\/strong><\/em> habla de la actitud positiva ante la vida, dando las gracias por lo que se tiene o vendr\u00e1. Es el dise\u00f1o m\u00e1s art\u00edstico de los tres, con un trazado a mano que reivindica lo perfecto de la imperfecci\u00f3n. Podr\u00e1s encontrarlo en dos aplicaciones con rosa y azul.<\/li>\n<\/ul>\n<\/li>\n<\/ul>\n<p>En Pr\u00eat-\u00e0-porter encontrar\u00e1s chupetes, broches y biberones cuidados al detalle con los que podr\u00e1s conseguir un <em>total look <\/em>para tu beb\u00e9. Se trata de aut\u00e9nticos complementos de moda que hablan de su personalidad y permiten mostrar su lado m\u00e1s <em>trendy.<\/em><\/p>\n<h2>\u00a0Nuevo biber\u00f3n con tetina anat\u00f3mica de silicona<\/h2>\n<p><span style=\"font-size: inherit; letter-spacing: 0px;\">El <\/span><em style=\"font-size: inherit; letter-spacing: 0px;\">restyling<\/em><span style=\"font-size: inherit; letter-spacing: 0px;\"> no es la \u00fanica novedad que trae la <\/span><strong style=\"font-size: inherit; letter-spacing: 0px;\">colecci\u00f3n Pr\u00e8t-\u00e0-porter de Suavinex<\/strong><span style=\"font-size: inherit; letter-spacing: 0px;\">. Tambi\u00e9n damos la bienvenida al nuevo<\/span><strong style=\"font-size: inherit; letter-spacing: 0px;\"> biber\u00f3n con tetina anat\u00f3mica de silicona<\/strong><span style=\"font-size: inherit; letter-spacing: 0px;\">. Un material muy resistente, que no absorbe olores ni sabores y cuyo tama\u00f1o no var\u00eda con el uso. Su forma imita la forma del pez\u00f3n materno durante la succi\u00f3n y se adapta al paladar del beb\u00e9. <img loading=\"lazy\" decoding=\"async\" class=\"size-medium wp-image-39739 alignright\" src=\"https:\/\/www.suavinex.com\/livingsuavinex\/wp-content\/uploads\/2019\/09\/thankyou_anatomica-265x300.png\" alt=\"Colecci\u00f3n Pr\u00eat-\u00e0-porter dise\u00f1o Thank You\" width=\"265\" height=\"300\" srcset=\"https:\/\/www.suavinex.com\/livingsuavinex\/wp-content\/uploads\/2019\/09\/thankyou_anatomica-265x300.png 265w, https:\/\/www.suavinex.com\/livingsuavinex\/wp-content\/uploads\/2019\/09\/thankyou_anatomica-200x227.png 200w, https:\/\/www.suavinex.com\/livingsuavinex\/wp-content\/uploads\/2019\/09\/thankyou_anatomica-400x453.png 400w, https:\/\/www.suavinex.com\/livingsuavinex\/wp-content\/uploads\/2019\/09\/thankyou_anatomica-600x680.png 600w, https:\/\/www.suavinex.com\/livingsuavinex\/wp-content\/uploads\/2019\/09\/thankyou_anatomica.png 610w\" sizes=\"auto, (max-width: 265px) 100vw, 265px\" \/><\/span><\/p>\n<p>El biber\u00f3n con tetina anat\u00f3mica de silicona est\u00e1 disponible en dos tallas:<\/p>\n<ul>\n<li style=\"list-style-type: none;\">\n<ul>\n<li>Talla 1 (de 0\u00a0 a 6 meses). Puedes encontrarla en flujo lento (S) para los primeros d\u00edas de vida o agua; o flujo medio (M) para leche, zumo y papillas muy l\u00edquidas.<\/li>\n<\/ul>\n<\/li>\n<\/ul>\n<ul>\n<li style=\"list-style-type: none;\">\n<ul>\n<li>Talla 2 (a partir de 6 meses). Disponible en flujo medio (M) para leche, zumo y papillas muy l\u00edquidas; o flujo denso (L) para papillas densas, leche con cereales o beb\u00e9s muy comilones.<\/li>\n<\/ul>\n<\/li>\n<\/ul>\n<p>Podr\u00e1s encontrar botellas en tres medidas diferentes, una variedad muy completa capaz de adaptarse a para todas las necesidades:<\/p>\n<ul>\n<li style=\"list-style-type: none;\">\n<ul>\n<li>150 ml, con tetina flujo medio (M).<\/li>\n<\/ul>\n<\/li>\n<\/ul>\n<ul>\n<li style=\"list-style-type: none;\">\n<ul>\n<li>270 ml, con tetina flujo medio (M).<\/li>\n<\/ul>\n<\/li>\n<\/ul>\n<ul>\n<li style=\"list-style-type: none;\">\n<ul>\n<li>360 ml., con tetina flujo denso (L).<\/li>\n<\/ul>\n<\/li>\n<\/ul>\n<h2>Chupete anat\u00f3mico con broche a juego<\/h2>\n<p><img loading=\"lazy\" decoding=\"async\" class=\"alignleft size-medium wp-image-39737\" src=\"https:\/\/www.suavinex.com\/livingsuavinex\/wp-content\/uploads\/2019\/09\/botanical_anatomica-265x300.png\" alt=\"Colecci\u00f3n Pr\u00eat-\u00e0-porter dise\u00f1o Botanical\" width=\"265\" height=\"300\" srcset=\"https:\/\/www.suavinex.com\/livingsuavinex\/wp-content\/uploads\/2019\/09\/botanical_anatomica-265x300.png 265w, https:\/\/www.suavinex.com\/livingsuavinex\/wp-content\/uploads\/2019\/09\/botanical_anatomica-200x227.png 200w, https:\/\/www.suavinex.com\/livingsuavinex\/wp-content\/uploads\/2019\/09\/botanical_anatomica-400x453.png 400w, https:\/\/www.suavinex.com\/livingsuavinex\/wp-content\/uploads\/2019\/09\/botanical_anatomica-600x680.png 600w, https:\/\/www.suavinex.com\/livingsuavinex\/wp-content\/uploads\/2019\/09\/botanical_anatomica.png 610w\" sizes=\"auto, (max-width: 265px) 100vw, 265px\" \/>En la <strong>colecci\u00f3n Pr\u00e8t-\u00e0-porter de Suavinex<\/strong> te resultar\u00e1 muy f\u00e1cil encontrar el chupete adecuado. \u00bfTu beb\u00e9 es m\u00e1s de <strong><a href=\"https:\/\/www.suavinex.com\/livingsuavinex\/latex-silicona\/\" target=\"_blank\" rel=\"noopener noreferrer\">l\u00e1tex o de silicona<\/a><\/strong>? \u00a1Da igual, porque dispone de tetinas en los dos materiales. Ambas son anat\u00f3micas, es decir, imitan la forma del pez\u00f3n materno durante la succi\u00f3n y se adaptan perfectamente a la forma del paladar del beb\u00e9. Da igual que tu beb\u00e9 sea peque\u00f1o o un poco m\u00e1s mayor, en Pr\u00eat-\u00e0-porter encontrar\u00e1s la talla que necesita, ya que se encuentra en 0 &#8211; 6 meses; 6 &#8211; 18 meses y + 18 meses.<\/p>\n<p>Si te gusta que vaya perfectamente coordinado, est\u00e1s de enhorabuena, ya que dispones de<a href=\"https:\/\/www.suavinex.com\/chupetes-y-accesorios\/sujetachupetes\/broche-pinza-redondo-coleccion-pret-a-porter\/p\/000000000000153792.8?utm_source=livingpost&amp;utm_medium=best&amp;utm_campaign=190909_anatomica_best\" target=\"_blank\" rel=\"noopener noreferrer\"><strong> broches pinza<\/strong><\/a> para cada uno de los dise\u00f1os. Se trata de un <em>must<\/em> con el que evitar\u00e1s que el chupete se caiga al suelo y se ensucie o se pierda. Adem\u00e1s, ser\u00e1 el toque ideal para el look de tu beb\u00e9.<\/p>\n<p><strong><em>Thank You<\/em><\/strong>, <strong>Botanical<\/strong> y <strong>Picnic Party<\/strong> est\u00e1n disponibles en farmacias y parafarmacias. \u00bfA qu\u00e9 esperas para hacerte con la nueva colecci\u00f3n?<\/p>\n","protected":false},"excerpt":{"rendered":"Septiembre, es el mes de la renovaci\u00f3n. El oto\u00f1o empieza a asomar al final del calendario. La ca\u00edda de las hojas ser\u00e1 el comienzo de un proceso de cambio profundo que culminar\u00e1 en la llegada de la primavera. Septiembre es el momento ideal para presentar novedades. Como ocurre con las&#8230; <a class=\"view-article\" href=\"https:\/\/www.suavinex.com\/livingsuavinex\/nueva-coleccion-pret-a-porter\/\">Ver art\u00edculo<\/a>","protected":false},"author":295,"featured_media":39711,"comment_status":"open","ping_status":"open","sticky":false,"template":"","format":"standard","meta":{"inline_featured_image":false,"footnotes":""},"categories":[2277],"tags":[],"class_list":["post-39710","post","type-post","status-publish","format-standard","has-post-thumbnail","hentry","category-tendencias"],"yoast_head":"<!-- This site is optimized with the Yoast SEO plugin v26.8 - https:\/\/yoast.com\/product\/yoast-seo-wordpress\/ -->\n<title>Celebra la vida con la nueva colecci\u00f3n Pr\u00eat-\u00e0-porter | Living Suavinex<\/title>\n<meta name=\"description\" content=\"\u00a1Ya est\u00e1 aqu\u00ed! La nueva colecci\u00f3n Pr\u00eat-\u00e0-porter ha llegado, con tres nuevos dise\u00f1os con los que poner el acento en la perfecci\u00f3n de lo imperfecto.\" \/>\n<meta name=\"robots\" content=\"index, follow, max-snippet:-1, max-image-preview:large, max-video-preview:-1\" \/>\n<link rel=\"canonical\" href=\"https:\/\/www.suavinex.com\/livingsuavinex\/nueva-coleccion-pret-a-porter\/\" \/>\n<meta property=\"og:locale\" content=\"es_ES\" \/>\n<meta property=\"og:type\" content=\"article\" \/>\n<meta property=\"og:title\" content=\"Celebra la vida con la nueva colecci\u00f3n Pr\u00eat-\u00e0-porter | Living Suavinex\" \/>\n<meta property=\"og:description\" content=\"\u00a1Ya est\u00e1 aqu\u00ed! La nueva colecci\u00f3n Pr\u00eat-\u00e0-porter ha llegado, con tres nuevos dise\u00f1os con los que poner el acento en la perfecci\u00f3n de lo imperfecto.\" \/>\n<meta property=\"og:url\" content=\"https:\/\/www.suavinex.com\/livingsuavinex\/nueva-coleccion-pret-a-porter\/\" \/>\n<meta property=\"og:site_name\" content=\"Living Suavinex\" \/>\n<meta property=\"article:publisher\" content=\"https:\/\/www.facebook.com\/SuavinexSpain\" \/>\n<meta property=\"article:published_time\" content=\"2019-09-09T04:24:00+00:00\" \/>\n<meta property=\"article:modified_time\" content=\"2023-08-04T09:13:50+00:00\" \/>\n<meta property=\"og:image\" content=\"https:\/\/www.suavinex.com\/livingsuavinex\/wp-content\/uploads\/2019\/09\/nueva-anatomica-coleccion-Pret-a-porter-Suavinex.jpg\" \/>\n\t<meta property=\"og:image:width\" content=\"875\" \/>\n\t<meta property=\"og:image:height\" content=\"526\" \/>\n\t<meta property=\"og:image:type\" content=\"image\/jpeg\" \/>\n<meta name=\"author\" content=\"Suavinex Central\" \/>\n<meta name=\"twitter:card\" content=\"summary_large_image\" \/>\n<meta name=\"twitter:creator\" content=\"@SuavinexSpain\" \/>\n<meta name=\"twitter:site\" content=\"@SuavinexSpain\" \/>\n<meta name=\"twitter:label1\" content=\"Escrito por\" \/>\n\t<meta name=\"twitter:data1\" content=\"Suavinex Central\" \/>\n\t<meta name=\"twitter:label2\" content=\"Tiempo de lectura\" \/>\n\t<meta name=\"twitter:data2\" content=\"4 minutos\" \/>\n<script type=\"application\/ld+json\" class=\"yoast-schema-graph\">{\"@context\":\"https:\/\/schema.org\",\"@graph\":[{\"@type\":\"Article\",\"@id\":\"https:\/\/www.suavinex.com\/livingsuavinex\/nueva-coleccion-pret-a-porter\/#article\",\"isPartOf\":{\"@id\":\"https:\/\/www.suavinex.com\/livingsuavinex\/nueva-coleccion-pret-a-porter\/\"},\"author\":{\"name\":\"Suavinex Central\",\"@id\":\"https:\/\/www.suavinex.com\/livingsuavinex\/#\/schema\/person\/836d83f4b1821b11b7b47cffd08f1ecb\"},\"headline\":\"Celebra la vida con la nueva colecci\u00f3n Pr\u00eat-\u00e0-porter\",\"datePublished\":\"2019-09-09T04:24:00+00:00\",\"dateModified\":\"2023-08-04T09:13:50+00:00\",\"mainEntityOfPage\":{\"@id\":\"https:\/\/www.suavinex.com\/livingsuavinex\/nueva-coleccion-pret-a-porter\/\"},\"wordCount\":790,\"commentCount\":0,\"publisher\":{\"@id\":\"https:\/\/www.suavinex.com\/livingsuavinex\/#organization\"},\"image\":{\"@id\":\"https:\/\/www.suavinex.com\/livingsuavinex\/nueva-coleccion-pret-a-porter\/#primaryimage\"},\"thumbnailUrl\":\"https:\/\/www.suavinex.com\/livingsuavinex\/wp-content\/uploads\/2019\/09\/nueva-anatomica-coleccion-Pret-a-porter-Suavinex.jpg\",\"articleSection\":[\"Tendencias\"],\"inLanguage\":\"es\"},{\"@type\":\"WebPage\",\"@id\":\"https:\/\/www.suavinex.com\/livingsuavinex\/nueva-coleccion-pret-a-porter\/\",\"url\":\"https:\/\/www.suavinex.com\/livingsuavinex\/nueva-coleccion-pret-a-porter\/\",\"name\":\"Celebra la vida con la nueva colecci\u00f3n Pr\u00eat-\u00e0-porter | Living Suavinex\",\"isPartOf\":{\"@id\":\"https:\/\/www.suavinex.com\/livingsuavinex\/#website\"},\"primaryImageOfPage\":{\"@id\":\"https:\/\/www.suavinex.com\/livingsuavinex\/nueva-coleccion-pret-a-porter\/#primaryimage\"},\"image\":{\"@id\":\"https:\/\/www.suavinex.com\/livingsuavinex\/nueva-coleccion-pret-a-porter\/#primaryimage\"},\"thumbnailUrl\":\"https:\/\/www.suavinex.com\/livingsuavinex\/wp-content\/uploads\/2019\/09\/nueva-anatomica-coleccion-Pret-a-porter-Suavinex.jpg\",\"datePublished\":\"2019-09-09T04:24:00+00:00\",\"dateModified\":\"2023-08-04T09:13:50+00:00\",\"description\":\"\u00a1Ya est\u00e1 aqu\u00ed! La nueva colecci\u00f3n Pr\u00eat-\u00e0-porter ha llegado, con tres nuevos dise\u00f1os con los que poner el acento en la perfecci\u00f3n de lo imperfecto.\",\"breadcrumb\":{\"@id\":\"https:\/\/www.suavinex.com\/livingsuavinex\/nueva-coleccion-pret-a-porter\/#breadcrumb\"},\"inLanguage\":\"es\",\"potentialAction\":[{\"@type\":\"ReadAction\",\"target\":[\"https:\/\/www.suavinex.com\/livingsuavinex\/nueva-coleccion-pret-a-porter\/\"]}]},{\"@type\":\"ImageObject\",\"inLanguage\":\"es\",\"@id\":\"https:\/\/www.suavinex.com\/livingsuavinex\/nueva-coleccion-pret-a-porter\/#primaryimage\",\"url\":\"https:\/\/www.suavinex.com\/livingsuavinex\/wp-content\/uploads\/2019\/09\/nueva-anatomica-coleccion-Pret-a-porter-Suavinex.jpg\",\"contentUrl\":\"https:\/\/www.suavinex.com\/livingsuavinex\/wp-content\/uploads\/2019\/09\/nueva-anatomica-coleccion-Pret-a-porter-Suavinex.jpg\",\"width\":875,\"height\":526},{\"@type\":\"BreadcrumbList\",\"@id\":\"https:\/\/www.suavinex.com\/livingsuavinex\/nueva-coleccion-pret-a-porter\/#breadcrumb\",\"itemListElement\":[{\"@type\":\"ListItem\",\"position\":1,\"name\":\"Portada\",\"item\":\"https:\/\/www.suavinex.com\/livingsuavinex\/\"},{\"@type\":\"ListItem\",\"position\":2,\"name\":\"Celebra la vida con la nueva colecci\u00f3n Pr\u00eat-\u00e0-porter\"}]},{\"@type\":\"WebSite\",\"@id\":\"https:\/\/www.suavinex.com\/livingsuavinex\/#website\",\"url\":\"https:\/\/www.suavinex.com\/livingsuavinex\/\",\"name\":\"Living Suavinex\",\"description\":\"| Familias reales\",\"publisher\":{\"@id\":\"https:\/\/www.suavinex.com\/livingsuavinex\/#organization\"},\"potentialAction\":[{\"@type\":\"SearchAction\",\"target\":{\"@type\":\"EntryPoint\",\"urlTemplate\":\"https:\/\/www.suavinex.com\/livingsuavinex\/?s={search_term_string}\"},\"query-input\":{\"@type\":\"PropertyValueSpecification\",\"valueRequired\":true,\"valueName\":\"search_term_string\"}}],\"inLanguage\":\"es\"},{\"@type\":\"Organization\",\"@id\":\"https:\/\/www.suavinex.com\/livingsuavinex\/#organization\",\"name\":\"Suavinex\",\"url\":\"https:\/\/www.suavinex.com\/livingsuavinex\/\",\"logo\":{\"@type\":\"ImageObject\",\"inLanguage\":\"es\",\"@id\":\"https:\/\/www.suavinex.com\/livingsuavinex\/#\/schema\/logo\/image\/\",\"url\":\"https:\/\/www.suavinex.com\/livingsuavinex\/wp-content\/uploads\/2018\/07\/living_sx_logo_mvl.png\",\"contentUrl\":\"https:\/\/www.suavinex.com\/livingsuavinex\/wp-content\/uploads\/2018\/07\/living_sx_logo_mvl.png\",\"width\":350,\"height\":70,\"caption\":\"Suavinex\"},\"image\":{\"@id\":\"https:\/\/www.suavinex.com\/livingsuavinex\/#\/schema\/logo\/image\/\"},\"sameAs\":[\"https:\/\/www.facebook.com\/SuavinexSpain\",\"https:\/\/x.com\/SuavinexSpain\",\"https:\/\/www.instagram.com\/suavinex_spain\/\",\"https:\/\/www.pinterest.es\/SuavinexSpain\/\",\"https:\/\/www.youtube.com\/channel\/UCgeJREx2R_ZvV2aQMrfWgcA\"]},{\"@type\":\"Person\",\"@id\":\"https:\/\/www.suavinex.com\/livingsuavinex\/#\/schema\/person\/836d83f4b1821b11b7b47cffd08f1ecb\",\"name\":\"Suavinex Central\",\"image\":{\"@type\":\"ImageObject\",\"inLanguage\":\"es\",\"@id\":\"https:\/\/www.suavinex.com\/livingsuavinex\/#\/schema\/person\/image\/\",\"url\":\"https:\/\/secure.gravatar.com\/avatar\/bd43680b784882668035add29f959967?s=96&d=mm&r=g\",\"contentUrl\":\"https:\/\/secure.gravatar.com\/avatar\/bd43680b784882668035add29f959967?s=96&d=mm&r=g\",\"caption\":\"Suavinex Central\"}}]}<\/script>\n<!-- \/ Yoast SEO plugin. -->","yoast_head_json":{"title":"Celebra la vida con la nueva colecci\u00f3n Pr\u00eat-\u00e0-porter | Living Suavinex","description":"\u00a1Ya est\u00e1 aqu\u00ed! La nueva colecci\u00f3n Pr\u00eat-\u00e0-porter ha llegado, con tres nuevos dise\u00f1os con los que poner el acento en la perfecci\u00f3n de lo imperfecto.","robots":{"index":"index","follow":"follow","max-snippet":"max-snippet:-1","max-image-preview":"max-image-preview:large","max-video-preview":"max-video-preview:-1"},"canonical":"https:\/\/www.suavinex.com\/livingsuavinex\/nueva-coleccion-pret-a-porter\/","og_locale":"es_ES","og_type":"article","og_title":"Celebra la vida con la nueva colecci\u00f3n Pr\u00eat-\u00e0-porter | Living Suavinex","og_description":"\u00a1Ya est\u00e1 aqu\u00ed! La nueva colecci\u00f3n Pr\u00eat-\u00e0-porter ha llegado, con tres nuevos dise\u00f1os con los que poner el acento en la perfecci\u00f3n de lo imperfecto.","og_url":"https:\/\/www.suavinex.com\/livingsuavinex\/nueva-coleccion-pret-a-porter\/","og_site_name":"Living Suavinex","article_publisher":"https:\/\/www.facebook.com\/SuavinexSpain","article_published_time":"2019-09-09T04:24:00+00:00","article_modified_time":"2023-08-04T09:13:50+00:00","og_image":[{"width":875,"height":526,"url":"https:\/\/www.suavinex.com\/livingsuavinex\/wp-content\/uploads\/2019\/09\/nueva-anatomica-coleccion-Pret-a-porter-Suavinex.jpg","type":"image\/jpeg"}],"author":"Suavinex Central","twitter_card":"summary_large_image","twitter_creator":"@SuavinexSpain","twitter_site":"@SuavinexSpain","twitter_misc":{"Escrito por":"Suavinex Central","Tiempo de lectura":"4 minutos"},"schema":{"@context":"https:\/\/schema.org","@graph":[{"@type":"Article","@id":"https:\/\/www.suavinex.com\/livingsuavinex\/nueva-coleccion-pret-a-porter\/#article","isPartOf":{"@id":"https:\/\/www.suavinex.com\/livingsuavinex\/nueva-coleccion-pret-a-porter\/"},"author":{"name":"Suavinex Central","@id":"https:\/\/www.suavinex.com\/livingsuavinex\/#\/schema\/person\/836d83f4b1821b11b7b47cffd08f1ecb"},"headline":"Celebra la vida con la nueva colecci\u00f3n Pr\u00eat-\u00e0-porter","datePublished":"2019-09-09T04:24:00+00:00","dateModified":"2023-08-04T09:13:50+00:00","mainEntityOfPage":{"@id":"https:\/\/www.suavinex.com\/livingsuavinex\/nueva-coleccion-pret-a-porter\/"},"wordCount":790,"commentCount":0,"publisher":{"@id":"https:\/\/www.suavinex.com\/livingsuavinex\/#organization"},"image":{"@id":"https:\/\/www.suavinex.com\/livingsuavinex\/nueva-coleccion-pret-a-porter\/#primaryimage"},"thumbnailUrl":"https:\/\/www.suavinex.com\/livingsuavinex\/wp-content\/uploads\/2019\/09\/nueva-anatomica-coleccion-Pret-a-porter-Suavinex.jpg","articleSection":["Tendencias"],"inLanguage":"es"},{"@type":"WebPage","@id":"https:\/\/www.suavinex.com\/livingsuavinex\/nueva-coleccion-pret-a-porter\/","url":"https:\/\/www.suavinex.com\/livingsuavinex\/nueva-coleccion-pret-a-porter\/","name":"Celebra la vida con la nueva colecci\u00f3n Pr\u00eat-\u00e0-porter | Living Suavinex","isPartOf":{"@id":"https:\/\/www.suavinex.com\/livingsuavinex\/#website"},"primaryImageOfPage":{"@id":"https:\/\/www.suavinex.com\/livingsuavinex\/nueva-coleccion-pret-a-porter\/#primaryimage"},"image":{"@id":"https:\/\/www.suavinex.com\/livingsuavinex\/nueva-coleccion-pret-a-porter\/#primaryimage"},"thumbnailUrl":"https:\/\/www.suavinex.com\/livingsuavinex\/wp-content\/uploads\/2019\/09\/nueva-anatomica-coleccion-Pret-a-porter-Suavinex.jpg","datePublished":"2019-09-09T04:24:00+00:00","dateModified":"2023-08-04T09:13:50+00:00","description":"\u00a1Ya est\u00e1 aqu\u00ed! La nueva colecci\u00f3n Pr\u00eat-\u00e0-porter ha llegado, con tres nuevos dise\u00f1os con los que poner el acento en la perfecci\u00f3n de lo imperfecto.","breadcrumb":{"@id":"https:\/\/www.suavinex.com\/livingsuavinex\/nueva-coleccion-pret-a-porter\/#breadcrumb"},"inLanguage":"es","potentialAction":[{"@type":"ReadAction","target":["https:\/\/www.suavinex.com\/livingsuavinex\/nueva-coleccion-pret-a-porter\/"]}]},{"@type":"ImageObject","inLanguage":"es","@id":"https:\/\/www.suavinex.com\/livingsuavinex\/nueva-coleccion-pret-a-porter\/#primaryimage","url":"https:\/\/www.suavinex.com\/livingsuavinex\/wp-content\/uploads\/2019\/09\/nueva-anatomica-coleccion-Pret-a-porter-Suavinex.jpg","contentUrl":"https:\/\/www.suavinex.com\/livingsuavinex\/wp-content\/uploads\/2019\/09\/nueva-anatomica-coleccion-Pret-a-porter-Suavinex.jpg","width":875,"height":526},{"@type":"BreadcrumbList","@id":"https:\/\/www.suavinex.com\/livingsuavinex\/nueva-coleccion-pret-a-porter\/#breadcrumb","itemListElement":[{"@type":"ListItem","position":1,"name":"Portada","item":"https:\/\/www.suavinex.com\/livingsuavinex\/"},{"@type":"ListItem","position":2,"name":"Celebra la vida con la nueva colecci\u00f3n Pr\u00eat-\u00e0-porter"}]},{"@type":"WebSite","@id":"https:\/\/www.suavinex.com\/livingsuavinex\/#website","url":"https:\/\/www.suavinex.com\/livingsuavinex\/","name":"Living Suavinex","description":"| Familias reales","publisher":{"@id":"https:\/\/www.suavinex.com\/livingsuavinex\/#organization"},"potentialAction":[{"@type":"SearchAction","target":{"@type":"EntryPoint","urlTemplate":"https:\/\/www.suavinex.com\/livingsuavinex\/?s={search_term_string}"},"query-input":{"@type":"PropertyValueSpecification","valueRequired":true,"valueName":"search_term_string"}}],"inLanguage":"es"},{"@type":"Organization","@id":"https:\/\/www.suavinex.com\/livingsuavinex\/#organization","name":"Suavinex","url":"https:\/\/www.suavinex.com\/livingsuavinex\/","logo":{"@type":"ImageObject","inLanguage":"es","@id":"https:\/\/www.suavinex.com\/livingsuavinex\/#\/schema\/logo\/image\/","url":"https:\/\/www.suavinex.com\/livingsuavinex\/wp-content\/uploads\/2018\/07\/living_sx_logo_mvl.png","contentUrl":"https:\/\/www.suavinex.com\/livingsuavinex\/wp-content\/uploads\/2018\/07\/living_sx_logo_mvl.png","width":350,"height":70,"caption":"Suavinex"},"image":{"@id":"https:\/\/www.suavinex.com\/livingsuavinex\/#\/schema\/logo\/image\/"},"sameAs":["https:\/\/www.facebook.com\/SuavinexSpain","https:\/\/x.com\/SuavinexSpain","https:\/\/www.instagram.com\/suavinex_spain\/","https:\/\/www.pinterest.es\/SuavinexSpain\/","https:\/\/www.youtube.com\/channel\/UCgeJREx2R_ZvV2aQMrfWgcA"]},{"@type":"Person","@id":"https:\/\/www.suavinex.com\/livingsuavinex\/#\/schema\/person\/836d83f4b1821b11b7b47cffd08f1ecb","name":"Suavinex Central","image":{"@type":"ImageObject","inLanguage":"es","@id":"https:\/\/www.suavinex.com\/livingsuavinex\/#\/schema\/person\/image\/","url":"https:\/\/secure.gravatar.com\/avatar\/bd43680b784882668035add29f959967?s=96&d=mm&r=g","contentUrl":"https:\/\/secure.gravatar.com\/avatar\/bd43680b784882668035add29f959967?s=96&d=mm&r=g","caption":"Suavinex Central"}}]}},"_links":{"self":[{"href":"https:\/\/www.suavinex.com\/livingsuavinex\/wp-json\/wp\/v2\/posts\/39710","targetHints":{"allow":["GET"]}}],"collection":[{"href":"https:\/\/www.suavinex.com\/livingsuavinex\/wp-json\/wp\/v2\/posts"}],"about":[{"href":"https:\/\/www.suavinex.com\/livingsuavinex\/wp-json\/wp\/v2\/types\/post"}],"author":[{"embeddable":true,"href":"https:\/\/www.suavinex.com\/livingsuavinex\/wp-json\/wp\/v2\/users\/295"}],"replies":[{"embeddable":true,"href":"https:\/\/www.suavinex.com\/livingsuavinex\/wp-json\/wp\/v2\/comments?post=39710"}],"version-history":[{"count":11,"href":"https:\/\/www.suavinex.com\/livingsuavinex\/wp-json\/wp\/v2\/posts\/39710\/revisions"}],"predecessor-version":[{"id":44527,"href":"https:\/\/www.suavinex.com\/livingsuavinex\/wp-json\/wp\/v2\/posts\/39710\/revisions\/44527"}],"wp:featuredmedia":[{"embeddable":true,"href":"https:\/\/www.suavinex.com\/livingsuavinex\/wp-json\/wp\/v2\/media\/39711"}],"wp:attachment":[{"href":"https:\/\/www.suavinex.com\/livingsuavinex\/wp-json\/wp\/v2\/media?parent=39710"}],"wp:term":[{"taxonomy":"category","embeddable":true,"href":"https:\/\/www.suavinex.com\/livingsuavinex\/wp-json\/wp\/v2\/categories?post=39710"},{"taxonomy":"post_tag","embeddable":true,"href":"https:\/\/www.suavinex.com\/livingsuavinex\/wp-json\/wp\/v2\/tags?post=39710"}],"curies":[{"name":"wp","href":"https:\/\/api.w.org\/{rel}","templated":true}]}}