{"id":39594,"date":"2019-07-16T06:51:00","date_gmt":"2019-07-16T04:51:00","guid":{"rendered":"https:\/\/livingsuavinex.es\/?p=39523"},"modified":"2024-01-04T17:10:49","modified_gmt":"2024-01-04T16:10:49","slug":"mejor-edad-para-tener-hijos","status":"publish","type":"post","link":"https:\/\/www.suavinex.com\/livingsuavinex\/mejor-edad-para-tener-hijos\/","title":{"rendered":"\u00bfCu\u00e1l es la mejor edad para tener hijos?"},"content":{"rendered":"\n<p>La edad a la que las mujeres espa\u00f1olas deciden tener hijos sigue en un ascenso imparable desde hace d\u00e9cadas. Factores como la solvencia econ\u00f3mica o la carrera profesional pesan mucho m\u00e1s que antes, dejando de lado algunas otras cuestiones como la edad, claramente determinante para conseguir un embarazo. Mientras, las cl\u00ednicas de fertilidad cada vez ofrecen m\u00e1s opciones para poder hacerlo m\u00e1s tarde. La<strong> <a href=\"https:\/\/www.suavinex.com\/livingsuavinex\/congelacion-de-ovulos\/\">congelaci\u00f3n de \u00f3vulos<\/a><\/strong> mientras a\u00fan se est\u00e1 en la veintena o los primeros treinta es una de ellas, que salt\u00f3 a la primera plana cuando las empresas de Silicon Valley se decidieron a incluir este tipo de tratamientos entre sus beneficios para empleadas. Y, en medio de todo esto, la gran pregunta: \u00bfcu\u00e1l es la mejor edad para tener hijos? Parece que no hay una \u00fanica respuesta, pero vamos a tratar de despejar la ecuaci\u00f3n.<\/p>\n\n\n\n<h2 class=\"wp-block-heading\">El calendario de la fertilidad femenina<\/h2>\n\n\n\n<p>Si nos centramos \u00fanicamente en la biolog\u00eda, el calendario de la<strong> fertilidad femenina<\/strong> tiene claramente definidas sus etapas. Al nacer, la mujer lo hace con todos los \u00f3vulos que tendr\u00e1 a lo largo de su vida. En ese momento son dos millones, una cifra que desciende de manera significativa en la pubertad, hasta quedarse en un rango entre 300 000 y 500 000. La <strong><a label=\" (abre en una nueva pesta\u00f1a)\" href=\"https:\/\/www.suavinex.com\/livingsuavinex\/reserva-ovarica\/\" target=\"_blank\" rel=\"noreferrer noopener\">reserva ov\u00e1rica<\/a><\/strong> va descendiendo de forma paulatina hasta la menopausia, presentando un baj\u00f3n importante a partir de los 35 a\u00f1os que coincide con una una ca\u00edda de la fertilidad. Se puede afirmar, por tanto, que la mejor edad para tener hijos se sit\u00faa entre los 20 y los 30 a\u00f1os. Una d\u00e9cada en la que buena parte de la poblaci\u00f3n sigue estudiando o est\u00e1 comenzando su carrera profesional. \u00bfEs el momento id\u00f3neo para ser madre? En la mente de las mujeres espa\u00f1olas persiste la idea de afianzarla antes de lanzarse a buscar un embarazo. Y ni siquiera hacerlo las librar\u00e1 de sufrir experiencias negativas, tal como se\u00f1ala el Estudio Concilia13F del <a aria-label=\" (abre en una nueva pesta\u00f1a)\" href=\"https:\/\/clubdemalasmadres.com\/\" target=\"_blank\" rel=\"noreferrer noopener\">Club de Malasmadres<\/a>.<\/p>\n\n\n\n<h2 class=\"wp-block-heading\">Los inconvenientes en materia de conciliaci\u00f3n<\/h2>\n\n\n\n<p>La conciliaci\u00f3n es otro de los aspectos que se tienen en cuenta a la hora de tener hijos. Seg\u00fan el<a rel=\"noreferrer noopener\" label=\" (abre en una nueva pesta\u00f1a)\" href=\"https:\/\/www.suavinex.com\/livingsuavinex\/conciliacion-asignatura-pendiente-espana\/\" target=\"_blank\"> I Estudio sobre Conciliaci\u00f3n y Familia <\/a>de Suavinex, la falta de ayudas econ\u00f3micas y los horarios de trabajo son dos de los inconvenientes m\u00e1s acusados en la materia. Y es que la sociedad sigue viendo la conciliaci\u00f3n como una asignatura pendiente que pesa a la hora de convertirse en madre. Pese a las recientes mejoras como el aumento del <a href=\"https:\/\/www.elperiodico.com\/es\/economia\/20170306\/permiso-paternidad-5873123\">permiso de paternidad<\/a>, que podr\u00eda redundar en una mayor <a rel=\"noreferrer noopener\" label=\" (abre en una nueva pesta\u00f1a)\" href=\"https:\/\/www.suavinex.com\/livingsuavinex\/conclusiones-estudio-corresponsabilidad\/\" target=\"_blank\"><strong>corresponsabilidad<\/strong><\/a>, se percibe un camino largo por delante.<\/p>\n\n\n\n<h2 class=\"wp-block-heading\">Te has decidido, \u00bfc\u00f3mo planificar un embarazo?<\/h2>\n\n\n\n<p>Si te has decidido a buscar un embarazo hay algunas cuestiones previas que debes tener en cuenta. Es buena idea acudir al <strong>ginec\u00f3logo<\/strong> para una revisi\u00f3n general previa de tu estado de salud. En esa visita, adem\u00e1s, te pautar\u00e1 los suplementos que es conveniente tomar durante el mismo, como el <a href=\"https:\/\/www.suavinex.com\/livingsuavinex\/yodo-embarazo\/\">yodo<\/a>. Tambi\u00e9n puede ser un buen momento para comenzar a <a href=\"https:\/\/www.suavinex.com\/livingsuavinex\/alimentacion-embarazo\/\">cuidar tu alimentaci\u00f3n<\/a>.<\/p>\n\n\n\n<p>Ten en cuenta que es completamente normal que tardes un poco en <strong>quedarte embarazada<\/strong>, sobre todo si has estado tomando anticonceptivos orales. Se recomienda consultar con el m\u00e9dico si pasado un a\u00f1o no te quedas.<\/p>\n\n\n\n<p>\u00bfTe has planteado cu\u00e1l es la mejor edad para tener hijos?<\/p>\n","protected":false},"excerpt":{"rendered":"\u00bfTe est\u00e1s planteando ser madre? \u00bfDudas de si hay un momento m\u00e1s adecuado que otro? Damos respuesta a esta y otras preguntas. ","protected":false},"author":295,"featured_media":39624,"comment_status":"open","ping_status":"open","sticky":false,"template":"","format":"standard","meta":{"inline_featured_image":false,"footnotes":""},"categories":[7],"tags":[2251,1917,9],"class_list":["post-39594","post","type-post","status-publish","format-standard","has-post-thumbnail","hentry","category-embarazo","tag-embarazo","tag-fertilidad","tag-maternidad"],"yoast_head":"<!-- This site is optimized with the Yoast SEO plugin v26.8 - https:\/\/yoast.com\/product\/yoast-seo-wordpress\/ -->\n<title>\u00bfCu\u00e1l es la mejor edad para tener hijos? | Living Suavinex<\/title>\n<meta name=\"description\" content=\"\u00bfTe est\u00e1s planteando ser madre? \u00bfDudas de si hay un momento m\u00e1s adecuado que otro? Damos respuesta a esta y otras preguntas.\" \/>\n<meta name=\"robots\" content=\"index, follow, max-snippet:-1, max-image-preview:large, max-video-preview:-1\" \/>\n<link rel=\"canonical\" href=\"https:\/\/www.suavinex.com\/livingsuavinex\/mejor-edad-para-tener-hijos\/\" \/>\n<meta property=\"og:locale\" content=\"es_ES\" \/>\n<meta property=\"og:type\" content=\"article\" \/>\n<meta property=\"og:title\" content=\"\u00bfCu\u00e1l es la mejor edad para tener hijos? | Living Suavinex\" \/>\n<meta property=\"og:description\" content=\"\u00bfTe est\u00e1s planteando ser madre? \u00bfDudas de si hay un momento m\u00e1s adecuado que otro? Damos respuesta a esta y otras preguntas.\" \/>\n<meta property=\"og:url\" content=\"https:\/\/www.suavinex.com\/livingsuavinex\/mejor-edad-para-tener-hijos\/\" \/>\n<meta property=\"og:site_name\" content=\"Living Suavinex\" \/>\n<meta property=\"article:publisher\" content=\"https:\/\/www.facebook.com\/SuavinexSpain\" \/>\n<meta property=\"article:published_time\" content=\"2019-07-16T04:51:00+00:00\" \/>\n<meta property=\"article:modified_time\" content=\"2024-01-04T16:10:49+00:00\" \/>\n<meta property=\"og:image\" content=\"https:\/\/www.suavinex.com\/livingsuavinex\/wp-content\/uploads\/2019\/07\/edad_tener_hijos.jpg\" \/>\n\t<meta property=\"og:image:width\" content=\"800\" \/>\n\t<meta property=\"og:image:height\" content=\"481\" \/>\n\t<meta property=\"og:image:type\" content=\"image\/jpeg\" \/>\n<meta name=\"author\" content=\"Suavinex Central\" \/>\n<meta name=\"twitter:card\" content=\"summary_large_image\" \/>\n<meta name=\"twitter:creator\" content=\"@SuavinexSpain\" \/>\n<meta name=\"twitter:site\" content=\"@SuavinexSpain\" \/>\n<meta name=\"twitter:label1\" content=\"Escrito por\" \/>\n\t<meta name=\"twitter:data1\" content=\"Suavinex Central\" \/>\n\t<meta name=\"twitter:label2\" content=\"Tiempo de lectura\" \/>\n\t<meta name=\"twitter:data2\" content=\"3 minutos\" \/>\n<script type=\"application\/ld+json\" class=\"yoast-schema-graph\">{\"@context\":\"https:\/\/schema.org\",\"@graph\":[{\"@type\":\"Article\",\"@id\":\"https:\/\/www.suavinex.com\/livingsuavinex\/mejor-edad-para-tener-hijos\/#article\",\"isPartOf\":{\"@id\":\"https:\/\/www.suavinex.com\/livingsuavinex\/mejor-edad-para-tener-hijos\/\"},\"author\":{\"name\":\"Suavinex Central\",\"@id\":\"https:\/\/www.suavinex.com\/livingsuavinex\/#\/schema\/person\/836d83f4b1821b11b7b47cffd08f1ecb\"},\"headline\":\"\u00bfCu\u00e1l es la mejor edad para tener hijos?\",\"datePublished\":\"2019-07-16T04:51:00+00:00\",\"dateModified\":\"2024-01-04T16:10:49+00:00\",\"mainEntityOfPage\":{\"@id\":\"https:\/\/www.suavinex.com\/livingsuavinex\/mejor-edad-para-tener-hijos\/\"},\"wordCount\":584,\"commentCount\":0,\"publisher\":{\"@id\":\"https:\/\/www.suavinex.com\/livingsuavinex\/#organization\"},\"image\":{\"@id\":\"https:\/\/www.suavinex.com\/livingsuavinex\/mejor-edad-para-tener-hijos\/#primaryimage\"},\"thumbnailUrl\":\"https:\/\/www.suavinex.com\/livingsuavinex\/wp-content\/uploads\/2019\/07\/edad_tener_hijos.jpg\",\"keywords\":[\"Embarazo\",\"Fertilidad\",\"Maternidad\"],\"articleSection\":[\"Embarazo\"],\"inLanguage\":\"es\"},{\"@type\":\"WebPage\",\"@id\":\"https:\/\/www.suavinex.com\/livingsuavinex\/mejor-edad-para-tener-hijos\/\",\"url\":\"https:\/\/www.suavinex.com\/livingsuavinex\/mejor-edad-para-tener-hijos\/\",\"name\":\"\u00bfCu\u00e1l es la mejor edad para tener hijos? | Living Suavinex\",\"isPartOf\":{\"@id\":\"https:\/\/www.suavinex.com\/livingsuavinex\/#website\"},\"primaryImageOfPage\":{\"@id\":\"https:\/\/www.suavinex.com\/livingsuavinex\/mejor-edad-para-tener-hijos\/#primaryimage\"},\"image\":{\"@id\":\"https:\/\/www.suavinex.com\/livingsuavinex\/mejor-edad-para-tener-hijos\/#primaryimage\"},\"thumbnailUrl\":\"https:\/\/www.suavinex.com\/livingsuavinex\/wp-content\/uploads\/2019\/07\/edad_tener_hijos.jpg\",\"datePublished\":\"2019-07-16T04:51:00+00:00\",\"dateModified\":\"2024-01-04T16:10:49+00:00\",\"description\":\"\u00bfTe est\u00e1s planteando ser madre? \u00bfDudas de si hay un momento m\u00e1s adecuado que otro? Damos respuesta a esta y otras preguntas.\",\"breadcrumb\":{\"@id\":\"https:\/\/www.suavinex.com\/livingsuavinex\/mejor-edad-para-tener-hijos\/#breadcrumb\"},\"inLanguage\":\"es\",\"potentialAction\":[{\"@type\":\"ReadAction\",\"target\":[\"https:\/\/www.suavinex.com\/livingsuavinex\/mejor-edad-para-tener-hijos\/\"]}]},{\"@type\":\"ImageObject\",\"inLanguage\":\"es\",\"@id\":\"https:\/\/www.suavinex.com\/livingsuavinex\/mejor-edad-para-tener-hijos\/#primaryimage\",\"url\":\"https:\/\/www.suavinex.com\/livingsuavinex\/wp-content\/uploads\/2019\/07\/edad_tener_hijos.jpg\",\"contentUrl\":\"https:\/\/www.suavinex.com\/livingsuavinex\/wp-content\/uploads\/2019\/07\/edad_tener_hijos.jpg\",\"width\":800,\"height\":481},{\"@type\":\"BreadcrumbList\",\"@id\":\"https:\/\/www.suavinex.com\/livingsuavinex\/mejor-edad-para-tener-hijos\/#breadcrumb\",\"itemListElement\":[{\"@type\":\"ListItem\",\"position\":1,\"name\":\"Portada\",\"item\":\"https:\/\/www.suavinex.com\/livingsuavinex\/\"},{\"@type\":\"ListItem\",\"position\":2,\"name\":\"\u00bfCu\u00e1l es la mejor edad para tener hijos?\"}]},{\"@type\":\"WebSite\",\"@id\":\"https:\/\/www.suavinex.com\/livingsuavinex\/#website\",\"url\":\"https:\/\/www.suavinex.com\/livingsuavinex\/\",\"name\":\"Living Suavinex\",\"description\":\"| Familias reales\",\"publisher\":{\"@id\":\"https:\/\/www.suavinex.com\/livingsuavinex\/#organization\"},\"potentialAction\":[{\"@type\":\"SearchAction\",\"target\":{\"@type\":\"EntryPoint\",\"urlTemplate\":\"https:\/\/www.suavinex.com\/livingsuavinex\/?s={search_term_string}\"},\"query-input\":{\"@type\":\"PropertyValueSpecification\",\"valueRequired\":true,\"valueName\":\"search_term_string\"}}],\"inLanguage\":\"es\"},{\"@type\":\"Organization\",\"@id\":\"https:\/\/www.suavinex.com\/livingsuavinex\/#organization\",\"name\":\"Suavinex\",\"url\":\"https:\/\/www.suavinex.com\/livingsuavinex\/\",\"logo\":{\"@type\":\"ImageObject\",\"inLanguage\":\"es\",\"@id\":\"https:\/\/www.suavinex.com\/livingsuavinex\/#\/schema\/logo\/image\/\",\"url\":\"https:\/\/www.suavinex.com\/livingsuavinex\/wp-content\/uploads\/2018\/07\/living_sx_logo_mvl.png\",\"contentUrl\":\"https:\/\/www.suavinex.com\/livingsuavinex\/wp-content\/uploads\/2018\/07\/living_sx_logo_mvl.png\",\"width\":350,\"height\":70,\"caption\":\"Suavinex\"},\"image\":{\"@id\":\"https:\/\/www.suavinex.com\/livingsuavinex\/#\/schema\/logo\/image\/\"},\"sameAs\":[\"https:\/\/www.facebook.com\/SuavinexSpain\",\"https:\/\/x.com\/SuavinexSpain\",\"https:\/\/www.instagram.com\/suavinex_spain\/\",\"https:\/\/www.pinterest.es\/SuavinexSpain\/\",\"https:\/\/www.youtube.com\/channel\/UCgeJREx2R_ZvV2aQMrfWgcA\"]},{\"@type\":\"Person\",\"@id\":\"https:\/\/www.suavinex.com\/livingsuavinex\/#\/schema\/person\/836d83f4b1821b11b7b47cffd08f1ecb\",\"name\":\"Suavinex Central\",\"image\":{\"@type\":\"ImageObject\",\"inLanguage\":\"es\",\"@id\":\"https:\/\/www.suavinex.com\/livingsuavinex\/#\/schema\/person\/image\/\",\"url\":\"https:\/\/secure.gravatar.com\/avatar\/bd43680b784882668035add29f959967?s=96&d=mm&r=g\",\"contentUrl\":\"https:\/\/secure.gravatar.com\/avatar\/bd43680b784882668035add29f959967?s=96&d=mm&r=g\",\"caption\":\"Suavinex Central\"}}]}<\/script>\n<!-- \/ Yoast SEO plugin. -->","yoast_head_json":{"title":"\u00bfCu\u00e1l es la mejor edad para tener hijos? | Living Suavinex","description":"\u00bfTe est\u00e1s planteando ser madre? \u00bfDudas de si hay un momento m\u00e1s adecuado que otro? Damos respuesta a esta y otras preguntas.","robots":{"index":"index","follow":"follow","max-snippet":"max-snippet:-1","max-image-preview":"max-image-preview:large","max-video-preview":"max-video-preview:-1"},"canonical":"https:\/\/www.suavinex.com\/livingsuavinex\/mejor-edad-para-tener-hijos\/","og_locale":"es_ES","og_type":"article","og_title":"\u00bfCu\u00e1l es la mejor edad para tener hijos? | Living Suavinex","og_description":"\u00bfTe est\u00e1s planteando ser madre? \u00bfDudas de si hay un momento m\u00e1s adecuado que otro? Damos respuesta a esta y otras preguntas.","og_url":"https:\/\/www.suavinex.com\/livingsuavinex\/mejor-edad-para-tener-hijos\/","og_site_name":"Living Suavinex","article_publisher":"https:\/\/www.facebook.com\/SuavinexSpain","article_published_time":"2019-07-16T04:51:00+00:00","article_modified_time":"2024-01-04T16:10:49+00:00","og_image":[{"width":800,"height":481,"url":"https:\/\/www.suavinex.com\/livingsuavinex\/wp-content\/uploads\/2019\/07\/edad_tener_hijos.jpg","type":"image\/jpeg"}],"author":"Suavinex Central","twitter_card":"summary_large_image","twitter_creator":"@SuavinexSpain","twitter_site":"@SuavinexSpain","twitter_misc":{"Escrito por":"Suavinex Central","Tiempo de lectura":"3 minutos"},"schema":{"@context":"https:\/\/schema.org","@graph":[{"@type":"Article","@id":"https:\/\/www.suavinex.com\/livingsuavinex\/mejor-edad-para-tener-hijos\/#article","isPartOf":{"@id":"https:\/\/www.suavinex.com\/livingsuavinex\/mejor-edad-para-tener-hijos\/"},"author":{"name":"Suavinex Central","@id":"https:\/\/www.suavinex.com\/livingsuavinex\/#\/schema\/person\/836d83f4b1821b11b7b47cffd08f1ecb"},"headline":"\u00bfCu\u00e1l es la mejor edad para tener hijos?","datePublished":"2019-07-16T04:51:00+00:00","dateModified":"2024-01-04T16:10:49+00:00","mainEntityOfPage":{"@id":"https:\/\/www.suavinex.com\/livingsuavinex\/mejor-edad-para-tener-hijos\/"},"wordCount":584,"commentCount":0,"publisher":{"@id":"https:\/\/www.suavinex.com\/livingsuavinex\/#organization"},"image":{"@id":"https:\/\/www.suavinex.com\/livingsuavinex\/mejor-edad-para-tener-hijos\/#primaryimage"},"thumbnailUrl":"https:\/\/www.suavinex.com\/livingsuavinex\/wp-content\/uploads\/2019\/07\/edad_tener_hijos.jpg","keywords":["Embarazo","Fertilidad","Maternidad"],"articleSection":["Embarazo"],"inLanguage":"es"},{"@type":"WebPage","@id":"https:\/\/www.suavinex.com\/livingsuavinex\/mejor-edad-para-tener-hijos\/","url":"https:\/\/www.suavinex.com\/livingsuavinex\/mejor-edad-para-tener-hijos\/","name":"\u00bfCu\u00e1l es la mejor edad para tener hijos? | Living Suavinex","isPartOf":{"@id":"https:\/\/www.suavinex.com\/livingsuavinex\/#website"},"primaryImageOfPage":{"@id":"https:\/\/www.suavinex.com\/livingsuavinex\/mejor-edad-para-tener-hijos\/#primaryimage"},"image":{"@id":"https:\/\/www.suavinex.com\/livingsuavinex\/mejor-edad-para-tener-hijos\/#primaryimage"},"thumbnailUrl":"https:\/\/www.suavinex.com\/livingsuavinex\/wp-content\/uploads\/2019\/07\/edad_tener_hijos.jpg","datePublished":"2019-07-16T04:51:00+00:00","dateModified":"2024-01-04T16:10:49+00:00","description":"\u00bfTe est\u00e1s planteando ser madre? \u00bfDudas de si hay un momento m\u00e1s adecuado que otro? Damos respuesta a esta y otras preguntas.","breadcrumb":{"@id":"https:\/\/www.suavinex.com\/livingsuavinex\/mejor-edad-para-tener-hijos\/#breadcrumb"},"inLanguage":"es","potentialAction":[{"@type":"ReadAction","target":["https:\/\/www.suavinex.com\/livingsuavinex\/mejor-edad-para-tener-hijos\/"]}]},{"@type":"ImageObject","inLanguage":"es","@id":"https:\/\/www.suavinex.com\/livingsuavinex\/mejor-edad-para-tener-hijos\/#primaryimage","url":"https:\/\/www.suavinex.com\/livingsuavinex\/wp-content\/uploads\/2019\/07\/edad_tener_hijos.jpg","contentUrl":"https:\/\/www.suavinex.com\/livingsuavinex\/wp-content\/uploads\/2019\/07\/edad_tener_hijos.jpg","width":800,"height":481},{"@type":"BreadcrumbList","@id":"https:\/\/www.suavinex.com\/livingsuavinex\/mejor-edad-para-tener-hijos\/#breadcrumb","itemListElement":[{"@type":"ListItem","position":1,"name":"Portada","item":"https:\/\/www.suavinex.com\/livingsuavinex\/"},{"@type":"ListItem","position":2,"name":"\u00bfCu\u00e1l es la mejor edad para tener hijos?"}]},{"@type":"WebSite","@id":"https:\/\/www.suavinex.com\/livingsuavinex\/#website","url":"https:\/\/www.suavinex.com\/livingsuavinex\/","name":"Living Suavinex","description":"| Familias reales","publisher":{"@id":"https:\/\/www.suavinex.com\/livingsuavinex\/#organization"},"potentialAction":[{"@type":"SearchAction","target":{"@type":"EntryPoint","urlTemplate":"https:\/\/www.suavinex.com\/livingsuavinex\/?s={search_term_string}"},"query-input":{"@type":"PropertyValueSpecification","valueRequired":true,"valueName":"search_term_string"}}],"inLanguage":"es"},{"@type":"Organization","@id":"https:\/\/www.suavinex.com\/livingsuavinex\/#organization","name":"Suavinex","url":"https:\/\/www.suavinex.com\/livingsuavinex\/","logo":{"@type":"ImageObject","inLanguage":"es","@id":"https:\/\/www.suavinex.com\/livingsuavinex\/#\/schema\/logo\/image\/","url":"https:\/\/www.suavinex.com\/livingsuavinex\/wp-content\/uploads\/2018\/07\/living_sx_logo_mvl.png","contentUrl":"https:\/\/www.suavinex.com\/livingsuavinex\/wp-content\/uploads\/2018\/07\/living_sx_logo_mvl.png","width":350,"height":70,"caption":"Suavinex"},"image":{"@id":"https:\/\/www.suavinex.com\/livingsuavinex\/#\/schema\/logo\/image\/"},"sameAs":["https:\/\/www.facebook.com\/SuavinexSpain","https:\/\/x.com\/SuavinexSpain","https:\/\/www.instagram.com\/suavinex_spain\/","https:\/\/www.pinterest.es\/SuavinexSpain\/","https:\/\/www.youtube.com\/channel\/UCgeJREx2R_ZvV2aQMrfWgcA"]},{"@type":"Person","@id":"https:\/\/www.suavinex.com\/livingsuavinex\/#\/schema\/person\/836d83f4b1821b11b7b47cffd08f1ecb","name":"Suavinex Central","image":{"@type":"ImageObject","inLanguage":"es","@id":"https:\/\/www.suavinex.com\/livingsuavinex\/#\/schema\/person\/image\/","url":"https:\/\/secure.gravatar.com\/avatar\/bd43680b784882668035add29f959967?s=96&d=mm&r=g","contentUrl":"https:\/\/secure.gravatar.com\/avatar\/bd43680b784882668035add29f959967?s=96&d=mm&r=g","caption":"Suavinex Central"}}]}},"_links":{"self":[{"href":"https:\/\/www.suavinex.com\/livingsuavinex\/wp-json\/wp\/v2\/posts\/39594","targetHints":{"allow":["GET"]}}],"collection":[{"href":"https:\/\/www.suavinex.com\/livingsuavinex\/wp-json\/wp\/v2\/posts"}],"about":[{"href":"https:\/\/www.suavinex.com\/livingsuavinex\/wp-json\/wp\/v2\/types\/post"}],"author":[{"embeddable":true,"href":"https:\/\/www.suavinex.com\/livingsuavinex\/wp-json\/wp\/v2\/users\/295"}],"replies":[{"embeddable":true,"href":"https:\/\/www.suavinex.com\/livingsuavinex\/wp-json\/wp\/v2\/comments?post=39594"}],"version-history":[{"count":8,"href":"https:\/\/www.suavinex.com\/livingsuavinex\/wp-json\/wp\/v2\/posts\/39594\/revisions"}],"predecessor-version":[{"id":45387,"href":"https:\/\/www.suavinex.com\/livingsuavinex\/wp-json\/wp\/v2\/posts\/39594\/revisions\/45387"}],"wp:featuredmedia":[{"embeddable":true,"href":"https:\/\/www.suavinex.com\/livingsuavinex\/wp-json\/wp\/v2\/media\/39624"}],"wp:attachment":[{"href":"https:\/\/www.suavinex.com\/livingsuavinex\/wp-json\/wp\/v2\/media?parent=39594"}],"wp:term":[{"taxonomy":"category","embeddable":true,"href":"https:\/\/www.suavinex.com\/livingsuavinex\/wp-json\/wp\/v2\/categories?post=39594"},{"taxonomy":"post_tag","embeddable":true,"href":"https:\/\/www.suavinex.com\/livingsuavinex\/wp-json\/wp\/v2\/tags?post=39594"}],"curies":[{"name":"wp","href":"https:\/\/api.w.org\/{rel}","templated":true}]}}