{"id":39591,"date":"2019-07-02T14:54:48","date_gmt":"2019-07-02T12:54:48","guid":{"rendered":"https:\/\/livingsuavinex.es\/?p=39511"},"modified":"2025-12-26T13:35:00","modified_gmt":"2025-12-26T12:35:00","slug":"primeras-salidas-con-mi-bebe","status":"publish","type":"post","link":"https:\/\/www.suavinex.com\/livingsuavinex\/primeras-salidas-con-mi-bebe\/","title":{"rendered":"Primeras salidas con mi beb\u00e9"},"content":{"rendered":"\n<p>Nace tu beb\u00e9 y cambia la vida. Las certezas que ten\u00edas antes de su llegada pueden convertirse en incertidumbres. Cosas que parecen sencillas pueden generar algunas dudas y, en esos momentos, tener la informaci\u00f3n al respecto es fundamental. Seguro que est\u00e1s deseando salir a pasear con tu beb\u00e9. Son momentos bonitos que permanecer\u00e1n para siempre en tu memoria y te ayudar\u00e1n a generar v\u00ednculos. \u00bfSabes c\u00f3mo organizarte para disfrutar de las <strong>primeras salidas con tu beb\u00e9<\/strong>? Te contamos lo que has de tener en cuenta.<\/p>\n\n\n\n<h2 class=\"wp-block-heading\">Cu\u00e1ndo puede salir mi beb\u00e9 por primera vez a la calle<\/h2>\n\n\n\n<p>Tu beb\u00e9 puede <strong>salir a la calle desde el primer d\u00eda<\/strong>, si no tiene ning\u00fan problema de salud. S\u00ed que hay que tener en cuenta ciertas precauciones con el clima. En d\u00edas de calor o fr\u00edo extremos, es mejor no sacarle. \u00bfEl motivo? Los<strong> beb\u00e9s no regulan su temperatura corporal<\/strong> con facilidad, por lo que es mejor mantenerlos en un entorno en el que sea estable. Habr\u00e1s visto que decimos \u201cextremos\u201d. La temperatura, dentro de la normalidad, no ha de marcar vuestra agenda, aunque s\u00ed has de tener en cuenta algunas pautas:<\/p>\n\n\n\n<ul class=\"wp-block-list\">\n<li>En temporada de calor, sal a pasear a primera hora de la ma\u00f1ana o a \u00faltima hora de la tarde, cuando refresca algo. No olvides <strong><a label=\" (abre en una nueva pesta\u00f1a)\" href=\"https:\/\/www.suavinex.com\/livingsuavinex\/como-hidratar-bebes\/\" target=\"_blank\" rel=\"noreferrer noopener\">hidratar bien a tu beb\u00e9<\/a><\/strong>, ofreci\u00e9ndole el pecho o el biber\u00f3n a menudo. Recuerda <strong>proteger a tu beb\u00e9 del sol <\/strong>porque, aunque le ayuda a sintetizar la vitamina D, su piel es muy delicada. La recomendaci\u00f3n es no exponerlo al sol directo antes de los 6 meses de edad.<\/li>\n\n\n\n<li>En invierno, <strong>abr\u00edgale bien<\/strong> y recuerda <strong>desabrigarle<\/strong> cuando est\u00e9is en un lugar cerrado. El viento y el fr\u00edo pueden da\u00f1ar su piel, por lo que es interesante proteger su carita antes de salir de casa con una<strong> crema facial<\/strong> como la del nuestro <a href=\"https:\/\/www.suavinex.com\/bano-y-cuidado-del-bebe\/cosmetica-bebe\/pack-leche-hidratante-y-crema-facial-bebe\/p\/set_locion_facial\">Pack loci\u00f3n hidratante y crema facial beb\u00e9<\/a>.<\/li>\n<\/ul>\n\n\n\n<p>El paseo ayuda a los beb\u00e9s a relajarse, por lo que se suelen dormir. El movimiento, ya sea en el carrito o en el <strong>portabeb\u00e9s<\/strong>, es un b\u00e1lsamo para ellos. Elige lugares con poca afluencia de gente, donde el beb\u00e9 no se ponga nervioso.<\/p>\n\n\n\n<p>Otra cuesti\u00f3n que has de tener en cuenta es tu estado de \u00e1nimo y\/o de salud, ya que<strong> la mam\u00e1 tambi\u00e9n es protagonista<\/strong>. Si te encuentras bien, v\u00eda libre para los paseos, seguro que los disfrutas mucho. Si, por el contrario, salir te va a estresar, espera un poco. Reservarse unos d\u00edas para conocerse mejor y sentirse familia puede ser buena idea en estos casos.<\/p>\n\n\n\n<h2 class=\"wp-block-heading\"><strong>Qu\u00e9 <\/strong>llevar <strong>en el bolso maternal para el paseo<\/strong><\/h2>\n\n\n\n<p>Otra de las cuestiones que conviene tener claras antes de salir a pasear es <strong>qu\u00e9 meter en el bolso maternal<\/strong>. Si tienes una lista permanente (quiz\u00e1 no sea mala idea crearla en las notas de tu smartphone y tenerla siempre a mano), solo tendr\u00e1s que revisar y, quiz\u00e1, cambiar alguno de los art\u00edculos seg\u00fan la \u00e9poca del a\u00f1o. Los b\u00e1sicos son los siguientes: <\/p>\n\n\n\n<ul class=\"wp-block-list\">\n<li>Una muda completa<\/li>\n\n\n\n<li>Tres o cuatro pa\u00f1ales<\/li>\n\n\n\n<li> Toallitas<\/li>\n\n\n\n<li>Una <strong><a aria-label=\" (abre en una nueva pesta\u00f1a)\" href=\"https:\/\/www.suavinex.com\/accesorios-guarderia\/sets-de-guarderia\/pack-pomada-panal-protectora-reparadora\/p\/pack-crema-pomada-pa%C3%B1al\" target=\"_blank\" rel=\"noreferrer noopener\">pomada <\/a><\/strong>para el culito, por si estuviera irritado<\/li>\n\n\n\n<li>Un cambiador<\/li>\n\n\n\n<li>Una muselina o mantita<\/li>\n\n\n\n<li>Si tu beb\u00e9 toma biber\u00f3n, lo necesario para un par de tomas (incluida el agua, que puedes llevar ya caliente en un termo)<\/li>\n<\/ul>\n\n\n\n<p>Puede ser buena idea incluir alg\u00fan snack y agua para ti, sobre todo si le das el pecho, ya que puedes sentir hambre o sed. Si quieres simplificar, elige un bolso maternal en el que tambi\u00e9n quepan tus cosas, as\u00ed te evitar\u00e1s tener que llevar uno propio.<\/p>\n\n\n\n<p>\u00bfLista para salir a la calle con tu beb\u00e9? \u00a1A disfrutar en familia!<\/p>\n","protected":false},"excerpt":{"rendered":"Nace tu beb\u00e9 y cambia la vida. Las certezas que ten\u00edas antes de su llegada pueden convertirse en incertidumbres. Cosas que parecen sencillas pueden generar algunas dudas y, en esos momentos, tener la informaci\u00f3n al respecto es fundamental. Seguro que est\u00e1s deseando salir a pasear con tu beb\u00e9. Son momentos&#8230; <a class=\"view-article\" href=\"https:\/\/www.suavinex.com\/livingsuavinex\/primeras-salidas-con-mi-bebe\/\">Ver art\u00edculo<\/a>","protected":false},"author":295,"featured_media":39619,"comment_status":"open","ping_status":"open","sticky":false,"template":"","format":"standard","meta":{"inline_featured_image":false,"footnotes":""},"categories":[1059],"tags":[234],"class_list":["post-39591","post","type-post","status-publish","format-standard","has-post-thumbnail","hentry","category-postparto","tag-bebe"],"yoast_head":"<!-- This site is optimized with the Yoast SEO plugin v26.8 - https:\/\/yoast.com\/product\/yoast-seo-wordpress\/ -->\n<title>Primeras salidas con mi beb\u00e9 | Living Suavinex<\/title>\n<meta name=\"description\" content=\"Salir con tu beb\u00e9 de casa es algo que puede hacerse complicado las primeras veces. Te dejamos las claves para que sea un poco m\u00e1s f\u00e1cil.\" \/>\n<meta name=\"robots\" content=\"index, follow, max-snippet:-1, max-image-preview:large, max-video-preview:-1\" \/>\n<link rel=\"canonical\" href=\"https:\/\/www.suavinex.com\/livingsuavinex\/primeras-salidas-con-mi-bebe\/\" \/>\n<meta property=\"og:locale\" content=\"es_ES\" \/>\n<meta property=\"og:type\" content=\"article\" \/>\n<meta property=\"og:title\" content=\"Primeras salidas con mi beb\u00e9 | Living Suavinex\" \/>\n<meta property=\"og:description\" content=\"Salir con tu beb\u00e9 de casa es algo que puede hacerse complicado las primeras veces. Te dejamos las claves para que sea un poco m\u00e1s f\u00e1cil.\" \/>\n<meta property=\"og:url\" content=\"https:\/\/www.suavinex.com\/livingsuavinex\/primeras-salidas-con-mi-bebe\/\" \/>\n<meta property=\"og:site_name\" content=\"Living Suavinex\" \/>\n<meta property=\"article:publisher\" content=\"https:\/\/www.facebook.com\/SuavinexSpain\" \/>\n<meta property=\"article:published_time\" content=\"2019-07-02T12:54:48+00:00\" \/>\n<meta property=\"article:modified_time\" content=\"2025-12-26T12:35:00+00:00\" \/>\n<meta property=\"og:image\" content=\"https:\/\/www.suavinex.com\/livingsuavinex\/wp-content\/uploads\/2019\/07\/primeras-salidad-bebe-1.jpg\" \/>\n\t<meta property=\"og:image:width\" content=\"875\" \/>\n\t<meta property=\"og:image:height\" content=\"526\" \/>\n\t<meta property=\"og:image:type\" content=\"image\/jpeg\" \/>\n<meta name=\"author\" content=\"Suavinex Central\" \/>\n<meta name=\"twitter:card\" content=\"summary_large_image\" \/>\n<meta name=\"twitter:creator\" content=\"@SuavinexSpain\" \/>\n<meta name=\"twitter:site\" content=\"@SuavinexSpain\" \/>\n<meta name=\"twitter:label1\" content=\"Escrito por\" \/>\n\t<meta name=\"twitter:data1\" content=\"Suavinex Central\" \/>\n\t<meta name=\"twitter:label2\" content=\"Tiempo de lectura\" \/>\n\t<meta name=\"twitter:data2\" content=\"3 minutos\" \/>\n<script type=\"application\/ld+json\" class=\"yoast-schema-graph\">{\"@context\":\"https:\/\/schema.org\",\"@graph\":[{\"@type\":\"Article\",\"@id\":\"https:\/\/www.suavinex.com\/livingsuavinex\/primeras-salidas-con-mi-bebe\/#article\",\"isPartOf\":{\"@id\":\"https:\/\/www.suavinex.com\/livingsuavinex\/primeras-salidas-con-mi-bebe\/\"},\"author\":{\"name\":\"Suavinex Central\",\"@id\":\"https:\/\/www.suavinex.com\/livingsuavinex\/#\/schema\/person\/836d83f4b1821b11b7b47cffd08f1ecb\"},\"headline\":\"Primeras salidas con mi beb\u00e9\",\"datePublished\":\"2019-07-02T12:54:48+00:00\",\"dateModified\":\"2025-12-26T12:35:00+00:00\",\"mainEntityOfPage\":{\"@id\":\"https:\/\/www.suavinex.com\/livingsuavinex\/primeras-salidas-con-mi-bebe\/\"},\"wordCount\":644,\"commentCount\":0,\"publisher\":{\"@id\":\"https:\/\/www.suavinex.com\/livingsuavinex\/#organization\"},\"image\":{\"@id\":\"https:\/\/www.suavinex.com\/livingsuavinex\/primeras-salidas-con-mi-bebe\/#primaryimage\"},\"thumbnailUrl\":\"https:\/\/www.suavinex.com\/livingsuavinex\/wp-content\/uploads\/2019\/07\/primeras-salidad-bebe-1.jpg\",\"keywords\":[\"Beb\u00e9\"],\"articleSection\":[\"Postparto\"],\"inLanguage\":\"es\"},{\"@type\":\"WebPage\",\"@id\":\"https:\/\/www.suavinex.com\/livingsuavinex\/primeras-salidas-con-mi-bebe\/\",\"url\":\"https:\/\/www.suavinex.com\/livingsuavinex\/primeras-salidas-con-mi-bebe\/\",\"name\":\"Primeras salidas con mi beb\u00e9 | Living Suavinex\",\"isPartOf\":{\"@id\":\"https:\/\/www.suavinex.com\/livingsuavinex\/#website\"},\"primaryImageOfPage\":{\"@id\":\"https:\/\/www.suavinex.com\/livingsuavinex\/primeras-salidas-con-mi-bebe\/#primaryimage\"},\"image\":{\"@id\":\"https:\/\/www.suavinex.com\/livingsuavinex\/primeras-salidas-con-mi-bebe\/#primaryimage\"},\"thumbnailUrl\":\"https:\/\/www.suavinex.com\/livingsuavinex\/wp-content\/uploads\/2019\/07\/primeras-salidad-bebe-1.jpg\",\"datePublished\":\"2019-07-02T12:54:48+00:00\",\"dateModified\":\"2025-12-26T12:35:00+00:00\",\"description\":\"Salir con tu beb\u00e9 de casa es algo que puede hacerse complicado las primeras veces. Te dejamos las claves para que sea un poco m\u00e1s f\u00e1cil.\",\"breadcrumb\":{\"@id\":\"https:\/\/www.suavinex.com\/livingsuavinex\/primeras-salidas-con-mi-bebe\/#breadcrumb\"},\"inLanguage\":\"es\",\"potentialAction\":[{\"@type\":\"ReadAction\",\"target\":[\"https:\/\/www.suavinex.com\/livingsuavinex\/primeras-salidas-con-mi-bebe\/\"]}]},{\"@type\":\"ImageObject\",\"inLanguage\":\"es\",\"@id\":\"https:\/\/www.suavinex.com\/livingsuavinex\/primeras-salidas-con-mi-bebe\/#primaryimage\",\"url\":\"https:\/\/www.suavinex.com\/livingsuavinex\/wp-content\/uploads\/2019\/07\/primeras-salidad-bebe-1.jpg\",\"contentUrl\":\"https:\/\/www.suavinex.com\/livingsuavinex\/wp-content\/uploads\/2019\/07\/primeras-salidad-bebe-1.jpg\",\"width\":875,\"height\":526},{\"@type\":\"BreadcrumbList\",\"@id\":\"https:\/\/www.suavinex.com\/livingsuavinex\/primeras-salidas-con-mi-bebe\/#breadcrumb\",\"itemListElement\":[{\"@type\":\"ListItem\",\"position\":1,\"name\":\"Portada\",\"item\":\"https:\/\/www.suavinex.com\/livingsuavinex\/\"},{\"@type\":\"ListItem\",\"position\":2,\"name\":\"Primeras salidas con mi beb\u00e9\"}]},{\"@type\":\"WebSite\",\"@id\":\"https:\/\/www.suavinex.com\/livingsuavinex\/#website\",\"url\":\"https:\/\/www.suavinex.com\/livingsuavinex\/\",\"name\":\"Living Suavinex\",\"description\":\"| Familias reales\",\"publisher\":{\"@id\":\"https:\/\/www.suavinex.com\/livingsuavinex\/#organization\"},\"potentialAction\":[{\"@type\":\"SearchAction\",\"target\":{\"@type\":\"EntryPoint\",\"urlTemplate\":\"https:\/\/www.suavinex.com\/livingsuavinex\/?s={search_term_string}\"},\"query-input\":{\"@type\":\"PropertyValueSpecification\",\"valueRequired\":true,\"valueName\":\"search_term_string\"}}],\"inLanguage\":\"es\"},{\"@type\":\"Organization\",\"@id\":\"https:\/\/www.suavinex.com\/livingsuavinex\/#organization\",\"name\":\"Suavinex\",\"url\":\"https:\/\/www.suavinex.com\/livingsuavinex\/\",\"logo\":{\"@type\":\"ImageObject\",\"inLanguage\":\"es\",\"@id\":\"https:\/\/www.suavinex.com\/livingsuavinex\/#\/schema\/logo\/image\/\",\"url\":\"https:\/\/www.suavinex.com\/livingsuavinex\/wp-content\/uploads\/2018\/07\/living_sx_logo_mvl.png\",\"contentUrl\":\"https:\/\/www.suavinex.com\/livingsuavinex\/wp-content\/uploads\/2018\/07\/living_sx_logo_mvl.png\",\"width\":350,\"height\":70,\"caption\":\"Suavinex\"},\"image\":{\"@id\":\"https:\/\/www.suavinex.com\/livingsuavinex\/#\/schema\/logo\/image\/\"},\"sameAs\":[\"https:\/\/www.facebook.com\/SuavinexSpain\",\"https:\/\/x.com\/SuavinexSpain\",\"https:\/\/www.instagram.com\/suavinex_spain\/\",\"https:\/\/www.pinterest.es\/SuavinexSpain\/\",\"https:\/\/www.youtube.com\/channel\/UCgeJREx2R_ZvV2aQMrfWgcA\"]},{\"@type\":\"Person\",\"@id\":\"https:\/\/www.suavinex.com\/livingsuavinex\/#\/schema\/person\/836d83f4b1821b11b7b47cffd08f1ecb\",\"name\":\"Suavinex Central\",\"image\":{\"@type\":\"ImageObject\",\"inLanguage\":\"es\",\"@id\":\"https:\/\/www.suavinex.com\/livingsuavinex\/#\/schema\/person\/image\/\",\"url\":\"https:\/\/secure.gravatar.com\/avatar\/bd43680b784882668035add29f959967?s=96&d=mm&r=g\",\"contentUrl\":\"https:\/\/secure.gravatar.com\/avatar\/bd43680b784882668035add29f959967?s=96&d=mm&r=g\",\"caption\":\"Suavinex Central\"}}]}<\/script>\n<!-- \/ Yoast SEO plugin. -->","yoast_head_json":{"title":"Primeras salidas con mi beb\u00e9 | Living Suavinex","description":"Salir con tu beb\u00e9 de casa es algo que puede hacerse complicado las primeras veces. Te dejamos las claves para que sea un poco m\u00e1s f\u00e1cil.","robots":{"index":"index","follow":"follow","max-snippet":"max-snippet:-1","max-image-preview":"max-image-preview:large","max-video-preview":"max-video-preview:-1"},"canonical":"https:\/\/www.suavinex.com\/livingsuavinex\/primeras-salidas-con-mi-bebe\/","og_locale":"es_ES","og_type":"article","og_title":"Primeras salidas con mi beb\u00e9 | Living Suavinex","og_description":"Salir con tu beb\u00e9 de casa es algo que puede hacerse complicado las primeras veces. Te dejamos las claves para que sea un poco m\u00e1s f\u00e1cil.","og_url":"https:\/\/www.suavinex.com\/livingsuavinex\/primeras-salidas-con-mi-bebe\/","og_site_name":"Living Suavinex","article_publisher":"https:\/\/www.facebook.com\/SuavinexSpain","article_published_time":"2019-07-02T12:54:48+00:00","article_modified_time":"2025-12-26T12:35:00+00:00","og_image":[{"width":875,"height":526,"url":"https:\/\/www.suavinex.com\/livingsuavinex\/wp-content\/uploads\/2019\/07\/primeras-salidad-bebe-1.jpg","type":"image\/jpeg"}],"author":"Suavinex Central","twitter_card":"summary_large_image","twitter_creator":"@SuavinexSpain","twitter_site":"@SuavinexSpain","twitter_misc":{"Escrito por":"Suavinex Central","Tiempo de lectura":"3 minutos"},"schema":{"@context":"https:\/\/schema.org","@graph":[{"@type":"Article","@id":"https:\/\/www.suavinex.com\/livingsuavinex\/primeras-salidas-con-mi-bebe\/#article","isPartOf":{"@id":"https:\/\/www.suavinex.com\/livingsuavinex\/primeras-salidas-con-mi-bebe\/"},"author":{"name":"Suavinex Central","@id":"https:\/\/www.suavinex.com\/livingsuavinex\/#\/schema\/person\/836d83f4b1821b11b7b47cffd08f1ecb"},"headline":"Primeras salidas con mi beb\u00e9","datePublished":"2019-07-02T12:54:48+00:00","dateModified":"2025-12-26T12:35:00+00:00","mainEntityOfPage":{"@id":"https:\/\/www.suavinex.com\/livingsuavinex\/primeras-salidas-con-mi-bebe\/"},"wordCount":644,"commentCount":0,"publisher":{"@id":"https:\/\/www.suavinex.com\/livingsuavinex\/#organization"},"image":{"@id":"https:\/\/www.suavinex.com\/livingsuavinex\/primeras-salidas-con-mi-bebe\/#primaryimage"},"thumbnailUrl":"https:\/\/www.suavinex.com\/livingsuavinex\/wp-content\/uploads\/2019\/07\/primeras-salidad-bebe-1.jpg","keywords":["Beb\u00e9"],"articleSection":["Postparto"],"inLanguage":"es"},{"@type":"WebPage","@id":"https:\/\/www.suavinex.com\/livingsuavinex\/primeras-salidas-con-mi-bebe\/","url":"https:\/\/www.suavinex.com\/livingsuavinex\/primeras-salidas-con-mi-bebe\/","name":"Primeras salidas con mi beb\u00e9 | Living Suavinex","isPartOf":{"@id":"https:\/\/www.suavinex.com\/livingsuavinex\/#website"},"primaryImageOfPage":{"@id":"https:\/\/www.suavinex.com\/livingsuavinex\/primeras-salidas-con-mi-bebe\/#primaryimage"},"image":{"@id":"https:\/\/www.suavinex.com\/livingsuavinex\/primeras-salidas-con-mi-bebe\/#primaryimage"},"thumbnailUrl":"https:\/\/www.suavinex.com\/livingsuavinex\/wp-content\/uploads\/2019\/07\/primeras-salidad-bebe-1.jpg","datePublished":"2019-07-02T12:54:48+00:00","dateModified":"2025-12-26T12:35:00+00:00","description":"Salir con tu beb\u00e9 de casa es algo que puede hacerse complicado las primeras veces. Te dejamos las claves para que sea un poco m\u00e1s f\u00e1cil.","breadcrumb":{"@id":"https:\/\/www.suavinex.com\/livingsuavinex\/primeras-salidas-con-mi-bebe\/#breadcrumb"},"inLanguage":"es","potentialAction":[{"@type":"ReadAction","target":["https:\/\/www.suavinex.com\/livingsuavinex\/primeras-salidas-con-mi-bebe\/"]}]},{"@type":"ImageObject","inLanguage":"es","@id":"https:\/\/www.suavinex.com\/livingsuavinex\/primeras-salidas-con-mi-bebe\/#primaryimage","url":"https:\/\/www.suavinex.com\/livingsuavinex\/wp-content\/uploads\/2019\/07\/primeras-salidad-bebe-1.jpg","contentUrl":"https:\/\/www.suavinex.com\/livingsuavinex\/wp-content\/uploads\/2019\/07\/primeras-salidad-bebe-1.jpg","width":875,"height":526},{"@type":"BreadcrumbList","@id":"https:\/\/www.suavinex.com\/livingsuavinex\/primeras-salidas-con-mi-bebe\/#breadcrumb","itemListElement":[{"@type":"ListItem","position":1,"name":"Portada","item":"https:\/\/www.suavinex.com\/livingsuavinex\/"},{"@type":"ListItem","position":2,"name":"Primeras salidas con mi beb\u00e9"}]},{"@type":"WebSite","@id":"https:\/\/www.suavinex.com\/livingsuavinex\/#website","url":"https:\/\/www.suavinex.com\/livingsuavinex\/","name":"Living Suavinex","description":"| Familias reales","publisher":{"@id":"https:\/\/www.suavinex.com\/livingsuavinex\/#organization"},"potentialAction":[{"@type":"SearchAction","target":{"@type":"EntryPoint","urlTemplate":"https:\/\/www.suavinex.com\/livingsuavinex\/?s={search_term_string}"},"query-input":{"@type":"PropertyValueSpecification","valueRequired":true,"valueName":"search_term_string"}}],"inLanguage":"es"},{"@type":"Organization","@id":"https:\/\/www.suavinex.com\/livingsuavinex\/#organization","name":"Suavinex","url":"https:\/\/www.suavinex.com\/livingsuavinex\/","logo":{"@type":"ImageObject","inLanguage":"es","@id":"https:\/\/www.suavinex.com\/livingsuavinex\/#\/schema\/logo\/image\/","url":"https:\/\/www.suavinex.com\/livingsuavinex\/wp-content\/uploads\/2018\/07\/living_sx_logo_mvl.png","contentUrl":"https:\/\/www.suavinex.com\/livingsuavinex\/wp-content\/uploads\/2018\/07\/living_sx_logo_mvl.png","width":350,"height":70,"caption":"Suavinex"},"image":{"@id":"https:\/\/www.suavinex.com\/livingsuavinex\/#\/schema\/logo\/image\/"},"sameAs":["https:\/\/www.facebook.com\/SuavinexSpain","https:\/\/x.com\/SuavinexSpain","https:\/\/www.instagram.com\/suavinex_spain\/","https:\/\/www.pinterest.es\/SuavinexSpain\/","https:\/\/www.youtube.com\/channel\/UCgeJREx2R_ZvV2aQMrfWgcA"]},{"@type":"Person","@id":"https:\/\/www.suavinex.com\/livingsuavinex\/#\/schema\/person\/836d83f4b1821b11b7b47cffd08f1ecb","name":"Suavinex Central","image":{"@type":"ImageObject","inLanguage":"es","@id":"https:\/\/www.suavinex.com\/livingsuavinex\/#\/schema\/person\/image\/","url":"https:\/\/secure.gravatar.com\/avatar\/bd43680b784882668035add29f959967?s=96&d=mm&r=g","contentUrl":"https:\/\/secure.gravatar.com\/avatar\/bd43680b784882668035add29f959967?s=96&d=mm&r=g","caption":"Suavinex Central"}}]}},"_links":{"self":[{"href":"https:\/\/www.suavinex.com\/livingsuavinex\/wp-json\/wp\/v2\/posts\/39591","targetHints":{"allow":["GET"]}}],"collection":[{"href":"https:\/\/www.suavinex.com\/livingsuavinex\/wp-json\/wp\/v2\/posts"}],"about":[{"href":"https:\/\/www.suavinex.com\/livingsuavinex\/wp-json\/wp\/v2\/types\/post"}],"author":[{"embeddable":true,"href":"https:\/\/www.suavinex.com\/livingsuavinex\/wp-json\/wp\/v2\/users\/295"}],"replies":[{"embeddable":true,"href":"https:\/\/www.suavinex.com\/livingsuavinex\/wp-json\/wp\/v2\/comments?post=39591"}],"version-history":[{"count":7,"href":"https:\/\/www.suavinex.com\/livingsuavinex\/wp-json\/wp\/v2\/posts\/39591\/revisions"}],"predecessor-version":[{"id":46905,"href":"https:\/\/www.suavinex.com\/livingsuavinex\/wp-json\/wp\/v2\/posts\/39591\/revisions\/46905"}],"wp:featuredmedia":[{"embeddable":true,"href":"https:\/\/www.suavinex.com\/livingsuavinex\/wp-json\/wp\/v2\/media\/39619"}],"wp:attachment":[{"href":"https:\/\/www.suavinex.com\/livingsuavinex\/wp-json\/wp\/v2\/media?parent=39591"}],"wp:term":[{"taxonomy":"category","embeddable":true,"href":"https:\/\/www.suavinex.com\/livingsuavinex\/wp-json\/wp\/v2\/categories?post=39591"},{"taxonomy":"post_tag","embeddable":true,"href":"https:\/\/www.suavinex.com\/livingsuavinex\/wp-json\/wp\/v2\/tags?post=39591"}],"curies":[{"name":"wp","href":"https:\/\/api.w.org\/{rel}","templated":true}]}}