{"id":39588,"date":"2024-08-16T08:30:00","date_gmt":"2024-08-16T06:30:00","guid":{"rendered":"https:\/\/livingsuavinex.es\/?p=39467"},"modified":"2024-10-28T13:40:49","modified_gmt":"2024-10-28T12:40:49","slug":"como-hidratar-bebes","status":"publish","type":"post","link":"https:\/\/www.suavinex.com\/livingsuavinex\/como-hidratar-bebes\/","title":{"rendered":"Deshidrataci\u00f3n en beb\u00e9s, c\u00f3mo saber si un bebe esta deshidratado"},"content":{"rendered":"\n<p>Si eres padre o madre seguro que has escuchado que <strong>los beb\u00e9s se deshidratan con facilidad<\/strong>. Con la llegada del calor y las elevadas temperaturas, es importante prevenir que esto ocurra, as\u00ed que como que puedan sufrir un golpe de calor. Saber <strong>c\u00f3mo hidratar a los beb\u00e9s <\/strong>se vuelve fundamental en estos casos. Te contamos c\u00f3mo hacerlo.<\/p>\n\n\n\n<h2 class=\"wp-block-heading\">Causas de deshidrataci\u00f3n en beb\u00e9s<\/h2>\n\n\n\n<p>La deshidrataci\u00f3n en beb\u00e9s es una condici\u00f3n preocupante que puede originarse por varias causas comunes. <strong>Una de las principales razones es la diarrea<\/strong>, que puede ser provocada por infecciones virales o bacterianas. Estas infecciones causan una p\u00e9rdida r\u00e1pida de l\u00edquidos y electrolitos, haciendo que los beb\u00e9s, debido a su peque\u00f1o tama\u00f1o corporal, sean especialmente vulnerables. Adem\u00e1s, los episodios frecuentes de v\u00f3mitos, a menudo relacionados con enfermedades gastrointestinales, tambi\u00e9n contribuyen significativamente a la deshidrataci\u00f3n, ya que impiden que el beb\u00e9 retenga suficientes l\u00edquidos para mantenerse hidratado.<\/p>\n\n\n\n<p>Otra <strong>causa com\u00fan de deshidrataci\u00f3n<\/strong> en beb\u00e9s es la fiebre. Cuando la temperatura corporal del beb\u00e9 aumenta, tambi\u00e9n lo hace la p\u00e9rdida de l\u00edquidos a trav\u00e9s del sudor, incrementando el riesgo de deshidrataci\u00f3n.<\/p>\n\n\n\n<p>Asimismo, una alimentaci\u00f3n insuficiente, ya sea por dificultades en la lactancia o problemas para aceptar biberones, puede llevar a una ingesta inadecuada de l\u00edquidos. Esto es especialmente <strong>cr\u00edtico en los meses m\u00e1s c\u00e1lidos<\/strong>, cuando las necesidades de hidrataci\u00f3n aumentan. La combinaci\u00f3n de estos factores subraya la importancia de la vigilancia constante y de asegurar una hidrataci\u00f3n adecuada para mantener la salud y el bienestar de los m\u00e1s peque\u00f1os.<\/p>\n\n\n\n<h2 class=\"wp-block-heading\">Consecuencias de deshidrataci\u00f3n en bebes<\/h2>\n\n\n\n<p>La deshidrataci\u00f3n en beb\u00e9s puede tener <strong>consecuencias graves y r\u00e1pidas debido a su peque\u00f1o tama\u00f1o corporal<\/strong> y su alta dependencia de l\u00edquidos. Una de las primeras se\u00f1ales de deshidrataci\u00f3n es la disminuci\u00f3n de la producci\u00f3n de orina, lo que indica que el cuerpo est\u00e1 intentando conservar agua. Esta condici\u00f3n puede llevar a una serie de problemas de salud, como la irritabilidad y el letargo, ya que la falta de l\u00edquidos afecta el funcionamiento normal del cuerpo. La <a href=\"https:\/\/www.suavinex.com\/livingsuavinex\/piel-del-bebe\/\">piel del beb\u00e9<\/a> puede volverse seca y menos el\u00e1stica, y la <a href=\"https:\/\/www.suavinex.com\/livingsuavinex\/fontanelas-bebe\/\">fontanela<\/a>, (si todav\u00eda la tiene abierta), puede hundirse, indicando una deshidrataci\u00f3n severa.<\/p>\n\n\n\n<p>Las consecuencias m\u00e1s cr\u00edticas de la deshidrataci\u00f3n prolongada incluyen el <strong>da\u00f1o a los \u00f3rganos vitales y el desequilibrio electrol\u00edtico<\/strong>. Los electrolitos son esenciales para el funcionamiento del coraz\u00f3n y los m\u00fasculos, y su desbalance puede causar arritmias card\u00edacas y convulsiones. Adem\u00e1s, la deshidrataci\u00f3n puede afectar la capacidad del cuerpo para mantener una temperatura estable, aumentando el riesgo de fiebre y golpes de calor.<\/p>\n\n\n\n<p>Si no se trata a tiempo, la deshidrataci\u00f3n severa puede llevar a un <strong>shock hipovol\u00e9mico<\/strong>, una emergencia m\u00e9dica que pone en riesgo la vida del beb\u00e9. Por ello, es crucial actuar r\u00e1pidamente ante los primeros signos de deshidrataci\u00f3n para prevenir estas graves consecuencias y asegurar la pronta recuperaci\u00f3n del beb\u00e9.<\/p>\n\n\n\n<h2 class=\"wp-block-heading\">Signos de deshidrataci\u00f3n en beb\u00e9s<\/h2>\n\n\n\n<p>La mayor\u00eda de los <strong>s\u00edntomas de deshidrataci\u00f3n en ni\u00f1os<\/strong> peque\u00f1os y beb\u00e9s no son muy llamativos por lo que <strong>c\u00f3mo saber si un beb\u00e9 est\u00e1 deshidratado<\/strong> es crucial para poder actuar con rapidez. La <a href=\"https:\/\/www.suavinex.com\/livingsuavinex\/deshidratacion-ninos-verano\/\">deshidrataci\u00f3n de ni\u00f1os en verano<\/a>&nbsp;es especialmente peligrosa, por lo que te recomendamos estar alerta y actuar ante la menor duda.<\/p>\n\n\n\n<p><strong>S\u00edntomas de deshidrataci\u00f3n en beb\u00e9s<\/strong>:<\/p>\n\n\n\n<ul class=\"wp-block-list\">\n<li>Tu beb\u00e9 moja menos pa\u00f1ales de lo habitual.<\/li>\n\n\n\n<li>Est\u00e1 alica\u00eddo, escaso de energ\u00eda y no quiere jugar.<\/li>\n\n\n\n<li>Cuando llora, lo hace sin l\u00e1grimas.<\/li>\n\n\n\n<li>Su orina es m\u00e1s oscura de lo habitual.<\/li>\n\n\n\n<li>Tiene la boca reseca.<\/li>\n<\/ul>\n\n\n\n<p>Si presenta alguno de estos s\u00edntomas,&nbsp;<strong>acude de inmediato a tu pediatra<\/strong>&nbsp;o centro de urgencias, ya que la deshidrataci\u00f3n y el golpe de calor son muy graves en los beb\u00e9s. El doctor te dir\u00e1 cu\u00e1l es la mejor forma de hidratar a tu beb\u00e9 en ese caso.<\/p>\n\n\n\n<h2 class=\"wp-block-heading\">Beb\u00e9 deshidratado \u00bfqu\u00e9 hacer?<\/h2>\n\n\n\n<p>Dependiendo de su edad, la deshidrataci\u00f3n en beb\u00e9s puede ser m\u00e1s o menos grave, pero siempre es motivo de preocupaci\u00f3n por lo que te recomendamos estar alerta y tratar de evitar llegar al punto en el que la intervenci\u00f3n m\u00e9dica sea necesaria.<\/p>\n\n\n\n<h3 class=\"wp-block-heading\">La hidrataci\u00f3n de los beb\u00e9s menores de 6 meses<\/h3>\n\n\n\n<p>Los ni\u00f1os menores de 6 meses solo se alimentan con leche, ya sea materna o <a href=\"https:\/\/www.suavinex.com\/livingsuavinex\/leches-de-formula\/\">leche de f\u00f3rmula<\/a>. A esa edad es importante no ofrecerles otros l\u00edquidos porque su est\u00f3mago no est\u00e1 preparado para procesarlos, ni siquiera el agua. Entonces \u00bf<strong>c\u00f3mo hidratar a los beb\u00e9s<\/strong>&nbsp;menores de 6 meses?<\/p>\n\n\n\n<p>Siempre se dice que&nbsp;<strong>la lactancia es alimento e hidrataci\u00f3n<\/strong>&nbsp;y que ha de darse a demanda. Pero si sospechas que tu beb\u00e9 puede estar deshidratado, es mejor no esperar a que lo pida y ofrecer el pecho, o el biber\u00f3n, de manera continuada. Si tu beb\u00e9 se alimenta con leche de f\u00f3rmula respeta siempre la proporci\u00f3n entre cacitos y mililitros de agua. Poner m\u00e1s polvo de los debidos podr\u00eda favorecer un principio de deshidrataci\u00f3n.<\/p>\n\n\n\n<h3 class=\"wp-block-heading\">\u00bfC\u00f3mo hidratar a un beb\u00e9 mayor de 6 meses?<\/h3>\n\n\n\n<p>De manera general, los 6 meses marcan el pistoletazo de salida para la&nbsp;<a href=\"https:\/\/www.suavinex.com\/livingsuavinex\/decalogo-alimentacion-complementaria\/\" target=\"_blank\" rel=\"noreferrer noopener\">introducci\u00f3n de la alimentaci\u00f3n complementaria<\/a>. Algunos beb\u00e9s comienzan antes, y otros despu\u00e9s, pero esa edad es a la que se suelen dar los hitos que la hacen posible.<\/p>\n\n\n\n<p>Si es el caso de tu beb\u00e9, debes saber que la pauta de hidrataci\u00f3n cambia con respecto a los lactantes. En el momento que comienzan con los s\u00f3lidos se les puede empezar a\u00a0ofrecer agua. Hazlo tambi\u00e9n a menudo, por si el beb\u00e9 olvidara pedirla. Ofrec\u00e9rsela en vasos de aprendizaje con dise\u00f1os divertidos como la <a href=\"https:\/\/www.suavinex.com\/alimentacion-del-bebe\/vajilla-infantil\/s-taza-de-aprendizaje-wonderland-vd-i3\/p\/000000000000402789\">Taza Aprendizaje Beb\u00e9 con Asas azul<\/a> y acostumbrarle a llevar siempre una botella de agua como la <a href=\"https:\/\/www.suavinex.com\/alimentacion-del-bebe\/vajilla-infantil\/w-botella-pajita-boo-vd-i3-pers\/p\/000000000000305095\">Botella con pajita personalizada booo verde<\/a> con \u00e9l cuando aprieta el calor, tambi\u00e9n favorecer\u00e1 que quiera beber agua y que adquiera el buen h\u00e1bito de hidratarse.<\/p>\n\n\n<div class=\"carrusel\"><ul class=\"recomendacion\"><li class=\"producto\"><div class=\"wrapProducto\"><a target=\"_blank\" class=\"imagen\" href=\"https:\/\/www.suavinex.com\/alimentacion-del-bebe\/vajilla-infantil\/s-vajilla-infantil-nina-6m-i3\/p\/000000000000300844\"><img decoding=\"async\" src=\"https:\/\/www.suavinex.com\/medias\/Vajilla-Go-Natural-RS-01.jpg?context=bWFzdGVyfGltYWdlc3wxNzY1MTl8aW1hZ2UvanBlZ3xpbWFnZXMvaDkyL2gzZC84OTE3MTg0ODcyNDc4LmpwZ3w2ZDkxOWRmNTJjNWViYmI2MDQxNmNjNjAxNWZkMDU0YzJhZjdiZGVhMjBlOWRmZDQzNWU1OWQ4M2NiNTQwMmZh\"><\/a><div class=\"productname\"><a target=\"_blank\" href=\"https:\/\/www.suavinex.com\/alimentacion-del-bebe\/vajilla-infantil\/s-vajilla-infantil-nina-6m-i3\/p\/000000000000300844\">Vajilla para beb\u00e9s de aprendizaje rosa<\/a><div><div class=\"bloquePrecio\"><div class=\"precioProducto\">33.95 \u20ac<\/div><a target=\"_blank\" class=\"ctabuy\" href=\"https:\/\/www.suavinex.com\/alimentacion-del-bebe\/vajilla-infantil\/s-vajilla-infantil-nina-6m-i3\/p\/000000000000300844\">COMPRAR<\/a><\/div><\/div><\/li><\/ul><\/div>\n\n\n<div class=\"carrusel\"><ul class=\"recomendacion\"><li class=\"producto\"><div class=\"wrapProducto\"><a target=\"_blank\" class=\"imagen\" href=\"https:\/\/www.suavinex.com\/alimentacion-del-bebe\/vajilla-infantil\/s-vajilla-infantil-nina-6m-i3\/p\/000000000000300844\"><img decoding=\"async\" src=\"https:\/\/www.suavinex.com\/medias\/Vajilla-Go-Natural-RS-01.jpg?context=bWFzdGVyfGltYWdlc3wxNzY1MTl8aW1hZ2UvanBlZ3xpbWFnZXMvaDkyL2gzZC84OTE3MTg0ODcyNDc4LmpwZ3w2ZDkxOWRmNTJjNWViYmI2MDQxNmNjNjAxNWZkMDU0YzJhZjdiZGVhMjBlOWRmZDQzNWU1OWQ4M2NiNTQwMmZh\"><\/a><div class=\"productname\"><a target=\"_blank\" href=\"https:\/\/www.suavinex.com\/alimentacion-del-bebe\/vajilla-infantil\/s-vajilla-infantil-nina-6m-i3\/p\/000000000000300844\">Vajilla para beb\u00e9s de aprendizaje rosa<\/a><div><div class=\"bloquePrecio\"><div class=\"precioProducto\">33.95 \u20ac<\/div><a target=\"_blank\" class=\"ctabuy\" href=\"https:\/\/www.suavinex.com\/alimentacion-del-bebe\/vajilla-infantil\/s-vajilla-infantil-nina-6m-i3\/p\/000000000000300844\">COMPRAR<\/a><\/div><\/div><\/li><\/ul><\/div>\n\n\n\n<p>No hay que olvidar que&nbsp;tambi\u00e9n se consigue hidrataci\u00f3n a trav\u00e9s de la comida. Las frutas de verano son ricas en agua y pueden servirte para hidratar a tu beb\u00e9. Si es la primera vez que la toma recuerda las recomendaciones con respecto a la introducci\u00f3n de alimentos. La sand\u00eda y el mel\u00f3n son buen\u00edsimas opciones. Tambi\u00e9n puedes hacerlo con las sopas fr\u00edas.<\/p>\n\n\n\n<p>Si el problema de deshidrataci\u00f3n de tu beb\u00e9 viene por una enfermedad o infecci\u00f3n, debes acudir al pediatra cuanto antes para tratar la ra\u00edz del problema o, de lo contrario, no importar\u00e1 cuanta leche o agua ofrezcas a tu peque. Puede que el m\u00e9dico tenga que administrar suero oral para beb\u00e9s, pero esto lo debe decidir el profesional en pediatr\u00eda.<\/p>\n\n\n\n<p>Tambi\u00e9n es importante cuidar la hidrataci\u00f3n de la piel desde el exterior. Con el <a href=\"https:\/\/www.suavinex.com\/bano-y-cuidado-del-bebe\/cosmetica-bebe\/pack-leche-hidratante-y-crema-facial-bebe\/p\/set_locion_facial\">Pack Loci\u00f3n hidratante y crema facial beb\u00e9<\/a>, su piel obtendr\u00e1 todo lo que necesita para estar suave y bien hidratada.<\/p>\n\n\n<div class=\"carrusel\"><ul class=\"recomendacion\"><li class=\"producto\"><div class=\"wrapProducto\"><a target=\"_blank\" class=\"imagen\" href=\"https:\/\/www.suavinex.com\/alimentacion-del-bebe\/vajilla-infantil\/s-vajilla-infantil-nina-6m-i3\/p\/000000000000300844\"><img decoding=\"async\" src=\"https:\/\/www.suavinex.com\/medias\/Vajilla-Go-Natural-RS-01.jpg?context=bWFzdGVyfGltYWdlc3wxNzY1MTl8aW1hZ2UvanBlZ3xpbWFnZXMvaDkyL2gzZC84OTE3MTg0ODcyNDc4LmpwZ3w2ZDkxOWRmNTJjNWViYmI2MDQxNmNjNjAxNWZkMDU0YzJhZjdiZGVhMjBlOWRmZDQzNWU1OWQ4M2NiNTQwMmZh\"><\/a><div class=\"productname\"><a target=\"_blank\" href=\"https:\/\/www.suavinex.com\/alimentacion-del-bebe\/vajilla-infantil\/s-vajilla-infantil-nina-6m-i3\/p\/000000000000300844\">Vajilla para beb\u00e9s de aprendizaje rosa<\/a><div><div class=\"bloquePrecio\"><div class=\"precioProducto\">33.95 \u20ac<\/div><a target=\"_blank\" class=\"ctabuy\" href=\"https:\/\/www.suavinex.com\/alimentacion-del-bebe\/vajilla-infantil\/s-vajilla-infantil-nina-6m-i3\/p\/000000000000300844\">COMPRAR<\/a><\/div><\/div><\/li><\/ul><\/div>\n\n\n\n<p><br>\u00bfHas vivido alg\u00fan episodio que te haya hecho sospechar de&nbsp;<strong>deshidrataci\u00f3n infantil<\/strong>? \u00bfC\u00f3mo lo afrontaste?<\/p>\n","protected":false},"excerpt":{"rendered":"Si eres padre o madre seguro que has escuchado que los beb\u00e9s se deshidratan con facilidad. Con la llegada del calor y las elevadas temperaturas, es importante prevenir que esto ocurra, as\u00ed que como que puedan sufrir un golpe de calor. Saber c\u00f3mo hidratar a los beb\u00e9s se vuelve fundamental&#8230; <a class=\"view-article\" href=\"https:\/\/www.suavinex.com\/livingsuavinex\/como-hidratar-bebes\/\">Ver art\u00edculo<\/a>","protected":false},"author":297,"featured_media":39627,"comment_status":"closed","ping_status":"closed","sticky":false,"template":"","format":"standard","meta":{"inline_featured_image":false,"footnotes":""},"categories":[2272],"tags":[234,76,2254],"class_list":["post-39588","post","type-post","status-publish","format-standard","has-post-thumbnail","hentry","category-tips-crianza","tag-bebe","tag-cuidados","tag-lactancia"],"yoast_head":"<!-- This site is optimized with the Yoast SEO plugin v26.8 - https:\/\/yoast.com\/product\/yoast-seo-wordpress\/ -->\n<title>\u00bfSabes c\u00f3mo hidratar a los beb\u00e9s? | Living Suavinex<\/title>\n<meta name=\"description\" content=\"Llega el calor y con \u00e9l las altas temperaturas. \u00bfSabes c\u00f3mo hidratar a tu beb\u00e9 este verano? Te contamos las claves para hacerlo.\" \/>\n<meta name=\"robots\" content=\"index, follow, max-snippet:-1, max-image-preview:large, max-video-preview:-1\" \/>\n<link rel=\"canonical\" href=\"https:\/\/www.suavinex.com\/livingsuavinex\/como-hidratar-bebes\/\" \/>\n<meta property=\"og:locale\" content=\"es_ES\" \/>\n<meta property=\"og:type\" content=\"article\" \/>\n<meta property=\"og:title\" content=\"\u00bfSabes c\u00f3mo hidratar a los beb\u00e9s? | Living Suavinex\" \/>\n<meta property=\"og:description\" content=\"Llega el calor y con \u00e9l las altas temperaturas. \u00bfSabes c\u00f3mo hidratar a tu beb\u00e9 este verano? Te contamos las claves para hacerlo.\" \/>\n<meta property=\"og:url\" content=\"https:\/\/www.suavinex.com\/livingsuavinex\/como-hidratar-bebes\/\" \/>\n<meta property=\"og:site_name\" content=\"Living Suavinex\" \/>\n<meta property=\"article:publisher\" content=\"https:\/\/www.facebook.com\/SuavinexSpain\" \/>\n<meta property=\"article:published_time\" content=\"2024-08-16T06:30:00+00:00\" \/>\n<meta property=\"article:modified_time\" content=\"2024-10-28T12:40:49+00:00\" \/>\n<meta property=\"og:image\" content=\"https:\/\/www.suavinex.com\/livingsuavinex\/wp-content\/uploads\/2019\/06\/como-hidratar-a-los-bebes-1.jpg\" \/>\n\t<meta property=\"og:image:width\" content=\"875\" \/>\n\t<meta property=\"og:image:height\" content=\"526\" \/>\n\t<meta property=\"og:image:type\" content=\"image\/jpeg\" \/>\n<meta name=\"author\" content=\"Paula Gonzalo\" \/>\n<meta name=\"twitter:card\" content=\"summary_large_image\" \/>\n<meta name=\"twitter:creator\" content=\"@SuavinexSpain\" \/>\n<meta name=\"twitter:site\" content=\"@SuavinexSpain\" \/>\n<meta name=\"twitter:label1\" content=\"Escrito por\" \/>\n\t<meta name=\"twitter:data1\" content=\"Paula Gonzalo\" \/>\n\t<meta name=\"twitter:label2\" content=\"Tiempo de lectura\" \/>\n\t<meta name=\"twitter:data2\" content=\"6 minutos\" \/>\n<script type=\"application\/ld+json\" class=\"yoast-schema-graph\">{\"@context\":\"https:\/\/schema.org\",\"@graph\":[{\"@type\":\"Article\",\"@id\":\"https:\/\/www.suavinex.com\/livingsuavinex\/como-hidratar-bebes\/#article\",\"isPartOf\":{\"@id\":\"https:\/\/www.suavinex.com\/livingsuavinex\/como-hidratar-bebes\/\"},\"author\":{\"name\":\"Paula Gonzalo\",\"@id\":\"https:\/\/www.suavinex.com\/livingsuavinex\/#\/schema\/person\/adf54053ae070908b6a5293ef8d2c28a\"},\"headline\":\"Deshidrataci\u00f3n en beb\u00e9s, c\u00f3mo saber si un bebe esta deshidratado\",\"datePublished\":\"2024-08-16T06:30:00+00:00\",\"dateModified\":\"2024-10-28T12:40:49+00:00\",\"mainEntityOfPage\":{\"@id\":\"https:\/\/www.suavinex.com\/livingsuavinex\/como-hidratar-bebes\/\"},\"wordCount\":1289,\"publisher\":{\"@id\":\"https:\/\/www.suavinex.com\/livingsuavinex\/#organization\"},\"image\":{\"@id\":\"https:\/\/www.suavinex.com\/livingsuavinex\/como-hidratar-bebes\/#primaryimage\"},\"thumbnailUrl\":\"https:\/\/www.suavinex.com\/livingsuavinex\/wp-content\/uploads\/2019\/06\/como-hidratar-a-los-bebes-1.jpg\",\"keywords\":[\"Beb\u00e9\",\"Cuidados\",\"Lactancia\"],\"articleSection\":[\"Tips de crianza\"],\"inLanguage\":\"es\"},{\"@type\":\"WebPage\",\"@id\":\"https:\/\/www.suavinex.com\/livingsuavinex\/como-hidratar-bebes\/\",\"url\":\"https:\/\/www.suavinex.com\/livingsuavinex\/como-hidratar-bebes\/\",\"name\":\"\u00bfSabes c\u00f3mo hidratar a los beb\u00e9s? | Living Suavinex\",\"isPartOf\":{\"@id\":\"https:\/\/www.suavinex.com\/livingsuavinex\/#website\"},\"primaryImageOfPage\":{\"@id\":\"https:\/\/www.suavinex.com\/livingsuavinex\/como-hidratar-bebes\/#primaryimage\"},\"image\":{\"@id\":\"https:\/\/www.suavinex.com\/livingsuavinex\/como-hidratar-bebes\/#primaryimage\"},\"thumbnailUrl\":\"https:\/\/www.suavinex.com\/livingsuavinex\/wp-content\/uploads\/2019\/06\/como-hidratar-a-los-bebes-1.jpg\",\"datePublished\":\"2024-08-16T06:30:00+00:00\",\"dateModified\":\"2024-10-28T12:40:49+00:00\",\"description\":\"Llega el calor y con \u00e9l las altas temperaturas. \u00bfSabes c\u00f3mo hidratar a tu beb\u00e9 este verano? Te contamos las claves para hacerlo.\",\"breadcrumb\":{\"@id\":\"https:\/\/www.suavinex.com\/livingsuavinex\/como-hidratar-bebes\/#breadcrumb\"},\"inLanguage\":\"es\",\"potentialAction\":[{\"@type\":\"ReadAction\",\"target\":[\"https:\/\/www.suavinex.com\/livingsuavinex\/como-hidratar-bebes\/\"]}]},{\"@type\":\"ImageObject\",\"inLanguage\":\"es\",\"@id\":\"https:\/\/www.suavinex.com\/livingsuavinex\/como-hidratar-bebes\/#primaryimage\",\"url\":\"https:\/\/www.suavinex.com\/livingsuavinex\/wp-content\/uploads\/2019\/06\/como-hidratar-a-los-bebes-1.jpg\",\"contentUrl\":\"https:\/\/www.suavinex.com\/livingsuavinex\/wp-content\/uploads\/2019\/06\/como-hidratar-a-los-bebes-1.jpg\",\"width\":875,\"height\":526},{\"@type\":\"BreadcrumbList\",\"@id\":\"https:\/\/www.suavinex.com\/livingsuavinex\/como-hidratar-bebes\/#breadcrumb\",\"itemListElement\":[{\"@type\":\"ListItem\",\"position\":1,\"name\":\"Portada\",\"item\":\"https:\/\/www.suavinex.com\/livingsuavinex\/\"},{\"@type\":\"ListItem\",\"position\":2,\"name\":\"Deshidrataci\u00f3n en beb\u00e9s, c\u00f3mo saber si un bebe esta deshidratado\"}]},{\"@type\":\"WebSite\",\"@id\":\"https:\/\/www.suavinex.com\/livingsuavinex\/#website\",\"url\":\"https:\/\/www.suavinex.com\/livingsuavinex\/\",\"name\":\"Living Suavinex\",\"description\":\"| Familias reales\",\"publisher\":{\"@id\":\"https:\/\/www.suavinex.com\/livingsuavinex\/#organization\"},\"potentialAction\":[{\"@type\":\"SearchAction\",\"target\":{\"@type\":\"EntryPoint\",\"urlTemplate\":\"https:\/\/www.suavinex.com\/livingsuavinex\/?s={search_term_string}\"},\"query-input\":{\"@type\":\"PropertyValueSpecification\",\"valueRequired\":true,\"valueName\":\"search_term_string\"}}],\"inLanguage\":\"es\"},{\"@type\":\"Organization\",\"@id\":\"https:\/\/www.suavinex.com\/livingsuavinex\/#organization\",\"name\":\"Suavinex\",\"url\":\"https:\/\/www.suavinex.com\/livingsuavinex\/\",\"logo\":{\"@type\":\"ImageObject\",\"inLanguage\":\"es\",\"@id\":\"https:\/\/www.suavinex.com\/livingsuavinex\/#\/schema\/logo\/image\/\",\"url\":\"https:\/\/www.suavinex.com\/livingsuavinex\/wp-content\/uploads\/2018\/07\/living_sx_logo_mvl.png\",\"contentUrl\":\"https:\/\/www.suavinex.com\/livingsuavinex\/wp-content\/uploads\/2018\/07\/living_sx_logo_mvl.png\",\"width\":350,\"height\":70,\"caption\":\"Suavinex\"},\"image\":{\"@id\":\"https:\/\/www.suavinex.com\/livingsuavinex\/#\/schema\/logo\/image\/\"},\"sameAs\":[\"https:\/\/www.facebook.com\/SuavinexSpain\",\"https:\/\/x.com\/SuavinexSpain\",\"https:\/\/www.instagram.com\/suavinex_spain\/\",\"https:\/\/www.pinterest.es\/SuavinexSpain\/\",\"https:\/\/www.youtube.com\/channel\/UCgeJREx2R_ZvV2aQMrfWgcA\"]},{\"@type\":\"Person\",\"@id\":\"https:\/\/www.suavinex.com\/livingsuavinex\/#\/schema\/person\/adf54053ae070908b6a5293ef8d2c28a\",\"name\":\"Paula Gonzalo\",\"image\":{\"@type\":\"ImageObject\",\"inLanguage\":\"es\",\"@id\":\"https:\/\/www.suavinex.com\/livingsuavinex\/#\/schema\/person\/image\/\",\"url\":\"https:\/\/secure.gravatar.com\/avatar\/743d807d9020323f241090e3afb62686?s=96&d=mm&r=g\",\"contentUrl\":\"https:\/\/secure.gravatar.com\/avatar\/743d807d9020323f241090e3afb62686?s=96&d=mm&r=g\",\"caption\":\"Paula Gonzalo\"}}]}<\/script>\n<!-- \/ Yoast SEO plugin. -->","yoast_head_json":{"title":"\u00bfSabes c\u00f3mo hidratar a los beb\u00e9s? | Living Suavinex","description":"Llega el calor y con \u00e9l las altas temperaturas. \u00bfSabes c\u00f3mo hidratar a tu beb\u00e9 este verano? Te contamos las claves para hacerlo.","robots":{"index":"index","follow":"follow","max-snippet":"max-snippet:-1","max-image-preview":"max-image-preview:large","max-video-preview":"max-video-preview:-1"},"canonical":"https:\/\/www.suavinex.com\/livingsuavinex\/como-hidratar-bebes\/","og_locale":"es_ES","og_type":"article","og_title":"\u00bfSabes c\u00f3mo hidratar a los beb\u00e9s? | Living Suavinex","og_description":"Llega el calor y con \u00e9l las altas temperaturas. \u00bfSabes c\u00f3mo hidratar a tu beb\u00e9 este verano? Te contamos las claves para hacerlo.","og_url":"https:\/\/www.suavinex.com\/livingsuavinex\/como-hidratar-bebes\/","og_site_name":"Living Suavinex","article_publisher":"https:\/\/www.facebook.com\/SuavinexSpain","article_published_time":"2024-08-16T06:30:00+00:00","article_modified_time":"2024-10-28T12:40:49+00:00","og_image":[{"width":875,"height":526,"url":"https:\/\/www.suavinex.com\/livingsuavinex\/wp-content\/uploads\/2019\/06\/como-hidratar-a-los-bebes-1.jpg","type":"image\/jpeg"}],"author":"Paula Gonzalo","twitter_card":"summary_large_image","twitter_creator":"@SuavinexSpain","twitter_site":"@SuavinexSpain","twitter_misc":{"Escrito por":"Paula Gonzalo","Tiempo de lectura":"6 minutos"},"schema":{"@context":"https:\/\/schema.org","@graph":[{"@type":"Article","@id":"https:\/\/www.suavinex.com\/livingsuavinex\/como-hidratar-bebes\/#article","isPartOf":{"@id":"https:\/\/www.suavinex.com\/livingsuavinex\/como-hidratar-bebes\/"},"author":{"name":"Paula Gonzalo","@id":"https:\/\/www.suavinex.com\/livingsuavinex\/#\/schema\/person\/adf54053ae070908b6a5293ef8d2c28a"},"headline":"Deshidrataci\u00f3n en beb\u00e9s, c\u00f3mo saber si un bebe esta deshidratado","datePublished":"2024-08-16T06:30:00+00:00","dateModified":"2024-10-28T12:40:49+00:00","mainEntityOfPage":{"@id":"https:\/\/www.suavinex.com\/livingsuavinex\/como-hidratar-bebes\/"},"wordCount":1289,"publisher":{"@id":"https:\/\/www.suavinex.com\/livingsuavinex\/#organization"},"image":{"@id":"https:\/\/www.suavinex.com\/livingsuavinex\/como-hidratar-bebes\/#primaryimage"},"thumbnailUrl":"https:\/\/www.suavinex.com\/livingsuavinex\/wp-content\/uploads\/2019\/06\/como-hidratar-a-los-bebes-1.jpg","keywords":["Beb\u00e9","Cuidados","Lactancia"],"articleSection":["Tips de crianza"],"inLanguage":"es"},{"@type":"WebPage","@id":"https:\/\/www.suavinex.com\/livingsuavinex\/como-hidratar-bebes\/","url":"https:\/\/www.suavinex.com\/livingsuavinex\/como-hidratar-bebes\/","name":"\u00bfSabes c\u00f3mo hidratar a los beb\u00e9s? | Living Suavinex","isPartOf":{"@id":"https:\/\/www.suavinex.com\/livingsuavinex\/#website"},"primaryImageOfPage":{"@id":"https:\/\/www.suavinex.com\/livingsuavinex\/como-hidratar-bebes\/#primaryimage"},"image":{"@id":"https:\/\/www.suavinex.com\/livingsuavinex\/como-hidratar-bebes\/#primaryimage"},"thumbnailUrl":"https:\/\/www.suavinex.com\/livingsuavinex\/wp-content\/uploads\/2019\/06\/como-hidratar-a-los-bebes-1.jpg","datePublished":"2024-08-16T06:30:00+00:00","dateModified":"2024-10-28T12:40:49+00:00","description":"Llega el calor y con \u00e9l las altas temperaturas. \u00bfSabes c\u00f3mo hidratar a tu beb\u00e9 este verano? Te contamos las claves para hacerlo.","breadcrumb":{"@id":"https:\/\/www.suavinex.com\/livingsuavinex\/como-hidratar-bebes\/#breadcrumb"},"inLanguage":"es","potentialAction":[{"@type":"ReadAction","target":["https:\/\/www.suavinex.com\/livingsuavinex\/como-hidratar-bebes\/"]}]},{"@type":"ImageObject","inLanguage":"es","@id":"https:\/\/www.suavinex.com\/livingsuavinex\/como-hidratar-bebes\/#primaryimage","url":"https:\/\/www.suavinex.com\/livingsuavinex\/wp-content\/uploads\/2019\/06\/como-hidratar-a-los-bebes-1.jpg","contentUrl":"https:\/\/www.suavinex.com\/livingsuavinex\/wp-content\/uploads\/2019\/06\/como-hidratar-a-los-bebes-1.jpg","width":875,"height":526},{"@type":"BreadcrumbList","@id":"https:\/\/www.suavinex.com\/livingsuavinex\/como-hidratar-bebes\/#breadcrumb","itemListElement":[{"@type":"ListItem","position":1,"name":"Portada","item":"https:\/\/www.suavinex.com\/livingsuavinex\/"},{"@type":"ListItem","position":2,"name":"Deshidrataci\u00f3n en beb\u00e9s, c\u00f3mo saber si un bebe esta deshidratado"}]},{"@type":"WebSite","@id":"https:\/\/www.suavinex.com\/livingsuavinex\/#website","url":"https:\/\/www.suavinex.com\/livingsuavinex\/","name":"Living Suavinex","description":"| Familias reales","publisher":{"@id":"https:\/\/www.suavinex.com\/livingsuavinex\/#organization"},"potentialAction":[{"@type":"SearchAction","target":{"@type":"EntryPoint","urlTemplate":"https:\/\/www.suavinex.com\/livingsuavinex\/?s={search_term_string}"},"query-input":{"@type":"PropertyValueSpecification","valueRequired":true,"valueName":"search_term_string"}}],"inLanguage":"es"},{"@type":"Organization","@id":"https:\/\/www.suavinex.com\/livingsuavinex\/#organization","name":"Suavinex","url":"https:\/\/www.suavinex.com\/livingsuavinex\/","logo":{"@type":"ImageObject","inLanguage":"es","@id":"https:\/\/www.suavinex.com\/livingsuavinex\/#\/schema\/logo\/image\/","url":"https:\/\/www.suavinex.com\/livingsuavinex\/wp-content\/uploads\/2018\/07\/living_sx_logo_mvl.png","contentUrl":"https:\/\/www.suavinex.com\/livingsuavinex\/wp-content\/uploads\/2018\/07\/living_sx_logo_mvl.png","width":350,"height":70,"caption":"Suavinex"},"image":{"@id":"https:\/\/www.suavinex.com\/livingsuavinex\/#\/schema\/logo\/image\/"},"sameAs":["https:\/\/www.facebook.com\/SuavinexSpain","https:\/\/x.com\/SuavinexSpain","https:\/\/www.instagram.com\/suavinex_spain\/","https:\/\/www.pinterest.es\/SuavinexSpain\/","https:\/\/www.youtube.com\/channel\/UCgeJREx2R_ZvV2aQMrfWgcA"]},{"@type":"Person","@id":"https:\/\/www.suavinex.com\/livingsuavinex\/#\/schema\/person\/adf54053ae070908b6a5293ef8d2c28a","name":"Paula Gonzalo","image":{"@type":"ImageObject","inLanguage":"es","@id":"https:\/\/www.suavinex.com\/livingsuavinex\/#\/schema\/person\/image\/","url":"https:\/\/secure.gravatar.com\/avatar\/743d807d9020323f241090e3afb62686?s=96&d=mm&r=g","contentUrl":"https:\/\/secure.gravatar.com\/avatar\/743d807d9020323f241090e3afb62686?s=96&d=mm&r=g","caption":"Paula Gonzalo"}}]}},"_links":{"self":[{"href":"https:\/\/www.suavinex.com\/livingsuavinex\/wp-json\/wp\/v2\/posts\/39588","targetHints":{"allow":["GET"]}}],"collection":[{"href":"https:\/\/www.suavinex.com\/livingsuavinex\/wp-json\/wp\/v2\/posts"}],"about":[{"href":"https:\/\/www.suavinex.com\/livingsuavinex\/wp-json\/wp\/v2\/types\/post"}],"author":[{"embeddable":true,"href":"https:\/\/www.suavinex.com\/livingsuavinex\/wp-json\/wp\/v2\/users\/297"}],"replies":[{"embeddable":true,"href":"https:\/\/www.suavinex.com\/livingsuavinex\/wp-json\/wp\/v2\/comments?post=39588"}],"version-history":[{"count":7,"href":"https:\/\/www.suavinex.com\/livingsuavinex\/wp-json\/wp\/v2\/posts\/39588\/revisions"}],"predecessor-version":[{"id":46178,"href":"https:\/\/www.suavinex.com\/livingsuavinex\/wp-json\/wp\/v2\/posts\/39588\/revisions\/46178"}],"wp:featuredmedia":[{"embeddable":true,"href":"https:\/\/www.suavinex.com\/livingsuavinex\/wp-json\/wp\/v2\/media\/39627"}],"wp:attachment":[{"href":"https:\/\/www.suavinex.com\/livingsuavinex\/wp-json\/wp\/v2\/media?parent=39588"}],"wp:term":[{"taxonomy":"category","embeddable":true,"href":"https:\/\/www.suavinex.com\/livingsuavinex\/wp-json\/wp\/v2\/categories?post=39588"},{"taxonomy":"post_tag","embeddable":true,"href":"https:\/\/www.suavinex.com\/livingsuavinex\/wp-json\/wp\/v2\/tags?post=39588"}],"curies":[{"name":"wp","href":"https:\/\/api.w.org\/{rel}","templated":true}]}}