{"id":39586,"date":"2019-05-14T13:26:37","date_gmt":"2019-05-14T11:26:37","guid":{"rendered":"https:\/\/livingsuavinex.es\/?p=39406"},"modified":"2022-11-14T20:54:01","modified_gmt":"2022-11-14T19:54:01","slug":"conciliacion-asignatura-pendiente-espana","status":"publish","type":"post","link":"https:\/\/www.suavinex.com\/livingsuavinex\/conciliacion-asignatura-pendiente-espana\/","title":{"rendered":"La conciliaci\u00f3n sigue siendo una asignatura pendiente en Espa\u00f1a"},"content":{"rendered":"<p>[fusion_builder_container hundred_percent=\u00bbno\u00bb equal_height_columns=\u00bbno\u00bb menu_anchor=\u00bb\u00bb hide_on_mobile=\u00bbsmall-visibility,medium-visibility,large-visibility\u00bb class=\u00bb\u00bb id=\u00bb\u00bb background_color=\u00bb\u00bb background_image=\u00bb\u00bb background_position=\u00bbcenter center\u00bb background_repeat=\u00bbno-repeat\u00bb fade=\u00bbno\u00bb background_parallax=\u00bbnone\u00bb parallax_speed=\u00bb0.3&#8243; video_mp4=\u00bb\u00bb video_webm=\u00bb\u00bb video_ogv=\u00bb\u00bb video_url=\u00bb\u00bb video_aspect_ratio=\u00bb16:9&#8243; video_loop=\u00bbyes\u00bb video_mute=\u00bbyes\u00bb overlay_color=\u00bb\u00bb video_preview_image=\u00bb\u00bb border_size=\u00bb\u00bb border_color=\u00bb\u00bb border_style=\u00bbsolid\u00bb padding_top=\u00bb\u00bb padding_bottom=\u00bb\u00bb padding_left=\u00bb\u00bb padding_right=\u00bb\u00bb admin_toggled=\u00bbno\u00bb][fusion_builder_row][fusion_builder_column type=\u00bb1_1&#8243; layout=\u00bb1_1&#8243; background_position=\u00bbleft top\u00bb background_color=\u00bb\u00bb border_size=\u00bb\u00bb border_color=\u00bb\u00bb border_style=\u00bbsolid\u00bb border_position=\u00bball\u00bb spacing=\u00bbyes\u00bb background_image=\u00bb\u00bb background_repeat=\u00bbno-repeat\u00bb padding_top=\u00bb\u00bb padding_right=\u00bb\u00bb padding_bottom=\u00bb\u00bb padding_left=\u00bb\u00bb margin_top=\u00bb0px\u00bb margin_bottom=\u00bb0px\u00bb class=\u00bb\u00bb id=\u00bb\u00bb animation_type=\u00bb\u00bb animation_speed=\u00bb0.3&#8243; animation_direction=\u00bbleft\u00bb hide_on_mobile=\u00bbsmall-visibility,medium-visibility,large-visibility\u00bb center_content=\u00bbno\u00bb last=\u00bbno\u00bb min_height=\u00bb\u00bb hover_type=\u00bbnone\u00bb link=\u00bb\u00bb][fusion_text columns=\u00bb\u00bb column_min_width=\u00bb\u00bb column_spacing=\u00bb\u00bb rule_style=\u00bbdefault\u00bb rule_size=\u00bb\u00bb rule_color=\u00bb\u00bb hide_on_mobile=\u00bbsmall-visibility,medium-visibility,large-visibility\u00bb class=\u00bb\u00bb id=\u00bb\u00bb]<br \/>\nHace unas semanas te ped\u00edamos en nuestro perfil de <a href=\"https:\/\/www.facebook.com\/SuavinexSpain\/\" target=\"_blank\" rel=\"noopener noreferrer\">Facebook&nbsp;<\/a>&nbsp;(\u00bfya nos sigues?) que respondieras a una encuesta acerca de tu familia, las bajas por maternidad y paternidad y c\u00f3mo os las hab\u00e9is ingeniado para conciliar. Con todas las respuestas recibidas hemos redactado el <strong>I Estudio de conciliaci\u00f3n y familia. <\/strong>Con&nbsp;\u00e9l que pretendemos, en el <strong>D\u00eda Internacional de las Familias<\/strong>, arrojar algo m\u00e1s de luz acerca de la realidad que se vive en el pa\u00eds. Sus conclusiones seguro que no te dejan indiferente.<\/p>\n<h2>La falta de medidas en materia de conciliaci\u00f3n<\/h2>\n<p>\u00bfDir\u00edas que las medidas actuales en materia de conciliaci\u00f3n son suficientes? Casi 9 de cada 10 personas de las que respondieron a la encuesta, creen que no lo son. Adem\u00e1s, el 62,4 % de las mujeres encuestadas afirma tener problemas para conciliar la vida&nbsp; personal, familiar y profesional. Algo que llama bastante la atenci\u00f3n porque m\u00e1s de la mitad afirma que en su casa hay corresponsabilidad, pero menos del 10 % cree que la paternidad penalice a los hombres. \u00bfCu\u00e1les son los problemas m\u00e1s grandes que se han encontrado?<br \/>\n[\/fusion_text][fusion_separator style_type=\u00bbnone\u00bb hide_on_mobile=\u00bbmedium-visibility,large-visibility\u00bb class=\u00bb\u00bb id=\u00bb\u00bb sep_color=\u00bb\u00bb top_margin=\u00bb40px\u00bb bottom_margin=\u00bb\u00bb border_size=\u00bb\u00bb icon=\u00bb\u00bb icon_circle=\u00bb\u00bb icon_circle_color=\u00bb\u00bb width=\u00bb\u00bb alignment=\u00bbcenter\u00bb \/][fusion_button link=\u00bbhttp:\/\/bit.ly\/30u9w33&#8243; text_transform=\u00bb\u00bb title=\u00bb\u00bb target=\u00bb_blank\u00bb link_attributes=\u00bb\u00bb alignment=\u00bbcenter\u00bb modal=\u00bb\u00bb hide_on_mobile=\u00bbsmall-visibility,medium-visibility,large-visibility\u00bb class=\u00bb\u00bb id=\u00bb\u00bb color=\u00bbdefault\u00bb button_gradient_top_color=\u00bb\u00bb button_gradient_bottom_color=\u00bb\u00bb button_gradient_top_color_hover=\u00bb\u00bb button_gradient_bottom_color_hover=\u00bb\u00bb accent_color=\u00bb\u00bb accent_hover_color=\u00bb\u00bb type=\u00bb\u00bb bevel_color=\u00bb\u00bb border_width=\u00bb\u00bb size=\u00bblarge\u00bb stretch=\u00bbdefault\u00bb shape=\u00bb\u00bb icon=\u00bbfa-arrow-down fas\u00bb icon_position=\u00bbleft\u00bb icon_divider=\u00bbno\u00bb animation_type=\u00bb\u00bb animation_direction=\u00bbleft\u00bb animation_speed=\u00bb0.3&#8243; animation_offset=\u00bb\u00bb]Descarga el estudio[\/fusion_button][fusion_separator style_type=\u00bbnone\u00bb hide_on_mobile=\u00bbmedium-visibility,large-visibility\u00bb class=\u00bb\u00bb id=\u00bb\u00bb sep_color=\u00bb\u00bb top_margin=\u00bb40px\u00bb bottom_margin=\u00bb\u00bb border_size=\u00bb\u00bb icon=\u00bb\u00bb icon_circle=\u00bb\u00bb icon_circle_color=\u00bb\u00bb width=\u00bb\u00bb alignment=\u00bbcenter\u00bb \/][fusion_imageframe image_id=\u00bb39408|large\u00bb max_width=\u00bb\u00bb style_type=\u00bbnone\u00bb blur=\u00bb\u00bb stylecolor=\u00bb\u00bb hover_type=\u00bbnone\u00bb bordersize=\u00bb\u00bb bordercolor=\u00bb\u00bb borderradius=\u00bb\u00bb align=\u00bbcenter\u00bb lightbox=\u00bbno\u00bb gallery_id=\u00bb\u00bb lightbox_image=\u00bb\u00bb lightbox_image_id=\u00bb\u00bb alt=\u00bbinconvenientes conciliaci\u00f3n en Espa\u00f1a\u00bb link=\u00bbhttps:\/\/www.suavinex.com\/livingsuavinex\/wp-content\/uploads\/2019\/05\/Suavinex-Estudio-Conciliacion-y-familia_infografia.pdf\u00bb linktarget=\u00bb_blank\u00bb hide_on_mobile=\u00bbsmall-visibility,medium-visibility,large-visibility\u00bb class=\u00bb\u00bb id=\u00bb\u00bb animation_type=\u00bb\u00bb animation_direction=\u00bbleft\u00bb animation_speed=\u00bb0.3&#8243; animation_offset=\u00bb\u00bb]https:\/\/www.suavinex.com\/livingsuavinex\/wp-content\/uploads\/2019\/05\/Estudio-Conciliacion-y-Familia_inconvenientes-688&#215;1024.jpg[\/fusion_imageframe][fusion_text columns=\u00bb\u00bb column_min_width=\u00bb\u00bb column_spacing=\u00bb\u00bb rule_style=\u00bbdefault\u00bb rule_size=\u00bb\u00bb rule_color=\u00bb\u00bb hide_on_mobile=\u00bbsmall-visibility,medium-visibility,large-visibility\u00bb class=\u00bb\u00bb id=\u00bb\u00bb]<\/p>\n<h2>\u00bfC\u00f3mo conciliar mejor?<\/h2>\n<p>A la hora de recibir al nuevo miembro de la familia, un abrumador 96,7 % de los encuestados considera que el<strong> periodo de baja maternal es insuficiente<\/strong> y lo alargar\u00eda. Una reivindicaci\u00f3n hist\u00f3rica del colectivo familiar que, hasta el momento, no ha obtenido respuesta. Ante la falta de pol\u00edticas en este sentido, han tomado las alternativas que ten\u00edan a su alcance para<a href=\"https:\/\/www.suavinex.com\/livingsuavinex\/baja-maternal\/\" target=\"_blank\" rel=\"noopener noreferrer\"><strong> alargar la baja maternal<\/strong><\/a>. Para conseguirlo, acumularon horas de lactancia (69,8 %), juntaron vacaciones (63,8 %) o pidieron <strong><a href=\"https:\/\/www.suavinex.com\/livingsuavinex\/excedencia-hijos\/\" target=\"_blank\" rel=\"noopener noreferrer\">excedencias<\/a> <\/strong>(17,7 %). Tras ser preguntad0s por la duraci\u00f3n ideal de la baja por maternidad, el 54 % de los encuestados cree que ser\u00eda de un a\u00f1o.<br \/>\nTambi\u00e9n preguntamos por ideas para aumentar la natalidad. El 96,3 % considera que son necesarios<strong> incentivos econ\u00f3micos<\/strong> para fomentar el incremento de la natalidad. Entre las propuestas para hacerlo, la que m\u00e1s aceptaci\u00f3n tiene es una paga mensual por hijo (29,1 %); seguida de m\u00e1s escuelas infantiles gratuitas o subvencionadas (26,2 %) u otro tipo de ayudas como el cheque beb\u00e9 (17 %) o el <a href=\"https:\/\/www.suavinex.com\/livingsuavinex\/nuevo-cheque-guarderia\/\" target=\"_blank\" rel=\"noopener noreferrer\"><strong>cheque guarder\u00eda<\/strong><\/a> (9 %). Datos que ponen de manifiesto la necesidad de tomar cartas en el asunto para que el escaso 1,33 hijos por mujer en Espa\u00f1a repunte.<br \/>\n[\/fusion_text][fusion_separator style_type=\u00bbnone\u00bb hide_on_mobile=\u00bbmedium-visibility,large-visibility\u00bb class=\u00bb\u00bb id=\u00bb\u00bb sep_color=\u00bb\u00bb top_margin=\u00bb40px\u00bb bottom_margin=\u00bb\u00bb border_size=\u00bb\u00bb icon=\u00bb\u00bb icon_circle=\u00bb\u00bb icon_circle_color=\u00bb\u00bb width=\u00bb\u00bb alignment=\u00bbcenter\u00bb \/][\/fusion_builder_column][\/fusion_builder_row][\/fusion_builder_container][fusion_builder_container hundred_percent=\u00bbno\u00bb hundred_percent_height=\u00bbno\u00bb hundred_percent_height_scroll=\u00bbno\u00bb hundred_percent_height_center_content=\u00bbyes\u00bb equal_height_columns=\u00bbno\u00bb menu_anchor=\u00bb\u00bb hide_on_mobile=\u00bbsmall-visibility,medium-visibility,large-visibility\u00bb status=\u00bbpublished\u00bb publish_date=\u00bb\u00bb class=\u00bb\u00bb id=\u00bb\u00bb background_color=\u00bb\u00bb background_image=\u00bb\u00bb background_position=\u00bbcenter center\u00bb background_repeat=\u00bbno-repeat\u00bb fade=\u00bbno\u00bb background_parallax=\u00bbnone\u00bb enable_mobile=\u00bbno\u00bb parallax_speed=\u00bb0.3&#8243; video_mp4=\u00bb\u00bb video_webm=\u00bb\u00bb video_ogv=\u00bb\u00bb video_url=\u00bb\u00bb video_aspect_ratio=\u00bb16:9&#8243; video_loop=\u00bbyes\u00bb video_mute=\u00bbyes\u00bb video_preview_image=\u00bb\u00bb border_size=\u00bb\u00bb border_color=\u00bb\u00bb border_style=\u00bbsolid\u00bb margin_top=\u00bb\u00bb margin_bottom=\u00bb\u00bb padding_top=\u00bb\u00bb padding_right=\u00bb\u00bb padding_bottom=\u00bb\u00bb padding_left=\u00bb\u00bb][fusion_builder_row][fusion_builder_column type=\u00bb1_1&#8243; layout=\u00bb1_1&#8243; spacing=\u00bb\u00bb center_content=\u00bbno\u00bb link=\u00bb\u00bb target=\u00bb_self\u00bb min_height=\u00bb\u00bb hide_on_mobile=\u00bbsmall-visibility,medium-visibility,large-visibility\u00bb class=\u00bb\u00bb id=\u00bb\u00bb background_image_id=\u00bb\u00bb background_color=\u00bb\u00bb background_image=\u00bb\u00bb background_position=\u00bbleft top\u00bb undefined=\u00bb\u00bb background_repeat=\u00bbno-repeat\u00bb hover_type=\u00bbnone\u00bb border_size=\u00bb2&#8243; border_color=\u00bb#000000&#8243; border_style=\u00bbsolid\u00bb border_position=\u00bball\u00bb padding_top=\u00bb20px\u00bb padding_right=\u00bb20px\u00bb padding_bottom=\u00bb20px\u00bb padding_left=\u00bb20px\u00bb margin_top=\u00bb\u00bb margin_bottom=\u00bb\u00bb animation_type=\u00bb\u00bb animation_direction=\u00bbleft\u00bb animation_speed=\u00bb0.3&#8243; animation_offset=\u00bb\u00bb last=\u00bbno\u00bb][fusion_title hide_on_mobile=\u00bbsmall-visibility,medium-visibility,large-visibility\u00bb class=\u00bb\u00bb id=\u00bb\u00bb content_align=\u00bbcenter\u00bb size=\u00bb1&#8243; font_size=\u00bb\u00bb line_height=\u00bb\u00bb letter_spacing=\u00bb\u00bb margin_top=\u00bb\u00bb margin_bottom=\u00bb\u00bb text_color=\u00bb\u00bb style_type=\u00bbnone\u00bb sep_color=\u00bb\u00bb]<\/p>\n<h2 class=\"content-box-heading\" data-inline-fontsize=\"true\" data-inline-lineheight=\"true\" data-fontsize=\"18\" data-lineheight=\"23\">El escenario ideal para la conciliaci\u00f3n en Espa\u00f1a<\/h2>\n<p>[\/fusion_title][fusion_text columns=\u00bb\u00bb column_min_width=\u00bb\u00bb column_spacing=\u00bb\u00bb rule_style=\u00bbdefault\u00bb rule_size=\u00bb\u00bb rule_color=\u00bb\u00bb hide_on_mobile=\u00bbsmall-visibility,medium-visibility,large-visibility\u00bb class=\u00bb\u00bb id=\u00bb\u00bb]<\/p>\n<ul>\n<li>Incentivos econ\u00f3micos para fomentar el incremento de la natalidad.<\/li>\n<li>Baja maternal de un a\u00f1o de duraci\u00f3n.<\/li>\n<li>Baja paternal intransferible y de la misma duraci\u00f3n que la de la madre. Sujeto a libre elecci\u00f3n seg\u00fan las necesidades familiares hasta una edad determinada del ni\u00f1o\/a<\/li>\n<li>M\u00e1s ayudas a las familias:\n<ul>\n<li>Paga mensual por hijo<\/li>\n<li>Mayor n\u00famero de escuelas infantiles<\/li>\n<li>Cheque beb\u00e9 por nacimiento<\/li>\n<\/ul>\n<\/li>\n<li>Horarios de trabajo m\u00e1s cortos<\/li>\n<\/ul>\n<p>[\/fusion_text][\/fusion_builder_column][fusion_builder_column type=\u00bb1_1&#8243; layout=\u00bb1_1&#8243; spacing=\u00bb\u00bb center_content=\u00bbno\u00bb link=\u00bb\u00bb target=\u00bb_self\u00bb min_height=\u00bb\u00bb hide_on_mobile=\u00bbsmall-visibility,medium-visibility,large-visibility\u00bb class=\u00bb\u00bb id=\u00bb\u00bb background_color=\u00bb\u00bb background_image=\u00bb\u00bb background_image_id=\u00bb\u00bb background_position=\u00bbleft top\u00bb background_repeat=\u00bbno-repeat\u00bb hover_type=\u00bbnone\u00bb border_size=\u00bb0&#8243; border_color=\u00bb\u00bb border_style=\u00bbsolid\u00bb border_position=\u00bball\u00bb padding_top=\u00bb\u00bb padding_right=\u00bb\u00bb padding_bottom=\u00bb\u00bb padding_left=\u00bb\u00bb margin_top=\u00bb\u00bb margin_bottom=\u00bb\u00bb animation_type=\u00bb\u00bb animation_direction=\u00bbleft\u00bb animation_speed=\u00bb0.3&#8243; animation_offset=\u00bb\u00bb last=\u00bbno\u00bb][fusion_separator style_type=\u00bbnone\u00bb hide_on_mobile=\u00bbmedium-visibility,large-visibility\u00bb class=\u00bb\u00bb id=\u00bb\u00bb sep_color=\u00bb\u00bb top_margin=\u00bb\u00bb bottom_margin=\u00bb40px\u00bb border_size=\u00bb\u00bb icon=\u00bb\u00bb icon_circle=\u00bb\u00bb icon_circle_color=\u00bb\u00bb width=\u00bb\u00bb alignment=\u00bbcenter\u00bb \/][fusion_text columns=\u00bb\u00bb column_min_width=\u00bb\u00bb column_spacing=\u00bb\u00bb rule_style=\u00bbdefault\u00bb rule_size=\u00bb\u00bb rule_color=\u00bb\u00bb hide_on_mobile=\u00bbsmall-visibility,medium-visibility,large-visibility\u00bb class=\u00bb\u00bb id=\u00bb\u00bb]<\/p>\n<h2>El papel de los hombres en la crianza<\/h2>\n<p>\u00bfQu\u00e9 ocurre con los hombres? El papel de los padres en la paternidad y crianza es clave para la <strong><a href=\"https:\/\/www.suavinex.com\/livingsuavinex\/corresponsabilidad-crianza\/\" target=\"_blank\" rel=\"noopener noreferrer\">corresponsabilidad<\/a> <\/strong>en el hogar. As\u00ed, el 69,6 % de los encuestados ha visto positiva la ampliaci\u00f3n de su permiso, aunque considera que era m\u00e1s necesario ampliar el de maternidad. En el lado opuesto, el 13,7 % que &nbsp;cree que no hab\u00eda necesidad de ampliarlo.&nbsp; Adem\u00e1s, cabe destacar que el 55,5 % de los encuestados opina que los padres no tienen facilidades para acogerse a <strong>otras medidas de conciliaci\u00f3n<\/strong>, como la reducci\u00f3n de jornada o la acumulaci\u00f3n de lactancia.<br \/>\n[\/fusion_text][fusion_separator style_type=\u00bbnone\u00bb hide_on_mobile=\u00bbmedium-visibility,large-visibility\u00bb class=\u00bb\u00bb id=\u00bb\u00bb sep_color=\u00bb\u00bb top_margin=\u00bb40px\u00bb bottom_margin=\u00bb\u00bb border_size=\u00bb\u00bb icon=\u00bb\u00bb icon_circle=\u00bb\u00bb icon_circle_color=\u00bb\u00bb width=\u00bb\u00bb alignment=\u00bbcenter\u00bb \/][fusion_button link=\u00bbhttp:\/\/bit.ly\/30u9w33&#8243; text_transform=\u00bb\u00bb title=\u00bb\u00bb target=\u00bb_blank\u00bb link_attributes=\u00bb\u00bb alignment=\u00bbcenter\u00bb modal=\u00bb\u00bb hide_on_mobile=\u00bbsmall-visibility,medium-visibility,large-visibility\u00bb class=\u00bb\u00bb id=\u00bb\u00bb color=\u00bbdefault\u00bb button_gradient_top_color=\u00bb\u00bb button_gradient_bottom_color=\u00bb\u00bb button_gradient_top_color_hover=\u00bb\u00bb button_gradient_bottom_color_hover=\u00bb\u00bb accent_color=\u00bb\u00bb accent_hover_color=\u00bb\u00bb type=\u00bb\u00bb bevel_color=\u00bb\u00bb border_width=\u00bb\u00bb size=\u00bblarge\u00bb stretch=\u00bbdefault\u00bb shape=\u00bb\u00bb icon=\u00bbfa-arrow-down fas\u00bb icon_position=\u00bbleft\u00bb icon_divider=\u00bbno\u00bb animation_type=\u00bb\u00bb animation_direction=\u00bbleft\u00bb animation_speed=\u00bb0.3&#8243; animation_offset=\u00bb\u00bb]Descarga el estudio[\/fusion_button][fusion_separator style_type=\u00bbnone\u00bb hide_on_mobile=\u00bbmedium-visibility,large-visibility\u00bb class=\u00bb\u00bb id=\u00bb\u00bb sep_color=\u00bb\u00bb top_margin=\u00bb40px\u00bb bottom_margin=\u00bb\u00bb border_size=\u00bb\u00bb icon=\u00bb\u00bb icon_circle=\u00bb\u00bb icon_circle_color=\u00bb\u00bb width=\u00bb\u00bb alignment=\u00bbcenter\u00bb \/][fusion_text columns=\u00bb\u00bb column_min_width=\u00bb\u00bb column_spacing=\u00bb\u00bb rule_style=\u00bbdefault\u00bb rule_size=\u00bb\u00bb rule_color=\u00bb\u00bb hide_on_mobile=\u00bbsmall-visibility,medium-visibility,large-visibility\u00bb class=\u00bb\u00bb id=\u00bb\u00bb]<br \/>\nCon el <strong>I Estudio sobre conciliaci\u00f3n y familia<\/strong>, Suavinex da continuidad a los dos estudios sobre conciliaci\u00f3n que ha realizado hasta el momento.<br \/>\n<a href=\"https:\/\/www.suavinex.com\/livingsuavinex\/wp-content\/uploads\/2018\/09\/II-Estudio-conciliacion-y-lactancia-Suavinex.pdf\" target=\"_blank\" rel=\"noopener noreferrer\">II Estudio sobre conciliaci\u00f3n y lactancia<\/a><br \/>\n<a href=\"https:\/\/www.suavinex.com\/livingsuavinex\/wp-content\/uploads\/2018\/09\/Estudio-Conciliacion-y-Lactancia-de-Suavinex.pdf\" target=\"_blank\" rel=\"noopener noreferrer\">I Estudio sobre conciliaci\u00f3n y lactancia<\/a>.<br \/>\n\u00bfC\u00f3mo afrontaste la llegada de tu hijo o hija? \u00bfCrees que es posible conciliar?<\/p>\n<hr>\n<p>*El I. Estudio de conciliaci\u00f3n y familia se ha realizado mediante encuesta online y ha sido respondida por 947 usuarios.<br \/>\n[\/fusion_text][\/fusion_builder_column][\/fusion_builder_row][\/fusion_builder_container]<\/p>\n","protected":false},"excerpt":{"rendered":"[fusion_builder_container hundred_percent=\u00bbno\u00bb equal_height_columns=\u00bbno\u00bb menu_anchor=\u00bb\u00bb hide_on_mobile=\u00bbsmall-visibility,medium-visibility,large-visibility\u00bb class=\u00bb\u00bb id=\u00bb\u00bb background_color=\u00bb\u00bb background_image=\u00bb\u00bb background_position=\u00bbcenter center\u00bb background_repeat=\u00bbno-repeat\u00bb fade=\u00bbno\u00bb background_parallax=\u00bbnone\u00bb parallax_speed=\u00bb0.3&#8243; video_mp4=\u00bb\u00bb video_webm=\u00bb\u00bb video_ogv=\u00bb\u00bb video_url=\u00bb\u00bb video_aspect_ratio=\u00bb16:9&#8243; video_loop=\u00bbyes\u00bb video_mute=\u00bbyes\u00bb overlay_color=\u00bb\u00bb video_preview_image=\u00bb\u00bb border_size=\u00bb\u00bb border_color=\u00bb\u00bb border_style=\u00bbsolid\u00bb padding_top=\u00bb\u00bb padding_bottom=\u00bb\u00bb padding_left=\u00bb\u00bb padding_right=\u00bb\u00bb admin_toggled=\u00bbno\u00bb][fusion_builder_row][fusion_builder_column type=\u00bb1_1&#8243; layout=\u00bb1_1&#8243; background_position=\u00bbleft top\u00bb background_color=\u00bb\u00bb border_size=\u00bb\u00bb border_color=\u00bb\u00bb border_style=\u00bbsolid\u00bb border_position=\u00bball\u00bb spacing=\u00bbyes\u00bb background_image=\u00bb\u00bb background_repeat=\u00bbno-repeat\u00bb padding_top=\u00bb\u00bb padding_right=\u00bb\u00bb padding_bottom=\u00bb\u00bb padding_left=\u00bb\u00bb margin_top=\u00bb0px\u00bb margin_bottom=\u00bb0px\u00bb&#8230; <a class=\"view-article\" href=\"https:\/\/www.suavinex.com\/livingsuavinex\/conciliacion-asignatura-pendiente-espana\/\">Ver art\u00edculo<\/a>","protected":false},"author":295,"featured_media":39629,"comment_status":"open","ping_status":"open","sticky":false,"template":"","format":"standard","meta":{"inline_featured_image":false,"footnotes":""},"categories":[1059],"tags":[2220,76,194],"class_list":["post-39586","post","type-post","status-publish","format-standard","has-post-thumbnail","hentry","category-postparto","tag-conciliacion","tag-cuidados","tag-familia"],"yoast_head":"<!-- This site is optimized with the Yoast SEO plugin v26.8 - https:\/\/yoast.com\/product\/yoast-seo-wordpress\/ -->\n<title>La conciliaci\u00f3n sigue siendo una asignatura pendiente en Espa\u00f1a<\/title>\n<meta name=\"description\" content=\"Lanzamos el I Estudio sobre conciliaci\u00f3n y familia Suavinex que recoge las inquietudes de las familias espa\u00f1olas al respecto.\" \/>\n<meta name=\"robots\" content=\"index, follow, max-snippet:-1, max-image-preview:large, max-video-preview:-1\" \/>\n<link rel=\"canonical\" href=\"https:\/\/www.suavinex.com\/livingsuavinex\/conciliacion-asignatura-pendiente-espana\/\" \/>\n<meta property=\"og:locale\" content=\"es_ES\" \/>\n<meta property=\"og:type\" content=\"article\" \/>\n<meta property=\"og:title\" content=\"La conciliaci\u00f3n sigue siendo una asignatura pendiente en Espa\u00f1a\" \/>\n<meta property=\"og:description\" content=\"Lanzamos el I Estudio sobre conciliaci\u00f3n y familia Suavinex que recoge las inquietudes de las familias espa\u00f1olas al respecto.\" \/>\n<meta property=\"og:url\" content=\"https:\/\/www.suavinex.com\/livingsuavinex\/conciliacion-asignatura-pendiente-espana\/\" \/>\n<meta property=\"og:site_name\" content=\"Living Suavinex\" \/>\n<meta property=\"article:publisher\" content=\"https:\/\/www.facebook.com\/SuavinexSpain\" \/>\n<meta property=\"article:published_time\" content=\"2019-05-14T11:26:37+00:00\" \/>\n<meta property=\"article:modified_time\" content=\"2022-11-14T19:54:01+00:00\" \/>\n<meta property=\"og:image\" content=\"https:\/\/www.suavinex.com\/livingsuavinex\/wp-content\/uploads\/2019\/05\/conciliacion-asignatura-pendiente-Espana-1.jpg\" \/>\n\t<meta property=\"og:image:width\" content=\"875\" \/>\n\t<meta property=\"og:image:height\" content=\"526\" \/>\n\t<meta property=\"og:image:type\" content=\"image\/jpeg\" \/>\n<meta name=\"author\" content=\"Suavinex Central\" \/>\n<meta name=\"twitter:card\" content=\"summary_large_image\" \/>\n<meta name=\"twitter:creator\" content=\"@SuavinexSpain\" \/>\n<meta name=\"twitter:site\" content=\"@SuavinexSpain\" \/>\n<meta name=\"twitter:label1\" content=\"Escrito por\" \/>\n\t<meta name=\"twitter:data1\" content=\"Suavinex Central\" \/>\n\t<meta name=\"twitter:label2\" content=\"Tiempo de lectura\" \/>\n\t<meta name=\"twitter:data2\" content=\"8 minutos\" \/>\n<script type=\"application\/ld+json\" class=\"yoast-schema-graph\">{\"@context\":\"https:\/\/schema.org\",\"@graph\":[{\"@type\":\"Article\",\"@id\":\"https:\/\/www.suavinex.com\/livingsuavinex\/conciliacion-asignatura-pendiente-espana\/#article\",\"isPartOf\":{\"@id\":\"https:\/\/www.suavinex.com\/livingsuavinex\/conciliacion-asignatura-pendiente-espana\/\"},\"author\":{\"name\":\"Suavinex Central\",\"@id\":\"https:\/\/www.suavinex.com\/livingsuavinex\/#\/schema\/person\/836d83f4b1821b11b7b47cffd08f1ecb\"},\"headline\":\"La conciliaci\u00f3n sigue siendo una asignatura pendiente en Espa\u00f1a\",\"datePublished\":\"2019-05-14T11:26:37+00:00\",\"dateModified\":\"2022-11-14T19:54:01+00:00\",\"mainEntityOfPage\":{\"@id\":\"https:\/\/www.suavinex.com\/livingsuavinex\/conciliacion-asignatura-pendiente-espana\/\"},\"wordCount\":1679,\"commentCount\":0,\"publisher\":{\"@id\":\"https:\/\/www.suavinex.com\/livingsuavinex\/#organization\"},\"image\":{\"@id\":\"https:\/\/www.suavinex.com\/livingsuavinex\/conciliacion-asignatura-pendiente-espana\/#primaryimage\"},\"thumbnailUrl\":\"https:\/\/www.suavinex.com\/livingsuavinex\/wp-content\/uploads\/2019\/05\/conciliacion-asignatura-pendiente-Espana-1.jpg\",\"keywords\":[\"Conciliaci\u00f3n\",\"Cuidados\",\"Familia\"],\"articleSection\":[\"Postparto\"],\"inLanguage\":\"es\"},{\"@type\":\"WebPage\",\"@id\":\"https:\/\/www.suavinex.com\/livingsuavinex\/conciliacion-asignatura-pendiente-espana\/\",\"url\":\"https:\/\/www.suavinex.com\/livingsuavinex\/conciliacion-asignatura-pendiente-espana\/\",\"name\":\"La conciliaci\u00f3n sigue siendo una asignatura pendiente en Espa\u00f1a\",\"isPartOf\":{\"@id\":\"https:\/\/www.suavinex.com\/livingsuavinex\/#website\"},\"primaryImageOfPage\":{\"@id\":\"https:\/\/www.suavinex.com\/livingsuavinex\/conciliacion-asignatura-pendiente-espana\/#primaryimage\"},\"image\":{\"@id\":\"https:\/\/www.suavinex.com\/livingsuavinex\/conciliacion-asignatura-pendiente-espana\/#primaryimage\"},\"thumbnailUrl\":\"https:\/\/www.suavinex.com\/livingsuavinex\/wp-content\/uploads\/2019\/05\/conciliacion-asignatura-pendiente-Espana-1.jpg\",\"datePublished\":\"2019-05-14T11:26:37+00:00\",\"dateModified\":\"2022-11-14T19:54:01+00:00\",\"description\":\"Lanzamos el I Estudio sobre conciliaci\u00f3n y familia Suavinex que recoge las inquietudes de las familias espa\u00f1olas al respecto.\",\"breadcrumb\":{\"@id\":\"https:\/\/www.suavinex.com\/livingsuavinex\/conciliacion-asignatura-pendiente-espana\/#breadcrumb\"},\"inLanguage\":\"es\",\"potentialAction\":[{\"@type\":\"ReadAction\",\"target\":[\"https:\/\/www.suavinex.com\/livingsuavinex\/conciliacion-asignatura-pendiente-espana\/\"]}]},{\"@type\":\"ImageObject\",\"inLanguage\":\"es\",\"@id\":\"https:\/\/www.suavinex.com\/livingsuavinex\/conciliacion-asignatura-pendiente-espana\/#primaryimage\",\"url\":\"https:\/\/www.suavinex.com\/livingsuavinex\/wp-content\/uploads\/2019\/05\/conciliacion-asignatura-pendiente-Espana-1.jpg\",\"contentUrl\":\"https:\/\/www.suavinex.com\/livingsuavinex\/wp-content\/uploads\/2019\/05\/conciliacion-asignatura-pendiente-Espana-1.jpg\",\"width\":875,\"height\":526},{\"@type\":\"BreadcrumbList\",\"@id\":\"https:\/\/www.suavinex.com\/livingsuavinex\/conciliacion-asignatura-pendiente-espana\/#breadcrumb\",\"itemListElement\":[{\"@type\":\"ListItem\",\"position\":1,\"name\":\"Portada\",\"item\":\"https:\/\/www.suavinex.com\/livingsuavinex\/\"},{\"@type\":\"ListItem\",\"position\":2,\"name\":\"La conciliaci\u00f3n sigue siendo una asignatura pendiente en Espa\u00f1a\"}]},{\"@type\":\"WebSite\",\"@id\":\"https:\/\/www.suavinex.com\/livingsuavinex\/#website\",\"url\":\"https:\/\/www.suavinex.com\/livingsuavinex\/\",\"name\":\"Living Suavinex\",\"description\":\"| Familias reales\",\"publisher\":{\"@id\":\"https:\/\/www.suavinex.com\/livingsuavinex\/#organization\"},\"potentialAction\":[{\"@type\":\"SearchAction\",\"target\":{\"@type\":\"EntryPoint\",\"urlTemplate\":\"https:\/\/www.suavinex.com\/livingsuavinex\/?s={search_term_string}\"},\"query-input\":{\"@type\":\"PropertyValueSpecification\",\"valueRequired\":true,\"valueName\":\"search_term_string\"}}],\"inLanguage\":\"es\"},{\"@type\":\"Organization\",\"@id\":\"https:\/\/www.suavinex.com\/livingsuavinex\/#organization\",\"name\":\"Suavinex\",\"url\":\"https:\/\/www.suavinex.com\/livingsuavinex\/\",\"logo\":{\"@type\":\"ImageObject\",\"inLanguage\":\"es\",\"@id\":\"https:\/\/www.suavinex.com\/livingsuavinex\/#\/schema\/logo\/image\/\",\"url\":\"https:\/\/www.suavinex.com\/livingsuavinex\/wp-content\/uploads\/2018\/07\/living_sx_logo_mvl.png\",\"contentUrl\":\"https:\/\/www.suavinex.com\/livingsuavinex\/wp-content\/uploads\/2018\/07\/living_sx_logo_mvl.png\",\"width\":350,\"height\":70,\"caption\":\"Suavinex\"},\"image\":{\"@id\":\"https:\/\/www.suavinex.com\/livingsuavinex\/#\/schema\/logo\/image\/\"},\"sameAs\":[\"https:\/\/www.facebook.com\/SuavinexSpain\",\"https:\/\/x.com\/SuavinexSpain\",\"https:\/\/www.instagram.com\/suavinex_spain\/\",\"https:\/\/www.pinterest.es\/SuavinexSpain\/\",\"https:\/\/www.youtube.com\/channel\/UCgeJREx2R_ZvV2aQMrfWgcA\"]},{\"@type\":\"Person\",\"@id\":\"https:\/\/www.suavinex.com\/livingsuavinex\/#\/schema\/person\/836d83f4b1821b11b7b47cffd08f1ecb\",\"name\":\"Suavinex Central\",\"image\":{\"@type\":\"ImageObject\",\"inLanguage\":\"es\",\"@id\":\"https:\/\/www.suavinex.com\/livingsuavinex\/#\/schema\/person\/image\/\",\"url\":\"https:\/\/secure.gravatar.com\/avatar\/bd43680b784882668035add29f959967?s=96&d=mm&r=g\",\"contentUrl\":\"https:\/\/secure.gravatar.com\/avatar\/bd43680b784882668035add29f959967?s=96&d=mm&r=g\",\"caption\":\"Suavinex Central\"}}]}<\/script>\n<!-- \/ Yoast SEO plugin. -->","yoast_head_json":{"title":"La conciliaci\u00f3n sigue siendo una asignatura pendiente en Espa\u00f1a","description":"Lanzamos el I Estudio sobre conciliaci\u00f3n y familia Suavinex que recoge las inquietudes de las familias espa\u00f1olas al respecto.","robots":{"index":"index","follow":"follow","max-snippet":"max-snippet:-1","max-image-preview":"max-image-preview:large","max-video-preview":"max-video-preview:-1"},"canonical":"https:\/\/www.suavinex.com\/livingsuavinex\/conciliacion-asignatura-pendiente-espana\/","og_locale":"es_ES","og_type":"article","og_title":"La conciliaci\u00f3n sigue siendo una asignatura pendiente en Espa\u00f1a","og_description":"Lanzamos el I Estudio sobre conciliaci\u00f3n y familia Suavinex que recoge las inquietudes de las familias espa\u00f1olas al respecto.","og_url":"https:\/\/www.suavinex.com\/livingsuavinex\/conciliacion-asignatura-pendiente-espana\/","og_site_name":"Living Suavinex","article_publisher":"https:\/\/www.facebook.com\/SuavinexSpain","article_published_time":"2019-05-14T11:26:37+00:00","article_modified_time":"2022-11-14T19:54:01+00:00","og_image":[{"width":875,"height":526,"url":"https:\/\/www.suavinex.com\/livingsuavinex\/wp-content\/uploads\/2019\/05\/conciliacion-asignatura-pendiente-Espana-1.jpg","type":"image\/jpeg"}],"author":"Suavinex Central","twitter_card":"summary_large_image","twitter_creator":"@SuavinexSpain","twitter_site":"@SuavinexSpain","twitter_misc":{"Escrito por":"Suavinex Central","Tiempo de lectura":"8 minutos"},"schema":{"@context":"https:\/\/schema.org","@graph":[{"@type":"Article","@id":"https:\/\/www.suavinex.com\/livingsuavinex\/conciliacion-asignatura-pendiente-espana\/#article","isPartOf":{"@id":"https:\/\/www.suavinex.com\/livingsuavinex\/conciliacion-asignatura-pendiente-espana\/"},"author":{"name":"Suavinex Central","@id":"https:\/\/www.suavinex.com\/livingsuavinex\/#\/schema\/person\/836d83f4b1821b11b7b47cffd08f1ecb"},"headline":"La conciliaci\u00f3n sigue siendo una asignatura pendiente en Espa\u00f1a","datePublished":"2019-05-14T11:26:37+00:00","dateModified":"2022-11-14T19:54:01+00:00","mainEntityOfPage":{"@id":"https:\/\/www.suavinex.com\/livingsuavinex\/conciliacion-asignatura-pendiente-espana\/"},"wordCount":1679,"commentCount":0,"publisher":{"@id":"https:\/\/www.suavinex.com\/livingsuavinex\/#organization"},"image":{"@id":"https:\/\/www.suavinex.com\/livingsuavinex\/conciliacion-asignatura-pendiente-espana\/#primaryimage"},"thumbnailUrl":"https:\/\/www.suavinex.com\/livingsuavinex\/wp-content\/uploads\/2019\/05\/conciliacion-asignatura-pendiente-Espana-1.jpg","keywords":["Conciliaci\u00f3n","Cuidados","Familia"],"articleSection":["Postparto"],"inLanguage":"es"},{"@type":"WebPage","@id":"https:\/\/www.suavinex.com\/livingsuavinex\/conciliacion-asignatura-pendiente-espana\/","url":"https:\/\/www.suavinex.com\/livingsuavinex\/conciliacion-asignatura-pendiente-espana\/","name":"La conciliaci\u00f3n sigue siendo una asignatura pendiente en Espa\u00f1a","isPartOf":{"@id":"https:\/\/www.suavinex.com\/livingsuavinex\/#website"},"primaryImageOfPage":{"@id":"https:\/\/www.suavinex.com\/livingsuavinex\/conciliacion-asignatura-pendiente-espana\/#primaryimage"},"image":{"@id":"https:\/\/www.suavinex.com\/livingsuavinex\/conciliacion-asignatura-pendiente-espana\/#primaryimage"},"thumbnailUrl":"https:\/\/www.suavinex.com\/livingsuavinex\/wp-content\/uploads\/2019\/05\/conciliacion-asignatura-pendiente-Espana-1.jpg","datePublished":"2019-05-14T11:26:37+00:00","dateModified":"2022-11-14T19:54:01+00:00","description":"Lanzamos el I Estudio sobre conciliaci\u00f3n y familia Suavinex que recoge las inquietudes de las familias espa\u00f1olas al respecto.","breadcrumb":{"@id":"https:\/\/www.suavinex.com\/livingsuavinex\/conciliacion-asignatura-pendiente-espana\/#breadcrumb"},"inLanguage":"es","potentialAction":[{"@type":"ReadAction","target":["https:\/\/www.suavinex.com\/livingsuavinex\/conciliacion-asignatura-pendiente-espana\/"]}]},{"@type":"ImageObject","inLanguage":"es","@id":"https:\/\/www.suavinex.com\/livingsuavinex\/conciliacion-asignatura-pendiente-espana\/#primaryimage","url":"https:\/\/www.suavinex.com\/livingsuavinex\/wp-content\/uploads\/2019\/05\/conciliacion-asignatura-pendiente-Espana-1.jpg","contentUrl":"https:\/\/www.suavinex.com\/livingsuavinex\/wp-content\/uploads\/2019\/05\/conciliacion-asignatura-pendiente-Espana-1.jpg","width":875,"height":526},{"@type":"BreadcrumbList","@id":"https:\/\/www.suavinex.com\/livingsuavinex\/conciliacion-asignatura-pendiente-espana\/#breadcrumb","itemListElement":[{"@type":"ListItem","position":1,"name":"Portada","item":"https:\/\/www.suavinex.com\/livingsuavinex\/"},{"@type":"ListItem","position":2,"name":"La conciliaci\u00f3n sigue siendo una asignatura pendiente en Espa\u00f1a"}]},{"@type":"WebSite","@id":"https:\/\/www.suavinex.com\/livingsuavinex\/#website","url":"https:\/\/www.suavinex.com\/livingsuavinex\/","name":"Living Suavinex","description":"| Familias reales","publisher":{"@id":"https:\/\/www.suavinex.com\/livingsuavinex\/#organization"},"potentialAction":[{"@type":"SearchAction","target":{"@type":"EntryPoint","urlTemplate":"https:\/\/www.suavinex.com\/livingsuavinex\/?s={search_term_string}"},"query-input":{"@type":"PropertyValueSpecification","valueRequired":true,"valueName":"search_term_string"}}],"inLanguage":"es"},{"@type":"Organization","@id":"https:\/\/www.suavinex.com\/livingsuavinex\/#organization","name":"Suavinex","url":"https:\/\/www.suavinex.com\/livingsuavinex\/","logo":{"@type":"ImageObject","inLanguage":"es","@id":"https:\/\/www.suavinex.com\/livingsuavinex\/#\/schema\/logo\/image\/","url":"https:\/\/www.suavinex.com\/livingsuavinex\/wp-content\/uploads\/2018\/07\/living_sx_logo_mvl.png","contentUrl":"https:\/\/www.suavinex.com\/livingsuavinex\/wp-content\/uploads\/2018\/07\/living_sx_logo_mvl.png","width":350,"height":70,"caption":"Suavinex"},"image":{"@id":"https:\/\/www.suavinex.com\/livingsuavinex\/#\/schema\/logo\/image\/"},"sameAs":["https:\/\/www.facebook.com\/SuavinexSpain","https:\/\/x.com\/SuavinexSpain","https:\/\/www.instagram.com\/suavinex_spain\/","https:\/\/www.pinterest.es\/SuavinexSpain\/","https:\/\/www.youtube.com\/channel\/UCgeJREx2R_ZvV2aQMrfWgcA"]},{"@type":"Person","@id":"https:\/\/www.suavinex.com\/livingsuavinex\/#\/schema\/person\/836d83f4b1821b11b7b47cffd08f1ecb","name":"Suavinex Central","image":{"@type":"ImageObject","inLanguage":"es","@id":"https:\/\/www.suavinex.com\/livingsuavinex\/#\/schema\/person\/image\/","url":"https:\/\/secure.gravatar.com\/avatar\/bd43680b784882668035add29f959967?s=96&d=mm&r=g","contentUrl":"https:\/\/secure.gravatar.com\/avatar\/bd43680b784882668035add29f959967?s=96&d=mm&r=g","caption":"Suavinex Central"}}]}},"_links":{"self":[{"href":"https:\/\/www.suavinex.com\/livingsuavinex\/wp-json\/wp\/v2\/posts\/39586","targetHints":{"allow":["GET"]}}],"collection":[{"href":"https:\/\/www.suavinex.com\/livingsuavinex\/wp-json\/wp\/v2\/posts"}],"about":[{"href":"https:\/\/www.suavinex.com\/livingsuavinex\/wp-json\/wp\/v2\/types\/post"}],"author":[{"embeddable":true,"href":"https:\/\/www.suavinex.com\/livingsuavinex\/wp-json\/wp\/v2\/users\/295"}],"replies":[{"embeddable":true,"href":"https:\/\/www.suavinex.com\/livingsuavinex\/wp-json\/wp\/v2\/comments?post=39586"}],"version-history":[{"count":7,"href":"https:\/\/www.suavinex.com\/livingsuavinex\/wp-json\/wp\/v2\/posts\/39586\/revisions"}],"predecessor-version":[{"id":43487,"href":"https:\/\/www.suavinex.com\/livingsuavinex\/wp-json\/wp\/v2\/posts\/39586\/revisions\/43487"}],"wp:featuredmedia":[{"embeddable":true,"href":"https:\/\/www.suavinex.com\/livingsuavinex\/wp-json\/wp\/v2\/media\/39629"}],"wp:attachment":[{"href":"https:\/\/www.suavinex.com\/livingsuavinex\/wp-json\/wp\/v2\/media?parent=39586"}],"wp:term":[{"taxonomy":"category","embeddable":true,"href":"https:\/\/www.suavinex.com\/livingsuavinex\/wp-json\/wp\/v2\/categories?post=39586"},{"taxonomy":"post_tag","embeddable":true,"href":"https:\/\/www.suavinex.com\/livingsuavinex\/wp-json\/wp\/v2\/tags?post=39586"}],"curies":[{"name":"wp","href":"https:\/\/api.w.org\/{rel}","templated":true}]}}