{"id":36477,"date":"2021-09-01T11:30:00","date_gmt":"2021-09-01T09:30:00","guid":{"rendered":"https:\/\/www.suavinex.com\/livingsuavinex\/?p=36477"},"modified":"2021-09-07T11:25:49","modified_gmt":"2021-09-07T09:25:49","slug":"nuevo-cheque-guarderia","status":"publish","type":"post","link":"https:\/\/www.suavinex.com\/livingsuavinex\/nuevo-cheque-guarderia\/","title":{"rendered":"\u00bfC\u00f3mo funciona el cheque guarder\u00eda?"},"content":{"rendered":"<p>Se acerca la <a href=\"https:\/\/www.suavinex.com\/livingsuavinex\/vuelta_al_cole\/\">vuelta al cole<\/a> y el primer d\u00eda de guarder\u00eda de los m\u00e1s peque\u00f1os, \u00bfya tienes todo preparado para los primeros d\u00edas? En Suavinex encontrar\u00e1s <a href=\"https:\/\/www.suavinex.com\/accesorios-guarderia\/sets-de-guarderia\/c\/0043\">sets de guarder\u00eda<\/a> que incluyen todo lo necesario para que tus hijos vayan c\u00f3modamente a clase, como la <a href=\"https:\/\/www.suavinex.com\/alimentacion-del-bebe\/vajilla-infantil\/vaso-de-silicona-aprendizaje-de-bebe-3en1-rosa\/p\/000000000000402900\">taza aprendizaje booo<\/a> personalizada. En relaci\u00f3n con esta etapa escolar, debes saber que en el 2018 se aprob\u00f3 una mejora en la\u00a0<strong>deducci\u00f3n por maternidad<\/strong>\u00a0que se puede aplicar en el ejercicio fiscal. Pero \u00bfsabes en qu\u00e9 consiste este cheque guarder\u00eda? \u00bfQui\u00e9n puede beneficiarse de \u00e9l? En Suavinex te contamos todo lo que debes saber.<\/p>\n<h2 style=\"text-align: center;\"><strong>\u00bfQu\u00e9 es el cheque guarder\u00eda?<\/strong><\/h2>\n<p>Puede que ya te suene de algo, pero queremos aclararte y despejar todas las dudas que tengas sobre el cheque guarder\u00eda. B\u00e1sicamente se trata de <strong>una ayuda mediante la cual te pueden deducir hasta 1.000 euros<\/strong>. Las <strong>mujeres trabajadoras con hijos de los 0 a los 3 a\u00f1os pueden <\/strong>beneficiarse de esta ayuda, cuando sus hijos acuden a un<strong> centro de educaci\u00f3n infantil <\/strong>\u2014pudiendo ser un centro p\u00fablico o privado\u2014. Aunque, como para todo, existen ciertos requisitos para poder optar a esta deducci\u00f3n.<\/p>\n<p>Debes saber que tambi\u00e9n existe la deducci\u00f3n por maternidad para madres trabajadoras con hijos entre 0 y 3 a\u00f1os, al cual est\u00e1 fijada en 1.200 euros. El cheque guarder\u00eda se trata de una ampliaci\u00f3n de la deducci\u00f3n adicional por gastos de guarder\u00eda.<\/p>\n<h2 style=\"text-align: center;\"><strong>Cheque de guarder\u00eda, \u00bfc\u00f3mo funciona?<\/strong><\/h2>\n<p>El cheque guarder\u00eda permite a las madres <strong>deducirse un m\u00e1ximo de 1.000 euros<\/strong>, siendo un total de 83 euros al mes por gastos de escolarizaci\u00f3n de ni\u00f1os y ni\u00f1as hasta 3 a\u00f1os. Estos gastos escolares son los siguientes:<\/p>\n<ul>\n<li>Coste de la <strong>inscripci\u00f3n y matr\u00edcula<\/strong> de los hijos en el centro educativo.<\/li>\n<li><strong>Asistencia a la escuela infantil o guarder\u00eda<\/strong>, tanto en horario escolar como en el ampliado.<\/li>\n<li><strong>Gastos de alimentaci\u00f3n en el comedor del centro<\/strong>, siempre y cuando se haya realizado en meses completos.<\/li>\n<\/ul>\n<p>Sin embargo, los gatos relacionados con el uniforme o material escolar no est\u00e1n incluidos en esta deducci\u00f3n. Y como ya hemos nombrado, los centros escolares pueden ser\u00a0<strong>p\u00fablicos o privados,<\/strong>\u00a0siempre que est\u00e9n autorizados por la Comunidad Aut\u00f3noma en cuesti\u00f3n. La ayuda es de \u00e1mbito estatal y corresponde al importe \u00edntegramente satisfecho, es decir, al que se paga despu\u00e9s de aplicar otras bonificaciones \u2014en el caso de que las hubiere\u2014. Y debes tener en cuenta que solo se tienen en cuenta meses enteros.<\/p>\n<p>Fundamentalmente corresponde con aquello que has pagado por centro escolar despu\u00e9s de haber restado subvenciones y otras ayudas p\u00fablicas. Adem\u00e1s de las rentas exentas en el IRPF como son el salario flexible o en especie. Esto quiere decir que si tu empresa abona la totalidad de los costes del centro infantil, no podr\u00e1s disfrutar de esta deducci\u00f3n a no r que no lo haga en su totalidad \u2014entonces podr\u00e1s deducir la parte proporcional\u2014.<\/p>\n<p>Aunque debes tener en cuenta que, <strong>si tu hijo cumple la edad de 3 a\u00f1os, podr\u00e1s deducir los gastos de la guarder\u00eda hasta que acabe el ciclo escolar<\/strong>. Una vez ya empiece su etapa escolar del segundo ciclo de Educaci\u00f3n Infantil no podr\u00e1s disfrutar de esta deducci\u00f3n.<\/p>\n<h2 style=\"text-align: center;\"><strong>\u00bfCu\u00e1les son los requisitos para poder solicitar el cheque guarder\u00eda?<\/strong><\/h2>\n<p>Para poder solicitar esta deducci\u00f3n hay que cumplir los mismos requisitos que para solicitar la\u00a0<a href=\"https:\/\/www.suavinex.com\/livingsuavinex\/ayuda-madre-trabajadora\/\"><strong>ayuda a la madre trabajadora:<\/strong><\/a><\/p>\n<ul>\n<li><strong>Ser mujer<\/strong> con uno o varios <strong>hijos menores de tres a\u00f1os a cargo<\/strong>.<\/li>\n<li>Que la madre de los hijos realice una <strong>actividad por cuenta ajena o propia<\/strong>, mediante la cual est\u00e9 dada de alta en el r\u00e9gimen de la Seguridad Social o mutualidad.<\/li>\n<li>Haber tenido <strong>gastos de escolarizaci\u00f3n de un hijo o hija menor de tres a\u00f1os en centros de educaci\u00f3n infantil autorizados<\/strong>. Pudiendo ser un importe pagado por la madre u otro progenitor, adoptante, tutor o acogedor.<\/li>\n<li>Asimismo, las <strong>cantidades abonadas por la empresa<\/strong> en la que trabaja la madre, padre, adoptante, tutor o acogedor del menor <strong>no se tendr\u00e1n en cuenta<\/strong>. Del mismo modo que las cantidades que han sido subvencionadas.<\/li>\n<\/ul>\n<p>No influye tener reducci\u00f3n de jornada y solo se podr\u00e1 aplicar sobre los\u00a0<strong>meses trabajados.<\/strong><\/p>\n<h2 style=\"text-align: center;\"><strong>\u00bfC\u00f3mo se solicita el cheque guarder\u00eda?<\/strong><\/h2>\n<p>La primera parte del tr\u00e1mite tiene que realizarla el centro mediante la presentaci\u00f3n del\u00a0<a href=\"https:\/\/www.agenciatributaria.es\/AEAT.internet\/GI45\/informacion.shtml\" class=\"broken_link\"><strong>modelo 233 de la Agencia Tributaria<\/strong><\/a>, tu simplemente debes asegurarte de que tu centro haga la presentaci\u00f3n para poder bonificarte de la deducci\u00f3n que te corresponde. El plazo para presentarlo es durante el mes de enero de cada a\u00f1o en relaci\u00f3n con los datos correspondientes al a\u00f1o inmediato anterior. Y deber\u00e1 tener los siguientes datos:<\/p>\n<ul>\n<li>Nombre y apellidos del menor.<\/li>\n<li>Datos de los ni\u00f1os que cumplan 3 a\u00f1os en dicho ejercicio.<\/li>\n<li>N\u00famero de meses completos que han sido abonados.<\/li>\n<li>Gastos pagados en esos meses.<\/li>\n<li>Subvenciones recibidas sobre ese importe.<\/li>\n<\/ul>\n<p>En ning\u00fan caso se abonar\u00e1 por adelantado, como ocurre con la deducci\u00f3n por madre trabajadora.<\/p>\n<p>Las madres no tienen que hacer nada hasta que presenten la\u00a0<strong>declaraci\u00f3n de la renta<\/strong>, en la que tendr\u00e1n que marcar o rellenar las casillas consignadas a tal efecto.\u00a0De esta forma Hacienda cruzar\u00e1 datos con el modelo 233 que presenta la guarder\u00eda y con el modelo 190 que presenta la empresa que pagaron cheques guarder\u00eda. Si eres beneficiaria es interesante confirmar con la guarder\u00eda que presenta el modelo 233 a tiempo.<\/p>\n<p>En cualquier caso, recuerda que en Suavinex dispones de diferentes <a href=\"https:\/\/www.suavinex.com\/accesorios-guarderia\/c\/0004\">accesorios de guarder\u00eda<\/a> para acompa\u00f1ar a los peque\u00f1os en su d\u00eda a d\u00eda. No preocupamos por el bienestar de las madres y los primeros pasos hasta la guarder\u00eda de los m\u00e1s peque\u00f1os. Por eso, contamos con un amplio cat\u00e1logo de textil personalizable con <a href=\"https:\/\/www.suavinex.com\/livingsuavinex\/que-llevar-en-la-mochila-de-la-guarderia-para-el-bebe\/\">batas de guarder\u00eda<\/a>, <a href=\"https:\/\/www.suavinex.com\/accesorios-guarderia\/mochilas-para-la-guarderia\/c\/0042\">bolsitas de guarder\u00eda<\/a> e incluso <a href=\"https:\/\/www.suavinex.com\/accesorios-guarderia\/mochilas-para-la-guarderia\/c\/0042\">mochilas para la guarder\u00eda<\/a> muy coloridas y divertidas que te encantar\u00e1n. \u00a1Atr\u00e9vete con nuestra selecci\u00f3n de accesorios para guarder\u00eda en Suavinex!<\/p>\n<p>\u00bfConoc\u00edas este\u00a0el cheque guarder\u00eda?<\/p>\n<p>Fuentes<\/p>\n<p><a href=\"https:\/\/www.bebesymas.com\/noticias\/cheque-guarderia-como-beneficiarte-esta-deduccion-mil-euros-para-madres-trabajadoras\">Cheque guarder\u00eda: c\u00f3mo beneficiarte de esta deducci\u00f3n de hasta mil euros para madres trabajadoras<\/a> \u2013 Beb\u00e9s y m\u00e1s<\/p>\n","protected":false},"excerpt":{"rendered":"Se acerca la vuelta al cole y el primer d\u00eda de guarder\u00eda de los m\u00e1s peque\u00f1os, \u00bfya tienes todo preparado para los primeros d\u00edas? En Suavinex encontrar\u00e1s sets de guarder\u00eda que incluyen todo lo necesario para que tus hijos vayan c\u00f3modamente a clase, como la taza aprendizaje booo personalizada. En&#8230; <a class=\"view-article\" href=\"https:\/\/www.suavinex.com\/livingsuavinex\/nuevo-cheque-guarderia\/\">Ver art\u00edculo<\/a>","protected":false},"author":295,"featured_media":41974,"comment_status":"open","ping_status":"open","sticky":false,"template":"","format":"standard","meta":{"inline_featured_image":false,"footnotes":""},"categories":[2272],"tags":[234,9],"class_list":["post-36477","post","type-post","status-publish","format-standard","has-post-thumbnail","hentry","category-tips-crianza","tag-bebe","tag-maternidad"],"yoast_head":"<!-- This site is optimized with the Yoast SEO plugin v26.8 - https:\/\/yoast.com\/product\/yoast-seo-wordpress\/ -->\n<title>\u00bfC\u00f3mo funciona el cheque guarder\u00eda? |<\/title>\n<meta name=\"description\" content=\"\u00bfConoces c\u00f3mo funciona el cheque guarder\u00eda? Te contamos c\u00f3mo se solicita y cu\u00e1les son sus caracter\u00edsticas para que lo sepas todo.\" \/>\n<meta name=\"robots\" content=\"index, follow, max-snippet:-1, max-image-preview:large, max-video-preview:-1\" \/>\n<link rel=\"canonical\" href=\"https:\/\/www.suavinex.com\/livingsuavinex\/nuevo-cheque-guarderia\/\" \/>\n<meta property=\"og:locale\" content=\"es_ES\" \/>\n<meta property=\"og:type\" content=\"article\" \/>\n<meta property=\"og:title\" content=\"\u00bfC\u00f3mo funciona el cheque guarder\u00eda? |\" \/>\n<meta property=\"og:description\" content=\"\u00bfConoces c\u00f3mo funciona el cheque guarder\u00eda? Te contamos c\u00f3mo se solicita y cu\u00e1les son sus caracter\u00edsticas para que lo sepas todo.\" \/>\n<meta property=\"og:url\" content=\"https:\/\/www.suavinex.com\/livingsuavinex\/nuevo-cheque-guarderia\/\" \/>\n<meta property=\"og:site_name\" content=\"Living Suavinex\" \/>\n<meta property=\"article:publisher\" content=\"https:\/\/www.facebook.com\/SuavinexSpain\" \/>\n<meta property=\"article:published_time\" content=\"2021-09-01T09:30:00+00:00\" \/>\n<meta property=\"article:modified_time\" content=\"2021-09-07T09:25:49+00:00\" \/>\n<meta property=\"og:image\" content=\"https:\/\/www.suavinex.com\/livingsuavinex\/wp-content\/uploads\/2019\/02\/cheque-guarderia.jpg\" \/>\n\t<meta property=\"og:image:width\" content=\"1200\" \/>\n\t<meta property=\"og:image:height\" content=\"800\" \/>\n\t<meta property=\"og:image:type\" content=\"image\/jpeg\" \/>\n<meta name=\"author\" content=\"Suavinex Central\" \/>\n<meta name=\"twitter:card\" content=\"summary_large_image\" \/>\n<meta name=\"twitter:creator\" content=\"@SuavinexSpain\" \/>\n<meta name=\"twitter:site\" content=\"@SuavinexSpain\" \/>\n<meta name=\"twitter:label1\" content=\"Escrito por\" \/>\n\t<meta name=\"twitter:data1\" content=\"Suavinex Central\" \/>\n\t<meta name=\"twitter:label2\" content=\"Tiempo de lectura\" \/>\n\t<meta name=\"twitter:data2\" content=\"5 minutos\" \/>\n<script type=\"application\/ld+json\" class=\"yoast-schema-graph\">{\"@context\":\"https:\/\/schema.org\",\"@graph\":[{\"@type\":\"Article\",\"@id\":\"https:\/\/www.suavinex.com\/livingsuavinex\/nuevo-cheque-guarderia\/#article\",\"isPartOf\":{\"@id\":\"https:\/\/www.suavinex.com\/livingsuavinex\/nuevo-cheque-guarderia\/\"},\"author\":{\"name\":\"Suavinex Central\",\"@id\":\"https:\/\/www.suavinex.com\/livingsuavinex\/#\/schema\/person\/836d83f4b1821b11b7b47cffd08f1ecb\"},\"headline\":\"\u00bfC\u00f3mo funciona el cheque guarder\u00eda?\",\"datePublished\":\"2021-09-01T09:30:00+00:00\",\"dateModified\":\"2021-09-07T09:25:49+00:00\",\"mainEntityOfPage\":{\"@id\":\"https:\/\/www.suavinex.com\/livingsuavinex\/nuevo-cheque-guarderia\/\"},\"wordCount\":1080,\"commentCount\":0,\"publisher\":{\"@id\":\"https:\/\/www.suavinex.com\/livingsuavinex\/#organization\"},\"image\":{\"@id\":\"https:\/\/www.suavinex.com\/livingsuavinex\/nuevo-cheque-guarderia\/#primaryimage\"},\"thumbnailUrl\":\"https:\/\/www.suavinex.com\/livingsuavinex\/wp-content\/uploads\/2019\/02\/cheque-guarderia.jpg\",\"keywords\":[\"Beb\u00e9\",\"Maternidad\"],\"articleSection\":[\"Tips de crianza\"],\"inLanguage\":\"es\"},{\"@type\":\"WebPage\",\"@id\":\"https:\/\/www.suavinex.com\/livingsuavinex\/nuevo-cheque-guarderia\/\",\"url\":\"https:\/\/www.suavinex.com\/livingsuavinex\/nuevo-cheque-guarderia\/\",\"name\":\"\u00bfC\u00f3mo funciona el cheque guarder\u00eda? |\",\"isPartOf\":{\"@id\":\"https:\/\/www.suavinex.com\/livingsuavinex\/#website\"},\"primaryImageOfPage\":{\"@id\":\"https:\/\/www.suavinex.com\/livingsuavinex\/nuevo-cheque-guarderia\/#primaryimage\"},\"image\":{\"@id\":\"https:\/\/www.suavinex.com\/livingsuavinex\/nuevo-cheque-guarderia\/#primaryimage\"},\"thumbnailUrl\":\"https:\/\/www.suavinex.com\/livingsuavinex\/wp-content\/uploads\/2019\/02\/cheque-guarderia.jpg\",\"datePublished\":\"2021-09-01T09:30:00+00:00\",\"dateModified\":\"2021-09-07T09:25:49+00:00\",\"description\":\"\u00bfConoces c\u00f3mo funciona el cheque guarder\u00eda? Te contamos c\u00f3mo se solicita y cu\u00e1les son sus caracter\u00edsticas para que lo sepas todo.\",\"breadcrumb\":{\"@id\":\"https:\/\/www.suavinex.com\/livingsuavinex\/nuevo-cheque-guarderia\/#breadcrumb\"},\"inLanguage\":\"es\",\"potentialAction\":[{\"@type\":\"ReadAction\",\"target\":[\"https:\/\/www.suavinex.com\/livingsuavinex\/nuevo-cheque-guarderia\/\"]}]},{\"@type\":\"ImageObject\",\"inLanguage\":\"es\",\"@id\":\"https:\/\/www.suavinex.com\/livingsuavinex\/nuevo-cheque-guarderia\/#primaryimage\",\"url\":\"https:\/\/www.suavinex.com\/livingsuavinex\/wp-content\/uploads\/2019\/02\/cheque-guarderia.jpg\",\"contentUrl\":\"https:\/\/www.suavinex.com\/livingsuavinex\/wp-content\/uploads\/2019\/02\/cheque-guarderia.jpg\",\"width\":1200,\"height\":800,\"caption\":\"cheque guarderia\"},{\"@type\":\"BreadcrumbList\",\"@id\":\"https:\/\/www.suavinex.com\/livingsuavinex\/nuevo-cheque-guarderia\/#breadcrumb\",\"itemListElement\":[{\"@type\":\"ListItem\",\"position\":1,\"name\":\"Portada\",\"item\":\"https:\/\/www.suavinex.com\/livingsuavinex\/\"},{\"@type\":\"ListItem\",\"position\":2,\"name\":\"\u00bfC\u00f3mo funciona el cheque guarder\u00eda?\"}]},{\"@type\":\"WebSite\",\"@id\":\"https:\/\/www.suavinex.com\/livingsuavinex\/#website\",\"url\":\"https:\/\/www.suavinex.com\/livingsuavinex\/\",\"name\":\"Living Suavinex\",\"description\":\"| Familias reales\",\"publisher\":{\"@id\":\"https:\/\/www.suavinex.com\/livingsuavinex\/#organization\"},\"potentialAction\":[{\"@type\":\"SearchAction\",\"target\":{\"@type\":\"EntryPoint\",\"urlTemplate\":\"https:\/\/www.suavinex.com\/livingsuavinex\/?s={search_term_string}\"},\"query-input\":{\"@type\":\"PropertyValueSpecification\",\"valueRequired\":true,\"valueName\":\"search_term_string\"}}],\"inLanguage\":\"es\"},{\"@type\":\"Organization\",\"@id\":\"https:\/\/www.suavinex.com\/livingsuavinex\/#organization\",\"name\":\"Suavinex\",\"url\":\"https:\/\/www.suavinex.com\/livingsuavinex\/\",\"logo\":{\"@type\":\"ImageObject\",\"inLanguage\":\"es\",\"@id\":\"https:\/\/www.suavinex.com\/livingsuavinex\/#\/schema\/logo\/image\/\",\"url\":\"https:\/\/www.suavinex.com\/livingsuavinex\/wp-content\/uploads\/2018\/07\/living_sx_logo_mvl.png\",\"contentUrl\":\"https:\/\/www.suavinex.com\/livingsuavinex\/wp-content\/uploads\/2018\/07\/living_sx_logo_mvl.png\",\"width\":350,\"height\":70,\"caption\":\"Suavinex\"},\"image\":{\"@id\":\"https:\/\/www.suavinex.com\/livingsuavinex\/#\/schema\/logo\/image\/\"},\"sameAs\":[\"https:\/\/www.facebook.com\/SuavinexSpain\",\"https:\/\/x.com\/SuavinexSpain\",\"https:\/\/www.instagram.com\/suavinex_spain\/\",\"https:\/\/www.pinterest.es\/SuavinexSpain\/\",\"https:\/\/www.youtube.com\/channel\/UCgeJREx2R_ZvV2aQMrfWgcA\"]},{\"@type\":\"Person\",\"@id\":\"https:\/\/www.suavinex.com\/livingsuavinex\/#\/schema\/person\/836d83f4b1821b11b7b47cffd08f1ecb\",\"name\":\"Suavinex Central\",\"image\":{\"@type\":\"ImageObject\",\"inLanguage\":\"es\",\"@id\":\"https:\/\/www.suavinex.com\/livingsuavinex\/#\/schema\/person\/image\/\",\"url\":\"https:\/\/secure.gravatar.com\/avatar\/bd43680b784882668035add29f959967?s=96&d=mm&r=g\",\"contentUrl\":\"https:\/\/secure.gravatar.com\/avatar\/bd43680b784882668035add29f959967?s=96&d=mm&r=g\",\"caption\":\"Suavinex Central\"}}]}<\/script>\n<!-- \/ Yoast SEO plugin. -->","yoast_head_json":{"title":"\u00bfC\u00f3mo funciona el cheque guarder\u00eda? |","description":"\u00bfConoces c\u00f3mo funciona el cheque guarder\u00eda? Te contamos c\u00f3mo se solicita y cu\u00e1les son sus caracter\u00edsticas para que lo sepas todo.","robots":{"index":"index","follow":"follow","max-snippet":"max-snippet:-1","max-image-preview":"max-image-preview:large","max-video-preview":"max-video-preview:-1"},"canonical":"https:\/\/www.suavinex.com\/livingsuavinex\/nuevo-cheque-guarderia\/","og_locale":"es_ES","og_type":"article","og_title":"\u00bfC\u00f3mo funciona el cheque guarder\u00eda? |","og_description":"\u00bfConoces c\u00f3mo funciona el cheque guarder\u00eda? Te contamos c\u00f3mo se solicita y cu\u00e1les son sus caracter\u00edsticas para que lo sepas todo.","og_url":"https:\/\/www.suavinex.com\/livingsuavinex\/nuevo-cheque-guarderia\/","og_site_name":"Living Suavinex","article_publisher":"https:\/\/www.facebook.com\/SuavinexSpain","article_published_time":"2021-09-01T09:30:00+00:00","article_modified_time":"2021-09-07T09:25:49+00:00","og_image":[{"width":1200,"height":800,"url":"https:\/\/www.suavinex.com\/livingsuavinex\/wp-content\/uploads\/2019\/02\/cheque-guarderia.jpg","type":"image\/jpeg"}],"author":"Suavinex Central","twitter_card":"summary_large_image","twitter_creator":"@SuavinexSpain","twitter_site":"@SuavinexSpain","twitter_misc":{"Escrito por":"Suavinex Central","Tiempo de lectura":"5 minutos"},"schema":{"@context":"https:\/\/schema.org","@graph":[{"@type":"Article","@id":"https:\/\/www.suavinex.com\/livingsuavinex\/nuevo-cheque-guarderia\/#article","isPartOf":{"@id":"https:\/\/www.suavinex.com\/livingsuavinex\/nuevo-cheque-guarderia\/"},"author":{"name":"Suavinex Central","@id":"https:\/\/www.suavinex.com\/livingsuavinex\/#\/schema\/person\/836d83f4b1821b11b7b47cffd08f1ecb"},"headline":"\u00bfC\u00f3mo funciona el cheque guarder\u00eda?","datePublished":"2021-09-01T09:30:00+00:00","dateModified":"2021-09-07T09:25:49+00:00","mainEntityOfPage":{"@id":"https:\/\/www.suavinex.com\/livingsuavinex\/nuevo-cheque-guarderia\/"},"wordCount":1080,"commentCount":0,"publisher":{"@id":"https:\/\/www.suavinex.com\/livingsuavinex\/#organization"},"image":{"@id":"https:\/\/www.suavinex.com\/livingsuavinex\/nuevo-cheque-guarderia\/#primaryimage"},"thumbnailUrl":"https:\/\/www.suavinex.com\/livingsuavinex\/wp-content\/uploads\/2019\/02\/cheque-guarderia.jpg","keywords":["Beb\u00e9","Maternidad"],"articleSection":["Tips de crianza"],"inLanguage":"es"},{"@type":"WebPage","@id":"https:\/\/www.suavinex.com\/livingsuavinex\/nuevo-cheque-guarderia\/","url":"https:\/\/www.suavinex.com\/livingsuavinex\/nuevo-cheque-guarderia\/","name":"\u00bfC\u00f3mo funciona el cheque guarder\u00eda? |","isPartOf":{"@id":"https:\/\/www.suavinex.com\/livingsuavinex\/#website"},"primaryImageOfPage":{"@id":"https:\/\/www.suavinex.com\/livingsuavinex\/nuevo-cheque-guarderia\/#primaryimage"},"image":{"@id":"https:\/\/www.suavinex.com\/livingsuavinex\/nuevo-cheque-guarderia\/#primaryimage"},"thumbnailUrl":"https:\/\/www.suavinex.com\/livingsuavinex\/wp-content\/uploads\/2019\/02\/cheque-guarderia.jpg","datePublished":"2021-09-01T09:30:00+00:00","dateModified":"2021-09-07T09:25:49+00:00","description":"\u00bfConoces c\u00f3mo funciona el cheque guarder\u00eda? Te contamos c\u00f3mo se solicita y cu\u00e1les son sus caracter\u00edsticas para que lo sepas todo.","breadcrumb":{"@id":"https:\/\/www.suavinex.com\/livingsuavinex\/nuevo-cheque-guarderia\/#breadcrumb"},"inLanguage":"es","potentialAction":[{"@type":"ReadAction","target":["https:\/\/www.suavinex.com\/livingsuavinex\/nuevo-cheque-guarderia\/"]}]},{"@type":"ImageObject","inLanguage":"es","@id":"https:\/\/www.suavinex.com\/livingsuavinex\/nuevo-cheque-guarderia\/#primaryimage","url":"https:\/\/www.suavinex.com\/livingsuavinex\/wp-content\/uploads\/2019\/02\/cheque-guarderia.jpg","contentUrl":"https:\/\/www.suavinex.com\/livingsuavinex\/wp-content\/uploads\/2019\/02\/cheque-guarderia.jpg","width":1200,"height":800,"caption":"cheque guarderia"},{"@type":"BreadcrumbList","@id":"https:\/\/www.suavinex.com\/livingsuavinex\/nuevo-cheque-guarderia\/#breadcrumb","itemListElement":[{"@type":"ListItem","position":1,"name":"Portada","item":"https:\/\/www.suavinex.com\/livingsuavinex\/"},{"@type":"ListItem","position":2,"name":"\u00bfC\u00f3mo funciona el cheque guarder\u00eda?"}]},{"@type":"WebSite","@id":"https:\/\/www.suavinex.com\/livingsuavinex\/#website","url":"https:\/\/www.suavinex.com\/livingsuavinex\/","name":"Living Suavinex","description":"| Familias reales","publisher":{"@id":"https:\/\/www.suavinex.com\/livingsuavinex\/#organization"},"potentialAction":[{"@type":"SearchAction","target":{"@type":"EntryPoint","urlTemplate":"https:\/\/www.suavinex.com\/livingsuavinex\/?s={search_term_string}"},"query-input":{"@type":"PropertyValueSpecification","valueRequired":true,"valueName":"search_term_string"}}],"inLanguage":"es"},{"@type":"Organization","@id":"https:\/\/www.suavinex.com\/livingsuavinex\/#organization","name":"Suavinex","url":"https:\/\/www.suavinex.com\/livingsuavinex\/","logo":{"@type":"ImageObject","inLanguage":"es","@id":"https:\/\/www.suavinex.com\/livingsuavinex\/#\/schema\/logo\/image\/","url":"https:\/\/www.suavinex.com\/livingsuavinex\/wp-content\/uploads\/2018\/07\/living_sx_logo_mvl.png","contentUrl":"https:\/\/www.suavinex.com\/livingsuavinex\/wp-content\/uploads\/2018\/07\/living_sx_logo_mvl.png","width":350,"height":70,"caption":"Suavinex"},"image":{"@id":"https:\/\/www.suavinex.com\/livingsuavinex\/#\/schema\/logo\/image\/"},"sameAs":["https:\/\/www.facebook.com\/SuavinexSpain","https:\/\/x.com\/SuavinexSpain","https:\/\/www.instagram.com\/suavinex_spain\/","https:\/\/www.pinterest.es\/SuavinexSpain\/","https:\/\/www.youtube.com\/channel\/UCgeJREx2R_ZvV2aQMrfWgcA"]},{"@type":"Person","@id":"https:\/\/www.suavinex.com\/livingsuavinex\/#\/schema\/person\/836d83f4b1821b11b7b47cffd08f1ecb","name":"Suavinex Central","image":{"@type":"ImageObject","inLanguage":"es","@id":"https:\/\/www.suavinex.com\/livingsuavinex\/#\/schema\/person\/image\/","url":"https:\/\/secure.gravatar.com\/avatar\/bd43680b784882668035add29f959967?s=96&d=mm&r=g","contentUrl":"https:\/\/secure.gravatar.com\/avatar\/bd43680b784882668035add29f959967?s=96&d=mm&r=g","caption":"Suavinex Central"}}]}},"_links":{"self":[{"href":"https:\/\/www.suavinex.com\/livingsuavinex\/wp-json\/wp\/v2\/posts\/36477","targetHints":{"allow":["GET"]}}],"collection":[{"href":"https:\/\/www.suavinex.com\/livingsuavinex\/wp-json\/wp\/v2\/posts"}],"about":[{"href":"https:\/\/www.suavinex.com\/livingsuavinex\/wp-json\/wp\/v2\/types\/post"}],"author":[{"embeddable":true,"href":"https:\/\/www.suavinex.com\/livingsuavinex\/wp-json\/wp\/v2\/users\/295"}],"replies":[{"embeddable":true,"href":"https:\/\/www.suavinex.com\/livingsuavinex\/wp-json\/wp\/v2\/comments?post=36477"}],"version-history":[{"count":6,"href":"https:\/\/www.suavinex.com\/livingsuavinex\/wp-json\/wp\/v2\/posts\/36477\/revisions"}],"predecessor-version":[{"id":41975,"href":"https:\/\/www.suavinex.com\/livingsuavinex\/wp-json\/wp\/v2\/posts\/36477\/revisions\/41975"}],"wp:featuredmedia":[{"embeddable":true,"href":"https:\/\/www.suavinex.com\/livingsuavinex\/wp-json\/wp\/v2\/media\/41974"}],"wp:attachment":[{"href":"https:\/\/www.suavinex.com\/livingsuavinex\/wp-json\/wp\/v2\/media?parent=36477"}],"wp:term":[{"taxonomy":"category","embeddable":true,"href":"https:\/\/www.suavinex.com\/livingsuavinex\/wp-json\/wp\/v2\/categories?post=36477"},{"taxonomy":"post_tag","embeddable":true,"href":"https:\/\/www.suavinex.com\/livingsuavinex\/wp-json\/wp\/v2\/tags?post=36477"}],"curies":[{"name":"wp","href":"https:\/\/api.w.org\/{rel}","templated":true}]}}