{"id":34521,"date":"2025-12-11T08:30:00","date_gmt":"2025-12-11T07:30:00","guid":{"rendered":"https:\/\/www.suavinex.com\/livingsuavinex\/?p=34521"},"modified":"2025-12-16T10:07:41","modified_gmt":"2025-12-16T09:07:41","slug":"calendario-vacunaciones","status":"publish","type":"post","link":"https:\/\/www.suavinex.com\/livingsuavinex\/calendario-vacunaciones\/","title":{"rendered":"Calendario de vacunaciones. \u00bfCu\u00e1ndo poner las vacunas infantiles?"},"content":{"rendered":"\n<p>En <a href=\"https:\/\/www.suavinex.com\/\" target=\"_blank\" rel=\"noreferrer noopener\">Suavinex<\/a> sabemos que cada a\u00f1o el famoso <strong>Comit\u00e9 Asesor de Vacunas de la AEP (CAV-AEP)<\/strong> publica la actualizaci\u00f3n de su calendario. Y s\u00ed, sabemos que leer documentos m\u00e9dicos puede ser un desaf\u00edo, \u00a1pero esta gu\u00eda es <strong>clave para proteger a tu peque<\/strong>! Este calendario es el escudo protector m\u00e1s potente que puedes ofrecer a tu hijo. Este a\u00f1o, los pediatras han trabajado para que el calendario espa\u00f1ol sea <strong>uno de los m\u00e1s completos del mundo<\/strong>&#8230; \u00a1Y casi totalmente financiado!<\/p>\n\n\n\n<h2 class=\"wp-block-heading\">Calendario de vacunaciones\u00a0<\/h2>\n\n\n\n<p>El calendario de vacunaciones infantil mantiene el criterio de <strong>no discriminaci\u00f3n entre vacunas financiadas y no financiadas <\/strong>en su tabla de recomendaciones, ya que considera que todas las vacunas listadas deber\u00edan ser sistem\u00e1ticas y de aplicaci\u00f3n universal. En este sentido, el\u00a0<a href=\"https:\/\/www.suavinex.com\/livingsuavinex\/wp-content\/uploads\/2018\/04\/Conclusiones-Estudio-Conocimiento-sobre-las-vacunas.pdf\" target=\"_blank\" rel=\"noreferrer noopener\">Estudio sobre el conocimiento de las vacunas en Espa\u00f1a<\/a>, realizado por Suavinex, puso de manifiesto que 1 de cada 10 familias espa\u00f1olas renuncia a alguna vacuna por temas econ\u00f3micos.<\/p>\n\n\n\n<p>Otros aspectos que cabe destacar en este calendario de vacunaci\u00f3n infantil es que se mantiene la creencia de que la <strong>vacunaci\u00f3n contra el SARS-CoV-2 <\/strong>entre las personas de entre 5 y 18 a\u00f1os, as\u00ed como la&nbsp;<strong>vacunaci\u00f3n contra la gripe<\/strong>&nbsp;en ni\u00f1os y ni\u00f1as de entre 6 meses y 5 a\u00f1os tanto para protegerlos a ellos como para evitar los contagios a personas mayores, sigue siendo necesaria, debido a la presencia y r\u00e1pido contagio de estos virus, especialmente en los meses de invierno.<\/p>\n\n\n\n<p>Para prevenirte de estas enfermedades, debes tener cuidado <strong>y mantener los <\/strong><a href=\"https:\/\/www.suavinex.com\/chupetes-y-accesorios\/chupetes\/c\/0010\" target=\"_blank\" rel=\"noreferrer noopener\"><strong>chupetes<\/strong><\/a><strong> y <\/strong><a href=\"https:\/\/www.suavinex.com\/biberones-y-accesorios\/biberones\/c\/0021\" target=\"_blank\" rel=\"noreferrer noopener\"><strong>biberones<\/strong><\/a><strong> bien limpios y esterilizados<\/strong>. En Suavinex te ense\u00f1amos <a href=\"https:\/\/www.suavinex.com\/livingsuavinex\/como-esterilizar-chupetes\/\" target=\"_blank\" rel=\"noreferrer noopener\">c\u00f3mo esterilizar chupetes<\/a> y <a href=\"https:\/\/www.suavinex.com\/livingsuavinex\/como-limpiar-los-biberones\/\" target=\"_blank\" rel=\"noreferrer noopener\">c\u00f3mo limpiar los biberones<\/a>.<\/p>\n\n\n\n<p>A continuaci\u00f3n, detallamos la pauta de vacunaci\u00f3n recomendada por el CAV-AEP para este a\u00f1o, ordenada por edad de aplicaci\u00f3n:\u00a0<\/p>\n\n\n\n<figure class=\"wp-block-image size-large is-resized\"><a href=\"https:\/\/www.suavinex.com\/livingsuavinex\/wp-content\/uploads\/2024\/01\/Captura-de-pantalla-2025-12-16-094732.png\"><img loading=\"lazy\" decoding=\"async\" width=\"700\" height=\"582\" src=\"https:\/\/www.suavinex.com\/livingsuavinex\/wp-content\/uploads\/2024\/01\/Captura-de-pantalla-2025-12-16-094732-700x582.png\" alt=\"\" class=\"wp-image-46842\" style=\"width:835px;height:auto\" srcset=\"https:\/\/www.suavinex.com\/livingsuavinex\/wp-content\/uploads\/2024\/01\/Captura-de-pantalla-2025-12-16-094732-700x582.png 700w, https:\/\/www.suavinex.com\/livingsuavinex\/wp-content\/uploads\/2024\/01\/Captura-de-pantalla-2025-12-16-094732-250x208.png 250w, https:\/\/www.suavinex.com\/livingsuavinex\/wp-content\/uploads\/2024\/01\/Captura-de-pantalla-2025-12-16-094732-768x639.png 768w, https:\/\/www.suavinex.com\/livingsuavinex\/wp-content\/uploads\/2024\/01\/Captura-de-pantalla-2025-12-16-094732-120x100.png 120w, https:\/\/www.suavinex.com\/livingsuavinex\/wp-content\/uploads\/2024\/01\/Captura-de-pantalla-2025-12-16-094732.png 892w\" sizes=\"auto, (max-width: 700px) 100vw, 700px\" \/><\/a><\/figure>\n\n\n\n<ul class=\"wp-block-list\">\n<li><strong>Vacuna antihepatitis B (HB)<\/strong>: Tres dosis de vacunas a beb\u00e9s a los 2, 4 y 11 meses.<\/li>\n\n\n\n<li><strong>Vacuna frente a la difteria, el t\u00e9tanos y la tosferina (DTPA\/Tdpa)<\/strong>: Cinco dosis, a los 2 y 4 meses; refuerzo a los 11 meses; 6 a\u00f1os; y a los 12-14 a\u00f1os.<\/li>\n\n\n\n<li><strong>Vacuna antipoliomiel\u00edtica inactivada (VPI)<\/strong>: Cuatro dosis a los 2 y 4 meses y refuerzos a los 11 meses y 6 a\u00f1os.<\/li>\n\n\n\n<li><strong>Vacuna frente al Haemophilus influenzae B (Hib)<\/strong>: Tres dosis, a los 2 y 4 meses y refuerzo a los 11 meses.<\/li>\n\n\n\n<li><strong>Vacuna frente al neumococo (VNC)<\/strong>: Tres o cuatro dosis, pauta 2+1 con la VNC15 (2, 4 y 11 meses) o pauta 3+1 (2, 4, 6 y 11 meses) con la VNC20.<\/li>\n\n\n\n<li><strong>Vacuna frente al rotavirus (RV)<\/strong>: Dos dosis con la monovalente (2, 3 y 4 meses) o tres dosis con la pentavalente (con dos pautas, 2, 3 y 4 meses o 2, 4 y 5-6 meses).<\/li>\n\n\n\n<li><strong>Vacuna frente al meningococo B (MenB)<\/strong>: Tres dosis (dos dosis separadas por dos meses y un refuerzo a partir de los 12 meses).<\/li>\n\n\n\n<li><strong>Vacuna frente a los meningococos ACWY (MenACWY)<\/strong>: Una dosis a los 4 meses de edad de MenACWY-TT. A los 12 meses y a los 11-13 a\u00f1os una dosis de MenACWY con rescate progresivo hasta los 18 a\u00f1os.<\/li>\n\n\n\n<li><strong>Vacuna frente a la gripe<\/strong>: Vacunaci\u00f3n recomendada para ni\u00f1os y ni\u00f1as entre 6 y 59 meses de edad. 2 dosis separadas por 4 semanas si es la primera vez que la reciben.<\/li>\n\n\n\n<li><strong>Vacuna frente al sarampi\u00f3n, la rub\u00e9ola y la parotiditis (SRP)<\/strong>: La primera a los 12 meses y la segunda a los 2 a\u00f1os.<\/li>\n\n\n\n<li><strong>Vacuna frente al SARS-CoV-2.<\/strong>: puede administrarse en cualquier trimestre del embarazo o hasta 6 meses despu\u00e9s, dejando al menos 3 meses desde una vacunaci\u00f3n previa o infecci\u00f3n.<\/li>\n\n\n\n<li><strong>Vacuna frente a la varicela (Var)<\/strong>: Dos dosis, a los 15 meses de edad y a los 2 a\u00f1os.<\/li>\n\n\n\n<li><strong>Vacuna frente al VPH<\/strong>: Una dosis a los 10-12 a\u00f1os.<\/li>\n\n\n\n<li><strong>Vacuna frente\u00a0 al VRS<\/strong>: Entre las semanas 24 y 36 de gestaci\u00f3n (preferentemente 32\u201336) pero no est\u00e1 financiada en 2024-2025, aunque est\u00e1 disponible en las farmacias comunitarias.<\/li>\n<\/ul>\n\n\n\n<p>La pauta de vacunaci\u00f3n <strong>hasta que el beb\u00e9 cumpla 15 meses<\/strong> queda de la siguiente forma:<\/p>\n\n\n\n<h3 class=\"wp-block-heading\">Vacunas 2 meses<\/h3>\n\n\n\n<ul class=\"wp-block-list\">\n<li>Hepatitis B (HB)<\/li>\n\n\n\n<li>Difteria, t\u00e9tanos y tosferina (DTPa)<\/li>\n\n\n\n<li>Poliomelitis (VPI)<\/li>\n\n\n\n<li>Haemophilus influenzae tipo b (Hib)<\/li>\n\n\n\n<li>Neumococo (VNC)<\/li>\n\n\n\n<li>Rotavirus (RV)<\/li>\n\n\n\n<li>Meningococo B (MenB)<\/li>\n<\/ul>\n\n\n\n<h3 class=\"wp-block-heading\">Vacunas 3 meses<\/h3>\n\n\n\n<ul class=\"wp-block-list\">\n<li>Rotavirus (RV)<\/li>\n<\/ul>\n\n\n\n<h3 class=\"wp-block-heading\">Vacunas 4 meses<\/h3>\n\n\n\n<ul class=\"wp-block-list\">\n<li>Hepatitis B (HB)<\/li>\n\n\n\n<li>Difteria, t\u00e9tanos y tosferina (DTPa)<\/li>\n\n\n\n<li>Poliomelitis (VPI)<\/li>\n\n\n\n<li>Haemophilus influenzae tipo b (Hib)<\/li>\n\n\n\n<li>Neumococo (VNC)<\/li>\n\n\n\n<li>Rotavirus (RV)<\/li>\n\n\n\n<li>Meningococo B (MenB)<\/li>\n\n\n\n<li>Meningococo C (MenC)<\/li>\n<\/ul>\n\n\n\n<h3 class=\"wp-block-heading\">Vacunas 6 meses<\/h3>\n\n\n\n<ul class=\"wp-block-list\">\n<li>Gripe (hasta los 59 meses)<\/li>\n<\/ul>\n\n\n\n<h3 class=\"wp-block-heading\">Vacunas 11 meses<\/h3>\n\n\n\n<ul class=\"wp-block-list\">\n<li>Hepatitis B (HB)<\/li>\n\n\n\n<li>Difteria, t\u00e9tanos y tosferina (DTPa)<\/li>\n\n\n\n<li>Poliomelitis (VPI)<\/li>\n\n\n\n<li>Haemophilus influenzae tipo b (Hib)<\/li>\n\n\n\n<li>Neumococo (VNC)<\/li>\n<\/ul>\n\n\n\n<h3 class=\"wp-block-heading\">Vacunas 12 meses<\/h3>\n\n\n\n<ul class=\"wp-block-list\">\n<li>Meningococo B (MenB)<\/li>\n\n\n\n<li>Meningococo ACWY (MenACWY)<\/li>\n\n\n\n<li>Sarampi\u00f3n, rub\u00e9ola y parotiditis (SRP)<\/li>\n<\/ul>\n\n\n\n<h3 class=\"wp-block-heading\">Vacunas 15 meses<\/h3>\n\n\n\n<ul class=\"wp-block-list\">\n<li>Meningococo B (MenB)<\/li>\n\n\n\n<li>Varicela (Var)<\/li>\n<\/ul>\n\n\n\n<h2 class=\"wp-block-heading\">Vacunas financiadas por el sistema nacional de seguridad social<\/h2>\n\n\n\n<p>Las vacunas que, en la actualidad, est\u00e1n financiadas por la seguridad social, son:<\/p>\n\n\n\n<ul class=\"wp-block-list\">\n<li>Hepatitis B<\/li>\n\n\n\n<li>Difteria<\/li>\n\n\n\n<li>T\u00e9tanos<\/li>\n\n\n\n<li>Tosferina<\/li>\n\n\n\n<li>Polio<\/li>\n\n\n\n<li>Haemophilus influenzaetipo b<\/li>\n\n\n\n<li>Meningococo C<\/li>\n\n\n\n<li>Neumococo<\/li>\n\n\n\n<li>Sarampi\u00f3n<\/li>\n\n\n\n<li>Rubeola y paperas (parotiditis epid\u00e9mica)<\/li>\n\n\n\n<li>Varicela<\/li>\n\n\n\n<li>Virus del papiloma humano (solo para ni\u00f1as)<\/li>\n\n\n\n<li>Anti meningoc\u00f3cica tetravalente en adolescentes<\/li>\n\n\n\n<li>SARS-CoV-2 de 5\u00a0a 15 a\u00f1os.<\/li>\n<\/ul>\n\n\n\n<h2 class=\"wp-block-heading\">La importancia de la vacunaci\u00f3n<\/h2>\n\n\n\n<p>Los pediatras del Comit\u00e9 Asesor de Vacunas recuerdan la<strong>\u00a0importancia de vacunar a los ni\u00f1os<\/strong>. As\u00ed se les protege de enfermedades graves a las que se puedan ver expuestos, pero tambi\u00e9n se protege a otros ni\u00f1os que no han podido ser vacunados. Es lo que se conoce como \u201cinmunidad de reba\u00f1o\u201d.\u00a0 En Espa\u00f1a, <a href=\"https:\/\/www.suavinex.com\/livingsuavinex\/vacunas-obligatorias\/\" target=\"_blank\" rel=\"noreferrer noopener\">las vacunas no son obligatorias<\/a>, aunque es un tema que siempre est\u00e1 en el punto de mira. Por eso es probable que creas que el calendario de vacunas de la seguridad social es obligatorio, pero en realidad<strong> es elecci\u00f3n de los padres<\/strong>.<\/p>\n\n\n<div class=\"carrusel\"><ul class=\"recomendacion\"><li class=\"producto\"><div class=\"wrapProducto\"><a target=\"_blank\" class=\"imagen\" href=\"https:\/\/www.suavinex.com\/regalos-para-bebes\/peluches-para-bebe\/s-gato-set\/p\/000000000000401199\"><img decoding=\"async\" src=\"https:\/\/www.suavinex.com\/medias\/peluche-gato-sushi-the-cat-suavinex-01.jpg?context=bWFzdGVyfGltYWdlc3wyNjQwNzV8aW1hZ2UvanBlZ3xpbWFnZXMvaDgwL2gwYi84ODUyMDk0MzIwNjcwLmpwZ3xlYTRlMDU2OGNmZjQ0MDZiNzc1OWUxMTIyODg3N2VkMjBkYTFhZmNkN2E4NGU1YzkxNzA2NDE4YjhjZWQ4Zjgy\"><\/a><div class=\"productname\"><a target=\"_blank\" href=\"https:\/\/www.suavinex.com\/regalos-para-bebes\/peluches-para-bebe\/s-gato-set\/p\/000000000000401199\">Sushi, the cat. Peluche gato Suavinex<\/a><div><div class=\"bloquePrecio\"><div class=\"precioProducto\">6.05 \u20ac<\/div><a target=\"_blank\" class=\"ctabuy\" href=\"https:\/\/www.suavinex.com\/regalos-para-bebes\/peluches-para-bebe\/s-gato-set\/p\/000000000000401199\">COMPRAR<\/a><\/div><\/div><\/li><\/ul><\/div>\n\n\n\n<p><strong>Lo importante es que los ni\u00f1os est\u00e9n bien protegidos<\/strong> y, en Suavinex sabemos que las visitas al m\u00e9dico les pueden causar cierto rechazo, para ello la ayuda de un <a href=\"https:\/\/www.suavinex.com\/livingsuavinex\/dou-dou-o-muneco-de-apego-bebe\/\" target=\"_blank\" rel=\"noreferrer noopener\">doudou o mu\u00f1eco de apego<\/a> puede venirle genial. Podr\u00e1s encontrar a nuestro mon\u00edsimo <a href=\"https:\/\/www.suavinex.com\/regalos-para-bebes\/peluches-para-bebe\/s-gato-set\/p\/000000000000401199\" target=\"_blank\" rel=\"noreferrer noopener\">Sushi the Cat<\/a> en <strong>nuestra tienda online<\/strong> en la secci\u00f3n de <a href=\"https:\/\/www.suavinex.com\/regalos-para-bebes\/peluches-para-bebe\/c\/0072\" target=\"_blank\" rel=\"noreferrer noopener\">peluches para beb\u00e9<\/a> como, por ejemplo, en el <a href=\"https:\/\/www.suavinex.com\/bano-y-cuidado-del-bebe\/colonias-y-perfumes-de-bebe\/set-personalizado-baby-cologne-memories-con-peluche-y-caja-rosa\/p\/set_memories_rs_gato_pers\" target=\"_blank\" rel=\"noreferrer noopener\">Set Personalizado Baby Cologne Memories Rosa<\/a> que viene con una <a href=\"https:\/\/www.suavinex.com\/bano-y-cuidado-del-bebe\/colonias-y-perfumes-de-bebe\/c\/0053\" target=\"_blank\" rel=\"noreferrer noopener\">colonia de beb\u00e9<\/a> incluida en el pack.<\/p>\n\n\n<div class=\"carrusel\"><ul class=\"recomendacion\"><li class=\"producto\"><div class=\"wrapProducto\"><a target=\"_blank\" class=\"imagen\" href=\"https:\/\/www.suavinex.com\/alimentacion-del-bebe\/vajilla-infantil\/s-vajilla-infantil-nina-6m-i3\/p\/000000000000300844\"><img decoding=\"async\" src=\"https:\/\/www.suavinex.com\/medias\/Vajilla-Go-Natural-RS-01.jpg?context=bWFzdGVyfGltYWdlc3wxNzY1MTl8aW1hZ2UvanBlZ3xpbWFnZXMvaDkyL2gzZC84OTE3MTg0ODcyNDc4LmpwZ3w2ZDkxOWRmNTJjNWViYmI2MDQxNmNjNjAxNWZkMDU0YzJhZjdiZGVhMjBlOWRmZDQzNWU1OWQ4M2NiNTQwMmZh\"><\/a><div class=\"productname\"><a target=\"_blank\" href=\"https:\/\/www.suavinex.com\/alimentacion-del-bebe\/vajilla-infantil\/s-vajilla-infantil-nina-6m-i3\/p\/000000000000300844\">Vajilla para beb\u00e9s de aprendizaje rosa<\/a><div><div class=\"bloquePrecio\"><div class=\"precioProducto\">33.95 \u20ac<\/div><a target=\"_blank\" class=\"ctabuy\" href=\"https:\/\/www.suavinex.com\/alimentacion-del-bebe\/vajilla-infantil\/s-vajilla-infantil-nina-6m-i3\/p\/000000000000300844\">COMPRAR<\/a><\/div><\/div><\/li><\/ul><\/div>\n\n\n\n<p>Como siempre, te recomendamos <strong>revisar peri\u00f3dicamente el calendario de vacunaciones de tu Comunidad Aut\u00f3noma<\/strong>, ya que puede presentar peque\u00f1as variaciones. Mantenerte al d\u00eda te ayudar\u00e1 a planificar mejor cada etapa y a no dejar ninguna dosis pendiente. Al final, una buena organizaci\u00f3n y una informaci\u00f3n clara son las claves para que <strong>tu beb\u00e9 est\u00e9 protegido frente a las enfermedades prevenibles<\/strong>.<\/p>\n\n\n\n<p><strong>Fuentes:<\/strong><\/p>\n\n\n\n<p><a href=\"https:\/\/vacunasaep.org\/profesionales\/calendario-de-vacunaciones-e-inmunizaciones-aep-2025\" target=\"_blank\" rel=\"noreferrer noopener nofollow\">Calendario de Vacunaciones e Inmunizaciones AEP 2025 | Comit\u00e9 Asesor de Vacunas de la AEP<\/a><\/p>\n","protected":false},"excerpt":{"rendered":"En Suavinex sabemos que cada a\u00f1o el famoso Comit\u00e9 Asesor de Vacunas de la AEP (CAV-AEP) publica la actualizaci\u00f3n de su calendario. Y s\u00ed, sabemos que leer documentos m\u00e9dicos puede ser un desaf\u00edo, \u00a1pero esta gu\u00eda es clave para proteger a tu peque! Este calendario es el escudo protector m\u00e1s&#8230; <a class=\"view-article\" href=\"https:\/\/www.suavinex.com\/livingsuavinex\/calendario-vacunaciones\/\">Ver art\u00edculo<\/a>","protected":false},"author":295,"featured_media":45474,"comment_status":"open","ping_status":"open","sticky":false,"template":"","format":"standard","meta":{"inline_featured_image":false,"footnotes":""},"categories":[2277],"tags":[234,2222,76],"class_list":["post-34521","post","type-post","status-publish","format-standard","has-post-thumbnail","hentry","category-tendencias","tag-bebe","tag-consejos-de-pediatria","tag-cuidados"],"yoast_head":"<!-- This site is optimized with the Yoast SEO plugin v26.8 - https:\/\/yoast.com\/product\/yoast-seo-wordpress\/ -->\n<title>Calendario de vacunaci\u00f3n infantil 2024<\/title>\n<meta name=\"description\" content=\"El Comit\u00e9 Asesor de Vacunas de la Asociaci\u00f3n Espa\u00f1ola de Pediatr\u00eda (CAV-AEP) ha publicado la actualizaci\u00f3n del calendario de vacunas 2024\" \/>\n<meta name=\"robots\" content=\"index, follow, max-snippet:-1, max-image-preview:large, max-video-preview:-1\" \/>\n<link rel=\"canonical\" href=\"https:\/\/www.suavinex.com\/livingsuavinex\/calendario-vacunaciones\/\" \/>\n<meta property=\"og:locale\" content=\"es_ES\" \/>\n<meta property=\"og:type\" content=\"article\" \/>\n<meta property=\"og:title\" content=\"Calendario de vacunaci\u00f3n infantil 2024\" \/>\n<meta property=\"og:description\" content=\"El Comit\u00e9 Asesor de Vacunas de la Asociaci\u00f3n Espa\u00f1ola de Pediatr\u00eda (CAV-AEP) ha publicado la actualizaci\u00f3n del calendario de vacunas 2024\" \/>\n<meta property=\"og:url\" content=\"https:\/\/www.suavinex.com\/livingsuavinex\/calendario-vacunaciones\/\" \/>\n<meta property=\"og:site_name\" content=\"Living Suavinex\" \/>\n<meta property=\"article:publisher\" content=\"https:\/\/www.facebook.com\/SuavinexSpain\" \/>\n<meta property=\"article:published_time\" content=\"2025-12-11T07:30:00+00:00\" \/>\n<meta property=\"article:modified_time\" content=\"2025-12-16T09:07:41+00:00\" \/>\n<meta property=\"og:image\" content=\"https:\/\/www.suavinex.com\/livingsuavinex\/wp-content\/uploads\/2021\/01\/vacuna-infantil-2024.webp\" \/>\n\t<meta property=\"og:image:width\" content=\"1200\" \/>\n\t<meta property=\"og:image:height\" content=\"800\" \/>\n\t<meta property=\"og:image:type\" content=\"image\/webp\" \/>\n<meta name=\"author\" content=\"Suavinex Central\" \/>\n<meta name=\"twitter:card\" content=\"summary_large_image\" \/>\n<meta name=\"twitter:creator\" content=\"@SuavinexSpain\" \/>\n<meta name=\"twitter:site\" content=\"@SuavinexSpain\" \/>\n<meta name=\"twitter:label1\" content=\"Escrito por\" \/>\n\t<meta name=\"twitter:data1\" content=\"Suavinex Central\" \/>\n\t<meta name=\"twitter:label2\" content=\"Tiempo de lectura\" \/>\n\t<meta name=\"twitter:data2\" content=\"7 minutos\" \/>\n<script type=\"application\/ld+json\" class=\"yoast-schema-graph\">{\"@context\":\"https:\/\/schema.org\",\"@graph\":[{\"@type\":\"Article\",\"@id\":\"https:\/\/www.suavinex.com\/livingsuavinex\/calendario-vacunaciones\/#article\",\"isPartOf\":{\"@id\":\"https:\/\/www.suavinex.com\/livingsuavinex\/calendario-vacunaciones\/\"},\"author\":{\"name\":\"Suavinex Central\",\"@id\":\"https:\/\/www.suavinex.com\/livingsuavinex\/#\/schema\/person\/836d83f4b1821b11b7b47cffd08f1ecb\"},\"headline\":\"Calendario de vacunaciones. \u00bfCu\u00e1ndo poner las vacunas infantiles?\",\"datePublished\":\"2025-12-11T07:30:00+00:00\",\"dateModified\":\"2025-12-16T09:07:41+00:00\",\"mainEntityOfPage\":{\"@id\":\"https:\/\/www.suavinex.com\/livingsuavinex\/calendario-vacunaciones\/\"},\"wordCount\":1115,\"commentCount\":0,\"publisher\":{\"@id\":\"https:\/\/www.suavinex.com\/livingsuavinex\/#organization\"},\"image\":{\"@id\":\"https:\/\/www.suavinex.com\/livingsuavinex\/calendario-vacunaciones\/#primaryimage\"},\"thumbnailUrl\":\"https:\/\/www.suavinex.com\/livingsuavinex\/wp-content\/uploads\/2021\/01\/vacuna-infantil-2024.webp\",\"keywords\":[\"Beb\u00e9\",\"Consejos de pediatr\u00eda\",\"Cuidados\"],\"articleSection\":[\"Tendencias\"],\"inLanguage\":\"es\"},{\"@type\":\"WebPage\",\"@id\":\"https:\/\/www.suavinex.com\/livingsuavinex\/calendario-vacunaciones\/\",\"url\":\"https:\/\/www.suavinex.com\/livingsuavinex\/calendario-vacunaciones\/\",\"name\":\"Calendario de vacunaci\u00f3n infantil 2024\",\"isPartOf\":{\"@id\":\"https:\/\/www.suavinex.com\/livingsuavinex\/#website\"},\"primaryImageOfPage\":{\"@id\":\"https:\/\/www.suavinex.com\/livingsuavinex\/calendario-vacunaciones\/#primaryimage\"},\"image\":{\"@id\":\"https:\/\/www.suavinex.com\/livingsuavinex\/calendario-vacunaciones\/#primaryimage\"},\"thumbnailUrl\":\"https:\/\/www.suavinex.com\/livingsuavinex\/wp-content\/uploads\/2021\/01\/vacuna-infantil-2024.webp\",\"datePublished\":\"2025-12-11T07:30:00+00:00\",\"dateModified\":\"2025-12-16T09:07:41+00:00\",\"description\":\"El Comit\u00e9 Asesor de Vacunas de la Asociaci\u00f3n Espa\u00f1ola de Pediatr\u00eda (CAV-AEP) ha publicado la actualizaci\u00f3n del calendario de vacunas 2024\",\"breadcrumb\":{\"@id\":\"https:\/\/www.suavinex.com\/livingsuavinex\/calendario-vacunaciones\/#breadcrumb\"},\"inLanguage\":\"es\",\"potentialAction\":[{\"@type\":\"ReadAction\",\"target\":[\"https:\/\/www.suavinex.com\/livingsuavinex\/calendario-vacunaciones\/\"]}]},{\"@type\":\"ImageObject\",\"inLanguage\":\"es\",\"@id\":\"https:\/\/www.suavinex.com\/livingsuavinex\/calendario-vacunaciones\/#primaryimage\",\"url\":\"https:\/\/www.suavinex.com\/livingsuavinex\/wp-content\/uploads\/2021\/01\/vacuna-infantil-2024.webp\",\"contentUrl\":\"https:\/\/www.suavinex.com\/livingsuavinex\/wp-content\/uploads\/2021\/01\/vacuna-infantil-2024.webp\",\"width\":1200,\"height\":800,\"caption\":\"Vacuna infantil 2024\"},{\"@type\":\"BreadcrumbList\",\"@id\":\"https:\/\/www.suavinex.com\/livingsuavinex\/calendario-vacunaciones\/#breadcrumb\",\"itemListElement\":[{\"@type\":\"ListItem\",\"position\":1,\"name\":\"Portada\",\"item\":\"https:\/\/www.suavinex.com\/livingsuavinex\/\"},{\"@type\":\"ListItem\",\"position\":2,\"name\":\"Calendario de vacunaci\u00f3n infantil 2024\"}]},{\"@type\":\"WebSite\",\"@id\":\"https:\/\/www.suavinex.com\/livingsuavinex\/#website\",\"url\":\"https:\/\/www.suavinex.com\/livingsuavinex\/\",\"name\":\"Living Suavinex\",\"description\":\"| Familias reales\",\"publisher\":{\"@id\":\"https:\/\/www.suavinex.com\/livingsuavinex\/#organization\"},\"potentialAction\":[{\"@type\":\"SearchAction\",\"target\":{\"@type\":\"EntryPoint\",\"urlTemplate\":\"https:\/\/www.suavinex.com\/livingsuavinex\/?s={search_term_string}\"},\"query-input\":{\"@type\":\"PropertyValueSpecification\",\"valueRequired\":true,\"valueName\":\"search_term_string\"}}],\"inLanguage\":\"es\"},{\"@type\":\"Organization\",\"@id\":\"https:\/\/www.suavinex.com\/livingsuavinex\/#organization\",\"name\":\"Suavinex\",\"url\":\"https:\/\/www.suavinex.com\/livingsuavinex\/\",\"logo\":{\"@type\":\"ImageObject\",\"inLanguage\":\"es\",\"@id\":\"https:\/\/www.suavinex.com\/livingsuavinex\/#\/schema\/logo\/image\/\",\"url\":\"https:\/\/www.suavinex.com\/livingsuavinex\/wp-content\/uploads\/2018\/07\/living_sx_logo_mvl.png\",\"contentUrl\":\"https:\/\/www.suavinex.com\/livingsuavinex\/wp-content\/uploads\/2018\/07\/living_sx_logo_mvl.png\",\"width\":350,\"height\":70,\"caption\":\"Suavinex\"},\"image\":{\"@id\":\"https:\/\/www.suavinex.com\/livingsuavinex\/#\/schema\/logo\/image\/\"},\"sameAs\":[\"https:\/\/www.facebook.com\/SuavinexSpain\",\"https:\/\/x.com\/SuavinexSpain\",\"https:\/\/www.instagram.com\/suavinex_spain\/\",\"https:\/\/www.pinterest.es\/SuavinexSpain\/\",\"https:\/\/www.youtube.com\/channel\/UCgeJREx2R_ZvV2aQMrfWgcA\"]},{\"@type\":\"Person\",\"@id\":\"https:\/\/www.suavinex.com\/livingsuavinex\/#\/schema\/person\/836d83f4b1821b11b7b47cffd08f1ecb\",\"name\":\"Suavinex Central\",\"image\":{\"@type\":\"ImageObject\",\"inLanguage\":\"es\",\"@id\":\"https:\/\/www.suavinex.com\/livingsuavinex\/#\/schema\/person\/image\/\",\"url\":\"https:\/\/secure.gravatar.com\/avatar\/bd43680b784882668035add29f959967?s=96&d=mm&r=g\",\"contentUrl\":\"https:\/\/secure.gravatar.com\/avatar\/bd43680b784882668035add29f959967?s=96&d=mm&r=g\",\"caption\":\"Suavinex Central\"}}]}<\/script>\n<!-- \/ Yoast SEO plugin. -->","yoast_head_json":{"title":"Calendario de vacunaci\u00f3n infantil 2024","description":"El Comit\u00e9 Asesor de Vacunas de la Asociaci\u00f3n Espa\u00f1ola de Pediatr\u00eda (CAV-AEP) ha publicado la actualizaci\u00f3n del calendario de vacunas 2024","robots":{"index":"index","follow":"follow","max-snippet":"max-snippet:-1","max-image-preview":"max-image-preview:large","max-video-preview":"max-video-preview:-1"},"canonical":"https:\/\/www.suavinex.com\/livingsuavinex\/calendario-vacunaciones\/","og_locale":"es_ES","og_type":"article","og_title":"Calendario de vacunaci\u00f3n infantil 2024","og_description":"El Comit\u00e9 Asesor de Vacunas de la Asociaci\u00f3n Espa\u00f1ola de Pediatr\u00eda (CAV-AEP) ha publicado la actualizaci\u00f3n del calendario de vacunas 2024","og_url":"https:\/\/www.suavinex.com\/livingsuavinex\/calendario-vacunaciones\/","og_site_name":"Living Suavinex","article_publisher":"https:\/\/www.facebook.com\/SuavinexSpain","article_published_time":"2025-12-11T07:30:00+00:00","article_modified_time":"2025-12-16T09:07:41+00:00","og_image":[{"width":1200,"height":800,"url":"https:\/\/www.suavinex.com\/livingsuavinex\/wp-content\/uploads\/2021\/01\/vacuna-infantil-2024.webp","type":"image\/webp"}],"author":"Suavinex Central","twitter_card":"summary_large_image","twitter_creator":"@SuavinexSpain","twitter_site":"@SuavinexSpain","twitter_misc":{"Escrito por":"Suavinex Central","Tiempo de lectura":"7 minutos"},"schema":{"@context":"https:\/\/schema.org","@graph":[{"@type":"Article","@id":"https:\/\/www.suavinex.com\/livingsuavinex\/calendario-vacunaciones\/#article","isPartOf":{"@id":"https:\/\/www.suavinex.com\/livingsuavinex\/calendario-vacunaciones\/"},"author":{"name":"Suavinex Central","@id":"https:\/\/www.suavinex.com\/livingsuavinex\/#\/schema\/person\/836d83f4b1821b11b7b47cffd08f1ecb"},"headline":"Calendario de vacunaciones. \u00bfCu\u00e1ndo poner las vacunas infantiles?","datePublished":"2025-12-11T07:30:00+00:00","dateModified":"2025-12-16T09:07:41+00:00","mainEntityOfPage":{"@id":"https:\/\/www.suavinex.com\/livingsuavinex\/calendario-vacunaciones\/"},"wordCount":1115,"commentCount":0,"publisher":{"@id":"https:\/\/www.suavinex.com\/livingsuavinex\/#organization"},"image":{"@id":"https:\/\/www.suavinex.com\/livingsuavinex\/calendario-vacunaciones\/#primaryimage"},"thumbnailUrl":"https:\/\/www.suavinex.com\/livingsuavinex\/wp-content\/uploads\/2021\/01\/vacuna-infantil-2024.webp","keywords":["Beb\u00e9","Consejos de pediatr\u00eda","Cuidados"],"articleSection":["Tendencias"],"inLanguage":"es"},{"@type":"WebPage","@id":"https:\/\/www.suavinex.com\/livingsuavinex\/calendario-vacunaciones\/","url":"https:\/\/www.suavinex.com\/livingsuavinex\/calendario-vacunaciones\/","name":"Calendario de vacunaci\u00f3n infantil 2024","isPartOf":{"@id":"https:\/\/www.suavinex.com\/livingsuavinex\/#website"},"primaryImageOfPage":{"@id":"https:\/\/www.suavinex.com\/livingsuavinex\/calendario-vacunaciones\/#primaryimage"},"image":{"@id":"https:\/\/www.suavinex.com\/livingsuavinex\/calendario-vacunaciones\/#primaryimage"},"thumbnailUrl":"https:\/\/www.suavinex.com\/livingsuavinex\/wp-content\/uploads\/2021\/01\/vacuna-infantil-2024.webp","datePublished":"2025-12-11T07:30:00+00:00","dateModified":"2025-12-16T09:07:41+00:00","description":"El Comit\u00e9 Asesor de Vacunas de la Asociaci\u00f3n Espa\u00f1ola de Pediatr\u00eda (CAV-AEP) ha publicado la actualizaci\u00f3n del calendario de vacunas 2024","breadcrumb":{"@id":"https:\/\/www.suavinex.com\/livingsuavinex\/calendario-vacunaciones\/#breadcrumb"},"inLanguage":"es","potentialAction":[{"@type":"ReadAction","target":["https:\/\/www.suavinex.com\/livingsuavinex\/calendario-vacunaciones\/"]}]},{"@type":"ImageObject","inLanguage":"es","@id":"https:\/\/www.suavinex.com\/livingsuavinex\/calendario-vacunaciones\/#primaryimage","url":"https:\/\/www.suavinex.com\/livingsuavinex\/wp-content\/uploads\/2021\/01\/vacuna-infantil-2024.webp","contentUrl":"https:\/\/www.suavinex.com\/livingsuavinex\/wp-content\/uploads\/2021\/01\/vacuna-infantil-2024.webp","width":1200,"height":800,"caption":"Vacuna infantil 2024"},{"@type":"BreadcrumbList","@id":"https:\/\/www.suavinex.com\/livingsuavinex\/calendario-vacunaciones\/#breadcrumb","itemListElement":[{"@type":"ListItem","position":1,"name":"Portada","item":"https:\/\/www.suavinex.com\/livingsuavinex\/"},{"@type":"ListItem","position":2,"name":"Calendario de vacunaci\u00f3n infantil 2024"}]},{"@type":"WebSite","@id":"https:\/\/www.suavinex.com\/livingsuavinex\/#website","url":"https:\/\/www.suavinex.com\/livingsuavinex\/","name":"Living Suavinex","description":"| Familias reales","publisher":{"@id":"https:\/\/www.suavinex.com\/livingsuavinex\/#organization"},"potentialAction":[{"@type":"SearchAction","target":{"@type":"EntryPoint","urlTemplate":"https:\/\/www.suavinex.com\/livingsuavinex\/?s={search_term_string}"},"query-input":{"@type":"PropertyValueSpecification","valueRequired":true,"valueName":"search_term_string"}}],"inLanguage":"es"},{"@type":"Organization","@id":"https:\/\/www.suavinex.com\/livingsuavinex\/#organization","name":"Suavinex","url":"https:\/\/www.suavinex.com\/livingsuavinex\/","logo":{"@type":"ImageObject","inLanguage":"es","@id":"https:\/\/www.suavinex.com\/livingsuavinex\/#\/schema\/logo\/image\/","url":"https:\/\/www.suavinex.com\/livingsuavinex\/wp-content\/uploads\/2018\/07\/living_sx_logo_mvl.png","contentUrl":"https:\/\/www.suavinex.com\/livingsuavinex\/wp-content\/uploads\/2018\/07\/living_sx_logo_mvl.png","width":350,"height":70,"caption":"Suavinex"},"image":{"@id":"https:\/\/www.suavinex.com\/livingsuavinex\/#\/schema\/logo\/image\/"},"sameAs":["https:\/\/www.facebook.com\/SuavinexSpain","https:\/\/x.com\/SuavinexSpain","https:\/\/www.instagram.com\/suavinex_spain\/","https:\/\/www.pinterest.es\/SuavinexSpain\/","https:\/\/www.youtube.com\/channel\/UCgeJREx2R_ZvV2aQMrfWgcA"]},{"@type":"Person","@id":"https:\/\/www.suavinex.com\/livingsuavinex\/#\/schema\/person\/836d83f4b1821b11b7b47cffd08f1ecb","name":"Suavinex Central","image":{"@type":"ImageObject","inLanguage":"es","@id":"https:\/\/www.suavinex.com\/livingsuavinex\/#\/schema\/person\/image\/","url":"https:\/\/secure.gravatar.com\/avatar\/bd43680b784882668035add29f959967?s=96&d=mm&r=g","contentUrl":"https:\/\/secure.gravatar.com\/avatar\/bd43680b784882668035add29f959967?s=96&d=mm&r=g","caption":"Suavinex Central"}}]}},"_links":{"self":[{"href":"https:\/\/www.suavinex.com\/livingsuavinex\/wp-json\/wp\/v2\/posts\/34521","targetHints":{"allow":["GET"]}}],"collection":[{"href":"https:\/\/www.suavinex.com\/livingsuavinex\/wp-json\/wp\/v2\/posts"}],"about":[{"href":"https:\/\/www.suavinex.com\/livingsuavinex\/wp-json\/wp\/v2\/types\/post"}],"author":[{"embeddable":true,"href":"https:\/\/www.suavinex.com\/livingsuavinex\/wp-json\/wp\/v2\/users\/295"}],"replies":[{"embeddable":true,"href":"https:\/\/www.suavinex.com\/livingsuavinex\/wp-json\/wp\/v2\/comments?post=34521"}],"version-history":[{"count":17,"href":"https:\/\/www.suavinex.com\/livingsuavinex\/wp-json\/wp\/v2\/posts\/34521\/revisions"}],"predecessor-version":[{"id":46843,"href":"https:\/\/www.suavinex.com\/livingsuavinex\/wp-json\/wp\/v2\/posts\/34521\/revisions\/46843"}],"wp:featuredmedia":[{"embeddable":true,"href":"https:\/\/www.suavinex.com\/livingsuavinex\/wp-json\/wp\/v2\/media\/45474"}],"wp:attachment":[{"href":"https:\/\/www.suavinex.com\/livingsuavinex\/wp-json\/wp\/v2\/media?parent=34521"}],"wp:term":[{"taxonomy":"category","embeddable":true,"href":"https:\/\/www.suavinex.com\/livingsuavinex\/wp-json\/wp\/v2\/categories?post=34521"},{"taxonomy":"post_tag","embeddable":true,"href":"https:\/\/www.suavinex.com\/livingsuavinex\/wp-json\/wp\/v2\/tags?post=34521"}],"curies":[{"name":"wp","href":"https:\/\/api.w.org\/{rel}","templated":true}]}}