{"id":33736,"date":"2018-12-04T00:06:02","date_gmt":"2018-12-03T23:06:02","guid":{"rendered":"https:\/\/www.suavinex.com\/livingsuavinex\/?p=33736"},"modified":"2022-11-14T20:59:38","modified_gmt":"2022-11-14T19:59:38","slug":"queridos-reyes-quiero-cuentos-patricia-del-castillo","status":"publish","type":"post","link":"https:\/\/www.suavinex.com\/livingsuavinex\/queridos-reyes-quiero-cuentos-patricia-del-castillo\/","title":{"rendered":"Queridos Reyes Magos, este a\u00f1o quiero cuentos por Patricia del Castillo"},"content":{"rendered":"<p>Patricia del Castillo, experta en literatura infantil y autora de <a href=\"http:\/\/trastadasdemama.blogspot.com\/\" target=\"_blank\" rel=\"noopener noreferrer\">Trastadas de mam\u00e1<\/a>.<\/p>\n<p>Queridos Reyes Magos, este a\u00f1o quiero ranas de boca grande, piratas que no tengan miedo a la oscuridad y acudir al Concierto del Orinal. Quiero aprender sonidos nuevos de animales, averiguar cu\u00e1l es m\u00e1s grande, ser valiente como Teresa la Princesa o descubrir realmente qu\u00e9 planes tiene el Lobo Feroz.<\/p>\n<p>Queridos Reyes Magos, este a\u00f1o quiero historias que me hagan descubrir nuevos mundos y con las que pueda acercarme a lugares incre\u00edbles, conocer a personajes fant\u00e1sticos y que, adem\u00e1s, me permitan pasar tiempo con mis pap\u00e1s.<\/p>\n<p>Queridos Reyes Magos, este a\u00f1o <a href=\"https:\/\/www.suavinex.com\/livingsuavinex\/me-pido-cuento-gran-regalo\/\" target=\"_blank\" rel=\"noopener noreferrer\">quiero cuentos<\/a> <strong>y tiempo para que me los cuenten.<\/strong><\/p>\n<h2>Cuentos para regalar esta Navidad<\/h2>\n<div id=\"attachment_33744\" style=\"width: 310px\" class=\"wp-caption aligncenter\"><img loading=\"lazy\" decoding=\"async\" aria-describedby=\"caption-attachment-33744\" class=\"wp-image-33744 size-medium\" src=\"https:\/\/www.suavinex.com\/livingsuavinex\/wp-content\/uploads\/2018\/12\/ranabocagrande-300x173.jpg\" alt=\"quiero cuentos la rana de la boca grande\" width=\"300\" height=\"173\" srcset=\"https:\/\/www.suavinex.com\/livingsuavinex\/wp-content\/uploads\/2018\/12\/ranabocagrande-300x173.jpg 300w, https:\/\/www.suavinex.com\/livingsuavinex\/wp-content\/uploads\/2018\/12\/ranabocagrande-768x443.jpg 768w, https:\/\/www.suavinex.com\/livingsuavinex\/wp-content\/uploads\/2018\/12\/ranabocagrande-200x115.jpg 200w, https:\/\/www.suavinex.com\/livingsuavinex\/wp-content\/uploads\/2018\/12\/ranabocagrande-400x231.jpg 400w, https:\/\/www.suavinex.com\/livingsuavinex\/wp-content\/uploads\/2018\/12\/ranabocagrande-600x346.jpg 600w, https:\/\/www.suavinex.com\/livingsuavinex\/wp-content\/uploads\/2018\/12\/ranabocagrande-800x461.jpg 800w, https:\/\/www.suavinex.com\/livingsuavinex\/wp-content\/uploads\/2018\/12\/ranabocagrande.jpg 827w\" sizes=\"auto, (max-width: 300px) 100vw, 300px\" \/><p id=\"caption-attachment-33744\" class=\"wp-caption-text\">La rana de la boca grande<\/p><\/div>\n<p><strong>La Rana de la boca grande.<\/strong>\u00a0Autora: Nathalie Dieterl\u00e9. Editorial: Editorial Edelvives. Un cuento que es un chiste o un chiste que se ha convertido en cuento. Una rana va presumiendo de boca grande y chinchando al resto de animales, hasta que se topa con un cocodrilo que solo come ranas de boca grande. Entonces tendr\u00e1 que presumir de&#8230; \u00a1boca peque\u00f1a! Un libro muy divertido que saca sonrisas a ni\u00f1os y grandes. Os animo a contarlo abriendo mucho la boca como la rana del cuento.<\/p>\n<p>&nbsp;<\/p>\n<div id=\"attachment_33745\" style=\"width: 310px\" class=\"wp-caption aligncenter\"><img loading=\"lazy\" decoding=\"async\" aria-describedby=\"caption-attachment-33745\" class=\"wp-image-33745 size-medium\" src=\"https:\/\/www.suavinex.com\/livingsuavinex\/wp-content\/uploads\/2018\/12\/Teresa-300x296.jpg\" alt=\"quiero cuentos Teresa la princesa\" width=\"300\" height=\"296\" srcset=\"https:\/\/www.suavinex.com\/livingsuavinex\/wp-content\/uploads\/2018\/12\/Teresa-300x296.jpg 300w, https:\/\/www.suavinex.com\/livingsuavinex\/wp-content\/uploads\/2018\/12\/Teresa-66x66.jpg 66w, https:\/\/www.suavinex.com\/livingsuavinex\/wp-content\/uploads\/2018\/12\/Teresa-200x197.jpg 200w, https:\/\/www.suavinex.com\/livingsuavinex\/wp-content\/uploads\/2018\/12\/Teresa-400x395.jpg 400w, https:\/\/www.suavinex.com\/livingsuavinex\/wp-content\/uploads\/2018\/12\/Teresa.jpg 474w\" sizes=\"auto, (max-width: 300px) 100vw, 300px\" \/><p id=\"caption-attachment-33745\" class=\"wp-caption-text\"><strong><a href=\"http:\/\/edicionesjaguar.com\/titulos_detalle\/471-teresa_la_princesa\" target=\"_blank\" rel=\"noopener noreferrer\">Teresa la princesa<\/a><\/strong><\/p><\/div>\n<p><strong>Teresa la princesa.<\/strong> Autoras: Margarita del Mazo y Cecilia Moreno. Editorial: Ediciones Jaguar (Colecci\u00f3n Miau de cart\u00f3n). Teresa es valiente, Teresa es audaz y pronto su historia podr\u00e1s cantar. Un divertid\u00edsimo libro\/canci\u00f3n perfecto para contar o cantar a todas horas. Eso s\u00ed, os advierto que, \u00a1es muy pegadizo! Margarita y Cecilia forman un gran equipo y sus libros son perfectos para los m\u00e1s peque\u00f1os.<\/p>\n<div id=\"attachment_33741\" style=\"width: 310px\" class=\"wp-caption aligncenter\"><img loading=\"lazy\" decoding=\"async\" aria-describedby=\"caption-attachment-33741\" class=\"wp-image-33741 size-medium\" src=\"https:\/\/www.suavinex.com\/livingsuavinex\/wp-content\/uploads\/2018\/12\/mispeque\u00f1os-300x298.jpg\" alt=\"quiero cuentos mis peque\u00f1os contrarios\" width=\"300\" height=\"298\" srcset=\"https:\/\/www.suavinex.com\/livingsuavinex\/wp-content\/uploads\/2018\/12\/mispeque\u00f1os-300x298.jpg 300w, https:\/\/www.suavinex.com\/livingsuavinex\/wp-content\/uploads\/2018\/12\/mispeque\u00f1os-150x150.jpg 150w, https:\/\/www.suavinex.com\/livingsuavinex\/wp-content\/uploads\/2018\/12\/mispeque\u00f1os-768x764.jpg 768w, https:\/\/www.suavinex.com\/livingsuavinex\/wp-content\/uploads\/2018\/12\/mispeque\u00f1os-1024x1019.jpg 1024w, https:\/\/www.suavinex.com\/livingsuavinex\/wp-content\/uploads\/2018\/12\/mispeque\u00f1os-66x66.jpg 66w, https:\/\/www.suavinex.com\/livingsuavinex\/wp-content\/uploads\/2018\/12\/mispeque\u00f1os-200x199.jpg 200w, https:\/\/www.suavinex.com\/livingsuavinex\/wp-content\/uploads\/2018\/12\/mispeque\u00f1os-400x398.jpg 400w, https:\/\/www.suavinex.com\/livingsuavinex\/wp-content\/uploads\/2018\/12\/mispeque\u00f1os-600x597.jpg 600w, https:\/\/www.suavinex.com\/livingsuavinex\/wp-content\/uploads\/2018\/12\/mispeque\u00f1os-800x796.jpg 800w, https:\/\/www.suavinex.com\/livingsuavinex\/wp-content\/uploads\/2018\/12\/mispeque\u00f1os-1200x1194.jpg 1200w, https:\/\/www.suavinex.com\/livingsuavinex\/wp-content\/uploads\/2018\/12\/mispeque\u00f1os.jpg 1500w\" sizes=\"auto, (max-width: 300px) 100vw, 300px\" \/><p id=\"caption-attachment-33741\" class=\"wp-caption-text\"><a href=\"https:\/\/www.combeleditorial.com\/es\/libro\/mis-pequenos-contrarios_978-84-9101-403-4\" target=\"_blank\" rel=\"noopener noreferrer\" class=\"broken_link\">Mis peque\u00f1os contrarios<\/a><\/p><\/div>\n<p>Mis peque\u00f1os contrarios. Autora: Annette Tamarkin. Editorial: Editorial Combel. Este libro de grandes solapas y elementos m\u00f3viles permitir\u00e1 jugar y aprender con los contrarios. \u00bfEl tigre tiene la boca abierta o cerrada?, \u00bfel \u00e1rbol es grande o peque\u00f1o?, \u00bfes de d\u00eda o de noche?, \u00bfel ping\u00fcino est\u00e1 dormido o despierto? Los dibujos son sencillos, pero muy potentes y resaltan con sus colores sobre el fondo blanco del libro.<\/p>\n<div id=\"attachment_33742\" style=\"width: 270px\" class=\"wp-caption aligncenter\"><img loading=\"lazy\" decoding=\"async\" aria-describedby=\"caption-attachment-33742\" class=\"wp-image-33742 size-medium\" src=\"https:\/\/www.suavinex.com\/livingsuavinex\/wp-content\/uploads\/2018\/12\/piratas-260x300.jpg\" alt=\"quiero cuentos los piratas\" width=\"260\" height=\"300\" srcset=\"https:\/\/www.suavinex.com\/livingsuavinex\/wp-content\/uploads\/2018\/12\/piratas-260x300.jpg 260w, https:\/\/www.suavinex.com\/livingsuavinex\/wp-content\/uploads\/2018\/12\/piratas-768x888.jpg 768w, https:\/\/www.suavinex.com\/livingsuavinex\/wp-content\/uploads\/2018\/12\/piratas-886x1024.jpg 886w, https:\/\/www.suavinex.com\/livingsuavinex\/wp-content\/uploads\/2018\/12\/piratas-200x231.jpg 200w, https:\/\/www.suavinex.com\/livingsuavinex\/wp-content\/uploads\/2018\/12\/piratas-400x462.jpg 400w, https:\/\/www.suavinex.com\/livingsuavinex\/wp-content\/uploads\/2018\/12\/piratas-600x694.jpg 600w, https:\/\/www.suavinex.com\/livingsuavinex\/wp-content\/uploads\/2018\/12\/piratas-800x925.jpg 800w, https:\/\/www.suavinex.com\/livingsuavinex\/wp-content\/uploads\/2018\/12\/piratas.jpg 1000w\" sizes=\"auto, (max-width: 260px) 100vw, 260px\" \/><p id=\"caption-attachment-33742\" class=\"wp-caption-text\"><a href=\"https:\/\/www.anayainfantilyjuvenil.es\/libro.php?codigo_comercial=1541160\" target=\"_blank\" rel=\"noopener noreferrer\" class=\"broken_link\">Los piratas, cuentos para leer a oscuras<\/a><\/p><\/div>\n<p>Los piratas. Cuentos para leer a oscuras. Autor: Ignasi Valios i Bu\u00f1uel. Editorial: Editorial Anaya. Ad\u00e9ntrate en un mar infestado de tiburones, a bordo de un barco con bandera pirata, en busca de tesoros y mil aventuras. Un libro que se puede leer a oscuras: tan solo tendr\u00e1s que poner la p\u00e1gina bajo un foco de luz y se iluminar\u00e1 de forma m\u00e1gica. Perfecto para perder el miedo a la oscuridad y contar de forma diferente.<\/p>\n<div id=\"attachment_33738\" style=\"width: 310px\" class=\"wp-caption aligncenter\"><img loading=\"lazy\" decoding=\"async\" aria-describedby=\"caption-attachment-33738\" class=\"wp-image-33738 size-medium\" src=\"https:\/\/www.suavinex.com\/livingsuavinex\/wp-content\/uploads\/2018\/12\/elconciertodelorinal-300x254.jpg\" alt=\"quiero cuentos el concierto del orinal\" width=\"300\" height=\"254\" srcset=\"https:\/\/www.suavinex.com\/livingsuavinex\/wp-content\/uploads\/2018\/12\/elconciertodelorinal-300x254.jpg 300w, https:\/\/www.suavinex.com\/livingsuavinex\/wp-content\/uploads\/2018\/12\/elconciertodelorinal-200x169.jpg 200w, https:\/\/www.suavinex.com\/livingsuavinex\/wp-content\/uploads\/2018\/12\/elconciertodelorinal-400x338.jpg 400w, https:\/\/www.suavinex.com\/livingsuavinex\/wp-content\/uploads\/2018\/12\/elconciertodelorinal.jpg 583w\" sizes=\"auto, (max-width: 300px) 100vw, 300px\" \/><p id=\"caption-attachment-33738\" class=\"wp-caption-text\">El concierto del orinal<\/p><\/div>\n<p><strong>El concierto del orinal. <\/strong>Autor: Guido van Genechten. Editorial: Editorial Edelvives. El maestro Ping\u00fcino es el encargado de dirigir La Orquesta del Orinal: elefantes, perros, ranas, cebras tocar\u00e1n divertidos sonidos escatol\u00f3gicos. Eso s\u00ed, con mucho ritmo, para animar a los m\u00e1s peque\u00f1os a <a href=\"https:\/\/www.suavinex.com\/livingsuavinex\/cuentos-operacion-panal\/\" target=\"_blank\" rel=\"noopener noreferrer\">dejar el pa\u00f1al<\/a>.<\/p>\n<div id=\"attachment_33737\" style=\"width: 310px\" class=\"wp-caption aligncenter\"><img loading=\"lazy\" decoding=\"async\" aria-describedby=\"caption-attachment-33737\" class=\"wp-image-33737 size-medium\" src=\"https:\/\/www.suavinex.com\/livingsuavinex\/wp-content\/uploads\/2018\/12\/buendia-300x257.jpg\" alt=\"quiero cuentos buen d\u00eda\" width=\"300\" height=\"257\" srcset=\"https:\/\/www.suavinex.com\/livingsuavinex\/wp-content\/uploads\/2018\/12\/buendia-300x257.jpg 300w, https:\/\/www.suavinex.com\/livingsuavinex\/wp-content\/uploads\/2018\/12\/buendia-200x171.jpg 200w, https:\/\/www.suavinex.com\/livingsuavinex\/wp-content\/uploads\/2018\/12\/buendia.jpg 360w\" sizes=\"auto, (max-width: 300px) 100vw, 300px\" \/><p id=\"caption-attachment-33737\" class=\"wp-caption-text\">Buen d\u00eda, buenas noches<\/p><\/div>\n<p><strong>Buen d\u00eda, buenas noches.<\/strong> Autores: Margaret Wise Brown, con ilustraciones de Loren Long. Editorial: Editorial Corimbo. Este libro es una aut\u00e9ntica belleza, tanto por el texto de la autora de Buenas noches, luna, como por las tiernas ilustraciones de Loren Long. Cuando sali\u00f3 el sol, el d\u00eda comenz\u00f3. \u00bfQui\u00e9n vio los primeros rayitos del sol? Dijo un conejito: \u201cfui yo, solo yo\u201d. Conejito ir\u00e1 dando los buenos d\u00edas a todas las cosas familiares con las que se encuentra. Un libro po\u00e9tico repleto de dulzura y belleza.<\/p>\n<div id=\"attachment_33743\" style=\"width: 310px\" class=\"wp-caption aligncenter\"><img loading=\"lazy\" decoding=\"async\" aria-describedby=\"caption-attachment-33743\" class=\"wp-image-33743 size-medium\" src=\"https:\/\/www.suavinex.com\/livingsuavinex\/wp-content\/uploads\/2018\/12\/quienesmas-300x300.jpg\" alt=\"quiero cuentos qui\u00e9n es m\u00e1s\" width=\"300\" height=\"300\" srcset=\"https:\/\/www.suavinex.com\/livingsuavinex\/wp-content\/uploads\/2018\/12\/quienesmas-300x300.jpg 300w, https:\/\/www.suavinex.com\/livingsuavinex\/wp-content\/uploads\/2018\/12\/quienesmas-150x150.jpg 150w, https:\/\/www.suavinex.com\/livingsuavinex\/wp-content\/uploads\/2018\/12\/quienesmas-768x769.jpg 768w, https:\/\/www.suavinex.com\/livingsuavinex\/wp-content\/uploads\/2018\/12\/quienesmas-1022x1024.jpg 1022w, https:\/\/www.suavinex.com\/livingsuavinex\/wp-content\/uploads\/2018\/12\/quienesmas-66x66.jpg 66w, https:\/\/www.suavinex.com\/livingsuavinex\/wp-content\/uploads\/2018\/12\/quienesmas-200x200.jpg 200w, https:\/\/www.suavinex.com\/livingsuavinex\/wp-content\/uploads\/2018\/12\/quienesmas-400x401.jpg 400w, https:\/\/www.suavinex.com\/livingsuavinex\/wp-content\/uploads\/2018\/12\/quienesmas-600x601.jpg 600w, https:\/\/www.suavinex.com\/livingsuavinex\/wp-content\/uploads\/2018\/12\/quienesmas-800x801.jpg 800w, https:\/\/www.suavinex.com\/livingsuavinex\/wp-content\/uploads\/2018\/12\/quienesmas.jpg 1198w\" sizes=\"auto, (max-width: 300px) 100vw, 300px\" \/><p id=\"caption-attachment-33743\" class=\"wp-caption-text\"><a href=\"http:\/\/www.editorialjuventud.es\/quien-es-mas-9788426145192\/\" target=\"_blank\" rel=\"noopener noreferrer\">\u00bfQui\u00e9n es m\u00e1s&#8230;?<\/a><\/p><\/div>\n<p><strong>\u00bfQui\u00e9n es m\u00e1s\u2026?<\/strong> Autor: Petr Hor\u00e1cek. Editorial: Editorial Juventud. Un libro con solapas para que los m\u00e1s peque\u00f1os jueguen con los animales. \u00bfQui\u00e9n ser\u00e1 el m\u00e1s escandaloso? \u00bfY el animal m\u00e1s grande? Un libro en carton\u00e9, perfecto para las peque\u00f1as manos de estos \u201cgrandes\u201d lectores.<\/p>\n<div id=\"attachment_33746\" style=\"width: 310px\" class=\"wp-caption aligncenter\"><img loading=\"lazy\" decoding=\"async\" aria-describedby=\"caption-attachment-33746\" class=\"wp-image-33746 size-medium\" src=\"https:\/\/www.suavinex.com\/livingsuavinex\/wp-content\/uploads\/2018\/12\/unodostresqueves-300x239.jpg\" alt=\"quiero cuentos un, dos, tres. \u00bfqu\u00e9 ves?\" width=\"300\" height=\"239\" srcset=\"https:\/\/www.suavinex.com\/livingsuavinex\/wp-content\/uploads\/2018\/12\/unodostresqueves-300x239.jpg 300w, https:\/\/www.suavinex.com\/livingsuavinex\/wp-content\/uploads\/2018\/12\/unodostresqueves.jpg 503w, https:\/\/www.suavinex.com\/livingsuavinex\/wp-content\/uploads\/2018\/12\/unodostresqueves-177x142.jpg 177w, https:\/\/www.suavinex.com\/livingsuavinex\/wp-content\/uploads\/2018\/12\/unodostresqueves-200x159.jpg 200w, https:\/\/www.suavinex.com\/livingsuavinex\/wp-content\/uploads\/2018\/12\/unodostresqueves-400x318.jpg 400w\" sizes=\"auto, (max-width: 300px) 100vw, 300px\" \/><p id=\"caption-attachment-33746\" class=\"wp-caption-text\">Un, dos, tres, \u00bfqu\u00e9 ves?<\/p><\/div>\n<p><strong>Un, dos, tres, \u00bfqu\u00e9 ves?<\/strong> Autora: Nadia Budde. Editorial: Editorial Kalandraka. Un libro donde la ilustraci\u00f3n y el texto forman un t\u00e1ndem perfecto. Con rima, ritmo y musicalidad, permite a los primeros lectores descubrir a los personajes en diferentes actitudes y situaciones, reconociendo imagen con palabra.<\/p>\n<div id=\"attachment_33740\" style=\"width: 218px\" class=\"wp-caption aligncenter\"><img loading=\"lazy\" decoding=\"async\" aria-describedby=\"caption-attachment-33740\" class=\"wp-image-33740 size-medium\" src=\"https:\/\/www.suavinex.com\/livingsuavinex\/wp-content\/uploads\/2018\/12\/miprimerlibrode-208x300.jpg\" alt=\"quiero cuentos mi primer libro de sonidos de animales\" width=\"208\" height=\"300\" srcset=\"https:\/\/www.suavinex.com\/livingsuavinex\/wp-content\/uploads\/2018\/12\/miprimerlibrode-208x300.jpg 208w, https:\/\/www.suavinex.com\/livingsuavinex\/wp-content\/uploads\/2018\/12\/miprimerlibrode-200x289.jpg 200w, https:\/\/www.suavinex.com\/livingsuavinex\/wp-content\/uploads\/2018\/12\/miprimerlibrode.jpg 375w\" sizes=\"auto, (max-width: 208px) 100vw, 208px\" \/><p id=\"caption-attachment-33740\" class=\"wp-caption-text\">Mi primer libro de sonidos de animales<\/p><\/div>\n<p><strong>Mi primer libro de sonidos de animales.<\/strong> Autor: Eric Carle. Editorial: Editorial K\u00f3kinos. Eric Carle es una apuesta segura en cuanto a literatura infantil se refiere. En este caso, os presento un libro juego en el que se tendr\u00e1 que unir el animal con el sonido que hace y despu\u00e9s jugar a imitarlo. \u00bfQu\u00e9 hace el perro? \u00bfY el pato? \u00bfY la vaca o el b\u00faho? Os animo a jugar utilizando diferentes tonos de voz. O primero el adulto y luego el ni\u00f1o, o todos juntos&#8230; lo importante es divertirse leyendo.<\/p>\n<div id=\"attachment_33756\" style=\"width: 310px\" class=\"wp-caption aligncenter\"><img loading=\"lazy\" decoding=\"async\" aria-describedby=\"caption-attachment-33756\" class=\"wp-image-33756 size-medium\" src=\"https:\/\/www.suavinex.com\/livingsuavinex\/wp-content\/uploads\/2018\/12\/haynunlobo-1-300x300.jpg\" alt=\"quiero cuentos hay un lobo\" width=\"300\" height=\"300\" srcset=\"https:\/\/www.suavinex.com\/livingsuavinex\/wp-content\/uploads\/2018\/12\/haynunlobo-1-300x300.jpg 300w, https:\/\/www.suavinex.com\/livingsuavinex\/wp-content\/uploads\/2018\/12\/haynunlobo-1-150x150.jpg 150w, https:\/\/www.suavinex.com\/livingsuavinex\/wp-content\/uploads\/2018\/12\/haynunlobo-1-768x768.jpg 768w, https:\/\/www.suavinex.com\/livingsuavinex\/wp-content\/uploads\/2018\/12\/haynunlobo-1-1024x1024.jpg 1024w, https:\/\/www.suavinex.com\/livingsuavinex\/wp-content\/uploads\/2018\/12\/haynunlobo-1-66x66.jpg 66w, https:\/\/www.suavinex.com\/livingsuavinex\/wp-content\/uploads\/2018\/12\/haynunlobo-1-200x200.jpg 200w, https:\/\/www.suavinex.com\/livingsuavinex\/wp-content\/uploads\/2018\/12\/haynunlobo-1-400x400.jpg 400w, https:\/\/www.suavinex.com\/livingsuavinex\/wp-content\/uploads\/2018\/12\/haynunlobo-1-600x600.jpg 600w, https:\/\/www.suavinex.com\/livingsuavinex\/wp-content\/uploads\/2018\/12\/haynunlobo-1-800x800.jpg 800w, https:\/\/www.suavinex.com\/livingsuavinex\/wp-content\/uploads\/2018\/12\/haynunlobo-1-1200x1200.jpg 1200w\" sizes=\"auto, (max-width: 300px) 100vw, 300px\" \/><p id=\"caption-attachment-33756\" class=\"wp-caption-text\"><a href=\"http:\/\/www.loguezediciones.es\/libro\/ver_libro_coleccion?id=321\" target=\"_blank\" rel=\"noopener noreferrer\">\u00a1Hay un lobo!<\/a><\/p><\/div>\n<p><strong>\u00a1Hay un lobo!<\/strong> Autor: Matthieu Maudet. Editorial: L\u00f3guez Ediciones. No te lo vas a creer pero realmente he visto a un lobo. \u00bfD\u00f3nde? Aqu\u00ed mismo, en plena calle, a la vuelta de la esquina\u2026 Los p\u00e1jaros advierten al resto de animales que hay un lobo all\u00ed cerca, comi\u00e9ndose un rico bocadillo, pero a saber que intenciones tiene\u2026 Un divertido cuento con mucho colorido.<\/p>\n","protected":false},"excerpt":{"rendered":"Patricia del Castillo, experta en literatura infantil y autora de Trastadas de mam\u00e1. Queridos Reyes Magos, este a\u00f1o quiero ranas de boca grande, piratas que no tengan miedo a la oscuridad y acudir al Concierto del Orinal. Quiero aprender sonidos nuevos de animales, averiguar cu\u00e1l es m\u00e1s grande, ser valiente&#8230; <a class=\"view-article\" href=\"https:\/\/www.suavinex.com\/livingsuavinex\/queridos-reyes-quiero-cuentos-patricia-del-castillo\/\">Ver art\u00edculo<\/a>","protected":false},"author":295,"featured_media":33759,"comment_status":"open","ping_status":"open","sticky":false,"template":"","format":"standard","meta":{"inline_featured_image":false,"footnotes":""},"categories":[2274],"tags":[2223,12,1377],"class_list":["post-33736","post","type-post","status-publish","format-standard","has-post-thumbnail","hentry","category-planes-familia","tag-educacion","tag-hijos","tag-ocio-en-familia"],"yoast_head":"<!-- This site is optimized with the Yoast SEO plugin v26.8 - https:\/\/yoast.com\/product\/yoast-seo-wordpress\/ -->\n<title>Queridos Reyes Magos, este a\u00f1o quiero cuentos por Patricia del Castillo<\/title>\n<meta name=\"description\" content=\"\u00bfBuscas lecturas para los m\u00e1s peque\u00f1os? No te pierdas la recomendaciones de Patricia de Castillo. Quiero cuentos para Navidad.\" \/>\n<meta name=\"robots\" content=\"index, follow, max-snippet:-1, max-image-preview:large, max-video-preview:-1\" \/>\n<link rel=\"canonical\" href=\"https:\/\/www.suavinex.com\/livingsuavinex\/queridos-reyes-quiero-cuentos-patricia-del-castillo\/\" \/>\n<meta property=\"og:locale\" content=\"es_ES\" \/>\n<meta property=\"og:type\" content=\"article\" \/>\n<meta property=\"og:title\" content=\"Queridos Reyes Magos, este a\u00f1o quiero cuentos por Patricia del Castillo\" \/>\n<meta property=\"og:description\" content=\"\u00bfBuscas lecturas para los m\u00e1s peque\u00f1os? No te pierdas la recomendaciones de Patricia de Castillo. Quiero cuentos para Navidad.\" \/>\n<meta property=\"og:url\" content=\"https:\/\/www.suavinex.com\/livingsuavinex\/queridos-reyes-quiero-cuentos-patricia-del-castillo\/\" \/>\n<meta property=\"og:site_name\" content=\"Living Suavinex\" \/>\n<meta property=\"article:publisher\" content=\"https:\/\/www.facebook.com\/SuavinexSpain\" \/>\n<meta property=\"article:published_time\" content=\"2018-12-03T23:06:02+00:00\" \/>\n<meta property=\"article:modified_time\" content=\"2022-11-14T19:59:38+00:00\" \/>\n<meta property=\"og:image\" content=\"https:\/\/www.suavinex.com\/livingsuavinex\/wp-content\/uploads\/2018\/12\/madre-hija-leer-quiero-cuentos.jpg\" \/>\n\t<meta property=\"og:image:width\" content=\"800\" \/>\n\t<meta property=\"og:image:height\" content=\"481\" \/>\n\t<meta property=\"og:image:type\" content=\"image\/jpeg\" \/>\n<meta name=\"author\" content=\"Suavinex Central\" \/>\n<meta name=\"twitter:card\" content=\"summary_large_image\" \/>\n<meta name=\"twitter:creator\" content=\"@SuavinexSpain\" \/>\n<meta name=\"twitter:site\" content=\"@SuavinexSpain\" \/>\n<meta name=\"twitter:label1\" content=\"Escrito por\" \/>\n\t<meta name=\"twitter:data1\" content=\"Suavinex Central\" \/>\n\t<meta name=\"twitter:label2\" content=\"Tiempo de lectura\" \/>\n\t<meta name=\"twitter:data2\" content=\"5 minutos\" \/>\n<script type=\"application\/ld+json\" class=\"yoast-schema-graph\">{\"@context\":\"https:\/\/schema.org\",\"@graph\":[{\"@type\":\"Article\",\"@id\":\"https:\/\/www.suavinex.com\/livingsuavinex\/queridos-reyes-quiero-cuentos-patricia-del-castillo\/#article\",\"isPartOf\":{\"@id\":\"https:\/\/www.suavinex.com\/livingsuavinex\/queridos-reyes-quiero-cuentos-patricia-del-castillo\/\"},\"author\":{\"name\":\"Suavinex Central\",\"@id\":\"https:\/\/www.suavinex.com\/livingsuavinex\/#\/schema\/person\/836d83f4b1821b11b7b47cffd08f1ecb\"},\"headline\":\"Queridos Reyes Magos, este a\u00f1o quiero cuentos por Patricia del Castillo\",\"datePublished\":\"2018-12-03T23:06:02+00:00\",\"dateModified\":\"2022-11-14T19:59:38+00:00\",\"mainEntityOfPage\":{\"@id\":\"https:\/\/www.suavinex.com\/livingsuavinex\/queridos-reyes-quiero-cuentos-patricia-del-castillo\/\"},\"wordCount\":980,\"commentCount\":0,\"publisher\":{\"@id\":\"https:\/\/www.suavinex.com\/livingsuavinex\/#organization\"},\"image\":{\"@id\":\"https:\/\/www.suavinex.com\/livingsuavinex\/queridos-reyes-quiero-cuentos-patricia-del-castillo\/#primaryimage\"},\"thumbnailUrl\":\"https:\/\/www.suavinex.com\/livingsuavinex\/wp-content\/uploads\/2018\/12\/madre-hija-leer-quiero-cuentos.jpg\",\"keywords\":[\"Educaci\u00f3n\",\"Hijos\",\"Ocio en familia\"],\"articleSection\":[\"Planes en familia\"],\"inLanguage\":\"es\"},{\"@type\":\"WebPage\",\"@id\":\"https:\/\/www.suavinex.com\/livingsuavinex\/queridos-reyes-quiero-cuentos-patricia-del-castillo\/\",\"url\":\"https:\/\/www.suavinex.com\/livingsuavinex\/queridos-reyes-quiero-cuentos-patricia-del-castillo\/\",\"name\":\"Queridos Reyes Magos, este a\u00f1o quiero cuentos por Patricia del Castillo\",\"isPartOf\":{\"@id\":\"https:\/\/www.suavinex.com\/livingsuavinex\/#website\"},\"primaryImageOfPage\":{\"@id\":\"https:\/\/www.suavinex.com\/livingsuavinex\/queridos-reyes-quiero-cuentos-patricia-del-castillo\/#primaryimage\"},\"image\":{\"@id\":\"https:\/\/www.suavinex.com\/livingsuavinex\/queridos-reyes-quiero-cuentos-patricia-del-castillo\/#primaryimage\"},\"thumbnailUrl\":\"https:\/\/www.suavinex.com\/livingsuavinex\/wp-content\/uploads\/2018\/12\/madre-hija-leer-quiero-cuentos.jpg\",\"datePublished\":\"2018-12-03T23:06:02+00:00\",\"dateModified\":\"2022-11-14T19:59:38+00:00\",\"description\":\"\u00bfBuscas lecturas para los m\u00e1s peque\u00f1os? No te pierdas la recomendaciones de Patricia de Castillo. Quiero cuentos para Navidad.\",\"breadcrumb\":{\"@id\":\"https:\/\/www.suavinex.com\/livingsuavinex\/queridos-reyes-quiero-cuentos-patricia-del-castillo\/#breadcrumb\"},\"inLanguage\":\"es\",\"potentialAction\":[{\"@type\":\"ReadAction\",\"target\":[\"https:\/\/www.suavinex.com\/livingsuavinex\/queridos-reyes-quiero-cuentos-patricia-del-castillo\/\"]}]},{\"@type\":\"ImageObject\",\"inLanguage\":\"es\",\"@id\":\"https:\/\/www.suavinex.com\/livingsuavinex\/queridos-reyes-quiero-cuentos-patricia-del-castillo\/#primaryimage\",\"url\":\"https:\/\/www.suavinex.com\/livingsuavinex\/wp-content\/uploads\/2018\/12\/madre-hija-leer-quiero-cuentos.jpg\",\"contentUrl\":\"https:\/\/www.suavinex.com\/livingsuavinex\/wp-content\/uploads\/2018\/12\/madre-hija-leer-quiero-cuentos.jpg\",\"width\":800,\"height\":481,\"caption\":\"madre hija leer quiero cuentos\"},{\"@type\":\"BreadcrumbList\",\"@id\":\"https:\/\/www.suavinex.com\/livingsuavinex\/queridos-reyes-quiero-cuentos-patricia-del-castillo\/#breadcrumb\",\"itemListElement\":[{\"@type\":\"ListItem\",\"position\":1,\"name\":\"Portada\",\"item\":\"https:\/\/www.suavinex.com\/livingsuavinex\/\"},{\"@type\":\"ListItem\",\"position\":2,\"name\":\"Queridos Reyes Magos, este a\u00f1o quiero cuentos por Patricia del Castillo\"}]},{\"@type\":\"WebSite\",\"@id\":\"https:\/\/www.suavinex.com\/livingsuavinex\/#website\",\"url\":\"https:\/\/www.suavinex.com\/livingsuavinex\/\",\"name\":\"Living Suavinex\",\"description\":\"| Familias reales\",\"publisher\":{\"@id\":\"https:\/\/www.suavinex.com\/livingsuavinex\/#organization\"},\"potentialAction\":[{\"@type\":\"SearchAction\",\"target\":{\"@type\":\"EntryPoint\",\"urlTemplate\":\"https:\/\/www.suavinex.com\/livingsuavinex\/?s={search_term_string}\"},\"query-input\":{\"@type\":\"PropertyValueSpecification\",\"valueRequired\":true,\"valueName\":\"search_term_string\"}}],\"inLanguage\":\"es\"},{\"@type\":\"Organization\",\"@id\":\"https:\/\/www.suavinex.com\/livingsuavinex\/#organization\",\"name\":\"Suavinex\",\"url\":\"https:\/\/www.suavinex.com\/livingsuavinex\/\",\"logo\":{\"@type\":\"ImageObject\",\"inLanguage\":\"es\",\"@id\":\"https:\/\/www.suavinex.com\/livingsuavinex\/#\/schema\/logo\/image\/\",\"url\":\"https:\/\/www.suavinex.com\/livingsuavinex\/wp-content\/uploads\/2018\/07\/living_sx_logo_mvl.png\",\"contentUrl\":\"https:\/\/www.suavinex.com\/livingsuavinex\/wp-content\/uploads\/2018\/07\/living_sx_logo_mvl.png\",\"width\":350,\"height\":70,\"caption\":\"Suavinex\"},\"image\":{\"@id\":\"https:\/\/www.suavinex.com\/livingsuavinex\/#\/schema\/logo\/image\/\"},\"sameAs\":[\"https:\/\/www.facebook.com\/SuavinexSpain\",\"https:\/\/x.com\/SuavinexSpain\",\"https:\/\/www.instagram.com\/suavinex_spain\/\",\"https:\/\/www.pinterest.es\/SuavinexSpain\/\",\"https:\/\/www.youtube.com\/channel\/UCgeJREx2R_ZvV2aQMrfWgcA\"]},{\"@type\":\"Person\",\"@id\":\"https:\/\/www.suavinex.com\/livingsuavinex\/#\/schema\/person\/836d83f4b1821b11b7b47cffd08f1ecb\",\"name\":\"Suavinex Central\",\"image\":{\"@type\":\"ImageObject\",\"inLanguage\":\"es\",\"@id\":\"https:\/\/www.suavinex.com\/livingsuavinex\/#\/schema\/person\/image\/\",\"url\":\"https:\/\/secure.gravatar.com\/avatar\/bd43680b784882668035add29f959967?s=96&d=mm&r=g\",\"contentUrl\":\"https:\/\/secure.gravatar.com\/avatar\/bd43680b784882668035add29f959967?s=96&d=mm&r=g\",\"caption\":\"Suavinex Central\"}}]}<\/script>\n<!-- \/ Yoast SEO plugin. -->","yoast_head_json":{"title":"Queridos Reyes Magos, este a\u00f1o quiero cuentos por Patricia del Castillo","description":"\u00bfBuscas lecturas para los m\u00e1s peque\u00f1os? No te pierdas la recomendaciones de Patricia de Castillo. Quiero cuentos para Navidad.","robots":{"index":"index","follow":"follow","max-snippet":"max-snippet:-1","max-image-preview":"max-image-preview:large","max-video-preview":"max-video-preview:-1"},"canonical":"https:\/\/www.suavinex.com\/livingsuavinex\/queridos-reyes-quiero-cuentos-patricia-del-castillo\/","og_locale":"es_ES","og_type":"article","og_title":"Queridos Reyes Magos, este a\u00f1o quiero cuentos por Patricia del Castillo","og_description":"\u00bfBuscas lecturas para los m\u00e1s peque\u00f1os? No te pierdas la recomendaciones de Patricia de Castillo. Quiero cuentos para Navidad.","og_url":"https:\/\/www.suavinex.com\/livingsuavinex\/queridos-reyes-quiero-cuentos-patricia-del-castillo\/","og_site_name":"Living Suavinex","article_publisher":"https:\/\/www.facebook.com\/SuavinexSpain","article_published_time":"2018-12-03T23:06:02+00:00","article_modified_time":"2022-11-14T19:59:38+00:00","og_image":[{"width":800,"height":481,"url":"https:\/\/www.suavinex.com\/livingsuavinex\/wp-content\/uploads\/2018\/12\/madre-hija-leer-quiero-cuentos.jpg","type":"image\/jpeg"}],"author":"Suavinex Central","twitter_card":"summary_large_image","twitter_creator":"@SuavinexSpain","twitter_site":"@SuavinexSpain","twitter_misc":{"Escrito por":"Suavinex Central","Tiempo de lectura":"5 minutos"},"schema":{"@context":"https:\/\/schema.org","@graph":[{"@type":"Article","@id":"https:\/\/www.suavinex.com\/livingsuavinex\/queridos-reyes-quiero-cuentos-patricia-del-castillo\/#article","isPartOf":{"@id":"https:\/\/www.suavinex.com\/livingsuavinex\/queridos-reyes-quiero-cuentos-patricia-del-castillo\/"},"author":{"name":"Suavinex Central","@id":"https:\/\/www.suavinex.com\/livingsuavinex\/#\/schema\/person\/836d83f4b1821b11b7b47cffd08f1ecb"},"headline":"Queridos Reyes Magos, este a\u00f1o quiero cuentos por Patricia del Castillo","datePublished":"2018-12-03T23:06:02+00:00","dateModified":"2022-11-14T19:59:38+00:00","mainEntityOfPage":{"@id":"https:\/\/www.suavinex.com\/livingsuavinex\/queridos-reyes-quiero-cuentos-patricia-del-castillo\/"},"wordCount":980,"commentCount":0,"publisher":{"@id":"https:\/\/www.suavinex.com\/livingsuavinex\/#organization"},"image":{"@id":"https:\/\/www.suavinex.com\/livingsuavinex\/queridos-reyes-quiero-cuentos-patricia-del-castillo\/#primaryimage"},"thumbnailUrl":"https:\/\/www.suavinex.com\/livingsuavinex\/wp-content\/uploads\/2018\/12\/madre-hija-leer-quiero-cuentos.jpg","keywords":["Educaci\u00f3n","Hijos","Ocio en familia"],"articleSection":["Planes en familia"],"inLanguage":"es"},{"@type":"WebPage","@id":"https:\/\/www.suavinex.com\/livingsuavinex\/queridos-reyes-quiero-cuentos-patricia-del-castillo\/","url":"https:\/\/www.suavinex.com\/livingsuavinex\/queridos-reyes-quiero-cuentos-patricia-del-castillo\/","name":"Queridos Reyes Magos, este a\u00f1o quiero cuentos por Patricia del Castillo","isPartOf":{"@id":"https:\/\/www.suavinex.com\/livingsuavinex\/#website"},"primaryImageOfPage":{"@id":"https:\/\/www.suavinex.com\/livingsuavinex\/queridos-reyes-quiero-cuentos-patricia-del-castillo\/#primaryimage"},"image":{"@id":"https:\/\/www.suavinex.com\/livingsuavinex\/queridos-reyes-quiero-cuentos-patricia-del-castillo\/#primaryimage"},"thumbnailUrl":"https:\/\/www.suavinex.com\/livingsuavinex\/wp-content\/uploads\/2018\/12\/madre-hija-leer-quiero-cuentos.jpg","datePublished":"2018-12-03T23:06:02+00:00","dateModified":"2022-11-14T19:59:38+00:00","description":"\u00bfBuscas lecturas para los m\u00e1s peque\u00f1os? No te pierdas la recomendaciones de Patricia de Castillo. Quiero cuentos para Navidad.","breadcrumb":{"@id":"https:\/\/www.suavinex.com\/livingsuavinex\/queridos-reyes-quiero-cuentos-patricia-del-castillo\/#breadcrumb"},"inLanguage":"es","potentialAction":[{"@type":"ReadAction","target":["https:\/\/www.suavinex.com\/livingsuavinex\/queridos-reyes-quiero-cuentos-patricia-del-castillo\/"]}]},{"@type":"ImageObject","inLanguage":"es","@id":"https:\/\/www.suavinex.com\/livingsuavinex\/queridos-reyes-quiero-cuentos-patricia-del-castillo\/#primaryimage","url":"https:\/\/www.suavinex.com\/livingsuavinex\/wp-content\/uploads\/2018\/12\/madre-hija-leer-quiero-cuentos.jpg","contentUrl":"https:\/\/www.suavinex.com\/livingsuavinex\/wp-content\/uploads\/2018\/12\/madre-hija-leer-quiero-cuentos.jpg","width":800,"height":481,"caption":"madre hija leer quiero cuentos"},{"@type":"BreadcrumbList","@id":"https:\/\/www.suavinex.com\/livingsuavinex\/queridos-reyes-quiero-cuentos-patricia-del-castillo\/#breadcrumb","itemListElement":[{"@type":"ListItem","position":1,"name":"Portada","item":"https:\/\/www.suavinex.com\/livingsuavinex\/"},{"@type":"ListItem","position":2,"name":"Queridos Reyes Magos, este a\u00f1o quiero cuentos por Patricia del Castillo"}]},{"@type":"WebSite","@id":"https:\/\/www.suavinex.com\/livingsuavinex\/#website","url":"https:\/\/www.suavinex.com\/livingsuavinex\/","name":"Living Suavinex","description":"| Familias reales","publisher":{"@id":"https:\/\/www.suavinex.com\/livingsuavinex\/#organization"},"potentialAction":[{"@type":"SearchAction","target":{"@type":"EntryPoint","urlTemplate":"https:\/\/www.suavinex.com\/livingsuavinex\/?s={search_term_string}"},"query-input":{"@type":"PropertyValueSpecification","valueRequired":true,"valueName":"search_term_string"}}],"inLanguage":"es"},{"@type":"Organization","@id":"https:\/\/www.suavinex.com\/livingsuavinex\/#organization","name":"Suavinex","url":"https:\/\/www.suavinex.com\/livingsuavinex\/","logo":{"@type":"ImageObject","inLanguage":"es","@id":"https:\/\/www.suavinex.com\/livingsuavinex\/#\/schema\/logo\/image\/","url":"https:\/\/www.suavinex.com\/livingsuavinex\/wp-content\/uploads\/2018\/07\/living_sx_logo_mvl.png","contentUrl":"https:\/\/www.suavinex.com\/livingsuavinex\/wp-content\/uploads\/2018\/07\/living_sx_logo_mvl.png","width":350,"height":70,"caption":"Suavinex"},"image":{"@id":"https:\/\/www.suavinex.com\/livingsuavinex\/#\/schema\/logo\/image\/"},"sameAs":["https:\/\/www.facebook.com\/SuavinexSpain","https:\/\/x.com\/SuavinexSpain","https:\/\/www.instagram.com\/suavinex_spain\/","https:\/\/www.pinterest.es\/SuavinexSpain\/","https:\/\/www.youtube.com\/channel\/UCgeJREx2R_ZvV2aQMrfWgcA"]},{"@type":"Person","@id":"https:\/\/www.suavinex.com\/livingsuavinex\/#\/schema\/person\/836d83f4b1821b11b7b47cffd08f1ecb","name":"Suavinex Central","image":{"@type":"ImageObject","inLanguage":"es","@id":"https:\/\/www.suavinex.com\/livingsuavinex\/#\/schema\/person\/image\/","url":"https:\/\/secure.gravatar.com\/avatar\/bd43680b784882668035add29f959967?s=96&d=mm&r=g","contentUrl":"https:\/\/secure.gravatar.com\/avatar\/bd43680b784882668035add29f959967?s=96&d=mm&r=g","caption":"Suavinex Central"}}]}},"_links":{"self":[{"href":"https:\/\/www.suavinex.com\/livingsuavinex\/wp-json\/wp\/v2\/posts\/33736","targetHints":{"allow":["GET"]}}],"collection":[{"href":"https:\/\/www.suavinex.com\/livingsuavinex\/wp-json\/wp\/v2\/posts"}],"about":[{"href":"https:\/\/www.suavinex.com\/livingsuavinex\/wp-json\/wp\/v2\/types\/post"}],"author":[{"embeddable":true,"href":"https:\/\/www.suavinex.com\/livingsuavinex\/wp-json\/wp\/v2\/users\/295"}],"replies":[{"embeddable":true,"href":"https:\/\/www.suavinex.com\/livingsuavinex\/wp-json\/wp\/v2\/comments?post=33736"}],"version-history":[{"count":22,"href":"https:\/\/www.suavinex.com\/livingsuavinex\/wp-json\/wp\/v2\/posts\/33736\/revisions"}],"predecessor-version":[{"id":43507,"href":"https:\/\/www.suavinex.com\/livingsuavinex\/wp-json\/wp\/v2\/posts\/33736\/revisions\/43507"}],"wp:featuredmedia":[{"embeddable":true,"href":"https:\/\/www.suavinex.com\/livingsuavinex\/wp-json\/wp\/v2\/media\/33759"}],"wp:attachment":[{"href":"https:\/\/www.suavinex.com\/livingsuavinex\/wp-json\/wp\/v2\/media?parent=33736"}],"wp:term":[{"taxonomy":"category","embeddable":true,"href":"https:\/\/www.suavinex.com\/livingsuavinex\/wp-json\/wp\/v2\/categories?post=33736"},{"taxonomy":"post_tag","embeddable":true,"href":"https:\/\/www.suavinex.com\/livingsuavinex\/wp-json\/wp\/v2\/tags?post=33736"}],"curies":[{"name":"wp","href":"https:\/\/api.w.org\/{rel}","templated":true}]}}