{"id":3370,"date":"2012-07-03T08:44:21","date_gmt":"2012-07-03T06:44:21","guid":{"rendered":"https:\/\/www.suavinex.com\/livingsuavinex\/?p=3370"},"modified":"2019-07-23T11:31:04","modified_gmt":"2019-07-23T09:31:04","slug":"verano_alemana","status":"publish","type":"post","link":"https:\/\/www.suavinex.com\/livingsuavinex\/verano_alemana\/","title":{"rendered":"Un verano a la alemana"},"content":{"rendered":"<p style=\"text-align: justify;\">Cuando yo me vine para Alemania llevaba <strong>exceso de equipaje<\/strong>. Con kilos y kilos de ropa de abrigo, mi madre me equip\u00f3 como para irme a esquiar p\u00e1 siempre. Y es verdad que <strong>aqu\u00ed el invierno es terrible<\/strong>: nieve, nieve, nieve, oscuridad permanente, -26\u00ba, nieve, oscuridad permanente y ya. Pero es invierno&#8230; y todos los <strong>alema\u00f1oles<\/strong>, por mucho que nos repatee que nos contesten con un \u201eUy, aqu\u00ed tambi\u00e9n hace mucho fr\u00edo, no te creas\u201c cada vez que respondemos al interrogatorio tel\u00e9fonico de rigor con un \u201eestamos a -23\u00ba&#8230;\u201c, acabamos poniendo el chip y asumiendo que, durante muchos meses, es lo que hay. Lo que los que no viven por el norte no saben, es que el <strong>verano <\/strong>(ejem&#8230;) es much\u00edsimo peor. No hay ni chip que valga.<\/p>\n<p style=\"text-align: justify;\">Despu\u00e9s de un a\u00f1o por aqu\u00ed, te descubres adicta a todos los <strong>canales meteorol\u00f3gicos<\/strong> del mundo mundial. Sabes en cu\u00e1les predicen m\u00e1s sol y en cu\u00e1les son capaces de anunciar nieve a mediados de mayo. Y tambi\u00e9n sabes que todos mienten.<\/p>\n<h2 style=\"text-align: justify;\">El verano alem\u00e1n es un deporte de riesgo<\/h2>\n<p style=\"text-align: justify;\">Es vivir en una incertidumbre constante.\u00a0 Improvisarse o morir.<\/p>\n<p style=\"text-align: justify;\">Porque un d\u00eda sales de casa con sandalias, vestidito y tres kilos de autobronceador en esas piernas transparentosas y pel\u00edn avergonzantes que, en cambio, las alemanas lucen sin pudor (y sin dolor, que aqu\u00ed lo de la depilaci\u00f3n se estila poco); porque s\u00ed, porque es julio, porque el sol lleva d\u00e1ndote en la cara (y los pajarillos en los t\u00edmpanos) desde las 4 de la ma\u00f1ana y porque AccuWeather ha dicho que hoy ser\u00e1 verano&#8230; pero por la tarde, una nube apocal\u00edptica y 10\u00ba menos de sopet\u00f3n, te regalan una pulmon\u00eda. O al rev\u00e9s.<\/p>\n<p style=\"text-align: justify;\">Como bien habr\u00e1n imaginado, con ni\u00f1os esto es una tortura. Vale que yo me ahorro los cambios estacionales de armario y que mi madre no puede llamarme desatre por combinar los trajes de nieve con las sudaderas en el perchero, pero pensar en esto como algo positivo es como agarrarse un clavo ardiendo&#8230;<\/p>\n<p style=\"text-align: justify;\">Nunca sabes si atreverte con una fiesta de cumplea\u00f1os en condiciones, no vaya a ser que tengas que encerrar a 15 minifutbolistas en tu sal\u00f3n. Nunca sabes si vas a poder mantener tus promesas de chapoteos pisciniles, ni si comprar helado o huesos para un cocido. Salir de excursi\u00f3n supone cargar el coche con tres modelos de ropa y 3 pares de zapatos. Para cada uno.<\/p>\n<p style=\"text-align: justify;\">Recapitulando despu\u00e9s de 8 a\u00f1os por estos lares, empiezas a entender que quiz\u00e1s la <strong>sandilia + calcet\u00edn<\/strong> no es por horteras (\u00bfno lo es?), sino por amortizaci\u00f3n de calzado veraniego a cualquier precio; y por qu\u00e9 los Alemanes huyen a MaLorca a tostarse en manada. Todo el d\u00eda. Todos los d\u00edas.<\/p>\n<p style=\"text-align: justify;\">Yo, como buena espa\u00f1ola <strong>antes muerta que calcetines al aire<\/strong> pero&#8230; <strong>\u00bfA que adivin\u00e1is ad\u00f3nde nos vamos de vacaciones este a\u00f1o?<\/strong><\/p>\n<p style=\"text-align: justify;\">F\u00e1tima Casaseca<\/p>\n","protected":false},"excerpt":{"rendered":"Cuando yo me vine para Alemania llevaba exceso de equipaje. Con kilos y kilos de ropa de abrigo, mi madre me equip\u00f3 como para irme a esquiar p\u00e1 siempre. Y es verdad que aqu\u00ed el invierno es terrible: nieve, nieve, nieve, oscuridad permanente, -26\u00ba, nieve, oscuridad permanente y ya. Pero&#8230; <a class=\"view-article\" href=\"https:\/\/www.suavinex.com\/livingsuavinex\/verano_alemana\/\">Ver art\u00edculo<\/a>","protected":false},"author":288,"featured_media":22977,"comment_status":"open","ping_status":"open","sticky":false,"template":"","format":"standard","meta":{"inline_featured_image":false,"footnotes":""},"categories":[2272],"tags":[9],"class_list":["post-3370","post","type-post","status-publish","format-standard","has-post-thumbnail","hentry","category-tips-crianza","tag-maternidad"],"yoast_head":"<!-- This site is optimized with the Yoast SEO plugin v26.8 - https:\/\/yoast.com\/product\/yoast-seo-wordpress\/ -->\n<title>Un verano a la alemana<\/title>\n<meta name=\"description\" content=\"Despu\u00e9s de un a\u00f1o por aqu\u00ed, te descubres adicta a todos los canales meteorol\u00f3gicos del mundo mundial. Siempre deseando que llegue el verano\" \/>\n<meta name=\"robots\" content=\"index, follow, max-snippet:-1, max-image-preview:large, max-video-preview:-1\" \/>\n<link rel=\"canonical\" href=\"https:\/\/www.suavinex.com\/livingsuavinex\/verano_alemana\/\" \/>\n<meta property=\"og:locale\" content=\"es_ES\" \/>\n<meta property=\"og:type\" content=\"article\" \/>\n<meta property=\"og:title\" content=\"Un verano a la alemana\" \/>\n<meta property=\"og:description\" content=\"Despu\u00e9s de un a\u00f1o por aqu\u00ed, te descubres adicta a todos los canales meteorol\u00f3gicos del mundo mundial. Siempre deseando que llegue el verano\" \/>\n<meta property=\"og:url\" content=\"https:\/\/www.suavinex.com\/livingsuavinex\/verano_alemana\/\" \/>\n<meta property=\"og:site_name\" content=\"Living Suavinex\" \/>\n<meta property=\"article:publisher\" content=\"https:\/\/www.facebook.com\/SuavinexSpain\" \/>\n<meta property=\"article:published_time\" content=\"2012-07-03T06:44:21+00:00\" \/>\n<meta property=\"article:modified_time\" content=\"2019-07-23T09:31:04+00:00\" \/>\n<meta property=\"og:image\" content=\"https:\/\/www.suavinex.com\/livingsuavinex\/wp-content\/uploads\/2012\/07\/verano-alemana-opt.jpg\" \/>\n\t<meta property=\"og:image:width\" content=\"876\" \/>\n\t<meta property=\"og:image:height\" content=\"522\" \/>\n\t<meta property=\"og:image:type\" content=\"image\/jpeg\" \/>\n<meta name=\"author\" content=\"Living Suavinex\" \/>\n<meta name=\"twitter:card\" content=\"summary_large_image\" \/>\n<meta name=\"twitter:creator\" content=\"@SuavinexSpain\" \/>\n<meta name=\"twitter:site\" content=\"@SuavinexSpain\" \/>\n<meta name=\"twitter:label1\" content=\"Escrito por\" \/>\n\t<meta name=\"twitter:data1\" content=\"Living Suavinex\" \/>\n\t<meta name=\"twitter:label2\" content=\"Tiempo de lectura\" \/>\n\t<meta name=\"twitter:data2\" content=\"3 minutos\" \/>\n<script type=\"application\/ld+json\" class=\"yoast-schema-graph\">{\"@context\":\"https:\/\/schema.org\",\"@graph\":[{\"@type\":\"Article\",\"@id\":\"https:\/\/www.suavinex.com\/livingsuavinex\/verano_alemana\/#article\",\"isPartOf\":{\"@id\":\"https:\/\/www.suavinex.com\/livingsuavinex\/verano_alemana\/\"},\"author\":{\"name\":\"Living Suavinex\",\"@id\":\"https:\/\/www.suavinex.com\/livingsuavinex\/#\/schema\/person\/64fd7b62c88b0024a3ceeffb47f07eb6\"},\"headline\":\"Un verano a la alemana\",\"datePublished\":\"2012-07-03T06:44:21+00:00\",\"dateModified\":\"2019-07-23T09:31:04+00:00\",\"mainEntityOfPage\":{\"@id\":\"https:\/\/www.suavinex.com\/livingsuavinex\/verano_alemana\/\"},\"wordCount\":512,\"commentCount\":20,\"publisher\":{\"@id\":\"https:\/\/www.suavinex.com\/livingsuavinex\/#organization\"},\"image\":{\"@id\":\"https:\/\/www.suavinex.com\/livingsuavinex\/verano_alemana\/#primaryimage\"},\"thumbnailUrl\":\"https:\/\/www.suavinex.com\/livingsuavinex\/wp-content\/uploads\/2012\/07\/verano-alemana-opt.jpg\",\"keywords\":[\"Maternidad\"],\"articleSection\":[\"Tips de crianza\"],\"inLanguage\":\"es\"},{\"@type\":\"WebPage\",\"@id\":\"https:\/\/www.suavinex.com\/livingsuavinex\/verano_alemana\/\",\"url\":\"https:\/\/www.suavinex.com\/livingsuavinex\/verano_alemana\/\",\"name\":\"Un verano a la alemana\",\"isPartOf\":{\"@id\":\"https:\/\/www.suavinex.com\/livingsuavinex\/#website\"},\"primaryImageOfPage\":{\"@id\":\"https:\/\/www.suavinex.com\/livingsuavinex\/verano_alemana\/#primaryimage\"},\"image\":{\"@id\":\"https:\/\/www.suavinex.com\/livingsuavinex\/verano_alemana\/#primaryimage\"},\"thumbnailUrl\":\"https:\/\/www.suavinex.com\/livingsuavinex\/wp-content\/uploads\/2012\/07\/verano-alemana-opt.jpg\",\"datePublished\":\"2012-07-03T06:44:21+00:00\",\"dateModified\":\"2019-07-23T09:31:04+00:00\",\"description\":\"Despu\u00e9s de un a\u00f1o por aqu\u00ed, te descubres adicta a todos los canales meteorol\u00f3gicos del mundo mundial. Siempre deseando que llegue el verano\",\"breadcrumb\":{\"@id\":\"https:\/\/www.suavinex.com\/livingsuavinex\/verano_alemana\/#breadcrumb\"},\"inLanguage\":\"es\",\"potentialAction\":[{\"@type\":\"ReadAction\",\"target\":[\"https:\/\/www.suavinex.com\/livingsuavinex\/verano_alemana\/\"]}]},{\"@type\":\"ImageObject\",\"inLanguage\":\"es\",\"@id\":\"https:\/\/www.suavinex.com\/livingsuavinex\/verano_alemana\/#primaryimage\",\"url\":\"https:\/\/www.suavinex.com\/livingsuavinex\/wp-content\/uploads\/2012\/07\/verano-alemana-opt.jpg\",\"contentUrl\":\"https:\/\/www.suavinex.com\/livingsuavinex\/wp-content\/uploads\/2012\/07\/verano-alemana-opt.jpg\",\"width\":876,\"height\":522},{\"@type\":\"BreadcrumbList\",\"@id\":\"https:\/\/www.suavinex.com\/livingsuavinex\/verano_alemana\/#breadcrumb\",\"itemListElement\":[{\"@type\":\"ListItem\",\"position\":1,\"name\":\"Portada\",\"item\":\"https:\/\/www.suavinex.com\/livingsuavinex\/\"},{\"@type\":\"ListItem\",\"position\":2,\"name\":\"Un verano a la alemana\"}]},{\"@type\":\"WebSite\",\"@id\":\"https:\/\/www.suavinex.com\/livingsuavinex\/#website\",\"url\":\"https:\/\/www.suavinex.com\/livingsuavinex\/\",\"name\":\"Living Suavinex\",\"description\":\"| Familias reales\",\"publisher\":{\"@id\":\"https:\/\/www.suavinex.com\/livingsuavinex\/#organization\"},\"potentialAction\":[{\"@type\":\"SearchAction\",\"target\":{\"@type\":\"EntryPoint\",\"urlTemplate\":\"https:\/\/www.suavinex.com\/livingsuavinex\/?s={search_term_string}\"},\"query-input\":{\"@type\":\"PropertyValueSpecification\",\"valueRequired\":true,\"valueName\":\"search_term_string\"}}],\"inLanguage\":\"es\"},{\"@type\":\"Organization\",\"@id\":\"https:\/\/www.suavinex.com\/livingsuavinex\/#organization\",\"name\":\"Suavinex\",\"url\":\"https:\/\/www.suavinex.com\/livingsuavinex\/\",\"logo\":{\"@type\":\"ImageObject\",\"inLanguage\":\"es\",\"@id\":\"https:\/\/www.suavinex.com\/livingsuavinex\/#\/schema\/logo\/image\/\",\"url\":\"https:\/\/www.suavinex.com\/livingsuavinex\/wp-content\/uploads\/2018\/07\/living_sx_logo_mvl.png\",\"contentUrl\":\"https:\/\/www.suavinex.com\/livingsuavinex\/wp-content\/uploads\/2018\/07\/living_sx_logo_mvl.png\",\"width\":350,\"height\":70,\"caption\":\"Suavinex\"},\"image\":{\"@id\":\"https:\/\/www.suavinex.com\/livingsuavinex\/#\/schema\/logo\/image\/\"},\"sameAs\":[\"https:\/\/www.facebook.com\/SuavinexSpain\",\"https:\/\/x.com\/SuavinexSpain\",\"https:\/\/www.instagram.com\/suavinex_spain\/\",\"https:\/\/www.pinterest.es\/SuavinexSpain\/\",\"https:\/\/www.youtube.com\/channel\/UCgeJREx2R_ZvV2aQMrfWgcA\"]},{\"@type\":\"Person\",\"@id\":\"https:\/\/www.suavinex.com\/livingsuavinex\/#\/schema\/person\/64fd7b62c88b0024a3ceeffb47f07eb6\",\"name\":\"Living Suavinex\",\"image\":{\"@type\":\"ImageObject\",\"inLanguage\":\"es\",\"@id\":\"https:\/\/www.suavinex.com\/livingsuavinex\/#\/schema\/person\/image\/\",\"url\":\"https:\/\/www.suavinex.com\/livingsuavinex\/wp-content\/uploads\/2017\/05\/Living-Suavinex_avatar-96x96.png\",\"contentUrl\":\"https:\/\/www.suavinex.com\/livingsuavinex\/wp-content\/uploads\/2017\/05\/Living-Suavinex_avatar-96x96.png\",\"caption\":\"Living Suavinex\"}}]}<\/script>\n<!-- \/ Yoast SEO plugin. -->","yoast_head_json":{"title":"Un verano a la alemana","description":"Despu\u00e9s de un a\u00f1o por aqu\u00ed, te descubres adicta a todos los canales meteorol\u00f3gicos del mundo mundial. Siempre deseando que llegue el verano","robots":{"index":"index","follow":"follow","max-snippet":"max-snippet:-1","max-image-preview":"max-image-preview:large","max-video-preview":"max-video-preview:-1"},"canonical":"https:\/\/www.suavinex.com\/livingsuavinex\/verano_alemana\/","og_locale":"es_ES","og_type":"article","og_title":"Un verano a la alemana","og_description":"Despu\u00e9s de un a\u00f1o por aqu\u00ed, te descubres adicta a todos los canales meteorol\u00f3gicos del mundo mundial. Siempre deseando que llegue el verano","og_url":"https:\/\/www.suavinex.com\/livingsuavinex\/verano_alemana\/","og_site_name":"Living Suavinex","article_publisher":"https:\/\/www.facebook.com\/SuavinexSpain","article_published_time":"2012-07-03T06:44:21+00:00","article_modified_time":"2019-07-23T09:31:04+00:00","og_image":[{"width":876,"height":522,"url":"https:\/\/www.suavinex.com\/livingsuavinex\/wp-content\/uploads\/2012\/07\/verano-alemana-opt.jpg","type":"image\/jpeg"}],"author":"Living Suavinex","twitter_card":"summary_large_image","twitter_creator":"@SuavinexSpain","twitter_site":"@SuavinexSpain","twitter_misc":{"Escrito por":"Living Suavinex","Tiempo de lectura":"3 minutos"},"schema":{"@context":"https:\/\/schema.org","@graph":[{"@type":"Article","@id":"https:\/\/www.suavinex.com\/livingsuavinex\/verano_alemana\/#article","isPartOf":{"@id":"https:\/\/www.suavinex.com\/livingsuavinex\/verano_alemana\/"},"author":{"name":"Living Suavinex","@id":"https:\/\/www.suavinex.com\/livingsuavinex\/#\/schema\/person\/64fd7b62c88b0024a3ceeffb47f07eb6"},"headline":"Un verano a la alemana","datePublished":"2012-07-03T06:44:21+00:00","dateModified":"2019-07-23T09:31:04+00:00","mainEntityOfPage":{"@id":"https:\/\/www.suavinex.com\/livingsuavinex\/verano_alemana\/"},"wordCount":512,"commentCount":20,"publisher":{"@id":"https:\/\/www.suavinex.com\/livingsuavinex\/#organization"},"image":{"@id":"https:\/\/www.suavinex.com\/livingsuavinex\/verano_alemana\/#primaryimage"},"thumbnailUrl":"https:\/\/www.suavinex.com\/livingsuavinex\/wp-content\/uploads\/2012\/07\/verano-alemana-opt.jpg","keywords":["Maternidad"],"articleSection":["Tips de crianza"],"inLanguage":"es"},{"@type":"WebPage","@id":"https:\/\/www.suavinex.com\/livingsuavinex\/verano_alemana\/","url":"https:\/\/www.suavinex.com\/livingsuavinex\/verano_alemana\/","name":"Un verano a la alemana","isPartOf":{"@id":"https:\/\/www.suavinex.com\/livingsuavinex\/#website"},"primaryImageOfPage":{"@id":"https:\/\/www.suavinex.com\/livingsuavinex\/verano_alemana\/#primaryimage"},"image":{"@id":"https:\/\/www.suavinex.com\/livingsuavinex\/verano_alemana\/#primaryimage"},"thumbnailUrl":"https:\/\/www.suavinex.com\/livingsuavinex\/wp-content\/uploads\/2012\/07\/verano-alemana-opt.jpg","datePublished":"2012-07-03T06:44:21+00:00","dateModified":"2019-07-23T09:31:04+00:00","description":"Despu\u00e9s de un a\u00f1o por aqu\u00ed, te descubres adicta a todos los canales meteorol\u00f3gicos del mundo mundial. Siempre deseando que llegue el verano","breadcrumb":{"@id":"https:\/\/www.suavinex.com\/livingsuavinex\/verano_alemana\/#breadcrumb"},"inLanguage":"es","potentialAction":[{"@type":"ReadAction","target":["https:\/\/www.suavinex.com\/livingsuavinex\/verano_alemana\/"]}]},{"@type":"ImageObject","inLanguage":"es","@id":"https:\/\/www.suavinex.com\/livingsuavinex\/verano_alemana\/#primaryimage","url":"https:\/\/www.suavinex.com\/livingsuavinex\/wp-content\/uploads\/2012\/07\/verano-alemana-opt.jpg","contentUrl":"https:\/\/www.suavinex.com\/livingsuavinex\/wp-content\/uploads\/2012\/07\/verano-alemana-opt.jpg","width":876,"height":522},{"@type":"BreadcrumbList","@id":"https:\/\/www.suavinex.com\/livingsuavinex\/verano_alemana\/#breadcrumb","itemListElement":[{"@type":"ListItem","position":1,"name":"Portada","item":"https:\/\/www.suavinex.com\/livingsuavinex\/"},{"@type":"ListItem","position":2,"name":"Un verano a la alemana"}]},{"@type":"WebSite","@id":"https:\/\/www.suavinex.com\/livingsuavinex\/#website","url":"https:\/\/www.suavinex.com\/livingsuavinex\/","name":"Living Suavinex","description":"| Familias reales","publisher":{"@id":"https:\/\/www.suavinex.com\/livingsuavinex\/#organization"},"potentialAction":[{"@type":"SearchAction","target":{"@type":"EntryPoint","urlTemplate":"https:\/\/www.suavinex.com\/livingsuavinex\/?s={search_term_string}"},"query-input":{"@type":"PropertyValueSpecification","valueRequired":true,"valueName":"search_term_string"}}],"inLanguage":"es"},{"@type":"Organization","@id":"https:\/\/www.suavinex.com\/livingsuavinex\/#organization","name":"Suavinex","url":"https:\/\/www.suavinex.com\/livingsuavinex\/","logo":{"@type":"ImageObject","inLanguage":"es","@id":"https:\/\/www.suavinex.com\/livingsuavinex\/#\/schema\/logo\/image\/","url":"https:\/\/www.suavinex.com\/livingsuavinex\/wp-content\/uploads\/2018\/07\/living_sx_logo_mvl.png","contentUrl":"https:\/\/www.suavinex.com\/livingsuavinex\/wp-content\/uploads\/2018\/07\/living_sx_logo_mvl.png","width":350,"height":70,"caption":"Suavinex"},"image":{"@id":"https:\/\/www.suavinex.com\/livingsuavinex\/#\/schema\/logo\/image\/"},"sameAs":["https:\/\/www.facebook.com\/SuavinexSpain","https:\/\/x.com\/SuavinexSpain","https:\/\/www.instagram.com\/suavinex_spain\/","https:\/\/www.pinterest.es\/SuavinexSpain\/","https:\/\/www.youtube.com\/channel\/UCgeJREx2R_ZvV2aQMrfWgcA"]},{"@type":"Person","@id":"https:\/\/www.suavinex.com\/livingsuavinex\/#\/schema\/person\/64fd7b62c88b0024a3ceeffb47f07eb6","name":"Living Suavinex","image":{"@type":"ImageObject","inLanguage":"es","@id":"https:\/\/www.suavinex.com\/livingsuavinex\/#\/schema\/person\/image\/","url":"https:\/\/www.suavinex.com\/livingsuavinex\/wp-content\/uploads\/2017\/05\/Living-Suavinex_avatar-96x96.png","contentUrl":"https:\/\/www.suavinex.com\/livingsuavinex\/wp-content\/uploads\/2017\/05\/Living-Suavinex_avatar-96x96.png","caption":"Living Suavinex"}}]}},"_links":{"self":[{"href":"https:\/\/www.suavinex.com\/livingsuavinex\/wp-json\/wp\/v2\/posts\/3370","targetHints":{"allow":["GET"]}}],"collection":[{"href":"https:\/\/www.suavinex.com\/livingsuavinex\/wp-json\/wp\/v2\/posts"}],"about":[{"href":"https:\/\/www.suavinex.com\/livingsuavinex\/wp-json\/wp\/v2\/types\/post"}],"author":[{"embeddable":true,"href":"https:\/\/www.suavinex.com\/livingsuavinex\/wp-json\/wp\/v2\/users\/288"}],"replies":[{"embeddable":true,"href":"https:\/\/www.suavinex.com\/livingsuavinex\/wp-json\/wp\/v2\/comments?post=3370"}],"version-history":[{"count":6,"href":"https:\/\/www.suavinex.com\/livingsuavinex\/wp-json\/wp\/v2\/posts\/3370\/revisions"}],"predecessor-version":[{"id":22978,"href":"https:\/\/www.suavinex.com\/livingsuavinex\/wp-json\/wp\/v2\/posts\/3370\/revisions\/22978"}],"wp:featuredmedia":[{"embeddable":true,"href":"https:\/\/www.suavinex.com\/livingsuavinex\/wp-json\/wp\/v2\/media\/22977"}],"wp:attachment":[{"href":"https:\/\/www.suavinex.com\/livingsuavinex\/wp-json\/wp\/v2\/media?parent=3370"}],"wp:term":[{"taxonomy":"category","embeddable":true,"href":"https:\/\/www.suavinex.com\/livingsuavinex\/wp-json\/wp\/v2\/categories?post=3370"},{"taxonomy":"post_tag","embeddable":true,"href":"https:\/\/www.suavinex.com\/livingsuavinex\/wp-json\/wp\/v2\/tags?post=3370"}],"curies":[{"name":"wp","href":"https:\/\/api.w.org\/{rel}","templated":true}]}}