{"id":33353,"date":"2018-11-28T05:06:26","date_gmt":"2018-11-28T04:06:26","guid":{"rendered":"https:\/\/www.suavinex.com\/livingsuavinex\/?p=33353"},"modified":"2020-03-26T12:46:06","modified_gmt":"2020-03-26T11:46:06","slug":"cosmetica-para-bebe-suavinex","status":"publish","type":"post","link":"https:\/\/www.suavinex.com\/livingsuavinex\/cosmetica-para-bebe-suavinex\/","title":{"rendered":"No te pierdas los nuevos productos Suavinex de cosm\u00e9tica para beb\u00e9"},"content":{"rendered":"<p>La piel de los beb\u00e9s es muy delicada. Reci\u00e9n llegada al mundo, es muy sensible a las agresiones externas. Contar con productos que mantengan su bienestar es fundamental. En Suavinex somos conscientes de ello y siempre estamos investigando para mejorar y desarrollar productos que cubran vuestras necesidades. Damos la bienvenida a los dos nuevos productos de la l\u00ednea de cosm\u00e9tica para beb\u00e9: <strong>el b\u00e1lsamo para labios y nariz, y la pomada intensiva del pa\u00f1al.<\/strong><\/p>\n<h2>B\u00e1lsamo pedi\u00e1trico para labios y nariz<\/h2>\n<p>Con la bajada de las temperaturas, las afecciones respiratorias comienzan a hacerse m\u00e1s habituales. Regresan las toses, <a href=\"https:\/\/www.suavinex.com\/livingsuavinex\/primer-catarro-bebe\/\" target=\"_blank\" rel=\"noopener noreferrer\">los catarros<\/a> y los mocos. Una de las consecuencias m\u00e1s comunes es<strong> la irritaci\u00f3n en la zona de la nariz y la sequedad de los labios<\/strong>. Por eso, hemos desarrollado el<a href=\"https:\/\/www.suavinex.com\/bano-y-cuidado-del-bebe\/cosmetica-bebe\/balsamo-pediatrico\/p\/000000000000189257.7\" target=\"_blank\" rel=\"noopener noreferrer\"> b\u00e1lsamo pedi\u00e1trico para labios y nariz<\/a>, que ayuda a reparar la piel de la zona. \u00bfQuieres conocer m\u00e1s acerca de \u00e9l?<\/p>\n<ul>\n<li>Est\u00e1 elaborado con un 89 % de ingredientes naturales.<\/li>\n<li>Tiene cera de abejas y cera candelilla que nutren y protegen la piel.<\/li>\n<li>Tambi\u00e9n lleva manteca de karit\u00e9 que hidrata y protege.<\/li>\n<li>El aceite de ricino mantiene la humedad a raya.<\/li>\n<li>Crea una capa protectora y flexible sobre la piel.<\/li>\n<li>Hidrata, protege y ayuda a reparar las irritaciones provocadas por el roce o los efectos del fr\u00edo, el viento o la sequedad ambiental<\/li>\n<\/ul>\n<p>Su pr\u00e1ctico formato de 10 ml hace que sea muy f\u00e1cil llevarlo a cualquier parte. Est\u00e1 disponible en farmacias y parafarmacias.<\/p>\n<h2>Pomada intensiva, innovaci\u00f3n para el cuidado de la zona del pa\u00f1al<\/h2>\n<p>\u00bfCu\u00e1l dir\u00edas que es la zona m\u00e1s delicada de la piel de los beb\u00e9s? <strong>El contacto de la piel con la orina y las heces puede provocar irritaciones<\/strong> en algunos beb\u00e9s, por muy r\u00e1pido que seas en cambiarles. La <a href=\"https:\/\/www.suavinex.com\/accesorios-guarderia\/sets-de-guarderia\/pack-pomada-panal-protectora-reparadora\/p\/pack-crema-pomada-pa%C3%B1al\" target=\"_blank\" rel=\"noopener noreferrer\">pomada intensiva del pa\u00f1al<\/a>, elaborada con un 89 % de ingredientes naturales, ayuda a prevenir esas irritaciones y a restaurar la piel de la zona. Te contamos cu\u00e1les son las ventajas de la pomada, cuya eficacia ha sido testada cl\u00ednicamente:<\/p>\n<ul>\n<li>Tiene \u00f3xido de zinc y di\u00f3xido de titanio que son protectores impermeables.<\/li>\n<li>Tambi\u00e9n, aceite de ricino, cera carnauba, tocoferol y cera de abeja, los cuales proporcionan un tacto suave y sedoso.<\/li>\n<li>Su gran capacidad de absorci\u00f3n acuosa potencia el efecto secante.<\/li>\n<li>La manteca de karit\u00e9 proporciona hidrataci\u00f3n inmediata y potencia el efecto barrera.<\/li>\n<li>Crea una pel\u00edcula protectora que contribuye a evitar irritaciones por heces y orina.<\/li>\n<\/ul>\n<p>Est\u00e1 disponible en formato 75 ml. La encontrar\u00e1s en farmacias y parafarmacias.<\/p>\n<h2>Cosm\u00e9tica para beb\u00e9 Suavinex<\/h2>\n<p>La<a href=\"https:\/\/www.suavinex.com\/bano-y-cuidado-del-bebe\/cosmetica-bebe\/c\/0051\" target=\"_blank\" rel=\"noopener noreferrer\"> l\u00ednea de cosm\u00e9tica para beb\u00e9<\/a>\u00a0est\u00e1 compuesta por champ\u00fas, geles y cremas faciales o lociones hidratantes formulados con<strong> activos de alta cosm\u00e9tica<\/strong> para cuidar su piel. Toda una gama de productos que convertir\u00e1n el cuidado diario en un ritual de sensaciones.<\/p>\n<p>\u00bfTe animas a transformar la hora del ba\u00f1o en su spa particular?<\/p>\n","protected":false},"excerpt":{"rendered":"La piel de los beb\u00e9s es muy delicada. Reci\u00e9n llegada al mundo, es muy sensible a las agresiones externas. Contar con productos que mantengan su bienestar es fundamental. En Suavinex somos conscientes de ello y siempre estamos investigando para mejorar y desarrollar productos que cubran vuestras necesidades. Damos la bienvenida&#8230; <a class=\"view-article\" href=\"https:\/\/www.suavinex.com\/livingsuavinex\/cosmetica-para-bebe-suavinex\/\">Ver art\u00edculo<\/a>","protected":false},"author":295,"featured_media":40439,"comment_status":"open","ping_status":"open","sticky":false,"template":"","format":"standard","meta":{"inline_featured_image":false,"footnotes":""},"categories":[2277],"tags":[234,76,1080],"class_list":["post-33353","post","type-post","status-publish","format-standard","has-post-thumbnail","hentry","category-tendencias","tag-bebe","tag-cuidados","tag-producto-suavinex"],"yoast_head":"<!-- This site is optimized with the Yoast SEO plugin v26.8 - https:\/\/yoast.com\/product\/yoast-seo-wordpress\/ -->\n<title>Nuevos productos de cosm\u00e9tica para beb\u00e9 Suavinex<\/title>\n<meta name=\"description\" content=\"La cosm\u00e9tica para beb\u00e9 Suavinex ampl\u00eda su gama de productos. El b\u00e1lsamo pedi\u00e1trico para labios y nariz y la pomada intensiva del pa\u00f1al son imprescindibles.\" \/>\n<meta name=\"robots\" content=\"index, follow, max-snippet:-1, max-image-preview:large, max-video-preview:-1\" \/>\n<link rel=\"canonical\" href=\"https:\/\/www.suavinex.com\/livingsuavinex\/cosmetica-para-bebe-suavinex\/\" \/>\n<meta property=\"og:locale\" content=\"es_ES\" \/>\n<meta property=\"og:type\" content=\"article\" \/>\n<meta property=\"og:title\" content=\"Nuevos productos de cosm\u00e9tica para beb\u00e9 Suavinex\" \/>\n<meta property=\"og:description\" content=\"La cosm\u00e9tica para beb\u00e9 Suavinex ampl\u00eda su gama de productos. El b\u00e1lsamo pedi\u00e1trico para labios y nariz y la pomada intensiva del pa\u00f1al son imprescindibles.\" \/>\n<meta property=\"og:url\" content=\"https:\/\/www.suavinex.com\/livingsuavinex\/cosmetica-para-bebe-suavinex\/\" \/>\n<meta property=\"og:site_name\" content=\"Living Suavinex\" \/>\n<meta property=\"article:publisher\" content=\"https:\/\/www.facebook.com\/SuavinexSpain\" \/>\n<meta property=\"article:published_time\" content=\"2018-11-28T04:06:26+00:00\" \/>\n<meta property=\"article:modified_time\" content=\"2020-03-26T11:46:06+00:00\" \/>\n<meta property=\"og:image\" content=\"https:\/\/www.suavinex.com\/livingsuavinex\/wp-content\/uploads\/2018\/11\/cosmetica-Suavinex.jpg\" \/>\n\t<meta property=\"og:image:width\" content=\"875\" \/>\n\t<meta property=\"og:image:height\" content=\"526\" \/>\n\t<meta property=\"og:image:type\" content=\"image\/jpeg\" \/>\n<meta name=\"author\" content=\"Suavinex Central\" \/>\n<meta name=\"twitter:card\" content=\"summary_large_image\" \/>\n<meta name=\"twitter:creator\" content=\"@SuavinexSpain\" \/>\n<meta name=\"twitter:site\" content=\"@SuavinexSpain\" \/>\n<meta name=\"twitter:label1\" content=\"Escrito por\" \/>\n\t<meta name=\"twitter:data1\" content=\"Suavinex Central\" \/>\n\t<meta name=\"twitter:label2\" content=\"Tiempo de lectura\" \/>\n\t<meta name=\"twitter:data2\" content=\"3 minutos\" \/>\n<script type=\"application\/ld+json\" class=\"yoast-schema-graph\">{\"@context\":\"https:\/\/schema.org\",\"@graph\":[{\"@type\":\"Article\",\"@id\":\"https:\/\/www.suavinex.com\/livingsuavinex\/cosmetica-para-bebe-suavinex\/#article\",\"isPartOf\":{\"@id\":\"https:\/\/www.suavinex.com\/livingsuavinex\/cosmetica-para-bebe-suavinex\/\"},\"author\":{\"name\":\"Suavinex Central\",\"@id\":\"https:\/\/www.suavinex.com\/livingsuavinex\/#\/schema\/person\/836d83f4b1821b11b7b47cffd08f1ecb\"},\"headline\":\"No te pierdas los nuevos productos Suavinex de cosm\u00e9tica para beb\u00e9\",\"datePublished\":\"2018-11-28T04:06:26+00:00\",\"dateModified\":\"2020-03-26T11:46:06+00:00\",\"mainEntityOfPage\":{\"@id\":\"https:\/\/www.suavinex.com\/livingsuavinex\/cosmetica-para-bebe-suavinex\/\"},\"wordCount\":516,\"commentCount\":0,\"publisher\":{\"@id\":\"https:\/\/www.suavinex.com\/livingsuavinex\/#organization\"},\"image\":{\"@id\":\"https:\/\/www.suavinex.com\/livingsuavinex\/cosmetica-para-bebe-suavinex\/#primaryimage\"},\"thumbnailUrl\":\"https:\/\/www.suavinex.com\/livingsuavinex\/wp-content\/uploads\/2018\/11\/cosmetica-Suavinex.jpg\",\"keywords\":[\"Beb\u00e9\",\"Cuidados\",\"Producto Suavinex\"],\"articleSection\":[\"Tendencias\"],\"inLanguage\":\"es\"},{\"@type\":\"WebPage\",\"@id\":\"https:\/\/www.suavinex.com\/livingsuavinex\/cosmetica-para-bebe-suavinex\/\",\"url\":\"https:\/\/www.suavinex.com\/livingsuavinex\/cosmetica-para-bebe-suavinex\/\",\"name\":\"Nuevos productos de cosm\u00e9tica para beb\u00e9 Suavinex\",\"isPartOf\":{\"@id\":\"https:\/\/www.suavinex.com\/livingsuavinex\/#website\"},\"primaryImageOfPage\":{\"@id\":\"https:\/\/www.suavinex.com\/livingsuavinex\/cosmetica-para-bebe-suavinex\/#primaryimage\"},\"image\":{\"@id\":\"https:\/\/www.suavinex.com\/livingsuavinex\/cosmetica-para-bebe-suavinex\/#primaryimage\"},\"thumbnailUrl\":\"https:\/\/www.suavinex.com\/livingsuavinex\/wp-content\/uploads\/2018\/11\/cosmetica-Suavinex.jpg\",\"datePublished\":\"2018-11-28T04:06:26+00:00\",\"dateModified\":\"2020-03-26T11:46:06+00:00\",\"description\":\"La cosm\u00e9tica para beb\u00e9 Suavinex ampl\u00eda su gama de productos. El b\u00e1lsamo pedi\u00e1trico para labios y nariz y la pomada intensiva del pa\u00f1al son imprescindibles.\",\"breadcrumb\":{\"@id\":\"https:\/\/www.suavinex.com\/livingsuavinex\/cosmetica-para-bebe-suavinex\/#breadcrumb\"},\"inLanguage\":\"es\",\"potentialAction\":[{\"@type\":\"ReadAction\",\"target\":[\"https:\/\/www.suavinex.com\/livingsuavinex\/cosmetica-para-bebe-suavinex\/\"]}]},{\"@type\":\"ImageObject\",\"inLanguage\":\"es\",\"@id\":\"https:\/\/www.suavinex.com\/livingsuavinex\/cosmetica-para-bebe-suavinex\/#primaryimage\",\"url\":\"https:\/\/www.suavinex.com\/livingsuavinex\/wp-content\/uploads\/2018\/11\/cosmetica-Suavinex.jpg\",\"contentUrl\":\"https:\/\/www.suavinex.com\/livingsuavinex\/wp-content\/uploads\/2018\/11\/cosmetica-Suavinex.jpg\",\"width\":875,\"height\":526,\"caption\":\"cosm\u00e9tica Suavinex\"},{\"@type\":\"BreadcrumbList\",\"@id\":\"https:\/\/www.suavinex.com\/livingsuavinex\/cosmetica-para-bebe-suavinex\/#breadcrumb\",\"itemListElement\":[{\"@type\":\"ListItem\",\"position\":1,\"name\":\"Portada\",\"item\":\"https:\/\/www.suavinex.com\/livingsuavinex\/\"},{\"@type\":\"ListItem\",\"position\":2,\"name\":\"No te pierdas los nuevos productos Suavinex de cosm\u00e9tica para beb\u00e9\"}]},{\"@type\":\"WebSite\",\"@id\":\"https:\/\/www.suavinex.com\/livingsuavinex\/#website\",\"url\":\"https:\/\/www.suavinex.com\/livingsuavinex\/\",\"name\":\"Living Suavinex\",\"description\":\"| Familias reales\",\"publisher\":{\"@id\":\"https:\/\/www.suavinex.com\/livingsuavinex\/#organization\"},\"potentialAction\":[{\"@type\":\"SearchAction\",\"target\":{\"@type\":\"EntryPoint\",\"urlTemplate\":\"https:\/\/www.suavinex.com\/livingsuavinex\/?s={search_term_string}\"},\"query-input\":{\"@type\":\"PropertyValueSpecification\",\"valueRequired\":true,\"valueName\":\"search_term_string\"}}],\"inLanguage\":\"es\"},{\"@type\":\"Organization\",\"@id\":\"https:\/\/www.suavinex.com\/livingsuavinex\/#organization\",\"name\":\"Suavinex\",\"url\":\"https:\/\/www.suavinex.com\/livingsuavinex\/\",\"logo\":{\"@type\":\"ImageObject\",\"inLanguage\":\"es\",\"@id\":\"https:\/\/www.suavinex.com\/livingsuavinex\/#\/schema\/logo\/image\/\",\"url\":\"https:\/\/www.suavinex.com\/livingsuavinex\/wp-content\/uploads\/2018\/07\/living_sx_logo_mvl.png\",\"contentUrl\":\"https:\/\/www.suavinex.com\/livingsuavinex\/wp-content\/uploads\/2018\/07\/living_sx_logo_mvl.png\",\"width\":350,\"height\":70,\"caption\":\"Suavinex\"},\"image\":{\"@id\":\"https:\/\/www.suavinex.com\/livingsuavinex\/#\/schema\/logo\/image\/\"},\"sameAs\":[\"https:\/\/www.facebook.com\/SuavinexSpain\",\"https:\/\/x.com\/SuavinexSpain\",\"https:\/\/www.instagram.com\/suavinex_spain\/\",\"https:\/\/www.pinterest.es\/SuavinexSpain\/\",\"https:\/\/www.youtube.com\/channel\/UCgeJREx2R_ZvV2aQMrfWgcA\"]},{\"@type\":\"Person\",\"@id\":\"https:\/\/www.suavinex.com\/livingsuavinex\/#\/schema\/person\/836d83f4b1821b11b7b47cffd08f1ecb\",\"name\":\"Suavinex Central\",\"image\":{\"@type\":\"ImageObject\",\"inLanguage\":\"es\",\"@id\":\"https:\/\/www.suavinex.com\/livingsuavinex\/#\/schema\/person\/image\/\",\"url\":\"https:\/\/secure.gravatar.com\/avatar\/bd43680b784882668035add29f959967?s=96&d=mm&r=g\",\"contentUrl\":\"https:\/\/secure.gravatar.com\/avatar\/bd43680b784882668035add29f959967?s=96&d=mm&r=g\",\"caption\":\"Suavinex Central\"}}]}<\/script>\n<!-- \/ Yoast SEO plugin. -->","yoast_head_json":{"title":"Nuevos productos de cosm\u00e9tica para beb\u00e9 Suavinex","description":"La cosm\u00e9tica para beb\u00e9 Suavinex ampl\u00eda su gama de productos. El b\u00e1lsamo pedi\u00e1trico para labios y nariz y la pomada intensiva del pa\u00f1al son imprescindibles.","robots":{"index":"index","follow":"follow","max-snippet":"max-snippet:-1","max-image-preview":"max-image-preview:large","max-video-preview":"max-video-preview:-1"},"canonical":"https:\/\/www.suavinex.com\/livingsuavinex\/cosmetica-para-bebe-suavinex\/","og_locale":"es_ES","og_type":"article","og_title":"Nuevos productos de cosm\u00e9tica para beb\u00e9 Suavinex","og_description":"La cosm\u00e9tica para beb\u00e9 Suavinex ampl\u00eda su gama de productos. El b\u00e1lsamo pedi\u00e1trico para labios y nariz y la pomada intensiva del pa\u00f1al son imprescindibles.","og_url":"https:\/\/www.suavinex.com\/livingsuavinex\/cosmetica-para-bebe-suavinex\/","og_site_name":"Living Suavinex","article_publisher":"https:\/\/www.facebook.com\/SuavinexSpain","article_published_time":"2018-11-28T04:06:26+00:00","article_modified_time":"2020-03-26T11:46:06+00:00","og_image":[{"width":875,"height":526,"url":"https:\/\/www.suavinex.com\/livingsuavinex\/wp-content\/uploads\/2018\/11\/cosmetica-Suavinex.jpg","type":"image\/jpeg"}],"author":"Suavinex Central","twitter_card":"summary_large_image","twitter_creator":"@SuavinexSpain","twitter_site":"@SuavinexSpain","twitter_misc":{"Escrito por":"Suavinex Central","Tiempo de lectura":"3 minutos"},"schema":{"@context":"https:\/\/schema.org","@graph":[{"@type":"Article","@id":"https:\/\/www.suavinex.com\/livingsuavinex\/cosmetica-para-bebe-suavinex\/#article","isPartOf":{"@id":"https:\/\/www.suavinex.com\/livingsuavinex\/cosmetica-para-bebe-suavinex\/"},"author":{"name":"Suavinex Central","@id":"https:\/\/www.suavinex.com\/livingsuavinex\/#\/schema\/person\/836d83f4b1821b11b7b47cffd08f1ecb"},"headline":"No te pierdas los nuevos productos Suavinex de cosm\u00e9tica para beb\u00e9","datePublished":"2018-11-28T04:06:26+00:00","dateModified":"2020-03-26T11:46:06+00:00","mainEntityOfPage":{"@id":"https:\/\/www.suavinex.com\/livingsuavinex\/cosmetica-para-bebe-suavinex\/"},"wordCount":516,"commentCount":0,"publisher":{"@id":"https:\/\/www.suavinex.com\/livingsuavinex\/#organization"},"image":{"@id":"https:\/\/www.suavinex.com\/livingsuavinex\/cosmetica-para-bebe-suavinex\/#primaryimage"},"thumbnailUrl":"https:\/\/www.suavinex.com\/livingsuavinex\/wp-content\/uploads\/2018\/11\/cosmetica-Suavinex.jpg","keywords":["Beb\u00e9","Cuidados","Producto Suavinex"],"articleSection":["Tendencias"],"inLanguage":"es"},{"@type":"WebPage","@id":"https:\/\/www.suavinex.com\/livingsuavinex\/cosmetica-para-bebe-suavinex\/","url":"https:\/\/www.suavinex.com\/livingsuavinex\/cosmetica-para-bebe-suavinex\/","name":"Nuevos productos de cosm\u00e9tica para beb\u00e9 Suavinex","isPartOf":{"@id":"https:\/\/www.suavinex.com\/livingsuavinex\/#website"},"primaryImageOfPage":{"@id":"https:\/\/www.suavinex.com\/livingsuavinex\/cosmetica-para-bebe-suavinex\/#primaryimage"},"image":{"@id":"https:\/\/www.suavinex.com\/livingsuavinex\/cosmetica-para-bebe-suavinex\/#primaryimage"},"thumbnailUrl":"https:\/\/www.suavinex.com\/livingsuavinex\/wp-content\/uploads\/2018\/11\/cosmetica-Suavinex.jpg","datePublished":"2018-11-28T04:06:26+00:00","dateModified":"2020-03-26T11:46:06+00:00","description":"La cosm\u00e9tica para beb\u00e9 Suavinex ampl\u00eda su gama de productos. El b\u00e1lsamo pedi\u00e1trico para labios y nariz y la pomada intensiva del pa\u00f1al son imprescindibles.","breadcrumb":{"@id":"https:\/\/www.suavinex.com\/livingsuavinex\/cosmetica-para-bebe-suavinex\/#breadcrumb"},"inLanguage":"es","potentialAction":[{"@type":"ReadAction","target":["https:\/\/www.suavinex.com\/livingsuavinex\/cosmetica-para-bebe-suavinex\/"]}]},{"@type":"ImageObject","inLanguage":"es","@id":"https:\/\/www.suavinex.com\/livingsuavinex\/cosmetica-para-bebe-suavinex\/#primaryimage","url":"https:\/\/www.suavinex.com\/livingsuavinex\/wp-content\/uploads\/2018\/11\/cosmetica-Suavinex.jpg","contentUrl":"https:\/\/www.suavinex.com\/livingsuavinex\/wp-content\/uploads\/2018\/11\/cosmetica-Suavinex.jpg","width":875,"height":526,"caption":"cosm\u00e9tica Suavinex"},{"@type":"BreadcrumbList","@id":"https:\/\/www.suavinex.com\/livingsuavinex\/cosmetica-para-bebe-suavinex\/#breadcrumb","itemListElement":[{"@type":"ListItem","position":1,"name":"Portada","item":"https:\/\/www.suavinex.com\/livingsuavinex\/"},{"@type":"ListItem","position":2,"name":"No te pierdas los nuevos productos Suavinex de cosm\u00e9tica para beb\u00e9"}]},{"@type":"WebSite","@id":"https:\/\/www.suavinex.com\/livingsuavinex\/#website","url":"https:\/\/www.suavinex.com\/livingsuavinex\/","name":"Living Suavinex","description":"| Familias reales","publisher":{"@id":"https:\/\/www.suavinex.com\/livingsuavinex\/#organization"},"potentialAction":[{"@type":"SearchAction","target":{"@type":"EntryPoint","urlTemplate":"https:\/\/www.suavinex.com\/livingsuavinex\/?s={search_term_string}"},"query-input":{"@type":"PropertyValueSpecification","valueRequired":true,"valueName":"search_term_string"}}],"inLanguage":"es"},{"@type":"Organization","@id":"https:\/\/www.suavinex.com\/livingsuavinex\/#organization","name":"Suavinex","url":"https:\/\/www.suavinex.com\/livingsuavinex\/","logo":{"@type":"ImageObject","inLanguage":"es","@id":"https:\/\/www.suavinex.com\/livingsuavinex\/#\/schema\/logo\/image\/","url":"https:\/\/www.suavinex.com\/livingsuavinex\/wp-content\/uploads\/2018\/07\/living_sx_logo_mvl.png","contentUrl":"https:\/\/www.suavinex.com\/livingsuavinex\/wp-content\/uploads\/2018\/07\/living_sx_logo_mvl.png","width":350,"height":70,"caption":"Suavinex"},"image":{"@id":"https:\/\/www.suavinex.com\/livingsuavinex\/#\/schema\/logo\/image\/"},"sameAs":["https:\/\/www.facebook.com\/SuavinexSpain","https:\/\/x.com\/SuavinexSpain","https:\/\/www.instagram.com\/suavinex_spain\/","https:\/\/www.pinterest.es\/SuavinexSpain\/","https:\/\/www.youtube.com\/channel\/UCgeJREx2R_ZvV2aQMrfWgcA"]},{"@type":"Person","@id":"https:\/\/www.suavinex.com\/livingsuavinex\/#\/schema\/person\/836d83f4b1821b11b7b47cffd08f1ecb","name":"Suavinex Central","image":{"@type":"ImageObject","inLanguage":"es","@id":"https:\/\/www.suavinex.com\/livingsuavinex\/#\/schema\/person\/image\/","url":"https:\/\/secure.gravatar.com\/avatar\/bd43680b784882668035add29f959967?s=96&d=mm&r=g","contentUrl":"https:\/\/secure.gravatar.com\/avatar\/bd43680b784882668035add29f959967?s=96&d=mm&r=g","caption":"Suavinex Central"}}]}},"_links":{"self":[{"href":"https:\/\/www.suavinex.com\/livingsuavinex\/wp-json\/wp\/v2\/posts\/33353","targetHints":{"allow":["GET"]}}],"collection":[{"href":"https:\/\/www.suavinex.com\/livingsuavinex\/wp-json\/wp\/v2\/posts"}],"about":[{"href":"https:\/\/www.suavinex.com\/livingsuavinex\/wp-json\/wp\/v2\/types\/post"}],"author":[{"embeddable":true,"href":"https:\/\/www.suavinex.com\/livingsuavinex\/wp-json\/wp\/v2\/users\/295"}],"replies":[{"embeddable":true,"href":"https:\/\/www.suavinex.com\/livingsuavinex\/wp-json\/wp\/v2\/comments?post=33353"}],"version-history":[{"count":6,"href":"https:\/\/www.suavinex.com\/livingsuavinex\/wp-json\/wp\/v2\/posts\/33353\/revisions"}],"predecessor-version":[{"id":39787,"href":"https:\/\/www.suavinex.com\/livingsuavinex\/wp-json\/wp\/v2\/posts\/33353\/revisions\/39787"}],"wp:featuredmedia":[{"embeddable":true,"href":"https:\/\/www.suavinex.com\/livingsuavinex\/wp-json\/wp\/v2\/media\/40439"}],"wp:attachment":[{"href":"https:\/\/www.suavinex.com\/livingsuavinex\/wp-json\/wp\/v2\/media?parent=33353"}],"wp:term":[{"taxonomy":"category","embeddable":true,"href":"https:\/\/www.suavinex.com\/livingsuavinex\/wp-json\/wp\/v2\/categories?post=33353"},{"taxonomy":"post_tag","embeddable":true,"href":"https:\/\/www.suavinex.com\/livingsuavinex\/wp-json\/wp\/v2\/tags?post=33353"}],"curies":[{"name":"wp","href":"https:\/\/api.w.org\/{rel}","templated":true}]}}