{"id":33021,"date":"2018-11-13T10:00:00","date_gmt":"2018-11-13T09:00:00","guid":{"rendered":"https:\/\/www.suavinex.com\/livingsuavinex\/?p=33021"},"modified":"2019-09-24T17:09:10","modified_gmt":"2019-09-24T15:09:10","slug":"maria-berrozpe-lactancia-y-sueno-del-bebe","status":"publish","type":"post","link":"https:\/\/www.suavinex.com\/livingsuavinex\/maria-berrozpe-lactancia-y-sueno-del-bebe\/","title":{"rendered":"Mar\u00eda Berrozpe presenta un nuevo paradigma en la relaci\u00f3n entre lactancia y sue\u00f1o del beb\u00e9"},"content":{"rendered":"<p><strong>Se dice que los beb\u00e9s que toman pecho tienen m\u00e1s despertares nocturnos. \u00bfEs cierta esta afirmaci\u00f3n?<\/strong> \u00bfCu\u00e1l es la verdadera relaci\u00f3n entre lactancia y sue\u00f1o del beb\u00e9? Para dar respuesta a estas y otras cuestiones invitamos a la doctora Mar\u00eda Berrozpe, experta en ambas materias, al <a href=\"https:\/\/www.suavinex.com\/livingsuavinex\/ii-congreso-de-lactancia-suavinex\/\" target=\"_blank\" rel=\"noopener noreferrer\">II Congreso de Lactancia Suavinex<\/a>.<\/p>\n<h2>Breastleeping, sue\u00f1o de calidad<\/h2>\n<p><strong>\u00bfHas escuchado alguna vez que hay que dejar que los beb\u00e9s se duerman solos e ignorar sus l\u00e1grimas?<\/strong> Este fue el punto de partida de las investigaciones de la doctora Berrozpe acerca del sue\u00f1o del beb\u00e9. Fruto de las mismas public\u00f3, en 2016, el libro \u00a1Dulces sue\u00f1os!, dirigido a padres, madres y profesionales.<\/p>\n<blockquote><p>\u201cLa pediatr\u00eda del sue\u00f1o ha ignorado e infravalorado en sus investigaciones el valor de la lactancia materna y las condiciones necesarias para que se desarrolle con \u00e9xito. Los estudios realizados para validar el sue\u00f1o continuo en solitario y garantizar que no interfieren con el \u00e9xito, el establecimiento y continuidad de la lactancia son todav\u00eda escasos, poco rigurosos y sufren de un inaceptable etnocentrismo. Esta es la realidad, a pesar del inter\u00e9s de algunos profesionales en aplicar t\u00e9cnicas de adiestramiento del sue\u00f1o a todos los beb\u00e9s, independientemente de si son o no amamantados\u00bb. Mar\u00eda Berrozpe.<\/p><\/blockquote>\n<p>La doctora afirma que la importancia del contacto con la madre en el inicio de la lactancia obliga a un cambio de paradigma en las recomendaciones generales. <strong>El sue\u00f1o infantil normal y saludable solo puede ser analizado y observado en el contexto del <em>breastsleeping<\/em>.<\/strong> El <a href=\"https:\/\/www.suavinex.com\/livingsuavinex\/como-aumentar-la-produccion-de-leche-materna\/\" target=\"_blank\" rel=\"noopener noreferrer\">proceso de producci\u00f3n<\/a> e ingesta de leche produce un intercambio sensorial entre madre y beb\u00e9 que afecta al metabolismo del peque\u00f1o, la frecuencia de las tomas y el sue\u00f1o de ambos. Se trata de un sistema adaptativo altamente integrado.<\/p>\n<p>La pareja madre\/beb\u00e9 lactante presenta diferencias sustanciales \u2015conductuales y fisiol\u00f3gicas\u2015 respecto a la de madre\/beb\u00e9 alimentado con f\u00f3rmula. Se hace obligatorio darles su propia categor\u00eda epidemiol\u00f3gica y hacer una estimaci\u00f3n de riesgos\/beneficios.<\/p>\n<p><img loading=\"lazy\" decoding=\"async\" class=\"aligncenter size-full wp-image-33025\" src=\"https:\/\/www.suavinex.com\/livingsuavinex\/wp-content\/uploads\/2018\/11\/maria-berrozpe-ponencia-lactancia-y-sueno-del-bebe.png\" alt=\"Mar\u00eda Berrozpe ponencia lactancia y sue\u00f1o del beb\u00e9\" width=\"772\" height=\"363\" srcset=\"https:\/\/www.suavinex.com\/livingsuavinex\/wp-content\/uploads\/2018\/11\/maria-berrozpe-ponencia-lactancia-y-sueno-del-bebe.png 772w, https:\/\/www.suavinex.com\/livingsuavinex\/wp-content\/uploads\/2018\/11\/maria-berrozpe-ponencia-lactancia-y-sueno-del-bebe-300x141.png 300w, https:\/\/www.suavinex.com\/livingsuavinex\/wp-content\/uploads\/2018\/11\/maria-berrozpe-ponencia-lactancia-y-sueno-del-bebe-768x361.png 768w, https:\/\/www.suavinex.com\/livingsuavinex\/wp-content\/uploads\/2018\/11\/maria-berrozpe-ponencia-lactancia-y-sueno-del-bebe-200x94.png 200w, https:\/\/www.suavinex.com\/livingsuavinex\/wp-content\/uploads\/2018\/11\/maria-berrozpe-ponencia-lactancia-y-sueno-del-bebe-400x188.png 400w, https:\/\/www.suavinex.com\/livingsuavinex\/wp-content\/uploads\/2018\/11\/maria-berrozpe-ponencia-lactancia-y-sueno-del-bebe-600x282.png 600w\" sizes=\"auto, (max-width: 772px) 100vw, 772px\" \/><\/p>\n<h2>Evoluci\u00f3n del sue\u00f1o a lo largo de la vida<\/h2>\n<p>La doctora Berrozpe tambi\u00e9n habl\u00f3 acerca de la evoluci\u00f3n del sue\u00f1o. <strong>Se trata de un proceso madurativo que se genera en la etapa prenatal.<\/strong> Las fases y su duraci\u00f3n cambian a medida que el beb\u00e9 crece.<\/p>\n<p>La evoluci\u00f3n del sue\u00f1o sigue este patr\u00f3n:<\/p>\n<ul>\n<li><strong>Sue\u00f1o prenatal.<\/strong> Aparece en el tercer trimestre de embarazo. Se divide en sue\u00f1o activo (AS), sue\u00f1o tranquilo (QS) y la fase de sue\u00f1o indeterminada (IS). El paso por las tres fases del ciclo dura entre 70 y 90 minutos.<\/li>\n<li>El <strong>ciclo de sue\u00f1o del reci\u00e9n nacido<\/strong> tiene una duraci\u00f3n de 60 minutos (algo m\u00e1s corto en los<a href=\"https:\/\/www.suavinex.com\/livingsuavinex\/bebe-prematuro\/\" target=\"_blank\" rel=\"noopener noreferrer\"> beb\u00e9s prematuros<\/a>). A partir del segundo mes de vida las fases de sue\u00f1o activo y sue\u00f1o tranquilo pasan a denominarse REM y NREM.<\/li>\n<li>A partir de los<strong> 3 meses de edad<\/strong> el sue\u00f1o comienza a concentrarse m\u00e1s en la noche y disminuir en el d\u00eda. Tambi\u00e9n se empiezan a desarrollar las fases NREM, lo que puede conllevar m\u00e1s microdespertares e inestabilidad del sue\u00f1o.<\/li>\n<li>Cuando llegan a los <strong>6 meses<\/strong> la mayor\u00eda de los beb\u00e9s desarrollan m\u00e1s fases NREM. El patr\u00f3n circadiano de sue\u00f1o, tanto en periodo, amplitud y fases se asemeja al de los adultos.<\/li>\n<li><strong>Desde los 2 a\u00f1os<\/strong> la arquitectura del sue\u00f1o es como la del sue\u00f1o adulto. Disminuye el sue\u00f1o REM y aumenta el sue\u00f1o NREM.<\/li>\n<li><strong>El sue\u00f1o adulto<\/strong> se compone de vigilia (presenta ondas de baja amplitud y alta frecuencia); fase 1; fase 2; fase 3 (sue\u00f1o de ondas lentas), siendo estas tres fases las que conforman el sue\u00f1o NREM; y la fase REM.<\/li>\n<\/ul>\n<p><img loading=\"lazy\" decoding=\"async\" class=\"aligncenter size-full wp-image-33024\" src=\"https:\/\/www.suavinex.com\/livingsuavinex\/wp-content\/uploads\/2018\/11\/maria-berrozpe-conversa-asistente-lactancia-y-sueno-del-bebe.png\" alt=\"Mar\u00eda Berrozpe conversa asistente lactancia y sue\u00f1o del beb\u00e9\" width=\"772\" height=\"363\" srcset=\"https:\/\/www.suavinex.com\/livingsuavinex\/wp-content\/uploads\/2018\/11\/maria-berrozpe-conversa-asistente-lactancia-y-sueno-del-bebe.png 772w, https:\/\/www.suavinex.com\/livingsuavinex\/wp-content\/uploads\/2018\/11\/maria-berrozpe-conversa-asistente-lactancia-y-sueno-del-bebe-300x141.png 300w, https:\/\/www.suavinex.com\/livingsuavinex\/wp-content\/uploads\/2018\/11\/maria-berrozpe-conversa-asistente-lactancia-y-sueno-del-bebe-768x361.png 768w, https:\/\/www.suavinex.com\/livingsuavinex\/wp-content\/uploads\/2018\/11\/maria-berrozpe-conversa-asistente-lactancia-y-sueno-del-bebe-200x94.png 200w, https:\/\/www.suavinex.com\/livingsuavinex\/wp-content\/uploads\/2018\/11\/maria-berrozpe-conversa-asistente-lactancia-y-sueno-del-bebe-400x188.png 400w, https:\/\/www.suavinex.com\/livingsuavinex\/wp-content\/uploads\/2018\/11\/maria-berrozpe-conversa-asistente-lactancia-y-sueno-del-bebe-600x282.png 600w\" sizes=\"auto, (max-width: 772px) 100vw, 772px\" \/><\/p>\n<h2>Horas de sue\u00f1o seg\u00fan la edad<\/h2>\n<p><strong>\u00bfCu\u00e1ntas horas debe dormir un beb\u00e9?<\/strong> Esta es la eterna pregunta. El sue\u00f1o infantil es algo que preocupa mucho a madres y padres, que conocen la importancia del descanso. Los beb\u00e9s de 0 a 4 meses muestran unos patrones de sue\u00f1o tan diferentes entre s\u00ed que no se puede afirmar un n\u00famero concreto para ese rango. Conforme crecen, la aproximaci\u00f3n ser\u00eda la siguiente:<\/p>\n<ul>\n<li>De los 4 a los 12 meses los beb\u00e9s deben dormir de 12 a 16 horas diarias incluyendo siestas.<\/li>\n<li>En el per\u00edodo comprendido entre 1 y 2 a\u00f1os de edad dormir\u00e1n, en total, de 11 a 14 horas.<\/li>\n<li>Entre los 3 y los 5 a\u00f1os el sue\u00f1o debe comprender entre 10 y 13 horas diarias.<\/li>\n<li>Los ni\u00f1os de 6 a 12 a\u00f1os han de dormir de 9 a 12 horas diarias.<\/li>\n<li>Los adolescentes de 13 a 18 a\u00f1os deben dormir de 8 a 9 horas.<\/li>\n<\/ul>\n<p>\u00bfConoc\u00edas los detalles acerca de la relaci\u00f3n entre lactancia y sue\u00f1o del beb\u00e9? \u00bfCrees que tu beb\u00e9 duerme lo suficiente?<\/p>\n<p>[fusion_separator style_type=\u00bbdefault\u00bb hide_on_mobile=\u00bbsmall-visibility,medium-visibility,large-visibility\u00bb class=\u00bb\u00bb id=\u00bb\u00bb sep_color=\u00bb\u00bb top_margin=\u00bb\u00bb bottom_margin=\u00bb\u00bb border_size=\u00bb\u00bb icon=\u00bb\u00bb icon_circle=\u00bb\u00bb icon_circle_color=\u00bb\u00bb width=\u00bb\u00bb alignment=\u00bbcenter\u00bb][\/fusion_separator]<\/p>\n<p>Puedes consultar la bibliograf\u00eda empleada por Mar\u00eda Berrozpe <a href=\"https:\/\/www.suavinex.com\/livingsuavinex\/wp-content\/uploads\/2018\/11\/Maria-Berrozpe_Bibliografia.pdf\" target=\"_blank\" rel=\"noopener noreferrer\">aqu\u00ed.<\/a><\/p>\n","protected":false},"excerpt":{"rendered":"Se dice que los beb\u00e9s que toman pecho tienen m\u00e1s despertares nocturnos. \u00bfEs cierta esta afirmaci\u00f3n? \u00bfCu\u00e1l es la verdadera relaci\u00f3n entre lactancia y sue\u00f1o del beb\u00e9? Para dar respuesta a estas y otras cuestiones invitamos a la doctora Mar\u00eda Berrozpe, experta en ambas materias, al II Congreso de Lactancia&#8230; <a class=\"view-article\" href=\"https:\/\/www.suavinex.com\/livingsuavinex\/maria-berrozpe-lactancia-y-sueno-del-bebe\/\">Ver art\u00edculo<\/a>","protected":false},"author":295,"featured_media":33029,"comment_status":"open","ping_status":"open","sticky":false,"template":"","format":"standard","meta":{"inline_featured_image":false,"footnotes":""},"categories":[49],"tags":[234,2251,2254,9,46,419],"class_list":["post-33021","post","type-post","status-publish","format-standard","has-post-thumbnail","hentry","category-lactancia","tag-bebe","tag-embarazo","tag-lactancia","tag-maternidad","tag-mujer","tag-postparto"],"yoast_head":"<!-- This site is optimized with the Yoast SEO plugin v26.8 - https:\/\/yoast.com\/product\/yoast-seo-wordpress\/ -->\n<title>Mar\u00eda Berrozpe expone la relaci\u00f3n entre lactancia y sue\u00f1o del beb\u00e9<\/title>\n<meta name=\"description\" content=\"La Doctora Mar\u00eda Berrozpe expuso en el II Congreso de Lactancia Suavinex un nuevo paradigma en la relaci\u00f3n entre lactacia y sue\u00f1o del beb\u00e9. Te lo contamos.\" \/>\n<meta name=\"robots\" content=\"index, follow, max-snippet:-1, max-image-preview:large, max-video-preview:-1\" \/>\n<link rel=\"canonical\" href=\"https:\/\/www.suavinex.com\/livingsuavinex\/maria-berrozpe-lactancia-y-sueno-del-bebe\/\" \/>\n<meta property=\"og:locale\" content=\"es_ES\" \/>\n<meta property=\"og:type\" content=\"article\" \/>\n<meta property=\"og:title\" content=\"Mar\u00eda Berrozpe expone la relaci\u00f3n entre lactancia y sue\u00f1o del beb\u00e9\" \/>\n<meta property=\"og:description\" content=\"La Doctora Mar\u00eda Berrozpe expuso en el II Congreso de Lactancia Suavinex un nuevo paradigma en la relaci\u00f3n entre lactacia y sue\u00f1o del beb\u00e9. Te lo contamos.\" \/>\n<meta property=\"og:url\" content=\"https:\/\/www.suavinex.com\/livingsuavinex\/maria-berrozpe-lactancia-y-sueno-del-bebe\/\" \/>\n<meta property=\"og:site_name\" content=\"Living Suavinex\" \/>\n<meta property=\"article:publisher\" content=\"https:\/\/www.facebook.com\/SuavinexSpain\" \/>\n<meta property=\"article:published_time\" content=\"2018-11-13T09:00:00+00:00\" \/>\n<meta property=\"article:modified_time\" content=\"2019-09-24T15:09:10+00:00\" \/>\n<meta property=\"og:image\" content=\"https:\/\/www.suavinex.com\/livingsuavinex\/wp-content\/uploads\/2018\/11\/maria-berrozpe-foto-pilar-martinez-lactancia-y-sueno-del-bebe.jpg\" \/>\n\t<meta property=\"og:image:width\" content=\"875\" \/>\n\t<meta property=\"og:image:height\" content=\"521\" \/>\n\t<meta property=\"og:image:type\" content=\"image\/jpeg\" \/>\n<meta name=\"author\" content=\"Suavinex Central\" \/>\n<meta name=\"twitter:card\" content=\"summary_large_image\" \/>\n<meta name=\"twitter:creator\" content=\"@SuavinexSpain\" \/>\n<meta name=\"twitter:site\" content=\"@SuavinexSpain\" \/>\n<meta name=\"twitter:label1\" content=\"Escrito por\" \/>\n\t<meta name=\"twitter:data1\" content=\"Suavinex Central\" \/>\n\t<meta name=\"twitter:label2\" content=\"Tiempo de lectura\" \/>\n\t<meta name=\"twitter:data2\" content=\"4 minutos\" \/>\n<script type=\"application\/ld+json\" class=\"yoast-schema-graph\">{\"@context\":\"https:\/\/schema.org\",\"@graph\":[{\"@type\":\"Article\",\"@id\":\"https:\/\/www.suavinex.com\/livingsuavinex\/maria-berrozpe-lactancia-y-sueno-del-bebe\/#article\",\"isPartOf\":{\"@id\":\"https:\/\/www.suavinex.com\/livingsuavinex\/maria-berrozpe-lactancia-y-sueno-del-bebe\/\"},\"author\":{\"name\":\"Suavinex Central\",\"@id\":\"https:\/\/www.suavinex.com\/livingsuavinex\/#\/schema\/person\/836d83f4b1821b11b7b47cffd08f1ecb\"},\"headline\":\"Mar\u00eda Berrozpe presenta un nuevo paradigma en la relaci\u00f3n entre lactancia y sue\u00f1o del beb\u00e9\",\"datePublished\":\"2018-11-13T09:00:00+00:00\",\"dateModified\":\"2019-09-24T15:09:10+00:00\",\"mainEntityOfPage\":{\"@id\":\"https:\/\/www.suavinex.com\/livingsuavinex\/maria-berrozpe-lactancia-y-sueno-del-bebe\/\"},\"wordCount\":880,\"commentCount\":0,\"publisher\":{\"@id\":\"https:\/\/www.suavinex.com\/livingsuavinex\/#organization\"},\"image\":{\"@id\":\"https:\/\/www.suavinex.com\/livingsuavinex\/maria-berrozpe-lactancia-y-sueno-del-bebe\/#primaryimage\"},\"thumbnailUrl\":\"https:\/\/www.suavinex.com\/livingsuavinex\/wp-content\/uploads\/2018\/11\/maria-berrozpe-foto-pilar-martinez-lactancia-y-sueno-del-bebe.jpg\",\"keywords\":[\"Beb\u00e9\",\"Embarazo\",\"Lactancia\",\"Maternidad\",\"Mujer\",\"Postparto\"],\"articleSection\":[\"Lactancia\"],\"inLanguage\":\"es\"},{\"@type\":\"WebPage\",\"@id\":\"https:\/\/www.suavinex.com\/livingsuavinex\/maria-berrozpe-lactancia-y-sueno-del-bebe\/\",\"url\":\"https:\/\/www.suavinex.com\/livingsuavinex\/maria-berrozpe-lactancia-y-sueno-del-bebe\/\",\"name\":\"Mar\u00eda Berrozpe expone la relaci\u00f3n entre lactancia y sue\u00f1o del beb\u00e9\",\"isPartOf\":{\"@id\":\"https:\/\/www.suavinex.com\/livingsuavinex\/#website\"},\"primaryImageOfPage\":{\"@id\":\"https:\/\/www.suavinex.com\/livingsuavinex\/maria-berrozpe-lactancia-y-sueno-del-bebe\/#primaryimage\"},\"image\":{\"@id\":\"https:\/\/www.suavinex.com\/livingsuavinex\/maria-berrozpe-lactancia-y-sueno-del-bebe\/#primaryimage\"},\"thumbnailUrl\":\"https:\/\/www.suavinex.com\/livingsuavinex\/wp-content\/uploads\/2018\/11\/maria-berrozpe-foto-pilar-martinez-lactancia-y-sueno-del-bebe.jpg\",\"datePublished\":\"2018-11-13T09:00:00+00:00\",\"dateModified\":\"2019-09-24T15:09:10+00:00\",\"description\":\"La Doctora Mar\u00eda Berrozpe expuso en el II Congreso de Lactancia Suavinex un nuevo paradigma en la relaci\u00f3n entre lactacia y sue\u00f1o del beb\u00e9. Te lo contamos.\",\"breadcrumb\":{\"@id\":\"https:\/\/www.suavinex.com\/livingsuavinex\/maria-berrozpe-lactancia-y-sueno-del-bebe\/#breadcrumb\"},\"inLanguage\":\"es\",\"potentialAction\":[{\"@type\":\"ReadAction\",\"target\":[\"https:\/\/www.suavinex.com\/livingsuavinex\/maria-berrozpe-lactancia-y-sueno-del-bebe\/\"]}]},{\"@type\":\"ImageObject\",\"inLanguage\":\"es\",\"@id\":\"https:\/\/www.suavinex.com\/livingsuavinex\/maria-berrozpe-lactancia-y-sueno-del-bebe\/#primaryimage\",\"url\":\"https:\/\/www.suavinex.com\/livingsuavinex\/wp-content\/uploads\/2018\/11\/maria-berrozpe-foto-pilar-martinez-lactancia-y-sueno-del-bebe.jpg\",\"contentUrl\":\"https:\/\/www.suavinex.com\/livingsuavinex\/wp-content\/uploads\/2018\/11\/maria-berrozpe-foto-pilar-martinez-lactancia-y-sueno-del-bebe.jpg\",\"width\":875,\"height\":521},{\"@type\":\"BreadcrumbList\",\"@id\":\"https:\/\/www.suavinex.com\/livingsuavinex\/maria-berrozpe-lactancia-y-sueno-del-bebe\/#breadcrumb\",\"itemListElement\":[{\"@type\":\"ListItem\",\"position\":1,\"name\":\"Portada\",\"item\":\"https:\/\/www.suavinex.com\/livingsuavinex\/\"},{\"@type\":\"ListItem\",\"position\":2,\"name\":\"Mar\u00eda Berrozpe presenta un nuevo paradigma en la relaci\u00f3n entre lactancia y sue\u00f1o del beb\u00e9\"}]},{\"@type\":\"WebSite\",\"@id\":\"https:\/\/www.suavinex.com\/livingsuavinex\/#website\",\"url\":\"https:\/\/www.suavinex.com\/livingsuavinex\/\",\"name\":\"Living Suavinex\",\"description\":\"| Familias reales\",\"publisher\":{\"@id\":\"https:\/\/www.suavinex.com\/livingsuavinex\/#organization\"},\"potentialAction\":[{\"@type\":\"SearchAction\",\"target\":{\"@type\":\"EntryPoint\",\"urlTemplate\":\"https:\/\/www.suavinex.com\/livingsuavinex\/?s={search_term_string}\"},\"query-input\":{\"@type\":\"PropertyValueSpecification\",\"valueRequired\":true,\"valueName\":\"search_term_string\"}}],\"inLanguage\":\"es\"},{\"@type\":\"Organization\",\"@id\":\"https:\/\/www.suavinex.com\/livingsuavinex\/#organization\",\"name\":\"Suavinex\",\"url\":\"https:\/\/www.suavinex.com\/livingsuavinex\/\",\"logo\":{\"@type\":\"ImageObject\",\"inLanguage\":\"es\",\"@id\":\"https:\/\/www.suavinex.com\/livingsuavinex\/#\/schema\/logo\/image\/\",\"url\":\"https:\/\/www.suavinex.com\/livingsuavinex\/wp-content\/uploads\/2018\/07\/living_sx_logo_mvl.png\",\"contentUrl\":\"https:\/\/www.suavinex.com\/livingsuavinex\/wp-content\/uploads\/2018\/07\/living_sx_logo_mvl.png\",\"width\":350,\"height\":70,\"caption\":\"Suavinex\"},\"image\":{\"@id\":\"https:\/\/www.suavinex.com\/livingsuavinex\/#\/schema\/logo\/image\/\"},\"sameAs\":[\"https:\/\/www.facebook.com\/SuavinexSpain\",\"https:\/\/x.com\/SuavinexSpain\",\"https:\/\/www.instagram.com\/suavinex_spain\/\",\"https:\/\/www.pinterest.es\/SuavinexSpain\/\",\"https:\/\/www.youtube.com\/channel\/UCgeJREx2R_ZvV2aQMrfWgcA\"]},{\"@type\":\"Person\",\"@id\":\"https:\/\/www.suavinex.com\/livingsuavinex\/#\/schema\/person\/836d83f4b1821b11b7b47cffd08f1ecb\",\"name\":\"Suavinex Central\",\"image\":{\"@type\":\"ImageObject\",\"inLanguage\":\"es\",\"@id\":\"https:\/\/www.suavinex.com\/livingsuavinex\/#\/schema\/person\/image\/\",\"url\":\"https:\/\/secure.gravatar.com\/avatar\/bd43680b784882668035add29f959967?s=96&d=mm&r=g\",\"contentUrl\":\"https:\/\/secure.gravatar.com\/avatar\/bd43680b784882668035add29f959967?s=96&d=mm&r=g\",\"caption\":\"Suavinex Central\"}}]}<\/script>\n<!-- \/ Yoast SEO plugin. -->","yoast_head_json":{"title":"Mar\u00eda Berrozpe expone la relaci\u00f3n entre lactancia y sue\u00f1o del beb\u00e9","description":"La Doctora Mar\u00eda Berrozpe expuso en el II Congreso de Lactancia Suavinex un nuevo paradigma en la relaci\u00f3n entre lactacia y sue\u00f1o del beb\u00e9. Te lo contamos.","robots":{"index":"index","follow":"follow","max-snippet":"max-snippet:-1","max-image-preview":"max-image-preview:large","max-video-preview":"max-video-preview:-1"},"canonical":"https:\/\/www.suavinex.com\/livingsuavinex\/maria-berrozpe-lactancia-y-sueno-del-bebe\/","og_locale":"es_ES","og_type":"article","og_title":"Mar\u00eda Berrozpe expone la relaci\u00f3n entre lactancia y sue\u00f1o del beb\u00e9","og_description":"La Doctora Mar\u00eda Berrozpe expuso en el II Congreso de Lactancia Suavinex un nuevo paradigma en la relaci\u00f3n entre lactacia y sue\u00f1o del beb\u00e9. Te lo contamos.","og_url":"https:\/\/www.suavinex.com\/livingsuavinex\/maria-berrozpe-lactancia-y-sueno-del-bebe\/","og_site_name":"Living Suavinex","article_publisher":"https:\/\/www.facebook.com\/SuavinexSpain","article_published_time":"2018-11-13T09:00:00+00:00","article_modified_time":"2019-09-24T15:09:10+00:00","og_image":[{"width":875,"height":521,"url":"https:\/\/www.suavinex.com\/livingsuavinex\/wp-content\/uploads\/2018\/11\/maria-berrozpe-foto-pilar-martinez-lactancia-y-sueno-del-bebe.jpg","type":"image\/jpeg"}],"author":"Suavinex Central","twitter_card":"summary_large_image","twitter_creator":"@SuavinexSpain","twitter_site":"@SuavinexSpain","twitter_misc":{"Escrito por":"Suavinex Central","Tiempo de lectura":"4 minutos"},"schema":{"@context":"https:\/\/schema.org","@graph":[{"@type":"Article","@id":"https:\/\/www.suavinex.com\/livingsuavinex\/maria-berrozpe-lactancia-y-sueno-del-bebe\/#article","isPartOf":{"@id":"https:\/\/www.suavinex.com\/livingsuavinex\/maria-berrozpe-lactancia-y-sueno-del-bebe\/"},"author":{"name":"Suavinex Central","@id":"https:\/\/www.suavinex.com\/livingsuavinex\/#\/schema\/person\/836d83f4b1821b11b7b47cffd08f1ecb"},"headline":"Mar\u00eda Berrozpe presenta un nuevo paradigma en la relaci\u00f3n entre lactancia y sue\u00f1o del beb\u00e9","datePublished":"2018-11-13T09:00:00+00:00","dateModified":"2019-09-24T15:09:10+00:00","mainEntityOfPage":{"@id":"https:\/\/www.suavinex.com\/livingsuavinex\/maria-berrozpe-lactancia-y-sueno-del-bebe\/"},"wordCount":880,"commentCount":0,"publisher":{"@id":"https:\/\/www.suavinex.com\/livingsuavinex\/#organization"},"image":{"@id":"https:\/\/www.suavinex.com\/livingsuavinex\/maria-berrozpe-lactancia-y-sueno-del-bebe\/#primaryimage"},"thumbnailUrl":"https:\/\/www.suavinex.com\/livingsuavinex\/wp-content\/uploads\/2018\/11\/maria-berrozpe-foto-pilar-martinez-lactancia-y-sueno-del-bebe.jpg","keywords":["Beb\u00e9","Embarazo","Lactancia","Maternidad","Mujer","Postparto"],"articleSection":["Lactancia"],"inLanguage":"es"},{"@type":"WebPage","@id":"https:\/\/www.suavinex.com\/livingsuavinex\/maria-berrozpe-lactancia-y-sueno-del-bebe\/","url":"https:\/\/www.suavinex.com\/livingsuavinex\/maria-berrozpe-lactancia-y-sueno-del-bebe\/","name":"Mar\u00eda Berrozpe expone la relaci\u00f3n entre lactancia y sue\u00f1o del beb\u00e9","isPartOf":{"@id":"https:\/\/www.suavinex.com\/livingsuavinex\/#website"},"primaryImageOfPage":{"@id":"https:\/\/www.suavinex.com\/livingsuavinex\/maria-berrozpe-lactancia-y-sueno-del-bebe\/#primaryimage"},"image":{"@id":"https:\/\/www.suavinex.com\/livingsuavinex\/maria-berrozpe-lactancia-y-sueno-del-bebe\/#primaryimage"},"thumbnailUrl":"https:\/\/www.suavinex.com\/livingsuavinex\/wp-content\/uploads\/2018\/11\/maria-berrozpe-foto-pilar-martinez-lactancia-y-sueno-del-bebe.jpg","datePublished":"2018-11-13T09:00:00+00:00","dateModified":"2019-09-24T15:09:10+00:00","description":"La Doctora Mar\u00eda Berrozpe expuso en el II Congreso de Lactancia Suavinex un nuevo paradigma en la relaci\u00f3n entre lactacia y sue\u00f1o del beb\u00e9. Te lo contamos.","breadcrumb":{"@id":"https:\/\/www.suavinex.com\/livingsuavinex\/maria-berrozpe-lactancia-y-sueno-del-bebe\/#breadcrumb"},"inLanguage":"es","potentialAction":[{"@type":"ReadAction","target":["https:\/\/www.suavinex.com\/livingsuavinex\/maria-berrozpe-lactancia-y-sueno-del-bebe\/"]}]},{"@type":"ImageObject","inLanguage":"es","@id":"https:\/\/www.suavinex.com\/livingsuavinex\/maria-berrozpe-lactancia-y-sueno-del-bebe\/#primaryimage","url":"https:\/\/www.suavinex.com\/livingsuavinex\/wp-content\/uploads\/2018\/11\/maria-berrozpe-foto-pilar-martinez-lactancia-y-sueno-del-bebe.jpg","contentUrl":"https:\/\/www.suavinex.com\/livingsuavinex\/wp-content\/uploads\/2018\/11\/maria-berrozpe-foto-pilar-martinez-lactancia-y-sueno-del-bebe.jpg","width":875,"height":521},{"@type":"BreadcrumbList","@id":"https:\/\/www.suavinex.com\/livingsuavinex\/maria-berrozpe-lactancia-y-sueno-del-bebe\/#breadcrumb","itemListElement":[{"@type":"ListItem","position":1,"name":"Portada","item":"https:\/\/www.suavinex.com\/livingsuavinex\/"},{"@type":"ListItem","position":2,"name":"Mar\u00eda Berrozpe presenta un nuevo paradigma en la relaci\u00f3n entre lactancia y sue\u00f1o del beb\u00e9"}]},{"@type":"WebSite","@id":"https:\/\/www.suavinex.com\/livingsuavinex\/#website","url":"https:\/\/www.suavinex.com\/livingsuavinex\/","name":"Living Suavinex","description":"| Familias reales","publisher":{"@id":"https:\/\/www.suavinex.com\/livingsuavinex\/#organization"},"potentialAction":[{"@type":"SearchAction","target":{"@type":"EntryPoint","urlTemplate":"https:\/\/www.suavinex.com\/livingsuavinex\/?s={search_term_string}"},"query-input":{"@type":"PropertyValueSpecification","valueRequired":true,"valueName":"search_term_string"}}],"inLanguage":"es"},{"@type":"Organization","@id":"https:\/\/www.suavinex.com\/livingsuavinex\/#organization","name":"Suavinex","url":"https:\/\/www.suavinex.com\/livingsuavinex\/","logo":{"@type":"ImageObject","inLanguage":"es","@id":"https:\/\/www.suavinex.com\/livingsuavinex\/#\/schema\/logo\/image\/","url":"https:\/\/www.suavinex.com\/livingsuavinex\/wp-content\/uploads\/2018\/07\/living_sx_logo_mvl.png","contentUrl":"https:\/\/www.suavinex.com\/livingsuavinex\/wp-content\/uploads\/2018\/07\/living_sx_logo_mvl.png","width":350,"height":70,"caption":"Suavinex"},"image":{"@id":"https:\/\/www.suavinex.com\/livingsuavinex\/#\/schema\/logo\/image\/"},"sameAs":["https:\/\/www.facebook.com\/SuavinexSpain","https:\/\/x.com\/SuavinexSpain","https:\/\/www.instagram.com\/suavinex_spain\/","https:\/\/www.pinterest.es\/SuavinexSpain\/","https:\/\/www.youtube.com\/channel\/UCgeJREx2R_ZvV2aQMrfWgcA"]},{"@type":"Person","@id":"https:\/\/www.suavinex.com\/livingsuavinex\/#\/schema\/person\/836d83f4b1821b11b7b47cffd08f1ecb","name":"Suavinex Central","image":{"@type":"ImageObject","inLanguage":"es","@id":"https:\/\/www.suavinex.com\/livingsuavinex\/#\/schema\/person\/image\/","url":"https:\/\/secure.gravatar.com\/avatar\/bd43680b784882668035add29f959967?s=96&d=mm&r=g","contentUrl":"https:\/\/secure.gravatar.com\/avatar\/bd43680b784882668035add29f959967?s=96&d=mm&r=g","caption":"Suavinex Central"}}]}},"_links":{"self":[{"href":"https:\/\/www.suavinex.com\/livingsuavinex\/wp-json\/wp\/v2\/posts\/33021","targetHints":{"allow":["GET"]}}],"collection":[{"href":"https:\/\/www.suavinex.com\/livingsuavinex\/wp-json\/wp\/v2\/posts"}],"about":[{"href":"https:\/\/www.suavinex.com\/livingsuavinex\/wp-json\/wp\/v2\/types\/post"}],"author":[{"embeddable":true,"href":"https:\/\/www.suavinex.com\/livingsuavinex\/wp-json\/wp\/v2\/users\/295"}],"replies":[{"embeddable":true,"href":"https:\/\/www.suavinex.com\/livingsuavinex\/wp-json\/wp\/v2\/comments?post=33021"}],"version-history":[{"count":5,"href":"https:\/\/www.suavinex.com\/livingsuavinex\/wp-json\/wp\/v2\/posts\/33021\/revisions"}],"predecessor-version":[{"id":39810,"href":"https:\/\/www.suavinex.com\/livingsuavinex\/wp-json\/wp\/v2\/posts\/33021\/revisions\/39810"}],"wp:featuredmedia":[{"embeddable":true,"href":"https:\/\/www.suavinex.com\/livingsuavinex\/wp-json\/wp\/v2\/media\/33029"}],"wp:attachment":[{"href":"https:\/\/www.suavinex.com\/livingsuavinex\/wp-json\/wp\/v2\/media?parent=33021"}],"wp:term":[{"taxonomy":"category","embeddable":true,"href":"https:\/\/www.suavinex.com\/livingsuavinex\/wp-json\/wp\/v2\/categories?post=33021"},{"taxonomy":"post_tag","embeddable":true,"href":"https:\/\/www.suavinex.com\/livingsuavinex\/wp-json\/wp\/v2\/tags?post=33021"}],"curies":[{"name":"wp","href":"https:\/\/api.w.org\/{rel}","templated":true}]}}