{"id":30352,"date":"2023-01-13T08:30:32","date_gmt":"2023-01-13T07:30:32","guid":{"rendered":"https:\/\/www.suavinex.com\/livingsuavinex\/?p=30352"},"modified":"2024-05-09T16:11:38","modified_gmt":"2024-05-09T14:11:38","slug":"conciliacion-familiar","status":"publish","type":"post","link":"https:\/\/www.suavinex.com\/livingsuavinex\/conciliacion-familiar\/","title":{"rendered":"Medidas que favorecen la conciliaci\u00f3n laboral y familiar"},"content":{"rendered":"\n<p>Es innegable que en los \u00faltimos tiempos ha habido un <strong>descenso importante de la natalidad<\/strong> y que la tendencia sigue siendo a la baja. Hay muchos factores, econ\u00f3micos y sociales, que influyen en esto. Uno de ellos, es la <strong>dificultad para conciliar la vida laboral<\/strong> y familiar.<\/p>\n\n\n\n<p>En estos tiempos, la crianza y la educaci\u00f3n, as\u00ed como las actividades de ocio y el descanso, <strong>ocupan el lugar central <\/strong>que no han tenido en mucho tiempo. Las personas j\u00f3venes buscan estar m\u00e1s presentes en la vida de sus hijos y afrontar la crianza de forma diferente a como lo hicieron sus padres, pero, para lograrlo, necesitan facilidades en otros aspectos de sus vidas. Es decir, necesitan <strong>mejoras en la conciliaci\u00f3n laboral y familiar<\/strong>.<\/p>\n\n\n\n<p>\u00bfRealmente es tan complicado poner en marcha medidas para la conciliaci\u00f3n familiar? En Suavinex hemos querido conocer la <strong>experiencia de Almudena Cazorla D\u00eda<\/strong>, una mam\u00e1 trabajadora que nos habla en nuestro canal de YouTube, de las dificultades que se pueden encontrar cuando se intenta conciliar la familia y el trabajo.<\/p>\n\n\n\n<blockquote class=\"wp-block-quote is-layout-flow wp-block-quote-is-layout-flow\">\n<p>\u201cLa conciliaci\u00f3n laboral es cuesti\u00f3n de organizaci\u00f3n\u201d &#8211; Almudena Cazorla D\u00eda, mam\u00e1 trabajadora.<\/p>\n<\/blockquote>\n\n\n\n<h2 class=\"wp-block-heading\"><strong>\u00bfQu\u00e9 es la conciliaci\u00f3n laboral y familiar?<\/strong><\/h2>\n\n\n\n<p>Cuando hablamos de conciliaci\u00f3n laboral y familiar, nos referimos a la capacidad de las personas para <strong>crear un equilibrio adecuado<\/strong> entre su vida personal y su profesi\u00f3n que les permita seguir realiz\u00e1ndose profesionalmente sin dejar de lado las responsabilidades (y placeres) familiares.<\/p>\n\n\n\n<p>8 para el trabajo, 8 para el descanso y 8 para el ocio, ser\u00eda el <strong>reparto ideal<\/strong> de las horas del d\u00eda, el cual deber\u00eda poder hacerse mediante la conciliaci\u00f3n familiar y laboral. Sin embargo, la realidad en muchos casos, es que las horas de trabajo se alargan y las del sue\u00f1o se acortan para que el resto de las responsabilidades puedan tener cabida.<\/p>\n\n\n\n<p>La <strong>conciliaci\u00f3n laboral<\/strong> busca que la ayuda de los <a href=\"https:\/\/www.suavinex.com\/livingsuavinex\/abuelos-crianza\/\">abuelos en la crianza<\/a>&nbsp;sea por placer y no por necesidad, que las&nbsp;<a href=\"https:\/\/www.suavinex.com\/livingsuavinex\/escuela-infantil\/\">escuelas infantiles nocturnas<\/a>&nbsp;sean circunstanciales y que los ni\u00f1os y ni\u00f1as pudieran pasar tiempo al aire libre en compa\u00f1\u00eda de sus progenitores.<\/p>\n\n\n\n<blockquote class=\"wp-block-quote is-layout-flow wp-block-quote-is-layout-flow\">\n<p>\u201cAl encontrarme fuera de mi ciudad natal, no puedo contar tanto con el apoyo familiar que me habr\u00eda gustado\u201d. &#8211; Almudena Cazorla D\u00eda, mam\u00e1 trabajadora.<\/p>\n<\/blockquote>\n\n\n\n<p>Las obligaciones laborales mandan y las funciones escolares, el primer d\u00eda de clase o las visitas m\u00e9dicas se convierten en un problema cuando <strong>deber\u00eda haber tiempo para todo<\/strong>.<\/p>\n\n\n\n<h2 class=\"wp-block-heading\"><strong>Medidas para conciliar m\u00e1s y mejor<\/strong><\/h2>\n\n\n\n<p>El objetivo de la conciliaci\u00f3n laboral y familiar es mejorar la calidad de vida de padres e hijos por igual. Para ello, las principales medidas propuestas rondan en torno a la <strong>duraci\u00f3n de la jornada laboral<\/strong>, conceptos como la&nbsp;<strong>bolsa de horas<\/strong>,&nbsp;la <strong>flexibilizaci\u00f3n<\/strong>&nbsp;de la jornada&nbsp;o el&nbsp;<strong>teletrabajo<\/strong>.<\/p>\n\n\n\n<p>Que una empresa tenga flexibilidad horaria, o un programa de teletrabajo, puede resultar definitivo a la hora de decidirse por un empleo, si la pareja tiene previsto tener hijos en un futuro, ya los est\u00e1n esperando o incluso cuando ya los tienen. Y aunque estas opciones han estado mejorando tras la pandemia de COVID-19, son muchas las empresas que a\u00fan insisten en modelos presenciales y horarios estrictos.<\/p>\n\n\n\n<blockquote class=\"wp-block-quote is-layout-flow wp-block-quote-is-layout-flow\">\n<p>\u201cEn el confinamiento empezamos con el teletrabajo y en mi empresa hablamos de la posibilidad de aplicarlo a mi incorporaci\u00f3n tras mi baja maternal.\u201d &#8211; Almudena Cazorla D\u00eda, mam\u00e1 trabajadora.<\/p>\n<\/blockquote>\n\n\n\n<p>Desde hace alg\u00fan tiempo diferentes fundaciones, asociaciones y colectivos que luchan por la conciliaci\u00f3n vienen solicitando la&nbsp;<strong>implementaci\u00f3n de medidas para conciliar.<\/strong>&nbsp;Algunas de ellas llevan tanto tiempo implantadas que necesitan una revisi\u00f3n. Otras, son novedosas y solo requieren un peque\u00f1o cambio de mentalidad.&nbsp; Son las siguientes:<\/p>\n\n\n\n<ul class=\"wp-block-list\">\n<li>Permisos\u00a0de <a href=\"https:\/\/www.suavinex.com\/livingsuavinex\/baja-maternal\/\">baja maternal<\/a>y <a href=\"https:\/\/www.suavinex.com\/livingsuavinex\/permiso-de-paternidad\/\">permiso de paternidad<\/a>.<\/li>\n\n\n\n<li><a href=\"https:\/\/www.suavinex.com\/livingsuavinex\/reducir-jornada-laboral\/\">Reducci\u00f3n de la jornada laboral<\/a>.<\/li>\n\n\n\n<li>Trabajo por objetivos en lugar de por horas.<\/li>\n\n\n\n<li>Facilitar el teletrabajo y acabar con el <a href=\"https:\/\/www.suavinex.com\/livingsuavinex\/presentismo-conciliacion\/\">presentismo<\/a>.<\/li>\n\n\n\n<li>Promover la jornada intensiva y la flexibilidad horaria.<\/li>\n\n\n\n<li>Acabar con las reuniones innecesarias y no programar las necesarias cerca de la hora de salida.<\/li>\n\n\n\n<li>Reducir la hora de la comida para finalizar antes la jornada.<\/li>\n\n\n\n<li>Decir adi\u00f3s a las horas extraordinarias.<\/li>\n<\/ul>\n\n\n\n<h2 class=\"wp-block-heading\"><strong>\u00bfCu\u00e1l es la soluci\u00f3n a los problemas de conciliaci\u00f3n laboral?<\/strong><\/h2>\n\n\n\n<p>Si, como sociedad, queremos que la conciliaci\u00f3n real sea un hecho,&nbsp;<strong>es necesaria una mayor implicaci\u00f3n de todos los actores.<\/strong>&nbsp;Promover la educaci\u00f3n en la igualdad y la <a href=\"https:\/\/www.suavinex.com\/livingsuavinex\/corresponsabilidad-crianza\/\">corresponsabilidad en la crianza<\/a> desde la primera infancia es crucial.<\/p>\n\n\n\n<p><strong>Padres, madres y escuelas<\/strong> tienen una gran labor por delante en ese sentido, pero tambi\u00e9n es necesario el apoyo del <strong>Gobierno y de las empresas<\/strong>.<\/p>\n\n\n\n<blockquote class=\"wp-block-quote is-layout-flow wp-block-quote-is-layout-flow\">\n<p>\u201cEn mi caso, debido a nuestras responsabilidades profesionales, yo organic\u00e9 con mi pareja que por las ma\u00f1anas yo me dedicar\u00eda m\u00e1s a la crianza y la casa y \u00e9l lo har\u00eda por las tardes para que yo pudiera trabajar por las tardes\u201d. &#8211; Almudena Cazorla D\u00eda, mam\u00e1 trabajadora.<\/p>\n<\/blockquote>\n\n\n\n<p>Siempre hemos percibido la conciliaci\u00f3n de la vida laboral con la vida privada como algo complejo, pero lo es a\u00fan m\u00e1s para las madres y padres trabajadores. Hay estudios que demuestran que los espa\u00f1oles tenemos jornadas m\u00e1s largas que otros pa\u00edses de nuestro entorno como Alemania, Reino Unido, Francia o Italia. Por lo tanto, probablemente lo m\u00e1s sensato ser\u00eda tratar de buscar un <strong>cambio en la cultura de las empresas<\/strong>, actualmente establecida en torno al presentismo laboral y en el cumplimiento (o sobrecumplimiento) de horarios.<\/p>\n\n\n\n<p>Como madres y padres, en un mercado laboral regido por estos conceptos, nos es <strong>imposible compaginar<\/strong> en ocasiones el cuidado de nuestros hijos con nuestra actividad profesional.&nbsp; La soluci\u00f3n, probablemente, deber\u00eda pasar por virar hacia una <strong>cultura de cumplimiento de objetivos<\/strong>, que nos permitiese poder elegir nuestro horario de trabajo libremente. Sabemos que esto no es f\u00e1cil y que requiere de un esfuerzo por parte de las empresas, que deben dar el primer paso, pero es la \u00fanica forma de que seamos libres de planificar nuestro d\u00eda a d\u00eda para disfrutar de nuestra familia y cumplir con nuestra vida laboral.<\/p>\n\n\n\n<p>Sin embargo, no todas las empresas podr\u00e1n permitirse esto sin un peque\u00f1o empuj\u00f3n econ\u00f3mico por parte del Gobierno. Hablamos de las PYMES, que podr\u00edan ver peligrar su capacidad para generar beneficios si se implementasen estos cambios sin un respaldo s\u00f3lido.<\/p>\n\n\n\n<p class=\"has-text-align-left\">Puedes ver la entrevista completa a Almudena Cazorla D\u00edaz @adealmudena en nuestro programa de <a href=\"https:\/\/www.youtube.com\/watch?v=8UykSikQw1U&amp;list=PLXh7ME5kxFS2vZxNGWyao_ifscmhHIcsg&amp;index=5\">Suavinex Out Loud Conciliaci\u00f3n laboral<\/a>, adem\u00e1s de nuestro segundo cap\u00edtulo sobre <a href=\"https:\/\/www.youtube.com\/watch?v=SGwNIM1fIyQ&amp;list=PLXh7ME5kxFS2vZxNGWyao_ifscmhHIcsg&amp;index=6\">conciliaci\u00f3n laboral II<\/a> con Ester Gonz\u00e1lez trabajadora en una cl\u00ednica dental en donde tambi\u00e9n flexibiliza la vida laboral y familiar de sus trabajadores.<\/p>\n\n\n\n<p class=\"has-text-align-center\"><iframe loading=\"lazy\" title=\"YouTube video player\" src=\"https:\/\/www.youtube.com\/embed\/8UykSikQw1U\" width=\"560\" height=\"315\" frameborder=\"0\" allowfullscreen=\"allowfullscreen\"><\/iframe><\/p>\n\n\n\n<p>Y para ti, \u00bf<strong>cu\u00e1les ser\u00edan las medidas m\u00e1s efectivas<\/strong> para poder seguir trabajando sin que tu sueldo se resienta mientras disfrutas de tu vida familiar?<\/p>\n","protected":false},"excerpt":{"rendered":"Es innegable que en los \u00faltimos tiempos ha habido un descenso importante de la natalidad y que la tendencia sigue siendo a la baja. Hay muchos factores, econ\u00f3micos y sociales, que influyen en esto. Uno de ellos, es la dificultad para conciliar la vida laboral y familiar. En estos tiempos,&#8230; <a class=\"view-article\" href=\"https:\/\/www.suavinex.com\/livingsuavinex\/conciliacion-familiar\/\">Ver art\u00edculo<\/a>","protected":false},"author":295,"featured_media":43590,"comment_status":"open","ping_status":"open","sticky":false,"template":"","format":"standard","meta":{"inline_featured_image":false,"footnotes":""},"categories":[2272],"tags":[2220,2263,9,191],"class_list":["post-30352","post","type-post","status-publish","format-standard","has-post-thumbnail","hentry","category-tips-crianza","tag-conciliacion","tag-familyrules","tag-maternidad","tag-paternidad"],"yoast_head":"<!-- This site is optimized with the Yoast SEO plugin v26.8 - https:\/\/yoast.com\/product\/yoast-seo-wordpress\/ -->\n<title>Medidas que favorecen la conciliaci\u00f3n laboral y familiar<\/title>\n<meta name=\"description\" content=\"La conciliaci\u00f3n familiar es un quebradero de cabeza habitual para muchas familias. Te contamos algunas medidas para conseguirla.\" \/>\n<meta name=\"robots\" content=\"index, follow, max-snippet:-1, max-image-preview:large, max-video-preview:-1\" \/>\n<link rel=\"canonical\" href=\"https:\/\/www.suavinex.com\/livingsuavinex\/conciliacion-familiar\/\" \/>\n<meta property=\"og:locale\" content=\"es_ES\" \/>\n<meta property=\"og:type\" content=\"article\" \/>\n<meta property=\"og:title\" content=\"Medidas que favorecen la conciliaci\u00f3n laboral y familiar\" \/>\n<meta property=\"og:description\" content=\"La conciliaci\u00f3n familiar es un quebradero de cabeza habitual para muchas familias. Te contamos algunas medidas para conseguirla.\" \/>\n<meta property=\"og:url\" content=\"https:\/\/www.suavinex.com\/livingsuavinex\/conciliacion-familiar\/\" \/>\n<meta property=\"og:site_name\" content=\"Living Suavinex\" \/>\n<meta property=\"article:publisher\" content=\"https:\/\/www.facebook.com\/SuavinexSpain\" \/>\n<meta property=\"article:published_time\" content=\"2023-01-13T07:30:32+00:00\" \/>\n<meta property=\"article:modified_time\" content=\"2024-05-09T14:11:38+00:00\" \/>\n<meta property=\"og:image\" content=\"https:\/\/www.suavinex.com\/livingsuavinex\/wp-content\/uploads\/2018\/09\/conciliacion-laboral.jpg\" \/>\n\t<meta property=\"og:image:width\" content=\"1200\" \/>\n\t<meta property=\"og:image:height\" content=\"800\" \/>\n\t<meta property=\"og:image:type\" content=\"image\/jpeg\" \/>\n<meta name=\"author\" content=\"Suavinex Central\" \/>\n<meta name=\"twitter:card\" content=\"summary_large_image\" \/>\n<meta name=\"twitter:creator\" content=\"@SuavinexSpain\" \/>\n<meta name=\"twitter:site\" content=\"@SuavinexSpain\" \/>\n<meta name=\"twitter:label1\" content=\"Escrito por\" \/>\n\t<meta name=\"twitter:data1\" content=\"Suavinex Central\" \/>\n\t<meta name=\"twitter:label2\" content=\"Tiempo de lectura\" \/>\n\t<meta name=\"twitter:data2\" content=\"5 minutos\" \/>\n<script type=\"application\/ld+json\" class=\"yoast-schema-graph\">{\"@context\":\"https:\/\/schema.org\",\"@graph\":[{\"@type\":\"Article\",\"@id\":\"https:\/\/www.suavinex.com\/livingsuavinex\/conciliacion-familiar\/#article\",\"isPartOf\":{\"@id\":\"https:\/\/www.suavinex.com\/livingsuavinex\/conciliacion-familiar\/\"},\"author\":{\"name\":\"Suavinex Central\",\"@id\":\"https:\/\/www.suavinex.com\/livingsuavinex\/#\/schema\/person\/836d83f4b1821b11b7b47cffd08f1ecb\"},\"headline\":\"Medidas que favorecen la conciliaci\u00f3n laboral y familiar\",\"datePublished\":\"2023-01-13T07:30:32+00:00\",\"dateModified\":\"2024-05-09T14:11:38+00:00\",\"mainEntityOfPage\":{\"@id\":\"https:\/\/www.suavinex.com\/livingsuavinex\/conciliacion-familiar\/\"},\"wordCount\":1189,\"commentCount\":0,\"publisher\":{\"@id\":\"https:\/\/www.suavinex.com\/livingsuavinex\/#organization\"},\"image\":{\"@id\":\"https:\/\/www.suavinex.com\/livingsuavinex\/conciliacion-familiar\/#primaryimage\"},\"thumbnailUrl\":\"https:\/\/www.suavinex.com\/livingsuavinex\/wp-content\/uploads\/2018\/09\/conciliacion-laboral.jpg\",\"keywords\":[\"Conciliaci\u00f3n\",\"FamilyRules\",\"Maternidad\",\"Paternidad\"],\"articleSection\":[\"Tips de crianza\"],\"inLanguage\":\"es\"},{\"@type\":\"WebPage\",\"@id\":\"https:\/\/www.suavinex.com\/livingsuavinex\/conciliacion-familiar\/\",\"url\":\"https:\/\/www.suavinex.com\/livingsuavinex\/conciliacion-familiar\/\",\"name\":\"Medidas que favorecen la conciliaci\u00f3n laboral y familiar\",\"isPartOf\":{\"@id\":\"https:\/\/www.suavinex.com\/livingsuavinex\/#website\"},\"primaryImageOfPage\":{\"@id\":\"https:\/\/www.suavinex.com\/livingsuavinex\/conciliacion-familiar\/#primaryimage\"},\"image\":{\"@id\":\"https:\/\/www.suavinex.com\/livingsuavinex\/conciliacion-familiar\/#primaryimage\"},\"thumbnailUrl\":\"https:\/\/www.suavinex.com\/livingsuavinex\/wp-content\/uploads\/2018\/09\/conciliacion-laboral.jpg\",\"datePublished\":\"2023-01-13T07:30:32+00:00\",\"dateModified\":\"2024-05-09T14:11:38+00:00\",\"description\":\"La conciliaci\u00f3n familiar es un quebradero de cabeza habitual para muchas familias. Te contamos algunas medidas para conseguirla.\",\"breadcrumb\":{\"@id\":\"https:\/\/www.suavinex.com\/livingsuavinex\/conciliacion-familiar\/#breadcrumb\"},\"inLanguage\":\"es\",\"potentialAction\":[{\"@type\":\"ReadAction\",\"target\":[\"https:\/\/www.suavinex.com\/livingsuavinex\/conciliacion-familiar\/\"]}]},{\"@type\":\"ImageObject\",\"inLanguage\":\"es\",\"@id\":\"https:\/\/www.suavinex.com\/livingsuavinex\/conciliacion-familiar\/#primaryimage\",\"url\":\"https:\/\/www.suavinex.com\/livingsuavinex\/wp-content\/uploads\/2018\/09\/conciliacion-laboral.jpg\",\"contentUrl\":\"https:\/\/www.suavinex.com\/livingsuavinex\/wp-content\/uploads\/2018\/09\/conciliacion-laboral.jpg\",\"width\":1200,\"height\":800},{\"@type\":\"BreadcrumbList\",\"@id\":\"https:\/\/www.suavinex.com\/livingsuavinex\/conciliacion-familiar\/#breadcrumb\",\"itemListElement\":[{\"@type\":\"ListItem\",\"position\":1,\"name\":\"Portada\",\"item\":\"https:\/\/www.suavinex.com\/livingsuavinex\/\"},{\"@type\":\"ListItem\",\"position\":2,\"name\":\"Medidas que favorecen la conciliaci\u00f3n laboral y familiar\"}]},{\"@type\":\"WebSite\",\"@id\":\"https:\/\/www.suavinex.com\/livingsuavinex\/#website\",\"url\":\"https:\/\/www.suavinex.com\/livingsuavinex\/\",\"name\":\"Living Suavinex\",\"description\":\"| Familias reales\",\"publisher\":{\"@id\":\"https:\/\/www.suavinex.com\/livingsuavinex\/#organization\"},\"potentialAction\":[{\"@type\":\"SearchAction\",\"target\":{\"@type\":\"EntryPoint\",\"urlTemplate\":\"https:\/\/www.suavinex.com\/livingsuavinex\/?s={search_term_string}\"},\"query-input\":{\"@type\":\"PropertyValueSpecification\",\"valueRequired\":true,\"valueName\":\"search_term_string\"}}],\"inLanguage\":\"es\"},{\"@type\":\"Organization\",\"@id\":\"https:\/\/www.suavinex.com\/livingsuavinex\/#organization\",\"name\":\"Suavinex\",\"url\":\"https:\/\/www.suavinex.com\/livingsuavinex\/\",\"logo\":{\"@type\":\"ImageObject\",\"inLanguage\":\"es\",\"@id\":\"https:\/\/www.suavinex.com\/livingsuavinex\/#\/schema\/logo\/image\/\",\"url\":\"https:\/\/www.suavinex.com\/livingsuavinex\/wp-content\/uploads\/2018\/07\/living_sx_logo_mvl.png\",\"contentUrl\":\"https:\/\/www.suavinex.com\/livingsuavinex\/wp-content\/uploads\/2018\/07\/living_sx_logo_mvl.png\",\"width\":350,\"height\":70,\"caption\":\"Suavinex\"},\"image\":{\"@id\":\"https:\/\/www.suavinex.com\/livingsuavinex\/#\/schema\/logo\/image\/\"},\"sameAs\":[\"https:\/\/www.facebook.com\/SuavinexSpain\",\"https:\/\/x.com\/SuavinexSpain\",\"https:\/\/www.instagram.com\/suavinex_spain\/\",\"https:\/\/www.pinterest.es\/SuavinexSpain\/\",\"https:\/\/www.youtube.com\/channel\/UCgeJREx2R_ZvV2aQMrfWgcA\"]},{\"@type\":\"Person\",\"@id\":\"https:\/\/www.suavinex.com\/livingsuavinex\/#\/schema\/person\/836d83f4b1821b11b7b47cffd08f1ecb\",\"name\":\"Suavinex Central\",\"image\":{\"@type\":\"ImageObject\",\"inLanguage\":\"es\",\"@id\":\"https:\/\/www.suavinex.com\/livingsuavinex\/#\/schema\/person\/image\/\",\"url\":\"https:\/\/secure.gravatar.com\/avatar\/bd43680b784882668035add29f959967?s=96&d=mm&r=g\",\"contentUrl\":\"https:\/\/secure.gravatar.com\/avatar\/bd43680b784882668035add29f959967?s=96&d=mm&r=g\",\"caption\":\"Suavinex Central\"}}]}<\/script>\n<!-- \/ Yoast SEO plugin. -->","yoast_head_json":{"title":"Medidas que favorecen la conciliaci\u00f3n laboral y familiar","description":"La conciliaci\u00f3n familiar es un quebradero de cabeza habitual para muchas familias. Te contamos algunas medidas para conseguirla.","robots":{"index":"index","follow":"follow","max-snippet":"max-snippet:-1","max-image-preview":"max-image-preview:large","max-video-preview":"max-video-preview:-1"},"canonical":"https:\/\/www.suavinex.com\/livingsuavinex\/conciliacion-familiar\/","og_locale":"es_ES","og_type":"article","og_title":"Medidas que favorecen la conciliaci\u00f3n laboral y familiar","og_description":"La conciliaci\u00f3n familiar es un quebradero de cabeza habitual para muchas familias. Te contamos algunas medidas para conseguirla.","og_url":"https:\/\/www.suavinex.com\/livingsuavinex\/conciliacion-familiar\/","og_site_name":"Living Suavinex","article_publisher":"https:\/\/www.facebook.com\/SuavinexSpain","article_published_time":"2023-01-13T07:30:32+00:00","article_modified_time":"2024-05-09T14:11:38+00:00","og_image":[{"width":1200,"height":800,"url":"https:\/\/www.suavinex.com\/livingsuavinex\/wp-content\/uploads\/2018\/09\/conciliacion-laboral.jpg","type":"image\/jpeg"}],"author":"Suavinex Central","twitter_card":"summary_large_image","twitter_creator":"@SuavinexSpain","twitter_site":"@SuavinexSpain","twitter_misc":{"Escrito por":"Suavinex Central","Tiempo de lectura":"5 minutos"},"schema":{"@context":"https:\/\/schema.org","@graph":[{"@type":"Article","@id":"https:\/\/www.suavinex.com\/livingsuavinex\/conciliacion-familiar\/#article","isPartOf":{"@id":"https:\/\/www.suavinex.com\/livingsuavinex\/conciliacion-familiar\/"},"author":{"name":"Suavinex Central","@id":"https:\/\/www.suavinex.com\/livingsuavinex\/#\/schema\/person\/836d83f4b1821b11b7b47cffd08f1ecb"},"headline":"Medidas que favorecen la conciliaci\u00f3n laboral y familiar","datePublished":"2023-01-13T07:30:32+00:00","dateModified":"2024-05-09T14:11:38+00:00","mainEntityOfPage":{"@id":"https:\/\/www.suavinex.com\/livingsuavinex\/conciliacion-familiar\/"},"wordCount":1189,"commentCount":0,"publisher":{"@id":"https:\/\/www.suavinex.com\/livingsuavinex\/#organization"},"image":{"@id":"https:\/\/www.suavinex.com\/livingsuavinex\/conciliacion-familiar\/#primaryimage"},"thumbnailUrl":"https:\/\/www.suavinex.com\/livingsuavinex\/wp-content\/uploads\/2018\/09\/conciliacion-laboral.jpg","keywords":["Conciliaci\u00f3n","FamilyRules","Maternidad","Paternidad"],"articleSection":["Tips de crianza"],"inLanguage":"es"},{"@type":"WebPage","@id":"https:\/\/www.suavinex.com\/livingsuavinex\/conciliacion-familiar\/","url":"https:\/\/www.suavinex.com\/livingsuavinex\/conciliacion-familiar\/","name":"Medidas que favorecen la conciliaci\u00f3n laboral y familiar","isPartOf":{"@id":"https:\/\/www.suavinex.com\/livingsuavinex\/#website"},"primaryImageOfPage":{"@id":"https:\/\/www.suavinex.com\/livingsuavinex\/conciliacion-familiar\/#primaryimage"},"image":{"@id":"https:\/\/www.suavinex.com\/livingsuavinex\/conciliacion-familiar\/#primaryimage"},"thumbnailUrl":"https:\/\/www.suavinex.com\/livingsuavinex\/wp-content\/uploads\/2018\/09\/conciliacion-laboral.jpg","datePublished":"2023-01-13T07:30:32+00:00","dateModified":"2024-05-09T14:11:38+00:00","description":"La conciliaci\u00f3n familiar es un quebradero de cabeza habitual para muchas familias. Te contamos algunas medidas para conseguirla.","breadcrumb":{"@id":"https:\/\/www.suavinex.com\/livingsuavinex\/conciliacion-familiar\/#breadcrumb"},"inLanguage":"es","potentialAction":[{"@type":"ReadAction","target":["https:\/\/www.suavinex.com\/livingsuavinex\/conciliacion-familiar\/"]}]},{"@type":"ImageObject","inLanguage":"es","@id":"https:\/\/www.suavinex.com\/livingsuavinex\/conciliacion-familiar\/#primaryimage","url":"https:\/\/www.suavinex.com\/livingsuavinex\/wp-content\/uploads\/2018\/09\/conciliacion-laboral.jpg","contentUrl":"https:\/\/www.suavinex.com\/livingsuavinex\/wp-content\/uploads\/2018\/09\/conciliacion-laboral.jpg","width":1200,"height":800},{"@type":"BreadcrumbList","@id":"https:\/\/www.suavinex.com\/livingsuavinex\/conciliacion-familiar\/#breadcrumb","itemListElement":[{"@type":"ListItem","position":1,"name":"Portada","item":"https:\/\/www.suavinex.com\/livingsuavinex\/"},{"@type":"ListItem","position":2,"name":"Medidas que favorecen la conciliaci\u00f3n laboral y familiar"}]},{"@type":"WebSite","@id":"https:\/\/www.suavinex.com\/livingsuavinex\/#website","url":"https:\/\/www.suavinex.com\/livingsuavinex\/","name":"Living Suavinex","description":"| Familias reales","publisher":{"@id":"https:\/\/www.suavinex.com\/livingsuavinex\/#organization"},"potentialAction":[{"@type":"SearchAction","target":{"@type":"EntryPoint","urlTemplate":"https:\/\/www.suavinex.com\/livingsuavinex\/?s={search_term_string}"},"query-input":{"@type":"PropertyValueSpecification","valueRequired":true,"valueName":"search_term_string"}}],"inLanguage":"es"},{"@type":"Organization","@id":"https:\/\/www.suavinex.com\/livingsuavinex\/#organization","name":"Suavinex","url":"https:\/\/www.suavinex.com\/livingsuavinex\/","logo":{"@type":"ImageObject","inLanguage":"es","@id":"https:\/\/www.suavinex.com\/livingsuavinex\/#\/schema\/logo\/image\/","url":"https:\/\/www.suavinex.com\/livingsuavinex\/wp-content\/uploads\/2018\/07\/living_sx_logo_mvl.png","contentUrl":"https:\/\/www.suavinex.com\/livingsuavinex\/wp-content\/uploads\/2018\/07\/living_sx_logo_mvl.png","width":350,"height":70,"caption":"Suavinex"},"image":{"@id":"https:\/\/www.suavinex.com\/livingsuavinex\/#\/schema\/logo\/image\/"},"sameAs":["https:\/\/www.facebook.com\/SuavinexSpain","https:\/\/x.com\/SuavinexSpain","https:\/\/www.instagram.com\/suavinex_spain\/","https:\/\/www.pinterest.es\/SuavinexSpain\/","https:\/\/www.youtube.com\/channel\/UCgeJREx2R_ZvV2aQMrfWgcA"]},{"@type":"Person","@id":"https:\/\/www.suavinex.com\/livingsuavinex\/#\/schema\/person\/836d83f4b1821b11b7b47cffd08f1ecb","name":"Suavinex Central","image":{"@type":"ImageObject","inLanguage":"es","@id":"https:\/\/www.suavinex.com\/livingsuavinex\/#\/schema\/person\/image\/","url":"https:\/\/secure.gravatar.com\/avatar\/bd43680b784882668035add29f959967?s=96&d=mm&r=g","contentUrl":"https:\/\/secure.gravatar.com\/avatar\/bd43680b784882668035add29f959967?s=96&d=mm&r=g","caption":"Suavinex Central"}}]}},"_links":{"self":[{"href":"https:\/\/www.suavinex.com\/livingsuavinex\/wp-json\/wp\/v2\/posts\/30352","targetHints":{"allow":["GET"]}}],"collection":[{"href":"https:\/\/www.suavinex.com\/livingsuavinex\/wp-json\/wp\/v2\/posts"}],"about":[{"href":"https:\/\/www.suavinex.com\/livingsuavinex\/wp-json\/wp\/v2\/types\/post"}],"author":[{"embeddable":true,"href":"https:\/\/www.suavinex.com\/livingsuavinex\/wp-json\/wp\/v2\/users\/295"}],"replies":[{"embeddable":true,"href":"https:\/\/www.suavinex.com\/livingsuavinex\/wp-json\/wp\/v2\/comments?post=30352"}],"version-history":[{"count":10,"href":"https:\/\/www.suavinex.com\/livingsuavinex\/wp-json\/wp\/v2\/posts\/30352\/revisions"}],"predecessor-version":[{"id":45667,"href":"https:\/\/www.suavinex.com\/livingsuavinex\/wp-json\/wp\/v2\/posts\/30352\/revisions\/45667"}],"wp:featuredmedia":[{"embeddable":true,"href":"https:\/\/www.suavinex.com\/livingsuavinex\/wp-json\/wp\/v2\/media\/43590"}],"wp:attachment":[{"href":"https:\/\/www.suavinex.com\/livingsuavinex\/wp-json\/wp\/v2\/media?parent=30352"}],"wp:term":[{"taxonomy":"category","embeddable":true,"href":"https:\/\/www.suavinex.com\/livingsuavinex\/wp-json\/wp\/v2\/categories?post=30352"},{"taxonomy":"post_tag","embeddable":true,"href":"https:\/\/www.suavinex.com\/livingsuavinex\/wp-json\/wp\/v2\/tags?post=30352"}],"curies":[{"name":"wp","href":"https:\/\/api.w.org\/{rel}","templated":true}]}}