{"id":3007,"date":"2026-04-21T08:02:00","date_gmt":"2026-04-21T06:02:00","guid":{"rendered":"https:\/\/www.suavinex.com\/livingsuavinex\/?p=3007"},"modified":"2026-04-27T09:11:32","modified_gmt":"2026-04-27T07:11:32","slug":"dia_familia","status":"publish","type":"post","link":"https:\/\/www.suavinex.com\/livingsuavinex\/dia_familia\/","title":{"rendered":"D\u00eda de la Familia. Ideas para disfrutarlo al m\u00e1ximo."},"content":{"rendered":"\n<p>Aunque <strong>el D\u00eda de la Familia <\/strong>no es un d\u00eda muy conocido, merece la pena dedicar al menos un d\u00eda del a\u00f1o a reflexionar sobre la importancia del n\u00facleo familiar, el impacto que tiene sobre los m\u00e1s peque\u00f1os y qu\u00e9 podemos hacer para mejorar nuestras v\u00ednculos emocionales y relaciones con otros miembros de nuestra familia. En <a href=\"https:\/\/www.suavinex.com\/\" target=\"_blank\" rel=\"noreferrer noopener\">Suavinex <\/a><strong>queremos que disfrutes al m\u00e1ximo de esta celebrci\u00f3n<\/strong>, por eso vamos a contarte todo lo que necesitas saber sobre el D\u00eda de la Familia y las mejores ideas para disfrutar de este d\u00eda con los m\u00e1s peque\u00f1os.<\/p>\n\n\n\n<h2 class=\"wp-block-heading\">\u00bfCu\u00e1ndo es el D\u00eda de la Familia?<\/h2>\n\n\n\n<p>El D\u00eda Internacional de la Familia<strong> se celebra todos los a\u00f1os el 15 de mayo<\/strong> . Esta fecha fue establecida oficialmente por la Asamblea General de las Naciones Unidas en 1993, aunque la preocupaci\u00f3n por el bienestar de los n\u00facleos familiares ya era un tema recurrente en las agendas internacionales desde la d\u00e9cada de los 80.<\/p>\n\n\n\n<p>\u00bfY qu\u00e9 significa el D\u00eda Interncional de la Familia? Celebrar el dia internacional de la familia significa reconocer que <strong>la familia es la unidad b\u00e1sica de la sociedad<\/strong>. Su objetivo principal es concienciar a la poblaci\u00f3n y a los gobiernos sobre los procesos sociales, econ\u00f3micos y demogr\u00e1ficos que afectan a las familias. Es un d\u00eda para reflexionar sobre c\u00f3mo podemos proteger este entorno para <strong>que los ni\u00f1os crezcan en un ambiente de felicidad, amor y comprensi\u00f3n<\/strong>, garantizando su pleno desarrollo.<\/p>\n\n\n\n<h2 class=\"wp-block-heading\">Origen del D\u00eda Internacional de la familia<\/h2>\n\n\n\n<p>El origen del D\u00eda Internacional de la familia se remonta a 1983, cuando el Consejo Econ\u00f3mico y Social de las Naciones Unidas empez\u00f3 a recomendar que se prestara m\u00e1s atenci\u00f3n a los problemas de la familia. Sin embargo, no fue hasta la resoluci\u00f3n del<strong> 20 de septiembre de 1993 <\/strong>cuando se proclam\u00f3 oficialmente el 15 de mayo como la fecha de celebraci\u00f3n.<\/p>\n\n\n\n<p>Esta iniciativa surgi\u00f3 de la necesidad de<strong> promover una mayor concienciaci\u00f3n sobre las cuestiones relativas a las familias <\/strong>y de favorecer la capacidad de las naciones para aplicar pol\u00edticas globales que respondan a sus necesidades. Desde entonces, cada 15 de mayo se organizan conferencias y programas en todo el mundo para <strong>visibilizar la diversidad y la importancia de este grupo social<\/strong>.<\/p>\n\n\n\n<h2 class=\"wp-block-heading\">\u00bfQu\u00e9 es una familia?<\/h2>\n\n\n\n<p>Hoy en d\u00eda, el concepto de familia ha evolucionado para abrazar la realidad diversa de nuestra sociedad. Atr\u00e1s qued\u00f3 la definici\u00f3n limitada que solo contemplaba el modelo tradicional. Actualmente, entendemos por familia a <strong>un grupo de personas unidas por lazos de parentesco<\/strong>, ya sean consangu\u00edneos, afectivos, de alianza o de filiaci\u00f3n (adoptiva o biol\u00f3gica).<\/p>\n\n\n\n<p>Lo que realmente define a una familia no es su composici\u00f3n, sino<strong> el v\u00ednculo emocional y el compromiso de cuidado mutuo<\/strong>. Esto incluye:<\/p>\n\n\n\n<ul class=\"wp-block-list\">\n<li><a href=\"https:\/\/www.suavinex.com\/livingsuavinex\/que-es-una-familia-monoparental\/\" target=\"_blank\" rel=\"noreferrer noopener\">Familias monoparentales<\/a>.<\/li>\n\n\n\n<li>Familias homoparentales y de identidades de g\u00e9nero variadas.<\/li>\n\n\n\n<li>Familias reconstituidas o extensas.<\/li>\n\n\n\n<li>Familias elegidas, donde el afecto prima sobre la sangre.<\/li>\n<\/ul>\n\n\n\n<p>Sin importar si es una <a href=\"https:\/\/www.suavinex.com\/livingsuavinex\/beneficios-familia-numerosa\/\" target=\"_blank\" rel=\"noreferrer noopener\">familia numerosa<\/a>, una <a href=\"https:\/\/www.suavinex.com\/livingsuavinex\/hijos-unicos\/\" target=\"_blank\" rel=\"noreferrer noopener\">familia con hijos \u00fanicos<\/a> o qu\u00e9 integrantes la forman, la familia es <strong>el espacio privilegiado donde los m\u00e1s peque\u00f1os aprenden a ser personas<\/strong>, reciben educaci\u00f3n en valores y encuentran la seguridad necesaria para explorar el mundo.<\/p>\n\n\n\n<h2 class=\"wp-block-heading\">Lemas del D\u00eda Internacional de la Familia<\/h2>\n\n\n\n<p><strong>Cada a\u00f1o se incide en un tema concreto <\/strong>para invitar a la reflexi\u00f3n y promover ideas que puedan ayudar a mejorar las distintas situaciones que se plantean.&nbsp; \u201cLas madres y las familias: retos en un mundo cambiante\u201d, \u201clas repercusiones de las migraciones en las familias del mundo\u201d, \u201clucha contra la pobreza de las familias y la exclusi\u00f3n social\u201d o \u201cel impacto de las nuevas tecnolog\u00edas en el bienestar de las familias\u201d son algunos de los temas que se han tratado en los \u00faltimos a\u00f1os.<\/p>\n\n\n\n<p>La familia tiene un incalculable valor como unidad b\u00e1sica de la sociedad en la que vivimos. El primer espacio social al que pertenecemos es nuestra familia, y es ah\u00ed de donde deben partir algunos de los<strong> pilares fundamentales que nos constituir\u00e1n como personas<\/strong>.<\/p>\n\n\n\n<h2 class=\"wp-block-heading\">Ideas para celebrar el D\u00eda Internacional de la Familia<\/h2>\n\n\n\n<p>Celebrar este d\u00eda no tiene por qu\u00e9 ser complicado, y se pueden hacer muchos <a href=\"https:\/\/www.suavinex.com\/livingsuavinex\/planes-ninos-casa\/\" target=\"_blank\" rel=\"noreferrer noopener\">planes con ni\u00f1os para divertirse sin salir de casa<\/a>. Lo m\u00e1s importante es la <strong>presencia consciente<\/strong>. Aqu\u00ed te dejamos algunas ideas para honrar este <strong>15 de mayo D\u00eda Internacional de la Familia<\/strong>:<\/p>\n\n\n\n<ol class=\"wp-block-list\">\n<li><strong>\u00c1rbol geneal\u00f3gico visual:<\/strong> No solo para conocer los nombres de los antepasados, sino para contar historias sobre ellos. Es una forma preciosa de que los ni\u00f1os entiendan sus ra\u00edces.<\/li>\n\n\n\n<li><strong>C\u00e1psula del tiempo:<\/strong> Guardad en una caja un dibujo de los peques, una foto actual y una carta sobre vuestros deseos como familia. \u00a1Poned una fecha para abrirla dentro de 5 o 10 a\u00f1os!<\/li>\n\n\n\n<li><strong>Cine f\u00f3rum en el sal\u00f3n:<\/strong> Ved pel\u00edculas que traten la importancia del apoyo familiar como Coco, Encanto o Up. Despu\u00e9s, dedicad unos minutos a charlar sobre qu\u00e9 os ha ense\u00f1ado cada personaje.<\/li>\n<\/ol>\n\n\n\n<h3 class=\"wp-block-heading\">Actividades para el D\u00eda de la Familia<\/h3>\n\n\n\n<p>Si buscas <a href=\"https:\/\/www.suavinex.com\/livingsuavinex\/parenting\/planes-familia\/\" target=\"_blank\" rel=\"noreferrer noopener\">planes en familia<\/a> para el D\u00eda de la Familia que impliquen<strong> movimiento y diversi\u00f3n fuera de la rutina<\/strong>, toma nota de estas propuestas:<\/p>\n\n\n\n<ul class=\"wp-block-list\">\n<li><strong>Picnic tem\u00e1tico:<\/strong> Salid al parque con una cesta preparada. Pod\u00e9is jugar a \u00abb\u00fasqueda del tesoro\u00bb donde los ni\u00f1os tengan que encontrar elementos de la naturaleza (una piedra lisa, una hoja seca, una flor amarilla&#8230;).<\/li>\n\n\n\n<li><strong>Olimpiadas familiares:<\/strong> Carreras de sacos, el juego del pa\u00f1uelo o saltar a la comba. Lo importante es trabajar en equipo y disfrutar de las risas.<\/li>\n\n\n\n<li><strong>Cocinando juntos:<\/strong> Preparar <a href=\"https:\/\/www.suavinex.com\/livingsuavinex\/recetas-infantiles\/\" target=\"_blank\" rel=\"noreferrer noopener\">recetas infantiles para cocinar con y para los peques<\/a>, como unas galletas o una pizza casera, permite que los ni\u00f1os se sientan \u00fatiles y aprendan sobre cooperaci\u00f3n mientras se divierten entre harina.<\/li>\n<\/ul>\n\n\n\n<h3 class=\"wp-block-heading\">Manualidades para el D\u00eda de la Familia<\/h3>\n\n\n\n<p>Las manualidades son una herramienta fant\u00e1stica para desarrollar la creatividad de los ni\u00f1os y dejar un recuerdo f\u00edsico de este d\u00eda. Aqu\u00ed tienes ideas de <strong>manualidad del D\u00eda de la Familia sencilla y muy emotiva:<\/strong><\/p>\n\n\n\n<h4 class=\"wp-block-heading\">El \u00abBote de los momentos felices\u00bb<strong><\/strong><\/h4>\n\n\n\n<ol class=\"wp-block-list\">\n<li>Buscad un tarro de cristal o pl\u00e1stico transparente.<\/li>\n\n\n\n<li>Decoradlo juntos con pegatinas, lazos o pintura. Pod\u00e9is ponerle una etiqueta que diga \u00abnuestra familia\u00bb.<\/li>\n\n\n\n<li>Cortad trozos de papel de colores. Cada miembro de la familia debe escribir (o dibujar, si son muy peque\u00f1os) un recuerdo feliz que haya vivido con los dem\u00e1s.<\/li>\n\n\n\n<li>Meted los papeles en el bote. Pod\u00e9is abrirlo cada vez que alguien est\u00e9 triste o esperar al pr\u00f3ximo 15 de mayo para leerlos todos juntos.<\/li>\n<\/ol>\n\n\n\n<h4 class=\"wp-block-heading\">Recrear vuestra familia con materiales reciclables<\/h4>\n\n\n\n<p>Tambi\u00e9n pod\u00e9is aprovechar este d\u00eda para dar una segunda vida a los objetos que hay por casa para representar a cada miembro de la tribu. Aqu\u00ed tienes tres formas creativas de hacerlo:<\/p>\n\n\n\n<ol class=\"wp-block-list\">\n<li><strong>Buen rollo en la familia:<\/strong> Utilizad los rollos de cart\u00f3n del papel higi\u00e9nico y pintad cada rollo de un color diferente para el cuerpo y pegad una foto de vuestra cara en la parte superior, o dibujadla directamente. Pod\u00e9is a\u00f1adir trozos de lana para el pelo y retales de tela para la ropa. \u00a1Quedar\u00e1n genial en la estanter\u00eda!<\/li>\n\n\n\n<li><strong>La familia se queda \u201cde piedra\u201d:<\/strong> En vuestro pr\u00f3ximo paseo por el parque, recoged piedras lisas de diferentes tama\u00f1os. Una vez en casa, lavadlas y pintad con rotuladores permanentes los rasgos de cada familiar. Son perfectas como pisapapeles o para decorar macetas.<\/li>\n\n\n\n<li><strong>Mini-yo de cucharas de madera:<\/strong> Si ten\u00e9is cucharas viejas de madera en la cocina, pod\u00e9is convertirlas en marionetas. Dibujad la cara en la parte c\u00f3ncava y usad fieltro para hacerles vestidos o capas. Es una actividad ideal para luego montar una peque\u00f1a obra de teatro familiar.<\/li>\n<\/ol>\n\n\n\n<p>La familia es el lugar donde empezamos y al que siempre podemos volver. Aprovechar el D\u00eda Internacional de la Familia para detenernos, reflexionar y, sobre todo, jugar con los hijos, es <strong>el mejor regalo que pod\u00e9is haceros<\/strong>. En Suavinex sabemos que el camino de la crianza es intenso, pero son estos momentos de uni\u00f3n los que le dan todo el sentido. Esperamos que estas ideas te ayuden a <strong>disfrutar al m\u00e1ximo de tu familia este 15 de mayo<\/strong>.<\/p>\n\n\n\n<p><strong>Fuentes:<\/strong><\/p>\n\n\n\n<p><a href=\"https:\/\/www.un.org\/es\/observances\/international-day-of-families\" target=\"_blank\" rel=\"noreferrer noopener nofollow\">D\u00eda Internacional de las Familias &#8211; Naciones Unidas<\/a><\/p>\n\n\n\n<p><a href=\"https:\/\/olgarodriguez-olga.blogspot.com\/2011\/05\/dia-internacional-de-la-familia.html\" target=\"_blank\" rel=\"noreferrer noopener nofollow\">D\u00eda Internacional de la Familia &#8211; Olga Rodr\u00edguez<\/a><\/p>\n\n\n\n<p><a href=\"https:\/\/micuento.com\/blog\/manualidades-dia-familia-material-reciclable\/\" target=\"_blank\" rel=\"noreferrer noopener nofollow\">Manualidades del D\u00eda de la Familia con material reciclable &#8211; Blog MiCuento<\/a><\/p>\n\n\n\n<p><\/p>\n","protected":false},"excerpt":{"rendered":"Aunque el D\u00eda de la Familia no es un d\u00eda muy conocido, merece la pena dedicar al menos un d\u00eda del a\u00f1o a reflexionar sobre la importancia del n\u00facleo familiar, el impacto que tiene sobre los m\u00e1s peque\u00f1os y qu\u00e9 podemos hacer para mejorar nuestras v\u00ednculos emocionales y relaciones con&#8230; <a class=\"view-article\" href=\"https:\/\/www.suavinex.com\/livingsuavinex\/dia_familia\/\">Ver art\u00edculo<\/a>","protected":false},"author":288,"featured_media":42930,"comment_status":"open","ping_status":"open","sticky":false,"template":"","format":"standard","meta":{"inline_featured_image":false,"footnotes":""},"categories":[2274],"tags":[194],"class_list":["post-3007","post","type-post","status-publish","format-standard","has-post-thumbnail","hentry","category-planes-familia","tag-familia"],"yoast_head":"<!-- This site is optimized with the Yoast SEO plugin v26.8 - https:\/\/yoast.com\/product\/yoast-seo-wordpress\/ -->\n<title>D\u00eda Internacional de la Familia<\/title>\n<meta name=\"description\" content=\"\u00bfConoces el origen del D\u00eda Internacional de la Familia? Te contamos porque se celebra a\u00f1o tras a\u00f1o y algunas ideas para disfrutar en familia.\" \/>\n<meta name=\"robots\" content=\"index, follow, max-snippet:-1, max-image-preview:large, max-video-preview:-1\" \/>\n<link rel=\"canonical\" href=\"https:\/\/www.suavinex.com\/livingsuavinex\/dia_familia\/\" \/>\n<meta property=\"og:locale\" content=\"es_ES\" \/>\n<meta property=\"og:type\" content=\"article\" \/>\n<meta property=\"og:title\" content=\"D\u00eda Internacional de la Familia\" \/>\n<meta property=\"og:description\" content=\"\u00bfConoces el origen del D\u00eda Internacional de la Familia? Te contamos porque se celebra a\u00f1o tras a\u00f1o y algunas ideas para disfrutar en familia.\" \/>\n<meta property=\"og:url\" content=\"https:\/\/www.suavinex.com\/livingsuavinex\/dia_familia\/\" \/>\n<meta property=\"og:site_name\" content=\"Living Suavinex\" \/>\n<meta property=\"article:publisher\" content=\"https:\/\/www.facebook.com\/SuavinexSpain\" \/>\n<meta property=\"article:published_time\" content=\"2026-04-21T06:02:00+00:00\" \/>\n<meta property=\"article:modified_time\" content=\"2026-04-27T07:11:32+00:00\" \/>\n<meta property=\"og:image\" content=\"https:\/\/www.suavinex.com\/livingsuavinex\/wp-content\/uploads\/2012\/05\/dia-de-la-familia.png\" \/>\n\t<meta property=\"og:image:width\" content=\"1200\" \/>\n\t<meta property=\"og:image:height\" content=\"800\" \/>\n\t<meta property=\"og:image:type\" content=\"image\/png\" \/>\n<meta name=\"author\" content=\"Living Suavinex\" \/>\n<meta name=\"twitter:card\" content=\"summary_large_image\" \/>\n<meta name=\"twitter:creator\" content=\"@SuavinexSpain\" \/>\n<meta name=\"twitter:site\" content=\"@SuavinexSpain\" \/>\n<meta name=\"twitter:label1\" content=\"Escrito por\" \/>\n\t<meta name=\"twitter:data1\" content=\"Living Suavinex\" \/>\n\t<meta name=\"twitter:label2\" content=\"Tiempo de lectura\" \/>\n\t<meta name=\"twitter:data2\" content=\"7 minutos\" \/>\n<script type=\"application\/ld+json\" class=\"yoast-schema-graph\">{\"@context\":\"https:\/\/schema.org\",\"@graph\":[{\"@type\":\"Article\",\"@id\":\"https:\/\/www.suavinex.com\/livingsuavinex\/dia_familia\/#article\",\"isPartOf\":{\"@id\":\"https:\/\/www.suavinex.com\/livingsuavinex\/dia_familia\/\"},\"author\":{\"name\":\"Living Suavinex\",\"@id\":\"https:\/\/www.suavinex.com\/livingsuavinex\/#\/schema\/person\/64fd7b62c88b0024a3ceeffb47f07eb6\"},\"headline\":\"D\u00eda de la Familia. Ideas para disfrutarlo al m\u00e1ximo.\",\"datePublished\":\"2026-04-21T06:02:00+00:00\",\"dateModified\":\"2026-04-27T07:11:32+00:00\",\"mainEntityOfPage\":{\"@id\":\"https:\/\/www.suavinex.com\/livingsuavinex\/dia_familia\/\"},\"wordCount\":1457,\"commentCount\":0,\"publisher\":{\"@id\":\"https:\/\/www.suavinex.com\/livingsuavinex\/#organization\"},\"image\":{\"@id\":\"https:\/\/www.suavinex.com\/livingsuavinex\/dia_familia\/#primaryimage\"},\"thumbnailUrl\":\"https:\/\/www.suavinex.com\/livingsuavinex\/wp-content\/uploads\/2012\/05\/dia-de-la-familia.png\",\"keywords\":[\"Familia\"],\"articleSection\":[\"Planes en familia\"],\"inLanguage\":\"es\"},{\"@type\":\"WebPage\",\"@id\":\"https:\/\/www.suavinex.com\/livingsuavinex\/dia_familia\/\",\"url\":\"https:\/\/www.suavinex.com\/livingsuavinex\/dia_familia\/\",\"name\":\"D\u00eda Internacional de la Familia\",\"isPartOf\":{\"@id\":\"https:\/\/www.suavinex.com\/livingsuavinex\/#website\"},\"primaryImageOfPage\":{\"@id\":\"https:\/\/www.suavinex.com\/livingsuavinex\/dia_familia\/#primaryimage\"},\"image\":{\"@id\":\"https:\/\/www.suavinex.com\/livingsuavinex\/dia_familia\/#primaryimage\"},\"thumbnailUrl\":\"https:\/\/www.suavinex.com\/livingsuavinex\/wp-content\/uploads\/2012\/05\/dia-de-la-familia.png\",\"datePublished\":\"2026-04-21T06:02:00+00:00\",\"dateModified\":\"2026-04-27T07:11:32+00:00\",\"description\":\"\u00bfConoces el origen del D\u00eda Internacional de la Familia? Te contamos porque se celebra a\u00f1o tras a\u00f1o y algunas ideas para disfrutar en familia.\",\"breadcrumb\":{\"@id\":\"https:\/\/www.suavinex.com\/livingsuavinex\/dia_familia\/#breadcrumb\"},\"inLanguage\":\"es\",\"potentialAction\":[{\"@type\":\"ReadAction\",\"target\":[\"https:\/\/www.suavinex.com\/livingsuavinex\/dia_familia\/\"]}]},{\"@type\":\"ImageObject\",\"inLanguage\":\"es\",\"@id\":\"https:\/\/www.suavinex.com\/livingsuavinex\/dia_familia\/#primaryimage\",\"url\":\"https:\/\/www.suavinex.com\/livingsuavinex\/wp-content\/uploads\/2012\/05\/dia-de-la-familia.png\",\"contentUrl\":\"https:\/\/www.suavinex.com\/livingsuavinex\/wp-content\/uploads\/2012\/05\/dia-de-la-familia.png\",\"width\":1200,\"height\":800,\"caption\":\"D\u00eda internacional de la familia\"},{\"@type\":\"BreadcrumbList\",\"@id\":\"https:\/\/www.suavinex.com\/livingsuavinex\/dia_familia\/#breadcrumb\",\"itemListElement\":[{\"@type\":\"ListItem\",\"position\":1,\"name\":\"Portada\",\"item\":\"https:\/\/www.suavinex.com\/livingsuavinex\/\"},{\"@type\":\"ListItem\",\"position\":2,\"name\":\"D\u00eda de la Familia. Ideas para disfrutarlo al m\u00e1ximo.\"}]},{\"@type\":\"WebSite\",\"@id\":\"https:\/\/www.suavinex.com\/livingsuavinex\/#website\",\"url\":\"https:\/\/www.suavinex.com\/livingsuavinex\/\",\"name\":\"Living Suavinex\",\"description\":\"| Familias reales\",\"publisher\":{\"@id\":\"https:\/\/www.suavinex.com\/livingsuavinex\/#organization\"},\"potentialAction\":[{\"@type\":\"SearchAction\",\"target\":{\"@type\":\"EntryPoint\",\"urlTemplate\":\"https:\/\/www.suavinex.com\/livingsuavinex\/?s={search_term_string}\"},\"query-input\":{\"@type\":\"PropertyValueSpecification\",\"valueRequired\":true,\"valueName\":\"search_term_string\"}}],\"inLanguage\":\"es\"},{\"@type\":\"Organization\",\"@id\":\"https:\/\/www.suavinex.com\/livingsuavinex\/#organization\",\"name\":\"Suavinex\",\"url\":\"https:\/\/www.suavinex.com\/livingsuavinex\/\",\"logo\":{\"@type\":\"ImageObject\",\"inLanguage\":\"es\",\"@id\":\"https:\/\/www.suavinex.com\/livingsuavinex\/#\/schema\/logo\/image\/\",\"url\":\"https:\/\/www.suavinex.com\/livingsuavinex\/wp-content\/uploads\/2018\/07\/living_sx_logo_mvl.png\",\"contentUrl\":\"https:\/\/www.suavinex.com\/livingsuavinex\/wp-content\/uploads\/2018\/07\/living_sx_logo_mvl.png\",\"width\":350,\"height\":70,\"caption\":\"Suavinex\"},\"image\":{\"@id\":\"https:\/\/www.suavinex.com\/livingsuavinex\/#\/schema\/logo\/image\/\"},\"sameAs\":[\"https:\/\/www.facebook.com\/SuavinexSpain\",\"https:\/\/x.com\/SuavinexSpain\",\"https:\/\/www.instagram.com\/suavinex_spain\/\",\"https:\/\/www.pinterest.es\/SuavinexSpain\/\",\"https:\/\/www.youtube.com\/channel\/UCgeJREx2R_ZvV2aQMrfWgcA\"]},{\"@type\":\"Person\",\"@id\":\"https:\/\/www.suavinex.com\/livingsuavinex\/#\/schema\/person\/64fd7b62c88b0024a3ceeffb47f07eb6\",\"name\":\"Living Suavinex\",\"image\":{\"@type\":\"ImageObject\",\"inLanguage\":\"es\",\"@id\":\"https:\/\/www.suavinex.com\/livingsuavinex\/#\/schema\/person\/image\/\",\"url\":\"https:\/\/www.suavinex.com\/livingsuavinex\/wp-content\/uploads\/2017\/05\/Living-Suavinex_avatar-96x96.png\",\"contentUrl\":\"https:\/\/www.suavinex.com\/livingsuavinex\/wp-content\/uploads\/2017\/05\/Living-Suavinex_avatar-96x96.png\",\"caption\":\"Living Suavinex\"}}]}<\/script>\n<!-- \/ Yoast SEO plugin. -->","yoast_head_json":{"title":"D\u00eda Internacional de la Familia","description":"\u00bfConoces el origen del D\u00eda Internacional de la Familia? Te contamos porque se celebra a\u00f1o tras a\u00f1o y algunas ideas para disfrutar en familia.","robots":{"index":"index","follow":"follow","max-snippet":"max-snippet:-1","max-image-preview":"max-image-preview:large","max-video-preview":"max-video-preview:-1"},"canonical":"https:\/\/www.suavinex.com\/livingsuavinex\/dia_familia\/","og_locale":"es_ES","og_type":"article","og_title":"D\u00eda Internacional de la Familia","og_description":"\u00bfConoces el origen del D\u00eda Internacional de la Familia? Te contamos porque se celebra a\u00f1o tras a\u00f1o y algunas ideas para disfrutar en familia.","og_url":"https:\/\/www.suavinex.com\/livingsuavinex\/dia_familia\/","og_site_name":"Living Suavinex","article_publisher":"https:\/\/www.facebook.com\/SuavinexSpain","article_published_time":"2026-04-21T06:02:00+00:00","article_modified_time":"2026-04-27T07:11:32+00:00","og_image":[{"width":1200,"height":800,"url":"https:\/\/www.suavinex.com\/livingsuavinex\/wp-content\/uploads\/2012\/05\/dia-de-la-familia.png","type":"image\/png"}],"author":"Living Suavinex","twitter_card":"summary_large_image","twitter_creator":"@SuavinexSpain","twitter_site":"@SuavinexSpain","twitter_misc":{"Escrito por":"Living Suavinex","Tiempo de lectura":"7 minutos"},"schema":{"@context":"https:\/\/schema.org","@graph":[{"@type":"Article","@id":"https:\/\/www.suavinex.com\/livingsuavinex\/dia_familia\/#article","isPartOf":{"@id":"https:\/\/www.suavinex.com\/livingsuavinex\/dia_familia\/"},"author":{"name":"Living Suavinex","@id":"https:\/\/www.suavinex.com\/livingsuavinex\/#\/schema\/person\/64fd7b62c88b0024a3ceeffb47f07eb6"},"headline":"D\u00eda de la Familia. Ideas para disfrutarlo al m\u00e1ximo.","datePublished":"2026-04-21T06:02:00+00:00","dateModified":"2026-04-27T07:11:32+00:00","mainEntityOfPage":{"@id":"https:\/\/www.suavinex.com\/livingsuavinex\/dia_familia\/"},"wordCount":1457,"commentCount":0,"publisher":{"@id":"https:\/\/www.suavinex.com\/livingsuavinex\/#organization"},"image":{"@id":"https:\/\/www.suavinex.com\/livingsuavinex\/dia_familia\/#primaryimage"},"thumbnailUrl":"https:\/\/www.suavinex.com\/livingsuavinex\/wp-content\/uploads\/2012\/05\/dia-de-la-familia.png","keywords":["Familia"],"articleSection":["Planes en familia"],"inLanguage":"es"},{"@type":"WebPage","@id":"https:\/\/www.suavinex.com\/livingsuavinex\/dia_familia\/","url":"https:\/\/www.suavinex.com\/livingsuavinex\/dia_familia\/","name":"D\u00eda Internacional de la Familia","isPartOf":{"@id":"https:\/\/www.suavinex.com\/livingsuavinex\/#website"},"primaryImageOfPage":{"@id":"https:\/\/www.suavinex.com\/livingsuavinex\/dia_familia\/#primaryimage"},"image":{"@id":"https:\/\/www.suavinex.com\/livingsuavinex\/dia_familia\/#primaryimage"},"thumbnailUrl":"https:\/\/www.suavinex.com\/livingsuavinex\/wp-content\/uploads\/2012\/05\/dia-de-la-familia.png","datePublished":"2026-04-21T06:02:00+00:00","dateModified":"2026-04-27T07:11:32+00:00","description":"\u00bfConoces el origen del D\u00eda Internacional de la Familia? Te contamos porque se celebra a\u00f1o tras a\u00f1o y algunas ideas para disfrutar en familia.","breadcrumb":{"@id":"https:\/\/www.suavinex.com\/livingsuavinex\/dia_familia\/#breadcrumb"},"inLanguage":"es","potentialAction":[{"@type":"ReadAction","target":["https:\/\/www.suavinex.com\/livingsuavinex\/dia_familia\/"]}]},{"@type":"ImageObject","inLanguage":"es","@id":"https:\/\/www.suavinex.com\/livingsuavinex\/dia_familia\/#primaryimage","url":"https:\/\/www.suavinex.com\/livingsuavinex\/wp-content\/uploads\/2012\/05\/dia-de-la-familia.png","contentUrl":"https:\/\/www.suavinex.com\/livingsuavinex\/wp-content\/uploads\/2012\/05\/dia-de-la-familia.png","width":1200,"height":800,"caption":"D\u00eda internacional de la familia"},{"@type":"BreadcrumbList","@id":"https:\/\/www.suavinex.com\/livingsuavinex\/dia_familia\/#breadcrumb","itemListElement":[{"@type":"ListItem","position":1,"name":"Portada","item":"https:\/\/www.suavinex.com\/livingsuavinex\/"},{"@type":"ListItem","position":2,"name":"D\u00eda de la Familia. Ideas para disfrutarlo al m\u00e1ximo."}]},{"@type":"WebSite","@id":"https:\/\/www.suavinex.com\/livingsuavinex\/#website","url":"https:\/\/www.suavinex.com\/livingsuavinex\/","name":"Living Suavinex","description":"| Familias reales","publisher":{"@id":"https:\/\/www.suavinex.com\/livingsuavinex\/#organization"},"potentialAction":[{"@type":"SearchAction","target":{"@type":"EntryPoint","urlTemplate":"https:\/\/www.suavinex.com\/livingsuavinex\/?s={search_term_string}"},"query-input":{"@type":"PropertyValueSpecification","valueRequired":true,"valueName":"search_term_string"}}],"inLanguage":"es"},{"@type":"Organization","@id":"https:\/\/www.suavinex.com\/livingsuavinex\/#organization","name":"Suavinex","url":"https:\/\/www.suavinex.com\/livingsuavinex\/","logo":{"@type":"ImageObject","inLanguage":"es","@id":"https:\/\/www.suavinex.com\/livingsuavinex\/#\/schema\/logo\/image\/","url":"https:\/\/www.suavinex.com\/livingsuavinex\/wp-content\/uploads\/2018\/07\/living_sx_logo_mvl.png","contentUrl":"https:\/\/www.suavinex.com\/livingsuavinex\/wp-content\/uploads\/2018\/07\/living_sx_logo_mvl.png","width":350,"height":70,"caption":"Suavinex"},"image":{"@id":"https:\/\/www.suavinex.com\/livingsuavinex\/#\/schema\/logo\/image\/"},"sameAs":["https:\/\/www.facebook.com\/SuavinexSpain","https:\/\/x.com\/SuavinexSpain","https:\/\/www.instagram.com\/suavinex_spain\/","https:\/\/www.pinterest.es\/SuavinexSpain\/","https:\/\/www.youtube.com\/channel\/UCgeJREx2R_ZvV2aQMrfWgcA"]},{"@type":"Person","@id":"https:\/\/www.suavinex.com\/livingsuavinex\/#\/schema\/person\/64fd7b62c88b0024a3ceeffb47f07eb6","name":"Living Suavinex","image":{"@type":"ImageObject","inLanguage":"es","@id":"https:\/\/www.suavinex.com\/livingsuavinex\/#\/schema\/person\/image\/","url":"https:\/\/www.suavinex.com\/livingsuavinex\/wp-content\/uploads\/2017\/05\/Living-Suavinex_avatar-96x96.png","contentUrl":"https:\/\/www.suavinex.com\/livingsuavinex\/wp-content\/uploads\/2017\/05\/Living-Suavinex_avatar-96x96.png","caption":"Living Suavinex"}}]}},"_links":{"self":[{"href":"https:\/\/www.suavinex.com\/livingsuavinex\/wp-json\/wp\/v2\/posts\/3007","targetHints":{"allow":["GET"]}}],"collection":[{"href":"https:\/\/www.suavinex.com\/livingsuavinex\/wp-json\/wp\/v2\/posts"}],"about":[{"href":"https:\/\/www.suavinex.com\/livingsuavinex\/wp-json\/wp\/v2\/types\/post"}],"author":[{"embeddable":true,"href":"https:\/\/www.suavinex.com\/livingsuavinex\/wp-json\/wp\/v2\/users\/288"}],"replies":[{"embeddable":true,"href":"https:\/\/www.suavinex.com\/livingsuavinex\/wp-json\/wp\/v2\/comments?post=3007"}],"version-history":[{"count":7,"href":"https:\/\/www.suavinex.com\/livingsuavinex\/wp-json\/wp\/v2\/posts\/3007\/revisions"}],"predecessor-version":[{"id":47040,"href":"https:\/\/www.suavinex.com\/livingsuavinex\/wp-json\/wp\/v2\/posts\/3007\/revisions\/47040"}],"wp:featuredmedia":[{"embeddable":true,"href":"https:\/\/www.suavinex.com\/livingsuavinex\/wp-json\/wp\/v2\/media\/42930"}],"wp:attachment":[{"href":"https:\/\/www.suavinex.com\/livingsuavinex\/wp-json\/wp\/v2\/media?parent=3007"}],"wp:term":[{"taxonomy":"category","embeddable":true,"href":"https:\/\/www.suavinex.com\/livingsuavinex\/wp-json\/wp\/v2\/categories?post=3007"},{"taxonomy":"post_tag","embeddable":true,"href":"https:\/\/www.suavinex.com\/livingsuavinex\/wp-json\/wp\/v2\/tags?post=3007"}],"curies":[{"name":"wp","href":"https:\/\/api.w.org\/{rel}","templated":true}]}}