{"id":2758,"date":"2012-03-13T09:24:44","date_gmt":"2012-03-13T08:24:44","guid":{"rendered":"https:\/\/www.suavinex.com\/livingsuavinex\/?p=2758"},"modified":"2020-03-31T23:42:51","modified_gmt":"2020-03-31T21:42:51","slug":"vacunacion_infantil","status":"publish","type":"post","link":"https:\/\/www.suavinex.com\/livingsuavinex\/vacunacion_infantil\/","title":{"rendered":"La vacunaci\u00f3n es la acci\u00f3n preventiva m\u00e1s importante en salud infantil"},"content":{"rendered":"<p style=\"text-align: justify;\">Recuerdo que ten\u00eda entonces 5 a\u00f1os. Estaba en mi clase, rodeada de todas mis compa\u00f1eras, con el alboroto propio de la edad y que en esos momentos retumbaba en mi cabeza. La luz me molestaba y no s\u00e9 por qu\u00e9 pero la estancia estaba te\u00f1ida de rojo. La fiebre empezaba a subir y la se\u00f1orita avis\u00f3 a mis padres. \u201cMe rescataron\u201d de aquel entorno cotidiano y ya no recuerdo m\u00e1s. <strong>Salvo que despu\u00e9s la vida continu\u00f3 como si nada<\/strong>.<\/p>\n<h2 style=\"text-align: justify;\">Los tiempos cambian<\/h2>\n<p style=\"text-align: justify;\"><strong>Esa escena es el recuerdo que tengo de <\/strong><strong>mi sarampi\u00f3n<\/strong>.\u00a0 Lo recuerdo en rojo, como si fuera un sue\u00f1o, no s\u00e9 si porque me pusieron una luz roja en la habitaci\u00f3n, por el color del exantema, por la fantas\u00eda infantil o porque est\u00e1 contaminado por mi formaci\u00f3n posterior.<\/p>\n<p style=\"text-align: justify;\">Esto ocurr\u00eda en el a\u00f1o 1979, justamente unos meses despu\u00e9s de que se iniciara la vacunaci\u00f3n sistem\u00e1tica de la enfermedad a los ni\u00f1os de 9 meses en nuestro pa\u00eds. Entonces, la incidencia de la enfermedad era de unos 150.000 casos al a\u00f1o. Y aunque es cierto que en la mayor\u00eda de los casos, el curso era benigno (como fue el m\u00edo), es una enfermedad con un gran n\u00famero de complicaciones y que causa una elevada mortalidad en el mundo.<\/p>\n<p style=\"text-align: justify;\">En el a\u00f1o 1981 la vacuna administrada a los ni\u00f1os pas\u00f3 a ser la triple v\u00edrica (sarampi\u00f3n-parotiditis-rubeola) a los 15 meses. Y un poco m\u00e1s tarde, en el a\u00f1o 1988, se instaur\u00f3 una <strong>segunda dosis de triple v\u00edrica a los 11 a\u00f1os que<\/strong> fue a sustituir a la vacuna de la rubeola que se administraba exclusivamente a las ni\u00f1as prepuberales.<\/p>\n<p style=\"text-align: justify;\">En todo este tiempo de introducci\u00f3n de la vacuna, continu\u00f3 habiendo casos. Incluso hubo dos epidemias importantes en los a\u00f1os 83 y 86. Pero posteriormente, el hecho de que la mayor\u00eda de los ni\u00f1os estuvieran inmunizados, hizo que <strong>el sarampi\u00f3n fuera una <\/strong><strong>enfermedad anecd\u00f3tica a finales del siglo XX<\/strong>.<\/p>\n<p style=\"text-align: justify;\">Tan anecd\u00f3tica que es una enfermedad que no vi en todo mi periodo formativo en un gran hospital, y que pens\u00e9 que quiz\u00e1 nunca llegar\u00eda a ver. <strong>Me equivoqu\u00e9 radicalmente<\/strong>.<\/p>\n<h2 style=\"text-align: justify;\">Aumento de ni\u00f1os no vacunados<\/h2>\n<p style=\"text-align: justify;\">El aumento de los ni\u00f1os no vacunados en estos \u00faltimos a\u00f1os ha hecho revivir una enfermedad que estaba casi olvidada en nuestro medio. En Europa se han detectado m\u00e1s de 30000 casos en el a\u00f1o 2011.\u00a0 24 de los 29 pa\u00edses de la Uni\u00f3n Europea han tenido m\u00e1s casos en 2011 que en 2010. M\u00e1s del 90% de los casos han sido reportados por 5 pa\u00edses: Francia, Italia, Ruman\u00eda, Espa\u00f1a y Alemania. Tristes cifras que no creo que vayan a mejorar a corto plazo.<\/p>\n<p style=\"text-align: justify;\"><strong>Siempre ha habido personas que no han vacunado a sus hijos<\/strong>. No es un fen\u00f3meno nuevo pero s\u00ed creciente. Es un asunto que de alguna manera \u201cha salido del armario\u201d. Pues si bien antiguamente la mayor\u00eda lo manten\u00edan en secreto, a d\u00eda de hoy en determinados medios puede ser <strong>casi un orgullo \u201csocial\u201d<\/strong>, est\u00e1 de moda. En este tema, creo que internet ha hecho bastante da\u00f1o. Y asuntos escabrosos como la publicaci\u00f3n del se\u00f1or Wakefield sobre el autismo (uno de los mayores fraudes a la comunidad cient\u00edfica) no hicieron m\u00e1s que dar aliento a esas primeras voces que creen que hacen lo mejor para sus hijos.<\/p>\n<p style=\"text-align: justify;\"><strong>La vacunaci\u00f3n es la acci\u00f3n preventiva m\u00e1s importante en salud infantil<\/strong>. Y a d\u00eda de hoy, enfermar e incluso morir (o dejar enfermar a nuestro hijo), por una enfermedad prevenible por vacunaci\u00f3n, me parece de lo m\u00e1s absurdo.<\/p>\n<h2 style=\"text-align: justify;\">Enlaces de inter\u00e9s muy recomendables<\/h2>\n<ul>\n<li style=\"text-align: justify;\">Cinco razones para vacunar a tu hijo.<\/li>\n<li style=\"text-align: justify;\"><a href=\"http:\/\/dra-amalia-arce.blogspot.com\/2012\/01\/la-inmunidad-de-grupo.html\" target=\"_blank\" rel=\"noopener noreferrer\">La inmunidad de grupo.<\/a><\/li>\n<li style=\"text-align: justify;\"><a href=\"http:\/\/vacunasaep.org\/familias\" target=\"_blank\" rel=\"noopener noreferrer\">Comit\u00e9 Asesor de Vacunas de la Asociaci\u00f3n Espa\u00f1ola de Pediatr\u00eda<\/a>.<\/li>\n<li style=\"text-align: justify;\">En defensa de las vacunas. <a href=\"http:\/\/www.planetadelibros.com\/en-defensa-de-las-vacunas-libro-48497.html\" target=\"_blank\" rel=\"noopener noreferrer\" class=\"broken_link\">Libro del Dr. Carlos Gonz\u00e1lez<\/a>. Ed. Planeta.<\/li>\n<\/ul>\n<p style=\"text-align: justify;\">Amalia Arce<\/p>\n<p style=\"text-align: justify;\">Pediatra y autora del blog <a href=\"http:\/\/dra-amalia-arce.blogspot.com\/\" target=\"_blank\" rel=\"noopener noreferrer\">Diario de una mam\u00e1 pediatra<\/a><\/p>\n","protected":false},"excerpt":{"rendered":"Recuerdo que ten\u00eda entonces 5 a\u00f1os. Estaba en mi clase, rodeada de todas mis compa\u00f1eras, con el alboroto propio de la edad y que en esos momentos retumbaba en mi cabeza. La luz me molestaba y no s\u00e9 por qu\u00e9 pero la estancia estaba te\u00f1ida de rojo. La fiebre empezaba&#8230; <a class=\"view-article\" href=\"https:\/\/www.suavinex.com\/livingsuavinex\/vacunacion_infantil\/\">Ver art\u00edculo<\/a>","protected":false},"author":288,"featured_media":22931,"comment_status":"open","ping_status":"open","sticky":false,"template":"","format":"standard","meta":{"inline_featured_image":false,"footnotes":""},"categories":[2272],"tags":[12,944],"class_list":["post-2758","post","type-post","status-publish","format-standard","has-post-thumbnail","hentry","category-tips-crianza","tag-hijos","tag-salud"],"yoast_head":"<!-- This site is optimized with the Yoast SEO plugin v26.8 - https:\/\/yoast.com\/product\/yoast-seo-wordpress\/ -->\n<title>La vacunaci\u00f3n es la acci\u00f3n preventiva m\u00e1s importante en salud infantil<\/title>\n<meta name=\"description\" content=\"El aumento de los ni\u00f1os no vacunados en estos \u00faltimos a\u00f1os ha hecho revivir una enfermedad que estaba casi olvidada en nuestro medio.\" \/>\n<meta name=\"robots\" content=\"index, follow, max-snippet:-1, max-image-preview:large, max-video-preview:-1\" \/>\n<link rel=\"canonical\" href=\"https:\/\/www.suavinex.com\/livingsuavinex\/vacunacion_infantil\/\" \/>\n<meta property=\"og:locale\" content=\"es_ES\" \/>\n<meta property=\"og:type\" content=\"article\" \/>\n<meta property=\"og:title\" content=\"La vacunaci\u00f3n es la acci\u00f3n preventiva m\u00e1s importante en salud infantil\" \/>\n<meta property=\"og:description\" content=\"El aumento de los ni\u00f1os no vacunados en estos \u00faltimos a\u00f1os ha hecho revivir una enfermedad que estaba casi olvidada en nuestro medio.\" \/>\n<meta property=\"og:url\" content=\"https:\/\/www.suavinex.com\/livingsuavinex\/vacunacion_infantil\/\" \/>\n<meta property=\"og:site_name\" content=\"Living Suavinex\" \/>\n<meta property=\"article:publisher\" content=\"https:\/\/www.facebook.com\/SuavinexSpain\" \/>\n<meta property=\"article:published_time\" content=\"2012-03-13T08:24:44+00:00\" \/>\n<meta property=\"article:modified_time\" content=\"2020-03-31T21:42:51+00:00\" \/>\n<meta property=\"og:image\" content=\"https:\/\/www.suavinex.com\/livingsuavinex\/wp-content\/uploads\/2012\/03\/vacinacion_preventiva_2.jpg\" \/>\n\t<meta property=\"og:image:width\" content=\"800\" \/>\n\t<meta property=\"og:image:height\" content=\"474\" \/>\n\t<meta property=\"og:image:type\" content=\"image\/jpeg\" \/>\n<meta name=\"author\" content=\"Living Suavinex\" \/>\n<meta name=\"twitter:card\" content=\"summary_large_image\" \/>\n<meta name=\"twitter:creator\" content=\"@SuavinexSpain\" \/>\n<meta name=\"twitter:site\" content=\"@SuavinexSpain\" \/>\n<meta name=\"twitter:label1\" content=\"Escrito por\" \/>\n\t<meta name=\"twitter:data1\" content=\"Living Suavinex\" \/>\n\t<meta name=\"twitter:label2\" content=\"Tiempo de lectura\" \/>\n\t<meta name=\"twitter:data2\" content=\"3 minutos\" \/>\n<script type=\"application\/ld+json\" class=\"yoast-schema-graph\">{\"@context\":\"https:\/\/schema.org\",\"@graph\":[{\"@type\":\"Article\",\"@id\":\"https:\/\/www.suavinex.com\/livingsuavinex\/vacunacion_infantil\/#article\",\"isPartOf\":{\"@id\":\"https:\/\/www.suavinex.com\/livingsuavinex\/vacunacion_infantil\/\"},\"author\":{\"name\":\"Living Suavinex\",\"@id\":\"https:\/\/www.suavinex.com\/livingsuavinex\/#\/schema\/person\/64fd7b62c88b0024a3ceeffb47f07eb6\"},\"headline\":\"La vacunaci\u00f3n es la acci\u00f3n preventiva m\u00e1s importante en salud infantil\",\"datePublished\":\"2012-03-13T08:24:44+00:00\",\"dateModified\":\"2020-03-31T21:42:51+00:00\",\"mainEntityOfPage\":{\"@id\":\"https:\/\/www.suavinex.com\/livingsuavinex\/vacunacion_infantil\/\"},\"wordCount\":699,\"commentCount\":5,\"publisher\":{\"@id\":\"https:\/\/www.suavinex.com\/livingsuavinex\/#organization\"},\"image\":{\"@id\":\"https:\/\/www.suavinex.com\/livingsuavinex\/vacunacion_infantil\/#primaryimage\"},\"thumbnailUrl\":\"https:\/\/www.suavinex.com\/livingsuavinex\/wp-content\/uploads\/2012\/03\/vacinacion_preventiva_2.jpg\",\"keywords\":[\"Hijos\",\"Salud\"],\"articleSection\":[\"Tips de crianza\"],\"inLanguage\":\"es\"},{\"@type\":\"WebPage\",\"@id\":\"https:\/\/www.suavinex.com\/livingsuavinex\/vacunacion_infantil\/\",\"url\":\"https:\/\/www.suavinex.com\/livingsuavinex\/vacunacion_infantil\/\",\"name\":\"La vacunaci\u00f3n es la acci\u00f3n preventiva m\u00e1s importante en salud infantil\",\"isPartOf\":{\"@id\":\"https:\/\/www.suavinex.com\/livingsuavinex\/#website\"},\"primaryImageOfPage\":{\"@id\":\"https:\/\/www.suavinex.com\/livingsuavinex\/vacunacion_infantil\/#primaryimage\"},\"image\":{\"@id\":\"https:\/\/www.suavinex.com\/livingsuavinex\/vacunacion_infantil\/#primaryimage\"},\"thumbnailUrl\":\"https:\/\/www.suavinex.com\/livingsuavinex\/wp-content\/uploads\/2012\/03\/vacinacion_preventiva_2.jpg\",\"datePublished\":\"2012-03-13T08:24:44+00:00\",\"dateModified\":\"2020-03-31T21:42:51+00:00\",\"description\":\"El aumento de los ni\u00f1os no vacunados en estos \u00faltimos a\u00f1os ha hecho revivir una enfermedad que estaba casi olvidada en nuestro medio.\",\"breadcrumb\":{\"@id\":\"https:\/\/www.suavinex.com\/livingsuavinex\/vacunacion_infantil\/#breadcrumb\"},\"inLanguage\":\"es\",\"potentialAction\":[{\"@type\":\"ReadAction\",\"target\":[\"https:\/\/www.suavinex.com\/livingsuavinex\/vacunacion_infantil\/\"]}]},{\"@type\":\"ImageObject\",\"inLanguage\":\"es\",\"@id\":\"https:\/\/www.suavinex.com\/livingsuavinex\/vacunacion_infantil\/#primaryimage\",\"url\":\"https:\/\/www.suavinex.com\/livingsuavinex\/wp-content\/uploads\/2012\/03\/vacinacion_preventiva_2.jpg\",\"contentUrl\":\"https:\/\/www.suavinex.com\/livingsuavinex\/wp-content\/uploads\/2012\/03\/vacinacion_preventiva_2.jpg\",\"width\":800,\"height\":474},{\"@type\":\"BreadcrumbList\",\"@id\":\"https:\/\/www.suavinex.com\/livingsuavinex\/vacunacion_infantil\/#breadcrumb\",\"itemListElement\":[{\"@type\":\"ListItem\",\"position\":1,\"name\":\"Portada\",\"item\":\"https:\/\/www.suavinex.com\/livingsuavinex\/\"},{\"@type\":\"ListItem\",\"position\":2,\"name\":\"La vacunaci\u00f3n es la acci\u00f3n preventiva m\u00e1s importante en salud infantil\"}]},{\"@type\":\"WebSite\",\"@id\":\"https:\/\/www.suavinex.com\/livingsuavinex\/#website\",\"url\":\"https:\/\/www.suavinex.com\/livingsuavinex\/\",\"name\":\"Living Suavinex\",\"description\":\"| Familias reales\",\"publisher\":{\"@id\":\"https:\/\/www.suavinex.com\/livingsuavinex\/#organization\"},\"potentialAction\":[{\"@type\":\"SearchAction\",\"target\":{\"@type\":\"EntryPoint\",\"urlTemplate\":\"https:\/\/www.suavinex.com\/livingsuavinex\/?s={search_term_string}\"},\"query-input\":{\"@type\":\"PropertyValueSpecification\",\"valueRequired\":true,\"valueName\":\"search_term_string\"}}],\"inLanguage\":\"es\"},{\"@type\":\"Organization\",\"@id\":\"https:\/\/www.suavinex.com\/livingsuavinex\/#organization\",\"name\":\"Suavinex\",\"url\":\"https:\/\/www.suavinex.com\/livingsuavinex\/\",\"logo\":{\"@type\":\"ImageObject\",\"inLanguage\":\"es\",\"@id\":\"https:\/\/www.suavinex.com\/livingsuavinex\/#\/schema\/logo\/image\/\",\"url\":\"https:\/\/www.suavinex.com\/livingsuavinex\/wp-content\/uploads\/2018\/07\/living_sx_logo_mvl.png\",\"contentUrl\":\"https:\/\/www.suavinex.com\/livingsuavinex\/wp-content\/uploads\/2018\/07\/living_sx_logo_mvl.png\",\"width\":350,\"height\":70,\"caption\":\"Suavinex\"},\"image\":{\"@id\":\"https:\/\/www.suavinex.com\/livingsuavinex\/#\/schema\/logo\/image\/\"},\"sameAs\":[\"https:\/\/www.facebook.com\/SuavinexSpain\",\"https:\/\/x.com\/SuavinexSpain\",\"https:\/\/www.instagram.com\/suavinex_spain\/\",\"https:\/\/www.pinterest.es\/SuavinexSpain\/\",\"https:\/\/www.youtube.com\/channel\/UCgeJREx2R_ZvV2aQMrfWgcA\"]},{\"@type\":\"Person\",\"@id\":\"https:\/\/www.suavinex.com\/livingsuavinex\/#\/schema\/person\/64fd7b62c88b0024a3ceeffb47f07eb6\",\"name\":\"Living Suavinex\",\"image\":{\"@type\":\"ImageObject\",\"inLanguage\":\"es\",\"@id\":\"https:\/\/www.suavinex.com\/livingsuavinex\/#\/schema\/person\/image\/\",\"url\":\"https:\/\/www.suavinex.com\/livingsuavinex\/wp-content\/uploads\/2017\/05\/Living-Suavinex_avatar-96x96.png\",\"contentUrl\":\"https:\/\/www.suavinex.com\/livingsuavinex\/wp-content\/uploads\/2017\/05\/Living-Suavinex_avatar-96x96.png\",\"caption\":\"Living Suavinex\"}}]}<\/script>\n<!-- \/ Yoast SEO plugin. -->","yoast_head_json":{"title":"La vacunaci\u00f3n es la acci\u00f3n preventiva m\u00e1s importante en salud infantil","description":"El aumento de los ni\u00f1os no vacunados en estos \u00faltimos a\u00f1os ha hecho revivir una enfermedad que estaba casi olvidada en nuestro medio.","robots":{"index":"index","follow":"follow","max-snippet":"max-snippet:-1","max-image-preview":"max-image-preview:large","max-video-preview":"max-video-preview:-1"},"canonical":"https:\/\/www.suavinex.com\/livingsuavinex\/vacunacion_infantil\/","og_locale":"es_ES","og_type":"article","og_title":"La vacunaci\u00f3n es la acci\u00f3n preventiva m\u00e1s importante en salud infantil","og_description":"El aumento de los ni\u00f1os no vacunados en estos \u00faltimos a\u00f1os ha hecho revivir una enfermedad que estaba casi olvidada en nuestro medio.","og_url":"https:\/\/www.suavinex.com\/livingsuavinex\/vacunacion_infantil\/","og_site_name":"Living Suavinex","article_publisher":"https:\/\/www.facebook.com\/SuavinexSpain","article_published_time":"2012-03-13T08:24:44+00:00","article_modified_time":"2020-03-31T21:42:51+00:00","og_image":[{"width":800,"height":474,"url":"https:\/\/www.suavinex.com\/livingsuavinex\/wp-content\/uploads\/2012\/03\/vacinacion_preventiva_2.jpg","type":"image\/jpeg"}],"author":"Living Suavinex","twitter_card":"summary_large_image","twitter_creator":"@SuavinexSpain","twitter_site":"@SuavinexSpain","twitter_misc":{"Escrito por":"Living Suavinex","Tiempo de lectura":"3 minutos"},"schema":{"@context":"https:\/\/schema.org","@graph":[{"@type":"Article","@id":"https:\/\/www.suavinex.com\/livingsuavinex\/vacunacion_infantil\/#article","isPartOf":{"@id":"https:\/\/www.suavinex.com\/livingsuavinex\/vacunacion_infantil\/"},"author":{"name":"Living Suavinex","@id":"https:\/\/www.suavinex.com\/livingsuavinex\/#\/schema\/person\/64fd7b62c88b0024a3ceeffb47f07eb6"},"headline":"La vacunaci\u00f3n es la acci\u00f3n preventiva m\u00e1s importante en salud infantil","datePublished":"2012-03-13T08:24:44+00:00","dateModified":"2020-03-31T21:42:51+00:00","mainEntityOfPage":{"@id":"https:\/\/www.suavinex.com\/livingsuavinex\/vacunacion_infantil\/"},"wordCount":699,"commentCount":5,"publisher":{"@id":"https:\/\/www.suavinex.com\/livingsuavinex\/#organization"},"image":{"@id":"https:\/\/www.suavinex.com\/livingsuavinex\/vacunacion_infantil\/#primaryimage"},"thumbnailUrl":"https:\/\/www.suavinex.com\/livingsuavinex\/wp-content\/uploads\/2012\/03\/vacinacion_preventiva_2.jpg","keywords":["Hijos","Salud"],"articleSection":["Tips de crianza"],"inLanguage":"es"},{"@type":"WebPage","@id":"https:\/\/www.suavinex.com\/livingsuavinex\/vacunacion_infantil\/","url":"https:\/\/www.suavinex.com\/livingsuavinex\/vacunacion_infantil\/","name":"La vacunaci\u00f3n es la acci\u00f3n preventiva m\u00e1s importante en salud infantil","isPartOf":{"@id":"https:\/\/www.suavinex.com\/livingsuavinex\/#website"},"primaryImageOfPage":{"@id":"https:\/\/www.suavinex.com\/livingsuavinex\/vacunacion_infantil\/#primaryimage"},"image":{"@id":"https:\/\/www.suavinex.com\/livingsuavinex\/vacunacion_infantil\/#primaryimage"},"thumbnailUrl":"https:\/\/www.suavinex.com\/livingsuavinex\/wp-content\/uploads\/2012\/03\/vacinacion_preventiva_2.jpg","datePublished":"2012-03-13T08:24:44+00:00","dateModified":"2020-03-31T21:42:51+00:00","description":"El aumento de los ni\u00f1os no vacunados en estos \u00faltimos a\u00f1os ha hecho revivir una enfermedad que estaba casi olvidada en nuestro medio.","breadcrumb":{"@id":"https:\/\/www.suavinex.com\/livingsuavinex\/vacunacion_infantil\/#breadcrumb"},"inLanguage":"es","potentialAction":[{"@type":"ReadAction","target":["https:\/\/www.suavinex.com\/livingsuavinex\/vacunacion_infantil\/"]}]},{"@type":"ImageObject","inLanguage":"es","@id":"https:\/\/www.suavinex.com\/livingsuavinex\/vacunacion_infantil\/#primaryimage","url":"https:\/\/www.suavinex.com\/livingsuavinex\/wp-content\/uploads\/2012\/03\/vacinacion_preventiva_2.jpg","contentUrl":"https:\/\/www.suavinex.com\/livingsuavinex\/wp-content\/uploads\/2012\/03\/vacinacion_preventiva_2.jpg","width":800,"height":474},{"@type":"BreadcrumbList","@id":"https:\/\/www.suavinex.com\/livingsuavinex\/vacunacion_infantil\/#breadcrumb","itemListElement":[{"@type":"ListItem","position":1,"name":"Portada","item":"https:\/\/www.suavinex.com\/livingsuavinex\/"},{"@type":"ListItem","position":2,"name":"La vacunaci\u00f3n es la acci\u00f3n preventiva m\u00e1s importante en salud infantil"}]},{"@type":"WebSite","@id":"https:\/\/www.suavinex.com\/livingsuavinex\/#website","url":"https:\/\/www.suavinex.com\/livingsuavinex\/","name":"Living Suavinex","description":"| Familias reales","publisher":{"@id":"https:\/\/www.suavinex.com\/livingsuavinex\/#organization"},"potentialAction":[{"@type":"SearchAction","target":{"@type":"EntryPoint","urlTemplate":"https:\/\/www.suavinex.com\/livingsuavinex\/?s={search_term_string}"},"query-input":{"@type":"PropertyValueSpecification","valueRequired":true,"valueName":"search_term_string"}}],"inLanguage":"es"},{"@type":"Organization","@id":"https:\/\/www.suavinex.com\/livingsuavinex\/#organization","name":"Suavinex","url":"https:\/\/www.suavinex.com\/livingsuavinex\/","logo":{"@type":"ImageObject","inLanguage":"es","@id":"https:\/\/www.suavinex.com\/livingsuavinex\/#\/schema\/logo\/image\/","url":"https:\/\/www.suavinex.com\/livingsuavinex\/wp-content\/uploads\/2018\/07\/living_sx_logo_mvl.png","contentUrl":"https:\/\/www.suavinex.com\/livingsuavinex\/wp-content\/uploads\/2018\/07\/living_sx_logo_mvl.png","width":350,"height":70,"caption":"Suavinex"},"image":{"@id":"https:\/\/www.suavinex.com\/livingsuavinex\/#\/schema\/logo\/image\/"},"sameAs":["https:\/\/www.facebook.com\/SuavinexSpain","https:\/\/x.com\/SuavinexSpain","https:\/\/www.instagram.com\/suavinex_spain\/","https:\/\/www.pinterest.es\/SuavinexSpain\/","https:\/\/www.youtube.com\/channel\/UCgeJREx2R_ZvV2aQMrfWgcA"]},{"@type":"Person","@id":"https:\/\/www.suavinex.com\/livingsuavinex\/#\/schema\/person\/64fd7b62c88b0024a3ceeffb47f07eb6","name":"Living Suavinex","image":{"@type":"ImageObject","inLanguage":"es","@id":"https:\/\/www.suavinex.com\/livingsuavinex\/#\/schema\/person\/image\/","url":"https:\/\/www.suavinex.com\/livingsuavinex\/wp-content\/uploads\/2017\/05\/Living-Suavinex_avatar-96x96.png","contentUrl":"https:\/\/www.suavinex.com\/livingsuavinex\/wp-content\/uploads\/2017\/05\/Living-Suavinex_avatar-96x96.png","caption":"Living Suavinex"}}]}},"_links":{"self":[{"href":"https:\/\/www.suavinex.com\/livingsuavinex\/wp-json\/wp\/v2\/posts\/2758","targetHints":{"allow":["GET"]}}],"collection":[{"href":"https:\/\/www.suavinex.com\/livingsuavinex\/wp-json\/wp\/v2\/posts"}],"about":[{"href":"https:\/\/www.suavinex.com\/livingsuavinex\/wp-json\/wp\/v2\/types\/post"}],"author":[{"embeddable":true,"href":"https:\/\/www.suavinex.com\/livingsuavinex\/wp-json\/wp\/v2\/users\/288"}],"replies":[{"embeddable":true,"href":"https:\/\/www.suavinex.com\/livingsuavinex\/wp-json\/wp\/v2\/comments?post=2758"}],"version-history":[{"count":10,"href":"https:\/\/www.suavinex.com\/livingsuavinex\/wp-json\/wp\/v2\/posts\/2758\/revisions"}],"predecessor-version":[{"id":40569,"href":"https:\/\/www.suavinex.com\/livingsuavinex\/wp-json\/wp\/v2\/posts\/2758\/revisions\/40569"}],"wp:featuredmedia":[{"embeddable":true,"href":"https:\/\/www.suavinex.com\/livingsuavinex\/wp-json\/wp\/v2\/media\/22931"}],"wp:attachment":[{"href":"https:\/\/www.suavinex.com\/livingsuavinex\/wp-json\/wp\/v2\/media?parent=2758"}],"wp:term":[{"taxonomy":"category","embeddable":true,"href":"https:\/\/www.suavinex.com\/livingsuavinex\/wp-json\/wp\/v2\/categories?post=2758"},{"taxonomy":"post_tag","embeddable":true,"href":"https:\/\/www.suavinex.com\/livingsuavinex\/wp-json\/wp\/v2\/tags?post=2758"}],"curies":[{"name":"wp","href":"https:\/\/api.w.org\/{rel}","templated":true}]}}