{"id":26674,"date":"2024-12-16T09:00:02","date_gmt":"2024-12-16T08:00:02","guid":{"rendered":"https:\/\/www.suavinex.com\/livingsuavinex\/?p=26674"},"modified":"2024-12-31T13:34:28","modified_gmt":"2024-12-31T12:34:28","slug":"cuales-son-las-etapas-del-parto","status":"publish","type":"post","link":"https:\/\/www.suavinex.com\/livingsuavinex\/cuales-son-las-etapas-del-parto\/","title":{"rendered":"Etapas del parto. \u00bfCu\u00e1les son las fases del parto?"},"content":{"rendered":"\n<p> El parto, tan temido como deseado, es uno de los momentos m\u00e1s determinantes en la vida de una madre. Se trata de una experiencia diferente para cada mujer e incluso para cada hijo. Por este motivo, ser\u00eda interesante desterrar el t\u00e9rmino \u201cnormal\u201d para definir c\u00f3mo puede transcurrir. Cada parto es \u00fanico, y hay tantas experiencias de parto como embarazos. Entender las <strong>fases del parto<\/strong> ayuda a desmitificar el proceso y aporta tranquilidad tanto a la madre como a su pareja, si la hay, y a combatir el <a href=\"https:\/\/www.suavinex.com\/livingsuavinex\/10-consejos-miedo-parto\/\" target=\"_blank\" rel=\"noreferrer noopener\">miedo al parto<\/a>.&nbsp;<\/p>\n\n\n\n<h2 class=\"wp-block-heading\">Los <a href=\"https:\/\/www.suavinex.com\/livingsuavinex\/los-sintomas-horas-antes-de-ponerte-de-parto\/\" target=\"_blank\" rel=\"noreferrer noopener\">primeros s\u00edntomas del parto<\/a><\/h2>\n\n\n\n<p>El cuerpo de la mujer comienza a enviar se\u00f1ales del inicio de las <strong>fases del trabajo de parto<\/strong> semanas antes del nacimiento del beb\u00e9. Entre los s\u00edntomas m\u00e1s comunes se encuentra un aumento en el flujo vaginal y la p\u00e9rdida del <a href=\"https:\/\/www.suavinex.com\/livingsuavinex\/tapon-mucoso\/\" target=\"_blank\" rel=\"noreferrer noopener\">tap\u00f3n mucoso<\/a>, que puede ocurrir de manera repentina o progresiva. Esta secreci\u00f3n, con un aspecto gelatinoso y a veces te\u00f1ida de sangre, indica que el final del embarazo est\u00e1 cerca y que el cuerpo se est\u00e1 preparando para dar paso al nacimiento.&nbsp;<\/p>\n\n\n\n<p>Adem\u00e1s, muchas mujeres experimentan una sensaci\u00f3n de presi\u00f3n en la pelvis o molestias en la zona lumbar. Es importante se\u00f1alar que estos s\u00edntomas <strong>no indican necesariamente que el parto sea inminente<\/strong> y que pueden comenzar semanas antes del nacimiento del beb\u00e9 pero son se\u00f1ales de que el cuerpo est\u00e1 comenzando a prepararse para el gran momento.&nbsp;&nbsp;<\/p>\n\n\n\n<p>A partir de ese momento se desencadenar\u00e1n las <strong>fases del\u202fparto<\/strong>\u202fque culminar\u00e1n con la llegada del beb\u00e9. Conocer estas etapas no solo permite a la madre estar m\u00e1s tranquila y preparada, sino que tambi\u00e9n fomenta una mayor implicaci\u00f3n de su pareja o de quienes la acompa\u00f1en en este proceso.&nbsp;<\/p>\n\n\n\n<h2 class=\"wp-block-heading\">Las etapas del parto&nbsp;<\/h2>\n\n\n\n<p>La <strong>duraci\u00f3n del parto<\/strong> puede variar significativamente de una mujer a otra y hay que tener en cuenta los distintos <a href=\"https:\/\/www.suavinex.com\/livingsuavinex\/cuantos-tipos-de-parto-existen\/\" target=\"_blank\" rel=\"noreferrer noopener\">tipos de parto<\/a> que existen. Para las <a href=\"https:\/\/www.suavinex.com\/livingsuavinex\/primeriza-hijo\/\" target=\"_blank\" rel=\"noreferrer noopener\">madres primerizas<\/a>, es com\u00fan que los primeros momentos del trabajo de parto se alarguen m\u00e1s, mientras que en partos posteriores el proceso suele ser m\u00e1s r\u00e1pido. No obstante, las <strong>fases del parto en primerizas<\/strong> son las mismas tres etapas claramente definidas que en cualquier otro parto:&nbsp;<\/p>\n\n\n\n<h3 class=\"wp-block-heading\">Primera etapa: <a href=\"https:\/\/www.suavinex.com\/livingsuavinex\/dilatacion-en-el-parto-como-se-mide-y-como-saber-si-ha-empezado\/\" target=\"_blank\" rel=\"noreferrer noopener\">dilataci\u00f3n<\/a> y <a href=\"https:\/\/www.suavinex.com\/livingsuavinex\/que-significa-el-borrado-del-cuello-uterino-y-cuales-son-los-sintomas\/\" target=\"_blank\" rel=\"noreferrer noopener\">borrado del cuello uterino<\/a>&nbsp;<\/h3>\n\n\n\n<p>La primera&nbsp; de las <strong>etapas del parto<\/strong> es la m\u00e1s larga y comienza con el borrado y la dilataci\u00f3n del cuello uterino. Durante la fase inicial, conocida como fase latente, el cuello uterino comienza a abrirse lentamente, llegando hasta los 3-4 cent\u00edmetros de dilataci\u00f3n. Este proceso puede ser imperceptible para algunas mujeres y durar varios d\u00edas, o suceder en unas pocas horas.&nbsp;<\/p>\n\n\n\n<p>La <strong>rotura de la <\/strong><a href=\"https:\/\/www.suavinex.com\/livingsuavinex\/bolsa-amniotica-como-saber-si-he-roto-aguas\/\" target=\"_blank\" rel=\"noreferrer noopener\"><strong>bolsa amni\u00f3tica<\/strong><\/a> o <strong>rotura de aguas<\/strong> puede ocurrir en esta etapa, aunque no siempre es as\u00ed. Si notas un flujo abundante de l\u00edquido claro o con un ligero tinte amarillento, es momento de contactar al hospital o a tu equipo m\u00e9dico si vas a tener un <a href=\"https:\/\/www.suavinex.com\/livingsuavinex\/parto-en-casa\/\" target=\"_blank\" rel=\"noreferrer noopener\">parto en casa<\/a>, a tu <a href=\"https:\/\/www.suavinex.com\/livingsuavinex\/que-es-una-doula-parto\/\" target=\"_blank\" rel=\"noreferrer noopener\">doula<\/a> o a tu matrona.&nbsp;&nbsp;<\/p>\n\n\n\n<p>Cuando la <strong>dilataci\u00f3n alcanza los 4 cent\u00edmetros<\/strong>, el parto entra en lo que se conoce como la <strong>fase activa<\/strong>. Aqu\u00ed, las <a href=\"https:\/\/www.suavinex.com\/livingsuavinex\/contracciones-embarazo\/\" target=\"_blank\" rel=\"noreferrer noopener\">contracciones<\/a> comienzan a ser m\u00e1s regulares, intensas y frecuentes. Muchas mujeres describen este dolor como similar al de una menstruaci\u00f3n intensa, acompa\u00f1ado de molestias lumbares o presi\u00f3n en la pelvis. Este es el momento de <strong>prestar atenci\u00f3n al patr\u00f3n de las contracciones<\/strong>: si aumentan en intensidad y frecuencia, es hora de coger tu <a href=\"https:\/\/www.suavinex.com\/accesorios-guarderia\/bolsos-de-maternidad\/c\/0046\" target=\"_blank\" rel=\"noreferrer noopener\">bolso de maternidad<\/a> Suavinex y acudir al hospital o al centro de maternidad si has optado por un <strong>parto en el hospital<\/strong>. Es normal expulsar secreciones vaginales de color rosado, o incluso sangre. No te asustes, es muy probable que sea el tap\u00f3n mucoso si a\u00fan no lo hab\u00edas expulsado.&nbsp;<\/p>\n\n\n\n<p>Una vez en el hospital, si la madre lo ha decidido previamente, este ser\u00e1 el mejor momento para <strong>administrar la <\/strong><a href=\"https:\/\/www.suavinex.com\/livingsuavinex\/anestesia-epidural\/\" target=\"_blank\" rel=\"noreferrer noopener\"><strong>anestesia epidural<\/strong><\/a>. Conforme avanza esta etapa, se llega a la fase de transici\u00f3n, en la cual la dilataci\u00f3n del cuello uterino alcanza entre 8 y 10 cent\u00edmetros. Las contracciones ser\u00e1n especialmente intensas, m\u00e1s largas y espaciadas por pocos minutos.&nbsp;<\/p>\n\n\n\n<h3 class=\"wp-block-heading\">Segunda etapa: <a href=\"https:\/\/www.suavinex.com\/livingsuavinex\/expulsivo-etapas-parto\/\" target=\"_blank\" rel=\"noreferrer noopener\">expulsivo<\/a> y nacimiento&nbsp;<\/h3>\n\n\n\n<p>Con el cuello uterino completamente dilatado, el parto entra en la segunda etapa, conocida como el per\u00edodo expulsivo. En este momento, sentir\u00e1s unas ganas intensas de empujar, lo que es una se\u00f1al de que el cuerpo est\u00e1 listo para el nacimiento del beb\u00e9.&nbsp;<\/p>\n\n\n\n<p><strong>El expulsivo es una etapa muy variable en cuanto a su duraci\u00f3n<\/strong>. En algunas mujeres los <a href=\"https:\/\/www.suavinex.com\/livingsuavinex\/parto-pujos\/\" target=\"_blank\" rel=\"noreferrer noopener\">pujos del parto<\/a> pueden durar solo unos minutos, mientras que en otras puede extenderse por m\u00e1s de una hora. Es esencial confiar en el equipo m\u00e9dico y seguir sus indicaciones, ya que ellos guiar\u00e1n tus esfuerzos para facilitar la salida del beb\u00e9.&nbsp;<\/p>\n\n\n\n<p>Durante esta fase, la cabeza del beb\u00e9 avanza progresivamente a trav\u00e9s del canal de parto hasta que finalmente nace. En algunos casos, puede ser necesario realizar una <a href=\"https:\/\/www.suavinex.com\/livingsuavinex\/consejos_episiotomias\/\" target=\"_blank\" rel=\"noreferrer noopener\">episiotom\u00eda<\/a> (un peque\u00f1o corte en el perineo) para facilitar el proceso y prevenir desgarros mayores, pero recuerda que esto no debe hacerse por sistema y solamente cuando es estrictamente necesario, as\u00ed que si no la quieres y no est\u00e1 en tu <a href=\"https:\/\/www.suavinex.com\/livingsuavinex\/plan-de-parto\/\" target=\"_blank\" rel=\"noreferrer noopener\">plan de parto<\/a>, debes dejarlo muy claro desde el principio. Para evitar la episiotom\u00eda, deber\u00edas hacerte un <a href=\"https:\/\/www.suavinex.com\/livingsuavinex\/masaje-perineal\/\" target=\"_blank\" rel=\"noreferrer noopener\">masaje perineal<\/a> utilizando el aceite de masaje que encontrar\u00e1s en el <a href=\"https:\/\/www.suavinex.com\/bano-y-cuidado-del-bebe\/cosmetica-mama\/canastilla-regalo-para-mama-recuperacion-post-parto\/p\/base_canastilla_cuidados_postembarazo\" target=\"_blank\" rel=\"noreferrer noopener\">canastilla del embarazo, regalo para mam\u00e1<\/a> de Suavinex.&nbsp;<\/p>\n\n\n<div class=\"carrusel\"><ul class=\"recomendacion\"><li class=\"producto\"><div class=\"wrapProducto\"><a target=\"_blank\" class=\"imagen\" href=\"https:\/\/www.suavinex.com\/alimentacion-del-bebe\/vajilla-infantil\/s-vajilla-infantil-nina-6m-i3\/p\/000000000000300844\"><img decoding=\"async\" src=\"https:\/\/www.suavinex.com\/medias\/Vajilla-Go-Natural-RS-01.jpg?context=bWFzdGVyfGltYWdlc3wxNzY1MTl8aW1hZ2UvanBlZ3xpbWFnZXMvaDkyL2gzZC84OTE3MTg0ODcyNDc4LmpwZ3w2ZDkxOWRmNTJjNWViYmI2MDQxNmNjNjAxNWZkMDU0YzJhZjdiZGVhMjBlOWRmZDQzNWU1OWQ4M2NiNTQwMmZh\"><\/a><div class=\"productname\"><a target=\"_blank\" href=\"https:\/\/www.suavinex.com\/alimentacion-del-bebe\/vajilla-infantil\/s-vajilla-infantil-nina-6m-i3\/p\/000000000000300844\">Vajilla para beb\u00e9s de aprendizaje rosa<\/a><div><div class=\"bloquePrecio\"><div class=\"precioProducto\">33.95 \u20ac<\/div><a target=\"_blank\" class=\"ctabuy\" href=\"https:\/\/www.suavinex.com\/alimentacion-del-bebe\/vajilla-infantil\/s-vajilla-infantil-nina-6m-i3\/p\/000000000000300844\">COMPRAR<\/a><\/div><\/div><\/li><\/ul><\/div>\n\n\n\n<p>El momento en que el beb\u00e9 nace es indescriptible: una mezcla de emociones, alivio y alegr\u00eda inundan a la madre y a todos los presentes.&nbsp;<\/p>\n\n\n\n<h3 class=\"wp-block-heading\">Tercera etapa: <a href=\"https:\/\/www.suavinex.com\/livingsuavinex\/alumbramiento\/\" target=\"_blank\" rel=\"noreferrer noopener\">alumbramiento<\/a> de la placenta&nbsp;<\/h3>\n\n\n\n<p>Una vez que el beb\u00e9 est\u00e1 <a href=\"https:\/\/www.suavinex.com\/livingsuavinex\/piel-con-piel\/\" target=\"_blank\" rel=\"noreferrer noopener\">piel con piel<\/a> con su madre, <strong>el parto no ha terminado del todo<\/strong>. Queda una \u00faltima etapa: el <strong>alumbramiento de la placenta<\/strong>. Este proceso suele ocurrir en los 30 minutos posteriores al nacimiento. En algunos casos, la madre puede sentir nuevamente leves ganas de empujar, mientras que en otros, el equipo m\u00e9dico puede estimular la expulsi\u00f3n de la placenta mediante masajes suaves en la zona baja del abdomen.&nbsp;<\/p>\n\n\n\n<p>Es fundamental <strong>respetar los tiempos naturales de cada mujer<\/strong> en esta etapa. Sin embargo, si la placenta no se expulsa de manera espont\u00e1nea despu\u00e9s de media hora, ser\u00e1 necesario intervenir para evitar complicaciones como una hemorragia postparto. Este procedimiento, aunque puede parecer inc\u00f3modo, es completamente seguro y necesario para proteger la salud de la madre.&nbsp;<\/p>\n\n\n\n<p>Y despu\u00e9s del parto, comienza la maravillosa aventura de la crianza, un desaf\u00edo lleno de amor, aprendizaje y crecimiento mutuo. \u00bfEst\u00e1s lista para ello? No te olvides de seguir una rutina de <a href=\"https:\/\/www.suavinex.com\/livingsuavinex\/claves-cuidarte-postparto\/\" target=\"_blank\" rel=\"noreferrer noopener\">cuidados postparto<\/a> que te ayude a recuperarte y a disfrutar a\u00fan m\u00e1s de tu <a href=\"https:\/\/www.suavinex.com\/livingsuavinex\/que-es-un-neonato\/\" target=\"_blank\" rel=\"noreferrer noopener\">neonato<\/a>. En la <a href=\"https:\/\/www.suavinex.com\/bano-y-cuidado-del-bebe\/cosmetica-mama\/canastilla-regalo-para-mama-recuperacion-post-parto\/p\/base_canastilla_cuidados_postembarazo\" target=\"_blank\" rel=\"noreferrer noopener\">canastilla regalo para mam\u00e1, recuperaci\u00f3n post parto<\/a> de Suavinex encontrar\u00e1s todos los productos b\u00e1sicos que necesitas para mimarte despu\u00e9s de esta experiencia tan intensa.&nbsp;<\/p>\n\n\n<div class=\"carrusel\"><ul class=\"recomendacion\"><li class=\"producto\"><div class=\"wrapProducto\"><a target=\"_blank\" class=\"imagen\" href=\"https:\/\/www.suavinex.com\/bano-y-cuidado-del-bebe\/cosmetica-mama\/canastilla-regalo-para-mama-recuperacion-post-parto\/p\/base_canastilla_cuidados_postembarazo\"><img decoding=\"async\" src=\"https:\/\/www.suavinex.com\/medias\/Canastilla-Mam-Postparto-2025-prod-01.jpg?context=bWFzdGVyfGltYWdlc3wyOTkyODJ8aW1hZ2UvanBlZ3xpbWFnZXMvaDBjL2gyNy84OTI5OTgyODczNjMwLmpwZ3w0YjM2MzU1YTg5MmU3ODBhYWVhZTYxOWIzMzg5Y2E2MjUxYjIyNzBkZWZlMGMyMjFlOWRkNWI0NDY5MzU4M2Uz\"><\/a><div class=\"productname\"><a target=\"_blank\" href=\"https:\/\/www.suavinex.com\/bano-y-cuidado-del-bebe\/cosmetica-mama\/canastilla-regalo-para-mama-recuperacion-post-parto\/p\/base_canastilla_cuidados_postembarazo\">Canastilla Regalo para Mam\u00e1, Recuperaci\u00f3n Post Parto<\/a><div><div class=\"bloquePrecio\"><div class=\"precioProducto\">76.5 \u20ac<\/div><a target=\"_blank\" class=\"ctabuy\" href=\"https:\/\/www.suavinex.com\/bano-y-cuidado-del-bebe\/cosmetica-mama\/canastilla-regalo-para-mama-recuperacion-post-parto\/p\/base_canastilla_cuidados_postembarazo\">COMPRAR<\/a><\/div><\/div><\/li><\/ul><\/div>\n\n\n\n<p>\u00bfConoc\u00edas <strong>cu\u00e1les son las fases del parto<\/strong>? Esperamos que esta informaci\u00f3n te haya sido de utilidad y te haya ayudado a conocer un poco mejor el proceso al que te enfrentas como futura mam\u00e1.&nbsp;<\/p>\n\n\n\n<p><strong>Fuentes:<\/strong>\u00a0\u00a0<\/p>\n\n\n\n<p><a href=\"https:\/\/inatal.org\/el-parto\/37-parto-normal-paso-a-paso\/128-las-fases-del-parto.html\" target=\"_blank\" rel=\"noreferrer noopener\">Las fases del parto normal: dilataci\u00f3n, expulsivo y alumbramiento &#8211; inatal &#8211; El embarazo semana a semana<\/a>&nbsp;<\/p>\n\n\n\n<p><a href=\"https:\/\/mibebeyyo.elmundo.es\/parto\/fases-parto\" target=\"_blank\" rel=\"noreferrer noopener\">Fases del parto: \u00bfqu\u00e9 es el trabajo de parto? | Mi beb\u00e9 y yo<\/a>&nbsp;<\/p>\n\n\n\n<p><a href=\"https:\/\/www.mayoclinic.org\/es\/healthy-lifestyle\/labor-and-delivery\/in-depth\/stages-of-labor\/art-20046545\" target=\"_blank\" rel=\"noreferrer noopener\" class=\"broken_link\">Las etapas del trabajo de parto y el parto: \u00a1lleg\u00f3 el momento de tener al beb\u00e9! &#8211; Mayo Clinic<\/a>&nbsp;<\/p>\n","protected":false},"excerpt":{"rendered":"El parto, tan temido como deseado, es uno de los momentos m\u00e1s determinantes en la vida de una madre. Se trata de una experiencia diferente para cada mujer e incluso para cada hijo. Por este motivo, ser\u00eda interesante desterrar el t\u00e9rmino \u201cnormal\u201d para definir c\u00f3mo puede transcurrir. Cada parto es&#8230; <a class=\"view-article\" href=\"https:\/\/www.suavinex.com\/livingsuavinex\/cuales-son-las-etapas-del-parto\/\">Ver art\u00edculo<\/a>","protected":false},"author":297,"featured_media":46233,"comment_status":"open","ping_status":"open","sticky":false,"template":"","format":"standard","meta":{"inline_featured_image":false,"footnotes":""},"categories":[7],"tags":[234,2251,12,46],"class_list":["post-26674","post","type-post","status-publish","format-standard","has-post-thumbnail","hentry","category-embarazo","tag-bebe","tag-embarazo","tag-hijos","tag-mujer"],"yoast_head":"<!-- This site is optimized with the Yoast SEO plugin v26.8 - https:\/\/yoast.com\/product\/yoast-seo-wordpress\/ -->\n<title>Etapas del parto. \u00bfCu\u00e1les son las fases del parto?<\/title>\n<meta name=\"description\" content=\"Entender las fases del parto ayuda a desmitificar el proceso y aporta tranquilidad tanto a la madre como a su pareja.\" \/>\n<meta name=\"robots\" content=\"index, follow, max-snippet:-1, max-image-preview:large, max-video-preview:-1\" \/>\n<link rel=\"canonical\" href=\"https:\/\/www.suavinex.com\/livingsuavinex\/cuales-son-las-etapas-del-parto\/\" \/>\n<meta property=\"og:locale\" content=\"es_ES\" \/>\n<meta property=\"og:type\" content=\"article\" \/>\n<meta property=\"og:title\" content=\"Etapas del parto. \u00bfCu\u00e1les son las fases del parto?\" \/>\n<meta property=\"og:description\" content=\"Entender las fases del parto ayuda a desmitificar el proceso y aporta tranquilidad tanto a la madre como a su pareja.\" \/>\n<meta property=\"og:url\" content=\"https:\/\/www.suavinex.com\/livingsuavinex\/cuales-son-las-etapas-del-parto\/\" \/>\n<meta property=\"og:site_name\" content=\"Living Suavinex\" \/>\n<meta property=\"article:publisher\" content=\"https:\/\/www.facebook.com\/SuavinexSpain\" \/>\n<meta property=\"article:published_time\" content=\"2024-12-16T08:00:02+00:00\" \/>\n<meta property=\"article:modified_time\" content=\"2024-12-31T12:34:28+00:00\" \/>\n<meta property=\"og:image\" content=\"https:\/\/www.suavinex.com\/livingsuavinex\/wp-content\/uploads\/2018\/07\/etapas-del-parto.webp\" \/>\n\t<meta property=\"og:image:width\" content=\"1200\" \/>\n\t<meta property=\"og:image:height\" content=\"800\" \/>\n\t<meta property=\"og:image:type\" content=\"image\/webp\" \/>\n<meta name=\"author\" content=\"Paula Gonzalo\" \/>\n<meta name=\"twitter:card\" content=\"summary_large_image\" \/>\n<meta name=\"twitter:creator\" content=\"@SuavinexSpain\" \/>\n<meta name=\"twitter:site\" content=\"@SuavinexSpain\" \/>\n<meta name=\"twitter:label1\" content=\"Escrito por\" \/>\n\t<meta name=\"twitter:data1\" content=\"Paula Gonzalo\" \/>\n\t<meta name=\"twitter:label2\" content=\"Tiempo de lectura\" \/>\n\t<meta name=\"twitter:data2\" content=\"6 minutos\" \/>\n<script type=\"application\/ld+json\" class=\"yoast-schema-graph\">{\"@context\":\"https:\/\/schema.org\",\"@graph\":[{\"@type\":\"Article\",\"@id\":\"https:\/\/www.suavinex.com\/livingsuavinex\/cuales-son-las-etapas-del-parto\/#article\",\"isPartOf\":{\"@id\":\"https:\/\/www.suavinex.com\/livingsuavinex\/cuales-son-las-etapas-del-parto\/\"},\"author\":{\"name\":\"Paula Gonzalo\",\"@id\":\"https:\/\/www.suavinex.com\/livingsuavinex\/#\/schema\/person\/adf54053ae070908b6a5293ef8d2c28a\"},\"headline\":\"Etapas del parto. \u00bfCu\u00e1les son las fases del parto?\",\"datePublished\":\"2024-12-16T08:00:02+00:00\",\"dateModified\":\"2024-12-31T12:34:28+00:00\",\"mainEntityOfPage\":{\"@id\":\"https:\/\/www.suavinex.com\/livingsuavinex\/cuales-son-las-etapas-del-parto\/\"},\"wordCount\":1330,\"commentCount\":0,\"publisher\":{\"@id\":\"https:\/\/www.suavinex.com\/livingsuavinex\/#organization\"},\"image\":{\"@id\":\"https:\/\/www.suavinex.com\/livingsuavinex\/cuales-son-las-etapas-del-parto\/#primaryimage\"},\"thumbnailUrl\":\"https:\/\/www.suavinex.com\/livingsuavinex\/wp-content\/uploads\/2018\/07\/etapas-del-parto.webp\",\"keywords\":[\"Beb\u00e9\",\"Embarazo\",\"Hijos\",\"Mujer\"],\"articleSection\":[\"Embarazo\"],\"inLanguage\":\"es\"},{\"@type\":\"WebPage\",\"@id\":\"https:\/\/www.suavinex.com\/livingsuavinex\/cuales-son-las-etapas-del-parto\/\",\"url\":\"https:\/\/www.suavinex.com\/livingsuavinex\/cuales-son-las-etapas-del-parto\/\",\"name\":\"Etapas del parto. \u00bfCu\u00e1les son las fases del parto?\",\"isPartOf\":{\"@id\":\"https:\/\/www.suavinex.com\/livingsuavinex\/#website\"},\"primaryImageOfPage\":{\"@id\":\"https:\/\/www.suavinex.com\/livingsuavinex\/cuales-son-las-etapas-del-parto\/#primaryimage\"},\"image\":{\"@id\":\"https:\/\/www.suavinex.com\/livingsuavinex\/cuales-son-las-etapas-del-parto\/#primaryimage\"},\"thumbnailUrl\":\"https:\/\/www.suavinex.com\/livingsuavinex\/wp-content\/uploads\/2018\/07\/etapas-del-parto.webp\",\"datePublished\":\"2024-12-16T08:00:02+00:00\",\"dateModified\":\"2024-12-31T12:34:28+00:00\",\"description\":\"Entender las fases del parto ayuda a desmitificar el proceso y aporta tranquilidad tanto a la madre como a su pareja.\",\"breadcrumb\":{\"@id\":\"https:\/\/www.suavinex.com\/livingsuavinex\/cuales-son-las-etapas-del-parto\/#breadcrumb\"},\"inLanguage\":\"es\",\"potentialAction\":[{\"@type\":\"ReadAction\",\"target\":[\"https:\/\/www.suavinex.com\/livingsuavinex\/cuales-son-las-etapas-del-parto\/\"]}]},{\"@type\":\"ImageObject\",\"inLanguage\":\"es\",\"@id\":\"https:\/\/www.suavinex.com\/livingsuavinex\/cuales-son-las-etapas-del-parto\/#primaryimage\",\"url\":\"https:\/\/www.suavinex.com\/livingsuavinex\/wp-content\/uploads\/2018\/07\/etapas-del-parto.webp\",\"contentUrl\":\"https:\/\/www.suavinex.com\/livingsuavinex\/wp-content\/uploads\/2018\/07\/etapas-del-parto.webp\",\"width\":1200,\"height\":800,\"caption\":\"Etapas del parto\"},{\"@type\":\"BreadcrumbList\",\"@id\":\"https:\/\/www.suavinex.com\/livingsuavinex\/cuales-son-las-etapas-del-parto\/#breadcrumb\",\"itemListElement\":[{\"@type\":\"ListItem\",\"position\":1,\"name\":\"Portada\",\"item\":\"https:\/\/www.suavinex.com\/livingsuavinex\/\"},{\"@type\":\"ListItem\",\"position\":2,\"name\":\"Etapas del parto. \u00bfCu\u00e1les son las fases del parto?\"}]},{\"@type\":\"WebSite\",\"@id\":\"https:\/\/www.suavinex.com\/livingsuavinex\/#website\",\"url\":\"https:\/\/www.suavinex.com\/livingsuavinex\/\",\"name\":\"Living Suavinex\",\"description\":\"| Familias reales\",\"publisher\":{\"@id\":\"https:\/\/www.suavinex.com\/livingsuavinex\/#organization\"},\"potentialAction\":[{\"@type\":\"SearchAction\",\"target\":{\"@type\":\"EntryPoint\",\"urlTemplate\":\"https:\/\/www.suavinex.com\/livingsuavinex\/?s={search_term_string}\"},\"query-input\":{\"@type\":\"PropertyValueSpecification\",\"valueRequired\":true,\"valueName\":\"search_term_string\"}}],\"inLanguage\":\"es\"},{\"@type\":\"Organization\",\"@id\":\"https:\/\/www.suavinex.com\/livingsuavinex\/#organization\",\"name\":\"Suavinex\",\"url\":\"https:\/\/www.suavinex.com\/livingsuavinex\/\",\"logo\":{\"@type\":\"ImageObject\",\"inLanguage\":\"es\",\"@id\":\"https:\/\/www.suavinex.com\/livingsuavinex\/#\/schema\/logo\/image\/\",\"url\":\"https:\/\/www.suavinex.com\/livingsuavinex\/wp-content\/uploads\/2018\/07\/living_sx_logo_mvl.png\",\"contentUrl\":\"https:\/\/www.suavinex.com\/livingsuavinex\/wp-content\/uploads\/2018\/07\/living_sx_logo_mvl.png\",\"width\":350,\"height\":70,\"caption\":\"Suavinex\"},\"image\":{\"@id\":\"https:\/\/www.suavinex.com\/livingsuavinex\/#\/schema\/logo\/image\/\"},\"sameAs\":[\"https:\/\/www.facebook.com\/SuavinexSpain\",\"https:\/\/x.com\/SuavinexSpain\",\"https:\/\/www.instagram.com\/suavinex_spain\/\",\"https:\/\/www.pinterest.es\/SuavinexSpain\/\",\"https:\/\/www.youtube.com\/channel\/UCgeJREx2R_ZvV2aQMrfWgcA\"]},{\"@type\":\"Person\",\"@id\":\"https:\/\/www.suavinex.com\/livingsuavinex\/#\/schema\/person\/adf54053ae070908b6a5293ef8d2c28a\",\"name\":\"Paula Gonzalo\",\"image\":{\"@type\":\"ImageObject\",\"inLanguage\":\"es\",\"@id\":\"https:\/\/www.suavinex.com\/livingsuavinex\/#\/schema\/person\/image\/\",\"url\":\"https:\/\/secure.gravatar.com\/avatar\/743d807d9020323f241090e3afb62686?s=96&d=mm&r=g\",\"contentUrl\":\"https:\/\/secure.gravatar.com\/avatar\/743d807d9020323f241090e3afb62686?s=96&d=mm&r=g\",\"caption\":\"Paula Gonzalo\"}}]}<\/script>\n<!-- \/ Yoast SEO plugin. -->","yoast_head_json":{"title":"Etapas del parto. \u00bfCu\u00e1les son las fases del parto?","description":"Entender las fases del parto ayuda a desmitificar el proceso y aporta tranquilidad tanto a la madre como a su pareja.","robots":{"index":"index","follow":"follow","max-snippet":"max-snippet:-1","max-image-preview":"max-image-preview:large","max-video-preview":"max-video-preview:-1"},"canonical":"https:\/\/www.suavinex.com\/livingsuavinex\/cuales-son-las-etapas-del-parto\/","og_locale":"es_ES","og_type":"article","og_title":"Etapas del parto. \u00bfCu\u00e1les son las fases del parto?","og_description":"Entender las fases del parto ayuda a desmitificar el proceso y aporta tranquilidad tanto a la madre como a su pareja.","og_url":"https:\/\/www.suavinex.com\/livingsuavinex\/cuales-son-las-etapas-del-parto\/","og_site_name":"Living Suavinex","article_publisher":"https:\/\/www.facebook.com\/SuavinexSpain","article_published_time":"2024-12-16T08:00:02+00:00","article_modified_time":"2024-12-31T12:34:28+00:00","og_image":[{"width":1200,"height":800,"url":"https:\/\/www.suavinex.com\/livingsuavinex\/wp-content\/uploads\/2018\/07\/etapas-del-parto.webp","type":"image\/webp"}],"author":"Paula Gonzalo","twitter_card":"summary_large_image","twitter_creator":"@SuavinexSpain","twitter_site":"@SuavinexSpain","twitter_misc":{"Escrito por":"Paula Gonzalo","Tiempo de lectura":"6 minutos"},"schema":{"@context":"https:\/\/schema.org","@graph":[{"@type":"Article","@id":"https:\/\/www.suavinex.com\/livingsuavinex\/cuales-son-las-etapas-del-parto\/#article","isPartOf":{"@id":"https:\/\/www.suavinex.com\/livingsuavinex\/cuales-son-las-etapas-del-parto\/"},"author":{"name":"Paula Gonzalo","@id":"https:\/\/www.suavinex.com\/livingsuavinex\/#\/schema\/person\/adf54053ae070908b6a5293ef8d2c28a"},"headline":"Etapas del parto. \u00bfCu\u00e1les son las fases del parto?","datePublished":"2024-12-16T08:00:02+00:00","dateModified":"2024-12-31T12:34:28+00:00","mainEntityOfPage":{"@id":"https:\/\/www.suavinex.com\/livingsuavinex\/cuales-son-las-etapas-del-parto\/"},"wordCount":1330,"commentCount":0,"publisher":{"@id":"https:\/\/www.suavinex.com\/livingsuavinex\/#organization"},"image":{"@id":"https:\/\/www.suavinex.com\/livingsuavinex\/cuales-son-las-etapas-del-parto\/#primaryimage"},"thumbnailUrl":"https:\/\/www.suavinex.com\/livingsuavinex\/wp-content\/uploads\/2018\/07\/etapas-del-parto.webp","keywords":["Beb\u00e9","Embarazo","Hijos","Mujer"],"articleSection":["Embarazo"],"inLanguage":"es"},{"@type":"WebPage","@id":"https:\/\/www.suavinex.com\/livingsuavinex\/cuales-son-las-etapas-del-parto\/","url":"https:\/\/www.suavinex.com\/livingsuavinex\/cuales-son-las-etapas-del-parto\/","name":"Etapas del parto. \u00bfCu\u00e1les son las fases del parto?","isPartOf":{"@id":"https:\/\/www.suavinex.com\/livingsuavinex\/#website"},"primaryImageOfPage":{"@id":"https:\/\/www.suavinex.com\/livingsuavinex\/cuales-son-las-etapas-del-parto\/#primaryimage"},"image":{"@id":"https:\/\/www.suavinex.com\/livingsuavinex\/cuales-son-las-etapas-del-parto\/#primaryimage"},"thumbnailUrl":"https:\/\/www.suavinex.com\/livingsuavinex\/wp-content\/uploads\/2018\/07\/etapas-del-parto.webp","datePublished":"2024-12-16T08:00:02+00:00","dateModified":"2024-12-31T12:34:28+00:00","description":"Entender las fases del parto ayuda a desmitificar el proceso y aporta tranquilidad tanto a la madre como a su pareja.","breadcrumb":{"@id":"https:\/\/www.suavinex.com\/livingsuavinex\/cuales-son-las-etapas-del-parto\/#breadcrumb"},"inLanguage":"es","potentialAction":[{"@type":"ReadAction","target":["https:\/\/www.suavinex.com\/livingsuavinex\/cuales-son-las-etapas-del-parto\/"]}]},{"@type":"ImageObject","inLanguage":"es","@id":"https:\/\/www.suavinex.com\/livingsuavinex\/cuales-son-las-etapas-del-parto\/#primaryimage","url":"https:\/\/www.suavinex.com\/livingsuavinex\/wp-content\/uploads\/2018\/07\/etapas-del-parto.webp","contentUrl":"https:\/\/www.suavinex.com\/livingsuavinex\/wp-content\/uploads\/2018\/07\/etapas-del-parto.webp","width":1200,"height":800,"caption":"Etapas del parto"},{"@type":"BreadcrumbList","@id":"https:\/\/www.suavinex.com\/livingsuavinex\/cuales-son-las-etapas-del-parto\/#breadcrumb","itemListElement":[{"@type":"ListItem","position":1,"name":"Portada","item":"https:\/\/www.suavinex.com\/livingsuavinex\/"},{"@type":"ListItem","position":2,"name":"Etapas del parto. \u00bfCu\u00e1les son las fases del parto?"}]},{"@type":"WebSite","@id":"https:\/\/www.suavinex.com\/livingsuavinex\/#website","url":"https:\/\/www.suavinex.com\/livingsuavinex\/","name":"Living Suavinex","description":"| Familias reales","publisher":{"@id":"https:\/\/www.suavinex.com\/livingsuavinex\/#organization"},"potentialAction":[{"@type":"SearchAction","target":{"@type":"EntryPoint","urlTemplate":"https:\/\/www.suavinex.com\/livingsuavinex\/?s={search_term_string}"},"query-input":{"@type":"PropertyValueSpecification","valueRequired":true,"valueName":"search_term_string"}}],"inLanguage":"es"},{"@type":"Organization","@id":"https:\/\/www.suavinex.com\/livingsuavinex\/#organization","name":"Suavinex","url":"https:\/\/www.suavinex.com\/livingsuavinex\/","logo":{"@type":"ImageObject","inLanguage":"es","@id":"https:\/\/www.suavinex.com\/livingsuavinex\/#\/schema\/logo\/image\/","url":"https:\/\/www.suavinex.com\/livingsuavinex\/wp-content\/uploads\/2018\/07\/living_sx_logo_mvl.png","contentUrl":"https:\/\/www.suavinex.com\/livingsuavinex\/wp-content\/uploads\/2018\/07\/living_sx_logo_mvl.png","width":350,"height":70,"caption":"Suavinex"},"image":{"@id":"https:\/\/www.suavinex.com\/livingsuavinex\/#\/schema\/logo\/image\/"},"sameAs":["https:\/\/www.facebook.com\/SuavinexSpain","https:\/\/x.com\/SuavinexSpain","https:\/\/www.instagram.com\/suavinex_spain\/","https:\/\/www.pinterest.es\/SuavinexSpain\/","https:\/\/www.youtube.com\/channel\/UCgeJREx2R_ZvV2aQMrfWgcA"]},{"@type":"Person","@id":"https:\/\/www.suavinex.com\/livingsuavinex\/#\/schema\/person\/adf54053ae070908b6a5293ef8d2c28a","name":"Paula Gonzalo","image":{"@type":"ImageObject","inLanguage":"es","@id":"https:\/\/www.suavinex.com\/livingsuavinex\/#\/schema\/person\/image\/","url":"https:\/\/secure.gravatar.com\/avatar\/743d807d9020323f241090e3afb62686?s=96&d=mm&r=g","contentUrl":"https:\/\/secure.gravatar.com\/avatar\/743d807d9020323f241090e3afb62686?s=96&d=mm&r=g","caption":"Paula Gonzalo"}}]}},"_links":{"self":[{"href":"https:\/\/www.suavinex.com\/livingsuavinex\/wp-json\/wp\/v2\/posts\/26674","targetHints":{"allow":["GET"]}}],"collection":[{"href":"https:\/\/www.suavinex.com\/livingsuavinex\/wp-json\/wp\/v2\/posts"}],"about":[{"href":"https:\/\/www.suavinex.com\/livingsuavinex\/wp-json\/wp\/v2\/types\/post"}],"author":[{"embeddable":true,"href":"https:\/\/www.suavinex.com\/livingsuavinex\/wp-json\/wp\/v2\/users\/297"}],"replies":[{"embeddable":true,"href":"https:\/\/www.suavinex.com\/livingsuavinex\/wp-json\/wp\/v2\/comments?post=26674"}],"version-history":[{"count":3,"href":"https:\/\/www.suavinex.com\/livingsuavinex\/wp-json\/wp\/v2\/posts\/26674\/revisions"}],"predecessor-version":[{"id":46234,"href":"https:\/\/www.suavinex.com\/livingsuavinex\/wp-json\/wp\/v2\/posts\/26674\/revisions\/46234"}],"wp:featuredmedia":[{"embeddable":true,"href":"https:\/\/www.suavinex.com\/livingsuavinex\/wp-json\/wp\/v2\/media\/46233"}],"wp:attachment":[{"href":"https:\/\/www.suavinex.com\/livingsuavinex\/wp-json\/wp\/v2\/media?parent=26674"}],"wp:term":[{"taxonomy":"category","embeddable":true,"href":"https:\/\/www.suavinex.com\/livingsuavinex\/wp-json\/wp\/v2\/categories?post=26674"},{"taxonomy":"post_tag","embeddable":true,"href":"https:\/\/www.suavinex.com\/livingsuavinex\/wp-json\/wp\/v2\/tags?post=26674"}],"curies":[{"name":"wp","href":"https:\/\/api.w.org\/{rel}","templated":true}]}}