{"id":2666,"date":"2022-08-30T07:00:10","date_gmt":"2022-08-30T05:00:10","guid":{"rendered":"https:\/\/www.suavinex.com\/livingsuavinex\/?p=2666"},"modified":"2022-07-27T13:15:05","modified_gmt":"2022-07-27T11:15:05","slug":"dermatitis-atopica","status":"publish","type":"post","link":"https:\/\/www.suavinex.com\/livingsuavinex\/dermatitis-atopica\/","title":{"rendered":"Mi beb\u00e9 tiene dermatitis at\u00f3pica"},"content":{"rendered":"<p>La <a href=\"https:\/\/www.suavinex.com\/livingsuavinex\/piel-del-bebe\/\"><strong>piel del beb\u00e9<\/strong><\/a> es muy delicada. La <strong>barrera de la piel<\/strong> a\u00fan no est\u00e1 totalmente desarrollada y es f\u00e1cil que <strong>reaccione de forma exagerada<\/strong> a est\u00edmulos que para un adulto son inocuos.<\/p>\n<p>Si notas <a href=\"https:\/\/www.suavinex.com\/livingsuavinex\/irritacion-en-la-piel-del-bebe-posibles-razones-y-tratamientos\/\"><strong>irritaci\u00f3n en la piel de beb\u00e9<\/strong><\/a> hay una gran variedad de causas que pueden estar detr\u00e1s. Uno de los problemas o <a href=\"https:\/\/www.suavinex.com\/livingsuavinex\/problemas-de-piel-bebes\/\">enfermedades de la piel en beb\u00e9s<\/a> comunes que puede presentar tu beb\u00e9, es la <strong>dermatitis at\u00f3pica<\/strong>.<\/p>\n<p>Hoy te vamos a contar <strong>todo lo que necesitas saber si tu beb\u00e9 tiene dermatitis at\u00f3pica<\/strong>, desde c\u00f3mo prevenir los brotes hasta c\u00f3mo tratarlos.<\/p>\n<h2 style=\"text-align: center;\"><strong>\u00bfQu\u00e9 es la dermatitis at\u00f3pica?<\/strong><\/h2>\n<p>Tambi\u00e9n se conoce como eccema at\u00f3pico y se trata de una enfermedad inflamatoria que afecta a la piel. Puede darse tanto en ni\u00f1os como en adultos y en la actualidad <strong>afecta a un 18% de la poblaci\u00f3n infantil<\/strong>. Es la <strong>enfermedad cut\u00e1nea m\u00e1s frecuente<\/strong> entre los ni\u00f1os y puede afectarles desde muy temprana edad.<\/p>\n<p>La dermatitis at\u00f3pica presenta varios <strong>s\u00edntomas caracter\u00edsticos<\/strong>:<\/p>\n<ul>\n<li>Piel seca.<\/li>\n<li>Descamaci\u00f3n.<\/li>\n<li>Picor.<\/li>\n<li>Enrojecimiento, como si fuera <a href=\"https:\/\/www.suavinex.com\/livingsuavinex\/dermatitis-peribucal\/\">dermatitis peribucal<\/a>.<\/li>\n<li>Inflamaci\u00f3n.<\/li>\n<\/ul>\n<p><strong>No se trata de una afecci\u00f3n constante<\/strong>, sino que pueden aparecer <strong>brotes en diferentes \u00e9pocas<\/strong> del a\u00f1o que al cabo de un tiempo mejoran y acaban por desaparecer. Por ejemplo, los beb\u00e9s y ni\u00f1os con <a href=\"https:\/\/www.suavinex.com\/livingsuavinex\/piel-atopica-verano\/\"><strong>piel at\u00f3pica en verano<\/strong><\/a> tiende a <strong>sufrir menos brotes<\/strong> que en invierno.<\/p>\n<p>La <strong>dermatitis at\u00f3pica<\/strong> se da cuando el organismo del beb\u00e9 reacciona de forma exagerada a algunos est\u00edmulos del ambiente y esto <strong>produce que la barrera de la piel no funcione<\/strong> bien, permitiendo que pasen al\u00e9rgenos.<\/p>\n<h2 style=\"text-align: center;\"><strong>\u00bfQu\u00e9 causa la dermatitis at\u00f3pica en beb\u00e9s?<\/strong><\/h2>\n<p>La dermatitis at\u00f3pica <strong>es una enfermedad inmunol\u00f3gica<\/strong>. No se conoce la causa exacta, aunque s\u00ed se sabe que tanto factores gen\u00e9ticos como medioambientales contribuyen a su desarrollo.<\/p>\n<p>Los principales <strong>factores de riesgo<\/strong> son <strong>gen\u00e9ticos y hereditarios<\/strong>. Si alguien de la familia tiene dermatitis at\u00f3pica es m\u00e1s probable que el beb\u00e9 la desarrolle. Si hay <strong>antecedentes de alergias<\/strong> en la familia, asma, etc, tambi\u00e9n se considera que hay mayor predisposici\u00f3n para desarrollar dermatitis at\u00f3pica.<\/p>\n<p>Tambi\u00e9n hay estudios que sugieren que <strong>la edad es un factor de riesgo<\/strong>, siendo los beb\u00e9s menores de un a\u00f1o los m\u00e1s susceptibles de desarrollar la enfermedad y mostrar los primeros s\u00edntomas. S\u00f3lo un 10% de las personas que desarrollan piel at\u00f3pica lo hacen a partir de los 7 a\u00f1os.<\/p>\n<p>Por \u00faltimo, <strong>vivir en zonas con climas secos<\/strong> parece aumentar las posibilidades de desarrollar dermatitis at\u00f3pica.<\/p>\n<h2 style=\"text-align: center;\"><strong>\u00bfCu\u00e1l es el tratamiento para la dermatitis at\u00f3pica en beb\u00e9s?<\/strong><\/h2>\n<p>Para poder tomar una decisi\u00f3n acerca de c\u00f3mo <strong>tratar a tu beb\u00e9 con dermatitis at\u00f3pica<\/strong>, es imprescindible acudir a tu <a href=\"https:\/\/www.suavinex.com\/livingsuavinex\/pediatras-y-salud-infantil\/\">pediatra<\/a>.<\/p>\n<p>No dudes en pedir una consulta si percibes estos s\u00edntomas:<\/p>\n<ul>\n<li>La piel de tu beb\u00e9 esta <strong>enrojecida o inflamada<\/strong> en diferentes zonas del cuerpo.<\/li>\n<li>Notas que a tu beb\u00e9 <strong>le pica la piel <\/strong>e intenta rascarse.<\/li>\n<li>Observas una <strong>descamaci\u00f3n excesiva<\/strong> de la piel. Este es un s\u00edntoma grave porque puede provocar heridas dolorosas y que hay que limpiar y tratar.<\/li>\n<\/ul>\n<p><strong>Dependiendo de la gravedad del cuadro<\/strong> de tu beb\u00e9, el pediatra puede recomendar utilizar s\u00f3lo <a href=\"https:\/\/www.suavinex.com\/bano-y-cuidado-del-bebe\/cosmetica-bebe\/c\/0051\"><strong>cosm\u00e9tica beb\u00e9<\/strong><\/a> que hidrate y proteja su piel previniendo nuevos brotes, recetarle a tu beb\u00e9 alguna crema o <strong>pomada antiinflamatoria<\/strong> o con corticoides o, si la situaci\u00f3n es grave, podr\u00eda requerir <strong>corticoides por v\u00eda oral<\/strong>.<\/p>\n<h2 style=\"text-align: center;\"><strong>\u00bfC\u00f3mo puedo mejorar los brotes y prevenir la aparici\u00f3n de dermatitis at\u00f3pica?<\/strong><\/h2>\n<p>Adem\u00e1s del tratamiento m\u00e9dico que el pediatra considere es importante tener en cuenta algunas recomendaciones que <strong>favorecer\u00e1n un menor n\u00famero de brotes<\/strong> y un mejor control de la enfermedad:<\/p>\n<ul>\n<li>Mantener la casa a una temperatura constante, sin excesivo calor y con un buen grado de humedad. Si el ambiente del dormitorio de tu beb\u00e9 es muy seco, puedes utilizar el <a href=\"https:\/\/www.suavinex.com\/alimentacion-del-bebe\/pequeno-electrodomestico\/s-humidificador-smart-i3\/p\/000000000000401134\"><strong>humidificador SMART para beb\u00e9s<\/strong><\/a> para obtener el nivel de humedad \u00f3ptimo.<\/li>\n<\/ul>\n<p><a href=\"https:\/\/www.suavinex.com\/alimentacion-del-bebe\/pequeno-electrodomestico\/s-humidificador-smart-i3\/p\/000000000000401134\"><img loading=\"lazy\" decoding=\"async\" class=\"aligncenter wp-image-43192 size-full\" src=\"https:\/\/www.suavinex.com\/livingsuavinex\/wp-content\/uploads\/2012\/02\/Humidificador-SMART-para-beb\u00e9s.png\" alt=\"Humidificador SMART para beb\u00e9s\" width=\"700\" height=\"300\" srcset=\"https:\/\/www.suavinex.com\/livingsuavinex\/wp-content\/uploads\/2012\/02\/Humidificador-SMART-para-beb\u00e9s.png 700w, https:\/\/www.suavinex.com\/livingsuavinex\/wp-content\/uploads\/2012\/02\/Humidificador-SMART-para-beb\u00e9s-300x129.png 300w, https:\/\/www.suavinex.com\/livingsuavinex\/wp-content\/uploads\/2012\/02\/Humidificador-SMART-para-beb\u00e9s-200x86.png 200w, https:\/\/www.suavinex.com\/livingsuavinex\/wp-content\/uploads\/2012\/02\/Humidificador-SMART-para-beb\u00e9s-400x171.png 400w, https:\/\/www.suavinex.com\/livingsuavinex\/wp-content\/uploads\/2012\/02\/Humidificador-SMART-para-beb\u00e9s-600x257.png 600w\" sizes=\"auto, (max-width: 700px) 100vw, 700px\" \/><\/a><\/p>\n<ul>\n<li>No abrigues a tu beb\u00e9 en exceso para evitar que sude.<\/li>\n<li>Su ropa debe ser de materiales naturales, preferiblemente algod\u00f3n. Evita todo lo que puedas las fibras sint\u00e9ticas y la lana.<\/li>\n<li>La <a href=\"https:\/\/www.suavinex.com\/livingsuavinex\/la-hora-del-bano\/\"><strong>hora del ba\u00f1o del beb\u00e9<\/strong><\/a> es una ocasi\u00f3n perfecta para cuidar y mimar su piel. Recuerda que <strong>no es necesario ba\u00f1arle todos los d\u00edas<\/strong>. Es preferible darle un ba\u00f1o de una duraci\u00f3n de unos 20 minutos. La ba\u00f1era te permite a\u00f1adir unas <strong>gotitas de aceites hidratantes<\/strong> (consulta siempre cu\u00e1les son los aceites seguros) para ayudar a reforzar su piel. En Suavinex contamos con una gran variedad de <a href=\"https:\/\/www.suavinex.com\/bano-y-cuidado-del-bebe\/bano-bebe\/c\/0052\">art\u00edculos de ba\u00f1o e higiene para beb\u00e9<\/a>, como nuestra <a href=\"https:\/\/www.suavinex.com\/bano-y-cuidado-del-bebe\/cosmetica-bebe\/w-canastilla-hidratacion\/p\/302122\">Canastilla regalo hidrataci\u00f3n Baby Spa<\/a> con todos los productos para ba\u00f1ar a tu beb\u00e9.<\/li>\n<\/ul>\n<p><a href=\"https:\/\/www.suavinex.com\/bano-y-cuidado-del-bebe\/cosmetica-bebe\/w-canastilla-hidratacion\/p\/302122\"><img loading=\"lazy\" decoding=\"async\" class=\"aligncenter wp-image-43064 size-full\" src=\"https:\/\/www.suavinex.com\/livingsuavinex\/wp-content\/uploads\/2015\/04\/Canastilla-regalo-hidrataci\u00f3n-Baby-Spa.png\" alt=\"Canastilla regalo hidrataci\u00f3n Baby Spa\" width=\"700\" height=\"300\" srcset=\"https:\/\/www.suavinex.com\/livingsuavinex\/wp-content\/uploads\/2015\/04\/Canastilla-regalo-hidrataci\u00f3n-Baby-Spa.png 700w, https:\/\/www.suavinex.com\/livingsuavinex\/wp-content\/uploads\/2015\/04\/Canastilla-regalo-hidrataci\u00f3n-Baby-Spa-300x129.png 300w, https:\/\/www.suavinex.com\/livingsuavinex\/wp-content\/uploads\/2015\/04\/Canastilla-regalo-hidrataci\u00f3n-Baby-Spa-200x86.png 200w, https:\/\/www.suavinex.com\/livingsuavinex\/wp-content\/uploads\/2015\/04\/Canastilla-regalo-hidrataci\u00f3n-Baby-Spa-400x171.png 400w, https:\/\/www.suavinex.com\/livingsuavinex\/wp-content\/uploads\/2015\/04\/Canastilla-regalo-hidrataci\u00f3n-Baby-Spa-600x257.png 600w\" sizes=\"auto, (max-width: 700px) 100vw, 700px\" \/><\/a><\/p>\n<ul>\n<li>Utiliza <strong>jabones de pH \u00e1cido y sin agentes irritantes<\/strong>. La avena y la parafina son muy aconsejables para un beb\u00e9 con dermatitis at\u00f3pica. No olvides ninguno de los <a href=\"https:\/\/www.suavinex.com\/livingsuavinex\/imprescindibles-bano-bebe\/\"><strong>imprescindibles para la hora del ba\u00f1o<\/strong><\/a> que tambi\u00e9n encontrar\u00e1s en nuestro <a href=\"https:\/\/www.suavinex.com\/bano-y-cuidado-del-bebe\/cosmetica-bebe\/pack-cosmetica-gran-formato\/p\/pack-cosmetica-formato-ahorro\">Pack especial de cosm\u00e9tica en gran formato<\/a> con un gel apto para pieles sensibles que cuenta con un 86% de ingredientes de origen natural.<\/li>\n<\/ul>\n<p><a href=\"https:\/\/www.suavinex.com\/bano-y-cuidado-del-bebe\/cosmetica-bebe\/pack-cosmetica-gran-formato\/p\/pack-cosmetica-formato-ahorro\"><img loading=\"lazy\" decoding=\"async\" class=\"aligncenter wp-image-43014 size-full\" src=\"https:\/\/www.suavinex.com\/livingsuavinex\/wp-content\/uploads\/2015\/08\/Pack-especial-de-cosm\u00e9tica-en-gran-formato.png\" alt=\"Pack especial de cosm\u00e9tica en gran formato\" width=\"700\" height=\"300\" srcset=\"https:\/\/www.suavinex.com\/livingsuavinex\/wp-content\/uploads\/2015\/08\/Pack-especial-de-cosm\u00e9tica-en-gran-formato.png 700w, https:\/\/www.suavinex.com\/livingsuavinex\/wp-content\/uploads\/2015\/08\/Pack-especial-de-cosm\u00e9tica-en-gran-formato-300x129.png 300w, https:\/\/www.suavinex.com\/livingsuavinex\/wp-content\/uploads\/2015\/08\/Pack-especial-de-cosm\u00e9tica-en-gran-formato-200x86.png 200w, https:\/\/www.suavinex.com\/livingsuavinex\/wp-content\/uploads\/2015\/08\/Pack-especial-de-cosm\u00e9tica-en-gran-formato-400x171.png 400w, https:\/\/www.suavinex.com\/livingsuavinex\/wp-content\/uploads\/2015\/08\/Pack-especial-de-cosm\u00e9tica-en-gran-formato-600x257.png 600w\" sizes=\"auto, (max-width: 700px) 100vw, 700px\" \/><\/a><\/p>\n<ul>\n<li>Despu\u00e9s del ba\u00f1o, debes secarle sin frotar, dando suaves toques con la toalla y despu\u00e9s hidratar la piel. Si es posible, intenta repetir la hidrataci\u00f3n a lo largo del d\u00eda.<\/li>\n<li>Intenta cortarle las u\u00f1as frecuentemente para evitar que se rasque las zonas que le pican y cause m\u00e1s descamaci\u00f3n y heridas. Si el brote es muy grave, ponerle unos guantes de algod\u00f3n mientras duerme es una recomendaci\u00f3n generalizada.<\/li>\n<\/ul>\n<p>La <strong>dermatitis at\u00f3pica no es grave<\/strong>, pero es cierto que molesta mucho a los chiquitines y <strong>requiere cuidados y atenci\u00f3n<\/strong> para mejorar y prevenir los brotes.<\/p>\n<p>\u00bfTu beb\u00e9 padece dermatitis at\u00f3pica? Cu\u00e9ntanos si has probado alguno de estos consejos y si te ha funcionado.<\/p>\n<p>Fuentes:<\/p>\n<p><a href=\"https:\/\/cinfasalud.cinfa.com\/p\/dermatitis\/\" class=\"broken_link\">Dermatitis at\u00f3pica<\/a> \u2013 CINFA<\/p>\n<p><a href=\"https:\/\/www.generali.es\/blog\/tuasesorsalud\/tratar-dermatitis-atopica-bebes\/\">C\u00f3mo detectar y tratar la dermatitis at\u00f3pica en beb\u00e9s<\/a> &#8211; Generali<\/p>\n<p>&nbsp;<\/p>\n<p><a href=\"https:\/\/www.suavinex.com\/livingsuavinex\/registro-crm\/\"><img loading=\"lazy\" decoding=\"async\" class=\"aligncenter wp-image-42187 size-full\" src=\"https:\/\/www.suavinex.com\/livingsuavinex\/wp-content\/uploads\/2021\/11\/Suavinex-Newsletter.jpg\" alt=\"Suavinex Newsletter\" width=\"690\" height=\"212\" srcset=\"https:\/\/www.suavinex.com\/livingsuavinex\/wp-content\/uploads\/2021\/11\/Suavinex-Newsletter.jpg 690w, https:\/\/www.suavinex.com\/livingsuavinex\/wp-content\/uploads\/2021\/11\/Suavinex-Newsletter-300x92.jpg 300w, https:\/\/www.suavinex.com\/livingsuavinex\/wp-content\/uploads\/2021\/11\/Suavinex-Newsletter-200x61.jpg 200w, https:\/\/www.suavinex.com\/livingsuavinex\/wp-content\/uploads\/2021\/11\/Suavinex-Newsletter-400x123.jpg 400w, https:\/\/www.suavinex.com\/livingsuavinex\/wp-content\/uploads\/2021\/11\/Suavinex-Newsletter-600x184.jpg 600w\" sizes=\"auto, (max-width: 690px) 100vw, 690px\" \/><\/a><\/p>\n","protected":false},"excerpt":{"rendered":"La piel del beb\u00e9 es muy delicada. La barrera de la piel a\u00fan no est\u00e1 totalmente desarrollada y es f\u00e1cil que reaccione de forma exagerada a est\u00edmulos que para un adulto son inocuos. Si notas irritaci\u00f3n en la piel de beb\u00e9 hay una gran variedad de causas que pueden estar&#8230; <a class=\"view-article\" href=\"https:\/\/www.suavinex.com\/livingsuavinex\/dermatitis-atopica\/\">Ver art\u00edculo<\/a>","protected":false},"author":288,"featured_media":43193,"comment_status":"open","ping_status":"open","sticky":false,"template":"","format":"standard","meta":{"inline_featured_image":false,"footnotes":""},"categories":[2272],"tags":[234,944],"class_list":["post-2666","post","type-post","status-publish","format-standard","has-post-thumbnail","hentry","category-tips-crianza","tag-bebe","tag-salud"],"yoast_head":"<!-- This site is optimized with the Yoast SEO plugin v26.8 - https:\/\/yoast.com\/product\/yoast-seo-wordpress\/ -->\n<title>Mi beb\u00e9 tiene dermatitis at\u00f3pica<\/title>\n<meta name=\"description\" content=\"La dermatitis at\u00f3pica en beb\u00e9s es una enfermedad inflamatoria de la piel que afecta a un 18% de la poblaci\u00f3n infantil, en Suavinex te contado todo.\" \/>\n<meta name=\"robots\" content=\"index, follow, max-snippet:-1, max-image-preview:large, max-video-preview:-1\" \/>\n<link rel=\"canonical\" href=\"https:\/\/www.suavinex.com\/livingsuavinex\/dermatitis-atopica\/\" \/>\n<meta property=\"og:locale\" content=\"es_ES\" \/>\n<meta property=\"og:type\" content=\"article\" \/>\n<meta property=\"og:title\" content=\"Mi beb\u00e9 tiene dermatitis at\u00f3pica\" \/>\n<meta property=\"og:description\" content=\"La dermatitis at\u00f3pica en beb\u00e9s es una enfermedad inflamatoria de la piel que afecta a un 18% de la poblaci\u00f3n infantil, en Suavinex te contado todo.\" \/>\n<meta property=\"og:url\" content=\"https:\/\/www.suavinex.com\/livingsuavinex\/dermatitis-atopica\/\" \/>\n<meta property=\"og:site_name\" content=\"Living Suavinex\" \/>\n<meta property=\"article:publisher\" content=\"https:\/\/www.facebook.com\/SuavinexSpain\" \/>\n<meta property=\"article:published_time\" content=\"2022-08-30T05:00:10+00:00\" \/>\n<meta property=\"og:image\" content=\"https:\/\/www.suavinex.com\/livingsuavinex\/wp-content\/uploads\/2012\/02\/dermatitis-atopica-bebe.png\" \/>\n\t<meta property=\"og:image:width\" content=\"1200\" \/>\n\t<meta property=\"og:image:height\" content=\"800\" \/>\n\t<meta property=\"og:image:type\" content=\"image\/png\" \/>\n<meta name=\"author\" content=\"Living Suavinex\" \/>\n<meta name=\"twitter:card\" content=\"summary_large_image\" \/>\n<meta name=\"twitter:creator\" content=\"@SuavinexSpain\" \/>\n<meta name=\"twitter:site\" content=\"@SuavinexSpain\" \/>\n<meta name=\"twitter:label1\" content=\"Escrito por\" \/>\n\t<meta name=\"twitter:data1\" content=\"Living Suavinex\" \/>\n\t<meta name=\"twitter:label2\" content=\"Tiempo de lectura\" \/>\n\t<meta name=\"twitter:data2\" content=\"5 minutos\" \/>\n<script type=\"application\/ld+json\" class=\"yoast-schema-graph\">{\"@context\":\"https:\/\/schema.org\",\"@graph\":[{\"@type\":\"Article\",\"@id\":\"https:\/\/www.suavinex.com\/livingsuavinex\/dermatitis-atopica\/#article\",\"isPartOf\":{\"@id\":\"https:\/\/www.suavinex.com\/livingsuavinex\/dermatitis-atopica\/\"},\"author\":{\"name\":\"Living Suavinex\",\"@id\":\"https:\/\/www.suavinex.com\/livingsuavinex\/#\/schema\/person\/64fd7b62c88b0024a3ceeffb47f07eb6\"},\"headline\":\"Mi beb\u00e9 tiene dermatitis at\u00f3pica\",\"datePublished\":\"2022-08-30T05:00:10+00:00\",\"mainEntityOfPage\":{\"@id\":\"https:\/\/www.suavinex.com\/livingsuavinex\/dermatitis-atopica\/\"},\"wordCount\":1050,\"commentCount\":56,\"publisher\":{\"@id\":\"https:\/\/www.suavinex.com\/livingsuavinex\/#organization\"},\"image\":{\"@id\":\"https:\/\/www.suavinex.com\/livingsuavinex\/dermatitis-atopica\/#primaryimage\"},\"thumbnailUrl\":\"https:\/\/www.suavinex.com\/livingsuavinex\/wp-content\/uploads\/2012\/02\/dermatitis-atopica-bebe.png\",\"keywords\":[\"Beb\u00e9\",\"Salud\"],\"articleSection\":[\"Tips de crianza\"],\"inLanguage\":\"es\"},{\"@type\":\"WebPage\",\"@id\":\"https:\/\/www.suavinex.com\/livingsuavinex\/dermatitis-atopica\/\",\"url\":\"https:\/\/www.suavinex.com\/livingsuavinex\/dermatitis-atopica\/\",\"name\":\"Mi beb\u00e9 tiene dermatitis at\u00f3pica\",\"isPartOf\":{\"@id\":\"https:\/\/www.suavinex.com\/livingsuavinex\/#website\"},\"primaryImageOfPage\":{\"@id\":\"https:\/\/www.suavinex.com\/livingsuavinex\/dermatitis-atopica\/#primaryimage\"},\"image\":{\"@id\":\"https:\/\/www.suavinex.com\/livingsuavinex\/dermatitis-atopica\/#primaryimage\"},\"thumbnailUrl\":\"https:\/\/www.suavinex.com\/livingsuavinex\/wp-content\/uploads\/2012\/02\/dermatitis-atopica-bebe.png\",\"datePublished\":\"2022-08-30T05:00:10+00:00\",\"description\":\"La dermatitis at\u00f3pica en beb\u00e9s es una enfermedad inflamatoria de la piel que afecta a un 18% de la poblaci\u00f3n infantil, en Suavinex te contado todo.\",\"breadcrumb\":{\"@id\":\"https:\/\/www.suavinex.com\/livingsuavinex\/dermatitis-atopica\/#breadcrumb\"},\"inLanguage\":\"es\",\"potentialAction\":[{\"@type\":\"ReadAction\",\"target\":[\"https:\/\/www.suavinex.com\/livingsuavinex\/dermatitis-atopica\/\"]}]},{\"@type\":\"ImageObject\",\"inLanguage\":\"es\",\"@id\":\"https:\/\/www.suavinex.com\/livingsuavinex\/dermatitis-atopica\/#primaryimage\",\"url\":\"https:\/\/www.suavinex.com\/livingsuavinex\/wp-content\/uploads\/2012\/02\/dermatitis-atopica-bebe.png\",\"contentUrl\":\"https:\/\/www.suavinex.com\/livingsuavinex\/wp-content\/uploads\/2012\/02\/dermatitis-atopica-bebe.png\",\"width\":1200,\"height\":800,\"caption\":\"Dermatitis at\u00f3pica beb\u00e9\"},{\"@type\":\"BreadcrumbList\",\"@id\":\"https:\/\/www.suavinex.com\/livingsuavinex\/dermatitis-atopica\/#breadcrumb\",\"itemListElement\":[{\"@type\":\"ListItem\",\"position\":1,\"name\":\"Portada\",\"item\":\"https:\/\/www.suavinex.com\/livingsuavinex\/\"},{\"@type\":\"ListItem\",\"position\":2,\"name\":\"Mi beb\u00e9 tiene dermatitis at\u00f3pica\"}]},{\"@type\":\"WebSite\",\"@id\":\"https:\/\/www.suavinex.com\/livingsuavinex\/#website\",\"url\":\"https:\/\/www.suavinex.com\/livingsuavinex\/\",\"name\":\"Living Suavinex\",\"description\":\"| Familias reales\",\"publisher\":{\"@id\":\"https:\/\/www.suavinex.com\/livingsuavinex\/#organization\"},\"potentialAction\":[{\"@type\":\"SearchAction\",\"target\":{\"@type\":\"EntryPoint\",\"urlTemplate\":\"https:\/\/www.suavinex.com\/livingsuavinex\/?s={search_term_string}\"},\"query-input\":{\"@type\":\"PropertyValueSpecification\",\"valueRequired\":true,\"valueName\":\"search_term_string\"}}],\"inLanguage\":\"es\"},{\"@type\":\"Organization\",\"@id\":\"https:\/\/www.suavinex.com\/livingsuavinex\/#organization\",\"name\":\"Suavinex\",\"url\":\"https:\/\/www.suavinex.com\/livingsuavinex\/\",\"logo\":{\"@type\":\"ImageObject\",\"inLanguage\":\"es\",\"@id\":\"https:\/\/www.suavinex.com\/livingsuavinex\/#\/schema\/logo\/image\/\",\"url\":\"https:\/\/www.suavinex.com\/livingsuavinex\/wp-content\/uploads\/2018\/07\/living_sx_logo_mvl.png\",\"contentUrl\":\"https:\/\/www.suavinex.com\/livingsuavinex\/wp-content\/uploads\/2018\/07\/living_sx_logo_mvl.png\",\"width\":350,\"height\":70,\"caption\":\"Suavinex\"},\"image\":{\"@id\":\"https:\/\/www.suavinex.com\/livingsuavinex\/#\/schema\/logo\/image\/\"},\"sameAs\":[\"https:\/\/www.facebook.com\/SuavinexSpain\",\"https:\/\/x.com\/SuavinexSpain\",\"https:\/\/www.instagram.com\/suavinex_spain\/\",\"https:\/\/www.pinterest.es\/SuavinexSpain\/\",\"https:\/\/www.youtube.com\/channel\/UCgeJREx2R_ZvV2aQMrfWgcA\"]},{\"@type\":\"Person\",\"@id\":\"https:\/\/www.suavinex.com\/livingsuavinex\/#\/schema\/person\/64fd7b62c88b0024a3ceeffb47f07eb6\",\"name\":\"Living Suavinex\",\"image\":{\"@type\":\"ImageObject\",\"inLanguage\":\"es\",\"@id\":\"https:\/\/www.suavinex.com\/livingsuavinex\/#\/schema\/person\/image\/\",\"url\":\"https:\/\/www.suavinex.com\/livingsuavinex\/wp-content\/uploads\/2017\/05\/Living-Suavinex_avatar-96x96.png\",\"contentUrl\":\"https:\/\/www.suavinex.com\/livingsuavinex\/wp-content\/uploads\/2017\/05\/Living-Suavinex_avatar-96x96.png\",\"caption\":\"Living Suavinex\"}}]}<\/script>\n<!-- \/ Yoast SEO plugin. -->","yoast_head_json":{"title":"Mi beb\u00e9 tiene dermatitis at\u00f3pica","description":"La dermatitis at\u00f3pica en beb\u00e9s es una enfermedad inflamatoria de la piel que afecta a un 18% de la poblaci\u00f3n infantil, en Suavinex te contado todo.","robots":{"index":"index","follow":"follow","max-snippet":"max-snippet:-1","max-image-preview":"max-image-preview:large","max-video-preview":"max-video-preview:-1"},"canonical":"https:\/\/www.suavinex.com\/livingsuavinex\/dermatitis-atopica\/","og_locale":"es_ES","og_type":"article","og_title":"Mi beb\u00e9 tiene dermatitis at\u00f3pica","og_description":"La dermatitis at\u00f3pica en beb\u00e9s es una enfermedad inflamatoria de la piel que afecta a un 18% de la poblaci\u00f3n infantil, en Suavinex te contado todo.","og_url":"https:\/\/www.suavinex.com\/livingsuavinex\/dermatitis-atopica\/","og_site_name":"Living Suavinex","article_publisher":"https:\/\/www.facebook.com\/SuavinexSpain","article_published_time":"2022-08-30T05:00:10+00:00","og_image":[{"width":1200,"height":800,"url":"https:\/\/www.suavinex.com\/livingsuavinex\/wp-content\/uploads\/2012\/02\/dermatitis-atopica-bebe.png","type":"image\/png"}],"author":"Living Suavinex","twitter_card":"summary_large_image","twitter_creator":"@SuavinexSpain","twitter_site":"@SuavinexSpain","twitter_misc":{"Escrito por":"Living Suavinex","Tiempo de lectura":"5 minutos"},"schema":{"@context":"https:\/\/schema.org","@graph":[{"@type":"Article","@id":"https:\/\/www.suavinex.com\/livingsuavinex\/dermatitis-atopica\/#article","isPartOf":{"@id":"https:\/\/www.suavinex.com\/livingsuavinex\/dermatitis-atopica\/"},"author":{"name":"Living Suavinex","@id":"https:\/\/www.suavinex.com\/livingsuavinex\/#\/schema\/person\/64fd7b62c88b0024a3ceeffb47f07eb6"},"headline":"Mi beb\u00e9 tiene dermatitis at\u00f3pica","datePublished":"2022-08-30T05:00:10+00:00","mainEntityOfPage":{"@id":"https:\/\/www.suavinex.com\/livingsuavinex\/dermatitis-atopica\/"},"wordCount":1050,"commentCount":56,"publisher":{"@id":"https:\/\/www.suavinex.com\/livingsuavinex\/#organization"},"image":{"@id":"https:\/\/www.suavinex.com\/livingsuavinex\/dermatitis-atopica\/#primaryimage"},"thumbnailUrl":"https:\/\/www.suavinex.com\/livingsuavinex\/wp-content\/uploads\/2012\/02\/dermatitis-atopica-bebe.png","keywords":["Beb\u00e9","Salud"],"articleSection":["Tips de crianza"],"inLanguage":"es"},{"@type":"WebPage","@id":"https:\/\/www.suavinex.com\/livingsuavinex\/dermatitis-atopica\/","url":"https:\/\/www.suavinex.com\/livingsuavinex\/dermatitis-atopica\/","name":"Mi beb\u00e9 tiene dermatitis at\u00f3pica","isPartOf":{"@id":"https:\/\/www.suavinex.com\/livingsuavinex\/#website"},"primaryImageOfPage":{"@id":"https:\/\/www.suavinex.com\/livingsuavinex\/dermatitis-atopica\/#primaryimage"},"image":{"@id":"https:\/\/www.suavinex.com\/livingsuavinex\/dermatitis-atopica\/#primaryimage"},"thumbnailUrl":"https:\/\/www.suavinex.com\/livingsuavinex\/wp-content\/uploads\/2012\/02\/dermatitis-atopica-bebe.png","datePublished":"2022-08-30T05:00:10+00:00","description":"La dermatitis at\u00f3pica en beb\u00e9s es una enfermedad inflamatoria de la piel que afecta a un 18% de la poblaci\u00f3n infantil, en Suavinex te contado todo.","breadcrumb":{"@id":"https:\/\/www.suavinex.com\/livingsuavinex\/dermatitis-atopica\/#breadcrumb"},"inLanguage":"es","potentialAction":[{"@type":"ReadAction","target":["https:\/\/www.suavinex.com\/livingsuavinex\/dermatitis-atopica\/"]}]},{"@type":"ImageObject","inLanguage":"es","@id":"https:\/\/www.suavinex.com\/livingsuavinex\/dermatitis-atopica\/#primaryimage","url":"https:\/\/www.suavinex.com\/livingsuavinex\/wp-content\/uploads\/2012\/02\/dermatitis-atopica-bebe.png","contentUrl":"https:\/\/www.suavinex.com\/livingsuavinex\/wp-content\/uploads\/2012\/02\/dermatitis-atopica-bebe.png","width":1200,"height":800,"caption":"Dermatitis at\u00f3pica beb\u00e9"},{"@type":"BreadcrumbList","@id":"https:\/\/www.suavinex.com\/livingsuavinex\/dermatitis-atopica\/#breadcrumb","itemListElement":[{"@type":"ListItem","position":1,"name":"Portada","item":"https:\/\/www.suavinex.com\/livingsuavinex\/"},{"@type":"ListItem","position":2,"name":"Mi beb\u00e9 tiene dermatitis at\u00f3pica"}]},{"@type":"WebSite","@id":"https:\/\/www.suavinex.com\/livingsuavinex\/#website","url":"https:\/\/www.suavinex.com\/livingsuavinex\/","name":"Living Suavinex","description":"| Familias reales","publisher":{"@id":"https:\/\/www.suavinex.com\/livingsuavinex\/#organization"},"potentialAction":[{"@type":"SearchAction","target":{"@type":"EntryPoint","urlTemplate":"https:\/\/www.suavinex.com\/livingsuavinex\/?s={search_term_string}"},"query-input":{"@type":"PropertyValueSpecification","valueRequired":true,"valueName":"search_term_string"}}],"inLanguage":"es"},{"@type":"Organization","@id":"https:\/\/www.suavinex.com\/livingsuavinex\/#organization","name":"Suavinex","url":"https:\/\/www.suavinex.com\/livingsuavinex\/","logo":{"@type":"ImageObject","inLanguage":"es","@id":"https:\/\/www.suavinex.com\/livingsuavinex\/#\/schema\/logo\/image\/","url":"https:\/\/www.suavinex.com\/livingsuavinex\/wp-content\/uploads\/2018\/07\/living_sx_logo_mvl.png","contentUrl":"https:\/\/www.suavinex.com\/livingsuavinex\/wp-content\/uploads\/2018\/07\/living_sx_logo_mvl.png","width":350,"height":70,"caption":"Suavinex"},"image":{"@id":"https:\/\/www.suavinex.com\/livingsuavinex\/#\/schema\/logo\/image\/"},"sameAs":["https:\/\/www.facebook.com\/SuavinexSpain","https:\/\/x.com\/SuavinexSpain","https:\/\/www.instagram.com\/suavinex_spain\/","https:\/\/www.pinterest.es\/SuavinexSpain\/","https:\/\/www.youtube.com\/channel\/UCgeJREx2R_ZvV2aQMrfWgcA"]},{"@type":"Person","@id":"https:\/\/www.suavinex.com\/livingsuavinex\/#\/schema\/person\/64fd7b62c88b0024a3ceeffb47f07eb6","name":"Living Suavinex","image":{"@type":"ImageObject","inLanguage":"es","@id":"https:\/\/www.suavinex.com\/livingsuavinex\/#\/schema\/person\/image\/","url":"https:\/\/www.suavinex.com\/livingsuavinex\/wp-content\/uploads\/2017\/05\/Living-Suavinex_avatar-96x96.png","contentUrl":"https:\/\/www.suavinex.com\/livingsuavinex\/wp-content\/uploads\/2017\/05\/Living-Suavinex_avatar-96x96.png","caption":"Living Suavinex"}}]}},"_links":{"self":[{"href":"https:\/\/www.suavinex.com\/livingsuavinex\/wp-json\/wp\/v2\/posts\/2666","targetHints":{"allow":["GET"]}}],"collection":[{"href":"https:\/\/www.suavinex.com\/livingsuavinex\/wp-json\/wp\/v2\/posts"}],"about":[{"href":"https:\/\/www.suavinex.com\/livingsuavinex\/wp-json\/wp\/v2\/types\/post"}],"author":[{"embeddable":true,"href":"https:\/\/www.suavinex.com\/livingsuavinex\/wp-json\/wp\/v2\/users\/288"}],"replies":[{"embeddable":true,"href":"https:\/\/www.suavinex.com\/livingsuavinex\/wp-json\/wp\/v2\/comments?post=2666"}],"version-history":[{"count":8,"href":"https:\/\/www.suavinex.com\/livingsuavinex\/wp-json\/wp\/v2\/posts\/2666\/revisions"}],"predecessor-version":[{"id":43194,"href":"https:\/\/www.suavinex.com\/livingsuavinex\/wp-json\/wp\/v2\/posts\/2666\/revisions\/43194"}],"wp:featuredmedia":[{"embeddable":true,"href":"https:\/\/www.suavinex.com\/livingsuavinex\/wp-json\/wp\/v2\/media\/43193"}],"wp:attachment":[{"href":"https:\/\/www.suavinex.com\/livingsuavinex\/wp-json\/wp\/v2\/media?parent=2666"}],"wp:term":[{"taxonomy":"category","embeddable":true,"href":"https:\/\/www.suavinex.com\/livingsuavinex\/wp-json\/wp\/v2\/categories?post=2666"},{"taxonomy":"post_tag","embeddable":true,"href":"https:\/\/www.suavinex.com\/livingsuavinex\/wp-json\/wp\/v2\/tags?post=2666"}],"curies":[{"name":"wp","href":"https:\/\/api.w.org\/{rel}","templated":true}]}}