{"id":240,"date":"2011-03-08T10:05:15","date_gmt":"2011-03-08T09:05:15","guid":{"rendered":"https:\/\/www.suavinex.com\/livingsuavinex\/?p=240"},"modified":"2023-08-04T12:46:08","modified_gmt":"2023-08-04T10:46:08","slug":"el-ala-verde-de-la-felicidad","status":"publish","type":"post","link":"https:\/\/www.suavinex.com\/livingsuavinex\/el-ala-verde-de-la-felicidad\/","title":{"rendered":"El ala verde de la felicidad"},"content":{"rendered":"<p>Por <a href=\"http:\/\/www.tenemostetas.com\/\" target=\"_blank\" rel=\"noopener\" class=\"broken_link\">Tenemos tetas<\/a><\/p>\n<p>\u00bfEn qu\u00e9 consiste \u201cser una madre feliz\u201d? Dif\u00edcil pregunta, cuando incluso cada una de esas cualidades por separado ya son casi imposibles de abarcar: \u00bfEn qu\u00e9 consiste la \u201cmaternidad\u201d? \u00bfEn qu\u00e9 consiste la \u201cfelicidad\u201d?<\/p>\n<p>Dice Eduard Punset que la preocupaci\u00f3n por <strong>la felicidad es algo bien reciente<\/strong>. Hasta hace muy pocos a\u00f1os, la gente viv\u00eda tan poco y tan mal que no ten\u00eda tiempo ni modo de aspirar a la felicidad. Hoy, en las sociedades opulentas del siglo XXI, cuando ya lo tenemos casi todo, ser feliz empieza a ser casi un imperativo legal. Tambi\u00e9n es casi imperativo legal ser productivo y exitoso en el trabajo.<\/p>\n<p>En una sociedad donde el valor se construye en el circuito productividad\/ consumo,\u00a0<strong> la maternidad, la crianza y el cuidado pasan a ser entendidas como \u201cobst\u00e1culos\u201d para el \u00e9xito social<\/strong>. Un sacrificio que nos tenemos que repartir, a ver si as\u00ed nos toca menos. No lo sabemos bien hasta que devenimos madres, y nos percatamos de cu\u00e1ntos obst\u00e1culos enfrentamos en un mundo no pensado para los ni\u00f1os.<!--more--><\/p>\n<h2>La felicidad<\/h2>\n<p><strong>Ser madre \u201cfeliz\u201d de una criatura \u201cfeliz\u201d es pues un gran reto,<\/strong> y cada una logra conseguirlo, seg\u00fan sus circunstancias personales, a ratos y a duras penas.<\/p>\n<p>Yo soy una madre feliz cuando <strong>puedo elegir.<\/strong> Cuando puedo elegir c\u00f3mo, cu\u00e1ndo y con qui\u00e9n quedarme embarazada. Cuando puedo elegir c\u00f3mo cuidar y disfrutar de mi gestaci\u00f3n. Cuando puedo elegir d\u00f3nde y c\u00f3mo parir, y el parto es m\u00edo y de mi beb\u00e9 y ojal\u00e1 de su pap\u00e1, y los profesionales y personas que nos rodean nos respetan y nos cuidan. Cuando puedo elegir c\u00f3mo cuidar y <a title=\"Alimentaci\u00f3n para beb\u00e9s\" href=\"http:\/\/shop.suavinex.com\/productos\/alimentacion-para-bebes.html\" target=\"_blank\" rel=\"noopener\">alimentar <\/a>a mi hija, y para ello tengo toda la<strong> informaci\u00f3n <\/strong>necesaria, que me permite elegir lo mejor para ella, para m\u00ed \u00a0y para mi familia.<strong> La libertad, la informaci\u00f3n y la posibilidad legal y real de tener diferentes opciones disponibles, son imprescindibles.<\/strong><\/p>\n<p>Soy una madre feliz cuando <strong>me siento apoyada.<\/strong> Cuando los familiares, amigos, compa\u00f1eros de trabajo, empresas, tiendas, comunidad y sociedad en su conjunto me apoyan y me reconfortan en mi labor de mam\u00e1. Cuando, en lugar de cuestionar o dar consejos no solicitados, las personas que me quieren conf\u00edan en las decisiones que tomo en torno a la crianza, sean estas cuales sean. Cuando me hacen la vida mejor, no cuid\u00e1ndome al beb\u00e9, sino ayud\u00e1ndome en todo lo dem\u00e1s para que yo pueda cuidar de \u00e9l desde su primer minuto de vida.<strong> Una sociedad que no apoya a la maternidad es una sociedad suicida.<\/strong><\/p>\n<p>Soy una madre feliz cuando puedo dedicar <strong>tiempo <\/strong>a mi hija. Cuando puedo disfrutar de una baja maternal digna que me permite amamantar exclusivamente a mi beb\u00e9 los primeros meses de vida. Cuando no me tengo que separar de ella sabiendo que a\u00fan me necesita. Cuando puedo pedir excedencias o reducir la jornada laboral para cuidarla. Cuando puedo tener permisos si se enferma. Cuando dormimos abrazados todos en la misma cama, cuando me regala su primera sonrisa por la ma\u00f1ana, cuando puedo dedicar horas a jugar con ella, a tirarme en el suelo, a re\u00edr juntas, a pasear por el monte, <strong>a redescubrir el mundo con los ojos nuevos que ella me presta.<\/strong><\/p>\n<h2>El ala verde de la felicidad<\/h2>\n<p>Soy una madre feliz cuando logro que <strong>mis necesidades personales no compitan con las necesidades de mi hija. <\/strong>Cuando puedo reconocer que, como beb\u00e9 y ni\u00f1a, necesita tiempo, cuerpo, mirada, compa\u00f1\u00eda, comunicaci\u00f3n, de m\u00ed y de su pap\u00e1, y puedo proporcion\u00e1rselo con placer. Cuando en lugar de sentir que me demanda, que me roba mi tiempo, que perturba mis planes o que no me deja dormir; siento que me regala mucho m\u00e1s de lo que yo pueda darle a ella, que me aporta, que crezco a su lado.<\/p>\n<p><strong>Soy una madre feliz, en fin, cuando mi hija es feliz<\/strong>. Cuando todos en la familia nos amamos y respetamos, cuando puedo reconocer y superar los demonios interiores que me agotan la paciencia,\u00a0 cuando su pap\u00e1 y yo logramos <strong>educar con alegr\u00eda y respeto<\/strong>, sin castigos, sin amenazas, sin chantajes ni manipulaciones, sin l\u00e1grimas, sin abusos de poder. Soy feliz en todas aquellas ocasiones en las que logro ser coherente con mis convicciones, cuando constato cada d\u00eda que \u201cel mejor m\u00e9todo de educaci\u00f3n es la felicidad.\u201d<\/p>\n<p>Esta ma\u00f1ana mi hija de tres a\u00f1os ha despertado a mi lado y me ha dicho: \u201cMami, he so\u00f1ado que mi ala verde se me hab\u00eda ensuciado un poco, pero s\u00f3lo un poquito\u201d. Eso es para m\u00ed la felicidad.<\/p>\n","protected":false},"excerpt":{"rendered":"Por Tenemos tetas \u00bfEn qu\u00e9 consiste \u201cser una madre feliz\u201d? Dif\u00edcil pregunta, cuando incluso cada una de esas cualidades por separado ya son casi imposibles de abarcar: \u00bfEn qu\u00e9 consiste la \u201cmaternidad\u201d? \u00bfEn qu\u00e9 consiste la \u201cfelicidad\u201d? Dice Eduard Punset que la preocupaci\u00f3n por la felicidad es algo bien reciente&#8230;. <a class=\"view-article\" href=\"https:\/\/www.suavinex.com\/livingsuavinex\/el-ala-verde-de-la-felicidad\/\">Ver art\u00edculo<\/a>","protected":false},"author":288,"featured_media":22301,"comment_status":"open","ping_status":"open","sticky":false,"template":"","format":"standard","meta":{"inline_featured_image":false,"footnotes":""},"categories":[2272],"tags":[9],"class_list":["post-240","post","type-post","status-publish","format-standard","has-post-thumbnail","hentry","category-tips-crianza","tag-maternidad"],"yoast_head":"<!-- This site is optimized with the Yoast SEO plugin v26.8 - https:\/\/yoast.com\/product\/yoast-seo-wordpress\/ -->\n<title>El ala verde de la felicidad | Living Suavinex<\/title>\n<meta name=\"description\" content=\"El ala verde de la maternidad recoge la visi\u00f3n de la maternidad de Ileana Medina, de Tenemos tetas, a prop\u00f3sito de su llegada a Suavinex.\" \/>\n<meta name=\"robots\" content=\"index, follow, max-snippet:-1, max-image-preview:large, max-video-preview:-1\" \/>\n<link rel=\"canonical\" href=\"https:\/\/www.suavinex.com\/livingsuavinex\/el-ala-verde-de-la-felicidad\/\" \/>\n<meta property=\"og:locale\" content=\"es_ES\" \/>\n<meta property=\"og:type\" content=\"article\" \/>\n<meta property=\"og:title\" content=\"El ala verde de la felicidad | Living Suavinex\" \/>\n<meta property=\"og:description\" content=\"El ala verde de la maternidad recoge la visi\u00f3n de la maternidad de Ileana Medina, de Tenemos tetas, a prop\u00f3sito de su llegada a Suavinex.\" \/>\n<meta property=\"og:url\" content=\"https:\/\/www.suavinex.com\/livingsuavinex\/el-ala-verde-de-la-felicidad\/\" \/>\n<meta property=\"og:site_name\" content=\"Living Suavinex\" \/>\n<meta property=\"article:publisher\" content=\"https:\/\/www.facebook.com\/SuavinexSpain\" \/>\n<meta property=\"article:published_time\" content=\"2011-03-08T09:05:15+00:00\" \/>\n<meta property=\"article:modified_time\" content=\"2023-08-04T10:46:08+00:00\" \/>\n<meta property=\"og:image\" content=\"https:\/\/www.suavinex.com\/livingsuavinex\/wp-content\/uploads\/2011\/03\/alaverde-opt.jpg\" \/>\n\t<meta property=\"og:image:width\" content=\"875\" \/>\n\t<meta property=\"og:image:height\" content=\"526\" \/>\n\t<meta property=\"og:image:type\" content=\"image\/jpeg\" \/>\n<meta name=\"author\" content=\"Living Suavinex\" \/>\n<meta name=\"twitter:card\" content=\"summary_large_image\" \/>\n<meta name=\"twitter:creator\" content=\"@SuavinexSpain\" \/>\n<meta name=\"twitter:site\" content=\"@SuavinexSpain\" \/>\n<meta name=\"twitter:label1\" content=\"Escrito por\" \/>\n\t<meta name=\"twitter:data1\" content=\"Living Suavinex\" \/>\n\t<meta name=\"twitter:label2\" content=\"Tiempo de lectura\" \/>\n\t<meta name=\"twitter:data2\" content=\"4 minutos\" \/>\n<script type=\"application\/ld+json\" class=\"yoast-schema-graph\">{\"@context\":\"https:\/\/schema.org\",\"@graph\":[{\"@type\":\"Article\",\"@id\":\"https:\/\/www.suavinex.com\/livingsuavinex\/el-ala-verde-de-la-felicidad\/#article\",\"isPartOf\":{\"@id\":\"https:\/\/www.suavinex.com\/livingsuavinex\/el-ala-verde-de-la-felicidad\/\"},\"author\":{\"name\":\"Living Suavinex\",\"@id\":\"https:\/\/www.suavinex.com\/livingsuavinex\/#\/schema\/person\/64fd7b62c88b0024a3ceeffb47f07eb6\"},\"headline\":\"El ala verde de la felicidad\",\"datePublished\":\"2011-03-08T09:05:15+00:00\",\"dateModified\":\"2023-08-04T10:46:08+00:00\",\"mainEntityOfPage\":{\"@id\":\"https:\/\/www.suavinex.com\/livingsuavinex\/el-ala-verde-de-la-felicidad\/\"},\"wordCount\":803,\"commentCount\":20,\"publisher\":{\"@id\":\"https:\/\/www.suavinex.com\/livingsuavinex\/#organization\"},\"image\":{\"@id\":\"https:\/\/www.suavinex.com\/livingsuavinex\/el-ala-verde-de-la-felicidad\/#primaryimage\"},\"thumbnailUrl\":\"https:\/\/www.suavinex.com\/livingsuavinex\/wp-content\/uploads\/2011\/03\/alaverde-opt.jpg\",\"keywords\":[\"Maternidad\"],\"articleSection\":[\"Tips de crianza\"],\"inLanguage\":\"es\"},{\"@type\":\"WebPage\",\"@id\":\"https:\/\/www.suavinex.com\/livingsuavinex\/el-ala-verde-de-la-felicidad\/\",\"url\":\"https:\/\/www.suavinex.com\/livingsuavinex\/el-ala-verde-de-la-felicidad\/\",\"name\":\"El ala verde de la felicidad | Living Suavinex\",\"isPartOf\":{\"@id\":\"https:\/\/www.suavinex.com\/livingsuavinex\/#website\"},\"primaryImageOfPage\":{\"@id\":\"https:\/\/www.suavinex.com\/livingsuavinex\/el-ala-verde-de-la-felicidad\/#primaryimage\"},\"image\":{\"@id\":\"https:\/\/www.suavinex.com\/livingsuavinex\/el-ala-verde-de-la-felicidad\/#primaryimage\"},\"thumbnailUrl\":\"https:\/\/www.suavinex.com\/livingsuavinex\/wp-content\/uploads\/2011\/03\/alaverde-opt.jpg\",\"datePublished\":\"2011-03-08T09:05:15+00:00\",\"dateModified\":\"2023-08-04T10:46:08+00:00\",\"description\":\"El ala verde de la maternidad recoge la visi\u00f3n de la maternidad de Ileana Medina, de Tenemos tetas, a prop\u00f3sito de su llegada a Suavinex.\",\"breadcrumb\":{\"@id\":\"https:\/\/www.suavinex.com\/livingsuavinex\/el-ala-verde-de-la-felicidad\/#breadcrumb\"},\"inLanguage\":\"es\",\"potentialAction\":[{\"@type\":\"ReadAction\",\"target\":[\"https:\/\/www.suavinex.com\/livingsuavinex\/el-ala-verde-de-la-felicidad\/\"]}]},{\"@type\":\"ImageObject\",\"inLanguage\":\"es\",\"@id\":\"https:\/\/www.suavinex.com\/livingsuavinex\/el-ala-verde-de-la-felicidad\/#primaryimage\",\"url\":\"https:\/\/www.suavinex.com\/livingsuavinex\/wp-content\/uploads\/2011\/03\/alaverde-opt.jpg\",\"contentUrl\":\"https:\/\/www.suavinex.com\/livingsuavinex\/wp-content\/uploads\/2011\/03\/alaverde-opt.jpg\",\"width\":875,\"height\":526},{\"@type\":\"BreadcrumbList\",\"@id\":\"https:\/\/www.suavinex.com\/livingsuavinex\/el-ala-verde-de-la-felicidad\/#breadcrumb\",\"itemListElement\":[{\"@type\":\"ListItem\",\"position\":1,\"name\":\"Portada\",\"item\":\"https:\/\/www.suavinex.com\/livingsuavinex\/\"},{\"@type\":\"ListItem\",\"position\":2,\"name\":\"El ala verde de la felicidad\"}]},{\"@type\":\"WebSite\",\"@id\":\"https:\/\/www.suavinex.com\/livingsuavinex\/#website\",\"url\":\"https:\/\/www.suavinex.com\/livingsuavinex\/\",\"name\":\"Living Suavinex\",\"description\":\"| Familias reales\",\"publisher\":{\"@id\":\"https:\/\/www.suavinex.com\/livingsuavinex\/#organization\"},\"potentialAction\":[{\"@type\":\"SearchAction\",\"target\":{\"@type\":\"EntryPoint\",\"urlTemplate\":\"https:\/\/www.suavinex.com\/livingsuavinex\/?s={search_term_string}\"},\"query-input\":{\"@type\":\"PropertyValueSpecification\",\"valueRequired\":true,\"valueName\":\"search_term_string\"}}],\"inLanguage\":\"es\"},{\"@type\":\"Organization\",\"@id\":\"https:\/\/www.suavinex.com\/livingsuavinex\/#organization\",\"name\":\"Suavinex\",\"url\":\"https:\/\/www.suavinex.com\/livingsuavinex\/\",\"logo\":{\"@type\":\"ImageObject\",\"inLanguage\":\"es\",\"@id\":\"https:\/\/www.suavinex.com\/livingsuavinex\/#\/schema\/logo\/image\/\",\"url\":\"https:\/\/www.suavinex.com\/livingsuavinex\/wp-content\/uploads\/2018\/07\/living_sx_logo_mvl.png\",\"contentUrl\":\"https:\/\/www.suavinex.com\/livingsuavinex\/wp-content\/uploads\/2018\/07\/living_sx_logo_mvl.png\",\"width\":350,\"height\":70,\"caption\":\"Suavinex\"},\"image\":{\"@id\":\"https:\/\/www.suavinex.com\/livingsuavinex\/#\/schema\/logo\/image\/\"},\"sameAs\":[\"https:\/\/www.facebook.com\/SuavinexSpain\",\"https:\/\/x.com\/SuavinexSpain\",\"https:\/\/www.instagram.com\/suavinex_spain\/\",\"https:\/\/www.pinterest.es\/SuavinexSpain\/\",\"https:\/\/www.youtube.com\/channel\/UCgeJREx2R_ZvV2aQMrfWgcA\"]},{\"@type\":\"Person\",\"@id\":\"https:\/\/www.suavinex.com\/livingsuavinex\/#\/schema\/person\/64fd7b62c88b0024a3ceeffb47f07eb6\",\"name\":\"Living Suavinex\",\"image\":{\"@type\":\"ImageObject\",\"inLanguage\":\"es\",\"@id\":\"https:\/\/www.suavinex.com\/livingsuavinex\/#\/schema\/person\/image\/\",\"url\":\"https:\/\/www.suavinex.com\/livingsuavinex\/wp-content\/uploads\/2017\/05\/Living-Suavinex_avatar-96x96.png\",\"contentUrl\":\"https:\/\/www.suavinex.com\/livingsuavinex\/wp-content\/uploads\/2017\/05\/Living-Suavinex_avatar-96x96.png\",\"caption\":\"Living Suavinex\"}}]}<\/script>\n<!-- \/ Yoast SEO plugin. -->","yoast_head_json":{"title":"El ala verde de la felicidad | Living Suavinex","description":"El ala verde de la maternidad recoge la visi\u00f3n de la maternidad de Ileana Medina, de Tenemos tetas, a prop\u00f3sito de su llegada a Suavinex.","robots":{"index":"index","follow":"follow","max-snippet":"max-snippet:-1","max-image-preview":"max-image-preview:large","max-video-preview":"max-video-preview:-1"},"canonical":"https:\/\/www.suavinex.com\/livingsuavinex\/el-ala-verde-de-la-felicidad\/","og_locale":"es_ES","og_type":"article","og_title":"El ala verde de la felicidad | Living Suavinex","og_description":"El ala verde de la maternidad recoge la visi\u00f3n de la maternidad de Ileana Medina, de Tenemos tetas, a prop\u00f3sito de su llegada a Suavinex.","og_url":"https:\/\/www.suavinex.com\/livingsuavinex\/el-ala-verde-de-la-felicidad\/","og_site_name":"Living Suavinex","article_publisher":"https:\/\/www.facebook.com\/SuavinexSpain","article_published_time":"2011-03-08T09:05:15+00:00","article_modified_time":"2023-08-04T10:46:08+00:00","og_image":[{"width":875,"height":526,"url":"https:\/\/www.suavinex.com\/livingsuavinex\/wp-content\/uploads\/2011\/03\/alaverde-opt.jpg","type":"image\/jpeg"}],"author":"Living Suavinex","twitter_card":"summary_large_image","twitter_creator":"@SuavinexSpain","twitter_site":"@SuavinexSpain","twitter_misc":{"Escrito por":"Living Suavinex","Tiempo de lectura":"4 minutos"},"schema":{"@context":"https:\/\/schema.org","@graph":[{"@type":"Article","@id":"https:\/\/www.suavinex.com\/livingsuavinex\/el-ala-verde-de-la-felicidad\/#article","isPartOf":{"@id":"https:\/\/www.suavinex.com\/livingsuavinex\/el-ala-verde-de-la-felicidad\/"},"author":{"name":"Living Suavinex","@id":"https:\/\/www.suavinex.com\/livingsuavinex\/#\/schema\/person\/64fd7b62c88b0024a3ceeffb47f07eb6"},"headline":"El ala verde de la felicidad","datePublished":"2011-03-08T09:05:15+00:00","dateModified":"2023-08-04T10:46:08+00:00","mainEntityOfPage":{"@id":"https:\/\/www.suavinex.com\/livingsuavinex\/el-ala-verde-de-la-felicidad\/"},"wordCount":803,"commentCount":20,"publisher":{"@id":"https:\/\/www.suavinex.com\/livingsuavinex\/#organization"},"image":{"@id":"https:\/\/www.suavinex.com\/livingsuavinex\/el-ala-verde-de-la-felicidad\/#primaryimage"},"thumbnailUrl":"https:\/\/www.suavinex.com\/livingsuavinex\/wp-content\/uploads\/2011\/03\/alaverde-opt.jpg","keywords":["Maternidad"],"articleSection":["Tips de crianza"],"inLanguage":"es"},{"@type":"WebPage","@id":"https:\/\/www.suavinex.com\/livingsuavinex\/el-ala-verde-de-la-felicidad\/","url":"https:\/\/www.suavinex.com\/livingsuavinex\/el-ala-verde-de-la-felicidad\/","name":"El ala verde de la felicidad | Living Suavinex","isPartOf":{"@id":"https:\/\/www.suavinex.com\/livingsuavinex\/#website"},"primaryImageOfPage":{"@id":"https:\/\/www.suavinex.com\/livingsuavinex\/el-ala-verde-de-la-felicidad\/#primaryimage"},"image":{"@id":"https:\/\/www.suavinex.com\/livingsuavinex\/el-ala-verde-de-la-felicidad\/#primaryimage"},"thumbnailUrl":"https:\/\/www.suavinex.com\/livingsuavinex\/wp-content\/uploads\/2011\/03\/alaverde-opt.jpg","datePublished":"2011-03-08T09:05:15+00:00","dateModified":"2023-08-04T10:46:08+00:00","description":"El ala verde de la maternidad recoge la visi\u00f3n de la maternidad de Ileana Medina, de Tenemos tetas, a prop\u00f3sito de su llegada a Suavinex.","breadcrumb":{"@id":"https:\/\/www.suavinex.com\/livingsuavinex\/el-ala-verde-de-la-felicidad\/#breadcrumb"},"inLanguage":"es","potentialAction":[{"@type":"ReadAction","target":["https:\/\/www.suavinex.com\/livingsuavinex\/el-ala-verde-de-la-felicidad\/"]}]},{"@type":"ImageObject","inLanguage":"es","@id":"https:\/\/www.suavinex.com\/livingsuavinex\/el-ala-verde-de-la-felicidad\/#primaryimage","url":"https:\/\/www.suavinex.com\/livingsuavinex\/wp-content\/uploads\/2011\/03\/alaverde-opt.jpg","contentUrl":"https:\/\/www.suavinex.com\/livingsuavinex\/wp-content\/uploads\/2011\/03\/alaverde-opt.jpg","width":875,"height":526},{"@type":"BreadcrumbList","@id":"https:\/\/www.suavinex.com\/livingsuavinex\/el-ala-verde-de-la-felicidad\/#breadcrumb","itemListElement":[{"@type":"ListItem","position":1,"name":"Portada","item":"https:\/\/www.suavinex.com\/livingsuavinex\/"},{"@type":"ListItem","position":2,"name":"El ala verde de la felicidad"}]},{"@type":"WebSite","@id":"https:\/\/www.suavinex.com\/livingsuavinex\/#website","url":"https:\/\/www.suavinex.com\/livingsuavinex\/","name":"Living Suavinex","description":"| Familias reales","publisher":{"@id":"https:\/\/www.suavinex.com\/livingsuavinex\/#organization"},"potentialAction":[{"@type":"SearchAction","target":{"@type":"EntryPoint","urlTemplate":"https:\/\/www.suavinex.com\/livingsuavinex\/?s={search_term_string}"},"query-input":{"@type":"PropertyValueSpecification","valueRequired":true,"valueName":"search_term_string"}}],"inLanguage":"es"},{"@type":"Organization","@id":"https:\/\/www.suavinex.com\/livingsuavinex\/#organization","name":"Suavinex","url":"https:\/\/www.suavinex.com\/livingsuavinex\/","logo":{"@type":"ImageObject","inLanguage":"es","@id":"https:\/\/www.suavinex.com\/livingsuavinex\/#\/schema\/logo\/image\/","url":"https:\/\/www.suavinex.com\/livingsuavinex\/wp-content\/uploads\/2018\/07\/living_sx_logo_mvl.png","contentUrl":"https:\/\/www.suavinex.com\/livingsuavinex\/wp-content\/uploads\/2018\/07\/living_sx_logo_mvl.png","width":350,"height":70,"caption":"Suavinex"},"image":{"@id":"https:\/\/www.suavinex.com\/livingsuavinex\/#\/schema\/logo\/image\/"},"sameAs":["https:\/\/www.facebook.com\/SuavinexSpain","https:\/\/x.com\/SuavinexSpain","https:\/\/www.instagram.com\/suavinex_spain\/","https:\/\/www.pinterest.es\/SuavinexSpain\/","https:\/\/www.youtube.com\/channel\/UCgeJREx2R_ZvV2aQMrfWgcA"]},{"@type":"Person","@id":"https:\/\/www.suavinex.com\/livingsuavinex\/#\/schema\/person\/64fd7b62c88b0024a3ceeffb47f07eb6","name":"Living Suavinex","image":{"@type":"ImageObject","inLanguage":"es","@id":"https:\/\/www.suavinex.com\/livingsuavinex\/#\/schema\/person\/image\/","url":"https:\/\/www.suavinex.com\/livingsuavinex\/wp-content\/uploads\/2017\/05\/Living-Suavinex_avatar-96x96.png","contentUrl":"https:\/\/www.suavinex.com\/livingsuavinex\/wp-content\/uploads\/2017\/05\/Living-Suavinex_avatar-96x96.png","caption":"Living Suavinex"}}]}},"_links":{"self":[{"href":"https:\/\/www.suavinex.com\/livingsuavinex\/wp-json\/wp\/v2\/posts\/240","targetHints":{"allow":["GET"]}}],"collection":[{"href":"https:\/\/www.suavinex.com\/livingsuavinex\/wp-json\/wp\/v2\/posts"}],"about":[{"href":"https:\/\/www.suavinex.com\/livingsuavinex\/wp-json\/wp\/v2\/types\/post"}],"author":[{"embeddable":true,"href":"https:\/\/www.suavinex.com\/livingsuavinex\/wp-json\/wp\/v2\/users\/288"}],"replies":[{"embeddable":true,"href":"https:\/\/www.suavinex.com\/livingsuavinex\/wp-json\/wp\/v2\/comments?post=240"}],"version-history":[{"count":9,"href":"https:\/\/www.suavinex.com\/livingsuavinex\/wp-json\/wp\/v2\/posts\/240\/revisions"}],"predecessor-version":[{"id":44601,"href":"https:\/\/www.suavinex.com\/livingsuavinex\/wp-json\/wp\/v2\/posts\/240\/revisions\/44601"}],"wp:featuredmedia":[{"embeddable":true,"href":"https:\/\/www.suavinex.com\/livingsuavinex\/wp-json\/wp\/v2\/media\/22301"}],"wp:attachment":[{"href":"https:\/\/www.suavinex.com\/livingsuavinex\/wp-json\/wp\/v2\/media?parent=240"}],"wp:term":[{"taxonomy":"category","embeddable":true,"href":"https:\/\/www.suavinex.com\/livingsuavinex\/wp-json\/wp\/v2\/categories?post=240"},{"taxonomy":"post_tag","embeddable":true,"href":"https:\/\/www.suavinex.com\/livingsuavinex\/wp-json\/wp\/v2\/tags?post=240"}],"curies":[{"name":"wp","href":"https:\/\/api.w.org\/{rel}","templated":true}]}}