{"id":2382,"date":"2011-12-07T09:52:39","date_gmt":"2011-12-07T08:52:39","guid":{"rendered":"https:\/\/www.suavinex.com\/livingsuavinex\/?p=2382"},"modified":"2022-01-21T11:23:50","modified_gmt":"2022-01-21T10:23:50","slug":"maternidad-y-miedos","status":"publish","type":"post","link":"https:\/\/www.suavinex.com\/livingsuavinex\/maternidad-y-miedos\/","title":{"rendered":"Maternidad y miedos"},"content":{"rendered":"<p>No s\u00e9 si es algo generalizado o soy algo exagerada, pero si hay un sentimiento que ha reinado en mi experiencia como madre ha sido <a href=\"http:\/\/ahoralamadresoyyo.blogspot.com\/2009\/01\/miedo.html\" target=\"_blank\" rel=\"noopener noreferrer\">el\u00a0miedo<\/a>. Miedo a que el ni\u00f1o venga bien, miedo al parto, miedo a saber ser madre, miedo a las enfermedades, miedo a educar bien\u2026<\/p>\n<h2>Maternidad y miedos<\/h2>\n<p>El miedo te inunda, te rodea, puede incluso atraparte y escapar de \u00e9l <a href=\"http:\/\/inmaculadagilaberte.wordpress.com\/2009\/05\/03\/miedo-a-la-maternidad\/\" target=\"_blank\" rel=\"noopener noreferrer\">no siempre es f\u00e1cil<\/a>. Sentir el peso de la <strong>responsabilidad de la maternidad<\/strong> sobre tus hombros, la impresionante necesidad de ti que tiene otro ser, la total indefensi\u00f3n de tu hijo frente a todo <strong>puede <\/strong><strong>llegar a ser avasallador<\/strong><strong>.<\/strong><\/p>\n<p>Pero, si bien ahora como madre siento miedo muchas m\u00e1s veces que cuando era s\u00f3lo yo \u2013mujer, hija, puede que esposa, pero no madre\u2013 este sentimiento no me ha atenazado. De alguna manera he sabido afrontarlo y <strong>vivir con plenitud la maternidad y la crianza <\/strong><strong>de mi hijo<\/strong>.<\/p>\n<h2>C\u00f3mo superarlo<\/h2>\n<p>Si me ped\u00eds las <strong>claves de c\u00f3mo superarlo<\/strong>, creo que dos han sido los pilares sobre los que me he apoyado para <strong>pasar del miedo paralizador al miedo activo y motivador<\/strong>:<\/p>\n<ul>\n<li>El <strong>instinto,<\/strong> del que me fi\u00e9 t\u00edmidamente muy al principio de mi maternidad y que ahora es para m\u00ed dogma de fe.<\/li>\n<\/ul>\n<ul>\n<li>Y <strong>la preparaci\u00f3n<\/strong>, basada en la experiencia, pero tambi\u00e9n en las charlas con otras madres, en las lecturas de autores consagrados que me han reforzado en lo que yo ya intu\u00eda y en una\u00a0<a href=\"http:\/\/blogs.elpais.com\/mamas-papas\/2011\/05\/madres-en-red.html\" target=\"_blank\" rel=\"noopener noreferrer\">amplia comunidad 2.0<\/a>; esa tribu de madres que, a base de compartir y dialogar, me ha ayudado m\u00e1s que una tropa de psic\u00f3logos y psiquiatras con bata blanca y div\u00e1n a punto.<\/li>\n<\/ul>\n<h2>Esc\u00fachate<\/h2>\n<p>Ser madre es algo que <strong>nace de las entra\u00f1as<\/strong>, de lo m\u00e1s hondo de ti, de manera que <strong>escucharte y comprenderte<\/strong> es lo mejor que puedes hacer por tu beb\u00e9. En esa tarea puede ayudarte tu entorno pero si no te sientes comprendida <strong>busca empat\u00eda m\u00e1s all\u00e1 de tu red de seguridad<\/strong>: madres en la red, en el parque, grupos de apoyo\u2026 \u00a0en casi todos los sitios puedes encontrar una mujer como t\u00fa, que vive la maternidad como t\u00fa y que puede ayudarte a comprender mejor ese momento \u00fanico y diferente en el que est\u00e1s habitando t\u00fa desde que te sentiste madre <a href=\"https:\/\/www.suavinex.com\/livingsuavinex\/la-primera-vez\/\" target=\"_blank\" rel=\"noopener noreferrer\">por primera vez<\/a>.<\/p>\n<p>Bego\u00f1a Gonz\u00e1lez<\/p>\n<p>Autora del blog <em><a href=\"http:\/\/ahoralamadresoyyo.blogspot.com\/\" target=\"_blank\" rel=\"noopener noreferrer\">Ahora la madre soy yo<\/a><\/em><\/p>\n","protected":false},"excerpt":{"rendered":"No s\u00e9 si es algo generalizado o soy algo exagerada, pero si hay un sentimiento que ha reinado en mi experiencia como madre ha sido el\u00a0miedo. Miedo a que el ni\u00f1o venga bien, miedo al parto, miedo a saber ser madre, miedo a las enfermedades, miedo a educar bien\u2026 Maternidad&#8230; <a class=\"view-article\" href=\"https:\/\/www.suavinex.com\/livingsuavinex\/maternidad-y-miedos\/\">Ver art\u00edculo<\/a>","protected":false},"author":288,"featured_media":22904,"comment_status":"open","ping_status":"open","sticky":false,"template":"","format":"standard","meta":{"inline_featured_image":false,"footnotes":""},"categories":[2272],"tags":[234,9,46],"class_list":["post-2382","post","type-post","status-publish","format-standard","has-post-thumbnail","hentry","category-tips-crianza","tag-bebe","tag-maternidad","tag-mujer"],"yoast_head":"<!-- This site is optimized with the Yoast SEO plugin v26.8 - https:\/\/yoast.com\/product\/yoast-seo-wordpress\/ -->\n<title>Maternidad y miedos<\/title>\n<meta name=\"description\" content=\"Maternidad y miedos parecen venir de la mano. Miedos de todo tipo: que el ni\u00f1o venga bien, que no sufra, el peso de la responsabilidad...\" \/>\n<meta name=\"robots\" content=\"index, follow, max-snippet:-1, max-image-preview:large, max-video-preview:-1\" \/>\n<link rel=\"canonical\" href=\"https:\/\/www.suavinex.com\/livingsuavinex\/maternidad-y-miedos\/\" \/>\n<meta property=\"og:locale\" content=\"es_ES\" \/>\n<meta property=\"og:type\" content=\"article\" \/>\n<meta property=\"og:title\" content=\"Maternidad y miedos\" \/>\n<meta property=\"og:description\" content=\"Maternidad y miedos parecen venir de la mano. Miedos de todo tipo: que el ni\u00f1o venga bien, que no sufra, el peso de la responsabilidad...\" \/>\n<meta property=\"og:url\" content=\"https:\/\/www.suavinex.com\/livingsuavinex\/maternidad-y-miedos\/\" \/>\n<meta property=\"og:site_name\" content=\"Living Suavinex\" \/>\n<meta property=\"article:publisher\" content=\"https:\/\/www.facebook.com\/SuavinexSpain\" \/>\n<meta property=\"article:published_time\" content=\"2011-12-07T08:52:39+00:00\" \/>\n<meta property=\"article:modified_time\" content=\"2022-01-21T10:23:50+00:00\" \/>\n<meta property=\"og:image\" content=\"https:\/\/www.suavinex.com\/livingsuavinex\/wp-content\/uploads\/2011\/12\/miedos_embarazo_2.jpg\" \/>\n\t<meta property=\"og:image:width\" content=\"800\" \/>\n\t<meta property=\"og:image:height\" content=\"474\" \/>\n\t<meta property=\"og:image:type\" content=\"image\/jpeg\" \/>\n<meta name=\"author\" content=\"Living Suavinex\" \/>\n<meta name=\"twitter:card\" content=\"summary_large_image\" \/>\n<meta name=\"twitter:creator\" content=\"@SuavinexSpain\" \/>\n<meta name=\"twitter:site\" content=\"@SuavinexSpain\" \/>\n<meta name=\"twitter:label1\" content=\"Escrito por\" \/>\n\t<meta name=\"twitter:data1\" content=\"Living Suavinex\" \/>\n\t<meta name=\"twitter:label2\" content=\"Tiempo de lectura\" \/>\n\t<meta name=\"twitter:data2\" content=\"2 minutos\" \/>\n<script type=\"application\/ld+json\" class=\"yoast-schema-graph\">{\"@context\":\"https:\/\/schema.org\",\"@graph\":[{\"@type\":\"Article\",\"@id\":\"https:\/\/www.suavinex.com\/livingsuavinex\/maternidad-y-miedos\/#article\",\"isPartOf\":{\"@id\":\"https:\/\/www.suavinex.com\/livingsuavinex\/maternidad-y-miedos\/\"},\"author\":{\"name\":\"Living Suavinex\",\"@id\":\"https:\/\/www.suavinex.com\/livingsuavinex\/#\/schema\/person\/64fd7b62c88b0024a3ceeffb47f07eb6\"},\"headline\":\"Maternidad y miedos\",\"datePublished\":\"2011-12-07T08:52:39+00:00\",\"dateModified\":\"2022-01-21T10:23:50+00:00\",\"mainEntityOfPage\":{\"@id\":\"https:\/\/www.suavinex.com\/livingsuavinex\/maternidad-y-miedos\/\"},\"wordCount\":415,\"commentCount\":12,\"publisher\":{\"@id\":\"https:\/\/www.suavinex.com\/livingsuavinex\/#organization\"},\"image\":{\"@id\":\"https:\/\/www.suavinex.com\/livingsuavinex\/maternidad-y-miedos\/#primaryimage\"},\"thumbnailUrl\":\"https:\/\/www.suavinex.com\/livingsuavinex\/wp-content\/uploads\/2011\/12\/miedos_embarazo_2.jpg\",\"keywords\":[\"Beb\u00e9\",\"Maternidad\",\"Mujer\"],\"articleSection\":[\"Tips de crianza\"],\"inLanguage\":\"es\"},{\"@type\":\"WebPage\",\"@id\":\"https:\/\/www.suavinex.com\/livingsuavinex\/maternidad-y-miedos\/\",\"url\":\"https:\/\/www.suavinex.com\/livingsuavinex\/maternidad-y-miedos\/\",\"name\":\"Maternidad y miedos\",\"isPartOf\":{\"@id\":\"https:\/\/www.suavinex.com\/livingsuavinex\/#website\"},\"primaryImageOfPage\":{\"@id\":\"https:\/\/www.suavinex.com\/livingsuavinex\/maternidad-y-miedos\/#primaryimage\"},\"image\":{\"@id\":\"https:\/\/www.suavinex.com\/livingsuavinex\/maternidad-y-miedos\/#primaryimage\"},\"thumbnailUrl\":\"https:\/\/www.suavinex.com\/livingsuavinex\/wp-content\/uploads\/2011\/12\/miedos_embarazo_2.jpg\",\"datePublished\":\"2011-12-07T08:52:39+00:00\",\"dateModified\":\"2022-01-21T10:23:50+00:00\",\"description\":\"Maternidad y miedos parecen venir de la mano. Miedos de todo tipo: que el ni\u00f1o venga bien, que no sufra, el peso de la responsabilidad...\",\"breadcrumb\":{\"@id\":\"https:\/\/www.suavinex.com\/livingsuavinex\/maternidad-y-miedos\/#breadcrumb\"},\"inLanguage\":\"es\",\"potentialAction\":[{\"@type\":\"ReadAction\",\"target\":[\"https:\/\/www.suavinex.com\/livingsuavinex\/maternidad-y-miedos\/\"]}]},{\"@type\":\"ImageObject\",\"inLanguage\":\"es\",\"@id\":\"https:\/\/www.suavinex.com\/livingsuavinex\/maternidad-y-miedos\/#primaryimage\",\"url\":\"https:\/\/www.suavinex.com\/livingsuavinex\/wp-content\/uploads\/2011\/12\/miedos_embarazo_2.jpg\",\"contentUrl\":\"https:\/\/www.suavinex.com\/livingsuavinex\/wp-content\/uploads\/2011\/12\/miedos_embarazo_2.jpg\",\"width\":800,\"height\":474},{\"@type\":\"BreadcrumbList\",\"@id\":\"https:\/\/www.suavinex.com\/livingsuavinex\/maternidad-y-miedos\/#breadcrumb\",\"itemListElement\":[{\"@type\":\"ListItem\",\"position\":1,\"name\":\"Portada\",\"item\":\"https:\/\/www.suavinex.com\/livingsuavinex\/\"},{\"@type\":\"ListItem\",\"position\":2,\"name\":\"Maternidad y miedos\"}]},{\"@type\":\"WebSite\",\"@id\":\"https:\/\/www.suavinex.com\/livingsuavinex\/#website\",\"url\":\"https:\/\/www.suavinex.com\/livingsuavinex\/\",\"name\":\"Living Suavinex\",\"description\":\"| Familias reales\",\"publisher\":{\"@id\":\"https:\/\/www.suavinex.com\/livingsuavinex\/#organization\"},\"potentialAction\":[{\"@type\":\"SearchAction\",\"target\":{\"@type\":\"EntryPoint\",\"urlTemplate\":\"https:\/\/www.suavinex.com\/livingsuavinex\/?s={search_term_string}\"},\"query-input\":{\"@type\":\"PropertyValueSpecification\",\"valueRequired\":true,\"valueName\":\"search_term_string\"}}],\"inLanguage\":\"es\"},{\"@type\":\"Organization\",\"@id\":\"https:\/\/www.suavinex.com\/livingsuavinex\/#organization\",\"name\":\"Suavinex\",\"url\":\"https:\/\/www.suavinex.com\/livingsuavinex\/\",\"logo\":{\"@type\":\"ImageObject\",\"inLanguage\":\"es\",\"@id\":\"https:\/\/www.suavinex.com\/livingsuavinex\/#\/schema\/logo\/image\/\",\"url\":\"https:\/\/www.suavinex.com\/livingsuavinex\/wp-content\/uploads\/2018\/07\/living_sx_logo_mvl.png\",\"contentUrl\":\"https:\/\/www.suavinex.com\/livingsuavinex\/wp-content\/uploads\/2018\/07\/living_sx_logo_mvl.png\",\"width\":350,\"height\":70,\"caption\":\"Suavinex\"},\"image\":{\"@id\":\"https:\/\/www.suavinex.com\/livingsuavinex\/#\/schema\/logo\/image\/\"},\"sameAs\":[\"https:\/\/www.facebook.com\/SuavinexSpain\",\"https:\/\/x.com\/SuavinexSpain\",\"https:\/\/www.instagram.com\/suavinex_spain\/\",\"https:\/\/www.pinterest.es\/SuavinexSpain\/\",\"https:\/\/www.youtube.com\/channel\/UCgeJREx2R_ZvV2aQMrfWgcA\"]},{\"@type\":\"Person\",\"@id\":\"https:\/\/www.suavinex.com\/livingsuavinex\/#\/schema\/person\/64fd7b62c88b0024a3ceeffb47f07eb6\",\"name\":\"Living Suavinex\",\"image\":{\"@type\":\"ImageObject\",\"inLanguage\":\"es\",\"@id\":\"https:\/\/www.suavinex.com\/livingsuavinex\/#\/schema\/person\/image\/\",\"url\":\"https:\/\/www.suavinex.com\/livingsuavinex\/wp-content\/uploads\/2017\/05\/Living-Suavinex_avatar-96x96.png\",\"contentUrl\":\"https:\/\/www.suavinex.com\/livingsuavinex\/wp-content\/uploads\/2017\/05\/Living-Suavinex_avatar-96x96.png\",\"caption\":\"Living Suavinex\"}}]}<\/script>\n<!-- \/ Yoast SEO plugin. -->","yoast_head_json":{"title":"Maternidad y miedos","description":"Maternidad y miedos parecen venir de la mano. Miedos de todo tipo: que el ni\u00f1o venga bien, que no sufra, el peso de la responsabilidad...","robots":{"index":"index","follow":"follow","max-snippet":"max-snippet:-1","max-image-preview":"max-image-preview:large","max-video-preview":"max-video-preview:-1"},"canonical":"https:\/\/www.suavinex.com\/livingsuavinex\/maternidad-y-miedos\/","og_locale":"es_ES","og_type":"article","og_title":"Maternidad y miedos","og_description":"Maternidad y miedos parecen venir de la mano. Miedos de todo tipo: que el ni\u00f1o venga bien, que no sufra, el peso de la responsabilidad...","og_url":"https:\/\/www.suavinex.com\/livingsuavinex\/maternidad-y-miedos\/","og_site_name":"Living Suavinex","article_publisher":"https:\/\/www.facebook.com\/SuavinexSpain","article_published_time":"2011-12-07T08:52:39+00:00","article_modified_time":"2022-01-21T10:23:50+00:00","og_image":[{"width":800,"height":474,"url":"https:\/\/www.suavinex.com\/livingsuavinex\/wp-content\/uploads\/2011\/12\/miedos_embarazo_2.jpg","type":"image\/jpeg"}],"author":"Living Suavinex","twitter_card":"summary_large_image","twitter_creator":"@SuavinexSpain","twitter_site":"@SuavinexSpain","twitter_misc":{"Escrito por":"Living Suavinex","Tiempo de lectura":"2 minutos"},"schema":{"@context":"https:\/\/schema.org","@graph":[{"@type":"Article","@id":"https:\/\/www.suavinex.com\/livingsuavinex\/maternidad-y-miedos\/#article","isPartOf":{"@id":"https:\/\/www.suavinex.com\/livingsuavinex\/maternidad-y-miedos\/"},"author":{"name":"Living Suavinex","@id":"https:\/\/www.suavinex.com\/livingsuavinex\/#\/schema\/person\/64fd7b62c88b0024a3ceeffb47f07eb6"},"headline":"Maternidad y miedos","datePublished":"2011-12-07T08:52:39+00:00","dateModified":"2022-01-21T10:23:50+00:00","mainEntityOfPage":{"@id":"https:\/\/www.suavinex.com\/livingsuavinex\/maternidad-y-miedos\/"},"wordCount":415,"commentCount":12,"publisher":{"@id":"https:\/\/www.suavinex.com\/livingsuavinex\/#organization"},"image":{"@id":"https:\/\/www.suavinex.com\/livingsuavinex\/maternidad-y-miedos\/#primaryimage"},"thumbnailUrl":"https:\/\/www.suavinex.com\/livingsuavinex\/wp-content\/uploads\/2011\/12\/miedos_embarazo_2.jpg","keywords":["Beb\u00e9","Maternidad","Mujer"],"articleSection":["Tips de crianza"],"inLanguage":"es"},{"@type":"WebPage","@id":"https:\/\/www.suavinex.com\/livingsuavinex\/maternidad-y-miedos\/","url":"https:\/\/www.suavinex.com\/livingsuavinex\/maternidad-y-miedos\/","name":"Maternidad y miedos","isPartOf":{"@id":"https:\/\/www.suavinex.com\/livingsuavinex\/#website"},"primaryImageOfPage":{"@id":"https:\/\/www.suavinex.com\/livingsuavinex\/maternidad-y-miedos\/#primaryimage"},"image":{"@id":"https:\/\/www.suavinex.com\/livingsuavinex\/maternidad-y-miedos\/#primaryimage"},"thumbnailUrl":"https:\/\/www.suavinex.com\/livingsuavinex\/wp-content\/uploads\/2011\/12\/miedos_embarazo_2.jpg","datePublished":"2011-12-07T08:52:39+00:00","dateModified":"2022-01-21T10:23:50+00:00","description":"Maternidad y miedos parecen venir de la mano. Miedos de todo tipo: que el ni\u00f1o venga bien, que no sufra, el peso de la responsabilidad...","breadcrumb":{"@id":"https:\/\/www.suavinex.com\/livingsuavinex\/maternidad-y-miedos\/#breadcrumb"},"inLanguage":"es","potentialAction":[{"@type":"ReadAction","target":["https:\/\/www.suavinex.com\/livingsuavinex\/maternidad-y-miedos\/"]}]},{"@type":"ImageObject","inLanguage":"es","@id":"https:\/\/www.suavinex.com\/livingsuavinex\/maternidad-y-miedos\/#primaryimage","url":"https:\/\/www.suavinex.com\/livingsuavinex\/wp-content\/uploads\/2011\/12\/miedos_embarazo_2.jpg","contentUrl":"https:\/\/www.suavinex.com\/livingsuavinex\/wp-content\/uploads\/2011\/12\/miedos_embarazo_2.jpg","width":800,"height":474},{"@type":"BreadcrumbList","@id":"https:\/\/www.suavinex.com\/livingsuavinex\/maternidad-y-miedos\/#breadcrumb","itemListElement":[{"@type":"ListItem","position":1,"name":"Portada","item":"https:\/\/www.suavinex.com\/livingsuavinex\/"},{"@type":"ListItem","position":2,"name":"Maternidad y miedos"}]},{"@type":"WebSite","@id":"https:\/\/www.suavinex.com\/livingsuavinex\/#website","url":"https:\/\/www.suavinex.com\/livingsuavinex\/","name":"Living Suavinex","description":"| Familias reales","publisher":{"@id":"https:\/\/www.suavinex.com\/livingsuavinex\/#organization"},"potentialAction":[{"@type":"SearchAction","target":{"@type":"EntryPoint","urlTemplate":"https:\/\/www.suavinex.com\/livingsuavinex\/?s={search_term_string}"},"query-input":{"@type":"PropertyValueSpecification","valueRequired":true,"valueName":"search_term_string"}}],"inLanguage":"es"},{"@type":"Organization","@id":"https:\/\/www.suavinex.com\/livingsuavinex\/#organization","name":"Suavinex","url":"https:\/\/www.suavinex.com\/livingsuavinex\/","logo":{"@type":"ImageObject","inLanguage":"es","@id":"https:\/\/www.suavinex.com\/livingsuavinex\/#\/schema\/logo\/image\/","url":"https:\/\/www.suavinex.com\/livingsuavinex\/wp-content\/uploads\/2018\/07\/living_sx_logo_mvl.png","contentUrl":"https:\/\/www.suavinex.com\/livingsuavinex\/wp-content\/uploads\/2018\/07\/living_sx_logo_mvl.png","width":350,"height":70,"caption":"Suavinex"},"image":{"@id":"https:\/\/www.suavinex.com\/livingsuavinex\/#\/schema\/logo\/image\/"},"sameAs":["https:\/\/www.facebook.com\/SuavinexSpain","https:\/\/x.com\/SuavinexSpain","https:\/\/www.instagram.com\/suavinex_spain\/","https:\/\/www.pinterest.es\/SuavinexSpain\/","https:\/\/www.youtube.com\/channel\/UCgeJREx2R_ZvV2aQMrfWgcA"]},{"@type":"Person","@id":"https:\/\/www.suavinex.com\/livingsuavinex\/#\/schema\/person\/64fd7b62c88b0024a3ceeffb47f07eb6","name":"Living Suavinex","image":{"@type":"ImageObject","inLanguage":"es","@id":"https:\/\/www.suavinex.com\/livingsuavinex\/#\/schema\/person\/image\/","url":"https:\/\/www.suavinex.com\/livingsuavinex\/wp-content\/uploads\/2017\/05\/Living-Suavinex_avatar-96x96.png","contentUrl":"https:\/\/www.suavinex.com\/livingsuavinex\/wp-content\/uploads\/2017\/05\/Living-Suavinex_avatar-96x96.png","caption":"Living Suavinex"}}]}},"_links":{"self":[{"href":"https:\/\/www.suavinex.com\/livingsuavinex\/wp-json\/wp\/v2\/posts\/2382","targetHints":{"allow":["GET"]}}],"collection":[{"href":"https:\/\/www.suavinex.com\/livingsuavinex\/wp-json\/wp\/v2\/posts"}],"about":[{"href":"https:\/\/www.suavinex.com\/livingsuavinex\/wp-json\/wp\/v2\/types\/post"}],"author":[{"embeddable":true,"href":"https:\/\/www.suavinex.com\/livingsuavinex\/wp-json\/wp\/v2\/users\/288"}],"replies":[{"embeddable":true,"href":"https:\/\/www.suavinex.com\/livingsuavinex\/wp-json\/wp\/v2\/comments?post=2382"}],"version-history":[{"count":9,"href":"https:\/\/www.suavinex.com\/livingsuavinex\/wp-json\/wp\/v2\/posts\/2382\/revisions"}],"predecessor-version":[{"id":42469,"href":"https:\/\/www.suavinex.com\/livingsuavinex\/wp-json\/wp\/v2\/posts\/2382\/revisions\/42469"}],"wp:featuredmedia":[{"embeddable":true,"href":"https:\/\/www.suavinex.com\/livingsuavinex\/wp-json\/wp\/v2\/media\/22904"}],"wp:attachment":[{"href":"https:\/\/www.suavinex.com\/livingsuavinex\/wp-json\/wp\/v2\/media?parent=2382"}],"wp:term":[{"taxonomy":"category","embeddable":true,"href":"https:\/\/www.suavinex.com\/livingsuavinex\/wp-json\/wp\/v2\/categories?post=2382"},{"taxonomy":"post_tag","embeddable":true,"href":"https:\/\/www.suavinex.com\/livingsuavinex\/wp-json\/wp\/v2\/tags?post=2382"}],"curies":[{"name":"wp","href":"https:\/\/api.w.org\/{rel}","templated":true}]}}